{"id":13601,"date":"2022-10-03T17:30:08","date_gmt":"2022-10-03T20:30:08","guid":{"rendered":"https:\/\/metarh.com.br\/?p=13601"},"modified":"2026-01-20T10:54:24","modified_gmt":"2026-01-20T13:54:24","slug":"empregabilidade-ti","status":"publish","type":"post","link":"https:\/\/metarh.com.br\/metarhnews\/empregabilidade-ti\/","title":{"rendered":"Empregabilidade: a import\u00e2ncia dos profissionais 50+ para a \u00e1rea de TI"},"content":{"rendered":"\t\t<div data-elementor-type=\"wp-post\" data-elementor-id=\"13601\" class=\"elementor elementor-13601\">\n\t\t\t\t\t\t<section class=\"elementor-section elementor-top-section elementor-element elementor-element-47a9d25e elementor-section-boxed elementor-section-height-default elementor-section-height-default\" data-id=\"47a9d25e\" data-element_type=\"section\">\n\t\t\t\t\t\t<div class=\"elementor-container elementor-column-gap-default\">\n\t\t\t\t\t<div class=\"elementor-column elementor-col-100 elementor-top-column elementor-element elementor-element-1379695\" data-id=\"1379695\" data-element_type=\"column\">\n\t\t\t<div class=\"elementor-widget-wrap elementor-element-populated\">\n\t\t\t\t\t\t<div class=\"elementor-element elementor-element-41fc05f elementor-widget elementor-widget-text-editor\" data-id=\"41fc05f\" data-element_type=\"widget\" data-widget_type=\"text-editor.default\">\n\t\t\t\t<div class=\"elementor-widget-container\">\n\t\t\t\t\t\t\t\t\t\n<p>De um lado, uma \u00e1rea que demandar\u00e1 quase 800 mil profissionais at\u00e9 2025. Do outro, um pa\u00eds que soma mais de 55 milh\u00f5es de pessoas acima dos 50 anos. Em meio a esse cen\u00e1rio, <strong><mark style=\"background-color: rgba(0, 0, 0, 0);\">a empregabilidade dos 50+ cresce dia ap\u00f3s dia no setor de TI.<\/mark><\/strong><\/p>\n\n\n\n<p>Embora romper com o etarismo siga sendo um desafio (segundo dados da<a href=\"https:\/\/www.otempo.com.br\/hotsites\/olhares-diversos\/trabalhadores-com-mais-de-50-anos-nao-ocupam-nem-5-das-vagas-1.2503917\" target=\"_blank\" rel=\"noreferrer noopener\"> GPTW<\/a>, os talentos desta faixa et\u00e1ria n\u00e3o chegam a ocupar nem 5% das vagas em empresas brasileiras), algumas organiza\u00e7\u00f5es j\u00e1 est\u00e3o dando passos interessantes neste sentido.<\/p>\n\n\n\n<p>Ao longo deste conte\u00fado, falaremos mais sobre essas a\u00e7\u00f5es, al\u00e9m das vantagens de contratar profissionais mais experientes para ocupar posi\u00e7\u00f5es de tecnologia. Acompanhe!<\/p>\n\n\n\n<h2 class=\"wp-block-heading\"><mark style=\"background-color: rgba(0, 0, 0, 0); color: #849a00;\">Entendendo o contexto atual da \u00e1rea de TI<\/mark><\/h2>\n\n\n\n<p>Se voc\u00ea trabalha com recrutamento e sele\u00e7\u00e3o em uma empresa que <a href=\"https:\/\/metarh.com.br\/meta-tech\/\" target=\"_blank\" rel=\"noreferrer noopener\">demanda por profissionais de tecnologia<\/a>, j\u00e1 deve saber: encontrar talentos qualificados nesta \u00e1rea \u00e9 quase como achar \u00e1gua no deserto.<\/p>\n\n\n\n<p>Segundo um estudo recente da Brasscom, Associa\u00e7\u00e3o das Empresas de TIC e de Tecnologias Digitais, as e<a href=\"https:\/\/brasscom.org.br\/estudo-da-brasscom-aponta-demanda-de-797-mil-profissionais-de-tecnologia-ate-2025\/\" target=\"_blank\" rel=\"noreferrer noopener\">mpresas brasileiras demandar\u00e3o 797 mil talentos de perfil tecnol\u00f3gico nos pr\u00f3ximos tr\u00eas anos<\/a>. Em contrapartida, o Brasil forma apenas 53 mil pessoas ao ano nesta frente.<\/p>\n\n\n\n<p>Somados, esses dois dados apontam para um cen\u00e1rio alarmante, que j\u00e1 pode ser sentido h\u00e1 algum tempo pelas organiza\u00e7\u00f5es: um d\u00e9ficit anual de 106 mil talentos tech, que se traduz na dificuldade em fechar vagas com agilidade e compromete o avan\u00e7o digital.<\/p>\n\n\n\n<h2 class=\"wp-block-heading\"><mark style=\"background-color: rgba(0, 0, 0, 0); color: #849a00;\">Onde a empregabilidade dos 50+ entra nessa hist\u00f3ria?<\/mark><\/h2>\n\n\n\n<p>Enquanto as empresas concorrem entre si por talentos de TI, h\u00e1 um grupo de profissionais que tem tudo para contribuir com a supera\u00e7\u00e3o deste gap: aqueles com 50 anos ou mais.<\/p>\n\n\n\n<p>De acordo com a edi\u00e7\u00e3o mais recente da pesquisa \u201c<a href=\"https:\/\/brasscom.org.br\/pdfs\/relatorio-de-diversidade\/\" target=\"_blank\" rel=\"noreferrer noopener\">Diversidade do Setor TIC<\/a>\u201d, feita pela Brasscom, os talentos entre 18 e 24 anos ocupam um ter\u00e7o das posi\u00e7\u00f5es t\u00e9cnicas do setor. J\u00e1 os 50+ s\u00e3o respons\u00e1veis por menos de 5%.<\/p>\n\n\n\n<p>Ou seja: embora essa faixa et\u00e1ria esteja presente, a empregabilidade ainda acontece de maneira muito t\u00edmida. Mas, considerando que<a href=\"https:\/\/www.moneytimes.com.br\/pesquisa-inedita-57-da-forca-de-trabalho-brasileira-tera-mais-de-45-anos-em-2040-mas-poucas-empresas-estao-se-preparando\/\" target=\"_blank\" rel=\"noreferrer noopener\"> 57% da for\u00e7a de trabalho brasileira ter\u00e1 mais de 45 anos em 2040<\/a>, esse \u00e9 um cen\u00e1rio tem tudo para mudar daqui pra frente.<\/p>\n\n\n\n<p>Al\u00e9m disso, como dissemos antes, h\u00e1 mais de 55 milh\u00f5es de pessoas que comp\u00f5em essa faixa et\u00e1ria no pa\u00eds \u2013 muitas delas, ali\u00e1s, esperando apenas uma oportunidade para colocar suas habilidades t\u00e9cnicas em pr\u00e1tica.<\/p>\n\n\n\n<h2 class=\"wp-block-heading\"><mark style=\"background-color: rgba(0, 0, 0, 0); color: #849a00;\">O jogo j\u00e1 come\u00e7ou a virar<\/mark><\/h2>\n\n\n\n<p>Como voc\u00ea viu at\u00e9 aqui, h\u00e1 bastante espa\u00e7o para empregabilidade na \u00e1rea tech. E isso, consequentemente, tem feito com que muitas empresas olhem com mais aten\u00e7\u00e3o para os profissionais 50+.<\/p>\n\n\n\n<p>Prova disso s\u00e3o os programas de forma\u00e7\u00e3o e recrutamento voltados para esse p\u00fablico, como \u00e9 o caso da iniciativa encabe\u00e7ada pela<a href=\"https:\/\/tiinside.com.br\/18\/01\/2022\/empresa-de-tecnologia-mira-em-candidatos-50-para-contratar-e-reter-talentos\/\" target=\"_blank\" rel=\"noreferrer noopener\"> Quod<\/a> (empresa de an\u00e1lise de dados), que foca exclusivamente na contrata\u00e7\u00e3o de pessoas com mais de 50 anos.<\/p>\n\n\n\n<p>Outra a\u00e7\u00e3o que refor\u00e7a o interesse do mercado em incluir mais pessoas da gera\u00e7\u00e3o X na \u00e1rea de TI \u00e9 o<a href=\"https:\/\/blogs.oglobo.globo.com\/capital\/post\/vez-dos-50-no-mercado-de-tecnologia-parceria-labora-e-microsoft-promove-inclusao-de-profissionais-seniores.html\" target=\"_blank\" rel=\"noreferrer noopener\"> programa de requalifica\u00e7\u00e3o em cursos de programa\u00e7\u00e3o<\/a> promovido pela Labora, em parceria com a Microsoft.<\/p>\n\n\n\n<p>Al\u00e9m de ajudar a sanar o problema da escassez de talentos de TI, iniciativas como essa tamb\u00e9m contribuem com um assunto que tem aparecido com uma frequ\u00eancia cada vez maior na agenda das organiza\u00e7\u00f5es: a<a href=\"https:\/\/conteudo.grupometarh.com.br\/diversidade-e-inclusao\" target=\"_blank\" rel=\"noreferrer noopener\"> diversidade e inclus\u00e3o<\/a>.<\/p>\n\n\n\n<p>Afinal, j\u00e1 existe o consenso de que construir equipes plurais \u00e9 o caminho para aumentar o engajamento, inova\u00e7\u00e3o, produtividade e satisfa\u00e7\u00e3o no ambiente de trabalho. Na sequ\u00eancia, vamos falar mais sobre isso!<\/p>\n\n\n\n<h2 class=\"wp-block-heading\"><mark style=\"background-color: rgba(0, 0, 0, 0); color: #849a00;\">Vantagens de aumentar a diversidade geracional<\/mark><\/h2>\n\n\n\n<p>O preconceito com base na idade ainda \u00e9 uma realidade comum em muitas empresas, especialmente quando sobre empregabilidade de profissionais maduros. Por\u00e9m, h\u00e1 muitos motivos para que isso seja superado e \u00e9 sobre eles que vamos falar a partir de agora.<\/p>\n\n\n\n<p>Em primeiro lugar, \u00e9 importante lembrar que, embora cada gera\u00e7\u00e3o possua caracter\u00edsticas e at\u00e9 mesmo habilidades diferentes, todas elas <mark style=\"background-color: rgba(0, 0, 0, 0);\"><strong>podem<\/strong> <\/mark><strong><mark style=\"background-color: rgba(0, 0, 0, 0);\">contribuir positivamente<\/mark><\/strong> com o dia a dia das empresas. Em determinadas situa\u00e7\u00f5es, ali\u00e1s, elas podem at\u00e9 mesmo se complementar.<\/p>\n\n\n\n<p>Falando especificamente sobre os colaboradores mais maduros, uma pesquisa realizada pelo<a href=\"https:\/\/datafolha.folha.uol.com.br\/\" target=\"_blank\" rel=\"noreferrer noopener\"> Datafolha<\/a> em 2017 mostrou que eles tendem a serem <strong><mark style=\"background-color: rgba(0, 0, 0, 0);\">mais tolerantes, cuidadosos, produtivos, respons\u00e1veis, educados, atenciosos e \u00e9ticos<\/mark><\/strong> \u2013 qualidades que, como voc\u00ea j\u00e1 deve saber, s\u00e3o especialmente importantes no mundo dos neg\u00f3cios.<\/p>\n\n\n\n<p>Dito isso, veja algumas das principais vantagens de aumentar a<a href=\"https:\/\/metarh.com.br\/terceira-idade-no-mercado-de-trabalho-vantagens-da-diversidade-geracional\/\" target=\"_blank\" rel=\"noreferrer noopener\"> diversidade geracional<\/a> nas empresas a partir da contrata\u00e7\u00e3o de pessoas 50+:<\/p>\n\n\n\n<p><mark style=\"background-color: rgba(0, 0, 0, 0);\"><strong>1.<\/strong>&nbsp; &nbsp; &nbsp; <strong>Experi\u00eancias de trabalho valiosas<\/strong><\/mark><\/p>\n\n\n\n<p>Um profissional que est\u00e1 h\u00e1 anos no mercado de trabalho certamente j\u00e1 vivenciou muita coisa e precisou lidar com diferentes desafios. Essa experi\u00eancia s\u00f3lida \u00e9 uma das grandes vantagens que os profissionais 50+ trazem.<\/p>\n\n\n\n<p>Na \u00e1rea de tecnologia, por exemplo, os colaboradores mais velhos se destacam por dominarem sistemas mais tradicionais, que n\u00e3o s\u00e3o t\u00e3o conhecidos pelos mais jovens (apesar de ainda estarem em uso).<\/p>\n\n\n\n<p><mark style=\"background-color: rgba(0, 0, 0, 0);\"><strong>2.<\/strong>&nbsp; &nbsp; &nbsp; <strong>Aumento da colabora\u00e7\u00e3o entre as equipes<\/strong><\/mark><\/p>\n\n\n\n<p>Os colaboradores com 50 anos ou mais tendem a valorizar bastante o trabalho em equipe. At\u00e9 porque eles re\u00fanem habilidades que favorecem a colabora\u00e7\u00e3o, como maturidade, toler\u00e2ncia, \u00e9tica e responsabilidade.<\/p>\n\n\n\n<p>Geralmente, essas qualidades resultam em colaboradores mais abertos a ajudarem os demais colegas do time. O que, por sua vez, s\u00f3 tem a beneficiar ambas as partes!<\/p>\n\n\n\n<p><mark style=\"background-color: rgba(0, 0, 0, 0);\"><strong>3.<\/strong>&nbsp; &nbsp; &nbsp; <strong>Seguran\u00e7a na tomada de decis\u00f5es<\/strong><\/mark><\/p>\n\n\n\n<p>Um colaborador que acumula diferentes viv\u00eancias e conhecimentos, tanto no \u00e2mbito profissional quanto pessoal, provavelmente se sentir\u00e1 mais seguro para tomar decis\u00f5es importantes para o neg\u00f3cio. Afinal, a seguran\u00e7a vem da experi\u00eancia!<\/p>\n\n\n\n<p>Al\u00e9m disso, funcion\u00e1rios com essa bagagem mais ampla raramente conseguem olhar para um cen\u00e1rio que precisa de interven\u00e7\u00e3o r\u00e1pida e n\u00e3o agir.<\/p>\n\n\n\n<p><mark style=\"background-color: rgba(0, 0, 0, 0);\"><strong>4.<\/strong>&nbsp; &nbsp; &nbsp; <strong>Refor\u00e7o das figuras de lideran\u00e7a<\/strong><\/mark><\/p>\n\n\n\n<p>Profissionais 50+ tamb\u00e9m s\u00e3o fortes candidatos para ocuparem posi\u00e7\u00f5es de lideran\u00e7a ou serem mentores dos colaboradores mais jovens. Em outras palavras, eles t\u00eam muito que ensinar.<\/p>\n\n\n\n<p>Vale dizer que, ao contr\u00e1rio do que alguns ainda pensam, esses talentos tamb\u00e9m est\u00e3o super dispostos a aprender \u2013 o que, mais uma vez, refor\u00e7a a import\u00e2ncia da diversidade geracional.&nbsp;&nbsp;<\/p>\n\n\n\n<p><mark style=\"background-color: rgba(0, 0, 0, 0);\"><strong>5.<\/strong>&nbsp; &nbsp; &nbsp; <strong>Marca empregadora fortalecida<\/strong><\/mark><\/p>\n\n\n\n<p>Um estudo publicado pela revista<a href=\"https:\/\/www.psychologytoday.com\/gb\/blog\/do-something-different\/201609\/diversity-and-inclusiveness-is-good-your-well-being\" target=\"_blank\" rel=\"noreferrer noopener\"> Psychology Today<\/a> mostrou que h\u00e1 uma rela\u00e7\u00e3o direta entre um ambiente de trabalho diverso e inclusivo e o bem-estar dos funcion\u00e1rios. Mas o que isso tem a ver com a marca empregadora?<\/p>\n\n\n\n<p>Bom, o mercado fala! Colaboradores que se sentem satisfeitos com o pr\u00f3prio trabalho tendem a comentar sobre isso com outras pessoas do seu c\u00edrculo social. Eles viram, basicamente, embaixadores da empresa na qual trabalham.<\/p>\n\n\n\n<p>Isso, por sua vez, ajuda a fortalecer a imagem da organiza\u00e7\u00e3o como sendo um lugar positivo para se trabalhar \u2013 o que tem um impacto direto na capacidade dela em atrair e reter talentos.<\/p>\n\n\n\n<p>Para o bem ou para o mal, tudo vira um grande efeito domin\u00f3. Por isso \u00e9 t\u00e3o importante que as empresas estejam atentas \u00e0s melhores pr\u00e1ticas de gest\u00e3o de pessoas, o que inclui o apoio \u00e0 diversidade geracional.<\/p>\n\n\n\n<p>Em suma, as vantagens apresentadas at\u00e9 aqui ajudam a refor\u00e7ar que a empregabilidade dos 50+ tem tudo para continuar crescendo nos pr\u00f3ximos anos, principalmente na \u00e1rea tech.<\/p>\n\n\n\n<p>Ali\u00e1s, as perspectivas s\u00e3o t\u00e3o positivas que alguns profissionais deste grupo j\u00e1 cogitam migrar de carreira para aproveitar as oportunidades que est\u00e3o se abrindo no mercado.&nbsp;&nbsp;&nbsp;<\/p>\n\n\n\n<p><mark style=\"background-color: rgba(0, 0, 0, 0);\">E<\/mark><strong><mark style=\"background-color: rgba(0, 0, 0, 0);\">speramos que as informa\u00e7\u00f5es reunidas ao longo deste post tenham te ajudado a compreender as vantagens de contratar profissionais mais experientes. Para continuar por dentro das principais tend\u00eancias do RH, inscreva-se em nossa newsletter!<\/mark><\/strong><\/p>\n\n\n\n<p><\/p>\n\n\n\n<div class=\"wp-block-buttons is-layout-flex wp-block-buttons-is-layout-flex\"><\/div>\n\t\t\t\t\t\t\t\t<\/div>\n\t\t\t\t<\/div>\n\t\t\t\t<div class=\"elementor-element elementor-element-cef7ae4 elementor-align-center elementor-widget elementor-widget-button\" data-id=\"cef7ae4\" data-element_type=\"widget\" data-widget_type=\"button.default\">\n\t\t\t\t<div class=\"elementor-widget-container\">\n\t\t\t\t\t\t\t\t\t<div class=\"elementor-button-wrapper\">\n\t\t\t\t\t<a class=\"elementor-button elementor-button-link elementor-size-lg\" href=\"https:\/\/metarh.com.br\/newsletter-meta-news\/\">\n\t\t\t\t\t\t<span class=\"elementor-button-content-wrapper\">\n\t\t\t\t\t\t\t\t\t<span class=\"elementor-button-text\">QUERO RECEBER AS NOVIDADES<\/span>\n\t\t\t\t\t<\/span>\n\t\t\t\t\t<\/a>\n\t\t\t\t<\/div>\n\t\t\t\t\t\t\t\t<\/div>\n\t\t\t\t<\/div>\n\t\t\t\t\t<\/div>\n\t\t<\/div>\n\t\t\t\t\t<\/div>\n\t\t<\/section>\n\t\t\t\t<\/div>\n\t\t<div style=\"margin-top: 0px; margin-bottom: 0px;\" class=\"sharethis-inline-share-buttons\" ><\/div>","protected":false},"excerpt":{"rendered":"<p>De um lado, uma \u00e1rea que demandar\u00e1 quase 800 mil profissionais at\u00e9 2025. Do outro, um pa\u00eds que soma mais de 55 milh\u00f5es de pessoas acima dos 50 anos. Em meio a esse cen\u00e1rio, a empregabilidade dos 50+ cresce dia ap\u00f3s dia no setor de TI. Embora romper com o etarismo siga sendo um desafio&#8230;<\/p>\n","protected":false},"author":1,"featured_media":14923,"comment_status":"open","ping_status":"open","sticky":false,"template":"","format":"standard","meta":{"_kadence_starter_templates_imported_post":false,"_kad_post_transparent":"","_kad_post_title":"","_kad_post_layout":"","_kad_post_sidebar_id":"","_kad_post_content_style":"","_kad_post_vertical_padding":"","_kad_post_feature":"","_kad_post_feature_position":"","_kad_post_header":false,"_kad_post_footer":false,"_kad_post_classname":"","footnotes":""},"categories":[123,162,145,163,3,2],"tags":[44,25],"class_list":["post-13601","post","type-post","status-publish","format-standard","has-post-thumbnail","hentry","category-tech-recruiter","category-trilhando-mais","category-carreira","category-descoberta-de-conteudos-de-rh","category-dicas","category-materias","tag-diversidade","tag-tecnologia"],"yoast_head":"<!-- This site is optimized with the Yoast SEO Premium plugin v26.6 (Yoast SEO v27.5) - https:\/\/yoast.com\/product\/yoast-seo-premium-wordpress\/ -->\n<title>Empregabilidade: a import\u00e2ncia dos profissionais 50+ para a \u00e1rea de TI - METARH +News<\/title>\n<meta name=\"description\" content=\"Falaremos sobre empregabilidade profissionais mais experientes para ocupar posi\u00e7\u00f5es de tecnologia. Acompanhe!\" \/>\n<meta name=\"robots\" content=\"index, follow, max-snippet:-1, max-image-preview:large, max-video-preview:-1\" \/>\n<link rel=\"canonical\" href=\"https:\/\/metarh.com.br\/metarhnews\/empregabilidade-ti\/\" \/>\n<meta property=\"og:locale\" content=\"pt_BR\" \/>\n<meta property=\"og:type\" content=\"article\" \/>\n<meta property=\"og:title\" content=\"Empregabilidade: a import\u00e2ncia dos profissionais 50+ para a \u00e1rea de TI\" \/>\n<meta property=\"og:description\" content=\"Falaremos sobre empregabilidade profissionais mais experientes para ocupar posi\u00e7\u00f5es de tecnologia. Acompanhe!\" \/>\n<meta property=\"og:url\" content=\"https:\/\/metarh.com.br\/metarhnews\/empregabilidade-ti\/\" \/>\n<meta property=\"og:site_name\" content=\"METARH +News\" \/>\n<meta property=\"article:publisher\" content=\"https:\/\/www.facebook.com\/metarhumana\" \/>\n<meta property=\"article:published_time\" content=\"2022-10-03T20:30:08+00:00\" \/>\n<meta property=\"article:modified_time\" content=\"2026-01-20T13:54:24+00:00\" \/>\n<meta property=\"og:image\" content=\"https:\/\/metarh.com.br\/metarhnews\/wp-content\/uploads\/2022\/10\/Profissionais-50-1.jpg\" \/>\n\t<meta property=\"og:image:width\" content=\"1060\" \/>\n\t<meta property=\"og:image:height\" content=\"700\" \/>\n\t<meta property=\"og:image:type\" content=\"image\/jpeg\" \/>\n<meta name=\"author\" content=\"Admin@MetaNews\" \/>\n<meta name=\"twitter:card\" content=\"summary_large_image\" \/>\n<meta name=\"twitter:creator\" content=\"@metarhumana\" \/>\n<meta name=\"twitter:site\" content=\"@metarhumana\" \/>\n<meta name=\"twitter:label1\" content=\"Escrito por\" \/>\n\t<meta name=\"twitter:data1\" content=\"Admin@MetaNews\" \/>\n\t<meta name=\"twitter:label2\" content=\"Est. tempo de leitura\" \/>\n\t<meta name=\"twitter:data2\" content=\"7 minutos\" \/>\n<script type=\"application\/ld+json\" class=\"yoast-schema-graph\">{\"@context\":\"https:\\\/\\\/schema.org\",\"@graph\":[{\"@type\":\"Article\",\"@id\":\"https:\\\/\\\/metarh.com.br\\\/metarhnews\\\/empregabilidade-ti\\\/#article\",\"isPartOf\":{\"@id\":\"https:\\\/\\\/metarh.com.br\\\/metarhnews\\\/empregabilidade-ti\\\/\"},\"author\":{\"name\":\"Admin@MetaNews\",\"@id\":\"https:\\\/\\\/metarh.com.br\\\/metarhnews\\\/#\\\/schema\\\/person\\\/18a57200eba12baa93ec88d7fdac1d9b\"},\"headline\":\"Empregabilidade: a import\u00e2ncia dos profissionais 50+ para a \u00e1rea de TI\",\"datePublished\":\"2022-10-03T20:30:08+00:00\",\"dateModified\":\"2026-01-20T13:54:24+00:00\",\"mainEntityOfPage\":{\"@id\":\"https:\\\/\\\/metarh.com.br\\\/metarhnews\\\/empregabilidade-ti\\\/\"},\"wordCount\":1321,\"commentCount\":0,\"publisher\":{\"@id\":\"https:\\\/\\\/metarh.com.br\\\/metarhnews\\\/#organization\"},\"image\":{\"@id\":\"https:\\\/\\\/metarh.com.br\\\/metarhnews\\\/empregabilidade-ti\\\/#primaryimage\"},\"thumbnailUrl\":\"https:\\\/\\\/metarh.com.br\\\/metarhnews\\\/wp-content\\\/uploads\\\/2022\\\/10\\\/Profissionais-50-1.jpg\",\"keywords\":[\"Diversidade\",\"tecnologia\"],\"articleSection\":[\"5 \u2022 Tech Recruiter\",\"6 \u2022 Trilhando +\",\"Carreira\",\"Descoberta\",\"Dicas\",\"Mat\u00e9rias\"],\"inLanguage\":\"pt-BR\",\"potentialAction\":[{\"@type\":\"CommentAction\",\"name\":\"Comment\",\"target\":[\"https:\\\/\\\/metarh.com.br\\\/metarhnews\\\/empregabilidade-ti\\\/#respond\"]}],\"copyrightYear\":\"2022\",\"copyrightHolder\":{\"@id\":\"https:\\\/\\\/metarh.com.br\\\/metarhnews\\\/#organization\"}},{\"@type\":\"WebPage\",\"@id\":\"https:\\\/\\\/metarh.com.br\\\/metarhnews\\\/empregabilidade-ti\\\/\",\"url\":\"https:\\\/\\\/metarh.com.br\\\/metarhnews\\\/empregabilidade-ti\\\/\",\"name\":\"Empregabilidade: a import\u00e2ncia dos profissionais 50+ para a \u00e1rea de TI - METARH +News\",\"isPartOf\":{\"@id\":\"https:\\\/\\\/metarh.com.br\\\/metarhnews\\\/#website\"},\"primaryImageOfPage\":{\"@id\":\"https:\\\/\\\/metarh.com.br\\\/metarhnews\\\/empregabilidade-ti\\\/#primaryimage\"},\"image\":{\"@id\":\"https:\\\/\\\/metarh.com.br\\\/metarhnews\\\/empregabilidade-ti\\\/#primaryimage\"},\"thumbnailUrl\":\"https:\\\/\\\/metarh.com.br\\\/metarhnews\\\/wp-content\\\/uploads\\\/2022\\\/10\\\/Profissionais-50-1.jpg\",\"datePublished\":\"2022-10-03T20:30:08+00:00\",\"dateModified\":\"2026-01-20T13:54:24+00:00\",\"description\":\"Falaremos sobre empregabilidade profissionais mais experientes para ocupar posi\u00e7\u00f5es de tecnologia. Acompanhe!\",\"breadcrumb\":{\"@id\":\"https:\\\/\\\/metarh.com.br\\\/metarhnews\\\/empregabilidade-ti\\\/#breadcrumb\"},\"inLanguage\":\"pt-BR\",\"potentialAction\":[{\"@type\":\"ReadAction\",\"target\":[\"https:\\\/\\\/metarh.com.br\\\/metarhnews\\\/empregabilidade-ti\\\/\"]}]},{\"@type\":\"ImageObject\",\"inLanguage\":\"pt-BR\",\"@id\":\"https:\\\/\\\/metarh.com.br\\\/metarhnews\\\/empregabilidade-ti\\\/#primaryimage\",\"url\":\"https:\\\/\\\/metarh.com.br\\\/metarhnews\\\/wp-content\\\/uploads\\\/2022\\\/10\\\/Profissionais-50-1.jpg\",\"contentUrl\":\"https:\\\/\\\/metarh.com.br\\\/metarhnews\\\/wp-content\\\/uploads\\\/2022\\\/10\\\/Profissionais-50-1.jpg\",\"width\":1060,\"height\":700},{\"@type\":\"BreadcrumbList\",\"@id\":\"https:\\\/\\\/metarh.com.br\\\/metarhnews\\\/empregabilidade-ti\\\/#breadcrumb\",\"itemListElement\":[{\"@type\":\"ListItem\",\"position\":1,\"name\":\"In\u00edcio\",\"item\":\"https:\\\/\\\/metarh.com.br\\\/metarhnews\\\/\"},{\"@type\":\"ListItem\",\"position\":2,\"name\":\"Empregabilidade: a import\u00e2ncia dos profissionais 50+ para a \u00e1rea de TI\"}]},{\"@type\":\"WebSite\",\"@id\":\"https:\\\/\\\/metarh.com.br\\\/metarhnews\\\/#website\",\"url\":\"https:\\\/\\\/metarh.com.br\\\/metarhnews\\\/\",\"name\":\"METARH +News\",\"description\":\"Conte\u00fado focado em Gest\u00e3o de Pessoas\",\"publisher\":{\"@id\":\"https:\\\/\\\/metarh.com.br\\\/metarhnews\\\/#organization\"},\"potentialAction\":[{\"@type\":\"SearchAction\",\"target\":{\"@type\":\"EntryPoint\",\"urlTemplate\":\"https:\\\/\\\/metarh.com.br\\\/metarhnews\\\/?s={search_term_string}\"},\"query-input\":{\"@type\":\"PropertyValueSpecification\",\"valueRequired\":true,\"valueName\":\"search_term_string\"}}],\"inLanguage\":\"pt-BR\"},{\"@type\":\"Organization\",\"@id\":\"https:\\\/\\\/metarh.com.br\\\/metarhnews\\\/#organization\",\"name\":\"METARH +Humana\",\"url\":\"https:\\\/\\\/metarh.com.br\\\/metarhnews\\\/\",\"logo\":{\"@type\":\"ImageObject\",\"inLanguage\":\"pt-BR\",\"@id\":\"https:\\\/\\\/metarh.com.br\\\/metarhnews\\\/#\\\/schema\\\/logo\\\/image\\\/\",\"url\":\"https:\\\/\\\/metarh.com.br\\\/metarhnews\\\/wp-content\\\/uploads\\\/2025\\\/02\\\/METARH-Azul-Horizontal.png\",\"contentUrl\":\"https:\\\/\\\/metarh.com.br\\\/metarhnews\\\/wp-content\\\/uploads\\\/2025\\\/02\\\/METARH-Azul-Horizontal.png\",\"width\":1002,\"height\":303,\"caption\":\"METARH +Humana\"},\"image\":{\"@id\":\"https:\\\/\\\/metarh.com.br\\\/metarhnews\\\/#\\\/schema\\\/logo\\\/image\\\/\"},\"sameAs\":[\"https:\\\/\\\/www.facebook.com\\\/metarhumana\",\"https:\\\/\\\/x.com\\\/metarhumana\",\"https:\\\/\\\/www.instagram.com\\\/metarhumana\\\/\",\"https:\\\/\\\/www.youtube.com\\\/@metarhumana\"]},{\"@type\":\"Person\",\"@id\":\"https:\\\/\\\/metarh.com.br\\\/metarhnews\\\/#\\\/schema\\\/person\\\/18a57200eba12baa93ec88d7fdac1d9b\",\"name\":\"Admin@MetaNews\",\"image\":{\"@type\":\"ImageObject\",\"inLanguage\":\"pt-BR\",\"@id\":\"https:\\\/\\\/secure.gravatar.com\\\/avatar\\\/f6d25765469a37388aa705f1e537f1fe91e7c606c074552c00142b32890766d8?s=96&d=mm&r=g\",\"url\":\"https:\\\/\\\/secure.gravatar.com\\\/avatar\\\/f6d25765469a37388aa705f1e537f1fe91e7c606c074552c00142b32890766d8?s=96&d=mm&r=g\",\"contentUrl\":\"https:\\\/\\\/secure.gravatar.com\\\/avatar\\\/f6d25765469a37388aa705f1e537f1fe91e7c606c074552c00142b32890766d8?s=96&d=mm&r=g\",\"caption\":\"Admin@MetaNews\"},\"sameAs\":[\"https:\\\/\\\/metarh.com.br\\\/metarhnews\"],\"url\":\"https:\\\/\\\/metarh.com.br\\\/metarhnews\\\/author\\\/adminmetanews\\\/\"}]}<\/script>\n<!-- \/ Yoast SEO Premium plugin. -->","yoast_head_json":{"title":"Empregabilidade: a import\u00e2ncia dos profissionais 50+ para a \u00e1rea de TI - METARH +News","description":"Falaremos sobre empregabilidade profissionais mais experientes para ocupar posi\u00e7\u00f5es de tecnologia. Acompanhe!","robots":{"index":"index","follow":"follow","max-snippet":"max-snippet:-1","max-image-preview":"max-image-preview:large","max-video-preview":"max-video-preview:-1"},"canonical":"https:\/\/metarh.com.br\/metarhnews\/empregabilidade-ti\/","og_locale":"pt_BR","og_type":"article","og_title":"Empregabilidade: a import\u00e2ncia dos profissionais 50+ para a \u00e1rea de TI","og_description":"Falaremos sobre empregabilidade profissionais mais experientes para ocupar posi\u00e7\u00f5es de tecnologia. Acompanhe!","og_url":"https:\/\/metarh.com.br\/metarhnews\/empregabilidade-ti\/","og_site_name":"METARH +News","article_publisher":"https:\/\/www.facebook.com\/metarhumana","article_published_time":"2022-10-03T20:30:08+00:00","article_modified_time":"2026-01-20T13:54:24+00:00","og_image":[{"width":1060,"height":700,"url":"https:\/\/metarh.com.br\/metarhnews\/wp-content\/uploads\/2022\/10\/Profissionais-50-1.jpg","type":"image\/jpeg"}],"author":"Admin@MetaNews","twitter_card":"summary_large_image","twitter_creator":"@metarhumana","twitter_site":"@metarhumana","twitter_misc":{"Escrito por":"Admin@MetaNews","Est. tempo de leitura":"7 minutos"},"schema":{"@context":"https:\/\/schema.org","@graph":[{"@type":"Article","@id":"https:\/\/metarh.com.br\/metarhnews\/empregabilidade-ti\/#article","isPartOf":{"@id":"https:\/\/metarh.com.br\/metarhnews\/empregabilidade-ti\/"},"author":{"name":"Admin@MetaNews","@id":"https:\/\/metarh.com.br\/metarhnews\/#\/schema\/person\/18a57200eba12baa93ec88d7fdac1d9b"},"headline":"Empregabilidade: a import\u00e2ncia dos profissionais 50+ para a \u00e1rea de TI","datePublished":"2022-10-03T20:30:08+00:00","dateModified":"2026-01-20T13:54:24+00:00","mainEntityOfPage":{"@id":"https:\/\/metarh.com.br\/metarhnews\/empregabilidade-ti\/"},"wordCount":1321,"commentCount":0,"publisher":{"@id":"https:\/\/metarh.com.br\/metarhnews\/#organization"},"image":{"@id":"https:\/\/metarh.com.br\/metarhnews\/empregabilidade-ti\/#primaryimage"},"thumbnailUrl":"https:\/\/metarh.com.br\/metarhnews\/wp-content\/uploads\/2022\/10\/Profissionais-50-1.jpg","keywords":["Diversidade","tecnologia"],"articleSection":["5 \u2022 Tech Recruiter","6 \u2022 Trilhando +","Carreira","Descoberta","Dicas","Mat\u00e9rias"],"inLanguage":"pt-BR","potentialAction":[{"@type":"CommentAction","name":"Comment","target":["https:\/\/metarh.com.br\/metarhnews\/empregabilidade-ti\/#respond"]}],"copyrightYear":"2022","copyrightHolder":{"@id":"https:\/\/metarh.com.br\/metarhnews\/#organization"}},{"@type":"WebPage","@id":"https:\/\/metarh.com.br\/metarhnews\/empregabilidade-ti\/","url":"https:\/\/metarh.com.br\/metarhnews\/empregabilidade-ti\/","name":"Empregabilidade: a import\u00e2ncia dos profissionais 50+ para a \u00e1rea de TI - METARH +News","isPartOf":{"@id":"https:\/\/metarh.com.br\/metarhnews\/#website"},"primaryImageOfPage":{"@id":"https:\/\/metarh.com.br\/metarhnews\/empregabilidade-ti\/#primaryimage"},"image":{"@id":"https:\/\/metarh.com.br\/metarhnews\/empregabilidade-ti\/#primaryimage"},"thumbnailUrl":"https:\/\/metarh.com.br\/metarhnews\/wp-content\/uploads\/2022\/10\/Profissionais-50-1.jpg","datePublished":"2022-10-03T20:30:08+00:00","dateModified":"2026-01-20T13:54:24+00:00","description":"Falaremos sobre empregabilidade profissionais mais experientes para ocupar posi\u00e7\u00f5es de tecnologia. Acompanhe!","breadcrumb":{"@id":"https:\/\/metarh.com.br\/metarhnews\/empregabilidade-ti\/#breadcrumb"},"inLanguage":"pt-BR","potentialAction":[{"@type":"ReadAction","target":["https:\/\/metarh.com.br\/metarhnews\/empregabilidade-ti\/"]}]},{"@type":"ImageObject","inLanguage":"pt-BR","@id":"https:\/\/metarh.com.br\/metarhnews\/empregabilidade-ti\/#primaryimage","url":"https:\/\/metarh.com.br\/metarhnews\/wp-content\/uploads\/2022\/10\/Profissionais-50-1.jpg","contentUrl":"https:\/\/metarh.com.br\/metarhnews\/wp-content\/uploads\/2022\/10\/Profissionais-50-1.jpg","width":1060,"height":700},{"@type":"BreadcrumbList","@id":"https:\/\/metarh.com.br\/metarhnews\/empregabilidade-ti\/#breadcrumb","itemListElement":[{"@type":"ListItem","position":1,"name":"In\u00edcio","item":"https:\/\/metarh.com.br\/metarhnews\/"},{"@type":"ListItem","position":2,"name":"Empregabilidade: a import\u00e2ncia dos profissionais 50+ para a \u00e1rea de TI"}]},{"@type":"WebSite","@id":"https:\/\/metarh.com.br\/metarhnews\/#website","url":"https:\/\/metarh.com.br\/metarhnews\/","name":"METARH +News","description":"Conte\u00fado focado em Gest\u00e3o de Pessoas","publisher":{"@id":"https:\/\/metarh.com.br\/metarhnews\/#organization"},"potentialAction":[{"@type":"SearchAction","target":{"@type":"EntryPoint","urlTemplate":"https:\/\/metarh.com.br\/metarhnews\/?s={search_term_string}"},"query-input":{"@type":"PropertyValueSpecification","valueRequired":true,"valueName":"search_term_string"}}],"inLanguage":"pt-BR"},{"@type":"Organization","@id":"https:\/\/metarh.com.br\/metarhnews\/#organization","name":"METARH +Humana","url":"https:\/\/metarh.com.br\/metarhnews\/","logo":{"@type":"ImageObject","inLanguage":"pt-BR","@id":"https:\/\/metarh.com.br\/metarhnews\/#\/schema\/logo\/image\/","url":"https:\/\/metarh.com.br\/metarhnews\/wp-content\/uploads\/2025\/02\/METARH-Azul-Horizontal.png","contentUrl":"https:\/\/metarh.com.br\/metarhnews\/wp-content\/uploads\/2025\/02\/METARH-Azul-Horizontal.png","width":1002,"height":303,"caption":"METARH +Humana"},"image":{"@id":"https:\/\/metarh.com.br\/metarhnews\/#\/schema\/logo\/image\/"},"sameAs":["https:\/\/www.facebook.com\/metarhumana","https:\/\/x.com\/metarhumana","https:\/\/www.instagram.com\/metarhumana\/","https:\/\/www.youtube.com\/@metarhumana"]},{"@type":"Person","@id":"https:\/\/metarh.com.br\/metarhnews\/#\/schema\/person\/18a57200eba12baa93ec88d7fdac1d9b","name":"Admin@MetaNews","image":{"@type":"ImageObject","inLanguage":"pt-BR","@id":"https:\/\/secure.gravatar.com\/avatar\/f6d25765469a37388aa705f1e537f1fe91e7c606c074552c00142b32890766d8?s=96&d=mm&r=g","url":"https:\/\/secure.gravatar.com\/avatar\/f6d25765469a37388aa705f1e537f1fe91e7c606c074552c00142b32890766d8?s=96&d=mm&r=g","contentUrl":"https:\/\/secure.gravatar.com\/avatar\/f6d25765469a37388aa705f1e537f1fe91e7c606c074552c00142b32890766d8?s=96&d=mm&r=g","caption":"Admin@MetaNews"},"sameAs":["https:\/\/metarh.com.br\/metarhnews"],"url":"https:\/\/metarh.com.br\/metarhnews\/author\/adminmetanews\/"}]}},"_links":{"self":[{"href":"https:\/\/metarh.com.br\/metarhnews\/wp-json\/wp\/v2\/posts\/13601","targetHints":{"allow":["GET"]}}],"collection":[{"href":"https:\/\/metarh.com.br\/metarhnews\/wp-json\/wp\/v2\/posts"}],"about":[{"href":"https:\/\/metarh.com.br\/metarhnews\/wp-json\/wp\/v2\/types\/post"}],"author":[{"embeddable":true,"href":"https:\/\/metarh.com.br\/metarhnews\/wp-json\/wp\/v2\/users\/1"}],"replies":[{"embeddable":true,"href":"https:\/\/metarh.com.br\/metarhnews\/wp-json\/wp\/v2\/comments?post=13601"}],"version-history":[{"count":1,"href":"https:\/\/metarh.com.br\/metarhnews\/wp-json\/wp\/v2\/posts\/13601\/revisions"}],"predecessor-version":[{"id":14713,"href":"https:\/\/metarh.com.br\/metarhnews\/wp-json\/wp\/v2\/posts\/13601\/revisions\/14713"}],"wp:featuredmedia":[{"embeddable":true,"href":"https:\/\/metarh.com.br\/metarhnews\/wp-json\/wp\/v2\/media\/14923"}],"wp:attachment":[{"href":"https:\/\/metarh.com.br\/metarhnews\/wp-json\/wp\/v2\/media?parent=13601"}],"wp:term":[{"taxonomy":"category","embeddable":true,"href":"https:\/\/metarh.com.br\/metarhnews\/wp-json\/wp\/v2\/categories?post=13601"},{"taxonomy":"post_tag","embeddable":true,"href":"https:\/\/metarh.com.br\/metarhnews\/wp-json\/wp\/v2\/tags?post=13601"}],"curies":[{"name":"wp","href":"https:\/\/api.w.org\/{rel}","templated":true}]}}