{"id":13677,"date":"2022-10-26T11:32:01","date_gmt":"2022-10-26T14:32:01","guid":{"rendered":"https:\/\/metarh.com.br\/?p=13677"},"modified":"2026-01-21T15:56:42","modified_gmt":"2026-01-21T18:56:42","slug":"equidade-profissionais-com-deficiencia","status":"publish","type":"post","link":"https:\/\/metarh.com.br\/metarhnews\/equidade-profissionais-com-deficiencia\/","title":{"rendered":"Equidade: como melhorar a atra\u00e7\u00e3o e reten\u00e7\u00e3o de profissionais com defici\u00eancia?"},"content":{"rendered":"\t\t<div data-elementor-type=\"wp-post\" data-elementor-id=\"13677\" class=\"elementor elementor-13677\">\n\t\t\t\t\t\t<section class=\"elementor-section elementor-top-section elementor-element elementor-element-67d76403 elementor-section-boxed elementor-section-height-default elementor-section-height-default\" data-id=\"67d76403\" data-element_type=\"section\">\n\t\t\t\t\t\t<div class=\"elementor-container elementor-column-gap-default\">\n\t\t\t\t\t<div class=\"elementor-column elementor-col-100 elementor-top-column elementor-element elementor-element-6de68d23\" data-id=\"6de68d23\" data-element_type=\"column\">\n\t\t\t<div class=\"elementor-widget-wrap elementor-element-populated\">\n\t\t\t\t\t\t<div class=\"elementor-element elementor-element-74e77d9e elementor-widget elementor-widget-text-editor\" data-id=\"74e77d9e\" data-element_type=\"widget\" data-widget_type=\"text-editor.default\">\n\t\t\t\t<div class=\"elementor-widget-container\">\n\t\t\t\t\t\t\t\t\t\n<p>A diversidade, equidade e inclus\u00e3o, antes palavrinhas pouco ditas nas empresas, agora se tornaram conceitos estrat\u00e9gicos dentro do mundo corporativo. Afinal, est\u00e1 cada vez mais claro que pessoas diferentes criam ambientes de trabalho com mais equidade, harmonia e inova\u00e7\u00e3o.\u00a0 \u00a0<\/p>\n\n\n\n<p>Boa parte dos l\u00edderes j\u00e1 percebeu que times diversos possuem um potencial imenso. Mas, ainda assim, eles esbarram em um desafio comum: o de conseguir atrair e reter esses profissionais, especialmente aqueles que possuem alguma defici\u00eancia.&nbsp;<\/p>\n\n\n\n<p>Essa dificuldade se d\u00e1 por diferentes motivos, indo desde a falta de alinhamento entre fun\u00e7\u00e3o e condi\u00e7\u00e3o da Pessoa com Defici\u00eancia (PcD) at\u00e9 a falta de uma infraestrutura adequada para receb\u00ea-la.<\/p>\n\n\n\n<p>Se a sua empresa se identificou com o cen\u00e1rio apresentado at\u00e9 aqui, est\u00e1 na hora de colocar algumas estrat\u00e9gias diferentes em a\u00e7\u00e3o.\u00a0 E \u00e9 justamente sobre elas que vamos falar ao longo deste post, acompanhe!\u00a0\u00a0<\/p>\n\n\n\n<h2 class=\"wp-block-heading\"><mark style=\"background-color:rgba(0, 0, 0, 0);color:#809500\" class=\"has-inline-color\"><strong>Inclus\u00e3o e equidade no mundo corporativo<\/strong>\u00a0<\/mark><\/h2>\n\n\n\n<p>Os \u00faltimos anos evidenciaram que h\u00e1 uma vontade genu\u00edna por parte das empresas brasileiras em investir tanto na constru\u00e7\u00e3o de equipes mais diversas quanto em ambientes de trabalho inclusivos.&nbsp;<\/p>\n\n\n\n<p>Prova disso \u00e9 que, apenas entre 2020 e 2021, houve um <a href=\"https:\/\/valor.globo.com\/carreira\/noticia\/2022\/06\/18\/empresas-anunciam-mais-vagas-de-emprego-para-grupos-de-diversidade.ghtml\" target=\"_blank\" rel=\"noreferrer noopener\">aumento de 56%<\/a> na divulga\u00e7\u00e3o de vagas de emprego voltadas para grupos de diversidade. J\u00e1 os investimentos em inclus\u00e3o, por sua vez, <a href=\"https:\/\/jornalistainclusivo.com\/investimentos-em-inclusao-aumentaram-78\/\" target=\"_blank\" rel=\"noreferrer noopener\">aumentaram em 78% de 2019 para 2020<\/a>.<\/p>\n\n\n\n<p>Embora os n\u00fameros sejam positivos, h\u00e1 ainda muito trabalho a ser feito. E o primeiro passo desta jornada \u00e9 compreender o que de fato significa \u201cincluir pessoas\u201d e o que \u00e9 a equidade em sua ess\u00eancia.&nbsp;<\/p>\n\n\n\n<p>Vamos come\u00e7ar, ent\u00e3o,&nbsp;entendendo que a inclus\u00e3o \u00e9 a forma como as pessoas de um determinado grupo s\u00e3o acolhidas pela sociedade ou, neste caso mais espec\u00edfico, dentro de uma empresa. &nbsp;<\/p>\n\n\n\n<p>O ideal \u00e9 que, ao chegarem, essas pessoas se sintam integradas e que n\u00e3o haja julgamentos e diferencia\u00e7\u00f5es. Dessa forma, a sensa\u00e7\u00e3o de pertencimento ir\u00e1 surgir naturalmente e o acolhimento ter\u00e1 sido feito com excel\u00eancia.&nbsp;<\/p>\n\n\n\n<p>J\u00e1 a equidade ocorre quando h\u00e1 um conjunto de a\u00e7\u00f5es e medidas criadas com o objetivo de permitir o acesso de pessoas com necessidades espec\u00edficas a todas as oportunidades dispon\u00edveis. &nbsp;<\/p>\n\n\n\n<p>Em outras palavras, ela \u00e9 colocada em pr\u00e1tica quando oferecemos as mesmas chances a todos, por\u00e9m com adapta\u00e7\u00f5es feitas de acordo com as necessidades individuais de cada um. &nbsp;<\/p>\n\n\n\n<p>Por exemplo: todos deveriam poder concorrer em uma corrida com bicicletas. Mas, para que haja equidade, \u00e9 fundamental que cada um possa usar o tipo de bike que melhor lhe atende \u2013 como uma bicicleta de tr\u00eas rodas, no caso de usu\u00e1rios de cadeiras de rosas.<\/p>\n\n\n\n<h2 class=\"wp-block-heading\"><strong><mark style=\"background-color:rgba(0, 0, 0, 0);color:#809500\" class=\"has-inline-color\">Mas como atrair e reter este p\u00fablico?<\/mark><\/strong><\/h2>\n\n\n\n<p>Na maioria das vezes, o processo seletivo marca o primeiro contato que o colaborador ter\u00e1 com a empresa. Sendo assim, \u00e9 fundamental que ele seja muito bem conduzido e que todo o time de R&amp;S esteja alinhado com o objetivo da organiza\u00e7\u00e3o de ser diversa e inclusiva.\u00a0<\/p>\n\n\n\n<p><a href=\"https:\/\/conteudo.grupometarh.com.br\/candidate-experience\" target=\"_blank\" rel=\"noreferrer noopener\"><strong>BAIXE AGORA: Guia R\u00e1pido gratuito sobre Candidate Experience!<\/strong><\/a><\/p>\n\n\n\n<p>Uma das preocupa\u00e7\u00f5es que o RH deve ter \u00e9 com a elimina\u00e7\u00e3o de preconceitos sociais que possam vir a atrapalhar a contrata\u00e7\u00e3o do novo colaborador, mesmo que de forma inconsciente.&nbsp;<\/p>\n\n\n\n<p>Sabendo que isso ainda \u00e9 algo desafiador para muitos recrutadores, listamos algumas dicas que podem contribuir com a atra\u00e7\u00e3o de PcDs para as vagas da sua empresa:&nbsp;&nbsp;<\/p>\n\n\n\n<ol class=\"wp-block-list\"><li>Procure canais de divulga\u00e7\u00e3o variados para alcan\u00e7ar diferentes p\u00fablicos. Inclusive, existem sites que divulgam vagas apenas para PCDs.<\/li><li>Descreva a vaga de modo a incluir e n\u00e3o excluir, deixando claro que a vaga \u00e9 para mulheres, homens e tamb\u00e9m aberta a pessoas com defici\u00eancia. Usar uma linguagem inclusiva de g\u00eanero \u00e9 uma boa op\u00e7\u00e3o.\u00a0<\/li><li>Fa\u00e7a uma an\u00e1lise de curr\u00edculos inclusiva, focando na educa\u00e7\u00e3o e experi\u00eancias profissionais ao inv\u00e9s de focar nos dados pessoais. Outra op\u00e7\u00e3o \u00e9 abrir vagas de a\u00e7\u00f5es afirmativas, ou seja, voltadas exclusivamente para esse p\u00fablico.\u00a0<\/li><li>Crie um ambiente acolhedor para o processo de sele\u00e7\u00e3o, que pode ser demonstrado por ter acesso facilitado ou por ter um tradutor de libras, por exemplo.\u00a0<\/li><li>Construa uma <a href=\"https:\/\/metarh.com.br\/employer-branding\/\" target=\"_blank\" rel=\"noreferrer noopener\">Employer Branding<\/a> que evidencie a import\u00e2ncia dada \u00e0s a\u00e7\u00f5es de DE&amp;I. Se a sua empresa for conhecida no mercado como um bom local de trabalho para PcDs, isso aumentar\u00e1 as chances dela de atrair novos colaboradores deste grupo.<\/li><\/ol>\n\n\n\n<p>Colocando essas dicas em pr\u00e1tica, sua organiza\u00e7\u00e3o passar\u00e1 a mensagem de que se preocupa com a experi\u00eancia dos candidatos e que est\u00e1 aberta para todos os perfis de profissionais, independentemente de como eles s\u00e3o!\u00a0<\/p>\n\n\n\n<h2 class=\"wp-block-heading\"><strong><mark style=\"background-color:rgba(0, 0, 0, 0);color:#809500\" class=\"has-inline-color\">E depois que eles j\u00e1 est\u00e3o \u201cna casa\u201d, como reter as pessoas com defici\u00eancia?\u00a0<\/mark><\/strong><\/h2>\n\n\n\n<p>Ap\u00f3s a sele\u00e7\u00e3o, \u00e9 preciso que a boa impress\u00e3o seja mantida. Ent\u00e3o, prepare-se! Tenha um time alinhado para a recep\u00e7\u00e3o desses novos colaboradores e garanta que o acesso f\u00edsico e as ferramentas tecnol\u00f3gicas necess\u00e1rias ser\u00e3o garantidos.&nbsp;&nbsp;<\/p>\n\n\n\n<p>Normalmente, este \u00e9 o papel do time de desenvolvimento pessoal ou de treinamento, dentro do escopo do RH. Seja qual for a realidade da sua empresa, esteja atento a alguns cuidados essenciais:<\/p>\n\n\n\n<ol class=\"wp-block-list\"><li>Treine as pessoas que estar\u00e3o \u00e0 frente da integra\u00e7\u00e3o, j\u00e1 que os vieses inconscientes est\u00e3o grudados em tudo e todos. Ajude seu time a se livrar do preconceito, mesmo aqueles que n\u00e3o s\u00e3o facilmente identific\u00e1veis;\u00a0<\/li><li>Adapte n\u00e3o apenas a sua estrutura f\u00edsica, mas tamb\u00e9m a cultura organizacional. Para isso, garanta a equidade das oportunidades internas e tenha um olhar mais adequado nas comunica\u00e7\u00f5es feitas dentro da empresa;\u00a0<\/li><li>Crie um canal de den\u00fancias ou uma ouvidoria interna. Essa ferramenta ajudar\u00e1 o RH a mapear qualquer problema que as PcDs poder\u00e3o vir a encontrar na empresa, como intimida\u00e7\u00e3o e preconceito;<\/li><li>Promova a\u00e7\u00f5es e eventos voltados para as tem\u00e1ticas de DE&amp;I. Isso contribuir\u00e1 com a conscientiza\u00e7\u00e3o dos colaboradores da empresa de forma geral e com a constru\u00e7\u00e3o de um ambiente de trabalho mais agrad\u00e1vel e seguro para todos.<\/li><\/ol>\n\n\n\n<p>Essas s\u00e3o dicas bastantes pr\u00e1ticas que apoiar\u00e3o a chegada tanto de pessoas com defici\u00eancia, quanto de outros profissionais que se enquadrem em grupos historicamente minorizados, como mulheres, negros e pessoas LGBTQIAP+.\u00a0<\/p>\n\n\n\n<h2 class=\"wp-block-heading\"><strong><mark style=\"background-color:rgba(0, 0, 0, 0);color:#809500\" class=\"has-inline-color\">Lembre-se: a lideran\u00e7a tamb\u00e9m deve contribuir com a manuten\u00e7\u00e3o da DE&amp;I<\/mark><\/strong><\/h2>\n\n\n\n<p>J\u00e1 ouviu falar que \u00e9 mais legal ser\/ter um bom l\u00edder do que um gestor? Pois bem, \u00e9 ainda melhor ter um l\u00edder inclusivo do que apenas um l\u00edder! A lideran\u00e7a inclusiva ir\u00e1 garantir um tratamento com equidade para todos os integrantes da equipe.&nbsp;<\/p>\n\n\n\n<p>Dito isso, veja algumas orienta\u00e7\u00f5es que o RH pode e deve refor\u00e7ar junto \u00e0s lideran\u00e7as da empresa:<\/p>\n\n\n\n<ol class=\"wp-block-list\"><li>Escute sua equipe e as ideias que nascem dela;<\/li><li>Contribua com o time, dando direcionamentos e incorporando, de fato, o conceito de \u201cl\u00edder\u201d;&nbsp;<\/li><li>Estimule a criatividade, a inova\u00e7\u00e3o e a busca pelo prop\u00f3sito da empresa, pois se essa pessoa passou no processo seletivo e escolheu essa organiza\u00e7\u00e3o, os objetivos tendem a serem parecidos;&nbsp;<\/li><li>D\u00ea valor \u00e0 pluralidade, ou seja, valorize as diferentes formas de ser que existem em sua equipe;&nbsp;<\/li><li>N\u00e3o deixe que seus vieses inconscientes impe\u00e7am voc\u00ea de se conectar com algum membro do time.&nbsp;<\/li><\/ol>\n\n\n\n<p>Viu, s\u00f3? Parecem pontos simples, mas muitas vezes eles acabam caindo em esquecimento. \u00c9 por isso que a parceria entre o RH e os gestores da empresa faz toda a diferen\u00e7a!<\/p>\n\n\n\n<h2 class=\"wp-block-heading\"><strong><mark style=\"background-color:rgba(0, 0, 0, 0);color:#809500\" class=\"has-inline-color\">Considera\u00e7\u00f5es finais<\/mark><\/strong><\/h2>\n\n\n\n<p>Um grupo de colaboradores que pensa e vive igual dificilmente desenvolver\u00e1 solu\u00e7\u00f5es criativas e inovadoras. A tend\u00eancia \u00e9 que ocorra justamente o contr\u00e1rio, ou seja, que a mesmice tome conta do ambiente.&nbsp;<\/p>\n\n\n\n<p>Evitar que isso aconte\u00e7a \u00e9 uma das principais vantagens que um time diverso pode proporcionar. Por isso, investir e buscar melhorar nesse aspecto nunca ser\u00e1 esfor\u00e7o desperdi\u00e7ado! <strong>Gostou deste conte\u00fado e quer continuar aprendendo sobre ele? Ent\u00e3o baixe agora mesmo a nossa <a href=\"https:\/\/conteudo.grupometarh.com.br\/diversidade-e-inclusao\" target=\"_blank\" rel=\"noreferrer noopener\">Cartilha sobre Diversidade e Inclus\u00e3o<\/a>!<\/strong><\/p>\n\n\n\n<p><strong><mark style=\"background-color:rgba(0, 0, 0, 0)\" class=\"has-inline-color has-black-color\">Para continuar por dentro das principais tend\u00eancias do RH, inscreva-se em nossa newsletter!<\/mark><\/strong><\/p>\n\t\t\t\t\t\t\t\t<\/div>\n\t\t\t\t<\/div>\n\t\t\t\t<div class=\"elementor-element elementor-element-b0740b2 elementor-align-center elementor-widget elementor-widget-button\" data-id=\"b0740b2\" data-element_type=\"widget\" data-widget_type=\"button.default\">\n\t\t\t\t<div class=\"elementor-widget-container\">\n\t\t\t\t\t\t\t\t\t<div class=\"elementor-button-wrapper\">\n\t\t\t\t\t<a class=\"elementor-button elementor-button-link elementor-size-lg\" href=\"https:\/\/metarh.com.br\/newsletter-meta-news\/\">\n\t\t\t\t\t\t<span class=\"elementor-button-content-wrapper\">\n\t\t\t\t\t\t\t\t\t<span class=\"elementor-button-text\">QUERO RECEBER NOVIDADES<\/span>\n\t\t\t\t\t<\/span>\n\t\t\t\t\t<\/a>\n\t\t\t\t<\/div>\n\t\t\t\t\t\t\t\t<\/div>\n\t\t\t\t<\/div>\n\t\t\t\t\t<\/div>\n\t\t<\/div>\n\t\t\t\t\t<\/div>\n\t\t<\/section>\n\t\t\t\t<\/div>\n\t\t<div style=\"margin-top: 0px; margin-bottom: 0px;\" class=\"sharethis-inline-share-buttons\" ><\/div>","protected":false},"excerpt":{"rendered":"<p>A diversidade, equidade e inclus\u00e3o, antes palavrinhas pouco ditas nas empresas, agora se tornaram conceitos estrat\u00e9gicos dentro do mundo corporativo. Afinal, est\u00e1 cada vez mais claro que pessoas diferentes criam ambientes de trabalho com mais equidade, harmonia e inova\u00e7\u00e3o.&nbsp; &nbsp; Boa parte dos l\u00edderes j\u00e1 percebeu que times diversos possuem um potencial imenso. Mas, ainda&#8230;<\/p>\n","protected":false},"author":1,"featured_media":14919,"comment_status":"open","ping_status":"open","sticky":false,"template":"","format":"standard","meta":{"_kadence_starter_templates_imported_post":false,"_kad_post_transparent":"","_kad_post_title":"","_kad_post_layout":"","_kad_post_sidebar_id":"","_kad_post_content_style":"","_kad_post_vertical_padding":"","_kad_post_feature":"","_kad_post_feature_position":"","_kad_post_header":false,"_kad_post_footer":false,"_kad_post_classname":"","footnotes":""},"categories":[162,164,150,2],"tags":[44,36,38],"class_list":["post-13677","post","type-post","status-publish","format-standard","has-post-thumbnail","hentry","category-trilhando-mais","category-aprendizado-em-rh","category-dho","category-materias","tag-diversidade","tag-pcd","tag-processos-seletivos"],"yoast_head":"<!-- This site is optimized with the Yoast SEO Premium plugin v26.6 (Yoast SEO v27.5) - https:\/\/yoast.com\/product\/yoast-seo-premium-wordpress\/ -->\n<title>Equidade: como melhorar a atra\u00e7\u00e3o e reten\u00e7\u00e3o de profissionais com defici\u00eancia? - METARH +News<\/title>\n<meta name=\"description\" content=\"A diversidade, equidade e inclus\u00e3o se tornaram conceitos estrat\u00e9gicos e s\u00e3o uma das preocupa\u00e7\u00f5es que o RH deve ter.\" \/>\n<meta name=\"robots\" content=\"index, follow, max-snippet:-1, max-image-preview:large, max-video-preview:-1\" \/>\n<link rel=\"canonical\" href=\"https:\/\/metarh.com.br\/metarhnews\/equidade-profissionais-com-deficiencia\/\" \/>\n<meta property=\"og:locale\" content=\"pt_BR\" \/>\n<meta property=\"og:type\" content=\"article\" \/>\n<meta property=\"og:title\" content=\"Equidade: como melhorar a atra\u00e7\u00e3o e reten\u00e7\u00e3o de profissionais com defici\u00eancia?\" \/>\n<meta property=\"og:description\" content=\"A diversidade, equidade e inclus\u00e3o se tornaram conceitos estrat\u00e9gicos e s\u00e3o uma das preocupa\u00e7\u00f5es que o RH deve ter.\" \/>\n<meta property=\"og:url\" content=\"https:\/\/metarh.com.br\/metarhnews\/equidade-profissionais-com-deficiencia\/\" \/>\n<meta property=\"og:site_name\" content=\"METARH +News\" \/>\n<meta property=\"article:publisher\" content=\"https:\/\/www.facebook.com\/metarhumana\" \/>\n<meta property=\"article:published_time\" content=\"2022-10-26T14:32:01+00:00\" \/>\n<meta property=\"article:modified_time\" content=\"2026-01-21T18:56:42+00:00\" \/>\n<meta property=\"og:image\" content=\"https:\/\/metarh.com.br\/metarhnews\/wp-content\/uploads\/2022\/10\/Equidade-como-melhorar-a-atracao-1.jpg\" \/>\n\t<meta property=\"og:image:width\" content=\"1060\" \/>\n\t<meta property=\"og:image:height\" content=\"700\" \/>\n\t<meta property=\"og:image:type\" content=\"image\/jpeg\" \/>\n<meta name=\"author\" content=\"Admin@MetaNews\" \/>\n<meta name=\"twitter:card\" content=\"summary_large_image\" \/>\n<meta name=\"twitter:creator\" content=\"@metarhumana\" \/>\n<meta name=\"twitter:site\" content=\"@metarhumana\" \/>\n<meta name=\"twitter:label1\" content=\"Escrito por\" \/>\n\t<meta name=\"twitter:data1\" content=\"Admin@MetaNews\" \/>\n\t<meta name=\"twitter:label2\" content=\"Est. tempo de leitura\" \/>\n\t<meta name=\"twitter:data2\" content=\"7 minutos\" \/>\n<script type=\"application\/ld+json\" class=\"yoast-schema-graph\">{\"@context\":\"https:\\\/\\\/schema.org\",\"@graph\":[{\"@type\":\"Article\",\"@id\":\"https:\\\/\\\/metarh.com.br\\\/metarhnews\\\/equidade-profissionais-com-deficiencia\\\/#article\",\"isPartOf\":{\"@id\":\"https:\\\/\\\/metarh.com.br\\\/metarhnews\\\/equidade-profissionais-com-deficiencia\\\/\"},\"author\":{\"name\":\"Admin@MetaNews\",\"@id\":\"https:\\\/\\\/metarh.com.br\\\/metarhnews\\\/#\\\/schema\\\/person\\\/18a57200eba12baa93ec88d7fdac1d9b\"},\"headline\":\"Equidade: como melhorar a atra\u00e7\u00e3o e reten\u00e7\u00e3o de profissionais com defici\u00eancia?\",\"datePublished\":\"2022-10-26T14:32:01+00:00\",\"dateModified\":\"2026-01-21T18:56:42+00:00\",\"mainEntityOfPage\":{\"@id\":\"https:\\\/\\\/metarh.com.br\\\/metarhnews\\\/equidade-profissionais-com-deficiencia\\\/\"},\"wordCount\":1417,\"commentCount\":0,\"publisher\":{\"@id\":\"https:\\\/\\\/metarh.com.br\\\/metarhnews\\\/#organization\"},\"image\":{\"@id\":\"https:\\\/\\\/metarh.com.br\\\/metarhnews\\\/equidade-profissionais-com-deficiencia\\\/#primaryimage\"},\"thumbnailUrl\":\"https:\\\/\\\/metarh.com.br\\\/metarhnews\\\/wp-content\\\/uploads\\\/2022\\\/10\\\/Equidade-como-melhorar-a-atracao-1.jpg\",\"keywords\":[\"Diversidade\",\"PcD\",\"processos seletivos\"],\"articleSection\":[\"6 \u2022 Trilhando +\",\"Aprendizado\",\"DHO\",\"Mat\u00e9rias\"],\"inLanguage\":\"pt-BR\",\"potentialAction\":[{\"@type\":\"CommentAction\",\"name\":\"Comment\",\"target\":[\"https:\\\/\\\/metarh.com.br\\\/metarhnews\\\/equidade-profissionais-com-deficiencia\\\/#respond\"]}],\"copyrightYear\":\"2022\",\"copyrightHolder\":{\"@id\":\"https:\\\/\\\/metarh.com.br\\\/metarhnews\\\/#organization\"}},{\"@type\":\"WebPage\",\"@id\":\"https:\\\/\\\/metarh.com.br\\\/metarhnews\\\/equidade-profissionais-com-deficiencia\\\/\",\"url\":\"https:\\\/\\\/metarh.com.br\\\/metarhnews\\\/equidade-profissionais-com-deficiencia\\\/\",\"name\":\"Equidade: como melhorar a atra\u00e7\u00e3o e reten\u00e7\u00e3o de profissionais com defici\u00eancia? - METARH +News\",\"isPartOf\":{\"@id\":\"https:\\\/\\\/metarh.com.br\\\/metarhnews\\\/#website\"},\"primaryImageOfPage\":{\"@id\":\"https:\\\/\\\/metarh.com.br\\\/metarhnews\\\/equidade-profissionais-com-deficiencia\\\/#primaryimage\"},\"image\":{\"@id\":\"https:\\\/\\\/metarh.com.br\\\/metarhnews\\\/equidade-profissionais-com-deficiencia\\\/#primaryimage\"},\"thumbnailUrl\":\"https:\\\/\\\/metarh.com.br\\\/metarhnews\\\/wp-content\\\/uploads\\\/2022\\\/10\\\/Equidade-como-melhorar-a-atracao-1.jpg\",\"datePublished\":\"2022-10-26T14:32:01+00:00\",\"dateModified\":\"2026-01-21T18:56:42+00:00\",\"description\":\"A diversidade, equidade e inclus\u00e3o se tornaram conceitos estrat\u00e9gicos e s\u00e3o uma das preocupa\u00e7\u00f5es que o RH deve ter.\",\"breadcrumb\":{\"@id\":\"https:\\\/\\\/metarh.com.br\\\/metarhnews\\\/equidade-profissionais-com-deficiencia\\\/#breadcrumb\"},\"inLanguage\":\"pt-BR\",\"potentialAction\":[{\"@type\":\"ReadAction\",\"target\":[\"https:\\\/\\\/metarh.com.br\\\/metarhnews\\\/equidade-profissionais-com-deficiencia\\\/\"]}]},{\"@type\":\"ImageObject\",\"inLanguage\":\"pt-BR\",\"@id\":\"https:\\\/\\\/metarh.com.br\\\/metarhnews\\\/equidade-profissionais-com-deficiencia\\\/#primaryimage\",\"url\":\"https:\\\/\\\/metarh.com.br\\\/metarhnews\\\/wp-content\\\/uploads\\\/2022\\\/10\\\/Equidade-como-melhorar-a-atracao-1.jpg\",\"contentUrl\":\"https:\\\/\\\/metarh.com.br\\\/metarhnews\\\/wp-content\\\/uploads\\\/2022\\\/10\\\/Equidade-como-melhorar-a-atracao-1.jpg\",\"width\":1060,\"height\":700},{\"@type\":\"BreadcrumbList\",\"@id\":\"https:\\\/\\\/metarh.com.br\\\/metarhnews\\\/equidade-profissionais-com-deficiencia\\\/#breadcrumb\",\"itemListElement\":[{\"@type\":\"ListItem\",\"position\":1,\"name\":\"In\u00edcio\",\"item\":\"https:\\\/\\\/metarh.com.br\\\/metarhnews\\\/\"},{\"@type\":\"ListItem\",\"position\":2,\"name\":\"Equidade: como melhorar a atra\u00e7\u00e3o e reten\u00e7\u00e3o de profissionais com defici\u00eancia?\"}]},{\"@type\":\"WebSite\",\"@id\":\"https:\\\/\\\/metarh.com.br\\\/metarhnews\\\/#website\",\"url\":\"https:\\\/\\\/metarh.com.br\\\/metarhnews\\\/\",\"name\":\"METARH +News\",\"description\":\"Conte\u00fado focado em Gest\u00e3o de Pessoas\",\"publisher\":{\"@id\":\"https:\\\/\\\/metarh.com.br\\\/metarhnews\\\/#organization\"},\"potentialAction\":[{\"@type\":\"SearchAction\",\"target\":{\"@type\":\"EntryPoint\",\"urlTemplate\":\"https:\\\/\\\/metarh.com.br\\\/metarhnews\\\/?s={search_term_string}\"},\"query-input\":{\"@type\":\"PropertyValueSpecification\",\"valueRequired\":true,\"valueName\":\"search_term_string\"}}],\"inLanguage\":\"pt-BR\"},{\"@type\":\"Organization\",\"@id\":\"https:\\\/\\\/metarh.com.br\\\/metarhnews\\\/#organization\",\"name\":\"METARH +Humana\",\"url\":\"https:\\\/\\\/metarh.com.br\\\/metarhnews\\\/\",\"logo\":{\"@type\":\"ImageObject\",\"inLanguage\":\"pt-BR\",\"@id\":\"https:\\\/\\\/metarh.com.br\\\/metarhnews\\\/#\\\/schema\\\/logo\\\/image\\\/\",\"url\":\"https:\\\/\\\/metarh.com.br\\\/metarhnews\\\/wp-content\\\/uploads\\\/2025\\\/02\\\/METARH-Azul-Horizontal.png\",\"contentUrl\":\"https:\\\/\\\/metarh.com.br\\\/metarhnews\\\/wp-content\\\/uploads\\\/2025\\\/02\\\/METARH-Azul-Horizontal.png\",\"width\":1002,\"height\":303,\"caption\":\"METARH +Humana\"},\"image\":{\"@id\":\"https:\\\/\\\/metarh.com.br\\\/metarhnews\\\/#\\\/schema\\\/logo\\\/image\\\/\"},\"sameAs\":[\"https:\\\/\\\/www.facebook.com\\\/metarhumana\",\"https:\\\/\\\/x.com\\\/metarhumana\",\"https:\\\/\\\/www.instagram.com\\\/metarhumana\\\/\",\"https:\\\/\\\/www.youtube.com\\\/@metarhumana\"]},{\"@type\":\"Person\",\"@id\":\"https:\\\/\\\/metarh.com.br\\\/metarhnews\\\/#\\\/schema\\\/person\\\/18a57200eba12baa93ec88d7fdac1d9b\",\"name\":\"Admin@MetaNews\",\"image\":{\"@type\":\"ImageObject\",\"inLanguage\":\"pt-BR\",\"@id\":\"https:\\\/\\\/secure.gravatar.com\\\/avatar\\\/f6d25765469a37388aa705f1e537f1fe91e7c606c074552c00142b32890766d8?s=96&d=mm&r=g\",\"url\":\"https:\\\/\\\/secure.gravatar.com\\\/avatar\\\/f6d25765469a37388aa705f1e537f1fe91e7c606c074552c00142b32890766d8?s=96&d=mm&r=g\",\"contentUrl\":\"https:\\\/\\\/secure.gravatar.com\\\/avatar\\\/f6d25765469a37388aa705f1e537f1fe91e7c606c074552c00142b32890766d8?s=96&d=mm&r=g\",\"caption\":\"Admin@MetaNews\"},\"sameAs\":[\"https:\\\/\\\/metarh.com.br\\\/metarhnews\"],\"url\":\"https:\\\/\\\/metarh.com.br\\\/metarhnews\\\/author\\\/adminmetanews\\\/\"}]}<\/script>\n<!-- \/ Yoast SEO Premium plugin. -->","yoast_head_json":{"title":"Equidade: como melhorar a atra\u00e7\u00e3o e reten\u00e7\u00e3o de profissionais com defici\u00eancia? - METARH +News","description":"A diversidade, equidade e inclus\u00e3o se tornaram conceitos estrat\u00e9gicos e s\u00e3o uma das preocupa\u00e7\u00f5es que o RH deve ter.","robots":{"index":"index","follow":"follow","max-snippet":"max-snippet:-1","max-image-preview":"max-image-preview:large","max-video-preview":"max-video-preview:-1"},"canonical":"https:\/\/metarh.com.br\/metarhnews\/equidade-profissionais-com-deficiencia\/","og_locale":"pt_BR","og_type":"article","og_title":"Equidade: como melhorar a atra\u00e7\u00e3o e reten\u00e7\u00e3o de profissionais com defici\u00eancia?","og_description":"A diversidade, equidade e inclus\u00e3o se tornaram conceitos estrat\u00e9gicos e s\u00e3o uma das preocupa\u00e7\u00f5es que o RH deve ter.","og_url":"https:\/\/metarh.com.br\/metarhnews\/equidade-profissionais-com-deficiencia\/","og_site_name":"METARH +News","article_publisher":"https:\/\/www.facebook.com\/metarhumana","article_published_time":"2022-10-26T14:32:01+00:00","article_modified_time":"2026-01-21T18:56:42+00:00","og_image":[{"width":1060,"height":700,"url":"https:\/\/metarh.com.br\/metarhnews\/wp-content\/uploads\/2022\/10\/Equidade-como-melhorar-a-atracao-1.jpg","type":"image\/jpeg"}],"author":"Admin@MetaNews","twitter_card":"summary_large_image","twitter_creator":"@metarhumana","twitter_site":"@metarhumana","twitter_misc":{"Escrito por":"Admin@MetaNews","Est. tempo de leitura":"7 minutos"},"schema":{"@context":"https:\/\/schema.org","@graph":[{"@type":"Article","@id":"https:\/\/metarh.com.br\/metarhnews\/equidade-profissionais-com-deficiencia\/#article","isPartOf":{"@id":"https:\/\/metarh.com.br\/metarhnews\/equidade-profissionais-com-deficiencia\/"},"author":{"name":"Admin@MetaNews","@id":"https:\/\/metarh.com.br\/metarhnews\/#\/schema\/person\/18a57200eba12baa93ec88d7fdac1d9b"},"headline":"Equidade: como melhorar a atra\u00e7\u00e3o e reten\u00e7\u00e3o de profissionais com defici\u00eancia?","datePublished":"2022-10-26T14:32:01+00:00","dateModified":"2026-01-21T18:56:42+00:00","mainEntityOfPage":{"@id":"https:\/\/metarh.com.br\/metarhnews\/equidade-profissionais-com-deficiencia\/"},"wordCount":1417,"commentCount":0,"publisher":{"@id":"https:\/\/metarh.com.br\/metarhnews\/#organization"},"image":{"@id":"https:\/\/metarh.com.br\/metarhnews\/equidade-profissionais-com-deficiencia\/#primaryimage"},"thumbnailUrl":"https:\/\/metarh.com.br\/metarhnews\/wp-content\/uploads\/2022\/10\/Equidade-como-melhorar-a-atracao-1.jpg","keywords":["Diversidade","PcD","processos seletivos"],"articleSection":["6 \u2022 Trilhando +","Aprendizado","DHO","Mat\u00e9rias"],"inLanguage":"pt-BR","potentialAction":[{"@type":"CommentAction","name":"Comment","target":["https:\/\/metarh.com.br\/metarhnews\/equidade-profissionais-com-deficiencia\/#respond"]}],"copyrightYear":"2022","copyrightHolder":{"@id":"https:\/\/metarh.com.br\/metarhnews\/#organization"}},{"@type":"WebPage","@id":"https:\/\/metarh.com.br\/metarhnews\/equidade-profissionais-com-deficiencia\/","url":"https:\/\/metarh.com.br\/metarhnews\/equidade-profissionais-com-deficiencia\/","name":"Equidade: como melhorar a atra\u00e7\u00e3o e reten\u00e7\u00e3o de profissionais com defici\u00eancia? - METARH +News","isPartOf":{"@id":"https:\/\/metarh.com.br\/metarhnews\/#website"},"primaryImageOfPage":{"@id":"https:\/\/metarh.com.br\/metarhnews\/equidade-profissionais-com-deficiencia\/#primaryimage"},"image":{"@id":"https:\/\/metarh.com.br\/metarhnews\/equidade-profissionais-com-deficiencia\/#primaryimage"},"thumbnailUrl":"https:\/\/metarh.com.br\/metarhnews\/wp-content\/uploads\/2022\/10\/Equidade-como-melhorar-a-atracao-1.jpg","datePublished":"2022-10-26T14:32:01+00:00","dateModified":"2026-01-21T18:56:42+00:00","description":"A diversidade, equidade e inclus\u00e3o se tornaram conceitos estrat\u00e9gicos e s\u00e3o uma das preocupa\u00e7\u00f5es que o RH deve ter.","breadcrumb":{"@id":"https:\/\/metarh.com.br\/metarhnews\/equidade-profissionais-com-deficiencia\/#breadcrumb"},"inLanguage":"pt-BR","potentialAction":[{"@type":"ReadAction","target":["https:\/\/metarh.com.br\/metarhnews\/equidade-profissionais-com-deficiencia\/"]}]},{"@type":"ImageObject","inLanguage":"pt-BR","@id":"https:\/\/metarh.com.br\/metarhnews\/equidade-profissionais-com-deficiencia\/#primaryimage","url":"https:\/\/metarh.com.br\/metarhnews\/wp-content\/uploads\/2022\/10\/Equidade-como-melhorar-a-atracao-1.jpg","contentUrl":"https:\/\/metarh.com.br\/metarhnews\/wp-content\/uploads\/2022\/10\/Equidade-como-melhorar-a-atracao-1.jpg","width":1060,"height":700},{"@type":"BreadcrumbList","@id":"https:\/\/metarh.com.br\/metarhnews\/equidade-profissionais-com-deficiencia\/#breadcrumb","itemListElement":[{"@type":"ListItem","position":1,"name":"In\u00edcio","item":"https:\/\/metarh.com.br\/metarhnews\/"},{"@type":"ListItem","position":2,"name":"Equidade: como melhorar a atra\u00e7\u00e3o e reten\u00e7\u00e3o de profissionais com defici\u00eancia?"}]},{"@type":"WebSite","@id":"https:\/\/metarh.com.br\/metarhnews\/#website","url":"https:\/\/metarh.com.br\/metarhnews\/","name":"METARH +News","description":"Conte\u00fado focado em Gest\u00e3o de Pessoas","publisher":{"@id":"https:\/\/metarh.com.br\/metarhnews\/#organization"},"potentialAction":[{"@type":"SearchAction","target":{"@type":"EntryPoint","urlTemplate":"https:\/\/metarh.com.br\/metarhnews\/?s={search_term_string}"},"query-input":{"@type":"PropertyValueSpecification","valueRequired":true,"valueName":"search_term_string"}}],"inLanguage":"pt-BR"},{"@type":"Organization","@id":"https:\/\/metarh.com.br\/metarhnews\/#organization","name":"METARH +Humana","url":"https:\/\/metarh.com.br\/metarhnews\/","logo":{"@type":"ImageObject","inLanguage":"pt-BR","@id":"https:\/\/metarh.com.br\/metarhnews\/#\/schema\/logo\/image\/","url":"https:\/\/metarh.com.br\/metarhnews\/wp-content\/uploads\/2025\/02\/METARH-Azul-Horizontal.png","contentUrl":"https:\/\/metarh.com.br\/metarhnews\/wp-content\/uploads\/2025\/02\/METARH-Azul-Horizontal.png","width":1002,"height":303,"caption":"METARH +Humana"},"image":{"@id":"https:\/\/metarh.com.br\/metarhnews\/#\/schema\/logo\/image\/"},"sameAs":["https:\/\/www.facebook.com\/metarhumana","https:\/\/x.com\/metarhumana","https:\/\/www.instagram.com\/metarhumana\/","https:\/\/www.youtube.com\/@metarhumana"]},{"@type":"Person","@id":"https:\/\/metarh.com.br\/metarhnews\/#\/schema\/person\/18a57200eba12baa93ec88d7fdac1d9b","name":"Admin@MetaNews","image":{"@type":"ImageObject","inLanguage":"pt-BR","@id":"https:\/\/secure.gravatar.com\/avatar\/f6d25765469a37388aa705f1e537f1fe91e7c606c074552c00142b32890766d8?s=96&d=mm&r=g","url":"https:\/\/secure.gravatar.com\/avatar\/f6d25765469a37388aa705f1e537f1fe91e7c606c074552c00142b32890766d8?s=96&d=mm&r=g","contentUrl":"https:\/\/secure.gravatar.com\/avatar\/f6d25765469a37388aa705f1e537f1fe91e7c606c074552c00142b32890766d8?s=96&d=mm&r=g","caption":"Admin@MetaNews"},"sameAs":["https:\/\/metarh.com.br\/metarhnews"],"url":"https:\/\/metarh.com.br\/metarhnews\/author\/adminmetanews\/"}]}},"_links":{"self":[{"href":"https:\/\/metarh.com.br\/metarhnews\/wp-json\/wp\/v2\/posts\/13677","targetHints":{"allow":["GET"]}}],"collection":[{"href":"https:\/\/metarh.com.br\/metarhnews\/wp-json\/wp\/v2\/posts"}],"about":[{"href":"https:\/\/metarh.com.br\/metarhnews\/wp-json\/wp\/v2\/types\/post"}],"author":[{"embeddable":true,"href":"https:\/\/metarh.com.br\/metarhnews\/wp-json\/wp\/v2\/users\/1"}],"replies":[{"embeddable":true,"href":"https:\/\/metarh.com.br\/metarhnews\/wp-json\/wp\/v2\/comments?post=13677"}],"version-history":[{"count":2,"href":"https:\/\/metarh.com.br\/metarhnews\/wp-json\/wp\/v2\/posts\/13677\/revisions"}],"predecessor-version":[{"id":16994,"href":"https:\/\/metarh.com.br\/metarhnews\/wp-json\/wp\/v2\/posts\/13677\/revisions\/16994"}],"wp:featuredmedia":[{"embeddable":true,"href":"https:\/\/metarh.com.br\/metarhnews\/wp-json\/wp\/v2\/media\/14919"}],"wp:attachment":[{"href":"https:\/\/metarh.com.br\/metarhnews\/wp-json\/wp\/v2\/media?parent=13677"}],"wp:term":[{"taxonomy":"category","embeddable":true,"href":"https:\/\/metarh.com.br\/metarhnews\/wp-json\/wp\/v2\/categories?post=13677"},{"taxonomy":"post_tag","embeddable":true,"href":"https:\/\/metarh.com.br\/metarhnews\/wp-json\/wp\/v2\/tags?post=13677"}],"curies":[{"name":"wp","href":"https:\/\/api.w.org\/{rel}","templated":true}]}}