{"id":15182,"date":"2023-06-06T10:00:00","date_gmt":"2023-06-06T13:00:00","guid":{"rendered":"https:\/\/metarh.com.br\/metarhnews\/?p=15182"},"modified":"2026-01-21T15:56:02","modified_gmt":"2026-01-21T18:56:02","slug":"esg-rh","status":"publish","type":"post","link":"https:\/\/metarh.com.br\/metarhnews\/esg-rh\/","title":{"rendered":"RH no ESG: por que o setor \u00e9 uma pe\u00e7a-chave na agenda Ambiental, Social e de Governan\u00e7a?"},"content":{"rendered":"\n<div class=\"wp-block-columns is-layout-flex wp-container-core-columns-is-layout-9d6595d7 wp-block-columns-is-layout-flex\">\n<div class=\"wp-block-column is-layout-flow wp-block-column-is-layout-flow\" style=\"flex-basis:100%\">\n<div class=\"wp-block-group\"><div class=\"wp-block-group__inner-container is-layout-constrained wp-block-group-is-layout-constrained\"><div class=\"sfsi_widget sfsi_shortcode_container\"><div class=\"norm_row sfsi_wDiv \"  style=\"width:225px;text-align:left;\"><div style='width:40px; height:40px;margin-left:5px;margin-bottom:5px; ' class='sfsi_wicons shuffeldiv ' ><div class='inerCnt'><a class=' sficn' data-effect='' target='_blank' rel='noopener'  href='' id='sfsiid_facebook_icon' style='width:40px;height:40px;opacity:1;'  ><img data-pin-nopin='true' alt='Facebook' title='Facebook' src='https:\/\/metarh.com.br\/metarhnews\/wp-content\/plugins\/ultimate-social-media-icons\/images\/icons_theme\/icons_only\/icons_only_facebook.png' width='40' height='40' style='' class='sfcm sfsi_wicon ' data-effect=''   \/><\/a><div class=\"sfsi_tool_tip_2 fb_tool_bdr sfsiTlleft\" style=\"opacity:0;z-index:-1;\" id=\"sfsiid_facebook\"><span class=\"bot_arow bot_fb_arow\"><\/span><div class=\"sfsi_inside\"><div  class='icon3'><a target='_blank' rel='noopener' href='https:\/\/www.facebook.com\/sharer\/sharer.php?u=https%3A%2F%2Fmetarh.com.br%2Fmetarhnews%2Fwp-json%2Fwp%2Fv2%2Fposts%2F15182' style='display:inline-block;'  > <img class='sfsi_wicon'  data-pin-nopin='true' alt='fb-share-icon' title='Facebook Share' src='https:\/\/metarh.com.br\/metarhnews\/wp-content\/plugins\/ultimate-social-media-icons\/images\/share_icons\/fb_icons\/en_US.svg' \/><\/a><\/div><\/div><\/div><\/div><\/div><div style='width:40px; height:40px;margin-left:5px;margin-bottom:5px; ' class='sfsi_wicons shuffeldiv ' ><div class='inerCnt'><a class=' sficn' data-effect='' target='_blank' rel='noopener'  href='' id='sfsiid_twitter_icon' style='width:40px;height:40px;opacity:1;'  ><img data-pin-nopin='true' alt='Twitter' title='Twitter' src='https:\/\/metarh.com.br\/metarhnews\/wp-content\/plugins\/ultimate-social-media-icons\/images\/icons_theme\/icons_only\/icons_only_twitter.png' width='40' height='40' style='' class='sfcm sfsi_wicon ' data-effect=''   \/><\/a><div class=\"sfsi_tool_tip_2 twt_tool_bdr sfsiTlleft\" style=\"opacity:0;z-index:-1;\" id=\"sfsiid_twitter\"><span class=\"bot_arow bot_twt_arow\"><\/span><div class=\"sfsi_inside\"><div  class='icon2'><div class='sf_twiter' style='display: inline-block;vertical-align: middle;width: auto;'>\r\n\t\t\t\t\t\t<a target='_blank' rel='noopener' href='https:\/\/x.com\/intent\/post?text=Novo+post+do+METARH+%2BNews+%23metarh+via%40my_twitter_name+https%3A%2F%2Fmetarh.com.br%2Fmetarhnews%2Fwp-json%2Fwp%2Fv2%2Fposts%2F15182' style='display:inline-block' >\r\n\t\t\t\t\t\t\t<img data-pin-nopin= true class='sfsi_wicon' src='https:\/\/metarh.com.br\/metarhnews\/wp-content\/plugins\/ultimate-social-media-icons\/images\/share_icons\/Twitter_Tweet\/en_US_Tweet.svg' alt='Post on X' title='Post on X' >\r\n\t\t\t\t\t\t<\/a>\r\n\t\t\t\t\t<\/div><\/div><\/div><\/div><\/div><\/div><div style='width:40px; height:40px;margin-left:5px;margin-bottom:5px; ' class='sfsi_wicons shuffeldiv ' ><div class='inerCnt'><a class=' sficn' data-effect='' target='_blank' rel='noopener'  href='' id='sfsiid_linkedin_icon' style='width:40px;height:40px;opacity:1;'  ><img data-pin-nopin='true' alt='' title='' src='https:\/\/metarh.com.br\/metarhnews\/wp-content\/plugins\/ultimate-social-media-icons\/images\/icons_theme\/icons_only\/icons_only_linkedin.png' width='40' height='40' style='' class='sfcm sfsi_wicon ' data-effect=''   \/><\/a><\/div><\/div><div style='width:40px; height:40px;margin-left:5px;margin-bottom:5px; ' class='sfsi_wicons shuffeldiv ' ><div class='inerCnt'><a class=' sficn' data-effect='' target='_blank' rel='noopener'  href='https:\/\/api.whatsapp.com\/send?text=https%3A%2F%2Fmetarh.com.br%2Fmetarhnews%2Fesg-rh%2F' id='sfsiid_whatsapp_icon' style='width:40px;height:40px;opacity:1;'  ><img data-pin-nopin='true' alt='' title='' src='https:\/\/metarh.com.br\/metarhnews\/wp-content\/plugins\/ultimate-social-media-icons\/images\/icons_theme\/icons_only\/icons_only_whatsapp.png' width='40' height='40' style='' class='sfcm sfsi_wicon ' data-effect=''   \/><\/a><\/div><\/div><div style='width:40px; height:40px;margin-left:5px;margin-bottom:5px; ' class='sfsi_wicons shuffeldiv ' ><div class='inerCnt'><a class=' sficn' data-effect='' target='_blank' rel='noopener'  href='https:\/\/www.facebook.com\/dialog\/send?app_id=244819978951470&display=popup&link=https%3A%2F%2Fmetarh.com.br%2Fmetarhnews%2Fesg-rh%2F&redirect_uri=https%3A%2F%2Fmetarh.com.br%2Fmetarhnews%2Fwp-json%2Fwp%2Fv2%2Fposts%2F15182\/' id='sfsiid_fbmessenger_icon' style='width:40px;height:40px;opacity:1;'  ><img data-pin-nopin='true' alt='' title='' src='https:\/\/metarh.com.br\/metarhnews\/wp-content\/plugins\/ultimate-social-media-icons\/images\/icons_theme\/icons_only\/icons_only_fbmessenger.png' width='40' height='40' style='' class='sfcm sfsi_wicon ' data-effect=''   \/><\/a><\/div><\/div><\/div ><div id=\"sfsi_holder\" class=\"sfsi_holders\" style=\"position: relative; float: left;width:100%;z-index:-1;\"><\/div ><script>window.addEventListener(\"sfsi_functions_loaded\", function()\n\t\t\t{\n\t\t\t\tif (typeof sfsi_widget_set == \"function\") {\n\t\t\t\t\tsfsi_widget_set();\n\t\t\t\t}\n\t\t\t}); <\/script><div style=\"clear: both;\"><\/div><\/div>\n<\/div><\/div>\n<\/div>\n<\/div>\n\n\n\n<p>A cada ano que passa, as palavras Ambiental, Social e Governan\u00e7a ganham mais relev\u00e2ncia no mundo dos neg\u00f3cios. Por\u00e9m, al\u00e9m de parte da popula\u00e7\u00e3o ainda ter d\u00favidas sobre o real significado desses pilares, h\u00e1 muitos profissionais de Recursos Humanos que desconhecem o papel chave do <strong>RH no ESG<\/strong>.&nbsp;<\/p>\n\n\n\n<p>Se pararmos para pensar que s\u00e3o as pessoas que fazem a empresa acontecer e que, portanto, s\u00e3o elas que de fato colocar\u00e3o as a\u00e7\u00f5es de ESG em pr\u00e1tica nas companhias, fica f\u00e1cil come\u00e7ar a entender por que \u00e9 t\u00e3o importante que o RH esteja alinhado com esse conceito.<\/p>\n\n\n\n<p>Sim, promover uma cultura corporativa que converse com a agenda ambiental, social e de governan\u00e7a tamb\u00e9m \u00e9 responsabilidade do setor. Por isso, te convidamos a seguir com a leitura do artigo e entender mais sobre essa estreita rela\u00e7\u00e3o!<\/p>\n\n\n\n<h2 class=\"wp-block-heading\" id=\"h-o-que-e-esg\"><strong>O que \u00e9 ESG?<\/strong><\/h2>\n\n\n\n<p>Antes de falarmos sobre o papel do RH no ESG, n\u00e3o poder\u00edamos deixar de explicar mais sobre essas tr\u00eas letras t\u00e3o presentes no ambiente corporativo atualmente. Ent\u00e3o vamos l\u00e1!<\/p>\n\n\n\n<p>ESG \u00e9 a sigla em ingl\u00eas para <em>Environmental<\/em> (E), <em>Social<\/em> (S) and <em>Governance<\/em> (G) \u2013 palavras que, em portugu\u00eas, podem ser entendidas como Ambiental, Social e Governan\u00e7a Corporativa.&nbsp;<\/p>\n\n\n\n<p>Mas o que isso realmente quer dizer?<\/p>\n\n\n\n<p>Na pr\u00e1tica, o termo ESG se refere a um conjunto de crit\u00e9rios utilizados para avaliar a sustentabilidade e a responsabilidade das empresas em geral. Esses crit\u00e9rios, por sua vez, v\u00eam sendo frequentemente usados por investidores e analistas na hora de tomar decis\u00f5es de investimento e de gest\u00e3o de risco.<\/p>\n\n\n\n<p>Para que voc\u00ea possa entender melhor, listamos quais pr\u00e1ticas est\u00e3o inseridas dentro de cada um dos tr\u00eas pilares:<\/p>\n\n\n\n<ul class=\"wp-block-list\">\n<li><strong>E<\/strong>: se refere a como as empresas lidam com quest\u00f5es relacionadas ao meio ambiente, como, por exemplo, a gest\u00e3o de res\u00edduos, a efici\u00eancia energ\u00e9tica, a emiss\u00e3o de gases de efeito estufa e a utiliza\u00e7\u00e3o de recursos naturais;<\/li>\n\n\n\n<li><strong>S<\/strong>: diz respeito a como as empresas gerenciam seus impactos e rela\u00e7\u00f5es sociais, incluindo, por exemplo, a diversidade e inclus\u00e3o, a sa\u00fade e seguran\u00e7a dos funcion\u00e1rios, as rela\u00e7\u00f5es com fornecedores e clientes, entre outros;<\/li>\n\n\n\n<li><strong>G<\/strong>: se refere a como as empresas s\u00e3o gerenciadas e governadas, incluindo, por exemplo, a \u00e9tica corporativa, a transpar\u00eancia financeira, a independ\u00eancia do conselho de administra\u00e7\u00e3o e a remunera\u00e7\u00e3o dos executivos.<\/li>\n<\/ul>\n\n\n\n<p>Quando falamos em ESG no RH, \u00e9 importante compreender que a <strong><a href=\"https:\/\/metarh.com.br\/metarhnews\/sustentabilidade-corporativa\/\">sustentabilidade corporativa<\/a><\/strong> vai muito al\u00e9m de a\u00e7\u00f5es pontuais, estando diretamente ligada \u00e0 forma como as empresas estruturam suas pessoas, processos e decis\u00f5es no longo prazo.<\/p>\n\n\n\n<h2 class=\"wp-block-heading\" id=\"h-por-que-esse-e-um-conceito-tao-importante-para-as-empresas\"><strong>Por que esse \u00e9 um conceito t\u00e3o importante para as empresas?<\/strong><\/h2>\n\n\n\n<p>H\u00e1 muitos motivos pelos quais a agenda ESG vem se tornando uma prioridade para as organiza\u00e7\u00f5es, a come\u00e7ar por um que j\u00e1 mencionamos antes: empresas que possuem um compromisso s\u00e9rio com as quest\u00f5es ambientais, sociais e de governan\u00e7a s\u00e3o mais valorizadas pelos investidores e pela sociedade em geral.<\/p>\n\n\n\n<p>Mas n\u00e3o se trata apenas de uma tend\u00eancia de mercado: em um mundo no qual a degrada\u00e7\u00e3o ambiental, as desigualdades sociais e as pr\u00e1ticas empresariais irrespons\u00e1veis est\u00e3o se tornando cada vez mais evidentes e preocupantes, essas se tornam pautas urgentes.&nbsp;<\/p>\n\n\n\n<p>Entre os benef\u00edcios em seguir a agenda ESG, tanto para as empresas quanto para a popula\u00e7\u00e3o, destacam-se:<\/p>\n\n\n\n<ol class=\"wp-block-list\">\n<li><strong>Melhora do desempenho financeiro a longo prazo<\/strong>: as pr\u00e1ticas ESG ajudam a reduzir riscos, melhorar a efici\u00eancia operacional, aumentar a inova\u00e7\u00e3o e abrir novas oportunidades de mercado.<\/li>\n\n\n\n<li><strong>Fortalecimento da reputa\u00e7\u00e3o<\/strong>: empresas que adotam pr\u00e1ticas ESG tendem a aumentar a confian\u00e7a dos consumidores e melhorar as rela\u00e7\u00f5es com os clientes e fornecedores;<\/li>\n\n\n\n<li><strong>Atra\u00e7\u00e3o e reten\u00e7\u00e3o de talentos<\/strong>: cuidar das pessoas que fazem parte do neg\u00f3cio tamb\u00e9m \u00e9 um compromisso que integra a agenda ESG. Como consequ\u00eancia, os esfor\u00e7os nesta frente tamb\u00e9m tendem a fortalecer a marca empregadora, melhorar a satisfa\u00e7\u00e3o dos funcion\u00e1rios e reduzir a rotatividade de talentos;<\/li>\n\n\n\n<li><strong>Redu\u00e7\u00e3o de riscos: <\/strong>aqui entram, principalmente, os riscos operacionais e de reputa\u00e7\u00e3o associados a quest\u00f5es ambientais, sociais e de governan\u00e7a. O que, por sua vez, pode ajudar a prevenir crises que prejudiquem a empresa e seus stakeholders;<\/li>\n<\/ol>\n\n\n\n<p><strong>Contribui\u00e7\u00e3o para a sociedade<\/strong>: por fim, as empresas alinhadas \u00e0 agenda ESG contribuem para a constru\u00e7\u00e3o de um mundo mais justo, sustent\u00e1vel e equitativo, melhorando tanto a qualidade de vida dos funcion\u00e1rios quanto das comunidades em que a empresa opera.<\/p>\n\n\n\n<figure class=\"wp-block-image size-large\"><a href=\"https:\/\/conteudo.metarh.com.br\/diversidade-e-inclusao\" target=\"_blank\" rel=\"noreferrer noopener\"><img fetchpriority=\"high\" decoding=\"async\" width=\"1024\" height=\"377\" src=\"https:\/\/metarh.com.br\/metarhnews\/wp-content\/uploads\/2023\/04\/Cartilha_Diversidade-1024x377.jpg\" alt=\"Cartilha de Diversidade\" class=\"wp-image-14863\" srcset=\"https:\/\/metarh.com.br\/metarhnews\/wp-content\/uploads\/2023\/04\/Cartilha_Diversidade-1024x377.jpg 1024w, https:\/\/metarh.com.br\/metarhnews\/wp-content\/uploads\/2023\/04\/Cartilha_Diversidade-300x110.jpg 300w, https:\/\/metarh.com.br\/metarhnews\/wp-content\/uploads\/2023\/04\/Cartilha_Diversidade-768x283.jpg 768w, https:\/\/metarh.com.br\/metarhnews\/wp-content\/uploads\/2023\/04\/Cartilha_Diversidade-1536x565.jpg 1536w, https:\/\/metarh.com.br\/metarhnews\/wp-content\/uploads\/2023\/04\/Cartilha_Diversidade.jpg 1900w\" sizes=\"(max-width: 1024px) 100vw, 1024px\" \/><\/a><\/figure>\n\n\n\n<h2 class=\"wp-block-heading\" id=\"h-onde-entra-o-rh-no-esg-nbsp\"><strong>Onde entra o RH no ESG?&nbsp;<\/strong><\/h2>\n\n\n\n<p>Como voc\u00ea deve ter reparado acima, as pautas ESG t\u00eam um impacto direto nos funcion\u00e1rios e na cultura das empresas. E \u00e9 justamente por isso que a conduta do RH est\u00e1 diretamente ligada ao sucesso das a\u00e7\u00f5es encabe\u00e7adas nas frentes Ambiental, Social e de Governan\u00e7a.<\/p>\n\n\n\n<p>Veja, na sequ\u00eancia, as principais contribui\u00e7\u00f5es do setor para uma implementa\u00e7\u00e3o bem-sucedida da mentalidade ESG:<\/p>\n\n\n\n<ol class=\"wp-block-list\">\n<li><strong>Cultura organizacional<\/strong><\/li>\n<\/ol>\n\n\n\n<p>O RH pode liderar a cria\u00e7\u00e3o ou o fortalecimento de uma cultura corporativa que valorize a sustentabilidade e a responsabilidade social.&nbsp;<\/p>\n\n\n\n<p>Isso pode ser feito de muitas formas: divulgando os valores ESG na comunica\u00e7\u00e3o interna, oferecendo programas de desenvolvimento em todos os n\u00edveis da empresa, treinando as lideran\u00e7as para que elas possam incorporar esses valores na gest\u00e3o de talentos, entre outros.<\/p>\n\n\n\n<ol start=\"2\" class=\"wp-block-list\">\n<li><strong>Diversidade, Equidade<\/strong> <strong>e Inclus\u00e3o<\/strong><\/li>\n<\/ol>\n\n\n\n<p>Muitas das pr\u00e1ticas incentivadas na letra \u201cS\u201d de ESG podem \u2013 e devem \u2013 ser encabe\u00e7adas pela equipe de RH. Um exemplo claro disso s\u00e3o as a\u00e7\u00f5es que apoiem a <a href=\"https:\/\/metarh.com.br\/de&amp;i\/\" target=\"_blank\" rel=\"noreferrer noopener\">Diversidade, Equidade e <strong>Inclus\u00e3o<\/strong><\/a> nas companhias.&nbsp;<\/p>\n\n\n\n<p>Entre elas, est\u00e3o o incentivo ao debate sobre essa tem\u00e1tica, a cria\u00e7\u00e3o de pol\u00edticas de toler\u00e2ncia zero para comportamentos discriminat\u00f3rios, o estabelecimento de metas de diversidade e pol\u00edticas salariais, a abertura de vagas afirmativas, a ado\u00e7\u00e3o de linguagem inclusiva, entre outras.<\/p>\n\n\n\n<figure class=\"wp-block-image size-large\"><a href=\"https:\/\/metarh.com.br\/contato-materiais-ricos\/\" target=\"_blank\" rel=\"noreferrer noopener\"><img decoding=\"async\" width=\"1024\" height=\"535\" src=\"https:\/\/metarh.com.br\/metarhnews\/wp-content\/uploads\/2023\/04\/LINKEDIN-B2B-DEI-sem-botao-1024x535.png\" alt=\"Vagas afirmativas\" class=\"wp-image-14779\" srcset=\"https:\/\/metarh.com.br\/metarhnews\/wp-content\/uploads\/2023\/04\/LINKEDIN-B2B-DEI-sem-botao-1024x535.png 1024w, https:\/\/metarh.com.br\/metarhnews\/wp-content\/uploads\/2023\/04\/LINKEDIN-B2B-DEI-sem-botao-300x157.png 300w, https:\/\/metarh.com.br\/metarhnews\/wp-content\/uploads\/2023\/04\/LINKEDIN-B2B-DEI-sem-botao-768x401.png 768w, https:\/\/metarh.com.br\/metarhnews\/wp-content\/uploads\/2023\/04\/LINKEDIN-B2B-DEI-sem-botao-600x314.png 600w, https:\/\/metarh.com.br\/metarhnews\/wp-content\/uploads\/2023\/04\/LINKEDIN-B2B-DEI-sem-botao.png 1200w\" sizes=\"(max-width: 1024px) 100vw, 1024px\" \/><\/a><\/figure>\n\n\n\n<ol start=\"3\" class=\"wp-block-list\">\n<li><strong>Sa\u00fade e seguran\u00e7a no trabalho<\/strong><\/li>\n<\/ol>\n\n\n\n<p>Assim como ocorre com as pautas de DE&amp;I, o RH tamb\u00e9m pode liderar iniciativas para garantir a sa\u00fade e seguran\u00e7a dos funcion\u00e1rios, abrangendo desde a preven\u00e7\u00e3o de acidentes de trabalho at\u00e9 a promo\u00e7\u00e3o da sa\u00fade mental e f\u00edsica e o apoio ao bem-estar da equipe.<\/p>\n\n\n\n<ol start=\"4\" class=\"wp-block-list\">\n<li><strong>Engajamento dos funcion\u00e1rios<\/strong><\/li>\n<\/ol>\n\n\n\n<p>O setor ainda pode ajudar a engajar os funcion\u00e1rios na agenda ESG por meio de programas de voluntariado junto a ONGs sociais e ambientais, treinamentos e campanhas de conscientiza\u00e7\u00e3o.&nbsp;<\/p>\n\n\n\n<p>Assim, \u00e9 poss\u00edvel criar um senso de prop\u00f3sito e de responsabilidade entre todos, bem como fortalecer ainda mais a cultura ESG da empresa.<\/p>\n\n\n\n<h2 class=\"wp-block-heading\" id=\"h-consideracoes-finais\"><strong>Considera\u00e7\u00f5es finais<\/strong><\/h2>\n\n\n\n<p>Ao priorizar pr\u00e1ticas sustent\u00e1veis e socialmente respons\u00e1veis, as organiza\u00e7\u00f5es n\u00e3o s\u00f3 contribuem para a constru\u00e7\u00e3o de um mundo melhor, mas tamb\u00e9m garantem sua pr\u00f3pria sobreviv\u00eancia e sucesso no longo prazo. E como vimos at\u00e9 aqui, o RH tem um papel fundamental nessa jornada.<\/p>\n\n\n\n<p>O setor \u00e9 um dos grandes respons\u00e1veis por conduzir uma s\u00e9rie de iniciativas que podem impactar significativamente a agenda ESG, como:<\/p>\n\n\n\n<ul class=\"wp-block-list\">\n<li>Defini\u00e7\u00e3o de pol\u00edticas de diversidade e inclus\u00e3o;<\/li>\n\n\n\n<li>Programas de desenvolvimento profissional e treinamento em pr\u00e1ticas sustent\u00e1veis;<\/li>\n\n\n\n<li>Gest\u00e3o de remunera\u00e7\u00e3o que reflitam os valores ESG da empresa, etc.<\/li>\n<\/ul>\n\n\n\n<p>Quando o RH se torna um defensor e l\u00edder da agenda ESG dentro das empresas, a promo\u00e7\u00e3o de uma cultura de responsabilidade social e sustentabilidade se torna mais fact\u00edvel em todas as \u00e1reas da organiza\u00e7\u00e3o.<\/p>\n\n\n\n<p>Dessa forma, as empresas n\u00e3o apenas se tornam mais atraentes para investidores, clientes e talentos, como tamb\u00e9m contribuem para um futuro mais justo e sustent\u00e1vel para todos. <\/p>\n\n\n\n<figure class=\"wp-block-image size-large\"><a href=\"https:\/\/metarh.com.br\/contato-materiais-ricos\/\" target=\"_blank\" rel=\"noreferrer noopener\"><img decoding=\"async\" width=\"1024\" height=\"341\" src=\"https:\/\/metarh.com.br\/metarhnews\/wp-content\/uploads\/2023\/04\/Rodameio-email-PIPE-1024x341.jpg\" alt=\"Solu\u00e7\u00f5es estrat\u00e9gicas de Rh - Terceiriza\u00e7\u00e3o\" class=\"wp-image-14906\" srcset=\"https:\/\/metarh.com.br\/metarhnews\/wp-content\/uploads\/2023\/04\/Rodameio-email-PIPE-1024x341.jpg 1024w, https:\/\/metarh.com.br\/metarhnews\/wp-content\/uploads\/2023\/04\/Rodameio-email-PIPE-300x100.jpg 300w, https:\/\/metarh.com.br\/metarhnews\/wp-content\/uploads\/2023\/04\/Rodameio-email-PIPE-768x256.jpg 768w, https:\/\/metarh.com.br\/metarhnews\/wp-content\/uploads\/2023\/04\/Rodameio-email-PIPE.jpg 1200w\" sizes=\"(max-width: 1024px) 100vw, 1024px\" \/><\/a><\/figure>\n\n\n\n<p>Se esse artigo foi \u00fatil para voc\u00ea, lhe convidamos a conhecer mais sobre a <a href=\"https:\/\/metarh.com.br\/contato-materiais-ricos\/\" target=\"_blank\" rel=\"noreferrer noopener\">METARH<\/a>. Estamos h\u00e1 mais de 40 anos auxiliando empresas na gest\u00e3o e desenvolvimento de talentos, inclusive com iniciativas focadas em Diversidade, Equidade e Inclus\u00e3o!<\/p>\n\n\n\n<div class=\"wp-block-buttons is-content-justification-center is-layout-flex wp-container-core-buttons-is-layout-16018d1d wp-block-buttons-is-layout-flex\">\n<div class=\"wp-block-button\"><a class=\"wp-block-button__link has-text-align-center wp-element-button\" href=\"https:\/\/metarh.com.br\/contato-materiais-ricos\" style=\"border-radius:100px;padding-top:var(--wp--preset--spacing--30);padding-right:var(--wp--preset--spacing--30);padding-bottom:var(--wp--preset--spacing--30);padding-left:var(--wp--preset--spacing--30)\" target=\"_blank\" rel=\"noreferrer noopener\">QUERO FALAR COM ESPECIALISTAS<\/a><\/div>\n<\/div>\n\n\n\n<div class=\"sharethis-inline-share-buttons\" ><\/div>\n<div style=\"margin-top: 0px; margin-bottom: 0px;\" class=\"sharethis-inline-share-buttons\" ><\/div>","protected":false},"excerpt":{"rendered":"<p>A cada ano que passa, as palavras Ambiental, Social e Governan\u00e7a ganham mais relev\u00e2ncia no mundo dos neg\u00f3cios. Por\u00e9m, al\u00e9m de parte da popula\u00e7\u00e3o ainda ter d\u00favidas sobre o real significado desses pilares, h\u00e1 muitos profissionais de Recursos Humanos que desconhecem o papel chave do RH no ESG.&nbsp; Se pararmos para pensar que s\u00e3o as&#8230;<\/p>\n","protected":false},"author":4,"featured_media":15183,"comment_status":"open","ping_status":"open","sticky":false,"template":"","format":"standard","meta":{"_kadence_starter_templates_imported_post":false,"_kad_post_transparent":"","_kad_post_title":"","_kad_post_layout":"","_kad_post_sidebar_id":"","_kad_post_content_style":"","_kad_post_vertical_padding":"","_kad_post_feature":"","_kad_post_feature_position":"","_kad_post_header":false,"_kad_post_footer":false,"_kad_post_classname":"","footnotes":""},"categories":[128,162,164,2,132],"tags":[44,133,13],"class_list":["post-15182","post","type-post","status-publish","format-standard","has-post-thumbnail","hentry","category-business","category-trilhando-mais","category-aprendizado-em-rh","category-materias","category-tendencias","tag-diversidade","tag-esg","tag-recursos-humanos"],"yoast_head":"<!-- This site is optimized with the Yoast SEO Premium plugin v26.6 (Yoast SEO v27.5) - https:\/\/yoast.com\/product\/yoast-seo-premium-wordpress\/ -->\n<title>RH no ESG: por que o setor \u00e9 uma pe\u00e7a-chave na agenda Ambiental, Social e de Governan\u00e7a? - METARH +News<\/title>\n<meta name=\"description\" content=\"Muitos profissionais de Recursos Humanos que desconhecem o papel chave do RH no ESG e sua relev\u00e2ncia no mundo dos neg\u00f3cios.\" \/>\n<meta name=\"robots\" content=\"index, follow, max-snippet:-1, max-image-preview:large, max-video-preview:-1\" \/>\n<link rel=\"canonical\" href=\"https:\/\/metarh.com.br\/metarhnews\/esg-rh\/\" \/>\n<meta property=\"og:locale\" content=\"pt_BR\" \/>\n<meta property=\"og:type\" content=\"article\" \/>\n<meta property=\"og:title\" content=\"RH no ESG: por que o setor \u00e9 uma pe\u00e7a-chave na agenda Ambiental, Social e de Governan\u00e7a?\" \/>\n<meta property=\"og:description\" content=\"Muitos profissionais de Recursos Humanos que desconhecem o papel chave do RH no ESG e sua relev\u00e2ncia no mundo dos neg\u00f3cios.\" \/>\n<meta property=\"og:url\" content=\"https:\/\/metarh.com.br\/metarhnews\/esg-rh\/\" \/>\n<meta property=\"og:site_name\" content=\"METARH +News\" \/>\n<meta property=\"article:publisher\" content=\"https:\/\/www.facebook.com\/metarhumana\" \/>\n<meta property=\"article:author\" content=\"https:\/\/www.facebook.com\/metarhconsultoria\" \/>\n<meta property=\"article:published_time\" content=\"2023-06-06T13:00:00+00:00\" \/>\n<meta property=\"article:modified_time\" content=\"2026-01-21T18:56:02+00:00\" \/>\n<meta property=\"og:image\" content=\"https:\/\/metarh.com.br\/metarhnews\/wp-content\/uploads\/2023\/05\/ESG_rh.jpg\" \/>\n\t<meta property=\"og:image:width\" content=\"1060\" \/>\n\t<meta property=\"og:image:height\" content=\"700\" \/>\n\t<meta property=\"og:image:type\" content=\"image\/jpeg\" \/>\n<meta name=\"author\" content=\"METARH\" \/>\n<meta name=\"twitter:card\" content=\"summary_large_image\" \/>\n<meta name=\"twitter:creator\" content=\"@metarhumana\" \/>\n<meta name=\"twitter:site\" content=\"@metarhumana\" \/>\n<meta name=\"twitter:label1\" content=\"Escrito por\" \/>\n\t<meta name=\"twitter:data1\" content=\"METARH\" \/>\n\t<meta name=\"twitter:label2\" content=\"Est. tempo de leitura\" \/>\n\t<meta name=\"twitter:data2\" content=\"8 minutos\" \/>\n<script type=\"application\/ld+json\" class=\"yoast-schema-graph\">{\"@context\":\"https:\\\/\\\/schema.org\",\"@graph\":[{\"@type\":\"Article\",\"@id\":\"https:\\\/\\\/metarh.com.br\\\/metarhnews\\\/esg-rh\\\/#article\",\"isPartOf\":{\"@id\":\"https:\\\/\\\/metarh.com.br\\\/metarhnews\\\/esg-rh\\\/\"},\"author\":{\"name\":\"METARH\",\"@id\":\"https:\\\/\\\/metarh.com.br\\\/metarhnews\\\/#\\\/schema\\\/person\\\/930900bc40677695dc9df602ec0366d0\"},\"headline\":\"RH no ESG: por que o setor \u00e9 uma pe\u00e7a-chave na agenda Ambiental, Social e de Governan\u00e7a?\",\"datePublished\":\"2023-06-06T13:00:00+00:00\",\"dateModified\":\"2026-01-21T18:56:02+00:00\",\"mainEntityOfPage\":{\"@id\":\"https:\\\/\\\/metarh.com.br\\\/metarhnews\\\/esg-rh\\\/\"},\"wordCount\":1390,\"commentCount\":0,\"publisher\":{\"@id\":\"https:\\\/\\\/metarh.com.br\\\/metarhnews\\\/#organization\"},\"image\":{\"@id\":\"https:\\\/\\\/metarh.com.br\\\/metarhnews\\\/esg-rh\\\/#primaryimage\"},\"thumbnailUrl\":\"https:\\\/\\\/metarh.com.br\\\/metarhnews\\\/wp-content\\\/uploads\\\/2023\\\/05\\\/ESG_rh.jpg\",\"keywords\":[\"Diversidade\",\"ESG\",\"Recursos Humanos\"],\"articleSection\":[\"1 \u2022 Business\",\"6 \u2022 Trilhando +\",\"Aprendizado\",\"Mat\u00e9rias\",\"Tend\u00eancias\"],\"inLanguage\":\"pt-BR\",\"potentialAction\":[{\"@type\":\"CommentAction\",\"name\":\"Comment\",\"target\":[\"https:\\\/\\\/metarh.com.br\\\/metarhnews\\\/esg-rh\\\/#respond\"]}],\"copyrightYear\":\"2023\",\"copyrightHolder\":{\"@id\":\"https:\\\/\\\/metarh.com.br\\\/metarhnews\\\/#organization\"}},{\"@type\":\"WebPage\",\"@id\":\"https:\\\/\\\/metarh.com.br\\\/metarhnews\\\/esg-rh\\\/\",\"url\":\"https:\\\/\\\/metarh.com.br\\\/metarhnews\\\/esg-rh\\\/\",\"name\":\"RH no ESG: por que o setor \u00e9 uma pe\u00e7a-chave na agenda Ambiental, Social e de Governan\u00e7a? - METARH +News\",\"isPartOf\":{\"@id\":\"https:\\\/\\\/metarh.com.br\\\/metarhnews\\\/#website\"},\"primaryImageOfPage\":{\"@id\":\"https:\\\/\\\/metarh.com.br\\\/metarhnews\\\/esg-rh\\\/#primaryimage\"},\"image\":{\"@id\":\"https:\\\/\\\/metarh.com.br\\\/metarhnews\\\/esg-rh\\\/#primaryimage\"},\"thumbnailUrl\":\"https:\\\/\\\/metarh.com.br\\\/metarhnews\\\/wp-content\\\/uploads\\\/2023\\\/05\\\/ESG_rh.jpg\",\"datePublished\":\"2023-06-06T13:00:00+00:00\",\"dateModified\":\"2026-01-21T18:56:02+00:00\",\"description\":\"Muitos profissionais de Recursos Humanos que desconhecem o papel chave do RH no ESG e sua relev\u00e2ncia no mundo dos neg\u00f3cios.\",\"breadcrumb\":{\"@id\":\"https:\\\/\\\/metarh.com.br\\\/metarhnews\\\/esg-rh\\\/#breadcrumb\"},\"inLanguage\":\"pt-BR\",\"potentialAction\":[{\"@type\":\"ReadAction\",\"target\":[\"https:\\\/\\\/metarh.com.br\\\/metarhnews\\\/esg-rh\\\/\"]}]},{\"@type\":\"ImageObject\",\"inLanguage\":\"pt-BR\",\"@id\":\"https:\\\/\\\/metarh.com.br\\\/metarhnews\\\/esg-rh\\\/#primaryimage\",\"url\":\"https:\\\/\\\/metarh.com.br\\\/metarhnews\\\/wp-content\\\/uploads\\\/2023\\\/05\\\/ESG_rh.jpg\",\"contentUrl\":\"https:\\\/\\\/metarh.com.br\\\/metarhnews\\\/wp-content\\\/uploads\\\/2023\\\/05\\\/ESG_rh.jpg\",\"width\":1060,\"height\":700,\"caption\":\"ESG no RH\"},{\"@type\":\"BreadcrumbList\",\"@id\":\"https:\\\/\\\/metarh.com.br\\\/metarhnews\\\/esg-rh\\\/#breadcrumb\",\"itemListElement\":[{\"@type\":\"ListItem\",\"position\":1,\"name\":\"In\u00edcio\",\"item\":\"https:\\\/\\\/metarh.com.br\\\/metarhnews\\\/\"},{\"@type\":\"ListItem\",\"position\":2,\"name\":\"RH no ESG: por que o setor \u00e9 uma pe\u00e7a-chave na agenda Ambiental, Social e de Governan\u00e7a?\"}]},{\"@type\":\"WebSite\",\"@id\":\"https:\\\/\\\/metarh.com.br\\\/metarhnews\\\/#website\",\"url\":\"https:\\\/\\\/metarh.com.br\\\/metarhnews\\\/\",\"name\":\"METARH +News\",\"description\":\"Conte\u00fado focado em Gest\u00e3o de Pessoas\",\"publisher\":{\"@id\":\"https:\\\/\\\/metarh.com.br\\\/metarhnews\\\/#organization\"},\"potentialAction\":[{\"@type\":\"SearchAction\",\"target\":{\"@type\":\"EntryPoint\",\"urlTemplate\":\"https:\\\/\\\/metarh.com.br\\\/metarhnews\\\/?s={search_term_string}\"},\"query-input\":{\"@type\":\"PropertyValueSpecification\",\"valueRequired\":true,\"valueName\":\"search_term_string\"}}],\"inLanguage\":\"pt-BR\"},{\"@type\":\"Organization\",\"@id\":\"https:\\\/\\\/metarh.com.br\\\/metarhnews\\\/#organization\",\"name\":\"METARH +Humana\",\"url\":\"https:\\\/\\\/metarh.com.br\\\/metarhnews\\\/\",\"logo\":{\"@type\":\"ImageObject\",\"inLanguage\":\"pt-BR\",\"@id\":\"https:\\\/\\\/metarh.com.br\\\/metarhnews\\\/#\\\/schema\\\/logo\\\/image\\\/\",\"url\":\"https:\\\/\\\/metarh.com.br\\\/metarhnews\\\/wp-content\\\/uploads\\\/2025\\\/02\\\/METARH-Azul-Horizontal.png\",\"contentUrl\":\"https:\\\/\\\/metarh.com.br\\\/metarhnews\\\/wp-content\\\/uploads\\\/2025\\\/02\\\/METARH-Azul-Horizontal.png\",\"width\":1002,\"height\":303,\"caption\":\"METARH +Humana\"},\"image\":{\"@id\":\"https:\\\/\\\/metarh.com.br\\\/metarhnews\\\/#\\\/schema\\\/logo\\\/image\\\/\"},\"sameAs\":[\"https:\\\/\\\/www.facebook.com\\\/metarhumana\",\"https:\\\/\\\/x.com\\\/metarhumana\",\"https:\\\/\\\/www.instagram.com\\\/metarhumana\\\/\",\"https:\\\/\\\/www.youtube.com\\\/@metarhumana\"]},{\"@type\":\"Person\",\"@id\":\"https:\\\/\\\/metarh.com.br\\\/metarhnews\\\/#\\\/schema\\\/person\\\/930900bc40677695dc9df602ec0366d0\",\"name\":\"METARH\",\"image\":{\"@type\":\"ImageObject\",\"inLanguage\":\"pt-BR\",\"@id\":\"https:\\\/\\\/secure.gravatar.com\\\/avatar\\\/e03963382c9576f1c9989940c2d59ebc780df154afc76a079627bbbdb3dcefa1?s=96&d=mm&r=g\",\"url\":\"https:\\\/\\\/secure.gravatar.com\\\/avatar\\\/e03963382c9576f1c9989940c2d59ebc780df154afc76a079627bbbdb3dcefa1?s=96&d=mm&r=g\",\"contentUrl\":\"https:\\\/\\\/secure.gravatar.com\\\/avatar\\\/e03963382c9576f1c9989940c2d59ebc780df154afc76a079627bbbdb3dcefa1?s=96&d=mm&r=g\",\"caption\":\"METARH\"},\"description\":\"Somos uma consultoria de recursos humanos com mais de 40 anos de mercado, ajudando empresas como a sua a encontrarem o talento certo. Nossos processos s\u00e3o focados no sucesso dos clientes sem deixar de lado a experi\u00eancia positiva das pessoas candidatas.\",\"sameAs\":[\"http:\\\/\\\/www.metarh.com.br\",\"https:\\\/\\\/www.facebook.com\\\/metarhconsultoria\",\"https:\\\/\\\/www.instagram.com\\\/metarhconsultoria\\\/\",\"https:\\\/\\\/www.linkedin.com\\\/company\\\/metarhconsultoria\",\"http:\\\/\\\/youtube.com\\\/@metarhconsultoria\"],\"url\":\"https:\\\/\\\/metarh.com.br\\\/metarhnews\\\/author\\\/editorial-metarh\\\/\"}]}<\/script>\n<!-- \/ Yoast SEO Premium plugin. -->","yoast_head_json":{"title":"RH no ESG: por que o setor \u00e9 uma pe\u00e7a-chave na agenda Ambiental, Social e de Governan\u00e7a? - METARH +News","description":"Muitos profissionais de Recursos Humanos que desconhecem o papel chave do RH no ESG e sua relev\u00e2ncia no mundo dos neg\u00f3cios.","robots":{"index":"index","follow":"follow","max-snippet":"max-snippet:-1","max-image-preview":"max-image-preview:large","max-video-preview":"max-video-preview:-1"},"canonical":"https:\/\/metarh.com.br\/metarhnews\/esg-rh\/","og_locale":"pt_BR","og_type":"article","og_title":"RH no ESG: por que o setor \u00e9 uma pe\u00e7a-chave na agenda Ambiental, Social e de Governan\u00e7a?","og_description":"Muitos profissionais de Recursos Humanos que desconhecem o papel chave do RH no ESG e sua relev\u00e2ncia no mundo dos neg\u00f3cios.","og_url":"https:\/\/metarh.com.br\/metarhnews\/esg-rh\/","og_site_name":"METARH +News","article_publisher":"https:\/\/www.facebook.com\/metarhumana","article_author":"https:\/\/www.facebook.com\/metarhconsultoria","article_published_time":"2023-06-06T13:00:00+00:00","article_modified_time":"2026-01-21T18:56:02+00:00","og_image":[{"width":1060,"height":700,"url":"https:\/\/metarh.com.br\/metarhnews\/wp-content\/uploads\/2023\/05\/ESG_rh.jpg","type":"image\/jpeg"}],"author":"METARH","twitter_card":"summary_large_image","twitter_creator":"@metarhumana","twitter_site":"@metarhumana","twitter_misc":{"Escrito por":"METARH","Est. tempo de leitura":"8 minutos"},"schema":{"@context":"https:\/\/schema.org","@graph":[{"@type":"Article","@id":"https:\/\/metarh.com.br\/metarhnews\/esg-rh\/#article","isPartOf":{"@id":"https:\/\/metarh.com.br\/metarhnews\/esg-rh\/"},"author":{"name":"METARH","@id":"https:\/\/metarh.com.br\/metarhnews\/#\/schema\/person\/930900bc40677695dc9df602ec0366d0"},"headline":"RH no ESG: por que o setor \u00e9 uma pe\u00e7a-chave na agenda Ambiental, Social e de Governan\u00e7a?","datePublished":"2023-06-06T13:00:00+00:00","dateModified":"2026-01-21T18:56:02+00:00","mainEntityOfPage":{"@id":"https:\/\/metarh.com.br\/metarhnews\/esg-rh\/"},"wordCount":1390,"commentCount":0,"publisher":{"@id":"https:\/\/metarh.com.br\/metarhnews\/#organization"},"image":{"@id":"https:\/\/metarh.com.br\/metarhnews\/esg-rh\/#primaryimage"},"thumbnailUrl":"https:\/\/metarh.com.br\/metarhnews\/wp-content\/uploads\/2023\/05\/ESG_rh.jpg","keywords":["Diversidade","ESG","Recursos Humanos"],"articleSection":["1 \u2022 Business","6 \u2022 Trilhando +","Aprendizado","Mat\u00e9rias","Tend\u00eancias"],"inLanguage":"pt-BR","potentialAction":[{"@type":"CommentAction","name":"Comment","target":["https:\/\/metarh.com.br\/metarhnews\/esg-rh\/#respond"]}],"copyrightYear":"2023","copyrightHolder":{"@id":"https:\/\/metarh.com.br\/metarhnews\/#organization"}},{"@type":"WebPage","@id":"https:\/\/metarh.com.br\/metarhnews\/esg-rh\/","url":"https:\/\/metarh.com.br\/metarhnews\/esg-rh\/","name":"RH no ESG: por que o setor \u00e9 uma pe\u00e7a-chave na agenda Ambiental, Social e de Governan\u00e7a? - METARH +News","isPartOf":{"@id":"https:\/\/metarh.com.br\/metarhnews\/#website"},"primaryImageOfPage":{"@id":"https:\/\/metarh.com.br\/metarhnews\/esg-rh\/#primaryimage"},"image":{"@id":"https:\/\/metarh.com.br\/metarhnews\/esg-rh\/#primaryimage"},"thumbnailUrl":"https:\/\/metarh.com.br\/metarhnews\/wp-content\/uploads\/2023\/05\/ESG_rh.jpg","datePublished":"2023-06-06T13:00:00+00:00","dateModified":"2026-01-21T18:56:02+00:00","description":"Muitos profissionais de Recursos Humanos que desconhecem o papel chave do RH no ESG e sua relev\u00e2ncia no mundo dos neg\u00f3cios.","breadcrumb":{"@id":"https:\/\/metarh.com.br\/metarhnews\/esg-rh\/#breadcrumb"},"inLanguage":"pt-BR","potentialAction":[{"@type":"ReadAction","target":["https:\/\/metarh.com.br\/metarhnews\/esg-rh\/"]}]},{"@type":"ImageObject","inLanguage":"pt-BR","@id":"https:\/\/metarh.com.br\/metarhnews\/esg-rh\/#primaryimage","url":"https:\/\/metarh.com.br\/metarhnews\/wp-content\/uploads\/2023\/05\/ESG_rh.jpg","contentUrl":"https:\/\/metarh.com.br\/metarhnews\/wp-content\/uploads\/2023\/05\/ESG_rh.jpg","width":1060,"height":700,"caption":"ESG no RH"},{"@type":"BreadcrumbList","@id":"https:\/\/metarh.com.br\/metarhnews\/esg-rh\/#breadcrumb","itemListElement":[{"@type":"ListItem","position":1,"name":"In\u00edcio","item":"https:\/\/metarh.com.br\/metarhnews\/"},{"@type":"ListItem","position":2,"name":"RH no ESG: por que o setor \u00e9 uma pe\u00e7a-chave na agenda Ambiental, Social e de Governan\u00e7a?"}]},{"@type":"WebSite","@id":"https:\/\/metarh.com.br\/metarhnews\/#website","url":"https:\/\/metarh.com.br\/metarhnews\/","name":"METARH +News","description":"Conte\u00fado focado em Gest\u00e3o de Pessoas","publisher":{"@id":"https:\/\/metarh.com.br\/metarhnews\/#organization"},"potentialAction":[{"@type":"SearchAction","target":{"@type":"EntryPoint","urlTemplate":"https:\/\/metarh.com.br\/metarhnews\/?s={search_term_string}"},"query-input":{"@type":"PropertyValueSpecification","valueRequired":true,"valueName":"search_term_string"}}],"inLanguage":"pt-BR"},{"@type":"Organization","@id":"https:\/\/metarh.com.br\/metarhnews\/#organization","name":"METARH +Humana","url":"https:\/\/metarh.com.br\/metarhnews\/","logo":{"@type":"ImageObject","inLanguage":"pt-BR","@id":"https:\/\/metarh.com.br\/metarhnews\/#\/schema\/logo\/image\/","url":"https:\/\/metarh.com.br\/metarhnews\/wp-content\/uploads\/2025\/02\/METARH-Azul-Horizontal.png","contentUrl":"https:\/\/metarh.com.br\/metarhnews\/wp-content\/uploads\/2025\/02\/METARH-Azul-Horizontal.png","width":1002,"height":303,"caption":"METARH +Humana"},"image":{"@id":"https:\/\/metarh.com.br\/metarhnews\/#\/schema\/logo\/image\/"},"sameAs":["https:\/\/www.facebook.com\/metarhumana","https:\/\/x.com\/metarhumana","https:\/\/www.instagram.com\/metarhumana\/","https:\/\/www.youtube.com\/@metarhumana"]},{"@type":"Person","@id":"https:\/\/metarh.com.br\/metarhnews\/#\/schema\/person\/930900bc40677695dc9df602ec0366d0","name":"METARH","image":{"@type":"ImageObject","inLanguage":"pt-BR","@id":"https:\/\/secure.gravatar.com\/avatar\/e03963382c9576f1c9989940c2d59ebc780df154afc76a079627bbbdb3dcefa1?s=96&d=mm&r=g","url":"https:\/\/secure.gravatar.com\/avatar\/e03963382c9576f1c9989940c2d59ebc780df154afc76a079627bbbdb3dcefa1?s=96&d=mm&r=g","contentUrl":"https:\/\/secure.gravatar.com\/avatar\/e03963382c9576f1c9989940c2d59ebc780df154afc76a079627bbbdb3dcefa1?s=96&d=mm&r=g","caption":"METARH"},"description":"Somos uma consultoria de recursos humanos com mais de 40 anos de mercado, ajudando empresas como a sua a encontrarem o talento certo. Nossos processos s\u00e3o focados no sucesso dos clientes sem deixar de lado a experi\u00eancia positiva das pessoas candidatas.","sameAs":["http:\/\/www.metarh.com.br","https:\/\/www.facebook.com\/metarhconsultoria","https:\/\/www.instagram.com\/metarhconsultoria\/","https:\/\/www.linkedin.com\/company\/metarhconsultoria","http:\/\/youtube.com\/@metarhconsultoria"],"url":"https:\/\/metarh.com.br\/metarhnews\/author\/editorial-metarh\/"}]}},"_links":{"self":[{"href":"https:\/\/metarh.com.br\/metarhnews\/wp-json\/wp\/v2\/posts\/15182","targetHints":{"allow":["GET"]}}],"collection":[{"href":"https:\/\/metarh.com.br\/metarhnews\/wp-json\/wp\/v2\/posts"}],"about":[{"href":"https:\/\/metarh.com.br\/metarhnews\/wp-json\/wp\/v2\/types\/post"}],"author":[{"embeddable":true,"href":"https:\/\/metarh.com.br\/metarhnews\/wp-json\/wp\/v2\/users\/4"}],"replies":[{"embeddable":true,"href":"https:\/\/metarh.com.br\/metarhnews\/wp-json\/wp\/v2\/comments?post=15182"}],"version-history":[{"count":9,"href":"https:\/\/metarh.com.br\/metarhnews\/wp-json\/wp\/v2\/posts\/15182\/revisions"}],"predecessor-version":[{"id":16986,"href":"https:\/\/metarh.com.br\/metarhnews\/wp-json\/wp\/v2\/posts\/15182\/revisions\/16986"}],"wp:featuredmedia":[{"embeddable":true,"href":"https:\/\/metarh.com.br\/metarhnews\/wp-json\/wp\/v2\/media\/15183"}],"wp:attachment":[{"href":"https:\/\/metarh.com.br\/metarhnews\/wp-json\/wp\/v2\/media?parent=15182"}],"wp:term":[{"taxonomy":"category","embeddable":true,"href":"https:\/\/metarh.com.br\/metarhnews\/wp-json\/wp\/v2\/categories?post=15182"},{"taxonomy":"post_tag","embeddable":true,"href":"https:\/\/metarh.com.br\/metarhnews\/wp-json\/wp\/v2\/tags?post=15182"}],"curies":[{"name":"wp","href":"https:\/\/api.w.org\/{rel}","templated":true}]}}