{"id":15369,"date":"2023-06-20T09:24:18","date_gmt":"2023-06-20T12:24:18","guid":{"rendered":"https:\/\/metarh.com.br\/metarhnews\/?p=15369"},"modified":"2026-01-21T15:55:54","modified_gmt":"2026-01-21T18:55:54","slug":"diversidade-geracional-trabalho","status":"publish","type":"post","link":"https:\/\/metarh.com.br\/metarhnews\/diversidade-geracional-trabalho\/","title":{"rendered":"Diversidade Geracional: o encontro de gera\u00e7\u00f5es no trabalho\u00a0"},"content":{"rendered":"\n<p>A <strong>diversidade geracional<\/strong> \u00e9 um tema cada vez mais em pauta no mundo corporativo. Afinal, pela primeira vez na hist\u00f3ria, as empresas est\u00e3o tendo que lidar com profissionais de pelo menos quatro gera\u00e7\u00f5es bem diferentes: <em>Baby Boomers, Gera\u00e7\u00e3o X, Millennials e Gera\u00e7\u00e3o Z.<\/em><\/p>\n\n\n\n<p>Segundo dados da <a href=\"https:\/\/gptw.com.br\/conteudo\/downloads\/e-book-millennials-e-geracao-z\/\" target=\"_blank\" rel=\"noreferrer noopener\">Great Place to Work (GPTW)<\/a>, os nascidos entre as d\u00e9cadas de 80 e 90 correspondem a aproximadamente 60% da for\u00e7a de trabalho global. Por outro lado, a <a href=\"https:\/\/noticias.portaldaindustria.com.br\/noticias\/trabalho\/aumenta-a-participacao-dos-profissionais-com-mais-de-50-anos-no-mercado-de-trabalho\/\" target=\"_blank\" rel=\"noreferrer noopener\">participa\u00e7\u00e3o de profissionais 50+ no mercado de trabalho brasileiro dobrou<\/a> nos \u00faltimos 15 anos.<\/p>\n\n\n\n<p>O ponto \u00e9 que esse encontro de gera\u00e7\u00f5es traz consigo um <strong>potencial \u00fanico e transformador<\/strong>, capaz de impulsionar o sucesso das organiza\u00e7\u00f5es que souberem gerenci\u00e1-las.&nbsp;<\/p>\n\n\n\n<p>Ao longo deste artigo, apresentaremos alguns insights sobre como voc\u00ea pode fazer isso. Boa leitura!<\/p>\n\n\n\n<h2 class=\"wp-block-heading\"><strong>O que \u00e9 diversidade geracional?<\/strong><\/h2>\n\n\n\n<p>A diversidade geracional, tamb\u00e9m conhecida como diversidade et\u00e1ria, \u00e9 um termo usado para se referir \u00e0 <strong>presen\u00e7a de diferentes gera\u00e7\u00f5es em um determinado contexto<\/strong>, como, por exemplo, no ambiente de trabalho.&nbsp;<\/p>\n\n\n\n<p>Cada gera\u00e7\u00e3o \u00e9 caracterizada por um conjunto \u00fanico de experi\u00eancias, valores, perspectivas, prefer\u00eancias e habilidades, que foram moldados por eventos hist\u00f3ricos, avan\u00e7os tecnol\u00f3gicos e mudan\u00e7as sociais que marcaram o per\u00edodo em que cresceram.<\/p>\n\n\n\n<p><strong>LEIA TAMB\u00c9M:<\/strong> <a href=\"https:\/\/metarh.com.br\/metarhnews\/empregabilidade-ti\/\" target=\"_blank\" rel=\"noreferrer noopener\">A import\u00e2ncia dos profissionais 50+ para a \u00e1rea de TI<\/a><\/p>\n\n\n\n<h2 class=\"wp-block-heading\"><strong>Entendendo as gera\u00e7\u00f5es que moldam o mercado de trabalho atual<\/strong><\/h2>\n\n\n\n<p>Como dissemos antes, atualmente \u00e9 comum encontrar ao menos quatro gera\u00e7\u00f5es coexistindo no ambiente corporativo. S\u00e3o elas:<\/p>\n\n\n\n<ol class=\"wp-block-list\">\n<li><strong>Baby Boomers<\/strong><\/li>\n<\/ol>\n\n\n\n<p>Essa gera\u00e7\u00e3o re\u00fane pessoas nascidas entre o per\u00edodo p\u00f3s-Segunda Guerra Mundial, mais precisamente entre 1945 e 1964.<\/p>\n\n\n\n<p>No mundo dos neg\u00f3cios, eles costumam ser associados a valores <strong>como lealdade, trabalho \u00e1rduo, disciplina e estabilidade no emprego<\/strong>. Tanto que \u00e9 comum encontr\u00e1-los trabalhando na mesma empresa ou ocupando o mesmo cargo por anos.<\/p>\n\n\n\n<p>Em contrapartida, tecnologia e flexibilidade n\u00e3o s\u00e3o os pontos fortes desta gera\u00e7\u00e3o.<\/p>\n\n\n\n<ol class=\"wp-block-list\" start=\"2\">\n<li><strong>Gera\u00e7\u00e3o X<\/strong><\/li>\n<\/ol>\n\n\n\n<p>Os que comp\u00f5em a Gera\u00e7\u00e3o X, por sua vez, s\u00e3o aqueles que nasceram entre 1965 e 1980. Eles tiveram como pano de fundo uma transi\u00e7\u00e3o significativa em rela\u00e7\u00e3o \u00e0 tecnologia, sendo os primeiros a terem contato com ela.<\/p>\n\n\n\n<p>Para os profissionais desta gera\u00e7\u00e3o, a lealdade e dedica\u00e7\u00e3o \u00e0 empresa tamb\u00e9m s\u00e3o pontos marcantes. Al\u00e9m disso, eles s\u00e3o considerados <strong>focados na busca por resultados, competitivos e bons para trabalhar em equipe<\/strong>.<\/p>\n\n\n\n<p>Trata-se, ainda, de um perfil que valoriza a independ\u00eancia, o equil\u00edbrio entre trabalho e vida pessoal e a busca por oportunidades de desenvolvimento profissional.&nbsp;<\/p>\n\n\n\n<figure class=\"wp-block-image size-large\"><a href=\"https:\/\/metarh.com.br\/contato-materiais-ricos\/\" target=\"_blank\" rel=\"noreferrer noopener\"><img fetchpriority=\"high\" decoding=\"async\" width=\"1024\" height=\"404\" src=\"https:\/\/metarh.com.br\/metarhnews\/wp-content\/uploads\/2023\/04\/dei_Banner-1024x404.png\" alt=\"\" class=\"wp-image-14802\" srcset=\"https:\/\/metarh.com.br\/metarhnews\/wp-content\/uploads\/2023\/04\/dei_Banner-1024x404.png 1024w, https:\/\/metarh.com.br\/metarhnews\/wp-content\/uploads\/2023\/04\/dei_Banner-300x118.png 300w, https:\/\/metarh.com.br\/metarhnews\/wp-content\/uploads\/2023\/04\/dei_Banner-768x303.png 768w, https:\/\/metarh.com.br\/metarhnews\/wp-content\/uploads\/2023\/04\/dei_Banner-1536x606.png 1536w, https:\/\/metarh.com.br\/metarhnews\/wp-content\/uploads\/2023\/04\/dei_Banner-600x237.png 600w, https:\/\/metarh.com.br\/metarhnews\/wp-content\/uploads\/2023\/04\/dei_Banner.png 1900w\" sizes=\"(max-width: 1024px) 100vw, 1024px\" \/><\/a><\/figure>\n\n\n\n<ol class=\"wp-block-list\" start=\"3\">\n<li><strong>Gera\u00e7\u00e3o Y&nbsp;<\/strong><\/li>\n<\/ol>\n\n\n\n<p>Tamb\u00e9m conhecidos como Millennials, os integrantes da Gera\u00e7\u00e3o Y nasceram entre 1980 e 1995. Isso significa que eles j\u00e1 chegaram ao mundo inseridos no contexto tecnol\u00f3gico e cresceram em meio a um avan\u00e7o acelerado da tecnologia.<\/p>\n\n\n\n<p>Justamente por isso, essa gera\u00e7\u00e3o \u00e9 frequentemente lembrada por caracter\u00edsticas como <strong>adaptabilidade, mentalidade digital, irrever\u00eancia e criatividade<\/strong>. Fatores como colabora\u00e7\u00e3o, busca por prop\u00f3sito e equil\u00edbrio entre trabalho e vida pessoal tamb\u00e9m entram na lista.<\/p>\n\n\n\n<p>Por outro lado, os Millennials tendem a ser mais imediatistas e desapegados das burocracias.<\/p>\n\n\n\n<ol class=\"wp-block-list\" start=\"4\">\n<li><strong>Gera\u00e7\u00e3o Z<\/strong><\/li>\n<\/ol>\n\n\n\n<p>Por \u00faltimo, temos a gera\u00e7\u00e3o que compreende os nascidos entre 1996 e 2010. Aqui est\u00e3o os profissionais que foram inseridos por \u00faltimo no mercado de trabalho e cresceram em um ambiente altamente conectado e globalizado.&nbsp;<\/p>\n\n\n\n<p>Al\u00e9m de serem nativos digitais, os integrantes da gera\u00e7\u00e3o Z tendem a valorizar temas como <strong>diversidade, criatividade, sa\u00fade mental, flexibilidade e autonomia<\/strong>.&nbsp;<\/p>\n\n\n\n<p>Tanto que, segundo um <a href=\"https:\/\/startupi.com.br\/geracao-z-prefere-trabalhar-de-casa\/\" target=\"_blank\" rel=\"noreferrer noopener\">levantamento<\/a> encomendado pelo IWG em 2022, 38% desses profissionais gostariam de ter uma jornada flex\u00edvel, enquanto 43% afirmaram que deixariam um emprego que n\u00e3o oferecesse um bom equil\u00edbrio entre trabalho e vida pessoal.&nbsp;<\/p>\n\n\n\n<h2 class=\"wp-block-heading\"><strong>Por que a diversidade geracional \u00e9 boa para as empresas?<\/strong><\/h2>\n\n\n\n<p>Agora que voc\u00ea j\u00e1 est\u00e1 por dentro das principais caracter\u00edsticas de cada gera\u00e7\u00e3o, talvez esteja se perguntando como esse mix de idades e personalidades pode dar certo, n\u00e3o \u00e9 mesmo?&nbsp;<\/p>\n\n\n\n<p>Mas o fato \u00e9 que <strong>a diversidade geracional \u00e9 valiosa porque cada gera\u00e7\u00e3o traz perspectivas \u00fanicas, conhecimentos especializados, habilidades complementares e diferentes abordagens<\/strong> para enfrentar desafios do mercado.<\/p>\n\n\n\n<p>Na pr\u00e1tica, esse encontro pode resultar em:<\/p>\n\n\n\n<ol class=\"wp-block-list\">\n<li><strong>Mais inova\u00e7\u00e3o e criatividade<\/strong>, tendo em vista que diferentes gera\u00e7\u00f5es trazem tamb\u00e9m abordagens \u00fanicas para resolver problemas e desenvolver solu\u00e7\u00f5es;<\/li>\n\n\n\n<li><strong>Aprendizado m\u00fatuo e transfer\u00eancia de conhecimento<\/strong>. Ao mesmo tempo em que os mais experientes compartilham suas habilidades e expertise com os mais jovens, os mais jovens podem trazer novas ideias e conhecimentos atualizados;<\/li>\n\n\n\n<li><strong>Constru\u00e7\u00e3o de uma ampla gama de estilos de comunica\u00e7\u00e3o e perspectivas<\/strong>, o que enriquece a intera\u00e7\u00e3o entre os membros da equipe e ajuda a criar um ambiente de trabalho mais inclusivo e colaborativo;<\/li>\n\n\n\n<li><strong>Melhores resultados para o neg\u00f3cio<\/strong>, considerando que equipes multigeracionais t\u00eam maior probabilidade de tomar decis\u00f5es acertadas, aproveitar oportunidades e enfrentar desafios com sucesso;<\/li>\n\n\n\n<li><strong>Melhor compreens\u00e3o do mercado<\/strong>, pois permite que a empresa conhe\u00e7a as necessidades, prefer\u00eancias e comportamentos de cada faixa et\u00e1ria com mais profundidade.<\/li>\n<\/ol>\n\n\n\n<p>Vale lembrar que a diversidade geracional, assim como outros tipos de diversidade, \u00e9 vista hoje como um fator importante para muitos profissionais, especialmente os mais jovens.&nbsp;<\/p>\n\n\n\n<p><strong>Sendo assim, as empresas que valorizam e promovem um ambiente de trabalho inclusivo, onde as contribui\u00e7\u00f5es de todas as pessoas s\u00e3o valorizadas, t\u00eam mais chances de atrair e reter bons talentos.<\/strong><\/p>\n\n\n\n<figure class=\"wp-block-image size-large\"><a href=\"https:\/\/conteudo.metarh.com.br\/guia-de-linguagem-neutra-e-inclusiva\" target=\"_blank\" rel=\"noreferrer noopener\"><img decoding=\"async\" width=\"1024\" height=\"377\" src=\"https:\/\/metarh.com.br\/metarhnews\/wp-content\/uploads\/2023\/06\/Guia_Linguagem_Neutra_e_-Insluciva-1-1024x377.jpg\" alt=\"\" class=\"wp-image-15376\" srcset=\"https:\/\/metarh.com.br\/metarhnews\/wp-content\/uploads\/2023\/06\/Guia_Linguagem_Neutra_e_-Insluciva-1-1024x377.jpg 1024w, https:\/\/metarh.com.br\/metarhnews\/wp-content\/uploads\/2023\/06\/Guia_Linguagem_Neutra_e_-Insluciva-1-300x110.jpg 300w, https:\/\/metarh.com.br\/metarhnews\/wp-content\/uploads\/2023\/06\/Guia_Linguagem_Neutra_e_-Insluciva-1-768x283.jpg 768w, https:\/\/metarh.com.br\/metarhnews\/wp-content\/uploads\/2023\/06\/Guia_Linguagem_Neutra_e_-Insluciva-1-1536x565.jpg 1536w, https:\/\/metarh.com.br\/metarhnews\/wp-content\/uploads\/2023\/06\/Guia_Linguagem_Neutra_e_-Insluciva-1.jpg 1900w\" sizes=\"(max-width: 1024px) 100vw, 1024px\" \/><\/a><\/figure>\n\n\n\n<h2 class=\"wp-block-heading\"><strong>Como abra\u00e7ar e gerenciar a diversidade et\u00e1ria?<\/strong><\/h2>\n\n\n\n<p>Como voc\u00ea viu at\u00e9 aqui, a diversidade geracional pode trazer muitas oportunidades, tanto para as empresas quanto para as pessoas colaboradoras. Mas, para que seja poss\u00edvel colher bons frutos desta for\u00e7a de trabalho multifacetada, \u00e9 importante saber extrair o melhor dela.&nbsp;<\/p>\n\n\n\n<p>Pensando nisso, preparamos algumas dicas que podem ajudar:<\/p>\n\n\n\n<ul class=\"wp-block-list\">\n<li><strong>Desenvolva l\u00edderes que valorizem a diversidade et\u00e1ria<\/strong> e que estejam preparados para lidar com as diferentes expectativas, motiva\u00e7\u00f5es e estilos de trabalho de cada gera\u00e7\u00e3o;<\/li>\n\n\n\n<li><strong>Reconhe\u00e7a as diferentes necessidades de equil\u00edbrio entre vida pessoal e profissional<\/strong> e crie pol\u00edticas de flexibilidade no trabalho que as atendam;&nbsp;<\/li>\n\n\n\n<li><strong>Promova a colabora\u00e7\u00e3o entre as gera\u00e7\u00f5es<\/strong> por meio de projetos e equipes multidisciplinares.&nbsp;<\/li>\n\n\n\n<li><strong>Encoraje o compartilhamento de conhecimento<\/strong>, incentivando a transfer\u00eancia de habilidades e a aprendizagem m\u00fatua;<\/li>\n\n\n\n<li><strong>Reconhe\u00e7a e valorize as habilidades e experi\u00eancias \u00fanicas<\/strong> trazidas por cada gera\u00e7\u00e3o. Evitar estere\u00f3tipos e preconceitos relacionados \u00e0 idade, bem como criar oportunidades para que cada profissional contribua com seus pontos fortes, \u00e9 um caminho mais promissor;<\/li>\n\n\n\n<li><strong>Promova a diversidade como um valor fundamental da organiza\u00e7\u00e3o<\/strong>, inclusive criando pol\u00edticas claras de combate ao etarismo. Assim, fica mais f\u00e1cil criar um ambiente de trabalho onde todas as gera\u00e7\u00f5es se sintam respeitadas;<\/li>\n\n\n\n<li><strong>Ofere\u00e7a programas de treinamento e desenvolvimento profissional<\/strong>, que atendam \u00e0s necessidades e prefer\u00eancias de aprendizagem de cada faixa et\u00e1ria.<\/li>\n<\/ul>\n\n\n\n<p>Lembrando que essas s\u00e3o apenas algumas sugest\u00f5es. \u00c9 importante adaptar as estrat\u00e9gias de acordo com a cultura e as necessidades da empresa, buscando sempre promover a inclus\u00e3o e a colabora\u00e7\u00e3o entre todas as pessoas que fazem parte dela.<\/p>\n\n\n\n<figure class=\"wp-block-image size-large\"><a href=\"https:\/\/metarh.com.br\/contato-materiais-ricos\/\" target=\"_blank\" rel=\"noreferrer noopener\"><img decoding=\"async\" width=\"1024\" height=\"341\" src=\"https:\/\/metarh.com.br\/metarhnews\/wp-content\/uploads\/2023\/04\/Rodameio-email-PIPE-1024x341.jpg\" alt=\"Solu\u00e7\u00f5es estrat\u00e9gicas de Rh - METARH\" class=\"wp-image-14906\" srcset=\"https:\/\/metarh.com.br\/metarhnews\/wp-content\/uploads\/2023\/04\/Rodameio-email-PIPE-1024x341.jpg 1024w, https:\/\/metarh.com.br\/metarhnews\/wp-content\/uploads\/2023\/04\/Rodameio-email-PIPE-300x100.jpg 300w, https:\/\/metarh.com.br\/metarhnews\/wp-content\/uploads\/2023\/04\/Rodameio-email-PIPE-768x256.jpg 768w, https:\/\/metarh.com.br\/metarhnews\/wp-content\/uploads\/2023\/04\/Rodameio-email-PIPE.jpg 1200w\" sizes=\"(max-width: 1024px) 100vw, 1024px\" \/><\/a><\/figure>\n\n\n\n<p>Aqui na METARH, estamos t\u00e3o comprometidos com esses aspectos, que criamos a <a href=\"https:\/\/metarh.com.br\/dei\/\" target=\"_blank\" rel=\"noreferrer noopener\"><strong>solu\u00e7\u00e3o DE&amp;I&nbsp;(Diversidade Equidade e Inclus\u00e3o)<\/strong><\/a>&nbsp;para oferecer aos nossos clientes a inova\u00e7\u00e3o e criatividade que s\u00e3o inerentes \u00e0s equipes diversas.<\/p>\n\n\n\n<p>Se a sua organiza\u00e7\u00e3o tamb\u00e9m compartilha desta ideia conosco, estamos \u00e0 disposi\u00e7\u00e3o para auxiliar em todas as fases da jornada.<\/p>\n\n\n\n<div class=\"wp-block-buttons alignwide is-content-justification-center is-layout-flex wp-container-core-buttons-is-layout-16018d1d wp-block-buttons-is-layout-flex\">\n<div class=\"wp-block-button\"><a class=\"wp-block-button__link has-text-align-center wp-element-button\" href=\"https:\/\/metarh.com.br\/contato-materiais-ricos\" style=\"border-radius:100px;padding-top:var(--wp--preset--spacing--30);padding-right:var(--wp--preset--spacing--30);padding-bottom:var(--wp--preset--spacing--30);padding-left:var(--wp--preset--spacing--30)\" target=\"_blank\" rel=\"noreferrer noopener\">QUERO FALAR COM ESPECIALISTAS<\/a><\/div>\n<\/div>\n<div style=\"margin-top: 0px; margin-bottom: 0px;\" class=\"sharethis-inline-share-buttons\" ><\/div>","protected":false},"excerpt":{"rendered":"<p>A diversidade geracional \u00e9 um tema cada vez mais em pauta no mundo corporativo. Afinal, pela primeira vez na hist\u00f3ria, as empresas est\u00e3o tendo que lidar com profissionais de pelo menos quatro gera\u00e7\u00f5es bem diferentes: Baby Boomers, Gera\u00e7\u00e3o X, Millennials e Gera\u00e7\u00e3o Z. Segundo dados da Great Place to Work (GPTW), os nascidos entre as&#8230;<\/p>\n","protected":false},"author":4,"featured_media":15370,"comment_status":"open","ping_status":"open","sticky":false,"template":"","format":"standard","meta":{"_kadence_starter_templates_imported_post":false,"_kad_post_transparent":"","_kad_post_title":"","_kad_post_layout":"","_kad_post_sidebar_id":"","_kad_post_content_style":"","_kad_post_vertical_padding":"","_kad_post_feature":"","_kad_post_feature_position":"","_kad_post_header":false,"_kad_post_footer":false,"_kad_post_classname":"","footnotes":""},"categories":[162,164,150,2],"tags":[131,13],"class_list":["post-15369","post","type-post","status-publish","format-standard","has-post-thumbnail","hentry","category-trilhando-mais","category-aprendizado-em-rh","category-dho","category-materias","tag-diversidade-e-inclusao","tag-recursos-humanos"],"yoast_head":"<!-- This site is optimized with the Yoast SEO Premium plugin v26.6 (Yoast SEO v27.5) - https:\/\/yoast.com\/product\/yoast-seo-premium-wordpress\/ -->\n<title>Diversidade Geracional: o encontro de gera\u00e7\u00f5es no trabalho\u00a0<\/title>\n<meta name=\"description\" content=\"A diversidade geracional traz consigo um potencial \u00fanico e transformador, capaz de impulsionar o sucesso das organiza\u00e7\u00f5es.\" \/>\n<meta name=\"robots\" content=\"index, follow, max-snippet:-1, max-image-preview:large, max-video-preview:-1\" \/>\n<link rel=\"canonical\" href=\"https:\/\/metarh.com.br\/metarhnews\/diversidade-geracional-trabalho\/\" \/>\n<meta property=\"og:locale\" content=\"pt_BR\" \/>\n<meta property=\"og:type\" content=\"article\" \/>\n<meta property=\"og:title\" content=\"Diversidade Geracional: o encontro de gera\u00e7\u00f5es no trabalho\u00a0\" \/>\n<meta property=\"og:description\" content=\"A diversidade geracional traz consigo um potencial \u00fanico e transformador, capaz de impulsionar o sucesso das organiza\u00e7\u00f5es.\" \/>\n<meta property=\"og:url\" content=\"https:\/\/metarh.com.br\/metarhnews\/diversidade-geracional-trabalho\/\" \/>\n<meta property=\"og:site_name\" content=\"METARH +News\" \/>\n<meta property=\"article:publisher\" content=\"https:\/\/www.facebook.com\/metarhumana\" \/>\n<meta property=\"article:author\" content=\"https:\/\/www.facebook.com\/metarhconsultoria\" \/>\n<meta property=\"article:published_time\" content=\"2023-06-20T12:24:18+00:00\" \/>\n<meta property=\"article:modified_time\" content=\"2026-01-21T18:55:54+00:00\" \/>\n<meta property=\"og:image\" content=\"https:\/\/metarh.com.br\/metarhnews\/wp-content\/uploads\/2023\/06\/Diversidade_Geracional.jpg\" \/>\n\t<meta property=\"og:image:width\" content=\"1060\" \/>\n\t<meta property=\"og:image:height\" content=\"700\" \/>\n\t<meta property=\"og:image:type\" content=\"image\/jpeg\" \/>\n<meta name=\"author\" content=\"METARH\" \/>\n<meta name=\"twitter:card\" content=\"summary_large_image\" \/>\n<meta name=\"twitter:creator\" content=\"@metarhumana\" \/>\n<meta name=\"twitter:site\" content=\"@metarhumana\" \/>\n<meta name=\"twitter:label1\" content=\"Escrito por\" \/>\n\t<meta name=\"twitter:data1\" content=\"METARH\" \/>\n\t<meta name=\"twitter:label2\" content=\"Est. tempo de leitura\" \/>\n\t<meta name=\"twitter:data2\" content=\"7 minutos\" \/>\n<script type=\"application\/ld+json\" class=\"yoast-schema-graph\">{\"@context\":\"https:\\\/\\\/schema.org\",\"@graph\":[{\"@type\":\"Article\",\"@id\":\"https:\\\/\\\/metarh.com.br\\\/metarhnews\\\/diversidade-geracional-trabalho\\\/#article\",\"isPartOf\":{\"@id\":\"https:\\\/\\\/metarh.com.br\\\/metarhnews\\\/diversidade-geracional-trabalho\\\/\"},\"author\":{\"name\":\"METARH\",\"@id\":\"https:\\\/\\\/metarh.com.br\\\/metarhnews\\\/#\\\/schema\\\/person\\\/930900bc40677695dc9df602ec0366d0\"},\"headline\":\"Diversidade Geracional: o encontro de gera\u00e7\u00f5es no trabalho\u00a0\",\"datePublished\":\"2023-06-20T12:24:18+00:00\",\"dateModified\":\"2026-01-21T18:55:54+00:00\",\"mainEntityOfPage\":{\"@id\":\"https:\\\/\\\/metarh.com.br\\\/metarhnews\\\/diversidade-geracional-trabalho\\\/\"},\"wordCount\":1277,\"commentCount\":0,\"publisher\":{\"@id\":\"https:\\\/\\\/metarh.com.br\\\/metarhnews\\\/#organization\"},\"image\":{\"@id\":\"https:\\\/\\\/metarh.com.br\\\/metarhnews\\\/diversidade-geracional-trabalho\\\/#primaryimage\"},\"thumbnailUrl\":\"https:\\\/\\\/metarh.com.br\\\/metarhnews\\\/wp-content\\\/uploads\\\/2023\\\/06\\\/Diversidade_Geracional.jpg\",\"keywords\":[\"Diversidade e Inclus\u00e3o\",\"Recursos Humanos\"],\"articleSection\":[\"6 \u2022 Trilhando +\",\"Aprendizado\",\"DHO\",\"Mat\u00e9rias\"],\"inLanguage\":\"pt-BR\",\"potentialAction\":[{\"@type\":\"CommentAction\",\"name\":\"Comment\",\"target\":[\"https:\\\/\\\/metarh.com.br\\\/metarhnews\\\/diversidade-geracional-trabalho\\\/#respond\"]}],\"copyrightYear\":\"2023\",\"copyrightHolder\":{\"@id\":\"https:\\\/\\\/metarh.com.br\\\/metarhnews\\\/#organization\"}},{\"@type\":\"WebPage\",\"@id\":\"https:\\\/\\\/metarh.com.br\\\/metarhnews\\\/diversidade-geracional-trabalho\\\/\",\"url\":\"https:\\\/\\\/metarh.com.br\\\/metarhnews\\\/diversidade-geracional-trabalho\\\/\",\"name\":\"Diversidade Geracional: o encontro de gera\u00e7\u00f5es no trabalho\u00a0\",\"isPartOf\":{\"@id\":\"https:\\\/\\\/metarh.com.br\\\/metarhnews\\\/#website\"},\"primaryImageOfPage\":{\"@id\":\"https:\\\/\\\/metarh.com.br\\\/metarhnews\\\/diversidade-geracional-trabalho\\\/#primaryimage\"},\"image\":{\"@id\":\"https:\\\/\\\/metarh.com.br\\\/metarhnews\\\/diversidade-geracional-trabalho\\\/#primaryimage\"},\"thumbnailUrl\":\"https:\\\/\\\/metarh.com.br\\\/metarhnews\\\/wp-content\\\/uploads\\\/2023\\\/06\\\/Diversidade_Geracional.jpg\",\"datePublished\":\"2023-06-20T12:24:18+00:00\",\"dateModified\":\"2026-01-21T18:55:54+00:00\",\"description\":\"A diversidade geracional traz consigo um potencial \u00fanico e transformador, capaz de impulsionar o sucesso das organiza\u00e7\u00f5es.\",\"breadcrumb\":{\"@id\":\"https:\\\/\\\/metarh.com.br\\\/metarhnews\\\/diversidade-geracional-trabalho\\\/#breadcrumb\"},\"inLanguage\":\"pt-BR\",\"potentialAction\":[{\"@type\":\"ReadAction\",\"target\":[\"https:\\\/\\\/metarh.com.br\\\/metarhnews\\\/diversidade-geracional-trabalho\\\/\"]}]},{\"@type\":\"ImageObject\",\"inLanguage\":\"pt-BR\",\"@id\":\"https:\\\/\\\/metarh.com.br\\\/metarhnews\\\/diversidade-geracional-trabalho\\\/#primaryimage\",\"url\":\"https:\\\/\\\/metarh.com.br\\\/metarhnews\\\/wp-content\\\/uploads\\\/2023\\\/06\\\/Diversidade_Geracional.jpg\",\"contentUrl\":\"https:\\\/\\\/metarh.com.br\\\/metarhnews\\\/wp-content\\\/uploads\\\/2023\\\/06\\\/Diversidade_Geracional.jpg\",\"width\":1060,\"height\":700,\"caption\":\"Diversidade geracional: o poder do encontro de gera\u00e7\u00f5es no trabalho\"},{\"@type\":\"BreadcrumbList\",\"@id\":\"https:\\\/\\\/metarh.com.br\\\/metarhnews\\\/diversidade-geracional-trabalho\\\/#breadcrumb\",\"itemListElement\":[{\"@type\":\"ListItem\",\"position\":1,\"name\":\"In\u00edcio\",\"item\":\"https:\\\/\\\/metarh.com.br\\\/metarhnews\\\/\"},{\"@type\":\"ListItem\",\"position\":2,\"name\":\"Diversidade Geracional: o encontro de gera\u00e7\u00f5es no trabalho\u00a0\"}]},{\"@type\":\"WebSite\",\"@id\":\"https:\\\/\\\/metarh.com.br\\\/metarhnews\\\/#website\",\"url\":\"https:\\\/\\\/metarh.com.br\\\/metarhnews\\\/\",\"name\":\"METARH +News\",\"description\":\"Conte\u00fado focado em Gest\u00e3o de Pessoas\",\"publisher\":{\"@id\":\"https:\\\/\\\/metarh.com.br\\\/metarhnews\\\/#organization\"},\"potentialAction\":[{\"@type\":\"SearchAction\",\"target\":{\"@type\":\"EntryPoint\",\"urlTemplate\":\"https:\\\/\\\/metarh.com.br\\\/metarhnews\\\/?s={search_term_string}\"},\"query-input\":{\"@type\":\"PropertyValueSpecification\",\"valueRequired\":true,\"valueName\":\"search_term_string\"}}],\"inLanguage\":\"pt-BR\"},{\"@type\":\"Organization\",\"@id\":\"https:\\\/\\\/metarh.com.br\\\/metarhnews\\\/#organization\",\"name\":\"METARH +Humana\",\"url\":\"https:\\\/\\\/metarh.com.br\\\/metarhnews\\\/\",\"logo\":{\"@type\":\"ImageObject\",\"inLanguage\":\"pt-BR\",\"@id\":\"https:\\\/\\\/metarh.com.br\\\/metarhnews\\\/#\\\/schema\\\/logo\\\/image\\\/\",\"url\":\"https:\\\/\\\/metarh.com.br\\\/metarhnews\\\/wp-content\\\/uploads\\\/2025\\\/02\\\/METARH-Azul-Horizontal.png\",\"contentUrl\":\"https:\\\/\\\/metarh.com.br\\\/metarhnews\\\/wp-content\\\/uploads\\\/2025\\\/02\\\/METARH-Azul-Horizontal.png\",\"width\":1002,\"height\":303,\"caption\":\"METARH +Humana\"},\"image\":{\"@id\":\"https:\\\/\\\/metarh.com.br\\\/metarhnews\\\/#\\\/schema\\\/logo\\\/image\\\/\"},\"sameAs\":[\"https:\\\/\\\/www.facebook.com\\\/metarhumana\",\"https:\\\/\\\/x.com\\\/metarhumana\",\"https:\\\/\\\/www.instagram.com\\\/metarhumana\\\/\",\"https:\\\/\\\/www.youtube.com\\\/@metarhumana\"]},{\"@type\":\"Person\",\"@id\":\"https:\\\/\\\/metarh.com.br\\\/metarhnews\\\/#\\\/schema\\\/person\\\/930900bc40677695dc9df602ec0366d0\",\"name\":\"METARH\",\"image\":{\"@type\":\"ImageObject\",\"inLanguage\":\"pt-BR\",\"@id\":\"https:\\\/\\\/secure.gravatar.com\\\/avatar\\\/e03963382c9576f1c9989940c2d59ebc780df154afc76a079627bbbdb3dcefa1?s=96&d=mm&r=g\",\"url\":\"https:\\\/\\\/secure.gravatar.com\\\/avatar\\\/e03963382c9576f1c9989940c2d59ebc780df154afc76a079627bbbdb3dcefa1?s=96&d=mm&r=g\",\"contentUrl\":\"https:\\\/\\\/secure.gravatar.com\\\/avatar\\\/e03963382c9576f1c9989940c2d59ebc780df154afc76a079627bbbdb3dcefa1?s=96&d=mm&r=g\",\"caption\":\"METARH\"},\"description\":\"Somos uma consultoria de recursos humanos com mais de 40 anos de mercado, ajudando empresas como a sua a encontrarem o talento certo. Nossos processos s\u00e3o focados no sucesso dos clientes sem deixar de lado a experi\u00eancia positiva das pessoas candidatas.\",\"sameAs\":[\"http:\\\/\\\/www.metarh.com.br\",\"https:\\\/\\\/www.facebook.com\\\/metarhconsultoria\",\"https:\\\/\\\/www.instagram.com\\\/metarhconsultoria\\\/\",\"https:\\\/\\\/www.linkedin.com\\\/company\\\/metarhconsultoria\",\"http:\\\/\\\/youtube.com\\\/@metarhconsultoria\"],\"url\":\"https:\\\/\\\/metarh.com.br\\\/metarhnews\\\/author\\\/editorial-metarh\\\/\"}]}<\/script>\n<!-- \/ Yoast SEO Premium plugin. -->","yoast_head_json":{"title":"Diversidade Geracional: o encontro de gera\u00e7\u00f5es no trabalho\u00a0","description":"A diversidade geracional traz consigo um potencial \u00fanico e transformador, capaz de impulsionar o sucesso das organiza\u00e7\u00f5es.","robots":{"index":"index","follow":"follow","max-snippet":"max-snippet:-1","max-image-preview":"max-image-preview:large","max-video-preview":"max-video-preview:-1"},"canonical":"https:\/\/metarh.com.br\/metarhnews\/diversidade-geracional-trabalho\/","og_locale":"pt_BR","og_type":"article","og_title":"Diversidade Geracional: o encontro de gera\u00e7\u00f5es no trabalho\u00a0","og_description":"A diversidade geracional traz consigo um potencial \u00fanico e transformador, capaz de impulsionar o sucesso das organiza\u00e7\u00f5es.","og_url":"https:\/\/metarh.com.br\/metarhnews\/diversidade-geracional-trabalho\/","og_site_name":"METARH +News","article_publisher":"https:\/\/www.facebook.com\/metarhumana","article_author":"https:\/\/www.facebook.com\/metarhconsultoria","article_published_time":"2023-06-20T12:24:18+00:00","article_modified_time":"2026-01-21T18:55:54+00:00","og_image":[{"width":1060,"height":700,"url":"https:\/\/metarh.com.br\/metarhnews\/wp-content\/uploads\/2023\/06\/Diversidade_Geracional.jpg","type":"image\/jpeg"}],"author":"METARH","twitter_card":"summary_large_image","twitter_creator":"@metarhumana","twitter_site":"@metarhumana","twitter_misc":{"Escrito por":"METARH","Est. tempo de leitura":"7 minutos"},"schema":{"@context":"https:\/\/schema.org","@graph":[{"@type":"Article","@id":"https:\/\/metarh.com.br\/metarhnews\/diversidade-geracional-trabalho\/#article","isPartOf":{"@id":"https:\/\/metarh.com.br\/metarhnews\/diversidade-geracional-trabalho\/"},"author":{"name":"METARH","@id":"https:\/\/metarh.com.br\/metarhnews\/#\/schema\/person\/930900bc40677695dc9df602ec0366d0"},"headline":"Diversidade Geracional: o encontro de gera\u00e7\u00f5es no trabalho\u00a0","datePublished":"2023-06-20T12:24:18+00:00","dateModified":"2026-01-21T18:55:54+00:00","mainEntityOfPage":{"@id":"https:\/\/metarh.com.br\/metarhnews\/diversidade-geracional-trabalho\/"},"wordCount":1277,"commentCount":0,"publisher":{"@id":"https:\/\/metarh.com.br\/metarhnews\/#organization"},"image":{"@id":"https:\/\/metarh.com.br\/metarhnews\/diversidade-geracional-trabalho\/#primaryimage"},"thumbnailUrl":"https:\/\/metarh.com.br\/metarhnews\/wp-content\/uploads\/2023\/06\/Diversidade_Geracional.jpg","keywords":["Diversidade e Inclus\u00e3o","Recursos Humanos"],"articleSection":["6 \u2022 Trilhando +","Aprendizado","DHO","Mat\u00e9rias"],"inLanguage":"pt-BR","potentialAction":[{"@type":"CommentAction","name":"Comment","target":["https:\/\/metarh.com.br\/metarhnews\/diversidade-geracional-trabalho\/#respond"]}],"copyrightYear":"2023","copyrightHolder":{"@id":"https:\/\/metarh.com.br\/metarhnews\/#organization"}},{"@type":"WebPage","@id":"https:\/\/metarh.com.br\/metarhnews\/diversidade-geracional-trabalho\/","url":"https:\/\/metarh.com.br\/metarhnews\/diversidade-geracional-trabalho\/","name":"Diversidade Geracional: o encontro de gera\u00e7\u00f5es no trabalho\u00a0","isPartOf":{"@id":"https:\/\/metarh.com.br\/metarhnews\/#website"},"primaryImageOfPage":{"@id":"https:\/\/metarh.com.br\/metarhnews\/diversidade-geracional-trabalho\/#primaryimage"},"image":{"@id":"https:\/\/metarh.com.br\/metarhnews\/diversidade-geracional-trabalho\/#primaryimage"},"thumbnailUrl":"https:\/\/metarh.com.br\/metarhnews\/wp-content\/uploads\/2023\/06\/Diversidade_Geracional.jpg","datePublished":"2023-06-20T12:24:18+00:00","dateModified":"2026-01-21T18:55:54+00:00","description":"A diversidade geracional traz consigo um potencial \u00fanico e transformador, capaz de impulsionar o sucesso das organiza\u00e7\u00f5es.","breadcrumb":{"@id":"https:\/\/metarh.com.br\/metarhnews\/diversidade-geracional-trabalho\/#breadcrumb"},"inLanguage":"pt-BR","potentialAction":[{"@type":"ReadAction","target":["https:\/\/metarh.com.br\/metarhnews\/diversidade-geracional-trabalho\/"]}]},{"@type":"ImageObject","inLanguage":"pt-BR","@id":"https:\/\/metarh.com.br\/metarhnews\/diversidade-geracional-trabalho\/#primaryimage","url":"https:\/\/metarh.com.br\/metarhnews\/wp-content\/uploads\/2023\/06\/Diversidade_Geracional.jpg","contentUrl":"https:\/\/metarh.com.br\/metarhnews\/wp-content\/uploads\/2023\/06\/Diversidade_Geracional.jpg","width":1060,"height":700,"caption":"Diversidade geracional: o poder do encontro de gera\u00e7\u00f5es no trabalho"},{"@type":"BreadcrumbList","@id":"https:\/\/metarh.com.br\/metarhnews\/diversidade-geracional-trabalho\/#breadcrumb","itemListElement":[{"@type":"ListItem","position":1,"name":"In\u00edcio","item":"https:\/\/metarh.com.br\/metarhnews\/"},{"@type":"ListItem","position":2,"name":"Diversidade Geracional: o encontro de gera\u00e7\u00f5es no trabalho\u00a0"}]},{"@type":"WebSite","@id":"https:\/\/metarh.com.br\/metarhnews\/#website","url":"https:\/\/metarh.com.br\/metarhnews\/","name":"METARH +News","description":"Conte\u00fado focado em Gest\u00e3o de Pessoas","publisher":{"@id":"https:\/\/metarh.com.br\/metarhnews\/#organization"},"potentialAction":[{"@type":"SearchAction","target":{"@type":"EntryPoint","urlTemplate":"https:\/\/metarh.com.br\/metarhnews\/?s={search_term_string}"},"query-input":{"@type":"PropertyValueSpecification","valueRequired":true,"valueName":"search_term_string"}}],"inLanguage":"pt-BR"},{"@type":"Organization","@id":"https:\/\/metarh.com.br\/metarhnews\/#organization","name":"METARH +Humana","url":"https:\/\/metarh.com.br\/metarhnews\/","logo":{"@type":"ImageObject","inLanguage":"pt-BR","@id":"https:\/\/metarh.com.br\/metarhnews\/#\/schema\/logo\/image\/","url":"https:\/\/metarh.com.br\/metarhnews\/wp-content\/uploads\/2025\/02\/METARH-Azul-Horizontal.png","contentUrl":"https:\/\/metarh.com.br\/metarhnews\/wp-content\/uploads\/2025\/02\/METARH-Azul-Horizontal.png","width":1002,"height":303,"caption":"METARH +Humana"},"image":{"@id":"https:\/\/metarh.com.br\/metarhnews\/#\/schema\/logo\/image\/"},"sameAs":["https:\/\/www.facebook.com\/metarhumana","https:\/\/x.com\/metarhumana","https:\/\/www.instagram.com\/metarhumana\/","https:\/\/www.youtube.com\/@metarhumana"]},{"@type":"Person","@id":"https:\/\/metarh.com.br\/metarhnews\/#\/schema\/person\/930900bc40677695dc9df602ec0366d0","name":"METARH","image":{"@type":"ImageObject","inLanguage":"pt-BR","@id":"https:\/\/secure.gravatar.com\/avatar\/e03963382c9576f1c9989940c2d59ebc780df154afc76a079627bbbdb3dcefa1?s=96&d=mm&r=g","url":"https:\/\/secure.gravatar.com\/avatar\/e03963382c9576f1c9989940c2d59ebc780df154afc76a079627bbbdb3dcefa1?s=96&d=mm&r=g","contentUrl":"https:\/\/secure.gravatar.com\/avatar\/e03963382c9576f1c9989940c2d59ebc780df154afc76a079627bbbdb3dcefa1?s=96&d=mm&r=g","caption":"METARH"},"description":"Somos uma consultoria de recursos humanos com mais de 40 anos de mercado, ajudando empresas como a sua a encontrarem o talento certo. Nossos processos s\u00e3o focados no sucesso dos clientes sem deixar de lado a experi\u00eancia positiva das pessoas candidatas.","sameAs":["http:\/\/www.metarh.com.br","https:\/\/www.facebook.com\/metarhconsultoria","https:\/\/www.instagram.com\/metarhconsultoria\/","https:\/\/www.linkedin.com\/company\/metarhconsultoria","http:\/\/youtube.com\/@metarhconsultoria"],"url":"https:\/\/metarh.com.br\/metarhnews\/author\/editorial-metarh\/"}]}},"_links":{"self":[{"href":"https:\/\/metarh.com.br\/metarhnews\/wp-json\/wp\/v2\/posts\/15369","targetHints":{"allow":["GET"]}}],"collection":[{"href":"https:\/\/metarh.com.br\/metarhnews\/wp-json\/wp\/v2\/posts"}],"about":[{"href":"https:\/\/metarh.com.br\/metarhnews\/wp-json\/wp\/v2\/types\/post"}],"author":[{"embeddable":true,"href":"https:\/\/metarh.com.br\/metarhnews\/wp-json\/wp\/v2\/users\/4"}],"replies":[{"embeddable":true,"href":"https:\/\/metarh.com.br\/metarhnews\/wp-json\/wp\/v2\/comments?post=15369"}],"version-history":[{"count":3,"href":"https:\/\/metarh.com.br\/metarhnews\/wp-json\/wp\/v2\/posts\/15369\/revisions"}],"predecessor-version":[{"id":15379,"href":"https:\/\/metarh.com.br\/metarhnews\/wp-json\/wp\/v2\/posts\/15369\/revisions\/15379"}],"wp:featuredmedia":[{"embeddable":true,"href":"https:\/\/metarh.com.br\/metarhnews\/wp-json\/wp\/v2\/media\/15370"}],"wp:attachment":[{"href":"https:\/\/metarh.com.br\/metarhnews\/wp-json\/wp\/v2\/media?parent=15369"}],"wp:term":[{"taxonomy":"category","embeddable":true,"href":"https:\/\/metarh.com.br\/metarhnews\/wp-json\/wp\/v2\/categories?post=15369"},{"taxonomy":"post_tag","embeddable":true,"href":"https:\/\/metarh.com.br\/metarhnews\/wp-json\/wp\/v2\/tags?post=15369"}],"curies":[{"name":"wp","href":"https:\/\/api.w.org\/{rel}","templated":true}]}}