{"id":1553,"date":"2019-11-20T13:46:29","date_gmt":"2019-11-20T16:46:29","guid":{"rendered":"https:\/\/metarh.com.br\/?p=1553"},"modified":"2026-01-21T15:58:35","modified_gmt":"2026-01-21T18:58:35","slug":"entenda-a-importancia-da-inclusao-do-portador-de-deficiencia-fisica-na-empresa-2","status":"publish","type":"post","link":"https:\/\/metarh.com.br\/metarhnews\/entenda-a-importancia-da-inclusao-do-portador-de-deficiencia-fisica-na-empresa-2\/","title":{"rendered":"Entenda a import\u00e2ncia da inclus\u00e3o de pessoas com defici\u00eancia f\u00edsica nas empresas"},"content":{"rendered":"\t\t<div data-elementor-type=\"wp-post\" data-elementor-id=\"1553\" class=\"elementor elementor-1553\">\n\t\t\t\t\t\t<section class=\"elementor-section elementor-top-section elementor-element elementor-element-43423fb9 elementor-section-boxed elementor-section-height-default elementor-section-height-default\" data-id=\"43423fb9\" data-element_type=\"section\">\n\t\t\t\t\t\t<div class=\"elementor-container elementor-column-gap-default\">\n\t\t\t\t\t<div class=\"elementor-column elementor-col-100 elementor-top-column elementor-element elementor-element-70f3f401\" data-id=\"70f3f401\" data-element_type=\"column\">\n\t\t\t<div class=\"elementor-widget-wrap elementor-element-populated\">\n\t\t\t\t\t\t<div class=\"elementor-element elementor-element-2cd4abee elementor-widget elementor-widget-text-editor\" data-id=\"2cd4abee\" data-element_type=\"widget\" data-widget_type=\"text-editor.default\">\n\t\t\t\t<div class=\"elementor-widget-container\">\n\t\t\t\t\t\t\t\t\t<div class=\"olho\"><p>Al\u00e9m de incentivar a inclus\u00e3o, a iniciativa tamb\u00e9m \u00e9 fundamental para garantir o cumprimento da legisla\u00e7\u00e3o.<\/p><\/div><p>Contratar o deficienciente f\u00edsico na empresa \u00e9 um dever social de todo empreendimento que possui acima de 100\u00a0funcion\u00e1rios. Al\u00e9m de incentivar a inclus\u00e3o, a iniciativa tamb\u00e9m \u00e9 fundamental para garantir o cumprimento da legisla\u00e7\u00e3o.<\/p><p>Com a lei, indiv\u00edduos que t\u00eam limita\u00e7\u00f5es f\u00edsicas s\u00e3o estimulados a trabalharem em ambientes corporativos e crescer profissionalmente. Assim, al\u00e9m das vantagens para o pr\u00f3prio trabalhador, a companhia tamb\u00e9m \u00e9 beneficiada com um conv\u00edvio mais heterog\u00eaneo, que incentiva a diversidade e o respeito pelo pr\u00f3ximo.<\/p><p>Por\u00e9m, antes de iniciar o processo seletivo e a contrata\u00e7\u00e3o, \u00e9 necess\u00e1rio que a empresa realize algumas provid\u00eancias para tornar o ambiente mais acess\u00edvel para o contratado.<\/p><p>Neste post, vamos explicar como funciona a lei de inclus\u00e3o e quais s\u00e3o as medidas que a companhia deve implementar antes do recrutamento. Confira!<\/p><p><strong>Entenda a lei de inclus\u00e3o do portador de defici\u00eancia f\u00edsica<\/strong><\/p><p>Antes de entender quais s\u00e3o os cuidados necess\u00e1rios com a contrata\u00e7\u00e3o, \u00e9 importante esclarecer um pouco sobre a lei que determina a inclus\u00e3o de indiv\u00edduos portadores de defici\u00eancias f\u00edsicas na empresa.<\/p><p>De acordo com a\u00a0Lei N\u00ba 8.213, de 24 de julho de 1991\u00a0\u2014 tamb\u00e9m conhecida como a Lei das Cotas \u2014, todas as companhias privadas com mais de 100 funcion\u00e1rios t\u00eam o dever de contratar pessoas portadoras de defici\u00eancias f\u00edsicas. A legisla\u00e7\u00e3o prev\u00ea que o n\u00famero de cargos preenchidos por indiv\u00edduos com tais limita\u00e7\u00f5es seja entre 2% e 5% do quadro de colaboradores.<\/p><p>Algumas companhias brasileiras\u00a0atendem \u00e0 lei\u00a0com projetos inclusivos, que v\u00e3o al\u00e9m de simplesmente empregar indiv\u00edduos com defici\u00eancias. O objetivo \u00e9 desenvolver as habilidades e compet\u00eancias desses profissionais, estimulando o crescimento na carreira.<\/p><p><strong>Conhe\u00e7a os cuidados necess\u00e1rios na contrata\u00e7\u00e3o de PCD<\/strong><\/p><p>Ao recrutar pessoas com necessidades especiais\u00a0\u00e9 preciso que a empresa sofra uma s\u00e9rie de adapta\u00e7\u00f5es antes e depois do momento da contrata\u00e7\u00e3o. Abaixo, listamos os principais cuidados necess\u00e1rios na inclus\u00e3o do portador de defici\u00eancia f\u00edsica na empresa.<\/p><p><strong>Sensibilizar os funcion\u00e1rios<\/strong><\/p><p>Antes de iniciar o processo seletivo\u00a0\u00e9 importante que a empresa realize atividades did\u00e1ticas para sensibilizar os colaboradores que j\u00e1 trabalham na organiza\u00e7\u00e3o. Para isso, podem ser realizadas\u00a0palestras e distribui\u00e7\u00e3o\u00a0materiais \u2014\u00a0como flyers, panfletos e e-mails \u2014 informando sobre a inclus\u00e3o dos novos funcion\u00e1rios e qual deve ser o tratamento ideal para indiv\u00edduos com limita\u00e7\u00f5es f\u00edsicas.<\/p><p>\u00c9 essencial que essas palestras sejam conduzidas por profissionais experientes na \u00e1rea, que possam contribuir positivamente com a conscientiza\u00e7\u00e3o dos funcion\u00e1rios. Afinal de contas, trata-se de um assunto delicado e qualquer falha de interpreta\u00e7\u00e3o pode provocar desentendimentos na empresa.<\/p><p><strong>Criar projetos de acessibilidade<\/strong><\/p><p>Antes de realizar a contrata\u00e7\u00e3o, certifique-se que a empresa pode atender devidamente os indiv\u00edduos com necessidades especiais. Isso inclui\u00a0rampas de acesso a todos os ambientes, vagas de estacionamento para deficientes f\u00edsicos, banheiros adaptados, entre outras adapta\u00e7\u00f5es.<\/p><p><strong>Capacitar os novos funcion\u00e1rios<\/strong><\/p><p>Depois da contrata\u00e7\u00e3o, \u00e9 importante que a empresa capacite os novos colaboradores e realize os treinamentos necess\u00e1rios para que eles possam executar suas atividades.<\/p><p>Para isso, podem ser oferecidos cursos espec\u00edficos e orienta\u00e7\u00e3o\u00a0os funcion\u00e1rios que est\u00e3o h\u00e1 mais tempo na empresa a acompanharem as tarefas dos novos trabalhadores nos primeiros dias de trabalho. O grande benef\u00edcio \u00e9 que, al\u00e9m de treinar o indiv\u00edduo adequadamente, essa a\u00e7\u00e3o tamb\u00e9m estimula a\u00a0intera\u00e7\u00e3o\u00a0entre os funcion\u00e1rios.<\/p><p>Contratar um funcion\u00e1rio portador de defici\u00eancia f\u00edsica \u00e9 essencial para garantir um ambiente mais sadio e humanizado dentro da empresa. Al\u00e9m disso, essa a\u00e7\u00e3o tamb\u00e9m garante que a companhia esteja dentro das conformidades da lei, evitando poss\u00edveis transtornos com a fiscaliza\u00e7\u00e3o.<\/p><hr \/><p class=\"legenda\">Fonte:\u00a0<a href=\"http:\/\/www.guiaexecutivo.com\/entenda-a-importancia-da-inclusao-do-portador-de-deficiencia-fisica-na-empresa\/\">Guia Executivo<\/a><\/p>\t\t\t\t\t\t\t\t<\/div>\n\t\t\t\t<\/div>\n\t\t\t\t\t<\/div>\n\t\t<\/div>\n\t\t\t\t\t<\/div>\n\t\t<\/section>\n\t\t\t\t<\/div>\n\t\t<div style=\"margin-top: 0px; margin-bottom: 0px;\" class=\"sharethis-inline-share-buttons\" ><\/div>","protected":false},"excerpt":{"rendered":"<p>Al\u00e9m de incentivar a inclus\u00e3o, a iniciativa tamb\u00e9m \u00e9 fundamental para garantir o cumprimento da legisla\u00e7\u00e3o. Contratar o deficiente f\u00edsico na empresa \u00e9 um dever social de todo empreendimento que possui acima de 100\u00a0funcion\u00e1rios. Al\u00e9m de incentivar a inclus\u00e3o, a iniciativa tamb\u00e9m \u00e9 fundamental para garantir o cumprimento da legisla\u00e7\u00e3o. Com a lei, indiv\u00edduos que&#8230;<\/p>\n","protected":false},"author":1,"featured_media":1875,"comment_status":"open","ping_status":"open","sticky":false,"template":"","format":"standard","meta":{"_kadence_starter_templates_imported_post":false,"_kad_post_transparent":"","_kad_post_title":"","_kad_post_layout":"","_kad_post_sidebar_id":"","_kad_post_content_style":"","_kad_post_vertical_padding":"","_kad_post_feature":"","_kad_post_feature_position":"","_kad_post_header":false,"_kad_post_footer":false,"_kad_post_classname":"","footnotes":""},"categories":[162,163,150,2],"tags":[],"class_list":["post-1553","post","type-post","status-publish","format-standard","has-post-thumbnail","hentry","category-trilhando-mais","category-descoberta-de-conteudos-de-rh","category-dho","category-materias"],"yoast_head":"<!-- This site is optimized with the Yoast SEO Premium plugin v26.6 (Yoast SEO v27.5) - https:\/\/yoast.com\/product\/yoast-seo-premium-wordpress\/ -->\n<title>Entenda a import\u00e2ncia da inclus\u00e3o de pessoas com defici\u00eancia f\u00edsica nas empresas - METARH +News<\/title>\n<meta name=\"description\" content=\"Al\u00e9m de incentivar a inclus\u00e3o, a iniciativa tamb\u00e9m \u00e9 fundamental para garantir o cumprimento da legisla\u00e7\u00e3o. Contratar um portador de defici\u00eancia f\u00edsica ...\" \/>\n<meta name=\"robots\" content=\"index, follow, max-snippet:-1, max-image-preview:large, max-video-preview:-1\" \/>\n<link rel=\"canonical\" href=\"https:\/\/metarh.com.br\/metarhnews\/entenda-a-importancia-da-inclusao-do-portador-de-deficiencia-fisica-na-empresa-2\/\" \/>\n<meta property=\"og:locale\" content=\"pt_BR\" \/>\n<meta property=\"og:type\" content=\"article\" \/>\n<meta property=\"og:title\" content=\"Entenda a import\u00e2ncia da inclus\u00e3o de pessoas com defici\u00eancia f\u00edsica nas empresas\" \/>\n<meta property=\"og:description\" content=\"Al\u00e9m de incentivar a inclus\u00e3o, a iniciativa tamb\u00e9m \u00e9 fundamental para garantir o cumprimento da legisla\u00e7\u00e3o. Contratar um portador de defici\u00eancia f\u00edsica ...\" \/>\n<meta property=\"og:url\" content=\"https:\/\/metarh.com.br\/metarhnews\/entenda-a-importancia-da-inclusao-do-portador-de-deficiencia-fisica-na-empresa-2\/\" \/>\n<meta property=\"og:site_name\" content=\"METARH +News\" \/>\n<meta property=\"article:publisher\" content=\"https:\/\/www.facebook.com\/metarhumana\" \/>\n<meta property=\"article:published_time\" content=\"2019-11-20T16:46:29+00:00\" \/>\n<meta property=\"article:modified_time\" content=\"2026-01-21T18:58:35+00:00\" \/>\n<meta name=\"author\" content=\"Admin@MetaNews\" \/>\n<meta name=\"twitter:card\" content=\"summary_large_image\" \/>\n<meta name=\"twitter:creator\" content=\"@metarhumana\" \/>\n<meta name=\"twitter:site\" content=\"@metarhumana\" \/>\n<meta name=\"twitter:label1\" content=\"Escrito por\" \/>\n\t<meta name=\"twitter:data1\" content=\"Admin@MetaNews\" \/>\n\t<meta name=\"twitter:label2\" content=\"Est. tempo de leitura\" \/>\n\t<meta name=\"twitter:data2\" content=\"3 minutos\" \/>\n<script type=\"application\/ld+json\" class=\"yoast-schema-graph\">{\"@context\":\"https:\\\/\\\/schema.org\",\"@graph\":[{\"@type\":\"Article\",\"@id\":\"https:\\\/\\\/metarh.com.br\\\/metarhnews\\\/entenda-a-importancia-da-inclusao-do-portador-de-deficiencia-fisica-na-empresa-2\\\/#article\",\"isPartOf\":{\"@id\":\"https:\\\/\\\/metarh.com.br\\\/metarhnews\\\/entenda-a-importancia-da-inclusao-do-portador-de-deficiencia-fisica-na-empresa-2\\\/\"},\"author\":{\"name\":\"Admin@MetaNews\",\"@id\":\"https:\\\/\\\/metarh.com.br\\\/metarhnews\\\/#\\\/schema\\\/person\\\/18a57200eba12baa93ec88d7fdac1d9b\"},\"headline\":\"Entenda a import\u00e2ncia da inclus\u00e3o de pessoas com defici\u00eancia f\u00edsica nas empresas\",\"datePublished\":\"2019-11-20T16:46:29+00:00\",\"dateModified\":\"2026-01-21T18:58:35+00:00\",\"mainEntityOfPage\":{\"@id\":\"https:\\\/\\\/metarh.com.br\\\/metarhnews\\\/entenda-a-importancia-da-inclusao-do-portador-de-deficiencia-fisica-na-empresa-2\\\/\"},\"wordCount\":685,\"commentCount\":0,\"publisher\":{\"@id\":\"https:\\\/\\\/metarh.com.br\\\/metarhnews\\\/#organization\"},\"image\":{\"@id\":\"https:\\\/\\\/metarh.com.br\\\/metarhnews\\\/entenda-a-importancia-da-inclusao-do-portador-de-deficiencia-fisica-na-empresa-2\\\/#primaryimage\"},\"thumbnailUrl\":\"\",\"articleSection\":[\"6 \u2022 Trilhando +\",\"Descoberta\",\"DHO\",\"Mat\u00e9rias\"],\"inLanguage\":\"pt-BR\",\"potentialAction\":[{\"@type\":\"CommentAction\",\"name\":\"Comment\",\"target\":[\"https:\\\/\\\/metarh.com.br\\\/metarhnews\\\/entenda-a-importancia-da-inclusao-do-portador-de-deficiencia-fisica-na-empresa-2\\\/#respond\"]}],\"copyrightYear\":\"2019\",\"copyrightHolder\":{\"@id\":\"https:\\\/\\\/metarh.com.br\\\/metarhnews\\\/#organization\"}},{\"@type\":\"WebPage\",\"@id\":\"https:\\\/\\\/metarh.com.br\\\/metarhnews\\\/entenda-a-importancia-da-inclusao-do-portador-de-deficiencia-fisica-na-empresa-2\\\/\",\"url\":\"https:\\\/\\\/metarh.com.br\\\/metarhnews\\\/entenda-a-importancia-da-inclusao-do-portador-de-deficiencia-fisica-na-empresa-2\\\/\",\"name\":\"Entenda a import\u00e2ncia da inclus\u00e3o de pessoas com defici\u00eancia f\u00edsica nas empresas - METARH +News\",\"isPartOf\":{\"@id\":\"https:\\\/\\\/metarh.com.br\\\/metarhnews\\\/#website\"},\"primaryImageOfPage\":{\"@id\":\"https:\\\/\\\/metarh.com.br\\\/metarhnews\\\/entenda-a-importancia-da-inclusao-do-portador-de-deficiencia-fisica-na-empresa-2\\\/#primaryimage\"},\"image\":{\"@id\":\"https:\\\/\\\/metarh.com.br\\\/metarhnews\\\/entenda-a-importancia-da-inclusao-do-portador-de-deficiencia-fisica-na-empresa-2\\\/#primaryimage\"},\"thumbnailUrl\":\"\",\"datePublished\":\"2019-11-20T16:46:29+00:00\",\"dateModified\":\"2026-01-21T18:58:35+00:00\",\"description\":\"Al\u00e9m de incentivar a inclus\u00e3o, a iniciativa tamb\u00e9m \u00e9 fundamental para garantir o cumprimento da legisla\u00e7\u00e3o. Contratar um portador de defici\u00eancia f\u00edsica ...\",\"breadcrumb\":{\"@id\":\"https:\\\/\\\/metarh.com.br\\\/metarhnews\\\/entenda-a-importancia-da-inclusao-do-portador-de-deficiencia-fisica-na-empresa-2\\\/#breadcrumb\"},\"inLanguage\":\"pt-BR\",\"potentialAction\":[{\"@type\":\"ReadAction\",\"target\":[\"https:\\\/\\\/metarh.com.br\\\/metarhnews\\\/entenda-a-importancia-da-inclusao-do-portador-de-deficiencia-fisica-na-empresa-2\\\/\"]}]},{\"@type\":\"ImageObject\",\"inLanguage\":\"pt-BR\",\"@id\":\"https:\\\/\\\/metarh.com.br\\\/metarhnews\\\/entenda-a-importancia-da-inclusao-do-portador-de-deficiencia-fisica-na-empresa-2\\\/#primaryimage\",\"url\":\"\",\"contentUrl\":\"\"},{\"@type\":\"BreadcrumbList\",\"@id\":\"https:\\\/\\\/metarh.com.br\\\/metarhnews\\\/entenda-a-importancia-da-inclusao-do-portador-de-deficiencia-fisica-na-empresa-2\\\/#breadcrumb\",\"itemListElement\":[{\"@type\":\"ListItem\",\"position\":1,\"name\":\"In\u00edcio\",\"item\":\"https:\\\/\\\/metarh.com.br\\\/metarhnews\\\/\"},{\"@type\":\"ListItem\",\"position\":2,\"name\":\"Entenda a import\u00e2ncia da inclus\u00e3o de pessoas com defici\u00eancia f\u00edsica nas empresas\"}]},{\"@type\":\"WebSite\",\"@id\":\"https:\\\/\\\/metarh.com.br\\\/metarhnews\\\/#website\",\"url\":\"https:\\\/\\\/metarh.com.br\\\/metarhnews\\\/\",\"name\":\"METARH +News\",\"description\":\"Conte\u00fado focado em Gest\u00e3o de Pessoas\",\"publisher\":{\"@id\":\"https:\\\/\\\/metarh.com.br\\\/metarhnews\\\/#organization\"},\"potentialAction\":[{\"@type\":\"SearchAction\",\"target\":{\"@type\":\"EntryPoint\",\"urlTemplate\":\"https:\\\/\\\/metarh.com.br\\\/metarhnews\\\/?s={search_term_string}\"},\"query-input\":{\"@type\":\"PropertyValueSpecification\",\"valueRequired\":true,\"valueName\":\"search_term_string\"}}],\"inLanguage\":\"pt-BR\"},{\"@type\":\"Organization\",\"@id\":\"https:\\\/\\\/metarh.com.br\\\/metarhnews\\\/#organization\",\"name\":\"METARH +Humana\",\"url\":\"https:\\\/\\\/metarh.com.br\\\/metarhnews\\\/\",\"logo\":{\"@type\":\"ImageObject\",\"inLanguage\":\"pt-BR\",\"@id\":\"https:\\\/\\\/metarh.com.br\\\/metarhnews\\\/#\\\/schema\\\/logo\\\/image\\\/\",\"url\":\"https:\\\/\\\/metarh.com.br\\\/metarhnews\\\/wp-content\\\/uploads\\\/2025\\\/02\\\/METARH-Azul-Horizontal.png\",\"contentUrl\":\"https:\\\/\\\/metarh.com.br\\\/metarhnews\\\/wp-content\\\/uploads\\\/2025\\\/02\\\/METARH-Azul-Horizontal.png\",\"width\":1002,\"height\":303,\"caption\":\"METARH +Humana\"},\"image\":{\"@id\":\"https:\\\/\\\/metarh.com.br\\\/metarhnews\\\/#\\\/schema\\\/logo\\\/image\\\/\"},\"sameAs\":[\"https:\\\/\\\/www.facebook.com\\\/metarhumana\",\"https:\\\/\\\/x.com\\\/metarhumana\",\"https:\\\/\\\/www.instagram.com\\\/metarhumana\\\/\",\"https:\\\/\\\/www.youtube.com\\\/@metarhumana\"]},{\"@type\":\"Person\",\"@id\":\"https:\\\/\\\/metarh.com.br\\\/metarhnews\\\/#\\\/schema\\\/person\\\/18a57200eba12baa93ec88d7fdac1d9b\",\"name\":\"Admin@MetaNews\",\"image\":{\"@type\":\"ImageObject\",\"inLanguage\":\"pt-BR\",\"@id\":\"https:\\\/\\\/secure.gravatar.com\\\/avatar\\\/f6d25765469a37388aa705f1e537f1fe91e7c606c074552c00142b32890766d8?s=96&d=mm&r=g\",\"url\":\"https:\\\/\\\/secure.gravatar.com\\\/avatar\\\/f6d25765469a37388aa705f1e537f1fe91e7c606c074552c00142b32890766d8?s=96&d=mm&r=g\",\"contentUrl\":\"https:\\\/\\\/secure.gravatar.com\\\/avatar\\\/f6d25765469a37388aa705f1e537f1fe91e7c606c074552c00142b32890766d8?s=96&d=mm&r=g\",\"caption\":\"Admin@MetaNews\"},\"sameAs\":[\"https:\\\/\\\/metarh.com.br\\\/metarhnews\"],\"url\":\"https:\\\/\\\/metarh.com.br\\\/metarhnews\\\/author\\\/adminmetanews\\\/\"}]}<\/script>\n<!-- \/ Yoast SEO Premium plugin. -->","yoast_head_json":{"title":"Entenda a import\u00e2ncia da inclus\u00e3o de pessoas com defici\u00eancia f\u00edsica nas empresas - METARH +News","description":"Al\u00e9m de incentivar a inclus\u00e3o, a iniciativa tamb\u00e9m \u00e9 fundamental para garantir o cumprimento da legisla\u00e7\u00e3o. Contratar um portador de defici\u00eancia f\u00edsica ...","robots":{"index":"index","follow":"follow","max-snippet":"max-snippet:-1","max-image-preview":"max-image-preview:large","max-video-preview":"max-video-preview:-1"},"canonical":"https:\/\/metarh.com.br\/metarhnews\/entenda-a-importancia-da-inclusao-do-portador-de-deficiencia-fisica-na-empresa-2\/","og_locale":"pt_BR","og_type":"article","og_title":"Entenda a import\u00e2ncia da inclus\u00e3o de pessoas com defici\u00eancia f\u00edsica nas empresas","og_description":"Al\u00e9m de incentivar a inclus\u00e3o, a iniciativa tamb\u00e9m \u00e9 fundamental para garantir o cumprimento da legisla\u00e7\u00e3o. Contratar um portador de defici\u00eancia f\u00edsica ...","og_url":"https:\/\/metarh.com.br\/metarhnews\/entenda-a-importancia-da-inclusao-do-portador-de-deficiencia-fisica-na-empresa-2\/","og_site_name":"METARH +News","article_publisher":"https:\/\/www.facebook.com\/metarhumana","article_published_time":"2019-11-20T16:46:29+00:00","article_modified_time":"2026-01-21T18:58:35+00:00","author":"Admin@MetaNews","twitter_card":"summary_large_image","twitter_creator":"@metarhumana","twitter_site":"@metarhumana","twitter_misc":{"Escrito por":"Admin@MetaNews","Est. tempo de leitura":"3 minutos"},"schema":{"@context":"https:\/\/schema.org","@graph":[{"@type":"Article","@id":"https:\/\/metarh.com.br\/metarhnews\/entenda-a-importancia-da-inclusao-do-portador-de-deficiencia-fisica-na-empresa-2\/#article","isPartOf":{"@id":"https:\/\/metarh.com.br\/metarhnews\/entenda-a-importancia-da-inclusao-do-portador-de-deficiencia-fisica-na-empresa-2\/"},"author":{"name":"Admin@MetaNews","@id":"https:\/\/metarh.com.br\/metarhnews\/#\/schema\/person\/18a57200eba12baa93ec88d7fdac1d9b"},"headline":"Entenda a import\u00e2ncia da inclus\u00e3o de pessoas com defici\u00eancia f\u00edsica nas empresas","datePublished":"2019-11-20T16:46:29+00:00","dateModified":"2026-01-21T18:58:35+00:00","mainEntityOfPage":{"@id":"https:\/\/metarh.com.br\/metarhnews\/entenda-a-importancia-da-inclusao-do-portador-de-deficiencia-fisica-na-empresa-2\/"},"wordCount":685,"commentCount":0,"publisher":{"@id":"https:\/\/metarh.com.br\/metarhnews\/#organization"},"image":{"@id":"https:\/\/metarh.com.br\/metarhnews\/entenda-a-importancia-da-inclusao-do-portador-de-deficiencia-fisica-na-empresa-2\/#primaryimage"},"thumbnailUrl":"","articleSection":["6 \u2022 Trilhando +","Descoberta","DHO","Mat\u00e9rias"],"inLanguage":"pt-BR","potentialAction":[{"@type":"CommentAction","name":"Comment","target":["https:\/\/metarh.com.br\/metarhnews\/entenda-a-importancia-da-inclusao-do-portador-de-deficiencia-fisica-na-empresa-2\/#respond"]}],"copyrightYear":"2019","copyrightHolder":{"@id":"https:\/\/metarh.com.br\/metarhnews\/#organization"}},{"@type":"WebPage","@id":"https:\/\/metarh.com.br\/metarhnews\/entenda-a-importancia-da-inclusao-do-portador-de-deficiencia-fisica-na-empresa-2\/","url":"https:\/\/metarh.com.br\/metarhnews\/entenda-a-importancia-da-inclusao-do-portador-de-deficiencia-fisica-na-empresa-2\/","name":"Entenda a import\u00e2ncia da inclus\u00e3o de pessoas com defici\u00eancia f\u00edsica nas empresas - METARH +News","isPartOf":{"@id":"https:\/\/metarh.com.br\/metarhnews\/#website"},"primaryImageOfPage":{"@id":"https:\/\/metarh.com.br\/metarhnews\/entenda-a-importancia-da-inclusao-do-portador-de-deficiencia-fisica-na-empresa-2\/#primaryimage"},"image":{"@id":"https:\/\/metarh.com.br\/metarhnews\/entenda-a-importancia-da-inclusao-do-portador-de-deficiencia-fisica-na-empresa-2\/#primaryimage"},"thumbnailUrl":"","datePublished":"2019-11-20T16:46:29+00:00","dateModified":"2026-01-21T18:58:35+00:00","description":"Al\u00e9m de incentivar a inclus\u00e3o, a iniciativa tamb\u00e9m \u00e9 fundamental para garantir o cumprimento da legisla\u00e7\u00e3o. Contratar um portador de defici\u00eancia f\u00edsica ...","breadcrumb":{"@id":"https:\/\/metarh.com.br\/metarhnews\/entenda-a-importancia-da-inclusao-do-portador-de-deficiencia-fisica-na-empresa-2\/#breadcrumb"},"inLanguage":"pt-BR","potentialAction":[{"@type":"ReadAction","target":["https:\/\/metarh.com.br\/metarhnews\/entenda-a-importancia-da-inclusao-do-portador-de-deficiencia-fisica-na-empresa-2\/"]}]},{"@type":"ImageObject","inLanguage":"pt-BR","@id":"https:\/\/metarh.com.br\/metarhnews\/entenda-a-importancia-da-inclusao-do-portador-de-deficiencia-fisica-na-empresa-2\/#primaryimage","url":"","contentUrl":""},{"@type":"BreadcrumbList","@id":"https:\/\/metarh.com.br\/metarhnews\/entenda-a-importancia-da-inclusao-do-portador-de-deficiencia-fisica-na-empresa-2\/#breadcrumb","itemListElement":[{"@type":"ListItem","position":1,"name":"In\u00edcio","item":"https:\/\/metarh.com.br\/metarhnews\/"},{"@type":"ListItem","position":2,"name":"Entenda a import\u00e2ncia da inclus\u00e3o de pessoas com defici\u00eancia f\u00edsica nas empresas"}]},{"@type":"WebSite","@id":"https:\/\/metarh.com.br\/metarhnews\/#website","url":"https:\/\/metarh.com.br\/metarhnews\/","name":"METARH +News","description":"Conte\u00fado focado em Gest\u00e3o de Pessoas","publisher":{"@id":"https:\/\/metarh.com.br\/metarhnews\/#organization"},"potentialAction":[{"@type":"SearchAction","target":{"@type":"EntryPoint","urlTemplate":"https:\/\/metarh.com.br\/metarhnews\/?s={search_term_string}"},"query-input":{"@type":"PropertyValueSpecification","valueRequired":true,"valueName":"search_term_string"}}],"inLanguage":"pt-BR"},{"@type":"Organization","@id":"https:\/\/metarh.com.br\/metarhnews\/#organization","name":"METARH +Humana","url":"https:\/\/metarh.com.br\/metarhnews\/","logo":{"@type":"ImageObject","inLanguage":"pt-BR","@id":"https:\/\/metarh.com.br\/metarhnews\/#\/schema\/logo\/image\/","url":"https:\/\/metarh.com.br\/metarhnews\/wp-content\/uploads\/2025\/02\/METARH-Azul-Horizontal.png","contentUrl":"https:\/\/metarh.com.br\/metarhnews\/wp-content\/uploads\/2025\/02\/METARH-Azul-Horizontal.png","width":1002,"height":303,"caption":"METARH +Humana"},"image":{"@id":"https:\/\/metarh.com.br\/metarhnews\/#\/schema\/logo\/image\/"},"sameAs":["https:\/\/www.facebook.com\/metarhumana","https:\/\/x.com\/metarhumana","https:\/\/www.instagram.com\/metarhumana\/","https:\/\/www.youtube.com\/@metarhumana"]},{"@type":"Person","@id":"https:\/\/metarh.com.br\/metarhnews\/#\/schema\/person\/18a57200eba12baa93ec88d7fdac1d9b","name":"Admin@MetaNews","image":{"@type":"ImageObject","inLanguage":"pt-BR","@id":"https:\/\/secure.gravatar.com\/avatar\/f6d25765469a37388aa705f1e537f1fe91e7c606c074552c00142b32890766d8?s=96&d=mm&r=g","url":"https:\/\/secure.gravatar.com\/avatar\/f6d25765469a37388aa705f1e537f1fe91e7c606c074552c00142b32890766d8?s=96&d=mm&r=g","contentUrl":"https:\/\/secure.gravatar.com\/avatar\/f6d25765469a37388aa705f1e537f1fe91e7c606c074552c00142b32890766d8?s=96&d=mm&r=g","caption":"Admin@MetaNews"},"sameAs":["https:\/\/metarh.com.br\/metarhnews"],"url":"https:\/\/metarh.com.br\/metarhnews\/author\/adminmetanews\/"}]}},"_links":{"self":[{"href":"https:\/\/metarh.com.br\/metarhnews\/wp-json\/wp\/v2\/posts\/1553","targetHints":{"allow":["GET"]}}],"collection":[{"href":"https:\/\/metarh.com.br\/metarhnews\/wp-json\/wp\/v2\/posts"}],"about":[{"href":"https:\/\/metarh.com.br\/metarhnews\/wp-json\/wp\/v2\/types\/post"}],"author":[{"embeddable":true,"href":"https:\/\/metarh.com.br\/metarhnews\/wp-json\/wp\/v2\/users\/1"}],"replies":[{"embeddable":true,"href":"https:\/\/metarh.com.br\/metarhnews\/wp-json\/wp\/v2\/comments?post=1553"}],"version-history":[{"count":1,"href":"https:\/\/metarh.com.br\/metarhnews\/wp-json\/wp\/v2\/posts\/1553\/revisions"}],"predecessor-version":[{"id":16885,"href":"https:\/\/metarh.com.br\/metarhnews\/wp-json\/wp\/v2\/posts\/1553\/revisions\/16885"}],"wp:featuredmedia":[{"embeddable":true,"href":"https:\/\/metarh.com.br\/metarhnews\/wp-json\/"}],"wp:attachment":[{"href":"https:\/\/metarh.com.br\/metarhnews\/wp-json\/wp\/v2\/media?parent=1553"}],"wp:term":[{"taxonomy":"category","embeddable":true,"href":"https:\/\/metarh.com.br\/metarhnews\/wp-json\/wp\/v2\/categories?post=1553"},{"taxonomy":"post_tag","embeddable":true,"href":"https:\/\/metarh.com.br\/metarhnews\/wp-json\/wp\/v2\/tags?post=1553"}],"curies":[{"name":"wp","href":"https:\/\/api.w.org\/{rel}","templated":true}]}}