{"id":15954,"date":"2023-10-04T10:27:07","date_gmt":"2023-10-04T13:27:07","guid":{"rendered":"https:\/\/metarh.com.br\/metarhnews\/?p=15954"},"modified":"2025-11-18T22:31:59","modified_gmt":"2025-11-19T01:31:59","slug":"lideranca-saude-mental","status":"publish","type":"post","link":"https:\/\/metarh.com.br\/metarhnews\/lideranca-saude-mental\/","title":{"rendered":"Sa\u00fade Mental e Lideran\u00e7a: Cuidando do Bem-Estar de L\u00edderes"},"content":{"rendered":"\n<p>Muito se fala sobre o impacto da lideran\u00e7a no bem-estar geral das pessoas colaboradoras. Mas, em boa parte dos casos, um ponto-chave desta equa\u00e7\u00e3o \u00e9 deixado de lado: para conseguir promover <strong>sa\u00fade mental<\/strong>, as lideran\u00e7as tamb\u00e9m precisam estar mentalmente saud\u00e1veis.<\/p>\n\n\n\n<p>Embora uma pesquisa realizada pela Vittude, em 2023, tenha revelado que os <a href=\"https:\/\/valor.globo.com\/carreira\/noticia\/2023\/07\/22\/lideres-apresentam-menos-problemas-de-saude-mental-do-que-liderados-indica-pesquisa.ghtml#:~:text=Uma%20pesquisa%20realizada%20Vittude%2C%20healthtech,trabalhadores%20de%20todo%20o%20Brasil.\">l\u00edderes apresentam menos problemas relacionados \u00e0 depress\u00e3o, ansiedade e estresse<\/a> do que seus liderados, \u00e9 ineg\u00e1vel que a responsabilidade de gerir uma equipe tamb\u00e9m pode custar caro \u00e0 sa\u00fade mental.&nbsp;<\/p>\n\n\n\n<p>Tanto que um levantamento feito pela mesma empresa, em 2021, apontou que <a href=\"https:\/\/vocerh.abril.com.br\/politicasepraticas\/pesquisa-estresse-lideranca\">55% dos l\u00edderes brasileiros se sentiam estressados<\/a> e que 30% dos funcion\u00e1rios acreditavam que seus gestores estavam \u00e0 beira do Burnout.<\/p>\n\n\n\n<p>Tendo esses dados como pano de fundo, hoje vamos abordar os desafios que as lideran\u00e7as enfrentam em rela\u00e7\u00e3o \u00e0 pr\u00f3pria sa\u00fade mental, bem como os impactos que isso pode ter nas organiza\u00e7\u00f5es. Para saber mais, siga com a leitura do texto!<\/p>\n\n\n\n<h2 class=\"wp-block-heading\"><strong>Por que a sa\u00fade mental dos l\u00edderes tamb\u00e9m merece aten\u00e7\u00e3o?<\/strong><\/h2>\n\n\n\n<p>Nos \u00faltimos anos, a preocupa\u00e7\u00e3o com o bem-estar emocional das pessoas colaboradoras passou a ocupar um espa\u00e7o significativo na agenda de profissionais em cargo de gest\u00e3o de pessoas. Por\u00e9m, na busca por garantir a sa\u00fade mental do time, muitos l\u00edderes acabaram negligenciando o autocuidado.<\/p>\n\n\n\n<p>A grande armadilha \u00e9 que, quando a lideran\u00e7a n\u00e3o est\u00e1 emocionalmente saud\u00e1vel, ela dificilmente conseguir\u00e1 cumprir com o objetivo de zelar pelos seus liderados. Por isso, \u00e9 muito importante que toda empresa comprometida em criar uma cultura de bem-estar tamb\u00e9m olhe para as necessidades dos gestores.<\/p>\n\n\n\n<p>A sa\u00fade mental dos l\u00edderes merece aten\u00e7\u00e3o por v\u00e1rias raz\u00f5es fundamentais, que geram impactos significativos nas organiza\u00e7\u00f5es e nas equipes que eles lideram. Entre elas, podemos destacar:<\/p>\n\n\n\n<p><strong>Exemplo a ser seguido<\/strong><\/p>\n\n\n\n<p>L\u00edderes s\u00e3o modelos a serem seguidos para suas equipes. Portanto, quando eles demonstram um compromisso com a pr\u00f3pria sa\u00fade mental, isso pode encorajar outros profissionais a fazerem o mesmo.&nbsp;<\/p>\n\n\n\n<p>Da mesma forma, l\u00edderes que negligenciam o autocuidado podem enviar a mensagem de que isso n\u00e3o \u00e9 uma prioridade, o que, por sua vez, pode ser extremamente nocivo para a cultura organizacional.<\/p>\n\n\n\n<figure class=\"wp-block-image size-large\"><a href=\"https:\/\/conteudo.metarh.com.br\/saude-mental-e-turnover\" target=\"_blank\" rel=\"noreferrer noopener\"><img fetchpriority=\"high\" decoding=\"async\" width=\"1024\" height=\"377\" src=\"https:\/\/metarh.com.br\/metarhnews\/wp-content\/uploads\/2023\/04\/saude_mental_turnover-1024x377.jpg\" alt=\"Sa\u00fade Mental\" class=\"wp-image-14862\" srcset=\"https:\/\/metarh.com.br\/metarhnews\/wp-content\/uploads\/2023\/04\/saude_mental_turnover-1024x377.jpg 1024w, https:\/\/metarh.com.br\/metarhnews\/wp-content\/uploads\/2023\/04\/saude_mental_turnover-300x110.jpg 300w, https:\/\/metarh.com.br\/metarhnews\/wp-content\/uploads\/2023\/04\/saude_mental_turnover-768x283.jpg 768w, https:\/\/metarh.com.br\/metarhnews\/wp-content\/uploads\/2023\/04\/saude_mental_turnover-1536x565.jpg 1536w, https:\/\/metarh.com.br\/metarhnews\/wp-content\/uploads\/2023\/04\/saude_mental_turnover.jpg 1900w\" sizes=\"(max-width: 1024px) 100vw, 1024px\" \/><\/a><\/figure>\n\n\n\n<p><strong>Tomada de decis\u00e3o e desempenho<\/strong><\/p>\n\n\n\n<p>\u00a0A sa\u00fade mental afeta diretamente a nossa capacidade de tomar decis\u00f5es eficazes. N\u00e3o por acaso, um(a) l\u00edder sob estresse excessivo ou enfrentando problemas de sa\u00fade mental tem grandes chances de tomar decis\u00f5es impulsivas ou que desfavore\u00e7am tanto as pessoas colaboradoras quanto a empresa.<\/p>\n\n\n\n<p>Por outro lado, l\u00edderes saud\u00e1veis mentalmente tendem a ser mais produtivos e eficazes em suas fun\u00e7\u00f5es. Em geral, essas pessoas possuem uma capacidade maior de pensar com clareza, resolver problemas, manter o foco e liderar com empatia, o que contribui para o desempenho geral da equipe e da organiza\u00e7\u00e3o.<\/p>\n\n\n\n<p><strong>Reten\u00e7\u00e3o de talentos<\/strong>&nbsp;<\/p>\n\n\n\n<p>Quando os l\u00edderes enfrentam desafios relacionados ao estresse e \u00e0 sobrecarga, isso pode criar um ambiente de trabalho t\u00f3xico, que tenha como consequ\u00eancia o aumento do turnover de talentos.\u00a0<\/p>\n\n\n\n<p>Para se ter uma ideia, um estudo de 2019 relevou que <a href=\"https:\/\/g1.globo.com\/economia\/concursos-e-emprego\/noticia\/2019\/11\/22\/8-em-cada-10-profissionais-pedem-demissao-por-causa-do-chefe-veja-os-motivos.ghtml\" target=\"_blank\" rel=\"noreferrer noopener\">oito em cada dez profissionais pedem demiss\u00e3o por causa do chefe<\/a> \u2013 mais precisamente, devido ao sentimento de que a chefia n\u00e3o \u00e9 uma inspira\u00e7\u00e3o para o dia a dia.<\/p>\n\n\n\n<p>Em contrapartida, l\u00edderes que cuidam bem de pr\u00f3pria sa\u00fade mental s\u00e3o mais propensos a criar um ambiente de trabalho positivo, onde os funcion\u00e1rios se sentem valorizados, apoiados e motivados.<\/p>\n\n\n\n<p><strong>LEIA TAMB\u00c9M: <\/strong><a href=\"https:\/\/metarh.com.br\/metarhnews\/recrutamento-turnover\/\">Recrutamento e Sele\u00e7\u00e3o: O impacto do processo na redu\u00e7\u00e3o do turnover<\/a><\/p>\n\n\n\n<p><strong>Resili\u00eancia<\/strong><\/p>\n\n\n\n<p>\u00c9 importante lembrar, tamb\u00e9m, que a lideran\u00e7a eficaz exige resili\u00eancia emocional.&nbsp;<\/p>\n\n\n\n<p>Nesse sentido, gestores com a sa\u00fade mental em dia geralmente s\u00e3o mais capazes de lidar com adversidades, crises e desafios de maneira construtiva, o que \u00e9 essencial para o sucesso a longo prazo de uma organiza\u00e7\u00e3o.<\/p>\n\n\n\n<h2 class=\"wp-block-heading\"><strong>Quais os desafios dos l\u00edderes com rela\u00e7\u00e3o \u00e0 sa\u00fade mental?<\/strong><\/h2>\n\n\n\n<p>Para promover a sa\u00fade mental das lideran\u00e7as e, assim, apoi\u00e1-los a zelar pelo bem-estar do restante do time, o primeiro passo \u00e9 compreender quais os desafios enfrentados nesta frente. Ent\u00e3o vamos aos principais:<\/p>\n\n\n\n<ul class=\"wp-block-list\">\n<li><strong>Press\u00e3o constante:<\/strong> l\u00edderes frequentemente lidam com n\u00edveis elevados de press\u00e3o devido \u00e0s altas expectativas que recaem sobre eles. Na falta de dosagem, tomar decis\u00f5es importantes, cumprir metas e liderar equipes de forma eficaz podem se tornar esmagadores..<\/li>\n\n\n\n<li><strong>Isolamento:<\/strong> a posi\u00e7\u00e3o de lideran\u00e7a muitas vezes pode ser solit\u00e1ria. Ao ocuparem a posi\u00e7\u00e3o de quem precisa estar dispon\u00edvel para ouvir as preocupa\u00e7\u00f5es e acolher as pessoas colaboradoras, os l\u00edderes podem sentir que n\u00e3o t\u00eam ningu\u00e9m com quem compartilhar seus pr\u00f3prios desafios.<\/li>\n\n\n\n<li><strong>Tomada de decis\u00f5es dif\u00edceis:<\/strong> Frequentemente, os gestores de equipe confrontam-se com decis\u00f5es dif\u00edceis que podem afetar o destino das pessoas colaboradoras e das organiza\u00e7\u00f5es. O que, por sua vez, gera tens\u00e3o e ansiedade.<\/li>\n\n\n\n<li><strong>Equil\u00edbrio entre vida profissional e pessoal:<\/strong> encontrar um equil\u00edbrio saud\u00e1vel entre as demandas do trabalho e de casa pode ser especialmente desafiador para l\u00edderes, uma vez que muitas vezes s\u00e3o esperadas longas horas de trabalho e disponibilidade constante por parte deles.&nbsp;<\/li>\n\n\n\n<li><strong>Medo do fracasso:<\/strong> o medo de falhar, especialmente em posi\u00e7\u00f5es de alto perfil, pode ser um fardo pesado, que leva \u00e0 ansiedade, \u00e0 autocobran\u00e7a excessiva e \u00e0 produtividade t\u00f3xica.&nbsp;<\/li>\n<\/ul>\n\n\n\n<figure class=\"wp-block-image size-large\"><img decoding=\"async\" width=\"1024\" height=\"341\" src=\"https:\/\/metarh.com.br\/metarhnews\/wp-content\/uploads\/2023\/04\/Rodameio-email-PIPE-1024x341.jpg\" alt=\"Solu\u00e7\u00f5es estrat\u00e9gicas de Rh - METARH\" class=\"wp-image-14906\" srcset=\"https:\/\/metarh.com.br\/metarhnews\/wp-content\/uploads\/2023\/04\/Rodameio-email-PIPE-1024x341.jpg 1024w, https:\/\/metarh.com.br\/metarhnews\/wp-content\/uploads\/2023\/04\/Rodameio-email-PIPE-300x100.jpg 300w, https:\/\/metarh.com.br\/metarhnews\/wp-content\/uploads\/2023\/04\/Rodameio-email-PIPE-768x256.jpg 768w, https:\/\/metarh.com.br\/metarhnews\/wp-content\/uploads\/2023\/04\/Rodameio-email-PIPE.jpg 1200w\" sizes=\"(max-width: 1024px) 100vw, 1024px\" \/><\/figure>\n\n\n\n<h2 class=\"wp-block-heading\"><strong>Como apoiar o bem-estar emocional dos l\u00edderes?<\/strong><\/h2>\n\n\n\n<p>Contornar os desafios apresentados acima requer um foco consciente na sa\u00fade mental, tanto por parte do RH quanto dos pr\u00f3prios l\u00edderes.&nbsp;<\/p>\n\n\n\n<p>Afinal, as iniciativas de bem-estar encabe\u00e7adas pela \u00e1rea de Recursos Humanos precisam andar de m\u00e3os dadas com o reconhecimento por parte da lideran\u00e7a de que esse \u00e9 um assunto que merece a devida aten\u00e7\u00e3o.<\/p>\n\n\n\n<p>Dito isso, vamos listar abaixo sete a\u00e7\u00f5es que as organiza\u00e7\u00f5es podem adotar a fim de oferecer esse apoio:<\/p>\n\n\n\n<ol class=\"wp-block-list\">\n<li><strong>Promova a comunica\u00e7\u00e3o aberta<\/strong>, criando um ambiente onde l\u00edderes tamb\u00e9m se sintam \u00e0 vontade para compartilhar seus sentimentos e preocupa\u00e7\u00f5es sem medo de julgamento ou retalia\u00e7\u00e3o;<\/li>\n\n\n\n<li><strong>Forne\u00e7a treinamento em sa\u00fade mental e intelig\u00eancia emocional<\/strong>, para que l\u00edderes possam reconhecer sinais de estresse, ansiedade e depress\u00e3o, e aprender a lidar com essas quest\u00f5es de forma mais eficaz;<\/li>\n\n\n\n<li><strong>Encoraje l\u00edderes a priorizarem o autocuidado<\/strong>, incluindo a pr\u00e1tica regular de exerc\u00edcios, alimenta\u00e7\u00e3o saud\u00e1vel, sono adequado e atividades de relaxamento;<\/li>\n\n\n\n<li>Reforce a mensagem de que <strong>l\u00edderes que cuidam bem de si mesmos t\u00eam maior capacidade para cuidar de suas equipes<\/strong> e alcan\u00e7arem suas metas;<\/li>\n\n\n\n<li><strong>Ofere\u00e7a flexibilidade no ambiente de trabalho<\/strong>, como hor\u00e1rios mais flex\u00edveis ou a possibilidade de trabalhar remotamente, quando apropriado. Isso pode ajudar os l\u00edderes a equilibrar melhor as responsabilidades profissionais e pessoais;<\/li>\n\n\n\n<li><strong>Incentive os l\u00edderes a buscarem apoio de colegas e mentores<\/strong>. Ter algu\u00e9m com quem compartilhar experi\u00eancias e desafios pode ser extremamente ben\u00e9fico;<\/li>\n\n\n\n<li><strong>Promova uma cultura organizacional que valorize a sa\u00fade mental e o bem-estar emocional de todos<\/strong>. Isso pode incluir pol\u00edticas que combatam o estigma em torno deste assunto e programas que incentivem a conscientiza\u00e7\u00e3o.<\/li>\n<\/ol>\n\n\n\n<p>Ao adotar essas estrat\u00e9gias, as organiza\u00e7\u00f5es podem ajudar as lideran\u00e7as e, ao mesmo tempo, promover um ambiente de trabalho mais saud\u00e1vel e produtivo para todas as pessoas colaboradoras.\u00a0<\/p>\n\n\n\n<p>Afinal, quando pessoas em cargos de gest\u00e3o se sentem apoiadas em sua jornada de bem-estar emocional t\u00eam mais probabilidade de liderar com efic\u00e1cia e inspirar suas equipes a fazerem o mesmo.<\/p>\n\n\n\n<p><strong>Se a sua empresa est\u00e1 em busca de talentos para preencher posi\u00e7\u00f5es de lideran\u00e7a, a METARH \u00e9 a parceira ideal!<\/strong><\/p>\n\n\n\n<div class=\"wp-block-buttons is-content-justification-center is-layout-flex wp-container-core-buttons-is-layout-16018d1d wp-block-buttons-is-layout-flex\">\n<div class=\"wp-block-button\"><a class=\"wp-block-button__link wp-element-button\" href=\"https:\/\/metarh.com.br\/contato-materiais-ricos\/\" style=\"border-radius:100px;padding-top:var(--wp--preset--spacing--30);padding-right:var(--wp--preset--spacing--30);padding-bottom:var(--wp--preset--spacing--30);padding-left:var(--wp--preset--spacing--30)\">QUERO FALAR COM ESPECIALISTAS<\/a><\/div>\n<\/div>\n<div style=\"margin-top: 0px; margin-bottom: 0px;\" class=\"sharethis-inline-share-buttons\" ><\/div>","protected":false},"excerpt":{"rendered":"<p>Muito se fala sobre o impacto da lideran\u00e7a no bem-estar geral das pessoas colaboradoras. Mas, em boa parte dos casos, um ponto-chave desta equa\u00e7\u00e3o \u00e9 deixado de lado: para conseguir promover sa\u00fade mental, as lideran\u00e7as tamb\u00e9m precisam estar mentalmente saud\u00e1veis. Embora uma pesquisa realizada pela Vittude, em 2023, tenha revelado que os l\u00edderes apresentam menos&#8230;<\/p>\n","protected":false},"author":4,"featured_media":15955,"comment_status":"open","ping_status":"open","sticky":false,"template":"","format":"standard","meta":{"_kadence_starter_templates_imported_post":false,"_kad_post_transparent":"","_kad_post_title":"","_kad_post_layout":"","_kad_post_sidebar_id":"","_kad_post_content_style":"","_kad_post_vertical_padding":"","_kad_post_feature":"","_kad_post_feature_position":"","_kad_post_header":false,"_kad_post_footer":false,"_kad_post_classname":"","footnotes":""},"categories":[128,164,150,3,2,132],"tags":[13,135],"class_list":["post-15954","post","type-post","status-publish","format-standard","has-post-thumbnail","hentry","category-business","category-aprendizado-em-rh","category-dho","category-dicas","category-materias","category-tendencias","tag-recursos-humanos","tag-saude-mental"],"yoast_head":"<!-- This site is optimized with the Yoast SEO Premium plugin v26.6 (Yoast SEO v27.5) - https:\/\/yoast.com\/product\/yoast-seo-premium-wordpress\/ -->\n<title>Sa\u00fade Mental e Lideran\u00e7a: Cuidando do Bem-Estar de L\u00edderes<\/title>\n<meta name=\"description\" content=\"Saiba por que \u00e9 essencial cuidar da sa\u00fade mental da lideran\u00e7a e como isso pode impactar positivamente as organiza\u00e7\u00f5es.\" \/>\n<meta name=\"robots\" content=\"index, follow, max-snippet:-1, max-image-preview:large, max-video-preview:-1\" \/>\n<link rel=\"canonical\" href=\"https:\/\/metarh.com.br\/metarhnews\/lideranca-saude-mental\/\" \/>\n<meta property=\"og:locale\" content=\"pt_BR\" \/>\n<meta property=\"og:type\" content=\"article\" \/>\n<meta property=\"og:title\" content=\"Sa\u00fade Mental e Lideran\u00e7a: Cuidando do Bem-Estar de L\u00edderes\" \/>\n<meta property=\"og:description\" content=\"Saiba por que \u00e9 essencial cuidar da sa\u00fade mental da lideran\u00e7a e como isso pode impactar positivamente as organiza\u00e7\u00f5es.\" \/>\n<meta property=\"og:url\" content=\"https:\/\/metarh.com.br\/metarhnews\/lideranca-saude-mental\/\" \/>\n<meta property=\"og:site_name\" content=\"METARH +News\" \/>\n<meta property=\"article:publisher\" content=\"https:\/\/www.facebook.com\/metarhumana\" \/>\n<meta property=\"article:author\" content=\"https:\/\/www.facebook.com\/metarhconsultoria\" \/>\n<meta property=\"article:published_time\" content=\"2023-10-04T13:27:07+00:00\" \/>\n<meta property=\"article:modified_time\" content=\"2025-11-19T01:31:59+00:00\" \/>\n<meta property=\"og:image\" content=\"https:\/\/metarh.com.br\/metarhnews\/wp-content\/uploads\/2023\/10\/Saude-Mental-e-Lideranca.jpg\" \/>\n\t<meta property=\"og:image:width\" content=\"1060\" \/>\n\t<meta property=\"og:image:height\" content=\"700\" \/>\n\t<meta property=\"og:image:type\" content=\"image\/jpeg\" \/>\n<meta name=\"author\" content=\"METARH\" \/>\n<meta name=\"twitter:card\" content=\"summary_large_image\" \/>\n<meta name=\"twitter:creator\" content=\"@metarhumana\" \/>\n<meta name=\"twitter:site\" content=\"@metarhumana\" \/>\n<meta name=\"twitter:label1\" content=\"Escrito por\" \/>\n\t<meta name=\"twitter:data1\" content=\"METARH\" \/>\n\t<meta name=\"twitter:label2\" content=\"Est. tempo de leitura\" \/>\n\t<meta name=\"twitter:data2\" content=\"7 minutos\" \/>\n<script type=\"application\/ld+json\" class=\"yoast-schema-graph\">{\"@context\":\"https:\\\/\\\/schema.org\",\"@graph\":[{\"@type\":\"Article\",\"@id\":\"https:\\\/\\\/metarh.com.br\\\/metarhnews\\\/lideranca-saude-mental\\\/#article\",\"isPartOf\":{\"@id\":\"https:\\\/\\\/metarh.com.br\\\/metarhnews\\\/lideranca-saude-mental\\\/\"},\"author\":{\"name\":\"METARH\",\"@id\":\"https:\\\/\\\/metarh.com.br\\\/metarhnews\\\/#\\\/schema\\\/person\\\/930900bc40677695dc9df602ec0366d0\"},\"headline\":\"Sa\u00fade Mental e Lideran\u00e7a: Cuidando do Bem-Estar de L\u00edderes\",\"datePublished\":\"2023-10-04T13:27:07+00:00\",\"dateModified\":\"2025-11-19T01:31:59+00:00\",\"mainEntityOfPage\":{\"@id\":\"https:\\\/\\\/metarh.com.br\\\/metarhnews\\\/lideranca-saude-mental\\\/\"},\"wordCount\":1339,\"commentCount\":0,\"publisher\":{\"@id\":\"https:\\\/\\\/metarh.com.br\\\/metarhnews\\\/#organization\"},\"image\":{\"@id\":\"https:\\\/\\\/metarh.com.br\\\/metarhnews\\\/lideranca-saude-mental\\\/#primaryimage\"},\"thumbnailUrl\":\"https:\\\/\\\/metarh.com.br\\\/metarhnews\\\/wp-content\\\/uploads\\\/2023\\\/10\\\/Saude-Mental-e-Lideranca.jpg\",\"keywords\":[\"Recursos Humanos\",\"Sa\u00fade Mental\"],\"articleSection\":[\"1 \u2022 Business\",\"Aprendizado\",\"DHO\",\"Dicas\",\"Mat\u00e9rias\",\"Tend\u00eancias\"],\"inLanguage\":\"pt-BR\",\"potentialAction\":[{\"@type\":\"CommentAction\",\"name\":\"Comment\",\"target\":[\"https:\\\/\\\/metarh.com.br\\\/metarhnews\\\/lideranca-saude-mental\\\/#respond\"]}],\"copyrightYear\":\"2023\",\"copyrightHolder\":{\"@id\":\"https:\\\/\\\/metarh.com.br\\\/metarhnews\\\/#organization\"}},{\"@type\":\"WebPage\",\"@id\":\"https:\\\/\\\/metarh.com.br\\\/metarhnews\\\/lideranca-saude-mental\\\/\",\"url\":\"https:\\\/\\\/metarh.com.br\\\/metarhnews\\\/lideranca-saude-mental\\\/\",\"name\":\"Sa\u00fade Mental e Lideran\u00e7a: Cuidando do Bem-Estar de L\u00edderes\",\"isPartOf\":{\"@id\":\"https:\\\/\\\/metarh.com.br\\\/metarhnews\\\/#website\"},\"primaryImageOfPage\":{\"@id\":\"https:\\\/\\\/metarh.com.br\\\/metarhnews\\\/lideranca-saude-mental\\\/#primaryimage\"},\"image\":{\"@id\":\"https:\\\/\\\/metarh.com.br\\\/metarhnews\\\/lideranca-saude-mental\\\/#primaryimage\"},\"thumbnailUrl\":\"https:\\\/\\\/metarh.com.br\\\/metarhnews\\\/wp-content\\\/uploads\\\/2023\\\/10\\\/Saude-Mental-e-Lideranca.jpg\",\"datePublished\":\"2023-10-04T13:27:07+00:00\",\"dateModified\":\"2025-11-19T01:31:59+00:00\",\"description\":\"Saiba por que \u00e9 essencial cuidar da sa\u00fade mental da lideran\u00e7a e como isso pode impactar positivamente as organiza\u00e7\u00f5es.\",\"breadcrumb\":{\"@id\":\"https:\\\/\\\/metarh.com.br\\\/metarhnews\\\/lideranca-saude-mental\\\/#breadcrumb\"},\"inLanguage\":\"pt-BR\",\"potentialAction\":[{\"@type\":\"ReadAction\",\"target\":[\"https:\\\/\\\/metarh.com.br\\\/metarhnews\\\/lideranca-saude-mental\\\/\"]}]},{\"@type\":\"ImageObject\",\"inLanguage\":\"pt-BR\",\"@id\":\"https:\\\/\\\/metarh.com.br\\\/metarhnews\\\/lideranca-saude-mental\\\/#primaryimage\",\"url\":\"https:\\\/\\\/metarh.com.br\\\/metarhnews\\\/wp-content\\\/uploads\\\/2023\\\/10\\\/Saude-Mental-e-Lideranca.jpg\",\"contentUrl\":\"https:\\\/\\\/metarh.com.br\\\/metarhnews\\\/wp-content\\\/uploads\\\/2023\\\/10\\\/Saude-Mental-e-Lideranca.jpg\",\"width\":1060,\"height\":700,\"caption\":\"Lideran\u00e7a e sa\u00fade mental\"},{\"@type\":\"BreadcrumbList\",\"@id\":\"https:\\\/\\\/metarh.com.br\\\/metarhnews\\\/lideranca-saude-mental\\\/#breadcrumb\",\"itemListElement\":[{\"@type\":\"ListItem\",\"position\":1,\"name\":\"In\u00edcio\",\"item\":\"https:\\\/\\\/metarh.com.br\\\/metarhnews\\\/\"},{\"@type\":\"ListItem\",\"position\":2,\"name\":\"Sa\u00fade Mental e Lideran\u00e7a: Cuidando do Bem-Estar de L\u00edderes\"}]},{\"@type\":\"WebSite\",\"@id\":\"https:\\\/\\\/metarh.com.br\\\/metarhnews\\\/#website\",\"url\":\"https:\\\/\\\/metarh.com.br\\\/metarhnews\\\/\",\"name\":\"METARH +News\",\"description\":\"Conte\u00fado focado em Gest\u00e3o de Pessoas\",\"publisher\":{\"@id\":\"https:\\\/\\\/metarh.com.br\\\/metarhnews\\\/#organization\"},\"potentialAction\":[{\"@type\":\"SearchAction\",\"target\":{\"@type\":\"EntryPoint\",\"urlTemplate\":\"https:\\\/\\\/metarh.com.br\\\/metarhnews\\\/?s={search_term_string}\"},\"query-input\":{\"@type\":\"PropertyValueSpecification\",\"valueRequired\":true,\"valueName\":\"search_term_string\"}}],\"inLanguage\":\"pt-BR\"},{\"@type\":\"Organization\",\"@id\":\"https:\\\/\\\/metarh.com.br\\\/metarhnews\\\/#organization\",\"name\":\"METARH +Humana\",\"url\":\"https:\\\/\\\/metarh.com.br\\\/metarhnews\\\/\",\"logo\":{\"@type\":\"ImageObject\",\"inLanguage\":\"pt-BR\",\"@id\":\"https:\\\/\\\/metarh.com.br\\\/metarhnews\\\/#\\\/schema\\\/logo\\\/image\\\/\",\"url\":\"https:\\\/\\\/metarh.com.br\\\/metarhnews\\\/wp-content\\\/uploads\\\/2025\\\/02\\\/METARH-Azul-Horizontal.png\",\"contentUrl\":\"https:\\\/\\\/metarh.com.br\\\/metarhnews\\\/wp-content\\\/uploads\\\/2025\\\/02\\\/METARH-Azul-Horizontal.png\",\"width\":1002,\"height\":303,\"caption\":\"METARH +Humana\"},\"image\":{\"@id\":\"https:\\\/\\\/metarh.com.br\\\/metarhnews\\\/#\\\/schema\\\/logo\\\/image\\\/\"},\"sameAs\":[\"https:\\\/\\\/www.facebook.com\\\/metarhumana\",\"https:\\\/\\\/x.com\\\/metarhumana\",\"https:\\\/\\\/www.instagram.com\\\/metarhumana\\\/\",\"https:\\\/\\\/www.youtube.com\\\/@metarhumana\"]},{\"@type\":\"Person\",\"@id\":\"https:\\\/\\\/metarh.com.br\\\/metarhnews\\\/#\\\/schema\\\/person\\\/930900bc40677695dc9df602ec0366d0\",\"name\":\"METARH\",\"image\":{\"@type\":\"ImageObject\",\"inLanguage\":\"pt-BR\",\"@id\":\"https:\\\/\\\/secure.gravatar.com\\\/avatar\\\/e03963382c9576f1c9989940c2d59ebc780df154afc76a079627bbbdb3dcefa1?s=96&d=mm&r=g\",\"url\":\"https:\\\/\\\/secure.gravatar.com\\\/avatar\\\/e03963382c9576f1c9989940c2d59ebc780df154afc76a079627bbbdb3dcefa1?s=96&d=mm&r=g\",\"contentUrl\":\"https:\\\/\\\/secure.gravatar.com\\\/avatar\\\/e03963382c9576f1c9989940c2d59ebc780df154afc76a079627bbbdb3dcefa1?s=96&d=mm&r=g\",\"caption\":\"METARH\"},\"description\":\"Somos uma consultoria de recursos humanos com mais de 40 anos de mercado, ajudando empresas como a sua a encontrarem o talento certo. Nossos processos s\u00e3o focados no sucesso dos clientes sem deixar de lado a experi\u00eancia positiva das pessoas candidatas.\",\"sameAs\":[\"http:\\\/\\\/www.metarh.com.br\",\"https:\\\/\\\/www.facebook.com\\\/metarhconsultoria\",\"https:\\\/\\\/www.instagram.com\\\/metarhconsultoria\\\/\",\"https:\\\/\\\/www.linkedin.com\\\/company\\\/metarhconsultoria\",\"http:\\\/\\\/youtube.com\\\/@metarhconsultoria\"],\"url\":\"https:\\\/\\\/metarh.com.br\\\/metarhnews\\\/author\\\/editorial-metarh\\\/\"}]}<\/script>\n<!-- \/ Yoast SEO Premium plugin. -->","yoast_head_json":{"title":"Sa\u00fade Mental e Lideran\u00e7a: Cuidando do Bem-Estar de L\u00edderes","description":"Saiba por que \u00e9 essencial cuidar da sa\u00fade mental da lideran\u00e7a e como isso pode impactar positivamente as organiza\u00e7\u00f5es.","robots":{"index":"index","follow":"follow","max-snippet":"max-snippet:-1","max-image-preview":"max-image-preview:large","max-video-preview":"max-video-preview:-1"},"canonical":"https:\/\/metarh.com.br\/metarhnews\/lideranca-saude-mental\/","og_locale":"pt_BR","og_type":"article","og_title":"Sa\u00fade Mental e Lideran\u00e7a: Cuidando do Bem-Estar de L\u00edderes","og_description":"Saiba por que \u00e9 essencial cuidar da sa\u00fade mental da lideran\u00e7a e como isso pode impactar positivamente as organiza\u00e7\u00f5es.","og_url":"https:\/\/metarh.com.br\/metarhnews\/lideranca-saude-mental\/","og_site_name":"METARH +News","article_publisher":"https:\/\/www.facebook.com\/metarhumana","article_author":"https:\/\/www.facebook.com\/metarhconsultoria","article_published_time":"2023-10-04T13:27:07+00:00","article_modified_time":"2025-11-19T01:31:59+00:00","og_image":[{"width":1060,"height":700,"url":"https:\/\/metarh.com.br\/metarhnews\/wp-content\/uploads\/2023\/10\/Saude-Mental-e-Lideranca.jpg","type":"image\/jpeg"}],"author":"METARH","twitter_card":"summary_large_image","twitter_creator":"@metarhumana","twitter_site":"@metarhumana","twitter_misc":{"Escrito por":"METARH","Est. tempo de leitura":"7 minutos"},"schema":{"@context":"https:\/\/schema.org","@graph":[{"@type":"Article","@id":"https:\/\/metarh.com.br\/metarhnews\/lideranca-saude-mental\/#article","isPartOf":{"@id":"https:\/\/metarh.com.br\/metarhnews\/lideranca-saude-mental\/"},"author":{"name":"METARH","@id":"https:\/\/metarh.com.br\/metarhnews\/#\/schema\/person\/930900bc40677695dc9df602ec0366d0"},"headline":"Sa\u00fade Mental e Lideran\u00e7a: Cuidando do Bem-Estar de L\u00edderes","datePublished":"2023-10-04T13:27:07+00:00","dateModified":"2025-11-19T01:31:59+00:00","mainEntityOfPage":{"@id":"https:\/\/metarh.com.br\/metarhnews\/lideranca-saude-mental\/"},"wordCount":1339,"commentCount":0,"publisher":{"@id":"https:\/\/metarh.com.br\/metarhnews\/#organization"},"image":{"@id":"https:\/\/metarh.com.br\/metarhnews\/lideranca-saude-mental\/#primaryimage"},"thumbnailUrl":"https:\/\/metarh.com.br\/metarhnews\/wp-content\/uploads\/2023\/10\/Saude-Mental-e-Lideranca.jpg","keywords":["Recursos Humanos","Sa\u00fade Mental"],"articleSection":["1 \u2022 Business","Aprendizado","DHO","Dicas","Mat\u00e9rias","Tend\u00eancias"],"inLanguage":"pt-BR","potentialAction":[{"@type":"CommentAction","name":"Comment","target":["https:\/\/metarh.com.br\/metarhnews\/lideranca-saude-mental\/#respond"]}],"copyrightYear":"2023","copyrightHolder":{"@id":"https:\/\/metarh.com.br\/metarhnews\/#organization"}},{"@type":"WebPage","@id":"https:\/\/metarh.com.br\/metarhnews\/lideranca-saude-mental\/","url":"https:\/\/metarh.com.br\/metarhnews\/lideranca-saude-mental\/","name":"Sa\u00fade Mental e Lideran\u00e7a: Cuidando do Bem-Estar de L\u00edderes","isPartOf":{"@id":"https:\/\/metarh.com.br\/metarhnews\/#website"},"primaryImageOfPage":{"@id":"https:\/\/metarh.com.br\/metarhnews\/lideranca-saude-mental\/#primaryimage"},"image":{"@id":"https:\/\/metarh.com.br\/metarhnews\/lideranca-saude-mental\/#primaryimage"},"thumbnailUrl":"https:\/\/metarh.com.br\/metarhnews\/wp-content\/uploads\/2023\/10\/Saude-Mental-e-Lideranca.jpg","datePublished":"2023-10-04T13:27:07+00:00","dateModified":"2025-11-19T01:31:59+00:00","description":"Saiba por que \u00e9 essencial cuidar da sa\u00fade mental da lideran\u00e7a e como isso pode impactar positivamente as organiza\u00e7\u00f5es.","breadcrumb":{"@id":"https:\/\/metarh.com.br\/metarhnews\/lideranca-saude-mental\/#breadcrumb"},"inLanguage":"pt-BR","potentialAction":[{"@type":"ReadAction","target":["https:\/\/metarh.com.br\/metarhnews\/lideranca-saude-mental\/"]}]},{"@type":"ImageObject","inLanguage":"pt-BR","@id":"https:\/\/metarh.com.br\/metarhnews\/lideranca-saude-mental\/#primaryimage","url":"https:\/\/metarh.com.br\/metarhnews\/wp-content\/uploads\/2023\/10\/Saude-Mental-e-Lideranca.jpg","contentUrl":"https:\/\/metarh.com.br\/metarhnews\/wp-content\/uploads\/2023\/10\/Saude-Mental-e-Lideranca.jpg","width":1060,"height":700,"caption":"Lideran\u00e7a e sa\u00fade mental"},{"@type":"BreadcrumbList","@id":"https:\/\/metarh.com.br\/metarhnews\/lideranca-saude-mental\/#breadcrumb","itemListElement":[{"@type":"ListItem","position":1,"name":"In\u00edcio","item":"https:\/\/metarh.com.br\/metarhnews\/"},{"@type":"ListItem","position":2,"name":"Sa\u00fade Mental e Lideran\u00e7a: Cuidando do Bem-Estar de L\u00edderes"}]},{"@type":"WebSite","@id":"https:\/\/metarh.com.br\/metarhnews\/#website","url":"https:\/\/metarh.com.br\/metarhnews\/","name":"METARH +News","description":"Conte\u00fado focado em Gest\u00e3o de Pessoas","publisher":{"@id":"https:\/\/metarh.com.br\/metarhnews\/#organization"},"potentialAction":[{"@type":"SearchAction","target":{"@type":"EntryPoint","urlTemplate":"https:\/\/metarh.com.br\/metarhnews\/?s={search_term_string}"},"query-input":{"@type":"PropertyValueSpecification","valueRequired":true,"valueName":"search_term_string"}}],"inLanguage":"pt-BR"},{"@type":"Organization","@id":"https:\/\/metarh.com.br\/metarhnews\/#organization","name":"METARH +Humana","url":"https:\/\/metarh.com.br\/metarhnews\/","logo":{"@type":"ImageObject","inLanguage":"pt-BR","@id":"https:\/\/metarh.com.br\/metarhnews\/#\/schema\/logo\/image\/","url":"https:\/\/metarh.com.br\/metarhnews\/wp-content\/uploads\/2025\/02\/METARH-Azul-Horizontal.png","contentUrl":"https:\/\/metarh.com.br\/metarhnews\/wp-content\/uploads\/2025\/02\/METARH-Azul-Horizontal.png","width":1002,"height":303,"caption":"METARH +Humana"},"image":{"@id":"https:\/\/metarh.com.br\/metarhnews\/#\/schema\/logo\/image\/"},"sameAs":["https:\/\/www.facebook.com\/metarhumana","https:\/\/x.com\/metarhumana","https:\/\/www.instagram.com\/metarhumana\/","https:\/\/www.youtube.com\/@metarhumana"]},{"@type":"Person","@id":"https:\/\/metarh.com.br\/metarhnews\/#\/schema\/person\/930900bc40677695dc9df602ec0366d0","name":"METARH","image":{"@type":"ImageObject","inLanguage":"pt-BR","@id":"https:\/\/secure.gravatar.com\/avatar\/e03963382c9576f1c9989940c2d59ebc780df154afc76a079627bbbdb3dcefa1?s=96&d=mm&r=g","url":"https:\/\/secure.gravatar.com\/avatar\/e03963382c9576f1c9989940c2d59ebc780df154afc76a079627bbbdb3dcefa1?s=96&d=mm&r=g","contentUrl":"https:\/\/secure.gravatar.com\/avatar\/e03963382c9576f1c9989940c2d59ebc780df154afc76a079627bbbdb3dcefa1?s=96&d=mm&r=g","caption":"METARH"},"description":"Somos uma consultoria de recursos humanos com mais de 40 anos de mercado, ajudando empresas como a sua a encontrarem o talento certo. Nossos processos s\u00e3o focados no sucesso dos clientes sem deixar de lado a experi\u00eancia positiva das pessoas candidatas.","sameAs":["http:\/\/www.metarh.com.br","https:\/\/www.facebook.com\/metarhconsultoria","https:\/\/www.instagram.com\/metarhconsultoria\/","https:\/\/www.linkedin.com\/company\/metarhconsultoria","http:\/\/youtube.com\/@metarhconsultoria"],"url":"https:\/\/metarh.com.br\/metarhnews\/author\/editorial-metarh\/"}]}},"_links":{"self":[{"href":"https:\/\/metarh.com.br\/metarhnews\/wp-json\/wp\/v2\/posts\/15954","targetHints":{"allow":["GET"]}}],"collection":[{"href":"https:\/\/metarh.com.br\/metarhnews\/wp-json\/wp\/v2\/posts"}],"about":[{"href":"https:\/\/metarh.com.br\/metarhnews\/wp-json\/wp\/v2\/types\/post"}],"author":[{"embeddable":true,"href":"https:\/\/metarh.com.br\/metarhnews\/wp-json\/wp\/v2\/users\/4"}],"replies":[{"embeddable":true,"href":"https:\/\/metarh.com.br\/metarhnews\/wp-json\/wp\/v2\/comments?post=15954"}],"version-history":[{"count":1,"href":"https:\/\/metarh.com.br\/metarhnews\/wp-json\/wp\/v2\/posts\/15954\/revisions"}],"predecessor-version":[{"id":15956,"href":"https:\/\/metarh.com.br\/metarhnews\/wp-json\/wp\/v2\/posts\/15954\/revisions\/15956"}],"wp:featuredmedia":[{"embeddable":true,"href":"https:\/\/metarh.com.br\/metarhnews\/wp-json\/wp\/v2\/media\/15955"}],"wp:attachment":[{"href":"https:\/\/metarh.com.br\/metarhnews\/wp-json\/wp\/v2\/media?parent=15954"}],"wp:term":[{"taxonomy":"category","embeddable":true,"href":"https:\/\/metarh.com.br\/metarhnews\/wp-json\/wp\/v2\/categories?post=15954"},{"taxonomy":"post_tag","embeddable":true,"href":"https:\/\/metarh.com.br\/metarhnews\/wp-json\/wp\/v2\/tags?post=15954"}],"curies":[{"name":"wp","href":"https:\/\/api.w.org\/{rel}","templated":true}]}}