{"id":15959,"date":"2023-10-17T17:34:26","date_gmt":"2023-10-17T20:34:26","guid":{"rendered":"https:\/\/metarh.com.br\/metarhnews\/?p=15959"},"modified":"2026-01-16T16:50:56","modified_gmt":"2026-01-16T19:50:56","slug":"transicao-carreira","status":"publish","type":"post","link":"https:\/\/metarh.com.br\/metarhnews\/transicao-carreira\/","title":{"rendered":"Transi\u00e7\u00e3o de carreira: como e por onde come\u00e7ar?"},"content":{"rendered":"\n<p>Uma pesquisa realizada pelo instituto ADP Research, em 2022, revelou que <a href=\"https:\/\/www.cnnbrasil.com.br\/economia\/4-em-cada-5-brasileiros-consideram-mudar-de-carreira-aponta-pesquisa\/\" target=\"_blank\" rel=\"noreferrer noopener\">4 em cada 5&nbsp;brasileiros&nbsp;consideram mudar de&nbsp;emprego<\/a>. Entre eles, est\u00e3o desde aqueles que querem apenas migrar de empresa at\u00e9 quem busca por uma <strong>transi\u00e7\u00e3o de carreira<\/strong> completa.<\/p>\n\n\n\n<p>Embora ambas as situa\u00e7\u00f5es sempre tenham existido, parece que os \u00faltimos anos as tornaram especialmente comuns. Em parte, porque a pandemia da Covid-19 transformou a forma como muitos profissionais enxergavam a pr\u00f3pria rela\u00e7\u00e3o com o trabalho.<\/p>\n\n\n\n<p>Se voc\u00ea tamb\u00e9m est\u00e1 entre aqueles que t\u00eam se deparado com essa necessidade de mudan\u00e7a, chegou a hora de descobrir quais s\u00e3o os passos necess\u00e1rios para uma transi\u00e7\u00e3o de carreira bem-sucedida. Boa leitura!<\/p>\n\n\n\n<h2 class=\"wp-block-heading\" id=\"h-o-que-e-a-transicao-de-carreira\"><strong>O que \u00e9 a transi\u00e7\u00e3o de carreira?<\/strong><\/h2>\n\n\n\n<p>A transi\u00e7\u00e3o de carreira pode ser compreendida como um <strong>movimento de mudan\u00e7a profissional<\/strong>. Ela ocorre, por exemplo, quando uma pessoa decide migrar totalmente de \u00e1rea de atua\u00e7\u00e3o ou, ent\u00e3o, de posi\u00e7\u00e3o na \u00e1rea em que j\u00e1 atua.<\/p>\n\n\n\n<p>Cada transi\u00e7\u00e3o de carreira \u00e9 \u00fanica e depende das metas e circunst\u00e2ncias individuais do profissional. Al\u00e9m disso, como mencionamos acima, elas podem variar amplamente, indo desde mudan\u00e7as mais sutis at\u00e9 mudan\u00e7as radicais.&nbsp;<\/p>\n\n\n\n<p>Com as transforma\u00e7\u00f5es aceleradas pelo mercado, a transi\u00e7\u00e3o de carreira muitas vezes exige n\u00e3o s\u00f3 reflex\u00e3o, mas tamb\u00e9m adapta\u00e7\u00e3o \u00e0s exig\u00eancias do mundo digital. Por isso, confira este conte\u00fado que explica <a href=\"https:\/\/metarh.com.br\/metarhnews\/transicao-de-carreira-na-era-digital-o-que-voce-precisa-saber\/\"><strong>o que voc\u00ea precisa saber sobre transi\u00e7\u00e3o de carreira na era digital<\/strong>.<\/a><\/p>\n\n\n\n<h2 class=\"wp-block-heading\" id=\"h-o-que-pode-levar-a-uma-transicao-de-carreira\"><strong>O que pode levar a uma transi\u00e7\u00e3o de carreira?<\/strong><\/h2>\n\n\n\n<p>As transi\u00e7\u00f5es de carreira podem ser motivadas por v\u00e1rias raz\u00f5es. Mas, na sequ\u00eancia, vamos listar as mais comuns:<\/p>\n\n\n\n<p><strong>Insatisfa\u00e7\u00e3o profissional: <\/strong>o descontentamento com o trabalho atual, seja devido a falta de realiza\u00e7\u00e3o, remunera\u00e7\u00e3o aqu\u00e9m do esperado, estresse ou conflitos internos, \u00e9 um dos motivos que levam \u00e0 busca pela transi\u00e7\u00e3o.&nbsp;<\/p>\n\n\n\n<p><strong>Busca de novos desafios<\/strong>: algumas pessoas precisam ser constantemente desafiadas para se manterem engajadas e motivadas em suas carreiras. Quando isso n\u00e3o ocorre, elas podem buscar outros rumos.&nbsp;<\/p>\n\n\n\n<p><strong>Mudan\u00e7as de interesses:<\/strong> \u00e9 natural que nossos interesses e paix\u00f5es mudem ao longo do tempo. Em muitos casos, isso pode despertar a vontade de migrar para uma carreira que esteja mais alinhada a essa \u201cnova vers\u00e3o\u201d.&nbsp;&nbsp;<\/p>\n\n\n\n<p><strong>Mudan\u00e7as de circunst\u00e2ncias pessoais<\/strong>: eventos na vida pessoal, como nascimento de filhos, mudan\u00e7as geogr\u00e1ficas ou cuidados com a fam\u00edlia, tamb\u00e9m podem influenciar nas decis\u00f5es. Nos \u00faltimos anos, inclusive, muitas transi\u00e7\u00f5es de carreira foram impulsionadas pelo desejo de obter mais equil\u00edbrio entre vida pessoal e trabalho.<\/p>\n\n\n\n<p><strong>Oportunidades de mercado<\/strong>: \u00e0s vezes, a demanda por determinadas habilidades ou ind\u00fastrias em crescimento fazem com que os profissionais repensem suas trajet\u00f3rias e busquem por novas possibilidades de avan\u00e7o.&nbsp;&nbsp;<\/p>\n\n\n\n<p><strong>Realiza\u00e7\u00e3o de sonhos ou metas<\/strong>: por fim, as pessoas podem ter aspira\u00e7\u00f5es que n\u00e3o foram realizadas em suas carreiras anteriores e, portanto, buscam uma mudan\u00e7a para perseguir esses sonhos.<\/p>\n\n\n\n<h2 class=\"wp-block-heading\" id=\"h-por-onde-comecar-essa-mudanca-profissional\"><strong>Por onde come\u00e7ar essa mudan\u00e7a profissional?<\/strong><\/h2>\n\n\n\n<p>A transi\u00e7\u00e3o de carreira \u00e9 uma decis\u00e3o importante, que deve ser tomada com cuidado e reflex\u00e3o. Mas, se voc\u00ea se identificou com algum dos cen\u00e1rios que mencionamos acima, h\u00e1 grandes chances de que j\u00e1 esteja enveredando por esse caminho.<\/p>\n\n\n\n<p>Acontece que entre a vontade de mudar de profiss\u00e3o e a transi\u00e7\u00e3o, de fato, h\u00e1 um longo percurso. Afinal, planejar cuidadosamente essa mudan\u00e7a \u00e9 fundamental para que ela aconte\u00e7a da forma mais tranquila poss\u00edvel.&nbsp;<\/p>\n\n\n\n<p>Para iniciar esse processo de forma eficaz e aumentar as suas chances de sucesso, veja algumas etapas que n\u00e3o podem faltar:<\/p>\n\n\n\n<ol class=\"wp-block-list\">\n<li><strong>Fa\u00e7a uma autoavalia\u00e7\u00e3o<\/strong><\/li>\n<\/ol>\n\n\n\n<p>O autoconhecimento \u00e9 um elemento importante para qualquer fase da vida profissional. Mas, quando se trata de uma transi\u00e7\u00e3o de carreira, ele se torna ainda mais crucial.<\/p>\n\n\n\n<p>Se voc\u00ea est\u00e1 consistentemente insatisfeito, desmotivado ou infeliz com seu trabalho atual, comece refletindo sobre seus interesses, valores, habilidades e paix\u00f5es. Pergunte a si mesmo <strong>o que realmente o motiva e o que gostaria de alcan\u00e7ar em sua pr\u00f3xima carreira<\/strong>.<\/p>\n\n\n\n<ol start=\"2\" class=\"wp-block-list\">\n<li><strong>Pesquise sobre a \u00e1rea desejada<\/strong><\/li>\n<\/ol>\n\n\n\n<p>Ap\u00f3s fazer uma autoavalia\u00e7\u00e3o, o pr\u00f3ximo passo \u00e9 <strong>explorar as op\u00e7\u00f5es de carreira que correspondam \u00e0s suas aspira\u00e7\u00f5es e interesses.&nbsp;<\/strong><\/p>\n\n\n\n<p>Voc\u00ea deve pesquisar o mercado de trabalho para entender as demandas e oportunidades do campo desejado ou, caso j\u00e1 tenha uma nova profiss\u00e3o em mente, entender quais qualifica\u00e7\u00f5es voc\u00ea precisa ter para atuar na \u00e1rea.<\/p>\n\n\n\n<p>Tamb\u00e9m \u00e9 v\u00e1lido identificar quais habilidades e experi\u00eancia que voc\u00ea traz da sua carreira atual podem ser transfer\u00edveis para sua nova \u00e1rea de atua\u00e7\u00e3o.<\/p>\n\n\n\n<ol start=\"3\" class=\"wp-block-list\">\n<li><strong>Estabele\u00e7a metas de desenvolvimento<\/strong><\/li>\n<\/ol>\n\n\n\n<p>Vamos supor que voc\u00ea j\u00e1 sabe o que quer fazer e quais novas habilidades precisar\u00e1 adquirir para isso. Agora, a sua miss\u00e3o \u00e9 colocar a m\u00e3o na massa e planejar quais a\u00e7\u00f5es precisar\u00e3o ser executadas, dentro de determinado per\u00edodo, para fechar essa lacuna.&nbsp;<\/p>\n\n\n\n<p>Aqui, voc\u00ea deve considerar a possibilidade de <strong>buscar educa\u00e7\u00e3o adicional ou treinamento espec\u00edfico, como cursos, workshops e certifica\u00e7\u00f5es<\/strong>, para fortalecer suas chances de realizar uma boa transi\u00e7\u00e3o de carreira.&nbsp;<\/p>\n\n\n\n<ol start=\"4\" class=\"wp-block-list\">\n<li><strong>Planeje-se financeiramente<\/strong><\/li>\n<\/ol>\n\n\n\n<p>\u00c9 importante estar preparado para as implica\u00e7\u00f5es financeiras que essa mudan\u00e7a de carreira poder\u00e1 causar.<\/p>\n\n\n\n<p>Al\u00e9m do investimento em desenvolvimento, pode ser que leve um tempo at\u00e9 voc\u00ea receber uma remunera\u00e7\u00e3o compat\u00edvel ao do emprego anterior caso decida iniciar uma nova profiss\u00e3o. Por isso, \u00e9 importante contar com uma reserva.&nbsp;<\/p>\n\n\n\n<p>Se sua situa\u00e7\u00e3o permitir, <strong>considere fazer uma transi\u00e7\u00e3o gradual, mantendo seu emprego atual enquanto busca oportunidades na nova carreira<\/strong>. Afinal, isso tamb\u00e9m pode reduzir o risco financeiro.<\/p>\n\n\n\n<ol start=\"5\" class=\"wp-block-list\">\n<li><strong>Ganhe experi\u00eancia fora do trabalho<\/strong><\/li>\n<\/ol>\n\n\n\n<p>Considere explorar oportunidades de voluntariado, est\u00e1gio ou projetos freelancer em sua nova \u00e1rea, a fim de ganhar experi\u00eancia pr\u00e1tica e construir um portf\u00f3lio ou um curr\u00edculo mais atrativo.&nbsp;<\/p>\n\n\n\n<p>Enquanto voc\u00ea n\u00e3o consegue experi\u00eancia profissional, essas outras formas de viv\u00eancias podem ajud\u00e1-lo a se destacar nos processos seletivos.&nbsp;<\/p>\n\n\n\n<ol start=\"6\" class=\"wp-block-list\">\n<li><strong>Conecte-se com profissionais da \u00e1rea<\/strong><\/li>\n<\/ol>\n\n\n\n<p>Um bom networking pode fazer com que voc\u00ea alcance seus novos objetivos de carreira mais rapidamente. Por isso, n\u00e3o tenha vergonha de se conectar com pessoas que trabalham na \u00e1rea em que deseja ingressar.&nbsp;&nbsp;<\/p>\n\n\n\n<p>Participe de eventos, workshops e confer\u00eancias relacionados ao seu novo campo para construir relacionamentos e obter insights valiosos. Outra possibilidade \u00e9 conectar-se com esses profissionais via Linkedin ou comunidades online.<\/p>\n\n\n\n<p>Essas tamb\u00e9m s\u00e3o excelentes formas de acompanhar as tend\u00eancias e not\u00edcias relevantes sobre sua futura profiss\u00e3o.&nbsp;<\/p>\n\n\n\n<ol start=\"7\" class=\"wp-block-list\">\n<li><strong>Encontre um(a) mentor(a)&nbsp;<\/strong><\/li>\n<\/ol>\n\n\n\n<p>Se avan\u00e7ar nas etapas anteriores for muito desafiador, avalie a possibilidade de contar com um(a) mentor(a) ou coach de carreira para acompanh\u00e1-lo na jornada.&nbsp;<\/p>\n\n\n\n<p>Um(a) mentor(a) \u00e9 algu\u00e9m que possui experi\u00eancia e conhecimento na sua nova \u00e1rea de atua\u00e7\u00e3o e que est\u00e1 disposto(a) a compartilhar suas experi\u00eancias e orientar voc\u00ea durante o processo de mudan\u00e7a.<\/p>\n\n\n\n<p>J\u00e1 o coach de carreira pode ajud\u00e1-lo na cria\u00e7\u00e3o um plano de transi\u00e7\u00e3o de carreira eficaz, por meio da defini\u00e7\u00e3o de metas que o levem de um ponto a outro.<\/p>\n\n\n\n<ol start=\"8\" class=\"wp-block-list\">\n<li><strong>Mantenha uma mentalidade positiva<\/strong><\/li>\n<\/ol>\n\n\n\n<p>Lembre-se de que a transi\u00e7\u00e3o de carreira pode ser desafiadora, mas, com dedica\u00e7\u00e3o e paci\u00eancia, ela tamb\u00e9m tem tudo para ser muito gratificante.&nbsp;<\/p>\n\n\n\n<p>Para tornar o processo mais leve, busque adotar uma mentalidade resiliente ao enfrentar desafios ao longo do caminho.&nbsp;<\/p>\n\n\n\n<p>Tamb\u00e9m \u00e9 igualmente importante estar disposto a aprender e crescer, j\u00e1 que estamos falando de uma fase que pede pelo desenvolvimento de novas habilidades, conhecimentos e perspectivas.<\/p>\n\n\n\n<figure class=\"wp-block-image size-large\"><img fetchpriority=\"high\" decoding=\"async\" width=\"1024\" height=\"341\" src=\"https:\/\/metarh.com.br\/metarhnews\/wp-content\/uploads\/2023\/04\/Rodameio-email-PIPE-1024x341.jpg\" alt=\"Solu\u00e7\u00f5es estrat\u00e9gicas de Rh - METARH\" class=\"wp-image-14906\" srcset=\"https:\/\/metarh.com.br\/metarhnews\/wp-content\/uploads\/2023\/04\/Rodameio-email-PIPE-1024x341.jpg 1024w, https:\/\/metarh.com.br\/metarhnews\/wp-content\/uploads\/2023\/04\/Rodameio-email-PIPE-300x100.jpg 300w, https:\/\/metarh.com.br\/metarhnews\/wp-content\/uploads\/2023\/04\/Rodameio-email-PIPE-768x256.jpg 768w, https:\/\/metarh.com.br\/metarhnews\/wp-content\/uploads\/2023\/04\/Rodameio-email-PIPE.jpg 1200w\" sizes=\"(max-width: 1024px) 100vw, 1024px\" \/><\/figure>\n\n\n\n<p>Se voc\u00ea j\u00e1 est\u00e1 buscando ativamente por uma nova oportunidade de emprego, <a href=\"https:\/\/metarh.com.br\/nossas-vagas\/\">fa\u00e7a o cadastro do seu curr\u00edculo no site da METARH<\/a>. <strong>\u00c9 gratuito e garante que o seu perfil fique em nosso banco<br>de curr\u00edculos, dispon\u00edvel para os processos seletivos de grandes empresas.<\/strong> Boa sorte!<\/p>\n\n\n\n<figure class=\"wp-block-embed is-type-wp-embed is-provider-metarh-news wp-block-embed-metarh-news\"><div class=\"wp-block-embed__wrapper\">\n<blockquote class=\"wp-embedded-content\" data-secret=\"gm4aNlmaNa\"><a href=\"https:\/\/metarh.com.br\/metarhnews\/skill-flux-mercado-de-trabalho\/\">Como o Skill Flux est\u00e1 mudando o mercado de trabalho?<\/a><\/blockquote><iframe class=\"wp-embedded-content\" sandbox=\"allow-scripts\" security=\"restricted\" style=\"position: absolute; visibility: hidden;\" title=\"&#8220;Como o Skill Flux est\u00e1 mudando o mercado de trabalho?&#8221; &#8212; METARH +News\" src=\"https:\/\/metarh.com.br\/metarhnews\/skill-flux-mercado-de-trabalho\/embed\/#?secret=UEPgcwSGaP#?secret=gm4aNlmaNa\" data-secret=\"gm4aNlmaNa\" width=\"600\" height=\"338\" frameborder=\"0\" marginwidth=\"0\" marginheight=\"0\" scrolling=\"no\"><\/iframe>\n<\/div><\/figure>\n\n\n\n<p><\/p>\n<div style=\"margin-top: 0px; margin-bottom: 0px;\" class=\"sharethis-inline-share-buttons\" ><\/div>","protected":false},"excerpt":{"rendered":"<p>Uma pesquisa realizada pelo instituto ADP Research, em 2022, revelou que 4 em cada 5&nbsp;brasileiros&nbsp;consideram mudar de&nbsp;emprego. Entre eles, est\u00e3o desde aqueles que querem apenas migrar de empresa at\u00e9 quem busca por uma transi\u00e7\u00e3o de carreira completa. Embora ambas as situa\u00e7\u00f5es sempre tenham existido, parece que os \u00faltimos anos as tornaram especialmente comuns. Em parte,&#8230;<\/p>\n","protected":false},"author":4,"featured_media":15960,"comment_status":"open","ping_status":"open","sticky":false,"template":"","format":"standard","meta":{"_kadence_starter_templates_imported_post":false,"_kad_post_transparent":"","_kad_post_title":"","_kad_post_layout":"","_kad_post_sidebar_id":"","_kad_post_content_style":"","_kad_post_vertical_padding":"","_kad_post_feature":"","_kad_post_feature_position":"","_kad_post_header":false,"_kad_post_footer":false,"_kad_post_classname":"","footnotes":""},"categories":[145,163,3,2],"tags":[136],"class_list":["post-15959","post","type-post","status-publish","format-standard","has-post-thumbnail","hentry","category-carreira","category-descoberta-de-conteudos-de-rh","category-dicas","category-materias","tag-carreira"],"yoast_head":"<!-- This site is optimized with the Yoast SEO Premium plugin v26.6 (Yoast SEO v27.5) - https:\/\/yoast.com\/product\/yoast-seo-premium-wordpress\/ -->\n<title>Transi\u00e7\u00e3o de carreira: como e por onde come\u00e7ar?<\/title>\n<meta name=\"description\" content=\"Entenda as motiva\u00e7\u00f5es e descubra quais s\u00e3o os passos necess\u00e1rios para uma transi\u00e7\u00e3o de carreira bem-sucedida.\" \/>\n<meta name=\"robots\" content=\"index, follow, max-snippet:-1, max-image-preview:large, max-video-preview:-1\" \/>\n<link rel=\"canonical\" href=\"https:\/\/metarh.com.br\/metarhnews\/transicao-carreira\/\" \/>\n<meta property=\"og:locale\" content=\"pt_BR\" \/>\n<meta property=\"og:type\" content=\"article\" \/>\n<meta property=\"og:title\" content=\"Transi\u00e7\u00e3o de carreira: como e por onde come\u00e7ar?\" \/>\n<meta property=\"og:description\" content=\"Entenda as motiva\u00e7\u00f5es e descubra quais s\u00e3o os passos necess\u00e1rios para uma transi\u00e7\u00e3o de carreira bem-sucedida.\" \/>\n<meta property=\"og:url\" content=\"https:\/\/metarh.com.br\/metarhnews\/transicao-carreira\/\" \/>\n<meta property=\"og:site_name\" content=\"METARH +News\" \/>\n<meta property=\"article:publisher\" content=\"https:\/\/www.facebook.com\/metarhumana\" \/>\n<meta property=\"article:author\" content=\"https:\/\/www.facebook.com\/metarhconsultoria\" \/>\n<meta property=\"article:published_time\" content=\"2023-10-17T20:34:26+00:00\" \/>\n<meta property=\"article:modified_time\" content=\"2026-01-16T19:50:56+00:00\" \/>\n<meta property=\"og:image\" content=\"https:\/\/metarh.com.br\/metarhnews\/wp-content\/uploads\/2023\/10\/Transicao-de-Carreira.jpg\" \/>\n\t<meta property=\"og:image:width\" content=\"1060\" \/>\n\t<meta property=\"og:image:height\" content=\"700\" \/>\n\t<meta property=\"og:image:type\" content=\"image\/jpeg\" \/>\n<meta name=\"author\" content=\"METARH\" \/>\n<meta name=\"twitter:card\" content=\"summary_large_image\" \/>\n<meta name=\"twitter:creator\" content=\"@metarhumana\" \/>\n<meta name=\"twitter:site\" content=\"@metarhumana\" \/>\n<meta name=\"twitter:label1\" content=\"Escrito por\" \/>\n\t<meta name=\"twitter:data1\" content=\"METARH\" \/>\n\t<meta name=\"twitter:label2\" content=\"Est. tempo de leitura\" \/>\n\t<meta name=\"twitter:data2\" content=\"8 minutos\" \/>\n<script type=\"application\/ld+json\" class=\"yoast-schema-graph\">{\"@context\":\"https:\\\/\\\/schema.org\",\"@graph\":[{\"@type\":\"Article\",\"@id\":\"https:\\\/\\\/metarh.com.br\\\/metarhnews\\\/transicao-carreira\\\/#article\",\"isPartOf\":{\"@id\":\"https:\\\/\\\/metarh.com.br\\\/metarhnews\\\/transicao-carreira\\\/\"},\"author\":{\"name\":\"METARH\",\"@id\":\"https:\\\/\\\/metarh.com.br\\\/metarhnews\\\/#\\\/schema\\\/person\\\/930900bc40677695dc9df602ec0366d0\"},\"headline\":\"Transi\u00e7\u00e3o de carreira: como e por onde come\u00e7ar?\",\"datePublished\":\"2023-10-17T20:34:26+00:00\",\"dateModified\":\"2026-01-16T19:50:56+00:00\",\"mainEntityOfPage\":{\"@id\":\"https:\\\/\\\/metarh.com.br\\\/metarhnews\\\/transicao-carreira\\\/\"},\"wordCount\":1379,\"commentCount\":0,\"publisher\":{\"@id\":\"https:\\\/\\\/metarh.com.br\\\/metarhnews\\\/#organization\"},\"image\":{\"@id\":\"https:\\\/\\\/metarh.com.br\\\/metarhnews\\\/transicao-carreira\\\/#primaryimage\"},\"thumbnailUrl\":\"https:\\\/\\\/metarh.com.br\\\/metarhnews\\\/wp-content\\\/uploads\\\/2023\\\/10\\\/Transicao-de-Carreira.jpg\",\"keywords\":[\"Carreira\"],\"articleSection\":[\"Carreira\",\"Descoberta\",\"Dicas\",\"Mat\u00e9rias\"],\"inLanguage\":\"pt-BR\",\"potentialAction\":[{\"@type\":\"CommentAction\",\"name\":\"Comment\",\"target\":[\"https:\\\/\\\/metarh.com.br\\\/metarhnews\\\/transicao-carreira\\\/#respond\"]}],\"copyrightYear\":\"2023\",\"copyrightHolder\":{\"@id\":\"https:\\\/\\\/metarh.com.br\\\/metarhnews\\\/#organization\"}},{\"@type\":\"WebPage\",\"@id\":\"https:\\\/\\\/metarh.com.br\\\/metarhnews\\\/transicao-carreira\\\/\",\"url\":\"https:\\\/\\\/metarh.com.br\\\/metarhnews\\\/transicao-carreira\\\/\",\"name\":\"Transi\u00e7\u00e3o de carreira: como e por onde come\u00e7ar?\",\"isPartOf\":{\"@id\":\"https:\\\/\\\/metarh.com.br\\\/metarhnews\\\/#website\"},\"primaryImageOfPage\":{\"@id\":\"https:\\\/\\\/metarh.com.br\\\/metarhnews\\\/transicao-carreira\\\/#primaryimage\"},\"image\":{\"@id\":\"https:\\\/\\\/metarh.com.br\\\/metarhnews\\\/transicao-carreira\\\/#primaryimage\"},\"thumbnailUrl\":\"https:\\\/\\\/metarh.com.br\\\/metarhnews\\\/wp-content\\\/uploads\\\/2023\\\/10\\\/Transicao-de-Carreira.jpg\",\"datePublished\":\"2023-10-17T20:34:26+00:00\",\"dateModified\":\"2026-01-16T19:50:56+00:00\",\"description\":\"Entenda as motiva\u00e7\u00f5es e descubra quais s\u00e3o os passos necess\u00e1rios para uma transi\u00e7\u00e3o de carreira bem-sucedida.\",\"breadcrumb\":{\"@id\":\"https:\\\/\\\/metarh.com.br\\\/metarhnews\\\/transicao-carreira\\\/#breadcrumb\"},\"inLanguage\":\"pt-BR\",\"potentialAction\":[{\"@type\":\"ReadAction\",\"target\":[\"https:\\\/\\\/metarh.com.br\\\/metarhnews\\\/transicao-carreira\\\/\"]}]},{\"@type\":\"ImageObject\",\"inLanguage\":\"pt-BR\",\"@id\":\"https:\\\/\\\/metarh.com.br\\\/metarhnews\\\/transicao-carreira\\\/#primaryimage\",\"url\":\"https:\\\/\\\/metarh.com.br\\\/metarhnews\\\/wp-content\\\/uploads\\\/2023\\\/10\\\/Transicao-de-Carreira.jpg\",\"contentUrl\":\"https:\\\/\\\/metarh.com.br\\\/metarhnews\\\/wp-content\\\/uploads\\\/2023\\\/10\\\/Transicao-de-Carreira.jpg\",\"width\":1060,\"height\":700,\"caption\":\"Transi\u00e7\u00e3o de Carreira\"},{\"@type\":\"BreadcrumbList\",\"@id\":\"https:\\\/\\\/metarh.com.br\\\/metarhnews\\\/transicao-carreira\\\/#breadcrumb\",\"itemListElement\":[{\"@type\":\"ListItem\",\"position\":1,\"name\":\"In\u00edcio\",\"item\":\"https:\\\/\\\/metarh.com.br\\\/metarhnews\\\/\"},{\"@type\":\"ListItem\",\"position\":2,\"name\":\"Transi\u00e7\u00e3o de carreira: como e por onde come\u00e7ar?\"}]},{\"@type\":\"WebSite\",\"@id\":\"https:\\\/\\\/metarh.com.br\\\/metarhnews\\\/#website\",\"url\":\"https:\\\/\\\/metarh.com.br\\\/metarhnews\\\/\",\"name\":\"METARH +News\",\"description\":\"Conte\u00fado focado em Gest\u00e3o de Pessoas\",\"publisher\":{\"@id\":\"https:\\\/\\\/metarh.com.br\\\/metarhnews\\\/#organization\"},\"potentialAction\":[{\"@type\":\"SearchAction\",\"target\":{\"@type\":\"EntryPoint\",\"urlTemplate\":\"https:\\\/\\\/metarh.com.br\\\/metarhnews\\\/?s={search_term_string}\"},\"query-input\":{\"@type\":\"PropertyValueSpecification\",\"valueRequired\":true,\"valueName\":\"search_term_string\"}}],\"inLanguage\":\"pt-BR\"},{\"@type\":\"Organization\",\"@id\":\"https:\\\/\\\/metarh.com.br\\\/metarhnews\\\/#organization\",\"name\":\"METARH +Humana\",\"url\":\"https:\\\/\\\/metarh.com.br\\\/metarhnews\\\/\",\"logo\":{\"@type\":\"ImageObject\",\"inLanguage\":\"pt-BR\",\"@id\":\"https:\\\/\\\/metarh.com.br\\\/metarhnews\\\/#\\\/schema\\\/logo\\\/image\\\/\",\"url\":\"https:\\\/\\\/metarh.com.br\\\/metarhnews\\\/wp-content\\\/uploads\\\/2025\\\/02\\\/METARH-Azul-Horizontal.png\",\"contentUrl\":\"https:\\\/\\\/metarh.com.br\\\/metarhnews\\\/wp-content\\\/uploads\\\/2025\\\/02\\\/METARH-Azul-Horizontal.png\",\"width\":1002,\"height\":303,\"caption\":\"METARH +Humana\"},\"image\":{\"@id\":\"https:\\\/\\\/metarh.com.br\\\/metarhnews\\\/#\\\/schema\\\/logo\\\/image\\\/\"},\"sameAs\":[\"https:\\\/\\\/www.facebook.com\\\/metarhumana\",\"https:\\\/\\\/x.com\\\/metarhumana\",\"https:\\\/\\\/www.instagram.com\\\/metarhumana\\\/\",\"https:\\\/\\\/www.youtube.com\\\/@metarhumana\"]},{\"@type\":\"Person\",\"@id\":\"https:\\\/\\\/metarh.com.br\\\/metarhnews\\\/#\\\/schema\\\/person\\\/930900bc40677695dc9df602ec0366d0\",\"name\":\"METARH\",\"image\":{\"@type\":\"ImageObject\",\"inLanguage\":\"pt-BR\",\"@id\":\"https:\\\/\\\/secure.gravatar.com\\\/avatar\\\/e03963382c9576f1c9989940c2d59ebc780df154afc76a079627bbbdb3dcefa1?s=96&d=mm&r=g\",\"url\":\"https:\\\/\\\/secure.gravatar.com\\\/avatar\\\/e03963382c9576f1c9989940c2d59ebc780df154afc76a079627bbbdb3dcefa1?s=96&d=mm&r=g\",\"contentUrl\":\"https:\\\/\\\/secure.gravatar.com\\\/avatar\\\/e03963382c9576f1c9989940c2d59ebc780df154afc76a079627bbbdb3dcefa1?s=96&d=mm&r=g\",\"caption\":\"METARH\"},\"description\":\"Somos uma consultoria de recursos humanos com mais de 40 anos de mercado, ajudando empresas como a sua a encontrarem o talento certo. Nossos processos s\u00e3o focados no sucesso dos clientes sem deixar de lado a experi\u00eancia positiva das pessoas candidatas.\",\"sameAs\":[\"http:\\\/\\\/www.metarh.com.br\",\"https:\\\/\\\/www.facebook.com\\\/metarhconsultoria\",\"https:\\\/\\\/www.instagram.com\\\/metarhconsultoria\\\/\",\"https:\\\/\\\/www.linkedin.com\\\/company\\\/metarhconsultoria\",\"http:\\\/\\\/youtube.com\\\/@metarhconsultoria\"],\"url\":\"https:\\\/\\\/metarh.com.br\\\/metarhnews\\\/author\\\/editorial-metarh\\\/\"}]}<\/script>\n<!-- \/ Yoast SEO Premium plugin. -->","yoast_head_json":{"title":"Transi\u00e7\u00e3o de carreira: como e por onde come\u00e7ar?","description":"Entenda as motiva\u00e7\u00f5es e descubra quais s\u00e3o os passos necess\u00e1rios para uma transi\u00e7\u00e3o de carreira bem-sucedida.","robots":{"index":"index","follow":"follow","max-snippet":"max-snippet:-1","max-image-preview":"max-image-preview:large","max-video-preview":"max-video-preview:-1"},"canonical":"https:\/\/metarh.com.br\/metarhnews\/transicao-carreira\/","og_locale":"pt_BR","og_type":"article","og_title":"Transi\u00e7\u00e3o de carreira: como e por onde come\u00e7ar?","og_description":"Entenda as motiva\u00e7\u00f5es e descubra quais s\u00e3o os passos necess\u00e1rios para uma transi\u00e7\u00e3o de carreira bem-sucedida.","og_url":"https:\/\/metarh.com.br\/metarhnews\/transicao-carreira\/","og_site_name":"METARH +News","article_publisher":"https:\/\/www.facebook.com\/metarhumana","article_author":"https:\/\/www.facebook.com\/metarhconsultoria","article_published_time":"2023-10-17T20:34:26+00:00","article_modified_time":"2026-01-16T19:50:56+00:00","og_image":[{"width":1060,"height":700,"url":"https:\/\/metarh.com.br\/metarhnews\/wp-content\/uploads\/2023\/10\/Transicao-de-Carreira.jpg","type":"image\/jpeg"}],"author":"METARH","twitter_card":"summary_large_image","twitter_creator":"@metarhumana","twitter_site":"@metarhumana","twitter_misc":{"Escrito por":"METARH","Est. tempo de leitura":"8 minutos"},"schema":{"@context":"https:\/\/schema.org","@graph":[{"@type":"Article","@id":"https:\/\/metarh.com.br\/metarhnews\/transicao-carreira\/#article","isPartOf":{"@id":"https:\/\/metarh.com.br\/metarhnews\/transicao-carreira\/"},"author":{"name":"METARH","@id":"https:\/\/metarh.com.br\/metarhnews\/#\/schema\/person\/930900bc40677695dc9df602ec0366d0"},"headline":"Transi\u00e7\u00e3o de carreira: como e por onde come\u00e7ar?","datePublished":"2023-10-17T20:34:26+00:00","dateModified":"2026-01-16T19:50:56+00:00","mainEntityOfPage":{"@id":"https:\/\/metarh.com.br\/metarhnews\/transicao-carreira\/"},"wordCount":1379,"commentCount":0,"publisher":{"@id":"https:\/\/metarh.com.br\/metarhnews\/#organization"},"image":{"@id":"https:\/\/metarh.com.br\/metarhnews\/transicao-carreira\/#primaryimage"},"thumbnailUrl":"https:\/\/metarh.com.br\/metarhnews\/wp-content\/uploads\/2023\/10\/Transicao-de-Carreira.jpg","keywords":["Carreira"],"articleSection":["Carreira","Descoberta","Dicas","Mat\u00e9rias"],"inLanguage":"pt-BR","potentialAction":[{"@type":"CommentAction","name":"Comment","target":["https:\/\/metarh.com.br\/metarhnews\/transicao-carreira\/#respond"]}],"copyrightYear":"2023","copyrightHolder":{"@id":"https:\/\/metarh.com.br\/metarhnews\/#organization"}},{"@type":"WebPage","@id":"https:\/\/metarh.com.br\/metarhnews\/transicao-carreira\/","url":"https:\/\/metarh.com.br\/metarhnews\/transicao-carreira\/","name":"Transi\u00e7\u00e3o de carreira: como e por onde come\u00e7ar?","isPartOf":{"@id":"https:\/\/metarh.com.br\/metarhnews\/#website"},"primaryImageOfPage":{"@id":"https:\/\/metarh.com.br\/metarhnews\/transicao-carreira\/#primaryimage"},"image":{"@id":"https:\/\/metarh.com.br\/metarhnews\/transicao-carreira\/#primaryimage"},"thumbnailUrl":"https:\/\/metarh.com.br\/metarhnews\/wp-content\/uploads\/2023\/10\/Transicao-de-Carreira.jpg","datePublished":"2023-10-17T20:34:26+00:00","dateModified":"2026-01-16T19:50:56+00:00","description":"Entenda as motiva\u00e7\u00f5es e descubra quais s\u00e3o os passos necess\u00e1rios para uma transi\u00e7\u00e3o de carreira bem-sucedida.","breadcrumb":{"@id":"https:\/\/metarh.com.br\/metarhnews\/transicao-carreira\/#breadcrumb"},"inLanguage":"pt-BR","potentialAction":[{"@type":"ReadAction","target":["https:\/\/metarh.com.br\/metarhnews\/transicao-carreira\/"]}]},{"@type":"ImageObject","inLanguage":"pt-BR","@id":"https:\/\/metarh.com.br\/metarhnews\/transicao-carreira\/#primaryimage","url":"https:\/\/metarh.com.br\/metarhnews\/wp-content\/uploads\/2023\/10\/Transicao-de-Carreira.jpg","contentUrl":"https:\/\/metarh.com.br\/metarhnews\/wp-content\/uploads\/2023\/10\/Transicao-de-Carreira.jpg","width":1060,"height":700,"caption":"Transi\u00e7\u00e3o de Carreira"},{"@type":"BreadcrumbList","@id":"https:\/\/metarh.com.br\/metarhnews\/transicao-carreira\/#breadcrumb","itemListElement":[{"@type":"ListItem","position":1,"name":"In\u00edcio","item":"https:\/\/metarh.com.br\/metarhnews\/"},{"@type":"ListItem","position":2,"name":"Transi\u00e7\u00e3o de carreira: como e por onde come\u00e7ar?"}]},{"@type":"WebSite","@id":"https:\/\/metarh.com.br\/metarhnews\/#website","url":"https:\/\/metarh.com.br\/metarhnews\/","name":"METARH +News","description":"Conte\u00fado focado em Gest\u00e3o de Pessoas","publisher":{"@id":"https:\/\/metarh.com.br\/metarhnews\/#organization"},"potentialAction":[{"@type":"SearchAction","target":{"@type":"EntryPoint","urlTemplate":"https:\/\/metarh.com.br\/metarhnews\/?s={search_term_string}"},"query-input":{"@type":"PropertyValueSpecification","valueRequired":true,"valueName":"search_term_string"}}],"inLanguage":"pt-BR"},{"@type":"Organization","@id":"https:\/\/metarh.com.br\/metarhnews\/#organization","name":"METARH +Humana","url":"https:\/\/metarh.com.br\/metarhnews\/","logo":{"@type":"ImageObject","inLanguage":"pt-BR","@id":"https:\/\/metarh.com.br\/metarhnews\/#\/schema\/logo\/image\/","url":"https:\/\/metarh.com.br\/metarhnews\/wp-content\/uploads\/2025\/02\/METARH-Azul-Horizontal.png","contentUrl":"https:\/\/metarh.com.br\/metarhnews\/wp-content\/uploads\/2025\/02\/METARH-Azul-Horizontal.png","width":1002,"height":303,"caption":"METARH +Humana"},"image":{"@id":"https:\/\/metarh.com.br\/metarhnews\/#\/schema\/logo\/image\/"},"sameAs":["https:\/\/www.facebook.com\/metarhumana","https:\/\/x.com\/metarhumana","https:\/\/www.instagram.com\/metarhumana\/","https:\/\/www.youtube.com\/@metarhumana"]},{"@type":"Person","@id":"https:\/\/metarh.com.br\/metarhnews\/#\/schema\/person\/930900bc40677695dc9df602ec0366d0","name":"METARH","image":{"@type":"ImageObject","inLanguage":"pt-BR","@id":"https:\/\/secure.gravatar.com\/avatar\/e03963382c9576f1c9989940c2d59ebc780df154afc76a079627bbbdb3dcefa1?s=96&d=mm&r=g","url":"https:\/\/secure.gravatar.com\/avatar\/e03963382c9576f1c9989940c2d59ebc780df154afc76a079627bbbdb3dcefa1?s=96&d=mm&r=g","contentUrl":"https:\/\/secure.gravatar.com\/avatar\/e03963382c9576f1c9989940c2d59ebc780df154afc76a079627bbbdb3dcefa1?s=96&d=mm&r=g","caption":"METARH"},"description":"Somos uma consultoria de recursos humanos com mais de 40 anos de mercado, ajudando empresas como a sua a encontrarem o talento certo. Nossos processos s\u00e3o focados no sucesso dos clientes sem deixar de lado a experi\u00eancia positiva das pessoas candidatas.","sameAs":["http:\/\/www.metarh.com.br","https:\/\/www.facebook.com\/metarhconsultoria","https:\/\/www.instagram.com\/metarhconsultoria\/","https:\/\/www.linkedin.com\/company\/metarhconsultoria","http:\/\/youtube.com\/@metarhconsultoria"],"url":"https:\/\/metarh.com.br\/metarhnews\/author\/editorial-metarh\/"}]}},"_links":{"self":[{"href":"https:\/\/metarh.com.br\/metarhnews\/wp-json\/wp\/v2\/posts\/15959","targetHints":{"allow":["GET"]}}],"collection":[{"href":"https:\/\/metarh.com.br\/metarhnews\/wp-json\/wp\/v2\/posts"}],"about":[{"href":"https:\/\/metarh.com.br\/metarhnews\/wp-json\/wp\/v2\/types\/post"}],"author":[{"embeddable":true,"href":"https:\/\/metarh.com.br\/metarhnews\/wp-json\/wp\/v2\/users\/4"}],"replies":[{"embeddable":true,"href":"https:\/\/metarh.com.br\/metarhnews\/wp-json\/wp\/v2\/comments?post=15959"}],"version-history":[{"count":4,"href":"https:\/\/metarh.com.br\/metarhnews\/wp-json\/wp\/v2\/posts\/15959\/revisions"}],"predecessor-version":[{"id":17056,"href":"https:\/\/metarh.com.br\/metarhnews\/wp-json\/wp\/v2\/posts\/15959\/revisions\/17056"}],"wp:featuredmedia":[{"embeddable":true,"href":"https:\/\/metarh.com.br\/metarhnews\/wp-json\/wp\/v2\/media\/15960"}],"wp:attachment":[{"href":"https:\/\/metarh.com.br\/metarhnews\/wp-json\/wp\/v2\/media?parent=15959"}],"wp:term":[{"taxonomy":"category","embeddable":true,"href":"https:\/\/metarh.com.br\/metarhnews\/wp-json\/wp\/v2\/categories?post=15959"},{"taxonomy":"post_tag","embeddable":true,"href":"https:\/\/metarh.com.br\/metarhnews\/wp-json\/wp\/v2\/tags?post=15959"}],"curies":[{"name":"wp","href":"https:\/\/api.w.org\/{rel}","templated":true}]}}