{"id":16019,"date":"2023-11-16T15:13:33","date_gmt":"2023-11-16T18:13:33","guid":{"rendered":"https:\/\/metarh.com.br\/metarhnews\/?p=16019"},"modified":"2026-01-21T15:50:48","modified_gmt":"2026-01-21T18:50:48","slug":"cultura-antirracista","status":"publish","type":"post","link":"https:\/\/metarh.com.br\/metarhnews\/cultura-antirracista\/","title":{"rendered":"Cultura antirracista: a import\u00e2ncia de promover a diversidade racial nas empresas"},"content":{"rendered":"\n<p>A diversidade racial \u00e9 uma for\u00e7a poderosa, capaz de impulsionar a inova\u00e7\u00e3o, a criatividade e o sucesso nas empresas. No entanto, ela s\u00f3 se torna verdadeiramente potente quando \u00e9 acompanhada por uma cultura inclusiva, equitativa e, acima de tudo, <strong>antirracista<\/strong>.<\/p>\n\n\n\n<p>Mais do que simplesmente formar uma equipe diversa, \u00e9 preciso comprometer-se com a cria\u00e7\u00e3o de um ambiente de trabalho seguro e acolhedor para pessoas n\u00e3o brancas. Isso, por sua vez, requer a\u00e7\u00f5es concretas no combate ao racismo em todas as suas formas.<\/p>\n\n\n\n<p>Se voc\u00ea est\u00e1 se perguntando quais a\u00e7\u00f5es s\u00e3o essas, \u00e9 s\u00f3 vir com a gente. A partir de agora, vamos explicar o que \u00e9 a cultura antirracista e como promov\u00ea-la no ambiente de trabalho!<\/p>\n\n\n\n<h2 class=\"wp-block-heading\"><strong>O que \u00e9 a cultura antirracista?<\/strong><\/h2>\n\n\n\n<p>Como disse Angela Davis, fil\u00f3sofa, professora e uma das principais vozes do feminismo negro nos Estados Unidos, \u201c<strong><em>numa sociedade racista, n\u00e3o basta n\u00e3o ser racista. \u00c9 necess\u00e1rio ser antirracista<\/em><\/strong>\u201d.&nbsp;<\/p>\n\n\n\n<p>Citada no livro \u201cMulheres, ra\u00e7a e classe\u201d, publicado por ela em 1981, essa frase \u00e9 seguida por uma reflex\u00e3o importante: para que a sociedade avance, \u00e9 preciso trabalhar de forma ativa para combater as estruturas e pr\u00e1ticas racistas onde quer que elas existam.<\/p>\n\n\n\n<p>Neste sentido, a cultura antirracista pode ser entendida como um conjunto de <strong>valores, atitudes, pr\u00e1ticas e comportamentos que se op\u00f5em ativamente ao racismo<\/strong> e promovem a igualdade racial.&nbsp;<\/p>\n\n\n\n<p>Ela \u00e9 uma abordagem que busca eliminar o preconceito de ra\u00e7a, a discrimina\u00e7\u00e3o e as desigualdades sist\u00eamicas em todos os aspectos da sociedade, incluindo nas organiza\u00e7\u00f5es e empresas.<\/p>\n\n\n\n<figure class=\"wp-block-image size-large\"><a href=\"https:\/\/metarh.com.br\/de&amp;i\/\" target=\"_blank\" rel=\"noreferrer noopener\"><img fetchpriority=\"high\" decoding=\"async\" width=\"1024\" height=\"575\" src=\"https:\/\/metarh.com.br\/metarhnews\/wp-content\/uploads\/2023\/04\/cropped-LINKEDIN-B2B-DEI-sem-botao-1024x575.png\" alt=\"\" class=\"wp-image-14785\" srcset=\"https:\/\/metarh.com.br\/metarhnews\/wp-content\/uploads\/2023\/04\/cropped-LINKEDIN-B2B-DEI-sem-botao-1024x575.png 1024w, https:\/\/metarh.com.br\/metarhnews\/wp-content\/uploads\/2023\/04\/cropped-LINKEDIN-B2B-DEI-sem-botao-300x169.png 300w, https:\/\/metarh.com.br\/metarhnews\/wp-content\/uploads\/2023\/04\/cropped-LINKEDIN-B2B-DEI-sem-botao-768x432.png 768w, https:\/\/metarh.com.br\/metarhnews\/wp-content\/uploads\/2023\/04\/cropped-LINKEDIN-B2B-DEI-sem-botao-1536x863.png 1536w, https:\/\/metarh.com.br\/metarhnews\/wp-content\/uploads\/2023\/04\/cropped-LINKEDIN-B2B-DEI-sem-botao-1160x653.png 1160w, https:\/\/metarh.com.br\/metarhnews\/wp-content\/uploads\/2023\/04\/cropped-LINKEDIN-B2B-DEI-sem-botao-600x337.png 600w, https:\/\/metarh.com.br\/metarhnews\/wp-content\/uploads\/2023\/04\/cropped-LINKEDIN-B2B-DEI-sem-botao.png 1920w\" sizes=\"(max-width: 1024px) 100vw, 1024px\" \/><\/a><\/figure>\n\n\n\n<h2 class=\"wp-block-heading\"><strong>Por que \u00e9 urgente combater o racismo no ambiente de trabalho<\/strong><\/h2>\n\n\n\n<p>Embora j\u00e1 existam organiza\u00e7\u00f5es seriamente comprometidas com a diversidade racial, pesquisas recentes mostram que esse ainda \u00e9 um assunto que precisa ser amplamente discutido pelas empresas.<\/p>\n\n\n\n<p>Para se ter uma ideia, um levantamento publicado pela <a href=\"https:\/\/www1.folha.uol.com.br\/mercado\/2022\/11\/avisa-para-baixar-o-volume-do-cabelo-justica-do-trabalho-tem-mais-de-22-mil-acoes-de-racismo.shtml\">Folha de SP<\/a> revelou que, entre 2014 e 2022, mais de 22 mil a\u00e7\u00f5es trabalhistas que citam termos como racismo, inj\u00faria racial, discrimina\u00e7\u00e3o racial ou preconceito racial foram registradas no Brasil.&nbsp;<\/p>\n\n\n\n<p>Em paralelo, um estudo realizado no ano passado identificou que o <a href=\"https:\/\/www.cnnbrasil.com.br\/economia\/racismo-e-principal-forma-de-discriminacao-em-75-das-empresas-no-brasil-diz-pesquisa\/\">racismo ainda \u00e9 a principal forma de discrimina\u00e7\u00e3o em 75% das empresas brasileiras<\/a>, seguido por opini\u00f5es pol\u00edticas (42%) e apar\u00eancia f\u00edsica (37%).<\/p>\n\n\n\n<p>Quando olhamos para as taxas de desemprego, os dados tamb\u00e9m preocupam: apesar de pessoas pretas e pardas constitu\u00edrem&nbsp;mais da metade da popula\u00e7\u00e3o do Brasil, o IBGE estimou que, em 2020, <a href=\"https:\/\/www.correiobraziliense.com.br\/euestudante\/trabalho-e-formacao\/2021\/03\/4913182-pretos-no-topo-desemprego-recorde-entre-negros-e-resultado-de-racismo.html\">72,9% das pessoas desempregadas no pa\u00eds eram negras<\/a>.<\/p>\n\n\n\n<p>Os n\u00fameros refor\u00e7am que, mesmo que alguns avan\u00e7os tenham sido alcan\u00e7ados nos \u00faltimos anos, <strong>o racismo ainda se manifesta de diferentes formas no mercado de trabalho, indo desde a discrimina\u00e7\u00e3o inconsciente em processos seletivos at\u00e9 <\/strong><strong>o ass\u00e9dio racial propriamente dito<\/strong>.<\/p>\n\n\n\n<p>\u00c9 justamente neste contexto que a ado\u00e7\u00e3o de uma cultura antirracista, que favore\u00e7a a constru\u00e7\u00e3o de ambientes de trabalho mais equitativos e inclusivos para todos, se torna urgente.<\/p>\n\n\n\n<h2 class=\"wp-block-heading\"><strong>4 benef\u00edcios de promover a diversidade racial\u00a0<\/strong><\/h2>\n\n\n\n<p>Promover a diversidade racial e a inclus\u00e3o de pessoas pretas no ambiente de trabalho, por meio de uma cultura antirracista, tem um papel central na forma\u00e7\u00e3o de uma sociedade mais justa e igualit\u00e1ria.<\/p>\n\n\n\n<p>Mas, al\u00e9m de ser uma <strong>responsabilidade moral e \u00e9tica que as empresas devem abra\u00e7ar<\/strong>, essa \u00e9 uma atitude que tamb\u00e9m impacta diretamente no sucesso dos neg\u00f3cios.&nbsp;<\/p>\n\n\n\n<p>Na pr\u00e1tica, a promo\u00e7\u00e3o da diversidade racial est\u00e1 atrelada aos seguintes benef\u00edcios:<\/p>\n\n\n\n<ol class=\"wp-block-list\">\n<li><strong>Maior variedade de perspectivas<\/strong><\/li>\n<\/ol>\n\n\n\n<p>A diversidade racial traz diferentes perspectivas, experi\u00eancias e habilidades para a equipe, o que pode levar a solu\u00e7\u00f5es mais criativas e inovadoras para os desafios empresariais.<\/p>\n\n\n\n<ol class=\"wp-block-list\" start=\"2\">\n<li><strong>Melhor desempenho financeiro<\/strong><\/li>\n<\/ol>\n\n\n\n<p>Segundo uma pesquisa realizada pela <a href=\"https:\/\/www.mckinsey.com\/capabilities\/people-and-organizational-performance\/our-insights\/delivering-through-diversity\/pt-BR\">McKinsey &amp; Company<\/a>, em 2018, empresas com maior diversidade \u00e9tnica e racial t\u00eam 33% mais probabilidade de ter um desempenho financeiro superior.&nbsp;<\/p>\n\n\n\n<p>Isso pode ser atribu\u00eddo ao fato de que, em geral, empresas mais diversas conseguem atrair os melhores talentos, tomar decis\u00f5es mais estrat\u00e9gicas e se tornarem mais competitivas.&nbsp;<\/p>\n\n\n\n<ol class=\"wp-block-list\" start=\"3\">\n<li><strong>Atra\u00e7\u00e3o e reten\u00e7\u00e3o de talentos<\/strong><\/li>\n<\/ol>\n\n\n\n<p>Como acabamos de mencionar, a diversidade racial tende a tornar profissionais talentosos de diversas origens e para aqueles que valorizam organiza\u00e7\u00f5es comprometidas com essa pauta.&nbsp;<\/p>\n\n\n\n<p>Da mesma forma, a promo\u00e7\u00e3o da diversidade tamb\u00e9m ajuda a reter pessoas colaboradoras valiosas, reduzindo a rotatividade.<\/p>\n\n\n\n<ol class=\"wp-block-list\" start=\"4\">\n<li><strong>Fortalecimento da reputa\u00e7\u00e3o corporativa<\/strong><\/li>\n<\/ol>\n\n\n\n<p>Um levantamento realizado pela Opinion Box e pelo Movimento Black Money, junto a mais de 2 mil pessoas, constatou que <a href=\"https:\/\/blog.publicidade.uol.com.br\/insights\/estudo-mapeia-relacao-de-pessoas-negras-com-empresas-propaganda-e-consumo\/\">56% dos participantes preferem comprar de empresas que apoiam a diversidade racial<\/a>.&nbsp;<\/p>\n\n\n\n<p>Al\u00e9m disso, 52% das pessoas entrevistadas tamb\u00e9m disseram que j\u00e1 boicotaram marcas envolvidas em casos de racismo pelo menos uma vez. Os dados evidenciam que as organiza\u00e7\u00f5es que demonstram um forte compromisso com a diversidade racial muitas vezes desfrutam de uma <a href=\"https:\/\/metarh.com.br\/metarhnews\/reputacao-corporativa-farmaceutica\/\">reputa\u00e7\u00e3o corporativa<\/a> mais positiva entre os consumidores, clientes e parceiros de neg\u00f3cios.<\/p>\n\n\n\n<figure class=\"wp-block-image size-large is-resized\"><a href=\"https:\/\/conteudo.metarh.com.br\/inclusao-em-acao\" target=\"_blank\" rel=\"noreferrer noopener\"><img decoding=\"async\" width=\"1024\" height=\"377\" src=\"https:\/\/metarh.com.br\/metarhnews\/wp-content\/uploads\/2023\/10\/E-book_Inclusao-em-Acao-1024x377.jpg\" alt=\"\" class=\"wp-image-15991\" style=\"aspect-ratio:2.716180371352785;width:787px;height:auto\" srcset=\"https:\/\/metarh.com.br\/metarhnews\/wp-content\/uploads\/2023\/10\/E-book_Inclusao-em-Acao-1024x377.jpg 1024w, https:\/\/metarh.com.br\/metarhnews\/wp-content\/uploads\/2023\/10\/E-book_Inclusao-em-Acao-300x110.jpg 300w, https:\/\/metarh.com.br\/metarhnews\/wp-content\/uploads\/2023\/10\/E-book_Inclusao-em-Acao-768x283.jpg 768w, https:\/\/metarh.com.br\/metarhnews\/wp-content\/uploads\/2023\/10\/E-book_Inclusao-em-Acao-1536x565.jpg 1536w, https:\/\/metarh.com.br\/metarhnews\/wp-content\/uploads\/2023\/10\/E-book_Inclusao-em-Acao.jpg 1900w\" sizes=\"(max-width: 1024px) 100vw, 1024px\" \/><\/a><\/figure>\n\n\n\n<h2 class=\"wp-block-heading\"><strong>5 estrat\u00e9gias para adotar uma cultura antirracista na sua empresa<\/strong><\/h2>\n\n\n\n<p>Agora que j\u00e1 explicamos a import\u00e2ncia de promover uma cultura antirracista no ambiente de trabalho, chegou o momento de falarmos sobre as estrat\u00e9gias que podem ser adotadas em prol deste objetivo:&nbsp;<\/p>\n\n\n\n<ol class=\"wp-block-list\">\n<li><strong>Comprometimento da Lideran\u00e7a<\/strong><\/li>\n<\/ol>\n\n\n\n<p>Os l\u00edderes s\u00e3o os principais disseminadores da cultura organizacional. Por esse motivo, <strong>eles tamb\u00e9m devem estar fortemente comprometidos em promover uma cultura antirracista<\/strong> entre os seus liderados.&nbsp;<\/p>\n\n\n\n<p>Isso inclui tratar todos os funcion\u00e1rios e funcion\u00e1rias com respeito e igualdade, tomar medidas quando ocorrerem casos de racismo ou discrimina\u00e7\u00e3o na equipe e estar aberto para aprender continuamente sobre o assunto.<\/p>\n\n\n\n<ol class=\"wp-block-list\" start=\"2\">\n<li><strong>Educa\u00e7\u00e3o e Sensibiliza\u00e7\u00e3o<\/strong><\/li>\n<\/ol>\n\n\n\n<p>Outra forma de promover uma cultura antirracista \u00e9 oferecer <strong>treinamentos sobre racismo, preconceito e inclus\u00e3o racial<\/strong> para todas as pessoas colaboradoras \u2013 n\u00e3o apenas no Dia da Consci\u00eancia Negra, mas ao longo de todo o ano.&nbsp;<\/p>\n\n\n\n<p>Essa \u00e9 uma iniciativa que ajuda a aumentar a conscientiza\u00e7\u00e3o e a compreens\u00e3o sobre as quest\u00f5es raciais e a fornece ferramentas para o combate da discrimina\u00e7\u00e3o.&nbsp;&nbsp;<\/p>\n\n\n\n<ol class=\"wp-block-list\" start=\"3\">\n<li><strong>Pol\u00edticas e Pr\u00e1ticas Antirracistas<\/strong><\/li>\n<\/ol>\n\n\n\n<p>Essa talvez seja uma das estrat\u00e9gias priorit\u00e1rias: implementar pol\u00edticas e pr\u00e1ticas espec\u00edficas sobre equidade racial, bem como <strong>medidas que co\u00edbam qualquer forma de preconceito ou discrimina\u00e7\u00e3o<\/strong>.<\/p>\n\n\n\n<p>\u00c9 aconselh\u00e1vel, inclusive, estabelecer medidas punitivas para aqueles que violarem as pol\u00edticas antirracistas da empresa.<\/p>\n\n\n\n<ol class=\"wp-block-list\" start=\"4\">\n<li><strong>&nbsp;Diversifica\u00e7\u00e3o da For\u00e7a de Trabalho<\/strong><\/li>\n<\/ol>\n\n\n\n<p>Fa\u00e7a esfor\u00e7os proativos para recrutar, reter e promover pessoas pretas. Sua empresa pode, por exemplo, <strong>revisar as pr\u00e1ticas de contrata\u00e7\u00e3o<\/strong> a fim de eliminar qualquer vi\u00e9s discriminat\u00f3rio e at\u00e9 mesmo <strong>criar <\/strong><a href=\"https:\/\/metarh.com.br\/metarhnews\/diversidade-vagas-afirmativas\/\"><strong>vagas afirmativas<\/strong><\/a>. &nbsp;<\/p>\n\n\n\n<ol class=\"wp-block-list\" start=\"5\">\n<li><strong>Comunica\u00e7\u00e3o Aberta e Inclusiva<\/strong><\/li>\n<\/ol>\n\n\n\n<p>Crie um ambiente em que as pessoas colaboradoras se sintam \u00e0 vontade para expressar preocupa\u00e7\u00f5es relacionadas ao racismo e \u00e0 discrimina\u00e7\u00e3o, bem como denunciar qualquer tipo de preconceito. <strong>Promover a escuta ativa e atuar de maneira transparente<\/strong> para abordar essas quest\u00f5es quando elas surgirem far\u00e1 toda a diferen\u00e7a!<\/p>\n\n\n\n<figure class=\"wp-block-image size-large\"><a href=\"https:\/\/metarh.com.br\/\"><img decoding=\"async\" width=\"1024\" height=\"341\" src=\"https:\/\/metarh.com.br\/metarhnews\/wp-content\/uploads\/2023\/04\/Rodameio-email-PIPE-1024x341.jpg\" alt=\"Solu\u00e7\u00f5es estrat\u00e9gicas de Rh - METARH\" class=\"wp-image-14906\" srcset=\"https:\/\/metarh.com.br\/metarhnews\/wp-content\/uploads\/2023\/04\/Rodameio-email-PIPE-1024x341.jpg 1024w, https:\/\/metarh.com.br\/metarhnews\/wp-content\/uploads\/2023\/04\/Rodameio-email-PIPE-300x100.jpg 300w, https:\/\/metarh.com.br\/metarhnews\/wp-content\/uploads\/2023\/04\/Rodameio-email-PIPE-768x256.jpg 768w, https:\/\/metarh.com.br\/metarhnews\/wp-content\/uploads\/2023\/04\/Rodameio-email-PIPE.jpg 1200w\" sizes=\"(max-width: 1024px) 100vw, 1024px\" \/><\/a><\/figure>\n\n\n\n<p>Al\u00e9m das dicas apresentadas at\u00e9 aqui, lembre-se de realizar a avalia\u00e7\u00e3o cont\u00ednua do progresso de cada estrat\u00e9gia implementada, medindo o impacto delas e ajustando as abordagens conforme necess\u00e1rio.<\/p>\n\n\n\n<p>Por fim, tenha em mente que a constru\u00e7\u00e3o de uma cultura antirracista n\u00e3o \u00e9 algo que pode ser alcan\u00e7ado rapidamente. Ela requer um compromisso cont\u00ednuo, de longo prazo. Portanto, seja persistente!<\/p>\n\n\n\n<p>Promover um ambiente de trabalho mais justo e agregador faz parte do prop\u00f3sito da METARH. Entre em contato conosco e entenda como podemos ajudar a sua empresa a iniciar ou dar continuidade ao plano de DE&amp;I.\u00a0<\/p>\n\n\n\n<div class=\"wp-block-buttons is-content-justification-center is-layout-flex wp-container-core-buttons-is-layout-16018d1d wp-block-buttons-is-layout-flex\">\n<div class=\"wp-block-button\"><a class=\"wp-block-button__link wp-element-button\" href=\"https:\/\/metarh.com.br\/contato-materiais-ricos\" style=\"border-radius:100px;padding-top:var(--wp--preset--spacing--30);padding-right:var(--wp--preset--spacing--30);padding-bottom:var(--wp--preset--spacing--30);padding-left:var(--wp--preset--spacing--30)\">QUERO FALAR COM ESPECIALISTAS<\/a><\/div>\n<\/div>\n<div style=\"margin-top: 0px; margin-bottom: 0px;\" class=\"sharethis-inline-share-buttons\" ><\/div>","protected":false},"excerpt":{"rendered":"<p>A diversidade racial \u00e9 uma for\u00e7a poderosa, capaz de impulsionar a inova\u00e7\u00e3o, a criatividade e o sucesso nas empresas. No entanto, ela s\u00f3 se torna verdadeiramente potente quando \u00e9 acompanhada por uma cultura inclusiva, equitativa e, acima de tudo, antirracista. Mais do que simplesmente formar uma equipe diversa, \u00e9 preciso comprometer-se com a cria\u00e7\u00e3o de&#8230;<\/p>\n","protected":false},"author":4,"featured_media":16020,"comment_status":"open","ping_status":"open","sticky":false,"template":"","format":"standard","meta":{"_kadence_starter_templates_imported_post":false,"_kad_post_transparent":"","_kad_post_title":"","_kad_post_layout":"","_kad_post_sidebar_id":"","_kad_post_content_style":"","_kad_post_vertical_padding":"","_kad_post_feature":"","_kad_post_feature_position":"","_kad_post_header":false,"_kad_post_footer":false,"_kad_post_classname":"","footnotes":""},"categories":[162,164,150,2],"tags":[44,13],"class_list":["post-16019","post","type-post","status-publish","format-standard","has-post-thumbnail","hentry","category-trilhando-mais","category-aprendizado-em-rh","category-dho","category-materias","tag-diversidade","tag-recursos-humanos"],"yoast_head":"<!-- This site is optimized with the Yoast SEO Premium plugin v26.6 (Yoast SEO v27.5) - https:\/\/yoast.com\/product\/yoast-seo-premium-wordpress\/ -->\n<title>Cultura antirracista: a import\u00e2ncia de promover a diversidade racial nas empresas<\/title>\n<meta name=\"description\" content=\"Explore a import\u00e2ncia da cultura antirracista para impulsionar a diversidade racial nas empresas e criar ambientes inclusivos.\" \/>\n<meta name=\"robots\" content=\"index, follow, max-snippet:-1, max-image-preview:large, max-video-preview:-1\" \/>\n<link rel=\"canonical\" href=\"https:\/\/metarh.com.br\/metarhnews\/cultura-antirracista\/\" \/>\n<meta property=\"og:locale\" content=\"pt_BR\" \/>\n<meta property=\"og:type\" content=\"article\" \/>\n<meta property=\"og:title\" content=\"Cultura antirracista: a import\u00e2ncia de promover a diversidade racial nas empresas\" \/>\n<meta property=\"og:description\" content=\"Explore a import\u00e2ncia da cultura antirracista para impulsionar a diversidade racial nas empresas e criar ambientes inclusivos.\" \/>\n<meta property=\"og:url\" content=\"https:\/\/metarh.com.br\/metarhnews\/cultura-antirracista\/\" \/>\n<meta property=\"og:site_name\" content=\"METARH +News\" \/>\n<meta property=\"article:publisher\" content=\"https:\/\/www.facebook.com\/metarhumana\" \/>\n<meta property=\"article:author\" content=\"https:\/\/www.facebook.com\/metarhconsultoria\" \/>\n<meta property=\"article:published_time\" content=\"2023-11-16T18:13:33+00:00\" \/>\n<meta property=\"article:modified_time\" content=\"2026-01-21T18:50:48+00:00\" \/>\n<meta property=\"og:image\" content=\"https:\/\/metarh.com.br\/metarhnews\/wp-content\/uploads\/2023\/11\/Cultura-antiracista.jpg\" \/>\n\t<meta property=\"og:image:width\" content=\"1060\" \/>\n\t<meta property=\"og:image:height\" content=\"700\" \/>\n\t<meta property=\"og:image:type\" content=\"image\/jpeg\" \/>\n<meta name=\"author\" content=\"METARH\" \/>\n<meta name=\"twitter:card\" content=\"summary_large_image\" \/>\n<meta name=\"twitter:creator\" content=\"@metarhumana\" \/>\n<meta name=\"twitter:site\" content=\"@metarhumana\" \/>\n<meta name=\"twitter:label1\" content=\"Escrito por\" \/>\n\t<meta name=\"twitter:data1\" content=\"METARH\" \/>\n\t<meta name=\"twitter:label2\" content=\"Est. tempo de leitura\" \/>\n\t<meta name=\"twitter:data2\" content=\"8 minutos\" \/>\n<script type=\"application\/ld+json\" class=\"yoast-schema-graph\">{\"@context\":\"https:\\\/\\\/schema.org\",\"@graph\":[{\"@type\":\"Article\",\"@id\":\"https:\\\/\\\/metarh.com.br\\\/metarhnews\\\/cultura-antirracista\\\/#article\",\"isPartOf\":{\"@id\":\"https:\\\/\\\/metarh.com.br\\\/metarhnews\\\/cultura-antirracista\\\/\"},\"author\":{\"name\":\"METARH\",\"@id\":\"https:\\\/\\\/metarh.com.br\\\/metarhnews\\\/#\\\/schema\\\/person\\\/930900bc40677695dc9df602ec0366d0\"},\"headline\":\"Cultura antirracista: a import\u00e2ncia de promover a diversidade racial nas empresas\",\"datePublished\":\"2023-11-16T18:13:33+00:00\",\"dateModified\":\"2026-01-21T18:50:48+00:00\",\"mainEntityOfPage\":{\"@id\":\"https:\\\/\\\/metarh.com.br\\\/metarhnews\\\/cultura-antirracista\\\/\"},\"wordCount\":1286,\"commentCount\":0,\"publisher\":{\"@id\":\"https:\\\/\\\/metarh.com.br\\\/metarhnews\\\/#organization\"},\"image\":{\"@id\":\"https:\\\/\\\/metarh.com.br\\\/metarhnews\\\/cultura-antirracista\\\/#primaryimage\"},\"thumbnailUrl\":\"https:\\\/\\\/metarh.com.br\\\/metarhnews\\\/wp-content\\\/uploads\\\/2023\\\/11\\\/Cultura-antiracista.jpg\",\"keywords\":[\"Diversidade\",\"Recursos Humanos\"],\"articleSection\":[\"6 \u2022 Trilhando +\",\"Aprendizado\",\"DHO\",\"Mat\u00e9rias\"],\"inLanguage\":\"pt-BR\",\"potentialAction\":[{\"@type\":\"CommentAction\",\"name\":\"Comment\",\"target\":[\"https:\\\/\\\/metarh.com.br\\\/metarhnews\\\/cultura-antirracista\\\/#respond\"]}],\"copyrightYear\":\"2023\",\"copyrightHolder\":{\"@id\":\"https:\\\/\\\/metarh.com.br\\\/metarhnews\\\/#organization\"}},{\"@type\":\"WebPage\",\"@id\":\"https:\\\/\\\/metarh.com.br\\\/metarhnews\\\/cultura-antirracista\\\/\",\"url\":\"https:\\\/\\\/metarh.com.br\\\/metarhnews\\\/cultura-antirracista\\\/\",\"name\":\"Cultura antirracista: a import\u00e2ncia de promover a diversidade racial nas empresas\",\"isPartOf\":{\"@id\":\"https:\\\/\\\/metarh.com.br\\\/metarhnews\\\/#website\"},\"primaryImageOfPage\":{\"@id\":\"https:\\\/\\\/metarh.com.br\\\/metarhnews\\\/cultura-antirracista\\\/#primaryimage\"},\"image\":{\"@id\":\"https:\\\/\\\/metarh.com.br\\\/metarhnews\\\/cultura-antirracista\\\/#primaryimage\"},\"thumbnailUrl\":\"https:\\\/\\\/metarh.com.br\\\/metarhnews\\\/wp-content\\\/uploads\\\/2023\\\/11\\\/Cultura-antiracista.jpg\",\"datePublished\":\"2023-11-16T18:13:33+00:00\",\"dateModified\":\"2026-01-21T18:50:48+00:00\",\"description\":\"Explore a import\u00e2ncia da cultura antirracista para impulsionar a diversidade racial nas empresas e criar ambientes inclusivos.\",\"breadcrumb\":{\"@id\":\"https:\\\/\\\/metarh.com.br\\\/metarhnews\\\/cultura-antirracista\\\/#breadcrumb\"},\"inLanguage\":\"pt-BR\",\"potentialAction\":[{\"@type\":\"ReadAction\",\"target\":[\"https:\\\/\\\/metarh.com.br\\\/metarhnews\\\/cultura-antirracista\\\/\"]}]},{\"@type\":\"ImageObject\",\"inLanguage\":\"pt-BR\",\"@id\":\"https:\\\/\\\/metarh.com.br\\\/metarhnews\\\/cultura-antirracista\\\/#primaryimage\",\"url\":\"https:\\\/\\\/metarh.com.br\\\/metarhnews\\\/wp-content\\\/uploads\\\/2023\\\/11\\\/Cultura-antiracista.jpg\",\"contentUrl\":\"https:\\\/\\\/metarh.com.br\\\/metarhnews\\\/wp-content\\\/uploads\\\/2023\\\/11\\\/Cultura-antiracista.jpg\",\"width\":1060,\"height\":700,\"caption\":\"Cultura antirracista\"},{\"@type\":\"BreadcrumbList\",\"@id\":\"https:\\\/\\\/metarh.com.br\\\/metarhnews\\\/cultura-antirracista\\\/#breadcrumb\",\"itemListElement\":[{\"@type\":\"ListItem\",\"position\":1,\"name\":\"In\u00edcio\",\"item\":\"https:\\\/\\\/metarh.com.br\\\/metarhnews\\\/\"},{\"@type\":\"ListItem\",\"position\":2,\"name\":\"Cultura antirracista: a import\u00e2ncia de promover a diversidade racial nas empresas\"}]},{\"@type\":\"WebSite\",\"@id\":\"https:\\\/\\\/metarh.com.br\\\/metarhnews\\\/#website\",\"url\":\"https:\\\/\\\/metarh.com.br\\\/metarhnews\\\/\",\"name\":\"METARH +News\",\"description\":\"Conte\u00fado focado em Gest\u00e3o de Pessoas\",\"publisher\":{\"@id\":\"https:\\\/\\\/metarh.com.br\\\/metarhnews\\\/#organization\"},\"potentialAction\":[{\"@type\":\"SearchAction\",\"target\":{\"@type\":\"EntryPoint\",\"urlTemplate\":\"https:\\\/\\\/metarh.com.br\\\/metarhnews\\\/?s={search_term_string}\"},\"query-input\":{\"@type\":\"PropertyValueSpecification\",\"valueRequired\":true,\"valueName\":\"search_term_string\"}}],\"inLanguage\":\"pt-BR\"},{\"@type\":\"Organization\",\"@id\":\"https:\\\/\\\/metarh.com.br\\\/metarhnews\\\/#organization\",\"name\":\"METARH +Humana\",\"url\":\"https:\\\/\\\/metarh.com.br\\\/metarhnews\\\/\",\"logo\":{\"@type\":\"ImageObject\",\"inLanguage\":\"pt-BR\",\"@id\":\"https:\\\/\\\/metarh.com.br\\\/metarhnews\\\/#\\\/schema\\\/logo\\\/image\\\/\",\"url\":\"https:\\\/\\\/metarh.com.br\\\/metarhnews\\\/wp-content\\\/uploads\\\/2025\\\/02\\\/METARH-Azul-Horizontal.png\",\"contentUrl\":\"https:\\\/\\\/metarh.com.br\\\/metarhnews\\\/wp-content\\\/uploads\\\/2025\\\/02\\\/METARH-Azul-Horizontal.png\",\"width\":1002,\"height\":303,\"caption\":\"METARH +Humana\"},\"image\":{\"@id\":\"https:\\\/\\\/metarh.com.br\\\/metarhnews\\\/#\\\/schema\\\/logo\\\/image\\\/\"},\"sameAs\":[\"https:\\\/\\\/www.facebook.com\\\/metarhumana\",\"https:\\\/\\\/x.com\\\/metarhumana\",\"https:\\\/\\\/www.instagram.com\\\/metarhumana\\\/\",\"https:\\\/\\\/www.youtube.com\\\/@metarhumana\"]},{\"@type\":\"Person\",\"@id\":\"https:\\\/\\\/metarh.com.br\\\/metarhnews\\\/#\\\/schema\\\/person\\\/930900bc40677695dc9df602ec0366d0\",\"name\":\"METARH\",\"image\":{\"@type\":\"ImageObject\",\"inLanguage\":\"pt-BR\",\"@id\":\"https:\\\/\\\/secure.gravatar.com\\\/avatar\\\/e03963382c9576f1c9989940c2d59ebc780df154afc76a079627bbbdb3dcefa1?s=96&d=mm&r=g\",\"url\":\"https:\\\/\\\/secure.gravatar.com\\\/avatar\\\/e03963382c9576f1c9989940c2d59ebc780df154afc76a079627bbbdb3dcefa1?s=96&d=mm&r=g\",\"contentUrl\":\"https:\\\/\\\/secure.gravatar.com\\\/avatar\\\/e03963382c9576f1c9989940c2d59ebc780df154afc76a079627bbbdb3dcefa1?s=96&d=mm&r=g\",\"caption\":\"METARH\"},\"description\":\"Somos uma consultoria de recursos humanos com mais de 40 anos de mercado, ajudando empresas como a sua a encontrarem o talento certo. Nossos processos s\u00e3o focados no sucesso dos clientes sem deixar de lado a experi\u00eancia positiva das pessoas candidatas.\",\"sameAs\":[\"http:\\\/\\\/www.metarh.com.br\",\"https:\\\/\\\/www.facebook.com\\\/metarhconsultoria\",\"https:\\\/\\\/www.instagram.com\\\/metarhconsultoria\\\/\",\"https:\\\/\\\/www.linkedin.com\\\/company\\\/metarhconsultoria\",\"http:\\\/\\\/youtube.com\\\/@metarhconsultoria\"],\"url\":\"https:\\\/\\\/metarh.com.br\\\/metarhnews\\\/author\\\/editorial-metarh\\\/\"}]}<\/script>\n<!-- \/ Yoast SEO Premium plugin. -->","yoast_head_json":{"title":"Cultura antirracista: a import\u00e2ncia de promover a diversidade racial nas empresas","description":"Explore a import\u00e2ncia da cultura antirracista para impulsionar a diversidade racial nas empresas e criar ambientes inclusivos.","robots":{"index":"index","follow":"follow","max-snippet":"max-snippet:-1","max-image-preview":"max-image-preview:large","max-video-preview":"max-video-preview:-1"},"canonical":"https:\/\/metarh.com.br\/metarhnews\/cultura-antirracista\/","og_locale":"pt_BR","og_type":"article","og_title":"Cultura antirracista: a import\u00e2ncia de promover a diversidade racial nas empresas","og_description":"Explore a import\u00e2ncia da cultura antirracista para impulsionar a diversidade racial nas empresas e criar ambientes inclusivos.","og_url":"https:\/\/metarh.com.br\/metarhnews\/cultura-antirracista\/","og_site_name":"METARH +News","article_publisher":"https:\/\/www.facebook.com\/metarhumana","article_author":"https:\/\/www.facebook.com\/metarhconsultoria","article_published_time":"2023-11-16T18:13:33+00:00","article_modified_time":"2026-01-21T18:50:48+00:00","og_image":[{"width":1060,"height":700,"url":"https:\/\/metarh.com.br\/metarhnews\/wp-content\/uploads\/2023\/11\/Cultura-antiracista.jpg","type":"image\/jpeg"}],"author":"METARH","twitter_card":"summary_large_image","twitter_creator":"@metarhumana","twitter_site":"@metarhumana","twitter_misc":{"Escrito por":"METARH","Est. tempo de leitura":"8 minutos"},"schema":{"@context":"https:\/\/schema.org","@graph":[{"@type":"Article","@id":"https:\/\/metarh.com.br\/metarhnews\/cultura-antirracista\/#article","isPartOf":{"@id":"https:\/\/metarh.com.br\/metarhnews\/cultura-antirracista\/"},"author":{"name":"METARH","@id":"https:\/\/metarh.com.br\/metarhnews\/#\/schema\/person\/930900bc40677695dc9df602ec0366d0"},"headline":"Cultura antirracista: a import\u00e2ncia de promover a diversidade racial nas empresas","datePublished":"2023-11-16T18:13:33+00:00","dateModified":"2026-01-21T18:50:48+00:00","mainEntityOfPage":{"@id":"https:\/\/metarh.com.br\/metarhnews\/cultura-antirracista\/"},"wordCount":1286,"commentCount":0,"publisher":{"@id":"https:\/\/metarh.com.br\/metarhnews\/#organization"},"image":{"@id":"https:\/\/metarh.com.br\/metarhnews\/cultura-antirracista\/#primaryimage"},"thumbnailUrl":"https:\/\/metarh.com.br\/metarhnews\/wp-content\/uploads\/2023\/11\/Cultura-antiracista.jpg","keywords":["Diversidade","Recursos Humanos"],"articleSection":["6 \u2022 Trilhando +","Aprendizado","DHO","Mat\u00e9rias"],"inLanguage":"pt-BR","potentialAction":[{"@type":"CommentAction","name":"Comment","target":["https:\/\/metarh.com.br\/metarhnews\/cultura-antirracista\/#respond"]}],"copyrightYear":"2023","copyrightHolder":{"@id":"https:\/\/metarh.com.br\/metarhnews\/#organization"}},{"@type":"WebPage","@id":"https:\/\/metarh.com.br\/metarhnews\/cultura-antirracista\/","url":"https:\/\/metarh.com.br\/metarhnews\/cultura-antirracista\/","name":"Cultura antirracista: a import\u00e2ncia de promover a diversidade racial nas empresas","isPartOf":{"@id":"https:\/\/metarh.com.br\/metarhnews\/#website"},"primaryImageOfPage":{"@id":"https:\/\/metarh.com.br\/metarhnews\/cultura-antirracista\/#primaryimage"},"image":{"@id":"https:\/\/metarh.com.br\/metarhnews\/cultura-antirracista\/#primaryimage"},"thumbnailUrl":"https:\/\/metarh.com.br\/metarhnews\/wp-content\/uploads\/2023\/11\/Cultura-antiracista.jpg","datePublished":"2023-11-16T18:13:33+00:00","dateModified":"2026-01-21T18:50:48+00:00","description":"Explore a import\u00e2ncia da cultura antirracista para impulsionar a diversidade racial nas empresas e criar ambientes inclusivos.","breadcrumb":{"@id":"https:\/\/metarh.com.br\/metarhnews\/cultura-antirracista\/#breadcrumb"},"inLanguage":"pt-BR","potentialAction":[{"@type":"ReadAction","target":["https:\/\/metarh.com.br\/metarhnews\/cultura-antirracista\/"]}]},{"@type":"ImageObject","inLanguage":"pt-BR","@id":"https:\/\/metarh.com.br\/metarhnews\/cultura-antirracista\/#primaryimage","url":"https:\/\/metarh.com.br\/metarhnews\/wp-content\/uploads\/2023\/11\/Cultura-antiracista.jpg","contentUrl":"https:\/\/metarh.com.br\/metarhnews\/wp-content\/uploads\/2023\/11\/Cultura-antiracista.jpg","width":1060,"height":700,"caption":"Cultura antirracista"},{"@type":"BreadcrumbList","@id":"https:\/\/metarh.com.br\/metarhnews\/cultura-antirracista\/#breadcrumb","itemListElement":[{"@type":"ListItem","position":1,"name":"In\u00edcio","item":"https:\/\/metarh.com.br\/metarhnews\/"},{"@type":"ListItem","position":2,"name":"Cultura antirracista: a import\u00e2ncia de promover a diversidade racial nas empresas"}]},{"@type":"WebSite","@id":"https:\/\/metarh.com.br\/metarhnews\/#website","url":"https:\/\/metarh.com.br\/metarhnews\/","name":"METARH +News","description":"Conte\u00fado focado em Gest\u00e3o de Pessoas","publisher":{"@id":"https:\/\/metarh.com.br\/metarhnews\/#organization"},"potentialAction":[{"@type":"SearchAction","target":{"@type":"EntryPoint","urlTemplate":"https:\/\/metarh.com.br\/metarhnews\/?s={search_term_string}"},"query-input":{"@type":"PropertyValueSpecification","valueRequired":true,"valueName":"search_term_string"}}],"inLanguage":"pt-BR"},{"@type":"Organization","@id":"https:\/\/metarh.com.br\/metarhnews\/#organization","name":"METARH +Humana","url":"https:\/\/metarh.com.br\/metarhnews\/","logo":{"@type":"ImageObject","inLanguage":"pt-BR","@id":"https:\/\/metarh.com.br\/metarhnews\/#\/schema\/logo\/image\/","url":"https:\/\/metarh.com.br\/metarhnews\/wp-content\/uploads\/2025\/02\/METARH-Azul-Horizontal.png","contentUrl":"https:\/\/metarh.com.br\/metarhnews\/wp-content\/uploads\/2025\/02\/METARH-Azul-Horizontal.png","width":1002,"height":303,"caption":"METARH +Humana"},"image":{"@id":"https:\/\/metarh.com.br\/metarhnews\/#\/schema\/logo\/image\/"},"sameAs":["https:\/\/www.facebook.com\/metarhumana","https:\/\/x.com\/metarhumana","https:\/\/www.instagram.com\/metarhumana\/","https:\/\/www.youtube.com\/@metarhumana"]},{"@type":"Person","@id":"https:\/\/metarh.com.br\/metarhnews\/#\/schema\/person\/930900bc40677695dc9df602ec0366d0","name":"METARH","image":{"@type":"ImageObject","inLanguage":"pt-BR","@id":"https:\/\/secure.gravatar.com\/avatar\/e03963382c9576f1c9989940c2d59ebc780df154afc76a079627bbbdb3dcefa1?s=96&d=mm&r=g","url":"https:\/\/secure.gravatar.com\/avatar\/e03963382c9576f1c9989940c2d59ebc780df154afc76a079627bbbdb3dcefa1?s=96&d=mm&r=g","contentUrl":"https:\/\/secure.gravatar.com\/avatar\/e03963382c9576f1c9989940c2d59ebc780df154afc76a079627bbbdb3dcefa1?s=96&d=mm&r=g","caption":"METARH"},"description":"Somos uma consultoria de recursos humanos com mais de 40 anos de mercado, ajudando empresas como a sua a encontrarem o talento certo. Nossos processos s\u00e3o focados no sucesso dos clientes sem deixar de lado a experi\u00eancia positiva das pessoas candidatas.","sameAs":["http:\/\/www.metarh.com.br","https:\/\/www.facebook.com\/metarhconsultoria","https:\/\/www.instagram.com\/metarhconsultoria\/","https:\/\/www.linkedin.com\/company\/metarhconsultoria","http:\/\/youtube.com\/@metarhconsultoria"],"url":"https:\/\/metarh.com.br\/metarhnews\/author\/editorial-metarh\/"}]}},"_links":{"self":[{"href":"https:\/\/metarh.com.br\/metarhnews\/wp-json\/wp\/v2\/posts\/16019","targetHints":{"allow":["GET"]}}],"collection":[{"href":"https:\/\/metarh.com.br\/metarhnews\/wp-json\/wp\/v2\/posts"}],"about":[{"href":"https:\/\/metarh.com.br\/metarhnews\/wp-json\/wp\/v2\/types\/post"}],"author":[{"embeddable":true,"href":"https:\/\/metarh.com.br\/metarhnews\/wp-json\/wp\/v2\/users\/4"}],"replies":[{"embeddable":true,"href":"https:\/\/metarh.com.br\/metarhnews\/wp-json\/wp\/v2\/comments?post=16019"}],"version-history":[{"count":1,"href":"https:\/\/metarh.com.br\/metarhnews\/wp-json\/wp\/v2\/posts\/16019\/revisions"}],"predecessor-version":[{"id":16021,"href":"https:\/\/metarh.com.br\/metarhnews\/wp-json\/wp\/v2\/posts\/16019\/revisions\/16021"}],"wp:featuredmedia":[{"embeddable":true,"href":"https:\/\/metarh.com.br\/metarhnews\/wp-json\/wp\/v2\/media\/16020"}],"wp:attachment":[{"href":"https:\/\/metarh.com.br\/metarhnews\/wp-json\/wp\/v2\/media?parent=16019"}],"wp:term":[{"taxonomy":"category","embeddable":true,"href":"https:\/\/metarh.com.br\/metarhnews\/wp-json\/wp\/v2\/categories?post=16019"},{"taxonomy":"post_tag","embeddable":true,"href":"https:\/\/metarh.com.br\/metarhnews\/wp-json\/wp\/v2\/tags?post=16019"}],"curies":[{"name":"wp","href":"https:\/\/api.w.org\/{rel}","templated":true}]}}