{"id":16029,"date":"2023-12-04T14:30:36","date_gmt":"2023-12-04T17:30:36","guid":{"rendered":"https:\/\/metarh.com.br\/metarhnews\/?p=16029"},"modified":"2026-01-21T15:44:55","modified_gmt":"2026-01-21T18:44:55","slug":"lideranca-inclusiva","status":"publish","type":"post","link":"https:\/\/metarh.com.br\/metarhnews\/lideranca-inclusiva\/","title":{"rendered":"Lideran\u00e7a inclusiva: o papel dos l\u00edderes no combate ao racismo"},"content":{"rendered":"\n<p>Os l\u00edderes s\u00e3o os principais disseminadores da cultura de uma empresa. N\u00e3o por acaso, \u00e9 quase inimagin\u00e1vel discutir o combate ao racismo no ambiente de trabalho sem abordar a import\u00e2ncia da <strong>lideran\u00e7a inclusiva<\/strong>.<\/p>\n\n\n\n<p>Para que as organiza\u00e7\u00f5es abracem a diversidade racial, garantindo seguran\u00e7a, acolhimento e igualdade de oportunidades para pessoas pretas, um dos primeiros passos \u00e9 envolver os l\u00edderes nesta miss\u00e3o.<\/p>\n\n\n\n<p>\u00c9 por isso que, ap\u00f3s termos falado sobre <a href=\"https:\/\/metarh.com.br\/metarhnews\/cultura-antirracista\/\">cultura antirracista<\/a> aqui no Blog, hoje vamos nos aprofundar em como os gestores de pessoas podem \u2013 e devem \u2013 ser agentes de mudan\u00e7a nesse esfor\u00e7o coletivo em prol de um mercado de trabalho mais igualit\u00e1rio!<\/p>\n\n\n\n<h2 class=\"wp-block-heading\"><strong>O que \u00e9 uma lideran\u00e7a inclusiva?<\/strong><\/h2>\n\n\n\n<p>Embora nosso foco seja abordar o papel dos l\u00edderes no combate ao racismo, vale \u00e0 pena come\u00e7ar explicando que a lideran\u00e7a inclusiva n\u00e3o se limita apenas a esse prop\u00f3sito.&nbsp;<\/p>\n\n\n\n<p>Na pr\u00e1tica, esse estilo de lideran\u00e7a se concentra em criar ambientes de trabalho onde a diversidade, equidade e a inclus\u00e3o (DE&amp;I) s\u00e3o valorizadas, respeitadas e incorporadas de maneira ampla.&nbsp;<\/p>\n\n\n\n<p>Em outras palavras, uma lideran\u00e7a inclusiva \u00e9 aquela que <strong>promove ativamente a igualdade de oportunidades para todos<\/strong>, independentemente de sua origem \u00e9tnica, g\u00eanero, idade, orienta\u00e7\u00e3o sexual, habilidades, religi\u00e3o ou outras caracter\u00edsticas pessoais.<\/p>\n\n\n\n<figure class=\"wp-block-image size-large\"><a href=\"https:\/\/conteudo.metarh.com.br\/combate-ao-racismo\" target=\"_blank\" rel=\"noreferrer noopener\"><img fetchpriority=\"high\" decoding=\"async\" width=\"1024\" height=\"377\" src=\"https:\/\/metarh.com.br\/metarhnews\/wp-content\/uploads\/2023\/11\/Combate-ao-Racismo-1024x377.jpg\" alt=\"\" class=\"wp-image-16008\" srcset=\"https:\/\/metarh.com.br\/metarhnews\/wp-content\/uploads\/2023\/11\/Combate-ao-Racismo-1024x377.jpg 1024w, https:\/\/metarh.com.br\/metarhnews\/wp-content\/uploads\/2023\/11\/Combate-ao-Racismo-300x110.jpg 300w, https:\/\/metarh.com.br\/metarhnews\/wp-content\/uploads\/2023\/11\/Combate-ao-Racismo-768x283.jpg 768w, https:\/\/metarh.com.br\/metarhnews\/wp-content\/uploads\/2023\/11\/Combate-ao-Racismo-1536x565.jpg 1536w, https:\/\/metarh.com.br\/metarhnews\/wp-content\/uploads\/2023\/11\/Combate-ao-Racismo.jpg 1900w\" sizes=\"(max-width: 1024px) 100vw, 1024px\" \/><\/a><\/figure>\n\n\n\n<h2 class=\"wp-block-heading\"><strong>6 caracter\u00edsticas de uma lideran\u00e7a inclusiva<\/strong><\/h2>\n\n\n\n<p>Para que voc\u00ea consiga compreender a o que a lideran\u00e7a inclusiva de fato \u00e9, o melhor caminho \u00e9 conhecer quais as caracter\u00edsticas que moldam esse profissional. Ent\u00e3o vamos a elas!<\/p>\n\n\n\n<p>Segundo um artigo publicado pela <a href=\"https:\/\/www2.deloitte.com\/us\/en\/insights\/topics\/talent\/six-signature-traits-of-inclusive-leadership.html\">Deloitte Insights<\/a>, que \u00e9 uma das grandes respons\u00e1veis por cunhar o termo, esses s\u00e3o os seis tra\u00e7os caracter\u00edsticos da lideran\u00e7a inclusiva:<\/p>\n\n\n\n<ol class=\"wp-block-list\">\n<li><strong>Compromisso<\/strong>: l\u00edderes altamente inclusivos est\u00e3o comprometidos com a diversidade e a inclus\u00e3o porque estes objetivos se alinham com os seus valores pessoais e do neg\u00f3cio.<\/li>\n\n\n\n<li><strong>Coragem:<\/strong> l\u00edderes altamente inclusivos falam abertamente, desafiam o status quo e s\u00e3o humildes quanto aos seus pontos fortes e fracos.<\/li>\n\n\n\n<li><strong>Conhecimento do preconceito<\/strong>: l\u00edderes altamente inclusivos est\u00e3o atentos aos pontos cegos pessoais e organizacionais. Eles t\u00eam a capacidade de se auto-regular para ajudar a coibir preconceitos.&nbsp;<\/li>\n\n\n\n<li><strong>Curiosidade:<\/strong> l\u00edderes altamente inclusivos t\u00eam uma mentalidade aberta, um desejo de compreender como os outros veem e vivenciam o mundo e uma toler\u00e2ncia \u00e0 ambiguidade.<\/li>\n\n\n\n<li><strong>Culturalmente inteligente:<\/strong> l\u00edderes altamente inclusivos s\u00e3o confiantes e eficazes nas intera\u00e7\u00f5es interculturais.<\/li>\n\n\n\n<li><strong>Colaborativo:<\/strong> por fim, l\u00edderes altamente inclusivos capacitam os indiv\u00edduos, bem como criam e alavancam o pensamento de diversos grupos.<strong><em>&nbsp;<\/em><\/strong><\/li>\n<\/ol>\n\n\n\n<h2 class=\"wp-block-heading\"><strong>Import\u00e2ncia dos l\u00edderes no combate ao racismo<\/strong><\/h2>\n\n\n\n<p>Agora que o conceito de lideran\u00e7a inclusiva est\u00e1 claro, chegou o momento de falarmos sobre o papel dela no combate ao racismo no ambiente de trabalho. E, para isso, separamos alguns dados recentes sobre o assunto.<\/p>\n\n\n\n<p>Segundo uma an\u00e1lise in\u00e9dita, publicada pelo <a href=\"https:\/\/www.linkedin.com\/news\/story\/45-dos-profissionais-negros-nunca-ocuparam-um-cargo-de-lideran%C3%A7a-5633276\/\">Linkedin em parceria com o Santo Caos<\/a>, <strong>55% dos profissionais negros j\u00e1 deixaram de aplicar para uma vaga ou promo\u00e7\u00e3o<\/strong> por acharem que n\u00e3o seriam bem recebidos naquele ambiente ou sequer considerados para a posi\u00e7\u00e3o.<\/p>\n\n\n\n<p>Al\u00e9m disso, 44% das pessoas entrevistadas revelaram j\u00e1 terem tido impactos negativos referentes a movimentos de carreiras, promo\u00e7\u00f5es e aumento salariais devido a cor da pele, enquanto 47% afirmaram j\u00e1 terem sofrido discrimina\u00e7\u00e3o racial no trabalho.<\/p>\n\n\n\n<p>Embora situa\u00e7\u00f5es como essas tenham ra\u00edzes complexas, que se perpetuam h\u00e1 s\u00e9culos, a constru\u00e7\u00e3o de uma lideran\u00e7a inclusiva desponta como uma das chaves para combat\u00ea-las. Afinal, os l\u00edderes s\u00e3o grandes respons\u00e1veis por moldar a cultura de uma organiza\u00e7\u00e3o.<\/p>\n\n\n\n<p>Quando l\u00edderes s\u00e3o exemplos de respeito, empatia e tratamento igualit\u00e1rio a todos os membros da equipe, isso estabelece um padr\u00e3o para os outros seguirem, criando assim um ambiente onde a valoriza\u00e7\u00e3o da diversidade \u00e9 a norma e n\u00e3o a exce\u00e7\u00e3o.<\/p>\n\n\n\n<p>Em paralelo, eles tamb\u00e9m t\u00eam influ\u00eancia sobre pol\u00edticas, pr\u00e1ticas e decis\u00f5es estrat\u00e9gicas da organiza\u00e7\u00e3o \u2013 o que pode ajudar a garantir que pessoas colaboradoras de todas as origens sejam avaliadas de maneira justa e consigam avan\u00e7ar em suas carreiras.<\/p>\n\n\n\n<h2 class=\"wp-block-heading\"><strong>Como os l\u00edderes podem promover a diversidade racial<\/strong><\/h2>\n\n\n\n<p>Como acabamos de ver, a influ\u00eancia, exemplo e compromisso da lideran\u00e7a s\u00e3o essenciais para promover uma cultura de DE&amp;I nas empresas. Mas como isso acontece na pr\u00e1tica?<\/p>\n\n\n\n<p>Bom, parte das informa\u00e7\u00f5es que apresentamos at\u00e9 aqui j\u00e1 apontam alguns caminhos. Por\u00e9m, caso voc\u00ea ainda esteja com d\u00favidas, confira mais algumas estrat\u00e9gias que podem ser implementadas pelos l\u00edderes:&nbsp;<\/p>\n\n\n\n<ol class=\"wp-block-list\">\n<li><strong>Aprenda e reflita&nbsp;<\/strong><\/li>\n<\/ol>\n\n\n\n<p>O primeiro passo para ser um(a) l\u00edder mais inclusivo(a) \u00e9 educar-se sobre o assunto. E isso inclui n\u00e3o somente as quest\u00f5es relacionadas \u00e0 ra\u00e7a, mas tamb\u00e9m de g\u00eanero, idade, orienta\u00e7\u00e3o sexual, entre outras.<\/p>\n\n\n\n<p>Ao aprender mais sobre as experi\u00eancias e desafios de diferentes grupos, os l\u00edderes estar\u00e3o mais bem preparados para promover a diversidade.<\/p>\n\n\n\n<ol class=\"wp-block-list\" start=\"2\">\n<li><strong>Fa\u00e7a avalia\u00e7\u00f5es de desempenho justas<\/strong><\/li>\n<\/ol>\n\n\n\n<p>Um(a) l\u00edder inclusivo(a) deve garantir que as avalia\u00e7\u00f5es de desempenho sejam justas e imparciais, considerando apenas as habilidades e realiza\u00e7\u00f5es dos funcion\u00e1rios e funcion\u00e1rias, a fim de evitar qualquer forma de discrimina\u00e7\u00e3o ou preconceito.<\/p>\n\n\n\n<p>O melhor caminho \u00e9 definir, em parceria com o RH, crit\u00e9rios objetivos e mensur\u00e1veis para avalia\u00e7\u00e3o e promo\u00e7\u00e3o.\u00a0<\/p>\n\n\n\n<figure class=\"wp-block-image size-large\"><a href=\"https:\/\/metarh.com.br\/de&amp;i\/\" target=\"_blank\" rel=\"noreferrer noopener\"><img decoding=\"async\" width=\"1024\" height=\"575\" src=\"https:\/\/metarh.com.br\/metarhnews\/wp-content\/uploads\/2023\/04\/cropped-LINKEDIN-B2B-DEI-sem-botao-1024x575.png\" alt=\"\" class=\"wp-image-14785\" srcset=\"https:\/\/metarh.com.br\/metarhnews\/wp-content\/uploads\/2023\/04\/cropped-LINKEDIN-B2B-DEI-sem-botao-1024x575.png 1024w, https:\/\/metarh.com.br\/metarhnews\/wp-content\/uploads\/2023\/04\/cropped-LINKEDIN-B2B-DEI-sem-botao-300x169.png 300w, https:\/\/metarh.com.br\/metarhnews\/wp-content\/uploads\/2023\/04\/cropped-LINKEDIN-B2B-DEI-sem-botao-768x432.png 768w, https:\/\/metarh.com.br\/metarhnews\/wp-content\/uploads\/2023\/04\/cropped-LINKEDIN-B2B-DEI-sem-botao-1536x863.png 1536w, https:\/\/metarh.com.br\/metarhnews\/wp-content\/uploads\/2023\/04\/cropped-LINKEDIN-B2B-DEI-sem-botao-1160x653.png 1160w, https:\/\/metarh.com.br\/metarhnews\/wp-content\/uploads\/2023\/04\/cropped-LINKEDIN-B2B-DEI-sem-botao-600x337.png 600w, https:\/\/metarh.com.br\/metarhnews\/wp-content\/uploads\/2023\/04\/cropped-LINKEDIN-B2B-DEI-sem-botao.png 1920w\" sizes=\"(max-width: 1024px) 100vw, 1024px\" \/><\/a><\/figure>\n\n\n\n<ol class=\"wp-block-list\" start=\"3\">\n<li><strong>Promova um ambiente de trabalho emp\u00e1tico e respeitoso<\/strong><\/li>\n<\/ol>\n\n\n\n<p>Refor\u00e7ando o que j\u00e1 dissemos: a constru\u00e7\u00e3o de uma cultura antirracista come\u00e7a pela lideran\u00e7a.&nbsp;<\/p>\n\n\n\n<p>Mais do que definir o tom demonstrando empatia e respeito em suas intera\u00e7\u00f5es com as pessoas colaboradoras, os l\u00edderes tamb\u00e9m devem estar atentos para coibir comportamentos preconceituosos e discriminat\u00f3rios na equipe.<\/p>\n\n\n\n<ol class=\"wp-block-list\" start=\"4\">\n<li><strong>Incentive a comunica\u00e7\u00e3o e a colabora\u00e7\u00e3o<\/strong><\/li>\n<\/ol>\n\n\n\n<p>\u00c9 fundamental permitir que as vozes de todas as pessoas colaboradoras sejam ouvidas e valorizadas. Isso envolve criar oportunidades para que os membros da equipe compartilhem suas ideias, preocupa\u00e7\u00f5es e perspectivas uns com os outros e evoluam juntos.&nbsp;<\/p>\n\n\n\n<ol class=\"wp-block-list\" start=\"5\">\n<li><strong>Pe\u00e7a feedback aos seus liderados<\/strong><\/li>\n<\/ol>\n\n\n\n<p>Estar disposto a ouvir a percep\u00e7\u00e3o das pessoas colaboradoras tamb\u00e9m faz parte da lideran\u00e7a inclusiva. Portanto, os l\u00edderes n\u00e3o devem ter medo de pedir <a href=\"https:\/\/metarh.com.br\/metarhnews\/feedback-feedforward\/\">feedback<\/a> sobre como est\u00e3o desempenhando seu papel e como a organiza\u00e7\u00e3o est\u00e1 lidando com quest\u00f5es de DE&amp;I.<\/p>\n\n\n\n<p>Estar aberto a cr\u00edticas construtivas \u00e9 a melhor forma de evoluir continuamente!<\/p>\n\n\n\n<ol class=\"wp-block-list\" start=\"6\">\n<li><strong>Atente-se para os vieses inconscientes e favoritismos&nbsp;<\/strong><\/li>\n<\/ol>\n\n\n\n<p>L\u00edderes que reconhecem a exist\u00eancia de seus vieses inconscientes e favoritismos, e comprometem-se em tomar medidas para minimiz\u00e1-los, tornam-se mais inclusivos.&nbsp;<\/p>\n\n\n\n<p>Uma das formas de colocar isso em pr\u00e1tica \u00e9 refletir sobre os pr\u00f3prios preconceitos e privil\u00e9gios e como eles influenciam nas decis\u00f5es e intera\u00e7\u00f5es do dia a dia.<\/p>\n\n\n\n<ol class=\"wp-block-list\" start=\"7\">\n<li><strong>Fa\u00e7a contrata\u00e7\u00f5es afirmativas<\/strong><\/li>\n<\/ol>\n\n\n\n<p>Outra estrat\u00e9gia que os l\u00edderes podem encabe\u00e7ar, em colabora\u00e7\u00e3o com o RH, \u00e9 a implementa\u00e7\u00e3o de pol\u00edticas de <a href=\"https:\/\/metarh.com.br\/metarhnews\/diversidade-vagas-afirmativas\/\">contrata\u00e7\u00f5es afirmativas<\/a> para aumentar a diversidade da equipe.&nbsp;<\/p>\n\n\n\n<p>Esse trabalho pode envolver a defini\u00e7\u00e3o de metas para a contrata\u00e7\u00e3o de pessoas candidatas de grupos sub-representados e o estabelecimento de vagas que alcancem esses grupos.<\/p>\n\n\n\n<h2 class=\"wp-block-heading\"><strong>O papel da representatividade nesta jornada<\/strong><\/h2>\n\n\n\n<p>Para al\u00e9m das a\u00e7\u00f5es que acabamos de apresentar, h\u00e1 outro fator que precisa ser mantido no radar das empresas que est\u00e3o comprometidas em promover a diversidade racial: a presen\u00e7a de profissionais negros e negras em cargos de gest\u00e3o.<\/p>\n\n\n\n<p>Segundo a pesquisa do Linkedin que mencionamos acima, <strong>45% das pessoas negras nunca ocuparam posi\u00e7\u00f5es de lideran\u00e7a<\/strong>, principalmente quando se trata de posi\u00e7\u00f5es de diretores, vice-presidentes e s\u00f3cios.<\/p>\n\n\n\n<p>Reverter esse cen\u00e1rio \u00e9 urgente por in\u00fameros motivos. Em primeiro lugar, a diversidade em cargos de lideran\u00e7a resulta em tomadas de decis\u00f5es mais equilibradas e informadas. Mas, sobretudo, esse \u00e9 um movimento que inspira pessoas semelhantes a almejarem posi\u00e7\u00f5es de lideran\u00e7a, promovendo um senso de empoderamento e aspira\u00e7\u00e3o.<\/p>\n\n\n\n<p>Se a sua empresa deseja criar uma lideran\u00e7a mais diversa e inclusiva, mas n\u00e3o sabe como colocar esse plano em pr\u00e1tica, conte com o know-how da METARH.<\/p>\n\n\n\n<figure class=\"wp-block-image size-large\"><img decoding=\"async\" width=\"1024\" height=\"341\" src=\"https:\/\/metarh.com.br\/metarhnews\/wp-content\/uploads\/2023\/04\/Rodameio-email-PIPE-1024x341.jpg\" alt=\"Solu\u00e7\u00f5es estrat\u00e9gicas de Rh - METARH\" class=\"wp-image-14906\" srcset=\"https:\/\/metarh.com.br\/metarhnews\/wp-content\/uploads\/2023\/04\/Rodameio-email-PIPE-1024x341.jpg 1024w, https:\/\/metarh.com.br\/metarhnews\/wp-content\/uploads\/2023\/04\/Rodameio-email-PIPE-300x100.jpg 300w, https:\/\/metarh.com.br\/metarhnews\/wp-content\/uploads\/2023\/04\/Rodameio-email-PIPE-768x256.jpg 768w, https:\/\/metarh.com.br\/metarhnews\/wp-content\/uploads\/2023\/04\/Rodameio-email-PIPE.jpg 1200w\" sizes=\"(max-width: 1024px) 100vw, 1024px\" \/><\/figure>\n\n\n\n<div class=\"wp-block-buttons is-content-justification-center is-layout-flex wp-container-core-buttons-is-layout-16018d1d wp-block-buttons-is-layout-flex\">\n<div class=\"wp-block-button\"><a class=\"wp-block-button__link wp-element-button\" href=\"https:\/\/metarh.com.br\/contato-materiais-ricos\/\" style=\"border-radius:100px;padding-top:var(--wp--preset--spacing--30);padding-right:var(--wp--preset--spacing--30);padding-bottom:var(--wp--preset--spacing--30);padding-left:var(--wp--preset--spacing--30)\">QUERO FALAR COM ESPECIALISTAS<\/a><\/div>\n<\/div>\n<div style=\"margin-top: 0px; margin-bottom: 0px;\" class=\"sharethis-inline-share-buttons\" ><\/div>","protected":false},"excerpt":{"rendered":"<p>Os l\u00edderes s\u00e3o os principais disseminadores da cultura de uma empresa. N\u00e3o por acaso, \u00e9 quase inimagin\u00e1vel discutir o combate ao racismo no ambiente de trabalho sem abordar a import\u00e2ncia da lideran\u00e7a inclusiva. Para que as organiza\u00e7\u00f5es abracem a diversidade racial, garantindo seguran\u00e7a, acolhimento e igualdade de oportunidades para pessoas pretas, um dos primeiros passos&#8230;<\/p>\n","protected":false},"author":4,"featured_media":16030,"comment_status":"open","ping_status":"open","sticky":false,"template":"","format":"standard","meta":{"_kadence_starter_templates_imported_post":false,"_kad_post_transparent":"","_kad_post_title":"","_kad_post_layout":"","_kad_post_sidebar_id":"","_kad_post_content_style":"","_kad_post_vertical_padding":"","_kad_post_feature":"","_kad_post_feature_position":"","_kad_post_header":false,"_kad_post_footer":false,"_kad_post_classname":"","footnotes":""},"categories":[162,164,150,2],"tags":[44],"class_list":["post-16029","post","type-post","status-publish","format-standard","has-post-thumbnail","hentry","category-trilhando-mais","category-aprendizado-em-rh","category-dho","category-materias","tag-diversidade"],"yoast_head":"<!-- This site is optimized with the Yoast SEO Premium plugin v26.6 (Yoast SEO v27.5) - https:\/\/yoast.com\/product\/yoast-seo-premium-wordpress\/ -->\n<title>Lideran\u00e7a inclusiva: o papel dos l\u00edderes no combate ao racismo<\/title>\n<meta name=\"description\" content=\"Explore o conceito e descubra como a lideran\u00e7a inclusiva desempenha um papel crucial no enfrentamento do racismo.\" \/>\n<meta name=\"robots\" content=\"index, follow, max-snippet:-1, max-image-preview:large, max-video-preview:-1\" \/>\n<link rel=\"canonical\" href=\"https:\/\/metarh.com.br\/metarhnews\/lideranca-inclusiva\/\" \/>\n<meta property=\"og:locale\" content=\"pt_BR\" \/>\n<meta property=\"og:type\" content=\"article\" \/>\n<meta property=\"og:title\" content=\"Lideran\u00e7a inclusiva: o papel dos l\u00edderes no combate ao racismo\" \/>\n<meta property=\"og:description\" content=\"Explore o conceito e descubra como a lideran\u00e7a inclusiva desempenha um papel crucial no enfrentamento do racismo.\" \/>\n<meta property=\"og:url\" content=\"https:\/\/metarh.com.br\/metarhnews\/lideranca-inclusiva\/\" \/>\n<meta property=\"og:site_name\" content=\"METARH +News\" \/>\n<meta property=\"article:publisher\" content=\"https:\/\/www.facebook.com\/metarhumana\" \/>\n<meta property=\"article:author\" content=\"https:\/\/www.facebook.com\/metarhconsultoria\" \/>\n<meta property=\"article:published_time\" content=\"2023-12-04T17:30:36+00:00\" \/>\n<meta property=\"article:modified_time\" content=\"2026-01-21T18:44:55+00:00\" \/>\n<meta property=\"og:image\" content=\"https:\/\/metarh.com.br\/metarhnews\/wp-content\/uploads\/2023\/11\/Lideranca_inclusiva.jpg\" \/>\n\t<meta property=\"og:image:width\" content=\"1060\" \/>\n\t<meta property=\"og:image:height\" content=\"700\" \/>\n\t<meta property=\"og:image:type\" content=\"image\/jpeg\" \/>\n<meta name=\"author\" content=\"METARH\" \/>\n<meta name=\"twitter:card\" content=\"summary_large_image\" \/>\n<meta name=\"twitter:creator\" content=\"@metarhumana\" \/>\n<meta name=\"twitter:site\" content=\"@metarhumana\" \/>\n<meta name=\"twitter:label1\" content=\"Escrito por\" \/>\n\t<meta name=\"twitter:data1\" content=\"METARH\" \/>\n\t<meta name=\"twitter:label2\" content=\"Est. tempo de leitura\" \/>\n\t<meta name=\"twitter:data2\" content=\"8 minutos\" \/>\n<script type=\"application\/ld+json\" class=\"yoast-schema-graph\">{\"@context\":\"https:\\\/\\\/schema.org\",\"@graph\":[{\"@type\":\"Article\",\"@id\":\"https:\\\/\\\/metarh.com.br\\\/metarhnews\\\/lideranca-inclusiva\\\/#article\",\"isPartOf\":{\"@id\":\"https:\\\/\\\/metarh.com.br\\\/metarhnews\\\/lideranca-inclusiva\\\/\"},\"author\":{\"name\":\"METARH\",\"@id\":\"https:\\\/\\\/metarh.com.br\\\/metarhnews\\\/#\\\/schema\\\/person\\\/930900bc40677695dc9df602ec0366d0\"},\"headline\":\"Lideran\u00e7a inclusiva: o papel dos l\u00edderes no combate ao racismo\",\"datePublished\":\"2023-12-04T17:30:36+00:00\",\"dateModified\":\"2026-01-21T18:44:55+00:00\",\"mainEntityOfPage\":{\"@id\":\"https:\\\/\\\/metarh.com.br\\\/metarhnews\\\/lideranca-inclusiva\\\/\"},\"wordCount\":1412,\"commentCount\":0,\"publisher\":{\"@id\":\"https:\\\/\\\/metarh.com.br\\\/metarhnews\\\/#organization\"},\"image\":{\"@id\":\"https:\\\/\\\/metarh.com.br\\\/metarhnews\\\/lideranca-inclusiva\\\/#primaryimage\"},\"thumbnailUrl\":\"https:\\\/\\\/metarh.com.br\\\/metarhnews\\\/wp-content\\\/uploads\\\/2023\\\/11\\\/Lideranca_inclusiva.jpg\",\"keywords\":[\"Diversidade\"],\"articleSection\":[\"6 \u2022 Trilhando +\",\"Aprendizado\",\"DHO\",\"Mat\u00e9rias\"],\"inLanguage\":\"pt-BR\",\"potentialAction\":[{\"@type\":\"CommentAction\",\"name\":\"Comment\",\"target\":[\"https:\\\/\\\/metarh.com.br\\\/metarhnews\\\/lideranca-inclusiva\\\/#respond\"]}],\"copyrightYear\":\"2023\",\"copyrightHolder\":{\"@id\":\"https:\\\/\\\/metarh.com.br\\\/metarhnews\\\/#organization\"}},{\"@type\":\"WebPage\",\"@id\":\"https:\\\/\\\/metarh.com.br\\\/metarhnews\\\/lideranca-inclusiva\\\/\",\"url\":\"https:\\\/\\\/metarh.com.br\\\/metarhnews\\\/lideranca-inclusiva\\\/\",\"name\":\"Lideran\u00e7a inclusiva: o papel dos l\u00edderes no combate ao racismo\",\"isPartOf\":{\"@id\":\"https:\\\/\\\/metarh.com.br\\\/metarhnews\\\/#website\"},\"primaryImageOfPage\":{\"@id\":\"https:\\\/\\\/metarh.com.br\\\/metarhnews\\\/lideranca-inclusiva\\\/#primaryimage\"},\"image\":{\"@id\":\"https:\\\/\\\/metarh.com.br\\\/metarhnews\\\/lideranca-inclusiva\\\/#primaryimage\"},\"thumbnailUrl\":\"https:\\\/\\\/metarh.com.br\\\/metarhnews\\\/wp-content\\\/uploads\\\/2023\\\/11\\\/Lideranca_inclusiva.jpg\",\"datePublished\":\"2023-12-04T17:30:36+00:00\",\"dateModified\":\"2026-01-21T18:44:55+00:00\",\"description\":\"Explore o conceito e descubra como a lideran\u00e7a inclusiva desempenha um papel crucial no enfrentamento do racismo.\",\"breadcrumb\":{\"@id\":\"https:\\\/\\\/metarh.com.br\\\/metarhnews\\\/lideranca-inclusiva\\\/#breadcrumb\"},\"inLanguage\":\"pt-BR\",\"potentialAction\":[{\"@type\":\"ReadAction\",\"target\":[\"https:\\\/\\\/metarh.com.br\\\/metarhnews\\\/lideranca-inclusiva\\\/\"]}]},{\"@type\":\"ImageObject\",\"inLanguage\":\"pt-BR\",\"@id\":\"https:\\\/\\\/metarh.com.br\\\/metarhnews\\\/lideranca-inclusiva\\\/#primaryimage\",\"url\":\"https:\\\/\\\/metarh.com.br\\\/metarhnews\\\/wp-content\\\/uploads\\\/2023\\\/11\\\/Lideranca_inclusiva.jpg\",\"contentUrl\":\"https:\\\/\\\/metarh.com.br\\\/metarhnews\\\/wp-content\\\/uploads\\\/2023\\\/11\\\/Lideranca_inclusiva.jpg\",\"width\":1060,\"height\":700,\"caption\":\"Lideran\u00e7a inclusiva: o papel dos l\u00edderes no combate ao racismo\"},{\"@type\":\"BreadcrumbList\",\"@id\":\"https:\\\/\\\/metarh.com.br\\\/metarhnews\\\/lideranca-inclusiva\\\/#breadcrumb\",\"itemListElement\":[{\"@type\":\"ListItem\",\"position\":1,\"name\":\"In\u00edcio\",\"item\":\"https:\\\/\\\/metarh.com.br\\\/metarhnews\\\/\"},{\"@type\":\"ListItem\",\"position\":2,\"name\":\"Lideran\u00e7a inclusiva: o papel dos l\u00edderes no combate ao racismo\"}]},{\"@type\":\"WebSite\",\"@id\":\"https:\\\/\\\/metarh.com.br\\\/metarhnews\\\/#website\",\"url\":\"https:\\\/\\\/metarh.com.br\\\/metarhnews\\\/\",\"name\":\"METARH +News\",\"description\":\"Conte\u00fado focado em Gest\u00e3o de Pessoas\",\"publisher\":{\"@id\":\"https:\\\/\\\/metarh.com.br\\\/metarhnews\\\/#organization\"},\"potentialAction\":[{\"@type\":\"SearchAction\",\"target\":{\"@type\":\"EntryPoint\",\"urlTemplate\":\"https:\\\/\\\/metarh.com.br\\\/metarhnews\\\/?s={search_term_string}\"},\"query-input\":{\"@type\":\"PropertyValueSpecification\",\"valueRequired\":true,\"valueName\":\"search_term_string\"}}],\"inLanguage\":\"pt-BR\"},{\"@type\":\"Organization\",\"@id\":\"https:\\\/\\\/metarh.com.br\\\/metarhnews\\\/#organization\",\"name\":\"METARH +Humana\",\"url\":\"https:\\\/\\\/metarh.com.br\\\/metarhnews\\\/\",\"logo\":{\"@type\":\"ImageObject\",\"inLanguage\":\"pt-BR\",\"@id\":\"https:\\\/\\\/metarh.com.br\\\/metarhnews\\\/#\\\/schema\\\/logo\\\/image\\\/\",\"url\":\"https:\\\/\\\/metarh.com.br\\\/metarhnews\\\/wp-content\\\/uploads\\\/2025\\\/02\\\/METARH-Azul-Horizontal.png\",\"contentUrl\":\"https:\\\/\\\/metarh.com.br\\\/metarhnews\\\/wp-content\\\/uploads\\\/2025\\\/02\\\/METARH-Azul-Horizontal.png\",\"width\":1002,\"height\":303,\"caption\":\"METARH +Humana\"},\"image\":{\"@id\":\"https:\\\/\\\/metarh.com.br\\\/metarhnews\\\/#\\\/schema\\\/logo\\\/image\\\/\"},\"sameAs\":[\"https:\\\/\\\/www.facebook.com\\\/metarhumana\",\"https:\\\/\\\/x.com\\\/metarhumana\",\"https:\\\/\\\/www.instagram.com\\\/metarhumana\\\/\",\"https:\\\/\\\/www.youtube.com\\\/@metarhumana\"]},{\"@type\":\"Person\",\"@id\":\"https:\\\/\\\/metarh.com.br\\\/metarhnews\\\/#\\\/schema\\\/person\\\/930900bc40677695dc9df602ec0366d0\",\"name\":\"METARH\",\"image\":{\"@type\":\"ImageObject\",\"inLanguage\":\"pt-BR\",\"@id\":\"https:\\\/\\\/secure.gravatar.com\\\/avatar\\\/e03963382c9576f1c9989940c2d59ebc780df154afc76a079627bbbdb3dcefa1?s=96&d=mm&r=g\",\"url\":\"https:\\\/\\\/secure.gravatar.com\\\/avatar\\\/e03963382c9576f1c9989940c2d59ebc780df154afc76a079627bbbdb3dcefa1?s=96&d=mm&r=g\",\"contentUrl\":\"https:\\\/\\\/secure.gravatar.com\\\/avatar\\\/e03963382c9576f1c9989940c2d59ebc780df154afc76a079627bbbdb3dcefa1?s=96&d=mm&r=g\",\"caption\":\"METARH\"},\"description\":\"Somos uma consultoria de recursos humanos com mais de 40 anos de mercado, ajudando empresas como a sua a encontrarem o talento certo. Nossos processos s\u00e3o focados no sucesso dos clientes sem deixar de lado a experi\u00eancia positiva das pessoas candidatas.\",\"sameAs\":[\"http:\\\/\\\/www.metarh.com.br\",\"https:\\\/\\\/www.facebook.com\\\/metarhconsultoria\",\"https:\\\/\\\/www.instagram.com\\\/metarhconsultoria\\\/\",\"https:\\\/\\\/www.linkedin.com\\\/company\\\/metarhconsultoria\",\"http:\\\/\\\/youtube.com\\\/@metarhconsultoria\"],\"url\":\"https:\\\/\\\/metarh.com.br\\\/metarhnews\\\/author\\\/editorial-metarh\\\/\"}]}<\/script>\n<!-- \/ Yoast SEO Premium plugin. -->","yoast_head_json":{"title":"Lideran\u00e7a inclusiva: o papel dos l\u00edderes no combate ao racismo","description":"Explore o conceito e descubra como a lideran\u00e7a inclusiva desempenha um papel crucial no enfrentamento do racismo.","robots":{"index":"index","follow":"follow","max-snippet":"max-snippet:-1","max-image-preview":"max-image-preview:large","max-video-preview":"max-video-preview:-1"},"canonical":"https:\/\/metarh.com.br\/metarhnews\/lideranca-inclusiva\/","og_locale":"pt_BR","og_type":"article","og_title":"Lideran\u00e7a inclusiva: o papel dos l\u00edderes no combate ao racismo","og_description":"Explore o conceito e descubra como a lideran\u00e7a inclusiva desempenha um papel crucial no enfrentamento do racismo.","og_url":"https:\/\/metarh.com.br\/metarhnews\/lideranca-inclusiva\/","og_site_name":"METARH +News","article_publisher":"https:\/\/www.facebook.com\/metarhumana","article_author":"https:\/\/www.facebook.com\/metarhconsultoria","article_published_time":"2023-12-04T17:30:36+00:00","article_modified_time":"2026-01-21T18:44:55+00:00","og_image":[{"width":1060,"height":700,"url":"https:\/\/metarh.com.br\/metarhnews\/wp-content\/uploads\/2023\/11\/Lideranca_inclusiva.jpg","type":"image\/jpeg"}],"author":"METARH","twitter_card":"summary_large_image","twitter_creator":"@metarhumana","twitter_site":"@metarhumana","twitter_misc":{"Escrito por":"METARH","Est. tempo de leitura":"8 minutos"},"schema":{"@context":"https:\/\/schema.org","@graph":[{"@type":"Article","@id":"https:\/\/metarh.com.br\/metarhnews\/lideranca-inclusiva\/#article","isPartOf":{"@id":"https:\/\/metarh.com.br\/metarhnews\/lideranca-inclusiva\/"},"author":{"name":"METARH","@id":"https:\/\/metarh.com.br\/metarhnews\/#\/schema\/person\/930900bc40677695dc9df602ec0366d0"},"headline":"Lideran\u00e7a inclusiva: o papel dos l\u00edderes no combate ao racismo","datePublished":"2023-12-04T17:30:36+00:00","dateModified":"2026-01-21T18:44:55+00:00","mainEntityOfPage":{"@id":"https:\/\/metarh.com.br\/metarhnews\/lideranca-inclusiva\/"},"wordCount":1412,"commentCount":0,"publisher":{"@id":"https:\/\/metarh.com.br\/metarhnews\/#organization"},"image":{"@id":"https:\/\/metarh.com.br\/metarhnews\/lideranca-inclusiva\/#primaryimage"},"thumbnailUrl":"https:\/\/metarh.com.br\/metarhnews\/wp-content\/uploads\/2023\/11\/Lideranca_inclusiva.jpg","keywords":["Diversidade"],"articleSection":["6 \u2022 Trilhando +","Aprendizado","DHO","Mat\u00e9rias"],"inLanguage":"pt-BR","potentialAction":[{"@type":"CommentAction","name":"Comment","target":["https:\/\/metarh.com.br\/metarhnews\/lideranca-inclusiva\/#respond"]}],"copyrightYear":"2023","copyrightHolder":{"@id":"https:\/\/metarh.com.br\/metarhnews\/#organization"}},{"@type":"WebPage","@id":"https:\/\/metarh.com.br\/metarhnews\/lideranca-inclusiva\/","url":"https:\/\/metarh.com.br\/metarhnews\/lideranca-inclusiva\/","name":"Lideran\u00e7a inclusiva: o papel dos l\u00edderes no combate ao racismo","isPartOf":{"@id":"https:\/\/metarh.com.br\/metarhnews\/#website"},"primaryImageOfPage":{"@id":"https:\/\/metarh.com.br\/metarhnews\/lideranca-inclusiva\/#primaryimage"},"image":{"@id":"https:\/\/metarh.com.br\/metarhnews\/lideranca-inclusiva\/#primaryimage"},"thumbnailUrl":"https:\/\/metarh.com.br\/metarhnews\/wp-content\/uploads\/2023\/11\/Lideranca_inclusiva.jpg","datePublished":"2023-12-04T17:30:36+00:00","dateModified":"2026-01-21T18:44:55+00:00","description":"Explore o conceito e descubra como a lideran\u00e7a inclusiva desempenha um papel crucial no enfrentamento do racismo.","breadcrumb":{"@id":"https:\/\/metarh.com.br\/metarhnews\/lideranca-inclusiva\/#breadcrumb"},"inLanguage":"pt-BR","potentialAction":[{"@type":"ReadAction","target":["https:\/\/metarh.com.br\/metarhnews\/lideranca-inclusiva\/"]}]},{"@type":"ImageObject","inLanguage":"pt-BR","@id":"https:\/\/metarh.com.br\/metarhnews\/lideranca-inclusiva\/#primaryimage","url":"https:\/\/metarh.com.br\/metarhnews\/wp-content\/uploads\/2023\/11\/Lideranca_inclusiva.jpg","contentUrl":"https:\/\/metarh.com.br\/metarhnews\/wp-content\/uploads\/2023\/11\/Lideranca_inclusiva.jpg","width":1060,"height":700,"caption":"Lideran\u00e7a inclusiva: o papel dos l\u00edderes no combate ao racismo"},{"@type":"BreadcrumbList","@id":"https:\/\/metarh.com.br\/metarhnews\/lideranca-inclusiva\/#breadcrumb","itemListElement":[{"@type":"ListItem","position":1,"name":"In\u00edcio","item":"https:\/\/metarh.com.br\/metarhnews\/"},{"@type":"ListItem","position":2,"name":"Lideran\u00e7a inclusiva: o papel dos l\u00edderes no combate ao racismo"}]},{"@type":"WebSite","@id":"https:\/\/metarh.com.br\/metarhnews\/#website","url":"https:\/\/metarh.com.br\/metarhnews\/","name":"METARH +News","description":"Conte\u00fado focado em Gest\u00e3o de Pessoas","publisher":{"@id":"https:\/\/metarh.com.br\/metarhnews\/#organization"},"potentialAction":[{"@type":"SearchAction","target":{"@type":"EntryPoint","urlTemplate":"https:\/\/metarh.com.br\/metarhnews\/?s={search_term_string}"},"query-input":{"@type":"PropertyValueSpecification","valueRequired":true,"valueName":"search_term_string"}}],"inLanguage":"pt-BR"},{"@type":"Organization","@id":"https:\/\/metarh.com.br\/metarhnews\/#organization","name":"METARH +Humana","url":"https:\/\/metarh.com.br\/metarhnews\/","logo":{"@type":"ImageObject","inLanguage":"pt-BR","@id":"https:\/\/metarh.com.br\/metarhnews\/#\/schema\/logo\/image\/","url":"https:\/\/metarh.com.br\/metarhnews\/wp-content\/uploads\/2025\/02\/METARH-Azul-Horizontal.png","contentUrl":"https:\/\/metarh.com.br\/metarhnews\/wp-content\/uploads\/2025\/02\/METARH-Azul-Horizontal.png","width":1002,"height":303,"caption":"METARH +Humana"},"image":{"@id":"https:\/\/metarh.com.br\/metarhnews\/#\/schema\/logo\/image\/"},"sameAs":["https:\/\/www.facebook.com\/metarhumana","https:\/\/x.com\/metarhumana","https:\/\/www.instagram.com\/metarhumana\/","https:\/\/www.youtube.com\/@metarhumana"]},{"@type":"Person","@id":"https:\/\/metarh.com.br\/metarhnews\/#\/schema\/person\/930900bc40677695dc9df602ec0366d0","name":"METARH","image":{"@type":"ImageObject","inLanguage":"pt-BR","@id":"https:\/\/secure.gravatar.com\/avatar\/e03963382c9576f1c9989940c2d59ebc780df154afc76a079627bbbdb3dcefa1?s=96&d=mm&r=g","url":"https:\/\/secure.gravatar.com\/avatar\/e03963382c9576f1c9989940c2d59ebc780df154afc76a079627bbbdb3dcefa1?s=96&d=mm&r=g","contentUrl":"https:\/\/secure.gravatar.com\/avatar\/e03963382c9576f1c9989940c2d59ebc780df154afc76a079627bbbdb3dcefa1?s=96&d=mm&r=g","caption":"METARH"},"description":"Somos uma consultoria de recursos humanos com mais de 40 anos de mercado, ajudando empresas como a sua a encontrarem o talento certo. Nossos processos s\u00e3o focados no sucesso dos clientes sem deixar de lado a experi\u00eancia positiva das pessoas candidatas.","sameAs":["http:\/\/www.metarh.com.br","https:\/\/www.facebook.com\/metarhconsultoria","https:\/\/www.instagram.com\/metarhconsultoria\/","https:\/\/www.linkedin.com\/company\/metarhconsultoria","http:\/\/youtube.com\/@metarhconsultoria"],"url":"https:\/\/metarh.com.br\/metarhnews\/author\/editorial-metarh\/"}]}},"_links":{"self":[{"href":"https:\/\/metarh.com.br\/metarhnews\/wp-json\/wp\/v2\/posts\/16029","targetHints":{"allow":["GET"]}}],"collection":[{"href":"https:\/\/metarh.com.br\/metarhnews\/wp-json\/wp\/v2\/posts"}],"about":[{"href":"https:\/\/metarh.com.br\/metarhnews\/wp-json\/wp\/v2\/types\/post"}],"author":[{"embeddable":true,"href":"https:\/\/metarh.com.br\/metarhnews\/wp-json\/wp\/v2\/users\/4"}],"replies":[{"embeddable":true,"href":"https:\/\/metarh.com.br\/metarhnews\/wp-json\/wp\/v2\/comments?post=16029"}],"version-history":[{"count":3,"href":"https:\/\/metarh.com.br\/metarhnews\/wp-json\/wp\/v2\/posts\/16029\/revisions"}],"predecessor-version":[{"id":16855,"href":"https:\/\/metarh.com.br\/metarhnews\/wp-json\/wp\/v2\/posts\/16029\/revisions\/16855"}],"wp:featuredmedia":[{"embeddable":true,"href":"https:\/\/metarh.com.br\/metarhnews\/wp-json\/wp\/v2\/media\/16030"}],"wp:attachment":[{"href":"https:\/\/metarh.com.br\/metarhnews\/wp-json\/wp\/v2\/media?parent=16029"}],"wp:term":[{"taxonomy":"category","embeddable":true,"href":"https:\/\/metarh.com.br\/metarhnews\/wp-json\/wp\/v2\/categories?post=16029"},{"taxonomy":"post_tag","embeddable":true,"href":"https:\/\/metarh.com.br\/metarhnews\/wp-json\/wp\/v2\/tags?post=16029"}],"curies":[{"name":"wp","href":"https:\/\/api.w.org\/{rel}","templated":true}]}}