{"id":16076,"date":"2024-01-18T09:10:47","date_gmt":"2024-01-18T12:10:47","guid":{"rendered":"https:\/\/metarh.com.br\/metarhnews\/?p=16076"},"modified":"2026-01-20T10:55:28","modified_gmt":"2026-01-20T13:55:28","slug":"tendencias-diversidade","status":"publish","type":"post","link":"https:\/\/metarh.com.br\/metarhnews\/tendencias-diversidade\/","title":{"rendered":"8 tend\u00eancias em Diversidade, Equidade e Inclus\u00e3o para 2024"},"content":{"rendered":"\n<p>A cria\u00e7\u00e3o de culturas organizacionais mais diversas e inclusivas cresceu bastante nos \u00faltimos anos. Mas, ainda que avan\u00e7os importantes tenham sido alcan\u00e7ados, h\u00e1 sempre novas <strong>tend\u00eancias em diversidade, equidade e inclus\u00e3o <\/strong>despontando no horizonte.&nbsp;<\/p>\n\n\n\n<p>\u00c9 importante dizer que essas tend\u00eancias n\u00e3o surgem do absoluto nada: elas s\u00e3o um reflexo direto das din\u00e2micas sociais, das novas demandas das pessoas colaboradoras e das expectativas cada vez mais complexas do mercado consumidor.&nbsp;<\/p>\n\n\n\n<p>Em meio a esse cen\u00e1rio, a capacidade de adapta\u00e7\u00e3o das empresas torna-se n\u00e3o apenas uma necessidade \u00e9tica, mas tamb\u00e9m uma estrat\u00e9gia vital para o sucesso organizacional no longo prazo.<\/p>\n\n\n\n<p>Por esse motivo, hoje convidamos voc\u00ea a refletir com a gente sobre as mudan\u00e7as que moldar\u00e3o a agenda de DE&amp;I em 2024. Vamos juntos!<\/p>\n\n\n\n<h2 class=\"wp-block-heading\" id=\"h-por-que-e-importante-continuar-investindo-em-de-amp-i\"><strong>Por que \u00e9 importante continuar investindo em DE&amp;I?<\/strong><\/h2>\n\n\n\n<p>Antes de explorarmos as principais tend\u00eancias em diversidade, equidade e inclus\u00e3o para 2024, n\u00e3o poder\u00edamos deixar de destacar por que essa \u00e9 uma pauta que segue demandando aten\u00e7\u00e3o.<\/p>\n\n\n\n<p>De modo geral, se comprometer em criar ambientes de trabalho mais diversos e inclusivos tende a trazer in\u00fameros benef\u00edcios para neg\u00f3cios e pessoas.&nbsp;<\/p>\n\n\n\n<p>Al\u00e9m de <strong>reduzir as desigualdades sociais, contribuindo assim para a constru\u00e7\u00e3o uma sociedade mais justa e igualit\u00e1ria<\/strong>, essa \u00e9 uma conduta que tamb\u00e9m:<\/p>\n\n\n\n<ul class=\"wp-block-list\">\n<li>Fomenta a inova\u00e7\u00e3o e a criatividade;<\/li>\n\n\n\n<li>Aumenta o desempenho organizacional;<\/li>\n\n\n\n<li>Promove o bem-estar das pessoas colaboradoras;<\/li>\n\n\n\n<li>Melhora a atra\u00e7\u00e3o e a reten\u00e7\u00e3o de talentos qualificados;<\/li>\n\n\n\n<li>Fortalece a reputa\u00e7\u00e3o corporativa.<\/li>\n<\/ul>\n\n\n\n<h2 class=\"wp-block-heading\" id=\"h-principais-tendencias-em-de-amp-i-para-acompanhar-em-2024\"><strong>Principais tend\u00eancias em DE&amp;I para acompanhar em 2024<\/strong><\/h2>\n\n\n\n<p>Na medida em que a conscientiza\u00e7\u00e3o sobre as pautas de DE&amp;I cresce e que o imenso valor delas se torna mais evidente, diversas tend\u00eancias emergem, moldando o futuro do trabalho e redefinindo os padr\u00f5es de lideran\u00e7a.<\/p>\n\n\n\n<p>Dito isso, vamos aos t\u00f3picos que prometem ganhar for\u00e7a em 2024:<\/p>\n\n\n\n<ol class=\"wp-block-list\">\n<li><strong>Uso da IA em prol da diversidade<\/strong><\/li>\n<\/ol>\n\n\n\n<p>Conforme a tecnologia avan\u00e7a, seu papel na promo\u00e7\u00e3o da diversidade e inclus\u00e3o tamb\u00e9m se torna cada vez mais evidente.&nbsp;<\/p>\n\n\n\n<p>Em 2024, por exemplo, a expectativa \u00e9 de que as discuss\u00f5es sobre o uso e refinamento da Intelig\u00eancia Artificial (IA) cres\u00e7am.&nbsp;<\/p>\n\n\n\n<p>Afinal, se bem constru\u00edda, essa \u00e9 uma ferramenta que pode desde mitigar os preconceitos e vieses inconscientes no recrutamento at\u00e9 favorecer o uso da linguagem inclusiva no ambiente de trabalho e a identifica\u00e7\u00e3o de lacunas de diversidade.<\/p>\n\n\n\n<ol start=\"2\" class=\"wp-block-list\">\n<li><strong>Personaliza\u00e7\u00e3o do Employee Experience<\/strong><\/li>\n<\/ol>\n\n\n\n<p>N\u00e3o \u00e9 de hoje que as estrat\u00e9gias de Employee Experience \u2013 ou Experi\u00eancia do Colaborador \u2013 t\u00eam ajudado as empresas a melhorarem a atra\u00e7\u00e3o, o engajamento e a reten\u00e7\u00e3o de talentos.<\/p>\n\n\n\n<p>Mas, partindo da compreens\u00e3o de que cada pessoa colaboradora \u00e9 \u00fanica, a pr\u00f3xima onda nesse campo \u00e9 a ado\u00e7\u00e3o de abordagens personalizadas, que atendam \u00e0s necessidades espec\u00edficas de cada membro da equipe.<\/p>\n\n\n\n<p>Vale dizer que essa abordagem personalizada pode e deve abranger diversos aspectos, indo desde a elabora\u00e7\u00e3o de programas de treinamento at\u00e9 a revis\u00e3o das pol\u00edticas de benef\u00edcios.&nbsp;<\/p>\n\n\n\n<p>O objetivo central \u00e9 criar um ambiente de trabalho em que todas as pessoas se sintam genuinamente valorizadas e apoiadas em sua trajet\u00f3ria profissional.&nbsp;<\/p>\n\n\n\n<figure class=\"wp-block-image size-large\"><a href=\"https:\/\/metarh.com.br\/de&amp;i\/\" target=\"_blank\" rel=\"noreferrer noopener\"><img fetchpriority=\"high\" decoding=\"async\" width=\"1024\" height=\"535\" src=\"https:\/\/metarh.com.br\/metarhnews\/wp-content\/uploads\/2023\/04\/LINKEDIN-B2B-DEI-sem-botao-1024x535.png\" alt=\"Vagas afirmativas\" class=\"wp-image-14779\" srcset=\"https:\/\/metarh.com.br\/metarhnews\/wp-content\/uploads\/2023\/04\/LINKEDIN-B2B-DEI-sem-botao-1024x535.png 1024w, https:\/\/metarh.com.br\/metarhnews\/wp-content\/uploads\/2023\/04\/LINKEDIN-B2B-DEI-sem-botao-300x157.png 300w, https:\/\/metarh.com.br\/metarhnews\/wp-content\/uploads\/2023\/04\/LINKEDIN-B2B-DEI-sem-botao-768x401.png 768w, https:\/\/metarh.com.br\/metarhnews\/wp-content\/uploads\/2023\/04\/LINKEDIN-B2B-DEI-sem-botao-600x314.png 600w, https:\/\/metarh.com.br\/metarhnews\/wp-content\/uploads\/2023\/04\/LINKEDIN-B2B-DEI-sem-botao.png 1200w\" sizes=\"(max-width: 1024px) 100vw, 1024px\" \/><\/a><\/figure>\n\n\n\n<ol start=\"3\" class=\"wp-block-list\">\n<li><strong>Diversidade Geracional<\/strong><\/li>\n<\/ol>\n\n\n\n<p>At\u00e9 2025, estima-se que a gera\u00e7\u00e3o Z ir\u00e1 representar 27% da for\u00e7a de trabalho mundial. Em contrapartida, a <a href=\"https:\/\/noticias.portaldaindustria.com.br\/noticias\/trabalho\/aumenta-a-participacao-dos-profissionais-com-mais-de-50-anos-no-mercado-de-trabalho\/\">participa\u00e7\u00e3o de profissionais 50+ no mercado de trabalho brasileiro dobrou<\/a> nos \u00faltimos 15 anos.<\/p>\n\n\n\n<p>Os n\u00fameros evidenciam que a compreens\u00e3o e gest\u00e3o da <a href=\"https:\/\/metarh.com.br\/metarhnews\/diversidade-geracional-trabalho\/\">diversidade geracional<\/a> se tornar\u00e3o assuntos cada vez mais urgentes.&nbsp;<\/p>\n\n\n\n<p>O que, por sua vez, posiciona a constru\u00e7\u00e3o de <strong>iniciativas que promovam a troca de conhecimentos entre gera\u00e7\u00f5es <\/strong>como uma das grandes tend\u00eancias em diversidade para 2024.<\/p>\n\n\n\n<ol start=\"4\" class=\"wp-block-list\">\n<li><strong>Equidade de G\u00eanero<\/strong><\/li>\n<\/ol>\n\n\n\n<p>A busca pela equidade de g\u00eanero tamb\u00e9m \u00e9 uma das tend\u00eancias em diversidade que seguir\u00e3o firmes neste novo ano.&nbsp;<\/p>\n\n\n\n<p>O destaque, aqui, fica por conta da implementa\u00e7\u00e3o de pol\u00edticas e pr\u00e1ticas para eliminar disparidades salariais, promover a igualdade de oportunidades na lideran\u00e7a e criar ambientes onde todas as identidades de g\u00eanero s\u00e3o respeitadas.&nbsp;<\/p>\n\n\n\n<p>Para impulsionar essa busca, recentemente o Governo Federal sancionou a &nbsp;<a href=\"https:\/\/www.planalto.gov.br\/ccivil_03\/_ato2023-2026\/2023\/lei\/L14611.htm\"><strong>Lei n\u00ba 14.611<\/strong><\/a>, que estabelece a obrigatoriedade de igualdade salarial entre mulheres e homens.<\/p>\n\n\n\n<ol start=\"5\" class=\"wp-block-list\">\n<li><strong>Desenvolvimento cont\u00ednuo<\/strong><\/li>\n<\/ol>\n\n\n\n<p>A aprendizagem ao longo da vida \u00e9 outro pilar que deve se destacar nas estrat\u00e9gias de DE&amp;I nos pr\u00f3ximos anos.&nbsp;<\/p>\n\n\n\n<p>A tend\u00eancia \u00e9 que as empresas sigam investindo em programas de desenvolvimento cont\u00ednuo, como forma de garantir que todas as pessoas colaboradoras tenham a oportunidade de crescer profissionalmente, independentemente de sua posi\u00e7\u00e3o ou hist\u00f3rico.&nbsp;<\/p>\n\n\n\n<ol start=\"6\" class=\"wp-block-list\">\n<li><strong>Conscientiza\u00e7\u00e3o da lideran\u00e7a<\/strong><\/li>\n<\/ol>\n\n\n\n<p>L\u00edderes que n\u00e3o se importam com a DE&amp;I enfrentar\u00e3o cada vez mais dificuldades para reter profissionais de alto desempenho, principalmente aqueles que pertencem \u00e0s gera\u00e7\u00f5es mais jovens.<\/p>\n\n\n\n<p>Justamente por esse motivo, a conscientiza\u00e7\u00e3o da lideran\u00e7a continuar\u00e1 sendo uma prioridade entre as tend\u00eancias em diversidade, equidade e inclus\u00e3o para 2024.&nbsp;<\/p>\n\n\n\n<p>Entre as iniciativas que ganham for\u00e7a nesta frente, destacam-se os programas de treinamento e desenvolvimento espec\u00edficos, que visam aprimorar a consci\u00eancia sobre vieses, promover a empatia e capacitar os l\u00edderes a criar culturas organizacionais verdadeiramente inclusivas.<\/p>\n\n\n\n<ol start=\"7\" class=\"wp-block-list\">\n<li><strong>Escolha estrat\u00e9gica de fornecedores<\/strong><\/li>\n<\/ol>\n\n\n\n<p>Outro grande enfoque das organiza\u00e7\u00f5es em 2024 ser\u00e1 estender os princ\u00edpios da DE&amp;I para al\u00e9m das fronteiras organizacionais. Essa iniciativa implica, principalmente, alinhar as cadeias de suprimentos a fornecedores que tamb\u00e9m demonstrem compromisso com pr\u00e1ticas \u00e9ticas e inclusivas.&nbsp;<\/p>\n\n\n\n<p>Dessa forma, as empresas n\u00e3o apenas refor\u00e7am sua pr\u00f3pria cadeia de valores, mas tamb\u00e9m desempenham um papel significativo na promo\u00e7\u00e3o de mudan\u00e7as positivas em comunidades mais amplas.<\/p>\n\n\n\n<ol start=\"8\" class=\"wp-block-list\">\n<li><strong>Fortalecimento dos grupos de DE&amp;I<\/strong><\/li>\n<\/ol>\n\n\n\n<p>Os grupos de DE&amp;I desempenham um papel crucial na promo\u00e7\u00e3o da conscientiza\u00e7\u00e3o e na defesa de mudan\u00e7as sist\u00eamicas.&nbsp;<\/p>\n\n\n\n<p>N\u00e3o por acaso, tudo indica que em 2024 as empresas seguir\u00e3o investindo na expans\u00e3o e fortalecimento deles, proporcionando mais recursos, espa\u00e7o para di\u00e1logo e influ\u00eancia nas decis\u00f5es organizacionais.&nbsp;<\/p>\n\n\n\n<figure class=\"wp-block-image size-large\"><a href=\"https:\/\/conteudo.metarh.com.br\/inclusao-em-acao\" target=\"_blank\" rel=\"noreferrer noopener\"><img decoding=\"async\" width=\"1024\" height=\"377\" src=\"https:\/\/metarh.com.br\/metarhnews\/wp-content\/uploads\/2023\/10\/E-book_Inclusao-em-Acao-1024x377.jpg\" alt=\"\" class=\"wp-image-15991\" srcset=\"https:\/\/metarh.com.br\/metarhnews\/wp-content\/uploads\/2023\/10\/E-book_Inclusao-em-Acao-1024x377.jpg 1024w, https:\/\/metarh.com.br\/metarhnews\/wp-content\/uploads\/2023\/10\/E-book_Inclusao-em-Acao-300x110.jpg 300w, https:\/\/metarh.com.br\/metarhnews\/wp-content\/uploads\/2023\/10\/E-book_Inclusao-em-Acao-768x283.jpg 768w, https:\/\/metarh.com.br\/metarhnews\/wp-content\/uploads\/2023\/10\/E-book_Inclusao-em-Acao-1536x565.jpg 1536w, https:\/\/metarh.com.br\/metarhnews\/wp-content\/uploads\/2023\/10\/E-book_Inclusao-em-Acao.jpg 1900w\" sizes=\"(max-width: 1024px) 100vw, 1024px\" \/><\/a><\/figure>\n\n\n\n<h2 class=\"wp-block-heading\" id=\"h-consideracoes-finais\"><strong>Considera\u00e7\u00f5es finais<\/strong><\/h2>\n\n\n\n<p>A busca constante pela equidade, diversidade e inclus\u00e3o n\u00e3o \u00e9 apenas uma responsabilidade \u00e9tica, mas uma estrat\u00e9gia inteligente que fortalece a resili\u00eancia, a inova\u00e7\u00e3o e o desempenho global das organiza\u00e7\u00f5es.<\/p>\n\n\n\n<p>Por isso, esperamos que, ao longo de 2024, as pr\u00e1ticas apresentadas acima deixem de ser apenas tend\u00eancias moment\u00e2neas para se tornarem parte integrante da sua cultura corporativa!<\/p>\n\n\n\n<h2 class=\"wp-block-heading\" id=\"h-conte-com-a-metarh-nessa-jornada\"><strong>Conte com a METARH nessa jornada<\/strong><\/h2>\n\n\n\n<p>Est\u00e1 em nosso prop\u00f3sito como empresa promover um ambiente de trabalho mais justo e agregador. E a nossa busca interna por uma empresa mais inclusiva, nos possibilitou a cria\u00e7\u00e3o da&nbsp;solu\u00e7\u00e3o DE&amp;I.<\/p>\n\n\n\n<p>Al\u00e9m dos aspectos sociais, podemos oferecer aos nossos clientes a inova\u00e7\u00e3o e a criatividade que s\u00e3o inerentes \u00e0s equipes diversas. Se a sua empresa compartilha desta ideia conosco, clique no bot\u00e3o abaixo e aguarde o contato da nossa equipe!<\/p>\n\n\n\n<div class=\"wp-block-buttons is-content-justification-center is-layout-flex wp-container-core-buttons-is-layout-16018d1d wp-block-buttons-is-layout-flex\">\n<div class=\"wp-block-button\"><a class=\"wp-block-button__link wp-element-button\" href=\"https:\/\/metarh.com.br\/contato-materiais-ricos\" style=\"border-radius:100px;padding-top:var(--wp--preset--spacing--30);padding-right:var(--wp--preset--spacing--30);padding-bottom:var(--wp--preset--spacing--30);padding-left:var(--wp--preset--spacing--30)\">QUERO FALAR COM ESPECIALISTAS<\/a><\/div>\n<\/div>\n\n\n\n<figure class=\"wp-block-embed is-type-wp-embed is-provider-metarh-news wp-block-embed-metarh-news\"><div class=\"wp-block-embed__wrapper\">\n<blockquote class=\"wp-embedded-content\" data-secret=\"ccGrerFZz6\"><a href=\"https:\/\/metarh.com.br\/metarhnews\/acoes-de-endomarketing\/\">O poder das datas comemorativas nas a\u00e7\u00f5es de endomarketing<\/a><\/blockquote><iframe class=\"wp-embedded-content\" sandbox=\"allow-scripts\" security=\"restricted\" style=\"position: absolute; visibility: hidden;\" title=\"&#8220;O poder das datas comemorativas nas a\u00e7\u00f5es de endomarketing&#8221; &#8212; METARH +News\" src=\"https:\/\/metarh.com.br\/metarhnews\/acoes-de-endomarketing\/embed\/#?secret=39btrahqcO#?secret=ccGrerFZz6\" data-secret=\"ccGrerFZz6\" width=\"600\" height=\"338\" frameborder=\"0\" marginwidth=\"0\" marginheight=\"0\" scrolling=\"no\"><\/iframe>\n<\/div><\/figure>\n<div style=\"margin-top: 0px; margin-bottom: 0px;\" class=\"sharethis-inline-share-buttons\" ><\/div>","protected":false},"excerpt":{"rendered":"<p>A cria\u00e7\u00e3o de culturas organizacionais mais diversas e inclusivas cresceu bastante nos \u00faltimos anos. Mas, ainda que avan\u00e7os importantes tenham sido alcan\u00e7ados, h\u00e1 sempre novas tend\u00eancias em diversidade, equidade e inclus\u00e3o despontando no horizonte.&nbsp; \u00c9 importante dizer que essas tend\u00eancias n\u00e3o surgem do absoluto nada: elas s\u00e3o um reflexo direto das din\u00e2micas sociais, das novas&#8230;<\/p>\n","protected":false},"author":4,"featured_media":16077,"comment_status":"open","ping_status":"open","sticky":false,"template":"","format":"standard","meta":{"_kadence_starter_templates_imported_post":false,"_kad_post_transparent":"","_kad_post_title":"","_kad_post_layout":"","_kad_post_sidebar_id":"","_kad_post_content_style":"","_kad_post_vertical_padding":"","_kad_post_feature":"","_kad_post_feature_position":"","_kad_post_header":false,"_kad_post_footer":false,"_kad_post_classname":"","footnotes":""},"categories":[162,164,3,2,132],"tags":[44],"class_list":["post-16076","post","type-post","status-publish","format-standard","has-post-thumbnail","hentry","category-trilhando-mais","category-aprendizado-em-rh","category-dicas","category-materias","category-tendencias","tag-diversidade"],"yoast_head":"<!-- This site is optimized with the Yoast SEO Premium plugin v26.6 (Yoast SEO v27.5) - https:\/\/yoast.com\/product\/yoast-seo-premium-wordpress\/ -->\n<title>8 tend\u00eancias em Diversidade, Equidade e Inclus\u00e3o para 2024<\/title>\n<meta name=\"robots\" content=\"index, follow, max-snippet:-1, max-image-preview:large, max-video-preview:-1\" \/>\n<link rel=\"canonical\" href=\"https:\/\/metarh.com.br\/metarhnews\/tendencias-diversidade\/\" \/>\n<meta property=\"og:locale\" content=\"pt_BR\" \/>\n<meta property=\"og:type\" content=\"article\" \/>\n<meta property=\"og:title\" content=\"8 tend\u00eancias em Diversidade, Equidade e Inclus\u00e3o para 2024\" \/>\n<meta property=\"og:description\" content=\"A cria\u00e7\u00e3o de culturas organizacionais mais diversas e inclusivas cresceu bastante nos \u00faltimos anos. Mas, ainda que avan\u00e7os importantes tenham sido alcan\u00e7ados, h\u00e1 sempre novas tend\u00eancias em diversidade, equidade e inclus\u00e3o despontando no horizonte.&nbsp; \u00c9 importante dizer que essas tend\u00eancias n\u00e3o surgem do absoluto nada: elas s\u00e3o um reflexo direto das din\u00e2micas sociais, das novas...\" \/>\n<meta property=\"og:url\" content=\"https:\/\/metarh.com.br\/metarhnews\/tendencias-diversidade\/\" \/>\n<meta property=\"og:site_name\" content=\"METARH +News\" \/>\n<meta property=\"article:publisher\" content=\"https:\/\/www.facebook.com\/metarhumana\" \/>\n<meta property=\"article:author\" content=\"https:\/\/www.facebook.com\/metarhconsultoria\" \/>\n<meta property=\"article:published_time\" content=\"2024-01-18T12:10:47+00:00\" \/>\n<meta property=\"article:modified_time\" content=\"2026-01-20T13:55:28+00:00\" \/>\n<meta property=\"og:image\" content=\"https:\/\/metarh.com.br\/metarhnews\/wp-content\/uploads\/2024\/01\/8_tendencias_em_Diversidade.jpg\" \/>\n\t<meta property=\"og:image:width\" content=\"1060\" \/>\n\t<meta property=\"og:image:height\" content=\"700\" \/>\n\t<meta property=\"og:image:type\" content=\"image\/jpeg\" \/>\n<meta name=\"author\" content=\"METARH\" \/>\n<meta name=\"twitter:card\" content=\"summary_large_image\" \/>\n<meta name=\"twitter:creator\" content=\"@metarhumana\" \/>\n<meta name=\"twitter:site\" content=\"@metarhumana\" \/>\n<meta name=\"twitter:label1\" content=\"Escrito por\" \/>\n\t<meta name=\"twitter:data1\" content=\"METARH\" \/>\n\t<meta name=\"twitter:label2\" content=\"Est. tempo de leitura\" \/>\n\t<meta name=\"twitter:data2\" content=\"7 minutos\" \/>\n<script type=\"application\/ld+json\" class=\"yoast-schema-graph\">{\"@context\":\"https:\\\/\\\/schema.org\",\"@graph\":[{\"@type\":\"Article\",\"@id\":\"https:\\\/\\\/metarh.com.br\\\/metarhnews\\\/tendencias-diversidade\\\/#article\",\"isPartOf\":{\"@id\":\"https:\\\/\\\/metarh.com.br\\\/metarhnews\\\/tendencias-diversidade\\\/\"},\"author\":{\"name\":\"METARH\",\"@id\":\"https:\\\/\\\/metarh.com.br\\\/metarhnews\\\/#\\\/schema\\\/person\\\/930900bc40677695dc9df602ec0366d0\"},\"headline\":\"8 tend\u00eancias em Diversidade, Equidade e Inclus\u00e3o para 2024\",\"datePublished\":\"2024-01-18T12:10:47+00:00\",\"dateModified\":\"2026-01-20T13:55:28+00:00\",\"mainEntityOfPage\":{\"@id\":\"https:\\\/\\\/metarh.com.br\\\/metarhnews\\\/tendencias-diversidade\\\/\"},\"wordCount\":1221,\"commentCount\":0,\"publisher\":{\"@id\":\"https:\\\/\\\/metarh.com.br\\\/metarhnews\\\/#organization\"},\"image\":{\"@id\":\"https:\\\/\\\/metarh.com.br\\\/metarhnews\\\/tendencias-diversidade\\\/#primaryimage\"},\"thumbnailUrl\":\"https:\\\/\\\/metarh.com.br\\\/metarhnews\\\/wp-content\\\/uploads\\\/2024\\\/01\\\/8_tendencias_em_Diversidade.jpg\",\"keywords\":[\"Diversidade\"],\"articleSection\":[\"6 \u2022 Trilhando +\",\"Aprendizado\",\"Dicas\",\"Mat\u00e9rias\",\"Tend\u00eancias\"],\"inLanguage\":\"pt-BR\",\"potentialAction\":[{\"@type\":\"CommentAction\",\"name\":\"Comment\",\"target\":[\"https:\\\/\\\/metarh.com.br\\\/metarhnews\\\/tendencias-diversidade\\\/#respond\"]}],\"copyrightYear\":\"2024\",\"copyrightHolder\":{\"@id\":\"https:\\\/\\\/metarh.com.br\\\/metarhnews\\\/#organization\"}},{\"@type\":\"WebPage\",\"@id\":\"https:\\\/\\\/metarh.com.br\\\/metarhnews\\\/tendencias-diversidade\\\/\",\"url\":\"https:\\\/\\\/metarh.com.br\\\/metarhnews\\\/tendencias-diversidade\\\/\",\"name\":\"8 tend\u00eancias em Diversidade, Equidade e Inclus\u00e3o para 2024\",\"isPartOf\":{\"@id\":\"https:\\\/\\\/metarh.com.br\\\/metarhnews\\\/#website\"},\"primaryImageOfPage\":{\"@id\":\"https:\\\/\\\/metarh.com.br\\\/metarhnews\\\/tendencias-diversidade\\\/#primaryimage\"},\"image\":{\"@id\":\"https:\\\/\\\/metarh.com.br\\\/metarhnews\\\/tendencias-diversidade\\\/#primaryimage\"},\"thumbnailUrl\":\"https:\\\/\\\/metarh.com.br\\\/metarhnews\\\/wp-content\\\/uploads\\\/2024\\\/01\\\/8_tendencias_em_Diversidade.jpg\",\"datePublished\":\"2024-01-18T12:10:47+00:00\",\"dateModified\":\"2026-01-20T13:55:28+00:00\",\"breadcrumb\":{\"@id\":\"https:\\\/\\\/metarh.com.br\\\/metarhnews\\\/tendencias-diversidade\\\/#breadcrumb\"},\"inLanguage\":\"pt-BR\",\"potentialAction\":[{\"@type\":\"ReadAction\",\"target\":[\"https:\\\/\\\/metarh.com.br\\\/metarhnews\\\/tendencias-diversidade\\\/\"]}]},{\"@type\":\"ImageObject\",\"inLanguage\":\"pt-BR\",\"@id\":\"https:\\\/\\\/metarh.com.br\\\/metarhnews\\\/tendencias-diversidade\\\/#primaryimage\",\"url\":\"https:\\\/\\\/metarh.com.br\\\/metarhnews\\\/wp-content\\\/uploads\\\/2024\\\/01\\\/8_tendencias_em_Diversidade.jpg\",\"contentUrl\":\"https:\\\/\\\/metarh.com.br\\\/metarhnews\\\/wp-content\\\/uploads\\\/2024\\\/01\\\/8_tendencias_em_Diversidade.jpg\",\"width\":1060,\"height\":700,\"caption\":\"tend\u00eancias em Diversidade\"},{\"@type\":\"BreadcrumbList\",\"@id\":\"https:\\\/\\\/metarh.com.br\\\/metarhnews\\\/tendencias-diversidade\\\/#breadcrumb\",\"itemListElement\":[{\"@type\":\"ListItem\",\"position\":1,\"name\":\"In\u00edcio\",\"item\":\"https:\\\/\\\/metarh.com.br\\\/metarhnews\\\/\"},{\"@type\":\"ListItem\",\"position\":2,\"name\":\"8 tend\u00eancias em Diversidade, Equidade e Inclus\u00e3o para 2024\"}]},{\"@type\":\"WebSite\",\"@id\":\"https:\\\/\\\/metarh.com.br\\\/metarhnews\\\/#website\",\"url\":\"https:\\\/\\\/metarh.com.br\\\/metarhnews\\\/\",\"name\":\"METARH +News\",\"description\":\"Conte\u00fado focado em Gest\u00e3o de Pessoas\",\"publisher\":{\"@id\":\"https:\\\/\\\/metarh.com.br\\\/metarhnews\\\/#organization\"},\"potentialAction\":[{\"@type\":\"SearchAction\",\"target\":{\"@type\":\"EntryPoint\",\"urlTemplate\":\"https:\\\/\\\/metarh.com.br\\\/metarhnews\\\/?s={search_term_string}\"},\"query-input\":{\"@type\":\"PropertyValueSpecification\",\"valueRequired\":true,\"valueName\":\"search_term_string\"}}],\"inLanguage\":\"pt-BR\"},{\"@type\":\"Organization\",\"@id\":\"https:\\\/\\\/metarh.com.br\\\/metarhnews\\\/#organization\",\"name\":\"METARH +Humana\",\"url\":\"https:\\\/\\\/metarh.com.br\\\/metarhnews\\\/\",\"logo\":{\"@type\":\"ImageObject\",\"inLanguage\":\"pt-BR\",\"@id\":\"https:\\\/\\\/metarh.com.br\\\/metarhnews\\\/#\\\/schema\\\/logo\\\/image\\\/\",\"url\":\"https:\\\/\\\/metarh.com.br\\\/metarhnews\\\/wp-content\\\/uploads\\\/2025\\\/02\\\/METARH-Azul-Horizontal.png\",\"contentUrl\":\"https:\\\/\\\/metarh.com.br\\\/metarhnews\\\/wp-content\\\/uploads\\\/2025\\\/02\\\/METARH-Azul-Horizontal.png\",\"width\":1002,\"height\":303,\"caption\":\"METARH +Humana\"},\"image\":{\"@id\":\"https:\\\/\\\/metarh.com.br\\\/metarhnews\\\/#\\\/schema\\\/logo\\\/image\\\/\"},\"sameAs\":[\"https:\\\/\\\/www.facebook.com\\\/metarhumana\",\"https:\\\/\\\/x.com\\\/metarhumana\",\"https:\\\/\\\/www.instagram.com\\\/metarhumana\\\/\",\"https:\\\/\\\/www.youtube.com\\\/@metarhumana\"]},{\"@type\":\"Person\",\"@id\":\"https:\\\/\\\/metarh.com.br\\\/metarhnews\\\/#\\\/schema\\\/person\\\/930900bc40677695dc9df602ec0366d0\",\"name\":\"METARH\",\"image\":{\"@type\":\"ImageObject\",\"inLanguage\":\"pt-BR\",\"@id\":\"https:\\\/\\\/secure.gravatar.com\\\/avatar\\\/e03963382c9576f1c9989940c2d59ebc780df154afc76a079627bbbdb3dcefa1?s=96&d=mm&r=g\",\"url\":\"https:\\\/\\\/secure.gravatar.com\\\/avatar\\\/e03963382c9576f1c9989940c2d59ebc780df154afc76a079627bbbdb3dcefa1?s=96&d=mm&r=g\",\"contentUrl\":\"https:\\\/\\\/secure.gravatar.com\\\/avatar\\\/e03963382c9576f1c9989940c2d59ebc780df154afc76a079627bbbdb3dcefa1?s=96&d=mm&r=g\",\"caption\":\"METARH\"},\"description\":\"Somos uma consultoria de recursos humanos com mais de 40 anos de mercado, ajudando empresas como a sua a encontrarem o talento certo. Nossos processos s\u00e3o focados no sucesso dos clientes sem deixar de lado a experi\u00eancia positiva das pessoas candidatas.\",\"sameAs\":[\"http:\\\/\\\/www.metarh.com.br\",\"https:\\\/\\\/www.facebook.com\\\/metarhconsultoria\",\"https:\\\/\\\/www.instagram.com\\\/metarhconsultoria\\\/\",\"https:\\\/\\\/www.linkedin.com\\\/company\\\/metarhconsultoria\",\"http:\\\/\\\/youtube.com\\\/@metarhconsultoria\"],\"url\":\"https:\\\/\\\/metarh.com.br\\\/metarhnews\\\/author\\\/editorial-metarh\\\/\"}]}<\/script>\n<!-- \/ Yoast SEO Premium plugin. -->","yoast_head_json":{"title":"8 tend\u00eancias em Diversidade, Equidade e Inclus\u00e3o para 2024","robots":{"index":"index","follow":"follow","max-snippet":"max-snippet:-1","max-image-preview":"max-image-preview:large","max-video-preview":"max-video-preview:-1"},"canonical":"https:\/\/metarh.com.br\/metarhnews\/tendencias-diversidade\/","og_locale":"pt_BR","og_type":"article","og_title":"8 tend\u00eancias em Diversidade, Equidade e Inclus\u00e3o para 2024","og_description":"A cria\u00e7\u00e3o de culturas organizacionais mais diversas e inclusivas cresceu bastante nos \u00faltimos anos. Mas, ainda que avan\u00e7os importantes tenham sido alcan\u00e7ados, h\u00e1 sempre novas tend\u00eancias em diversidade, equidade e inclus\u00e3o despontando no horizonte.&nbsp; \u00c9 importante dizer que essas tend\u00eancias n\u00e3o surgem do absoluto nada: elas s\u00e3o um reflexo direto das din\u00e2micas sociais, das novas...","og_url":"https:\/\/metarh.com.br\/metarhnews\/tendencias-diversidade\/","og_site_name":"METARH +News","article_publisher":"https:\/\/www.facebook.com\/metarhumana","article_author":"https:\/\/www.facebook.com\/metarhconsultoria","article_published_time":"2024-01-18T12:10:47+00:00","article_modified_time":"2026-01-20T13:55:28+00:00","og_image":[{"width":1060,"height":700,"url":"https:\/\/metarh.com.br\/metarhnews\/wp-content\/uploads\/2024\/01\/8_tendencias_em_Diversidade.jpg","type":"image\/jpeg"}],"author":"METARH","twitter_card":"summary_large_image","twitter_creator":"@metarhumana","twitter_site":"@metarhumana","twitter_misc":{"Escrito por":"METARH","Est. tempo de leitura":"7 minutos"},"schema":{"@context":"https:\/\/schema.org","@graph":[{"@type":"Article","@id":"https:\/\/metarh.com.br\/metarhnews\/tendencias-diversidade\/#article","isPartOf":{"@id":"https:\/\/metarh.com.br\/metarhnews\/tendencias-diversidade\/"},"author":{"name":"METARH","@id":"https:\/\/metarh.com.br\/metarhnews\/#\/schema\/person\/930900bc40677695dc9df602ec0366d0"},"headline":"8 tend\u00eancias em Diversidade, Equidade e Inclus\u00e3o para 2024","datePublished":"2024-01-18T12:10:47+00:00","dateModified":"2026-01-20T13:55:28+00:00","mainEntityOfPage":{"@id":"https:\/\/metarh.com.br\/metarhnews\/tendencias-diversidade\/"},"wordCount":1221,"commentCount":0,"publisher":{"@id":"https:\/\/metarh.com.br\/metarhnews\/#organization"},"image":{"@id":"https:\/\/metarh.com.br\/metarhnews\/tendencias-diversidade\/#primaryimage"},"thumbnailUrl":"https:\/\/metarh.com.br\/metarhnews\/wp-content\/uploads\/2024\/01\/8_tendencias_em_Diversidade.jpg","keywords":["Diversidade"],"articleSection":["6 \u2022 Trilhando +","Aprendizado","Dicas","Mat\u00e9rias","Tend\u00eancias"],"inLanguage":"pt-BR","potentialAction":[{"@type":"CommentAction","name":"Comment","target":["https:\/\/metarh.com.br\/metarhnews\/tendencias-diversidade\/#respond"]}],"copyrightYear":"2024","copyrightHolder":{"@id":"https:\/\/metarh.com.br\/metarhnews\/#organization"}},{"@type":"WebPage","@id":"https:\/\/metarh.com.br\/metarhnews\/tendencias-diversidade\/","url":"https:\/\/metarh.com.br\/metarhnews\/tendencias-diversidade\/","name":"8 tend\u00eancias em Diversidade, Equidade e Inclus\u00e3o para 2024","isPartOf":{"@id":"https:\/\/metarh.com.br\/metarhnews\/#website"},"primaryImageOfPage":{"@id":"https:\/\/metarh.com.br\/metarhnews\/tendencias-diversidade\/#primaryimage"},"image":{"@id":"https:\/\/metarh.com.br\/metarhnews\/tendencias-diversidade\/#primaryimage"},"thumbnailUrl":"https:\/\/metarh.com.br\/metarhnews\/wp-content\/uploads\/2024\/01\/8_tendencias_em_Diversidade.jpg","datePublished":"2024-01-18T12:10:47+00:00","dateModified":"2026-01-20T13:55:28+00:00","breadcrumb":{"@id":"https:\/\/metarh.com.br\/metarhnews\/tendencias-diversidade\/#breadcrumb"},"inLanguage":"pt-BR","potentialAction":[{"@type":"ReadAction","target":["https:\/\/metarh.com.br\/metarhnews\/tendencias-diversidade\/"]}]},{"@type":"ImageObject","inLanguage":"pt-BR","@id":"https:\/\/metarh.com.br\/metarhnews\/tendencias-diversidade\/#primaryimage","url":"https:\/\/metarh.com.br\/metarhnews\/wp-content\/uploads\/2024\/01\/8_tendencias_em_Diversidade.jpg","contentUrl":"https:\/\/metarh.com.br\/metarhnews\/wp-content\/uploads\/2024\/01\/8_tendencias_em_Diversidade.jpg","width":1060,"height":700,"caption":"tend\u00eancias em Diversidade"},{"@type":"BreadcrumbList","@id":"https:\/\/metarh.com.br\/metarhnews\/tendencias-diversidade\/#breadcrumb","itemListElement":[{"@type":"ListItem","position":1,"name":"In\u00edcio","item":"https:\/\/metarh.com.br\/metarhnews\/"},{"@type":"ListItem","position":2,"name":"8 tend\u00eancias em Diversidade, Equidade e Inclus\u00e3o para 2024"}]},{"@type":"WebSite","@id":"https:\/\/metarh.com.br\/metarhnews\/#website","url":"https:\/\/metarh.com.br\/metarhnews\/","name":"METARH +News","description":"Conte\u00fado focado em Gest\u00e3o de Pessoas","publisher":{"@id":"https:\/\/metarh.com.br\/metarhnews\/#organization"},"potentialAction":[{"@type":"SearchAction","target":{"@type":"EntryPoint","urlTemplate":"https:\/\/metarh.com.br\/metarhnews\/?s={search_term_string}"},"query-input":{"@type":"PropertyValueSpecification","valueRequired":true,"valueName":"search_term_string"}}],"inLanguage":"pt-BR"},{"@type":"Organization","@id":"https:\/\/metarh.com.br\/metarhnews\/#organization","name":"METARH +Humana","url":"https:\/\/metarh.com.br\/metarhnews\/","logo":{"@type":"ImageObject","inLanguage":"pt-BR","@id":"https:\/\/metarh.com.br\/metarhnews\/#\/schema\/logo\/image\/","url":"https:\/\/metarh.com.br\/metarhnews\/wp-content\/uploads\/2025\/02\/METARH-Azul-Horizontal.png","contentUrl":"https:\/\/metarh.com.br\/metarhnews\/wp-content\/uploads\/2025\/02\/METARH-Azul-Horizontal.png","width":1002,"height":303,"caption":"METARH +Humana"},"image":{"@id":"https:\/\/metarh.com.br\/metarhnews\/#\/schema\/logo\/image\/"},"sameAs":["https:\/\/www.facebook.com\/metarhumana","https:\/\/x.com\/metarhumana","https:\/\/www.instagram.com\/metarhumana\/","https:\/\/www.youtube.com\/@metarhumana"]},{"@type":"Person","@id":"https:\/\/metarh.com.br\/metarhnews\/#\/schema\/person\/930900bc40677695dc9df602ec0366d0","name":"METARH","image":{"@type":"ImageObject","inLanguage":"pt-BR","@id":"https:\/\/secure.gravatar.com\/avatar\/e03963382c9576f1c9989940c2d59ebc780df154afc76a079627bbbdb3dcefa1?s=96&d=mm&r=g","url":"https:\/\/secure.gravatar.com\/avatar\/e03963382c9576f1c9989940c2d59ebc780df154afc76a079627bbbdb3dcefa1?s=96&d=mm&r=g","contentUrl":"https:\/\/secure.gravatar.com\/avatar\/e03963382c9576f1c9989940c2d59ebc780df154afc76a079627bbbdb3dcefa1?s=96&d=mm&r=g","caption":"METARH"},"description":"Somos uma consultoria de recursos humanos com mais de 40 anos de mercado, ajudando empresas como a sua a encontrarem o talento certo. Nossos processos s\u00e3o focados no sucesso dos clientes sem deixar de lado a experi\u00eancia positiva das pessoas candidatas.","sameAs":["http:\/\/www.metarh.com.br","https:\/\/www.facebook.com\/metarhconsultoria","https:\/\/www.instagram.com\/metarhconsultoria\/","https:\/\/www.linkedin.com\/company\/metarhconsultoria","http:\/\/youtube.com\/@metarhconsultoria"],"url":"https:\/\/metarh.com.br\/metarhnews\/author\/editorial-metarh\/"}]}},"_links":{"self":[{"href":"https:\/\/metarh.com.br\/metarhnews\/wp-json\/wp\/v2\/posts\/16076","targetHints":{"allow":["GET"]}}],"collection":[{"href":"https:\/\/metarh.com.br\/metarhnews\/wp-json\/wp\/v2\/posts"}],"about":[{"href":"https:\/\/metarh.com.br\/metarhnews\/wp-json\/wp\/v2\/types\/post"}],"author":[{"embeddable":true,"href":"https:\/\/metarh.com.br\/metarhnews\/wp-json\/wp\/v2\/users\/4"}],"replies":[{"embeddable":true,"href":"https:\/\/metarh.com.br\/metarhnews\/wp-json\/wp\/v2\/comments?post=16076"}],"version-history":[{"count":3,"href":"https:\/\/metarh.com.br\/metarhnews\/wp-json\/wp\/v2\/posts\/16076\/revisions"}],"predecessor-version":[{"id":16810,"href":"https:\/\/metarh.com.br\/metarhnews\/wp-json\/wp\/v2\/posts\/16076\/revisions\/16810"}],"wp:featuredmedia":[{"embeddable":true,"href":"https:\/\/metarh.com.br\/metarhnews\/wp-json\/wp\/v2\/media\/16077"}],"wp:attachment":[{"href":"https:\/\/metarh.com.br\/metarhnews\/wp-json\/wp\/v2\/media?parent=16076"}],"wp:term":[{"taxonomy":"category","embeddable":true,"href":"https:\/\/metarh.com.br\/metarhnews\/wp-json\/wp\/v2\/categories?post=16076"},{"taxonomy":"post_tag","embeddable":true,"href":"https:\/\/metarh.com.br\/metarhnews\/wp-json\/wp\/v2\/tags?post=16076"}],"curies":[{"name":"wp","href":"https:\/\/api.w.org\/{rel}","templated":true}]}}