{"id":16081,"date":"2024-01-29T09:03:09","date_gmt":"2024-01-29T12:03:09","guid":{"rendered":"https:\/\/metarh.com.br\/metarhnews\/?p=16081"},"modified":"2026-01-21T15:44:38","modified_gmt":"2026-01-21T18:44:38","slug":"visibilidade-trans","status":"publish","type":"post","link":"https:\/\/metarh.com.br\/metarhnews\/visibilidade-trans\/","title":{"rendered":"Visibilidade Trans: 5 formas de promover a inclus\u00e3o no mercado de trabalho"},"content":{"rendered":"\n<p>No dia 29 de janeiro, o Brasil comemora o Dia Nacional da Visibilidade Trans, uma data que existe desde 2004 n\u00e3o apenas para celebrar a exist\u00eancia de pessoas travestis e transexuais, mas tamb\u00e9m para chamar a aten\u00e7\u00e3o da sociedade para as reivindica\u00e7\u00f5es dessa comunidade.<\/p>\n\n\n\n<p>Dentre as diversas quest\u00f5es que ganham evid\u00eancia nesta \u00e9poca, a <a href=\"https:\/\/metarh.com.br\/nossas-vagas\/\" target=\"_blank\" rel=\"noreferrer noopener\">inser\u00e7\u00e3o no mercado de trabalho<\/a> figura como uma das mais urgentes. Afinal, apesar dos avan\u00e7os recentes, o emprego formal ainda permanece sendo uma exce\u00e7\u00e3o entre as pessoas trans.&nbsp;<\/p>\n\n\n\n<p>Se a sua empresa, assim como a nossa, acredita no potencial, nas habilidades \u00fanicas e na contribui\u00e7\u00e3o valiosa que profissionais travestis e transexuais podem oferecer, \u00e9 chegada a hora de agir.&nbsp;<\/p>\n\n\n\n<p>Junte-se a n\u00f3s na leitura deste post e entenda o que a sua organiza\u00e7\u00e3o pode fazer para dissipar a sombra da invisibilidade!&nbsp;<\/p>\n\n\n\n<h2 class=\"wp-block-heading\"><strong>Travestis e transexuais: entenda a diferen\u00e7a<\/strong><\/h2>\n\n\n\n<p>A compreens\u00e3o sobre as nuances que permeiam as identidades de g\u00eanero \u00e9 essencial para promover a visibilidade trans. Por esse motivo, vamos come\u00e7ar explicando os dois termos mais utilizados neste contexto: <strong>travestis e transexuais.<\/strong><\/p>\n\n\n\n<p>Embora possam parecer similares \u00e0 primeira vista, vamos te mostrar a seguir como cada uma dessas palavras carrega consigo significados distintos, que refletem as experi\u00eancias individuais e a autopercep\u00e7\u00e3o.<\/p>\n\n\n\n<p><strong>Transexuais<\/strong><\/p>\n\n\n\n<p>Pessoas transexuais s\u00e3o aquelas cuja <strong>identidade de g\u00eanero difere do sexo designado no nascimento<\/strong>. Em outras palavras, \u00e9 quando a pessoa nasce em um corpo masculino, mas se identifica como mulher ou vice-versa.<\/p>\n\n\n\n<p>Esse entendimento muitas vezes \u00e9 acompanhado por uma profunda necessidade de viver e ser reconhecido de acordo com a identidade de g\u00eanero. O que, por sua vez, pode &#8211; ou n\u00e3o &#8211; levar \u00e0 busca por interven\u00e7\u00f5es m\u00e9dicas, como terapias hormonais ou cirurgias, para alinhar a express\u00e3o de g\u00eanero com a identidade.<\/p>\n\n\n\n<p><strong>Travestis<\/strong><\/p>\n\n\n\n<p>J\u00e1 o termo <a href=\"https:\/\/transcendemos.com.br\/transcendemosexplica\/trans\/#:~:text=Contudo%2C%20vale%20a%20pena%20mencionar,s%C3%A3o%20A%20travesti%20e%20ELA.\">travesti<\/a>, \u00e9 utilizado por pessoas declaradas masculinas no nascimento, mas que se entendem e vivenciam pap\u00e9is de g\u00eanero feminino. Este termo foi, por muito tempo, utilizado de forma pejorativa, mas passou a ser ressignificado, recebendo tamb\u00e9m um lugar pol\u00edtico-social de orgulho e visibilidade trans pela comunidade.<\/p>\n\n\n\n<p>De modo geral, as travestis preferem ser chamadas pelos pronomes &#8220;ela&#8221; e &#8220;dela&#8221;. Por\u00e9m, em todos os casos, o melhor caminho \u00e9 sempre entender e respeitar como cada pessoa prefere ser tratada.<\/p>\n\n\n\n<figure class=\"wp-block-image size-large\"><a href=\"https:\/\/conteudo.metarh.com.br\/guia-de-linguagem-neutra-e-inclusiva\"><img fetchpriority=\"high\" decoding=\"async\" width=\"1024\" height=\"377\" src=\"https:\/\/metarh.com.br\/metarhnews\/wp-content\/uploads\/2023\/06\/Guia_Linguagem_Neutra_e_-Insluciva-1-1024x377.jpg\" alt=\"\" class=\"wp-image-15376\" srcset=\"https:\/\/metarh.com.br\/metarhnews\/wp-content\/uploads\/2023\/06\/Guia_Linguagem_Neutra_e_-Insluciva-1-1024x377.jpg 1024w, https:\/\/metarh.com.br\/metarhnews\/wp-content\/uploads\/2023\/06\/Guia_Linguagem_Neutra_e_-Insluciva-1-300x110.jpg 300w, https:\/\/metarh.com.br\/metarhnews\/wp-content\/uploads\/2023\/06\/Guia_Linguagem_Neutra_e_-Insluciva-1-768x283.jpg 768w, https:\/\/metarh.com.br\/metarhnews\/wp-content\/uploads\/2023\/06\/Guia_Linguagem_Neutra_e_-Insluciva-1-1536x565.jpg 1536w, https:\/\/metarh.com.br\/metarhnews\/wp-content\/uploads\/2023\/06\/Guia_Linguagem_Neutra_e_-Insluciva-1.jpg 1900w\" sizes=\"(max-width: 1024px) 100vw, 1024px\" \/><\/a><\/figure>\n\n\n\n<h2 class=\"wp-block-heading\"><strong>Dados sobre a participa\u00e7\u00e3o de pessoas trans no mercado de trabalho<\/strong><\/h2>\n\n\n\n<p>Em 2022, o <a href=\"https:\/\/www1.folha.uol.com.br\/cotidiano\/2023\/01\/brasil-e-o-pais-que-mais-mata-transexuais-e-travestis-pelo-14o-ano-seguido.shtml#:~:text=O%20levantamento%20aponta%20ser%20o,trans%20no%20Brasil%2C%2035%20anos.\">Brasil foi eleito como o pa\u00eds que mais mata pessoas trans pelo 14\u00b0 ano consecutivo<\/a>, com 131 mortes registradas.&nbsp;<\/p>\n\n\n\n<p>Este dado desolador escancara n\u00e3o apenas a extens\u00e3o da viol\u00eancia, mas tamb\u00e9m evidencia que a transfobia \u00e9 um problema profundamente enraizado em todos os \u00e2mbitos da nossa sociedade.<\/p>\n\n\n\n<p>Quando olhamos especificamente para o mercado de trabalho, os n\u00fameros s\u00e3o um reflexo direto do preconceito para com as pessoas trans.&nbsp;<\/p>\n\n\n\n<p>Segundo um <a href=\"https:\/\/antrabrasil.files.wordpress.com\/2021\/01\/dossie-trans-2021-29jan2021.pdf\">dossi\u00ea<\/a> publicado pela Associa\u00e7\u00e3o Nacional de Travestis e Transexuais do Brasil (Antra) em 2020, por exemplo, <strong>88% das pessoas trans acreditam que as empresas n\u00e3o est\u00e3o preparadas para contratar ou garantir a perman\u00eancia deste grupo em seus quadros<\/strong>.<\/p>\n\n\n\n<p>Al\u00e9m disso, a pesquisa \u2013 que contou com a participa\u00e7\u00e3o volunt\u00e1ria de 2.535 pessoas \u2013 tamb\u00e9m revelou que:<\/p>\n\n\n\n<ul class=\"wp-block-list\">\n<li>94% acreditam que o mercado formal de trabalho n\u00e3o est\u00e1 realmente aberto e comprometido com a contrata\u00e7\u00e3o de pessoas trans;<\/li>\n\n\n\n<li>90% acreditam que se mant\u00e9m atual a estimativa de que 90% das travestis e mulheres trans utiliza a prostitui\u00e7\u00e3o como fonte prim\u00e1ria ou complementar de renda;<\/li>\n\n\n\n<li>85% acreditam que homens trans\/transmasculinos t\u00eam maior possibilidade de serem admitidos no mercado formal de trabalho que as travestis e mulheres trans.<\/li>\n<\/ul>\n\n\n\n<p>Ou seja, apesar do aumento exponencial de vagas destinadas a pessoas trans nos \u00faltimos anos, ainda h\u00e1 um longo caminho que separa o mercado de trabalho da inclus\u00e3o plena.<\/p>\n\n\n\n<h2 class=\"wp-block-heading\"><strong>Principais desafios para a inclus\u00e3o da comunidade trans nas empresas<\/strong><\/h2>\n\n\n\n<p>Como acabamos de ver, a inclus\u00e3o efetiva da comunidade trans no mercado de trabalho formal permanece sendo um objetivo distante para muitas pessoas. Dentre os fatores que contribuem para essa realidade, destacam-se os seguintes desafios:<\/p>\n\n\n\n<p><strong>Discrimina\u00e7\u00e3o no R&amp;S<\/strong><\/p>\n\n\n\n<p>Muitas pessoas trans enfrentam discrimina\u00e7\u00e3o desde o in\u00edcio do processo <a href=\"https:\/\/metarh.com.br\/metarhnews\/recrutamento-turnover\/\">de recrutamento e sele\u00e7\u00e3o<\/a>. Afinal, preconceitos e estere\u00f3tipos tendem a influenciar a decis\u00e3o de contrata\u00e7\u00e3o, impedindo que pessoas qualificadas tenham oportunidades igualit\u00e1rias.<\/p>\n\n\n\n<p><strong>Ambientes de trabalho t\u00f3xicos<\/strong><\/p>\n\n\n\n<p>Locais de trabalho que n\u00e3o promovem a diversidade e a inclus\u00e3o de maneira genu\u00edna podem ser especialmente hostis para pessoas trans. A falta de compreens\u00e3o, apoio e a\u00e7\u00f5es concretas contribui para a marginaliza\u00e7\u00e3o e cria um ambiente pouco acolhedor.<\/p>\n\n\n\n<figure class=\"wp-block-image size-large\"><a href=\"https:\/\/metarh.com.br\/dei\/\"><img decoding=\"async\" width=\"1024\" height=\"575\" src=\"https:\/\/metarh.com.br\/metarhnews\/wp-content\/uploads\/2023\/04\/cropped-LINKEDIN-B2B-DEI-sem-botao-1024x575.png\" alt=\"\" class=\"wp-image-14785\" srcset=\"https:\/\/metarh.com.br\/metarhnews\/wp-content\/uploads\/2023\/04\/cropped-LINKEDIN-B2B-DEI-sem-botao-1024x575.png 1024w, https:\/\/metarh.com.br\/metarhnews\/wp-content\/uploads\/2023\/04\/cropped-LINKEDIN-B2B-DEI-sem-botao-300x169.png 300w, https:\/\/metarh.com.br\/metarhnews\/wp-content\/uploads\/2023\/04\/cropped-LINKEDIN-B2B-DEI-sem-botao-768x432.png 768w, https:\/\/metarh.com.br\/metarhnews\/wp-content\/uploads\/2023\/04\/cropped-LINKEDIN-B2B-DEI-sem-botao-1536x863.png 1536w, https:\/\/metarh.com.br\/metarhnews\/wp-content\/uploads\/2023\/04\/cropped-LINKEDIN-B2B-DEI-sem-botao-1160x653.png 1160w, https:\/\/metarh.com.br\/metarhnews\/wp-content\/uploads\/2023\/04\/cropped-LINKEDIN-B2B-DEI-sem-botao-600x337.png 600w, https:\/\/metarh.com.br\/metarhnews\/wp-content\/uploads\/2023\/04\/cropped-LINKEDIN-B2B-DEI-sem-botao.png 1920w\" sizes=\"(max-width: 1024px) 100vw, 1024px\" \/><\/a><\/figure>\n\n\n\n<p><strong>Falta de pol\u00edticas espec\u00edficas<\/strong><\/p>\n\n\n\n<p>A aus\u00eancia de pol\u00edticas claras e inclusivas referentes \u00e0 identidade de g\u00eanero pode resultar em desconforto e desafios para funcion\u00e1rios e funcion\u00e1rias trans, tais como o desrespeito ao nome social e at\u00e9 mesmo \u00e0 proibi\u00e7\u00e3o do uso de banheiro adequado ao g\u00eanero.<\/p>\n\n\n\n<p><strong>Desigualdade salarial<\/strong><\/p>\n\n\n\n<p>Profissionais trans muitas vezes enfrentam disparidades salariais. Isso ocorre porque a discrimina\u00e7\u00e3o pode impactar negativamente a progress\u00e3o na carreira, limitando o acesso a oportunidades de promo\u00e7\u00e3o e remunera\u00e7\u00e3o equitativa.<\/p>\n\n\n\n<p><strong>Falta de conscientiza\u00e7\u00e3o<\/strong><\/p>\n\n\n\n<p>A falta de conhecimento sobre quest\u00f5es de identidade de g\u00eanero contribui para estigmatiza\u00e7\u00e3o e preconceito. Programas de sensibiliza\u00e7\u00e3o e educa\u00e7\u00e3o s\u00e3o fundamentais neste contexto, pois visam promover a compreens\u00e3o e empatia em todos os n\u00edveis da empresa.<\/p>\n\n\n\n<h2 class=\"wp-block-heading\"><strong>Desafios no acesso \u00e0 educa\u00e7\u00e3o profissional<\/strong><\/h2>\n\n\n\n<p>Muitos profissionais trans enfrentam barreiras no acesso \u00e0 educa\u00e7\u00e3o profissionalizante, o que limita ainda mais suas oportunidades de inser\u00e7\u00e3o em setores mais especializados e bem remunerados.<\/p>\n\n\n\n<p>Para se ter uma ideia, a Antra estima que <a href=\"https:\/\/antrabrasil.org\/2020\/12\/17\/nota-antra-cotas-universidades-pessoas-trans\/\">70% da popula\u00e7\u00e3o trans e travesti do Brasil n\u00e3o teve a oportunidade de concluir o Ensino M\u00e9dio<\/a>.&nbsp;<\/p>\n\n\n\n<p>Em complemento, uma pesquisa realizada pelo TransVida revelou que <a href=\"https:\/\/agenciabrasil.ebc.com.br\/geral\/noticia\/2022-12\/pesquisa-descreve-barreiras-para-acesso-de-pessoas-trans-ao-emprego\">36,7% dos participantes foram v\u00edtimas de transfobia durante o per\u00edodo de forma\u00e7\u00e3o<\/a>.&nbsp;<\/p>\n\n\n\n<p><strong>Falta de Representatividade<\/strong><\/p>\n\n\n\n<p>A aus\u00eancia de representatividade trans em cargos de lideran\u00e7a \u00e9 outro fator que impede a implementa\u00e7\u00e3o de pol\u00edticas mais inclusivas. Afinal, ter essas vozes na tomada de decis\u00f5es tende a contribuir para a cria\u00e7\u00e3o de ambientes de trabalho mais justos e acolhedores.<\/p>\n\n\n\n<h2 class=\"wp-block-heading\"><strong>5 formas de promover a inclus\u00e3o e reverter esse cen\u00e1rio<\/strong><\/h2>\n\n\n\n<p>Superar os desafios apresentados acima requer um comprometimento cont\u00ednuo com a visibilidade trans. Na sequ\u00eancia, vamos apresentar algumas das estrat\u00e9gias que podem contribuir com este objetivo:<\/p>\n\n\n\n<ol class=\"wp-block-list\">\n<li><strong>Implementa\u00e7\u00e3o de pol\u00edticas mais inclusivas&nbsp;<\/strong><\/li>\n<\/ol>\n\n\n\n<p>O in\u00edcio desta jornada pede por uma revis\u00e3o completa das pol\u00edticas atuais.&nbsp;<\/p>\n\n\n\n<p>Afinal, desenvolver pol\u00edticas espec\u00edficas, que assegurem a igualdade de oportunidades para pessoas trans nos processos de contrata\u00e7\u00e3o, promo\u00e7\u00e3o e desenvolvimento, \u00e9 uma das formas mais eficazes de promover a inclus\u00e3o.<\/p>\n\n\n\n<ol class=\"wp-block-list\" start=\"2\">\n<li><strong>Investimento em educa\u00e7\u00e3o e sensibiliza\u00e7\u00e3o<\/strong><\/li>\n<\/ol>\n\n\n\n<p>Ao oferecer programas de sensibiliza\u00e7\u00e3o e treinamento para todas as pessoas colaboradoras, as empresas ajudam a promover uma compreens\u00e3o mais profunda das quest\u00f5es relacionadas \u00e0 identidade de g\u00eanero e a reduzir estigmas e preconceitos.<\/p>\n\n\n\n<ol class=\"wp-block-list\" start=\"3\">\n<li><strong>Representatividade nos comit\u00eas de DE&amp;I<\/strong><\/li>\n<\/ol>\n\n\n\n<p>Garantir a presen\u00e7a de membros da comunidade trans nos comit\u00eas de diversidade das empresas tamb\u00e9m \u00e9 uma excelente maneira de assegurar que suas vozes sejam ouvidas e consideradas nas decis\u00f5es estrat\u00e9gicas.<\/p>\n\n\n\n<ol class=\"wp-block-list\" start=\"4\">\n<li><strong>Treinamento para l\u00edderes e recrutadores<\/strong><\/li>\n<\/ol>\n\n\n\n<p>Como dissemos antes, a discrimina\u00e7\u00e3o nos processos de contrata\u00e7\u00e3o \u00e9 um problema latente.&nbsp;<\/p>\n\n\n\n<p>Para elimin\u00e1-lo, \u00e9 importante capacitar as pessoas recrutadoras e gestoras sobre a import\u00e2ncia da diversidade e inclus\u00e3o, destacando as compet\u00eancias e habilidades \u00fanicas que profissionais trans podem oferecer.<\/p>\n\n\n\n<ol class=\"wp-block-list\" start=\"5\">\n<li><strong>Acesso facilitado a oportunidades de emprego<\/strong><\/li>\n<\/ol>\n\n\n\n<p>Outra excelente estrat\u00e9gia para promover a inclus\u00e3o \u00e9 facilitar o acesso direto de pessoas trans a oportunidades de emprego, seja por meio de <a href=\"https:\/\/metarh.com.br\/metarhnews\/diversidade-vagas-afirmativas\/\">vagas afirmativas<\/a> ou parcerias estrat\u00e9gicas com organiza\u00e7\u00f5es comprometidas com essa pauta.<\/p>\n\n\n\n<p>Em complemento, \u00e9 igualmente importante promover programas de capacita\u00e7\u00e3o profissional para a comunidade, a fim de garantir oportunidades de aprendizado e desenvolvimento que contribuam efetivamente para a progress\u00e3o delas no mercado de trabalho.<\/p>\n\n\n\n<figure class=\"wp-block-image size-large\"><img decoding=\"async\" width=\"1024\" height=\"341\" src=\"https:\/\/metarh.com.br\/metarhnews\/wp-content\/uploads\/2023\/04\/Rodameio-email-PIPE-1024x341.jpg\" alt=\"Solu\u00e7\u00f5es estrat\u00e9gicas de Rh - METARH\" class=\"wp-image-14906\" srcset=\"https:\/\/metarh.com.br\/metarhnews\/wp-content\/uploads\/2023\/04\/Rodameio-email-PIPE-1024x341.jpg 1024w, https:\/\/metarh.com.br\/metarhnews\/wp-content\/uploads\/2023\/04\/Rodameio-email-PIPE-300x100.jpg 300w, https:\/\/metarh.com.br\/metarhnews\/wp-content\/uploads\/2023\/04\/Rodameio-email-PIPE-768x256.jpg 768w, https:\/\/metarh.com.br\/metarhnews\/wp-content\/uploads\/2023\/04\/Rodameio-email-PIPE.jpg 1200w\" sizes=\"(max-width: 1024px) 100vw, 1024px\" \/><\/figure>\n\n\n\n<p>Ao adotar estas estrat\u00e9gias de forma consistente e comprometida, sua empresa pode desempenhar um papel fundamental no fortalecimento da visibilidade trans e na constru\u00e7\u00e3o de ambientes de trabalho verdadeiramente inclusivos para a comunidade trans.<\/p>\n\n\n\n<p>Caso precise de ajuda para iniciar ou mesmo dar continuidade ao seu plano de DE&amp;I, conte com os <a href=\"https:\/\/metarh.com.br\/dei\/\">especialistas em Diversidade<\/a>, Equidade e Inclus\u00e3o da METARH. <\/p>\n\n\n\n<div class=\"wp-block-buttons is-content-justification-center is-layout-flex wp-container-core-buttons-is-layout-16018d1d wp-block-buttons-is-layout-flex\">\n<div class=\"wp-block-button\"><a class=\"wp-block-button__link wp-element-button\" href=\"https:\/\/metarh.com.br\/contato-materiais-ricos\" style=\"border-radius:100px;padding-top:var(--wp--preset--spacing--30);padding-right:var(--wp--preset--spacing--30);padding-bottom:var(--wp--preset--spacing--30);padding-left:var(--wp--preset--spacing--30)\">QUERO FALAR COM ESPECIALISTAS<\/a><\/div>\n<\/div>\n<div style=\"margin-top: 0px; margin-bottom: 0px;\" class=\"sharethis-inline-share-buttons\" ><\/div>","protected":false},"excerpt":{"rendered":"<p>No dia 29 de janeiro, o Brasil comemora o Dia Nacional da Visibilidade Trans, uma data que existe desde 2004 n\u00e3o apenas para celebrar a exist\u00eancia de pessoas travestis e transexuais, mas tamb\u00e9m para chamar a aten\u00e7\u00e3o da sociedade para as reivindica\u00e7\u00f5es dessa comunidade. Dentre as diversas quest\u00f5es que ganham evid\u00eancia nesta \u00e9poca, a inser\u00e7\u00e3o&#8230;<\/p>\n","protected":false},"author":4,"featured_media":16083,"comment_status":"open","ping_status":"open","sticky":false,"template":"","format":"standard","meta":{"_kadence_starter_templates_imported_post":false,"_kad_post_transparent":"","_kad_post_title":"","_kad_post_layout":"","_kad_post_sidebar_id":"","_kad_post_content_style":"","_kad_post_vertical_padding":"","_kad_post_feature":"","_kad_post_feature_position":"","_kad_post_header":false,"_kad_post_footer":false,"_kad_post_classname":"","footnotes":""},"categories":[162,164,3,2],"tags":[131],"class_list":["post-16081","post","type-post","status-publish","format-standard","has-post-thumbnail","hentry","category-trilhando-mais","category-aprendizado-em-rh","category-dicas","category-materias","tag-diversidade-e-inclusao"],"yoast_head":"<!-- This site is optimized with the Yoast SEO Premium plugin v26.6 (Yoast SEO v27.5) - https:\/\/yoast.com\/product\/yoast-seo-premium-wordpress\/ -->\n<title>Visibilidade Trans: 5 formas de promover a inclus\u00e3o no mercado de trabalho<\/title>\n<meta name=\"description\" content=\"A empresa pode desempenhar um papel fundamental no fortalecimento da visibilidade trans e na constru\u00e7\u00e3o de ambientes de trabalho inclusivos.\" \/>\n<meta name=\"robots\" content=\"index, follow, max-snippet:-1, max-image-preview:large, max-video-preview:-1\" \/>\n<link rel=\"canonical\" href=\"https:\/\/metarh.com.br\/metarhnews\/visibilidade-trans\/\" \/>\n<meta property=\"og:locale\" content=\"pt_BR\" \/>\n<meta property=\"og:type\" content=\"article\" \/>\n<meta property=\"og:title\" content=\"Visibilidade Trans: 5 formas de promover a inclus\u00e3o no mercado de trabalho\" \/>\n<meta property=\"og:description\" content=\"A empresa pode desempenhar um papel fundamental no fortalecimento da visibilidade trans e na constru\u00e7\u00e3o de ambientes de trabalho inclusivos.\" \/>\n<meta property=\"og:url\" content=\"https:\/\/metarh.com.br\/metarhnews\/visibilidade-trans\/\" \/>\n<meta property=\"og:site_name\" content=\"METARH +News\" \/>\n<meta property=\"article:publisher\" content=\"https:\/\/www.facebook.com\/metarhumana\" \/>\n<meta property=\"article:author\" content=\"https:\/\/www.facebook.com\/metarhconsultoria\" \/>\n<meta property=\"article:published_time\" content=\"2024-01-29T12:03:09+00:00\" \/>\n<meta property=\"article:modified_time\" content=\"2026-01-21T18:44:38+00:00\" \/>\n<meta property=\"og:image\" content=\"https:\/\/metarh.com.br\/metarhnews\/wp-content\/uploads\/2024\/01\/Visibilidade-Trans.jpg\" \/>\n\t<meta property=\"og:image:width\" content=\"1060\" \/>\n\t<meta property=\"og:image:height\" content=\"700\" \/>\n\t<meta property=\"og:image:type\" content=\"image\/jpeg\" \/>\n<meta name=\"author\" content=\"METARH\" \/>\n<meta name=\"twitter:card\" content=\"summary_large_image\" \/>\n<meta name=\"twitter:creator\" content=\"@metarhumana\" \/>\n<meta name=\"twitter:site\" content=\"@metarhumana\" \/>\n<meta name=\"twitter:label1\" content=\"Escrito por\" \/>\n\t<meta name=\"twitter:data1\" content=\"METARH\" \/>\n\t<meta name=\"twitter:label2\" content=\"Est. tempo de leitura\" \/>\n\t<meta name=\"twitter:data2\" content=\"8 minutos\" \/>\n<script type=\"application\/ld+json\" class=\"yoast-schema-graph\">{\"@context\":\"https:\\\/\\\/schema.org\",\"@graph\":[{\"@type\":\"Article\",\"@id\":\"https:\\\/\\\/metarh.com.br\\\/metarhnews\\\/visibilidade-trans\\\/#article\",\"isPartOf\":{\"@id\":\"https:\\\/\\\/metarh.com.br\\\/metarhnews\\\/visibilidade-trans\\\/\"},\"author\":{\"name\":\"METARH\",\"@id\":\"https:\\\/\\\/metarh.com.br\\\/metarhnews\\\/#\\\/schema\\\/person\\\/930900bc40677695dc9df602ec0366d0\"},\"headline\":\"Visibilidade Trans: 5 formas de promover a inclus\u00e3o no mercado de trabalho\",\"datePublished\":\"2024-01-29T12:03:09+00:00\",\"dateModified\":\"2026-01-21T18:44:38+00:00\",\"mainEntityOfPage\":{\"@id\":\"https:\\\/\\\/metarh.com.br\\\/metarhnews\\\/visibilidade-trans\\\/\"},\"wordCount\":1457,\"commentCount\":0,\"publisher\":{\"@id\":\"https:\\\/\\\/metarh.com.br\\\/metarhnews\\\/#organization\"},\"image\":{\"@id\":\"https:\\\/\\\/metarh.com.br\\\/metarhnews\\\/visibilidade-trans\\\/#primaryimage\"},\"thumbnailUrl\":\"https:\\\/\\\/metarh.com.br\\\/metarhnews\\\/wp-content\\\/uploads\\\/2024\\\/01\\\/Visibilidade-Trans.jpg\",\"keywords\":[\"Diversidade e Inclus\u00e3o\"],\"articleSection\":[\"6 \u2022 Trilhando +\",\"Aprendizado\",\"Dicas\",\"Mat\u00e9rias\"],\"inLanguage\":\"pt-BR\",\"potentialAction\":[{\"@type\":\"CommentAction\",\"name\":\"Comment\",\"target\":[\"https:\\\/\\\/metarh.com.br\\\/metarhnews\\\/visibilidade-trans\\\/#respond\"]}],\"copyrightYear\":\"2024\",\"copyrightHolder\":{\"@id\":\"https:\\\/\\\/metarh.com.br\\\/metarhnews\\\/#organization\"}},{\"@type\":\"WebPage\",\"@id\":\"https:\\\/\\\/metarh.com.br\\\/metarhnews\\\/visibilidade-trans\\\/\",\"url\":\"https:\\\/\\\/metarh.com.br\\\/metarhnews\\\/visibilidade-trans\\\/\",\"name\":\"Visibilidade Trans: 5 formas de promover a inclus\u00e3o no mercado de trabalho\",\"isPartOf\":{\"@id\":\"https:\\\/\\\/metarh.com.br\\\/metarhnews\\\/#website\"},\"primaryImageOfPage\":{\"@id\":\"https:\\\/\\\/metarh.com.br\\\/metarhnews\\\/visibilidade-trans\\\/#primaryimage\"},\"image\":{\"@id\":\"https:\\\/\\\/metarh.com.br\\\/metarhnews\\\/visibilidade-trans\\\/#primaryimage\"},\"thumbnailUrl\":\"https:\\\/\\\/metarh.com.br\\\/metarhnews\\\/wp-content\\\/uploads\\\/2024\\\/01\\\/Visibilidade-Trans.jpg\",\"datePublished\":\"2024-01-29T12:03:09+00:00\",\"dateModified\":\"2026-01-21T18:44:38+00:00\",\"description\":\"A empresa pode desempenhar um papel fundamental no fortalecimento da visibilidade trans e na constru\u00e7\u00e3o de ambientes de trabalho inclusivos.\",\"breadcrumb\":{\"@id\":\"https:\\\/\\\/metarh.com.br\\\/metarhnews\\\/visibilidade-trans\\\/#breadcrumb\"},\"inLanguage\":\"pt-BR\",\"potentialAction\":[{\"@type\":\"ReadAction\",\"target\":[\"https:\\\/\\\/metarh.com.br\\\/metarhnews\\\/visibilidade-trans\\\/\"]}]},{\"@type\":\"ImageObject\",\"inLanguage\":\"pt-BR\",\"@id\":\"https:\\\/\\\/metarh.com.br\\\/metarhnews\\\/visibilidade-trans\\\/#primaryimage\",\"url\":\"https:\\\/\\\/metarh.com.br\\\/metarhnews\\\/wp-content\\\/uploads\\\/2024\\\/01\\\/Visibilidade-Trans.jpg\",\"contentUrl\":\"https:\\\/\\\/metarh.com.br\\\/metarhnews\\\/wp-content\\\/uploads\\\/2024\\\/01\\\/Visibilidade-Trans.jpg\",\"width\":1060,\"height\":700,\"caption\":\"Visibilidade Trans\"},{\"@type\":\"BreadcrumbList\",\"@id\":\"https:\\\/\\\/metarh.com.br\\\/metarhnews\\\/visibilidade-trans\\\/#breadcrumb\",\"itemListElement\":[{\"@type\":\"ListItem\",\"position\":1,\"name\":\"In\u00edcio\",\"item\":\"https:\\\/\\\/metarh.com.br\\\/metarhnews\\\/\"},{\"@type\":\"ListItem\",\"position\":2,\"name\":\"Visibilidade Trans: 5 formas de promover a inclus\u00e3o no mercado de trabalho\"}]},{\"@type\":\"WebSite\",\"@id\":\"https:\\\/\\\/metarh.com.br\\\/metarhnews\\\/#website\",\"url\":\"https:\\\/\\\/metarh.com.br\\\/metarhnews\\\/\",\"name\":\"METARH +News\",\"description\":\"Conte\u00fado focado em Gest\u00e3o de Pessoas\",\"publisher\":{\"@id\":\"https:\\\/\\\/metarh.com.br\\\/metarhnews\\\/#organization\"},\"potentialAction\":[{\"@type\":\"SearchAction\",\"target\":{\"@type\":\"EntryPoint\",\"urlTemplate\":\"https:\\\/\\\/metarh.com.br\\\/metarhnews\\\/?s={search_term_string}\"},\"query-input\":{\"@type\":\"PropertyValueSpecification\",\"valueRequired\":true,\"valueName\":\"search_term_string\"}}],\"inLanguage\":\"pt-BR\"},{\"@type\":\"Organization\",\"@id\":\"https:\\\/\\\/metarh.com.br\\\/metarhnews\\\/#organization\",\"name\":\"METARH +Humana\",\"url\":\"https:\\\/\\\/metarh.com.br\\\/metarhnews\\\/\",\"logo\":{\"@type\":\"ImageObject\",\"inLanguage\":\"pt-BR\",\"@id\":\"https:\\\/\\\/metarh.com.br\\\/metarhnews\\\/#\\\/schema\\\/logo\\\/image\\\/\",\"url\":\"https:\\\/\\\/metarh.com.br\\\/metarhnews\\\/wp-content\\\/uploads\\\/2025\\\/02\\\/METARH-Azul-Horizontal.png\",\"contentUrl\":\"https:\\\/\\\/metarh.com.br\\\/metarhnews\\\/wp-content\\\/uploads\\\/2025\\\/02\\\/METARH-Azul-Horizontal.png\",\"width\":1002,\"height\":303,\"caption\":\"METARH +Humana\"},\"image\":{\"@id\":\"https:\\\/\\\/metarh.com.br\\\/metarhnews\\\/#\\\/schema\\\/logo\\\/image\\\/\"},\"sameAs\":[\"https:\\\/\\\/www.facebook.com\\\/metarhumana\",\"https:\\\/\\\/x.com\\\/metarhumana\",\"https:\\\/\\\/www.instagram.com\\\/metarhumana\\\/\",\"https:\\\/\\\/www.youtube.com\\\/@metarhumana\"]},{\"@type\":\"Person\",\"@id\":\"https:\\\/\\\/metarh.com.br\\\/metarhnews\\\/#\\\/schema\\\/person\\\/930900bc40677695dc9df602ec0366d0\",\"name\":\"METARH\",\"image\":{\"@type\":\"ImageObject\",\"inLanguage\":\"pt-BR\",\"@id\":\"https:\\\/\\\/secure.gravatar.com\\\/avatar\\\/e03963382c9576f1c9989940c2d59ebc780df154afc76a079627bbbdb3dcefa1?s=96&d=mm&r=g\",\"url\":\"https:\\\/\\\/secure.gravatar.com\\\/avatar\\\/e03963382c9576f1c9989940c2d59ebc780df154afc76a079627bbbdb3dcefa1?s=96&d=mm&r=g\",\"contentUrl\":\"https:\\\/\\\/secure.gravatar.com\\\/avatar\\\/e03963382c9576f1c9989940c2d59ebc780df154afc76a079627bbbdb3dcefa1?s=96&d=mm&r=g\",\"caption\":\"METARH\"},\"description\":\"Somos uma consultoria de recursos humanos com mais de 40 anos de mercado, ajudando empresas como a sua a encontrarem o talento certo. Nossos processos s\u00e3o focados no sucesso dos clientes sem deixar de lado a experi\u00eancia positiva das pessoas candidatas.\",\"sameAs\":[\"http:\\\/\\\/www.metarh.com.br\",\"https:\\\/\\\/www.facebook.com\\\/metarhconsultoria\",\"https:\\\/\\\/www.instagram.com\\\/metarhconsultoria\\\/\",\"https:\\\/\\\/www.linkedin.com\\\/company\\\/metarhconsultoria\",\"http:\\\/\\\/youtube.com\\\/@metarhconsultoria\"],\"url\":\"https:\\\/\\\/metarh.com.br\\\/metarhnews\\\/author\\\/editorial-metarh\\\/\"}]}<\/script>\n<!-- \/ Yoast SEO Premium plugin. -->","yoast_head_json":{"title":"Visibilidade Trans: 5 formas de promover a inclus\u00e3o no mercado de trabalho","description":"A empresa pode desempenhar um papel fundamental no fortalecimento da visibilidade trans e na constru\u00e7\u00e3o de ambientes de trabalho inclusivos.","robots":{"index":"index","follow":"follow","max-snippet":"max-snippet:-1","max-image-preview":"max-image-preview:large","max-video-preview":"max-video-preview:-1"},"canonical":"https:\/\/metarh.com.br\/metarhnews\/visibilidade-trans\/","og_locale":"pt_BR","og_type":"article","og_title":"Visibilidade Trans: 5 formas de promover a inclus\u00e3o no mercado de trabalho","og_description":"A empresa pode desempenhar um papel fundamental no fortalecimento da visibilidade trans e na constru\u00e7\u00e3o de ambientes de trabalho inclusivos.","og_url":"https:\/\/metarh.com.br\/metarhnews\/visibilidade-trans\/","og_site_name":"METARH +News","article_publisher":"https:\/\/www.facebook.com\/metarhumana","article_author":"https:\/\/www.facebook.com\/metarhconsultoria","article_published_time":"2024-01-29T12:03:09+00:00","article_modified_time":"2026-01-21T18:44:38+00:00","og_image":[{"width":1060,"height":700,"url":"https:\/\/metarh.com.br\/metarhnews\/wp-content\/uploads\/2024\/01\/Visibilidade-Trans.jpg","type":"image\/jpeg"}],"author":"METARH","twitter_card":"summary_large_image","twitter_creator":"@metarhumana","twitter_site":"@metarhumana","twitter_misc":{"Escrito por":"METARH","Est. tempo de leitura":"8 minutos"},"schema":{"@context":"https:\/\/schema.org","@graph":[{"@type":"Article","@id":"https:\/\/metarh.com.br\/metarhnews\/visibilidade-trans\/#article","isPartOf":{"@id":"https:\/\/metarh.com.br\/metarhnews\/visibilidade-trans\/"},"author":{"name":"METARH","@id":"https:\/\/metarh.com.br\/metarhnews\/#\/schema\/person\/930900bc40677695dc9df602ec0366d0"},"headline":"Visibilidade Trans: 5 formas de promover a inclus\u00e3o no mercado de trabalho","datePublished":"2024-01-29T12:03:09+00:00","dateModified":"2026-01-21T18:44:38+00:00","mainEntityOfPage":{"@id":"https:\/\/metarh.com.br\/metarhnews\/visibilidade-trans\/"},"wordCount":1457,"commentCount":0,"publisher":{"@id":"https:\/\/metarh.com.br\/metarhnews\/#organization"},"image":{"@id":"https:\/\/metarh.com.br\/metarhnews\/visibilidade-trans\/#primaryimage"},"thumbnailUrl":"https:\/\/metarh.com.br\/metarhnews\/wp-content\/uploads\/2024\/01\/Visibilidade-Trans.jpg","keywords":["Diversidade e Inclus\u00e3o"],"articleSection":["6 \u2022 Trilhando +","Aprendizado","Dicas","Mat\u00e9rias"],"inLanguage":"pt-BR","potentialAction":[{"@type":"CommentAction","name":"Comment","target":["https:\/\/metarh.com.br\/metarhnews\/visibilidade-trans\/#respond"]}],"copyrightYear":"2024","copyrightHolder":{"@id":"https:\/\/metarh.com.br\/metarhnews\/#organization"}},{"@type":"WebPage","@id":"https:\/\/metarh.com.br\/metarhnews\/visibilidade-trans\/","url":"https:\/\/metarh.com.br\/metarhnews\/visibilidade-trans\/","name":"Visibilidade Trans: 5 formas de promover a inclus\u00e3o no mercado de trabalho","isPartOf":{"@id":"https:\/\/metarh.com.br\/metarhnews\/#website"},"primaryImageOfPage":{"@id":"https:\/\/metarh.com.br\/metarhnews\/visibilidade-trans\/#primaryimage"},"image":{"@id":"https:\/\/metarh.com.br\/metarhnews\/visibilidade-trans\/#primaryimage"},"thumbnailUrl":"https:\/\/metarh.com.br\/metarhnews\/wp-content\/uploads\/2024\/01\/Visibilidade-Trans.jpg","datePublished":"2024-01-29T12:03:09+00:00","dateModified":"2026-01-21T18:44:38+00:00","description":"A empresa pode desempenhar um papel fundamental no fortalecimento da visibilidade trans e na constru\u00e7\u00e3o de ambientes de trabalho inclusivos.","breadcrumb":{"@id":"https:\/\/metarh.com.br\/metarhnews\/visibilidade-trans\/#breadcrumb"},"inLanguage":"pt-BR","potentialAction":[{"@type":"ReadAction","target":["https:\/\/metarh.com.br\/metarhnews\/visibilidade-trans\/"]}]},{"@type":"ImageObject","inLanguage":"pt-BR","@id":"https:\/\/metarh.com.br\/metarhnews\/visibilidade-trans\/#primaryimage","url":"https:\/\/metarh.com.br\/metarhnews\/wp-content\/uploads\/2024\/01\/Visibilidade-Trans.jpg","contentUrl":"https:\/\/metarh.com.br\/metarhnews\/wp-content\/uploads\/2024\/01\/Visibilidade-Trans.jpg","width":1060,"height":700,"caption":"Visibilidade Trans"},{"@type":"BreadcrumbList","@id":"https:\/\/metarh.com.br\/metarhnews\/visibilidade-trans\/#breadcrumb","itemListElement":[{"@type":"ListItem","position":1,"name":"In\u00edcio","item":"https:\/\/metarh.com.br\/metarhnews\/"},{"@type":"ListItem","position":2,"name":"Visibilidade Trans: 5 formas de promover a inclus\u00e3o no mercado de trabalho"}]},{"@type":"WebSite","@id":"https:\/\/metarh.com.br\/metarhnews\/#website","url":"https:\/\/metarh.com.br\/metarhnews\/","name":"METARH +News","description":"Conte\u00fado focado em Gest\u00e3o de Pessoas","publisher":{"@id":"https:\/\/metarh.com.br\/metarhnews\/#organization"},"potentialAction":[{"@type":"SearchAction","target":{"@type":"EntryPoint","urlTemplate":"https:\/\/metarh.com.br\/metarhnews\/?s={search_term_string}"},"query-input":{"@type":"PropertyValueSpecification","valueRequired":true,"valueName":"search_term_string"}}],"inLanguage":"pt-BR"},{"@type":"Organization","@id":"https:\/\/metarh.com.br\/metarhnews\/#organization","name":"METARH +Humana","url":"https:\/\/metarh.com.br\/metarhnews\/","logo":{"@type":"ImageObject","inLanguage":"pt-BR","@id":"https:\/\/metarh.com.br\/metarhnews\/#\/schema\/logo\/image\/","url":"https:\/\/metarh.com.br\/metarhnews\/wp-content\/uploads\/2025\/02\/METARH-Azul-Horizontal.png","contentUrl":"https:\/\/metarh.com.br\/metarhnews\/wp-content\/uploads\/2025\/02\/METARH-Azul-Horizontal.png","width":1002,"height":303,"caption":"METARH +Humana"},"image":{"@id":"https:\/\/metarh.com.br\/metarhnews\/#\/schema\/logo\/image\/"},"sameAs":["https:\/\/www.facebook.com\/metarhumana","https:\/\/x.com\/metarhumana","https:\/\/www.instagram.com\/metarhumana\/","https:\/\/www.youtube.com\/@metarhumana"]},{"@type":"Person","@id":"https:\/\/metarh.com.br\/metarhnews\/#\/schema\/person\/930900bc40677695dc9df602ec0366d0","name":"METARH","image":{"@type":"ImageObject","inLanguage":"pt-BR","@id":"https:\/\/secure.gravatar.com\/avatar\/e03963382c9576f1c9989940c2d59ebc780df154afc76a079627bbbdb3dcefa1?s=96&d=mm&r=g","url":"https:\/\/secure.gravatar.com\/avatar\/e03963382c9576f1c9989940c2d59ebc780df154afc76a079627bbbdb3dcefa1?s=96&d=mm&r=g","contentUrl":"https:\/\/secure.gravatar.com\/avatar\/e03963382c9576f1c9989940c2d59ebc780df154afc76a079627bbbdb3dcefa1?s=96&d=mm&r=g","caption":"METARH"},"description":"Somos uma consultoria de recursos humanos com mais de 40 anos de mercado, ajudando empresas como a sua a encontrarem o talento certo. Nossos processos s\u00e3o focados no sucesso dos clientes sem deixar de lado a experi\u00eancia positiva das pessoas candidatas.","sameAs":["http:\/\/www.metarh.com.br","https:\/\/www.facebook.com\/metarhconsultoria","https:\/\/www.instagram.com\/metarhconsultoria\/","https:\/\/www.linkedin.com\/company\/metarhconsultoria","http:\/\/youtube.com\/@metarhconsultoria"],"url":"https:\/\/metarh.com.br\/metarhnews\/author\/editorial-metarh\/"}]}},"_links":{"self":[{"href":"https:\/\/metarh.com.br\/metarhnews\/wp-json\/wp\/v2\/posts\/16081","targetHints":{"allow":["GET"]}}],"collection":[{"href":"https:\/\/metarh.com.br\/metarhnews\/wp-json\/wp\/v2\/posts"}],"about":[{"href":"https:\/\/metarh.com.br\/metarhnews\/wp-json\/wp\/v2\/types\/post"}],"author":[{"embeddable":true,"href":"https:\/\/metarh.com.br\/metarhnews\/wp-json\/wp\/v2\/users\/4"}],"replies":[{"embeddable":true,"href":"https:\/\/metarh.com.br\/metarhnews\/wp-json\/wp\/v2\/comments?post=16081"}],"version-history":[{"count":2,"href":"https:\/\/metarh.com.br\/metarhnews\/wp-json\/wp\/v2\/posts\/16081\/revisions"}],"predecessor-version":[{"id":16085,"href":"https:\/\/metarh.com.br\/metarhnews\/wp-json\/wp\/v2\/posts\/16081\/revisions\/16085"}],"wp:featuredmedia":[{"embeddable":true,"href":"https:\/\/metarh.com.br\/metarhnews\/wp-json\/wp\/v2\/media\/16083"}],"wp:attachment":[{"href":"https:\/\/metarh.com.br\/metarhnews\/wp-json\/wp\/v2\/media?parent=16081"}],"wp:term":[{"taxonomy":"category","embeddable":true,"href":"https:\/\/metarh.com.br\/metarhnews\/wp-json\/wp\/v2\/categories?post=16081"},{"taxonomy":"post_tag","embeddable":true,"href":"https:\/\/metarh.com.br\/metarhnews\/wp-json\/wp\/v2\/tags?post=16081"}],"curies":[{"name":"wp","href":"https:\/\/api.w.org\/{rel}","templated":true}]}}