{"id":16086,"date":"2024-02-23T09:00:00","date_gmt":"2024-02-23T12:00:00","guid":{"rendered":"https:\/\/metarh.com.br\/metarhnews\/?p=16086"},"modified":"2025-11-18T21:52:29","modified_gmt":"2025-11-19T00:52:29","slug":"especialista-generalista","status":"publish","type":"post","link":"https:\/\/metarh.com.br\/metarhnews\/especialista-generalista\/","title":{"rendered":"Especialista ou Generalista: entenda a diferen\u00e7a entre eles"},"content":{"rendered":"\n<p>Sabia que entender as diferen\u00e7as entre um perfil <strong>especialista ou generalista<\/strong> pode transformar a sua trajet\u00f3ria profissional?<\/p>\n\n\n\n<p>Em primeiro lugar, a escolha entre especializa\u00e7\u00e3o e generaliza\u00e7\u00e3o exerce uma influ\u00eancia significativa no direcionamento de carreira e na forma como um profissional \u00e9 percebido no mercado de trabalho.<\/p>\n\n\n\n<p>Al\u00e9m disso, durante a busca por oportunidades de emprego, compreender as nuances entre ambos os conceitos \u00e9 fundamental para que as pessoas candidatas consigam se aplicar para vagas verdadeiramente alinhadas \u00e0s suas compet\u00eancias.\u00a0\u00a0<\/p>\n\n\n\n<p>Ficou animado(a) para descobrir como esse entendimento pode impactar seus pr\u00f3ximos passos? Ent\u00e3o, vamos em frente!<\/p>\n\n\n\n<h2 class=\"wp-block-heading\"><strong>O que \u00e9 um profissional generalista?<\/strong><\/h2>\n\n\n\n<p>A melhor forma de assimilar as diferen\u00e7as entre um especialista ou generalista \u00e9 conhecendo o que cada termo significa. Por isso, vamos come\u00e7ar falando sobre eles separadamente.<\/p>\n\n\n\n<p>De modo geral, um profissional generalista \u00e9 algu\u00e9m que possui <strong>habilidades, conhecimentos e compet\u00eancias em diversas \u00e1reas<\/strong>.&nbsp;<\/p>\n\n\n\n<p>Trata-se, portanto, de um talento capaz de lidar com uma ampla gama de tarefas e responsabilidades e de transitar entre os diferentes setores da empresa, conforme a necessidade.<\/p>\n\n\n\n<h2 class=\"wp-block-heading\"><strong>Principais caracter\u00edsticas de um generalista<\/strong><\/h2>\n\n\n\n<p>Entre as caracter\u00edsticas mais marcantes de um profissional generalista, destacam-se:<\/p>\n\n\n\n<ul class=\"wp-block-list\">\n<li>Versatilidade para se adaptar a diferentes situa\u00e7\u00f5es e contextos;<\/li>\n\n\n\n<li>Capacidade para lidar, de maneira eficaz, com responsabilidades variadas;<\/li>\n\n\n\n<li>Vis\u00e3o hol\u00edstica, que favorece a integra\u00e7\u00e3o de informa\u00e7\u00f5es de diferentes campos para abordar os problemas de maneira mais abrangente;<\/li>\n\n\n\n<li>Busca cont\u00ednua por ampliar o repert\u00f3rio de habilidades e conhecimentos.<\/li>\n<\/ul>\n\n\n\n<h2 class=\"wp-block-heading\"><strong>Vantagens de ser um generalista<\/strong><\/h2>\n\n\n\n<p>Assim como toda escolha, a decis\u00e3o entre ser um especialista ou generalista vem acompanhada de pr\u00f3s e contras.&nbsp;<\/p>\n\n\n\n<p>Confira, por exemplo, as vantagens associadas \u00e0 generaliza\u00e7\u00e3o:<\/p>\n\n\n\n<ol class=\"wp-block-list\">\n<li><strong>Maior possibilidade de assumir posi\u00e7\u00f5es de lideran\u00e7a<\/strong><\/li>\n<\/ol>\n\n\n\n<p>Como mencionamos acima, os generalistas s\u00e3o capazes de integrar informa\u00e7\u00f5es de diferentes \u00e1reas.&nbsp;<\/p>\n\n\n\n<p>Essa vis\u00e3o hol\u00edstica \u00e9 muito valorizada em cargos de lideran\u00e7a, onde a amplitude de conhecimento sobre os mais diversos aspectos organizacionais \u00e9 a base para a tomada de decis\u00f5es mais estrat\u00e9gicas.<\/p>\n\n\n\n<ol class=\"wp-block-list\" start=\"2\">\n<li><strong>Facilidade em transi\u00e7\u00f5es profissionais<\/strong><\/li>\n<\/ol>\n\n\n\n<p>A versatilidade do generalista facilita a movimenta\u00e7\u00e3o dele para diferentes setores e posi\u00e7\u00f5es dentro de uma mesma empresa, tornando-o mais preparado para enfrentar as constantes mudan\u00e7as no mercado de trabalho.<\/p>\n\n\n\n<p>Em paralelo, o conhecimento diversificado tamb\u00e9m torna mais f\u00e1cil para o generalista ingressar em novas \u00e1reas e segmentos, ampliando suas op\u00e7\u00f5es durante transi\u00e7\u00f5es profissionais.<\/p>\n\n\n\n<ol class=\"wp-block-list\" start=\"3\">\n<li><strong>Empregabilidade alta em ambientes din\u00e2micos<\/strong><\/li>\n<\/ol>\n\n\n\n<p>Generalistas est\u00e3o frequentemente preparados para lidar com uma variedade de desafios, o que os torna ativos valiosos em ambientes onde a flexibilidade \u00e9 essencial.&nbsp;<\/p>\n\n\n\n<p>Al\u00e9m do mais, a j\u00e1 citada capacidade de adapta\u00e7\u00e3o pode tornar esse perfil de profissional especialmente valioso em setores sujeitos a r\u00e1pidas transforma\u00e7\u00f5es e inova\u00e7\u00f5es.<\/p>\n\n\n\n<ol class=\"wp-block-list\" start=\"4\">\n<li><strong>Aprendizado cont\u00ednuo<\/strong><\/li>\n<\/ol>\n\n\n\n<p>A natureza do profissional generalista caminha lado a lado com a mentalidade de aprendizado cont\u00ednuo, impulsionada pela curiosidade e pelo desejo de explorar constantemente novos conhecimentos.<\/p>\n\n\n\n<p>N\u00e3o por acaso, esse \u00e9 um perfil conhecido pela capacidade de inovar e de propor solu\u00e7\u00f5es fora da caixa.<\/p>\n\n\n\n<h2 class=\"wp-block-heading\"><strong>Desvantagens de ser um generalista<\/strong><\/h2>\n\n\n\n<p>Em contrapartida, ser um generalista pode trazer as seguintes desvantagens:<\/p>\n\n\n\n<ol class=\"wp-block-list\">\n<li><strong>Menor previsibilidade na carreira<\/strong><\/li>\n<\/ol>\n\n\n\n<p>Enquanto especialistas muitas vezes seguem uma trilha mais linear em suas carreiras, os generalistas podem experimentar uma variedade de fun\u00e7\u00f5es e setores.<\/p>\n\n\n\n<p>Isso, por sua vez, pode vir acompanhado pela sensa\u00e7\u00e3o de incerteza sobre os pr\u00f3ximos passos da trajet\u00f3ria profissional.<\/p>\n\n\n\n<ol class=\"wp-block-list\" start=\"2\">\n<li><strong>Menos conhecimento\/experi\u00eancia t\u00e9cnica&nbsp;<\/strong><\/li>\n<\/ol>\n\n\n\n<p>Um dos principais desafios enfrentados pelos generalistas \u00e9 a possibilidade de terem menos conhecimento t\u00e9cnico ou experi\u00eancia aprofundada em determinadas \u00e1reas.&nbsp;<\/p>\n\n\n\n<p>Em setores que valorizam habilidades t\u00e9cnicas espec\u00edficas, os generalistas podem se sentir em desvantagem em compara\u00e7\u00e3o com especialistas altamente qualificados.<\/p>\n\n\n\n<ol class=\"wp-block-list\" start=\"3\">\n<li><strong>Menos reconhecimento em certas \u00e1reas<\/strong><\/li>\n<\/ol>\n\n\n\n<p>O foco abrangente tende a fazer, tamb\u00e9m, com que os generalistas enfrentem dificuldades para serem reconhecidos e valorizados em determinadas fun\u00e7\u00f5es.<\/p>\n\n\n\n<p>Em termos simples, a probabilidade de um generalista ser reconhecido como refer\u00eancia em sua \u00e1rea \u00e9 menor quando comparado a um especialista.<\/p>\n\n\n\n<h2 class=\"wp-block-heading\"><strong>O que \u00e9 um profissional especialista?<\/strong><\/h2>\n\n\n\n<p>Dando continuidade \u00e0s explica\u00e7\u00f5es sobre especialista ou generalista, agora vamos nos aprofundar no outro lado da moeda!<\/p>\n\n\n\n<p>Como o pr\u00f3prio nome sugere, um profissional especialista \u00e9 algu\u00e9m que possui um <strong>conhecimento aprofundado e altamente espec\u00edfico<\/strong> em uma \u00e1rea particular de sua profiss\u00e3o.&nbsp;<\/p>\n\n\n\n<p>Essa especializa\u00e7\u00e3o pode ser adquirida de muitas maneiras, incluindo forma\u00e7\u00e3o acad\u00eamica, treinamentos, certifica\u00e7\u00f5es adicionais e experi\u00eancia pr\u00e1tica.<\/p>\n\n\n\n<p><strong>Principais caracter\u00edsticas de um especialista<\/strong><\/p>\n\n\n\n<p>Entre as caracter\u00edsticas mais marcantes de um profissional especialista, destacam-se:<\/p>\n\n\n\n<ul class=\"wp-block-list\">\n<li>Foco mais limitado em uma \u00e1rea;<\/li>\n\n\n\n<li>Conhecimento atualizado sobre as melhores pr\u00e1ticas da sua especialidade;<\/li>\n\n\n\n<li>Experi\u00eancia pr\u00e1tica na aplica\u00e7\u00e3o do conhecimento em situa\u00e7\u00f5es do mundo real;<\/li>\n\n\n\n<li>Capacidade de fornecer insights e orienta\u00e7\u00f5es fundamentadas sobre a \u00e1rea de especializa\u00e7\u00e3o;<\/li>\n\n\n\n<li>Capacidade de aplicar seu conhecimento para resolver problemas complexos e impulsionar avan\u00e7os.<\/li>\n<\/ul>\n\n\n\n<h2 class=\"wp-block-heading\"><strong>Vantagens de ser um especialista<\/strong><\/h2>\n\n\n\n<p>Se voc\u00ea est\u00e1 pensando em se especializar em algo, saiba que h\u00e1 muitas vantagens em seguir por esse caminho. Entre elas, est\u00e3o:<\/p>\n\n\n\n<ol class=\"wp-block-list\">\n<li><strong>Potencial para remunera\u00e7\u00e3o mais alta<\/strong><\/li>\n<\/ol>\n\n\n\n<p>A expertise em uma \u00e1rea espec\u00edfica \u00e9 frequentemente valorizada pelas organiza\u00e7\u00f5es, o que pode resultar em compensa\u00e7\u00f5es financeiras mais significativas para os especialistas.<\/p>\n\n\n\n<p>O potencial \u00e9 ainda maior quando falamos sobre setores que carecem de profissionais especializados, como o de Tecnologia da Informa\u00e7\u00e3o (TI).<\/p>\n\n\n\n<p>&nbsp;Afinal, as empresas tendem a oferecer sal\u00e1rios mais altos como uma estrat\u00e9gia para se destacarem da concorr\u00eancia e, assim, ampliarem as possibilidades de atra\u00e7\u00e3o e contrata\u00e7\u00e3o de talentos qualificados.&nbsp;<\/p>\n\n\n\n<ol class=\"wp-block-list\" start=\"2\">\n<li><strong>Reconhecimento profissional<\/strong><\/li>\n<\/ol>\n\n\n\n<p>Os especialistas geralmente desfrutam de um reconhecimento profissional substancial em suas \u00e1reas de expertise. Sua autoridade e know-how os colocam como refer\u00eancias respeit\u00e1veis, tanto dentro de suas organiza\u00e7\u00f5es quanto na ind\u00fastria em geral.<\/p>\n\n\n\n<ol class=\"wp-block-list\" start=\"3\">\n<li><strong>Oportunidades interessantes<\/strong><\/li>\n<\/ol>\n\n\n\n<p>Por fim, a especializa\u00e7\u00e3o tende a abrir portas para oportunidades de trabalho mais interessantes e desafiadoras.&nbsp;<\/p>\n\n\n\n<p>Isso ocorre porque os especialistas muitas vezes s\u00e3o procurados para projetos espec\u00edficos e cargos estrat\u00e9gicos que exigem suas habilidades exclusivas.<\/p>\n\n\n\n<h2 class=\"wp-block-heading\"><strong>Desvantagens de ser um especialista<\/strong><\/h2>\n\n\n\n<p>J\u00e1 entre as desvantagens da especializa\u00e7\u00e3o, as que merecem mais aten\u00e7\u00e3o s\u00e3o as seguintes:<\/p>\n\n\n\n<ol class=\"wp-block-list\">\n<li><strong>Maior dificuldade de recoloca\u00e7\u00e3o<\/strong><\/li>\n<\/ol>\n\n\n\n<p>De modo geral, h\u00e1 mais oportunidades de trabalho para generalistas do que para especialistas.&nbsp;<\/p>\n\n\n\n<p>Esse fato pode fazer com que os especialistas enfrentem maior dificuldade ao buscar recoloca\u00e7\u00e3o, especialmente se o mercado estiver saturado ou se a demanda por sua especialidade diminuir.<\/p>\n\n\n\n<ol class=\"wp-block-list\" start=\"2\">\n<li><strong>Press\u00e3o constante por atualiza\u00e7\u00e3o<\/strong><\/li>\n<\/ol>\n\n\n\n<p>Para permanecerem relevantes, os especialistas muitas vezes enfrentam a press\u00e3o constante de manter-se atualizados com as \u00faltimas tend\u00eancias e avan\u00e7os em sua \u00e1rea. O que, por sua vez, demanda tempo e esfor\u00e7o significativos.<\/p>\n\n\n\n<ol class=\"wp-block-list\" start=\"3\">\n<li><strong>Menor tend\u00eancia a ocupar cargos de gest\u00e3o<\/strong><\/li>\n<\/ol>\n\n\n\n<p>Especialistas t\u00eam uma menor tend\u00eancia a ocupar cargos de gest\u00e3o, pois suas habilidades s\u00e3o frequentemente associadas \u00e0 execu\u00e7\u00e3o de tarefas espec\u00edficas. Para aqueles que almejam ocupar posi\u00e7\u00f5es de lideran\u00e7a, esse \u00e9 um fato a ser considerado.<\/p>\n\n\n\n<figure class=\"wp-block-image size-full\"><img fetchpriority=\"high\" decoding=\"async\" width=\"815\" height=\"269\" src=\"https:\/\/metarh.com.br\/metarhnews\/wp-content\/uploads\/2023\/11\/Header-Lugares-Incriveis.jpg\" alt=\"\" class=\"wp-image-16024\" srcset=\"https:\/\/metarh.com.br\/metarhnews\/wp-content\/uploads\/2023\/11\/Header-Lugares-Incriveis.jpg 815w, https:\/\/metarh.com.br\/metarhnews\/wp-content\/uploads\/2023\/11\/Header-Lugares-Incriveis-300x99.jpg 300w, https:\/\/metarh.com.br\/metarhnews\/wp-content\/uploads\/2023\/11\/Header-Lugares-Incriveis-768x253.jpg 768w\" sizes=\"(max-width: 815px) 100vw, 815px\" \/><\/figure>\n\n\n\n<p>Agora que voc\u00ea j\u00e1 est\u00e1 por dentro das principais diferen\u00e7as entre ser especialista ou generalista, tenha em mente o seguinte: a escolha entre esses dois mundos depende de v\u00e1rios fatores.<\/p>\n\n\n\n<p>Ambos os perfis t\u00eam vantagens e desvantagens. Por isso, <strong>a chave para uma boa decis\u00e3o est\u00e1 em avaliar suas pr\u00f3prias metas, habilidades e prefer\u00eancias<\/strong>, al\u00e9m de monitorar as tend\u00eancias do mercado de trabalho.<\/p>\n\n\n\n<p>Independentemente do caminho que voc\u00ea decidir trilhar, lembre-se de que as melhores vagas est\u00e3o na METARH. Cadastre o seu curr\u00edculo de forma gratuita e aumente suas chances de trabalhar em grandes empresas!<\/p>\n\n\n\n<div class=\"wp-block-buttons is-content-justification-center is-layout-flex wp-container-core-buttons-is-layout-16018d1d wp-block-buttons-is-layout-flex\">\n<div class=\"wp-block-button\"><a class=\"wp-block-button__link wp-element-button\" href=\"https:\/\/metarh.com.br\/nossas-vagas\/\" style=\"border-radius:100px;padding-top:var(--wp--preset--spacing--30);padding-right:var(--wp--preset--spacing--30);padding-bottom:var(--wp--preset--spacing--30);padding-left:var(--wp--preset--spacing--30)\">QUERO CADASTRAR MEU CURR\u00cdCULO<\/a><\/div>\n<\/div>\n<div style=\"margin-top: 0px; margin-bottom: 0px;\" class=\"sharethis-inline-share-buttons\" ><\/div>","protected":false},"excerpt":{"rendered":"<p>Sabia que entender as diferen\u00e7as entre um perfil especialista ou generalista pode transformar a sua trajet\u00f3ria profissional? Em primeiro lugar, a escolha entre especializa\u00e7\u00e3o e generaliza\u00e7\u00e3o exerce uma influ\u00eancia significativa no direcionamento de carreira e na forma como um profissional \u00e9 percebido no mercado de trabalho. Al\u00e9m disso, durante a busca por oportunidades de emprego,&#8230;<\/p>\n","protected":false},"author":4,"featured_media":16087,"comment_status":"open","ping_status":"open","sticky":false,"template":"","format":"standard","meta":{"_kadence_starter_templates_imported_post":false,"_kad_post_transparent":"","_kad_post_title":"","_kad_post_layout":"","_kad_post_sidebar_id":"","_kad_post_content_style":"","_kad_post_vertical_padding":"","_kad_post_feature":"","_kad_post_feature_position":"","_kad_post_header":false,"_kad_post_footer":false,"_kad_post_classname":"","footnotes":""},"categories":[164,145,2],"tags":[136],"class_list":["post-16086","post","type-post","status-publish","format-standard","has-post-thumbnail","hentry","category-aprendizado-em-rh","category-carreira","category-materias","tag-carreira"],"yoast_head":"<!-- This site is optimized with the Yoast SEO Premium plugin v26.6 (Yoast SEO v27.5) - https:\/\/yoast.com\/product\/yoast-seo-premium-wordpress\/ -->\n<title>Especialista ou Generalista: entenda a diferen\u00e7a entre eles<\/title>\n<meta name=\"description\" content=\"Entender as diferen\u00e7as entre um perfil especialista ou generalista pode transformar a sua trajet\u00f3ria profissional.\" \/>\n<meta name=\"robots\" content=\"index, follow, max-snippet:-1, max-image-preview:large, max-video-preview:-1\" \/>\n<link rel=\"canonical\" href=\"https:\/\/metarh.com.br\/metarhnews\/especialista-generalista\/\" \/>\n<meta property=\"og:locale\" content=\"pt_BR\" \/>\n<meta property=\"og:type\" content=\"article\" \/>\n<meta property=\"og:title\" content=\"Especialista ou Generalista: entenda a diferen\u00e7a entre eles\" \/>\n<meta property=\"og:description\" content=\"Entender as diferen\u00e7as entre um perfil especialista ou generalista pode transformar a sua trajet\u00f3ria profissional.\" \/>\n<meta property=\"og:url\" content=\"https:\/\/metarh.com.br\/metarhnews\/especialista-generalista\/\" \/>\n<meta property=\"og:site_name\" content=\"METARH +News\" \/>\n<meta property=\"article:publisher\" content=\"https:\/\/www.facebook.com\/metarhumana\" \/>\n<meta property=\"article:author\" content=\"https:\/\/www.facebook.com\/metarhconsultoria\" \/>\n<meta property=\"article:published_time\" content=\"2024-02-23T12:00:00+00:00\" \/>\n<meta property=\"article:modified_time\" content=\"2025-11-19T00:52:29+00:00\" \/>\n<meta property=\"og:image\" content=\"https:\/\/metarh.com.br\/metarhnews\/wp-content\/uploads\/2024\/02\/Especialista-ou-Generalista.jpg\" \/>\n\t<meta property=\"og:image:width\" content=\"1060\" \/>\n\t<meta property=\"og:image:height\" content=\"700\" \/>\n\t<meta property=\"og:image:type\" content=\"image\/jpeg\" \/>\n<meta name=\"author\" content=\"METARH\" \/>\n<meta name=\"twitter:card\" content=\"summary_large_image\" \/>\n<meta name=\"twitter:creator\" content=\"@metarhumana\" \/>\n<meta name=\"twitter:site\" content=\"@metarhumana\" \/>\n<meta name=\"twitter:label1\" content=\"Escrito por\" \/>\n\t<meta name=\"twitter:data1\" content=\"METARH\" \/>\n\t<meta name=\"twitter:label2\" content=\"Est. tempo de leitura\" \/>\n\t<meta name=\"twitter:data2\" content=\"7 minutos\" \/>\n<script type=\"application\/ld+json\" class=\"yoast-schema-graph\">{\"@context\":\"https:\\\/\\\/schema.org\",\"@graph\":[{\"@type\":\"Article\",\"@id\":\"https:\\\/\\\/metarh.com.br\\\/metarhnews\\\/especialista-generalista\\\/#article\",\"isPartOf\":{\"@id\":\"https:\\\/\\\/metarh.com.br\\\/metarhnews\\\/especialista-generalista\\\/\"},\"author\":{\"name\":\"METARH\",\"@id\":\"https:\\\/\\\/metarh.com.br\\\/metarhnews\\\/#\\\/schema\\\/person\\\/930900bc40677695dc9df602ec0366d0\"},\"headline\":\"Especialista ou Generalista: entenda a diferen\u00e7a entre eles\",\"datePublished\":\"2024-02-23T12:00:00+00:00\",\"dateModified\":\"2025-11-19T00:52:29+00:00\",\"mainEntityOfPage\":{\"@id\":\"https:\\\/\\\/metarh.com.br\\\/metarhnews\\\/especialista-generalista\\\/\"},\"wordCount\":1322,\"commentCount\":0,\"publisher\":{\"@id\":\"https:\\\/\\\/metarh.com.br\\\/metarhnews\\\/#organization\"},\"image\":{\"@id\":\"https:\\\/\\\/metarh.com.br\\\/metarhnews\\\/especialista-generalista\\\/#primaryimage\"},\"thumbnailUrl\":\"https:\\\/\\\/metarh.com.br\\\/metarhnews\\\/wp-content\\\/uploads\\\/2024\\\/02\\\/Especialista-ou-Generalista.jpg\",\"keywords\":[\"Carreira\"],\"articleSection\":[\"Aprendizado\",\"Carreira\",\"Mat\u00e9rias\"],\"inLanguage\":\"pt-BR\",\"potentialAction\":[{\"@type\":\"CommentAction\",\"name\":\"Comment\",\"target\":[\"https:\\\/\\\/metarh.com.br\\\/metarhnews\\\/especialista-generalista\\\/#respond\"]}],\"copyrightYear\":\"2024\",\"copyrightHolder\":{\"@id\":\"https:\\\/\\\/metarh.com.br\\\/metarhnews\\\/#organization\"}},{\"@type\":\"WebPage\",\"@id\":\"https:\\\/\\\/metarh.com.br\\\/metarhnews\\\/especialista-generalista\\\/\",\"url\":\"https:\\\/\\\/metarh.com.br\\\/metarhnews\\\/especialista-generalista\\\/\",\"name\":\"Especialista ou Generalista: entenda a diferen\u00e7a entre eles\",\"isPartOf\":{\"@id\":\"https:\\\/\\\/metarh.com.br\\\/metarhnews\\\/#website\"},\"primaryImageOfPage\":{\"@id\":\"https:\\\/\\\/metarh.com.br\\\/metarhnews\\\/especialista-generalista\\\/#primaryimage\"},\"image\":{\"@id\":\"https:\\\/\\\/metarh.com.br\\\/metarhnews\\\/especialista-generalista\\\/#primaryimage\"},\"thumbnailUrl\":\"https:\\\/\\\/metarh.com.br\\\/metarhnews\\\/wp-content\\\/uploads\\\/2024\\\/02\\\/Especialista-ou-Generalista.jpg\",\"datePublished\":\"2024-02-23T12:00:00+00:00\",\"dateModified\":\"2025-11-19T00:52:29+00:00\",\"description\":\"Entender as diferen\u00e7as entre um perfil especialista ou generalista pode transformar a sua trajet\u00f3ria profissional.\",\"breadcrumb\":{\"@id\":\"https:\\\/\\\/metarh.com.br\\\/metarhnews\\\/especialista-generalista\\\/#breadcrumb\"},\"inLanguage\":\"pt-BR\",\"potentialAction\":[{\"@type\":\"ReadAction\",\"target\":[\"https:\\\/\\\/metarh.com.br\\\/metarhnews\\\/especialista-generalista\\\/\"]}]},{\"@type\":\"ImageObject\",\"inLanguage\":\"pt-BR\",\"@id\":\"https:\\\/\\\/metarh.com.br\\\/metarhnews\\\/especialista-generalista\\\/#primaryimage\",\"url\":\"https:\\\/\\\/metarh.com.br\\\/metarhnews\\\/wp-content\\\/uploads\\\/2024\\\/02\\\/Especialista-ou-Generalista.jpg\",\"contentUrl\":\"https:\\\/\\\/metarh.com.br\\\/metarhnews\\\/wp-content\\\/uploads\\\/2024\\\/02\\\/Especialista-ou-Generalista.jpg\",\"width\":1060,\"height\":700,\"caption\":\"Especialista ou Generalista\"},{\"@type\":\"BreadcrumbList\",\"@id\":\"https:\\\/\\\/metarh.com.br\\\/metarhnews\\\/especialista-generalista\\\/#breadcrumb\",\"itemListElement\":[{\"@type\":\"ListItem\",\"position\":1,\"name\":\"In\u00edcio\",\"item\":\"https:\\\/\\\/metarh.com.br\\\/metarhnews\\\/\"},{\"@type\":\"ListItem\",\"position\":2,\"name\":\"Especialista ou Generalista: entenda a diferen\u00e7a entre eles\"}]},{\"@type\":\"WebSite\",\"@id\":\"https:\\\/\\\/metarh.com.br\\\/metarhnews\\\/#website\",\"url\":\"https:\\\/\\\/metarh.com.br\\\/metarhnews\\\/\",\"name\":\"METARH +News\",\"description\":\"Conte\u00fado focado em Gest\u00e3o de Pessoas\",\"publisher\":{\"@id\":\"https:\\\/\\\/metarh.com.br\\\/metarhnews\\\/#organization\"},\"potentialAction\":[{\"@type\":\"SearchAction\",\"target\":{\"@type\":\"EntryPoint\",\"urlTemplate\":\"https:\\\/\\\/metarh.com.br\\\/metarhnews\\\/?s={search_term_string}\"},\"query-input\":{\"@type\":\"PropertyValueSpecification\",\"valueRequired\":true,\"valueName\":\"search_term_string\"}}],\"inLanguage\":\"pt-BR\"},{\"@type\":\"Organization\",\"@id\":\"https:\\\/\\\/metarh.com.br\\\/metarhnews\\\/#organization\",\"name\":\"METARH +Humana\",\"url\":\"https:\\\/\\\/metarh.com.br\\\/metarhnews\\\/\",\"logo\":{\"@type\":\"ImageObject\",\"inLanguage\":\"pt-BR\",\"@id\":\"https:\\\/\\\/metarh.com.br\\\/metarhnews\\\/#\\\/schema\\\/logo\\\/image\\\/\",\"url\":\"https:\\\/\\\/metarh.com.br\\\/metarhnews\\\/wp-content\\\/uploads\\\/2025\\\/02\\\/METARH-Azul-Horizontal.png\",\"contentUrl\":\"https:\\\/\\\/metarh.com.br\\\/metarhnews\\\/wp-content\\\/uploads\\\/2025\\\/02\\\/METARH-Azul-Horizontal.png\",\"width\":1002,\"height\":303,\"caption\":\"METARH +Humana\"},\"image\":{\"@id\":\"https:\\\/\\\/metarh.com.br\\\/metarhnews\\\/#\\\/schema\\\/logo\\\/image\\\/\"},\"sameAs\":[\"https:\\\/\\\/www.facebook.com\\\/metarhumana\",\"https:\\\/\\\/x.com\\\/metarhumana\",\"https:\\\/\\\/www.instagram.com\\\/metarhumana\\\/\",\"https:\\\/\\\/www.youtube.com\\\/@metarhumana\"]},{\"@type\":\"Person\",\"@id\":\"https:\\\/\\\/metarh.com.br\\\/metarhnews\\\/#\\\/schema\\\/person\\\/930900bc40677695dc9df602ec0366d0\",\"name\":\"METARH\",\"image\":{\"@type\":\"ImageObject\",\"inLanguage\":\"pt-BR\",\"@id\":\"https:\\\/\\\/secure.gravatar.com\\\/avatar\\\/e03963382c9576f1c9989940c2d59ebc780df154afc76a079627bbbdb3dcefa1?s=96&d=mm&r=g\",\"url\":\"https:\\\/\\\/secure.gravatar.com\\\/avatar\\\/e03963382c9576f1c9989940c2d59ebc780df154afc76a079627bbbdb3dcefa1?s=96&d=mm&r=g\",\"contentUrl\":\"https:\\\/\\\/secure.gravatar.com\\\/avatar\\\/e03963382c9576f1c9989940c2d59ebc780df154afc76a079627bbbdb3dcefa1?s=96&d=mm&r=g\",\"caption\":\"METARH\"},\"description\":\"Somos uma consultoria de recursos humanos com mais de 40 anos de mercado, ajudando empresas como a sua a encontrarem o talento certo. Nossos processos s\u00e3o focados no sucesso dos clientes sem deixar de lado a experi\u00eancia positiva das pessoas candidatas.\",\"sameAs\":[\"http:\\\/\\\/www.metarh.com.br\",\"https:\\\/\\\/www.facebook.com\\\/metarhconsultoria\",\"https:\\\/\\\/www.instagram.com\\\/metarhconsultoria\\\/\",\"https:\\\/\\\/www.linkedin.com\\\/company\\\/metarhconsultoria\",\"http:\\\/\\\/youtube.com\\\/@metarhconsultoria\"],\"url\":\"https:\\\/\\\/metarh.com.br\\\/metarhnews\\\/author\\\/editorial-metarh\\\/\"}]}<\/script>\n<!-- \/ Yoast SEO Premium plugin. -->","yoast_head_json":{"title":"Especialista ou Generalista: entenda a diferen\u00e7a entre eles","description":"Entender as diferen\u00e7as entre um perfil especialista ou generalista pode transformar a sua trajet\u00f3ria profissional.","robots":{"index":"index","follow":"follow","max-snippet":"max-snippet:-1","max-image-preview":"max-image-preview:large","max-video-preview":"max-video-preview:-1"},"canonical":"https:\/\/metarh.com.br\/metarhnews\/especialista-generalista\/","og_locale":"pt_BR","og_type":"article","og_title":"Especialista ou Generalista: entenda a diferen\u00e7a entre eles","og_description":"Entender as diferen\u00e7as entre um perfil especialista ou generalista pode transformar a sua trajet\u00f3ria profissional.","og_url":"https:\/\/metarh.com.br\/metarhnews\/especialista-generalista\/","og_site_name":"METARH +News","article_publisher":"https:\/\/www.facebook.com\/metarhumana","article_author":"https:\/\/www.facebook.com\/metarhconsultoria","article_published_time":"2024-02-23T12:00:00+00:00","article_modified_time":"2025-11-19T00:52:29+00:00","og_image":[{"width":1060,"height":700,"url":"https:\/\/metarh.com.br\/metarhnews\/wp-content\/uploads\/2024\/02\/Especialista-ou-Generalista.jpg","type":"image\/jpeg"}],"author":"METARH","twitter_card":"summary_large_image","twitter_creator":"@metarhumana","twitter_site":"@metarhumana","twitter_misc":{"Escrito por":"METARH","Est. tempo de leitura":"7 minutos"},"schema":{"@context":"https:\/\/schema.org","@graph":[{"@type":"Article","@id":"https:\/\/metarh.com.br\/metarhnews\/especialista-generalista\/#article","isPartOf":{"@id":"https:\/\/metarh.com.br\/metarhnews\/especialista-generalista\/"},"author":{"name":"METARH","@id":"https:\/\/metarh.com.br\/metarhnews\/#\/schema\/person\/930900bc40677695dc9df602ec0366d0"},"headline":"Especialista ou Generalista: entenda a diferen\u00e7a entre eles","datePublished":"2024-02-23T12:00:00+00:00","dateModified":"2025-11-19T00:52:29+00:00","mainEntityOfPage":{"@id":"https:\/\/metarh.com.br\/metarhnews\/especialista-generalista\/"},"wordCount":1322,"commentCount":0,"publisher":{"@id":"https:\/\/metarh.com.br\/metarhnews\/#organization"},"image":{"@id":"https:\/\/metarh.com.br\/metarhnews\/especialista-generalista\/#primaryimage"},"thumbnailUrl":"https:\/\/metarh.com.br\/metarhnews\/wp-content\/uploads\/2024\/02\/Especialista-ou-Generalista.jpg","keywords":["Carreira"],"articleSection":["Aprendizado","Carreira","Mat\u00e9rias"],"inLanguage":"pt-BR","potentialAction":[{"@type":"CommentAction","name":"Comment","target":["https:\/\/metarh.com.br\/metarhnews\/especialista-generalista\/#respond"]}],"copyrightYear":"2024","copyrightHolder":{"@id":"https:\/\/metarh.com.br\/metarhnews\/#organization"}},{"@type":"WebPage","@id":"https:\/\/metarh.com.br\/metarhnews\/especialista-generalista\/","url":"https:\/\/metarh.com.br\/metarhnews\/especialista-generalista\/","name":"Especialista ou Generalista: entenda a diferen\u00e7a entre eles","isPartOf":{"@id":"https:\/\/metarh.com.br\/metarhnews\/#website"},"primaryImageOfPage":{"@id":"https:\/\/metarh.com.br\/metarhnews\/especialista-generalista\/#primaryimage"},"image":{"@id":"https:\/\/metarh.com.br\/metarhnews\/especialista-generalista\/#primaryimage"},"thumbnailUrl":"https:\/\/metarh.com.br\/metarhnews\/wp-content\/uploads\/2024\/02\/Especialista-ou-Generalista.jpg","datePublished":"2024-02-23T12:00:00+00:00","dateModified":"2025-11-19T00:52:29+00:00","description":"Entender as diferen\u00e7as entre um perfil especialista ou generalista pode transformar a sua trajet\u00f3ria profissional.","breadcrumb":{"@id":"https:\/\/metarh.com.br\/metarhnews\/especialista-generalista\/#breadcrumb"},"inLanguage":"pt-BR","potentialAction":[{"@type":"ReadAction","target":["https:\/\/metarh.com.br\/metarhnews\/especialista-generalista\/"]}]},{"@type":"ImageObject","inLanguage":"pt-BR","@id":"https:\/\/metarh.com.br\/metarhnews\/especialista-generalista\/#primaryimage","url":"https:\/\/metarh.com.br\/metarhnews\/wp-content\/uploads\/2024\/02\/Especialista-ou-Generalista.jpg","contentUrl":"https:\/\/metarh.com.br\/metarhnews\/wp-content\/uploads\/2024\/02\/Especialista-ou-Generalista.jpg","width":1060,"height":700,"caption":"Especialista ou Generalista"},{"@type":"BreadcrumbList","@id":"https:\/\/metarh.com.br\/metarhnews\/especialista-generalista\/#breadcrumb","itemListElement":[{"@type":"ListItem","position":1,"name":"In\u00edcio","item":"https:\/\/metarh.com.br\/metarhnews\/"},{"@type":"ListItem","position":2,"name":"Especialista ou Generalista: entenda a diferen\u00e7a entre eles"}]},{"@type":"WebSite","@id":"https:\/\/metarh.com.br\/metarhnews\/#website","url":"https:\/\/metarh.com.br\/metarhnews\/","name":"METARH +News","description":"Conte\u00fado focado em Gest\u00e3o de Pessoas","publisher":{"@id":"https:\/\/metarh.com.br\/metarhnews\/#organization"},"potentialAction":[{"@type":"SearchAction","target":{"@type":"EntryPoint","urlTemplate":"https:\/\/metarh.com.br\/metarhnews\/?s={search_term_string}"},"query-input":{"@type":"PropertyValueSpecification","valueRequired":true,"valueName":"search_term_string"}}],"inLanguage":"pt-BR"},{"@type":"Organization","@id":"https:\/\/metarh.com.br\/metarhnews\/#organization","name":"METARH +Humana","url":"https:\/\/metarh.com.br\/metarhnews\/","logo":{"@type":"ImageObject","inLanguage":"pt-BR","@id":"https:\/\/metarh.com.br\/metarhnews\/#\/schema\/logo\/image\/","url":"https:\/\/metarh.com.br\/metarhnews\/wp-content\/uploads\/2025\/02\/METARH-Azul-Horizontal.png","contentUrl":"https:\/\/metarh.com.br\/metarhnews\/wp-content\/uploads\/2025\/02\/METARH-Azul-Horizontal.png","width":1002,"height":303,"caption":"METARH +Humana"},"image":{"@id":"https:\/\/metarh.com.br\/metarhnews\/#\/schema\/logo\/image\/"},"sameAs":["https:\/\/www.facebook.com\/metarhumana","https:\/\/x.com\/metarhumana","https:\/\/www.instagram.com\/metarhumana\/","https:\/\/www.youtube.com\/@metarhumana"]},{"@type":"Person","@id":"https:\/\/metarh.com.br\/metarhnews\/#\/schema\/person\/930900bc40677695dc9df602ec0366d0","name":"METARH","image":{"@type":"ImageObject","inLanguage":"pt-BR","@id":"https:\/\/secure.gravatar.com\/avatar\/e03963382c9576f1c9989940c2d59ebc780df154afc76a079627bbbdb3dcefa1?s=96&d=mm&r=g","url":"https:\/\/secure.gravatar.com\/avatar\/e03963382c9576f1c9989940c2d59ebc780df154afc76a079627bbbdb3dcefa1?s=96&d=mm&r=g","contentUrl":"https:\/\/secure.gravatar.com\/avatar\/e03963382c9576f1c9989940c2d59ebc780df154afc76a079627bbbdb3dcefa1?s=96&d=mm&r=g","caption":"METARH"},"description":"Somos uma consultoria de recursos humanos com mais de 40 anos de mercado, ajudando empresas como a sua a encontrarem o talento certo. Nossos processos s\u00e3o focados no sucesso dos clientes sem deixar de lado a experi\u00eancia positiva das pessoas candidatas.","sameAs":["http:\/\/www.metarh.com.br","https:\/\/www.facebook.com\/metarhconsultoria","https:\/\/www.instagram.com\/metarhconsultoria\/","https:\/\/www.linkedin.com\/company\/metarhconsultoria","http:\/\/youtube.com\/@metarhconsultoria"],"url":"https:\/\/metarh.com.br\/metarhnews\/author\/editorial-metarh\/"}]}},"_links":{"self":[{"href":"https:\/\/metarh.com.br\/metarhnews\/wp-json\/wp\/v2\/posts\/16086","targetHints":{"allow":["GET"]}}],"collection":[{"href":"https:\/\/metarh.com.br\/metarhnews\/wp-json\/wp\/v2\/posts"}],"about":[{"href":"https:\/\/metarh.com.br\/metarhnews\/wp-json\/wp\/v2\/types\/post"}],"author":[{"embeddable":true,"href":"https:\/\/metarh.com.br\/metarhnews\/wp-json\/wp\/v2\/users\/4"}],"replies":[{"embeddable":true,"href":"https:\/\/metarh.com.br\/metarhnews\/wp-json\/wp\/v2\/comments?post=16086"}],"version-history":[{"count":3,"href":"https:\/\/metarh.com.br\/metarhnews\/wp-json\/wp\/v2\/posts\/16086\/revisions"}],"predecessor-version":[{"id":16850,"href":"https:\/\/metarh.com.br\/metarhnews\/wp-json\/wp\/v2\/posts\/16086\/revisions\/16850"}],"wp:featuredmedia":[{"embeddable":true,"href":"https:\/\/metarh.com.br\/metarhnews\/wp-json\/wp\/v2\/media\/16087"}],"wp:attachment":[{"href":"https:\/\/metarh.com.br\/metarhnews\/wp-json\/wp\/v2\/media?parent=16086"}],"wp:term":[{"taxonomy":"category","embeddable":true,"href":"https:\/\/metarh.com.br\/metarhnews\/wp-json\/wp\/v2\/categories?post=16086"},{"taxonomy":"post_tag","embeddable":true,"href":"https:\/\/metarh.com.br\/metarhnews\/wp-json\/wp\/v2\/tags?post=16086"}],"curies":[{"name":"wp","href":"https:\/\/api.w.org\/{rel}","templated":true}]}}