{"id":16108,"date":"2024-02-26T09:00:00","date_gmt":"2024-02-26T12:00:00","guid":{"rendered":"https:\/\/metarh.com.br\/metarhnews\/?p=16108"},"modified":"2025-11-18T21:51:40","modified_gmt":"2025-11-19T00:51:40","slug":"trabalho-temporario","status":"publish","type":"post","link":"https:\/\/metarh.com.br\/metarhnews\/trabalho-temporario\/","title":{"rendered":"Contrato de trabalho tempor\u00e1rio: entenda como funciona a contrata\u00e7\u00e3o"},"content":{"rendered":"\n<p>Quem \u00e9 da \u00e1rea de RH sabe bem que as datas comemorativas n\u00e3o se resumem apenas a momentos de celebra\u00e7\u00e3o. Em setores espec\u00edficos, elas trazem consigo um fen\u00f4meno extra: o consider\u00e1vel aumento no volume de <strong>contrato de trabalho tempor\u00e1rio<\/strong>.<\/p>\n\n\n\n<p>Durante a P\u00e1scoa, por exemplo, muitas organiza\u00e7\u00f5es j\u00e1 prev\u00eaem um consider\u00e1vel aumento na busca por seus produtos e servi\u00e7os. E, quando isso acontece, \u00e9 comum que elas recorram aos profissionais tempor\u00e1rios para ganhar efici\u00eancia operacional.<\/p>\n\n\n\n<p>Sua empresa tamb\u00e9m deseja aproveitar todos os benef\u00edcios desse modelo de contrata\u00e7\u00e3o em \u00e9pocas sazonais? Ent\u00e3o chegou a hora de voc\u00ea conhecer as principais regras do jogo!<\/p>\n\n\n\n<h2 class=\"wp-block-heading\"><strong>O que \u00e9 o contrato de trabalho tempor\u00e1rio?<\/strong><\/h2>\n\n\n\n<p>Como j\u00e1 deve ter ficado impl\u00edcito, o contrato de trabalho tempor\u00e1rio \u00e9 um tipo de contrata\u00e7\u00e3o que possui um prazo determinado. Ou seja, ela conta com data certa para come\u00e7ar e terminar.<\/p>\n\n\n\n<p>Essa modalidade pode ser adotada pelas empresas que precisam suprir necessidades espec\u00edficas e moment\u00e2neas, tais como o <strong>aumento sazonal de demanda<\/strong> ou a <strong>substitui\u00e7\u00e3o transit\u00f3ria de pessoal permanente<\/strong>.<\/p>\n\n\n\n<h2 class=\"wp-block-heading\"><strong>O que a lei diz sobre a contrata\u00e7\u00e3o tempor\u00e1ria?<\/strong><\/h2>\n\n\n\n<p>No Brasil, o trabalho tempor\u00e1rio \u00e9 regido pela <a href=\"https:\/\/www.planalto.gov.br\/ccivil_03\/leis\/l6019.htm\" target=\"_blank\" rel=\"noreferrer noopener\">Lei 6.019\/74<\/a>, que n\u00e3o apenas especifica quando ele \u00e9 uma op\u00e7\u00e3o v\u00e1lida como, tamb\u00e9m, quais s\u00e3o as regras e condi\u00e7\u00f5es que as empresas devem seguir ao adot\u00e1-lo.<\/p>\n\n\n\n<p>Um dos principais pontos estabelecidos por essa lei \u00e9 que <strong>as organiza\u00e7\u00f5es interessadas em contar com o trabalho tempor\u00e1rio n\u00e3o podem realizar a contrata\u00e7\u00e3o direta desse profissional.&nbsp;<\/strong><\/p>\n\n\n\n<p>De modo geral, a pessoa colaboradora tempor\u00e1ria deve ser contratada por uma <a href=\"https:\/\/metarh.com.br\/\">empresa especializada<\/a> nesse tipo de servi\u00e7o, que atuar\u00e1 como intermedi\u00e1ria entre ela e a empresa tomadora. Al\u00e9m disso, a legisla\u00e7\u00e3o brasileira tamb\u00e9m determina que <strong>o contrato de trabalho tempor\u00e1rio pode durar at\u00e9 180 dias<\/strong>, com a possibilidade de prorroga\u00e7\u00e3o por mais 90 dias em casos espec\u00edficos, totalizando 270 dias m\u00e1ximos.<\/p>\n\n\n\n<figure class=\"wp-block-image size-large\"><a href=\"https:\/\/metarh.com.br\/staffing\/\" target=\"_blank\" rel=\"noreferrer noopener\"><img fetchpriority=\"high\" decoding=\"async\" width=\"1024\" height=\"535\" src=\"https:\/\/metarh.com.br\/metarhnews\/wp-content\/uploads\/2023\/04\/LINKEDIN-B2B-STAFFING-email-1024x535.png\" alt=\"\" class=\"wp-image-14781\" srcset=\"https:\/\/metarh.com.br\/metarhnews\/wp-content\/uploads\/2023\/04\/LINKEDIN-B2B-STAFFING-email-1024x535.png 1024w, https:\/\/metarh.com.br\/metarhnews\/wp-content\/uploads\/2023\/04\/LINKEDIN-B2B-STAFFING-email-300x157.png 300w, https:\/\/metarh.com.br\/metarhnews\/wp-content\/uploads\/2023\/04\/LINKEDIN-B2B-STAFFING-email-768x401.png 768w, https:\/\/metarh.com.br\/metarhnews\/wp-content\/uploads\/2023\/04\/LINKEDIN-B2B-STAFFING-email-600x314.png 600w, https:\/\/metarh.com.br\/metarhnews\/wp-content\/uploads\/2023\/04\/LINKEDIN-B2B-STAFFING-email.png 1200w\" sizes=\"(max-width: 1024px) 100vw, 1024px\" \/><\/a><\/figure>\n\n\n\n<h2 class=\"wp-block-heading\"><strong>Regras que a empresa contratante deve cumprir&nbsp;<\/strong><\/h2>\n\n\n\n<p>Como \u00e9 a <a href=\"https:\/\/metarh.com.br\/\">consultoria de trabalho tempor\u00e1rio<\/a>, que fica respons\u00e1vel por conduzir todo o processo de contrata\u00e7\u00e3o, essa modalidade<strong> n\u00e3o estabelece um v\u00ednculo empregat\u00edcio direto entre o profissional tempor\u00e1rio e a empresa tomadora do servi\u00e7o<\/strong>.&nbsp;<\/p>\n\n\n\n<p>Mas, apesar dessa caracter\u00edstica, existem diversas normativas que as empresas contratantes devem seguir para garantir a conformidade com a Lei 6.019\/74.&nbsp;<\/p>\n\n\n\n<p>Por exemplo, quando o trabalho \u00e9 desempenhado nas instala\u00e7\u00f5es da empresa tomadora, \u00e9 imperativo que ela assegure condi\u00e7\u00f5es equiparadas para a pessoa colaboradora tempor\u00e1ria em compara\u00e7\u00e3o aos funcion\u00e1rios permanentes.<\/p>\n\n\n\n<p>Isso inclui:<\/p>\n\n\n\n<ul class=\"wp-block-list\">\n<li>Alimenta\u00e7\u00e3o, quando oferecida em refeit\u00f3rios;<\/li>\n\n\n\n<li>Direito de utilizar os servi\u00e7os de transporte;&nbsp;<\/li>\n\n\n\n<li>Atendimento m\u00e9dico ou ambulatorial existente nas depend\u00eancias da empresa ou em local por ela designado<\/li>\n\n\n\n<li>Treinamento adequado, quando a atividade o exigir.&nbsp;&nbsp;<\/li>\n<\/ul>\n\n\n\n<p>Al\u00e9m desses pontos, tamb\u00e9m \u00e9 responsabilidade da empresa contratante oferecer condi\u00e7\u00f5es adequadas de <strong>seguran\u00e7a, higiene e salubridade<\/strong> aos trabalhadores tempor\u00e1rios.<\/p>\n\n\n\n<p>O n\u00e3o cumprimento dessas regras pode resultar em penalidades e implica\u00e7\u00f5es legais. Portanto, ao firmar um contrato de trabalho tempor\u00e1rio, \u00e9 essencial que as organiza\u00e7\u00f5es estejam cientes sobre elas e busquem a conformidade.<\/p>\n\n\n\n<h2 class=\"wp-block-heading\"><strong>Direitos que regem esse modelo de contrato<\/strong><\/h2>\n\n\n\n<p>Os profissionais tempor\u00e1rios possuem direitos equiparados aos das pessoas efetivas, incluindo sal\u00e1rio equivalente \u00e0 fun\u00e7\u00e3o, uma jornada de trabalho de 40 horas semanal, f\u00e9rias remuneradas, adicional noturno, 13\u00b0 e horas extras.<\/p>\n\n\n\n<p>O que muda, aqui, \u00e9 que <strong>a responsabilidade pela garantia desses direitos recai sobre a empresa prestadora de servi\u00e7os e n\u00e3o sobre a tomadora<\/strong>.<\/p>\n\n\n\n<p>Em suma, esse arranjo visa assegurar que, mesmo sendo uma modalidade de contrata\u00e7\u00e3o distinta, os direitos fundamentais dos trabalhadores tempor\u00e1rios sejam preservados de acordo com as legisla\u00e7\u00f5es trabalhistas vigentes.<\/p>\n\n\n\n<figure class=\"wp-block-image size-large\"><a href=\"https:\/\/conteudo.metarh.com.br\/terceiros-e-temporarios\" target=\"_blank\" rel=\"noreferrer noopener\"><img decoding=\"async\" width=\"1024\" height=\"377\" src=\"https:\/\/metarh.com.br\/metarhnews\/wp-content\/uploads\/2023\/10\/E-book_Temp-x-Terc-1024x377.jpg\" alt=\"\" class=\"wp-image-15978\" srcset=\"https:\/\/metarh.com.br\/metarhnews\/wp-content\/uploads\/2023\/10\/E-book_Temp-x-Terc-1024x377.jpg 1024w, https:\/\/metarh.com.br\/metarhnews\/wp-content\/uploads\/2023\/10\/E-book_Temp-x-Terc-300x110.jpg 300w, https:\/\/metarh.com.br\/metarhnews\/wp-content\/uploads\/2023\/10\/E-book_Temp-x-Terc-768x283.jpg 768w, https:\/\/metarh.com.br\/metarhnews\/wp-content\/uploads\/2023\/10\/E-book_Temp-x-Terc-1536x565.jpg 1536w, https:\/\/metarh.com.br\/metarhnews\/wp-content\/uploads\/2023\/10\/E-book_Temp-x-Terc.jpg 1900w\" sizes=\"(max-width: 1024px) 100vw, 1024px\" \/><\/a><\/figure>\n\n\n\n<h2 class=\"wp-block-heading\"><strong>Como firmar um contrato de trabalho tempor\u00e1rio<\/strong><\/h2>\n\n\n\n<p>Firmar um contrato de trabalho tempor\u00e1rio envolve algumas etapas fundamentais para garantir uma rela\u00e7\u00e3o transparente e eficiente entre as partes envolvidas.&nbsp;<\/p>\n\n\n\n<p>Conhecer o que diz a legisla\u00e7\u00e3o foi apenas o primeiro passo. Confira, a seguir, outras fases importantes desta jornada:<\/p>\n\n\n\n<ol class=\"wp-block-list\">\n<li><strong>Encontrando um parceiro confi\u00e1vel<\/strong><\/li>\n<\/ol>\n\n\n\n<p>Como vimos anteriormente, o trabalho tempor\u00e1rio se d\u00e1 por meio da parceria entre duas empresas: uma especializada nesse tipo de servi\u00e7o e outra que receber\u00e1 a pessoa colaboradora tempor\u00e1ria.<\/p>\n\n\n\n<p>Sendo assim, a primeira coisa que voc\u00ea deve fazer \u00e9 buscar uma empresa parceira confi\u00e1vel para lhe apoiar ao longo de todo o processo.&nbsp;<\/p>\n\n\n\n<p>Para reduzir os riscos envolvidos na contrata\u00e7\u00e3o, <strong>lembre-se de verificar se a empresa escolhida est\u00e1 devidamente registrada no \u00f3rg\u00e3o espec\u00edfico do Minist\u00e9rio do Trabalho<\/strong> e se ela possui uma reputa\u00e7\u00e3o s\u00f3lida no mercado.<\/p>\n\n\n\n<ol class=\"wp-block-list\" start=\"2\">\n<li><strong>Alinhando as necessidades de contrata\u00e7\u00e3o<\/strong><\/li>\n<\/ol>\n\n\n\n<p>Uma vez definida a empresa parceira, \u00e9 necess\u00e1rio alinhar as necessidades espec\u00edficas de contrata\u00e7\u00e3o.&nbsp;<\/p>\n\n\n\n<p>Isso envolve definir claramente o motivo da contrata\u00e7\u00e3o tempor\u00e1ria, as habilidades necess\u00e1rias, o per\u00edodo de vig\u00eancia do contrato e outros detalhes pertinentes.&nbsp;<\/p>\n\n\n\n<p>A comunica\u00e7\u00e3o efetiva entre a empresa contratante e a prestadora \u00e9 essencial para o sucesso dessa empreitada.<\/p>\n\n\n\n<ol class=\"wp-block-list\" start=\"3\">\n<li><strong>Celebrando o contrato<\/strong><\/li>\n<\/ol>\n\n\n\n<p>Com os detalhes alinhados, o pr\u00f3ximo passo \u00e9 celebrar o contrato de trabalho tempor\u00e1rio. Esse documento deve ser formalizado por escrito e conter, obrigatoriamente, as seguintes informa\u00e7\u00f5es:<\/p>\n\n\n\n<ul class=\"wp-block-list\">\n<li>Qualifica\u00e7\u00e3o das partes;<\/li>\n\n\n\n<li>Motivo justificador da demanda de trabalho tempor\u00e1rio;<\/li>\n\n\n\n<li>Prazo da presta\u00e7\u00e3o de servi\u00e7os;<\/li>\n\n\n\n<li>Valor da presta\u00e7\u00e3o de servi\u00e7os;<\/li>\n\n\n\n<li>Disposi\u00e7\u00f5es sobre a seguran\u00e7a e a sa\u00fade da pessoa colaboradora, independentemente do local de realiza\u00e7\u00e3o do trabalho.&nbsp;&nbsp;<\/li>\n<\/ul>\n\n\n\n<ol class=\"wp-block-list\" start=\"4\">\n<li><strong>Avaliando continuamente<\/strong><\/li>\n<\/ol>\n\n\n\n<p>Ap\u00f3s a celebra\u00e7\u00e3o do contrato, \u00e9 importante <strong>estabelecer um processo de acompanhamento e avalia\u00e7\u00e3o cont\u00ednua para entender se a parceria est\u00e1 dando certo<\/strong> ou se \u00e9 necess\u00e1rio algum ajuste.<\/p>\n\n\n\n<p>Tamb\u00e9m \u00e9 fundamental estar atento \u00e0 data de t\u00e9rmino do contrato. Afinal, caso a pessoa colaboradora tempor\u00e1ria continue trabalhando na empresa contratante ap\u00f3s o fim, esta passa a ser respons\u00e1vel por ela.<\/p>\n\n\n\n<figure class=\"wp-block-image size-large is-resized\"><img decoding=\"async\" width=\"1024\" height=\"337\" src=\"https:\/\/metarh.com.br\/metarhnews\/wp-content\/uploads\/2024\/02\/Rodameio-email-PIPE-solucoes-1024x337.jpg\" alt=\"METARH Consultoria de RH\" class=\"wp-image-16095\" style=\"aspect-ratio:3.0385756676557865;width:787px;height:auto\" srcset=\"https:\/\/metarh.com.br\/metarhnews\/wp-content\/uploads\/2024\/02\/Rodameio-email-PIPE-solucoes-1024x337.jpg 1024w, https:\/\/metarh.com.br\/metarhnews\/wp-content\/uploads\/2024\/02\/Rodameio-email-PIPE-solucoes-300x99.jpg 300w, https:\/\/metarh.com.br\/metarhnews\/wp-content\/uploads\/2024\/02\/Rodameio-email-PIPE-solucoes-768x253.jpg 768w, https:\/\/metarh.com.br\/metarhnews\/wp-content\/uploads\/2024\/02\/Rodameio-email-PIPE-solucoes.jpg 1200w\" sizes=\"(max-width: 1024px) 100vw, 1024px\" \/><\/figure>\n\n\n\n<p>Como vimos, o contrato de trabalho tempor\u00e1rio pode ser uma estrat\u00e9gia interessante para muitas empresas. Por meio dele, \u00e9 poss\u00edvel preencher lacunas de m\u00e3o de obra de forma r\u00e1pida e eficiente, especialmente durante per\u00edodos de aumento sazonal de demanda.<\/p>\n\n\n\n<p>Al\u00e9m disso, as organiza\u00e7\u00f5es ainda t\u00eam a oportunidade de avaliar as habilidades e a adapta\u00e7\u00e3o dos trabalhadores tempor\u00e1rios \u00e0 cultura organizacional antes de considerar uma contrata\u00e7\u00e3o efetiva.<\/p>\n\n\n\n<p>Aqui, mais uma vez, destacamos a import\u00e2ncia crucial de contar com um parceiro confi\u00e1vel ao adotar essa pr\u00e1tica.&nbsp;<\/p>\n\n\n\n<p>Afinal, o apoio de uma consultoria especializada n\u00e3o apenas facilita o processo, como tamb\u00e9m assegura conformidade legal e suporte cont\u00ednuo ao longo da vig\u00eancia do contrato.<\/p>\n\n\n\n<p>Tendo tudo isso em mente, convidamos voc\u00ea a conhecer a STAFFING, a solu\u00e7\u00e3o em <strong>recrutamento, sele\u00e7\u00e3o e gest\u00e3o de profissionais tempor\u00e1rios<\/strong> da METARH.&nbsp;<\/p>\n\n\n\n<p>Com os nossos servi\u00e7os, sua empresa pode terceirizar profissionais para per\u00edodos sazonais, preencher posi\u00e7\u00f5es chaves temporariamente e muito mais. Acesse o site e solicite uma proposta!<\/p>\n\n\n\n<div class=\"wp-block-buttons is-content-justification-center is-layout-flex wp-container-core-buttons-is-layout-16018d1d wp-block-buttons-is-layout-flex\">\n<div class=\"wp-block-button\"><a class=\"wp-block-button__link wp-element-button\" href=\"https:\/\/metarh.com.br\/contato-materiais-ricos\/\" style=\"border-radius:100px;padding-top:var(--wp--preset--spacing--30);padding-right:var(--wp--preset--spacing--30);padding-bottom:var(--wp--preset--spacing--30);padding-left:var(--wp--preset--spacing--30)\" target=\"_blank\" rel=\"noreferrer noopener\">QUERO FALAR COM ESPECIALISTAS<\/a><\/div>\n<\/div>\n<div style=\"margin-top: 0px; margin-bottom: 0px;\" class=\"sharethis-inline-share-buttons\" ><\/div>","protected":false},"excerpt":{"rendered":"<p>Quem \u00e9 da \u00e1rea de RH sabe bem que as datas comemorativas n\u00e3o se resumem apenas a momentos de celebra\u00e7\u00e3o. Em setores espec\u00edficos, elas trazem consigo um fen\u00f4meno extra: o consider\u00e1vel aumento no volume de contrato de trabalho tempor\u00e1rio. Durante a P\u00e1scoa, por exemplo, muitas organiza\u00e7\u00f5es j\u00e1 prev\u00eaem um consider\u00e1vel aumento na busca por seus&#8230;<\/p>\n","protected":false},"author":4,"featured_media":16109,"comment_status":"open","ping_status":"open","sticky":false,"template":"","format":"standard","meta":{"_kadence_starter_templates_imported_post":false,"_kad_post_transparent":"","_kad_post_title":"","_kad_post_layout":"","_kad_post_sidebar_id":"","_kad_post_content_style":"","_kad_post_vertical_padding":"","_kad_post_feature":"","_kad_post_feature_position":"","_kad_post_header":false,"_kad_post_footer":false,"_kad_post_classname":"","footnotes":""},"categories":[118,164,2],"tags":[13,146],"class_list":["post-16108","post","type-post","status-publish","format-standard","has-post-thumbnail","hentry","category-staffing","category-aprendizado-em-rh","category-materias","tag-recursos-humanos","tag-trabalho-temporario"],"yoast_head":"<!-- This site is optimized with the Yoast SEO Premium plugin v26.6 (Yoast SEO v27.5) - https:\/\/yoast.com\/product\/yoast-seo-premium-wordpress\/ -->\n<title>Contrato de trabalho tempor\u00e1rio: entenda como funciona a contrata\u00e7\u00e3o<\/title>\n<meta name=\"description\" content=\"Descubra tudo sobre o contrato de trabalho tempor\u00e1rio e entenda os detalhes da contrata\u00e7\u00e3o, seus pr\u00f3s e contras.\" \/>\n<meta name=\"robots\" content=\"index, follow, max-snippet:-1, max-image-preview:large, max-video-preview:-1\" \/>\n<link rel=\"canonical\" href=\"https:\/\/metarh.com.br\/metarhnews\/trabalho-temporario\/\" \/>\n<meta property=\"og:locale\" content=\"pt_BR\" \/>\n<meta property=\"og:type\" content=\"article\" \/>\n<meta property=\"og:title\" content=\"Contrato de trabalho tempor\u00e1rio: entenda como funciona a contrata\u00e7\u00e3o\" \/>\n<meta property=\"og:description\" content=\"Descubra tudo sobre o contrato de trabalho tempor\u00e1rio e entenda os detalhes da contrata\u00e7\u00e3o, seus pr\u00f3s e contras.\" \/>\n<meta property=\"og:url\" content=\"https:\/\/metarh.com.br\/metarhnews\/trabalho-temporario\/\" \/>\n<meta property=\"og:site_name\" content=\"METARH +News\" \/>\n<meta property=\"article:publisher\" content=\"https:\/\/www.facebook.com\/metarhumana\" \/>\n<meta property=\"article:author\" content=\"https:\/\/www.facebook.com\/metarhconsultoria\" \/>\n<meta property=\"article:published_time\" content=\"2024-02-26T12:00:00+00:00\" \/>\n<meta property=\"article:modified_time\" content=\"2025-11-19T00:51:40+00:00\" \/>\n<meta property=\"og:image\" content=\"https:\/\/metarh.com.br\/metarhnews\/wp-content\/uploads\/2024\/02\/Contrato-de-trabalho-temporario.jpg\" \/>\n\t<meta property=\"og:image:width\" content=\"1060\" \/>\n\t<meta property=\"og:image:height\" content=\"700\" \/>\n\t<meta property=\"og:image:type\" content=\"image\/jpeg\" \/>\n<meta name=\"author\" content=\"METARH\" \/>\n<meta name=\"twitter:card\" content=\"summary_large_image\" \/>\n<meta name=\"twitter:creator\" content=\"@metarhumana\" \/>\n<meta name=\"twitter:site\" content=\"@metarhumana\" \/>\n<meta name=\"twitter:label1\" content=\"Escrito por\" \/>\n\t<meta name=\"twitter:data1\" content=\"METARH\" \/>\n\t<meta name=\"twitter:label2\" content=\"Est. tempo de leitura\" \/>\n\t<meta name=\"twitter:data2\" content=\"7 minutos\" \/>\n<script type=\"application\/ld+json\" class=\"yoast-schema-graph\">{\"@context\":\"https:\\\/\\\/schema.org\",\"@graph\":[{\"@type\":\"Article\",\"@id\":\"https:\\\/\\\/metarh.com.br\\\/metarhnews\\\/trabalho-temporario\\\/#article\",\"isPartOf\":{\"@id\":\"https:\\\/\\\/metarh.com.br\\\/metarhnews\\\/trabalho-temporario\\\/\"},\"author\":{\"name\":\"METARH\",\"@id\":\"https:\\\/\\\/metarh.com.br\\\/metarhnews\\\/#\\\/schema\\\/person\\\/930900bc40677695dc9df602ec0366d0\"},\"headline\":\"Contrato de trabalho tempor\u00e1rio: entenda como funciona a contrata\u00e7\u00e3o\",\"datePublished\":\"2024-02-26T12:00:00+00:00\",\"dateModified\":\"2025-11-19T00:51:40+00:00\",\"mainEntityOfPage\":{\"@id\":\"https:\\\/\\\/metarh.com.br\\\/metarhnews\\\/trabalho-temporario\\\/\"},\"wordCount\":1218,\"commentCount\":0,\"publisher\":{\"@id\":\"https:\\\/\\\/metarh.com.br\\\/metarhnews\\\/#organization\"},\"image\":{\"@id\":\"https:\\\/\\\/metarh.com.br\\\/metarhnews\\\/trabalho-temporario\\\/#primaryimage\"},\"thumbnailUrl\":\"https:\\\/\\\/metarh.com.br\\\/metarhnews\\\/wp-content\\\/uploads\\\/2024\\\/02\\\/Contrato-de-trabalho-temporario.jpg\",\"keywords\":[\"Recursos Humanos\",\"Trabalho Tempor\u00e1rio\"],\"articleSection\":[\"3 \u2022 Staffing\",\"Aprendizado\",\"Mat\u00e9rias\"],\"inLanguage\":\"pt-BR\",\"potentialAction\":[{\"@type\":\"CommentAction\",\"name\":\"Comment\",\"target\":[\"https:\\\/\\\/metarh.com.br\\\/metarhnews\\\/trabalho-temporario\\\/#respond\"]}],\"copyrightYear\":\"2024\",\"copyrightHolder\":{\"@id\":\"https:\\\/\\\/metarh.com.br\\\/metarhnews\\\/#organization\"}},{\"@type\":\"WebPage\",\"@id\":\"https:\\\/\\\/metarh.com.br\\\/metarhnews\\\/trabalho-temporario\\\/\",\"url\":\"https:\\\/\\\/metarh.com.br\\\/metarhnews\\\/trabalho-temporario\\\/\",\"name\":\"Contrato de trabalho tempor\u00e1rio: entenda como funciona a contrata\u00e7\u00e3o\",\"isPartOf\":{\"@id\":\"https:\\\/\\\/metarh.com.br\\\/metarhnews\\\/#website\"},\"primaryImageOfPage\":{\"@id\":\"https:\\\/\\\/metarh.com.br\\\/metarhnews\\\/trabalho-temporario\\\/#primaryimage\"},\"image\":{\"@id\":\"https:\\\/\\\/metarh.com.br\\\/metarhnews\\\/trabalho-temporario\\\/#primaryimage\"},\"thumbnailUrl\":\"https:\\\/\\\/metarh.com.br\\\/metarhnews\\\/wp-content\\\/uploads\\\/2024\\\/02\\\/Contrato-de-trabalho-temporario.jpg\",\"datePublished\":\"2024-02-26T12:00:00+00:00\",\"dateModified\":\"2025-11-19T00:51:40+00:00\",\"description\":\"Descubra tudo sobre o contrato de trabalho tempor\u00e1rio e entenda os detalhes da contrata\u00e7\u00e3o, seus pr\u00f3s e contras.\",\"breadcrumb\":{\"@id\":\"https:\\\/\\\/metarh.com.br\\\/metarhnews\\\/trabalho-temporario\\\/#breadcrumb\"},\"inLanguage\":\"pt-BR\",\"potentialAction\":[{\"@type\":\"ReadAction\",\"target\":[\"https:\\\/\\\/metarh.com.br\\\/metarhnews\\\/trabalho-temporario\\\/\"]}]},{\"@type\":\"ImageObject\",\"inLanguage\":\"pt-BR\",\"@id\":\"https:\\\/\\\/metarh.com.br\\\/metarhnews\\\/trabalho-temporario\\\/#primaryimage\",\"url\":\"https:\\\/\\\/metarh.com.br\\\/metarhnews\\\/wp-content\\\/uploads\\\/2024\\\/02\\\/Contrato-de-trabalho-temporario.jpg\",\"contentUrl\":\"https:\\\/\\\/metarh.com.br\\\/metarhnews\\\/wp-content\\\/uploads\\\/2024\\\/02\\\/Contrato-de-trabalho-temporario.jpg\",\"width\":1060,\"height\":700,\"caption\":\"Contrato de trabalho tempor\u00e1rio\"},{\"@type\":\"BreadcrumbList\",\"@id\":\"https:\\\/\\\/metarh.com.br\\\/metarhnews\\\/trabalho-temporario\\\/#breadcrumb\",\"itemListElement\":[{\"@type\":\"ListItem\",\"position\":1,\"name\":\"In\u00edcio\",\"item\":\"https:\\\/\\\/metarh.com.br\\\/metarhnews\\\/\"},{\"@type\":\"ListItem\",\"position\":2,\"name\":\"Contrato de trabalho tempor\u00e1rio: entenda como funciona a contrata\u00e7\u00e3o\"}]},{\"@type\":\"WebSite\",\"@id\":\"https:\\\/\\\/metarh.com.br\\\/metarhnews\\\/#website\",\"url\":\"https:\\\/\\\/metarh.com.br\\\/metarhnews\\\/\",\"name\":\"METARH +News\",\"description\":\"Conte\u00fado focado em Gest\u00e3o de Pessoas\",\"publisher\":{\"@id\":\"https:\\\/\\\/metarh.com.br\\\/metarhnews\\\/#organization\"},\"potentialAction\":[{\"@type\":\"SearchAction\",\"target\":{\"@type\":\"EntryPoint\",\"urlTemplate\":\"https:\\\/\\\/metarh.com.br\\\/metarhnews\\\/?s={search_term_string}\"},\"query-input\":{\"@type\":\"PropertyValueSpecification\",\"valueRequired\":true,\"valueName\":\"search_term_string\"}}],\"inLanguage\":\"pt-BR\"},{\"@type\":\"Organization\",\"@id\":\"https:\\\/\\\/metarh.com.br\\\/metarhnews\\\/#organization\",\"name\":\"METARH +Humana\",\"url\":\"https:\\\/\\\/metarh.com.br\\\/metarhnews\\\/\",\"logo\":{\"@type\":\"ImageObject\",\"inLanguage\":\"pt-BR\",\"@id\":\"https:\\\/\\\/metarh.com.br\\\/metarhnews\\\/#\\\/schema\\\/logo\\\/image\\\/\",\"url\":\"https:\\\/\\\/metarh.com.br\\\/metarhnews\\\/wp-content\\\/uploads\\\/2025\\\/02\\\/METARH-Azul-Horizontal.png\",\"contentUrl\":\"https:\\\/\\\/metarh.com.br\\\/metarhnews\\\/wp-content\\\/uploads\\\/2025\\\/02\\\/METARH-Azul-Horizontal.png\",\"width\":1002,\"height\":303,\"caption\":\"METARH +Humana\"},\"image\":{\"@id\":\"https:\\\/\\\/metarh.com.br\\\/metarhnews\\\/#\\\/schema\\\/logo\\\/image\\\/\"},\"sameAs\":[\"https:\\\/\\\/www.facebook.com\\\/metarhumana\",\"https:\\\/\\\/x.com\\\/metarhumana\",\"https:\\\/\\\/www.instagram.com\\\/metarhumana\\\/\",\"https:\\\/\\\/www.youtube.com\\\/@metarhumana\"]},{\"@type\":\"Person\",\"@id\":\"https:\\\/\\\/metarh.com.br\\\/metarhnews\\\/#\\\/schema\\\/person\\\/930900bc40677695dc9df602ec0366d0\",\"name\":\"METARH\",\"image\":{\"@type\":\"ImageObject\",\"inLanguage\":\"pt-BR\",\"@id\":\"https:\\\/\\\/secure.gravatar.com\\\/avatar\\\/e03963382c9576f1c9989940c2d59ebc780df154afc76a079627bbbdb3dcefa1?s=96&d=mm&r=g\",\"url\":\"https:\\\/\\\/secure.gravatar.com\\\/avatar\\\/e03963382c9576f1c9989940c2d59ebc780df154afc76a079627bbbdb3dcefa1?s=96&d=mm&r=g\",\"contentUrl\":\"https:\\\/\\\/secure.gravatar.com\\\/avatar\\\/e03963382c9576f1c9989940c2d59ebc780df154afc76a079627bbbdb3dcefa1?s=96&d=mm&r=g\",\"caption\":\"METARH\"},\"description\":\"Somos uma consultoria de recursos humanos com mais de 40 anos de mercado, ajudando empresas como a sua a encontrarem o talento certo. Nossos processos s\u00e3o focados no sucesso dos clientes sem deixar de lado a experi\u00eancia positiva das pessoas candidatas.\",\"sameAs\":[\"http:\\\/\\\/www.metarh.com.br\",\"https:\\\/\\\/www.facebook.com\\\/metarhconsultoria\",\"https:\\\/\\\/www.instagram.com\\\/metarhconsultoria\\\/\",\"https:\\\/\\\/www.linkedin.com\\\/company\\\/metarhconsultoria\",\"http:\\\/\\\/youtube.com\\\/@metarhconsultoria\"],\"url\":\"https:\\\/\\\/metarh.com.br\\\/metarhnews\\\/author\\\/editorial-metarh\\\/\"}]}<\/script>\n<!-- \/ Yoast SEO Premium plugin. -->","yoast_head_json":{"title":"Contrato de trabalho tempor\u00e1rio: entenda como funciona a contrata\u00e7\u00e3o","description":"Descubra tudo sobre o contrato de trabalho tempor\u00e1rio e entenda os detalhes da contrata\u00e7\u00e3o, seus pr\u00f3s e contras.","robots":{"index":"index","follow":"follow","max-snippet":"max-snippet:-1","max-image-preview":"max-image-preview:large","max-video-preview":"max-video-preview:-1"},"canonical":"https:\/\/metarh.com.br\/metarhnews\/trabalho-temporario\/","og_locale":"pt_BR","og_type":"article","og_title":"Contrato de trabalho tempor\u00e1rio: entenda como funciona a contrata\u00e7\u00e3o","og_description":"Descubra tudo sobre o contrato de trabalho tempor\u00e1rio e entenda os detalhes da contrata\u00e7\u00e3o, seus pr\u00f3s e contras.","og_url":"https:\/\/metarh.com.br\/metarhnews\/trabalho-temporario\/","og_site_name":"METARH +News","article_publisher":"https:\/\/www.facebook.com\/metarhumana","article_author":"https:\/\/www.facebook.com\/metarhconsultoria","article_published_time":"2024-02-26T12:00:00+00:00","article_modified_time":"2025-11-19T00:51:40+00:00","og_image":[{"width":1060,"height":700,"url":"https:\/\/metarh.com.br\/metarhnews\/wp-content\/uploads\/2024\/02\/Contrato-de-trabalho-temporario.jpg","type":"image\/jpeg"}],"author":"METARH","twitter_card":"summary_large_image","twitter_creator":"@metarhumana","twitter_site":"@metarhumana","twitter_misc":{"Escrito por":"METARH","Est. tempo de leitura":"7 minutos"},"schema":{"@context":"https:\/\/schema.org","@graph":[{"@type":"Article","@id":"https:\/\/metarh.com.br\/metarhnews\/trabalho-temporario\/#article","isPartOf":{"@id":"https:\/\/metarh.com.br\/metarhnews\/trabalho-temporario\/"},"author":{"name":"METARH","@id":"https:\/\/metarh.com.br\/metarhnews\/#\/schema\/person\/930900bc40677695dc9df602ec0366d0"},"headline":"Contrato de trabalho tempor\u00e1rio: entenda como funciona a contrata\u00e7\u00e3o","datePublished":"2024-02-26T12:00:00+00:00","dateModified":"2025-11-19T00:51:40+00:00","mainEntityOfPage":{"@id":"https:\/\/metarh.com.br\/metarhnews\/trabalho-temporario\/"},"wordCount":1218,"commentCount":0,"publisher":{"@id":"https:\/\/metarh.com.br\/metarhnews\/#organization"},"image":{"@id":"https:\/\/metarh.com.br\/metarhnews\/trabalho-temporario\/#primaryimage"},"thumbnailUrl":"https:\/\/metarh.com.br\/metarhnews\/wp-content\/uploads\/2024\/02\/Contrato-de-trabalho-temporario.jpg","keywords":["Recursos Humanos","Trabalho Tempor\u00e1rio"],"articleSection":["3 \u2022 Staffing","Aprendizado","Mat\u00e9rias"],"inLanguage":"pt-BR","potentialAction":[{"@type":"CommentAction","name":"Comment","target":["https:\/\/metarh.com.br\/metarhnews\/trabalho-temporario\/#respond"]}],"copyrightYear":"2024","copyrightHolder":{"@id":"https:\/\/metarh.com.br\/metarhnews\/#organization"}},{"@type":"WebPage","@id":"https:\/\/metarh.com.br\/metarhnews\/trabalho-temporario\/","url":"https:\/\/metarh.com.br\/metarhnews\/trabalho-temporario\/","name":"Contrato de trabalho tempor\u00e1rio: entenda como funciona a contrata\u00e7\u00e3o","isPartOf":{"@id":"https:\/\/metarh.com.br\/metarhnews\/#website"},"primaryImageOfPage":{"@id":"https:\/\/metarh.com.br\/metarhnews\/trabalho-temporario\/#primaryimage"},"image":{"@id":"https:\/\/metarh.com.br\/metarhnews\/trabalho-temporario\/#primaryimage"},"thumbnailUrl":"https:\/\/metarh.com.br\/metarhnews\/wp-content\/uploads\/2024\/02\/Contrato-de-trabalho-temporario.jpg","datePublished":"2024-02-26T12:00:00+00:00","dateModified":"2025-11-19T00:51:40+00:00","description":"Descubra tudo sobre o contrato de trabalho tempor\u00e1rio e entenda os detalhes da contrata\u00e7\u00e3o, seus pr\u00f3s e contras.","breadcrumb":{"@id":"https:\/\/metarh.com.br\/metarhnews\/trabalho-temporario\/#breadcrumb"},"inLanguage":"pt-BR","potentialAction":[{"@type":"ReadAction","target":["https:\/\/metarh.com.br\/metarhnews\/trabalho-temporario\/"]}]},{"@type":"ImageObject","inLanguage":"pt-BR","@id":"https:\/\/metarh.com.br\/metarhnews\/trabalho-temporario\/#primaryimage","url":"https:\/\/metarh.com.br\/metarhnews\/wp-content\/uploads\/2024\/02\/Contrato-de-trabalho-temporario.jpg","contentUrl":"https:\/\/metarh.com.br\/metarhnews\/wp-content\/uploads\/2024\/02\/Contrato-de-trabalho-temporario.jpg","width":1060,"height":700,"caption":"Contrato de trabalho tempor\u00e1rio"},{"@type":"BreadcrumbList","@id":"https:\/\/metarh.com.br\/metarhnews\/trabalho-temporario\/#breadcrumb","itemListElement":[{"@type":"ListItem","position":1,"name":"In\u00edcio","item":"https:\/\/metarh.com.br\/metarhnews\/"},{"@type":"ListItem","position":2,"name":"Contrato de trabalho tempor\u00e1rio: entenda como funciona a contrata\u00e7\u00e3o"}]},{"@type":"WebSite","@id":"https:\/\/metarh.com.br\/metarhnews\/#website","url":"https:\/\/metarh.com.br\/metarhnews\/","name":"METARH +News","description":"Conte\u00fado focado em Gest\u00e3o de Pessoas","publisher":{"@id":"https:\/\/metarh.com.br\/metarhnews\/#organization"},"potentialAction":[{"@type":"SearchAction","target":{"@type":"EntryPoint","urlTemplate":"https:\/\/metarh.com.br\/metarhnews\/?s={search_term_string}"},"query-input":{"@type":"PropertyValueSpecification","valueRequired":true,"valueName":"search_term_string"}}],"inLanguage":"pt-BR"},{"@type":"Organization","@id":"https:\/\/metarh.com.br\/metarhnews\/#organization","name":"METARH +Humana","url":"https:\/\/metarh.com.br\/metarhnews\/","logo":{"@type":"ImageObject","inLanguage":"pt-BR","@id":"https:\/\/metarh.com.br\/metarhnews\/#\/schema\/logo\/image\/","url":"https:\/\/metarh.com.br\/metarhnews\/wp-content\/uploads\/2025\/02\/METARH-Azul-Horizontal.png","contentUrl":"https:\/\/metarh.com.br\/metarhnews\/wp-content\/uploads\/2025\/02\/METARH-Azul-Horizontal.png","width":1002,"height":303,"caption":"METARH +Humana"},"image":{"@id":"https:\/\/metarh.com.br\/metarhnews\/#\/schema\/logo\/image\/"},"sameAs":["https:\/\/www.facebook.com\/metarhumana","https:\/\/x.com\/metarhumana","https:\/\/www.instagram.com\/metarhumana\/","https:\/\/www.youtube.com\/@metarhumana"]},{"@type":"Person","@id":"https:\/\/metarh.com.br\/metarhnews\/#\/schema\/person\/930900bc40677695dc9df602ec0366d0","name":"METARH","image":{"@type":"ImageObject","inLanguage":"pt-BR","@id":"https:\/\/secure.gravatar.com\/avatar\/e03963382c9576f1c9989940c2d59ebc780df154afc76a079627bbbdb3dcefa1?s=96&d=mm&r=g","url":"https:\/\/secure.gravatar.com\/avatar\/e03963382c9576f1c9989940c2d59ebc780df154afc76a079627bbbdb3dcefa1?s=96&d=mm&r=g","contentUrl":"https:\/\/secure.gravatar.com\/avatar\/e03963382c9576f1c9989940c2d59ebc780df154afc76a079627bbbdb3dcefa1?s=96&d=mm&r=g","caption":"METARH"},"description":"Somos uma consultoria de recursos humanos com mais de 40 anos de mercado, ajudando empresas como a sua a encontrarem o talento certo. Nossos processos s\u00e3o focados no sucesso dos clientes sem deixar de lado a experi\u00eancia positiva das pessoas candidatas.","sameAs":["http:\/\/www.metarh.com.br","https:\/\/www.facebook.com\/metarhconsultoria","https:\/\/www.instagram.com\/metarhconsultoria\/","https:\/\/www.linkedin.com\/company\/metarhconsultoria","http:\/\/youtube.com\/@metarhconsultoria"],"url":"https:\/\/metarh.com.br\/metarhnews\/author\/editorial-metarh\/"}]}},"_links":{"self":[{"href":"https:\/\/metarh.com.br\/metarhnews\/wp-json\/wp\/v2\/posts\/16108","targetHints":{"allow":["GET"]}}],"collection":[{"href":"https:\/\/metarh.com.br\/metarhnews\/wp-json\/wp\/v2\/posts"}],"about":[{"href":"https:\/\/metarh.com.br\/metarhnews\/wp-json\/wp\/v2\/types\/post"}],"author":[{"embeddable":true,"href":"https:\/\/metarh.com.br\/metarhnews\/wp-json\/wp\/v2\/users\/4"}],"replies":[{"embeddable":true,"href":"https:\/\/metarh.com.br\/metarhnews\/wp-json\/wp\/v2\/comments?post=16108"}],"version-history":[{"count":2,"href":"https:\/\/metarh.com.br\/metarhnews\/wp-json\/wp\/v2\/posts\/16108\/revisions"}],"predecessor-version":[{"id":16111,"href":"https:\/\/metarh.com.br\/metarhnews\/wp-json\/wp\/v2\/posts\/16108\/revisions\/16111"}],"wp:featuredmedia":[{"embeddable":true,"href":"https:\/\/metarh.com.br\/metarhnews\/wp-json\/wp\/v2\/media\/16109"}],"wp:attachment":[{"href":"https:\/\/metarh.com.br\/metarhnews\/wp-json\/wp\/v2\/media?parent=16108"}],"wp:term":[{"taxonomy":"category","embeddable":true,"href":"https:\/\/metarh.com.br\/metarhnews\/wp-json\/wp\/v2\/categories?post=16108"},{"taxonomy":"post_tag","embeddable":true,"href":"https:\/\/metarh.com.br\/metarhnews\/wp-json\/wp\/v2\/tags?post=16108"}],"curies":[{"name":"wp","href":"https:\/\/api.w.org\/{rel}","templated":true}]}}