{"id":16138,"date":"2024-03-26T15:08:59","date_gmt":"2024-03-26T18:08:59","guid":{"rendered":"https:\/\/metarh.com.br\/metarhnews\/?p=16138"},"modified":"2026-01-21T15:44:14","modified_gmt":"2026-01-21T18:44:14","slug":"podcast-pessoas-com-deficiencia","status":"publish","type":"post","link":"https:\/\/metarh.com.br\/metarhnews\/podcast-pessoas-com-deficiencia\/","title":{"rendered":"METARH +Cast #05: Inclus\u00e3o e Oportunidades para Pessoas com Defici\u00eancia no mercado de trabalho"},"content":{"rendered":"\n<figure class=\"wp-block-embed is-type-video is-provider-youtube wp-block-embed-youtube wp-embed-aspect-16-9 wp-has-aspect-ratio\"><div class=\"wp-block-embed__wrapper\">\n<iframe title=\"METARH +Cast #05: Inclus\u00e3o e Oportunidades para Pessoas com Defici\u00eancia no mercado de trabalho\" width=\"720\" height=\"405\" src=\"https:\/\/www.youtube.com\/embed\/w-o_ai7oVCc?feature=oembed\" frameborder=\"0\" allow=\"accelerometer; autoplay; clipboard-write; encrypted-media; gyroscope; picture-in-picture; web-share\" referrerpolicy=\"strict-origin-when-cross-origin\" allowfullscreen><\/iframe>\n<\/div><\/figure>\n\n\n\n<p>Bem-vindos ao mais recente epis\u00f3dio do METARH +Cast, onde exploramos o tema &#8220;Inclus\u00e3o e Oportunidades para Pessoas com Defici\u00eancia&#8221;. Neste epis\u00f3dio, Luke Vicente, seu host, recebe Laura Ribeiro, profissional de Recrutameto e Sele\u00e7\u00e3o e Rozy Costa, Massoterapeuta e deficiente visual, para uma conversa profunda e esclarecedora sobre este assunto crucial. <\/p>\n\n\n\n<p>No decorrer do epis\u00f3dio, discutimos a import\u00e2ncia da inclus\u00e3o no ambiente corporativo, exploramos as motiva\u00e7\u00f5es corretas por tr\u00e1s da abertura de vagas para PcDs, enfrentamos os desafios e mitos que ainda cercam a contrata\u00e7\u00e3o dessas pessoas e compartilhamos boas pr\u00e1ticas na adapta\u00e7\u00e3o de processos seletivos para garantir uma inclus\u00e3o efetiva. <\/p>\n\n\n\n<p>Para encerrar, nossos convidados compartilham dicas valiosas tanto para empresas quanto para profissionais de RH que desejam criar ambientes mais inclusivos e oferecer oportunidades reais para PcDs. <\/p>\n\n\n\n<p>Quando o assunto \u00e9 promo\u00e7\u00e3o de inclus\u00e3o verdadeira, \u00e9 essencial entender n\u00e3o apenas a viv\u00eancia di\u00e1ria das pessoas com defici\u00eancia, mas tamb\u00e9m os fatores que impactam sua trajet\u00f3ria profissional de forma equitativa. Esse tema \u00e9 explorado mais profundamente em nosso conte\u00fado sobre <a href=\"https:\/\/metarh.com.br\/metarhnews\/equidade-profissionais-com-deficiencia\/\"><strong>equidade para profissionais com defici\u00eancia<\/strong>.<\/a><\/p>\n\n\n\n<p>Al\u00e9m disso, Al\u00e9m de compartilhar experi\u00eancias inspiradoras no podcast, tamb\u00e9m \u00e9 fundamental entender <strong><a href=\"https:\/\/metarh.com.br\/metarhnews\/entenda-a-importancia-da-inclusao-do-portador-de-deficiencia-fisica-na-empresa-2\/\">a import\u00e2ncia da inclus\u00e3o de pessoas com defici\u00eancia f\u00edsica nas empresas<\/a><\/strong>, tanto do ponto de vista humano quanto organizacional.<\/p>\n\n\n\n<p>Assista ao epis\u00f3dio completo e junte-se a n\u00f3s nessa jornada de aprendizado e conscientiza\u00e7\u00e3o sobre inclus\u00e3o no ambiente de trabalho. E n\u00e3o se esque\u00e7a de se inscrever no canal e seguir nossas redes sociais para mais conte\u00fado relevante sobre gest\u00e3o de pessoas. At\u00e9 a pr\u00f3xima!<\/p>\n\n\n\n<p><strong>HOST: <\/strong><br>Luke Vicente &#8211; Analista de Marketing e Conte\u00fado <br><a href=\"https:\/\/www.linkedin.com\/in\/lukevicente\/\">https:\/\/www.linkedin.com\/in\/lukevicente\/<\/a><\/p>\n\n\n\n<p><strong>PARTICIPANTES: <\/strong><br>Laura Ribeiro &#8211; Assistente de recrutamento e sele\u00e7\u00e3o <a href=\"https:\/\/www.linkedin.com\/in\/lauraribeirodiversidade\/\">https:\/\/www.linkedin.com\/in\/lauraribeirodiversidade\/<\/a><\/p>\n\n\n\n<p>Rozi Costa &#8211; Massoterapeuta<\/p>\n\n\n\n<p>\u2702 <strong>CORTES DO METARH +Cast: <\/strong><br><a href=\"https:\/\/www.youtube.com\/playlist?list=PLCG_DQH30HwwfNQ9A76o6EI7UjNc9hGxh \">https:\/\/www.youtube.com\/playlist?list=PLCG_DQH30HwwfNQ9A76o6EI7UjNc9hGxh <\/a><\/p>\n\n\n\n<p>\u260e \ud83d\udce7 Contato: marketing@metarh.com.br <\/p>\n\n\n\n<p><strong>REALIZA\u00c7\u00c3O: <\/strong><br>METARH +Humana <br>https:\/\/www.metarh.com.br <\/p>\n\n\n\n<p>Quer se candidatar para nossas vagas? <br>https:\/\/www.metarh.selecty.com.br<\/p>\n\n\n\n<figure class=\"wp-block-image size-large\"><a href=\"https:\/\/metarh.com.br\/\" target=\"_blank\" rel=\"noreferrer noopener\"><img fetchpriority=\"high\" decoding=\"async\" width=\"1024\" height=\"337\" src=\"https:\/\/metarh.com.br\/metarhnews\/wp-content\/uploads\/2024\/02\/Rodameio-email-PIPE-solucoes-1024x337.jpg\" alt=\"METARH Consultoria de RH\" class=\"wp-image-16095\" srcset=\"https:\/\/metarh.com.br\/metarhnews\/wp-content\/uploads\/2024\/02\/Rodameio-email-PIPE-solucoes-1024x337.jpg 1024w, https:\/\/metarh.com.br\/metarhnews\/wp-content\/uploads\/2024\/02\/Rodameio-email-PIPE-solucoes-300x99.jpg 300w, https:\/\/metarh.com.br\/metarhnews\/wp-content\/uploads\/2024\/02\/Rodameio-email-PIPE-solucoes-768x253.jpg 768w, https:\/\/metarh.com.br\/metarhnews\/wp-content\/uploads\/2024\/02\/Rodameio-email-PIPE-solucoes.jpg 1200w\" sizes=\"(max-width: 1024px) 100vw, 1024px\" \/><\/a><\/figure>\n<div style=\"margin-top: 0px; margin-bottom: 0px;\" class=\"sharethis-inline-share-buttons\" ><\/div>","protected":false},"excerpt":{"rendered":"<p>Bem-vindos ao mais recente epis\u00f3dio do METARH +Cast, onde exploramos o tema &#8220;Inclus\u00e3o e Oportunidades para Pessoas com Defici\u00eancia&#8221;. Neste epis\u00f3dio, Luke Vicente, seu host, recebe Laura Ribeiro, profissional de Recrutameto e Sele\u00e7\u00e3o e Rozy Costa, Massoterapeuta e deficiente visual, para uma conversa profunda e esclarecedora sobre este assunto crucial. No decorrer do epis\u00f3dio, discutimos&#8230;<\/p>\n","protected":false},"author":4,"featured_media":16139,"comment_status":"open","ping_status":"open","sticky":false,"template":"","format":"standard","meta":{"_kadence_starter_templates_imported_post":false,"_kad_post_transparent":"","_kad_post_title":"","_kad_post_layout":"","_kad_post_sidebar_id":"","_kad_post_content_style":"","_kad_post_vertical_padding":"","_kad_post_feature":"","_kad_post_feature_position":"","_kad_post_header":false,"_kad_post_footer":false,"_kad_post_classname":"","footnotes":""},"categories":[162,164,2,7,132],"tags":[8,13],"class_list":["post-16138","post","type-post","status-publish","format-standard","has-post-thumbnail","hentry","category-trilhando-mais","category-aprendizado-em-rh","category-materias","category-podcast","category-tendencias","tag-podcast","tag-recursos-humanos"],"yoast_head":"<!-- This site is optimized with the Yoast SEO Premium plugin v26.6 (Yoast SEO v27.5) - https:\/\/yoast.com\/product\/yoast-seo-premium-wordpress\/ -->\n<title>METARH +Cast #05: Inclus\u00e3o e Oportunidades para Pessoas com Defici\u00eancia no mercado de trabalho<\/title>\n<meta name=\"description\" content=\"A import\u00e2ncia da inclus\u00e3o nas empresas, as motiva\u00e7\u00f5es corretas e vantagens mutuas por tr\u00e1s da abertura de vagas para Pessoas com Defici\u00eancia.\" \/>\n<meta name=\"robots\" content=\"index, follow, max-snippet:-1, max-image-preview:large, max-video-preview:-1\" \/>\n<link rel=\"canonical\" href=\"https:\/\/metarh.com.br\/metarhnews\/podcast-pessoas-com-deficiencia\/\" \/>\n<meta property=\"og:locale\" content=\"pt_BR\" \/>\n<meta property=\"og:type\" content=\"article\" \/>\n<meta property=\"og:title\" content=\"METARH +Cast #05: Inclus\u00e3o e Oportunidades para Pessoas com Defici\u00eancia no mercado de trabalho\" \/>\n<meta property=\"og:description\" content=\"A import\u00e2ncia da inclus\u00e3o nas empresas, as motiva\u00e7\u00f5es corretas e vantagens mutuas por tr\u00e1s da abertura de vagas para Pessoas com Defici\u00eancia.\" \/>\n<meta property=\"og:url\" content=\"https:\/\/metarh.com.br\/metarhnews\/podcast-pessoas-com-deficiencia\/\" \/>\n<meta property=\"og:site_name\" content=\"METARH +News\" \/>\n<meta property=\"article:publisher\" content=\"https:\/\/www.facebook.com\/metarhumana\" \/>\n<meta property=\"article:author\" content=\"https:\/\/www.facebook.com\/metarhconsultoria\" \/>\n<meta property=\"article:published_time\" content=\"2024-03-26T18:08:59+00:00\" \/>\n<meta property=\"article:modified_time\" content=\"2026-01-21T18:44:14+00:00\" \/>\n<meta property=\"og:image\" content=\"https:\/\/metarh.com.br\/metarhnews\/wp-content\/uploads\/2024\/03\/capa_vitrine_5.jpg\" \/>\n\t<meta property=\"og:image:width\" content=\"1060\" \/>\n\t<meta property=\"og:image:height\" content=\"700\" \/>\n\t<meta property=\"og:image:type\" content=\"image\/jpeg\" \/>\n<meta name=\"author\" content=\"METARH\" \/>\n<meta name=\"twitter:card\" content=\"summary_large_image\" \/>\n<meta name=\"twitter:creator\" content=\"@metarhumana\" \/>\n<meta name=\"twitter:site\" content=\"@metarhumana\" \/>\n<meta name=\"twitter:label1\" content=\"Escrito por\" \/>\n\t<meta name=\"twitter:data1\" content=\"METARH\" \/>\n\t<meta name=\"twitter:label2\" content=\"Est. tempo de leitura\" \/>\n\t<meta name=\"twitter:data2\" content=\"3 minutos\" \/>\n<script type=\"application\/ld+json\" class=\"yoast-schema-graph\">{\"@context\":\"https:\\\/\\\/schema.org\",\"@graph\":[{\"@type\":\"Article\",\"@id\":\"https:\\\/\\\/metarh.com.br\\\/metarhnews\\\/podcast-pessoas-com-deficiencia\\\/#article\",\"isPartOf\":{\"@id\":\"https:\\\/\\\/metarh.com.br\\\/metarhnews\\\/podcast-pessoas-com-deficiencia\\\/\"},\"author\":{\"name\":\"METARH\",\"@id\":\"https:\\\/\\\/metarh.com.br\\\/metarhnews\\\/#\\\/schema\\\/person\\\/930900bc40677695dc9df602ec0366d0\"},\"headline\":\"METARH +Cast #05: Inclus\u00e3o e Oportunidades para Pessoas com Defici\u00eancia no mercado de trabalho\",\"datePublished\":\"2024-03-26T18:08:59+00:00\",\"dateModified\":\"2026-01-21T18:44:14+00:00\",\"mainEntityOfPage\":{\"@id\":\"https:\\\/\\\/metarh.com.br\\\/metarhnews\\\/podcast-pessoas-com-deficiencia\\\/\"},\"wordCount\":392,\"commentCount\":0,\"publisher\":{\"@id\":\"https:\\\/\\\/metarh.com.br\\\/metarhnews\\\/#organization\"},\"image\":{\"@id\":\"https:\\\/\\\/metarh.com.br\\\/metarhnews\\\/podcast-pessoas-com-deficiencia\\\/#primaryimage\"},\"thumbnailUrl\":\"https:\\\/\\\/metarh.com.br\\\/metarhnews\\\/wp-content\\\/uploads\\\/2024\\\/03\\\/capa_vitrine_5.jpg\",\"keywords\":[\"Podcast\",\"Recursos Humanos\"],\"articleSection\":[\"6 \u2022 Trilhando +\",\"Aprendizado\",\"Mat\u00e9rias\",\"Podcast\",\"Tend\u00eancias\"],\"inLanguage\":\"pt-BR\",\"potentialAction\":[{\"@type\":\"CommentAction\",\"name\":\"Comment\",\"target\":[\"https:\\\/\\\/metarh.com.br\\\/metarhnews\\\/podcast-pessoas-com-deficiencia\\\/#respond\"]}],\"copyrightYear\":\"2024\",\"copyrightHolder\":{\"@id\":\"https:\\\/\\\/metarh.com.br\\\/metarhnews\\\/#organization\"}},{\"@type\":\"WebPage\",\"@id\":\"https:\\\/\\\/metarh.com.br\\\/metarhnews\\\/podcast-pessoas-com-deficiencia\\\/\",\"url\":\"https:\\\/\\\/metarh.com.br\\\/metarhnews\\\/podcast-pessoas-com-deficiencia\\\/\",\"name\":\"METARH +Cast #05: Inclus\u00e3o e Oportunidades para Pessoas com Defici\u00eancia no mercado de trabalho\",\"isPartOf\":{\"@id\":\"https:\\\/\\\/metarh.com.br\\\/metarhnews\\\/#website\"},\"primaryImageOfPage\":{\"@id\":\"https:\\\/\\\/metarh.com.br\\\/metarhnews\\\/podcast-pessoas-com-deficiencia\\\/#primaryimage\"},\"image\":{\"@id\":\"https:\\\/\\\/metarh.com.br\\\/metarhnews\\\/podcast-pessoas-com-deficiencia\\\/#primaryimage\"},\"thumbnailUrl\":\"https:\\\/\\\/metarh.com.br\\\/metarhnews\\\/wp-content\\\/uploads\\\/2024\\\/03\\\/capa_vitrine_5.jpg\",\"datePublished\":\"2024-03-26T18:08:59+00:00\",\"dateModified\":\"2026-01-21T18:44:14+00:00\",\"description\":\"A import\u00e2ncia da inclus\u00e3o nas empresas, as motiva\u00e7\u00f5es corretas e vantagens mutuas por tr\u00e1s da abertura de vagas para Pessoas com Defici\u00eancia.\",\"breadcrumb\":{\"@id\":\"https:\\\/\\\/metarh.com.br\\\/metarhnews\\\/podcast-pessoas-com-deficiencia\\\/#breadcrumb\"},\"inLanguage\":\"pt-BR\",\"potentialAction\":[{\"@type\":\"ReadAction\",\"target\":[\"https:\\\/\\\/metarh.com.br\\\/metarhnews\\\/podcast-pessoas-com-deficiencia\\\/\"]}]},{\"@type\":\"ImageObject\",\"inLanguage\":\"pt-BR\",\"@id\":\"https:\\\/\\\/metarh.com.br\\\/metarhnews\\\/podcast-pessoas-com-deficiencia\\\/#primaryimage\",\"url\":\"https:\\\/\\\/metarh.com.br\\\/metarhnews\\\/wp-content\\\/uploads\\\/2024\\\/03\\\/capa_vitrine_5.jpg\",\"contentUrl\":\"https:\\\/\\\/metarh.com.br\\\/metarhnews\\\/wp-content\\\/uploads\\\/2024\\\/03\\\/capa_vitrine_5.jpg\",\"width\":1060,\"height\":700},{\"@type\":\"BreadcrumbList\",\"@id\":\"https:\\\/\\\/metarh.com.br\\\/metarhnews\\\/podcast-pessoas-com-deficiencia\\\/#breadcrumb\",\"itemListElement\":[{\"@type\":\"ListItem\",\"position\":1,\"name\":\"In\u00edcio\",\"item\":\"https:\\\/\\\/metarh.com.br\\\/metarhnews\\\/\"},{\"@type\":\"ListItem\",\"position\":2,\"name\":\"METARH +Cast #05: Inclus\u00e3o e Oportunidades para Pessoas com Defici\u00eancia no mercado de trabalho\"}]},{\"@type\":\"WebSite\",\"@id\":\"https:\\\/\\\/metarh.com.br\\\/metarhnews\\\/#website\",\"url\":\"https:\\\/\\\/metarh.com.br\\\/metarhnews\\\/\",\"name\":\"METARH +News\",\"description\":\"Conte\u00fado focado em Gest\u00e3o de Pessoas\",\"publisher\":{\"@id\":\"https:\\\/\\\/metarh.com.br\\\/metarhnews\\\/#organization\"},\"potentialAction\":[{\"@type\":\"SearchAction\",\"target\":{\"@type\":\"EntryPoint\",\"urlTemplate\":\"https:\\\/\\\/metarh.com.br\\\/metarhnews\\\/?s={search_term_string}\"},\"query-input\":{\"@type\":\"PropertyValueSpecification\",\"valueRequired\":true,\"valueName\":\"search_term_string\"}}],\"inLanguage\":\"pt-BR\"},{\"@type\":\"Organization\",\"@id\":\"https:\\\/\\\/metarh.com.br\\\/metarhnews\\\/#organization\",\"name\":\"METARH +Humana\",\"url\":\"https:\\\/\\\/metarh.com.br\\\/metarhnews\\\/\",\"logo\":{\"@type\":\"ImageObject\",\"inLanguage\":\"pt-BR\",\"@id\":\"https:\\\/\\\/metarh.com.br\\\/metarhnews\\\/#\\\/schema\\\/logo\\\/image\\\/\",\"url\":\"https:\\\/\\\/metarh.com.br\\\/metarhnews\\\/wp-content\\\/uploads\\\/2025\\\/02\\\/METARH-Azul-Horizontal.png\",\"contentUrl\":\"https:\\\/\\\/metarh.com.br\\\/metarhnews\\\/wp-content\\\/uploads\\\/2025\\\/02\\\/METARH-Azul-Horizontal.png\",\"width\":1002,\"height\":303,\"caption\":\"METARH +Humana\"},\"image\":{\"@id\":\"https:\\\/\\\/metarh.com.br\\\/metarhnews\\\/#\\\/schema\\\/logo\\\/image\\\/\"},\"sameAs\":[\"https:\\\/\\\/www.facebook.com\\\/metarhumana\",\"https:\\\/\\\/x.com\\\/metarhumana\",\"https:\\\/\\\/www.instagram.com\\\/metarhumana\\\/\",\"https:\\\/\\\/www.youtube.com\\\/@metarhumana\"]},{\"@type\":\"Person\",\"@id\":\"https:\\\/\\\/metarh.com.br\\\/metarhnews\\\/#\\\/schema\\\/person\\\/930900bc40677695dc9df602ec0366d0\",\"name\":\"METARH\",\"image\":{\"@type\":\"ImageObject\",\"inLanguage\":\"pt-BR\",\"@id\":\"https:\\\/\\\/secure.gravatar.com\\\/avatar\\\/e03963382c9576f1c9989940c2d59ebc780df154afc76a079627bbbdb3dcefa1?s=96&d=mm&r=g\",\"url\":\"https:\\\/\\\/secure.gravatar.com\\\/avatar\\\/e03963382c9576f1c9989940c2d59ebc780df154afc76a079627bbbdb3dcefa1?s=96&d=mm&r=g\",\"contentUrl\":\"https:\\\/\\\/secure.gravatar.com\\\/avatar\\\/e03963382c9576f1c9989940c2d59ebc780df154afc76a079627bbbdb3dcefa1?s=96&d=mm&r=g\",\"caption\":\"METARH\"},\"description\":\"Somos uma consultoria de recursos humanos com mais de 40 anos de mercado, ajudando empresas como a sua a encontrarem o talento certo. Nossos processos s\u00e3o focados no sucesso dos clientes sem deixar de lado a experi\u00eancia positiva das pessoas candidatas.\",\"sameAs\":[\"http:\\\/\\\/www.metarh.com.br\",\"https:\\\/\\\/www.facebook.com\\\/metarhconsultoria\",\"https:\\\/\\\/www.instagram.com\\\/metarhconsultoria\\\/\",\"https:\\\/\\\/www.linkedin.com\\\/company\\\/metarhconsultoria\",\"http:\\\/\\\/youtube.com\\\/@metarhconsultoria\"],\"url\":\"https:\\\/\\\/metarh.com.br\\\/metarhnews\\\/author\\\/editorial-metarh\\\/\"}]}<\/script>\n<meta property=\"og:video\" content=\"https:\/\/www.youtube.com\/embed\/w-o_ai7oVCc\" \/>\n<meta property=\"og:video:type\" content=\"text\/html\" \/>\n<meta property=\"og:video:duration\" content=\"3503\" \/>\n<meta property=\"og:video:width\" content=\"480\" \/>\n<meta property=\"og:video:height\" content=\"270\" \/>\n<meta property=\"ya:ovs:adult\" content=\"false\" \/>\n<meta property=\"ya:ovs:upload_date\" content=\"2024-03-26T18:08:59+00:00\" \/>\n<meta property=\"ya:ovs:allow_embed\" content=\"true\" \/>\n<!-- \/ Yoast SEO Premium plugin. -->","yoast_head_json":{"title":"METARH +Cast #05: Inclus\u00e3o e Oportunidades para Pessoas com Defici\u00eancia no mercado de trabalho","description":"A import\u00e2ncia da inclus\u00e3o nas empresas, as motiva\u00e7\u00f5es corretas e vantagens mutuas por tr\u00e1s da abertura de vagas para Pessoas com Defici\u00eancia.","robots":{"index":"index","follow":"follow","max-snippet":"max-snippet:-1","max-image-preview":"max-image-preview:large","max-video-preview":"max-video-preview:-1"},"canonical":"https:\/\/metarh.com.br\/metarhnews\/podcast-pessoas-com-deficiencia\/","og_locale":"pt_BR","og_type":"article","og_title":"METARH +Cast #05: Inclus\u00e3o e Oportunidades para Pessoas com Defici\u00eancia no mercado de trabalho","og_description":"A import\u00e2ncia da inclus\u00e3o nas empresas, as motiva\u00e7\u00f5es corretas e vantagens mutuas por tr\u00e1s da abertura de vagas para Pessoas com Defici\u00eancia.","og_url":"https:\/\/metarh.com.br\/metarhnews\/podcast-pessoas-com-deficiencia\/","og_site_name":"METARH +News","article_publisher":"https:\/\/www.facebook.com\/metarhumana","article_author":"https:\/\/www.facebook.com\/metarhconsultoria","article_published_time":"2024-03-26T18:08:59+00:00","article_modified_time":"2026-01-21T18:44:14+00:00","og_image":[{"width":1060,"height":700,"url":"https:\/\/metarh.com.br\/metarhnews\/wp-content\/uploads\/2024\/03\/capa_vitrine_5.jpg","type":"image\/jpeg"}],"author":"METARH","twitter_card":"summary_large_image","twitter_creator":"@metarhumana","twitter_site":"@metarhumana","twitter_misc":{"Escrito por":"METARH","Est. tempo de leitura":"3 minutos"},"schema":{"@context":"https:\/\/schema.org","@graph":[{"@type":"Article","@id":"https:\/\/metarh.com.br\/metarhnews\/podcast-pessoas-com-deficiencia\/#article","isPartOf":{"@id":"https:\/\/metarh.com.br\/metarhnews\/podcast-pessoas-com-deficiencia\/"},"author":{"name":"METARH","@id":"https:\/\/metarh.com.br\/metarhnews\/#\/schema\/person\/930900bc40677695dc9df602ec0366d0"},"headline":"METARH +Cast #05: Inclus\u00e3o e Oportunidades para Pessoas com Defici\u00eancia no mercado de trabalho","datePublished":"2024-03-26T18:08:59+00:00","dateModified":"2026-01-21T18:44:14+00:00","mainEntityOfPage":{"@id":"https:\/\/metarh.com.br\/metarhnews\/podcast-pessoas-com-deficiencia\/"},"wordCount":392,"commentCount":0,"publisher":{"@id":"https:\/\/metarh.com.br\/metarhnews\/#organization"},"image":{"@id":"https:\/\/metarh.com.br\/metarhnews\/podcast-pessoas-com-deficiencia\/#primaryimage"},"thumbnailUrl":"https:\/\/metarh.com.br\/metarhnews\/wp-content\/uploads\/2024\/03\/capa_vitrine_5.jpg","keywords":["Podcast","Recursos Humanos"],"articleSection":["6 \u2022 Trilhando +","Aprendizado","Mat\u00e9rias","Podcast","Tend\u00eancias"],"inLanguage":"pt-BR","potentialAction":[{"@type":"CommentAction","name":"Comment","target":["https:\/\/metarh.com.br\/metarhnews\/podcast-pessoas-com-deficiencia\/#respond"]}],"copyrightYear":"2024","copyrightHolder":{"@id":"https:\/\/metarh.com.br\/metarhnews\/#organization"}},{"@type":"WebPage","@id":"https:\/\/metarh.com.br\/metarhnews\/podcast-pessoas-com-deficiencia\/","url":"https:\/\/metarh.com.br\/metarhnews\/podcast-pessoas-com-deficiencia\/","name":"METARH +Cast #05: Inclus\u00e3o e Oportunidades para Pessoas com Defici\u00eancia no mercado de trabalho","isPartOf":{"@id":"https:\/\/metarh.com.br\/metarhnews\/#website"},"primaryImageOfPage":{"@id":"https:\/\/metarh.com.br\/metarhnews\/podcast-pessoas-com-deficiencia\/#primaryimage"},"image":{"@id":"https:\/\/metarh.com.br\/metarhnews\/podcast-pessoas-com-deficiencia\/#primaryimage"},"thumbnailUrl":"https:\/\/metarh.com.br\/metarhnews\/wp-content\/uploads\/2024\/03\/capa_vitrine_5.jpg","datePublished":"2024-03-26T18:08:59+00:00","dateModified":"2026-01-21T18:44:14+00:00","description":"A import\u00e2ncia da inclus\u00e3o nas empresas, as motiva\u00e7\u00f5es corretas e vantagens mutuas por tr\u00e1s da abertura de vagas para Pessoas com Defici\u00eancia.","breadcrumb":{"@id":"https:\/\/metarh.com.br\/metarhnews\/podcast-pessoas-com-deficiencia\/#breadcrumb"},"inLanguage":"pt-BR","potentialAction":[{"@type":"ReadAction","target":["https:\/\/metarh.com.br\/metarhnews\/podcast-pessoas-com-deficiencia\/"]}]},{"@type":"ImageObject","inLanguage":"pt-BR","@id":"https:\/\/metarh.com.br\/metarhnews\/podcast-pessoas-com-deficiencia\/#primaryimage","url":"https:\/\/metarh.com.br\/metarhnews\/wp-content\/uploads\/2024\/03\/capa_vitrine_5.jpg","contentUrl":"https:\/\/metarh.com.br\/metarhnews\/wp-content\/uploads\/2024\/03\/capa_vitrine_5.jpg","width":1060,"height":700},{"@type":"BreadcrumbList","@id":"https:\/\/metarh.com.br\/metarhnews\/podcast-pessoas-com-deficiencia\/#breadcrumb","itemListElement":[{"@type":"ListItem","position":1,"name":"In\u00edcio","item":"https:\/\/metarh.com.br\/metarhnews\/"},{"@type":"ListItem","position":2,"name":"METARH +Cast #05: Inclus\u00e3o e Oportunidades para Pessoas com Defici\u00eancia no mercado de trabalho"}]},{"@type":"WebSite","@id":"https:\/\/metarh.com.br\/metarhnews\/#website","url":"https:\/\/metarh.com.br\/metarhnews\/","name":"METARH +News","description":"Conte\u00fado focado em Gest\u00e3o de Pessoas","publisher":{"@id":"https:\/\/metarh.com.br\/metarhnews\/#organization"},"potentialAction":[{"@type":"SearchAction","target":{"@type":"EntryPoint","urlTemplate":"https:\/\/metarh.com.br\/metarhnews\/?s={search_term_string}"},"query-input":{"@type":"PropertyValueSpecification","valueRequired":true,"valueName":"search_term_string"}}],"inLanguage":"pt-BR"},{"@type":"Organization","@id":"https:\/\/metarh.com.br\/metarhnews\/#organization","name":"METARH +Humana","url":"https:\/\/metarh.com.br\/metarhnews\/","logo":{"@type":"ImageObject","inLanguage":"pt-BR","@id":"https:\/\/metarh.com.br\/metarhnews\/#\/schema\/logo\/image\/","url":"https:\/\/metarh.com.br\/metarhnews\/wp-content\/uploads\/2025\/02\/METARH-Azul-Horizontal.png","contentUrl":"https:\/\/metarh.com.br\/metarhnews\/wp-content\/uploads\/2025\/02\/METARH-Azul-Horizontal.png","width":1002,"height":303,"caption":"METARH +Humana"},"image":{"@id":"https:\/\/metarh.com.br\/metarhnews\/#\/schema\/logo\/image\/"},"sameAs":["https:\/\/www.facebook.com\/metarhumana","https:\/\/x.com\/metarhumana","https:\/\/www.instagram.com\/metarhumana\/","https:\/\/www.youtube.com\/@metarhumana"]},{"@type":"Person","@id":"https:\/\/metarh.com.br\/metarhnews\/#\/schema\/person\/930900bc40677695dc9df602ec0366d0","name":"METARH","image":{"@type":"ImageObject","inLanguage":"pt-BR","@id":"https:\/\/secure.gravatar.com\/avatar\/e03963382c9576f1c9989940c2d59ebc780df154afc76a079627bbbdb3dcefa1?s=96&d=mm&r=g","url":"https:\/\/secure.gravatar.com\/avatar\/e03963382c9576f1c9989940c2d59ebc780df154afc76a079627bbbdb3dcefa1?s=96&d=mm&r=g","contentUrl":"https:\/\/secure.gravatar.com\/avatar\/e03963382c9576f1c9989940c2d59ebc780df154afc76a079627bbbdb3dcefa1?s=96&d=mm&r=g","caption":"METARH"},"description":"Somos uma consultoria de recursos humanos com mais de 40 anos de mercado, ajudando empresas como a sua a encontrarem o talento certo. Nossos processos s\u00e3o focados no sucesso dos clientes sem deixar de lado a experi\u00eancia positiva das pessoas candidatas.","sameAs":["http:\/\/www.metarh.com.br","https:\/\/www.facebook.com\/metarhconsultoria","https:\/\/www.instagram.com\/metarhconsultoria\/","https:\/\/www.linkedin.com\/company\/metarhconsultoria","http:\/\/youtube.com\/@metarhconsultoria"],"url":"https:\/\/metarh.com.br\/metarhnews\/author\/editorial-metarh\/"}]},"og_video":"https:\/\/www.youtube.com\/embed\/w-o_ai7oVCc","og_video_type":"text\/html","og_video_duration":"3503","og_video_width":"480","og_video_height":"270","ya_ovs_adult":"false","ya_ovs_upload_date":"2024-03-26T18:08:59+00:00","ya_ovs_allow_embed":"true"},"_links":{"self":[{"href":"https:\/\/metarh.com.br\/metarhnews\/wp-json\/wp\/v2\/posts\/16138","targetHints":{"allow":["GET"]}}],"collection":[{"href":"https:\/\/metarh.com.br\/metarhnews\/wp-json\/wp\/v2\/posts"}],"about":[{"href":"https:\/\/metarh.com.br\/metarhnews\/wp-json\/wp\/v2\/types\/post"}],"author":[{"embeddable":true,"href":"https:\/\/metarh.com.br\/metarhnews\/wp-json\/wp\/v2\/users\/4"}],"replies":[{"embeddable":true,"href":"https:\/\/metarh.com.br\/metarhnews\/wp-json\/wp\/v2\/comments?post=16138"}],"version-history":[{"count":5,"href":"https:\/\/metarh.com.br\/metarhnews\/wp-json\/wp\/v2\/posts\/16138\/revisions"}],"predecessor-version":[{"id":17057,"href":"https:\/\/metarh.com.br\/metarhnews\/wp-json\/wp\/v2\/posts\/16138\/revisions\/17057"}],"wp:featuredmedia":[{"embeddable":true,"href":"https:\/\/metarh.com.br\/metarhnews\/wp-json\/wp\/v2\/media\/16139"}],"wp:attachment":[{"href":"https:\/\/metarh.com.br\/metarhnews\/wp-json\/wp\/v2\/media?parent=16138"}],"wp:term":[{"taxonomy":"category","embeddable":true,"href":"https:\/\/metarh.com.br\/metarhnews\/wp-json\/wp\/v2\/categories?post=16138"},{"taxonomy":"post_tag","embeddable":true,"href":"https:\/\/metarh.com.br\/metarhnews\/wp-json\/wp\/v2\/tags?post=16138"}],"curies":[{"name":"wp","href":"https:\/\/api.w.org\/{rel}","templated":true}]}}