{"id":16145,"date":"2024-04-02T09:27:08","date_gmt":"2024-04-02T12:27:08","guid":{"rendered":"https:\/\/metarh.com.br\/metarhnews\/?p=16145"},"modified":"2026-01-21T15:44:00","modified_gmt":"2026-01-21T18:44:00","slug":"autismo-carreira","status":"publish","type":"post","link":"https:\/\/metarh.com.br\/metarhnews\/autismo-carreira\/","title":{"rendered":"Autismo e carreira: 8 \u00e1reas promissoras para pessoas autistas"},"content":{"rendered":"\n<p>Nos \u00faltimos anos, temos testemunhado um avan\u00e7o importante na conscientiza\u00e7\u00e3o sobre o <strong>autismo<\/strong>. E, felizmente, esse movimento tamb\u00e9m tem ajudado a ampliar a compreens\u00e3o das empresas sobre o potencial das pessoas autistas.<\/p>\n\n\n\n<p>Apesar dos desafios espec\u00edficos relacionados \u00e0 comunica\u00e7\u00e3o e intera\u00e7\u00e3o social que o Transtorno do Espectro Autista (TEA) traz consigo, \u00e9 ineg\u00e1vel que as pessoas autistas possuem habilidades incrivelmente valiosas para as organiza\u00e7\u00f5es.&nbsp;<\/p>\n\n\n\n<p>Se voc\u00ea faz parte do espectro e est\u00e1 prestes a dar os primeiros passos no mercado de trabalho, junte-se a n\u00f3s na leitura deste post. Ao longo dele, vamos explorar algumas das profiss\u00f5es onde as suas habilidades podem realmente se destacar!<\/p>\n\n\n\n<h2 class=\"wp-block-heading\"><strong>12 habilidades que se sobressaem em pessoas com TEA<\/strong><\/h2>\n\n\n\n<p>Antes de qualquer coisa, \u00e9 importante reiterar algo que voc\u00ea muito provavelmente j\u00e1 saiba: o autismo se manifesta de diferentes formas.&nbsp;<\/p>\n\n\n\n<p>Isso significa que tanto os desafios quanto os pontos fortes das pessoas autistas podem variar significativamente de indiv\u00edduo para indiv\u00edduo \u2013 assim como tamb\u00e9m acontece entre as pessoas n\u00e3o autistas.&nbsp;<\/p>\n\n\n\n<p>Por exemplo: enquanto algumas pessoas autistas podem achar muito dif\u00edcil fazer&nbsp;contato visual, outras conseguem lidar mais facilmente com esse tipo de intera\u00e7\u00e3o.&nbsp;<\/p>\n\n\n\n<p>Da mesma forma, o fato de uma pessoa autista se sair muito bem lidando com a memoriza\u00e7\u00e3o de dados ou c\u00e1lculos complexos, n\u00e3o significa necessariamente que todas as pessoas dentro do espectro compartilhem dessas mesmas facilidades.<\/p>\n\n\n\n<p>Ainda assim, h\u00e1 um conjunto de habilidades e pontos fortes que costumam estar diretamente relacionadas ao TEA. Segundo com a organiza\u00e7\u00e3o <a href=\"https:\/\/www.altogetherautism.org.nz\/strengths-and-abilities-in-autism\/\" target=\"_blank\" rel=\"noreferrer noopener\">Altogether Autism<\/a>, s\u00e3o elas:<\/p>\n\n\n\n<ol class=\"wp-block-list\">\n<li>Capacidade de memorizar e aprender informa\u00e7\u00f5es rapidamente<\/li>\n\n\n\n<li>Predisposi\u00e7\u00e3o a pensar e aprender de forma visual<\/li>\n\n\n\n<li>Pensamento l\u00f3gico<\/li>\n\n\n\n<li>Mem\u00f3ria extraordinariamente boa&nbsp;<\/li>\n\n\n\n<li>Precis\u00e3o a aten\u00e7\u00e3o aos detalhes<\/li>\n\n\n\n<li>Honestidade e confiabilidade excepcionais<\/li>\n\n\n\n<li>Pontualidade<\/li>\n\n\n\n<li>Excelente senso de dire\u00e7\u00e3o<\/li>\n\n\n\n<li>Forte ades\u00e3o \u00e0s regras<\/li>\n\n\n\n<li>Facilidade para se concentrar por longos per\u00edodos<\/li>\n\n\n\n<li>Busca pela perfei\u00e7\u00e3o e ordem<\/li>\n\n\n\n<li>Capacidade de resolu\u00e7\u00e3o alternativa de problemas<\/li>\n<\/ol>\n\n\n\n<p>E a\u00ed, voc\u00ea sabe identificar quais dessas habilidades t\u00eam mais a ver com a sua personalidade?&nbsp;<\/p>\n\n\n\n<p>Refletir sobre essa pergunta \u00e9 um passo importante para direcionar suas decis\u00f5es de carreira. Afinal, como vamos mostrar a seguir, h\u00e1 algumas profiss\u00f5es que se conectam diretamente com elas.&nbsp;<\/p>\n\n\n\n<figure class=\"wp-block-image size-large\"><a href=\"https:\/\/metarh.com.br\/dei\/\" target=\"_blank\" rel=\"noreferrer noopener\"><img fetchpriority=\"high\" decoding=\"async\" width=\"1024\" height=\"535\" src=\"https:\/\/metarh.com.br\/metarhnews\/wp-content\/uploads\/2024\/03\/LINKEDIN-B2B-DEI-v3-1024x535.png\" alt=\"METARH DE&amp;I\" class=\"wp-image-16119\" srcset=\"https:\/\/metarh.com.br\/metarhnews\/wp-content\/uploads\/2024\/03\/LINKEDIN-B2B-DEI-v3-1024x535.png 1024w, https:\/\/metarh.com.br\/metarhnews\/wp-content\/uploads\/2024\/03\/LINKEDIN-B2B-DEI-v3-300x157.png 300w, https:\/\/metarh.com.br\/metarhnews\/wp-content\/uploads\/2024\/03\/LINKEDIN-B2B-DEI-v3-768x401.png 768w, https:\/\/metarh.com.br\/metarhnews\/wp-content\/uploads\/2024\/03\/LINKEDIN-B2B-DEI-v3.png 1200w\" sizes=\"(max-width: 1024px) 100vw, 1024px\" \/><\/a><\/figure>\n\n\n\n<h2 class=\"wp-block-heading\"><strong>8 \u00e1reas de atua\u00e7\u00e3o para pessoas autistas<\/strong><\/h2>\n\n\n\n<p>Pronto (a) para conhecer as \u00e1reas que d\u00e3o match com as habilidades que apresentamos acima?<\/p>\n\n\n\n<p>Bom, antes de irmos para a lista, vale um lembrete: n\u00e3o existe um emprego ideal para pessoas autistas ou n\u00e3o autistas, mas sim fun\u00e7\u00f5es que podem se alinhar melhor com as habilidades individuais de cada um.&nbsp;<\/p>\n\n\n\n<p>Portanto, ao considerar as possibilidades que apresentaremos a seguir, lembre-se de avali\u00e1-las \u00e0 luz de seus pontos fortes e prefer\u00eancias, garantindo assim uma escolha que seja realmente positiva para voc\u00ea!<\/p>\n\n\n\n<ol class=\"wp-block-list\">\n<li><strong>Profiss\u00f5es que envolvam animais<\/strong><\/li>\n<\/ol>\n\n\n\n<p>Se voc\u00ea j\u00e1 assistiu \u00e0 s\u00e9rie Atypical, da Netflix, provavelmente se lembra da paix\u00e3o do Sam pelos pinguins, n\u00e3o \u00e9 mesmo?<\/p>\n\n\n\n<p>Bom, esse fasc\u00ednio tem tudo a ver com hiperfoco em animais, uma caracter\u00edstica que pode estar presente no TEA. Al\u00e9m disso, muitas crian\u00e7as autistas s\u00e3o incentivadas a conviverem com pets desde cedo, como parte do processo de socializa\u00e7\u00e3o.&nbsp;<\/p>\n\n\n\n<p>A forte conex\u00e3o que algumas dessas pessoas estabelecem com os animais frequentemente as leva a transformar essa afinidade em profiss\u00e3o.&nbsp;<\/p>\n\n\n\n<p>Entre as \u00e1reas mais procuradas nesses casos, destacam-se: <strong>medicina veterin\u00e1ria, banho e tosa, zootecnia, biologia e oceanografia.<\/strong><\/p>\n\n\n\n<ol class=\"wp-block-list\" start=\"2\">\n<li><strong>Tecnologia da Informa\u00e7\u00e3o (TI)<\/strong><\/li>\n<\/ol>\n\n\n\n<p>A l\u00f3gica, a aten\u00e7\u00e3o aos detalhes e a resolu\u00e7\u00e3o de problemas s\u00e3o habilidades muitas vezes marcantes em pessoas diagnosticadas com TEA. Se esse for o seu caso, \u00e1reas t\u00e9cnicas, como a de TI, podem oferecer oportunidades de carreira interessantes.<\/p>\n\n\n\n<p>O melhor de tudo \u00e9 que esse \u00e9 um campo vasto, que engloba desde a programa\u00e7\u00e3o e an\u00e1lise de sistemas at\u00e9 a engenharia de software e suporte t\u00e9cnico.&nbsp;<\/p>\n\n\n\n<ol class=\"wp-block-list\" start=\"3\">\n<li><strong>Matem\u00e1tica e estat\u00edsticas<\/strong><\/li>\n<\/ol>\n\n\n\n<p>Carreiras nas \u00e1reas de matem\u00e1tica e estat\u00edstica tamb\u00e9m s\u00e3o muito indicadas para pessoas autistas que t\u00eam afinidade com n\u00fameros e an\u00e1lise de dados.&nbsp;<\/p>\n\n\n\n<p>Afinal, assim como a \u00e1rea de TI, elas requerem habilidades anal\u00edticas e de racioc\u00ednio l\u00f3gico.&nbsp;<\/p>\n\n\n\n<ol class=\"wp-block-list\" start=\"4\">\n<li><strong>Artes visuais<\/strong><\/li>\n<\/ol>\n\n\n\n<p>Muitas das pessoas com autismo t\u00eam talentos art\u00edsticos not\u00e1veis, especialmente em \u00e1reas como pintura, desenho, ilustra\u00e7\u00e3o e design gr\u00e1fico.&nbsp;<\/p>\n\n\n\n<p>H\u00e1, inclusive, muitos artistas renomados que foram diagnosticados com TEA e que podem servir de inspira\u00e7\u00e3o. Esse \u00e9 o caso do pintor escoc\u00eas-brit\u00e2nico, Peter Howson, e da pintora e escultora h\u00fangara, Henrietta Fajcs\u00e1k.<\/p>\n\n\n\n<p>Al\u00e9m do mais, um estudo publicado pelo <a href=\"https:\/\/revistaepoca.globo.com\/Revista\/Epoca\/0,,EDR64647-6011,00.html\" target=\"_blank\" rel=\"noreferrer noopener\">Journal of Medical Biography<\/a> levantou a hip\u00f3tese de que Michelangelo \u2013 pintor conhecido mundialmente pela pintura do teto da Capela Sistina \u2013 teria sido autista.<\/p>\n\n\n\n<ol class=\"wp-block-list\" start=\"5\">\n<li><strong>Trabalho em labotar\u00f3rio<\/strong><\/li>\n<\/ol>\n\n\n\n<p>Ambientes de laborat\u00f3rio oferecem uma estrutura e foco que podem ser confort\u00e1veis para autistas.&nbsp;<\/p>\n\n\n\n<p>Profiss\u00f5es como t\u00e9cnico de laborat\u00f3rio, pesquisador cient\u00edfico e assistente de pesquisa destacam-se como op\u00e7\u00f5es onde a aten\u00e7\u00e3o aos detalhes e a organiza\u00e7\u00e3o, habilidades compartilhadas por algumas pessoas do espectro, s\u00e3o altamente valorizadas.<\/p>\n\n\n\n<ol class=\"wp-block-list\" start=\"6\">\n<li><strong>Fun\u00e7\u00f5es administrativas<\/strong><\/li>\n<\/ol>\n\n\n\n<p>Algumas atividades administrativas requerem alto n\u00edvel de concentra\u00e7\u00e3o, boa mem\u00f3ria, precis\u00e3o e organiza\u00e7\u00e3o. Esse \u00e9 o caso, por exemplo, de tarefas como a entrada de dados, arquivamento e compara\u00e7\u00e3o de documentos.<\/p>\n\n\n\n<ol class=\"wp-block-list\" start=\"7\">\n<li><strong>&nbsp;Editor ou tradutor de livros<\/strong><\/li>\n<\/ol>\n\n\n\n<p>Outra \u00e1rea que pode se beneficiar bastante do foco e da facilidade de memoriza\u00e7\u00e3o \u00e9 o setor editorial. Para pessoas autistas que possuem uma afinidade com linguagem e escrita, trabalhar como editor ou tradutor de livros pode ser uma excelente op\u00e7\u00e3o.&nbsp;<\/p>\n\n\n\n<ol class=\"wp-block-list\" start=\"8\">\n<li><strong>Estoque e log\u00edstica<\/strong><\/li>\n<\/ol>\n\n\n\n<p>Se voc\u00ea valoriza rotinas estruturadas e organiza\u00e7\u00e3o, ent\u00e3o os cargos relacionados a estoque e log\u00edstica tamb\u00e9m podem lhe interessar.&nbsp;<\/p>\n\n\n\n<p>Trabalhar como gerente de estoque, coordenador de log\u00edstica ou analista de cadeia de suprimentos, por exemplo, requer habilidades como planejamento e resolu\u00e7\u00e3o de problemas, \u00e1reas onde pessoas autistas podem se destacar.<\/p>\n\n\n\n<figure class=\"wp-block-image size-large\"><a href=\"https:\/\/metarh.com.br\/contato-materiais-ricos\/\" target=\"_blank\" rel=\"noreferrer noopener\"><img decoding=\"async\" width=\"1024\" height=\"337\" src=\"https:\/\/metarh.com.br\/metarhnews\/wp-content\/uploads\/2024\/02\/Rodameio-email-PIPE-solucoes-1024x337.jpg\" alt=\"METARH Consultoria de RH\" class=\"wp-image-16095\" srcset=\"https:\/\/metarh.com.br\/metarhnews\/wp-content\/uploads\/2024\/02\/Rodameio-email-PIPE-solucoes-1024x337.jpg 1024w, https:\/\/metarh.com.br\/metarhnews\/wp-content\/uploads\/2024\/02\/Rodameio-email-PIPE-solucoes-300x99.jpg 300w, https:\/\/metarh.com.br\/metarhnews\/wp-content\/uploads\/2024\/02\/Rodameio-email-PIPE-solucoes-768x253.jpg 768w, https:\/\/metarh.com.br\/metarhnews\/wp-content\/uploads\/2024\/02\/Rodameio-email-PIPE-solucoes.jpg 1200w\" sizes=\"(max-width: 1024px) 100vw, 1024px\" \/><\/a><\/figure>\n\n\n\n<p>Agora que j\u00e1 apresentamos algumas op\u00e7\u00f5es de carreiras interessantes para talentos autistas, n\u00e3o podemos deixar de lembrar que muitas empresas est\u00e3o genuinamente interessadas em aproveitar o potencial \u00fanico desses profissionais em suas equipes.<\/p>\n\n\n\n<p>Se voc\u00ea n\u00e3o v\u00ea a hora de se conectar essas organiza\u00e7\u00f5es e iniciar sua trajet\u00f3ria profissional, eis algumas dicas que podem ser \u00fateis:<\/p>\n\n\n\n<ul class=\"wp-block-list\">\n<li>Identifique suas habilidades \u00fanicas e concentre-se nelas ao buscar oportunidades de trabalho;<\/li>\n\n\n\n<li>Procure por empresas que demonstrem um compromisso genu\u00edno com a diversidade, equidade e inclus\u00e3o;<\/li>\n\n\n\n<li>N\u00e3o tenha medo de falar abertamente sobre o seu diagn\u00f3stico durante o processo seletivo, bem como de comunicar suas necessidades espec\u00edficas;<\/li>\n\n\n\n<li>Procure recursos e redes de apoio que possam ajud\u00e1-lo durante seu ingresso no mercado de trabalho.<\/li>\n<\/ul>\n\n\n\n<p>Por \u00faltimo, mas n\u00e3o menos importante, seja paciente. Encontrar o emprego certo pode levar tempo, mas, com dedica\u00e7\u00e3o e autencidade, uma oportunidade incr\u00edvel certamente aparecer\u00e1!<\/p>\n\n\n\n<h2 class=\"wp-block-heading\"><strong>Cadastre-se no site da <\/strong>METARH<\/h2>\n\n\n\n<p>A METARH possui um compromisso s\u00f3lido com a diversidade, equidade e inclus\u00e3o. Por isso, busca trabalhar em conjunto com empresas que compartilhem dos mesmos princ\u00edpios.<\/p>\n\n\n\n<p>Se voc\u00ea est\u00e1 em busca de oportunidades de trabalho que lhe ajudem a alcan\u00e7ar o seu pleno potencial, <a href=\"https:\/\/metarh.com.br\/nossas-vagas\/\" target=\"_blank\" rel=\"noreferrer noopener\">&nbsp;cadastre o seu curr\u00edculo<\/a> em nosso site e receba informa\u00e7\u00f5es sobre as melhores vagas de emprego!&nbsp;&nbsp;<\/p>\n<div style=\"margin-top: 0px; margin-bottom: 0px;\" class=\"sharethis-inline-share-buttons\" ><\/div>","protected":false},"excerpt":{"rendered":"<p>Nos \u00faltimos anos, temos testemunhado um avan\u00e7o importante na conscientiza\u00e7\u00e3o sobre o autismo. E, felizmente, esse movimento tamb\u00e9m tem ajudado a ampliar a compreens\u00e3o das empresas sobre o potencial das pessoas autistas. Apesar dos desafios espec\u00edficos relacionados \u00e0 comunica\u00e7\u00e3o e intera\u00e7\u00e3o social que o Transtorno do Espectro Autista (TEA) traz consigo, \u00e9 ineg\u00e1vel que as&#8230;<\/p>\n","protected":false},"author":4,"featured_media":16146,"comment_status":"open","ping_status":"open","sticky":false,"template":"","format":"standard","meta":{"_kadence_starter_templates_imported_post":false,"_kad_post_transparent":"","_kad_post_title":"","_kad_post_layout":"","_kad_post_sidebar_id":"","_kad_post_content_style":"","_kad_post_vertical_padding":"","_kad_post_feature":"","_kad_post_feature_position":"","_kad_post_header":false,"_kad_post_footer":false,"_kad_post_classname":"","footnotes":""},"categories":[162,164,145,2],"tags":[],"class_list":["post-16145","post","type-post","status-publish","format-standard","has-post-thumbnail","hentry","category-trilhando-mais","category-aprendizado-em-rh","category-carreira","category-materias"],"yoast_head":"<!-- This site is optimized with the Yoast SEO Premium plugin v26.6 (Yoast SEO v27.5) - https:\/\/yoast.com\/product\/yoast-seo-premium-wordpress\/ -->\n<title>Autismo e carreira: 8 \u00e1reas promissoras para pessoas autistas<\/title>\n<meta name=\"description\" content=\"Descubra oportunidades profissionais em 8 \u00e1reas promissoras no mercado de trabalho para pessoas com autismo.\" \/>\n<meta name=\"robots\" content=\"index, follow, max-snippet:-1, max-image-preview:large, max-video-preview:-1\" \/>\n<link rel=\"canonical\" href=\"https:\/\/metarh.com.br\/metarhnews\/autismo-carreira\/\" \/>\n<meta property=\"og:locale\" content=\"pt_BR\" \/>\n<meta property=\"og:type\" content=\"article\" \/>\n<meta property=\"og:title\" content=\"Autismo e carreira: 8 \u00e1reas promissoras para pessoas autistas\" \/>\n<meta property=\"og:description\" content=\"Descubra oportunidades profissionais em 8 \u00e1reas promissoras no mercado de trabalho para pessoas com autismo.\" \/>\n<meta property=\"og:url\" content=\"https:\/\/metarh.com.br\/metarhnews\/autismo-carreira\/\" \/>\n<meta property=\"og:site_name\" content=\"METARH +News\" \/>\n<meta property=\"article:publisher\" content=\"https:\/\/www.facebook.com\/metarhumana\" \/>\n<meta property=\"article:author\" content=\"https:\/\/www.facebook.com\/metarhconsultoria\" \/>\n<meta property=\"article:published_time\" content=\"2024-04-02T12:27:08+00:00\" \/>\n<meta property=\"article:modified_time\" content=\"2026-01-21T18:44:00+00:00\" \/>\n<meta property=\"og:image\" content=\"https:\/\/metarh.com.br\/metarhnews\/wp-content\/uploads\/2024\/04\/Autismo-e-Carreira.jpg\" \/>\n\t<meta property=\"og:image:width\" content=\"1060\" \/>\n\t<meta property=\"og:image:height\" content=\"700\" \/>\n\t<meta property=\"og:image:type\" content=\"image\/jpeg\" \/>\n<meta name=\"author\" content=\"METARH\" \/>\n<meta name=\"twitter:card\" content=\"summary_large_image\" \/>\n<meta name=\"twitter:creator\" content=\"@metarhumana\" \/>\n<meta name=\"twitter:site\" content=\"@metarhumana\" \/>\n<meta name=\"twitter:label1\" content=\"Escrito por\" \/>\n\t<meta name=\"twitter:data1\" content=\"METARH\" \/>\n\t<meta name=\"twitter:label2\" content=\"Est. tempo de leitura\" \/>\n\t<meta name=\"twitter:data2\" content=\"7 minutos\" \/>\n<script type=\"application\/ld+json\" class=\"yoast-schema-graph\">{\"@context\":\"https:\\\/\\\/schema.org\",\"@graph\":[{\"@type\":\"Article\",\"@id\":\"https:\\\/\\\/metarh.com.br\\\/metarhnews\\\/autismo-carreira\\\/#article\",\"isPartOf\":{\"@id\":\"https:\\\/\\\/metarh.com.br\\\/metarhnews\\\/autismo-carreira\\\/\"},\"author\":{\"name\":\"METARH\",\"@id\":\"https:\\\/\\\/metarh.com.br\\\/metarhnews\\\/#\\\/schema\\\/person\\\/930900bc40677695dc9df602ec0366d0\"},\"headline\":\"Autismo e carreira: 8 \u00e1reas promissoras para pessoas autistas\",\"datePublished\":\"2024-04-02T12:27:08+00:00\",\"dateModified\":\"2026-01-21T18:44:00+00:00\",\"mainEntityOfPage\":{\"@id\":\"https:\\\/\\\/metarh.com.br\\\/metarhnews\\\/autismo-carreira\\\/\"},\"wordCount\":1275,\"commentCount\":0,\"publisher\":{\"@id\":\"https:\\\/\\\/metarh.com.br\\\/metarhnews\\\/#organization\"},\"image\":{\"@id\":\"https:\\\/\\\/metarh.com.br\\\/metarhnews\\\/autismo-carreira\\\/#primaryimage\"},\"thumbnailUrl\":\"https:\\\/\\\/metarh.com.br\\\/metarhnews\\\/wp-content\\\/uploads\\\/2024\\\/04\\\/Autismo-e-Carreira.jpg\",\"articleSection\":[\"6 \u2022 Trilhando +\",\"Aprendizado\",\"Carreira\",\"Mat\u00e9rias\"],\"inLanguage\":\"pt-BR\",\"potentialAction\":[{\"@type\":\"CommentAction\",\"name\":\"Comment\",\"target\":[\"https:\\\/\\\/metarh.com.br\\\/metarhnews\\\/autismo-carreira\\\/#respond\"]}],\"copyrightYear\":\"2024\",\"copyrightHolder\":{\"@id\":\"https:\\\/\\\/metarh.com.br\\\/metarhnews\\\/#organization\"}},{\"@type\":\"WebPage\",\"@id\":\"https:\\\/\\\/metarh.com.br\\\/metarhnews\\\/autismo-carreira\\\/\",\"url\":\"https:\\\/\\\/metarh.com.br\\\/metarhnews\\\/autismo-carreira\\\/\",\"name\":\"Autismo e carreira: 8 \u00e1reas promissoras para pessoas autistas\",\"isPartOf\":{\"@id\":\"https:\\\/\\\/metarh.com.br\\\/metarhnews\\\/#website\"},\"primaryImageOfPage\":{\"@id\":\"https:\\\/\\\/metarh.com.br\\\/metarhnews\\\/autismo-carreira\\\/#primaryimage\"},\"image\":{\"@id\":\"https:\\\/\\\/metarh.com.br\\\/metarhnews\\\/autismo-carreira\\\/#primaryimage\"},\"thumbnailUrl\":\"https:\\\/\\\/metarh.com.br\\\/metarhnews\\\/wp-content\\\/uploads\\\/2024\\\/04\\\/Autismo-e-Carreira.jpg\",\"datePublished\":\"2024-04-02T12:27:08+00:00\",\"dateModified\":\"2026-01-21T18:44:00+00:00\",\"description\":\"Descubra oportunidades profissionais em 8 \u00e1reas promissoras no mercado de trabalho para pessoas com autismo.\",\"breadcrumb\":{\"@id\":\"https:\\\/\\\/metarh.com.br\\\/metarhnews\\\/autismo-carreira\\\/#breadcrumb\"},\"inLanguage\":\"pt-BR\",\"potentialAction\":[{\"@type\":\"ReadAction\",\"target\":[\"https:\\\/\\\/metarh.com.br\\\/metarhnews\\\/autismo-carreira\\\/\"]}]},{\"@type\":\"ImageObject\",\"inLanguage\":\"pt-BR\",\"@id\":\"https:\\\/\\\/metarh.com.br\\\/metarhnews\\\/autismo-carreira\\\/#primaryimage\",\"url\":\"https:\\\/\\\/metarh.com.br\\\/metarhnews\\\/wp-content\\\/uploads\\\/2024\\\/04\\\/Autismo-e-Carreira.jpg\",\"contentUrl\":\"https:\\\/\\\/metarh.com.br\\\/metarhnews\\\/wp-content\\\/uploads\\\/2024\\\/04\\\/Autismo-e-Carreira.jpg\",\"width\":1060,\"height\":700,\"caption\":\"Autismo e carreira: 8 \u00e1reas promissoras para pessoas autistas\"},{\"@type\":\"BreadcrumbList\",\"@id\":\"https:\\\/\\\/metarh.com.br\\\/metarhnews\\\/autismo-carreira\\\/#breadcrumb\",\"itemListElement\":[{\"@type\":\"ListItem\",\"position\":1,\"name\":\"In\u00edcio\",\"item\":\"https:\\\/\\\/metarh.com.br\\\/metarhnews\\\/\"},{\"@type\":\"ListItem\",\"position\":2,\"name\":\"Autismo e carreira: 8 \u00e1reas promissoras para pessoas autistas\"}]},{\"@type\":\"WebSite\",\"@id\":\"https:\\\/\\\/metarh.com.br\\\/metarhnews\\\/#website\",\"url\":\"https:\\\/\\\/metarh.com.br\\\/metarhnews\\\/\",\"name\":\"METARH +News\",\"description\":\"Conte\u00fado focado em Gest\u00e3o de Pessoas\",\"publisher\":{\"@id\":\"https:\\\/\\\/metarh.com.br\\\/metarhnews\\\/#organization\"},\"potentialAction\":[{\"@type\":\"SearchAction\",\"target\":{\"@type\":\"EntryPoint\",\"urlTemplate\":\"https:\\\/\\\/metarh.com.br\\\/metarhnews\\\/?s={search_term_string}\"},\"query-input\":{\"@type\":\"PropertyValueSpecification\",\"valueRequired\":true,\"valueName\":\"search_term_string\"}}],\"inLanguage\":\"pt-BR\"},{\"@type\":\"Organization\",\"@id\":\"https:\\\/\\\/metarh.com.br\\\/metarhnews\\\/#organization\",\"name\":\"METARH +Humana\",\"url\":\"https:\\\/\\\/metarh.com.br\\\/metarhnews\\\/\",\"logo\":{\"@type\":\"ImageObject\",\"inLanguage\":\"pt-BR\",\"@id\":\"https:\\\/\\\/metarh.com.br\\\/metarhnews\\\/#\\\/schema\\\/logo\\\/image\\\/\",\"url\":\"https:\\\/\\\/metarh.com.br\\\/metarhnews\\\/wp-content\\\/uploads\\\/2025\\\/02\\\/METARH-Azul-Horizontal.png\",\"contentUrl\":\"https:\\\/\\\/metarh.com.br\\\/metarhnews\\\/wp-content\\\/uploads\\\/2025\\\/02\\\/METARH-Azul-Horizontal.png\",\"width\":1002,\"height\":303,\"caption\":\"METARH +Humana\"},\"image\":{\"@id\":\"https:\\\/\\\/metarh.com.br\\\/metarhnews\\\/#\\\/schema\\\/logo\\\/image\\\/\"},\"sameAs\":[\"https:\\\/\\\/www.facebook.com\\\/metarhumana\",\"https:\\\/\\\/x.com\\\/metarhumana\",\"https:\\\/\\\/www.instagram.com\\\/metarhumana\\\/\",\"https:\\\/\\\/www.youtube.com\\\/@metarhumana\"]},{\"@type\":\"Person\",\"@id\":\"https:\\\/\\\/metarh.com.br\\\/metarhnews\\\/#\\\/schema\\\/person\\\/930900bc40677695dc9df602ec0366d0\",\"name\":\"METARH\",\"image\":{\"@type\":\"ImageObject\",\"inLanguage\":\"pt-BR\",\"@id\":\"https:\\\/\\\/secure.gravatar.com\\\/avatar\\\/e03963382c9576f1c9989940c2d59ebc780df154afc76a079627bbbdb3dcefa1?s=96&d=mm&r=g\",\"url\":\"https:\\\/\\\/secure.gravatar.com\\\/avatar\\\/e03963382c9576f1c9989940c2d59ebc780df154afc76a079627bbbdb3dcefa1?s=96&d=mm&r=g\",\"contentUrl\":\"https:\\\/\\\/secure.gravatar.com\\\/avatar\\\/e03963382c9576f1c9989940c2d59ebc780df154afc76a079627bbbdb3dcefa1?s=96&d=mm&r=g\",\"caption\":\"METARH\"},\"description\":\"Somos uma consultoria de recursos humanos com mais de 40 anos de mercado, ajudando empresas como a sua a encontrarem o talento certo. Nossos processos s\u00e3o focados no sucesso dos clientes sem deixar de lado a experi\u00eancia positiva das pessoas candidatas.\",\"sameAs\":[\"http:\\\/\\\/www.metarh.com.br\",\"https:\\\/\\\/www.facebook.com\\\/metarhconsultoria\",\"https:\\\/\\\/www.instagram.com\\\/metarhconsultoria\\\/\",\"https:\\\/\\\/www.linkedin.com\\\/company\\\/metarhconsultoria\",\"http:\\\/\\\/youtube.com\\\/@metarhconsultoria\"],\"url\":\"https:\\\/\\\/metarh.com.br\\\/metarhnews\\\/author\\\/editorial-metarh\\\/\"}]}<\/script>\n<!-- \/ Yoast SEO Premium plugin. -->","yoast_head_json":{"title":"Autismo e carreira: 8 \u00e1reas promissoras para pessoas autistas","description":"Descubra oportunidades profissionais em 8 \u00e1reas promissoras no mercado de trabalho para pessoas com autismo.","robots":{"index":"index","follow":"follow","max-snippet":"max-snippet:-1","max-image-preview":"max-image-preview:large","max-video-preview":"max-video-preview:-1"},"canonical":"https:\/\/metarh.com.br\/metarhnews\/autismo-carreira\/","og_locale":"pt_BR","og_type":"article","og_title":"Autismo e carreira: 8 \u00e1reas promissoras para pessoas autistas","og_description":"Descubra oportunidades profissionais em 8 \u00e1reas promissoras no mercado de trabalho para pessoas com autismo.","og_url":"https:\/\/metarh.com.br\/metarhnews\/autismo-carreira\/","og_site_name":"METARH +News","article_publisher":"https:\/\/www.facebook.com\/metarhumana","article_author":"https:\/\/www.facebook.com\/metarhconsultoria","article_published_time":"2024-04-02T12:27:08+00:00","article_modified_time":"2026-01-21T18:44:00+00:00","og_image":[{"width":1060,"height":700,"url":"https:\/\/metarh.com.br\/metarhnews\/wp-content\/uploads\/2024\/04\/Autismo-e-Carreira.jpg","type":"image\/jpeg"}],"author":"METARH","twitter_card":"summary_large_image","twitter_creator":"@metarhumana","twitter_site":"@metarhumana","twitter_misc":{"Escrito por":"METARH","Est. tempo de leitura":"7 minutos"},"schema":{"@context":"https:\/\/schema.org","@graph":[{"@type":"Article","@id":"https:\/\/metarh.com.br\/metarhnews\/autismo-carreira\/#article","isPartOf":{"@id":"https:\/\/metarh.com.br\/metarhnews\/autismo-carreira\/"},"author":{"name":"METARH","@id":"https:\/\/metarh.com.br\/metarhnews\/#\/schema\/person\/930900bc40677695dc9df602ec0366d0"},"headline":"Autismo e carreira: 8 \u00e1reas promissoras para pessoas autistas","datePublished":"2024-04-02T12:27:08+00:00","dateModified":"2026-01-21T18:44:00+00:00","mainEntityOfPage":{"@id":"https:\/\/metarh.com.br\/metarhnews\/autismo-carreira\/"},"wordCount":1275,"commentCount":0,"publisher":{"@id":"https:\/\/metarh.com.br\/metarhnews\/#organization"},"image":{"@id":"https:\/\/metarh.com.br\/metarhnews\/autismo-carreira\/#primaryimage"},"thumbnailUrl":"https:\/\/metarh.com.br\/metarhnews\/wp-content\/uploads\/2024\/04\/Autismo-e-Carreira.jpg","articleSection":["6 \u2022 Trilhando +","Aprendizado","Carreira","Mat\u00e9rias"],"inLanguage":"pt-BR","potentialAction":[{"@type":"CommentAction","name":"Comment","target":["https:\/\/metarh.com.br\/metarhnews\/autismo-carreira\/#respond"]}],"copyrightYear":"2024","copyrightHolder":{"@id":"https:\/\/metarh.com.br\/metarhnews\/#organization"}},{"@type":"WebPage","@id":"https:\/\/metarh.com.br\/metarhnews\/autismo-carreira\/","url":"https:\/\/metarh.com.br\/metarhnews\/autismo-carreira\/","name":"Autismo e carreira: 8 \u00e1reas promissoras para pessoas autistas","isPartOf":{"@id":"https:\/\/metarh.com.br\/metarhnews\/#website"},"primaryImageOfPage":{"@id":"https:\/\/metarh.com.br\/metarhnews\/autismo-carreira\/#primaryimage"},"image":{"@id":"https:\/\/metarh.com.br\/metarhnews\/autismo-carreira\/#primaryimage"},"thumbnailUrl":"https:\/\/metarh.com.br\/metarhnews\/wp-content\/uploads\/2024\/04\/Autismo-e-Carreira.jpg","datePublished":"2024-04-02T12:27:08+00:00","dateModified":"2026-01-21T18:44:00+00:00","description":"Descubra oportunidades profissionais em 8 \u00e1reas promissoras no mercado de trabalho para pessoas com autismo.","breadcrumb":{"@id":"https:\/\/metarh.com.br\/metarhnews\/autismo-carreira\/#breadcrumb"},"inLanguage":"pt-BR","potentialAction":[{"@type":"ReadAction","target":["https:\/\/metarh.com.br\/metarhnews\/autismo-carreira\/"]}]},{"@type":"ImageObject","inLanguage":"pt-BR","@id":"https:\/\/metarh.com.br\/metarhnews\/autismo-carreira\/#primaryimage","url":"https:\/\/metarh.com.br\/metarhnews\/wp-content\/uploads\/2024\/04\/Autismo-e-Carreira.jpg","contentUrl":"https:\/\/metarh.com.br\/metarhnews\/wp-content\/uploads\/2024\/04\/Autismo-e-Carreira.jpg","width":1060,"height":700,"caption":"Autismo e carreira: 8 \u00e1reas promissoras para pessoas autistas"},{"@type":"BreadcrumbList","@id":"https:\/\/metarh.com.br\/metarhnews\/autismo-carreira\/#breadcrumb","itemListElement":[{"@type":"ListItem","position":1,"name":"In\u00edcio","item":"https:\/\/metarh.com.br\/metarhnews\/"},{"@type":"ListItem","position":2,"name":"Autismo e carreira: 8 \u00e1reas promissoras para pessoas autistas"}]},{"@type":"WebSite","@id":"https:\/\/metarh.com.br\/metarhnews\/#website","url":"https:\/\/metarh.com.br\/metarhnews\/","name":"METARH +News","description":"Conte\u00fado focado em Gest\u00e3o de Pessoas","publisher":{"@id":"https:\/\/metarh.com.br\/metarhnews\/#organization"},"potentialAction":[{"@type":"SearchAction","target":{"@type":"EntryPoint","urlTemplate":"https:\/\/metarh.com.br\/metarhnews\/?s={search_term_string}"},"query-input":{"@type":"PropertyValueSpecification","valueRequired":true,"valueName":"search_term_string"}}],"inLanguage":"pt-BR"},{"@type":"Organization","@id":"https:\/\/metarh.com.br\/metarhnews\/#organization","name":"METARH +Humana","url":"https:\/\/metarh.com.br\/metarhnews\/","logo":{"@type":"ImageObject","inLanguage":"pt-BR","@id":"https:\/\/metarh.com.br\/metarhnews\/#\/schema\/logo\/image\/","url":"https:\/\/metarh.com.br\/metarhnews\/wp-content\/uploads\/2025\/02\/METARH-Azul-Horizontal.png","contentUrl":"https:\/\/metarh.com.br\/metarhnews\/wp-content\/uploads\/2025\/02\/METARH-Azul-Horizontal.png","width":1002,"height":303,"caption":"METARH +Humana"},"image":{"@id":"https:\/\/metarh.com.br\/metarhnews\/#\/schema\/logo\/image\/"},"sameAs":["https:\/\/www.facebook.com\/metarhumana","https:\/\/x.com\/metarhumana","https:\/\/www.instagram.com\/metarhumana\/","https:\/\/www.youtube.com\/@metarhumana"]},{"@type":"Person","@id":"https:\/\/metarh.com.br\/metarhnews\/#\/schema\/person\/930900bc40677695dc9df602ec0366d0","name":"METARH","image":{"@type":"ImageObject","inLanguage":"pt-BR","@id":"https:\/\/secure.gravatar.com\/avatar\/e03963382c9576f1c9989940c2d59ebc780df154afc76a079627bbbdb3dcefa1?s=96&d=mm&r=g","url":"https:\/\/secure.gravatar.com\/avatar\/e03963382c9576f1c9989940c2d59ebc780df154afc76a079627bbbdb3dcefa1?s=96&d=mm&r=g","contentUrl":"https:\/\/secure.gravatar.com\/avatar\/e03963382c9576f1c9989940c2d59ebc780df154afc76a079627bbbdb3dcefa1?s=96&d=mm&r=g","caption":"METARH"},"description":"Somos uma consultoria de recursos humanos com mais de 40 anos de mercado, ajudando empresas como a sua a encontrarem o talento certo. Nossos processos s\u00e3o focados no sucesso dos clientes sem deixar de lado a experi\u00eancia positiva das pessoas candidatas.","sameAs":["http:\/\/www.metarh.com.br","https:\/\/www.facebook.com\/metarhconsultoria","https:\/\/www.instagram.com\/metarhconsultoria\/","https:\/\/www.linkedin.com\/company\/metarhconsultoria","http:\/\/youtube.com\/@metarhconsultoria"],"url":"https:\/\/metarh.com.br\/metarhnews\/author\/editorial-metarh\/"}]}},"_links":{"self":[{"href":"https:\/\/metarh.com.br\/metarhnews\/wp-json\/wp\/v2\/posts\/16145","targetHints":{"allow":["GET"]}}],"collection":[{"href":"https:\/\/metarh.com.br\/metarhnews\/wp-json\/wp\/v2\/posts"}],"about":[{"href":"https:\/\/metarh.com.br\/metarhnews\/wp-json\/wp\/v2\/types\/post"}],"author":[{"embeddable":true,"href":"https:\/\/metarh.com.br\/metarhnews\/wp-json\/wp\/v2\/users\/4"}],"replies":[{"embeddable":true,"href":"https:\/\/metarh.com.br\/metarhnews\/wp-json\/wp\/v2\/comments?post=16145"}],"version-history":[{"count":2,"href":"https:\/\/metarh.com.br\/metarhnews\/wp-json\/wp\/v2\/posts\/16145\/revisions"}],"predecessor-version":[{"id":16150,"href":"https:\/\/metarh.com.br\/metarhnews\/wp-json\/wp\/v2\/posts\/16145\/revisions\/16150"}],"wp:featuredmedia":[{"embeddable":true,"href":"https:\/\/metarh.com.br\/metarhnews\/wp-json\/wp\/v2\/media\/16146"}],"wp:attachment":[{"href":"https:\/\/metarh.com.br\/metarhnews\/wp-json\/wp\/v2\/media?parent=16145"}],"wp:term":[{"taxonomy":"category","embeddable":true,"href":"https:\/\/metarh.com.br\/metarhnews\/wp-json\/wp\/v2\/categories?post=16145"},{"taxonomy":"post_tag","embeddable":true,"href":"https:\/\/metarh.com.br\/metarhnews\/wp-json\/wp\/v2\/tags?post=16145"}],"curies":[{"name":"wp","href":"https:\/\/api.w.org\/{rel}","templated":true}]}}