{"id":16157,"date":"2024-04-23T08:25:05","date_gmt":"2024-04-23T11:25:05","guid":{"rendered":"https:\/\/metarh.com.br\/metarhnews\/?p=16157"},"modified":"2025-11-17T16:53:10","modified_gmt":"2025-11-17T19:53:10","slug":"thought-leadership","status":"publish","type":"post","link":"https:\/\/metarh.com.br\/metarhnews\/thought-leadership\/","title":{"rendered":"Thought Leadership: o que \u00e9, vantagens e como colocar em pr\u00e1tica"},"content":{"rendered":"\n<p>Se a sua empresa est\u00e1 buscando novas formas de construir autoridade e melhorar a <a href=\"https:\/\/metarh.com.br\/metarhnews\/reputacao-corporativa-farmaceutica\/\" target=\"_blank\" rel=\"noreferrer noopener\">reputa\u00e7\u00e3o corporativa<\/a>, ent\u00e3o ela precisa conhecer o <strong>Thought Leadership<\/strong> \u2013 estrat\u00e9gia de Rela\u00e7\u00f5es P\u00fablicas (RP) que t\u00eam ganhado destaque nos \u00faltimos tempos.\u00a0<\/p>\n\n\n\n<p>Tamb\u00e9m conhecida como lideran\u00e7a de pensamento, essa abordagem se fundamenta na habilidade de organiza\u00e7\u00f5es e pessoas em <strong>inspirar o mercado atrav\u00e9s do compartilhamento de informa\u00e7\u00f5es e ideias inovadoras<\/strong>.&nbsp;<\/p>\n\n\n\n<p>&nbsp;Neste post, vamos explicar de forma detalhada como essa tend\u00eancia funciona e pode, inclusive, impactar na atra\u00e7\u00e3o de talentos. Vem com a gente!&nbsp;<\/p>\n\n\n\n<h2 class=\"wp-block-heading\"><strong>O que \u00e9 Thought Leadership?<\/strong><\/h2>\n\n\n\n<p>Thought Leadership, ou lideran\u00e7a de pensamento, em tradu\u00e7\u00e3o livre para o portugu\u00eas, \u00e9 uma estrat\u00e9gia de RP que tem como objetivo principal <strong>posicionar as organiza\u00e7\u00f5es como autoridades reconhecidas em suas respectivas \u00e1reas.<\/strong><\/p>\n\n\n\n<p>Para alcan\u00e7ar esse objetivo, as empresas geralmente contam com a figura do <strong>Thought Leader <\/strong>(ou l\u00edder de pensamento), que nada mais \u00e9 do que um porta-voz capaz que demonstra expertise, criatividade e vis\u00e3o dentro do seu setor de atua\u00e7\u00e3o.&nbsp;<\/p>\n\n\n\n<p>O reconhecimento do <strong>Thought Leader \u00e9 constru\u00eddo <\/strong>a partir do<strong> compartilhamento de informa\u00e7\u00f5es educativas, relevantes e originais<\/strong> e do <strong>empenho em oferecer solu\u00e7\u00f5es inovadoras<\/strong> para os desafios enfrentados pela \u00e1rea em que ele \u00e9 refer\u00eancia.&nbsp;<\/p>\n\n\n\n<p>Vale dizer que esse papel pode ser desempenhado pela pr\u00f3pria organiza\u00e7\u00e3o ou por qualquer membro que demonstre um profundo conhecimento e experi\u00eancia. No entanto, o mais comum \u00e9 que as empresas destinem seus principais executivos para liderar essa miss\u00e3o.<\/p>\n\n\n\n<h2 class=\"wp-block-heading\"><strong>Por que investir no Thought Leadership?<\/strong><\/h2>\n\n\n\n<p>O Thought Leadership \u00e9 uma estrat\u00e9gia poderosa para as empresas e profissionais que desejam se consolidar como uma refer\u00eancia respeit\u00e1vel e confi\u00e1vel. Confira, a seguir, os principais benef\u00edcios associados a ela:<\/p>\n\n\n\n<ol class=\"wp-block-list\">\n<li><strong>Fortalecimento de reputa\u00e7\u00e3o corporativa<\/strong><\/li>\n<\/ol>\n\n\n\n<p>Uma das consequ\u00eancias diretas da constru\u00e7\u00e3o de autoridade \u00e9 melhorar a imagem da empresa junto a clientes, parceiros e talentos.<\/p>\n\n\n\n<p>Afinal, ao demonstrar um profundo conhecimento e oferecer insights valiosos em seu campo de atua\u00e7\u00e3o, as organiza\u00e7\u00f5es se posicionam como fontes confi\u00e1veis.&nbsp;<\/p>\n\n\n\n<ol class=\"wp-block-list\" start=\"2\">\n<li><strong>Posi\u00e7\u00e3o de destaque frente \u00e0 concorr\u00eancia<\/strong><\/li>\n<\/ol>\n\n\n\n<p>Em um mercado altamente competitivo, ser reconhecido como um(a) l\u00edder de pensamento pode ser um diferencial e tanto. Na pr\u00e1tica, uma abordagem bem estruturada nesta frente tende a ajudar as empresas a se destacarem dos seus concorrentes.<\/p>\n\n\n\n<ol class=\"wp-block-list\" start=\"3\">\n<li><strong>Gera\u00e7\u00e3o de leads qualificados<\/strong><\/li>\n<\/ol>\n\n\n\n<p>Por se pautar no compartilhamento de conhecimento relevante, a estrat\u00e9gia de Thought Leadership tamb\u00e9m favorece a atra\u00e7\u00e3o de um p\u00fablico engajado e interessado pelos produtos ou servi\u00e7os da companhia.&nbsp;<\/p>\n\n\n\n<p>Com o tempo, a tend\u00eancia \u00e9 que esse trabalho resulte na gera\u00e7\u00e3o de leads qualificados e no aumento das oportunidades de vendas.<\/p>\n\n\n\n<ol class=\"wp-block-list\" start=\"4\">\n<li><strong>Atra\u00e7\u00e3o e reten\u00e7\u00e3o de talentos<\/strong><\/li>\n<\/ol>\n\n\n\n<p>Da mesma forma que poss\u00edveis clientes s\u00e3o impactados, as pessoas candidatas e colaboradoras tamb\u00e9m o s\u00e3o. Afinal, profissionais talentosos costumam estar atentos \u00e0s organiza\u00e7\u00f5es que s\u00e3o reconhecidas como l\u00edderes em seus setores.<\/p>\n\n\n\n<p>Quando a empresa demonstra um compromisso com a inova\u00e7\u00e3o e o desenvolvimento de sua \u00e1rea, o esperado \u00e9 que ela consiga melhorar a <a href=\"https:\/\/metarh.com.br\/metarhnews\/atracao-talentos\/\" target=\"_blank\" rel=\"noreferrer noopener\">atra\u00e7\u00e3o<\/a> e a reten\u00e7\u00e3o de talentos qualificados.<\/p>\n\n\n\n<ol class=\"wp-block-list\" start=\"5\">\n<li><strong>Mudan\u00e7as positivas no setor<\/strong><\/li>\n<\/ol>\n\n\n\n<p>Olhando por uma perspectiva ainda mais ampla, o Thought Leadership ainda pode encabe\u00e7ar mudan\u00e7as e inova\u00e7\u00f5es dentro do setor em que atuam.&nbsp;<\/p>\n\n\n\n<p>As ideias e iniciativas compartilhadas pelos l\u00edderes de pensamento t\u00eam o potencial de inspirar outros profissionais, empresas e at\u00e9 mesmo entidades governamentais a adotarem pr\u00e1ticas mais eficientes, \u00e9ticas e sustent\u00e1veis.<\/p>\n\n\n\n<p>Ou seja: ao liderar discuss\u00f5es, oferecer insights inovadores e propor solu\u00e7\u00f5es para desafios comuns, eles influenciam diretamente o desenvolvimento do seu campo de atua\u00e7\u00e3o.<\/p>\n\n\n\n<figure class=\"wp-block-image size-large\"><a href=\"https:\/\/conteudo.metarh.com.br\/planejamento-rh\" target=\"_blank\" rel=\"noreferrer noopener\"><img fetchpriority=\"high\" decoding=\"async\" width=\"1024\" height=\"377\" src=\"https:\/\/metarh.com.br\/metarhnews\/wp-content\/uploads\/2024\/03\/Planejamento-de-RH-2024-1024x377.jpg\" alt=\"\" class=\"wp-image-16144\" srcset=\"https:\/\/metarh.com.br\/metarhnews\/wp-content\/uploads\/2024\/03\/Planejamento-de-RH-2024-1024x377.jpg 1024w, https:\/\/metarh.com.br\/metarhnews\/wp-content\/uploads\/2024\/03\/Planejamento-de-RH-2024-300x110.jpg 300w, https:\/\/metarh.com.br\/metarhnews\/wp-content\/uploads\/2024\/03\/Planejamento-de-RH-2024-768x283.jpg 768w, https:\/\/metarh.com.br\/metarhnews\/wp-content\/uploads\/2024\/03\/Planejamento-de-RH-2024-1536x565.jpg 1536w, https:\/\/metarh.com.br\/metarhnews\/wp-content\/uploads\/2024\/03\/Planejamento-de-RH-2024.jpg 1900w\" sizes=\"(max-width: 1024px) 100vw, 1024px\" \/><\/a><\/figure>\n\n\n\n<h2 class=\"wp-block-heading\"><strong>Por onde come\u00e7ar uma estrat\u00e9gia de Thought Leadership?<\/strong><\/h2>\n\n\n\n<p>Se as vantagens apresentadas acima despertaram o seu interesse, o pr\u00f3ximo passo \u00e9 compreender como colocar o conceito de Thought Leadership em pr\u00e1tica.<\/p>\n\n\n\n<p>Como j\u00e1 destacado, o compartilhamento de conte\u00fado \u00e9 o ponto central dessa abordagem. A partir de agora, vamos apresentar algumas sugest\u00f5es sobre como sua empresa pode estrutur\u00e1-la:<\/p>\n\n\n\n<ol class=\"wp-block-list\">\n<li><strong>Identifique o nicho em que a empresa deseja se posicionar<\/strong><\/li>\n<\/ol>\n\n\n\n<p>A sua primeira miss\u00e3o \u00e9 identificar o nicho ou segmento espec\u00edfico em que a empresa deseja estabelecer autoridade. Afinal, quem fala sobre tudo corre o grande risco de n\u00e3o se tornar uma refer\u00eancia.&nbsp;<\/p>\n\n\n\n<p>Para chegar a uma defini\u00e7\u00e3o, avalie os recursos internos e as tend\u00eancias do mercado. Vale olhar, tamb\u00e9m, para os assuntos que v\u00eam sendo abordados pela concorr\u00eancia e como a sua empresa pode se destacar nessas discuss\u00f5es.&nbsp;<\/p>\n\n\n\n<ol class=\"wp-block-list\" start=\"2\">\n<li><strong>Escolha quem ser\u00e3o os l\u00edderes de pensamento&nbsp;<\/strong><\/li>\n<\/ol>\n\n\n\n<p>Uma vez definido o nicho, o pr\u00f3ximo passo \u00e9 selecionar os l\u00edderes de pensamento que ser\u00e3o os porta-vozes da empresa.&nbsp;<\/p>\n\n\n\n<p>Eles podem ser CEOs, executivos, especialistas t\u00e9cnicos ou, como dissemos antes, qualquer pessoa dentro da organiza\u00e7\u00e3o que demonstre conhecimento profundo e paix\u00e3o pelo tema em quest\u00e3o.<\/p>\n\n\n\n<p>Existe, ainda, a op\u00e7\u00e3o de a pr\u00f3pria empresa falar em seu nome. A Deloitte, por exemplo, solidificou sua autoridade no mercado conduzindo pesquisas e an\u00e1lises sobre temas que impactam os l\u00edderes de TI.&nbsp;&nbsp;<\/p>\n\n\n\n<ol class=\"wp-block-list\" start=\"3\">\n<li><strong>Defina o tom de voz e os temas que ser\u00e3o abordados<\/strong><\/li>\n<\/ol>\n\n\n\n<p>Qual tom de voz reflete a identidade da sua empresa e se conecta com o p\u00fablico-alvo dela? Bom, essa \u00e9 uma das perguntas que voc\u00ea deve responder na terceira etapa de estrutura\u00e7\u00e3o da estrat\u00e9gia de Thought Leadership.<\/p>\n\n\n\n<p>Outros dois pontos importantes s\u00e3o: 1) o levantamento das pautas que ser\u00e3o abordadas nas comunica\u00e7\u00f5es e 2) a estrutura\u00e7\u00e3o do cronograma de publica\u00e7\u00f5es.<\/p>\n\n\n\n<p>Lembre-se, sempre, de validar os temas com as principais lideran\u00e7as da empresa. Essa \u00e9 uma excelente forma de garantir o alinhamento dessa estrat\u00e9gia com os objetivos organizacionais e as necessidades do mercado.<\/p>\n\n\n\n<ol class=\"wp-block-list\" start=\"4\">\n<li><strong>Mapeie os canais de comunica\u00e7\u00e3o que ser\u00e3o utilizados<\/strong><\/li>\n<\/ol>\n\n\n\n<p>Uma vez definidos os l\u00edderes de pensamento, o tom de voz e os temas, \u00e9 necess\u00e1rio identificar os canais de comunica\u00e7\u00e3o mais adequados para alcan\u00e7ar o p\u00fablico-alvo.&nbsp;<\/p>\n\n\n\n<p>As redes sociais, os blogs corporativos e os podcasts se posicionam, hoje, como os canais mais utilizados pelas empresas. Ali\u00e1s, o posicionamento de porta-vozes no LinkedIn \u00e9 um dos grandes destaques nesta frente.<\/p>\n\n\n\n<ol class=\"wp-block-list\" start=\"5\">\n<li><strong>Produza e compartilhe conte\u00fado claro e relevante<\/strong><\/li>\n<\/ol>\n\n\n\n<p>A produ\u00e7\u00e3o de conte\u00fado autoral \u00e9 um dos principais caminhos para a constru\u00e7\u00e3o de autoridade. Por isso, essa \u00e9 uma das etapas que demandam maior aten\u00e7\u00e3o.<\/p>\n\n\n\n<p>Foque em produzir materiais de alta qualidade e alinhados ao tom de voz, que ofere\u00e7am <strong>insights valiosos, solu\u00e7\u00f5es pr\u00e1ticas e informa\u00e7\u00f5es relevantes<\/strong> para o p\u00fablico-alvo.&nbsp;<\/p>\n\n\n\n<p>Tamb\u00e9m \u00e9 interessante variar nos formatos. Sua empresa pode produzir desde artigos e estudos de casos at\u00e9 infogr\u00e1ficos e v\u00eddeos.&nbsp;&nbsp;<\/p>\n\n\n\n<ol class=\"wp-block-list\" start=\"6\">\n<li><strong>Participe ativamente de conversas e discuss\u00f5es<\/strong><\/li>\n<\/ol>\n\n\n\n<p>Al\u00e9m de criar e compartilhar conte\u00fado, \u00e9 importante participar ativamente de conversas e discuss\u00f5es relevantes em seu nicho de atua\u00e7\u00e3o.&nbsp;<\/p>\n\n\n\n<p>Interagir com os seguidores nas redes sociais, participar de grupos de discuss\u00e3o online e marcar presen\u00e7a nos principais eventos do setor s\u00e3o algumas formas de colocar esse plano em pr\u00e1tica.<\/p>\n\n\n\n<figure class=\"wp-block-image size-large\"><a href=\"https:\/\/metarh.com.br\/\" target=\"_blank\" rel=\"noreferrer noopener\"><img decoding=\"async\" width=\"1024\" height=\"337\" src=\"https:\/\/metarh.com.br\/metarhnews\/wp-content\/uploads\/2024\/02\/Rodameio-email-PIPE-solucoes-1024x337.jpg\" alt=\"METARH Consultoria de RH\" class=\"wp-image-16095\" srcset=\"https:\/\/metarh.com.br\/metarhnews\/wp-content\/uploads\/2024\/02\/Rodameio-email-PIPE-solucoes-1024x337.jpg 1024w, https:\/\/metarh.com.br\/metarhnews\/wp-content\/uploads\/2024\/02\/Rodameio-email-PIPE-solucoes-300x99.jpg 300w, https:\/\/metarh.com.br\/metarhnews\/wp-content\/uploads\/2024\/02\/Rodameio-email-PIPE-solucoes-768x253.jpg 768w, https:\/\/metarh.com.br\/metarhnews\/wp-content\/uploads\/2024\/02\/Rodameio-email-PIPE-solucoes.jpg 1200w\" sizes=\"(max-width: 1024px) 100vw, 1024px\" \/><\/a><\/figure>\n\n\n\n<p><strong>E a\u00ed, gostou do conte\u00fado? Ent\u00e3o n\u00e3o perca os pr\u00f3ximos posts. Assine nossa newsletter e receba as \u00faltimas novidades sobre gest\u00e3o de pessoas diretamente em seu e-mail!<\/strong><\/p>\n<div style=\"margin-top: 0px; margin-bottom: 0px;\" class=\"sharethis-inline-share-buttons\" ><\/div>","protected":false},"excerpt":{"rendered":"<p>Se a sua empresa est\u00e1 buscando novas formas de construir autoridade e melhorar a reputa\u00e7\u00e3o corporativa, ent\u00e3o ela precisa conhecer o Thought Leadership \u2013 estrat\u00e9gia de Rela\u00e7\u00f5es P\u00fablicas (RP) que t\u00eam ganhado destaque nos \u00faltimos tempos.\u00a0 Tamb\u00e9m conhecida como lideran\u00e7a de pensamento, essa abordagem se fundamenta na habilidade de organiza\u00e7\u00f5es e pessoas em inspirar o&#8230;<\/p>\n","protected":false},"author":4,"featured_media":16165,"comment_status":"open","ping_status":"open","sticky":false,"template":"","format":"standard","meta":{"_kadence_starter_templates_imported_post":false,"_kad_post_transparent":"","_kad_post_title":"","_kad_post_layout":"","_kad_post_sidebar_id":"","_kad_post_content_style":"","_kad_post_vertical_padding":"","_kad_post_feature":"","_kad_post_feature_position":"","_kad_post_header":false,"_kad_post_footer":false,"_kad_post_classname":"","footnotes":""},"categories":[163,2,132],"tags":[],"class_list":["post-16157","post","type-post","status-publish","format-standard","has-post-thumbnail","hentry","category-descoberta-de-conteudos-de-rh","category-materias","category-tendencias"],"yoast_head":"<!-- This site is optimized with the Yoast SEO Premium plugin v26.6 (Yoast SEO v27.5) - https:\/\/yoast.com\/product\/yoast-seo-premium-wordpress\/ -->\n<title>Thought Leadership: o que \u00e9, vantagens e como colocar em pr\u00e1tica<\/title>\n<meta name=\"description\" content=\"vamos explicar de forma detalhada como o thought-leadership funciona e pode, inclusive, impactar na atra\u00e7\u00e3o de talentos.\" \/>\n<meta name=\"robots\" content=\"index, follow, max-snippet:-1, max-image-preview:large, max-video-preview:-1\" \/>\n<link rel=\"canonical\" href=\"https:\/\/metarh.com.br\/metarhnews\/thought-leadership\/\" \/>\n<meta property=\"og:locale\" content=\"pt_BR\" \/>\n<meta property=\"og:type\" content=\"article\" \/>\n<meta property=\"og:title\" content=\"Thought Leadership: o que \u00e9, vantagens e como colocar em pr\u00e1tica\" \/>\n<meta property=\"og:description\" content=\"vamos explicar de forma detalhada como o thought-leadership funciona e pode, inclusive, impactar na atra\u00e7\u00e3o de talentos.\" \/>\n<meta property=\"og:url\" content=\"https:\/\/metarh.com.br\/metarhnews\/thought-leadership\/\" \/>\n<meta property=\"og:site_name\" content=\"METARH +News\" \/>\n<meta property=\"article:publisher\" content=\"https:\/\/www.facebook.com\/metarhumana\" \/>\n<meta property=\"article:author\" content=\"https:\/\/www.facebook.com\/metarhconsultoria\" \/>\n<meta property=\"article:published_time\" content=\"2024-04-23T11:25:05+00:00\" \/>\n<meta property=\"article:modified_time\" content=\"2025-11-17T19:53:10+00:00\" \/>\n<meta property=\"og:image\" content=\"https:\/\/metarh.com.br\/metarhnews\/wp-content\/uploads\/2024\/04\/Thought-Leadership.jpg\" \/>\n\t<meta property=\"og:image:width\" content=\"1060\" \/>\n\t<meta property=\"og:image:height\" content=\"700\" \/>\n\t<meta property=\"og:image:type\" content=\"image\/jpeg\" \/>\n<meta name=\"author\" content=\"METARH\" \/>\n<meta name=\"twitter:card\" content=\"summary_large_image\" \/>\n<meta name=\"twitter:creator\" content=\"@metarhumana\" \/>\n<meta name=\"twitter:site\" content=\"@metarhumana\" \/>\n<meta name=\"twitter:label1\" content=\"Escrito por\" \/>\n\t<meta name=\"twitter:data1\" content=\"METARH\" \/>\n\t<meta name=\"twitter:label2\" content=\"Est. tempo de leitura\" \/>\n\t<meta name=\"twitter:data2\" content=\"7 minutos\" \/>\n<script type=\"application\/ld+json\" class=\"yoast-schema-graph\">{\"@context\":\"https:\\\/\\\/schema.org\",\"@graph\":[{\"@type\":\"Article\",\"@id\":\"https:\\\/\\\/metarh.com.br\\\/metarhnews\\\/thought-leadership\\\/#article\",\"isPartOf\":{\"@id\":\"https:\\\/\\\/metarh.com.br\\\/metarhnews\\\/thought-leadership\\\/\"},\"author\":{\"name\":\"METARH\",\"@id\":\"https:\\\/\\\/metarh.com.br\\\/metarhnews\\\/#\\\/schema\\\/person\\\/930900bc40677695dc9df602ec0366d0\"},\"headline\":\"Thought Leadership: o que \u00e9, vantagens e como colocar em pr\u00e1tica\",\"datePublished\":\"2024-04-23T11:25:05+00:00\",\"dateModified\":\"2025-11-17T19:53:10+00:00\",\"mainEntityOfPage\":{\"@id\":\"https:\\\/\\\/metarh.com.br\\\/metarhnews\\\/thought-leadership\\\/\"},\"wordCount\":1277,\"commentCount\":0,\"publisher\":{\"@id\":\"https:\\\/\\\/metarh.com.br\\\/metarhnews\\\/#organization\"},\"image\":{\"@id\":\"https:\\\/\\\/metarh.com.br\\\/metarhnews\\\/thought-leadership\\\/#primaryimage\"},\"thumbnailUrl\":\"https:\\\/\\\/metarh.com.br\\\/metarhnews\\\/wp-content\\\/uploads\\\/2024\\\/04\\\/Thought-Leadership.jpg\",\"articleSection\":[\"Descoberta\",\"Mat\u00e9rias\",\"Tend\u00eancias\"],\"inLanguage\":\"pt-BR\",\"potentialAction\":[{\"@type\":\"CommentAction\",\"name\":\"Comment\",\"target\":[\"https:\\\/\\\/metarh.com.br\\\/metarhnews\\\/thought-leadership\\\/#respond\"]}],\"copyrightYear\":\"2024\",\"copyrightHolder\":{\"@id\":\"https:\\\/\\\/metarh.com.br\\\/metarhnews\\\/#organization\"}},{\"@type\":\"WebPage\",\"@id\":\"https:\\\/\\\/metarh.com.br\\\/metarhnews\\\/thought-leadership\\\/\",\"url\":\"https:\\\/\\\/metarh.com.br\\\/metarhnews\\\/thought-leadership\\\/\",\"name\":\"Thought Leadership: o que \u00e9, vantagens e como colocar em pr\u00e1tica\",\"isPartOf\":{\"@id\":\"https:\\\/\\\/metarh.com.br\\\/metarhnews\\\/#website\"},\"primaryImageOfPage\":{\"@id\":\"https:\\\/\\\/metarh.com.br\\\/metarhnews\\\/thought-leadership\\\/#primaryimage\"},\"image\":{\"@id\":\"https:\\\/\\\/metarh.com.br\\\/metarhnews\\\/thought-leadership\\\/#primaryimage\"},\"thumbnailUrl\":\"https:\\\/\\\/metarh.com.br\\\/metarhnews\\\/wp-content\\\/uploads\\\/2024\\\/04\\\/Thought-Leadership.jpg\",\"datePublished\":\"2024-04-23T11:25:05+00:00\",\"dateModified\":\"2025-11-17T19:53:10+00:00\",\"description\":\"vamos explicar de forma detalhada como o thought-leadership funciona e pode, inclusive, impactar na atra\u00e7\u00e3o de talentos.\",\"breadcrumb\":{\"@id\":\"https:\\\/\\\/metarh.com.br\\\/metarhnews\\\/thought-leadership\\\/#breadcrumb\"},\"inLanguage\":\"pt-BR\",\"potentialAction\":[{\"@type\":\"ReadAction\",\"target\":[\"https:\\\/\\\/metarh.com.br\\\/metarhnews\\\/thought-leadership\\\/\"]}]},{\"@type\":\"ImageObject\",\"inLanguage\":\"pt-BR\",\"@id\":\"https:\\\/\\\/metarh.com.br\\\/metarhnews\\\/thought-leadership\\\/#primaryimage\",\"url\":\"https:\\\/\\\/metarh.com.br\\\/metarhnews\\\/wp-content\\\/uploads\\\/2024\\\/04\\\/Thought-Leadership.jpg\",\"contentUrl\":\"https:\\\/\\\/metarh.com.br\\\/metarhnews\\\/wp-content\\\/uploads\\\/2024\\\/04\\\/Thought-Leadership.jpg\",\"width\":1060,\"height\":700,\"caption\":\"Thought Leadership\"},{\"@type\":\"BreadcrumbList\",\"@id\":\"https:\\\/\\\/metarh.com.br\\\/metarhnews\\\/thought-leadership\\\/#breadcrumb\",\"itemListElement\":[{\"@type\":\"ListItem\",\"position\":1,\"name\":\"In\u00edcio\",\"item\":\"https:\\\/\\\/metarh.com.br\\\/metarhnews\\\/\"},{\"@type\":\"ListItem\",\"position\":2,\"name\":\"Thought Leadership: o que \u00e9, vantagens e como colocar em pr\u00e1tica\"}]},{\"@type\":\"WebSite\",\"@id\":\"https:\\\/\\\/metarh.com.br\\\/metarhnews\\\/#website\",\"url\":\"https:\\\/\\\/metarh.com.br\\\/metarhnews\\\/\",\"name\":\"METARH +News\",\"description\":\"Conte\u00fado focado em Gest\u00e3o de Pessoas\",\"publisher\":{\"@id\":\"https:\\\/\\\/metarh.com.br\\\/metarhnews\\\/#organization\"},\"potentialAction\":[{\"@type\":\"SearchAction\",\"target\":{\"@type\":\"EntryPoint\",\"urlTemplate\":\"https:\\\/\\\/metarh.com.br\\\/metarhnews\\\/?s={search_term_string}\"},\"query-input\":{\"@type\":\"PropertyValueSpecification\",\"valueRequired\":true,\"valueName\":\"search_term_string\"}}],\"inLanguage\":\"pt-BR\"},{\"@type\":\"Organization\",\"@id\":\"https:\\\/\\\/metarh.com.br\\\/metarhnews\\\/#organization\",\"name\":\"METARH +Humana\",\"url\":\"https:\\\/\\\/metarh.com.br\\\/metarhnews\\\/\",\"logo\":{\"@type\":\"ImageObject\",\"inLanguage\":\"pt-BR\",\"@id\":\"https:\\\/\\\/metarh.com.br\\\/metarhnews\\\/#\\\/schema\\\/logo\\\/image\\\/\",\"url\":\"https:\\\/\\\/metarh.com.br\\\/metarhnews\\\/wp-content\\\/uploads\\\/2025\\\/02\\\/METARH-Azul-Horizontal.png\",\"contentUrl\":\"https:\\\/\\\/metarh.com.br\\\/metarhnews\\\/wp-content\\\/uploads\\\/2025\\\/02\\\/METARH-Azul-Horizontal.png\",\"width\":1002,\"height\":303,\"caption\":\"METARH +Humana\"},\"image\":{\"@id\":\"https:\\\/\\\/metarh.com.br\\\/metarhnews\\\/#\\\/schema\\\/logo\\\/image\\\/\"},\"sameAs\":[\"https:\\\/\\\/www.facebook.com\\\/metarhumana\",\"https:\\\/\\\/x.com\\\/metarhumana\",\"https:\\\/\\\/www.instagram.com\\\/metarhumana\\\/\",\"https:\\\/\\\/www.youtube.com\\\/@metarhumana\"]},{\"@type\":\"Person\",\"@id\":\"https:\\\/\\\/metarh.com.br\\\/metarhnews\\\/#\\\/schema\\\/person\\\/930900bc40677695dc9df602ec0366d0\",\"name\":\"METARH\",\"image\":{\"@type\":\"ImageObject\",\"inLanguage\":\"pt-BR\",\"@id\":\"https:\\\/\\\/secure.gravatar.com\\\/avatar\\\/e03963382c9576f1c9989940c2d59ebc780df154afc76a079627bbbdb3dcefa1?s=96&d=mm&r=g\",\"url\":\"https:\\\/\\\/secure.gravatar.com\\\/avatar\\\/e03963382c9576f1c9989940c2d59ebc780df154afc76a079627bbbdb3dcefa1?s=96&d=mm&r=g\",\"contentUrl\":\"https:\\\/\\\/secure.gravatar.com\\\/avatar\\\/e03963382c9576f1c9989940c2d59ebc780df154afc76a079627bbbdb3dcefa1?s=96&d=mm&r=g\",\"caption\":\"METARH\"},\"description\":\"Somos uma consultoria de recursos humanos com mais de 40 anos de mercado, ajudando empresas como a sua a encontrarem o talento certo. Nossos processos s\u00e3o focados no sucesso dos clientes sem deixar de lado a experi\u00eancia positiva das pessoas candidatas.\",\"sameAs\":[\"http:\\\/\\\/www.metarh.com.br\",\"https:\\\/\\\/www.facebook.com\\\/metarhconsultoria\",\"https:\\\/\\\/www.instagram.com\\\/metarhconsultoria\\\/\",\"https:\\\/\\\/www.linkedin.com\\\/company\\\/metarhconsultoria\",\"http:\\\/\\\/youtube.com\\\/@metarhconsultoria\"],\"url\":\"https:\\\/\\\/metarh.com.br\\\/metarhnews\\\/author\\\/editorial-metarh\\\/\"}]}<\/script>\n<!-- \/ Yoast SEO Premium plugin. -->","yoast_head_json":{"title":"Thought Leadership: o que \u00e9, vantagens e como colocar em pr\u00e1tica","description":"vamos explicar de forma detalhada como o thought-leadership funciona e pode, inclusive, impactar na atra\u00e7\u00e3o de talentos.","robots":{"index":"index","follow":"follow","max-snippet":"max-snippet:-1","max-image-preview":"max-image-preview:large","max-video-preview":"max-video-preview:-1"},"canonical":"https:\/\/metarh.com.br\/metarhnews\/thought-leadership\/","og_locale":"pt_BR","og_type":"article","og_title":"Thought Leadership: o que \u00e9, vantagens e como colocar em pr\u00e1tica","og_description":"vamos explicar de forma detalhada como o thought-leadership funciona e pode, inclusive, impactar na atra\u00e7\u00e3o de talentos.","og_url":"https:\/\/metarh.com.br\/metarhnews\/thought-leadership\/","og_site_name":"METARH +News","article_publisher":"https:\/\/www.facebook.com\/metarhumana","article_author":"https:\/\/www.facebook.com\/metarhconsultoria","article_published_time":"2024-04-23T11:25:05+00:00","article_modified_time":"2025-11-17T19:53:10+00:00","og_image":[{"width":1060,"height":700,"url":"https:\/\/metarh.com.br\/metarhnews\/wp-content\/uploads\/2024\/04\/Thought-Leadership.jpg","type":"image\/jpeg"}],"author":"METARH","twitter_card":"summary_large_image","twitter_creator":"@metarhumana","twitter_site":"@metarhumana","twitter_misc":{"Escrito por":"METARH","Est. tempo de leitura":"7 minutos"},"schema":{"@context":"https:\/\/schema.org","@graph":[{"@type":"Article","@id":"https:\/\/metarh.com.br\/metarhnews\/thought-leadership\/#article","isPartOf":{"@id":"https:\/\/metarh.com.br\/metarhnews\/thought-leadership\/"},"author":{"name":"METARH","@id":"https:\/\/metarh.com.br\/metarhnews\/#\/schema\/person\/930900bc40677695dc9df602ec0366d0"},"headline":"Thought Leadership: o que \u00e9, vantagens e como colocar em pr\u00e1tica","datePublished":"2024-04-23T11:25:05+00:00","dateModified":"2025-11-17T19:53:10+00:00","mainEntityOfPage":{"@id":"https:\/\/metarh.com.br\/metarhnews\/thought-leadership\/"},"wordCount":1277,"commentCount":0,"publisher":{"@id":"https:\/\/metarh.com.br\/metarhnews\/#organization"},"image":{"@id":"https:\/\/metarh.com.br\/metarhnews\/thought-leadership\/#primaryimage"},"thumbnailUrl":"https:\/\/metarh.com.br\/metarhnews\/wp-content\/uploads\/2024\/04\/Thought-Leadership.jpg","articleSection":["Descoberta","Mat\u00e9rias","Tend\u00eancias"],"inLanguage":"pt-BR","potentialAction":[{"@type":"CommentAction","name":"Comment","target":["https:\/\/metarh.com.br\/metarhnews\/thought-leadership\/#respond"]}],"copyrightYear":"2024","copyrightHolder":{"@id":"https:\/\/metarh.com.br\/metarhnews\/#organization"}},{"@type":"WebPage","@id":"https:\/\/metarh.com.br\/metarhnews\/thought-leadership\/","url":"https:\/\/metarh.com.br\/metarhnews\/thought-leadership\/","name":"Thought Leadership: o que \u00e9, vantagens e como colocar em pr\u00e1tica","isPartOf":{"@id":"https:\/\/metarh.com.br\/metarhnews\/#website"},"primaryImageOfPage":{"@id":"https:\/\/metarh.com.br\/metarhnews\/thought-leadership\/#primaryimage"},"image":{"@id":"https:\/\/metarh.com.br\/metarhnews\/thought-leadership\/#primaryimage"},"thumbnailUrl":"https:\/\/metarh.com.br\/metarhnews\/wp-content\/uploads\/2024\/04\/Thought-Leadership.jpg","datePublished":"2024-04-23T11:25:05+00:00","dateModified":"2025-11-17T19:53:10+00:00","description":"vamos explicar de forma detalhada como o thought-leadership funciona e pode, inclusive, impactar na atra\u00e7\u00e3o de talentos.","breadcrumb":{"@id":"https:\/\/metarh.com.br\/metarhnews\/thought-leadership\/#breadcrumb"},"inLanguage":"pt-BR","potentialAction":[{"@type":"ReadAction","target":["https:\/\/metarh.com.br\/metarhnews\/thought-leadership\/"]}]},{"@type":"ImageObject","inLanguage":"pt-BR","@id":"https:\/\/metarh.com.br\/metarhnews\/thought-leadership\/#primaryimage","url":"https:\/\/metarh.com.br\/metarhnews\/wp-content\/uploads\/2024\/04\/Thought-Leadership.jpg","contentUrl":"https:\/\/metarh.com.br\/metarhnews\/wp-content\/uploads\/2024\/04\/Thought-Leadership.jpg","width":1060,"height":700,"caption":"Thought Leadership"},{"@type":"BreadcrumbList","@id":"https:\/\/metarh.com.br\/metarhnews\/thought-leadership\/#breadcrumb","itemListElement":[{"@type":"ListItem","position":1,"name":"In\u00edcio","item":"https:\/\/metarh.com.br\/metarhnews\/"},{"@type":"ListItem","position":2,"name":"Thought Leadership: o que \u00e9, vantagens e como colocar em pr\u00e1tica"}]},{"@type":"WebSite","@id":"https:\/\/metarh.com.br\/metarhnews\/#website","url":"https:\/\/metarh.com.br\/metarhnews\/","name":"METARH +News","description":"Conte\u00fado focado em Gest\u00e3o de Pessoas","publisher":{"@id":"https:\/\/metarh.com.br\/metarhnews\/#organization"},"potentialAction":[{"@type":"SearchAction","target":{"@type":"EntryPoint","urlTemplate":"https:\/\/metarh.com.br\/metarhnews\/?s={search_term_string}"},"query-input":{"@type":"PropertyValueSpecification","valueRequired":true,"valueName":"search_term_string"}}],"inLanguage":"pt-BR"},{"@type":"Organization","@id":"https:\/\/metarh.com.br\/metarhnews\/#organization","name":"METARH +Humana","url":"https:\/\/metarh.com.br\/metarhnews\/","logo":{"@type":"ImageObject","inLanguage":"pt-BR","@id":"https:\/\/metarh.com.br\/metarhnews\/#\/schema\/logo\/image\/","url":"https:\/\/metarh.com.br\/metarhnews\/wp-content\/uploads\/2025\/02\/METARH-Azul-Horizontal.png","contentUrl":"https:\/\/metarh.com.br\/metarhnews\/wp-content\/uploads\/2025\/02\/METARH-Azul-Horizontal.png","width":1002,"height":303,"caption":"METARH +Humana"},"image":{"@id":"https:\/\/metarh.com.br\/metarhnews\/#\/schema\/logo\/image\/"},"sameAs":["https:\/\/www.facebook.com\/metarhumana","https:\/\/x.com\/metarhumana","https:\/\/www.instagram.com\/metarhumana\/","https:\/\/www.youtube.com\/@metarhumana"]},{"@type":"Person","@id":"https:\/\/metarh.com.br\/metarhnews\/#\/schema\/person\/930900bc40677695dc9df602ec0366d0","name":"METARH","image":{"@type":"ImageObject","inLanguage":"pt-BR","@id":"https:\/\/secure.gravatar.com\/avatar\/e03963382c9576f1c9989940c2d59ebc780df154afc76a079627bbbdb3dcefa1?s=96&d=mm&r=g","url":"https:\/\/secure.gravatar.com\/avatar\/e03963382c9576f1c9989940c2d59ebc780df154afc76a079627bbbdb3dcefa1?s=96&d=mm&r=g","contentUrl":"https:\/\/secure.gravatar.com\/avatar\/e03963382c9576f1c9989940c2d59ebc780df154afc76a079627bbbdb3dcefa1?s=96&d=mm&r=g","caption":"METARH"},"description":"Somos uma consultoria de recursos humanos com mais de 40 anos de mercado, ajudando empresas como a sua a encontrarem o talento certo. Nossos processos s\u00e3o focados no sucesso dos clientes sem deixar de lado a experi\u00eancia positiva das pessoas candidatas.","sameAs":["http:\/\/www.metarh.com.br","https:\/\/www.facebook.com\/metarhconsultoria","https:\/\/www.instagram.com\/metarhconsultoria\/","https:\/\/www.linkedin.com\/company\/metarhconsultoria","http:\/\/youtube.com\/@metarhconsultoria"],"url":"https:\/\/metarh.com.br\/metarhnews\/author\/editorial-metarh\/"}]}},"_links":{"self":[{"href":"https:\/\/metarh.com.br\/metarhnews\/wp-json\/wp\/v2\/posts\/16157","targetHints":{"allow":["GET"]}}],"collection":[{"href":"https:\/\/metarh.com.br\/metarhnews\/wp-json\/wp\/v2\/posts"}],"about":[{"href":"https:\/\/metarh.com.br\/metarhnews\/wp-json\/wp\/v2\/types\/post"}],"author":[{"embeddable":true,"href":"https:\/\/metarh.com.br\/metarhnews\/wp-json\/wp\/v2\/users\/4"}],"replies":[{"embeddable":true,"href":"https:\/\/metarh.com.br\/metarhnews\/wp-json\/wp\/v2\/comments?post=16157"}],"version-history":[{"count":3,"href":"https:\/\/metarh.com.br\/metarhnews\/wp-json\/wp\/v2\/posts\/16157\/revisions"}],"predecessor-version":[{"id":16173,"href":"https:\/\/metarh.com.br\/metarhnews\/wp-json\/wp\/v2\/posts\/16157\/revisions\/16173"}],"wp:featuredmedia":[{"embeddable":true,"href":"https:\/\/metarh.com.br\/metarhnews\/wp-json\/wp\/v2\/media\/16165"}],"wp:attachment":[{"href":"https:\/\/metarh.com.br\/metarhnews\/wp-json\/wp\/v2\/media?parent=16157"}],"wp:term":[{"taxonomy":"category","embeddable":true,"href":"https:\/\/metarh.com.br\/metarhnews\/wp-json\/wp\/v2\/categories?post=16157"},{"taxonomy":"post_tag","embeddable":true,"href":"https:\/\/metarh.com.br\/metarhnews\/wp-json\/wp\/v2\/tags?post=16157"}],"curies":[{"name":"wp","href":"https:\/\/api.w.org\/{rel}","templated":true}]}}