{"id":16177,"date":"2024-05-02T10:18:39","date_gmt":"2024-05-02T13:18:39","guid":{"rendered":"https:\/\/metarh.com.br\/metarhnews\/?p=16177"},"modified":"2025-11-17T16:45:09","modified_gmt":"2025-11-17T19:45:09","slug":"escolher-carreira","status":"publish","type":"post","link":"https:\/\/metarh.com.br\/metarhnews\/escolher-carreira\/","title":{"rendered":"Mercado de trabalho: 8 dicas para escolher a carreira certa"},"content":{"rendered":"\n<p>S\u00e3o poucas as pessoas que t\u00eam na ponta da l\u00edngua a resposta para a pergunta \u201co que voc\u00ea quer ser quando crescer?\u201d. Para a imensa maioria, as decis\u00f5es sobre <strong>trabalho<\/strong> e carreira costumam vir acompanhadas de muitas d\u00favidas e inseguran\u00e7as.<\/p>\n\n\n\n<p>N\u00e3o \u00e9 para menos: mais do que apenas definir o rumo profissional, essa \u00e9 uma daquelas escolhas que tamb\u00e9m pode influenciar diretamente no nosso estilo de vida e satisfa\u00e7\u00e3o pessoal. Afinal, passamos boa parte do nosso tempo trabalhando.<\/p>\n\n\n\n<p>\u00c9 por isso que estamos aqui para oferecer apoio neste processo t\u00e3o importante. Esperamos que, com as dicas que apresentaremos a seguir, voc\u00ea consiga escolher uma carreira que esteja alinhada com suas habilidades, interesses e expectativas.&nbsp;<\/p>\n\n\n\n<p>Vamos nessa?&nbsp;<\/p>\n\n\n\n<ol class=\"wp-block-list\">\n<li><strong>Invista em autoconhecimento<\/strong><\/li>\n<\/ol>\n\n\n\n<p>Pode parecer clich\u00ea, mas \u00e9 verdade: dedicar um tempo para entender quais s\u00e3o os seus pontos fortes, valores e interesses tende a ajudar bastante na tomada de decis\u00e3o sobre qual profiss\u00e3o seguir.&nbsp;<\/p>\n\n\n\n<p>Eis algumas perguntas que podem te ajudar a trilhar esse caminho:<\/p>\n\n\n\n<ul class=\"wp-block-list\">\n<li>O que eu mais gosto de fazer ou fa\u00e7o com facilidade?<\/li>\n\n\n\n<li>O que eu n\u00e3o gostaria de fazer de jeito nenhum?<\/li>\n\n\n\n<li>Quais atividades ou hobbies me trazem mais satisfa\u00e7\u00e3o?<\/li>\n\n\n\n<li>Quais s\u00e3o as minhas maiores habilidades e compet\u00eancias?<\/li>\n\n\n\n<li>Quais s\u00e3o os valores mais importantes para mim?<\/li>\n\n\n\n<li>Quais s\u00e3o as minhas metas de longo prazo e como uma determinada carreira pode contribuir para alcan\u00e7\u00e1-las?<\/li>\n\n\n\n<li>Estou disposto (a) a enfrentar os desafios e sacrif\u00edcios necess\u00e1rios para alcan\u00e7ar sucesso nesta carreira?<\/li>\n<\/ul>\n\n\n\n<ol start=\"2\" class=\"wp-block-list\">\n<li><strong>Pesquise sobre as \u00e1reas desejadas<\/strong><\/li>\n<\/ol>\n\n\n\n<p>Depois de olhar para dentro, o pr\u00f3ximo passo \u00e9 olhar para fora. Ou seja, ap\u00f3s refletir sobre suas principais habilidades e prefer\u00eancias, \u00e9 o momento de entender como elas podem ser aplicadas em diferentes \u00e1reas profissionais.&nbsp;<\/p>\n\n\n\n<p>Aqui, sua miss\u00e3o \u00e9 listar e pesquisar sobre as carreiras de maior interesse, principalmente para conhecer mais sobre as tend\u00eancias do mercado, perspectivas de emprego, sal\u00e1rios e condi\u00e7\u00f5es de trabalho.<\/p>\n\n\n\n<p>Existe muita informa\u00e7\u00e3o dispon\u00edvel na internet. Mas tamb\u00e9m vale muito a pena conversar com pessoas que j\u00e1 est\u00e3o trabalhando na \u00e1rea que voc\u00ea est\u00e1 interessado em seguir. Elas podem oferecer insights valiosos sobre as demandas e desafios das suas respectivas profiss\u00f5es.<\/p>\n\n\n\n<ol start=\"3\" class=\"wp-block-list\">\n<li><strong>Considere as profiss\u00f5es que est\u00e3o em alta<\/strong><\/li>\n<\/ol>\n\n\n\n<p>Se abrir para conhecer as <a href=\"https:\/\/metarh.com.br\/metarhnews\/profissoes-2024\/\" target=\"_blank\" rel=\"noreferrer noopener\">profiss\u00f5es que prometem crescer<\/a> nos pr\u00f3ximos anos tamb\u00e9m \u00e9 um caminho promissor. Afinal, ao se especializar em uma \u00e1rea que est\u00e1 em alta, h\u00e1 grandes chances de voc\u00ea encontrar oportunidades de trabalho interessantes no futuro.&nbsp;<\/p>\n\n\n\n<p>Esteja atento(a) \u00e0s \u00e1reas emergentes e inovadoras que est\u00e3o impulsionando o surgimento de novas carreiras. Hoje em dia, por exemplo, muito se fala sobre intelig\u00eancia artificial, tecnologia da informa\u00e7\u00e3o, sustentabilidade e sa\u00fade digital.<\/p>\n\n\n\n<p>Avalie, tamb\u00e9m, a demanda atual por determinadas profiss\u00f5es n\u00e3o apenas na sua regi\u00e3o, mas tamb\u00e9m em n\u00edvel global.&nbsp;<\/p>\n\n\n\n<ol start=\"4\" class=\"wp-block-list\">\n<li><strong>Liste os pr\u00f3s e contras de cada profiss\u00e3o<\/strong><\/li>\n<\/ol>\n\n\n\n<p>Vamos supor que, ap\u00f3s finalizar a etapa de pesquisa, voc\u00ea fique em d\u00favida entre tr\u00eas op\u00e7\u00f5es de carreira. Para clarificar suas ideias neste caso, que tal elaborar uma lista dos pr\u00f3s e contras de cada profiss\u00e3o?<\/p>\n\n\n\n<p>Entre os pr\u00f3s, por exemplo, voc\u00ea pode considerar:<\/p>\n\n\n\n<ul class=\"wp-block-list\">\n<li>Sal\u00e1rio competitivo;<\/li>\n\n\n\n<li>Alta demanda por profissionais;<\/li>\n\n\n\n<li>Oportunidades de crescimento e progress\u00e3o na carreira.<\/li>\n\n\n\n<li>Trabalho gratificante que permite contribuir positivamente para a sociedade.<\/li>\n<\/ul>\n\n\n\n<p>J\u00e1 entre os contras, podem surgir pontos como:<\/p>\n\n\n\n<ul class=\"wp-block-list\">\n<li>Press\u00e3o e responsabilidade significativas;<\/li>\n\n\n\n<li>Incerteza em rela\u00e7\u00e3o \u00e0 estabilidade financeira no in\u00edcio da carreira;<\/li>\n\n\n\n<li>Poss\u00edveis restri\u00e7\u00f5es geogr\u00e1ficas para encontrar emprego;<\/li>\n\n\n\n<li>Alta competitividade no mercado.<\/li>\n<\/ul>\n\n\n\n<p>Ao fazer essa an\u00e1lise mais aprofundada, \u00e9 poss\u00edvel identificar quais aspectos s\u00e3o mais importantes para voc\u00ea e tomar uma decis\u00e3o mais embasada e alinhada com seus objetivos e valores pessoais.<\/p>\n\n\n\n<ol start=\"5\" class=\"wp-block-list\">\n<li><strong>Fa\u00e7a um teste vocacional<\/strong><\/li>\n<\/ol>\n\n\n\n<p>Essa ferramenta complementa nossa primeira dica. Afinal, os testes vocacionais t\u00eam como principal objetivo ajudar o indiv\u00edduo a explorar suas habilidades e valores, buscando identificar \u00e1reas alinhadas a eles.<\/p>\n\n\n\n<p>De modo geral, este tipo de teste \u00e9 composto por perguntas que abrangem uma variedade de t\u00f3picos, desde interesses pessoais at\u00e9 prefer\u00eancias de trabalho.&nbsp;<\/p>\n\n\n\n<p>Ao final, eles geralmente fornecem uma lista de carreiras recomendadas com base nas respostas, expandindo assim as possibilidades de escolha profissional.<\/p>\n\n\n\n<p>Para aqueles que j\u00e1 t\u00eam uma ideia geral de sua \u00e1rea de interesse, o teste vocacional pode validar essa escolha, fornecendo uma confirma\u00e7\u00e3o de que est\u00e3o no caminho certo.&nbsp;<\/p>\n\n\n\n<p>No entanto, ele tamb\u00e9m pode revelar pontos cegos e destacar \u00e1reas que n\u00e3o foram consideradas anteriormente.<\/p>\n\n\n\n<ol start=\"6\" class=\"wp-block-list\">\n<li><strong>Considere fazer voluntariado<\/strong><\/li>\n<\/ol>\n\n\n\n<p>Por meio do trabalho volunt\u00e1rio, voc\u00ea pode testar suas aptid\u00f5es, descobrir novas paix\u00f5es e adquirir uma vis\u00e3o mais clara sobre suas prefer\u00eancias de carreira. Sem contar, \u00e9 claro, que essa \u00e9 uma excelente maneira de contribuir para a sociedade.<\/p>\n\n\n\n<p>Al\u00e9m do mais, dedicar tempo ao voluntariado permitir\u00e1 que voc\u00ea explore diferentes \u00e1reas de interesse e ganhe experi\u00eancia pr\u00e1tica \u2013 aspecto que certamente contar\u00e1 pontos a seu favor no momento de procurar emprego.&nbsp;<\/p>\n\n\n\n<ol start=\"7\" class=\"wp-block-list\">\n<li><strong>Busque orienta\u00e7\u00e3o especializada<\/strong><\/li>\n<\/ol>\n\n\n\n<p>Se mesmo seguindo as dicas acima, as d\u00favidas persistirem, considere buscar profissionais de orienta\u00e7\u00e3o vocacional, mentores ou conselheiros de carreiras. Afinal, eles est\u00e3o preparados para oferecer apoio personalizado ao longo do processo de escolha.<\/p>\n\n\n\n<p>Al\u00e9m de fornecer orienta\u00e7\u00e3o pr\u00e1tica sobre as etapas a serem seguidas, eles tamb\u00e9m possuem um vasto conhecimento sobre o mercado de trabalho, tend\u00eancias da ind\u00fastria e oportunidades de desenvolvimento profissional.&nbsp;<\/p>\n\n\n\n<p>Esse entendimento, por sua vez, pode ser crucial para ajud\u00e1-lo a tomar decis\u00f5es mais informadas e alinhadas com seus objetivos e aspira\u00e7\u00f5es.<\/p>\n\n\n\n<ol start=\"8\" class=\"wp-block-list\">\n<li><strong>N\u00e3o se cobre tanto<\/strong><\/li>\n<\/ol>\n\n\n\n<p>Por \u00faltimo, mas n\u00e3o menos importante, tenha em mente que \u00e9 normal experimentar d\u00favidas e incertezas ao longo do caminho \u2013 principalmente quando h\u00e1 toda uma press\u00e3o externa para tomarmos a decis\u00e3o certa de primeira.<\/p>\n\n\n\n<p>Embora essa seja de fato uma escolha importante, sempre existe a possibilidade de mudar a rota. Ali\u00e1s, considerando todas as mudan\u00e7as que a sociedade vem enfrentando, a <a href=\"https:\/\/metarh.com.br\/metarhnews\/transicao-carreira\/\">transi<\/a><a href=\"https:\/\/metarh.com.br\/metarhnews\/transicao-carreira\/\" target=\"_blank\" rel=\"noreferrer noopener\">\u00e7<\/a><a href=\"https:\/\/metarh.com.br\/metarhnews\/transicao-carreira\/\">\u00e3o de carreira<\/a> muitas vezes \u00e9 o melhor caminho poss\u00edvel.&nbsp;&nbsp;&nbsp;<\/p>\n\n\n\n<p>Neste primeiro momento, permita-se explorar diferentes op\u00e7\u00f5es, aprender com os erros e ajustar seu curso conforme necess\u00e1rio. Sobretudo, seja gentil consigo mesmo (a) e confie na sua pr\u00f3pria trajet\u00f3ria de descoberta e crescimento!<\/p>\n\n\n\n<figure class=\"wp-block-image size-large\"><a href=\"https:\/\/metarh.com.br\/\" target=\"_blank\" rel=\"noreferrer noopener\"><img fetchpriority=\"high\" decoding=\"async\" width=\"1024\" height=\"470\" src=\"https:\/\/metarh.com.br\/metarhnews\/wp-content\/uploads\/2024\/04\/Header-METARH-Site-v2-1024x470.jpg\" alt=\"\" class=\"wp-image-16175\" srcset=\"https:\/\/metarh.com.br\/metarhnews\/wp-content\/uploads\/2024\/04\/Header-METARH-Site-v2-1024x470.jpg 1024w, https:\/\/metarh.com.br\/metarhnews\/wp-content\/uploads\/2024\/04\/Header-METARH-Site-v2-300x138.jpg 300w, https:\/\/metarh.com.br\/metarhnews\/wp-content\/uploads\/2024\/04\/Header-METARH-Site-v2-768x353.jpg 768w, https:\/\/metarh.com.br\/metarhnews\/wp-content\/uploads\/2024\/04\/Header-METARH-Site-v2-1536x706.jpg 1536w, https:\/\/metarh.com.br\/metarhnews\/wp-content\/uploads\/2024\/04\/Header-METARH-Site-v2.jpg 1600w\" sizes=\"(max-width: 1024px) 100vw, 1024px\" \/><\/a><\/figure>\n\n\n\n<p>A escolha da carreira certa \u00e9 uma jornada pessoal e significativa. Mas, de todo modo, esperamos que as dicas apresentadas acima ajudem voc\u00ea a tomar uma decis\u00e3o que n\u00e3o apenas traga sucesso profissional, mas tamb\u00e9m realiza\u00e7\u00e3o pessoal.<\/p>\n\n\n\n<p>Ap\u00f3s escolher um curso para chamar de seu, lembre-se que tamb\u00e9m estamos aqui para apoiar na sua busca por oportunidades de est\u00e1gio, trainee e trabalho permanente. <a href=\"https:\/\/metarh.com.br\/nossas-vagas\" target=\"_blank\" rel=\"noreferrer noopener\">Cadastre seu curr\u00edculo no site e fique por dentro das melhores vagas<\/a>!&nbsp;<\/p>\n\n\n\n<figure class=\"wp-block-embed is-type-wp-embed is-provider-metarh-news wp-block-embed-metarh-news\"><div class=\"wp-block-embed__wrapper\">\n<blockquote class=\"wp-embedded-content\" data-secret=\"fPJy5duw75\"><a href=\"https:\/\/metarh.com.br\/metarhnews\/engajamento-rotatividade-de-pessoal\/\">Engajamento que ret\u00e9m: como reduzir a rotatividade de pessoal<\/a><\/blockquote><iframe class=\"wp-embedded-content\" sandbox=\"allow-scripts\" security=\"restricted\" style=\"position: absolute; visibility: hidden;\" title=\"&#8220;Engajamento que ret\u00e9m: como reduzir a rotatividade de pessoal&#8221; &#8212; METARH +News\" src=\"https:\/\/metarh.com.br\/metarhnews\/engajamento-rotatividade-de-pessoal\/embed\/#?secret=10L16cs6fh#?secret=fPJy5duw75\" data-secret=\"fPJy5duw75\" width=\"600\" height=\"338\" frameborder=\"0\" marginwidth=\"0\" marginheight=\"0\" scrolling=\"no\"><\/iframe>\n<\/div><\/figure>\n\n\n\n<figure class=\"wp-block-embed is-type-wp-embed is-provider-metarh-news wp-block-embed-metarh-news\"><div class=\"wp-block-embed__wrapper\">\n<blockquote class=\"wp-embedded-content\" data-secret=\"fxIfgfukHJ\"><a href=\"https:\/\/metarh.com.br\/metarhnews\/profissoes-2025\/\">Carreira em foco: +30 profiss\u00f5es em alta para 2025<\/a><\/blockquote><iframe class=\"wp-embedded-content\" sandbox=\"allow-scripts\" security=\"restricted\" style=\"position: absolute; visibility: hidden;\" title=\"&#8220;Carreira em foco: +30 profiss\u00f5es em alta para 2025&#8221; &#8212; METARH +News\" src=\"https:\/\/metarh.com.br\/metarhnews\/profissoes-2025\/embed\/#?secret=uFWJSxD1wo#?secret=fxIfgfukHJ\" data-secret=\"fxIfgfukHJ\" width=\"600\" height=\"338\" frameborder=\"0\" marginwidth=\"0\" marginheight=\"0\" scrolling=\"no\"><\/iframe>\n<\/div><\/figure>\n<div style=\"margin-top: 0px; margin-bottom: 0px;\" class=\"sharethis-inline-share-buttons\" ><\/div>","protected":false},"excerpt":{"rendered":"<p>S\u00e3o poucas as pessoas que t\u00eam na ponta da l\u00edngua a resposta para a pergunta \u201co que voc\u00ea quer ser quando crescer?\u201d. Para a imensa maioria, as decis\u00f5es sobre trabalho e carreira costumam vir acompanhadas de muitas d\u00favidas e inseguran\u00e7as. N\u00e3o \u00e9 para menos: mais do que apenas definir o rumo profissional, essa \u00e9 uma&#8230;<\/p>\n","protected":false},"author":4,"featured_media":16180,"comment_status":"open","ping_status":"open","sticky":false,"template":"","format":"standard","meta":{"_kadence_starter_templates_imported_post":false,"_kad_post_transparent":"","_kad_post_title":"","_kad_post_layout":"","_kad_post_sidebar_id":"","_kad_post_content_style":"","_kad_post_vertical_padding":"","_kad_post_feature":"","_kad_post_feature_position":"","_kad_post_header":false,"_kad_post_footer":false,"_kad_post_classname":"","footnotes":""},"categories":[145,163,2],"tags":[],"class_list":["post-16177","post","type-post","status-publish","format-standard","has-post-thumbnail","hentry","category-carreira","category-descoberta-de-conteudos-de-rh","category-materias"],"yoast_head":"<!-- This site is optimized with the Yoast SEO Premium plugin v26.6 (Yoast SEO v27.5) - https:\/\/yoast.com\/product\/yoast-seo-premium-wordpress\/ -->\n<title>Mercado de trabalho: 8 dicas para escolher a carreira certa<\/title>\n<meta name=\"description\" content=\"A escolha da carreira certa \u00e9 uma jornada pessoal e significativa, mas algumas dicas podem ajudar nesse processo de escolha.\" \/>\n<meta name=\"robots\" content=\"index, follow, max-snippet:-1, max-image-preview:large, max-video-preview:-1\" \/>\n<link rel=\"canonical\" href=\"https:\/\/metarh.com.br\/metarhnews\/escolher-carreira\/\" \/>\n<meta property=\"og:locale\" content=\"pt_BR\" \/>\n<meta property=\"og:type\" content=\"article\" \/>\n<meta property=\"og:title\" content=\"Mercado de trabalho: 8 dicas para escolher a carreira certa\" \/>\n<meta property=\"og:description\" content=\"A escolha da carreira certa \u00e9 uma jornada pessoal e significativa, mas algumas dicas podem ajudar nesse processo de escolha.\" \/>\n<meta property=\"og:url\" content=\"https:\/\/metarh.com.br\/metarhnews\/escolher-carreira\/\" \/>\n<meta property=\"og:site_name\" content=\"METARH +News\" \/>\n<meta property=\"article:publisher\" content=\"https:\/\/www.facebook.com\/metarhumana\" \/>\n<meta property=\"article:author\" content=\"https:\/\/www.facebook.com\/metarhconsultoria\" \/>\n<meta property=\"article:published_time\" content=\"2024-05-02T13:18:39+00:00\" \/>\n<meta property=\"article:modified_time\" content=\"2025-11-17T19:45:09+00:00\" \/>\n<meta property=\"og:image\" content=\"https:\/\/metarh.com.br\/metarhnews\/wp-content\/uploads\/2024\/05\/Escolher-Carreira.jpg\" \/>\n\t<meta property=\"og:image:width\" content=\"1060\" \/>\n\t<meta property=\"og:image:height\" content=\"700\" \/>\n\t<meta property=\"og:image:type\" content=\"image\/jpeg\" \/>\n<meta name=\"author\" content=\"METARH\" \/>\n<meta name=\"twitter:card\" content=\"summary_large_image\" \/>\n<meta name=\"twitter:creator\" content=\"@metarhumana\" \/>\n<meta name=\"twitter:site\" content=\"@metarhumana\" \/>\n<meta name=\"twitter:label1\" content=\"Escrito por\" \/>\n\t<meta name=\"twitter:data1\" content=\"METARH\" \/>\n\t<meta name=\"twitter:label2\" content=\"Est. tempo de leitura\" \/>\n\t<meta name=\"twitter:data2\" content=\"7 minutos\" \/>\n<script type=\"application\/ld+json\" class=\"yoast-schema-graph\">{\"@context\":\"https:\\\/\\\/schema.org\",\"@graph\":[{\"@type\":\"Article\",\"@id\":\"https:\\\/\\\/metarh.com.br\\\/metarhnews\\\/escolher-carreira\\\/#article\",\"isPartOf\":{\"@id\":\"https:\\\/\\\/metarh.com.br\\\/metarhnews\\\/escolher-carreira\\\/\"},\"author\":{\"name\":\"METARH\",\"@id\":\"https:\\\/\\\/metarh.com.br\\\/metarhnews\\\/#\\\/schema\\\/person\\\/930900bc40677695dc9df602ec0366d0\"},\"headline\":\"Mercado de trabalho: 8 dicas para escolher a carreira certa\",\"datePublished\":\"2024-05-02T13:18:39+00:00\",\"dateModified\":\"2025-11-17T19:45:09+00:00\",\"mainEntityOfPage\":{\"@id\":\"https:\\\/\\\/metarh.com.br\\\/metarhnews\\\/escolher-carreira\\\/\"},\"wordCount\":1198,\"commentCount\":0,\"publisher\":{\"@id\":\"https:\\\/\\\/metarh.com.br\\\/metarhnews\\\/#organization\"},\"image\":{\"@id\":\"https:\\\/\\\/metarh.com.br\\\/metarhnews\\\/escolher-carreira\\\/#primaryimage\"},\"thumbnailUrl\":\"https:\\\/\\\/metarh.com.br\\\/metarhnews\\\/wp-content\\\/uploads\\\/2024\\\/05\\\/Escolher-Carreira.jpg\",\"articleSection\":[\"Carreira\",\"Descoberta\",\"Mat\u00e9rias\"],\"inLanguage\":\"pt-BR\",\"potentialAction\":[{\"@type\":\"CommentAction\",\"name\":\"Comment\",\"target\":[\"https:\\\/\\\/metarh.com.br\\\/metarhnews\\\/escolher-carreira\\\/#respond\"]}],\"copyrightYear\":\"2024\",\"copyrightHolder\":{\"@id\":\"https:\\\/\\\/metarh.com.br\\\/metarhnews\\\/#organization\"}},{\"@type\":\"WebPage\",\"@id\":\"https:\\\/\\\/metarh.com.br\\\/metarhnews\\\/escolher-carreira\\\/\",\"url\":\"https:\\\/\\\/metarh.com.br\\\/metarhnews\\\/escolher-carreira\\\/\",\"name\":\"Mercado de trabalho: 8 dicas para escolher a carreira certa\",\"isPartOf\":{\"@id\":\"https:\\\/\\\/metarh.com.br\\\/metarhnews\\\/#website\"},\"primaryImageOfPage\":{\"@id\":\"https:\\\/\\\/metarh.com.br\\\/metarhnews\\\/escolher-carreira\\\/#primaryimage\"},\"image\":{\"@id\":\"https:\\\/\\\/metarh.com.br\\\/metarhnews\\\/escolher-carreira\\\/#primaryimage\"},\"thumbnailUrl\":\"https:\\\/\\\/metarh.com.br\\\/metarhnews\\\/wp-content\\\/uploads\\\/2024\\\/05\\\/Escolher-Carreira.jpg\",\"datePublished\":\"2024-05-02T13:18:39+00:00\",\"dateModified\":\"2025-11-17T19:45:09+00:00\",\"description\":\"A escolha da carreira certa \u00e9 uma jornada pessoal e significativa, mas algumas dicas podem ajudar nesse processo de escolha.\",\"breadcrumb\":{\"@id\":\"https:\\\/\\\/metarh.com.br\\\/metarhnews\\\/escolher-carreira\\\/#breadcrumb\"},\"inLanguage\":\"pt-BR\",\"potentialAction\":[{\"@type\":\"ReadAction\",\"target\":[\"https:\\\/\\\/metarh.com.br\\\/metarhnews\\\/escolher-carreira\\\/\"]}]},{\"@type\":\"ImageObject\",\"inLanguage\":\"pt-BR\",\"@id\":\"https:\\\/\\\/metarh.com.br\\\/metarhnews\\\/escolher-carreira\\\/#primaryimage\",\"url\":\"https:\\\/\\\/metarh.com.br\\\/metarhnews\\\/wp-content\\\/uploads\\\/2024\\\/05\\\/Escolher-Carreira.jpg\",\"contentUrl\":\"https:\\\/\\\/metarh.com.br\\\/metarhnews\\\/wp-content\\\/uploads\\\/2024\\\/05\\\/Escolher-Carreira.jpg\",\"width\":1060,\"height\":700,\"caption\":\"Mercado de trabalho: 8 dicas para escolher a carreira certa\"},{\"@type\":\"BreadcrumbList\",\"@id\":\"https:\\\/\\\/metarh.com.br\\\/metarhnews\\\/escolher-carreira\\\/#breadcrumb\",\"itemListElement\":[{\"@type\":\"ListItem\",\"position\":1,\"name\":\"In\u00edcio\",\"item\":\"https:\\\/\\\/metarh.com.br\\\/metarhnews\\\/\"},{\"@type\":\"ListItem\",\"position\":2,\"name\":\"Mercado de trabalho: 8 dicas para escolher a carreira certa\"}]},{\"@type\":\"WebSite\",\"@id\":\"https:\\\/\\\/metarh.com.br\\\/metarhnews\\\/#website\",\"url\":\"https:\\\/\\\/metarh.com.br\\\/metarhnews\\\/\",\"name\":\"METARH +News\",\"description\":\"Conte\u00fado focado em Gest\u00e3o de Pessoas\",\"publisher\":{\"@id\":\"https:\\\/\\\/metarh.com.br\\\/metarhnews\\\/#organization\"},\"potentialAction\":[{\"@type\":\"SearchAction\",\"target\":{\"@type\":\"EntryPoint\",\"urlTemplate\":\"https:\\\/\\\/metarh.com.br\\\/metarhnews\\\/?s={search_term_string}\"},\"query-input\":{\"@type\":\"PropertyValueSpecification\",\"valueRequired\":true,\"valueName\":\"search_term_string\"}}],\"inLanguage\":\"pt-BR\"},{\"@type\":\"Organization\",\"@id\":\"https:\\\/\\\/metarh.com.br\\\/metarhnews\\\/#organization\",\"name\":\"METARH +Humana\",\"url\":\"https:\\\/\\\/metarh.com.br\\\/metarhnews\\\/\",\"logo\":{\"@type\":\"ImageObject\",\"inLanguage\":\"pt-BR\",\"@id\":\"https:\\\/\\\/metarh.com.br\\\/metarhnews\\\/#\\\/schema\\\/logo\\\/image\\\/\",\"url\":\"https:\\\/\\\/metarh.com.br\\\/metarhnews\\\/wp-content\\\/uploads\\\/2025\\\/02\\\/METARH-Azul-Horizontal.png\",\"contentUrl\":\"https:\\\/\\\/metarh.com.br\\\/metarhnews\\\/wp-content\\\/uploads\\\/2025\\\/02\\\/METARH-Azul-Horizontal.png\",\"width\":1002,\"height\":303,\"caption\":\"METARH +Humana\"},\"image\":{\"@id\":\"https:\\\/\\\/metarh.com.br\\\/metarhnews\\\/#\\\/schema\\\/logo\\\/image\\\/\"},\"sameAs\":[\"https:\\\/\\\/www.facebook.com\\\/metarhumana\",\"https:\\\/\\\/x.com\\\/metarhumana\",\"https:\\\/\\\/www.instagram.com\\\/metarhumana\\\/\",\"https:\\\/\\\/www.youtube.com\\\/@metarhumana\"]},{\"@type\":\"Person\",\"@id\":\"https:\\\/\\\/metarh.com.br\\\/metarhnews\\\/#\\\/schema\\\/person\\\/930900bc40677695dc9df602ec0366d0\",\"name\":\"METARH\",\"image\":{\"@type\":\"ImageObject\",\"inLanguage\":\"pt-BR\",\"@id\":\"https:\\\/\\\/secure.gravatar.com\\\/avatar\\\/e03963382c9576f1c9989940c2d59ebc780df154afc76a079627bbbdb3dcefa1?s=96&d=mm&r=g\",\"url\":\"https:\\\/\\\/secure.gravatar.com\\\/avatar\\\/e03963382c9576f1c9989940c2d59ebc780df154afc76a079627bbbdb3dcefa1?s=96&d=mm&r=g\",\"contentUrl\":\"https:\\\/\\\/secure.gravatar.com\\\/avatar\\\/e03963382c9576f1c9989940c2d59ebc780df154afc76a079627bbbdb3dcefa1?s=96&d=mm&r=g\",\"caption\":\"METARH\"},\"description\":\"Somos uma consultoria de recursos humanos com mais de 40 anos de mercado, ajudando empresas como a sua a encontrarem o talento certo. Nossos processos s\u00e3o focados no sucesso dos clientes sem deixar de lado a experi\u00eancia positiva das pessoas candidatas.\",\"sameAs\":[\"http:\\\/\\\/www.metarh.com.br\",\"https:\\\/\\\/www.facebook.com\\\/metarhconsultoria\",\"https:\\\/\\\/www.instagram.com\\\/metarhconsultoria\\\/\",\"https:\\\/\\\/www.linkedin.com\\\/company\\\/metarhconsultoria\",\"http:\\\/\\\/youtube.com\\\/@metarhconsultoria\"],\"url\":\"https:\\\/\\\/metarh.com.br\\\/metarhnews\\\/author\\\/editorial-metarh\\\/\"}]}<\/script>\n<!-- \/ Yoast SEO Premium plugin. -->","yoast_head_json":{"title":"Mercado de trabalho: 8 dicas para escolher a carreira certa","description":"A escolha da carreira certa \u00e9 uma jornada pessoal e significativa, mas algumas dicas podem ajudar nesse processo de escolha.","robots":{"index":"index","follow":"follow","max-snippet":"max-snippet:-1","max-image-preview":"max-image-preview:large","max-video-preview":"max-video-preview:-1"},"canonical":"https:\/\/metarh.com.br\/metarhnews\/escolher-carreira\/","og_locale":"pt_BR","og_type":"article","og_title":"Mercado de trabalho: 8 dicas para escolher a carreira certa","og_description":"A escolha da carreira certa \u00e9 uma jornada pessoal e significativa, mas algumas dicas podem ajudar nesse processo de escolha.","og_url":"https:\/\/metarh.com.br\/metarhnews\/escolher-carreira\/","og_site_name":"METARH +News","article_publisher":"https:\/\/www.facebook.com\/metarhumana","article_author":"https:\/\/www.facebook.com\/metarhconsultoria","article_published_time":"2024-05-02T13:18:39+00:00","article_modified_time":"2025-11-17T19:45:09+00:00","og_image":[{"width":1060,"height":700,"url":"https:\/\/metarh.com.br\/metarhnews\/wp-content\/uploads\/2024\/05\/Escolher-Carreira.jpg","type":"image\/jpeg"}],"author":"METARH","twitter_card":"summary_large_image","twitter_creator":"@metarhumana","twitter_site":"@metarhumana","twitter_misc":{"Escrito por":"METARH","Est. tempo de leitura":"7 minutos"},"schema":{"@context":"https:\/\/schema.org","@graph":[{"@type":"Article","@id":"https:\/\/metarh.com.br\/metarhnews\/escolher-carreira\/#article","isPartOf":{"@id":"https:\/\/metarh.com.br\/metarhnews\/escolher-carreira\/"},"author":{"name":"METARH","@id":"https:\/\/metarh.com.br\/metarhnews\/#\/schema\/person\/930900bc40677695dc9df602ec0366d0"},"headline":"Mercado de trabalho: 8 dicas para escolher a carreira certa","datePublished":"2024-05-02T13:18:39+00:00","dateModified":"2025-11-17T19:45:09+00:00","mainEntityOfPage":{"@id":"https:\/\/metarh.com.br\/metarhnews\/escolher-carreira\/"},"wordCount":1198,"commentCount":0,"publisher":{"@id":"https:\/\/metarh.com.br\/metarhnews\/#organization"},"image":{"@id":"https:\/\/metarh.com.br\/metarhnews\/escolher-carreira\/#primaryimage"},"thumbnailUrl":"https:\/\/metarh.com.br\/metarhnews\/wp-content\/uploads\/2024\/05\/Escolher-Carreira.jpg","articleSection":["Carreira","Descoberta","Mat\u00e9rias"],"inLanguage":"pt-BR","potentialAction":[{"@type":"CommentAction","name":"Comment","target":["https:\/\/metarh.com.br\/metarhnews\/escolher-carreira\/#respond"]}],"copyrightYear":"2024","copyrightHolder":{"@id":"https:\/\/metarh.com.br\/metarhnews\/#organization"}},{"@type":"WebPage","@id":"https:\/\/metarh.com.br\/metarhnews\/escolher-carreira\/","url":"https:\/\/metarh.com.br\/metarhnews\/escolher-carreira\/","name":"Mercado de trabalho: 8 dicas para escolher a carreira certa","isPartOf":{"@id":"https:\/\/metarh.com.br\/metarhnews\/#website"},"primaryImageOfPage":{"@id":"https:\/\/metarh.com.br\/metarhnews\/escolher-carreira\/#primaryimage"},"image":{"@id":"https:\/\/metarh.com.br\/metarhnews\/escolher-carreira\/#primaryimage"},"thumbnailUrl":"https:\/\/metarh.com.br\/metarhnews\/wp-content\/uploads\/2024\/05\/Escolher-Carreira.jpg","datePublished":"2024-05-02T13:18:39+00:00","dateModified":"2025-11-17T19:45:09+00:00","description":"A escolha da carreira certa \u00e9 uma jornada pessoal e significativa, mas algumas dicas podem ajudar nesse processo de escolha.","breadcrumb":{"@id":"https:\/\/metarh.com.br\/metarhnews\/escolher-carreira\/#breadcrumb"},"inLanguage":"pt-BR","potentialAction":[{"@type":"ReadAction","target":["https:\/\/metarh.com.br\/metarhnews\/escolher-carreira\/"]}]},{"@type":"ImageObject","inLanguage":"pt-BR","@id":"https:\/\/metarh.com.br\/metarhnews\/escolher-carreira\/#primaryimage","url":"https:\/\/metarh.com.br\/metarhnews\/wp-content\/uploads\/2024\/05\/Escolher-Carreira.jpg","contentUrl":"https:\/\/metarh.com.br\/metarhnews\/wp-content\/uploads\/2024\/05\/Escolher-Carreira.jpg","width":1060,"height":700,"caption":"Mercado de trabalho: 8 dicas para escolher a carreira certa"},{"@type":"BreadcrumbList","@id":"https:\/\/metarh.com.br\/metarhnews\/escolher-carreira\/#breadcrumb","itemListElement":[{"@type":"ListItem","position":1,"name":"In\u00edcio","item":"https:\/\/metarh.com.br\/metarhnews\/"},{"@type":"ListItem","position":2,"name":"Mercado de trabalho: 8 dicas para escolher a carreira certa"}]},{"@type":"WebSite","@id":"https:\/\/metarh.com.br\/metarhnews\/#website","url":"https:\/\/metarh.com.br\/metarhnews\/","name":"METARH +News","description":"Conte\u00fado focado em Gest\u00e3o de Pessoas","publisher":{"@id":"https:\/\/metarh.com.br\/metarhnews\/#organization"},"potentialAction":[{"@type":"SearchAction","target":{"@type":"EntryPoint","urlTemplate":"https:\/\/metarh.com.br\/metarhnews\/?s={search_term_string}"},"query-input":{"@type":"PropertyValueSpecification","valueRequired":true,"valueName":"search_term_string"}}],"inLanguage":"pt-BR"},{"@type":"Organization","@id":"https:\/\/metarh.com.br\/metarhnews\/#organization","name":"METARH +Humana","url":"https:\/\/metarh.com.br\/metarhnews\/","logo":{"@type":"ImageObject","inLanguage":"pt-BR","@id":"https:\/\/metarh.com.br\/metarhnews\/#\/schema\/logo\/image\/","url":"https:\/\/metarh.com.br\/metarhnews\/wp-content\/uploads\/2025\/02\/METARH-Azul-Horizontal.png","contentUrl":"https:\/\/metarh.com.br\/metarhnews\/wp-content\/uploads\/2025\/02\/METARH-Azul-Horizontal.png","width":1002,"height":303,"caption":"METARH +Humana"},"image":{"@id":"https:\/\/metarh.com.br\/metarhnews\/#\/schema\/logo\/image\/"},"sameAs":["https:\/\/www.facebook.com\/metarhumana","https:\/\/x.com\/metarhumana","https:\/\/www.instagram.com\/metarhumana\/","https:\/\/www.youtube.com\/@metarhumana"]},{"@type":"Person","@id":"https:\/\/metarh.com.br\/metarhnews\/#\/schema\/person\/930900bc40677695dc9df602ec0366d0","name":"METARH","image":{"@type":"ImageObject","inLanguage":"pt-BR","@id":"https:\/\/secure.gravatar.com\/avatar\/e03963382c9576f1c9989940c2d59ebc780df154afc76a079627bbbdb3dcefa1?s=96&d=mm&r=g","url":"https:\/\/secure.gravatar.com\/avatar\/e03963382c9576f1c9989940c2d59ebc780df154afc76a079627bbbdb3dcefa1?s=96&d=mm&r=g","contentUrl":"https:\/\/secure.gravatar.com\/avatar\/e03963382c9576f1c9989940c2d59ebc780df154afc76a079627bbbdb3dcefa1?s=96&d=mm&r=g","caption":"METARH"},"description":"Somos uma consultoria de recursos humanos com mais de 40 anos de mercado, ajudando empresas como a sua a encontrarem o talento certo. Nossos processos s\u00e3o focados no sucesso dos clientes sem deixar de lado a experi\u00eancia positiva das pessoas candidatas.","sameAs":["http:\/\/www.metarh.com.br","https:\/\/www.facebook.com\/metarhconsultoria","https:\/\/www.instagram.com\/metarhconsultoria\/","https:\/\/www.linkedin.com\/company\/metarhconsultoria","http:\/\/youtube.com\/@metarhconsultoria"],"url":"https:\/\/metarh.com.br\/metarhnews\/author\/editorial-metarh\/"}]}},"_links":{"self":[{"href":"https:\/\/metarh.com.br\/metarhnews\/wp-json\/wp\/v2\/posts\/16177","targetHints":{"allow":["GET"]}}],"collection":[{"href":"https:\/\/metarh.com.br\/metarhnews\/wp-json\/wp\/v2\/posts"}],"about":[{"href":"https:\/\/metarh.com.br\/metarhnews\/wp-json\/wp\/v2\/types\/post"}],"author":[{"embeddable":true,"href":"https:\/\/metarh.com.br\/metarhnews\/wp-json\/wp\/v2\/users\/4"}],"replies":[{"embeddable":true,"href":"https:\/\/metarh.com.br\/metarhnews\/wp-json\/wp\/v2\/comments?post=16177"}],"version-history":[{"count":3,"href":"https:\/\/metarh.com.br\/metarhnews\/wp-json\/wp\/v2\/posts\/16177\/revisions"}],"predecessor-version":[{"id":16825,"href":"https:\/\/metarh.com.br\/metarhnews\/wp-json\/wp\/v2\/posts\/16177\/revisions\/16825"}],"wp:featuredmedia":[{"embeddable":true,"href":"https:\/\/metarh.com.br\/metarhnews\/wp-json\/wp\/v2\/media\/16180"}],"wp:attachment":[{"href":"https:\/\/metarh.com.br\/metarhnews\/wp-json\/wp\/v2\/media?parent=16177"}],"wp:term":[{"taxonomy":"category","embeddable":true,"href":"https:\/\/metarh.com.br\/metarhnews\/wp-json\/wp\/v2\/categories?post=16177"},{"taxonomy":"post_tag","embeddable":true,"href":"https:\/\/metarh.com.br\/metarhnews\/wp-json\/wp\/v2\/tags?post=16177"}],"curies":[{"name":"wp","href":"https:\/\/api.w.org\/{rel}","templated":true}]}}