{"id":16193,"date":"2024-05-22T09:22:08","date_gmt":"2024-05-22T12:22:08","guid":{"rendered":"https:\/\/metarh.com.br\/metarhnews\/?p=16193"},"modified":"2026-01-21T15:43:39","modified_gmt":"2026-01-21T18:43:39","slug":"diversidade-cultural","status":"publish","type":"post","link":"https:\/\/metarh.com.br\/metarhnews\/diversidade-cultural\/","title":{"rendered":"Diversidade cultural: o que \u00e9, import\u00e2ncia e como promover nas empresas"},"content":{"rendered":"\n<p>No dia 21 de maio \u00e9 celebrado o Dia Mundial da Diversidade Cultural para o Di\u00e1logo e o Desenvolvimento, uma data estabelecida pela ONU para reconhecer a riqueza das culturas ao redor do mundo e destacar a import\u00e2ncia delas para a sociedade como um todo.<\/p>\n\n\n\n<p>Considerada a for\u00e7a motriz que <strong>impulsiona a inova\u00e7\u00e3o, a criatividade e o progresso<\/strong> em todas as esferas, a diversidade cultural tamb\u00e9m \u00e9 muito valiosa no contexto organizacional. N\u00e3o por acaso, ela tem estado cada vez mais presente na agenda do RH.<\/p>\n\n\n\n<p>Com isso em mente, hoje estamos aqui para abordar a relev\u00e2ncia desta pluralidade no mercado de trabalho e o que as empresas podem fazer para promov\u00ea-la de maneira eficaz. Junte-se a n\u00f3s e saiba mais!<\/p>\n\n\n\n<h2 class=\"wp-block-heading\" id=\"h-o-que-e-diversidade-cultural\"><strong>O que \u00e9 diversidade cultural?<\/strong><\/h2>\n\n\n\n<p>Para entender o que \u00e9 diversidade cultural \u00e9 preciso, antes de tudo, entender o conceito de cultura.<\/p>\n\n\n\n<p>Basicamente, essa palavra \u00e9 usada para designar o <strong>conjunto de valores, tradi\u00e7\u00f5es, linguagens, express\u00f5es art\u00edsticas e normas sociais <\/strong>que s\u00e3o compartilhadas e transmitidas dentro de uma determinada sociedade.<\/p>\n\n\n\n<p>\u00c9 a cultura que d\u00e1 forma \u00e0 nossa identidade, tanto individual quanto coletiva, influenciando profundamente nossa vis\u00e3o de mundo e nossas intera\u00e7\u00f5es sociais. Trata-se, tamb\u00e9m, de algo din\u00e2mico, que se adapta e evolui ao longo do tempo conforme as mudan\u00e7as da \u00e9poca.<\/p>\n\n\n\n<p>Quando falamos em diversidade cultural, por sua vez, estamos nos referindo \u00e0 <strong>multiplicidade de express\u00f5es culturais que coexistem<\/strong>.<\/p>\n\n\n\n<p>Essa diversidade pode ser observada em diversos aspectos da vida humana, como na arte, na m\u00fasica, na culin\u00e1ria, na religi\u00e3o, nas pr\u00e1ticas sociais e nas institui\u00e7\u00f5es, enriquecendo assim o tecido social global.<\/p>\n\n\n\n<p>A diversidade cultural pode ser abordada de v\u00e1rias formas, e ouvir diferentes perspectivas ajuda a ampliar essa compreens\u00e3o na pr\u00e1tica. Por isso, tamb\u00e9m recomendamos o epis\u00f3dio do <strong><a href=\"https:\/\/metarh.com.br\/metarhnews\/metarh-cast-03-diversidade\/\">METARH Cast sobre diversidade<\/a><\/strong>, que traz reflex\u00f5es e experi\u00eancias reais sobre o tema.<\/p>\n\n\n\n<h2 class=\"wp-block-heading\" id=\"h-tipos-de-diversidade-cultural\"><strong>Tipos de diversidade cultural<\/strong><\/h2>\n\n\n\n<p>A diversidade cultural pode se manifestar de v\u00e1rias formas. Como j\u00e1 mencionamos, ela n\u00e3o se limita \u00e0 l\u00edngua falada ou \u00e0 etnia, mas tamb\u00e9m abrange valores, costumes e cren\u00e7as compartilhadas por um mesmo grupo.<\/p>\n\n\n\n<p>Alguns dos tipos mais comuns de diversidade cultural incluem:<\/p>\n\n\n\n<ul class=\"wp-block-list\">\n<li><strong>Diversidade \u00c9tnica e Racial:<\/strong> refere-se \u00e0 variedade de grupos \u00e9tnicos e raciais presentes em uma sociedade, cada um com sua pr\u00f3pria hist\u00f3ria, tradi\u00e7\u00f5es, idiomas e costumes.&nbsp;<\/li>\n\n\n\n<li><strong>Diversidade Lingu\u00edstica:<\/strong> envolve a multiplicidade de l\u00ednguas faladas por diferentes grupos dentro de uma comunidade ou pa\u00eds, bem como as varia\u00e7\u00f5es regionais e dialetos associados a essas l\u00ednguas.<\/li>\n\n\n\n<li><strong>Diversidade religiosa:<\/strong> refere-se \u00e0 presen\u00e7a de diferentes sistemas de cren\u00e7as, pr\u00e1ticas religiosas e tradi\u00e7\u00f5es espirituais em uma sociedade, que podem influenciar profundamente os valores, normas e comportamentos das pessoas.<\/li>\n\n\n\n<li><strong>Diversidade de g\u00eanero e identidade sexual:<\/strong> abrange a variedade de identidades de g\u00eanero e orienta\u00e7\u00f5es sexuais, reconhecendo e respeitando as diferentes formas com que cada uma delas se expressa.&nbsp;<\/li>\n\n\n\n<li><a href=\"https:\/\/metarh.com.br\/metarhnews\/diversidade-geracional-trabalho\/\" target=\"_blank\" rel=\"noreferrer noopener\"><strong>Diversidade geracional<\/strong><\/a><strong>:<\/strong> envolve as diferen\u00e7as culturais e de experi\u00eancias entre diferentes gera\u00e7\u00f5es, como baby boomers, millennials e gera\u00e7\u00e3o Z.<\/li>\n\n\n\n<li><strong>Diversidade socioecon\u00f4mica:<\/strong> refere-se \u00e0s disparidades sociais e econ\u00f4micas entre diferentes grupos dentro de uma sociedade, incluindo diferen\u00e7as de renda, acesso a recursos e oportunidades educacionais.<\/li>\n<\/ul>\n\n\n\n<p>A diversidade cultural \u00e9 apenas uma das faces do amplo movimento por inclus\u00e3o nas organiza\u00e7\u00f5es. Para entender melhor as <strong><a href=\"https:\/\/metarh.com.br\/metarhnews\/tendencias-diversidade\/\">tend\u00eancias atuais de diversidade no mercado de trabalho<\/a><\/strong>, que influenciam desde pol\u00edticas internas at\u00e9 expectativas de candidatos, vale conferir este outro conte\u00fado.<\/p>\n\n\n\n<figure class=\"wp-block-image size-large\"><a href=\"https:\/\/metarh.com.br\/dei\/\" target=\"_blank\" rel=\"noreferrer noopener\"><img fetchpriority=\"high\" decoding=\"async\" width=\"1024\" height=\"535\" src=\"https:\/\/metarh.com.br\/metarhnews\/wp-content\/uploads\/2024\/03\/LINKEDIN-B2B-DEI-v3-1024x535.png\" alt=\"METARH DE&amp;I\" class=\"wp-image-16119\" srcset=\"https:\/\/metarh.com.br\/metarhnews\/wp-content\/uploads\/2024\/03\/LINKEDIN-B2B-DEI-v3-1024x535.png 1024w, https:\/\/metarh.com.br\/metarhnews\/wp-content\/uploads\/2024\/03\/LINKEDIN-B2B-DEI-v3-300x157.png 300w, https:\/\/metarh.com.br\/metarhnews\/wp-content\/uploads\/2024\/03\/LINKEDIN-B2B-DEI-v3-768x401.png 768w, https:\/\/metarh.com.br\/metarhnews\/wp-content\/uploads\/2024\/03\/LINKEDIN-B2B-DEI-v3.png 1200w\" sizes=\"(max-width: 1024px) 100vw, 1024px\" \/><\/a><\/figure>\n\n\n\n<h2 class=\"wp-block-heading\" id=\"h-qual-a-importancia-da-diversidade-cultural-nas-empresas\"><strong>Qual a import\u00e2ncia da diversidade cultural nas empresas?<\/strong><\/h2>\n\n\n\n<p>No Brasil, que \u00e9 considerado um&nbsp;pa\u00eds&nbsp;com&nbsp;dimens\u00f5es continentais, a diversidade cultural \u00e9 um fen\u00f4meno particularmente evidente.<\/p>\n\n\n\n<p>As varia\u00e7\u00f5es lingu\u00edsticas regionais exemplificam isso muito bem: palavras como &#8220;aipim&#8221;, &#8220;mandioca&#8221; e &#8220;macaxeira&#8221; referem-se ao mesmo alimento, mas seus usos variam de acordo com a regi\u00e3o.<\/p>\n\n\n\n<p>Essa multiplicidade cultural tamb\u00e9m se reflete em uma for\u00e7a de trabalho heterog\u00eanea que pode ser especialmente positiva para as empresas. Afinal, equipes formadas por profissionais com experi\u00eancias, valores, perspectivas e habilidades diversas s\u00e3o mais propensas a:<\/p>\n\n\n\n<ul class=\"wp-block-list\">\n<li>Se conectarem com uma base de clientes mais ampla e diversificada;<\/li>\n\n\n\n<li>Criarem abordagens inovadoras para resolver problemas complexos;<\/li>\n\n\n\n<li>Se adaptarem mais facilmente \u00e0s mudan\u00e7as do mercado;<\/li>\n\n\n\n<li>Proporcionarem um retorno financeiro superior para o neg\u00f3cio.<\/li>\n<\/ul>\n\n\n\n<p>\u00c9 importante lembrar, tamb\u00e9m, que abra\u00e7ar a diversidade \u00e9 sin\u00f4nimo de garantir que todas as pessoas tenham oportunidades iguais de crescimento e desenvolvimento, independentemente da sua bagagem cultural.<\/p>\n\n\n\n<p>&nbsp;Isso ajuda a promover ambientes de trabalho mais inclusivos, onde todos os funcion\u00e1rios se sentem valorizados e respeitados em suas individualidades. O que, por sua vez, pode levar a uma maior satisfa\u00e7\u00e3o e engajamento.<\/p>\n\n\n\n<p>Veja s\u00f3 o que mostrou um estudo feito pelo <a href=\"https:\/\/g1.globo.com\/economia\/noticia\/2022\/11\/29\/diversidade-nas-empresas-leva-a-aumento-na-produtividade-mostra-estudo.ghtml\" target=\"_blank\" rel=\"noreferrer noopener\">Instituto Identidades do Brasil<\/a>, sobre o impacto da diversidade no mercado de trabalho: para <strong>cada 10% de aumento na diversidade \u00e9tnico-racial, observou-se um incremento de quase 4% na produtividade das empresas.<\/strong><\/p>\n\n\n\n<h2 class=\"wp-block-heading\" id=\"h-como-promover-a-diversidade-cultural\"><strong>Como promover a diversidade cultural?<\/strong><\/h2>\n\n\n\n<p>O RH \u00e9 um dos grandes protagonistas na promo\u00e7\u00e3o de empresas culturalmente diversas. Confira, a seguir, as principais a\u00e7\u00f5es que podem ser implementadas pela \u00e1rea:<\/p>\n\n\n\n<ol class=\"wp-block-list\">\n<li><strong>Torne os processos seletivos inclusivos<\/strong><\/li>\n<\/ol>\n\n\n\n<p>Se a sua empresa deseja ampliar a diversidade cultural, comece revendo as pr\u00e1ticas de <a href=\"https:\/\/metarh.com.br\/metarhnews\/recrutamento-turnover\/\" target=\"_blank\" rel=\"noreferrer noopener\">recrutamento e sele\u00e7\u00e3o<\/a> e promovendo melhorias que garantam que todas as pessoas candidatas tenham oportunidades iguais de sucesso.<\/p>\n\n\n\n<p>Os ajustes podem incluir o <a href=\"https:\/\/conteudo.metarh.com.br\/guia-de-linguagem-neutra-e-inclusiva\" target=\"_blank\" rel=\"noreferrer noopener\">uso de linguagem inclusiva<\/a> nos an\u00fancios de vagas, a diversifica\u00e7\u00e3o das fontes de recrutamento para alcan\u00e7ar uma gama mais ampla de talentos e a implementa\u00e7\u00e3o de pr\u00e1ticas de sele\u00e7\u00e3o que valorizem as experi\u00eancias e habilidades dos candidatos.<\/p>\n\n\n\n<ol start=\"2\" class=\"wp-block-list\">\n<li><strong>Promova a conscientiza\u00e7\u00e3o<\/strong><\/li>\n<\/ol>\n\n\n\n<p>Apesar das imensas vantagens que a diversidade cultural proporciona, ela tamb\u00e9m pode trazer alguns desafios, como potenciais conflitos internos.<\/p>\n\n\n\n<p>Para mitigar esse risco e promover uma cultura que valorize as diferen\u00e7as, \u00e9 fundamental que as organiza\u00e7\u00f5es invistam em conscientiza\u00e7\u00e3o.&nbsp;<\/p>\n\n\n\n<p>Entre os temas que podem ser abordados, est\u00e3o: preconceito, estere\u00f3tipos, privil\u00e9gio e respeito pela diversidade.<\/p>\n\n\n\n<ol start=\"3\" class=\"wp-block-list\">\n<li><strong>Combata comportamentos discriminat\u00f3rios<\/strong><\/li>\n<\/ol>\n\n\n\n<p>Al\u00e9m de conscientizar, tamb\u00e9m \u00e9 importante que o RH estruture uma pol\u00edtica de toler\u00e2ncia zero para comportamentos discriminat\u00f3rios no local de trabalho.<\/p>\n\n\n\n<p>Ela pode envolver desde a implementa\u00e7\u00e3o de procedimentos para relatar e lidar com esses casos at\u00e9 o fornecimento de apoio \u00e0s v\u00edtimas.<\/p>\n\n\n\n<ol start=\"4\" class=\"wp-block-list\">\n<li><strong>Celebre as diferentes culturas e tradi\u00e7\u00f5es<\/strong><\/li>\n<\/ol>\n\n\n\n<p>Pode parecer simples, mas reconhecer e celebrar as diferentes culturas e tradi\u00e7\u00f5es presentes na empresa \u00e9 uma maneira poderosa de promover a diversidade e inclus\u00e3o.&nbsp;<\/p>\n\n\n\n<p>Se voc\u00ea possui um time plural, considere organizar eventos, festivais, palestras e atividades que destaquem e valorizem as contribui\u00e7\u00f5es de diferentes grupos para a organiza\u00e7\u00e3o.<\/p>\n\n\n\n<ol start=\"5\" class=\"wp-block-list\">\n<li><strong>Crie grupos de afinidade<\/strong><\/li>\n<\/ol>\n\n\n\n<p>Os <a href=\"https:\/\/metarh.com.br\/metarhnews\/grupos-de-afinidade\/\" target=\"_blank\" rel=\"noreferrer noopener\">grupos de afinidade<\/a> s\u00e3o espa\u00e7os seguros onde pessoas colaboradoras que compartilham algo em comum podem estar em contato para apoiar umas as outras e advogar por mudan\u00e7as dentro da empresa.<\/p>\n\n\n\n<p>Al\u00e9m de proporcionar uma plataforma para amplificar as vozes desses talentos, esses grupos tamb\u00e9m promovem um maior sentimento de pertencimento e acolhimento dentro da organiza\u00e7\u00e3o.<\/p>\n\n\n\n<figure class=\"wp-block-image size-large\"><a href=\"https:\/\/metarh.com.br\/\" target=\"_blank\" rel=\"noreferrer noopener\"><img decoding=\"async\" width=\"1024\" height=\"470\" src=\"https:\/\/metarh.com.br\/metarhnews\/wp-content\/uploads\/2024\/04\/Header-METARH-Site-v2-1024x470.jpg\" alt=\"\" class=\"wp-image-16175\" srcset=\"https:\/\/metarh.com.br\/metarhnews\/wp-content\/uploads\/2024\/04\/Header-METARH-Site-v2-1024x470.jpg 1024w, https:\/\/metarh.com.br\/metarhnews\/wp-content\/uploads\/2024\/04\/Header-METARH-Site-v2-300x138.jpg 300w, https:\/\/metarh.com.br\/metarhnews\/wp-content\/uploads\/2024\/04\/Header-METARH-Site-v2-768x353.jpg 768w, https:\/\/metarh.com.br\/metarhnews\/wp-content\/uploads\/2024\/04\/Header-METARH-Site-v2-1536x706.jpg 1536w, https:\/\/metarh.com.br\/metarhnews\/wp-content\/uploads\/2024\/04\/Header-METARH-Site-v2.jpg 1600w\" sizes=\"(max-width: 1024px) 100vw, 1024px\" \/><\/a><\/figure>\n\n\n\n<p>Ao adotar algumas das estrat\u00e9gicas apresentadas, o RH apoia a constru\u00e7\u00e3o de uma cultura corporativa mais positiva e produtiva, al\u00e9m de fortalecer a posi\u00e7\u00e3o da empresa como l\u00edder em diversidade e inclus\u00e3o.<\/p>\n\n\n\n<p>Quando falamos em diversidade cultural, \u00e9 importante lembrar que ela inclui diferentes identidades, experi\u00eancias e trajet\u00f3rias. Por isso, temas como a <strong><a href=\"https:\/\/metarh.com.br\/metarhnews\/empregabilidade-trans\/\">empregabilidade de pessoas trans<\/a><\/strong> tamb\u00e9m fazem parte dessa conversa, mostrando como a inclus\u00e3o precisa ser pr\u00e1tica e abrangente no ambiente organizacional.<\/p>\n\n\n\n<p>Para dar o g\u00e1s que o seu projeto precisa, entre em contato com a equipe da METARH. Nosso time de especialistas est\u00e1 pronto para tornar seu processo seletivo mais justo e promover a diversidade e inclus\u00e3o de forma genu\u00edna!&nbsp;<\/p>\n\n\n\n<div class=\"wp-block-buttons is-content-justification-center is-layout-flex wp-container-core-buttons-is-layout-16018d1d wp-block-buttons-is-layout-flex\">\n<div class=\"wp-block-button\"><a class=\"wp-block-button__link wp-element-button\" href=\"https:\/\/metarh.com.br\/contato-materiais-ricos\/\" style=\"border-radius:100px\" target=\"_blank\" rel=\"noreferrer noopener\">QUERO FALAR COM ESPECIALISTAS<\/a><\/div>\n<\/div>\n<div style=\"margin-top: 0px; margin-bottom: 0px;\" class=\"sharethis-inline-share-buttons\" ><\/div>","protected":false},"excerpt":{"rendered":"<p>No dia 21 de maio \u00e9 celebrado o Dia Mundial da Diversidade Cultural para o Di\u00e1logo e o Desenvolvimento, uma data estabelecida pela ONU para reconhecer a riqueza das culturas ao redor do mundo e destacar a import\u00e2ncia delas para a sociedade como um todo. Considerada a for\u00e7a motriz que impulsiona a inova\u00e7\u00e3o, a criatividade&#8230;<\/p>\n","protected":false},"author":4,"featured_media":16194,"comment_status":"open","ping_status":"open","sticky":false,"template":"","format":"standard","meta":{"_kadence_starter_templates_imported_post":false,"_kad_post_transparent":"","_kad_post_title":"","_kad_post_layout":"","_kad_post_sidebar_id":"","_kad_post_content_style":"","_kad_post_vertical_padding":"","_kad_post_feature":"","_kad_post_feature_position":"","_kad_post_header":false,"_kad_post_footer":false,"_kad_post_classname":"","footnotes":""},"categories":[162,164,2],"tags":[],"class_list":["post-16193","post","type-post","status-publish","format-standard","has-post-thumbnail","hentry","category-trilhando-mais","category-aprendizado-em-rh","category-materias"],"yoast_head":"<!-- This site is optimized with the Yoast SEO Premium plugin v26.6 (Yoast SEO v27.5) - https:\/\/yoast.com\/product\/yoast-seo-premium-wordpress\/ -->\n<title>Diversidade cultural: o que \u00e9, import\u00e2ncia e como promover nas empresas<\/title>\n<meta name=\"description\" content=\"Vamos abordar a relev\u00e2ncia da Diversidade Cultural no mercado de trabalho e o que as empresas podem fazer para promov\u00ea-la de maneira eficaz.\" \/>\n<meta name=\"robots\" content=\"index, follow, max-snippet:-1, max-image-preview:large, max-video-preview:-1\" \/>\n<link rel=\"canonical\" href=\"https:\/\/metarh.com.br\/metarhnews\/diversidade-cultural\/\" \/>\n<meta property=\"og:locale\" content=\"pt_BR\" \/>\n<meta property=\"og:type\" content=\"article\" \/>\n<meta property=\"og:title\" content=\"Diversidade cultural: o que \u00e9, import\u00e2ncia e como promover nas empresas\" \/>\n<meta property=\"og:description\" content=\"Vamos abordar a relev\u00e2ncia da Diversidade Cultural no mercado de trabalho e o que as empresas podem fazer para promov\u00ea-la de maneira eficaz.\" \/>\n<meta property=\"og:url\" content=\"https:\/\/metarh.com.br\/metarhnews\/diversidade-cultural\/\" \/>\n<meta property=\"og:site_name\" content=\"METARH +News\" \/>\n<meta property=\"article:publisher\" content=\"https:\/\/www.facebook.com\/metarhumana\" \/>\n<meta property=\"article:author\" content=\"https:\/\/www.facebook.com\/metarhconsultoria\" \/>\n<meta property=\"article:published_time\" content=\"2024-05-22T12:22:08+00:00\" \/>\n<meta property=\"article:modified_time\" content=\"2026-01-21T18:43:39+00:00\" \/>\n<meta property=\"og:image\" content=\"https:\/\/metarh.com.br\/metarhnews\/wp-content\/uploads\/2024\/05\/Diversidade-Cultural.jpg\" \/>\n\t<meta property=\"og:image:width\" content=\"1060\" \/>\n\t<meta property=\"og:image:height\" content=\"700\" \/>\n\t<meta property=\"og:image:type\" content=\"image\/jpeg\" \/>\n<meta name=\"author\" content=\"METARH\" \/>\n<meta name=\"twitter:card\" content=\"summary_large_image\" \/>\n<meta name=\"twitter:creator\" content=\"@metarhumana\" \/>\n<meta name=\"twitter:site\" content=\"@metarhumana\" \/>\n<meta name=\"twitter:label1\" content=\"Escrito por\" \/>\n\t<meta name=\"twitter:data1\" content=\"METARH\" \/>\n\t<meta name=\"twitter:label2\" content=\"Est. tempo de leitura\" \/>\n\t<meta name=\"twitter:data2\" content=\"8 minutos\" \/>\n<script type=\"application\/ld+json\" class=\"yoast-schema-graph\">{\"@context\":\"https:\\\/\\\/schema.org\",\"@graph\":[{\"@type\":\"Article\",\"@id\":\"https:\\\/\\\/metarh.com.br\\\/metarhnews\\\/diversidade-cultural\\\/#article\",\"isPartOf\":{\"@id\":\"https:\\\/\\\/metarh.com.br\\\/metarhnews\\\/diversidade-cultural\\\/\"},\"author\":{\"name\":\"METARH\",\"@id\":\"https:\\\/\\\/metarh.com.br\\\/metarhnews\\\/#\\\/schema\\\/person\\\/930900bc40677695dc9df602ec0366d0\"},\"headline\":\"Diversidade cultural: o que \u00e9, import\u00e2ncia e como promover nas empresas\",\"datePublished\":\"2024-05-22T12:22:08+00:00\",\"dateModified\":\"2026-01-21T18:43:39+00:00\",\"mainEntityOfPage\":{\"@id\":\"https:\\\/\\\/metarh.com.br\\\/metarhnews\\\/diversidade-cultural\\\/\"},\"wordCount\":1346,\"commentCount\":0,\"publisher\":{\"@id\":\"https:\\\/\\\/metarh.com.br\\\/metarhnews\\\/#organization\"},\"image\":{\"@id\":\"https:\\\/\\\/metarh.com.br\\\/metarhnews\\\/diversidade-cultural\\\/#primaryimage\"},\"thumbnailUrl\":\"https:\\\/\\\/metarh.com.br\\\/metarhnews\\\/wp-content\\\/uploads\\\/2024\\\/05\\\/Diversidade-Cultural.jpg\",\"articleSection\":[\"6 \u2022 Trilhando +\",\"Aprendizado\",\"Mat\u00e9rias\"],\"inLanguage\":\"pt-BR\",\"potentialAction\":[{\"@type\":\"CommentAction\",\"name\":\"Comment\",\"target\":[\"https:\\\/\\\/metarh.com.br\\\/metarhnews\\\/diversidade-cultural\\\/#respond\"]}],\"copyrightYear\":\"2024\",\"copyrightHolder\":{\"@id\":\"https:\\\/\\\/metarh.com.br\\\/metarhnews\\\/#organization\"}},{\"@type\":\"WebPage\",\"@id\":\"https:\\\/\\\/metarh.com.br\\\/metarhnews\\\/diversidade-cultural\\\/\",\"url\":\"https:\\\/\\\/metarh.com.br\\\/metarhnews\\\/diversidade-cultural\\\/\",\"name\":\"Diversidade cultural: o que \u00e9, import\u00e2ncia e como promover nas empresas\",\"isPartOf\":{\"@id\":\"https:\\\/\\\/metarh.com.br\\\/metarhnews\\\/#website\"},\"primaryImageOfPage\":{\"@id\":\"https:\\\/\\\/metarh.com.br\\\/metarhnews\\\/diversidade-cultural\\\/#primaryimage\"},\"image\":{\"@id\":\"https:\\\/\\\/metarh.com.br\\\/metarhnews\\\/diversidade-cultural\\\/#primaryimage\"},\"thumbnailUrl\":\"https:\\\/\\\/metarh.com.br\\\/metarhnews\\\/wp-content\\\/uploads\\\/2024\\\/05\\\/Diversidade-Cultural.jpg\",\"datePublished\":\"2024-05-22T12:22:08+00:00\",\"dateModified\":\"2026-01-21T18:43:39+00:00\",\"description\":\"Vamos abordar a relev\u00e2ncia da Diversidade Cultural no mercado de trabalho e o que as empresas podem fazer para promov\u00ea-la de maneira eficaz.\",\"breadcrumb\":{\"@id\":\"https:\\\/\\\/metarh.com.br\\\/metarhnews\\\/diversidade-cultural\\\/#breadcrumb\"},\"inLanguage\":\"pt-BR\",\"potentialAction\":[{\"@type\":\"ReadAction\",\"target\":[\"https:\\\/\\\/metarh.com.br\\\/metarhnews\\\/diversidade-cultural\\\/\"]}]},{\"@type\":\"ImageObject\",\"inLanguage\":\"pt-BR\",\"@id\":\"https:\\\/\\\/metarh.com.br\\\/metarhnews\\\/diversidade-cultural\\\/#primaryimage\",\"url\":\"https:\\\/\\\/metarh.com.br\\\/metarhnews\\\/wp-content\\\/uploads\\\/2024\\\/05\\\/Diversidade-Cultural.jpg\",\"contentUrl\":\"https:\\\/\\\/metarh.com.br\\\/metarhnews\\\/wp-content\\\/uploads\\\/2024\\\/05\\\/Diversidade-Cultural.jpg\",\"width\":1060,\"height\":700,\"caption\":\"Diversidade Cultural\"},{\"@type\":\"BreadcrumbList\",\"@id\":\"https:\\\/\\\/metarh.com.br\\\/metarhnews\\\/diversidade-cultural\\\/#breadcrumb\",\"itemListElement\":[{\"@type\":\"ListItem\",\"position\":1,\"name\":\"In\u00edcio\",\"item\":\"https:\\\/\\\/metarh.com.br\\\/metarhnews\\\/\"},{\"@type\":\"ListItem\",\"position\":2,\"name\":\"Diversidade cultural: o que \u00e9, import\u00e2ncia e como promover nas empresas\"}]},{\"@type\":\"WebSite\",\"@id\":\"https:\\\/\\\/metarh.com.br\\\/metarhnews\\\/#website\",\"url\":\"https:\\\/\\\/metarh.com.br\\\/metarhnews\\\/\",\"name\":\"METARH +News\",\"description\":\"Conte\u00fado focado em Gest\u00e3o de Pessoas\",\"publisher\":{\"@id\":\"https:\\\/\\\/metarh.com.br\\\/metarhnews\\\/#organization\"},\"potentialAction\":[{\"@type\":\"SearchAction\",\"target\":{\"@type\":\"EntryPoint\",\"urlTemplate\":\"https:\\\/\\\/metarh.com.br\\\/metarhnews\\\/?s={search_term_string}\"},\"query-input\":{\"@type\":\"PropertyValueSpecification\",\"valueRequired\":true,\"valueName\":\"search_term_string\"}}],\"inLanguage\":\"pt-BR\"},{\"@type\":\"Organization\",\"@id\":\"https:\\\/\\\/metarh.com.br\\\/metarhnews\\\/#organization\",\"name\":\"METARH +Humana\",\"url\":\"https:\\\/\\\/metarh.com.br\\\/metarhnews\\\/\",\"logo\":{\"@type\":\"ImageObject\",\"inLanguage\":\"pt-BR\",\"@id\":\"https:\\\/\\\/metarh.com.br\\\/metarhnews\\\/#\\\/schema\\\/logo\\\/image\\\/\",\"url\":\"https:\\\/\\\/metarh.com.br\\\/metarhnews\\\/wp-content\\\/uploads\\\/2025\\\/02\\\/METARH-Azul-Horizontal.png\",\"contentUrl\":\"https:\\\/\\\/metarh.com.br\\\/metarhnews\\\/wp-content\\\/uploads\\\/2025\\\/02\\\/METARH-Azul-Horizontal.png\",\"width\":1002,\"height\":303,\"caption\":\"METARH +Humana\"},\"image\":{\"@id\":\"https:\\\/\\\/metarh.com.br\\\/metarhnews\\\/#\\\/schema\\\/logo\\\/image\\\/\"},\"sameAs\":[\"https:\\\/\\\/www.facebook.com\\\/metarhumana\",\"https:\\\/\\\/x.com\\\/metarhumana\",\"https:\\\/\\\/www.instagram.com\\\/metarhumana\\\/\",\"https:\\\/\\\/www.youtube.com\\\/@metarhumana\"]},{\"@type\":\"Person\",\"@id\":\"https:\\\/\\\/metarh.com.br\\\/metarhnews\\\/#\\\/schema\\\/person\\\/930900bc40677695dc9df602ec0366d0\",\"name\":\"METARH\",\"image\":{\"@type\":\"ImageObject\",\"inLanguage\":\"pt-BR\",\"@id\":\"https:\\\/\\\/secure.gravatar.com\\\/avatar\\\/e03963382c9576f1c9989940c2d59ebc780df154afc76a079627bbbdb3dcefa1?s=96&d=mm&r=g\",\"url\":\"https:\\\/\\\/secure.gravatar.com\\\/avatar\\\/e03963382c9576f1c9989940c2d59ebc780df154afc76a079627bbbdb3dcefa1?s=96&d=mm&r=g\",\"contentUrl\":\"https:\\\/\\\/secure.gravatar.com\\\/avatar\\\/e03963382c9576f1c9989940c2d59ebc780df154afc76a079627bbbdb3dcefa1?s=96&d=mm&r=g\",\"caption\":\"METARH\"},\"description\":\"Somos uma consultoria de recursos humanos com mais de 40 anos de mercado, ajudando empresas como a sua a encontrarem o talento certo. Nossos processos s\u00e3o focados no sucesso dos clientes sem deixar de lado a experi\u00eancia positiva das pessoas candidatas.\",\"sameAs\":[\"http:\\\/\\\/www.metarh.com.br\",\"https:\\\/\\\/www.facebook.com\\\/metarhconsultoria\",\"https:\\\/\\\/www.instagram.com\\\/metarhconsultoria\\\/\",\"https:\\\/\\\/www.linkedin.com\\\/company\\\/metarhconsultoria\",\"http:\\\/\\\/youtube.com\\\/@metarhconsultoria\"],\"url\":\"https:\\\/\\\/metarh.com.br\\\/metarhnews\\\/author\\\/editorial-metarh\\\/\"}]}<\/script>\n<!-- \/ Yoast SEO Premium plugin. -->","yoast_head_json":{"title":"Diversidade cultural: o que \u00e9, import\u00e2ncia e como promover nas empresas","description":"Vamos abordar a relev\u00e2ncia da Diversidade Cultural no mercado de trabalho e o que as empresas podem fazer para promov\u00ea-la de maneira eficaz.","robots":{"index":"index","follow":"follow","max-snippet":"max-snippet:-1","max-image-preview":"max-image-preview:large","max-video-preview":"max-video-preview:-1"},"canonical":"https:\/\/metarh.com.br\/metarhnews\/diversidade-cultural\/","og_locale":"pt_BR","og_type":"article","og_title":"Diversidade cultural: o que \u00e9, import\u00e2ncia e como promover nas empresas","og_description":"Vamos abordar a relev\u00e2ncia da Diversidade Cultural no mercado de trabalho e o que as empresas podem fazer para promov\u00ea-la de maneira eficaz.","og_url":"https:\/\/metarh.com.br\/metarhnews\/diversidade-cultural\/","og_site_name":"METARH +News","article_publisher":"https:\/\/www.facebook.com\/metarhumana","article_author":"https:\/\/www.facebook.com\/metarhconsultoria","article_published_time":"2024-05-22T12:22:08+00:00","article_modified_time":"2026-01-21T18:43:39+00:00","og_image":[{"width":1060,"height":700,"url":"https:\/\/metarh.com.br\/metarhnews\/wp-content\/uploads\/2024\/05\/Diversidade-Cultural.jpg","type":"image\/jpeg"}],"author":"METARH","twitter_card":"summary_large_image","twitter_creator":"@metarhumana","twitter_site":"@metarhumana","twitter_misc":{"Escrito por":"METARH","Est. tempo de leitura":"8 minutos"},"schema":{"@context":"https:\/\/schema.org","@graph":[{"@type":"Article","@id":"https:\/\/metarh.com.br\/metarhnews\/diversidade-cultural\/#article","isPartOf":{"@id":"https:\/\/metarh.com.br\/metarhnews\/diversidade-cultural\/"},"author":{"name":"METARH","@id":"https:\/\/metarh.com.br\/metarhnews\/#\/schema\/person\/930900bc40677695dc9df602ec0366d0"},"headline":"Diversidade cultural: o que \u00e9, import\u00e2ncia e como promover nas empresas","datePublished":"2024-05-22T12:22:08+00:00","dateModified":"2026-01-21T18:43:39+00:00","mainEntityOfPage":{"@id":"https:\/\/metarh.com.br\/metarhnews\/diversidade-cultural\/"},"wordCount":1346,"commentCount":0,"publisher":{"@id":"https:\/\/metarh.com.br\/metarhnews\/#organization"},"image":{"@id":"https:\/\/metarh.com.br\/metarhnews\/diversidade-cultural\/#primaryimage"},"thumbnailUrl":"https:\/\/metarh.com.br\/metarhnews\/wp-content\/uploads\/2024\/05\/Diversidade-Cultural.jpg","articleSection":["6 \u2022 Trilhando +","Aprendizado","Mat\u00e9rias"],"inLanguage":"pt-BR","potentialAction":[{"@type":"CommentAction","name":"Comment","target":["https:\/\/metarh.com.br\/metarhnews\/diversidade-cultural\/#respond"]}],"copyrightYear":"2024","copyrightHolder":{"@id":"https:\/\/metarh.com.br\/metarhnews\/#organization"}},{"@type":"WebPage","@id":"https:\/\/metarh.com.br\/metarhnews\/diversidade-cultural\/","url":"https:\/\/metarh.com.br\/metarhnews\/diversidade-cultural\/","name":"Diversidade cultural: o que \u00e9, import\u00e2ncia e como promover nas empresas","isPartOf":{"@id":"https:\/\/metarh.com.br\/metarhnews\/#website"},"primaryImageOfPage":{"@id":"https:\/\/metarh.com.br\/metarhnews\/diversidade-cultural\/#primaryimage"},"image":{"@id":"https:\/\/metarh.com.br\/metarhnews\/diversidade-cultural\/#primaryimage"},"thumbnailUrl":"https:\/\/metarh.com.br\/metarhnews\/wp-content\/uploads\/2024\/05\/Diversidade-Cultural.jpg","datePublished":"2024-05-22T12:22:08+00:00","dateModified":"2026-01-21T18:43:39+00:00","description":"Vamos abordar a relev\u00e2ncia da Diversidade Cultural no mercado de trabalho e o que as empresas podem fazer para promov\u00ea-la de maneira eficaz.","breadcrumb":{"@id":"https:\/\/metarh.com.br\/metarhnews\/diversidade-cultural\/#breadcrumb"},"inLanguage":"pt-BR","potentialAction":[{"@type":"ReadAction","target":["https:\/\/metarh.com.br\/metarhnews\/diversidade-cultural\/"]}]},{"@type":"ImageObject","inLanguage":"pt-BR","@id":"https:\/\/metarh.com.br\/metarhnews\/diversidade-cultural\/#primaryimage","url":"https:\/\/metarh.com.br\/metarhnews\/wp-content\/uploads\/2024\/05\/Diversidade-Cultural.jpg","contentUrl":"https:\/\/metarh.com.br\/metarhnews\/wp-content\/uploads\/2024\/05\/Diversidade-Cultural.jpg","width":1060,"height":700,"caption":"Diversidade Cultural"},{"@type":"BreadcrumbList","@id":"https:\/\/metarh.com.br\/metarhnews\/diversidade-cultural\/#breadcrumb","itemListElement":[{"@type":"ListItem","position":1,"name":"In\u00edcio","item":"https:\/\/metarh.com.br\/metarhnews\/"},{"@type":"ListItem","position":2,"name":"Diversidade cultural: o que \u00e9, import\u00e2ncia e como promover nas empresas"}]},{"@type":"WebSite","@id":"https:\/\/metarh.com.br\/metarhnews\/#website","url":"https:\/\/metarh.com.br\/metarhnews\/","name":"METARH +News","description":"Conte\u00fado focado em Gest\u00e3o de Pessoas","publisher":{"@id":"https:\/\/metarh.com.br\/metarhnews\/#organization"},"potentialAction":[{"@type":"SearchAction","target":{"@type":"EntryPoint","urlTemplate":"https:\/\/metarh.com.br\/metarhnews\/?s={search_term_string}"},"query-input":{"@type":"PropertyValueSpecification","valueRequired":true,"valueName":"search_term_string"}}],"inLanguage":"pt-BR"},{"@type":"Organization","@id":"https:\/\/metarh.com.br\/metarhnews\/#organization","name":"METARH +Humana","url":"https:\/\/metarh.com.br\/metarhnews\/","logo":{"@type":"ImageObject","inLanguage":"pt-BR","@id":"https:\/\/metarh.com.br\/metarhnews\/#\/schema\/logo\/image\/","url":"https:\/\/metarh.com.br\/metarhnews\/wp-content\/uploads\/2025\/02\/METARH-Azul-Horizontal.png","contentUrl":"https:\/\/metarh.com.br\/metarhnews\/wp-content\/uploads\/2025\/02\/METARH-Azul-Horizontal.png","width":1002,"height":303,"caption":"METARH +Humana"},"image":{"@id":"https:\/\/metarh.com.br\/metarhnews\/#\/schema\/logo\/image\/"},"sameAs":["https:\/\/www.facebook.com\/metarhumana","https:\/\/x.com\/metarhumana","https:\/\/www.instagram.com\/metarhumana\/","https:\/\/www.youtube.com\/@metarhumana"]},{"@type":"Person","@id":"https:\/\/metarh.com.br\/metarhnews\/#\/schema\/person\/930900bc40677695dc9df602ec0366d0","name":"METARH","image":{"@type":"ImageObject","inLanguage":"pt-BR","@id":"https:\/\/secure.gravatar.com\/avatar\/e03963382c9576f1c9989940c2d59ebc780df154afc76a079627bbbdb3dcefa1?s=96&d=mm&r=g","url":"https:\/\/secure.gravatar.com\/avatar\/e03963382c9576f1c9989940c2d59ebc780df154afc76a079627bbbdb3dcefa1?s=96&d=mm&r=g","contentUrl":"https:\/\/secure.gravatar.com\/avatar\/e03963382c9576f1c9989940c2d59ebc780df154afc76a079627bbbdb3dcefa1?s=96&d=mm&r=g","caption":"METARH"},"description":"Somos uma consultoria de recursos humanos com mais de 40 anos de mercado, ajudando empresas como a sua a encontrarem o talento certo. Nossos processos s\u00e3o focados no sucesso dos clientes sem deixar de lado a experi\u00eancia positiva das pessoas candidatas.","sameAs":["http:\/\/www.metarh.com.br","https:\/\/www.facebook.com\/metarhconsultoria","https:\/\/www.instagram.com\/metarhconsultoria\/","https:\/\/www.linkedin.com\/company\/metarhconsultoria","http:\/\/youtube.com\/@metarhconsultoria"],"url":"https:\/\/metarh.com.br\/metarhnews\/author\/editorial-metarh\/"}]}},"_links":{"self":[{"href":"https:\/\/metarh.com.br\/metarhnews\/wp-json\/wp\/v2\/posts\/16193","targetHints":{"allow":["GET"]}}],"collection":[{"href":"https:\/\/metarh.com.br\/metarhnews\/wp-json\/wp\/v2\/posts"}],"about":[{"href":"https:\/\/metarh.com.br\/metarhnews\/wp-json\/wp\/v2\/types\/post"}],"author":[{"embeddable":true,"href":"https:\/\/metarh.com.br\/metarhnews\/wp-json\/wp\/v2\/users\/4"}],"replies":[{"embeddable":true,"href":"https:\/\/metarh.com.br\/metarhnews\/wp-json\/wp\/v2\/comments?post=16193"}],"version-history":[{"count":5,"href":"https:\/\/metarh.com.br\/metarhnews\/wp-json\/wp\/v2\/posts\/16193\/revisions"}],"predecessor-version":[{"id":17035,"href":"https:\/\/metarh.com.br\/metarhnews\/wp-json\/wp\/v2\/posts\/16193\/revisions\/17035"}],"wp:featuredmedia":[{"embeddable":true,"href":"https:\/\/metarh.com.br\/metarhnews\/wp-json\/wp\/v2\/media\/16194"}],"wp:attachment":[{"href":"https:\/\/metarh.com.br\/metarhnews\/wp-json\/wp\/v2\/media?parent=16193"}],"wp:term":[{"taxonomy":"category","embeddable":true,"href":"https:\/\/metarh.com.br\/metarhnews\/wp-json\/wp\/v2\/categories?post=16193"},{"taxonomy":"post_tag","embeddable":true,"href":"https:\/\/metarh.com.br\/metarhnews\/wp-json\/wp\/v2\/tags?post=16193"}],"curies":[{"name":"wp","href":"https:\/\/api.w.org\/{rel}","templated":true}]}}