{"id":16202,"date":"2024-06-05T09:43:06","date_gmt":"2024-06-05T12:43:06","guid":{"rendered":"https:\/\/metarh.com.br\/metarhnews\/?p=16202"},"modified":"2026-01-23T14:13:04","modified_gmt":"2026-01-23T17:13:04","slug":"sustentabilidade-corporativa","status":"publish","type":"post","link":"https:\/\/metarh.com.br\/metarhnews\/sustentabilidade-corporativa\/","title":{"rendered":"Sustentabilidade corporativa: o que \u00e9 e import\u00e2ncia para as empresas"},"content":{"rendered":"\n<p>O conceito de <strong>sustentabilidade corporativa<\/strong> n\u00e3o \u00e9 novo. No entanto, \u00e0 medida que a escassez de recursos naturais e as mudan\u00e7as clim\u00e1ticas se intensificam, ele ganha cada vez mais espa\u00e7o e relev\u00e2ncia.<\/p>\n\n\n\n<p>Para se ter uma ideia, estima-se que <a href=\"https:\/\/noticias.portaldaindustria.com.br\/noticias\/sustentabilidade\/pesquisa-sustentabilidade-na-industria-2021\/\" target=\"_blank\" rel=\"noreferrer noopener\">98% das m\u00e9dias e grandes ind\u00fastrias brasileiras<\/a> j\u00e1 adotam pelo menos uma a\u00e7\u00e3o nesta frente, com \u00eanfase na gest\u00e3o de res\u00edduos e na redu\u00e7\u00e3o do consumo de \u00e1gua e energia.<\/p>\n\n\n\n<p>Contudo, esse \u00e9 apenas o come\u00e7o da hist\u00f3ria. Neste post, vamos explorar em profundidade o que \u00e9 a sustentabilidade corporativa, sua import\u00e2ncia no cen\u00e1rio atual e todos os aspectos que ela engloba.<\/p>\n\n\n\n<p>Siga em frente com a leitura e fique por dentro!<\/p>\n\n\n\n<h2 class=\"wp-block-heading\" id=\"h-o-que-e-a-sustentabilidade-corporativa\"><strong>O que \u00e9 a sustentabilidade corporativa?<\/strong><\/h2>\n\n\n\n<p>Embora a sustentabilidade corporativa seja frequentemente associada apenas \u00e0 responsabilidade ambiental, na realidade, ela abrange uma gama muito mais ampla de aspectos.<\/p>\n\n\n\n<p>Em geral, esse conceito se refere a um modelo de gest\u00e3o de neg\u00f3cios que integra preocupa\u00e7\u00f5es de cunho <strong>econ\u00f4mico, social e ambiental<\/strong> nas estrat\u00e9gias e opera\u00e7\u00f5es das empresas.&nbsp;<\/p>\n\n\n\n<p>Sendo assim, a sustentabilidade corporativa parte do princ\u00edpio de que as organiza\u00e7\u00f5es devem garantir resultados econ\u00f4micos ao mesmo tempo em que reduzem o impacto ambiental e melhoram o seu relacionamento com a sociedade.<\/p>\n\n\n\n<p>Em outras palavras, ela visa garantir que as atividades empresariais n\u00e3o apenas sejam lucrativas, mas tamb\u00e9m assegurem o bem-estar da popula\u00e7\u00e3o atual e futura.<\/p>\n\n\n\n<p>A sustentabilidade corporativa n\u00e3o \u00e9 apenas uma agenda ambiental ou de responsabilidade social, ela tamb\u00e9m \u00e9 apoiada por pr\u00e1ticas de gest\u00e3o de pessoas que valorizam equidade, bem-estar, inclus\u00e3o e impacto positivo. Nesse sentido, conhecer mais sobre <a href=\"https:\/\/metarh.com.br\/metarhnews\/esg-rh\/\"><strong>ESG aplicado ao RH<\/strong><\/a> ajuda a entender como o setor de pessoas pode fortalecer a sustentabilidade interna de forma estrat\u00e9gica.<\/p>\n\n\n\n<h2 class=\"wp-block-heading\" id=\"h-como-a-sustentabilidade-corporativa-se-traduz-na-pratica\"><strong>Como a sustentabilidade corporativa se traduz na pr\u00e1tica?<\/strong><\/h2>\n\n\n\n<p>Como mencionado, o conceito de sustentabilidade corporativa \u00e9 mais amplo do que muitos imaginam. Isso significa, tamb\u00e9m, que ele pode ser implementado por meio de diversas a\u00e7\u00f5es e iniciativas que conversam entre si.<\/p>\n\n\n\n<p>Confira, a seguir, alguns exemplos pr\u00e1ticos:<\/p>\n\n\n\n<ul class=\"wp-block-list\">\n<li><strong>Gest\u00e3o eficiente de recursos: <\/strong>engloba desde a ado\u00e7\u00e3o de processos e solu\u00e7\u00f5es que promovam o uso inteligente de recursos naturais at\u00e9 o investimento em fontes de energia renov\u00e1vel.&nbsp;<\/li>\n\n\n\n<li><strong>Gest\u00e3o de res\u00edduos:<\/strong> vai desde a implementa\u00e7\u00e3o de programas de reciclagem e reutiliza\u00e7\u00e3o de materiais at\u00e9 a otimiza\u00e7\u00e3o de processos a fim de gerar menos res\u00edduos.<\/li>\n\n\n\n<li><strong>Redu\u00e7\u00e3o de emiss\u00f5es de carbono:<\/strong> envolve o uso de tecnologias de baixa emiss\u00e3o, projetos de reflorestamento e outras iniciativas que compensam as emiss\u00f5es de gases de efeito estufa.<\/li>\n\n\n\n<li><strong>Gest\u00e3o da cadeia de fornecedores: <\/strong>passa pela escolha de fornecedores e parceiros que compartilham os mesmos valores de sustentabilidade.<\/li>\n\n\n\n<li><strong>Responsabilidade social: <\/strong>abrange o investimento em programas que beneficiem a comunidade local, seja na \u00e1rea de educa\u00e7\u00e3o, sa\u00fade ou infraestrutura.<\/li>\n\n\n\n<li><strong>Transpar\u00eancia e di\u00e1logo<\/strong>: diz respeito a manter uma comunica\u00e7\u00e3o aberta e honesta com os stakeholders, incluindo funcion\u00e1rios, clientes, fornecedores e a comunidade.<\/li>\n\n\n\n<li><strong>Compliance<\/strong>: envolve assegurar o cumprimento rigoroso de todas as leis e regulamenta\u00e7\u00f5es aplic\u00e1veis ao respectivo setor de atua\u00e7\u00e3o.<\/li>\n\n\n\n<li><strong>\u00c9tica<\/strong>: consiste na ado\u00e7\u00e3o de pr\u00e1ticas de gest\u00e3o que promovam a responsabilidade e a presta\u00e7\u00e3o de contas.<\/li>\n\n\n\n<li><strong>Inova\u00e7\u00e3o sustent\u00e1vel<\/strong>: engloba o investimento em pesquisa e desenvolvimento de produtos, servi\u00e7os e solu\u00e7\u00f5es ecologicamente corretos e socialmente respons\u00e1veis.<\/li>\n\n\n\n<li><strong>Ambiente de trabalho seguro<\/strong>: se refere \u00e0 ado\u00e7\u00e3o de medidas que garantam a seguran\u00e7a e o bem-estar das pessoas colaboradoras.<\/li>\n\n\n\n<li><strong>Diversidade e Inclus\u00e3o<\/strong>: passa pela promo\u00e7\u00e3o de um local de trabalho que promova o respeito m\u00fatuo, abrace as diferen\u00e7as e ofere\u00e7a&nbsp; oportunidades iguais de sucesso a todos.<\/li>\n<\/ul>\n\n\n\n<p>Vale observar que a sustentabilidade corporativa deve ser acompanhada por um pensamento de longo prazo.&nbsp;<\/p>\n\n\n\n<p>Muitas das iniciativas mencionadas anteriormente podem levar tempo para gerar resultados. Em alguns casos, inclusive, os benef\u00edcios ser\u00e3o colhidos principalmente pelas futuras gera\u00e7\u00f5es.<\/p>\n\n\n\n<figure class=\"wp-block-image size-large\"><a href=\"https:\/\/conteudo.metarh.com.br\/maternidade-trabalho\" target=\"_blank\" rel=\"noreferrer noopener\"><img fetchpriority=\"high\" decoding=\"async\" width=\"1024\" height=\"414\" src=\"https:\/\/metarh.com.br\/metarhnews\/wp-content\/uploads\/2024\/05\/DIVULFACAO-MATERNIDADE-E-MERC-TRAB-1024x414.png\" alt=\"MATERNIDADE E MERCADO DE TRABALHO\" class=\"wp-image-16203\" srcset=\"https:\/\/metarh.com.br\/metarhnews\/wp-content\/uploads\/2024\/05\/DIVULFACAO-MATERNIDADE-E-MERC-TRAB-1024x414.png 1024w, https:\/\/metarh.com.br\/metarhnews\/wp-content\/uploads\/2024\/05\/DIVULFACAO-MATERNIDADE-E-MERC-TRAB-300x121.png 300w, https:\/\/metarh.com.br\/metarhnews\/wp-content\/uploads\/2024\/05\/DIVULFACAO-MATERNIDADE-E-MERC-TRAB-768x311.png 768w, https:\/\/metarh.com.br\/metarhnews\/wp-content\/uploads\/2024\/05\/DIVULFACAO-MATERNIDADE-E-MERC-TRAB-1536x621.png 1536w, https:\/\/metarh.com.br\/metarhnews\/wp-content\/uploads\/2024\/05\/DIVULFACAO-MATERNIDADE-E-MERC-TRAB.png 1600w\" sizes=\"(max-width: 1024px) 100vw, 1024px\" \/><\/a><\/figure>\n\n\n\n<h2 class=\"wp-block-heading\" id=\"h-qual-a-importancia-da-sustentabilidade-corporativa\"><strong>Qual a import\u00e2ncia da sustentabilidade corporativa?<\/strong><\/h2>\n\n\n\n<p>Quando as a\u00e7\u00f5es apresentadas at\u00e9 aqui s\u00e3o praticadas de modo sistem\u00e1tico, todos saem ganhando. E, por todos, queremos dizer que elas impactam as <strong>pessoas<\/strong>, o <strong>planeta <\/strong>e os <strong>neg\u00f3cios <\/strong>de maneiras profundas.<\/p>\n\n\n\n<p>Na sequ\u00eancia, vamos apresentar alguns dos principais benef\u00edcios associados a esse modelo de gest\u00e3o empresarial:<\/p>\n\n\n\n<p><strong>Para os neg\u00f3cios<\/strong><\/p>\n\n\n\n<ul class=\"wp-block-list\">\n<li><strong>Reputa\u00e7\u00e3o fortalecida: <\/strong>empresas sustent\u00e1veis tendem a ser mais bem vistas pelo p\u00fablico, o que pode levar a uma maior lealdade dos clientes e a uma melhor imagem de marca.<\/li>\n\n\n\n<li><strong>Atra\u00e7\u00e3o de investimentos: <\/strong>assim como os clientes, os investidores tamb\u00e9m est\u00e3o cada vez mais interessados em empresas comprometidas com a sustentabilidade corporativa.<\/li>\n\n\n\n<li><strong>Engajamento de funcion\u00e1rios<\/strong>: de modo geral, as pessoas colaboradoras tendem a se sentirem mais satisfeitas ao trabalhar para organiza\u00e7\u00f5es que demonstram compromisso com a responsabilidade social e ambiental.<\/li>\n\n\n\n<li><strong>Atra\u00e7\u00e3o de talentos<\/strong>: empresas que desfrutam de uma reputa\u00e7\u00e3o forte entre os consumidores e as pessoas colaboradoras tamb\u00e9m costumam atrair talentos com mais facilidade \u2013 em especial, aqueles que desejam fazer parte de uma organiza\u00e7\u00e3o com valores \u00e9ticos e socialmente respons\u00e1veis.<\/li>\n\n\n\n<li><strong>Conformidade legal<\/strong>: de quebra, atender a regulamenta\u00e7\u00f5es ambientais e sociais tamb\u00e9m evita multas e san\u00e7\u00f5es, al\u00e9m de preparar a empresa para futuras legisla\u00e7\u00f5es mais rigorosas.<\/li>\n\n\n\n<li><strong>Vantagem competitiva<\/strong>: por fim, as pr\u00e1ticas sustent\u00e1veis podem resultar em inova\u00e7\u00e3o, efici\u00eancia e economia de custos, tornando a empresa mais competitiva no mercado.<\/li>\n<\/ul>\n\n\n\n<p><strong>Para as pessoas<\/strong><\/p>\n\n\n\n<ul class=\"wp-block-list\">\n<li><strong>Qualidade de vida:<\/strong> empresas sustent\u00e1veis contribuem para comunidades mais saud\u00e1veis, seguras e pr\u00f3speras, proporcionando melhores condi\u00e7\u00f5es de vida tanto para as pessoas que vivem no entorno quanto para as que fazem parte do quadro de funcion\u00e1rios.<\/li>\n\n\n\n<li><strong>Equidade social:<\/strong> ao investir em programas sociais e promover pr\u00e1ticas inclusivas, as organiza\u00e7\u00f5es podem ajudar a reduzir desigualdades sociais e promover o desenvolvimento humano.<\/li>\n\n\n\n<li><strong>Bem-estar: <\/strong>outro ponto positivo da sustentabilidade corporativa \u00e9 que ela apoia a constru\u00e7\u00e3o de ambientes de trabalho mais seguros e saud\u00e1veis para a equipe.<\/li>\n<\/ul>\n\n\n\n<p><strong>Para o planeta<\/strong><\/p>\n\n\n\n<p>A preserva\u00e7\u00e3o do meio ambiente \u00e9, sem d\u00favida, um dos impactos mais significativos da sustentabilidade corporativa.<\/p>\n\n\n\n<p>Como vimos at\u00e9 aqui, as pr\u00e1ticas sustent\u00e1veis ajudam a conservar recursos naturais, reduzir a polui\u00e7\u00e3o e proteger a biodiversidade, contribuindo assim para a resili\u00eancia dos ecossistemas.&nbsp;Ao reduzir as emiss\u00f5es de gases de efeito estufa e promover o uso eficiente de recursos naturais, por exemplo, <strong>as organiza\u00e7\u00f5es ajudam a garantir um futuro melhor para as gera\u00e7\u00f5es que vir\u00e3o ap\u00f3s a nossa<\/strong>.<\/p>\n\n\n\n<figure class=\"wp-block-image size-large\"><a href=\"https:\/\/metarh.com.br\/contato-materiais-ricos\/\" target=\"_blank\" rel=\"noreferrer noopener\"><img decoding=\"async\" width=\"1024\" height=\"470\" src=\"https:\/\/metarh.com.br\/metarhnews\/wp-content\/uploads\/2024\/04\/Header-METARH-Site-v2-1024x470.jpg\" alt=\"\" class=\"wp-image-16175\" srcset=\"https:\/\/metarh.com.br\/metarhnews\/wp-content\/uploads\/2024\/04\/Header-METARH-Site-v2-1024x470.jpg 1024w, https:\/\/metarh.com.br\/metarhnews\/wp-content\/uploads\/2024\/04\/Header-METARH-Site-v2-300x138.jpg 300w, https:\/\/metarh.com.br\/metarhnews\/wp-content\/uploads\/2024\/04\/Header-METARH-Site-v2-768x353.jpg 768w, https:\/\/metarh.com.br\/metarhnews\/wp-content\/uploads\/2024\/04\/Header-METARH-Site-v2-1536x706.jpg 1536w, https:\/\/metarh.com.br\/metarhnews\/wp-content\/uploads\/2024\/04\/Header-METARH-Site-v2.jpg 1600w\" sizes=\"(max-width: 1024px) 100vw, 1024px\" \/><\/a><\/figure>\n\n\n\n<p>A sustentabilidade corporativa envolve n\u00e3o apenas a\u00e7\u00f5es ambientais e sociais, mas tamb\u00e9m <a href=\"https:\/\/metarh.com.br\/metarhnews\/integridade-empresarial\/\"><strong>princ\u00edpios \u00e9ticos e de integridade empresarial<\/strong>.<\/a> Pr\u00e1ticas de integridade ajudam a fortalecer a confian\u00e7a, a transpar\u00eancia e o alinhamento de valores dentro e fora da organiza\u00e7\u00e3o.<\/p>\n\n\n\n<p>Ao longo deste post, buscamos mostrar que a sustentabilidade corporativa n\u00e3o \u00e9 apenas uma quest\u00e3o de \u00e9tica, mas tamb\u00e9m uma estrat\u00e9gia inteligente de neg\u00f3cios.&nbsp;<\/p>\n\n\n\n<p>Afinal, empresas sustent\u00e1veis se adaptam \u00e0s expectativas crescentes dos consumidores e da sociedade, ao mesmo passo em que lideram a transforma\u00e7\u00e3o rumo a um modelo de neg\u00f3cios mais consciente e respons\u00e1vel.<\/p>\n\n\n\n<p>Esperamos que, ao adotar uma abordagem hol\u00edstica que equilibra lucro, pessoas e planeta, sua organiza\u00e7\u00e3o possa contribuir para um mundo mais justo, pr\u00f3spero e sustent\u00e1vel para todos.<\/p>\n\n\n\n<p>Construir um ambiente de trabalho mais justo, diverso e inclusivo \u00e9 uma pe\u00e7a fundamental da sustentabilidade corporativa. Se a sua empresa est\u00e1 comprometida em avan\u00e7ar nesse aspecto, conte com a METARH para oferecer suporte especializado.&nbsp;Entre em contato com a nossa equipe e descubra como podemos ajud\u00e1-lo a promover uma cultura organizacional mais acolhedora.<\/p>\n\n\n\n<div class=\"wp-block-buttons is-content-justification-center is-layout-flex wp-container-core-buttons-is-layout-16018d1d wp-block-buttons-is-layout-flex\">\n<div class=\"wp-block-button\"><a class=\"wp-block-button__link wp-element-button\" href=\"https:\/\/metarh.com.br\/contato-materiais-ricos\/\" style=\"border-radius:100px\" target=\"_blank\" rel=\"noreferrer noopener\">QUERO FALAR COM ESPECIALISTAS<\/a><\/div>\n<\/div>\n<div style=\"margin-top: 0px; margin-bottom: 0px;\" class=\"sharethis-inline-share-buttons\" ><\/div>","protected":false},"excerpt":{"rendered":"<p>O conceito de sustentabilidade corporativa n\u00e3o \u00e9 novo. No entanto, \u00e0 medida que a escassez de recursos naturais e as mudan\u00e7as clim\u00e1ticas se intensificam, ele ganha cada vez mais espa\u00e7o e relev\u00e2ncia. Para se ter uma ideia, estima-se que 98% das m\u00e9dias e grandes ind\u00fastrias brasileiras j\u00e1 adotam pelo menos uma a\u00e7\u00e3o nesta frente, com&#8230;<\/p>\n","protected":false},"author":4,"featured_media":16206,"comment_status":"open","ping_status":"open","sticky":false,"template":"","format":"standard","meta":{"_kadence_starter_templates_imported_post":false,"_kad_post_transparent":"","_kad_post_title":"","_kad_post_layout":"","_kad_post_sidebar_id":"","_kad_post_content_style":"","_kad_post_vertical_padding":"","_kad_post_feature":"","_kad_post_feature_position":"","_kad_post_header":false,"_kad_post_footer":false,"_kad_post_classname":"","footnotes":""},"categories":[163,2,132],"tags":[],"class_list":["post-16202","post","type-post","status-publish","format-standard","has-post-thumbnail","hentry","category-descoberta-de-conteudos-de-rh","category-materias","category-tendencias"],"yoast_head":"<!-- This site is optimized with the Yoast SEO Premium plugin v26.6 (Yoast SEO v27.5) - https:\/\/yoast.com\/product\/yoast-seo-premium-wordpress\/ -->\n<title>Sustentabilidade corporativa: o que \u00e9 e import\u00e2ncia para as empresas<\/title>\n<meta name=\"description\" content=\"A sustentabilidade corporativa n\u00e3o \u00e9 apenas uma quest\u00e3o de \u00e9tica, mas tamb\u00e9m uma estrat\u00e9gia inteligente de neg\u00f3cios.\u00a0\" \/>\n<meta name=\"robots\" content=\"index, follow, max-snippet:-1, max-image-preview:large, max-video-preview:-1\" \/>\n<link rel=\"canonical\" href=\"https:\/\/metarh.com.br\/metarhnews\/sustentabilidade-corporativa\/\" \/>\n<meta property=\"og:locale\" content=\"pt_BR\" \/>\n<meta property=\"og:type\" content=\"article\" \/>\n<meta property=\"og:title\" content=\"Sustentabilidade corporativa: o que \u00e9 e import\u00e2ncia para as empresas\" \/>\n<meta property=\"og:description\" content=\"A sustentabilidade corporativa n\u00e3o \u00e9 apenas uma quest\u00e3o de \u00e9tica, mas tamb\u00e9m uma estrat\u00e9gia inteligente de neg\u00f3cios.\u00a0\" \/>\n<meta property=\"og:url\" content=\"https:\/\/metarh.com.br\/metarhnews\/sustentabilidade-corporativa\/\" \/>\n<meta property=\"og:site_name\" content=\"METARH +News\" \/>\n<meta property=\"article:publisher\" content=\"https:\/\/www.facebook.com\/metarhumana\" \/>\n<meta property=\"article:author\" content=\"https:\/\/www.facebook.com\/metarhconsultoria\" \/>\n<meta property=\"article:published_time\" content=\"2024-06-05T12:43:06+00:00\" \/>\n<meta property=\"article:modified_time\" content=\"2026-01-23T17:13:04+00:00\" \/>\n<meta property=\"og:image\" content=\"https:\/\/metarh.com.br\/metarhnews\/wp-content\/uploads\/2024\/05\/Sustentabilidade-corporativa-v2.jpg\" \/>\n\t<meta property=\"og:image:width\" content=\"1060\" \/>\n\t<meta property=\"og:image:height\" content=\"700\" \/>\n\t<meta property=\"og:image:type\" content=\"image\/jpeg\" \/>\n<meta name=\"author\" content=\"METARH\" \/>\n<meta name=\"twitter:card\" content=\"summary_large_image\" \/>\n<meta name=\"twitter:creator\" content=\"@metarhumana\" \/>\n<meta name=\"twitter:site\" content=\"@metarhumana\" \/>\n<meta name=\"twitter:label1\" content=\"Escrito por\" \/>\n\t<meta name=\"twitter:data1\" content=\"METARH\" \/>\n\t<meta name=\"twitter:label2\" content=\"Est. tempo de leitura\" \/>\n\t<meta name=\"twitter:data2\" content=\"8 minutos\" \/>\n<script type=\"application\/ld+json\" class=\"yoast-schema-graph\">{\"@context\":\"https:\\\/\\\/schema.org\",\"@graph\":[{\"@type\":\"Article\",\"@id\":\"https:\\\/\\\/metarh.com.br\\\/metarhnews\\\/sustentabilidade-corporativa\\\/#article\",\"isPartOf\":{\"@id\":\"https:\\\/\\\/metarh.com.br\\\/metarhnews\\\/sustentabilidade-corporativa\\\/\"},\"author\":{\"name\":\"METARH\",\"@id\":\"https:\\\/\\\/metarh.com.br\\\/metarhnews\\\/#\\\/schema\\\/person\\\/930900bc40677695dc9df602ec0366d0\"},\"headline\":\"Sustentabilidade corporativa: o que \u00e9 e import\u00e2ncia para as empresas\",\"datePublished\":\"2024-06-05T12:43:06+00:00\",\"dateModified\":\"2026-01-23T17:13:04+00:00\",\"mainEntityOfPage\":{\"@id\":\"https:\\\/\\\/metarh.com.br\\\/metarhnews\\\/sustentabilidade-corporativa\\\/\"},\"wordCount\":1334,\"commentCount\":0,\"publisher\":{\"@id\":\"https:\\\/\\\/metarh.com.br\\\/metarhnews\\\/#organization\"},\"image\":{\"@id\":\"https:\\\/\\\/metarh.com.br\\\/metarhnews\\\/sustentabilidade-corporativa\\\/#primaryimage\"},\"thumbnailUrl\":\"https:\\\/\\\/metarh.com.br\\\/metarhnews\\\/wp-content\\\/uploads\\\/2024\\\/05\\\/Sustentabilidade-corporativa-v2.jpg\",\"articleSection\":[\"Descoberta\",\"Mat\u00e9rias\",\"Tend\u00eancias\"],\"inLanguage\":\"pt-BR\",\"potentialAction\":[{\"@type\":\"CommentAction\",\"name\":\"Comment\",\"target\":[\"https:\\\/\\\/metarh.com.br\\\/metarhnews\\\/sustentabilidade-corporativa\\\/#respond\"]}],\"copyrightYear\":\"2024\",\"copyrightHolder\":{\"@id\":\"https:\\\/\\\/metarh.com.br\\\/metarhnews\\\/#organization\"}},{\"@type\":\"WebPage\",\"@id\":\"https:\\\/\\\/metarh.com.br\\\/metarhnews\\\/sustentabilidade-corporativa\\\/\",\"url\":\"https:\\\/\\\/metarh.com.br\\\/metarhnews\\\/sustentabilidade-corporativa\\\/\",\"name\":\"Sustentabilidade corporativa: o que \u00e9 e import\u00e2ncia para as empresas\",\"isPartOf\":{\"@id\":\"https:\\\/\\\/metarh.com.br\\\/metarhnews\\\/#website\"},\"primaryImageOfPage\":{\"@id\":\"https:\\\/\\\/metarh.com.br\\\/metarhnews\\\/sustentabilidade-corporativa\\\/#primaryimage\"},\"image\":{\"@id\":\"https:\\\/\\\/metarh.com.br\\\/metarhnews\\\/sustentabilidade-corporativa\\\/#primaryimage\"},\"thumbnailUrl\":\"https:\\\/\\\/metarh.com.br\\\/metarhnews\\\/wp-content\\\/uploads\\\/2024\\\/05\\\/Sustentabilidade-corporativa-v2.jpg\",\"datePublished\":\"2024-06-05T12:43:06+00:00\",\"dateModified\":\"2026-01-23T17:13:04+00:00\",\"description\":\"A sustentabilidade corporativa n\u00e3o \u00e9 apenas uma quest\u00e3o de \u00e9tica, mas tamb\u00e9m uma estrat\u00e9gia inteligente de neg\u00f3cios.\u00a0\",\"breadcrumb\":{\"@id\":\"https:\\\/\\\/metarh.com.br\\\/metarhnews\\\/sustentabilidade-corporativa\\\/#breadcrumb\"},\"inLanguage\":\"pt-BR\",\"potentialAction\":[{\"@type\":\"ReadAction\",\"target\":[\"https:\\\/\\\/metarh.com.br\\\/metarhnews\\\/sustentabilidade-corporativa\\\/\"]}]},{\"@type\":\"ImageObject\",\"inLanguage\":\"pt-BR\",\"@id\":\"https:\\\/\\\/metarh.com.br\\\/metarhnews\\\/sustentabilidade-corporativa\\\/#primaryimage\",\"url\":\"https:\\\/\\\/metarh.com.br\\\/metarhnews\\\/wp-content\\\/uploads\\\/2024\\\/05\\\/Sustentabilidade-corporativa-v2.jpg\",\"contentUrl\":\"https:\\\/\\\/metarh.com.br\\\/metarhnews\\\/wp-content\\\/uploads\\\/2024\\\/05\\\/Sustentabilidade-corporativa-v2.jpg\",\"width\":1060,\"height\":700},{\"@type\":\"BreadcrumbList\",\"@id\":\"https:\\\/\\\/metarh.com.br\\\/metarhnews\\\/sustentabilidade-corporativa\\\/#breadcrumb\",\"itemListElement\":[{\"@type\":\"ListItem\",\"position\":1,\"name\":\"In\u00edcio\",\"item\":\"https:\\\/\\\/metarh.com.br\\\/metarhnews\\\/\"},{\"@type\":\"ListItem\",\"position\":2,\"name\":\"Sustentabilidade corporativa: o que \u00e9 e import\u00e2ncia para as empresas\"}]},{\"@type\":\"WebSite\",\"@id\":\"https:\\\/\\\/metarh.com.br\\\/metarhnews\\\/#website\",\"url\":\"https:\\\/\\\/metarh.com.br\\\/metarhnews\\\/\",\"name\":\"METARH +News\",\"description\":\"Conte\u00fado focado em Gest\u00e3o de Pessoas\",\"publisher\":{\"@id\":\"https:\\\/\\\/metarh.com.br\\\/metarhnews\\\/#organization\"},\"potentialAction\":[{\"@type\":\"SearchAction\",\"target\":{\"@type\":\"EntryPoint\",\"urlTemplate\":\"https:\\\/\\\/metarh.com.br\\\/metarhnews\\\/?s={search_term_string}\"},\"query-input\":{\"@type\":\"PropertyValueSpecification\",\"valueRequired\":true,\"valueName\":\"search_term_string\"}}],\"inLanguage\":\"pt-BR\"},{\"@type\":\"Organization\",\"@id\":\"https:\\\/\\\/metarh.com.br\\\/metarhnews\\\/#organization\",\"name\":\"METARH +Humana\",\"url\":\"https:\\\/\\\/metarh.com.br\\\/metarhnews\\\/\",\"logo\":{\"@type\":\"ImageObject\",\"inLanguage\":\"pt-BR\",\"@id\":\"https:\\\/\\\/metarh.com.br\\\/metarhnews\\\/#\\\/schema\\\/logo\\\/image\\\/\",\"url\":\"https:\\\/\\\/metarh.com.br\\\/metarhnews\\\/wp-content\\\/uploads\\\/2025\\\/02\\\/METARH-Azul-Horizontal.png\",\"contentUrl\":\"https:\\\/\\\/metarh.com.br\\\/metarhnews\\\/wp-content\\\/uploads\\\/2025\\\/02\\\/METARH-Azul-Horizontal.png\",\"width\":1002,\"height\":303,\"caption\":\"METARH +Humana\"},\"image\":{\"@id\":\"https:\\\/\\\/metarh.com.br\\\/metarhnews\\\/#\\\/schema\\\/logo\\\/image\\\/\"},\"sameAs\":[\"https:\\\/\\\/www.facebook.com\\\/metarhumana\",\"https:\\\/\\\/x.com\\\/metarhumana\",\"https:\\\/\\\/www.instagram.com\\\/metarhumana\\\/\",\"https:\\\/\\\/www.youtube.com\\\/@metarhumana\"]},{\"@type\":\"Person\",\"@id\":\"https:\\\/\\\/metarh.com.br\\\/metarhnews\\\/#\\\/schema\\\/person\\\/930900bc40677695dc9df602ec0366d0\",\"name\":\"METARH\",\"image\":{\"@type\":\"ImageObject\",\"inLanguage\":\"pt-BR\",\"@id\":\"https:\\\/\\\/secure.gravatar.com\\\/avatar\\\/e03963382c9576f1c9989940c2d59ebc780df154afc76a079627bbbdb3dcefa1?s=96&d=mm&r=g\",\"url\":\"https:\\\/\\\/secure.gravatar.com\\\/avatar\\\/e03963382c9576f1c9989940c2d59ebc780df154afc76a079627bbbdb3dcefa1?s=96&d=mm&r=g\",\"contentUrl\":\"https:\\\/\\\/secure.gravatar.com\\\/avatar\\\/e03963382c9576f1c9989940c2d59ebc780df154afc76a079627bbbdb3dcefa1?s=96&d=mm&r=g\",\"caption\":\"METARH\"},\"description\":\"Somos uma consultoria de recursos humanos com mais de 40 anos de mercado, ajudando empresas como a sua a encontrarem o talento certo. Nossos processos s\u00e3o focados no sucesso dos clientes sem deixar de lado a experi\u00eancia positiva das pessoas candidatas.\",\"sameAs\":[\"http:\\\/\\\/www.metarh.com.br\",\"https:\\\/\\\/www.facebook.com\\\/metarhconsultoria\",\"https:\\\/\\\/www.instagram.com\\\/metarhconsultoria\\\/\",\"https:\\\/\\\/www.linkedin.com\\\/company\\\/metarhconsultoria\",\"http:\\\/\\\/youtube.com\\\/@metarhconsultoria\"],\"url\":\"https:\\\/\\\/metarh.com.br\\\/metarhnews\\\/author\\\/editorial-metarh\\\/\"}]}<\/script>\n<!-- \/ Yoast SEO Premium plugin. -->","yoast_head_json":{"title":"Sustentabilidade corporativa: o que \u00e9 e import\u00e2ncia para as empresas","description":"A sustentabilidade corporativa n\u00e3o \u00e9 apenas uma quest\u00e3o de \u00e9tica, mas tamb\u00e9m uma estrat\u00e9gia inteligente de neg\u00f3cios.\u00a0","robots":{"index":"index","follow":"follow","max-snippet":"max-snippet:-1","max-image-preview":"max-image-preview:large","max-video-preview":"max-video-preview:-1"},"canonical":"https:\/\/metarh.com.br\/metarhnews\/sustentabilidade-corporativa\/","og_locale":"pt_BR","og_type":"article","og_title":"Sustentabilidade corporativa: o que \u00e9 e import\u00e2ncia para as empresas","og_description":"A sustentabilidade corporativa n\u00e3o \u00e9 apenas uma quest\u00e3o de \u00e9tica, mas tamb\u00e9m uma estrat\u00e9gia inteligente de neg\u00f3cios.\u00a0","og_url":"https:\/\/metarh.com.br\/metarhnews\/sustentabilidade-corporativa\/","og_site_name":"METARH +News","article_publisher":"https:\/\/www.facebook.com\/metarhumana","article_author":"https:\/\/www.facebook.com\/metarhconsultoria","article_published_time":"2024-06-05T12:43:06+00:00","article_modified_time":"2026-01-23T17:13:04+00:00","og_image":[{"width":1060,"height":700,"url":"https:\/\/metarh.com.br\/metarhnews\/wp-content\/uploads\/2024\/05\/Sustentabilidade-corporativa-v2.jpg","type":"image\/jpeg"}],"author":"METARH","twitter_card":"summary_large_image","twitter_creator":"@metarhumana","twitter_site":"@metarhumana","twitter_misc":{"Escrito por":"METARH","Est. tempo de leitura":"8 minutos"},"schema":{"@context":"https:\/\/schema.org","@graph":[{"@type":"Article","@id":"https:\/\/metarh.com.br\/metarhnews\/sustentabilidade-corporativa\/#article","isPartOf":{"@id":"https:\/\/metarh.com.br\/metarhnews\/sustentabilidade-corporativa\/"},"author":{"name":"METARH","@id":"https:\/\/metarh.com.br\/metarhnews\/#\/schema\/person\/930900bc40677695dc9df602ec0366d0"},"headline":"Sustentabilidade corporativa: o que \u00e9 e import\u00e2ncia para as empresas","datePublished":"2024-06-05T12:43:06+00:00","dateModified":"2026-01-23T17:13:04+00:00","mainEntityOfPage":{"@id":"https:\/\/metarh.com.br\/metarhnews\/sustentabilidade-corporativa\/"},"wordCount":1334,"commentCount":0,"publisher":{"@id":"https:\/\/metarh.com.br\/metarhnews\/#organization"},"image":{"@id":"https:\/\/metarh.com.br\/metarhnews\/sustentabilidade-corporativa\/#primaryimage"},"thumbnailUrl":"https:\/\/metarh.com.br\/metarhnews\/wp-content\/uploads\/2024\/05\/Sustentabilidade-corporativa-v2.jpg","articleSection":["Descoberta","Mat\u00e9rias","Tend\u00eancias"],"inLanguage":"pt-BR","potentialAction":[{"@type":"CommentAction","name":"Comment","target":["https:\/\/metarh.com.br\/metarhnews\/sustentabilidade-corporativa\/#respond"]}],"copyrightYear":"2024","copyrightHolder":{"@id":"https:\/\/metarh.com.br\/metarhnews\/#organization"}},{"@type":"WebPage","@id":"https:\/\/metarh.com.br\/metarhnews\/sustentabilidade-corporativa\/","url":"https:\/\/metarh.com.br\/metarhnews\/sustentabilidade-corporativa\/","name":"Sustentabilidade corporativa: o que \u00e9 e import\u00e2ncia para as empresas","isPartOf":{"@id":"https:\/\/metarh.com.br\/metarhnews\/#website"},"primaryImageOfPage":{"@id":"https:\/\/metarh.com.br\/metarhnews\/sustentabilidade-corporativa\/#primaryimage"},"image":{"@id":"https:\/\/metarh.com.br\/metarhnews\/sustentabilidade-corporativa\/#primaryimage"},"thumbnailUrl":"https:\/\/metarh.com.br\/metarhnews\/wp-content\/uploads\/2024\/05\/Sustentabilidade-corporativa-v2.jpg","datePublished":"2024-06-05T12:43:06+00:00","dateModified":"2026-01-23T17:13:04+00:00","description":"A sustentabilidade corporativa n\u00e3o \u00e9 apenas uma quest\u00e3o de \u00e9tica, mas tamb\u00e9m uma estrat\u00e9gia inteligente de neg\u00f3cios.\u00a0","breadcrumb":{"@id":"https:\/\/metarh.com.br\/metarhnews\/sustentabilidade-corporativa\/#breadcrumb"},"inLanguage":"pt-BR","potentialAction":[{"@type":"ReadAction","target":["https:\/\/metarh.com.br\/metarhnews\/sustentabilidade-corporativa\/"]}]},{"@type":"ImageObject","inLanguage":"pt-BR","@id":"https:\/\/metarh.com.br\/metarhnews\/sustentabilidade-corporativa\/#primaryimage","url":"https:\/\/metarh.com.br\/metarhnews\/wp-content\/uploads\/2024\/05\/Sustentabilidade-corporativa-v2.jpg","contentUrl":"https:\/\/metarh.com.br\/metarhnews\/wp-content\/uploads\/2024\/05\/Sustentabilidade-corporativa-v2.jpg","width":1060,"height":700},{"@type":"BreadcrumbList","@id":"https:\/\/metarh.com.br\/metarhnews\/sustentabilidade-corporativa\/#breadcrumb","itemListElement":[{"@type":"ListItem","position":1,"name":"In\u00edcio","item":"https:\/\/metarh.com.br\/metarhnews\/"},{"@type":"ListItem","position":2,"name":"Sustentabilidade corporativa: o que \u00e9 e import\u00e2ncia para as empresas"}]},{"@type":"WebSite","@id":"https:\/\/metarh.com.br\/metarhnews\/#website","url":"https:\/\/metarh.com.br\/metarhnews\/","name":"METARH +News","description":"Conte\u00fado focado em Gest\u00e3o de Pessoas","publisher":{"@id":"https:\/\/metarh.com.br\/metarhnews\/#organization"},"potentialAction":[{"@type":"SearchAction","target":{"@type":"EntryPoint","urlTemplate":"https:\/\/metarh.com.br\/metarhnews\/?s={search_term_string}"},"query-input":{"@type":"PropertyValueSpecification","valueRequired":true,"valueName":"search_term_string"}}],"inLanguage":"pt-BR"},{"@type":"Organization","@id":"https:\/\/metarh.com.br\/metarhnews\/#organization","name":"METARH +Humana","url":"https:\/\/metarh.com.br\/metarhnews\/","logo":{"@type":"ImageObject","inLanguage":"pt-BR","@id":"https:\/\/metarh.com.br\/metarhnews\/#\/schema\/logo\/image\/","url":"https:\/\/metarh.com.br\/metarhnews\/wp-content\/uploads\/2025\/02\/METARH-Azul-Horizontal.png","contentUrl":"https:\/\/metarh.com.br\/metarhnews\/wp-content\/uploads\/2025\/02\/METARH-Azul-Horizontal.png","width":1002,"height":303,"caption":"METARH +Humana"},"image":{"@id":"https:\/\/metarh.com.br\/metarhnews\/#\/schema\/logo\/image\/"},"sameAs":["https:\/\/www.facebook.com\/metarhumana","https:\/\/x.com\/metarhumana","https:\/\/www.instagram.com\/metarhumana\/","https:\/\/www.youtube.com\/@metarhumana"]},{"@type":"Person","@id":"https:\/\/metarh.com.br\/metarhnews\/#\/schema\/person\/930900bc40677695dc9df602ec0366d0","name":"METARH","image":{"@type":"ImageObject","inLanguage":"pt-BR","@id":"https:\/\/secure.gravatar.com\/avatar\/e03963382c9576f1c9989940c2d59ebc780df154afc76a079627bbbdb3dcefa1?s=96&d=mm&r=g","url":"https:\/\/secure.gravatar.com\/avatar\/e03963382c9576f1c9989940c2d59ebc780df154afc76a079627bbbdb3dcefa1?s=96&d=mm&r=g","contentUrl":"https:\/\/secure.gravatar.com\/avatar\/e03963382c9576f1c9989940c2d59ebc780df154afc76a079627bbbdb3dcefa1?s=96&d=mm&r=g","caption":"METARH"},"description":"Somos uma consultoria de recursos humanos com mais de 40 anos de mercado, ajudando empresas como a sua a encontrarem o talento certo. Nossos processos s\u00e3o focados no sucesso dos clientes sem deixar de lado a experi\u00eancia positiva das pessoas candidatas.","sameAs":["http:\/\/www.metarh.com.br","https:\/\/www.facebook.com\/metarhconsultoria","https:\/\/www.instagram.com\/metarhconsultoria\/","https:\/\/www.linkedin.com\/company\/metarhconsultoria","http:\/\/youtube.com\/@metarhconsultoria"],"url":"https:\/\/metarh.com.br\/metarhnews\/author\/editorial-metarh\/"}]}},"_links":{"self":[{"href":"https:\/\/metarh.com.br\/metarhnews\/wp-json\/wp\/v2\/posts\/16202","targetHints":{"allow":["GET"]}}],"collection":[{"href":"https:\/\/metarh.com.br\/metarhnews\/wp-json\/wp\/v2\/posts"}],"about":[{"href":"https:\/\/metarh.com.br\/metarhnews\/wp-json\/wp\/v2\/types\/post"}],"author":[{"embeddable":true,"href":"https:\/\/metarh.com.br\/metarhnews\/wp-json\/wp\/v2\/users\/4"}],"replies":[{"embeddable":true,"href":"https:\/\/metarh.com.br\/metarhnews\/wp-json\/wp\/v2\/comments?post=16202"}],"version-history":[{"count":5,"href":"https:\/\/metarh.com.br\/metarhnews\/wp-json\/wp\/v2\/posts\/16202\/revisions"}],"predecessor-version":[{"id":17078,"href":"https:\/\/metarh.com.br\/metarhnews\/wp-json\/wp\/v2\/posts\/16202\/revisions\/17078"}],"wp:featuredmedia":[{"embeddable":true,"href":"https:\/\/metarh.com.br\/metarhnews\/wp-json\/wp\/v2\/media\/16206"}],"wp:attachment":[{"href":"https:\/\/metarh.com.br\/metarhnews\/wp-json\/wp\/v2\/media?parent=16202"}],"wp:term":[{"taxonomy":"category","embeddable":true,"href":"https:\/\/metarh.com.br\/metarhnews\/wp-json\/wp\/v2\/categories?post=16202"},{"taxonomy":"post_tag","embeddable":true,"href":"https:\/\/metarh.com.br\/metarhnews\/wp-json\/wp\/v2\/tags?post=16202"}],"curies":[{"name":"wp","href":"https:\/\/api.w.org\/{rel}","templated":true}]}}