{"id":1624,"date":"2020-01-15T17:52:01","date_gmt":"2020-01-15T20:52:01","guid":{"rendered":"https:\/\/metarh.com.br\/?p=1624"},"modified":"2026-01-23T15:25:59","modified_gmt":"2026-01-23T18:25:59","slug":"quais-sao-as-8-habilidades-que-todo-profissional-vai-precisar-em-2020","status":"publish","type":"post","link":"https:\/\/metarh.com.br\/metarhnews\/quais-sao-as-8-habilidades-que-todo-profissional-vai-precisar-em-2020\/","title":{"rendered":"Quais s\u00e3o as 8 habilidades que todo profissional vai precisar em 2020?"},"content":{"rendered":"<p>Publica\u00e7\u00e3o do F\u00f3rum Econ\u00f4mico Mundial 2019 \u2013 The Future of Jobs: Employment, Skills and Workforce Strategy for the Fourth Industrial Revolution \u2013 j\u00e1 aponta para esse caminho ao revelar que este ano haver\u00e1 uma mudan\u00e7a de 35% das habilidades demandadas nas ocupa\u00e7\u00f5es de trabalho. Na pr\u00e1tica, destaca aquelas capacidades que ser\u00e3o essenciais a todos os profissionais que quiserem ser bem-sucedidos, independentemente da \u00e1rea.<\/p>\n<p>E o que se v\u00ea agora s\u00e3o recrutadores atentos a habilidades que at\u00e9 pouco tempo podiam ser completamente negligenciadas quando se examinava curr\u00edculos ou perfis do LinkedIn. \u201cDe hoje em diante, e cada vez mais, determinadas caracter\u00edsticas ser\u00e3o cobi\u00e7adas dentro das organiza\u00e7\u00f5es\u201d, diz a CEO da HSD, Susana Falchi, consultora de Recursos Humanos. Ela destaca 8 compet\u00eancias que ser\u00e3o avaliadas no candidato ideal.\u00a0 S\u00e3o elas:<\/p>\n<h2><strong>Capacidade de se comunicar<\/strong><\/h2>\n<p>Transmitir ideias com desenvoltura \u00e9 essencial, mas a coer\u00eancia entre o discurso e a a\u00e7\u00e3o tamb\u00e9m contam pontos. Al\u00e9m disso, a objetividade, saber escutar e desenvolver pensamento cr\u00edtico est\u00e3o dentro das habilidades de um bom comunicador.<\/p>\n<h2><strong>Capacidade de negociar<\/strong><\/h2>\n<p>Relacionar-se com pessoas \u00e9 uma constante negocia\u00e7\u00e3o. Por isso, a habilidade da persuas\u00e3o \u00e9 essencial num bom profissional, al\u00e9m de ajudar na administra\u00e7\u00e3o de conflitos. A concilia\u00e7\u00e3o de diferen\u00e7as \u00e9 demanda de qualquer \u00e1rea.<\/p>\n<h2><strong>Capacidade de liderar<\/strong><\/h2>\n<p>O carisma necess\u00e1rio para envolver e motivar as pessoas, bem como detectar e desenvolver potenciais da equipe, \u00e9 uma capacidade que faz toda diferen\u00e7a. A lideran\u00e7a tamb\u00e9m envolve tomada de decis\u00e3o e assertividade.<\/p>\n<h2><strong>Conduta \u00e9tica<\/strong><\/h2>\n<p>Lealdade, transpar\u00eancia, confiabilidade e respeito \u00e0s pessoas, al\u00e9m de inclina\u00e7\u00e3o para ajudar o outro s\u00e3o requisitos muito bem avaliados.<\/p>\n<h2><strong>Abra\u00e7ar uma causa<\/strong><\/h2>\n<p>O envolvimento com o trabalho para al\u00e9m da remunera\u00e7\u00e3o \u00e9 extremamente importante para desencadear um ciclo que envolve tomada de iniciativa, entusiasmo e vibra\u00e7\u00e3o. \u00c9 importante gostar do que se faz.<\/p>\n<h2><strong>Intelig\u00eancia emocional<\/strong><\/h2>\n<p>Capacidade de trabalhar sob press\u00e3o, resist\u00eancia \u00e0 frustra\u00e7\u00e3o, e maturidade para resolu\u00e7\u00e3o de problemas complexos, s\u00e3o qualifica\u00e7\u00f5es que pesam tanto quanto ou mais que as t\u00e9cnicas.<\/p>\n<h2><strong>Ser flex\u00edvel<\/strong><\/h2>\n<p>Facilidade de se adaptar \u00e0s mudan\u00e7as e rever pontos de vista, abertura para receber cr\u00edticas e ideias diferentes. Criar ou usar diferentes conjuntos de regras para combinar ou agrupar as coisas de diferentes maneiras e buscar solu\u00e7\u00f5es inovadoras tamb\u00e9m fazem parte das verifica\u00e7\u00f5es.<\/p>\n<h2><strong>Criatividade<\/strong><\/h2>\n<p>Muito ligada \u00e0 flexibilidade, e sem a qual \u00e9 imposs\u00edvel criar, \u00e9 uma habilidade desej\u00e1vel para intuir e inovar.<\/p>\n\n\n<p>Essas habilidades se conectam diretamente com as transforma\u00e7\u00f5es do mercado de trabalho. Para entender melhor onde elas est\u00e3o sendo mais demandadas, vale conferir nosso artigo sobre <a href=\"https:\/\/metarh.com.br\/metarhnews\/15-profissoes-em-alta-no-brasil-em-2020-segundo-o-linkedin\/\"><strong>as profiss\u00f5es em alta no Brasil<\/strong>.<\/a><\/p>\n\n\n\n<p>Para quem busca n\u00e3o apenas entender quais habilidades s\u00e3o importantes, mas <strong><a href=\"https:\/\/metarh.com.br\/metarhnews\/assessment-celia-campos-meta-news-10\/\">como medi-las e aprimor\u00e1-las<\/a><\/strong>, o uso de ferramentas de avalia\u00e7\u00e3o, como o <em>assessment<\/em>, pode trazer insights valiosos sobre seu perfil e potencial de crescimento.<\/p>\n<div style=\"margin-top: 0px; margin-bottom: 0px;\" class=\"sharethis-inline-share-buttons\" ><\/div>","protected":false},"excerpt":{"rendered":"<p>Publica\u00e7\u00e3o do F\u00f3rum Econ\u00f4mico Mundial 2019 \u2013 The Future of Jobs: Employment, Skills and Workforce Strategy for the Fourth Industrial Revolution \u2013 j\u00e1 aponta para esse caminho ao revelar que este ano haver\u00e1 uma mudan\u00e7a de 35% das habilidades demandadas nas ocupa\u00e7\u00f5es de trabalho. Na pr\u00e1tica, destaca aquelas capacidades que ser\u00e3o essenciais a todos os&#8230;<\/p>\n","protected":false},"author":1,"featured_media":1873,"comment_status":"open","ping_status":"open","sticky":false,"template":"","format":"standard","meta":{"_kadence_starter_templates_imported_post":false,"_kad_post_transparent":"","_kad_post_title":"","_kad_post_layout":"","_kad_post_sidebar_id":"","_kad_post_content_style":"","_kad_post_vertical_padding":"","_kad_post_feature":"","_kad_post_feature_position":"","_kad_post_header":false,"_kad_post_footer":false,"_kad_post_classname":"","footnotes":""},"categories":[163,3,2],"tags":[],"class_list":["post-1624","post","type-post","status-publish","format-standard","has-post-thumbnail","hentry","category-descoberta-de-conteudos-de-rh","category-dicas","category-materias"],"yoast_head":"<!-- This site is optimized with the Yoast SEO Premium plugin v26.6 (Yoast SEO v27.5) - https:\/\/yoast.com\/product\/yoast-seo-premium-wordpress\/ -->\n<title>Quais s\u00e3o as 8 habilidades que todo profissional vai precisar em 2020? - METARH +News<\/title>\n<meta name=\"robots\" content=\"index, follow, max-snippet:-1, max-image-preview:large, max-video-preview:-1\" \/>\n<link rel=\"canonical\" href=\"https:\/\/metarh.com.br\/metarhnews\/quais-sao-as-8-habilidades-que-todo-profissional-vai-precisar-em-2020\/\" \/>\n<meta property=\"og:locale\" content=\"pt_BR\" \/>\n<meta property=\"og:type\" content=\"article\" \/>\n<meta property=\"og:title\" content=\"Quais s\u00e3o as 8 habilidades que todo profissional vai precisar em 2020?\" \/>\n<meta property=\"og:description\" content=\"Publica\u00e7\u00e3o do F\u00f3rum Econ\u00f4mico Mundial 2019 \u2013 The Future of Jobs: Employment, Skills and Workforce Strategy for the Fourth Industrial Revolution \u2013 j\u00e1 aponta para esse caminho ao revelar que este ano haver\u00e1 uma mudan\u00e7a de 35% das habilidades demandadas nas ocupa\u00e7\u00f5es de trabalho. Na pr\u00e1tica, destaca aquelas capacidades que ser\u00e3o essenciais a todos os...\" \/>\n<meta property=\"og:url\" content=\"https:\/\/metarh.com.br\/metarhnews\/quais-sao-as-8-habilidades-que-todo-profissional-vai-precisar-em-2020\/\" \/>\n<meta property=\"og:site_name\" content=\"METARH +News\" \/>\n<meta property=\"article:publisher\" content=\"https:\/\/www.facebook.com\/metarhumana\" \/>\n<meta property=\"article:published_time\" content=\"2020-01-15T20:52:01+00:00\" \/>\n<meta property=\"article:modified_time\" content=\"2026-01-23T18:25:59+00:00\" \/>\n<meta name=\"author\" content=\"Admin@MetaNews\" \/>\n<meta name=\"twitter:card\" content=\"summary_large_image\" \/>\n<meta name=\"twitter:creator\" content=\"@metarhumana\" \/>\n<meta name=\"twitter:site\" content=\"@metarhumana\" \/>\n<meta name=\"twitter:label1\" content=\"Escrito por\" \/>\n\t<meta name=\"twitter:data1\" content=\"Admin@MetaNews\" \/>\n\t<meta name=\"twitter:label2\" content=\"Est. tempo de leitura\" \/>\n\t<meta name=\"twitter:data2\" content=\"3 minutos\" \/>\n<script type=\"application\/ld+json\" class=\"yoast-schema-graph\">{\"@context\":\"https:\\\/\\\/schema.org\",\"@graph\":[{\"@type\":\"Article\",\"@id\":\"https:\\\/\\\/metarh.com.br\\\/metarhnews\\\/quais-sao-as-8-habilidades-que-todo-profissional-vai-precisar-em-2020\\\/#article\",\"isPartOf\":{\"@id\":\"https:\\\/\\\/metarh.com.br\\\/metarhnews\\\/quais-sao-as-8-habilidades-que-todo-profissional-vai-precisar-em-2020\\\/\"},\"author\":{\"name\":\"Admin@MetaNews\",\"@id\":\"https:\\\/\\\/metarh.com.br\\\/metarhnews\\\/#\\\/schema\\\/person\\\/18a57200eba12baa93ec88d7fdac1d9b\"},\"headline\":\"Quais s\u00e3o as 8 habilidades que todo profissional vai precisar em 2020?\",\"datePublished\":\"2020-01-15T20:52:01+00:00\",\"dateModified\":\"2026-01-23T18:25:59+00:00\",\"mainEntityOfPage\":{\"@id\":\"https:\\\/\\\/metarh.com.br\\\/metarhnews\\\/quais-sao-as-8-habilidades-que-todo-profissional-vai-precisar-em-2020\\\/\"},\"wordCount\":515,\"commentCount\":0,\"publisher\":{\"@id\":\"https:\\\/\\\/metarh.com.br\\\/metarhnews\\\/#organization\"},\"image\":{\"@id\":\"https:\\\/\\\/metarh.com.br\\\/metarhnews\\\/quais-sao-as-8-habilidades-que-todo-profissional-vai-precisar-em-2020\\\/#primaryimage\"},\"thumbnailUrl\":\"\",\"articleSection\":[\"Descoberta\",\"Dicas\",\"Mat\u00e9rias\"],\"inLanguage\":\"pt-BR\",\"potentialAction\":[{\"@type\":\"CommentAction\",\"name\":\"Comment\",\"target\":[\"https:\\\/\\\/metarh.com.br\\\/metarhnews\\\/quais-sao-as-8-habilidades-que-todo-profissional-vai-precisar-em-2020\\\/#respond\"]}],\"copyrightYear\":\"2020\",\"copyrightHolder\":{\"@id\":\"https:\\\/\\\/metarh.com.br\\\/metarhnews\\\/#organization\"}},{\"@type\":\"WebPage\",\"@id\":\"https:\\\/\\\/metarh.com.br\\\/metarhnews\\\/quais-sao-as-8-habilidades-que-todo-profissional-vai-precisar-em-2020\\\/\",\"url\":\"https:\\\/\\\/metarh.com.br\\\/metarhnews\\\/quais-sao-as-8-habilidades-que-todo-profissional-vai-precisar-em-2020\\\/\",\"name\":\"Quais s\u00e3o as 8 habilidades que todo profissional vai precisar em 2020? - METARH +News\",\"isPartOf\":{\"@id\":\"https:\\\/\\\/metarh.com.br\\\/metarhnews\\\/#website\"},\"primaryImageOfPage\":{\"@id\":\"https:\\\/\\\/metarh.com.br\\\/metarhnews\\\/quais-sao-as-8-habilidades-que-todo-profissional-vai-precisar-em-2020\\\/#primaryimage\"},\"image\":{\"@id\":\"https:\\\/\\\/metarh.com.br\\\/metarhnews\\\/quais-sao-as-8-habilidades-que-todo-profissional-vai-precisar-em-2020\\\/#primaryimage\"},\"thumbnailUrl\":\"\",\"datePublished\":\"2020-01-15T20:52:01+00:00\",\"dateModified\":\"2026-01-23T18:25:59+00:00\",\"breadcrumb\":{\"@id\":\"https:\\\/\\\/metarh.com.br\\\/metarhnews\\\/quais-sao-as-8-habilidades-que-todo-profissional-vai-precisar-em-2020\\\/#breadcrumb\"},\"inLanguage\":\"pt-BR\",\"potentialAction\":[{\"@type\":\"ReadAction\",\"target\":[\"https:\\\/\\\/metarh.com.br\\\/metarhnews\\\/quais-sao-as-8-habilidades-que-todo-profissional-vai-precisar-em-2020\\\/\"]}]},{\"@type\":\"ImageObject\",\"inLanguage\":\"pt-BR\",\"@id\":\"https:\\\/\\\/metarh.com.br\\\/metarhnews\\\/quais-sao-as-8-habilidades-que-todo-profissional-vai-precisar-em-2020\\\/#primaryimage\",\"url\":\"\",\"contentUrl\":\"\"},{\"@type\":\"BreadcrumbList\",\"@id\":\"https:\\\/\\\/metarh.com.br\\\/metarhnews\\\/quais-sao-as-8-habilidades-que-todo-profissional-vai-precisar-em-2020\\\/#breadcrumb\",\"itemListElement\":[{\"@type\":\"ListItem\",\"position\":1,\"name\":\"In\u00edcio\",\"item\":\"https:\\\/\\\/metarh.com.br\\\/metarhnews\\\/\"},{\"@type\":\"ListItem\",\"position\":2,\"name\":\"Quais s\u00e3o as 8 habilidades que todo profissional vai precisar em 2020?\"}]},{\"@type\":\"WebSite\",\"@id\":\"https:\\\/\\\/metarh.com.br\\\/metarhnews\\\/#website\",\"url\":\"https:\\\/\\\/metarh.com.br\\\/metarhnews\\\/\",\"name\":\"METARH +News\",\"description\":\"Conte\u00fado focado em Gest\u00e3o de Pessoas\",\"publisher\":{\"@id\":\"https:\\\/\\\/metarh.com.br\\\/metarhnews\\\/#organization\"},\"potentialAction\":[{\"@type\":\"SearchAction\",\"target\":{\"@type\":\"EntryPoint\",\"urlTemplate\":\"https:\\\/\\\/metarh.com.br\\\/metarhnews\\\/?s={search_term_string}\"},\"query-input\":{\"@type\":\"PropertyValueSpecification\",\"valueRequired\":true,\"valueName\":\"search_term_string\"}}],\"inLanguage\":\"pt-BR\"},{\"@type\":\"Organization\",\"@id\":\"https:\\\/\\\/metarh.com.br\\\/metarhnews\\\/#organization\",\"name\":\"METARH +Humana\",\"url\":\"https:\\\/\\\/metarh.com.br\\\/metarhnews\\\/\",\"logo\":{\"@type\":\"ImageObject\",\"inLanguage\":\"pt-BR\",\"@id\":\"https:\\\/\\\/metarh.com.br\\\/metarhnews\\\/#\\\/schema\\\/logo\\\/image\\\/\",\"url\":\"https:\\\/\\\/metarh.com.br\\\/metarhnews\\\/wp-content\\\/uploads\\\/2025\\\/02\\\/METARH-Azul-Horizontal.png\",\"contentUrl\":\"https:\\\/\\\/metarh.com.br\\\/metarhnews\\\/wp-content\\\/uploads\\\/2025\\\/02\\\/METARH-Azul-Horizontal.png\",\"width\":1002,\"height\":303,\"caption\":\"METARH +Humana\"},\"image\":{\"@id\":\"https:\\\/\\\/metarh.com.br\\\/metarhnews\\\/#\\\/schema\\\/logo\\\/image\\\/\"},\"sameAs\":[\"https:\\\/\\\/www.facebook.com\\\/metarhumana\",\"https:\\\/\\\/x.com\\\/metarhumana\",\"https:\\\/\\\/www.instagram.com\\\/metarhumana\\\/\",\"https:\\\/\\\/www.youtube.com\\\/@metarhumana\"]},{\"@type\":\"Person\",\"@id\":\"https:\\\/\\\/metarh.com.br\\\/metarhnews\\\/#\\\/schema\\\/person\\\/18a57200eba12baa93ec88d7fdac1d9b\",\"name\":\"Admin@MetaNews\",\"image\":{\"@type\":\"ImageObject\",\"inLanguage\":\"pt-BR\",\"@id\":\"https:\\\/\\\/secure.gravatar.com\\\/avatar\\\/f6d25765469a37388aa705f1e537f1fe91e7c606c074552c00142b32890766d8?s=96&d=mm&r=g\",\"url\":\"https:\\\/\\\/secure.gravatar.com\\\/avatar\\\/f6d25765469a37388aa705f1e537f1fe91e7c606c074552c00142b32890766d8?s=96&d=mm&r=g\",\"contentUrl\":\"https:\\\/\\\/secure.gravatar.com\\\/avatar\\\/f6d25765469a37388aa705f1e537f1fe91e7c606c074552c00142b32890766d8?s=96&d=mm&r=g\",\"caption\":\"Admin@MetaNews\"},\"sameAs\":[\"https:\\\/\\\/metarh.com.br\\\/metarhnews\"],\"url\":\"https:\\\/\\\/metarh.com.br\\\/metarhnews\\\/author\\\/adminmetanews\\\/\"}]}<\/script>\n<!-- \/ Yoast SEO Premium plugin. -->","yoast_head_json":{"title":"Quais s\u00e3o as 8 habilidades que todo profissional vai precisar em 2020? - METARH +News","robots":{"index":"index","follow":"follow","max-snippet":"max-snippet:-1","max-image-preview":"max-image-preview:large","max-video-preview":"max-video-preview:-1"},"canonical":"https:\/\/metarh.com.br\/metarhnews\/quais-sao-as-8-habilidades-que-todo-profissional-vai-precisar-em-2020\/","og_locale":"pt_BR","og_type":"article","og_title":"Quais s\u00e3o as 8 habilidades que todo profissional vai precisar em 2020?","og_description":"Publica\u00e7\u00e3o do F\u00f3rum Econ\u00f4mico Mundial 2019 \u2013 The Future of Jobs: Employment, Skills and Workforce Strategy for the Fourth Industrial Revolution \u2013 j\u00e1 aponta para esse caminho ao revelar que este ano haver\u00e1 uma mudan\u00e7a de 35% das habilidades demandadas nas ocupa\u00e7\u00f5es de trabalho. Na pr\u00e1tica, destaca aquelas capacidades que ser\u00e3o essenciais a todos os...","og_url":"https:\/\/metarh.com.br\/metarhnews\/quais-sao-as-8-habilidades-que-todo-profissional-vai-precisar-em-2020\/","og_site_name":"METARH +News","article_publisher":"https:\/\/www.facebook.com\/metarhumana","article_published_time":"2020-01-15T20:52:01+00:00","article_modified_time":"2026-01-23T18:25:59+00:00","author":"Admin@MetaNews","twitter_card":"summary_large_image","twitter_creator":"@metarhumana","twitter_site":"@metarhumana","twitter_misc":{"Escrito por":"Admin@MetaNews","Est. tempo de leitura":"3 minutos"},"schema":{"@context":"https:\/\/schema.org","@graph":[{"@type":"Article","@id":"https:\/\/metarh.com.br\/metarhnews\/quais-sao-as-8-habilidades-que-todo-profissional-vai-precisar-em-2020\/#article","isPartOf":{"@id":"https:\/\/metarh.com.br\/metarhnews\/quais-sao-as-8-habilidades-que-todo-profissional-vai-precisar-em-2020\/"},"author":{"name":"Admin@MetaNews","@id":"https:\/\/metarh.com.br\/metarhnews\/#\/schema\/person\/18a57200eba12baa93ec88d7fdac1d9b"},"headline":"Quais s\u00e3o as 8 habilidades que todo profissional vai precisar em 2020?","datePublished":"2020-01-15T20:52:01+00:00","dateModified":"2026-01-23T18:25:59+00:00","mainEntityOfPage":{"@id":"https:\/\/metarh.com.br\/metarhnews\/quais-sao-as-8-habilidades-que-todo-profissional-vai-precisar-em-2020\/"},"wordCount":515,"commentCount":0,"publisher":{"@id":"https:\/\/metarh.com.br\/metarhnews\/#organization"},"image":{"@id":"https:\/\/metarh.com.br\/metarhnews\/quais-sao-as-8-habilidades-que-todo-profissional-vai-precisar-em-2020\/#primaryimage"},"thumbnailUrl":"","articleSection":["Descoberta","Dicas","Mat\u00e9rias"],"inLanguage":"pt-BR","potentialAction":[{"@type":"CommentAction","name":"Comment","target":["https:\/\/metarh.com.br\/metarhnews\/quais-sao-as-8-habilidades-que-todo-profissional-vai-precisar-em-2020\/#respond"]}],"copyrightYear":"2020","copyrightHolder":{"@id":"https:\/\/metarh.com.br\/metarhnews\/#organization"}},{"@type":"WebPage","@id":"https:\/\/metarh.com.br\/metarhnews\/quais-sao-as-8-habilidades-que-todo-profissional-vai-precisar-em-2020\/","url":"https:\/\/metarh.com.br\/metarhnews\/quais-sao-as-8-habilidades-que-todo-profissional-vai-precisar-em-2020\/","name":"Quais s\u00e3o as 8 habilidades que todo profissional vai precisar em 2020? - METARH +News","isPartOf":{"@id":"https:\/\/metarh.com.br\/metarhnews\/#website"},"primaryImageOfPage":{"@id":"https:\/\/metarh.com.br\/metarhnews\/quais-sao-as-8-habilidades-que-todo-profissional-vai-precisar-em-2020\/#primaryimage"},"image":{"@id":"https:\/\/metarh.com.br\/metarhnews\/quais-sao-as-8-habilidades-que-todo-profissional-vai-precisar-em-2020\/#primaryimage"},"thumbnailUrl":"","datePublished":"2020-01-15T20:52:01+00:00","dateModified":"2026-01-23T18:25:59+00:00","breadcrumb":{"@id":"https:\/\/metarh.com.br\/metarhnews\/quais-sao-as-8-habilidades-que-todo-profissional-vai-precisar-em-2020\/#breadcrumb"},"inLanguage":"pt-BR","potentialAction":[{"@type":"ReadAction","target":["https:\/\/metarh.com.br\/metarhnews\/quais-sao-as-8-habilidades-que-todo-profissional-vai-precisar-em-2020\/"]}]},{"@type":"ImageObject","inLanguage":"pt-BR","@id":"https:\/\/metarh.com.br\/metarhnews\/quais-sao-as-8-habilidades-que-todo-profissional-vai-precisar-em-2020\/#primaryimage","url":"","contentUrl":""},{"@type":"BreadcrumbList","@id":"https:\/\/metarh.com.br\/metarhnews\/quais-sao-as-8-habilidades-que-todo-profissional-vai-precisar-em-2020\/#breadcrumb","itemListElement":[{"@type":"ListItem","position":1,"name":"In\u00edcio","item":"https:\/\/metarh.com.br\/metarhnews\/"},{"@type":"ListItem","position":2,"name":"Quais s\u00e3o as 8 habilidades que todo profissional vai precisar em 2020?"}]},{"@type":"WebSite","@id":"https:\/\/metarh.com.br\/metarhnews\/#website","url":"https:\/\/metarh.com.br\/metarhnews\/","name":"METARH +News","description":"Conte\u00fado focado em Gest\u00e3o de Pessoas","publisher":{"@id":"https:\/\/metarh.com.br\/metarhnews\/#organization"},"potentialAction":[{"@type":"SearchAction","target":{"@type":"EntryPoint","urlTemplate":"https:\/\/metarh.com.br\/metarhnews\/?s={search_term_string}"},"query-input":{"@type":"PropertyValueSpecification","valueRequired":true,"valueName":"search_term_string"}}],"inLanguage":"pt-BR"},{"@type":"Organization","@id":"https:\/\/metarh.com.br\/metarhnews\/#organization","name":"METARH +Humana","url":"https:\/\/metarh.com.br\/metarhnews\/","logo":{"@type":"ImageObject","inLanguage":"pt-BR","@id":"https:\/\/metarh.com.br\/metarhnews\/#\/schema\/logo\/image\/","url":"https:\/\/metarh.com.br\/metarhnews\/wp-content\/uploads\/2025\/02\/METARH-Azul-Horizontal.png","contentUrl":"https:\/\/metarh.com.br\/metarhnews\/wp-content\/uploads\/2025\/02\/METARH-Azul-Horizontal.png","width":1002,"height":303,"caption":"METARH +Humana"},"image":{"@id":"https:\/\/metarh.com.br\/metarhnews\/#\/schema\/logo\/image\/"},"sameAs":["https:\/\/www.facebook.com\/metarhumana","https:\/\/x.com\/metarhumana","https:\/\/www.instagram.com\/metarhumana\/","https:\/\/www.youtube.com\/@metarhumana"]},{"@type":"Person","@id":"https:\/\/metarh.com.br\/metarhnews\/#\/schema\/person\/18a57200eba12baa93ec88d7fdac1d9b","name":"Admin@MetaNews","image":{"@type":"ImageObject","inLanguage":"pt-BR","@id":"https:\/\/secure.gravatar.com\/avatar\/f6d25765469a37388aa705f1e537f1fe91e7c606c074552c00142b32890766d8?s=96&d=mm&r=g","url":"https:\/\/secure.gravatar.com\/avatar\/f6d25765469a37388aa705f1e537f1fe91e7c606c074552c00142b32890766d8?s=96&d=mm&r=g","contentUrl":"https:\/\/secure.gravatar.com\/avatar\/f6d25765469a37388aa705f1e537f1fe91e7c606c074552c00142b32890766d8?s=96&d=mm&r=g","caption":"Admin@MetaNews"},"sameAs":["https:\/\/metarh.com.br\/metarhnews"],"url":"https:\/\/metarh.com.br\/metarhnews\/author\/adminmetanews\/"}]}},"_links":{"self":[{"href":"https:\/\/metarh.com.br\/metarhnews\/wp-json\/wp\/v2\/posts\/1624","targetHints":{"allow":["GET"]}}],"collection":[{"href":"https:\/\/metarh.com.br\/metarhnews\/wp-json\/wp\/v2\/posts"}],"about":[{"href":"https:\/\/metarh.com.br\/metarhnews\/wp-json\/wp\/v2\/types\/post"}],"author":[{"embeddable":true,"href":"https:\/\/metarh.com.br\/metarhnews\/wp-json\/wp\/v2\/users\/1"}],"replies":[{"embeddable":true,"href":"https:\/\/metarh.com.br\/metarhnews\/wp-json\/wp\/v2\/comments?post=1624"}],"version-history":[{"count":3,"href":"https:\/\/metarh.com.br\/metarhnews\/wp-json\/wp\/v2\/posts\/1624\/revisions"}],"predecessor-version":[{"id":17080,"href":"https:\/\/metarh.com.br\/metarhnews\/wp-json\/wp\/v2\/posts\/1624\/revisions\/17080"}],"wp:featuredmedia":[{"embeddable":true,"href":"https:\/\/metarh.com.br\/metarhnews\/wp-json\/"}],"wp:attachment":[{"href":"https:\/\/metarh.com.br\/metarhnews\/wp-json\/wp\/v2\/media?parent=1624"}],"wp:term":[{"taxonomy":"category","embeddable":true,"href":"https:\/\/metarh.com.br\/metarhnews\/wp-json\/wp\/v2\/categories?post=1624"},{"taxonomy":"post_tag","embeddable":true,"href":"https:\/\/metarh.com.br\/metarhnews\/wp-json\/wp\/v2\/tags?post=1624"}],"curies":[{"name":"wp","href":"https:\/\/api.w.org\/{rel}","templated":true}]}}