{"id":16259,"date":"2024-08-07T18:21:20","date_gmt":"2024-08-07T21:21:20","guid":{"rendered":"https:\/\/metarh.com.br\/metarhnews\/?p=16259"},"modified":"2026-01-21T15:43:27","modified_gmt":"2026-01-21T18:43:27","slug":"paternidade","status":"publish","type":"post","link":"https:\/\/metarh.com.br\/metarhnews\/paternidade\/","title":{"rendered":"Paternidade ativa: como as empresas podem apoiar?"},"content":{"rendered":"\n<p>Voc\u00ea sabia que, das 2,5 milh\u00f5es de crian\u00e7as nascidas no Brasil em 2023, <a href=\"https:\/\/www.conjur.com.br\/2024-jan-02\/brasil-registrou-mais-de-1722-mil-criancas-sem-nome-do-pai-em-2023\/\" target=\"_blank\" rel=\"noreferrer noopener\">mais de 170 mil foram registradas apenas em nome da m\u00e3e<\/a>? Esses dados, obtidos pelo Portal da Transpar\u00eancia do Registro Civil, refor\u00e7am a import\u00e2ncia de falarmos sobre <strong>paternidade<\/strong> ativa.<\/p>\n\n\n\n<p>O n\u00e3o reconhecimento da paternidade \u00e9 um exemplo claro de como o cuidado com os pequenos ainda recai sobre as mulheres. Mas ele n\u00e3o \u00e9 o \u00fanico. Mesmo nos contextos em que o pai est\u00e1 presente, muitas vezes seu papel se restringe ao sustento financeiro.<\/p>\n\n\n\n<p>Com o dia 11 de agosto se aproximando, queremos propor uma reflex\u00e3o sobre a necessidade de ampliar o envolvimento dos pais na cria\u00e7\u00e3o dos filhos&nbsp;e, sobretudo, como as organiza\u00e7\u00f5es podem desempenhar um papel ativo nesta transforma\u00e7\u00e3o! Vamos juntos?<\/p>\n\n\n\n<h2 class=\"wp-block-heading\"><strong>O que \u00e9 a paternidade ativa?<\/strong><\/h2>\n\n\n\n<p>Segundo defini\u00e7\u00e3o do <a href=\"https:\/\/bvsms.saude.gov.br\/bvs\/publicacoes\/cartilha_pais_exercer_paternidade_ativa.pdf\" target=\"_blank\" rel=\"noreferrer noopener\">Minist\u00e9rio da Sa\u00fade<\/a>, a paternidade ativa engloba o cuidado f\u00edsico e emocional que os pais d\u00e3o aos seus filhos.<\/p>\n\n\n\n<p>Em outras palavras, esse movimento prop\u00f5e <strong>o envolvimento pleno e equilibrado do pai no cuidado e educa\u00e7\u00e3o das crian\u00e7as<\/strong>, compartilhando todas as responsabilidades desta cria\u00e7\u00e3o com a m\u00e3e e sendo uma figura de apoio constante.<\/p>\n\n\n\n<p>Na pr\u00e1tica, esse envolvimento possibilita uma melhor qualidade de vida e a cria\u00e7\u00e3o de v\u00ednculos afetivos mais fortes e saud\u00e1veis para todos os membros da fam\u00edlia.<\/p>\n\n\n\n<h2 class=\"wp-block-heading\"><strong>Contexto da paternidade no Brasil e no mundo<\/strong><\/h2>\n\n\n\n<p>O conceito de paternidade ativa \u00e9 relativamente novo e surgiu como uma resposta a um problema antigo: a limita\u00e7\u00e3o (ou at\u00e9 mesmo a completa aus\u00eancia) da participa\u00e7\u00e3o masculina na cria\u00e7\u00e3o dos filhos.<\/p>\n\n\n\n<p>Culturalmente, a figura paterna \u00e9 fortemente associada ao papel de provedor. Tanto que, segundo dados do <a href=\"https:\/\/agenciadenoticias.ibge.gov.br\/agencia-sala-de-imprensa\/2013-agencia-de-noticias\/releases\/27877-em-media-mulheres-dedicam-10-4-horas-por-semana-a-mais-que-os-homens-aos-afazeres-domesticos-ou-ao-cuidado-de-pessoas\" target=\"_blank\" rel=\"noreferrer noopener\">IBGE<\/a>, estima-se que as mulheres dedicam 10,4 horas por semana a mais que os homens aos afazeres dom\u00e9sticos e ao cuidado de pessoas (em sua maioria, crian\u00e7as).<\/p>\n\n\n\n<p>Esse entendimento enraizado de que o cuidado com os filhos \u00e9 uma responsabilidade prioritariamente das mulheres leva a outro problema significativo, que j\u00e1 mencionamos antes: milhares de crian\u00e7as no Brasil possuem certid\u00f5es de nascimento com pai ausente.<\/p>\n\n\n\n<p>Em paralelo, ele tamb\u00e9m <strong>compromete o avan\u00e7o da equidade de g\u00eanero<\/strong>. Afinal, a sobrecarga que muitas mulheres enfrentam atualmente limita suas oportunidades de desenvolvimento profissional, inclusive afastando-as dos cargos de <a href=\"https:\/\/metarh.com.br\/metarhnews\/lideranca-feminina\/\" target=\"_blank\" rel=\"noreferrer noopener\">lideran\u00e7a.&nbsp;<\/a><\/p>\n\n\n\n<p>O movimento da paternidade ativa surge neste contexto, como uma forma de minimizar esse ciclo de desigualdade que afeta a sociedade como um todo. Sem contar que pais presentes tamb\u00e9m beneficiam fortemente a vida de seus filhos.&nbsp;<\/p>\n\n\n\n<p>A mudan\u00e7a cultural \u00e9 gradual, mas essencial para a <strong>constru\u00e7\u00e3o de uma sociedade mais justa, igualit\u00e1ria e amorosa.<\/strong><\/p>\n\n\n\n<figure class=\"wp-block-image size-large\"><a href=\"https:\/\/conteudo.metarh.com.br\/deip\"><img fetchpriority=\"high\" decoding=\"async\" width=\"1024\" height=\"377\" src=\"https:\/\/metarh.com.br\/metarhnews\/wp-content\/uploads\/2024\/06\/Cartilha-DEIP-1024x377.jpg\" alt=\"\" class=\"wp-image-16225\" srcset=\"https:\/\/metarh.com.br\/metarhnews\/wp-content\/uploads\/2024\/06\/Cartilha-DEIP-1024x377.jpg 1024w, https:\/\/metarh.com.br\/metarhnews\/wp-content\/uploads\/2024\/06\/Cartilha-DEIP-300x110.jpg 300w, https:\/\/metarh.com.br\/metarhnews\/wp-content\/uploads\/2024\/06\/Cartilha-DEIP-768x283.jpg 768w, https:\/\/metarh.com.br\/metarhnews\/wp-content\/uploads\/2024\/06\/Cartilha-DEIP-1536x565.jpg 1536w, https:\/\/metarh.com.br\/metarhnews\/wp-content\/uploads\/2024\/06\/Cartilha-DEIP.jpg 1900w\" sizes=\"(max-width: 1024px) 100vw, 1024px\" \/><\/a><\/figure>\n\n\n\n<h2 class=\"wp-block-heading\"><strong>Por que sua empresa deve apoiar a paternidade ativa?<\/strong><\/h2>\n\n\n\n<p>Como vimos, a paternidade ativa pode trazer muitos ganhos para a din\u00e2mica familiar. Por\u00e9m, apoiar esse movimento tamb\u00e9m pode transformar o dia a dia das empresas.<\/p>\n\n\n\n<p>De modo geral, organiza\u00e7\u00f5es que estimulam a participa\u00e7\u00e3o dos pais na cria\u00e7\u00e3o dos seus filhos tendem a:<\/p>\n\n\n\n<ul class=\"wp-block-list\">\n<li>Avan\u00e7ar nas pautas de <a href=\"https:\/\/metarh.com.br\/de&amp;i\/\" target=\"_blank\" rel=\"noreferrer noopener\">diversidade, equidade e inclus\u00e3o<\/a>;<\/li>\n\n\n\n<li>Aumentar a satisfa\u00e7\u00e3o, atra\u00e7\u00e3o e reten\u00e7\u00e3o de talentos;<\/li>\n\n\n\n<li>Melhorar o foco e o desempenho das equipes no trabalho;<\/li>\n\n\n\n<li>Ser um exemplo positivo na comunidade;<\/li>\n<\/ul>\n\n\n\n<p>Construir uma <a href=\"https:\/\/metarh.com.br\/metarhnews\/reputacao-corporativa-farmaceutica\/\" target=\"_blank\" rel=\"noreferrer noopener\">reputa\u00e7\u00e3o corporativa<\/a> mais s\u00f3lida.<\/p>\n\n\n\n<h2 class=\"wp-block-heading\"><strong>Como fazer parte desta constru\u00e7\u00e3o?<\/strong><\/h2>\n\n\n\n<p>Agora que voc\u00ea j\u00e1 sabe o que \u00e9 a paternidade ativa e por que ela importa, chegou a hora de entender o que as organiza\u00e7\u00f5es podem fazer para de fato apoi\u00e1-la.<\/p>\n\n\n\n<p>Confira, a seguir, algumas sugest\u00f5es:<\/p>\n\n\n\n<ol class=\"wp-block-list\">\n<li><strong>Licen\u00e7a-paternidade estendida<\/strong><\/li>\n<\/ol>\n\n\n\n<p>Atualmente, a legisla\u00e7\u00e3o trabalhista brasileira prev\u00ea uma licen\u00e7a de cinco dias aos homens que acabaram de ter filhos. No entanto, para empresas cadastradas no programa Empresa Cidad\u00e3, esse prazo pode ser estendido para 20 dias.<\/p>\n\n\n\n<p>A fim de permitir que os pais passem mais tempo com seus filhos nos primeiros meses de vida, promovendo um v\u00ednculo mais forte e uma participa\u00e7\u00e3o mais significativa na cria\u00e7\u00e3o, muitas empresas t\u00eam oferecido a licen\u00e7a-paternidade estendida como um benef\u00edcio.<\/p>\n\n\n\n<p>Desde 2021, por exemplo, o Grupo Botic\u00e1rio conta com a <a href=\"https:\/\/www.grupoboticario.com.br\/licenca-parental-universal\/\" target=\"_blank\" rel=\"noreferrer noopener\">Licen\u00e7a Parental Universal<\/a>, que confere 120 dias de licen\u00e7a 100% remunerada para os homens, casais homoafetivos e pais de filhos n\u00e3o consangu\u00edneos, e licen\u00e7a de 180 dias para pessoas que gestam.&nbsp;<\/p>\n\n\n\n<ol class=\"wp-block-list\" start=\"2\">\n<li><strong>Flexibilidade de hor\u00e1rio e formato de trabalho<\/strong><\/li>\n<\/ol>\n\n\n\n<p>Permitir que os pais ajustem suas jornadas de trabalho e escolham como e onde realizam suas atividades profissionais, desde que atendam \u00e0s suas responsabilidades e metas, \u00e9 outra maneira de apoiar a paternidade ativa.<\/p>\n\n\n\n<p>Na pr\u00e1tica, essa \u00e9 uma iniciativa que ajuda as pessoas colaboradoras a equilibrarem suas responsabilidades familiares, como cuidados com os filhos, com suas obriga\u00e7\u00f5es profissionais.<\/p>\n\n\n\n<ol class=\"wp-block-list\" start=\"3\">\n<li><strong>Apoio psicol\u00f3gico&nbsp;<\/strong><\/li>\n<\/ol>\n\n\n\n<p>Conciliar a carreira com o cuidado dos filhos n\u00e3o \u00e9 uma tarefa f\u00e1cil, mesmo quando as responsabilidades s\u00e3o compartilhadas de maneira igualit\u00e1ria.&nbsp;<\/p>\n\n\n\n<p>Soma-se a isso o fato de que muitos homens cresceram em uma cultura que desencoraja a demonstra\u00e7\u00e3o de afeto e vulnerabilidade.<\/p>\n\n\n\n<p>Para apoi\u00e1-los na supera\u00e7\u00e3o desses desafios, \u00e9 v\u00e1lido que as empresas ofere\u00e7am apoio psicol\u00f3gico e emocional no ambiente de trabalho.&nbsp;<\/p>\n\n\n\n<p>Isso pode incluir desde o acesso a servi\u00e7os de aconselhamento e terapia at\u00e9 a promo\u00e7\u00e3o de palestras sobre temas como gerenciamento do estresse.<\/p>\n\n\n\n<ol class=\"wp-block-list\" start=\"4\">\n<li><strong>Campanhas de conscientiza\u00e7\u00e3o<\/strong><\/li>\n<\/ol>\n\n\n\n<p>Como mostramos antes, o amplo envolvimento dos pais na cria\u00e7\u00e3o dos seus filhos \u00e9 um movimento relativamente novo. Portanto, muitos homens n\u00e3o fazem ideia de como come\u00e7ar a implement\u00e1-lo em suas vidas.<\/p>\n\n\n\n<p>As campanhas de conscientiza\u00e7\u00e3o s\u00e3o essenciais nesse contexto, j\u00e1 que cumprem com o objetivo de educar e orientar os colaboradores sobre a import\u00e2ncia e as pr\u00e1ticas da paternidade ativa.&nbsp;<\/p>\n\n\n\n<p>Elas podem incluir desde a distribui\u00e7\u00e3o de materiais educativos at\u00e9 a organiza\u00e7\u00e3o de palestras e rodas de conversa sobre o assunto.&nbsp;<\/p>\n\n\n\n<p>Compartilhar hist\u00f3rias inspiradoras de pais que j\u00e1 praticam a paternidade ativa tamb\u00e9m \u00e9 uma excelente forma de motivar os demais a seguirem o mesmo caminho.<\/p>\n\n\n\n<ol class=\"wp-block-list\" start=\"5\">\n<li><strong>Celebra\u00e7\u00e3o da paternidade<\/strong><\/li>\n<\/ol>\n\n\n\n<p>Por \u00faltimo, mas n\u00e3o menos importante, as organiza\u00e7\u00f5es tamb\u00e9m podem criar um ambiente de trabalho onde a paternidade seja reconhecida e celebrada. O Dia dos Pais, que acontece no dia 11 de agosto, oferece uma \u00f3tima oportunidade para colocar isso em pr\u00e1tica.&nbsp;<\/p>\n\n\n\n<p>Felizmente, h\u00e1 muitas maneiras de comemorar essa data. Entre elas, destacam-se:<\/p>\n\n\n\n<ul class=\"wp-block-list\">\n<li>Organizar um caf\u00e9 da manh\u00e3 ou almo\u00e7o especial para os pais do time;<\/li>\n\n\n\n<li>Planejar atividades interativas, como jogos e desafios, que os pais possam participar junto com seus filhos;<\/li>\n\n\n\n<li>Permitir que os filhos visitem o local de trabalho para participar das comemora\u00e7\u00f5es e ver onde seus pais trabalham;<\/li>\n\n\n\n<li>Presentear os funcion\u00e1rios que s\u00e3o pais com vouchers para atividades familiares ou objetivos personalizados;<\/li>\n\n\n\n<li>Enviar mensagens personalizadas para todos os pais da empresa, parabenizando-os pela data;<\/li>\n\n\n\n<li>Usar as redes sociais corporativas para postar mensagens p\u00fablicas de agradecimento e reconhecimento;<\/li>\n\n\n\n<li>Promover rodas de conversa ou grupos de discuss\u00e3o para incentivar o di\u00e1logo e a troca de conselhos sobre paternidade.<\/li>\n<\/ul>\n\n\n\n<figure class=\"wp-block-image size-large\"><img decoding=\"async\" width=\"1024\" height=\"470\" src=\"https:\/\/metarh.com.br\/metarhnews\/wp-content\/uploads\/2024\/04\/Header-METARH-Site-v2-1024x470.jpg\" alt=\"\" class=\"wp-image-16175\" srcset=\"https:\/\/metarh.com.br\/metarhnews\/wp-content\/uploads\/2024\/04\/Header-METARH-Site-v2-1024x470.jpg 1024w, https:\/\/metarh.com.br\/metarhnews\/wp-content\/uploads\/2024\/04\/Header-METARH-Site-v2-300x138.jpg 300w, https:\/\/metarh.com.br\/metarhnews\/wp-content\/uploads\/2024\/04\/Header-METARH-Site-v2-768x353.jpg 768w, https:\/\/metarh.com.br\/metarhnews\/wp-content\/uploads\/2024\/04\/Header-METARH-Site-v2-1536x706.jpg 1536w, https:\/\/metarh.com.br\/metarhnews\/wp-content\/uploads\/2024\/04\/Header-METARH-Site-v2.jpg 1600w\" sizes=\"(max-width: 1024px) 100vw, 1024px\" \/><\/figure>\n\n\n\n<p>Embora o Dia dos Pais seja uma data prop\u00edcia para abordar a paternidade ativa, \u00e9 importante lembrar que essa \u00e9 uma pauta que precisa ser incentivada o ano inteiro. Afinal, somente a const\u00e2ncia trar\u00e1 mudan\u00e7as significativas.<\/p>\n\n\n\n<p><em>Sua empresa est\u00e1 comprometida em promover a diversidade e inclus\u00e3o de forma genu\u00edna? Ent\u00e3o, conte com a METARH nesta jornada.\u00a0Estamos aqui para ajud\u00e1-lo a iniciar ou mesmo dar continuidade ao seu plano de DEIP.<\/em><\/p>\n\n\n\n<div class=\"wp-block-buttons is-content-justification-center is-layout-flex wp-container-core-buttons-is-layout-16018d1d wp-block-buttons-is-layout-flex\">\n<div class=\"wp-block-button\"><a class=\"wp-block-button__link wp-element-button\" href=\"https:\/\/metarh.com.br\/contato-materiais-ricos\/\" style=\"border-radius:100px\">QUERO FALAR COM ESPECIALISTAS<\/a><\/div>\n<\/div>\n<div style=\"margin-top: 0px; margin-bottom: 0px;\" class=\"sharethis-inline-share-buttons\" ><\/div>","protected":false},"excerpt":{"rendered":"<p>Voc\u00ea sabia que, das 2,5 milh\u00f5es de crian\u00e7as nascidas no Brasil em 2023, mais de 170 mil foram registradas apenas em nome da m\u00e3e? Esses dados, obtidos pelo Portal da Transpar\u00eancia do Registro Civil, refor\u00e7am a import\u00e2ncia de falarmos sobre paternidade ativa. O n\u00e3o reconhecimento da paternidade \u00e9 um exemplo claro de como o cuidado&#8230;<\/p>\n","protected":false},"author":4,"featured_media":16290,"comment_status":"open","ping_status":"open","sticky":false,"template":"","format":"standard","meta":{"_kadence_starter_templates_imported_post":false,"_kad_post_transparent":"","_kad_post_title":"","_kad_post_layout":"","_kad_post_sidebar_id":"","_kad_post_content_style":"","_kad_post_vertical_padding":"","_kad_post_feature":"","_kad_post_feature_position":"","_kad_post_header":false,"_kad_post_footer":false,"_kad_post_classname":"","footnotes":""},"categories":[162,164,2],"tags":[],"class_list":["post-16259","post","type-post","status-publish","format-standard","has-post-thumbnail","hentry","category-trilhando-mais","category-aprendizado-em-rh","category-materias"],"yoast_head":"<!-- This site is optimized with the Yoast SEO Premium plugin v26.6 (Yoast SEO v27.5) - https:\/\/yoast.com\/product\/yoast-seo-premium-wordpress\/ -->\n<title>Paternidade ativa: como as empresas podem apoiar?<\/title>\n<meta name=\"description\" content=\"A paternidade ativa pode trazer muitos ganhos para a din\u00e2mica familiar, mas tamb\u00e9m pode transformar o dia a dia das empresas.\" \/>\n<meta name=\"robots\" content=\"index, follow, max-snippet:-1, max-image-preview:large, max-video-preview:-1\" \/>\n<link rel=\"canonical\" href=\"https:\/\/metarh.com.br\/metarhnews\/paternidade\/\" \/>\n<meta property=\"og:locale\" content=\"pt_BR\" \/>\n<meta property=\"og:type\" content=\"article\" \/>\n<meta property=\"og:title\" content=\"Paternidade ativa: como as empresas podem apoiar?\" \/>\n<meta property=\"og:description\" content=\"A paternidade ativa pode trazer muitos ganhos para a din\u00e2mica familiar, mas tamb\u00e9m pode transformar o dia a dia das empresas.\" \/>\n<meta property=\"og:url\" content=\"https:\/\/metarh.com.br\/metarhnews\/paternidade\/\" \/>\n<meta property=\"og:site_name\" content=\"METARH +News\" \/>\n<meta property=\"article:publisher\" content=\"https:\/\/www.facebook.com\/metarhumana\" \/>\n<meta property=\"article:author\" content=\"https:\/\/www.facebook.com\/metarhconsultoria\" \/>\n<meta property=\"article:published_time\" content=\"2024-08-07T21:21:20+00:00\" \/>\n<meta property=\"article:modified_time\" content=\"2026-01-21T18:43:27+00:00\" \/>\n<meta property=\"og:image\" content=\"https:\/\/metarh.com.br\/metarhnews\/wp-content\/uploads\/2024\/08\/Paternidade-Ativa-1024x676-1.jpg\" \/>\n\t<meta property=\"og:image:width\" content=\"1024\" \/>\n\t<meta property=\"og:image:height\" content=\"676\" \/>\n\t<meta property=\"og:image:type\" content=\"image\/jpeg\" \/>\n<meta name=\"author\" content=\"METARH\" \/>\n<meta name=\"twitter:card\" content=\"summary_large_image\" \/>\n<meta name=\"twitter:creator\" content=\"@metarhumana\" \/>\n<meta name=\"twitter:site\" content=\"@metarhumana\" \/>\n<meta name=\"twitter:label1\" content=\"Escrito por\" \/>\n\t<meta name=\"twitter:data1\" content=\"METARH\" \/>\n\t<meta name=\"twitter:label2\" content=\"Est. tempo de leitura\" \/>\n\t<meta name=\"twitter:data2\" content=\"8 minutos\" \/>\n<script type=\"application\/ld+json\" class=\"yoast-schema-graph\">{\"@context\":\"https:\\\/\\\/schema.org\",\"@graph\":[{\"@type\":\"Article\",\"@id\":\"https:\\\/\\\/metarh.com.br\\\/metarhnews\\\/paternidade\\\/#article\",\"isPartOf\":{\"@id\":\"https:\\\/\\\/metarh.com.br\\\/metarhnews\\\/paternidade\\\/\"},\"author\":{\"name\":\"METARH\",\"@id\":\"https:\\\/\\\/metarh.com.br\\\/metarhnews\\\/#\\\/schema\\\/person\\\/930900bc40677695dc9df602ec0366d0\"},\"headline\":\"Paternidade ativa: como as empresas podem apoiar?\",\"datePublished\":\"2024-08-07T21:21:20+00:00\",\"dateModified\":\"2026-01-21T18:43:27+00:00\",\"mainEntityOfPage\":{\"@id\":\"https:\\\/\\\/metarh.com.br\\\/metarhnews\\\/paternidade\\\/\"},\"wordCount\":1284,\"commentCount\":0,\"publisher\":{\"@id\":\"https:\\\/\\\/metarh.com.br\\\/metarhnews\\\/#organization\"},\"image\":{\"@id\":\"https:\\\/\\\/metarh.com.br\\\/metarhnews\\\/paternidade\\\/#primaryimage\"},\"thumbnailUrl\":\"https:\\\/\\\/metarh.com.br\\\/metarhnews\\\/wp-content\\\/uploads\\\/2024\\\/08\\\/Paternidade-Ativa-1024x676-1.jpg\",\"articleSection\":[\"6 \u2022 Trilhando +\",\"Aprendizado\",\"Mat\u00e9rias\"],\"inLanguage\":\"pt-BR\",\"potentialAction\":[{\"@type\":\"CommentAction\",\"name\":\"Comment\",\"target\":[\"https:\\\/\\\/metarh.com.br\\\/metarhnews\\\/paternidade\\\/#respond\"]}],\"copyrightYear\":\"2024\",\"copyrightHolder\":{\"@id\":\"https:\\\/\\\/metarh.com.br\\\/metarhnews\\\/#organization\"}},{\"@type\":\"WebPage\",\"@id\":\"https:\\\/\\\/metarh.com.br\\\/metarhnews\\\/paternidade\\\/\",\"url\":\"https:\\\/\\\/metarh.com.br\\\/metarhnews\\\/paternidade\\\/\",\"name\":\"Paternidade ativa: como as empresas podem apoiar?\",\"isPartOf\":{\"@id\":\"https:\\\/\\\/metarh.com.br\\\/metarhnews\\\/#website\"},\"primaryImageOfPage\":{\"@id\":\"https:\\\/\\\/metarh.com.br\\\/metarhnews\\\/paternidade\\\/#primaryimage\"},\"image\":{\"@id\":\"https:\\\/\\\/metarh.com.br\\\/metarhnews\\\/paternidade\\\/#primaryimage\"},\"thumbnailUrl\":\"https:\\\/\\\/metarh.com.br\\\/metarhnews\\\/wp-content\\\/uploads\\\/2024\\\/08\\\/Paternidade-Ativa-1024x676-1.jpg\",\"datePublished\":\"2024-08-07T21:21:20+00:00\",\"dateModified\":\"2026-01-21T18:43:27+00:00\",\"description\":\"A paternidade ativa pode trazer muitos ganhos para a din\u00e2mica familiar, mas tamb\u00e9m pode transformar o dia a dia das empresas.\",\"breadcrumb\":{\"@id\":\"https:\\\/\\\/metarh.com.br\\\/metarhnews\\\/paternidade\\\/#breadcrumb\"},\"inLanguage\":\"pt-BR\",\"potentialAction\":[{\"@type\":\"ReadAction\",\"target\":[\"https:\\\/\\\/metarh.com.br\\\/metarhnews\\\/paternidade\\\/\"]}]},{\"@type\":\"ImageObject\",\"inLanguage\":\"pt-BR\",\"@id\":\"https:\\\/\\\/metarh.com.br\\\/metarhnews\\\/paternidade\\\/#primaryimage\",\"url\":\"https:\\\/\\\/metarh.com.br\\\/metarhnews\\\/wp-content\\\/uploads\\\/2024\\\/08\\\/Paternidade-Ativa-1024x676-1.jpg\",\"contentUrl\":\"https:\\\/\\\/metarh.com.br\\\/metarhnews\\\/wp-content\\\/uploads\\\/2024\\\/08\\\/Paternidade-Ativa-1024x676-1.jpg\",\"width\":1024,\"height\":676},{\"@type\":\"BreadcrumbList\",\"@id\":\"https:\\\/\\\/metarh.com.br\\\/metarhnews\\\/paternidade\\\/#breadcrumb\",\"itemListElement\":[{\"@type\":\"ListItem\",\"position\":1,\"name\":\"In\u00edcio\",\"item\":\"https:\\\/\\\/metarh.com.br\\\/metarhnews\\\/\"},{\"@type\":\"ListItem\",\"position\":2,\"name\":\"Paternidade ativa: como as empresas podem apoiar?\"}]},{\"@type\":\"WebSite\",\"@id\":\"https:\\\/\\\/metarh.com.br\\\/metarhnews\\\/#website\",\"url\":\"https:\\\/\\\/metarh.com.br\\\/metarhnews\\\/\",\"name\":\"METARH +News\",\"description\":\"Conte\u00fado focado em Gest\u00e3o de Pessoas\",\"publisher\":{\"@id\":\"https:\\\/\\\/metarh.com.br\\\/metarhnews\\\/#organization\"},\"potentialAction\":[{\"@type\":\"SearchAction\",\"target\":{\"@type\":\"EntryPoint\",\"urlTemplate\":\"https:\\\/\\\/metarh.com.br\\\/metarhnews\\\/?s={search_term_string}\"},\"query-input\":{\"@type\":\"PropertyValueSpecification\",\"valueRequired\":true,\"valueName\":\"search_term_string\"}}],\"inLanguage\":\"pt-BR\"},{\"@type\":\"Organization\",\"@id\":\"https:\\\/\\\/metarh.com.br\\\/metarhnews\\\/#organization\",\"name\":\"METARH +Humana\",\"url\":\"https:\\\/\\\/metarh.com.br\\\/metarhnews\\\/\",\"logo\":{\"@type\":\"ImageObject\",\"inLanguage\":\"pt-BR\",\"@id\":\"https:\\\/\\\/metarh.com.br\\\/metarhnews\\\/#\\\/schema\\\/logo\\\/image\\\/\",\"url\":\"https:\\\/\\\/metarh.com.br\\\/metarhnews\\\/wp-content\\\/uploads\\\/2025\\\/02\\\/METARH-Azul-Horizontal.png\",\"contentUrl\":\"https:\\\/\\\/metarh.com.br\\\/metarhnews\\\/wp-content\\\/uploads\\\/2025\\\/02\\\/METARH-Azul-Horizontal.png\",\"width\":1002,\"height\":303,\"caption\":\"METARH +Humana\"},\"image\":{\"@id\":\"https:\\\/\\\/metarh.com.br\\\/metarhnews\\\/#\\\/schema\\\/logo\\\/image\\\/\"},\"sameAs\":[\"https:\\\/\\\/www.facebook.com\\\/metarhumana\",\"https:\\\/\\\/x.com\\\/metarhumana\",\"https:\\\/\\\/www.instagram.com\\\/metarhumana\\\/\",\"https:\\\/\\\/www.youtube.com\\\/@metarhumana\"]},{\"@type\":\"Person\",\"@id\":\"https:\\\/\\\/metarh.com.br\\\/metarhnews\\\/#\\\/schema\\\/person\\\/930900bc40677695dc9df602ec0366d0\",\"name\":\"METARH\",\"image\":{\"@type\":\"ImageObject\",\"inLanguage\":\"pt-BR\",\"@id\":\"https:\\\/\\\/secure.gravatar.com\\\/avatar\\\/e03963382c9576f1c9989940c2d59ebc780df154afc76a079627bbbdb3dcefa1?s=96&d=mm&r=g\",\"url\":\"https:\\\/\\\/secure.gravatar.com\\\/avatar\\\/e03963382c9576f1c9989940c2d59ebc780df154afc76a079627bbbdb3dcefa1?s=96&d=mm&r=g\",\"contentUrl\":\"https:\\\/\\\/secure.gravatar.com\\\/avatar\\\/e03963382c9576f1c9989940c2d59ebc780df154afc76a079627bbbdb3dcefa1?s=96&d=mm&r=g\",\"caption\":\"METARH\"},\"description\":\"Somos uma consultoria de recursos humanos com mais de 40 anos de mercado, ajudando empresas como a sua a encontrarem o talento certo. Nossos processos s\u00e3o focados no sucesso dos clientes sem deixar de lado a experi\u00eancia positiva das pessoas candidatas.\",\"sameAs\":[\"http:\\\/\\\/www.metarh.com.br\",\"https:\\\/\\\/www.facebook.com\\\/metarhconsultoria\",\"https:\\\/\\\/www.instagram.com\\\/metarhconsultoria\\\/\",\"https:\\\/\\\/www.linkedin.com\\\/company\\\/metarhconsultoria\",\"http:\\\/\\\/youtube.com\\\/@metarhconsultoria\"],\"url\":\"https:\\\/\\\/metarh.com.br\\\/metarhnews\\\/author\\\/editorial-metarh\\\/\"}]}<\/script>\n<!-- \/ Yoast SEO Premium plugin. -->","yoast_head_json":{"title":"Paternidade ativa: como as empresas podem apoiar?","description":"A paternidade ativa pode trazer muitos ganhos para a din\u00e2mica familiar, mas tamb\u00e9m pode transformar o dia a dia das empresas.","robots":{"index":"index","follow":"follow","max-snippet":"max-snippet:-1","max-image-preview":"max-image-preview:large","max-video-preview":"max-video-preview:-1"},"canonical":"https:\/\/metarh.com.br\/metarhnews\/paternidade\/","og_locale":"pt_BR","og_type":"article","og_title":"Paternidade ativa: como as empresas podem apoiar?","og_description":"A paternidade ativa pode trazer muitos ganhos para a din\u00e2mica familiar, mas tamb\u00e9m pode transformar o dia a dia das empresas.","og_url":"https:\/\/metarh.com.br\/metarhnews\/paternidade\/","og_site_name":"METARH +News","article_publisher":"https:\/\/www.facebook.com\/metarhumana","article_author":"https:\/\/www.facebook.com\/metarhconsultoria","article_published_time":"2024-08-07T21:21:20+00:00","article_modified_time":"2026-01-21T18:43:27+00:00","og_image":[{"width":1024,"height":676,"url":"https:\/\/metarh.com.br\/metarhnews\/wp-content\/uploads\/2024\/08\/Paternidade-Ativa-1024x676-1.jpg","type":"image\/jpeg"}],"author":"METARH","twitter_card":"summary_large_image","twitter_creator":"@metarhumana","twitter_site":"@metarhumana","twitter_misc":{"Escrito por":"METARH","Est. tempo de leitura":"8 minutos"},"schema":{"@context":"https:\/\/schema.org","@graph":[{"@type":"Article","@id":"https:\/\/metarh.com.br\/metarhnews\/paternidade\/#article","isPartOf":{"@id":"https:\/\/metarh.com.br\/metarhnews\/paternidade\/"},"author":{"name":"METARH","@id":"https:\/\/metarh.com.br\/metarhnews\/#\/schema\/person\/930900bc40677695dc9df602ec0366d0"},"headline":"Paternidade ativa: como as empresas podem apoiar?","datePublished":"2024-08-07T21:21:20+00:00","dateModified":"2026-01-21T18:43:27+00:00","mainEntityOfPage":{"@id":"https:\/\/metarh.com.br\/metarhnews\/paternidade\/"},"wordCount":1284,"commentCount":0,"publisher":{"@id":"https:\/\/metarh.com.br\/metarhnews\/#organization"},"image":{"@id":"https:\/\/metarh.com.br\/metarhnews\/paternidade\/#primaryimage"},"thumbnailUrl":"https:\/\/metarh.com.br\/metarhnews\/wp-content\/uploads\/2024\/08\/Paternidade-Ativa-1024x676-1.jpg","articleSection":["6 \u2022 Trilhando +","Aprendizado","Mat\u00e9rias"],"inLanguage":"pt-BR","potentialAction":[{"@type":"CommentAction","name":"Comment","target":["https:\/\/metarh.com.br\/metarhnews\/paternidade\/#respond"]}],"copyrightYear":"2024","copyrightHolder":{"@id":"https:\/\/metarh.com.br\/metarhnews\/#organization"}},{"@type":"WebPage","@id":"https:\/\/metarh.com.br\/metarhnews\/paternidade\/","url":"https:\/\/metarh.com.br\/metarhnews\/paternidade\/","name":"Paternidade ativa: como as empresas podem apoiar?","isPartOf":{"@id":"https:\/\/metarh.com.br\/metarhnews\/#website"},"primaryImageOfPage":{"@id":"https:\/\/metarh.com.br\/metarhnews\/paternidade\/#primaryimage"},"image":{"@id":"https:\/\/metarh.com.br\/metarhnews\/paternidade\/#primaryimage"},"thumbnailUrl":"https:\/\/metarh.com.br\/metarhnews\/wp-content\/uploads\/2024\/08\/Paternidade-Ativa-1024x676-1.jpg","datePublished":"2024-08-07T21:21:20+00:00","dateModified":"2026-01-21T18:43:27+00:00","description":"A paternidade ativa pode trazer muitos ganhos para a din\u00e2mica familiar, mas tamb\u00e9m pode transformar o dia a dia das empresas.","breadcrumb":{"@id":"https:\/\/metarh.com.br\/metarhnews\/paternidade\/#breadcrumb"},"inLanguage":"pt-BR","potentialAction":[{"@type":"ReadAction","target":["https:\/\/metarh.com.br\/metarhnews\/paternidade\/"]}]},{"@type":"ImageObject","inLanguage":"pt-BR","@id":"https:\/\/metarh.com.br\/metarhnews\/paternidade\/#primaryimage","url":"https:\/\/metarh.com.br\/metarhnews\/wp-content\/uploads\/2024\/08\/Paternidade-Ativa-1024x676-1.jpg","contentUrl":"https:\/\/metarh.com.br\/metarhnews\/wp-content\/uploads\/2024\/08\/Paternidade-Ativa-1024x676-1.jpg","width":1024,"height":676},{"@type":"BreadcrumbList","@id":"https:\/\/metarh.com.br\/metarhnews\/paternidade\/#breadcrumb","itemListElement":[{"@type":"ListItem","position":1,"name":"In\u00edcio","item":"https:\/\/metarh.com.br\/metarhnews\/"},{"@type":"ListItem","position":2,"name":"Paternidade ativa: como as empresas podem apoiar?"}]},{"@type":"WebSite","@id":"https:\/\/metarh.com.br\/metarhnews\/#website","url":"https:\/\/metarh.com.br\/metarhnews\/","name":"METARH +News","description":"Conte\u00fado focado em Gest\u00e3o de Pessoas","publisher":{"@id":"https:\/\/metarh.com.br\/metarhnews\/#organization"},"potentialAction":[{"@type":"SearchAction","target":{"@type":"EntryPoint","urlTemplate":"https:\/\/metarh.com.br\/metarhnews\/?s={search_term_string}"},"query-input":{"@type":"PropertyValueSpecification","valueRequired":true,"valueName":"search_term_string"}}],"inLanguage":"pt-BR"},{"@type":"Organization","@id":"https:\/\/metarh.com.br\/metarhnews\/#organization","name":"METARH +Humana","url":"https:\/\/metarh.com.br\/metarhnews\/","logo":{"@type":"ImageObject","inLanguage":"pt-BR","@id":"https:\/\/metarh.com.br\/metarhnews\/#\/schema\/logo\/image\/","url":"https:\/\/metarh.com.br\/metarhnews\/wp-content\/uploads\/2025\/02\/METARH-Azul-Horizontal.png","contentUrl":"https:\/\/metarh.com.br\/metarhnews\/wp-content\/uploads\/2025\/02\/METARH-Azul-Horizontal.png","width":1002,"height":303,"caption":"METARH +Humana"},"image":{"@id":"https:\/\/metarh.com.br\/metarhnews\/#\/schema\/logo\/image\/"},"sameAs":["https:\/\/www.facebook.com\/metarhumana","https:\/\/x.com\/metarhumana","https:\/\/www.instagram.com\/metarhumana\/","https:\/\/www.youtube.com\/@metarhumana"]},{"@type":"Person","@id":"https:\/\/metarh.com.br\/metarhnews\/#\/schema\/person\/930900bc40677695dc9df602ec0366d0","name":"METARH","image":{"@type":"ImageObject","inLanguage":"pt-BR","@id":"https:\/\/secure.gravatar.com\/avatar\/e03963382c9576f1c9989940c2d59ebc780df154afc76a079627bbbdb3dcefa1?s=96&d=mm&r=g","url":"https:\/\/secure.gravatar.com\/avatar\/e03963382c9576f1c9989940c2d59ebc780df154afc76a079627bbbdb3dcefa1?s=96&d=mm&r=g","contentUrl":"https:\/\/secure.gravatar.com\/avatar\/e03963382c9576f1c9989940c2d59ebc780df154afc76a079627bbbdb3dcefa1?s=96&d=mm&r=g","caption":"METARH"},"description":"Somos uma consultoria de recursos humanos com mais de 40 anos de mercado, ajudando empresas como a sua a encontrarem o talento certo. Nossos processos s\u00e3o focados no sucesso dos clientes sem deixar de lado a experi\u00eancia positiva das pessoas candidatas.","sameAs":["http:\/\/www.metarh.com.br","https:\/\/www.facebook.com\/metarhconsultoria","https:\/\/www.instagram.com\/metarhconsultoria\/","https:\/\/www.linkedin.com\/company\/metarhconsultoria","http:\/\/youtube.com\/@metarhconsultoria"],"url":"https:\/\/metarh.com.br\/metarhnews\/author\/editorial-metarh\/"}]}},"_links":{"self":[{"href":"https:\/\/metarh.com.br\/metarhnews\/wp-json\/wp\/v2\/posts\/16259","targetHints":{"allow":["GET"]}}],"collection":[{"href":"https:\/\/metarh.com.br\/metarhnews\/wp-json\/wp\/v2\/posts"}],"about":[{"href":"https:\/\/metarh.com.br\/metarhnews\/wp-json\/wp\/v2\/types\/post"}],"author":[{"embeddable":true,"href":"https:\/\/metarh.com.br\/metarhnews\/wp-json\/wp\/v2\/users\/4"}],"replies":[{"embeddable":true,"href":"https:\/\/metarh.com.br\/metarhnews\/wp-json\/wp\/v2\/comments?post=16259"}],"version-history":[{"count":2,"href":"https:\/\/metarh.com.br\/metarhnews\/wp-json\/wp\/v2\/posts\/16259\/revisions"}],"predecessor-version":[{"id":16330,"href":"https:\/\/metarh.com.br\/metarhnews\/wp-json\/wp\/v2\/posts\/16259\/revisions\/16330"}],"wp:featuredmedia":[{"embeddable":true,"href":"https:\/\/metarh.com.br\/metarhnews\/wp-json\/wp\/v2\/media\/16290"}],"wp:attachment":[{"href":"https:\/\/metarh.com.br\/metarhnews\/wp-json\/wp\/v2\/media?parent=16259"}],"wp:term":[{"taxonomy":"category","embeddable":true,"href":"https:\/\/metarh.com.br\/metarhnews\/wp-json\/wp\/v2\/categories?post=16259"},{"taxonomy":"post_tag","embeddable":true,"href":"https:\/\/metarh.com.br\/metarhnews\/wp-json\/wp\/v2\/tags?post=16259"}],"curies":[{"name":"wp","href":"https:\/\/api.w.org\/{rel}","templated":true}]}}