{"id":16353,"date":"2024-10-21T08:41:57","date_gmt":"2024-10-21T11:41:57","guid":{"rendered":"https:\/\/metarh.com.br\/metarhnews\/?p=16353"},"modified":"2026-01-09T17:25:15","modified_gmt":"2026-01-09T20:25:15","slug":"outubro-rosa","status":"publish","type":"post","link":"https:\/\/metarh.com.br\/metarhnews\/outubro-rosa\/","title":{"rendered":"Outubro rosa: alguns direitos durante o tratamento do c\u00e2ncer de mama"},"content":{"rendered":"\n<p>O d\u00e9cimo m\u00eas do ano \u00e9 conhecido mundialmente pelo <strong>Outubro Rosa<\/strong>, campanha internacional de conscientiza\u00e7\u00e3o para o controle do c\u00e2ncer de mama.<\/p>\n\n\n\n<p>Nesta \u00e9poca, organiza\u00e7\u00f5es, entidades e profissionais da \u00e1rea da sa\u00fade se unem com o prop\u00f3sito de alertar a popula\u00e7\u00e3o sobre a import\u00e2ncia da <strong>preven\u00e7\u00e3o<\/strong> e da <strong>detec\u00e7\u00e3o precoce<\/strong> deste tipo de tumor.<\/p>\n\n\n\n<p>No entanto, h\u00e1 outro aspecto do Outubro Rosa igualmente significativo que tamb\u00e9m merece nossa aten\u00e7\u00e3o: os direitos trabalhistas das mulheres que enfrentam o diagn\u00f3stico da doen\u00e7a.&nbsp;<\/p>\n\n\n\n<p>Se voc\u00ea ainda n\u00e3o conhece as medidas legais que visam assegurar o bem-estar e a estabilidade financeira dessas pacientes, estamos aqui para esclarecer todas as suas d\u00favidas!&nbsp;<\/p>\n\n\n\n<h2 class=\"wp-block-heading\" id=\"h-o-que-e-o-cancer-de-mama\"><strong>O que \u00e9 o c\u00e2ncer de mama?<\/strong><\/h2>\n\n\n\n<p>O c\u00e2ncer de mama \u00e9 um tipo de tumor causado pela multiplica\u00e7\u00e3o desordenada de c\u00e9lulas anormais da mama.<\/p>\n\n\n\n<p>De acordo com o <a href=\"https:\/\/www.gov.br\/inca\/pt-br\/assuntos\/cancer\/tipos\/mama\" target=\"_blank\" rel=\"noreferrer noopener\">Instituto Nacional de C\u00e2ncer (INCA)<\/a>, os principais fatores de risco para a doen\u00e7a incluem:<\/p>\n\n\n\n<ul class=\"wp-block-list\">\n<li>Idade (cerca de quatro em cada cinco casos ocorrem ap\u00f3s os 50 anos);<\/li>\n\n\n\n<li>Sedentarismo, obesidade e sobrepeso;<\/li>\n\n\n\n<li>Consumo de bebida alco\u00f3lica e tabagismo;<\/li>\n\n\n\n<li>Hist\u00f3rico familiar;<\/li>\n\n\n\n<li>Ter tido a primeira menstrua\u00e7\u00e3o antes de 12 anos;<\/li>\n\n\n\n<li>Parar de menstruar (menopausa) ap\u00f3s os 55 anos<\/li>\n\n\n\n<li>N\u00e3o ter filhos ou engravidar ap\u00f3s os 30 anos;<\/li>\n\n\n\n<li>Uso de contraceptivos hormonais.<\/li>\n<\/ul>\n\n\n\n<p>A presen\u00e7a de um n\u00f3dulo fixo e geralmente indolor na mama \u00e9 a principal manifesta\u00e7\u00e3o deste tipo de c\u00e2ncer.&nbsp;<\/p>\n\n\n\n<p>Por\u00e9m, a paciente tamb\u00e9m pode apresentar outros sintomas, como pele da mama avermelhada, retra\u00edda ou parecida com casca de laranja, altera\u00e7\u00f5es no mamilo, secre\u00e7\u00e3o anormal e pequenos n\u00f3dulos nas axilas ou no pesco\u00e7o.<\/p>\n\n\n\n<h2 class=\"wp-block-heading\" id=\"h-incidencia-deste-tipo-de-cancer-no-brasil\"><strong>Incid\u00eancia deste tipo de c\u00e2ncer no Brasil<\/strong><\/h2>\n\n\n\n<p>Em 2023, o INCA estimou mais de <a href=\"https:\/\/www.gov.br\/inca\/pt-br\/assuntos\/campanhas\/2023\/outubro-rosa\" target=\"_blank\" rel=\"noreferrer noopener\">73 mil novos casos de c\u00e2ncer de mama<\/a>, o que representa um risco de 66,54 casos a cada 100 mil mulheres.<\/p>\n\n\n\n<p>Al\u00e9m disso, o c\u00e2ncer de mama \u00e9 a primeira causa de morte por c\u00e2ncer em mulheres no pa\u00eds. Em 2021, sua taxa de mortalidade, ajustada por idade pela popula\u00e7\u00e3o mundial, foi de 11,71 \u00f3bitos a cada 100 mil mulheres.<\/p>\n\n\n\n<h2 class=\"wp-block-heading\" id=\"h-prevencao-e-diagnostico-precoce-nbsp\"><strong>Preven\u00e7\u00e3o e diagn\u00f3stico precoce&nbsp;<\/strong><\/h2>\n\n\n\n<p>N\u00e3o h\u00e1 d\u00favidas de que os n\u00fameros apresentados acima s\u00e3o alarmantes. O principal objetivo do Outubro Rosa \u00e9 justamente reduzir esses \u00edndices, concentrando esfor\u00e7os em duas frentes principais: a <strong>preven\u00e7\u00e3o<\/strong> e o <strong>diagn\u00f3stico precoce<\/strong>.<\/p>\n\n\n\n<p>Atualmente, estima-se que cerca de 17% dos casos de c\u00e2ncer de mama podem ser evitados com a ado\u00e7\u00e3o de h\u00e1bitos saud\u00e1veis, como <strong>n\u00e3o fumar, praticar atividade f\u00edsica regularmente e manter o peso corporal adequado<\/strong>.<\/p>\n\n\n\n<p>J\u00e1 no que diz respeito ao diagn\u00f3stico, a regra \u00e9 a seguinte: quanto mais cedo o c\u00e2ncer \u00e9 detectado, maiores s\u00e3o as chances de tratamentos menos agressivos e com taxas de sucesso mais elevadas.<\/p>\n\n\n\n<p>Por isso, o Minist\u00e9rio da Sa\u00fade recomenda que as <strong>mulheres entre 50 e 69 anos realizem a mamografia de rastreamento a cada dois anos<\/strong>.<\/p>\n\n\n\n<p>Al\u00e9m do mais, mulheres de todas as idades s\u00e3o incentivadas a conhecer o pr\u00f3prio corpo, para que consigam identificar qualquer anormalidade em suas mamas e buscar ajuda especializada ao menor sinal de alerta.<\/p>\n\n\n\n<figure class=\"wp-block-image size-large\"><a href=\"https:\/\/conteudo.metarh.com.br\/maternidade-trabalho\" target=\"_blank\" rel=\"noreferrer noopener\"><img fetchpriority=\"high\" decoding=\"async\" width=\"1024\" height=\"414\" src=\"https:\/\/metarh.com.br\/metarhnews\/wp-content\/uploads\/2024\/05\/DIVULFACAO-MATERNIDADE-E-MERC-TRAB-1024x414.png\" alt=\"MATERNIDADE E MERCADO DE TRABALHO\" class=\"wp-image-16203\" srcset=\"https:\/\/metarh.com.br\/metarhnews\/wp-content\/uploads\/2024\/05\/DIVULFACAO-MATERNIDADE-E-MERC-TRAB-1024x414.png 1024w, https:\/\/metarh.com.br\/metarhnews\/wp-content\/uploads\/2024\/05\/DIVULFACAO-MATERNIDADE-E-MERC-TRAB-300x121.png 300w, https:\/\/metarh.com.br\/metarhnews\/wp-content\/uploads\/2024\/05\/DIVULFACAO-MATERNIDADE-E-MERC-TRAB-768x311.png 768w, https:\/\/metarh.com.br\/metarhnews\/wp-content\/uploads\/2024\/05\/DIVULFACAO-MATERNIDADE-E-MERC-TRAB-1536x621.png 1536w, https:\/\/metarh.com.br\/metarhnews\/wp-content\/uploads\/2024\/05\/DIVULFACAO-MATERNIDADE-E-MERC-TRAB.png 1600w\" sizes=\"(max-width: 1024px) 100vw, 1024px\" \/><\/a><\/figure>\n\n\n\n<h2 class=\"wp-block-heading\" id=\"h-direitos-da-mulher-diagnosticada-com-cancer-de-mama\"><strong>Direitos da mulher diagnosticada com c\u00e2ncer de mama<\/strong><\/h2>\n\n\n\n<p>Receber um diagn\u00f3stico de c\u00e2ncer de mama \u00e9 desafiador em muitos aspectos.&nbsp;<\/p>\n\n\n\n<p>Al\u00e9m das preocupa\u00e7\u00f5es com a sa\u00fade f\u00edsica e o impacto emocional, muitas mulheres tamb\u00e9m se deparam com incertezas sobre seus direitos trabalhistas.<\/p>\n\n\n\n<p>Essa preocupa\u00e7\u00e3o \u00e9 absolutamente compreens\u00edvel, j\u00e1 que o tratamento oncol\u00f3gico pode ser longo e, muitas vezes, agressivo, levando os m\u00e9dicos a recomendarem o afastamento do trabalho para garantir o bem-estar da paciente.<\/p>\n\n\n\n<p>Nessas situa\u00e7\u00f5es, a <a href=\"https:\/\/www.planalto.gov.br\/ccivil_03\/decreto-lei\/del5452.htm\" target=\"_blank\" rel=\"noreferrer noopener\">Consolida\u00e7\u00e3o das Leis do Trabalho (CLT)<\/a> prev\u00ea uma s\u00e9rie de benef\u00edcios e prote\u00e7\u00f5es importantes para as trabalhadoras regidas por esse regime, visando oferecer maior seguran\u00e7a e tranquilidade durante esse per\u00edodo dif\u00edcil.&nbsp;<\/p>\n\n\n\n<p>Conhecer esses direitos pode fazer toda a diferen\u00e7a para que as mulheres diagnosticadas com c\u00e2ncer de mama consigam focar no que mais importa \u2013 seu tratamento e recupera\u00e7\u00e3o.<\/p>\n\n\n\n<p>Ent\u00e3o, vamos a eles:<\/p>\n\n\n\n<p><strong>Saque do FGTS e PIS\/PASEP<\/strong><\/p>\n\n\n\n<p>Toda trabalhadora registrada pelo regime CLT tem direito a sacar o Fundo de Garantia do Tempo de Servi\u00e7o (FGTS) e o PIS\/PASEP em caso de doen\u00e7a grave, como o c\u00e2ncer de mama.&nbsp;<\/p>\n\n\n\n<p>Esses benef\u00edcios oferecem um apoio financeiro importante, que pode ser usado para ajudar no custeio do tratamento e no sustento pessoal da paciente.<\/p>\n\n\n\n<p>O valor recebido ser\u00e1 o saldo de todas as contas da trabalhadora, inclusive a do atual contrato de trabalho. Para realizar o saque integral, basta que a mulher comprove o diagn\u00f3stico do c\u00e2ncer de mama junto \u00e0 Previd\u00eancia Social.&nbsp;<\/p>\n\n\n\n<p><strong>Aux\u00edlio-doen\u00e7a e aposentadoria por invalidez<\/strong><\/p>\n\n\n\n<p>Quando a mulher \u00e9 impossibilitada de trabalhar por mais de 15 dias consecutivos devido ao c\u00e2ncer de mama, ela tamb\u00e9m tem direito a receber o aux\u00edlio-doen\u00e7a, um benef\u00edcio concedido pelo INSS.<\/p>\n\n\n\n<p>Neste caso, o benef\u00edcio n\u00e3o depender\u00e1 da car\u00eancia de 12 contribui\u00e7\u00f5es, desde que esteja na qualidade de segurada.&nbsp;<\/p>\n\n\n\n<p>J\u00e1 em casos mais severos, em que a paciente fica permanentemente incapacitada de trabalhar, ela pode solicitar a aposentadoria por invalidez.<\/p>\n\n\n\n<p><strong>Isen\u00e7\u00e3o do Imposto de Renda, IPVA e IPI na compra de ve\u00edculo<\/strong><\/p>\n\n\n\n<p>De modo geral, pessoas com doen\u00e7as graves que tenham rendimentos provenientes de aposentadoria, reforma ou pens\u00e3o s\u00e3o isentas de Imposto de Renda (inclusive aos rendimentos de aposentadoria, reforma e pens\u00e3o, bem como as complementa\u00e7\u00f5es).<\/p>\n\n\n\n<p>Al\u00e9m disso, em 12 estados do Brasil, pessoas com c\u00e2ncer tamb\u00e9m podem solicitar a isen\u00e7\u00e3o do Imposto sobre a Propriedade de Ve\u00edculos (IPVA).<\/p>\n\n\n\n<p>S\u00e3o eles: Esp\u00edrito Santo, Distrito Federal, Goi\u00e1s, Paran\u00e1, Minas Gerais, Para\u00edba, Pernambuco, Rio de Janeiro, Piau\u00ed, Rio Grande do Norte, S\u00e3o Paulo e Rio Grande do Sul.<\/p>\n\n\n\n<p>A trabalhadora que tem ou teve c\u00e2ncer e apresenta defici\u00eancia nos membros inferiores ou superiores, o que dificulta a condu\u00e7\u00e3o de um ve\u00edculo comum, pode ainda solicitar isen\u00e7\u00e3o do Imposto sobre Produtos Industrializados (IPI) para a compra de um carro adaptado.&nbsp;<\/p>\n\n\n\n<p>E mais, caso esteja incapacitada de dirigir, a isen\u00e7\u00e3o poder\u00e1 ser solicitada em nome de um representante legal.<\/p>\n\n\n\n<p><strong>Tramita\u00e7\u00e3o de processos e recebimentos de precat\u00f3rios<\/strong><\/p>\n\n\n\n<p>Por \u00faltimo, mulheres com c\u00e2ncer de mama t\u00eam prioridade na tramita\u00e7\u00e3o de processos e no recebimento de precat\u00f3rio, at\u00e9 o valor equivalente ao triplo fixado em lei.<\/p>\n\n\n\n<p>Isso significa que, em situa\u00e7\u00f5es que envolvem quest\u00f5es jur\u00eddicas ou o pagamento de d\u00edvidas judiciais, elas podem agilizar o acesso aos recursos necess\u00e1rios.<\/p>\n\n\n\n<p>Para garantir esses benef\u00edcios, a trabalhadora deve estar segurada pela Previd\u00eancia Social e passar pela per\u00edcia m\u00e9dica do INSS, que comprova a condi\u00e7\u00e3o de sa\u00fade e a necessidade de atendimento priorit\u00e1rio.<\/p>\n\n\n\n<figure class=\"wp-block-image size-large\"><a href=\"https:\/\/metarh.com.br\/\" target=\"_blank\" rel=\"noreferrer noopener\"><img decoding=\"async\" width=\"1024\" height=\"470\" src=\"https:\/\/metarh.com.br\/metarhnews\/wp-content\/uploads\/2024\/04\/Header-METARH-Site-v2-1024x470.jpg\" alt=\"\" class=\"wp-image-16175\" srcset=\"https:\/\/metarh.com.br\/metarhnews\/wp-content\/uploads\/2024\/04\/Header-METARH-Site-v2-1024x470.jpg 1024w, https:\/\/metarh.com.br\/metarhnews\/wp-content\/uploads\/2024\/04\/Header-METARH-Site-v2-300x138.jpg 300w, https:\/\/metarh.com.br\/metarhnews\/wp-content\/uploads\/2024\/04\/Header-METARH-Site-v2-768x353.jpg 768w, https:\/\/metarh.com.br\/metarhnews\/wp-content\/uploads\/2024\/04\/Header-METARH-Site-v2-1536x706.jpg 1536w, https:\/\/metarh.com.br\/metarhnews\/wp-content\/uploads\/2024\/04\/Header-METARH-Site-v2.jpg 1600w\" sizes=\"(max-width: 1024px) 100vw, 1024px\" \/><\/a><\/figure>\n\n\n\n<p>Como muitos sabem, o <strong>Outubro Rosa<\/strong> \u00e9 uma campanha de sa\u00fade anual, voltada para a conscientiza\u00e7\u00e3o sobre o c\u00e2ncer de mama.<\/p>\n\n\n\n<p>Seu principal objetivo \u00e9 promover a preven\u00e7\u00e3o e o diagn\u00f3stico precoce da doen\u00e7a, alertando as mulheres sobre a import\u00e2ncia dos exames regulares, como a mamografia, e do autoexame das mamas.<\/p>\n\n\n\n<p>Por\u00e9m, o Outubro Rosa tamb\u00e9m pode e deve informar a popula\u00e7\u00e3o sobre os direitos que protegem as mulheres diagnosticadas com a doen\u00e7a.<\/p>\n\n\n\n<p>Al\u00e9m de entender o significado da campanha, muitas empresas tamb\u00e9m t\u00eam aproveitado o <strong>m\u00eas do Outubro Rosa para desenvolver a\u00e7\u00f5es de RH<\/strong> que promovem conscientiza\u00e7\u00e3o, cuidado e bem-estar entre as equipes. Neste conte\u00fado, voc\u00ea encontra exemplos pr\u00e1ticos de como o <a href=\"https:\/\/metarh.com.br\/metarhnews\/outubro-rosa-rh\/\"><strong>RH pode atuar no Outubro Rosa<\/strong>.<\/a><\/p>\n\n\n\n<p>Esperamos que as informa\u00e7\u00f5es compartilhadas aqui sirvam como uma ferramenta de apoio, ajudando a garantir que todas as mulheres tenham acesso a cuidados, tratamento digno e direitos assegurados.&nbsp;<\/p>\n\n\n\n<p><strong>Afinal, quando estamos bem informadas, estamos mais preparadas para enfrentar qualquer desafio!<\/strong> Para saber mais sobre o c\u00e2ncer de mama, recomendamos o <a href=\"https:\/\/www.gov.br\/inca\/pt-br\/assuntos\/cancer\/tipos\/mama\" target=\"_blank\" rel=\"noreferrer noopener\">site oficial do INCA<\/a>.<\/p>\n<div style=\"margin-top: 0px; margin-bottom: 0px;\" class=\"sharethis-inline-share-buttons\" ><\/div>","protected":false},"excerpt":{"rendered":"<p>O d\u00e9cimo m\u00eas do ano \u00e9 conhecido mundialmente pelo Outubro Rosa, campanha internacional de conscientiza\u00e7\u00e3o para o controle do c\u00e2ncer de mama. Nesta \u00e9poca, organiza\u00e7\u00f5es, entidades e profissionais da \u00e1rea da sa\u00fade se unem com o prop\u00f3sito de alertar a popula\u00e7\u00e3o sobre a import\u00e2ncia da preven\u00e7\u00e3o e da detec\u00e7\u00e3o precoce deste tipo de tumor. No&#8230;<\/p>\n","protected":false},"author":4,"featured_media":16355,"comment_status":"open","ping_status":"open","sticky":false,"template":"","format":"standard","meta":{"_kadence_starter_templates_imported_post":false,"_kad_post_transparent":"","_kad_post_title":"","_kad_post_layout":"","_kad_post_sidebar_id":"","_kad_post_content_style":"","_kad_post_vertical_padding":"","_kad_post_feature":"","_kad_post_feature_position":"","_kad_post_header":false,"_kad_post_footer":false,"_kad_post_classname":"","footnotes":""},"categories":[163,2],"tags":[],"class_list":["post-16353","post","type-post","status-publish","format-standard","has-post-thumbnail","hentry","category-descoberta-de-conteudos-de-rh","category-materias"],"yoast_head":"<!-- This site is optimized with the Yoast SEO Premium plugin v26.6 (Yoast SEO v27.5) - https:\/\/yoast.com\/product\/yoast-seo-premium-wordpress\/ -->\n<title>Outubro rosa: alguns direitos durante o tratamento do c\u00e2ncer de mama<\/title>\n<meta name=\"description\" content=\"Os direitos trabalhistas das mulheres que enfrentam o diagn\u00f3stico da doen\u00e7a tamb\u00e9m merecem nossa aten\u00e7\u00e3o na campanha Outubro Rosa.\" \/>\n<meta name=\"robots\" content=\"index, follow, max-snippet:-1, max-image-preview:large, max-video-preview:-1\" \/>\n<link rel=\"canonical\" href=\"https:\/\/metarh.com.br\/metarhnews\/outubro-rosa\/\" \/>\n<meta property=\"og:locale\" content=\"pt_BR\" \/>\n<meta property=\"og:type\" content=\"article\" \/>\n<meta property=\"og:title\" content=\"Outubro rosa: alguns direitos durante o tratamento do c\u00e2ncer de mama\" \/>\n<meta property=\"og:description\" content=\"Os direitos trabalhistas das mulheres que enfrentam o diagn\u00f3stico da doen\u00e7a tamb\u00e9m merecem nossa aten\u00e7\u00e3o na campanha Outubro Rosa.\" \/>\n<meta property=\"og:url\" content=\"https:\/\/metarh.com.br\/metarhnews\/outubro-rosa\/\" \/>\n<meta property=\"og:site_name\" content=\"METARH +News\" \/>\n<meta property=\"article:publisher\" content=\"https:\/\/www.facebook.com\/metarhumana\" \/>\n<meta property=\"article:author\" content=\"https:\/\/www.facebook.com\/metarhconsultoria\" \/>\n<meta property=\"article:published_time\" content=\"2024-10-21T11:41:57+00:00\" \/>\n<meta property=\"article:modified_time\" content=\"2026-01-09T20:25:15+00:00\" \/>\n<meta property=\"og:image\" content=\"https:\/\/metarh.com.br\/metarhnews\/wp-content\/uploads\/2024\/10\/Outubro-Rosa.jpg\" \/>\n\t<meta property=\"og:image:width\" content=\"1060\" \/>\n\t<meta property=\"og:image:height\" content=\"700\" \/>\n\t<meta property=\"og:image:type\" content=\"image\/jpeg\" \/>\n<meta name=\"author\" content=\"METARH\" \/>\n<meta name=\"twitter:card\" content=\"summary_large_image\" \/>\n<meta name=\"twitter:creator\" content=\"@metarhumana\" \/>\n<meta name=\"twitter:site\" content=\"@metarhumana\" \/>\n<meta name=\"twitter:label1\" content=\"Escrito por\" \/>\n\t<meta name=\"twitter:data1\" content=\"METARH\" \/>\n\t<meta name=\"twitter:label2\" content=\"Est. tempo de leitura\" \/>\n\t<meta name=\"twitter:data2\" content=\"8 minutos\" \/>\n<script type=\"application\/ld+json\" class=\"yoast-schema-graph\">{\"@context\":\"https:\\\/\\\/schema.org\",\"@graph\":[{\"@type\":\"Article\",\"@id\":\"https:\\\/\\\/metarh.com.br\\\/metarhnews\\\/outubro-rosa\\\/#article\",\"isPartOf\":{\"@id\":\"https:\\\/\\\/metarh.com.br\\\/metarhnews\\\/outubro-rosa\\\/\"},\"author\":{\"name\":\"METARH\",\"@id\":\"https:\\\/\\\/metarh.com.br\\\/metarhnews\\\/#\\\/schema\\\/person\\\/930900bc40677695dc9df602ec0366d0\"},\"headline\":\"Outubro rosa: alguns direitos durante o tratamento do c\u00e2ncer de mama\",\"datePublished\":\"2024-10-21T11:41:57+00:00\",\"dateModified\":\"2026-01-09T20:25:15+00:00\",\"mainEntityOfPage\":{\"@id\":\"https:\\\/\\\/metarh.com.br\\\/metarhnews\\\/outubro-rosa\\\/\"},\"wordCount\":1393,\"commentCount\":0,\"publisher\":{\"@id\":\"https:\\\/\\\/metarh.com.br\\\/metarhnews\\\/#organization\"},\"image\":{\"@id\":\"https:\\\/\\\/metarh.com.br\\\/metarhnews\\\/outubro-rosa\\\/#primaryimage\"},\"thumbnailUrl\":\"https:\\\/\\\/metarh.com.br\\\/metarhnews\\\/wp-content\\\/uploads\\\/2024\\\/10\\\/Outubro-Rosa.jpg\",\"articleSection\":[\"Descoberta\",\"Mat\u00e9rias\"],\"inLanguage\":\"pt-BR\",\"potentialAction\":[{\"@type\":\"CommentAction\",\"name\":\"Comment\",\"target\":[\"https:\\\/\\\/metarh.com.br\\\/metarhnews\\\/outubro-rosa\\\/#respond\"]}],\"copyrightYear\":\"2024\",\"copyrightHolder\":{\"@id\":\"https:\\\/\\\/metarh.com.br\\\/metarhnews\\\/#organization\"}},{\"@type\":\"WebPage\",\"@id\":\"https:\\\/\\\/metarh.com.br\\\/metarhnews\\\/outubro-rosa\\\/\",\"url\":\"https:\\\/\\\/metarh.com.br\\\/metarhnews\\\/outubro-rosa\\\/\",\"name\":\"Outubro rosa: alguns direitos durante o tratamento do c\u00e2ncer de mama\",\"isPartOf\":{\"@id\":\"https:\\\/\\\/metarh.com.br\\\/metarhnews\\\/#website\"},\"primaryImageOfPage\":{\"@id\":\"https:\\\/\\\/metarh.com.br\\\/metarhnews\\\/outubro-rosa\\\/#primaryimage\"},\"image\":{\"@id\":\"https:\\\/\\\/metarh.com.br\\\/metarhnews\\\/outubro-rosa\\\/#primaryimage\"},\"thumbnailUrl\":\"https:\\\/\\\/metarh.com.br\\\/metarhnews\\\/wp-content\\\/uploads\\\/2024\\\/10\\\/Outubro-Rosa.jpg\",\"datePublished\":\"2024-10-21T11:41:57+00:00\",\"dateModified\":\"2026-01-09T20:25:15+00:00\",\"description\":\"Os direitos trabalhistas das mulheres que enfrentam o diagn\u00f3stico da doen\u00e7a tamb\u00e9m merecem nossa aten\u00e7\u00e3o na campanha Outubro Rosa.\",\"breadcrumb\":{\"@id\":\"https:\\\/\\\/metarh.com.br\\\/metarhnews\\\/outubro-rosa\\\/#breadcrumb\"},\"inLanguage\":\"pt-BR\",\"potentialAction\":[{\"@type\":\"ReadAction\",\"target\":[\"https:\\\/\\\/metarh.com.br\\\/metarhnews\\\/outubro-rosa\\\/\"]}]},{\"@type\":\"ImageObject\",\"inLanguage\":\"pt-BR\",\"@id\":\"https:\\\/\\\/metarh.com.br\\\/metarhnews\\\/outubro-rosa\\\/#primaryimage\",\"url\":\"https:\\\/\\\/metarh.com.br\\\/metarhnews\\\/wp-content\\\/uploads\\\/2024\\\/10\\\/Outubro-Rosa.jpg\",\"contentUrl\":\"https:\\\/\\\/metarh.com.br\\\/metarhnews\\\/wp-content\\\/uploads\\\/2024\\\/10\\\/Outubro-Rosa.jpg\",\"width\":1060,\"height\":700,\"caption\":\"Outubro rosa: alguns direitos durante o tratamento do c\u00e2ncer de mama\"},{\"@type\":\"BreadcrumbList\",\"@id\":\"https:\\\/\\\/metarh.com.br\\\/metarhnews\\\/outubro-rosa\\\/#breadcrumb\",\"itemListElement\":[{\"@type\":\"ListItem\",\"position\":1,\"name\":\"In\u00edcio\",\"item\":\"https:\\\/\\\/metarh.com.br\\\/metarhnews\\\/\"},{\"@type\":\"ListItem\",\"position\":2,\"name\":\"Outubro rosa: alguns direitos durante o tratamento do c\u00e2ncer de mama\"}]},{\"@type\":\"WebSite\",\"@id\":\"https:\\\/\\\/metarh.com.br\\\/metarhnews\\\/#website\",\"url\":\"https:\\\/\\\/metarh.com.br\\\/metarhnews\\\/\",\"name\":\"METARH +News\",\"description\":\"Conte\u00fado focado em Gest\u00e3o de Pessoas\",\"publisher\":{\"@id\":\"https:\\\/\\\/metarh.com.br\\\/metarhnews\\\/#organization\"},\"potentialAction\":[{\"@type\":\"SearchAction\",\"target\":{\"@type\":\"EntryPoint\",\"urlTemplate\":\"https:\\\/\\\/metarh.com.br\\\/metarhnews\\\/?s={search_term_string}\"},\"query-input\":{\"@type\":\"PropertyValueSpecification\",\"valueRequired\":true,\"valueName\":\"search_term_string\"}}],\"inLanguage\":\"pt-BR\"},{\"@type\":\"Organization\",\"@id\":\"https:\\\/\\\/metarh.com.br\\\/metarhnews\\\/#organization\",\"name\":\"METARH +Humana\",\"url\":\"https:\\\/\\\/metarh.com.br\\\/metarhnews\\\/\",\"logo\":{\"@type\":\"ImageObject\",\"inLanguage\":\"pt-BR\",\"@id\":\"https:\\\/\\\/metarh.com.br\\\/metarhnews\\\/#\\\/schema\\\/logo\\\/image\\\/\",\"url\":\"https:\\\/\\\/metarh.com.br\\\/metarhnews\\\/wp-content\\\/uploads\\\/2025\\\/02\\\/METARH-Azul-Horizontal.png\",\"contentUrl\":\"https:\\\/\\\/metarh.com.br\\\/metarhnews\\\/wp-content\\\/uploads\\\/2025\\\/02\\\/METARH-Azul-Horizontal.png\",\"width\":1002,\"height\":303,\"caption\":\"METARH +Humana\"},\"image\":{\"@id\":\"https:\\\/\\\/metarh.com.br\\\/metarhnews\\\/#\\\/schema\\\/logo\\\/image\\\/\"},\"sameAs\":[\"https:\\\/\\\/www.facebook.com\\\/metarhumana\",\"https:\\\/\\\/x.com\\\/metarhumana\",\"https:\\\/\\\/www.instagram.com\\\/metarhumana\\\/\",\"https:\\\/\\\/www.youtube.com\\\/@metarhumana\"]},{\"@type\":\"Person\",\"@id\":\"https:\\\/\\\/metarh.com.br\\\/metarhnews\\\/#\\\/schema\\\/person\\\/930900bc40677695dc9df602ec0366d0\",\"name\":\"METARH\",\"image\":{\"@type\":\"ImageObject\",\"inLanguage\":\"pt-BR\",\"@id\":\"https:\\\/\\\/secure.gravatar.com\\\/avatar\\\/e03963382c9576f1c9989940c2d59ebc780df154afc76a079627bbbdb3dcefa1?s=96&d=mm&r=g\",\"url\":\"https:\\\/\\\/secure.gravatar.com\\\/avatar\\\/e03963382c9576f1c9989940c2d59ebc780df154afc76a079627bbbdb3dcefa1?s=96&d=mm&r=g\",\"contentUrl\":\"https:\\\/\\\/secure.gravatar.com\\\/avatar\\\/e03963382c9576f1c9989940c2d59ebc780df154afc76a079627bbbdb3dcefa1?s=96&d=mm&r=g\",\"caption\":\"METARH\"},\"description\":\"Somos uma consultoria de recursos humanos com mais de 40 anos de mercado, ajudando empresas como a sua a encontrarem o talento certo. Nossos processos s\u00e3o focados no sucesso dos clientes sem deixar de lado a experi\u00eancia positiva das pessoas candidatas.\",\"sameAs\":[\"http:\\\/\\\/www.metarh.com.br\",\"https:\\\/\\\/www.facebook.com\\\/metarhconsultoria\",\"https:\\\/\\\/www.instagram.com\\\/metarhconsultoria\\\/\",\"https:\\\/\\\/www.linkedin.com\\\/company\\\/metarhconsultoria\",\"http:\\\/\\\/youtube.com\\\/@metarhconsultoria\"],\"url\":\"https:\\\/\\\/metarh.com.br\\\/metarhnews\\\/author\\\/editorial-metarh\\\/\"}]}<\/script>\n<!-- \/ Yoast SEO Premium plugin. -->","yoast_head_json":{"title":"Outubro rosa: alguns direitos durante o tratamento do c\u00e2ncer de mama","description":"Os direitos trabalhistas das mulheres que enfrentam o diagn\u00f3stico da doen\u00e7a tamb\u00e9m merecem nossa aten\u00e7\u00e3o na campanha Outubro Rosa.","robots":{"index":"index","follow":"follow","max-snippet":"max-snippet:-1","max-image-preview":"max-image-preview:large","max-video-preview":"max-video-preview:-1"},"canonical":"https:\/\/metarh.com.br\/metarhnews\/outubro-rosa\/","og_locale":"pt_BR","og_type":"article","og_title":"Outubro rosa: alguns direitos durante o tratamento do c\u00e2ncer de mama","og_description":"Os direitos trabalhistas das mulheres que enfrentam o diagn\u00f3stico da doen\u00e7a tamb\u00e9m merecem nossa aten\u00e7\u00e3o na campanha Outubro Rosa.","og_url":"https:\/\/metarh.com.br\/metarhnews\/outubro-rosa\/","og_site_name":"METARH +News","article_publisher":"https:\/\/www.facebook.com\/metarhumana","article_author":"https:\/\/www.facebook.com\/metarhconsultoria","article_published_time":"2024-10-21T11:41:57+00:00","article_modified_time":"2026-01-09T20:25:15+00:00","og_image":[{"width":1060,"height":700,"url":"https:\/\/metarh.com.br\/metarhnews\/wp-content\/uploads\/2024\/10\/Outubro-Rosa.jpg","type":"image\/jpeg"}],"author":"METARH","twitter_card":"summary_large_image","twitter_creator":"@metarhumana","twitter_site":"@metarhumana","twitter_misc":{"Escrito por":"METARH","Est. tempo de leitura":"8 minutos"},"schema":{"@context":"https:\/\/schema.org","@graph":[{"@type":"Article","@id":"https:\/\/metarh.com.br\/metarhnews\/outubro-rosa\/#article","isPartOf":{"@id":"https:\/\/metarh.com.br\/metarhnews\/outubro-rosa\/"},"author":{"name":"METARH","@id":"https:\/\/metarh.com.br\/metarhnews\/#\/schema\/person\/930900bc40677695dc9df602ec0366d0"},"headline":"Outubro rosa: alguns direitos durante o tratamento do c\u00e2ncer de mama","datePublished":"2024-10-21T11:41:57+00:00","dateModified":"2026-01-09T20:25:15+00:00","mainEntityOfPage":{"@id":"https:\/\/metarh.com.br\/metarhnews\/outubro-rosa\/"},"wordCount":1393,"commentCount":0,"publisher":{"@id":"https:\/\/metarh.com.br\/metarhnews\/#organization"},"image":{"@id":"https:\/\/metarh.com.br\/metarhnews\/outubro-rosa\/#primaryimage"},"thumbnailUrl":"https:\/\/metarh.com.br\/metarhnews\/wp-content\/uploads\/2024\/10\/Outubro-Rosa.jpg","articleSection":["Descoberta","Mat\u00e9rias"],"inLanguage":"pt-BR","potentialAction":[{"@type":"CommentAction","name":"Comment","target":["https:\/\/metarh.com.br\/metarhnews\/outubro-rosa\/#respond"]}],"copyrightYear":"2024","copyrightHolder":{"@id":"https:\/\/metarh.com.br\/metarhnews\/#organization"}},{"@type":"WebPage","@id":"https:\/\/metarh.com.br\/metarhnews\/outubro-rosa\/","url":"https:\/\/metarh.com.br\/metarhnews\/outubro-rosa\/","name":"Outubro rosa: alguns direitos durante o tratamento do c\u00e2ncer de mama","isPartOf":{"@id":"https:\/\/metarh.com.br\/metarhnews\/#website"},"primaryImageOfPage":{"@id":"https:\/\/metarh.com.br\/metarhnews\/outubro-rosa\/#primaryimage"},"image":{"@id":"https:\/\/metarh.com.br\/metarhnews\/outubro-rosa\/#primaryimage"},"thumbnailUrl":"https:\/\/metarh.com.br\/metarhnews\/wp-content\/uploads\/2024\/10\/Outubro-Rosa.jpg","datePublished":"2024-10-21T11:41:57+00:00","dateModified":"2026-01-09T20:25:15+00:00","description":"Os direitos trabalhistas das mulheres que enfrentam o diagn\u00f3stico da doen\u00e7a tamb\u00e9m merecem nossa aten\u00e7\u00e3o na campanha Outubro Rosa.","breadcrumb":{"@id":"https:\/\/metarh.com.br\/metarhnews\/outubro-rosa\/#breadcrumb"},"inLanguage":"pt-BR","potentialAction":[{"@type":"ReadAction","target":["https:\/\/metarh.com.br\/metarhnews\/outubro-rosa\/"]}]},{"@type":"ImageObject","inLanguage":"pt-BR","@id":"https:\/\/metarh.com.br\/metarhnews\/outubro-rosa\/#primaryimage","url":"https:\/\/metarh.com.br\/metarhnews\/wp-content\/uploads\/2024\/10\/Outubro-Rosa.jpg","contentUrl":"https:\/\/metarh.com.br\/metarhnews\/wp-content\/uploads\/2024\/10\/Outubro-Rosa.jpg","width":1060,"height":700,"caption":"Outubro rosa: alguns direitos durante o tratamento do c\u00e2ncer de mama"},{"@type":"BreadcrumbList","@id":"https:\/\/metarh.com.br\/metarhnews\/outubro-rosa\/#breadcrumb","itemListElement":[{"@type":"ListItem","position":1,"name":"In\u00edcio","item":"https:\/\/metarh.com.br\/metarhnews\/"},{"@type":"ListItem","position":2,"name":"Outubro rosa: alguns direitos durante o tratamento do c\u00e2ncer de mama"}]},{"@type":"WebSite","@id":"https:\/\/metarh.com.br\/metarhnews\/#website","url":"https:\/\/metarh.com.br\/metarhnews\/","name":"METARH +News","description":"Conte\u00fado focado em Gest\u00e3o de Pessoas","publisher":{"@id":"https:\/\/metarh.com.br\/metarhnews\/#organization"},"potentialAction":[{"@type":"SearchAction","target":{"@type":"EntryPoint","urlTemplate":"https:\/\/metarh.com.br\/metarhnews\/?s={search_term_string}"},"query-input":{"@type":"PropertyValueSpecification","valueRequired":true,"valueName":"search_term_string"}}],"inLanguage":"pt-BR"},{"@type":"Organization","@id":"https:\/\/metarh.com.br\/metarhnews\/#organization","name":"METARH +Humana","url":"https:\/\/metarh.com.br\/metarhnews\/","logo":{"@type":"ImageObject","inLanguage":"pt-BR","@id":"https:\/\/metarh.com.br\/metarhnews\/#\/schema\/logo\/image\/","url":"https:\/\/metarh.com.br\/metarhnews\/wp-content\/uploads\/2025\/02\/METARH-Azul-Horizontal.png","contentUrl":"https:\/\/metarh.com.br\/metarhnews\/wp-content\/uploads\/2025\/02\/METARH-Azul-Horizontal.png","width":1002,"height":303,"caption":"METARH +Humana"},"image":{"@id":"https:\/\/metarh.com.br\/metarhnews\/#\/schema\/logo\/image\/"},"sameAs":["https:\/\/www.facebook.com\/metarhumana","https:\/\/x.com\/metarhumana","https:\/\/www.instagram.com\/metarhumana\/","https:\/\/www.youtube.com\/@metarhumana"]},{"@type":"Person","@id":"https:\/\/metarh.com.br\/metarhnews\/#\/schema\/person\/930900bc40677695dc9df602ec0366d0","name":"METARH","image":{"@type":"ImageObject","inLanguage":"pt-BR","@id":"https:\/\/secure.gravatar.com\/avatar\/e03963382c9576f1c9989940c2d59ebc780df154afc76a079627bbbdb3dcefa1?s=96&d=mm&r=g","url":"https:\/\/secure.gravatar.com\/avatar\/e03963382c9576f1c9989940c2d59ebc780df154afc76a079627bbbdb3dcefa1?s=96&d=mm&r=g","contentUrl":"https:\/\/secure.gravatar.com\/avatar\/e03963382c9576f1c9989940c2d59ebc780df154afc76a079627bbbdb3dcefa1?s=96&d=mm&r=g","caption":"METARH"},"description":"Somos uma consultoria de recursos humanos com mais de 40 anos de mercado, ajudando empresas como a sua a encontrarem o talento certo. Nossos processos s\u00e3o focados no sucesso dos clientes sem deixar de lado a experi\u00eancia positiva das pessoas candidatas.","sameAs":["http:\/\/www.metarh.com.br","https:\/\/www.facebook.com\/metarhconsultoria","https:\/\/www.instagram.com\/metarhconsultoria\/","https:\/\/www.linkedin.com\/company\/metarhconsultoria","http:\/\/youtube.com\/@metarhconsultoria"],"url":"https:\/\/metarh.com.br\/metarhnews\/author\/editorial-metarh\/"}]}},"_links":{"self":[{"href":"https:\/\/metarh.com.br\/metarhnews\/wp-json\/wp\/v2\/posts\/16353","targetHints":{"allow":["GET"]}}],"collection":[{"href":"https:\/\/metarh.com.br\/metarhnews\/wp-json\/wp\/v2\/posts"}],"about":[{"href":"https:\/\/metarh.com.br\/metarhnews\/wp-json\/wp\/v2\/types\/post"}],"author":[{"embeddable":true,"href":"https:\/\/metarh.com.br\/metarhnews\/wp-json\/wp\/v2\/users\/4"}],"replies":[{"embeddable":true,"href":"https:\/\/metarh.com.br\/metarhnews\/wp-json\/wp\/v2\/comments?post=16353"}],"version-history":[{"count":3,"href":"https:\/\/metarh.com.br\/metarhnews\/wp-json\/wp\/v2\/posts\/16353\/revisions"}],"predecessor-version":[{"id":17033,"href":"https:\/\/metarh.com.br\/metarhnews\/wp-json\/wp\/v2\/posts\/16353\/revisions\/17033"}],"wp:featuredmedia":[{"embeddable":true,"href":"https:\/\/metarh.com.br\/metarhnews\/wp-json\/wp\/v2\/media\/16355"}],"wp:attachment":[{"href":"https:\/\/metarh.com.br\/metarhnews\/wp-json\/wp\/v2\/media?parent=16353"}],"wp:term":[{"taxonomy":"category","embeddable":true,"href":"https:\/\/metarh.com.br\/metarhnews\/wp-json\/wp\/v2\/categories?post=16353"},{"taxonomy":"post_tag","embeddable":true,"href":"https:\/\/metarh.com.br\/metarhnews\/wp-json\/wp\/v2\/tags?post=16353"}],"curies":[{"name":"wp","href":"https:\/\/api.w.org\/{rel}","templated":true}]}}