{"id":16423,"date":"2024-12-11T11:29:04","date_gmt":"2024-12-11T14:29:04","guid":{"rendered":"https:\/\/metarh.com.br\/metarhnews\/?p=16423"},"modified":"2026-01-08T15:15:47","modified_gmt":"2026-01-08T18:15:47","slug":"rh-2025","status":"publish","type":"post","link":"https:\/\/metarh.com.br\/metarhnews\/rh-2025\/","title":{"rendered":"Tend\u00eancias de RH para 2025: prepare sua empresa para o futuro"},"content":{"rendered":"\n<p>O in\u00edcio de um novo ano sempre traz oportunidades e desafios. Para que a sua empresa esteja preparada para o que vem pela frente, \u00e9 indispens\u00e1vel se manter a par das principais <strong>tend\u00eancias de RH para 2025<\/strong>.<\/p>\n\n\n\n<p>Respondendo \u00e0s mudan\u00e7as no comportamento dos talentos e ao surgimento de novas tecnologias, as prioridades da gest\u00e3o de pessoas passar\u00e3o por uma <strong>combina\u00e7\u00e3o de inova\u00e7\u00e3o e foco humano<\/strong>.&nbsp;<\/p>\n\n\n\n<p>A partir de agora, vamos explorar 10 tend\u00eancias que se destacam neste cen\u00e1rio e como elas podem preparar sua organiza\u00e7\u00e3o para o futuro. Acompanhe!<\/p>\n\n\n\n<h2 class=\"wp-block-heading\" id=\"h-1-ferramentas-de-ia\">1. <strong>Ferramentas de IA<\/strong><\/h2>\n\n\n\n<p>\u00c9 imposs\u00edvel falar sobre tend\u00eancias do mercado de trabalho sem mencionar a tecnologia.&nbsp;<\/p>\n\n\n\n<p>No RH, por exemplo, o papel da Intelig\u00eancia Artificial (IA) tem se consolidado cada vez mais, principalmente quando se trata de <strong>apoiar a automatiza\u00e7\u00e3o de tarefas e a an\u00e1lise de grandes volumes de dados<\/strong>.<\/p>\n\n\n\n<p>Para ilustrar esse potencial, um relat\u00f3rio divulgado pela <a href=\"https:\/\/tiinside.com.br\/04\/11\/2024\/73-dos-executivos-acreditam-que-a-adocao-da-ia-e-fundamental-para-a-competitividade-a-longo-prazo\/\" target=\"_blank\" rel=\"noreferrer noopener\">Unisys<\/a> revelou que 93% das pessoas executivas acreditam que a IA ser\u00e1 um recurso permanente nas estrat\u00e9gias de suas organiza\u00e7\u00f5es, com 89% esperando que esse uso aumente no pr\u00f3ximo ano.<\/p>\n\n\n\n<h2 class=\"wp-block-heading\" id=\"h-2-desenvolvimento-de-lideres\">2. <strong>Desenvolvimento de l\u00edderes<\/strong><\/h2>\n\n\n\n<p>Segundo um levantamento feito pela <a href=\"https:\/\/www.gartner.com.br\/pt-br\/recursos-humanos\/tendencias\/principais-prioridades-para-lideres-de-rh\" target=\"_blank\" rel=\"noreferrer noopener\">Gartner<\/a> junto a mais de 1.400&nbsp;l\u00edderes de RH, em 60&nbsp;pa\u00edses, o desenvolvimento de l\u00edderes ser\u00e1 a prioridade n\u00famero 1 do setor em 2025.<\/p>\n\n\n\n<p>O foco dessa estrat\u00e9gia est\u00e1 em preparar as lideran\u00e7as para enfrentar os desafios do futuro, bem como para criar conex\u00f5es reais junto aos seus liderados.&nbsp;<\/p>\n\n\n\n<h2 class=\"wp-block-heading\" id=\"h-3-gestao-comportamental\">3. <strong>Gest\u00e3o comportamental<\/strong><\/h2>\n\n\n\n<p>Nos \u00faltimos anos, diversas pesquisas sobre gest\u00e3o de pessoas apontaram que <strong>grande parte das demiss\u00f5es est\u00e1 ligada a quest\u00f5es comportamentais<\/strong>, e n\u00e3o apenas a fatores t\u00e9cnicos.<\/p>\n\n\n\n<p>Diante dessa realidade, a gest\u00e3o comportamental tem se tornado uma das principais prioridades do RH, assumindo um papel de destaque nas empresas.<\/p>\n\n\n\n<p>Na pr\u00e1tica, isso significa acompanhar de perto o perfil de cada membro da equipe, mapeando os seus pontos fortes e fracos e estruturando a\u00e7\u00f5es voltadas para o desenvolvimento de habilidades comportamentais essenciais.<\/p>\n\n\n\n<h2 class=\"wp-block-heading\" id=\"h-4-mais-investimento-em-beneficios\">4. <strong>Mais investimento em benef\u00edcios<\/strong><\/h2>\n\n\n\n<p>Os benef\u00edcios corporativos t\u00eam se consolidado como uma excelente estrat\u00e9gia para atrair e reter os melhores talentos no mercado de trabalho.<\/p>\n\n\n\n<p>N\u00e3o por acaso, 63% das empresas planejam investir mais nessa \u00e1rea em 2025, segundo levantamento da <a href=\"https:\/\/vocerh.abril.com.br\/politicasepraticas\/63-das-empresas-querem-investir-mais-em-beneficios-corporativos-em-2025\" target=\"_blank\" rel=\"noreferrer noopener\">OnFly<\/a>.<\/p>\n\n\n\n<p>O destaque, atualmente, fica por conta dos <strong>benef\u00edcios flex\u00edveis<\/strong>, modalidade que permite que as pessoas colaboradoras escolham os benef\u00edcios mais alinhados \u00e0s suas prefer\u00eancias e necessidades.<\/p>\n\n\n\n<h2 class=\"wp-block-heading\" id=\"h-5-cultura-organizacional-e-senso-de-proposito-nbsp\">5. <strong>Cultura organizacional e senso de prop\u00f3sito&nbsp;<\/strong><\/h2>\n\n\n\n<p>Para os Millennials e para Gera\u00e7\u00e3o Z, encontrar prop\u00f3sito no trabalho \u00e9 um valor especialmente importante.&nbsp;&nbsp;<\/p>\n\n\n\n<p>Em outras palavras, essas gera\u00e7\u00f5es buscam bem mais do que uma remunera\u00e7\u00e3o atrativa e um bom pacote de benef\u00edcios.&nbsp;<\/p>\n\n\n\n<p>Elas desejam fazer parte de organiza\u00e7\u00f5es que compartilhem seus valores pessoais e que se comprometam de forma genu\u00edna com quest\u00f5es sociais e ambientais.<\/p>\n\n\n\n<p>Para atrair e engajar esses talentos, que desempenhar\u00e3o um papel crucial na for\u00e7a de trabalho at\u00e9 2030, as empresas precisar\u00e3o investir na constru\u00e7\u00e3o \u2014 e na divulga\u00e7\u00e3o \u2014 de uma cultura s\u00f3lida, alinhada aos princ\u00edpios e expectativas das pessoas colaboradoras.<\/p>\n\n\n\n<h2 class=\"wp-block-heading\" id=\"h-6-planejamento-estrategico-da-forca-de-trabalho\">6. <strong>Planejamento estrat\u00e9gico da for\u00e7a de trabalho<\/strong><\/h2>\n\n\n\n<p>Como vimos nos \u00faltimos anos, o mercado de trabalho tem passado por transforma\u00e7\u00f5es profundas, demandando novas habilidades a uma velocidade impressionante.<\/p>\n\n\n\n<p>Para prosperar nesse cen\u00e1rio vol\u00e1til e desafiador, o RH precisar\u00e1 encarar o planejamento estrat\u00e9gico da for\u00e7a de trabalho como uma prioridade.<\/p>\n\n\n\n<p>Em resumo, esse trabalho envolve o mapeamento das compet\u00eancias atuais e futuras da equipe, a identifica\u00e7\u00e3o de lacunas e a implementa\u00e7\u00e3o de programas de desenvolvimento que antecipem as necessidades do mercado.<\/p>\n\n\n\n<p>Duas abordagens que se tornam indispens\u00e1veis aqui s\u00e3o o upskilling e o reskilling.&nbsp;<\/p>\n\n\n\n<p>A primeira delas \u00e9 voltada para o aprimoramento cont\u00ednuo das habilidades dos talentos para que eles desempenhem suas fun\u00e7\u00f5es de forma mais eficaz.&nbsp;<\/p>\n\n\n\n<p>A segunda, por sua vez, passa pela requalifica\u00e7\u00e3o de profissionais para ocuparem fun\u00e7\u00f5es completamente novas.<\/p>\n\n\n\n<h2 class=\"wp-block-heading\" id=\"h-7-foco-no-bem-estar-mental-da-equipe\">7. <strong>Foco no bem-estar mental da equipe<\/strong><\/h2>\n\n\n\n<p>A partir de maio de 2025, a <a href=\"https:\/\/www.gov.br\/trabalho-e-emprego\/pt-br\/noticias-e-conteudo\/2024\/Setembro\/governo-federal-atualiza-nr-01-para-incluir-riscos-psicossociais-e-reconstitui-comissao-do-benzeno\">NR-01<\/a>, Norma Regulamentadora&nbsp;que estabelece as disposi\u00e7\u00f5es gerais sobre sa\u00fade e seguran\u00e7a no ambiente de trabalho, passar\u00e1 a incluir a gest\u00e3o dos riscos psicossociais.<\/p>\n\n\n\n<p>Com essa mudan\u00e7a, o RH precisar\u00e1 redobrar a aten\u00e7\u00e3o \u00e0s situa\u00e7\u00f5es que possam afetar a <a href=\"https:\/\/metarh.com.br\/metarhnews\/lideranca-saude-mental-2\/\" target=\"_blank\" rel=\"noreferrer noopener\">sa\u00fade mental<\/a> dos funcion\u00e1rios e funcion\u00e1rias, como estresse, <a href=\"https:\/\/metarh.com.br\/metarhnews\/burnout-metarh-cast-11\/\" target=\"_blank\" rel=\"noreferrer noopener\">burnout<\/a>, ass\u00e9dio moral e outros fatores.<\/p>\n\n\n\n<p>Espera-se, portanto, que as pol\u00edticas de apoio psicol\u00f3gico, os programas de bem-estar e as pr\u00e1ticas que promovam um equil\u00edbrio saud\u00e1vel entre vida profissional e pessoal ganhem ainda mais for\u00e7a.&nbsp;<\/p>\n\n\n\n<h2 class=\"wp-block-heading\" id=\"h-8-valorizacao-da-experiencia-da-pessoa-colaborador-a\">8. <strong>Valoriza\u00e7\u00e3o da Experi\u00eancia da Pessoa Colaborador<\/strong>a<\/h2>\n\n\n\n<p>Algumas das tend\u00eancias de RH para 2025 apresentadas at\u00e9 aqui, como benef\u00edcios flex\u00edveis, incentivo ao desenvolvimento cont\u00ednuo e aten\u00e7\u00e3o ao bem-estar da equipe, est\u00e3o alinhadas com um movimento crescente: o foco no Employee Experience.<\/p>\n\n\n\n<p>Em linhas gerais, essa estrat\u00e9gia se baseia em criar uma jornada mais completa, personalizada e significativa para as pessoas colaboradoras, desde o momento da contrata\u00e7\u00e3o at\u00e9 o desligamento, fazendo com que elas se sintam valorizadas e pertencentes.<\/p>\n\n\n\n<h2 class=\"wp-block-heading\" id=\"h-9-diversidade-equidade-e-inclusao-de-amp-i\">9. <strong>Diversidade, Equidade e Inclus\u00e3o (DE&amp;I)<\/strong><\/h2>\n\n\n\n<p>Em 2025, o RH tamb\u00e9m deve estar preparado para integrar, cada vez mais, as a\u00e7\u00f5es de <a href=\"https:\/\/conteudo.metarh.com.br\/deip\" target=\"_blank\" rel=\"noreferrer noopener\">DE&amp;I<\/a> \u00e0 estrat\u00e9gia de neg\u00f3cios das empresas.<\/p>\n\n\n\n<p>Segundo uma pesquisa publicada pela <a href=\"https:\/\/drive.google.com\/file\/d\/1olXHbDm8t7TWAzqMha1BLvmCkj-UYMGT\/view\" target=\"_blank\" rel=\"noreferrer noopener\">ID_BR<\/a>, em parceria com a Funda\u00e7\u00e3o Dom Cabral, essas s\u00e3o algumas das tend\u00eancias que v\u00e3o se destacar nessa frente:<\/p>\n\n\n\n<ul class=\"wp-block-list\">\n<li>Investimento em programas de desenvolvimento de carreiras para p\u00fablicos espec\u00edficos, como, por exemplo, desenvolvimento de <a href=\"https:\/\/metarh.com.br\/metarhnews\/lideranca-feminina\/\" target=\"_blank\" rel=\"noreferrer noopener\">lideran\u00e7as femininas<\/a> negras;<\/li>\n\n\n\n<li>Uso da IA e outras ferramentas para promover inclus\u00e3o e apoiar as pol\u00edticas de DE&amp;I;<\/li>\n\n\n\n<li>Foco integrado em quest\u00f5es como ra\u00e7a, etnia, etarismo, g\u00eanero e sexualidade;<\/li>\n\n\n\n<li>Letramento racial e combate ao racismo no ambiente de trabalho;<\/li>\n\n\n\n<li>Defini\u00e7\u00e3o de metas, investimentos e m\u00e9tricas claras para garantir a inclus\u00e3o efetiva.<\/li>\n<\/ul>\n\n\n\n<h2 class=\"wp-block-heading\" id=\"h-10-gestao-de-mudancas\">10. <strong>Gest\u00e3o de mudan\u00e7as<\/strong><\/h2>\n\n\n\n<p>De acordo com a <a href=\"https:\/\/www.gartner.com.br\/pt-br\/artigos\/em-que-o-rh-se-concentrara-em-2024\" target=\"_blank\" rel=\"noreferrer noopener\">Gartner<\/a>, 73% dos l\u00edderes de RH dizem que seus gestores n\u00e3o est\u00e3o equipados para liderar mudan\u00e7as.<\/p>\n\n\n\n<p>Esse problema aponta para o d\u00e9cimo e \u00faltimo t\u00f3pico da nossa lista de tend\u00eancias de RH para 2025: a cria\u00e7\u00e3o de uma cultura que facilite os momentos de transi\u00e7\u00e3o.<\/p>\n\n\n\n<p>Para que as empresas possam navegar com sucesso pelas mudan\u00e7as constantes do mercado, ser\u00e1 necess\u00e1rio cultivar uma mentalidade de adapta\u00e7\u00e3o e resili\u00eancia entre todos os n\u00edveis da organiza\u00e7\u00e3o.&nbsp;<\/p>\n\n\n\n<p>Esse trabalho come\u00e7a com a j\u00e1 citada capacita\u00e7\u00e3o dos l\u00edderes, para que eles possam conduzir suas equipes de maneira eficaz durante esses per\u00edodos, garantindo que o apoio e a transpar\u00eancia sejam mantidos ao longo de todo o processo.<\/p>\n\n\n\n<p>Al\u00e9m das tend\u00eancias apontadas para 2025, muitas pr\u00e1ticas seguem ganhando for\u00e7a e moldando o futuro da \u00e1rea de pessoas. Para entender melhor como essas mudan\u00e7as j\u00e1 est\u00e3o se desenhando no mercado, confira este conte\u00fado sobre as <a href=\"https:\/\/metarh.com.br\/metarhnews\/tendencias-rh\/\"><strong>principais tend\u00eancias de RH<\/strong>.<\/a><\/p>\n\n\n\n<figure class=\"wp-block-image size-large\"><a href=\"https:\/\/metarh.com.br\/\" target=\"_blank\" rel=\"noreferrer noopener\"><img fetchpriority=\"high\" decoding=\"async\" width=\"1024\" height=\"470\" src=\"https:\/\/metarh.com.br\/metarhnews\/wp-content\/uploads\/2024\/04\/Header-METARH-Site-v2-1024x470.jpg\" alt=\"\" class=\"wp-image-16175\" srcset=\"https:\/\/metarh.com.br\/metarhnews\/wp-content\/uploads\/2024\/04\/Header-METARH-Site-v2-1024x470.jpg 1024w, https:\/\/metarh.com.br\/metarhnews\/wp-content\/uploads\/2024\/04\/Header-METARH-Site-v2-300x138.jpg 300w, https:\/\/metarh.com.br\/metarhnews\/wp-content\/uploads\/2024\/04\/Header-METARH-Site-v2-768x353.jpg 768w, https:\/\/metarh.com.br\/metarhnews\/wp-content\/uploads\/2024\/04\/Header-METARH-Site-v2-1536x706.jpg 1536w, https:\/\/metarh.com.br\/metarhnews\/wp-content\/uploads\/2024\/04\/Header-METARH-Site-v2.jpg 1600w\" sizes=\"(max-width: 1024px) 100vw, 1024px\" \/><\/a><\/figure>\n\n\n\n<p>Esperamos que, com os insights compartilhados at\u00e9 aqui, sua empresa se sinta preparada para os desafios que vir\u00e3o, garantindo um 2025 pr\u00f3spero tanto para as pessoas colaboradoras quanto para os resultados organizacionais.<\/p>\n\n\n\n<p>Se voc\u00ea gostou deste post e n\u00e3o quer perder nenhuma novidade sobre gest\u00e3o de talentos e Tend\u00eancias de RH para 2025, assine nossa newsletter e receba os pr\u00f3ximos conte\u00fados do METARH+News em primeira m\u00e3o!<\/p>\n<div style=\"margin-top: 0px; margin-bottom: 0px;\" class=\"sharethis-inline-share-buttons\" ><\/div>","protected":false},"excerpt":{"rendered":"<p>O in\u00edcio de um novo ano sempre traz oportunidades e desafios. Para que a sua empresa esteja preparada para o que vem pela frente, \u00e9 indispens\u00e1vel se manter a par das principais tend\u00eancias de RH para 2025. Respondendo \u00e0s mudan\u00e7as no comportamento dos talentos e ao surgimento de novas tecnologias, as prioridades da gest\u00e3o de&#8230;<\/p>\n","protected":false},"author":4,"featured_media":16424,"comment_status":"open","ping_status":"open","sticky":false,"template":"","format":"standard","meta":{"_kadence_starter_templates_imported_post":false,"_kad_post_transparent":"","_kad_post_title":"","_kad_post_layout":"","_kad_post_sidebar_id":"","_kad_post_content_style":"","_kad_post_vertical_padding":"","_kad_post_feature":"","_kad_post_feature_position":"","_kad_post_header":false,"_kad_post_footer":false,"_kad_post_classname":"","footnotes":""},"categories":[163,3,2,132],"tags":[],"class_list":["post-16423","post","type-post","status-publish","format-standard","has-post-thumbnail","hentry","category-descoberta-de-conteudos-de-rh","category-dicas","category-materias","category-tendencias"],"yoast_head":"<!-- This site is optimized with the Yoast SEO Premium plugin v26.6 (Yoast SEO v27.5) - https:\/\/yoast.com\/product\/yoast-seo-premium-wordpress\/ -->\n<title>Tend\u00eancias de RH para 2025: prepare sua empresa para o futuro<\/title>\n<meta name=\"description\" content=\"Tend\u00eancias de RH 2025: prepare sua empresa para o futuro do trabalho com inova\u00e7\u00f5es em gest\u00e3o de talentos e lideran\u00e7a.\" \/>\n<meta name=\"robots\" content=\"index, follow, max-snippet:-1, max-image-preview:large, max-video-preview:-1\" \/>\n<link rel=\"canonical\" href=\"https:\/\/metarh.com.br\/metarhnews\/rh-2025\/\" \/>\n<meta property=\"og:locale\" content=\"pt_BR\" \/>\n<meta property=\"og:type\" content=\"article\" \/>\n<meta property=\"og:title\" content=\"Tend\u00eancias de RH para 2025: prepare sua empresa para o futuro\" \/>\n<meta property=\"og:description\" content=\"Tend\u00eancias de RH 2025: prepare sua empresa para o futuro do trabalho com inova\u00e7\u00f5es em gest\u00e3o de talentos e lideran\u00e7a.\" \/>\n<meta property=\"og:url\" content=\"https:\/\/metarh.com.br\/metarhnews\/rh-2025\/\" \/>\n<meta property=\"og:site_name\" content=\"METARH +News\" \/>\n<meta property=\"article:publisher\" content=\"https:\/\/www.facebook.com\/metarhumana\" \/>\n<meta property=\"article:author\" content=\"https:\/\/www.facebook.com\/metarhconsultoria\" \/>\n<meta property=\"article:published_time\" content=\"2024-12-11T14:29:04+00:00\" \/>\n<meta property=\"article:modified_time\" content=\"2026-01-08T18:15:47+00:00\" \/>\n<meta property=\"og:image\" content=\"https:\/\/metarh.com.br\/metarhnews\/wp-content\/uploads\/2024\/12\/Tendencias-RH-2025.png\" \/>\n\t<meta property=\"og:image:width\" content=\"1060\" \/>\n\t<meta property=\"og:image:height\" content=\"700\" \/>\n\t<meta property=\"og:image:type\" content=\"image\/png\" \/>\n<meta name=\"author\" content=\"METARH\" \/>\n<meta name=\"twitter:card\" content=\"summary_large_image\" \/>\n<meta name=\"twitter:creator\" content=\"@metarhumana\" \/>\n<meta name=\"twitter:site\" content=\"@metarhumana\" \/>\n<meta name=\"twitter:label1\" content=\"Escrito por\" \/>\n\t<meta name=\"twitter:data1\" content=\"METARH\" \/>\n\t<meta name=\"twitter:label2\" content=\"Est. tempo de leitura\" \/>\n\t<meta name=\"twitter:data2\" content=\"7 minutos\" \/>\n<script type=\"application\/ld+json\" class=\"yoast-schema-graph\">{\"@context\":\"https:\\\/\\\/schema.org\",\"@graph\":[{\"@type\":\"Article\",\"@id\":\"https:\\\/\\\/metarh.com.br\\\/metarhnews\\\/rh-2025\\\/#article\",\"isPartOf\":{\"@id\":\"https:\\\/\\\/metarh.com.br\\\/metarhnews\\\/rh-2025\\\/\"},\"author\":{\"name\":\"METARH\",\"@id\":\"https:\\\/\\\/metarh.com.br\\\/metarhnews\\\/#\\\/schema\\\/person\\\/930900bc40677695dc9df602ec0366d0\"},\"headline\":\"Tend\u00eancias de RH para 2025: prepare sua empresa para o futuro\",\"datePublished\":\"2024-12-11T14:29:04+00:00\",\"dateModified\":\"2026-01-08T18:15:47+00:00\",\"mainEntityOfPage\":{\"@id\":\"https:\\\/\\\/metarh.com.br\\\/metarhnews\\\/rh-2025\\\/\"},\"wordCount\":1303,\"commentCount\":0,\"publisher\":{\"@id\":\"https:\\\/\\\/metarh.com.br\\\/metarhnews\\\/#organization\"},\"image\":{\"@id\":\"https:\\\/\\\/metarh.com.br\\\/metarhnews\\\/rh-2025\\\/#primaryimage\"},\"thumbnailUrl\":\"https:\\\/\\\/metarh.com.br\\\/metarhnews\\\/wp-content\\\/uploads\\\/2024\\\/12\\\/Tendencias-RH-2025.png\",\"articleSection\":[\"Descoberta\",\"Dicas\",\"Mat\u00e9rias\",\"Tend\u00eancias\"],\"inLanguage\":\"pt-BR\",\"potentialAction\":[{\"@type\":\"CommentAction\",\"name\":\"Comment\",\"target\":[\"https:\\\/\\\/metarh.com.br\\\/metarhnews\\\/rh-2025\\\/#respond\"]}],\"copyrightYear\":\"2024\",\"copyrightHolder\":{\"@id\":\"https:\\\/\\\/metarh.com.br\\\/metarhnews\\\/#organization\"}},{\"@type\":\"WebPage\",\"@id\":\"https:\\\/\\\/metarh.com.br\\\/metarhnews\\\/rh-2025\\\/\",\"url\":\"https:\\\/\\\/metarh.com.br\\\/metarhnews\\\/rh-2025\\\/\",\"name\":\"Tend\u00eancias de RH para 2025: prepare sua empresa para o futuro\",\"isPartOf\":{\"@id\":\"https:\\\/\\\/metarh.com.br\\\/metarhnews\\\/#website\"},\"primaryImageOfPage\":{\"@id\":\"https:\\\/\\\/metarh.com.br\\\/metarhnews\\\/rh-2025\\\/#primaryimage\"},\"image\":{\"@id\":\"https:\\\/\\\/metarh.com.br\\\/metarhnews\\\/rh-2025\\\/#primaryimage\"},\"thumbnailUrl\":\"https:\\\/\\\/metarh.com.br\\\/metarhnews\\\/wp-content\\\/uploads\\\/2024\\\/12\\\/Tendencias-RH-2025.png\",\"datePublished\":\"2024-12-11T14:29:04+00:00\",\"dateModified\":\"2026-01-08T18:15:47+00:00\",\"description\":\"Tend\u00eancias de RH 2025: prepare sua empresa para o futuro do trabalho com inova\u00e7\u00f5es em gest\u00e3o de talentos e lideran\u00e7a.\",\"breadcrumb\":{\"@id\":\"https:\\\/\\\/metarh.com.br\\\/metarhnews\\\/rh-2025\\\/#breadcrumb\"},\"inLanguage\":\"pt-BR\",\"potentialAction\":[{\"@type\":\"ReadAction\",\"target\":[\"https:\\\/\\\/metarh.com.br\\\/metarhnews\\\/rh-2025\\\/\"]}]},{\"@type\":\"ImageObject\",\"inLanguage\":\"pt-BR\",\"@id\":\"https:\\\/\\\/metarh.com.br\\\/metarhnews\\\/rh-2025\\\/#primaryimage\",\"url\":\"https:\\\/\\\/metarh.com.br\\\/metarhnews\\\/wp-content\\\/uploads\\\/2024\\\/12\\\/Tendencias-RH-2025.png\",\"contentUrl\":\"https:\\\/\\\/metarh.com.br\\\/metarhnews\\\/wp-content\\\/uploads\\\/2024\\\/12\\\/Tendencias-RH-2025.png\",\"width\":1060,\"height\":700,\"caption\":\"Tend\u00eancias de RH para 2025: prepare sua empresa para o futuro\"},{\"@type\":\"BreadcrumbList\",\"@id\":\"https:\\\/\\\/metarh.com.br\\\/metarhnews\\\/rh-2025\\\/#breadcrumb\",\"itemListElement\":[{\"@type\":\"ListItem\",\"position\":1,\"name\":\"In\u00edcio\",\"item\":\"https:\\\/\\\/metarh.com.br\\\/metarhnews\\\/\"},{\"@type\":\"ListItem\",\"position\":2,\"name\":\"Tend\u00eancias de RH para 2025: prepare sua empresa para o futuro\"}]},{\"@type\":\"WebSite\",\"@id\":\"https:\\\/\\\/metarh.com.br\\\/metarhnews\\\/#website\",\"url\":\"https:\\\/\\\/metarh.com.br\\\/metarhnews\\\/\",\"name\":\"METARH +News\",\"description\":\"Conte\u00fado focado em Gest\u00e3o de Pessoas\",\"publisher\":{\"@id\":\"https:\\\/\\\/metarh.com.br\\\/metarhnews\\\/#organization\"},\"potentialAction\":[{\"@type\":\"SearchAction\",\"target\":{\"@type\":\"EntryPoint\",\"urlTemplate\":\"https:\\\/\\\/metarh.com.br\\\/metarhnews\\\/?s={search_term_string}\"},\"query-input\":{\"@type\":\"PropertyValueSpecification\",\"valueRequired\":true,\"valueName\":\"search_term_string\"}}],\"inLanguage\":\"pt-BR\"},{\"@type\":\"Organization\",\"@id\":\"https:\\\/\\\/metarh.com.br\\\/metarhnews\\\/#organization\",\"name\":\"METARH +Humana\",\"url\":\"https:\\\/\\\/metarh.com.br\\\/metarhnews\\\/\",\"logo\":{\"@type\":\"ImageObject\",\"inLanguage\":\"pt-BR\",\"@id\":\"https:\\\/\\\/metarh.com.br\\\/metarhnews\\\/#\\\/schema\\\/logo\\\/image\\\/\",\"url\":\"https:\\\/\\\/metarh.com.br\\\/metarhnews\\\/wp-content\\\/uploads\\\/2025\\\/02\\\/METARH-Azul-Horizontal.png\",\"contentUrl\":\"https:\\\/\\\/metarh.com.br\\\/metarhnews\\\/wp-content\\\/uploads\\\/2025\\\/02\\\/METARH-Azul-Horizontal.png\",\"width\":1002,\"height\":303,\"caption\":\"METARH +Humana\"},\"image\":{\"@id\":\"https:\\\/\\\/metarh.com.br\\\/metarhnews\\\/#\\\/schema\\\/logo\\\/image\\\/\"},\"sameAs\":[\"https:\\\/\\\/www.facebook.com\\\/metarhumana\",\"https:\\\/\\\/x.com\\\/metarhumana\",\"https:\\\/\\\/www.instagram.com\\\/metarhumana\\\/\",\"https:\\\/\\\/www.youtube.com\\\/@metarhumana\"]},{\"@type\":\"Person\",\"@id\":\"https:\\\/\\\/metarh.com.br\\\/metarhnews\\\/#\\\/schema\\\/person\\\/930900bc40677695dc9df602ec0366d0\",\"name\":\"METARH\",\"image\":{\"@type\":\"ImageObject\",\"inLanguage\":\"pt-BR\",\"@id\":\"https:\\\/\\\/secure.gravatar.com\\\/avatar\\\/e03963382c9576f1c9989940c2d59ebc780df154afc76a079627bbbdb3dcefa1?s=96&d=mm&r=g\",\"url\":\"https:\\\/\\\/secure.gravatar.com\\\/avatar\\\/e03963382c9576f1c9989940c2d59ebc780df154afc76a079627bbbdb3dcefa1?s=96&d=mm&r=g\",\"contentUrl\":\"https:\\\/\\\/secure.gravatar.com\\\/avatar\\\/e03963382c9576f1c9989940c2d59ebc780df154afc76a079627bbbdb3dcefa1?s=96&d=mm&r=g\",\"caption\":\"METARH\"},\"description\":\"Somos uma consultoria de recursos humanos com mais de 40 anos de mercado, ajudando empresas como a sua a encontrarem o talento certo. Nossos processos s\u00e3o focados no sucesso dos clientes sem deixar de lado a experi\u00eancia positiva das pessoas candidatas.\",\"sameAs\":[\"http:\\\/\\\/www.metarh.com.br\",\"https:\\\/\\\/www.facebook.com\\\/metarhconsultoria\",\"https:\\\/\\\/www.instagram.com\\\/metarhconsultoria\\\/\",\"https:\\\/\\\/www.linkedin.com\\\/company\\\/metarhconsultoria\",\"http:\\\/\\\/youtube.com\\\/@metarhconsultoria\"],\"url\":\"https:\\\/\\\/metarh.com.br\\\/metarhnews\\\/author\\\/editorial-metarh\\\/\"}]}<\/script>\n<!-- \/ Yoast SEO Premium plugin. -->","yoast_head_json":{"title":"Tend\u00eancias de RH para 2025: prepare sua empresa para o futuro","description":"Tend\u00eancias de RH 2025: prepare sua empresa para o futuro do trabalho com inova\u00e7\u00f5es em gest\u00e3o de talentos e lideran\u00e7a.","robots":{"index":"index","follow":"follow","max-snippet":"max-snippet:-1","max-image-preview":"max-image-preview:large","max-video-preview":"max-video-preview:-1"},"canonical":"https:\/\/metarh.com.br\/metarhnews\/rh-2025\/","og_locale":"pt_BR","og_type":"article","og_title":"Tend\u00eancias de RH para 2025: prepare sua empresa para o futuro","og_description":"Tend\u00eancias de RH 2025: prepare sua empresa para o futuro do trabalho com inova\u00e7\u00f5es em gest\u00e3o de talentos e lideran\u00e7a.","og_url":"https:\/\/metarh.com.br\/metarhnews\/rh-2025\/","og_site_name":"METARH +News","article_publisher":"https:\/\/www.facebook.com\/metarhumana","article_author":"https:\/\/www.facebook.com\/metarhconsultoria","article_published_time":"2024-12-11T14:29:04+00:00","article_modified_time":"2026-01-08T18:15:47+00:00","og_image":[{"width":1060,"height":700,"url":"https:\/\/metarh.com.br\/metarhnews\/wp-content\/uploads\/2024\/12\/Tendencias-RH-2025.png","type":"image\/png"}],"author":"METARH","twitter_card":"summary_large_image","twitter_creator":"@metarhumana","twitter_site":"@metarhumana","twitter_misc":{"Escrito por":"METARH","Est. tempo de leitura":"7 minutos"},"schema":{"@context":"https:\/\/schema.org","@graph":[{"@type":"Article","@id":"https:\/\/metarh.com.br\/metarhnews\/rh-2025\/#article","isPartOf":{"@id":"https:\/\/metarh.com.br\/metarhnews\/rh-2025\/"},"author":{"name":"METARH","@id":"https:\/\/metarh.com.br\/metarhnews\/#\/schema\/person\/930900bc40677695dc9df602ec0366d0"},"headline":"Tend\u00eancias de RH para 2025: prepare sua empresa para o futuro","datePublished":"2024-12-11T14:29:04+00:00","dateModified":"2026-01-08T18:15:47+00:00","mainEntityOfPage":{"@id":"https:\/\/metarh.com.br\/metarhnews\/rh-2025\/"},"wordCount":1303,"commentCount":0,"publisher":{"@id":"https:\/\/metarh.com.br\/metarhnews\/#organization"},"image":{"@id":"https:\/\/metarh.com.br\/metarhnews\/rh-2025\/#primaryimage"},"thumbnailUrl":"https:\/\/metarh.com.br\/metarhnews\/wp-content\/uploads\/2024\/12\/Tendencias-RH-2025.png","articleSection":["Descoberta","Dicas","Mat\u00e9rias","Tend\u00eancias"],"inLanguage":"pt-BR","potentialAction":[{"@type":"CommentAction","name":"Comment","target":["https:\/\/metarh.com.br\/metarhnews\/rh-2025\/#respond"]}],"copyrightYear":"2024","copyrightHolder":{"@id":"https:\/\/metarh.com.br\/metarhnews\/#organization"}},{"@type":"WebPage","@id":"https:\/\/metarh.com.br\/metarhnews\/rh-2025\/","url":"https:\/\/metarh.com.br\/metarhnews\/rh-2025\/","name":"Tend\u00eancias de RH para 2025: prepare sua empresa para o futuro","isPartOf":{"@id":"https:\/\/metarh.com.br\/metarhnews\/#website"},"primaryImageOfPage":{"@id":"https:\/\/metarh.com.br\/metarhnews\/rh-2025\/#primaryimage"},"image":{"@id":"https:\/\/metarh.com.br\/metarhnews\/rh-2025\/#primaryimage"},"thumbnailUrl":"https:\/\/metarh.com.br\/metarhnews\/wp-content\/uploads\/2024\/12\/Tendencias-RH-2025.png","datePublished":"2024-12-11T14:29:04+00:00","dateModified":"2026-01-08T18:15:47+00:00","description":"Tend\u00eancias de RH 2025: prepare sua empresa para o futuro do trabalho com inova\u00e7\u00f5es em gest\u00e3o de talentos e lideran\u00e7a.","breadcrumb":{"@id":"https:\/\/metarh.com.br\/metarhnews\/rh-2025\/#breadcrumb"},"inLanguage":"pt-BR","potentialAction":[{"@type":"ReadAction","target":["https:\/\/metarh.com.br\/metarhnews\/rh-2025\/"]}]},{"@type":"ImageObject","inLanguage":"pt-BR","@id":"https:\/\/metarh.com.br\/metarhnews\/rh-2025\/#primaryimage","url":"https:\/\/metarh.com.br\/metarhnews\/wp-content\/uploads\/2024\/12\/Tendencias-RH-2025.png","contentUrl":"https:\/\/metarh.com.br\/metarhnews\/wp-content\/uploads\/2024\/12\/Tendencias-RH-2025.png","width":1060,"height":700,"caption":"Tend\u00eancias de RH para 2025: prepare sua empresa para o futuro"},{"@type":"BreadcrumbList","@id":"https:\/\/metarh.com.br\/metarhnews\/rh-2025\/#breadcrumb","itemListElement":[{"@type":"ListItem","position":1,"name":"In\u00edcio","item":"https:\/\/metarh.com.br\/metarhnews\/"},{"@type":"ListItem","position":2,"name":"Tend\u00eancias de RH para 2025: prepare sua empresa para o futuro"}]},{"@type":"WebSite","@id":"https:\/\/metarh.com.br\/metarhnews\/#website","url":"https:\/\/metarh.com.br\/metarhnews\/","name":"METARH +News","description":"Conte\u00fado focado em Gest\u00e3o de Pessoas","publisher":{"@id":"https:\/\/metarh.com.br\/metarhnews\/#organization"},"potentialAction":[{"@type":"SearchAction","target":{"@type":"EntryPoint","urlTemplate":"https:\/\/metarh.com.br\/metarhnews\/?s={search_term_string}"},"query-input":{"@type":"PropertyValueSpecification","valueRequired":true,"valueName":"search_term_string"}}],"inLanguage":"pt-BR"},{"@type":"Organization","@id":"https:\/\/metarh.com.br\/metarhnews\/#organization","name":"METARH +Humana","url":"https:\/\/metarh.com.br\/metarhnews\/","logo":{"@type":"ImageObject","inLanguage":"pt-BR","@id":"https:\/\/metarh.com.br\/metarhnews\/#\/schema\/logo\/image\/","url":"https:\/\/metarh.com.br\/metarhnews\/wp-content\/uploads\/2025\/02\/METARH-Azul-Horizontal.png","contentUrl":"https:\/\/metarh.com.br\/metarhnews\/wp-content\/uploads\/2025\/02\/METARH-Azul-Horizontal.png","width":1002,"height":303,"caption":"METARH +Humana"},"image":{"@id":"https:\/\/metarh.com.br\/metarhnews\/#\/schema\/logo\/image\/"},"sameAs":["https:\/\/www.facebook.com\/metarhumana","https:\/\/x.com\/metarhumana","https:\/\/www.instagram.com\/metarhumana\/","https:\/\/www.youtube.com\/@metarhumana"]},{"@type":"Person","@id":"https:\/\/metarh.com.br\/metarhnews\/#\/schema\/person\/930900bc40677695dc9df602ec0366d0","name":"METARH","image":{"@type":"ImageObject","inLanguage":"pt-BR","@id":"https:\/\/secure.gravatar.com\/avatar\/e03963382c9576f1c9989940c2d59ebc780df154afc76a079627bbbdb3dcefa1?s=96&d=mm&r=g","url":"https:\/\/secure.gravatar.com\/avatar\/e03963382c9576f1c9989940c2d59ebc780df154afc76a079627bbbdb3dcefa1?s=96&d=mm&r=g","contentUrl":"https:\/\/secure.gravatar.com\/avatar\/e03963382c9576f1c9989940c2d59ebc780df154afc76a079627bbbdb3dcefa1?s=96&d=mm&r=g","caption":"METARH"},"description":"Somos uma consultoria de recursos humanos com mais de 40 anos de mercado, ajudando empresas como a sua a encontrarem o talento certo. Nossos processos s\u00e3o focados no sucesso dos clientes sem deixar de lado a experi\u00eancia positiva das pessoas candidatas.","sameAs":["http:\/\/www.metarh.com.br","https:\/\/www.facebook.com\/metarhconsultoria","https:\/\/www.instagram.com\/metarhconsultoria\/","https:\/\/www.linkedin.com\/company\/metarhconsultoria","http:\/\/youtube.com\/@metarhconsultoria"],"url":"https:\/\/metarh.com.br\/metarhnews\/author\/editorial-metarh\/"}]}},"_links":{"self":[{"href":"https:\/\/metarh.com.br\/metarhnews\/wp-json\/wp\/v2\/posts\/16423","targetHints":{"allow":["GET"]}}],"collection":[{"href":"https:\/\/metarh.com.br\/metarhnews\/wp-json\/wp\/v2\/posts"}],"about":[{"href":"https:\/\/metarh.com.br\/metarhnews\/wp-json\/wp\/v2\/types\/post"}],"author":[{"embeddable":true,"href":"https:\/\/metarh.com.br\/metarhnews\/wp-json\/wp\/v2\/users\/4"}],"replies":[{"embeddable":true,"href":"https:\/\/metarh.com.br\/metarhnews\/wp-json\/wp\/v2\/comments?post=16423"}],"version-history":[{"count":2,"href":"https:\/\/metarh.com.br\/metarhnews\/wp-json\/wp\/v2\/posts\/16423\/revisions"}],"predecessor-version":[{"id":17017,"href":"https:\/\/metarh.com.br\/metarhnews\/wp-json\/wp\/v2\/posts\/16423\/revisions\/17017"}],"wp:featuredmedia":[{"embeddable":true,"href":"https:\/\/metarh.com.br\/metarhnews\/wp-json\/wp\/v2\/media\/16424"}],"wp:attachment":[{"href":"https:\/\/metarh.com.br\/metarhnews\/wp-json\/wp\/v2\/media?parent=16423"}],"wp:term":[{"taxonomy":"category","embeddable":true,"href":"https:\/\/metarh.com.br\/metarhnews\/wp-json\/wp\/v2\/categories?post=16423"},{"taxonomy":"post_tag","embeddable":true,"href":"https:\/\/metarh.com.br\/metarhnews\/wp-json\/wp\/v2\/tags?post=16423"}],"curies":[{"name":"wp","href":"https:\/\/api.w.org\/{rel}","templated":true}]}}