{"id":16427,"date":"2025-01-08T08:59:19","date_gmt":"2025-01-08T11:59:19","guid":{"rendered":"https:\/\/metarh.com.br\/metarhnews\/?p=16427"},"modified":"2025-11-17T15:04:45","modified_gmt":"2025-11-17T18:04:45","slug":"objetivos-profissionais","status":"publish","type":"post","link":"https:\/\/metarh.com.br\/metarhnews\/objetivos-profissionais\/","title":{"rendered":"Passo a passo para come\u00e7ar o ano definindo objetivos profissionais"},"content":{"rendered":"\n<p>Em <em>Alice no Pa\u00eds das Maravilhas<\/em>, Lewis Carroll escreveu: \u201cpara quem n\u00e3o sabe para onde vai, qualquer caminho serve\u201d. Mas, quando se trata de <strong>objetivos profissionais<\/strong>, deixar o futuro no improviso n\u00e3o costuma ser uma boa ideia.<\/p>\n\n\n\n<p>Definir metas de carreira \u00e9 a melhor maneira de garantir que suas a\u00e7\u00f5es realmente te levem ao sucesso. E, c\u00e1 entre n\u00f3s, o come\u00e7o de um novo ano \u00e9 o momento perfeito para fazer esse planejamento.<\/p>\n\n\n\n<p>Se voc\u00ea deseja come\u00e7ar 2025 com objetivos bem definidos, junte-se a n\u00f3s na leitura deste post!<\/p>\n\n\n\n<h2 class=\"wp-block-heading\"><strong>O que s\u00e3o objetivos profissionais?<\/strong><\/h2>\n\n\n\n<p>Os objetivos profissionais s\u00e3o, basicamente, as pretens\u00f5es que voc\u00ea estabelece para sua carreira.&nbsp;<\/p>\n\n\n\n<p>Em outras palavras, <strong>eles representam as conquistas que voc\u00ea deseja alcan\u00e7ar <\/strong>e servem para orientar seu crescimento no mercado de trabalho.<\/p>\n\n\n\n<p><strong>Objetivos X Metas: principais diferen\u00e7as&nbsp;<\/strong><\/p>\n\n\n\n<p>Quando falamos sobre planejamento profissional, \u00e9 comum que os conceitos de \u201cobjetivo\u201d e \u201cmeta\u201d sejam usados como sin\u00f4nimo.&nbsp;<\/p>\n\n\n\n<p>Por isso, \u00e9 importante esclarecer que eles t\u00eam significados distintos (embora sejam complementares).<\/p>\n\n\n\n<p><strong>Os objetivos s\u00e3o declara\u00e7\u00f5es mais amplas e estrat\u00e9gicas sobre o que voc\u00ea deseja alcan\u00e7ar ao longo do tempo.<\/strong>\u00a0<\/p>\n\n\n\n<p>Eles representam o \u201conde\u201d voc\u00ea quer chegar, como conquistar a t\u00e3o sonhada <a href=\"https:\/\/metarh.com.br\/metarhnews\/promocao-trabalho\/\" target=\"_blank\" rel=\"noreferrer noopener\">promo\u00e7\u00e3o no trabalho<\/a> ou fazer uma <a href=\"https:\/\/metarh.com.br\/metarhnews\/transicao-carreira\/\" target=\"_blank\" rel=\"noreferrer noopener\">transi\u00e7\u00e3o de carreira<\/a>.<\/p>\n\n\n\n<p>Enquanto isso, <strong>as metas<\/strong> <strong>s\u00e3o a\u00e7\u00f5es espec\u00edficas, mensur\u00e1veis e de curto a m\u00e9dio prazo <\/strong>que voc\u00ea deve realizar para alcan\u00e7ar esses objetivos.&nbsp;<\/p>\n\n\n\n<p>Por exemplo, se o seu objetivo \u00e9 se tornar um l\u00edder, suas metas podem incluir a\u00e7\u00f5es como fazer um curso de desenvolvimento de lideran\u00e7a ou assumir a lideran\u00e7a de um projeto pequeno.<\/p>\n\n\n\n<h2 class=\"wp-block-heading\"><strong>Por que definir objetivos e metas para a sua carreira?<\/strong><\/h2>\n\n\n\n<p>Como vimos, tanto o objetivo quanto as metas s\u00e3o essenciais dentro do planejamento profissional e devem ser trabalhados em conjunto.<\/p>\n\n\n\n<p>Sem elas, \u00e9 f\u00e1cil se perder em meio \u00e0s oportunidades e desafios di\u00e1rios, tornando dif\u00edcil alcan\u00e7ar um crescimento consistente.&nbsp;<\/p>\n\n\n\n<p>Afinal, como Lewis Carroll nos lembra, quem n\u00e3o sabe para onde vai acaba escolhendo qualquer caminho, muitas vezes sem dire\u00e7\u00e3o clara ou prop\u00f3sito.<\/p>\n\n\n\n<p>Definir objetivos e metas \u00e9, portanto, o primeiro passo para que sua trajet\u00f3ria profissional seja guiada pela inten\u00e7\u00e3o e pela estrat\u00e9gia, e n\u00e3o pelo acaso.<\/p>\n\n\n\n<p>Gra\u00e7as a elas, \u00e9 muito mais prov\u00e1vel que voc\u00ea consiga:<\/p>\n\n\n\n<ul class=\"wp-block-list\">\n<li>Evitar dispers\u00f5es;<\/li>\n\n\n\n<li>Identificar e aproveitar as oportunidades que realmente fazem sentido;<\/li>\n\n\n\n<li>Desenvolver habilidades-chaves;<\/li>\n\n\n\n<li>Acompanhar os seus avan\u00e7os e se manter motivado;<\/li>\n\n\n\n<li>Criar um plano de carreira sustent\u00e1vel.<\/li>\n<\/ul>\n\n\n\n<figure class=\"wp-block-image size-large\"><a href=\"https:\/\/metarh.com.br\/nossas-vagas\/\" target=\"_blank\" rel=\"noreferrer noopener\"><img fetchpriority=\"high\" decoding=\"async\" width=\"1024\" height=\"614\" src=\"https:\/\/metarh.com.br\/metarhnews\/wp-content\/uploads\/2025\/01\/Anuncio-H-TEMOS-VAGAS-v3-1024x614.png\" alt=\"\" class=\"wp-image-16429\" srcset=\"https:\/\/metarh.com.br\/metarhnews\/wp-content\/uploads\/2025\/01\/Anuncio-H-TEMOS-VAGAS-v3-1024x614.png 1024w, https:\/\/metarh.com.br\/metarhnews\/wp-content\/uploads\/2025\/01\/Anuncio-H-TEMOS-VAGAS-v3-300x180.png 300w, https:\/\/metarh.com.br\/metarhnews\/wp-content\/uploads\/2025\/01\/Anuncio-H-TEMOS-VAGAS-v3-768x461.png 768w, https:\/\/metarh.com.br\/metarhnews\/wp-content\/uploads\/2025\/01\/Anuncio-H-TEMOS-VAGAS-v3-1536x922.png 1536w, https:\/\/metarh.com.br\/metarhnews\/wp-content\/uploads\/2025\/01\/Anuncio-H-TEMOS-VAGAS-v3-2048x1229.png 2048w\" sizes=\"(max-width: 1024px) 100vw, 1024px\" \/><\/a><\/figure>\n\n\n\n<h2 class=\"wp-block-heading\"><strong>6 dicas para definir bons objetivos profissionais\u00a0<\/strong><\/h2>\n\n\n\n<p>Agora que voc\u00ea entendeu a import\u00e2ncia de ter objetivos profissionais claros, chegou a hora de aprender o passo a passo para defini-los. Vamos l\u00e1?<\/p>\n\n\n\n<ol class=\"wp-block-list\">\n<li><strong>Mergulhe no autoconhecimento<\/strong><\/li>\n<\/ol>\n\n\n\n<p>Antes de definir qualquer objetivo profissional, \u00e9 extremamente importante que voc\u00ea conhe\u00e7a suas pr\u00f3prias paix\u00f5es, pontos fortes, fraquezas e valores.&nbsp;<\/p>\n\n\n\n<p>Esse autoconhecimento te ajudar\u00e1 a estabelecer objetivos que realmente ressoem com sua identidade e que sejam sustent\u00e1veis a longo prazo.&nbsp;<\/p>\n\n\n\n<p>Pergunte-se, por exemplo:<\/p>\n\n\n\n<ul class=\"wp-block-list\">\n<li>O que voc\u00ea gosta de fazer?\u00a0<\/li>\n\n\n\n<li>Quais s\u00e3o suas habilidades naturais?\u00a0<\/li>\n\n\n\n<li>O que voc\u00ea considera essencial para se sentir realizado (a) no trabalho?<\/li>\n\n\n\n<li>Que tipo de ambiente de trabalho te deixa mais motivado?<\/li>\n\n\n\n<li>O que voc\u00ea gostaria de aprender?<\/li>\n\n\n\n<li>Qual legado voc\u00ea gostaria de deixar?<\/li>\n<\/ul>\n\n\n\n<ol class=\"wp-block-list\" start=\"2\">\n<li><strong>Estude sobre as oportunidades do mercado<\/strong><\/li>\n<\/ol>\n\n\n\n<p>Depois de olhar para dentro, o pr\u00f3ximo passo \u00e9 olhar para fora para entender as oportunidades que o mercado oferece e como elas se conectam com os seus interesses.<\/p>\n\n\n\n<p>A pesquisa sobre as tend\u00eancias do setor em que voc\u00ea atua, novas tecnologias, \u00e1reas em crescimento e as habilidades em alta podem te ajudar a tomar decis\u00f5es mais realistas e promissoras.<\/p>\n\n\n\n<ol class=\"wp-block-list\" start=\"3\">\n<li><strong>Utilize o m\u00e9todo SMART<\/strong><\/li>\n<\/ol>\n\n\n\n<p>O m\u00e9todo SMART \u00e9 uma metodologia amplamente utilizada na defini\u00e7\u00e3o de objetivos e metas sustent\u00e1veis.<\/p>\n\n\n\n<p>Segundo essa abordagem, h\u00e1 cinco crit\u00e9rios que os objetivos devem atender para serem considerados \u201cinteligentes\u201d. S\u00e3o eles:<\/p>\n\n\n\n<ul class=\"wp-block-list\">\n<li><strong>S (Espec\u00edfico)<\/strong>: o objetivo precisa ser claro, para que voc\u00ea saiba exatamente o que est\u00e1 buscando.<\/li>\n<\/ul>\n\n\n\n<ul class=\"wp-block-list\">\n<li><strong>M (Mensur\u00e1vel)<\/strong>: deve ser poss\u00edvel medir o progresso, permitindo que voc\u00ea acompanhe como est\u00e1 evoluindo em dire\u00e7\u00e3o ao seu objetivo.<\/li>\n<\/ul>\n\n\n\n<ul class=\"wp-block-list\">\n<li><strong>A (Alcan\u00e7\u00e1vel)<\/strong>: o objetivo deve ser realista, levando em conta seus recursos, habilidades e as condi\u00e7\u00f5es atuais em que se encontra.<\/li>\n<\/ul>\n\n\n\n<ul class=\"wp-block-list\">\n<li><strong>R (Relevante)<\/strong>: o objetivo precisa ser significativo para voc\u00ea, alinhando-se com suas prioridades, valores e aspira\u00e7\u00f5es profissionais.<\/li>\n<\/ul>\n\n\n\n<ul class=\"wp-block-list\">\n<li><strong>T (Tempo)<\/strong>: deve haver um prazo claro e realista para alcan\u00e7ar o objetivo, ajudando a manter o foco e a disciplina.<\/li>\n<\/ul>\n\n\n\n<ol class=\"wp-block-list\" start=\"4\">\n<li><strong>Pe\u00e7a o feedback de algu\u00e9m mais experiente<\/strong><\/li>\n<\/ol>\n\n\n\n<p>Ap\u00f3s definir seus objetivos e metas, pe\u00e7a para um(a) mentor(a), chefe ou colega mais experiente dar uma olhada no seu plano.\u00a0<\/p>\n\n\n\n<p>Eles podem oferecer <a href=\"https:\/\/metarh.com.br\/metarhnews\/feedback-feedforward\/\" target=\"_blank\" rel=\"noreferrer noopener\">feedbacks<\/a> valiosos, ajudar a identificar pontos cegos e sugerir maneiras mais eficazes de alcan\u00e7ar as metas tra\u00e7adas.<\/p>\n\n\n\n<ol class=\"wp-block-list\" start=\"5\">\n<li><strong>Esteja aberto (a) para recalcular a rota<\/strong><\/li>\n<\/ol>\n\n\n\n<p>A jornada profissional nem sempre segue um caminho linear. Afinal, tanto as condi\u00e7\u00f5es do mercado quanto os seus interesses podem mudar.<\/p>\n\n\n\n<p>Nesse sentido, \u00e9 importante que haja espa\u00e7o para revisar e ajustar seus objetivos periodicamente.&nbsp;<\/p>\n\n\n\n<p>A capacidade de adapta\u00e7\u00e3o \u00e9 uma habilidade indispens\u00e1vel para os profissionais que desejam ter sucesso em um mundo altamente din\u00e2mico e em constante evolu\u00e7\u00e3o!<\/p>\n\n\n\n<ol class=\"wp-block-list\" start=\"6\">\n<li><strong>Celebre as pequenas conquistas<\/strong><\/li>\n<\/ol>\n\n\n\n<p>Por \u00faltimo, mas n\u00e3o menos importante, tenha em mente que os grandes objetivos s\u00e3o conquistados a partir de pequenas vit\u00f3rias.<\/p>\n\n\n\n<p>Celebrar essas conquistas intermedi\u00e1rias \u00e9 um jeito de manter a motiva\u00e7\u00e3o e o entusiasmo ao longo do processo.&nbsp;<\/p>\n\n\n\n<p>Portanto, lembre-se de definir pequenas metas ao longo do caminho, que funcionem como marcos que voc\u00ea possa comemorar.<\/p>\n\n\n\n<figure class=\"wp-block-image size-large\"><img decoding=\"async\" width=\"1024\" height=\"470\" src=\"https:\/\/metarh.com.br\/metarhnews\/wp-content\/uploads\/2024\/04\/Header-METARH-Site-v2-1024x470.jpg\" alt=\"\" class=\"wp-image-16175\" srcset=\"https:\/\/metarh.com.br\/metarhnews\/wp-content\/uploads\/2024\/04\/Header-METARH-Site-v2-1024x470.jpg 1024w, https:\/\/metarh.com.br\/metarhnews\/wp-content\/uploads\/2024\/04\/Header-METARH-Site-v2-300x138.jpg 300w, https:\/\/metarh.com.br\/metarhnews\/wp-content\/uploads\/2024\/04\/Header-METARH-Site-v2-768x353.jpg 768w, https:\/\/metarh.com.br\/metarhnews\/wp-content\/uploads\/2024\/04\/Header-METARH-Site-v2-1536x706.jpg 1536w, https:\/\/metarh.com.br\/metarhnews\/wp-content\/uploads\/2024\/04\/Header-METARH-Site-v2.jpg 1600w\" sizes=\"(max-width: 1024px) 100vw, 1024px\" \/><\/figure>\n\n\n\n<p>Definir objetivos profissionais no in\u00edcio do ano \u00e9 uma maneira poderosa de dar dire\u00e7\u00e3o \u00e0 sua carreira.&nbsp;<\/p>\n\n\n\n<p>Esperamos que, ao estabelecer metas claras e bem definidas, voc\u00ea consiga direcionar melhor suas a\u00e7\u00f5es e criar um mapa para o crescimento de longo prazo.&nbsp;<\/p>\n\n\n\n<p>Lembre-se de que o processo \u00e9 cont\u00ednuo, e o mais importante \u00e9 seguir ajustando e celebrando os avan\u00e7os ao longo dele!<\/p>\n\n\n\n<p>Agora que voc\u00ea est\u00e1 pronto(a) para definir seus objetivos profissionais, aproveite para dar o pr\u00f3ximo passo na sua jornada de desenvolvimento. <a href=\"https:\/\/metarh.com.br\/nossas-vagas\/\" target=\"_blank\" rel=\"noreferrer noopener\">Confira nossas vagas e encontre uma oportunidade alinhada com os seus planos!<\/a><\/p>\n<div style=\"margin-top: 0px; margin-bottom: 0px;\" class=\"sharethis-inline-share-buttons\" ><\/div>","protected":false},"excerpt":{"rendered":"<p>Em Alice no Pa\u00eds das Maravilhas, Lewis Carroll escreveu: \u201cpara quem n\u00e3o sabe para onde vai, qualquer caminho serve\u201d. Mas, quando se trata de objetivos profissionais, deixar o futuro no improviso n\u00e3o costuma ser uma boa ideia. Definir metas de carreira \u00e9 a melhor maneira de garantir que suas a\u00e7\u00f5es realmente te levem ao sucesso&#8230;.<\/p>\n","protected":false},"author":4,"featured_media":16428,"comment_status":"open","ping_status":"open","sticky":false,"template":"","format":"standard","meta":{"_kadence_starter_templates_imported_post":false,"_kad_post_transparent":"","_kad_post_title":"","_kad_post_layout":"","_kad_post_sidebar_id":"","_kad_post_content_style":"","_kad_post_vertical_padding":"","_kad_post_feature":"","_kad_post_feature_position":"","_kad_post_header":false,"_kad_post_footer":false,"_kad_post_classname":"","footnotes":""},"categories":[145,163,2],"tags":[],"class_list":["post-16427","post","type-post","status-publish","format-standard","has-post-thumbnail","hentry","category-carreira","category-descoberta-de-conteudos-de-rh","category-materias"],"yoast_head":"<!-- This site is optimized with the Yoast SEO Premium plugin v26.6 (Yoast SEO v27.5) - https:\/\/yoast.com\/product\/yoast-seo-premium-wordpress\/ -->\n<title>Passo a passo para come\u00e7ar o ano definindo objetivos profissionais<\/title>\n<meta name=\"description\" content=\"e voc\u00ea deseja come\u00e7ar 2025 com objetivos profissionais bem definidos, junte-se a n\u00f3s na leitura deste post!\" \/>\n<meta name=\"robots\" content=\"index, follow, max-snippet:-1, max-image-preview:large, max-video-preview:-1\" \/>\n<link rel=\"canonical\" href=\"https:\/\/metarh.com.br\/metarhnews\/objetivos-profissionais\/\" \/>\n<meta property=\"og:locale\" content=\"pt_BR\" \/>\n<meta property=\"og:type\" content=\"article\" \/>\n<meta property=\"og:title\" content=\"Passo a passo para come\u00e7ar o ano definindo objetivos profissionais\" \/>\n<meta property=\"og:description\" content=\"e voc\u00ea deseja come\u00e7ar 2025 com objetivos profissionais bem definidos, junte-se a n\u00f3s na leitura deste post!\" \/>\n<meta property=\"og:url\" content=\"https:\/\/metarh.com.br\/metarhnews\/objetivos-profissionais\/\" \/>\n<meta property=\"og:site_name\" content=\"METARH +News\" \/>\n<meta property=\"article:publisher\" content=\"https:\/\/www.facebook.com\/metarhumana\" \/>\n<meta property=\"article:author\" content=\"https:\/\/www.facebook.com\/metarhconsultoria\" \/>\n<meta property=\"article:published_time\" content=\"2025-01-08T11:59:19+00:00\" \/>\n<meta property=\"article:modified_time\" content=\"2025-11-17T18:04:45+00:00\" \/>\n<meta property=\"og:image\" content=\"https:\/\/metarh.com.br\/metarhnews\/wp-content\/uploads\/2025\/01\/Objetivos-Profissinais-horizontal.png\" \/>\n\t<meta property=\"og:image:width\" content=\"1060\" \/>\n\t<meta property=\"og:image:height\" content=\"700\" \/>\n\t<meta property=\"og:image:type\" content=\"image\/png\" \/>\n<meta name=\"author\" content=\"METARH\" \/>\n<meta name=\"twitter:card\" content=\"summary_large_image\" \/>\n<meta name=\"twitter:creator\" content=\"@metarhumana\" \/>\n<meta name=\"twitter:site\" content=\"@metarhumana\" \/>\n<meta name=\"twitter:label1\" content=\"Escrito por\" \/>\n\t<meta name=\"twitter:data1\" content=\"METARH\" \/>\n\t<meta name=\"twitter:label2\" content=\"Est. tempo de leitura\" \/>\n\t<meta name=\"twitter:data2\" content=\"7 minutos\" \/>\n<script type=\"application\/ld+json\" class=\"yoast-schema-graph\">{\"@context\":\"https:\\\/\\\/schema.org\",\"@graph\":[{\"@type\":\"Article\",\"@id\":\"https:\\\/\\\/metarh.com.br\\\/metarhnews\\\/objetivos-profissionais\\\/#article\",\"isPartOf\":{\"@id\":\"https:\\\/\\\/metarh.com.br\\\/metarhnews\\\/objetivos-profissionais\\\/\"},\"author\":{\"name\":\"METARH\",\"@id\":\"https:\\\/\\\/metarh.com.br\\\/metarhnews\\\/#\\\/schema\\\/person\\\/930900bc40677695dc9df602ec0366d0\"},\"headline\":\"Passo a passo para come\u00e7ar o ano definindo objetivos profissionais\",\"datePublished\":\"2025-01-08T11:59:19+00:00\",\"dateModified\":\"2025-11-17T18:04:45+00:00\",\"mainEntityOfPage\":{\"@id\":\"https:\\\/\\\/metarh.com.br\\\/metarhnews\\\/objetivos-profissionais\\\/\"},\"wordCount\":1080,\"commentCount\":0,\"publisher\":{\"@id\":\"https:\\\/\\\/metarh.com.br\\\/metarhnews\\\/#organization\"},\"image\":{\"@id\":\"https:\\\/\\\/metarh.com.br\\\/metarhnews\\\/objetivos-profissionais\\\/#primaryimage\"},\"thumbnailUrl\":\"https:\\\/\\\/metarh.com.br\\\/metarhnews\\\/wp-content\\\/uploads\\\/2025\\\/01\\\/Objetivos-Profissinais-horizontal.png\",\"articleSection\":[\"Carreira\",\"Descoberta\",\"Mat\u00e9rias\"],\"inLanguage\":\"pt-BR\",\"potentialAction\":[{\"@type\":\"CommentAction\",\"name\":\"Comment\",\"target\":[\"https:\\\/\\\/metarh.com.br\\\/metarhnews\\\/objetivos-profissionais\\\/#respond\"]}],\"copyrightYear\":\"2025\",\"copyrightHolder\":{\"@id\":\"https:\\\/\\\/metarh.com.br\\\/metarhnews\\\/#organization\"}},{\"@type\":\"WebPage\",\"@id\":\"https:\\\/\\\/metarh.com.br\\\/metarhnews\\\/objetivos-profissionais\\\/\",\"url\":\"https:\\\/\\\/metarh.com.br\\\/metarhnews\\\/objetivos-profissionais\\\/\",\"name\":\"Passo a passo para come\u00e7ar o ano definindo objetivos profissionais\",\"isPartOf\":{\"@id\":\"https:\\\/\\\/metarh.com.br\\\/metarhnews\\\/#website\"},\"primaryImageOfPage\":{\"@id\":\"https:\\\/\\\/metarh.com.br\\\/metarhnews\\\/objetivos-profissionais\\\/#primaryimage\"},\"image\":{\"@id\":\"https:\\\/\\\/metarh.com.br\\\/metarhnews\\\/objetivos-profissionais\\\/#primaryimage\"},\"thumbnailUrl\":\"https:\\\/\\\/metarh.com.br\\\/metarhnews\\\/wp-content\\\/uploads\\\/2025\\\/01\\\/Objetivos-Profissinais-horizontal.png\",\"datePublished\":\"2025-01-08T11:59:19+00:00\",\"dateModified\":\"2025-11-17T18:04:45+00:00\",\"description\":\"e voc\u00ea deseja come\u00e7ar 2025 com objetivos profissionais bem definidos, junte-se a n\u00f3s na leitura deste post!\",\"breadcrumb\":{\"@id\":\"https:\\\/\\\/metarh.com.br\\\/metarhnews\\\/objetivos-profissionais\\\/#breadcrumb\"},\"inLanguage\":\"pt-BR\",\"potentialAction\":[{\"@type\":\"ReadAction\",\"target\":[\"https:\\\/\\\/metarh.com.br\\\/metarhnews\\\/objetivos-profissionais\\\/\"]}]},{\"@type\":\"ImageObject\",\"inLanguage\":\"pt-BR\",\"@id\":\"https:\\\/\\\/metarh.com.br\\\/metarhnews\\\/objetivos-profissionais\\\/#primaryimage\",\"url\":\"https:\\\/\\\/metarh.com.br\\\/metarhnews\\\/wp-content\\\/uploads\\\/2025\\\/01\\\/Objetivos-Profissinais-horizontal.png\",\"contentUrl\":\"https:\\\/\\\/metarh.com.br\\\/metarhnews\\\/wp-content\\\/uploads\\\/2025\\\/01\\\/Objetivos-Profissinais-horizontal.png\",\"width\":1060,\"height\":700,\"caption\":\"Passo a passo para come\u00e7ar o ano definindo objetivos profissionais\"},{\"@type\":\"BreadcrumbList\",\"@id\":\"https:\\\/\\\/metarh.com.br\\\/metarhnews\\\/objetivos-profissionais\\\/#breadcrumb\",\"itemListElement\":[{\"@type\":\"ListItem\",\"position\":1,\"name\":\"In\u00edcio\",\"item\":\"https:\\\/\\\/metarh.com.br\\\/metarhnews\\\/\"},{\"@type\":\"ListItem\",\"position\":2,\"name\":\"Passo a passo para come\u00e7ar o ano definindo objetivos profissionais\"}]},{\"@type\":\"WebSite\",\"@id\":\"https:\\\/\\\/metarh.com.br\\\/metarhnews\\\/#website\",\"url\":\"https:\\\/\\\/metarh.com.br\\\/metarhnews\\\/\",\"name\":\"METARH +News\",\"description\":\"Conte\u00fado focado em Gest\u00e3o de Pessoas\",\"publisher\":{\"@id\":\"https:\\\/\\\/metarh.com.br\\\/metarhnews\\\/#organization\"},\"potentialAction\":[{\"@type\":\"SearchAction\",\"target\":{\"@type\":\"EntryPoint\",\"urlTemplate\":\"https:\\\/\\\/metarh.com.br\\\/metarhnews\\\/?s={search_term_string}\"},\"query-input\":{\"@type\":\"PropertyValueSpecification\",\"valueRequired\":true,\"valueName\":\"search_term_string\"}}],\"inLanguage\":\"pt-BR\"},{\"@type\":\"Organization\",\"@id\":\"https:\\\/\\\/metarh.com.br\\\/metarhnews\\\/#organization\",\"name\":\"METARH +Humana\",\"url\":\"https:\\\/\\\/metarh.com.br\\\/metarhnews\\\/\",\"logo\":{\"@type\":\"ImageObject\",\"inLanguage\":\"pt-BR\",\"@id\":\"https:\\\/\\\/metarh.com.br\\\/metarhnews\\\/#\\\/schema\\\/logo\\\/image\\\/\",\"url\":\"https:\\\/\\\/metarh.com.br\\\/metarhnews\\\/wp-content\\\/uploads\\\/2025\\\/02\\\/METARH-Azul-Horizontal.png\",\"contentUrl\":\"https:\\\/\\\/metarh.com.br\\\/metarhnews\\\/wp-content\\\/uploads\\\/2025\\\/02\\\/METARH-Azul-Horizontal.png\",\"width\":1002,\"height\":303,\"caption\":\"METARH +Humana\"},\"image\":{\"@id\":\"https:\\\/\\\/metarh.com.br\\\/metarhnews\\\/#\\\/schema\\\/logo\\\/image\\\/\"},\"sameAs\":[\"https:\\\/\\\/www.facebook.com\\\/metarhumana\",\"https:\\\/\\\/x.com\\\/metarhumana\",\"https:\\\/\\\/www.instagram.com\\\/metarhumana\\\/\",\"https:\\\/\\\/www.youtube.com\\\/@metarhumana\"]},{\"@type\":\"Person\",\"@id\":\"https:\\\/\\\/metarh.com.br\\\/metarhnews\\\/#\\\/schema\\\/person\\\/930900bc40677695dc9df602ec0366d0\",\"name\":\"METARH\",\"image\":{\"@type\":\"ImageObject\",\"inLanguage\":\"pt-BR\",\"@id\":\"https:\\\/\\\/secure.gravatar.com\\\/avatar\\\/e03963382c9576f1c9989940c2d59ebc780df154afc76a079627bbbdb3dcefa1?s=96&d=mm&r=g\",\"url\":\"https:\\\/\\\/secure.gravatar.com\\\/avatar\\\/e03963382c9576f1c9989940c2d59ebc780df154afc76a079627bbbdb3dcefa1?s=96&d=mm&r=g\",\"contentUrl\":\"https:\\\/\\\/secure.gravatar.com\\\/avatar\\\/e03963382c9576f1c9989940c2d59ebc780df154afc76a079627bbbdb3dcefa1?s=96&d=mm&r=g\",\"caption\":\"METARH\"},\"description\":\"Somos uma consultoria de recursos humanos com mais de 40 anos de mercado, ajudando empresas como a sua a encontrarem o talento certo. Nossos processos s\u00e3o focados no sucesso dos clientes sem deixar de lado a experi\u00eancia positiva das pessoas candidatas.\",\"sameAs\":[\"http:\\\/\\\/www.metarh.com.br\",\"https:\\\/\\\/www.facebook.com\\\/metarhconsultoria\",\"https:\\\/\\\/www.instagram.com\\\/metarhconsultoria\\\/\",\"https:\\\/\\\/www.linkedin.com\\\/company\\\/metarhconsultoria\",\"http:\\\/\\\/youtube.com\\\/@metarhconsultoria\"],\"url\":\"https:\\\/\\\/metarh.com.br\\\/metarhnews\\\/author\\\/editorial-metarh\\\/\"}]}<\/script>\n<!-- \/ Yoast SEO Premium plugin. -->","yoast_head_json":{"title":"Passo a passo para come\u00e7ar o ano definindo objetivos profissionais","description":"e voc\u00ea deseja come\u00e7ar 2025 com objetivos profissionais bem definidos, junte-se a n\u00f3s na leitura deste post!","robots":{"index":"index","follow":"follow","max-snippet":"max-snippet:-1","max-image-preview":"max-image-preview:large","max-video-preview":"max-video-preview:-1"},"canonical":"https:\/\/metarh.com.br\/metarhnews\/objetivos-profissionais\/","og_locale":"pt_BR","og_type":"article","og_title":"Passo a passo para come\u00e7ar o ano definindo objetivos profissionais","og_description":"e voc\u00ea deseja come\u00e7ar 2025 com objetivos profissionais bem definidos, junte-se a n\u00f3s na leitura deste post!","og_url":"https:\/\/metarh.com.br\/metarhnews\/objetivos-profissionais\/","og_site_name":"METARH +News","article_publisher":"https:\/\/www.facebook.com\/metarhumana","article_author":"https:\/\/www.facebook.com\/metarhconsultoria","article_published_time":"2025-01-08T11:59:19+00:00","article_modified_time":"2025-11-17T18:04:45+00:00","og_image":[{"width":1060,"height":700,"url":"https:\/\/metarh.com.br\/metarhnews\/wp-content\/uploads\/2025\/01\/Objetivos-Profissinais-horizontal.png","type":"image\/png"}],"author":"METARH","twitter_card":"summary_large_image","twitter_creator":"@metarhumana","twitter_site":"@metarhumana","twitter_misc":{"Escrito por":"METARH","Est. tempo de leitura":"7 minutos"},"schema":{"@context":"https:\/\/schema.org","@graph":[{"@type":"Article","@id":"https:\/\/metarh.com.br\/metarhnews\/objetivos-profissionais\/#article","isPartOf":{"@id":"https:\/\/metarh.com.br\/metarhnews\/objetivos-profissionais\/"},"author":{"name":"METARH","@id":"https:\/\/metarh.com.br\/metarhnews\/#\/schema\/person\/930900bc40677695dc9df602ec0366d0"},"headline":"Passo a passo para come\u00e7ar o ano definindo objetivos profissionais","datePublished":"2025-01-08T11:59:19+00:00","dateModified":"2025-11-17T18:04:45+00:00","mainEntityOfPage":{"@id":"https:\/\/metarh.com.br\/metarhnews\/objetivos-profissionais\/"},"wordCount":1080,"commentCount":0,"publisher":{"@id":"https:\/\/metarh.com.br\/metarhnews\/#organization"},"image":{"@id":"https:\/\/metarh.com.br\/metarhnews\/objetivos-profissionais\/#primaryimage"},"thumbnailUrl":"https:\/\/metarh.com.br\/metarhnews\/wp-content\/uploads\/2025\/01\/Objetivos-Profissinais-horizontal.png","articleSection":["Carreira","Descoberta","Mat\u00e9rias"],"inLanguage":"pt-BR","potentialAction":[{"@type":"CommentAction","name":"Comment","target":["https:\/\/metarh.com.br\/metarhnews\/objetivos-profissionais\/#respond"]}],"copyrightYear":"2025","copyrightHolder":{"@id":"https:\/\/metarh.com.br\/metarhnews\/#organization"}},{"@type":"WebPage","@id":"https:\/\/metarh.com.br\/metarhnews\/objetivos-profissionais\/","url":"https:\/\/metarh.com.br\/metarhnews\/objetivos-profissionais\/","name":"Passo a passo para come\u00e7ar o ano definindo objetivos profissionais","isPartOf":{"@id":"https:\/\/metarh.com.br\/metarhnews\/#website"},"primaryImageOfPage":{"@id":"https:\/\/metarh.com.br\/metarhnews\/objetivos-profissionais\/#primaryimage"},"image":{"@id":"https:\/\/metarh.com.br\/metarhnews\/objetivos-profissionais\/#primaryimage"},"thumbnailUrl":"https:\/\/metarh.com.br\/metarhnews\/wp-content\/uploads\/2025\/01\/Objetivos-Profissinais-horizontal.png","datePublished":"2025-01-08T11:59:19+00:00","dateModified":"2025-11-17T18:04:45+00:00","description":"e voc\u00ea deseja come\u00e7ar 2025 com objetivos profissionais bem definidos, junte-se a n\u00f3s na leitura deste post!","breadcrumb":{"@id":"https:\/\/metarh.com.br\/metarhnews\/objetivos-profissionais\/#breadcrumb"},"inLanguage":"pt-BR","potentialAction":[{"@type":"ReadAction","target":["https:\/\/metarh.com.br\/metarhnews\/objetivos-profissionais\/"]}]},{"@type":"ImageObject","inLanguage":"pt-BR","@id":"https:\/\/metarh.com.br\/metarhnews\/objetivos-profissionais\/#primaryimage","url":"https:\/\/metarh.com.br\/metarhnews\/wp-content\/uploads\/2025\/01\/Objetivos-Profissinais-horizontal.png","contentUrl":"https:\/\/metarh.com.br\/metarhnews\/wp-content\/uploads\/2025\/01\/Objetivos-Profissinais-horizontal.png","width":1060,"height":700,"caption":"Passo a passo para come\u00e7ar o ano definindo objetivos profissionais"},{"@type":"BreadcrumbList","@id":"https:\/\/metarh.com.br\/metarhnews\/objetivos-profissionais\/#breadcrumb","itemListElement":[{"@type":"ListItem","position":1,"name":"In\u00edcio","item":"https:\/\/metarh.com.br\/metarhnews\/"},{"@type":"ListItem","position":2,"name":"Passo a passo para come\u00e7ar o ano definindo objetivos profissionais"}]},{"@type":"WebSite","@id":"https:\/\/metarh.com.br\/metarhnews\/#website","url":"https:\/\/metarh.com.br\/metarhnews\/","name":"METARH +News","description":"Conte\u00fado focado em Gest\u00e3o de Pessoas","publisher":{"@id":"https:\/\/metarh.com.br\/metarhnews\/#organization"},"potentialAction":[{"@type":"SearchAction","target":{"@type":"EntryPoint","urlTemplate":"https:\/\/metarh.com.br\/metarhnews\/?s={search_term_string}"},"query-input":{"@type":"PropertyValueSpecification","valueRequired":true,"valueName":"search_term_string"}}],"inLanguage":"pt-BR"},{"@type":"Organization","@id":"https:\/\/metarh.com.br\/metarhnews\/#organization","name":"METARH +Humana","url":"https:\/\/metarh.com.br\/metarhnews\/","logo":{"@type":"ImageObject","inLanguage":"pt-BR","@id":"https:\/\/metarh.com.br\/metarhnews\/#\/schema\/logo\/image\/","url":"https:\/\/metarh.com.br\/metarhnews\/wp-content\/uploads\/2025\/02\/METARH-Azul-Horizontal.png","contentUrl":"https:\/\/metarh.com.br\/metarhnews\/wp-content\/uploads\/2025\/02\/METARH-Azul-Horizontal.png","width":1002,"height":303,"caption":"METARH +Humana"},"image":{"@id":"https:\/\/metarh.com.br\/metarhnews\/#\/schema\/logo\/image\/"},"sameAs":["https:\/\/www.facebook.com\/metarhumana","https:\/\/x.com\/metarhumana","https:\/\/www.instagram.com\/metarhumana\/","https:\/\/www.youtube.com\/@metarhumana"]},{"@type":"Person","@id":"https:\/\/metarh.com.br\/metarhnews\/#\/schema\/person\/930900bc40677695dc9df602ec0366d0","name":"METARH","image":{"@type":"ImageObject","inLanguage":"pt-BR","@id":"https:\/\/secure.gravatar.com\/avatar\/e03963382c9576f1c9989940c2d59ebc780df154afc76a079627bbbdb3dcefa1?s=96&d=mm&r=g","url":"https:\/\/secure.gravatar.com\/avatar\/e03963382c9576f1c9989940c2d59ebc780df154afc76a079627bbbdb3dcefa1?s=96&d=mm&r=g","contentUrl":"https:\/\/secure.gravatar.com\/avatar\/e03963382c9576f1c9989940c2d59ebc780df154afc76a079627bbbdb3dcefa1?s=96&d=mm&r=g","caption":"METARH"},"description":"Somos uma consultoria de recursos humanos com mais de 40 anos de mercado, ajudando empresas como a sua a encontrarem o talento certo. Nossos processos s\u00e3o focados no sucesso dos clientes sem deixar de lado a experi\u00eancia positiva das pessoas candidatas.","sameAs":["http:\/\/www.metarh.com.br","https:\/\/www.facebook.com\/metarhconsultoria","https:\/\/www.instagram.com\/metarhconsultoria\/","https:\/\/www.linkedin.com\/company\/metarhconsultoria","http:\/\/youtube.com\/@metarhconsultoria"],"url":"https:\/\/metarh.com.br\/metarhnews\/author\/editorial-metarh\/"}]}},"_links":{"self":[{"href":"https:\/\/metarh.com.br\/metarhnews\/wp-json\/wp\/v2\/posts\/16427","targetHints":{"allow":["GET"]}}],"collection":[{"href":"https:\/\/metarh.com.br\/metarhnews\/wp-json\/wp\/v2\/posts"}],"about":[{"href":"https:\/\/metarh.com.br\/metarhnews\/wp-json\/wp\/v2\/types\/post"}],"author":[{"embeddable":true,"href":"https:\/\/metarh.com.br\/metarhnews\/wp-json\/wp\/v2\/users\/4"}],"replies":[{"embeddable":true,"href":"https:\/\/metarh.com.br\/metarhnews\/wp-json\/wp\/v2\/comments?post=16427"}],"version-history":[{"count":1,"href":"https:\/\/metarh.com.br\/metarhnews\/wp-json\/wp\/v2\/posts\/16427\/revisions"}],"predecessor-version":[{"id":16430,"href":"https:\/\/metarh.com.br\/metarhnews\/wp-json\/wp\/v2\/posts\/16427\/revisions\/16430"}],"wp:featuredmedia":[{"embeddable":true,"href":"https:\/\/metarh.com.br\/metarhnews\/wp-json\/wp\/v2\/media\/16428"}],"wp:attachment":[{"href":"https:\/\/metarh.com.br\/metarhnews\/wp-json\/wp\/v2\/media?parent=16427"}],"wp:term":[{"taxonomy":"category","embeddable":true,"href":"https:\/\/metarh.com.br\/metarhnews\/wp-json\/wp\/v2\/categories?post=16427"},{"taxonomy":"post_tag","embeddable":true,"href":"https:\/\/metarh.com.br\/metarhnews\/wp-json\/wp\/v2\/tags?post=16427"}],"curies":[{"name":"wp","href":"https:\/\/api.w.org\/{rel}","templated":true}]}}