{"id":16431,"date":"2025-01-14T10:57:15","date_gmt":"2025-01-14T13:57:15","guid":{"rendered":"https:\/\/metarh.com.br\/metarhnews\/?p=16431"},"modified":"2025-11-17T15:03:52","modified_gmt":"2025-11-17T18:03:52","slug":"janeiro-branco","status":"publish","type":"post","link":"https:\/\/metarh.com.br\/metarhnews\/janeiro-branco\/","title":{"rendered":"Janeiro Branco: 5 ideias para promover a campanha na sua empresa"},"content":{"rendered":"\n<p>O in\u00edcio do ano \u00e9 marcado por uma campanha cada vez mais relevante: o <strong>Janeiro Branco<\/strong>, m\u00eas de conscientiza\u00e7\u00e3o sobre sa\u00fade mental e emocional.<\/p>\n\n\n\n<p>Em um contexto onde \u201cansiedade\u201d foi eleita pelos brasileiros e brasileiras como <a href=\"https:\/\/oglobo.globo.com\/saude\/noticia\/2024\/12\/06\/ansiedade-e-eleita-a-palavra-do-ano-de-2024-no-brasil-segundo-pesquisa-entenda.ghtml\" target=\"_blank\" rel=\"noreferrer noopener\">a palavra que melhor definiu o ano de 2024<\/a>, nunca foi t\u00e3o necess\u00e1rio refletir e falar abertamente sobre o assunto.\u00a0<\/p>\n\n\n\n<p>E, como o trabalho ocupa um espa\u00e7o significativo na vida de todos, \u00e9 mais do que v\u00e1lido levar essa discuss\u00e3o para dentro das organiza\u00e7\u00f5es tamb\u00e9m.<\/p>\n\n\n\n<p>Pensando nisso, separamos algumas ideias pr\u00e1ticas para ajudar sua empresa a abra\u00e7ar essa causa e promover um ambiente de trabalho mais consciente. Bora conferir?<\/p>\n\n\n\n<h2 class=\"wp-block-heading\"><strong>O que \u00e9 o Janeiro Branco?<\/strong><\/h2>\n\n\n\n<p>Como explicamos brevemente, o Janeiro Branco \u00e9 uma campanha que chama a aten\u00e7\u00e3o da sociedade para os cuidados com a <a href=\"https:\/\/metarh.com.br\/metarhnews\/lideranca-saude-mental-2\/\" target=\"_blank\" rel=\"noreferrer noopener\">sa\u00fade mental<\/a> e emocional.<\/p>\n\n\n\n<p>A iniciativa foi idealizada em 2014 pelo psic\u00f3logo Leonardo Abrah\u00e3o, que mobilizou colegas de profiss\u00e3o em Uberl\u00e2ndia (MG) para ir \u00e0s ruas e conversar diretamente com a popula\u00e7\u00e3o sobre o tema.<\/p>\n\n\n\n<p>Desde ent\u00e3o, a campanha se consolidou como um dos <strong>maiores movimentos globais em prol do bem-estar emocional e da qualidade de vida<\/strong>.<\/p>\n\n\n\n<p>Vale mencionar que a escolha do m\u00eas de janeiro n\u00e3o se deu por acaso: sendo um per\u00edodo tradicionalmente ligado a novos come\u00e7os e reflex\u00f5es, ele tamb\u00e9m \u00e9 perfeito para inspirar as pessoas a colocarem o autocuidado como prioridade.<\/p>\n\n\n\n<h2 class=\"wp-block-heading\"><strong>Principais objetivos da campanha<\/strong><\/h2>\n\n\n\n<p>Nos \u00faltimos 10 anos, o Janeiro Branco tem trabalhado ativamente para <strong>construir uma cultura que valorize a sa\u00fade mental e o bem-estar emocional.&nbsp;<\/strong><\/p>\n\n\n\n<p>Para isso, ela se desdobra em tr\u00eas objetivos principais:<\/p>\n\n\n\n<p><strong>1. Ampliar a conscientiza\u00e7\u00e3o<\/strong><\/p>\n\n\n\n<p>Um dos focos do Janeiro Branco \u00e9 aumentar a visibilidade da sa\u00fade mental como um dos pilares essenciais do bem-estar humano.&nbsp;<\/p>\n\n\n\n<p>A campanha promove a\u00e7\u00f5es que levam informa\u00e7\u00f5es sobre transtornos psicol\u00f3gicos, como a ansiedade e a depress\u00e3o, e a import\u00e2ncia do tratamento.<\/p>\n\n\n\n<p>O objetivo \u00e9 reduzir estigmas, mostrando como a sa\u00fade mental impacta em todas as outras \u00e1reas da vida e que cuidar da mente \u00e9 t\u00e3o fundamental quanto cuidar do corpo.<\/p>\n\n\n\n<p><strong>2. Fomentar a educa\u00e7\u00e3o emocional<\/strong><\/p>\n\n\n\n<p>A campanha tamb\u00e9m atua como um espa\u00e7o para ensinar habilidades emocionais que ajudam as pessoas a lidar melhor com os desafios do dia a dia.&nbsp;<\/p>\n\n\n\n<p>Isso inclui aprender a reconhecer e expressar emo\u00e7\u00f5es, desenvolver resili\u00eancia, melhorar a comunica\u00e7\u00e3o interpessoal e criar estrat\u00e9gias para enfrentar situa\u00e7\u00f5es estressantes.&nbsp;<\/p>\n\n\n\n<p><strong>3. Estimular a preven\u00e7\u00e3o e o autocuidado<\/strong><\/p>\n\n\n\n<p>Por \u00faltimo, o Janeiro Branco tamb\u00e9m incentiva pr\u00e1ticas que ajudam a evitar o surgimento ou agravamento de problemas emocionais, como:<\/p>\n\n\n\n<ul class=\"wp-block-list\">\n<li>Buscar momentos de descanso;<\/li>\n\n\n\n<li>Cultivar rela\u00e7\u00f5es de apoio;<\/li>\n\n\n\n<li>Adotar h\u00e1bitos saud\u00e1veis, como praticar atividade f\u00edsica regularmente, se alimentar bem e ter uma boa rotina de sono.<\/li>\n\n\n\n<li>E, principalmente, procurar ajuda profissional quando necess\u00e1rio.\u00a0<\/li>\n<\/ul>\n\n\n\n<p>O autocuidado \u00e9 apresentado como um ato de amor-pr\u00f3prio e um investimento indispens\u00e1vel para o equil\u00edbrio mental.<\/p>\n\n\n\n<figure class=\"wp-block-image size-large\"><a href=\"https:\/\/conteudo.metarh.com.br\/saude-mental-e-turnover\" target=\"_blank\" rel=\"noreferrer noopener\"><img fetchpriority=\"high\" decoding=\"async\" width=\"1024\" height=\"377\" src=\"https:\/\/metarh.com.br\/metarhnews\/wp-content\/uploads\/2023\/04\/saude_mental_turnover-1024x377.jpg\" alt=\"Sa\u00fade Mental\" class=\"wp-image-14862\" srcset=\"https:\/\/metarh.com.br\/metarhnews\/wp-content\/uploads\/2023\/04\/saude_mental_turnover-1024x377.jpg 1024w, https:\/\/metarh.com.br\/metarhnews\/wp-content\/uploads\/2023\/04\/saude_mental_turnover-300x110.jpg 300w, https:\/\/metarh.com.br\/metarhnews\/wp-content\/uploads\/2023\/04\/saude_mental_turnover-768x283.jpg 768w, https:\/\/metarh.com.br\/metarhnews\/wp-content\/uploads\/2023\/04\/saude_mental_turnover-1536x565.jpg 1536w, https:\/\/metarh.com.br\/metarhnews\/wp-content\/uploads\/2023\/04\/saude_mental_turnover.jpg 1900w\" sizes=\"(max-width: 1024px) 100vw, 1024px\" \/><\/a><\/figure>\n\n\n\n<h2 class=\"wp-block-heading\"><strong>Por que promover o Janeiro Branco nas empresas?<\/strong><\/h2>\n\n\n\n<p>Em 2023, uma pesquisa realizada pelo <a href=\"https:\/\/forbes.com.br\/forbessaude\/2023\/05\/arthur-guerra-liderancas-afetam-mais-a-saude-mental-dos-colaboradores-que-terapeuta\/#:~:text=Uma%20interessante%20pesquisa%20feita%20pelo,um%20c%C3%B4njuge%20ou%20parceiro%20amoroso.\" target=\"_blank\" rel=\"noreferrer noopener\">Workforce Institute<\/a> constatou que as lideran\u00e7as t\u00eam um impacto maior na sa\u00fade mental das pessoas colaboradoras do que terapeutas ou at\u00e9 mesmo seus pr\u00f3prios c\u00f4njuges.<\/p>\n\n\n\n<p>Esse dado ajuda a demonstrar o papel que o trabalho ocupa na vida das pessoas, podendo tanto ser uma fonte de satisfa\u00e7\u00e3o quanto um fator que afeta negativamente o bem-estar.<\/p>\n\n\n\n<p>Mas ele n\u00e3o est\u00e1 sozinho. Basta olhar para outros levantamentos recentes para entender por que as empresas precisam continuar falando sobre sa\u00fade mental e agindo em prol dela.<\/p>\n\n\n\n<p>De 2014 pra c\u00e1, por exemplo, o <a href=\"https:\/\/agenciabrasil.ebc.com.br\/radioagencia-nacional\/saude\/audio\/2024-08\/afastamento-por-sindrome-de-burnout-cresceu-1000-em-relacao-2014\" target=\"_blank\" rel=\"noreferrer noopener\">afastamento por s\u00edndrome de Burnout<\/a>, condi\u00e7\u00e3o que geralmente \u00e9 acompanhada por sintomas da\u00a0ansiedade e da depress\u00e3o, aumentou em 1.000%.<\/p>\n\n\n\n<p>Em paralelo, dados do Minist\u00e9rio da Previd\u00eancia Social\u00a0mostraram que houve um <a href=\"https:\/\/valor.globo.com\/carreira\/noticia\/2024\/01\/22\/afastamentos-por-transtornos-de-saude-mental-sobem-38.ghtml\" target=\"_blank\" rel=\"noreferrer noopener\">aumento de 38% nos afastamentos por transtornos mentais no trabalho<\/a> entre 2022 e 2023.<\/p>\n\n\n\n<h2 class=\"wp-block-heading\"><strong>5 ideias para apoiar o Janeiro Branco<\/strong><\/h2>\n\n\n\n<p>Para que o objetivo central do Janeiro Branco \u2013 construir uma cultura de sa\u00fade mental \u2013 seja alcan\u00e7ado, as empresas tamb\u00e9m precisam se engajar nessa causa.<\/p>\n\n\n\n<p>Dito isso, aqui est\u00e3o algumas sugest\u00f5es de a\u00e7\u00f5es que podem ser realizadas para promover a campanha entre as pessoas colaboradoras:<\/p>\n\n\n\n<ol class=\"wp-block-list\">\n<li><strong>Palestras e treinamentos<\/strong><\/li>\n<\/ol>\n\n\n\n<p>Uma das maneiras mais comuns de participar do Janeiro Branco \u00e9 organizar palestras e treinamentos sobre sa\u00fade mental no ambiente de trabalho, conduzidas por profissionais da \u00e1rea.<\/p>\n\n\n\n<p>Esses eventos podem abordar temas como reconhecimento de sinais de estresse, ansiedade, depress\u00e3o e <a href=\"https:\/\/metarh.com.br\/metarhnews\/burnout-metarh-cast-11\/\" target=\"_blank\" rel=\"noreferrer noopener\">Burnout<\/a>, al\u00e9m de t\u00e9cnicas para gerenciar emo\u00e7\u00f5es e promover uma melhor qualidade de vida no dia a dia.<\/p>\n\n\n\n<ol class=\"wp-block-list\" start=\"2\">\n<li><strong>Acompanhamento psicol\u00f3gico<\/strong><\/li>\n<\/ol>\n\n\n\n<p>A busca por ajuda psicol\u00f3gica ainda \u00e9 um tabu para muitas pessoas, especialmente em ambientes corporativos.&nbsp;<\/p>\n\n\n\n<p>Ao oferecer esse suporte, seja por meio de um programa de apoio psicol\u00f3gico ou parceria com cl\u00ednicas especializadas, sua empresa pode ajudar a quebrar essa resist\u00eancia e mostrar que cuidar da sa\u00fade mental \u00e9 uma prioridade.<\/p>\n\n\n\n<ol class=\"wp-block-list\" start=\"3\">\n<li><strong>Espa\u00e7os de troca\u00a0<\/strong><\/li>\n<\/ol>\n\n\n\n<p>Criar espa\u00e7os de troca, como grupos de apoio ou rodas de conversa, pode ser uma excelente maneira de incentivar o compartilhamento de experi\u00eancias e sentimentos.&nbsp;<\/p>\n\n\n\n<p>Al\u00e9m de proporcionar um al\u00edvio para quem est\u00e1 passando por dificuldades, esses grupos tamb\u00e9m ajudam a reduzir o isolamento e fortalecem os la\u00e7os entre a equipe.<\/p>\n\n\n\n<p>Em paralelo a isso, \u00e9 importante que as pessoas colaboradoras se sintam confort\u00e1veis para conversar com suas lideran\u00e7as sobre quest\u00f5es emocionais ou desafios no trabalho.<\/p>\n\n\n\n<ol class=\"wp-block-list\" start=\"4\">\n<li><strong>Atividades pr\u00e1ticas<\/strong><\/li>\n<\/ol>\n\n\n\n<p>Pr\u00e1ticas como mindfulness, medita\u00e7\u00e3o e yoga s\u00e3o amplamente reconhecidas por promoverem o bem-estar emocional, ajudando a reduzir o estresse e melhorar o foco.&nbsp;<\/p>\n\n\n\n<p>Que tal, ent\u00e3o, realizar uma aula ou at\u00e9 mesmo sess\u00f5es regulares dessas atividades para o time?&nbsp;<\/p>\n\n\n\n<p>Elas certamente oferecer\u00e3o momentos de descontra\u00e7\u00e3o e relaxamento muito bem-vindos em meio \u00e0 rotina agitada!<\/p>\n\n\n\n<ol class=\"wp-block-list\" start=\"5\">\n<li><strong>Divulga\u00e7\u00e3o nos canais de comunica\u00e7\u00e3o<\/strong><\/li>\n<\/ol>\n\n\n\n<p>Quanto mais a empresa comunica sobre o tema, mais ela contribui para a desmistifica\u00e7\u00e3o da sa\u00fade mental e a constru\u00e7\u00e3o de um local de trabalho mais saud\u00e1vel.<\/p>\n\n\n\n<p>Por isso, tamb\u00e9m vale a pena utilizar os canais de comunica\u00e7\u00e3o corporativos, como intranet, e-mails e redes sociais, para divulgar o Janeiro Branco.<\/p>\n\n\n\n<p>Ao fazer isso, sua empresa n\u00e3o apenas aumenta a conscientiza\u00e7\u00e3o da equipe, mas tamb\u00e9m fortalece a imagem dela no mercado como uma organiza\u00e7\u00e3o comprometida com essas pautas.<\/p>\n\n\n\n<h2 class=\"wp-block-heading\"><strong>Uma pauta que merece aten\u00e7\u00e3o o ano inteiro<\/strong><\/h2>\n\n\n\n<p>Para concluir, n\u00e3o podemos deixar de destacar que a aten\u00e7\u00e3o para com a sa\u00fade mental das pessoas colaboradoras n\u00e3o pode ficar restrita ao m\u00eas de janeiro.<\/p>\n\n\n\n<p>Al\u00e9m disso, de pouco adianta investir em palestras e campanhas de comunica\u00e7\u00e3o se, no dia a dia, a organiza\u00e7\u00e3o n\u00e3o oferecer um ambiente de trabalho que realmente zele pelo bem-estar f\u00edsico e emocional do time.<\/p>\n\n\n\n<p><strong>A verdadeira meta deve ser promover pol\u00edticas que se traduzam em mudan\u00e7as efetivas e duradouras<\/strong>, incluindo o incentivo ao equil\u00edbrio entre vida profissional e pessoal e o suporte cont\u00ednuo.<\/p>\n\n\n\n<p>Para se aprofundar no assunto e conhecer as melhores pr\u00e1ticas, baixe agora mesmo o nosso E-book gratuito sobre <a href=\"https:\/\/conteudo.metarh.com.br\/saude-mental-e-turnover\" target=\"_blank\" rel=\"noreferrer noopener\">Sa\u00fade Mental e Turnover<\/a>!<\/p>\n<div style=\"margin-top: 0px; margin-bottom: 0px;\" class=\"sharethis-inline-share-buttons\" ><\/div>","protected":false},"excerpt":{"rendered":"<p>O in\u00edcio do ano \u00e9 marcado por uma campanha cada vez mais relevante: o Janeiro Branco, m\u00eas de conscientiza\u00e7\u00e3o sobre sa\u00fade mental e emocional. Em um contexto onde \u201cansiedade\u201d foi eleita pelos brasileiros e brasileiras como a palavra que melhor definiu o ano de 2024, nunca foi t\u00e3o necess\u00e1rio refletir e falar abertamente sobre o&#8230;<\/p>\n","protected":false},"author":4,"featured_media":16432,"comment_status":"open","ping_status":"open","sticky":false,"template":"","format":"standard","meta":{"_kadence_starter_templates_imported_post":false,"_kad_post_transparent":"","_kad_post_title":"","_kad_post_layout":"","_kad_post_sidebar_id":"","_kad_post_content_style":"","_kad_post_vertical_padding":"","_kad_post_feature":"","_kad_post_feature_position":"","_kad_post_header":false,"_kad_post_footer":false,"_kad_post_classname":"","footnotes":""},"categories":[166,163,3,149,2],"tags":[],"class_list":["post-16431","post","type-post","status-publish","format-standard","has-post-thumbnail","hentry","category-consultoria","category-descoberta-de-conteudos-de-rh","category-dicas","category-employer-branding","category-materias"],"yoast_head":"<!-- This site is optimized with the Yoast SEO Premium plugin v26.6 (Yoast SEO v27.5) - https:\/\/yoast.com\/product\/yoast-seo-premium-wordpress\/ -->\n<title>Janeiro Branco: 5 ideias para promover a campanha na sua empresa<\/title>\n<meta name=\"description\" content=\"Descubra 5 ideias para promover a campanha Janeiro Branco na sua empresa, incentivando a sa\u00fade mental e o bem-estar no ambiente de trabalho.\" \/>\n<meta name=\"robots\" content=\"index, follow, max-snippet:-1, max-image-preview:large, max-video-preview:-1\" \/>\n<link rel=\"canonical\" href=\"https:\/\/metarh.com.br\/metarhnews\/janeiro-branco\/\" \/>\n<meta property=\"og:locale\" content=\"pt_BR\" \/>\n<meta property=\"og:type\" content=\"article\" \/>\n<meta property=\"og:title\" content=\"Janeiro Branco: 5 ideias para promover a campanha na sua empresa\" \/>\n<meta property=\"og:description\" content=\"Descubra 5 ideias para promover a campanha Janeiro Branco na sua empresa, incentivando a sa\u00fade mental e o bem-estar no ambiente de trabalho.\" \/>\n<meta property=\"og:url\" content=\"https:\/\/metarh.com.br\/metarhnews\/janeiro-branco\/\" \/>\n<meta property=\"og:site_name\" content=\"METARH +News\" \/>\n<meta property=\"article:publisher\" content=\"https:\/\/www.facebook.com\/metarhumana\" \/>\n<meta property=\"article:author\" content=\"https:\/\/www.facebook.com\/metarhconsultoria\" \/>\n<meta property=\"article:published_time\" content=\"2025-01-14T13:57:15+00:00\" \/>\n<meta property=\"article:modified_time\" content=\"2025-11-17T18:03:52+00:00\" \/>\n<meta property=\"og:image\" content=\"https:\/\/metarh.com.br\/metarhnews\/wp-content\/uploads\/2025\/01\/Janeiro-Branco-Horizontal.png\" \/>\n\t<meta property=\"og:image:width\" content=\"1060\" \/>\n\t<meta property=\"og:image:height\" content=\"700\" \/>\n\t<meta property=\"og:image:type\" content=\"image\/png\" \/>\n<meta name=\"author\" content=\"METARH\" \/>\n<meta name=\"twitter:card\" content=\"summary_large_image\" \/>\n<meta name=\"twitter:creator\" content=\"@metarhumana\" \/>\n<meta name=\"twitter:site\" content=\"@metarhumana\" \/>\n<meta name=\"twitter:label1\" content=\"Escrito por\" \/>\n\t<meta name=\"twitter:data1\" content=\"METARH\" \/>\n\t<meta name=\"twitter:label2\" content=\"Est. tempo de leitura\" \/>\n\t<meta name=\"twitter:data2\" content=\"7 minutos\" \/>\n<script type=\"application\/ld+json\" class=\"yoast-schema-graph\">{\"@context\":\"https:\\\/\\\/schema.org\",\"@graph\":[{\"@type\":\"Article\",\"@id\":\"https:\\\/\\\/metarh.com.br\\\/metarhnews\\\/janeiro-branco\\\/#article\",\"isPartOf\":{\"@id\":\"https:\\\/\\\/metarh.com.br\\\/metarhnews\\\/janeiro-branco\\\/\"},\"author\":{\"name\":\"METARH\",\"@id\":\"https:\\\/\\\/metarh.com.br\\\/metarhnews\\\/#\\\/schema\\\/person\\\/930900bc40677695dc9df602ec0366d0\"},\"headline\":\"Janeiro Branco: 5 ideias para promover a campanha na sua empresa\",\"datePublished\":\"2025-01-14T13:57:15+00:00\",\"dateModified\":\"2025-11-17T18:03:52+00:00\",\"mainEntityOfPage\":{\"@id\":\"https:\\\/\\\/metarh.com.br\\\/metarhnews\\\/janeiro-branco\\\/\"},\"wordCount\":1244,\"commentCount\":0,\"publisher\":{\"@id\":\"https:\\\/\\\/metarh.com.br\\\/metarhnews\\\/#organization\"},\"image\":{\"@id\":\"https:\\\/\\\/metarh.com.br\\\/metarhnews\\\/janeiro-branco\\\/#primaryimage\"},\"thumbnailUrl\":\"https:\\\/\\\/metarh.com.br\\\/metarhnews\\\/wp-content\\\/uploads\\\/2025\\\/01\\\/Janeiro-Branco-Horizontal.png\",\"articleSection\":[\"Consultoria\",\"Descoberta\",\"Dicas\",\"Employer Branding\",\"Mat\u00e9rias\"],\"inLanguage\":\"pt-BR\",\"potentialAction\":[{\"@type\":\"CommentAction\",\"name\":\"Comment\",\"target\":[\"https:\\\/\\\/metarh.com.br\\\/metarhnews\\\/janeiro-branco\\\/#respond\"]}],\"copyrightYear\":\"2025\",\"copyrightHolder\":{\"@id\":\"https:\\\/\\\/metarh.com.br\\\/metarhnews\\\/#organization\"}},{\"@type\":\"WebPage\",\"@id\":\"https:\\\/\\\/metarh.com.br\\\/metarhnews\\\/janeiro-branco\\\/\",\"url\":\"https:\\\/\\\/metarh.com.br\\\/metarhnews\\\/janeiro-branco\\\/\",\"name\":\"Janeiro Branco: 5 ideias para promover a campanha na sua empresa\",\"isPartOf\":{\"@id\":\"https:\\\/\\\/metarh.com.br\\\/metarhnews\\\/#website\"},\"primaryImageOfPage\":{\"@id\":\"https:\\\/\\\/metarh.com.br\\\/metarhnews\\\/janeiro-branco\\\/#primaryimage\"},\"image\":{\"@id\":\"https:\\\/\\\/metarh.com.br\\\/metarhnews\\\/janeiro-branco\\\/#primaryimage\"},\"thumbnailUrl\":\"https:\\\/\\\/metarh.com.br\\\/metarhnews\\\/wp-content\\\/uploads\\\/2025\\\/01\\\/Janeiro-Branco-Horizontal.png\",\"datePublished\":\"2025-01-14T13:57:15+00:00\",\"dateModified\":\"2025-11-17T18:03:52+00:00\",\"description\":\"Descubra 5 ideias para promover a campanha Janeiro Branco na sua empresa, incentivando a sa\u00fade mental e o bem-estar no ambiente de trabalho.\",\"breadcrumb\":{\"@id\":\"https:\\\/\\\/metarh.com.br\\\/metarhnews\\\/janeiro-branco\\\/#breadcrumb\"},\"inLanguage\":\"pt-BR\",\"potentialAction\":[{\"@type\":\"ReadAction\",\"target\":[\"https:\\\/\\\/metarh.com.br\\\/metarhnews\\\/janeiro-branco\\\/\"]}]},{\"@type\":\"ImageObject\",\"inLanguage\":\"pt-BR\",\"@id\":\"https:\\\/\\\/metarh.com.br\\\/metarhnews\\\/janeiro-branco\\\/#primaryimage\",\"url\":\"https:\\\/\\\/metarh.com.br\\\/metarhnews\\\/wp-content\\\/uploads\\\/2025\\\/01\\\/Janeiro-Branco-Horizontal.png\",\"contentUrl\":\"https:\\\/\\\/metarh.com.br\\\/metarhnews\\\/wp-content\\\/uploads\\\/2025\\\/01\\\/Janeiro-Branco-Horizontal.png\",\"width\":1060,\"height\":700,\"caption\":\"Janeiro Branco: 5 ideias para promover a campanha na sua empresa\"},{\"@type\":\"BreadcrumbList\",\"@id\":\"https:\\\/\\\/metarh.com.br\\\/metarhnews\\\/janeiro-branco\\\/#breadcrumb\",\"itemListElement\":[{\"@type\":\"ListItem\",\"position\":1,\"name\":\"In\u00edcio\",\"item\":\"https:\\\/\\\/metarh.com.br\\\/metarhnews\\\/\"},{\"@type\":\"ListItem\",\"position\":2,\"name\":\"Janeiro Branco: 5 ideias para promover a campanha na sua empresa\"}]},{\"@type\":\"WebSite\",\"@id\":\"https:\\\/\\\/metarh.com.br\\\/metarhnews\\\/#website\",\"url\":\"https:\\\/\\\/metarh.com.br\\\/metarhnews\\\/\",\"name\":\"METARH +News\",\"description\":\"Conte\u00fado focado em Gest\u00e3o de Pessoas\",\"publisher\":{\"@id\":\"https:\\\/\\\/metarh.com.br\\\/metarhnews\\\/#organization\"},\"potentialAction\":[{\"@type\":\"SearchAction\",\"target\":{\"@type\":\"EntryPoint\",\"urlTemplate\":\"https:\\\/\\\/metarh.com.br\\\/metarhnews\\\/?s={search_term_string}\"},\"query-input\":{\"@type\":\"PropertyValueSpecification\",\"valueRequired\":true,\"valueName\":\"search_term_string\"}}],\"inLanguage\":\"pt-BR\"},{\"@type\":\"Organization\",\"@id\":\"https:\\\/\\\/metarh.com.br\\\/metarhnews\\\/#organization\",\"name\":\"METARH +Humana\",\"url\":\"https:\\\/\\\/metarh.com.br\\\/metarhnews\\\/\",\"logo\":{\"@type\":\"ImageObject\",\"inLanguage\":\"pt-BR\",\"@id\":\"https:\\\/\\\/metarh.com.br\\\/metarhnews\\\/#\\\/schema\\\/logo\\\/image\\\/\",\"url\":\"https:\\\/\\\/metarh.com.br\\\/metarhnews\\\/wp-content\\\/uploads\\\/2025\\\/02\\\/METARH-Azul-Horizontal.png\",\"contentUrl\":\"https:\\\/\\\/metarh.com.br\\\/metarhnews\\\/wp-content\\\/uploads\\\/2025\\\/02\\\/METARH-Azul-Horizontal.png\",\"width\":1002,\"height\":303,\"caption\":\"METARH +Humana\"},\"image\":{\"@id\":\"https:\\\/\\\/metarh.com.br\\\/metarhnews\\\/#\\\/schema\\\/logo\\\/image\\\/\"},\"sameAs\":[\"https:\\\/\\\/www.facebook.com\\\/metarhumana\",\"https:\\\/\\\/x.com\\\/metarhumana\",\"https:\\\/\\\/www.instagram.com\\\/metarhumana\\\/\",\"https:\\\/\\\/www.youtube.com\\\/@metarhumana\"]},{\"@type\":\"Person\",\"@id\":\"https:\\\/\\\/metarh.com.br\\\/metarhnews\\\/#\\\/schema\\\/person\\\/930900bc40677695dc9df602ec0366d0\",\"name\":\"METARH\",\"image\":{\"@type\":\"ImageObject\",\"inLanguage\":\"pt-BR\",\"@id\":\"https:\\\/\\\/secure.gravatar.com\\\/avatar\\\/e03963382c9576f1c9989940c2d59ebc780df154afc76a079627bbbdb3dcefa1?s=96&d=mm&r=g\",\"url\":\"https:\\\/\\\/secure.gravatar.com\\\/avatar\\\/e03963382c9576f1c9989940c2d59ebc780df154afc76a079627bbbdb3dcefa1?s=96&d=mm&r=g\",\"contentUrl\":\"https:\\\/\\\/secure.gravatar.com\\\/avatar\\\/e03963382c9576f1c9989940c2d59ebc780df154afc76a079627bbbdb3dcefa1?s=96&d=mm&r=g\",\"caption\":\"METARH\"},\"description\":\"Somos uma consultoria de recursos humanos com mais de 40 anos de mercado, ajudando empresas como a sua a encontrarem o talento certo. Nossos processos s\u00e3o focados no sucesso dos clientes sem deixar de lado a experi\u00eancia positiva das pessoas candidatas.\",\"sameAs\":[\"http:\\\/\\\/www.metarh.com.br\",\"https:\\\/\\\/www.facebook.com\\\/metarhconsultoria\",\"https:\\\/\\\/www.instagram.com\\\/metarhconsultoria\\\/\",\"https:\\\/\\\/www.linkedin.com\\\/company\\\/metarhconsultoria\",\"http:\\\/\\\/youtube.com\\\/@metarhconsultoria\"],\"url\":\"https:\\\/\\\/metarh.com.br\\\/metarhnews\\\/author\\\/editorial-metarh\\\/\"}]}<\/script>\n<!-- \/ Yoast SEO Premium plugin. -->","yoast_head_json":{"title":"Janeiro Branco: 5 ideias para promover a campanha na sua empresa","description":"Descubra 5 ideias para promover a campanha Janeiro Branco na sua empresa, incentivando a sa\u00fade mental e o bem-estar no ambiente de trabalho.","robots":{"index":"index","follow":"follow","max-snippet":"max-snippet:-1","max-image-preview":"max-image-preview:large","max-video-preview":"max-video-preview:-1"},"canonical":"https:\/\/metarh.com.br\/metarhnews\/janeiro-branco\/","og_locale":"pt_BR","og_type":"article","og_title":"Janeiro Branco: 5 ideias para promover a campanha na sua empresa","og_description":"Descubra 5 ideias para promover a campanha Janeiro Branco na sua empresa, incentivando a sa\u00fade mental e o bem-estar no ambiente de trabalho.","og_url":"https:\/\/metarh.com.br\/metarhnews\/janeiro-branco\/","og_site_name":"METARH +News","article_publisher":"https:\/\/www.facebook.com\/metarhumana","article_author":"https:\/\/www.facebook.com\/metarhconsultoria","article_published_time":"2025-01-14T13:57:15+00:00","article_modified_time":"2025-11-17T18:03:52+00:00","og_image":[{"width":1060,"height":700,"url":"https:\/\/metarh.com.br\/metarhnews\/wp-content\/uploads\/2025\/01\/Janeiro-Branco-Horizontal.png","type":"image\/png"}],"author":"METARH","twitter_card":"summary_large_image","twitter_creator":"@metarhumana","twitter_site":"@metarhumana","twitter_misc":{"Escrito por":"METARH","Est. tempo de leitura":"7 minutos"},"schema":{"@context":"https:\/\/schema.org","@graph":[{"@type":"Article","@id":"https:\/\/metarh.com.br\/metarhnews\/janeiro-branco\/#article","isPartOf":{"@id":"https:\/\/metarh.com.br\/metarhnews\/janeiro-branco\/"},"author":{"name":"METARH","@id":"https:\/\/metarh.com.br\/metarhnews\/#\/schema\/person\/930900bc40677695dc9df602ec0366d0"},"headline":"Janeiro Branco: 5 ideias para promover a campanha na sua empresa","datePublished":"2025-01-14T13:57:15+00:00","dateModified":"2025-11-17T18:03:52+00:00","mainEntityOfPage":{"@id":"https:\/\/metarh.com.br\/metarhnews\/janeiro-branco\/"},"wordCount":1244,"commentCount":0,"publisher":{"@id":"https:\/\/metarh.com.br\/metarhnews\/#organization"},"image":{"@id":"https:\/\/metarh.com.br\/metarhnews\/janeiro-branco\/#primaryimage"},"thumbnailUrl":"https:\/\/metarh.com.br\/metarhnews\/wp-content\/uploads\/2025\/01\/Janeiro-Branco-Horizontal.png","articleSection":["Consultoria","Descoberta","Dicas","Employer Branding","Mat\u00e9rias"],"inLanguage":"pt-BR","potentialAction":[{"@type":"CommentAction","name":"Comment","target":["https:\/\/metarh.com.br\/metarhnews\/janeiro-branco\/#respond"]}],"copyrightYear":"2025","copyrightHolder":{"@id":"https:\/\/metarh.com.br\/metarhnews\/#organization"}},{"@type":"WebPage","@id":"https:\/\/metarh.com.br\/metarhnews\/janeiro-branco\/","url":"https:\/\/metarh.com.br\/metarhnews\/janeiro-branco\/","name":"Janeiro Branco: 5 ideias para promover a campanha na sua empresa","isPartOf":{"@id":"https:\/\/metarh.com.br\/metarhnews\/#website"},"primaryImageOfPage":{"@id":"https:\/\/metarh.com.br\/metarhnews\/janeiro-branco\/#primaryimage"},"image":{"@id":"https:\/\/metarh.com.br\/metarhnews\/janeiro-branco\/#primaryimage"},"thumbnailUrl":"https:\/\/metarh.com.br\/metarhnews\/wp-content\/uploads\/2025\/01\/Janeiro-Branco-Horizontal.png","datePublished":"2025-01-14T13:57:15+00:00","dateModified":"2025-11-17T18:03:52+00:00","description":"Descubra 5 ideias para promover a campanha Janeiro Branco na sua empresa, incentivando a sa\u00fade mental e o bem-estar no ambiente de trabalho.","breadcrumb":{"@id":"https:\/\/metarh.com.br\/metarhnews\/janeiro-branco\/#breadcrumb"},"inLanguage":"pt-BR","potentialAction":[{"@type":"ReadAction","target":["https:\/\/metarh.com.br\/metarhnews\/janeiro-branco\/"]}]},{"@type":"ImageObject","inLanguage":"pt-BR","@id":"https:\/\/metarh.com.br\/metarhnews\/janeiro-branco\/#primaryimage","url":"https:\/\/metarh.com.br\/metarhnews\/wp-content\/uploads\/2025\/01\/Janeiro-Branco-Horizontal.png","contentUrl":"https:\/\/metarh.com.br\/metarhnews\/wp-content\/uploads\/2025\/01\/Janeiro-Branco-Horizontal.png","width":1060,"height":700,"caption":"Janeiro Branco: 5 ideias para promover a campanha na sua empresa"},{"@type":"BreadcrumbList","@id":"https:\/\/metarh.com.br\/metarhnews\/janeiro-branco\/#breadcrumb","itemListElement":[{"@type":"ListItem","position":1,"name":"In\u00edcio","item":"https:\/\/metarh.com.br\/metarhnews\/"},{"@type":"ListItem","position":2,"name":"Janeiro Branco: 5 ideias para promover a campanha na sua empresa"}]},{"@type":"WebSite","@id":"https:\/\/metarh.com.br\/metarhnews\/#website","url":"https:\/\/metarh.com.br\/metarhnews\/","name":"METARH +News","description":"Conte\u00fado focado em Gest\u00e3o de Pessoas","publisher":{"@id":"https:\/\/metarh.com.br\/metarhnews\/#organization"},"potentialAction":[{"@type":"SearchAction","target":{"@type":"EntryPoint","urlTemplate":"https:\/\/metarh.com.br\/metarhnews\/?s={search_term_string}"},"query-input":{"@type":"PropertyValueSpecification","valueRequired":true,"valueName":"search_term_string"}}],"inLanguage":"pt-BR"},{"@type":"Organization","@id":"https:\/\/metarh.com.br\/metarhnews\/#organization","name":"METARH +Humana","url":"https:\/\/metarh.com.br\/metarhnews\/","logo":{"@type":"ImageObject","inLanguage":"pt-BR","@id":"https:\/\/metarh.com.br\/metarhnews\/#\/schema\/logo\/image\/","url":"https:\/\/metarh.com.br\/metarhnews\/wp-content\/uploads\/2025\/02\/METARH-Azul-Horizontal.png","contentUrl":"https:\/\/metarh.com.br\/metarhnews\/wp-content\/uploads\/2025\/02\/METARH-Azul-Horizontal.png","width":1002,"height":303,"caption":"METARH +Humana"},"image":{"@id":"https:\/\/metarh.com.br\/metarhnews\/#\/schema\/logo\/image\/"},"sameAs":["https:\/\/www.facebook.com\/metarhumana","https:\/\/x.com\/metarhumana","https:\/\/www.instagram.com\/metarhumana\/","https:\/\/www.youtube.com\/@metarhumana"]},{"@type":"Person","@id":"https:\/\/metarh.com.br\/metarhnews\/#\/schema\/person\/930900bc40677695dc9df602ec0366d0","name":"METARH","image":{"@type":"ImageObject","inLanguage":"pt-BR","@id":"https:\/\/secure.gravatar.com\/avatar\/e03963382c9576f1c9989940c2d59ebc780df154afc76a079627bbbdb3dcefa1?s=96&d=mm&r=g","url":"https:\/\/secure.gravatar.com\/avatar\/e03963382c9576f1c9989940c2d59ebc780df154afc76a079627bbbdb3dcefa1?s=96&d=mm&r=g","contentUrl":"https:\/\/secure.gravatar.com\/avatar\/e03963382c9576f1c9989940c2d59ebc780df154afc76a079627bbbdb3dcefa1?s=96&d=mm&r=g","caption":"METARH"},"description":"Somos uma consultoria de recursos humanos com mais de 40 anos de mercado, ajudando empresas como a sua a encontrarem o talento certo. Nossos processos s\u00e3o focados no sucesso dos clientes sem deixar de lado a experi\u00eancia positiva das pessoas candidatas.","sameAs":["http:\/\/www.metarh.com.br","https:\/\/www.facebook.com\/metarhconsultoria","https:\/\/www.instagram.com\/metarhconsultoria\/","https:\/\/www.linkedin.com\/company\/metarhconsultoria","http:\/\/youtube.com\/@metarhconsultoria"],"url":"https:\/\/metarh.com.br\/metarhnews\/author\/editorial-metarh\/"}]}},"_links":{"self":[{"href":"https:\/\/metarh.com.br\/metarhnews\/wp-json\/wp\/v2\/posts\/16431","targetHints":{"allow":["GET"]}}],"collection":[{"href":"https:\/\/metarh.com.br\/metarhnews\/wp-json\/wp\/v2\/posts"}],"about":[{"href":"https:\/\/metarh.com.br\/metarhnews\/wp-json\/wp\/v2\/types\/post"}],"author":[{"embeddable":true,"href":"https:\/\/metarh.com.br\/metarhnews\/wp-json\/wp\/v2\/users\/4"}],"replies":[{"embeddable":true,"href":"https:\/\/metarh.com.br\/metarhnews\/wp-json\/wp\/v2\/comments?post=16431"}],"version-history":[{"count":1,"href":"https:\/\/metarh.com.br\/metarhnews\/wp-json\/wp\/v2\/posts\/16431\/revisions"}],"predecessor-version":[{"id":16433,"href":"https:\/\/metarh.com.br\/metarhnews\/wp-json\/wp\/v2\/posts\/16431\/revisions\/16433"}],"wp:featuredmedia":[{"embeddable":true,"href":"https:\/\/metarh.com.br\/metarhnews\/wp-json\/wp\/v2\/media\/16432"}],"wp:attachment":[{"href":"https:\/\/metarh.com.br\/metarhnews\/wp-json\/wp\/v2\/media?parent=16431"}],"wp:term":[{"taxonomy":"category","embeddable":true,"href":"https:\/\/metarh.com.br\/metarhnews\/wp-json\/wp\/v2\/categories?post=16431"},{"taxonomy":"post_tag","embeddable":true,"href":"https:\/\/metarh.com.br\/metarhnews\/wp-json\/wp\/v2\/tags?post=16431"}],"curies":[{"name":"wp","href":"https:\/\/api.w.org\/{rel}","templated":true}]}}