{"id":16440,"date":"2025-01-28T10:09:19","date_gmt":"2025-01-28T13:09:19","guid":{"rendered":"https:\/\/metarh.com.br\/metarhnews\/?p=16440"},"modified":"2026-01-21T15:42:23","modified_gmt":"2026-01-21T18:42:23","slug":"onboarding-inclusivo","status":"publish","type":"post","link":"https:\/\/metarh.com.br\/metarhnews\/onboarding-inclusivo\/","title":{"rendered":"Visibilidade trans: como promover um Onboarding inclusivo"},"content":{"rendered":"\n<p>Desde 2004, o dia 29 de janeiro \u00e9 marcado pela comemora\u00e7\u00e3o do Dia Nacional da <strong>Visibilidade Trans<\/strong> \u2013 um importante marco na luta contra a transfobia.&nbsp;<\/p>\n\n\n\n<p>Embora o apoio \u00e0 comunidade deva ser uma preocupa\u00e7\u00e3o cont\u00ednua, essa data oferece uma oportunidade extra para as organiza\u00e7\u00f5es buscarem maneiras de construir ambientes mais inclusivos.<\/p>\n\n\n\n<p>Como o Onboarding \u00e9 parte importante dessa jornada, hoje vamos refletir sobre o que as organiza\u00e7\u00f5es podem fazer para que as pessoas trans e travestis se sintam acolhidas desde o primeiro dia de trabalho.<\/p>\n\n\n\n<p>Boa leitura!<\/p>\n\n\n\n<h2 class=\"wp-block-heading\"><strong>Por que existe um Dia da Visibilidade Trans?<\/strong><\/h2>\n\n\n\n<p>Como acabamos de ver, o Dia Nacional da Visibilidade Trans \u00e9 celebrado todo dia 29 de janeiro.<\/p>\n\n\n\n<p>A data faz alus\u00e3o ao lan\u00e7amento da campanha \u201cTravesti e Respeito\u201d, que aconteceu em 2004, no Congresso Nacional, em Bras\u00edlia, e ficou conhecida como a&nbsp;primeira campanha contra a&nbsp;transfobia no pa\u00eds.<\/p>\n\n\n\n<p>Desde ent\u00e3o, ativistas se unem anualmente para celebrar a exist\u00eancia de pessoas travestis e transexuais, mas tamb\u00e9m para chamar a aten\u00e7\u00e3o da sociedade para as reivindica\u00e7\u00f5es dessa comunidade.<\/p>\n\n\n\n<p>Vale lembrar que, h\u00e1 mais de uma d\u00e9cada, <a href=\"https:\/\/agenciabrasil.ebc.com.br\/radioagencia-nacional\/direitos-humanos\/audio\/2023-01\/brasil-e-o-pais-que-mais-mata-transexuais-no-mundo\" target=\"_blank\" rel=\"noreferrer noopener\">o Brasil ocupa a topo da lista de pa\u00edses que mais matam pessoas\u00a0trans\u00a0e travestis<\/a> em todo o mundo \u2013 e isso, por si s\u00f3, j\u00e1 \u00e9 um motivo mais do que suficiente para o Dia da Visibilidade existir.<\/p>\n\n\n\n<p>\u00c9 urgente refletir sobre as transforma\u00e7\u00f5es necess\u00e1rias na sociedade e nas institui\u00e7\u00f5es, para que todas as pessoas, independentemente de sua identidade de g\u00eanero, possam viver com <strong>dignidade, respeito e sem medo de viol\u00eancia<\/strong>.<\/p>\n\n\n\n<h2 class=\"wp-block-heading\"><strong>Pessoas trans e mercado de trabalho<\/strong><\/h2>\n\n\n\n<p>Um dos temas que sempre ganham destaque no dia 29 de janeiro \u00e9 a baixa participa\u00e7\u00e3o das pessoas trans e travestis no mercado de trabalho formal.<\/p>\n\n\n\n<p>Segundo levantamento recente, <a href=\"https:\/\/www.terra.com.br\/nos\/2-da-populacao-no-brasil-e-de-pessoas-trans-ou-nao-binarias,262398eccc6a104398afcbaa2ceacfd3jo6ivvwq.html\" target=\"_blank\" rel=\"noreferrer noopener\">as pessoas trans ou n\u00e3o-bin\u00e1rias correspondem a 2% da popula\u00e7\u00e3o brasileira<\/a> \u2013 o que equivale a cerca de 3 milh\u00f5es de indiv\u00edduos.<\/p>\n\n\n\n<p>Por\u00e9m, apenas <a href=\"https:\/\/vocerh.abril.com.br\/diversidade\/empregabilidade-de-pessoas-trans\" target=\"_blank\" rel=\"noreferrer noopener\">4% das pessoas trans e travestis est\u00e3o no mercado de trabalho formal<\/a>, segundo dados da Associa\u00e7\u00e3o Nacional de Travestis e Transexuais do Brasil (Antra).<\/p>\n\n\n\n<p>N\u00e3o por acaso, a entidade estima que ao menos 90% das travestis e mulheres trans utilizam a prostitui\u00e7\u00e3o como fonte prim\u00e1ria ou complementar de renda.<\/p>\n\n\n\n<p>Mais do que expor uma realidade de exclus\u00e3o, os n\u00fameros destacam a necessidade latente de as empresas adotarem pr\u00e1ticas cada vez mais inclusivas para abrir caminhos para que essa popula\u00e7\u00e3o avance.<\/p>\n\n\n\n<h2 class=\"wp-block-heading\"><strong>Qual \u00e9 o papel do Onboarding nessa jornada de inclus\u00e3o?<\/strong><\/h2>\n\n\n\n<p>O <a href=\"https:\/\/conteudo.metarh.com.br\/onboarding-remoto\" target=\"_blank\" rel=\"noreferrer noopener\">Onboarding<\/a> nada mais \u00e9 do que o processo de integra\u00e7\u00e3o de novas pessoas colaboradoras em uma empresa.<\/p>\n\n\n\n<p>Ao longo dele, os rec\u00e9m-chegados n\u00e3o apenas recebem orienta\u00e7\u00f5es b\u00e1sicas sobre suas tarefas e responsabilidades, mas tamb\u00e9m t\u00eam a chance de conhecer mais sobre a cultura organizacional, pol\u00edticas internas e ambiente de trabalho.<\/p>\n\n\n\n<p>Quando conduzido de forma eficiente, o Onboarding tem o poder de fazer com que a <strong>pessoa se sinta acolhida, valorizada e mais confiante para iniciar essa nova fase<\/strong>, aumentando a motiva\u00e7\u00e3o e o engajamento logo de cara.<\/p>\n\n\n\n<p>Tanto \u00e9 que, segundo um estudo da Brandon Hall Group, um processo de integra\u00e7\u00e3o bem estruturado pode <a href=\"https:\/\/b2b-assets.glassdoor.com\/the-true-cost-of-a-bad-hire.pdf\" target=\"_blank\" rel=\"noreferrer noopener\">elevar a reten\u00e7\u00e3o de talentos em 82%<\/a>.<\/p>\n\n\n\n<p>Quando o assunto \u00e9 inclus\u00e3o, o Onboarding tamb\u00e9m \u00e9 a oportunidade perfeita de demonstrar, desde o primeiro contato, o compromisso da empresa com a diversidade e o respeito \u00e0s diferen\u00e7as.<\/p>\n\n\n\n<p>Isso ganha ainda mais relev\u00e2ncia quando olhamos para esse outro dado da Antra: 88% das pessoas trans acreditam que as empresas n\u00e3o est\u00e3o preparadas para garantir a perman\u00eancia deste grupo em seus quadros.<\/p>\n\n\n\n<p>Ou seja: construir um Onboarding inclusivo pode e deve ser uma estrat\u00e9gia para come\u00e7ar a mudar essa realidade.<\/p>\n\n\n\n<figure class=\"wp-block-image size-large\"><a href=\"https:\/\/conteudo.metarh.com.br\/trilhando\" target=\"_blank\" rel=\"noreferrer noopener\"><img fetchpriority=\"high\" decoding=\"async\" width=\"1024\" height=\"416\" src=\"https:\/\/metarh.com.br\/metarhnews\/wp-content\/uploads\/2024\/06\/Roda-meio-trilhando-pipe-2-1024x416.png\" alt=\"\" class=\"wp-image-16212\" srcset=\"https:\/\/metarh.com.br\/metarhnews\/wp-content\/uploads\/2024\/06\/Roda-meio-trilhando-pipe-2-1024x416.png 1024w, https:\/\/metarh.com.br\/metarhnews\/wp-content\/uploads\/2024\/06\/Roda-meio-trilhando-pipe-2-300x122.png 300w, https:\/\/metarh.com.br\/metarhnews\/wp-content\/uploads\/2024\/06\/Roda-meio-trilhando-pipe-2-768x312.png 768w, https:\/\/metarh.com.br\/metarhnews\/wp-content\/uploads\/2024\/06\/Roda-meio-trilhando-pipe-2-1536x624.png 1536w, https:\/\/metarh.com.br\/metarhnews\/wp-content\/uploads\/2024\/06\/Roda-meio-trilhando-pipe-2.png 1600w\" sizes=\"(max-width: 1024px) 100vw, 1024px\" \/><\/a><\/figure>\n\n\n\n<h2 class=\"wp-block-heading\"><strong>Promovendo uma integra\u00e7\u00e3o inclusiva para pessoas trans<\/strong><\/h2>\n\n\n\n<p>Agora que j\u00e1 falamos sobre a import\u00e2ncia de contar com o Onboarding inclusivo, aqui est\u00e3o algumas dicas para colocar isso em pr\u00e1tica:<\/p>\n\n\n\n<p><strong>Reconhe\u00e7a o nome social e pronomes<\/strong><\/p>\n\n\n\n<p>O uso correto do nome social e dos pronomes \u00e9 uma demonstra\u00e7\u00e3o b\u00e1sica de respeito. Ent\u00e3o, que tal estruturar uma pol\u00edtica flex\u00edvel nessa frente?<\/p>\n\n\n\n<p>Certificar-se de que sistemas internos, crach\u00e1s, e-mails corporativos e documentos reflitam o nome social e os pronomes escolhidos \u00e9 uma excelente forma de dar as boas-vindas aos novos talentos.<\/p>\n\n\n\n<p><strong>Revise e adapte os materiais utilizados<\/strong><\/p>\n\n\n\n<p>Outra medida importante \u00e9 revisar os materiais de Onboarding, incluindo manuais e apresenta\u00e7\u00f5es, a fim de garantir que o uso de uma <a href=\"https:\/\/conteudo.metarh.com.br\/guia-de-linguagem-neutra-e-inclusiva\" target=\"_blank\" rel=\"noreferrer noopener\">linguagem mais inclusiva<\/a>.<\/p>\n\n\n\n<p>Uma dica \u00e9 substituir termos gen\u00e9ricos que pressup\u00f5em g\u00eanero, como \u201ctodos os colaboradores\u201d, por express\u00f5es mais abrangentes, como \u201ctodas as pessoas colaboradoras\u201d.&nbsp;<\/p>\n\n\n\n<p><strong>Capacite a equipe para a inclus\u00e3o<\/strong><\/p>\n\n\n\n<p>A promo\u00e7\u00e3o da inclus\u00e3o deve ser uma responsabilidade compartilhada. Por isso, \u00e9 fundamental promover treinamentos regulares sobre o assunto.<\/p>\n\n\n\n<p>Essas iniciativas devem abranger n\u00e3o apenas a equipe respons\u00e1vel pelo Onboarding e as lideran\u00e7as, mas todas as pessoas colaboradoras.<\/p>\n\n\n\n<p>Afinal, todos e todas desempenham um papel important\u00edssimo nessa constru\u00e7\u00e3o.<\/p>\n\n\n\n<p><strong>Apresente as pol\u00edticas de DEIP<\/strong><\/p>\n\n\n\n<p>Durante o Onboarding, \u00e9 v\u00e1lido refor\u00e7ar o compromisso da empresa com a Diversidade, Equidade, Inclus\u00e3o e Pertencimento (DEIP), apresentando as pol\u00edticas e programas estruturados nessa frente.<\/p>\n\n\n\n<p>Apresente os canais de den\u00fancia dispon\u00edveis, reiterando que a empresa tem toler\u00e2ncia zero para comportamentos discriminat\u00f3rios e que se preocupa em garantir um espa\u00e7o seguro.<\/p>\n\n\n\n<p>Caso existam <a href=\"https:\/\/metarh.com.br\/metarhnews\/grupos-de-afinidade\/\" target=\"_blank\" rel=\"noreferrer noopener\">grupos de afinidade<\/a>, voc\u00ea tamb\u00e9m pode conectar as novas pessoas colaboradoras a eles, oferecendo uma rede de apoio extra.<\/p>\n\n\n\n<p><strong>Promova conex\u00e3o com a equipe<\/strong><\/p>\n\n\n\n<p>A conex\u00e3o interpessoal \u00e9 uma etapa importante para que a pessoa se sinta parte da equipe.<\/p>\n\n\n\n<p>Portanto, n\u00e3o se esque\u00e7a de facilitar a integra\u00e7\u00e3o dela com seus pares, promovendo momentos de intera\u00e7\u00e3o que v\u00e3o al\u00e9m das tarefas di\u00e1rias.<\/p>\n\n\n\n<p>Uma boa pr\u00e1tica \u00e9 designar algu\u00e9m da equipe para atuar como refer\u00eancia para o novo ou nova integrante, ajudando-o\/a a se familiarizar com o ambiente e com as din\u00e2micas de trabalho.<\/p>\n\n\n\n<p><strong>Incentive a cultura do feedback<\/strong><\/p>\n\n\n\n<p>Abrir espa\u00e7o para que as pessoas colaboradoras compartilhem suas impress\u00f5es sobre o processo de integra\u00e7\u00e3o e o ambiente de trabalho \u00e9 a melhor forma de saber se a sua empresa est\u00e1 no caminho certo.<\/p>\n\n\n\n<p>Al\u00e9m de ajudar a identificar e corrigir poss\u00edveis barreiras \u00e0 inclus\u00e3o, esse di\u00e1logo aberto tamb\u00e9m fortalece a confian\u00e7a e a sensa\u00e7\u00e3o de pertencimento.<\/p>\n\n\n\n<p><strong>Evite exposi\u00e7\u00f5es desnecess\u00e1rias<\/strong><\/p>\n\n\n\n<p>Por \u00faltimo, busque respeitar a privacidade da pessoa trans, n\u00e3o exigindo que ela compartilhe sua hist\u00f3ria ou se posicione como porta-voz da comunidade.&nbsp;<\/p>\n\n\n\n<p>Lembre-se de que cada pessoa deve ter o direito de decidir o que deseja ou n\u00e3o expor sobre sua vida.<\/p>\n\n\n\n<figure class=\"wp-block-image size-large\"><a href=\"https:\/\/conteudo.metarh.com.br\/trilhando\" target=\"_blank\" rel=\"noreferrer noopener\"><img decoding=\"async\" width=\"1024\" height=\"370\" src=\"https:\/\/metarh.com.br\/metarhnews\/wp-content\/uploads\/2024\/06\/Roda-meio-trilhando-1-v2-1024x370.png\" alt=\"\" class=\"wp-image-16211\" srcset=\"https:\/\/metarh.com.br\/metarhnews\/wp-content\/uploads\/2024\/06\/Roda-meio-trilhando-1-v2-1024x370.png 1024w, https:\/\/metarh.com.br\/metarhnews\/wp-content\/uploads\/2024\/06\/Roda-meio-trilhando-1-v2-300x108.png 300w, https:\/\/metarh.com.br\/metarhnews\/wp-content\/uploads\/2024\/06\/Roda-meio-trilhando-1-v2-768x278.png 768w, https:\/\/metarh.com.br\/metarhnews\/wp-content\/uploads\/2024\/06\/Roda-meio-trilhando-1-v2-1536x555.png 1536w, https:\/\/metarh.com.br\/metarhnews\/wp-content\/uploads\/2024\/06\/Roda-meio-trilhando-1-v2.png 1590w\" sizes=\"(max-width: 1024px) 100vw, 1024px\" \/><\/a><\/figure>\n\n\n\n<p>A melhor forma de apoiar o Dia Nacional da Visibilidade Trans \u00e9 oferecendo acolhimento, respeito e oportunidades reais para que pessoas trans se sintam inclu\u00eddas e valorizadas no mercado de trabalho.<\/p>\n\n\n\n<p>A integra\u00e7\u00e3o inclusiva \u00e9 uma etapa crucial dessa jornada. Mas ela n\u00e3o \u00e9 a \u00fanica.\u00a0Se voc\u00ea deseja se aprofundar nas melhores pr\u00e1ticas para transformar a sua empresa em um\u00a0case de sucesso em DEIP, confira a <a href=\"https:\/\/conteudo.metarh.com.br\/deip\" target=\"_blank\" rel=\"noreferrer noopener\">Cartilha<\/a> que preparamos!<\/p>\n<div style=\"margin-top: 0px; margin-bottom: 0px;\" class=\"sharethis-inline-share-buttons\" ><\/div>","protected":false},"excerpt":{"rendered":"<p>Desde 2004, o dia 29 de janeiro \u00e9 marcado pela comemora\u00e7\u00e3o do Dia Nacional da Visibilidade Trans \u2013 um importante marco na luta contra a transfobia.&nbsp; Embora o apoio \u00e0 comunidade deva ser uma preocupa\u00e7\u00e3o cont\u00ednua, essa data oferece uma oportunidade extra para as organiza\u00e7\u00f5es buscarem maneiras de construir ambientes mais inclusivos. Como o Onboarding&#8230;<\/p>\n","protected":false},"author":4,"featured_media":16441,"comment_status":"open","ping_status":"open","sticky":false,"template":"","format":"standard","meta":{"_kadence_starter_templates_imported_post":false,"_kad_post_transparent":"","_kad_post_title":"","_kad_post_layout":"","_kad_post_sidebar_id":"","_kad_post_content_style":"","_kad_post_vertical_padding":"","_kad_post_feature":"","_kad_post_feature_position":"","_kad_post_header":false,"_kad_post_footer":false,"_kad_post_classname":"","footnotes":""},"categories":[162,163,149,2],"tags":[],"class_list":["post-16440","post","type-post","status-publish","format-standard","has-post-thumbnail","hentry","category-trilhando-mais","category-descoberta-de-conteudos-de-rh","category-employer-branding","category-materias"],"yoast_head":"<!-- This site is optimized with the Yoast SEO Premium plugin v26.6 (Yoast SEO v27.5) - https:\/\/yoast.com\/product\/yoast-seo-premium-wordpress\/ -->\n<title>Visibilidade trans: como promover um Onboarding inclusivo<\/title>\n<meta name=\"description\" content=\"Descubra estrat\u00e9gias pr\u00e1ticas para promover um onboarding inclusivo e valorizar a visibilidade trans em sua empresa.\" \/>\n<meta name=\"robots\" content=\"index, follow, max-snippet:-1, max-image-preview:large, max-video-preview:-1\" \/>\n<link rel=\"canonical\" href=\"https:\/\/metarh.com.br\/metarhnews\/onboarding-inclusivo\/\" \/>\n<meta property=\"og:locale\" content=\"pt_BR\" \/>\n<meta property=\"og:type\" content=\"article\" \/>\n<meta property=\"og:title\" content=\"Visibilidade trans: como promover um Onboarding inclusivo\" \/>\n<meta property=\"og:description\" content=\"Descubra estrat\u00e9gias pr\u00e1ticas para promover um onboarding inclusivo e valorizar a visibilidade trans em sua empresa.\" \/>\n<meta property=\"og:url\" content=\"https:\/\/metarh.com.br\/metarhnews\/onboarding-inclusivo\/\" \/>\n<meta property=\"og:site_name\" content=\"METARH +News\" \/>\n<meta property=\"article:publisher\" content=\"https:\/\/www.facebook.com\/metarhumana\" \/>\n<meta property=\"article:author\" content=\"https:\/\/www.facebook.com\/metarhconsultoria\" \/>\n<meta property=\"article:published_time\" content=\"2025-01-28T13:09:19+00:00\" \/>\n<meta property=\"article:modified_time\" content=\"2026-01-21T18:42:23+00:00\" \/>\n<meta property=\"og:image\" content=\"https:\/\/metarh.com.br\/metarhnews\/wp-content\/uploads\/2025\/01\/Visibilidade-Trans-horizontal.jpg\" \/>\n\t<meta property=\"og:image:width\" content=\"1060\" \/>\n\t<meta property=\"og:image:height\" content=\"700\" \/>\n\t<meta property=\"og:image:type\" content=\"image\/jpeg\" \/>\n<meta name=\"author\" content=\"METARH\" \/>\n<meta name=\"twitter:card\" content=\"summary_large_image\" \/>\n<meta name=\"twitter:creator\" content=\"@metarhumana\" \/>\n<meta name=\"twitter:site\" content=\"@metarhumana\" \/>\n<meta name=\"twitter:label1\" content=\"Escrito por\" \/>\n\t<meta name=\"twitter:data1\" content=\"METARH\" \/>\n\t<meta name=\"twitter:label2\" content=\"Est. tempo de leitura\" \/>\n\t<meta name=\"twitter:data2\" content=\"7 minutos\" \/>\n<script type=\"application\/ld+json\" class=\"yoast-schema-graph\">{\"@context\":\"https:\\\/\\\/schema.org\",\"@graph\":[{\"@type\":\"Article\",\"@id\":\"https:\\\/\\\/metarh.com.br\\\/metarhnews\\\/onboarding-inclusivo\\\/#article\",\"isPartOf\":{\"@id\":\"https:\\\/\\\/metarh.com.br\\\/metarhnews\\\/onboarding-inclusivo\\\/\"},\"author\":{\"name\":\"METARH\",\"@id\":\"https:\\\/\\\/metarh.com.br\\\/metarhnews\\\/#\\\/schema\\\/person\\\/930900bc40677695dc9df602ec0366d0\"},\"headline\":\"Visibilidade trans: como promover um Onboarding inclusivo\",\"datePublished\":\"2025-01-28T13:09:19+00:00\",\"dateModified\":\"2026-01-21T18:42:23+00:00\",\"mainEntityOfPage\":{\"@id\":\"https:\\\/\\\/metarh.com.br\\\/metarhnews\\\/onboarding-inclusivo\\\/\"},\"wordCount\":1220,\"commentCount\":0,\"publisher\":{\"@id\":\"https:\\\/\\\/metarh.com.br\\\/metarhnews\\\/#organization\"},\"image\":{\"@id\":\"https:\\\/\\\/metarh.com.br\\\/metarhnews\\\/onboarding-inclusivo\\\/#primaryimage\"},\"thumbnailUrl\":\"https:\\\/\\\/metarh.com.br\\\/metarhnews\\\/wp-content\\\/uploads\\\/2025\\\/01\\\/Visibilidade-Trans-horizontal.jpg\",\"articleSection\":[\"6 \u2022 Trilhando +\",\"Descoberta\",\"Employer Branding\",\"Mat\u00e9rias\"],\"inLanguage\":\"pt-BR\",\"potentialAction\":[{\"@type\":\"CommentAction\",\"name\":\"Comment\",\"target\":[\"https:\\\/\\\/metarh.com.br\\\/metarhnews\\\/onboarding-inclusivo\\\/#respond\"]}],\"copyrightYear\":\"2025\",\"copyrightHolder\":{\"@id\":\"https:\\\/\\\/metarh.com.br\\\/metarhnews\\\/#organization\"}},{\"@type\":\"WebPage\",\"@id\":\"https:\\\/\\\/metarh.com.br\\\/metarhnews\\\/onboarding-inclusivo\\\/\",\"url\":\"https:\\\/\\\/metarh.com.br\\\/metarhnews\\\/onboarding-inclusivo\\\/\",\"name\":\"Visibilidade trans: como promover um Onboarding inclusivo\",\"isPartOf\":{\"@id\":\"https:\\\/\\\/metarh.com.br\\\/metarhnews\\\/#website\"},\"primaryImageOfPage\":{\"@id\":\"https:\\\/\\\/metarh.com.br\\\/metarhnews\\\/onboarding-inclusivo\\\/#primaryimage\"},\"image\":{\"@id\":\"https:\\\/\\\/metarh.com.br\\\/metarhnews\\\/onboarding-inclusivo\\\/#primaryimage\"},\"thumbnailUrl\":\"https:\\\/\\\/metarh.com.br\\\/metarhnews\\\/wp-content\\\/uploads\\\/2025\\\/01\\\/Visibilidade-Trans-horizontal.jpg\",\"datePublished\":\"2025-01-28T13:09:19+00:00\",\"dateModified\":\"2026-01-21T18:42:23+00:00\",\"description\":\"Descubra estrat\u00e9gias pr\u00e1ticas para promover um onboarding inclusivo e valorizar a visibilidade trans em sua empresa.\",\"breadcrumb\":{\"@id\":\"https:\\\/\\\/metarh.com.br\\\/metarhnews\\\/onboarding-inclusivo\\\/#breadcrumb\"},\"inLanguage\":\"pt-BR\",\"potentialAction\":[{\"@type\":\"ReadAction\",\"target\":[\"https:\\\/\\\/metarh.com.br\\\/metarhnews\\\/onboarding-inclusivo\\\/\"]}]},{\"@type\":\"ImageObject\",\"inLanguage\":\"pt-BR\",\"@id\":\"https:\\\/\\\/metarh.com.br\\\/metarhnews\\\/onboarding-inclusivo\\\/#primaryimage\",\"url\":\"https:\\\/\\\/metarh.com.br\\\/metarhnews\\\/wp-content\\\/uploads\\\/2025\\\/01\\\/Visibilidade-Trans-horizontal.jpg\",\"contentUrl\":\"https:\\\/\\\/metarh.com.br\\\/metarhnews\\\/wp-content\\\/uploads\\\/2025\\\/01\\\/Visibilidade-Trans-horizontal.jpg\",\"width\":1060,\"height\":700,\"caption\":\"Visibilidade trans: como promover um Onboarding inclusivo\"},{\"@type\":\"BreadcrumbList\",\"@id\":\"https:\\\/\\\/metarh.com.br\\\/metarhnews\\\/onboarding-inclusivo\\\/#breadcrumb\",\"itemListElement\":[{\"@type\":\"ListItem\",\"position\":1,\"name\":\"In\u00edcio\",\"item\":\"https:\\\/\\\/metarh.com.br\\\/metarhnews\\\/\"},{\"@type\":\"ListItem\",\"position\":2,\"name\":\"Visibilidade trans: como promover um Onboarding inclusivo\"}]},{\"@type\":\"WebSite\",\"@id\":\"https:\\\/\\\/metarh.com.br\\\/metarhnews\\\/#website\",\"url\":\"https:\\\/\\\/metarh.com.br\\\/metarhnews\\\/\",\"name\":\"METARH +News\",\"description\":\"Conte\u00fado focado em Gest\u00e3o de Pessoas\",\"publisher\":{\"@id\":\"https:\\\/\\\/metarh.com.br\\\/metarhnews\\\/#organization\"},\"potentialAction\":[{\"@type\":\"SearchAction\",\"target\":{\"@type\":\"EntryPoint\",\"urlTemplate\":\"https:\\\/\\\/metarh.com.br\\\/metarhnews\\\/?s={search_term_string}\"},\"query-input\":{\"@type\":\"PropertyValueSpecification\",\"valueRequired\":true,\"valueName\":\"search_term_string\"}}],\"inLanguage\":\"pt-BR\"},{\"@type\":\"Organization\",\"@id\":\"https:\\\/\\\/metarh.com.br\\\/metarhnews\\\/#organization\",\"name\":\"METARH +Humana\",\"url\":\"https:\\\/\\\/metarh.com.br\\\/metarhnews\\\/\",\"logo\":{\"@type\":\"ImageObject\",\"inLanguage\":\"pt-BR\",\"@id\":\"https:\\\/\\\/metarh.com.br\\\/metarhnews\\\/#\\\/schema\\\/logo\\\/image\\\/\",\"url\":\"https:\\\/\\\/metarh.com.br\\\/metarhnews\\\/wp-content\\\/uploads\\\/2025\\\/02\\\/METARH-Azul-Horizontal.png\",\"contentUrl\":\"https:\\\/\\\/metarh.com.br\\\/metarhnews\\\/wp-content\\\/uploads\\\/2025\\\/02\\\/METARH-Azul-Horizontal.png\",\"width\":1002,\"height\":303,\"caption\":\"METARH +Humana\"},\"image\":{\"@id\":\"https:\\\/\\\/metarh.com.br\\\/metarhnews\\\/#\\\/schema\\\/logo\\\/image\\\/\"},\"sameAs\":[\"https:\\\/\\\/www.facebook.com\\\/metarhumana\",\"https:\\\/\\\/x.com\\\/metarhumana\",\"https:\\\/\\\/www.instagram.com\\\/metarhumana\\\/\",\"https:\\\/\\\/www.youtube.com\\\/@metarhumana\"]},{\"@type\":\"Person\",\"@id\":\"https:\\\/\\\/metarh.com.br\\\/metarhnews\\\/#\\\/schema\\\/person\\\/930900bc40677695dc9df602ec0366d0\",\"name\":\"METARH\",\"image\":{\"@type\":\"ImageObject\",\"inLanguage\":\"pt-BR\",\"@id\":\"https:\\\/\\\/secure.gravatar.com\\\/avatar\\\/e03963382c9576f1c9989940c2d59ebc780df154afc76a079627bbbdb3dcefa1?s=96&d=mm&r=g\",\"url\":\"https:\\\/\\\/secure.gravatar.com\\\/avatar\\\/e03963382c9576f1c9989940c2d59ebc780df154afc76a079627bbbdb3dcefa1?s=96&d=mm&r=g\",\"contentUrl\":\"https:\\\/\\\/secure.gravatar.com\\\/avatar\\\/e03963382c9576f1c9989940c2d59ebc780df154afc76a079627bbbdb3dcefa1?s=96&d=mm&r=g\",\"caption\":\"METARH\"},\"description\":\"Somos uma consultoria de recursos humanos com mais de 40 anos de mercado, ajudando empresas como a sua a encontrarem o talento certo. Nossos processos s\u00e3o focados no sucesso dos clientes sem deixar de lado a experi\u00eancia positiva das pessoas candidatas.\",\"sameAs\":[\"http:\\\/\\\/www.metarh.com.br\",\"https:\\\/\\\/www.facebook.com\\\/metarhconsultoria\",\"https:\\\/\\\/www.instagram.com\\\/metarhconsultoria\\\/\",\"https:\\\/\\\/www.linkedin.com\\\/company\\\/metarhconsultoria\",\"http:\\\/\\\/youtube.com\\\/@metarhconsultoria\"],\"url\":\"https:\\\/\\\/metarh.com.br\\\/metarhnews\\\/author\\\/editorial-metarh\\\/\"}]}<\/script>\n<!-- \/ Yoast SEO Premium plugin. -->","yoast_head_json":{"title":"Visibilidade trans: como promover um Onboarding inclusivo","description":"Descubra estrat\u00e9gias pr\u00e1ticas para promover um onboarding inclusivo e valorizar a visibilidade trans em sua empresa.","robots":{"index":"index","follow":"follow","max-snippet":"max-snippet:-1","max-image-preview":"max-image-preview:large","max-video-preview":"max-video-preview:-1"},"canonical":"https:\/\/metarh.com.br\/metarhnews\/onboarding-inclusivo\/","og_locale":"pt_BR","og_type":"article","og_title":"Visibilidade trans: como promover um Onboarding inclusivo","og_description":"Descubra estrat\u00e9gias pr\u00e1ticas para promover um onboarding inclusivo e valorizar a visibilidade trans em sua empresa.","og_url":"https:\/\/metarh.com.br\/metarhnews\/onboarding-inclusivo\/","og_site_name":"METARH +News","article_publisher":"https:\/\/www.facebook.com\/metarhumana","article_author":"https:\/\/www.facebook.com\/metarhconsultoria","article_published_time":"2025-01-28T13:09:19+00:00","article_modified_time":"2026-01-21T18:42:23+00:00","og_image":[{"width":1060,"height":700,"url":"https:\/\/metarh.com.br\/metarhnews\/wp-content\/uploads\/2025\/01\/Visibilidade-Trans-horizontal.jpg","type":"image\/jpeg"}],"author":"METARH","twitter_card":"summary_large_image","twitter_creator":"@metarhumana","twitter_site":"@metarhumana","twitter_misc":{"Escrito por":"METARH","Est. tempo de leitura":"7 minutos"},"schema":{"@context":"https:\/\/schema.org","@graph":[{"@type":"Article","@id":"https:\/\/metarh.com.br\/metarhnews\/onboarding-inclusivo\/#article","isPartOf":{"@id":"https:\/\/metarh.com.br\/metarhnews\/onboarding-inclusivo\/"},"author":{"name":"METARH","@id":"https:\/\/metarh.com.br\/metarhnews\/#\/schema\/person\/930900bc40677695dc9df602ec0366d0"},"headline":"Visibilidade trans: como promover um Onboarding inclusivo","datePublished":"2025-01-28T13:09:19+00:00","dateModified":"2026-01-21T18:42:23+00:00","mainEntityOfPage":{"@id":"https:\/\/metarh.com.br\/metarhnews\/onboarding-inclusivo\/"},"wordCount":1220,"commentCount":0,"publisher":{"@id":"https:\/\/metarh.com.br\/metarhnews\/#organization"},"image":{"@id":"https:\/\/metarh.com.br\/metarhnews\/onboarding-inclusivo\/#primaryimage"},"thumbnailUrl":"https:\/\/metarh.com.br\/metarhnews\/wp-content\/uploads\/2025\/01\/Visibilidade-Trans-horizontal.jpg","articleSection":["6 \u2022 Trilhando +","Descoberta","Employer Branding","Mat\u00e9rias"],"inLanguage":"pt-BR","potentialAction":[{"@type":"CommentAction","name":"Comment","target":["https:\/\/metarh.com.br\/metarhnews\/onboarding-inclusivo\/#respond"]}],"copyrightYear":"2025","copyrightHolder":{"@id":"https:\/\/metarh.com.br\/metarhnews\/#organization"}},{"@type":"WebPage","@id":"https:\/\/metarh.com.br\/metarhnews\/onboarding-inclusivo\/","url":"https:\/\/metarh.com.br\/metarhnews\/onboarding-inclusivo\/","name":"Visibilidade trans: como promover um Onboarding inclusivo","isPartOf":{"@id":"https:\/\/metarh.com.br\/metarhnews\/#website"},"primaryImageOfPage":{"@id":"https:\/\/metarh.com.br\/metarhnews\/onboarding-inclusivo\/#primaryimage"},"image":{"@id":"https:\/\/metarh.com.br\/metarhnews\/onboarding-inclusivo\/#primaryimage"},"thumbnailUrl":"https:\/\/metarh.com.br\/metarhnews\/wp-content\/uploads\/2025\/01\/Visibilidade-Trans-horizontal.jpg","datePublished":"2025-01-28T13:09:19+00:00","dateModified":"2026-01-21T18:42:23+00:00","description":"Descubra estrat\u00e9gias pr\u00e1ticas para promover um onboarding inclusivo e valorizar a visibilidade trans em sua empresa.","breadcrumb":{"@id":"https:\/\/metarh.com.br\/metarhnews\/onboarding-inclusivo\/#breadcrumb"},"inLanguage":"pt-BR","potentialAction":[{"@type":"ReadAction","target":["https:\/\/metarh.com.br\/metarhnews\/onboarding-inclusivo\/"]}]},{"@type":"ImageObject","inLanguage":"pt-BR","@id":"https:\/\/metarh.com.br\/metarhnews\/onboarding-inclusivo\/#primaryimage","url":"https:\/\/metarh.com.br\/metarhnews\/wp-content\/uploads\/2025\/01\/Visibilidade-Trans-horizontal.jpg","contentUrl":"https:\/\/metarh.com.br\/metarhnews\/wp-content\/uploads\/2025\/01\/Visibilidade-Trans-horizontal.jpg","width":1060,"height":700,"caption":"Visibilidade trans: como promover um Onboarding inclusivo"},{"@type":"BreadcrumbList","@id":"https:\/\/metarh.com.br\/metarhnews\/onboarding-inclusivo\/#breadcrumb","itemListElement":[{"@type":"ListItem","position":1,"name":"In\u00edcio","item":"https:\/\/metarh.com.br\/metarhnews\/"},{"@type":"ListItem","position":2,"name":"Visibilidade trans: como promover um Onboarding inclusivo"}]},{"@type":"WebSite","@id":"https:\/\/metarh.com.br\/metarhnews\/#website","url":"https:\/\/metarh.com.br\/metarhnews\/","name":"METARH +News","description":"Conte\u00fado focado em Gest\u00e3o de Pessoas","publisher":{"@id":"https:\/\/metarh.com.br\/metarhnews\/#organization"},"potentialAction":[{"@type":"SearchAction","target":{"@type":"EntryPoint","urlTemplate":"https:\/\/metarh.com.br\/metarhnews\/?s={search_term_string}"},"query-input":{"@type":"PropertyValueSpecification","valueRequired":true,"valueName":"search_term_string"}}],"inLanguage":"pt-BR"},{"@type":"Organization","@id":"https:\/\/metarh.com.br\/metarhnews\/#organization","name":"METARH +Humana","url":"https:\/\/metarh.com.br\/metarhnews\/","logo":{"@type":"ImageObject","inLanguage":"pt-BR","@id":"https:\/\/metarh.com.br\/metarhnews\/#\/schema\/logo\/image\/","url":"https:\/\/metarh.com.br\/metarhnews\/wp-content\/uploads\/2025\/02\/METARH-Azul-Horizontal.png","contentUrl":"https:\/\/metarh.com.br\/metarhnews\/wp-content\/uploads\/2025\/02\/METARH-Azul-Horizontal.png","width":1002,"height":303,"caption":"METARH +Humana"},"image":{"@id":"https:\/\/metarh.com.br\/metarhnews\/#\/schema\/logo\/image\/"},"sameAs":["https:\/\/www.facebook.com\/metarhumana","https:\/\/x.com\/metarhumana","https:\/\/www.instagram.com\/metarhumana\/","https:\/\/www.youtube.com\/@metarhumana"]},{"@type":"Person","@id":"https:\/\/metarh.com.br\/metarhnews\/#\/schema\/person\/930900bc40677695dc9df602ec0366d0","name":"METARH","image":{"@type":"ImageObject","inLanguage":"pt-BR","@id":"https:\/\/secure.gravatar.com\/avatar\/e03963382c9576f1c9989940c2d59ebc780df154afc76a079627bbbdb3dcefa1?s=96&d=mm&r=g","url":"https:\/\/secure.gravatar.com\/avatar\/e03963382c9576f1c9989940c2d59ebc780df154afc76a079627bbbdb3dcefa1?s=96&d=mm&r=g","contentUrl":"https:\/\/secure.gravatar.com\/avatar\/e03963382c9576f1c9989940c2d59ebc780df154afc76a079627bbbdb3dcefa1?s=96&d=mm&r=g","caption":"METARH"},"description":"Somos uma consultoria de recursos humanos com mais de 40 anos de mercado, ajudando empresas como a sua a encontrarem o talento certo. Nossos processos s\u00e3o focados no sucesso dos clientes sem deixar de lado a experi\u00eancia positiva das pessoas candidatas.","sameAs":["http:\/\/www.metarh.com.br","https:\/\/www.facebook.com\/metarhconsultoria","https:\/\/www.instagram.com\/metarhconsultoria\/","https:\/\/www.linkedin.com\/company\/metarhconsultoria","http:\/\/youtube.com\/@metarhconsultoria"],"url":"https:\/\/metarh.com.br\/metarhnews\/author\/editorial-metarh\/"}]}},"_links":{"self":[{"href":"https:\/\/metarh.com.br\/metarhnews\/wp-json\/wp\/v2\/posts\/16440","targetHints":{"allow":["GET"]}}],"collection":[{"href":"https:\/\/metarh.com.br\/metarhnews\/wp-json\/wp\/v2\/posts"}],"about":[{"href":"https:\/\/metarh.com.br\/metarhnews\/wp-json\/wp\/v2\/types\/post"}],"author":[{"embeddable":true,"href":"https:\/\/metarh.com.br\/metarhnews\/wp-json\/wp\/v2\/users\/4"}],"replies":[{"embeddable":true,"href":"https:\/\/metarh.com.br\/metarhnews\/wp-json\/wp\/v2\/comments?post=16440"}],"version-history":[{"count":1,"href":"https:\/\/metarh.com.br\/metarhnews\/wp-json\/wp\/v2\/posts\/16440\/revisions"}],"predecessor-version":[{"id":16442,"href":"https:\/\/metarh.com.br\/metarhnews\/wp-json\/wp\/v2\/posts\/16440\/revisions\/16442"}],"wp:featuredmedia":[{"embeddable":true,"href":"https:\/\/metarh.com.br\/metarhnews\/wp-json\/wp\/v2\/media\/16441"}],"wp:attachment":[{"href":"https:\/\/metarh.com.br\/metarhnews\/wp-json\/wp\/v2\/media?parent=16440"}],"wp:term":[{"taxonomy":"category","embeddable":true,"href":"https:\/\/metarh.com.br\/metarhnews\/wp-json\/wp\/v2\/categories?post=16440"},{"taxonomy":"post_tag","embeddable":true,"href":"https:\/\/metarh.com.br\/metarhnews\/wp-json\/wp\/v2\/tags?post=16440"}],"curies":[{"name":"wp","href":"https:\/\/api.w.org\/{rel}","templated":true}]}}