{"id":16444,"date":"2025-02-04T10:25:44","date_gmt":"2025-02-04T13:25:44","guid":{"rendered":"https:\/\/metarh.com.br\/metarhnews\/?p=16444"},"modified":"2025-11-17T14:59:04","modified_gmt":"2025-11-17T17:59:04","slug":"revenge-quitting","status":"publish","type":"post","link":"https:\/\/metarh.com.br\/metarhnews\/revenge-quitting\/","title":{"rendered":"Revenge quitting: conhe\u00e7a o movimento que deve crescer em 2025"},"content":{"rendered":"\n<p>Depois do <a href=\"https:\/\/metarh.com.br\/metarhnews\/quiet-quitting\/\" target=\"_blank\" rel=\"noreferrer noopener\"><em>quiet quitting<\/em><\/a> e do <a href=\"https:\/\/metarh.com.br\/metarhnews\/rage-applying\/\" target=\"_blank\" rel=\"noreferrer noopener\"><em>rage applying<\/em><\/a> conquistarem os holofotes, 2025 promete trazer um novo movimento para o centro das aten\u00e7\u00f5es: o <strong><em>revenge quitting<\/em><\/strong>.<\/p>\n\n\n\n<p>Essa tend\u00eancia \u00e9 puxada principalmente pela Gera\u00e7\u00e3o Z e surge como um reflexo da insatisfa\u00e7\u00e3o com o ambiente de trabalho.<\/p>\n\n\n\n<p>Quer entender o que est\u00e1 por tr\u00e1s desse comportamento, seus impactos para empresas e pessoas colaboradoras e, claro, como enfrent\u00e1-lo? Ent\u00e3o, vem com a gente!<\/p>\n\n\n\n<h2 class=\"wp-block-heading\"><strong>O que \u00e9 o revenge quitting?<\/strong><\/h2>\n\n\n\n<p>Em uma tradu\u00e7\u00e3o livre, revenge quitting significa \u201cdemiss\u00e3o por vingan\u00e7a\u201d.<\/p>\n\n\n\n<p>Sendo assim, essa tend\u00eancia parte da decis\u00e3o de <strong>mudar de trabalho como uma forma de &#8220;dar o troco&#8221; em empresas ou l\u00edderes<\/strong> que n\u00e3o atenderam \u00e0s expectativas.<\/p>\n\n\n\n<p>Os protagonistas do movimento s\u00e3o as pessoas nascidas entre 1997 e 2010, a chamada Gera\u00e7\u00e3o Z. Assim como o quiet quitting (desist\u00eancia silenciosa) e o rage applying (candidatura motivada pela raiva), o revenge quitting reflete as novas din\u00e2micas de trabalho, onde <strong>flexibilidade, prop\u00f3sito e reconhecimento se tornam prioridades<\/strong>.<\/p>\n\n\n\n<h2 class=\"wp-block-heading\"><strong>O que est\u00e1 alimentando esse fen\u00f4meno?<\/strong><\/h2>\n\n\n\n<p>A demiss\u00e3o por vingan\u00e7a \u00e9 alimentada, sobretudo, pela insatisfa\u00e7\u00e3o em rela\u00e7\u00e3o \u00e0s condi\u00e7\u00f5es de trabalho. Por\u00e9m, as raz\u00f5es por tr\u00e1s desse descontentamento podem variar bastante.<\/p>\n\n\n\n<p>Em resumo, os motivos mais comuns do revenge quitting incluem:<\/p>\n\n\n\n<p><strong>Toxicidade do ambiente de trabalho<\/strong><\/p>\n\n\n\n<p>Rela\u00e7\u00f5es interpessoais conflituosas, microgerenciamento, sobrecarga de trabalho e comportamentos abusivos s\u00e3o alguns dos aspectos que criam um ambiente insustent\u00e1vel, alimentando a cultura do <a href=\"https:\/\/metarh.com.br\/metarhnews\/rh-burnout\/\" target=\"_blank\" rel=\"noreferrer noopener\">Burnout<\/a>.<\/p>\n\n\n\n<figure class=\"wp-block-image size-large\"><a href=\"https:\/\/conteudo.metarh.com.br\/saude-mental-e-turnover\" target=\"_blank\" rel=\"noreferrer noopener\"><img fetchpriority=\"high\" decoding=\"async\" width=\"1024\" height=\"377\" src=\"https:\/\/metarh.com.br\/metarhnews\/wp-content\/uploads\/2023\/04\/saude_mental_turnover-1024x377.jpg\" alt=\"Sa\u00fade Mental\" class=\"wp-image-14862\" srcset=\"https:\/\/metarh.com.br\/metarhnews\/wp-content\/uploads\/2023\/04\/saude_mental_turnover-1024x377.jpg 1024w, https:\/\/metarh.com.br\/metarhnews\/wp-content\/uploads\/2023\/04\/saude_mental_turnover-300x110.jpg 300w, https:\/\/metarh.com.br\/metarhnews\/wp-content\/uploads\/2023\/04\/saude_mental_turnover-768x283.jpg 768w, https:\/\/metarh.com.br\/metarhnews\/wp-content\/uploads\/2023\/04\/saude_mental_turnover-1536x565.jpg 1536w, https:\/\/metarh.com.br\/metarhnews\/wp-content\/uploads\/2023\/04\/saude_mental_turnover.jpg 1900w\" sizes=\"(max-width: 1024px) 100vw, 1024px\" \/><\/a><\/figure>\n\n\n\n<p><strong>N\u00e3o cumprimento de promessas<\/strong><\/p>\n\n\n\n<p>Benef\u00edcios, promo\u00e7\u00f5es ou condi\u00e7\u00f5es acordadas que n\u00e3o se concretizam tendem a gerar grandes frustra\u00e7\u00f5es.<\/p>\n\n\n\n<p><strong>Desconex\u00e3o com a lideran\u00e7a<\/strong><\/p>\n\n\n\n<p>Lideran\u00e7as distantes, despreparadas ou autorit\u00e1rias dificultam a constru\u00e7\u00e3o de um relacionamento de confian\u00e7a e colabora\u00e7\u00e3o.<\/p>\n\n\n\n<p><strong>Falta de flexibilidade<\/strong><\/p>\n\n\n\n<p>A aus\u00eancia de op\u00e7\u00f5es como trabalho remoto e hor\u00e1rios flex\u00edveis vai na contram\u00e3o das demandas atuais dos profissionais, o que pode levar \u00e0 desmotiva\u00e7\u00e3o.<\/p>\n\n\n\n<p><strong>Falta de reconhecimento e oportunidades de crescer<\/strong><\/p>\n\n\n\n<p>Os talentos de hoje est\u00e3o cada vez mais em busca de empresas que valorizem o reconhecimento e proporcionem oportunidades cont\u00ednuas de crescimento e desenvolvimento.<\/p>\n\n\n\n<p><strong>Aus\u00eancia de prop\u00f3sito<\/strong><\/p>\n\n\n\n<p>Por fim, trabalhar apenas \u201cpor trabalhar\u201d, sem alinhamento com valores ou metas pessoais, tende a dificultar a conex\u00e3o com a empresa e levar a um quadro de insatisfa\u00e7\u00e3o.<\/p>\n\n\n\n<h2 class=\"wp-block-heading\"><strong>Principais implica\u00e7\u00f5es do revenge quitting<\/strong><\/h2>\n\n\n\n<p>Assim como as tend\u00eancias anteriores, o revenge quitting traz consequ\u00eancias para todos os envolvidos. Para facilitar o entendimento, vamos abordar cada grupo separadamente!<\/p>\n\n\n\n<p><strong>Impactos para as pessoas colaboradoras<\/strong><\/p>\n\n\n\n<p>Sob a \u00f3tica da Gera\u00e7\u00e3o Z, o revenge quitting pode ser uma faca de dois gumes.<\/p>\n\n\n\n<p>Por um lado, ele \u00e9 visto como uma oportunidade de promover mudan\u00e7as positivas na carreira, ao se afastar de um ambiente t\u00f3xico ou desmotivador e buscar condi\u00e7\u00f5es que tragam mais satisfa\u00e7\u00e3o e prop\u00f3sito.<\/p>\n\n\n\n<p>Por outro, essa decis\u00e3o, principalmente se tomada de forma impulsiva, pode afetar a estabilidade financeira e at\u00e9 a reputa\u00e7\u00e3o profissional.&nbsp;<\/p>\n\n\n\n<p>Embora existam momentos em que uma demiss\u00e3o imediata seja necess\u00e1ria, \u00e9 sempre bom planejar esse passo com cautela, para garantir que ele realmente traga os resultados desejados.<\/p>\n\n\n\n<p><strong>Impactos para as organiza\u00e7\u00f5es<\/strong><\/p>\n\n\n\n<p>J\u00e1 para as empresas, deixar de se atentar para esse movimento e buscar maneiras de minimiz\u00e1-lo pode ter s\u00e9rias implica\u00e7\u00f5es, tais como:<\/p>\n\n\n\n<ul class=\"wp-block-list\">\n<li>Perda de talentos valiosos;<\/li>\n\n\n\n<li>Dificuldade para atrair novos (as) profissionais;<\/li>\n\n\n\n<li>Eleva\u00e7\u00e3o dos custos envolvidos no recrutamento e treinamento de novas pessoas colaboradoras;<\/li>\n\n\n\n<li>Queda na motiva\u00e7\u00e3o e engajamento da equipe restante;<\/li>\n\n\n\n<li>Comprometimento da continuidade dos projetos e da produtividade;<\/li>\n\n\n\n<li>Perpetua\u00e7\u00e3o de um ambiente de inseguran\u00e7a e desconfian\u00e7a.<\/li>\n<\/ul>\n\n\n\n<h2 class=\"wp-block-heading\"><strong>Como encontrar um meio de caminho?<\/strong><\/h2>\n\n\n\n<p>De acordo com especialistas em mercado de trabalho, <a href=\"https:\/\/forbes.com.br\/carreira\/2025\/01\/demissao-por-vinganca-tendencia-impulsionada-pela-genz-deve-alcancar-seu-pico-em-2025\" target=\"_blank\" rel=\"noreferrer noopener\">a demiss\u00e3o por vingan\u00e7a deve alcan\u00e7ar o pico em 2025<\/a>.\u00a0<\/p>\n\n\n\n<p>Isso, \u00e9 claro, imp\u00f5e novos desafios para o RH e para as lideran\u00e7as, que precisar\u00e3o buscar maneiras de mitigar os impactos do revenge quitting.<\/p>\n\n\n\n<p>Confira, a seguir, algumas a\u00e7\u00f5es que podem ser bem-vindas nesse contexto:<\/p>\n\n\n\n<ol class=\"wp-block-list\">\n<li><strong>Abra espa\u00e7o para o di\u00e1logo<\/strong><\/li>\n<\/ol>\n\n\n\n<p>Profissionais que t\u00eam um espa\u00e7o para expressar suas preocupa\u00e7\u00f5es, necessidades e opini\u00f5es, e que s\u00e3o informados com clareza sobre as decis\u00f5es da empresa, sentem-se mais seguros e pertencentes.<\/p>\n\n\n\n<ol class=\"wp-block-list\" start=\"2\">\n<li><strong>Prepare as lideran\u00e7as\u00a0<\/strong><\/li>\n<\/ol>\n\n\n\n<p>L\u00edderes bem preparados, que saibam liderar com empatia, respeito pelas individualidades e intelig\u00eancia emocional, s\u00e3o a chave para prevenir conflitos e promover um ambiente de trabalho mais positivo.<\/p>\n\n\n\n<ol class=\"wp-block-list\" start=\"3\">\n<li><strong>Revisite as pol\u00edticas de flexibilidade<\/strong><\/li>\n<\/ol>\n\n\n\n<p>Como vimos acima, a flexibilidade tornou-se uma prioridade para muitos profissionais.<\/p>\n\n\n\n<p>Inclusive, <a href=\"https:\/\/rhpravoce.com.br\/redacao\/ia-relacao-saudavel-trabalho\/\" target=\"_blank\" rel=\"noreferrer noopener\">92% dos trabalhadores brasileiros<\/a> estariam dispostos a abrir m\u00e3o de parte de seu sal\u00e1rio para garantir um ambiente de trabalho mais flex\u00edvel.<\/p>\n\n\n\n<p>Em outras palavras, para atrair e reter talentos, pode ser necess\u00e1rio repensar as pol\u00edticas atuais, oferecendo op\u00e7\u00f5es de trabalho remoto ou h\u00edbrido que atendam \u00e0s novas expectativas.<\/p>\n\n\n\n<ol class=\"wp-block-list\" start=\"4\">\n<li><strong>Aposte em programas de reconhecimento<\/strong><\/li>\n<\/ol>\n\n\n\n<p>Segundo uma pesquisa publicada com exclusividade pela<a href=\"https:\/\/vocerh.abril.com.br\/futurodotrabalho\/profissionais-experientes-pedem-demissao\" target=\"_blank\" rel=\"noreferrer noopener\"> Voc\u00ea RH<\/a>, a falta de reconhecimento pode aumentar o risco de demiss\u00f5es em at\u00e9 cinco vezes.<\/p>\n\n\n\n<p>Ou seja, as a\u00e7\u00f5es com esse objetivo podem e devem ser vistas como uma estrat\u00e9gia para diminuir o desejo de deixar o emprego como forma de vingan\u00e7a.<\/p>\n\n\n\n<ol class=\"wp-block-list\" start=\"5\">\n<li><strong>Invista no desenvolvimento cont\u00ednuo<\/strong><\/li>\n<\/ol>\n\n\n\n<p>Investir em treinamentos, cursos e planos de desenvolvimento individuais n\u00e3o s\u00f3 melhora as habilidades da equipe, mas tamb\u00e9m demonstra que a empresa se importa com o progresso dela.<\/p>\n\n\n\n<p>Na pr\u00e1tica, essas medidas favorecem o engajamento e a felicidade no trabalho.<\/p>\n\n\n\n<ol class=\"wp-block-list\" start=\"6\">\n<li><strong>Previna o Burnout\u00a0<\/strong><\/li>\n<\/ol>\n\n\n\n<p>Pelo visto, a busca por promover mais sa\u00fade e bem-estar no trabalho n\u00e3o deve sair t\u00e3o cedo do radar das organiza\u00e7\u00f5es.&nbsp;<\/p>\n\n\n\n<p>Implementar estrat\u00e9gias para evitar o esgotamento e combater comportamentos t\u00f3xicos desponta como uma das principais formas de aliviar a press\u00e3o sobre as pessoas colaboradoras e reduzir a rotatividade.<\/p>\n\n\n\n<ol class=\"wp-block-list\" start=\"7\">\n<li><strong>Monitore a satisfa\u00e7\u00e3o da equipe<\/strong><\/li>\n<\/ol>\n\n\n\n<p>Realizar pesquisas de satisfa\u00e7\u00e3o internas e manter um acompanhamento regular sobre o bem-estar do time tamb\u00e9m s\u00e3o medidas indispens\u00e1veis.&nbsp;<\/p>\n\n\n\n<p>Por meio dessas avalia\u00e7\u00f5es, as empresas conseguem entender as necessidades reais dos talentos e, assim, tomar decis\u00f5es informadas para aprimorar a experi\u00eancia deles no trabalho.<\/p>\n\n\n\n<figure class=\"wp-block-image size-large\"><a href=\"metarh.com.br\" target=\"_blank\" rel=\"noreferrer noopener\"><img decoding=\"async\" width=\"1024\" height=\"470\" src=\"https:\/\/metarh.com.br\/metarhnews\/wp-content\/uploads\/2024\/04\/Header-METARH-Site-v2-1024x470.jpg\" alt=\"\" class=\"wp-image-16175\" srcset=\"https:\/\/metarh.com.br\/metarhnews\/wp-content\/uploads\/2024\/04\/Header-METARH-Site-v2-1024x470.jpg 1024w, https:\/\/metarh.com.br\/metarhnews\/wp-content\/uploads\/2024\/04\/Header-METARH-Site-v2-300x138.jpg 300w, https:\/\/metarh.com.br\/metarhnews\/wp-content\/uploads\/2024\/04\/Header-METARH-Site-v2-768x353.jpg 768w, https:\/\/metarh.com.br\/metarhnews\/wp-content\/uploads\/2024\/04\/Header-METARH-Site-v2-1536x706.jpg 1536w, https:\/\/metarh.com.br\/metarhnews\/wp-content\/uploads\/2024\/04\/Header-METARH-Site-v2.jpg 1600w\" sizes=\"(max-width: 1024px) 100vw, 1024px\" \/><\/a><\/figure>\n\n\n\n<p>O <em>revenge quitting<\/em> \u00e9 um movimento que promete crescer em 2025, e as dicas que compartilhamos aqui podem ser o pontap\u00e9 inicial para transformar o ambiente de trabalho e minimizar seus impactos.<\/p>\n\n\n\n<p>No entanto, como este \u00e9 um fen\u00f4meno ainda em crescimento, \u00e9 v\u00e1lido seguir monitorando seus desdobramentos de perto, a fim de entender como ele afetar\u00e1 as din\u00e2micas corporativas.<\/p>\n\n\n\n<p>Se voc\u00ea gostou deste post, <strong>assine nossa newsletter<\/strong> e continue por dentro das novidades que podem transformar sua abordagem sobre gest\u00e3o e reten\u00e7\u00e3o de talentos!<\/p>\n<div style=\"margin-top: 0px; margin-bottom: 0px;\" class=\"sharethis-inline-share-buttons\" ><\/div>","protected":false},"excerpt":{"rendered":"<p>Depois do quiet quitting e do rage applying conquistarem os holofotes, 2025 promete trazer um novo movimento para o centro das aten\u00e7\u00f5es: o revenge quitting. Essa tend\u00eancia \u00e9 puxada principalmente pela Gera\u00e7\u00e3o Z e surge como um reflexo da insatisfa\u00e7\u00e3o com o ambiente de trabalho. Quer entender o que est\u00e1 por tr\u00e1s desse comportamento, seus&#8230;<\/p>\n","protected":false},"author":4,"featured_media":16445,"comment_status":"open","ping_status":"open","sticky":false,"template":"","format":"standard","meta":{"_kadence_starter_templates_imported_post":false,"_kad_post_transparent":"","_kad_post_title":"","_kad_post_layout":"","_kad_post_sidebar_id":"","_kad_post_content_style":"","_kad_post_vertical_padding":"","_kad_post_feature":"","_kad_post_feature_position":"","_kad_post_header":false,"_kad_post_footer":false,"_kad_post_classname":"","footnotes":""},"categories":[145,166,163,132],"tags":[135],"class_list":["post-16444","post","type-post","status-publish","format-standard","has-post-thumbnail","hentry","category-carreira","category-consultoria","category-descoberta-de-conteudos-de-rh","category-tendencias","tag-saude-mental"],"yoast_head":"<!-- This site is optimized with the Yoast SEO Premium plugin v26.6 (Yoast SEO v27.5) - https:\/\/yoast.com\/product\/yoast-seo-premium-wordpress\/ -->\n<title>Revenge quitting: conhe\u00e7a o movimento que deve crescer em 2025<\/title>\n<meta name=\"description\" content=\"Descubra o que \u00e9 Revenge Quitting, entenda as raz\u00f5es e por que esse movimento de demiss\u00f5es estrat\u00e9gicas deve crescer em 2025.\" \/>\n<meta name=\"robots\" content=\"index, follow, max-snippet:-1, max-image-preview:large, max-video-preview:-1\" \/>\n<link rel=\"canonical\" href=\"https:\/\/metarh.com.br\/metarhnews\/revenge-quitting\/\" \/>\n<meta property=\"og:locale\" content=\"pt_BR\" \/>\n<meta property=\"og:type\" content=\"article\" \/>\n<meta property=\"og:title\" content=\"Revenge quitting: conhe\u00e7a o movimento que deve crescer em 2025\" \/>\n<meta property=\"og:description\" content=\"Descubra o que \u00e9 Revenge Quitting, entenda as raz\u00f5es e por que esse movimento de demiss\u00f5es estrat\u00e9gicas deve crescer em 2025.\" \/>\n<meta property=\"og:url\" content=\"https:\/\/metarh.com.br\/metarhnews\/revenge-quitting\/\" \/>\n<meta property=\"og:site_name\" content=\"METARH +News\" \/>\n<meta property=\"article:publisher\" content=\"https:\/\/www.facebook.com\/metarhumana\" \/>\n<meta property=\"article:author\" content=\"https:\/\/www.facebook.com\/metarhconsultoria\" \/>\n<meta property=\"article:published_time\" content=\"2025-02-04T13:25:44+00:00\" \/>\n<meta property=\"article:modified_time\" content=\"2025-11-17T17:59:04+00:00\" \/>\n<meta property=\"og:image\" content=\"https:\/\/metarh.com.br\/metarhnews\/wp-content\/uploads\/2025\/02\/Revenge-Quitting-Horizontal.jpg\" \/>\n\t<meta property=\"og:image:width\" content=\"1060\" \/>\n\t<meta property=\"og:image:height\" content=\"700\" \/>\n\t<meta property=\"og:image:type\" content=\"image\/jpeg\" \/>\n<meta name=\"author\" content=\"METARH\" \/>\n<meta name=\"twitter:card\" content=\"summary_large_image\" \/>\n<meta name=\"twitter:creator\" content=\"@metarhumana\" \/>\n<meta name=\"twitter:site\" content=\"@metarhumana\" \/>\n<meta name=\"twitter:label1\" content=\"Escrito por\" \/>\n\t<meta name=\"twitter:data1\" content=\"METARH\" \/>\n\t<meta name=\"twitter:label2\" content=\"Est. tempo de leitura\" \/>\n\t<meta name=\"twitter:data2\" content=\"7 minutos\" \/>\n<script type=\"application\/ld+json\" class=\"yoast-schema-graph\">{\"@context\":\"https:\\\/\\\/schema.org\",\"@graph\":[{\"@type\":\"Article\",\"@id\":\"https:\\\/\\\/metarh.com.br\\\/metarhnews\\\/revenge-quitting\\\/#article\",\"isPartOf\":{\"@id\":\"https:\\\/\\\/metarh.com.br\\\/metarhnews\\\/revenge-quitting\\\/\"},\"author\":{\"name\":\"METARH\",\"@id\":\"https:\\\/\\\/metarh.com.br\\\/metarhnews\\\/#\\\/schema\\\/person\\\/930900bc40677695dc9df602ec0366d0\"},\"headline\":\"Revenge quitting: conhe\u00e7a o movimento que deve crescer em 2025\",\"datePublished\":\"2025-02-04T13:25:44+00:00\",\"dateModified\":\"2025-11-17T17:59:04+00:00\",\"mainEntityOfPage\":{\"@id\":\"https:\\\/\\\/metarh.com.br\\\/metarhnews\\\/revenge-quitting\\\/\"},\"wordCount\":1162,\"commentCount\":0,\"publisher\":{\"@id\":\"https:\\\/\\\/metarh.com.br\\\/metarhnews\\\/#organization\"},\"image\":{\"@id\":\"https:\\\/\\\/metarh.com.br\\\/metarhnews\\\/revenge-quitting\\\/#primaryimage\"},\"thumbnailUrl\":\"https:\\\/\\\/metarh.com.br\\\/metarhnews\\\/wp-content\\\/uploads\\\/2025\\\/02\\\/Revenge-Quitting-Horizontal.jpg\",\"keywords\":[\"Sa\u00fade Mental\"],\"articleSection\":[\"Carreira\",\"Consultoria\",\"Descoberta\",\"Tend\u00eancias\"],\"inLanguage\":\"pt-BR\",\"potentialAction\":[{\"@type\":\"CommentAction\",\"name\":\"Comment\",\"target\":[\"https:\\\/\\\/metarh.com.br\\\/metarhnews\\\/revenge-quitting\\\/#respond\"]}],\"copyrightYear\":\"2025\",\"copyrightHolder\":{\"@id\":\"https:\\\/\\\/metarh.com.br\\\/metarhnews\\\/#organization\"}},{\"@type\":\"WebPage\",\"@id\":\"https:\\\/\\\/metarh.com.br\\\/metarhnews\\\/revenge-quitting\\\/\",\"url\":\"https:\\\/\\\/metarh.com.br\\\/metarhnews\\\/revenge-quitting\\\/\",\"name\":\"Revenge quitting: conhe\u00e7a o movimento que deve crescer em 2025\",\"isPartOf\":{\"@id\":\"https:\\\/\\\/metarh.com.br\\\/metarhnews\\\/#website\"},\"primaryImageOfPage\":{\"@id\":\"https:\\\/\\\/metarh.com.br\\\/metarhnews\\\/revenge-quitting\\\/#primaryimage\"},\"image\":{\"@id\":\"https:\\\/\\\/metarh.com.br\\\/metarhnews\\\/revenge-quitting\\\/#primaryimage\"},\"thumbnailUrl\":\"https:\\\/\\\/metarh.com.br\\\/metarhnews\\\/wp-content\\\/uploads\\\/2025\\\/02\\\/Revenge-Quitting-Horizontal.jpg\",\"datePublished\":\"2025-02-04T13:25:44+00:00\",\"dateModified\":\"2025-11-17T17:59:04+00:00\",\"description\":\"Descubra o que \u00e9 Revenge Quitting, entenda as raz\u00f5es e por que esse movimento de demiss\u00f5es estrat\u00e9gicas deve crescer em 2025.\",\"breadcrumb\":{\"@id\":\"https:\\\/\\\/metarh.com.br\\\/metarhnews\\\/revenge-quitting\\\/#breadcrumb\"},\"inLanguage\":\"pt-BR\",\"potentialAction\":[{\"@type\":\"ReadAction\",\"target\":[\"https:\\\/\\\/metarh.com.br\\\/metarhnews\\\/revenge-quitting\\\/\"]}]},{\"@type\":\"ImageObject\",\"inLanguage\":\"pt-BR\",\"@id\":\"https:\\\/\\\/metarh.com.br\\\/metarhnews\\\/revenge-quitting\\\/#primaryimage\",\"url\":\"https:\\\/\\\/metarh.com.br\\\/metarhnews\\\/wp-content\\\/uploads\\\/2025\\\/02\\\/Revenge-Quitting-Horizontal.jpg\",\"contentUrl\":\"https:\\\/\\\/metarh.com.br\\\/metarhnews\\\/wp-content\\\/uploads\\\/2025\\\/02\\\/Revenge-Quitting-Horizontal.jpg\",\"width\":1060,\"height\":700,\"caption\":\"Revenge quitting: conhe\u00e7a o movimento que deve crescer em 2025\"},{\"@type\":\"BreadcrumbList\",\"@id\":\"https:\\\/\\\/metarh.com.br\\\/metarhnews\\\/revenge-quitting\\\/#breadcrumb\",\"itemListElement\":[{\"@type\":\"ListItem\",\"position\":1,\"name\":\"In\u00edcio\",\"item\":\"https:\\\/\\\/metarh.com.br\\\/metarhnews\\\/\"},{\"@type\":\"ListItem\",\"position\":2,\"name\":\"Revenge quitting: conhe\u00e7a o movimento que deve crescer em 2025\"}]},{\"@type\":\"WebSite\",\"@id\":\"https:\\\/\\\/metarh.com.br\\\/metarhnews\\\/#website\",\"url\":\"https:\\\/\\\/metarh.com.br\\\/metarhnews\\\/\",\"name\":\"METARH +News\",\"description\":\"Conte\u00fado focado em Gest\u00e3o de Pessoas\",\"publisher\":{\"@id\":\"https:\\\/\\\/metarh.com.br\\\/metarhnews\\\/#organization\"},\"potentialAction\":[{\"@type\":\"SearchAction\",\"target\":{\"@type\":\"EntryPoint\",\"urlTemplate\":\"https:\\\/\\\/metarh.com.br\\\/metarhnews\\\/?s={search_term_string}\"},\"query-input\":{\"@type\":\"PropertyValueSpecification\",\"valueRequired\":true,\"valueName\":\"search_term_string\"}}],\"inLanguage\":\"pt-BR\"},{\"@type\":\"Organization\",\"@id\":\"https:\\\/\\\/metarh.com.br\\\/metarhnews\\\/#organization\",\"name\":\"METARH +Humana\",\"url\":\"https:\\\/\\\/metarh.com.br\\\/metarhnews\\\/\",\"logo\":{\"@type\":\"ImageObject\",\"inLanguage\":\"pt-BR\",\"@id\":\"https:\\\/\\\/metarh.com.br\\\/metarhnews\\\/#\\\/schema\\\/logo\\\/image\\\/\",\"url\":\"https:\\\/\\\/metarh.com.br\\\/metarhnews\\\/wp-content\\\/uploads\\\/2025\\\/02\\\/METARH-Azul-Horizontal.png\",\"contentUrl\":\"https:\\\/\\\/metarh.com.br\\\/metarhnews\\\/wp-content\\\/uploads\\\/2025\\\/02\\\/METARH-Azul-Horizontal.png\",\"width\":1002,\"height\":303,\"caption\":\"METARH +Humana\"},\"image\":{\"@id\":\"https:\\\/\\\/metarh.com.br\\\/metarhnews\\\/#\\\/schema\\\/logo\\\/image\\\/\"},\"sameAs\":[\"https:\\\/\\\/www.facebook.com\\\/metarhumana\",\"https:\\\/\\\/x.com\\\/metarhumana\",\"https:\\\/\\\/www.instagram.com\\\/metarhumana\\\/\",\"https:\\\/\\\/www.youtube.com\\\/@metarhumana\"]},{\"@type\":\"Person\",\"@id\":\"https:\\\/\\\/metarh.com.br\\\/metarhnews\\\/#\\\/schema\\\/person\\\/930900bc40677695dc9df602ec0366d0\",\"name\":\"METARH\",\"image\":{\"@type\":\"ImageObject\",\"inLanguage\":\"pt-BR\",\"@id\":\"https:\\\/\\\/secure.gravatar.com\\\/avatar\\\/e03963382c9576f1c9989940c2d59ebc780df154afc76a079627bbbdb3dcefa1?s=96&d=mm&r=g\",\"url\":\"https:\\\/\\\/secure.gravatar.com\\\/avatar\\\/e03963382c9576f1c9989940c2d59ebc780df154afc76a079627bbbdb3dcefa1?s=96&d=mm&r=g\",\"contentUrl\":\"https:\\\/\\\/secure.gravatar.com\\\/avatar\\\/e03963382c9576f1c9989940c2d59ebc780df154afc76a079627bbbdb3dcefa1?s=96&d=mm&r=g\",\"caption\":\"METARH\"},\"description\":\"Somos uma consultoria de recursos humanos com mais de 40 anos de mercado, ajudando empresas como a sua a encontrarem o talento certo. Nossos processos s\u00e3o focados no sucesso dos clientes sem deixar de lado a experi\u00eancia positiva das pessoas candidatas.\",\"sameAs\":[\"http:\\\/\\\/www.metarh.com.br\",\"https:\\\/\\\/www.facebook.com\\\/metarhconsultoria\",\"https:\\\/\\\/www.instagram.com\\\/metarhconsultoria\\\/\",\"https:\\\/\\\/www.linkedin.com\\\/company\\\/metarhconsultoria\",\"http:\\\/\\\/youtube.com\\\/@metarhconsultoria\"],\"url\":\"https:\\\/\\\/metarh.com.br\\\/metarhnews\\\/author\\\/editorial-metarh\\\/\"}]}<\/script>\n<!-- \/ Yoast SEO Premium plugin. -->","yoast_head_json":{"title":"Revenge quitting: conhe\u00e7a o movimento que deve crescer em 2025","description":"Descubra o que \u00e9 Revenge Quitting, entenda as raz\u00f5es e por que esse movimento de demiss\u00f5es estrat\u00e9gicas deve crescer em 2025.","robots":{"index":"index","follow":"follow","max-snippet":"max-snippet:-1","max-image-preview":"max-image-preview:large","max-video-preview":"max-video-preview:-1"},"canonical":"https:\/\/metarh.com.br\/metarhnews\/revenge-quitting\/","og_locale":"pt_BR","og_type":"article","og_title":"Revenge quitting: conhe\u00e7a o movimento que deve crescer em 2025","og_description":"Descubra o que \u00e9 Revenge Quitting, entenda as raz\u00f5es e por que esse movimento de demiss\u00f5es estrat\u00e9gicas deve crescer em 2025.","og_url":"https:\/\/metarh.com.br\/metarhnews\/revenge-quitting\/","og_site_name":"METARH +News","article_publisher":"https:\/\/www.facebook.com\/metarhumana","article_author":"https:\/\/www.facebook.com\/metarhconsultoria","article_published_time":"2025-02-04T13:25:44+00:00","article_modified_time":"2025-11-17T17:59:04+00:00","og_image":[{"width":1060,"height":700,"url":"https:\/\/metarh.com.br\/metarhnews\/wp-content\/uploads\/2025\/02\/Revenge-Quitting-Horizontal.jpg","type":"image\/jpeg"}],"author":"METARH","twitter_card":"summary_large_image","twitter_creator":"@metarhumana","twitter_site":"@metarhumana","twitter_misc":{"Escrito por":"METARH","Est. tempo de leitura":"7 minutos"},"schema":{"@context":"https:\/\/schema.org","@graph":[{"@type":"Article","@id":"https:\/\/metarh.com.br\/metarhnews\/revenge-quitting\/#article","isPartOf":{"@id":"https:\/\/metarh.com.br\/metarhnews\/revenge-quitting\/"},"author":{"name":"METARH","@id":"https:\/\/metarh.com.br\/metarhnews\/#\/schema\/person\/930900bc40677695dc9df602ec0366d0"},"headline":"Revenge quitting: conhe\u00e7a o movimento que deve crescer em 2025","datePublished":"2025-02-04T13:25:44+00:00","dateModified":"2025-11-17T17:59:04+00:00","mainEntityOfPage":{"@id":"https:\/\/metarh.com.br\/metarhnews\/revenge-quitting\/"},"wordCount":1162,"commentCount":0,"publisher":{"@id":"https:\/\/metarh.com.br\/metarhnews\/#organization"},"image":{"@id":"https:\/\/metarh.com.br\/metarhnews\/revenge-quitting\/#primaryimage"},"thumbnailUrl":"https:\/\/metarh.com.br\/metarhnews\/wp-content\/uploads\/2025\/02\/Revenge-Quitting-Horizontal.jpg","keywords":["Sa\u00fade Mental"],"articleSection":["Carreira","Consultoria","Descoberta","Tend\u00eancias"],"inLanguage":"pt-BR","potentialAction":[{"@type":"CommentAction","name":"Comment","target":["https:\/\/metarh.com.br\/metarhnews\/revenge-quitting\/#respond"]}],"copyrightYear":"2025","copyrightHolder":{"@id":"https:\/\/metarh.com.br\/metarhnews\/#organization"}},{"@type":"WebPage","@id":"https:\/\/metarh.com.br\/metarhnews\/revenge-quitting\/","url":"https:\/\/metarh.com.br\/metarhnews\/revenge-quitting\/","name":"Revenge quitting: conhe\u00e7a o movimento que deve crescer em 2025","isPartOf":{"@id":"https:\/\/metarh.com.br\/metarhnews\/#website"},"primaryImageOfPage":{"@id":"https:\/\/metarh.com.br\/metarhnews\/revenge-quitting\/#primaryimage"},"image":{"@id":"https:\/\/metarh.com.br\/metarhnews\/revenge-quitting\/#primaryimage"},"thumbnailUrl":"https:\/\/metarh.com.br\/metarhnews\/wp-content\/uploads\/2025\/02\/Revenge-Quitting-Horizontal.jpg","datePublished":"2025-02-04T13:25:44+00:00","dateModified":"2025-11-17T17:59:04+00:00","description":"Descubra o que \u00e9 Revenge Quitting, entenda as raz\u00f5es e por que esse movimento de demiss\u00f5es estrat\u00e9gicas deve crescer em 2025.","breadcrumb":{"@id":"https:\/\/metarh.com.br\/metarhnews\/revenge-quitting\/#breadcrumb"},"inLanguage":"pt-BR","potentialAction":[{"@type":"ReadAction","target":["https:\/\/metarh.com.br\/metarhnews\/revenge-quitting\/"]}]},{"@type":"ImageObject","inLanguage":"pt-BR","@id":"https:\/\/metarh.com.br\/metarhnews\/revenge-quitting\/#primaryimage","url":"https:\/\/metarh.com.br\/metarhnews\/wp-content\/uploads\/2025\/02\/Revenge-Quitting-Horizontal.jpg","contentUrl":"https:\/\/metarh.com.br\/metarhnews\/wp-content\/uploads\/2025\/02\/Revenge-Quitting-Horizontal.jpg","width":1060,"height":700,"caption":"Revenge quitting: conhe\u00e7a o movimento que deve crescer em 2025"},{"@type":"BreadcrumbList","@id":"https:\/\/metarh.com.br\/metarhnews\/revenge-quitting\/#breadcrumb","itemListElement":[{"@type":"ListItem","position":1,"name":"In\u00edcio","item":"https:\/\/metarh.com.br\/metarhnews\/"},{"@type":"ListItem","position":2,"name":"Revenge quitting: conhe\u00e7a o movimento que deve crescer em 2025"}]},{"@type":"WebSite","@id":"https:\/\/metarh.com.br\/metarhnews\/#website","url":"https:\/\/metarh.com.br\/metarhnews\/","name":"METARH +News","description":"Conte\u00fado focado em Gest\u00e3o de Pessoas","publisher":{"@id":"https:\/\/metarh.com.br\/metarhnews\/#organization"},"potentialAction":[{"@type":"SearchAction","target":{"@type":"EntryPoint","urlTemplate":"https:\/\/metarh.com.br\/metarhnews\/?s={search_term_string}"},"query-input":{"@type":"PropertyValueSpecification","valueRequired":true,"valueName":"search_term_string"}}],"inLanguage":"pt-BR"},{"@type":"Organization","@id":"https:\/\/metarh.com.br\/metarhnews\/#organization","name":"METARH +Humana","url":"https:\/\/metarh.com.br\/metarhnews\/","logo":{"@type":"ImageObject","inLanguage":"pt-BR","@id":"https:\/\/metarh.com.br\/metarhnews\/#\/schema\/logo\/image\/","url":"https:\/\/metarh.com.br\/metarhnews\/wp-content\/uploads\/2025\/02\/METARH-Azul-Horizontal.png","contentUrl":"https:\/\/metarh.com.br\/metarhnews\/wp-content\/uploads\/2025\/02\/METARH-Azul-Horizontal.png","width":1002,"height":303,"caption":"METARH +Humana"},"image":{"@id":"https:\/\/metarh.com.br\/metarhnews\/#\/schema\/logo\/image\/"},"sameAs":["https:\/\/www.facebook.com\/metarhumana","https:\/\/x.com\/metarhumana","https:\/\/www.instagram.com\/metarhumana\/","https:\/\/www.youtube.com\/@metarhumana"]},{"@type":"Person","@id":"https:\/\/metarh.com.br\/metarhnews\/#\/schema\/person\/930900bc40677695dc9df602ec0366d0","name":"METARH","image":{"@type":"ImageObject","inLanguage":"pt-BR","@id":"https:\/\/secure.gravatar.com\/avatar\/e03963382c9576f1c9989940c2d59ebc780df154afc76a079627bbbdb3dcefa1?s=96&d=mm&r=g","url":"https:\/\/secure.gravatar.com\/avatar\/e03963382c9576f1c9989940c2d59ebc780df154afc76a079627bbbdb3dcefa1?s=96&d=mm&r=g","contentUrl":"https:\/\/secure.gravatar.com\/avatar\/e03963382c9576f1c9989940c2d59ebc780df154afc76a079627bbbdb3dcefa1?s=96&d=mm&r=g","caption":"METARH"},"description":"Somos uma consultoria de recursos humanos com mais de 40 anos de mercado, ajudando empresas como a sua a encontrarem o talento certo. Nossos processos s\u00e3o focados no sucesso dos clientes sem deixar de lado a experi\u00eancia positiva das pessoas candidatas.","sameAs":["http:\/\/www.metarh.com.br","https:\/\/www.facebook.com\/metarhconsultoria","https:\/\/www.instagram.com\/metarhconsultoria\/","https:\/\/www.linkedin.com\/company\/metarhconsultoria","http:\/\/youtube.com\/@metarhconsultoria"],"url":"https:\/\/metarh.com.br\/metarhnews\/author\/editorial-metarh\/"}]}},"_links":{"self":[{"href":"https:\/\/metarh.com.br\/metarhnews\/wp-json\/wp\/v2\/posts\/16444","targetHints":{"allow":["GET"]}}],"collection":[{"href":"https:\/\/metarh.com.br\/metarhnews\/wp-json\/wp\/v2\/posts"}],"about":[{"href":"https:\/\/metarh.com.br\/metarhnews\/wp-json\/wp\/v2\/types\/post"}],"author":[{"embeddable":true,"href":"https:\/\/metarh.com.br\/metarhnews\/wp-json\/wp\/v2\/users\/4"}],"replies":[{"embeddable":true,"href":"https:\/\/metarh.com.br\/metarhnews\/wp-json\/wp\/v2\/comments?post=16444"}],"version-history":[{"count":1,"href":"https:\/\/metarh.com.br\/metarhnews\/wp-json\/wp\/v2\/posts\/16444\/revisions"}],"predecessor-version":[{"id":16446,"href":"https:\/\/metarh.com.br\/metarhnews\/wp-json\/wp\/v2\/posts\/16444\/revisions\/16446"}],"wp:featuredmedia":[{"embeddable":true,"href":"https:\/\/metarh.com.br\/metarhnews\/wp-json\/wp\/v2\/media\/16445"}],"wp:attachment":[{"href":"https:\/\/metarh.com.br\/metarhnews\/wp-json\/wp\/v2\/media?parent=16444"}],"wp:term":[{"taxonomy":"category","embeddable":true,"href":"https:\/\/metarh.com.br\/metarhnews\/wp-json\/wp\/v2\/categories?post=16444"},{"taxonomy":"post_tag","embeddable":true,"href":"https:\/\/metarh.com.br\/metarhnews\/wp-json\/wp\/v2\/tags?post=16444"}],"curies":[{"name":"wp","href":"https:\/\/api.w.org\/{rel}","templated":true}]}}