{"id":16499,"date":"2025-04-01T15:36:11","date_gmt":"2025-04-01T18:36:11","guid":{"rendered":"https:\/\/metarh.com.br\/metarhnews\/?p=16499"},"modified":"2026-01-21T15:42:07","modified_gmt":"2026-01-21T18:42:07","slug":"autistas-no-trabalho","status":"publish","type":"post","link":"https:\/\/metarh.com.br\/metarhnews\/autistas-no-trabalho\/","title":{"rendered":"Inclus\u00e3o de autistas no trabalho: desafios e boas pr\u00e1ticas"},"content":{"rendered":"\n<p>A <strong>inclus\u00e3o de autistas no trabalho<\/strong> ainda \u00e9 um tema recente, mas que vem ganhando mais for\u00e7a a cada ano.<\/p>\n\n\n\n<p>Um bom exemplo desse avan\u00e7o \u00e9 a <a href=\"https:\/\/www.planalto.gov.br\/ccivil_03\/_ato2023-2026\/2024\/lei\/l14992.htm\" target=\"_blank\" rel=\"noreferrer noopener\">Lei 14.992\/24<\/a>, que foi sancionada em outubro do ano passado para ampliar as oportunidades de emprego e garantir a acessibilidade para esse grupo.<\/p>\n\n\n\n<p>Com o Dia Mundial da Conscientiza\u00e7\u00e3o sobre o Autismo, em 02 de abril, chegando, \u00e9 a hora perfeita para retomar essa conversa e destacar a import\u00e2ncia de construir empresas mais inclusivas e acolhedoras.<\/p>\n\n\n\n<p>Quer entender melhor os desafios que talentos neurodivergentes ainda enfrentam e conhecer boas pr\u00e1ticas para tornar a inclus\u00e3o deles efetiva? Ent\u00e3o, vamos juntos!<\/p>\n\n\n\n<h2 class=\"wp-block-heading\" id=\"h-entendendo-o-transtorno-do-espectro-autista-tea\"><strong>Entendendo o Transtorno do Espectro Autista (TEA)<\/strong><\/h2>\n\n\n\n<p>A falta de conhecimento sobre o Transtorno do Espectro Autista (TEA) \u00e9 um dos fatores que dificultam a inclus\u00e3o de autistas no mercado de trabalho.&nbsp;<\/p>\n\n\n\n<p>Por isso, vamos come\u00e7ar a desmistificar esse assunto.<\/p>\n\n\n\n<p>Ao contr\u00e1rio do que muitos ainda pensam, o TEA n\u00e3o \u00e9 uma doen\u00e7a. Trata-se, na verdade, de uma condi\u00e7\u00e3o neurol\u00f3gica que pode se manifestar de diferentes formas \u2013 da\u00ed o termo \u201cespectro\u201d.<\/p>\n\n\n\n<p>De modo geral, <strong>esse transtorno do neurodesenvolvimento afeta principalmente a comunica\u00e7\u00e3o, a intera\u00e7\u00e3o social e o processamento de informa\u00e7\u00f5es sensoriais<\/strong>.&nbsp;<\/p>\n\n\n\n<p>Por\u00e9m, a maneira como isso acontece, os graus de intensidade e a necessidade de suporte variam bastante de indiv\u00edduo para indiv\u00edduo.<\/p>\n\n\n\n<p>Por exemplo: algumas pessoas autistas podem ter dificuldades na interpreta\u00e7\u00e3o de express\u00f5es faciais ou para entender regras sociais impl\u00edcitas.<\/p>\n\n\n\n<p>Do mesmo modo, muitas delas s\u00e3o altamente focadas e apresentam habilidades excepcionais em determinadas \u00e1reas.<\/p>\n\n\n\n<h2 class=\"wp-block-heading\" id=\"h-autismo-e-mercado-de-trabalho\"><strong>Autismo e mercado de trabalho<\/strong><\/h2>\n\n\n\n<p>Os dados sobre a realidade do autismo no Brasil ainda s\u00e3o escassos. Por\u00e9m, alguns estudos apontam uma dire\u00e7\u00e3o.<\/p>\n\n\n\n<p>Segundo a pesquisa mais recente do <a href=\"https:\/\/www.cdc.gov\/ncbddd\/autism\/features\/autism-among-4-year-old-8-year-old-children-an-easy-read-summary.html\" target=\"_blank\" rel=\"noreferrer noopener\">Centro de Controle de Doen\u00e7as e Preven\u00e7\u00e3o (CDC)<\/a>, por exemplo, 1 em cada 36 crian\u00e7as estadunidenses com 8 anos s\u00e3o diagnosticadas com a condi\u00e7\u00e3o.<\/p>\n\n\n\n<p>Se aplicarmos essa mesma preval\u00eancia ao Brasil, considerando que nossa popula\u00e7\u00e3o gira em torno de 212,6 milh\u00f5es de pessoas, poder\u00edamos estimar que mais de 5 milh\u00f5es de brasileiros est\u00e3o dentro do espectro autista.<\/p>\n\n\n\n<p>Claro que essa \u00e9 apenas uma proje\u00e7\u00e3o. Mas, quando pensamos que <a href=\"https:\/\/vocerh.abril.com.br\/diversidade\/autistas-no-mercado-de-trabalho-desafios-e-solucoes\" target=\"_blank\" rel=\"noreferrer noopener\">85% das pessoas com TEA est\u00e3o fora do mercado de trabalho<\/a>, de acordo com o IBGE, fica \u00f3bvio o quanto esse potencial ainda est\u00e1 sendo subutilizado.<\/p>\n\n\n\n<p>Como vimos, j\u00e1 existem algumas medidas que buscam reverter esse cen\u00e1rio. A Lei 14.992 \u00e9 uma delas, por trazer uma s\u00e9rie de novidades que prometem ampliar a empregabilidade de pessoas autistas.<\/p>\n\n\n\n<p>Entre as mudan\u00e7as previstas, destacam-se:<\/p>\n\n\n\n<ul class=\"wp-block-list\">\n<li>Obrigatoriedade do Sistema Nacional de Emprego (Sine) adequar sua infraestrutura \u00e0s diretrizes da ABNT, a fim de garantir que o ambiente de trabalho seja acess\u00edvel para pessoas com defici\u00eancia, incluindo autistas.<\/li>\n<\/ul>\n\n\n\n<ul class=\"wp-block-list\">\n<li>Integra\u00e7\u00e3o da base de dados do Sine ao Sistema Nacional de Cadastro da Pessoa com Transtorno do Espectro Autista (SisTEA), para facilitar a intermedia\u00e7\u00e3o de vagas e contratos de aprendizagem.<br><\/li>\n\n\n\n<li>Fomento a iniciativas para a inclus\u00e3o no mercado de trabalho, incluindo a realiza\u00e7\u00e3o de feiras de emprego e a sensibiliza\u00e7\u00e3o de empregadores para a contrata\u00e7\u00e3o de pessoas autistas.<\/li>\n<\/ul>\n\n\n\n<figure class=\"wp-block-image size-large\"><img fetchpriority=\"high\" decoding=\"async\" width=\"1024\" height=\"427\" src=\"https:\/\/metarh.com.br\/metarhnews\/wp-content\/uploads\/2024\/09\/Header-DEI-1024x427.jpg\" alt=\"\" class=\"wp-image-16329\" srcset=\"https:\/\/metarh.com.br\/metarhnews\/wp-content\/uploads\/2024\/09\/Header-DEI-1024x427.jpg 1024w, https:\/\/metarh.com.br\/metarhnews\/wp-content\/uploads\/2024\/09\/Header-DEI-300x125.jpg 300w, https:\/\/metarh.com.br\/metarhnews\/wp-content\/uploads\/2024\/09\/Header-DEI-768x320.jpg 768w, https:\/\/metarh.com.br\/metarhnews\/wp-content\/uploads\/2024\/09\/Header-DEI.jpg 1200w\" sizes=\"(max-width: 1024px) 100vw, 1024px\" \/><\/figure>\n\n\n\n<h2 class=\"wp-block-heading\" id=\"h-desafios-encontrados-no-caminho\"><strong>Desafios encontrados no caminho<\/strong><\/h2>\n\n\n\n<p>Apesar dos avan\u00e7os que v\u00eam sendo presenciados nos \u00faltimos anos, \u00e9 ineg\u00e1vel que a inclus\u00e3o de pessoas autistas no trabalho ainda enfrenta desafios.<\/p>\n\n\n\n<p>Afinal, contratar pessoas com TEA \u00e9 somente o primeiro passo.&nbsp;<\/p>\n\n\n\n<p>Ap\u00f3s essa etapa, tamb\u00e9m \u00e9 importante implementar a\u00e7\u00f5es que garantam n\u00e3o apenas a perman\u00eancia, mas tamb\u00e9m o sucesso desses profissionais nas empresas.<\/p>\n\n\n\n<p>Mais do que garantir a contrata\u00e7\u00e3o, promover a inclus\u00e3o de pessoas autistas no ambiente corporativo exige olhar para o desenvolvimento ao longo da jornada profissional. Entender como o <strong><a href=\"https:\/\/metarh.com.br\/metarhnews\/autismo-carreira\/\">autismo impacta a constru\u00e7\u00e3o de carreira<\/a><\/strong> \u00e9 essencial para criar oportunidades reais de crescimento e perman\u00eancia no mercado de trabalho.<\/p>\n\n\n\n<p>Dito isso, aqui est\u00e3o alguns dos principais empecilhos que esse grupo enfrenta:<\/p>\n\n\n\n<p><strong>Pouca ou nenhuma compreens\u00e3o sobre o TEA<\/strong><\/p>\n\n\n\n<p>Muitas empresas ainda n\u00e3o conhecem bem as necessidades e habilidades das pessoas autistas, impedindo que elas sejam devidamente reconhecidas e aproveitadas no ambiente de trabalho.<\/p>\n\n\n\n<p>Em geral, a falta de compreens\u00e3o sobre o TEA frequentemente leva a preconceitos, estigmatiza\u00e7\u00e3o ou at\u00e9 mesmo \u00e0 exclus\u00e3o involunt\u00e1ria.<\/p>\n\n\n\n<p>Ainda hoje, por exemplo, h\u00e1 quem acredite que autistas n\u00e3o conseguem cumprir fun\u00e7\u00f5es complexas. O que, por sua vez, pode limitar as oportunidades de emprego.<\/p>\n\n\n\n<p><strong>Falta de acessibilidade<\/strong><\/p>\n\n\n\n<p>A falta de adequa\u00e7\u00e3o do ambiente de trabalho \u00e9 outra barreira significativa para a inclus\u00e3o de pessoas com TEA.<\/p>\n\n\n\n<p>Locais com muita luz, barulho ou odores fortes podem ser desconfort\u00e1veis e at\u00e9 sobrecarregar os sentidos de talentos neurodivergentes.&nbsp;<\/p>\n\n\n\n<p>Al\u00e9m disso, certos tipos de textura ou o toque f\u00edsico, como o aperto de m\u00e3o, tamb\u00e9m podem causar desconforto.<\/p>\n\n\n\n<p><strong>Desafios na comunica\u00e7\u00e3o e intera\u00e7\u00e3o social<\/strong><\/p>\n\n\n\n<p>Para esses profissionais, pode ser dif\u00edcil entender mensagens que n\u00e3o sejam t\u00e3o claras ou at\u00e9 mesmo interpretar a linguagem corporal.&nbsp;<\/p>\n\n\n\n<p>Afinal, pessoas autistas tendem a interpretar o mundo que os cerca de forma muito literal.<\/p>\n\n\n\n<p>Em termos pr\u00e1ticos, isso significa que elas podem ter mais dificuldade para compreender express\u00f5es faciais, determinados tons de voz ou o uso do sarcasmo.<\/p>\n\n\n\n<p><strong>Falta de suporte cont\u00ednuo<\/strong><\/p>\n\n\n\n<p>A aus\u00eancia de um acompanhamento pr\u00f3ximo por parte do RH e das lideran\u00e7as tamb\u00e9m \u00e9 um fator que compromete a inclus\u00e3o de autistas no trabalho.<\/p>\n\n\n\n<p>Essa falta de suporte pode desde dificultar o desempenho das fun\u00e7\u00f5es at\u00e9 levar ao abandono precoce do emprego.<\/p>\n\n\n\n<h2 class=\"wp-block-heading\" id=\"h-por-que-e-como-reverter-esse-cenario\"><strong>Por que e como reverter esse cen\u00e1rio?<\/strong><\/h2>\n\n\n\n<p>Embora o TEA traga desafios, as pessoas diagnosticadas com autismo frequentemente possuem habilidades e caracter\u00edsticas \u00fanicas que podem ser extremamente valiosas para as empresas.&nbsp;<\/p>\n\n\n\n<p>Sua <strong>aten\u00e7\u00e3o aos detalhes, a capacidade de focar por longos per\u00edodos em tarefas espec\u00edficas, a habilidade de pensar de maneira criativa ou l\u00f3gica, al\u00e9m da facilidade em seguir rotinas<\/strong>, s\u00e3o apenas algumas das qualidades que merecem destaque.<\/p>\n\n\n\n<p>Para as empresas que est\u00e3o prontas para abra\u00e7ar esse potencial, aqui v\u00e3o algumas boas pr\u00e1ticas de como incluir pessoas autistas no ambiente de trabalho:<\/p>\n\n\n\n<ul class=\"wp-block-list\">\n<li><strong>Promova treinamentos sobre TEA: <\/strong>quanto menos estigma e preconceito houver entre as pessoas colaboradoras, mais acolhidos os talentos at\u00edpicos se sentir\u00e3o;<\/li>\n\n\n\n<li><strong>Ofere\u00e7a um ambiente sensorialmente amig\u00e1vel<\/strong>: pequenos ajustes no espa\u00e7o de trabalho podem garantir maior conforto;<\/li>\n\n\n\n<li><strong>Evite mudan\u00e7as inesperadas na rotina: <\/strong>pessoas autistas costumam se sentir mais confort\u00e1veis em ambientes que oferecem consist\u00eancia e previsibilidade.<\/li>\n\n\n\n<li><strong>Priorize a comunica\u00e7\u00e3o clara e objetiva: <\/strong>sarcasmo, met\u00e1foras ou express\u00f5es vagas podem ser interpretados de maneira errada.<\/li>\n\n\n\n<li><strong>Identifique e valorize as habilidades<\/strong>: ao entender os portes fortes,<strong> <\/strong>\u00e9 poss\u00edvel direcionar as responsabilidades de forma estrat\u00e9gica, aproveitando ao m\u00e1ximo o potencial da pessoa autista.<\/li>\n\n\n\n<li><strong>Ofere\u00e7a flexibilidade nas intera\u00e7\u00f5es sociais<\/strong>: nem todas as pessoas at\u00edpicas se sentem confort\u00e1veis em intera\u00e7\u00f5es sociais. Respeite os limites e permita que elas interajam de maneira que se sintam \u00e0 vontade.<\/li>\n\n\n\n<li><strong>Reveja o recrutamento e sele\u00e7\u00e3o<\/strong>: crie um processo mais tranquilo e estruturado, com explica\u00e7\u00f5es claras sobre o que ser\u00e1 esperado em cada etapa.<\/li>\n<\/ul>\n\n\n\n<p>Al\u00e9m das boas pr\u00e1ticas apresentadas, n\u00e3o podemos deixar de destacar a import\u00e2ncia da conscientiza\u00e7\u00e3o e preparo das lideran\u00e7as.<\/p>\n\n\n\n<p>Mais do que ajudar a transformar a mentalidade de toda a equipe, tornando a inclus\u00e3o uma pr\u00e1tica di\u00e1ria, os l\u00edderes devem estar prontos para acolher e oferecer suporte cont\u00ednuo durante a adapta\u00e7\u00e3o desses talentos.<\/p>\n\n\n\n<figure class=\"wp-block-image size-large\"><a href=\"https:\/\/conteudo.metarh.com.br\/trilhando\" target=\"_blank\" rel=\"noreferrer noopener\"><img decoding=\"async\" width=\"1024\" height=\"416\" src=\"https:\/\/metarh.com.br\/metarhnews\/wp-content\/uploads\/2024\/06\/Roda-meio-trilhando-pipe-2-1024x416.png\" alt=\"\" class=\"wp-image-16212\" srcset=\"https:\/\/metarh.com.br\/metarhnews\/wp-content\/uploads\/2024\/06\/Roda-meio-trilhando-pipe-2-1024x416.png 1024w, https:\/\/metarh.com.br\/metarhnews\/wp-content\/uploads\/2024\/06\/Roda-meio-trilhando-pipe-2-300x122.png 300w, https:\/\/metarh.com.br\/metarhnews\/wp-content\/uploads\/2024\/06\/Roda-meio-trilhando-pipe-2-768x312.png 768w, https:\/\/metarh.com.br\/metarhnews\/wp-content\/uploads\/2024\/06\/Roda-meio-trilhando-pipe-2-1536x624.png 1536w, https:\/\/metarh.com.br\/metarhnews\/wp-content\/uploads\/2024\/06\/Roda-meio-trilhando-pipe-2.png 1600w\" sizes=\"(max-width: 1024px) 100vw, 1024px\" \/><\/a><\/figure>\n\n\n\n<p>Esperamos que as dicas apresentadas at\u00e9 aqui guiem sua empresa para um futuro onde as diferen\u00e7as sejam vistas como fortalezas e cada indiv\u00edduo tenha a oportunidade de brilhar, independentemente das suas particularidades.<\/p>\n\n\n\n<p>Por fim, vale lembrar que a METARH est\u00e1 pronta para apoiar sua empresa nessa jornada, auxiliando na implementa\u00e7\u00e3o de a\u00e7\u00f5es de diversidade e inclus\u00e3o.&nbsp;<\/p>\n\n\n\n<p><a href=\"https:\/\/metarh.com.br\/contato-empresas\/\">Entre em contato conosco e saiba como podemos ajudar<\/a>!<\/p>\n<div style=\"margin-top: 0px; margin-bottom: 0px;\" class=\"sharethis-inline-share-buttons\" ><\/div>","protected":false},"excerpt":{"rendered":"<p>A inclus\u00e3o de autistas no trabalho ainda \u00e9 um tema recente, mas que vem ganhando mais for\u00e7a a cada ano. Um bom exemplo desse avan\u00e7o \u00e9 a Lei 14.992\/24, que foi sancionada em outubro do ano passado para ampliar as oportunidades de emprego e garantir a acessibilidade para esse grupo. Com o Dia Mundial da&#8230;<\/p>\n","protected":false},"author":4,"featured_media":16500,"comment_status":"open","ping_status":"open","sticky":false,"template":"","format":"standard","meta":{"_kadence_starter_templates_imported_post":false,"_kad_post_transparent":"","_kad_post_title":"","_kad_post_layout":"","_kad_post_sidebar_id":"","_kad_post_content_style":"","_kad_post_vertical_padding":"","_kad_post_feature":"","_kad_post_feature_position":"","_kad_post_header":false,"_kad_post_footer":false,"_kad_post_classname":"","footnotes":""},"categories":[162,164,3],"tags":[],"class_list":["post-16499","post","type-post","status-publish","format-standard","has-post-thumbnail","hentry","category-trilhando-mais","category-aprendizado-em-rh","category-dicas"],"yoast_head":"<!-- This site is optimized with the Yoast SEO Premium plugin v26.6 (Yoast SEO v27.5) - https:\/\/yoast.com\/product\/yoast-seo-premium-wordpress\/ -->\n<title>Inclus\u00e3o de autistas no trabalho: desafios e boas pr\u00e1ticas<\/title>\n<meta name=\"description\" content=\"Entenda os desafios e estrat\u00e9gias para a inclus\u00e3o de pessoas autistas no mercado de trabalho e como criar um ambiente mais acess\u00edvel.\" \/>\n<meta name=\"robots\" content=\"index, follow, max-snippet:-1, max-image-preview:large, max-video-preview:-1\" \/>\n<link rel=\"canonical\" href=\"https:\/\/metarh.com.br\/metarhnews\/autistas-no-trabalho\/\" \/>\n<meta property=\"og:locale\" content=\"pt_BR\" \/>\n<meta property=\"og:type\" content=\"article\" \/>\n<meta property=\"og:title\" content=\"Inclus\u00e3o de autistas no trabalho: desafios e boas pr\u00e1ticas\" \/>\n<meta property=\"og:description\" content=\"Entenda os desafios e estrat\u00e9gias para a inclus\u00e3o de pessoas autistas no mercado de trabalho e como criar um ambiente mais acess\u00edvel.\" \/>\n<meta property=\"og:url\" content=\"https:\/\/metarh.com.br\/metarhnews\/autistas-no-trabalho\/\" \/>\n<meta property=\"og:site_name\" content=\"METARH +News\" \/>\n<meta property=\"article:publisher\" content=\"https:\/\/www.facebook.com\/metarhumana\" \/>\n<meta property=\"article:author\" content=\"https:\/\/www.facebook.com\/metarhconsultoria\" \/>\n<meta property=\"article:published_time\" content=\"2025-04-01T18:36:11+00:00\" \/>\n<meta property=\"article:modified_time\" content=\"2026-01-21T18:42:07+00:00\" \/>\n<meta property=\"og:image\" content=\"https:\/\/metarh.com.br\/metarhnews\/wp-content\/uploads\/2025\/04\/Inclusao-Autistas.jpg\" \/>\n\t<meta property=\"og:image:width\" content=\"1060\" \/>\n\t<meta property=\"og:image:height\" content=\"700\" \/>\n\t<meta property=\"og:image:type\" content=\"image\/jpeg\" \/>\n<meta name=\"author\" content=\"METARH\" \/>\n<meta name=\"twitter:card\" content=\"summary_large_image\" \/>\n<meta name=\"twitter:creator\" content=\"@metarhumana\" \/>\n<meta name=\"twitter:site\" content=\"@metarhumana\" \/>\n<meta name=\"twitter:label1\" content=\"Escrito por\" \/>\n\t<meta name=\"twitter:data1\" content=\"METARH\" \/>\n\t<meta name=\"twitter:label2\" content=\"Est. tempo de leitura\" \/>\n\t<meta name=\"twitter:data2\" content=\"8 minutos\" \/>\n<script type=\"application\/ld+json\" class=\"yoast-schema-graph\">{\"@context\":\"https:\\\/\\\/schema.org\",\"@graph\":[{\"@type\":\"Article\",\"@id\":\"https:\\\/\\\/metarh.com.br\\\/metarhnews\\\/autistas-no-trabalho\\\/#article\",\"isPartOf\":{\"@id\":\"https:\\\/\\\/metarh.com.br\\\/metarhnews\\\/autistas-no-trabalho\\\/\"},\"author\":{\"name\":\"METARH\",\"@id\":\"https:\\\/\\\/metarh.com.br\\\/metarhnews\\\/#\\\/schema\\\/person\\\/930900bc40677695dc9df602ec0366d0\"},\"headline\":\"Inclus\u00e3o de autistas no trabalho: desafios e boas pr\u00e1ticas\",\"datePublished\":\"2025-04-01T18:36:11+00:00\",\"dateModified\":\"2026-01-21T18:42:07+00:00\",\"mainEntityOfPage\":{\"@id\":\"https:\\\/\\\/metarh.com.br\\\/metarhnews\\\/autistas-no-trabalho\\\/\"},\"wordCount\":1368,\"commentCount\":0,\"publisher\":{\"@id\":\"https:\\\/\\\/metarh.com.br\\\/metarhnews\\\/#organization\"},\"image\":{\"@id\":\"https:\\\/\\\/metarh.com.br\\\/metarhnews\\\/autistas-no-trabalho\\\/#primaryimage\"},\"thumbnailUrl\":\"https:\\\/\\\/metarh.com.br\\\/metarhnews\\\/wp-content\\\/uploads\\\/2025\\\/04\\\/Inclusao-Autistas.jpg\",\"articleSection\":[\"6 \u2022 Trilhando +\",\"Aprendizado\",\"Dicas\"],\"inLanguage\":\"pt-BR\",\"potentialAction\":[{\"@type\":\"CommentAction\",\"name\":\"Comment\",\"target\":[\"https:\\\/\\\/metarh.com.br\\\/metarhnews\\\/autistas-no-trabalho\\\/#respond\"]}],\"copyrightYear\":\"2025\",\"copyrightHolder\":{\"@id\":\"https:\\\/\\\/metarh.com.br\\\/metarhnews\\\/#organization\"}},{\"@type\":\"WebPage\",\"@id\":\"https:\\\/\\\/metarh.com.br\\\/metarhnews\\\/autistas-no-trabalho\\\/\",\"url\":\"https:\\\/\\\/metarh.com.br\\\/metarhnews\\\/autistas-no-trabalho\\\/\",\"name\":\"Inclus\u00e3o de autistas no trabalho: desafios e boas pr\u00e1ticas\",\"isPartOf\":{\"@id\":\"https:\\\/\\\/metarh.com.br\\\/metarhnews\\\/#website\"},\"primaryImageOfPage\":{\"@id\":\"https:\\\/\\\/metarh.com.br\\\/metarhnews\\\/autistas-no-trabalho\\\/#primaryimage\"},\"image\":{\"@id\":\"https:\\\/\\\/metarh.com.br\\\/metarhnews\\\/autistas-no-trabalho\\\/#primaryimage\"},\"thumbnailUrl\":\"https:\\\/\\\/metarh.com.br\\\/metarhnews\\\/wp-content\\\/uploads\\\/2025\\\/04\\\/Inclusao-Autistas.jpg\",\"datePublished\":\"2025-04-01T18:36:11+00:00\",\"dateModified\":\"2026-01-21T18:42:07+00:00\",\"description\":\"Entenda os desafios e estrat\u00e9gias para a inclus\u00e3o de pessoas autistas no mercado de trabalho e como criar um ambiente mais acess\u00edvel.\",\"breadcrumb\":{\"@id\":\"https:\\\/\\\/metarh.com.br\\\/metarhnews\\\/autistas-no-trabalho\\\/#breadcrumb\"},\"inLanguage\":\"pt-BR\",\"potentialAction\":[{\"@type\":\"ReadAction\",\"target\":[\"https:\\\/\\\/metarh.com.br\\\/metarhnews\\\/autistas-no-trabalho\\\/\"]}]},{\"@type\":\"ImageObject\",\"inLanguage\":\"pt-BR\",\"@id\":\"https:\\\/\\\/metarh.com.br\\\/metarhnews\\\/autistas-no-trabalho\\\/#primaryimage\",\"url\":\"https:\\\/\\\/metarh.com.br\\\/metarhnews\\\/wp-content\\\/uploads\\\/2025\\\/04\\\/Inclusao-Autistas.jpg\",\"contentUrl\":\"https:\\\/\\\/metarh.com.br\\\/metarhnews\\\/wp-content\\\/uploads\\\/2025\\\/04\\\/Inclusao-Autistas.jpg\",\"width\":1060,\"height\":700,\"caption\":\"Inclus\u00e3o de autistas no trabalho: desafios e boas pr\u00e1ticas\"},{\"@type\":\"BreadcrumbList\",\"@id\":\"https:\\\/\\\/metarh.com.br\\\/metarhnews\\\/autistas-no-trabalho\\\/#breadcrumb\",\"itemListElement\":[{\"@type\":\"ListItem\",\"position\":1,\"name\":\"In\u00edcio\",\"item\":\"https:\\\/\\\/metarh.com.br\\\/metarhnews\\\/\"},{\"@type\":\"ListItem\",\"position\":2,\"name\":\"Inclus\u00e3o de autistas no trabalho: desafios e boas pr\u00e1ticas\"}]},{\"@type\":\"WebSite\",\"@id\":\"https:\\\/\\\/metarh.com.br\\\/metarhnews\\\/#website\",\"url\":\"https:\\\/\\\/metarh.com.br\\\/metarhnews\\\/\",\"name\":\"METARH +News\",\"description\":\"Conte\u00fado focado em Gest\u00e3o de Pessoas\",\"publisher\":{\"@id\":\"https:\\\/\\\/metarh.com.br\\\/metarhnews\\\/#organization\"},\"potentialAction\":[{\"@type\":\"SearchAction\",\"target\":{\"@type\":\"EntryPoint\",\"urlTemplate\":\"https:\\\/\\\/metarh.com.br\\\/metarhnews\\\/?s={search_term_string}\"},\"query-input\":{\"@type\":\"PropertyValueSpecification\",\"valueRequired\":true,\"valueName\":\"search_term_string\"}}],\"inLanguage\":\"pt-BR\"},{\"@type\":\"Organization\",\"@id\":\"https:\\\/\\\/metarh.com.br\\\/metarhnews\\\/#organization\",\"name\":\"METARH +Humana\",\"url\":\"https:\\\/\\\/metarh.com.br\\\/metarhnews\\\/\",\"logo\":{\"@type\":\"ImageObject\",\"inLanguage\":\"pt-BR\",\"@id\":\"https:\\\/\\\/metarh.com.br\\\/metarhnews\\\/#\\\/schema\\\/logo\\\/image\\\/\",\"url\":\"https:\\\/\\\/metarh.com.br\\\/metarhnews\\\/wp-content\\\/uploads\\\/2025\\\/02\\\/METARH-Azul-Horizontal.png\",\"contentUrl\":\"https:\\\/\\\/metarh.com.br\\\/metarhnews\\\/wp-content\\\/uploads\\\/2025\\\/02\\\/METARH-Azul-Horizontal.png\",\"width\":1002,\"height\":303,\"caption\":\"METARH +Humana\"},\"image\":{\"@id\":\"https:\\\/\\\/metarh.com.br\\\/metarhnews\\\/#\\\/schema\\\/logo\\\/image\\\/\"},\"sameAs\":[\"https:\\\/\\\/www.facebook.com\\\/metarhumana\",\"https:\\\/\\\/x.com\\\/metarhumana\",\"https:\\\/\\\/www.instagram.com\\\/metarhumana\\\/\",\"https:\\\/\\\/www.youtube.com\\\/@metarhumana\"]},{\"@type\":\"Person\",\"@id\":\"https:\\\/\\\/metarh.com.br\\\/metarhnews\\\/#\\\/schema\\\/person\\\/930900bc40677695dc9df602ec0366d0\",\"name\":\"METARH\",\"image\":{\"@type\":\"ImageObject\",\"inLanguage\":\"pt-BR\",\"@id\":\"https:\\\/\\\/secure.gravatar.com\\\/avatar\\\/e03963382c9576f1c9989940c2d59ebc780df154afc76a079627bbbdb3dcefa1?s=96&d=mm&r=g\",\"url\":\"https:\\\/\\\/secure.gravatar.com\\\/avatar\\\/e03963382c9576f1c9989940c2d59ebc780df154afc76a079627bbbdb3dcefa1?s=96&d=mm&r=g\",\"contentUrl\":\"https:\\\/\\\/secure.gravatar.com\\\/avatar\\\/e03963382c9576f1c9989940c2d59ebc780df154afc76a079627bbbdb3dcefa1?s=96&d=mm&r=g\",\"caption\":\"METARH\"},\"description\":\"Somos uma consultoria de recursos humanos com mais de 40 anos de mercado, ajudando empresas como a sua a encontrarem o talento certo. Nossos processos s\u00e3o focados no sucesso dos clientes sem deixar de lado a experi\u00eancia positiva das pessoas candidatas.\",\"sameAs\":[\"http:\\\/\\\/www.metarh.com.br\",\"https:\\\/\\\/www.facebook.com\\\/metarhconsultoria\",\"https:\\\/\\\/www.instagram.com\\\/metarhconsultoria\\\/\",\"https:\\\/\\\/www.linkedin.com\\\/company\\\/metarhconsultoria\",\"http:\\\/\\\/youtube.com\\\/@metarhconsultoria\"],\"url\":\"https:\\\/\\\/metarh.com.br\\\/metarhnews\\\/author\\\/editorial-metarh\\\/\"}]}<\/script>\n<!-- \/ Yoast SEO Premium plugin. -->","yoast_head_json":{"title":"Inclus\u00e3o de autistas no trabalho: desafios e boas pr\u00e1ticas","description":"Entenda os desafios e estrat\u00e9gias para a inclus\u00e3o de pessoas autistas no mercado de trabalho e como criar um ambiente mais acess\u00edvel.","robots":{"index":"index","follow":"follow","max-snippet":"max-snippet:-1","max-image-preview":"max-image-preview:large","max-video-preview":"max-video-preview:-1"},"canonical":"https:\/\/metarh.com.br\/metarhnews\/autistas-no-trabalho\/","og_locale":"pt_BR","og_type":"article","og_title":"Inclus\u00e3o de autistas no trabalho: desafios e boas pr\u00e1ticas","og_description":"Entenda os desafios e estrat\u00e9gias para a inclus\u00e3o de pessoas autistas no mercado de trabalho e como criar um ambiente mais acess\u00edvel.","og_url":"https:\/\/metarh.com.br\/metarhnews\/autistas-no-trabalho\/","og_site_name":"METARH +News","article_publisher":"https:\/\/www.facebook.com\/metarhumana","article_author":"https:\/\/www.facebook.com\/metarhconsultoria","article_published_time":"2025-04-01T18:36:11+00:00","article_modified_time":"2026-01-21T18:42:07+00:00","og_image":[{"width":1060,"height":700,"url":"https:\/\/metarh.com.br\/metarhnews\/wp-content\/uploads\/2025\/04\/Inclusao-Autistas.jpg","type":"image\/jpeg"}],"author":"METARH","twitter_card":"summary_large_image","twitter_creator":"@metarhumana","twitter_site":"@metarhumana","twitter_misc":{"Escrito por":"METARH","Est. tempo de leitura":"8 minutos"},"schema":{"@context":"https:\/\/schema.org","@graph":[{"@type":"Article","@id":"https:\/\/metarh.com.br\/metarhnews\/autistas-no-trabalho\/#article","isPartOf":{"@id":"https:\/\/metarh.com.br\/metarhnews\/autistas-no-trabalho\/"},"author":{"name":"METARH","@id":"https:\/\/metarh.com.br\/metarhnews\/#\/schema\/person\/930900bc40677695dc9df602ec0366d0"},"headline":"Inclus\u00e3o de autistas no trabalho: desafios e boas pr\u00e1ticas","datePublished":"2025-04-01T18:36:11+00:00","dateModified":"2026-01-21T18:42:07+00:00","mainEntityOfPage":{"@id":"https:\/\/metarh.com.br\/metarhnews\/autistas-no-trabalho\/"},"wordCount":1368,"commentCount":0,"publisher":{"@id":"https:\/\/metarh.com.br\/metarhnews\/#organization"},"image":{"@id":"https:\/\/metarh.com.br\/metarhnews\/autistas-no-trabalho\/#primaryimage"},"thumbnailUrl":"https:\/\/metarh.com.br\/metarhnews\/wp-content\/uploads\/2025\/04\/Inclusao-Autistas.jpg","articleSection":["6 \u2022 Trilhando +","Aprendizado","Dicas"],"inLanguage":"pt-BR","potentialAction":[{"@type":"CommentAction","name":"Comment","target":["https:\/\/metarh.com.br\/metarhnews\/autistas-no-trabalho\/#respond"]}],"copyrightYear":"2025","copyrightHolder":{"@id":"https:\/\/metarh.com.br\/metarhnews\/#organization"}},{"@type":"WebPage","@id":"https:\/\/metarh.com.br\/metarhnews\/autistas-no-trabalho\/","url":"https:\/\/metarh.com.br\/metarhnews\/autistas-no-trabalho\/","name":"Inclus\u00e3o de autistas no trabalho: desafios e boas pr\u00e1ticas","isPartOf":{"@id":"https:\/\/metarh.com.br\/metarhnews\/#website"},"primaryImageOfPage":{"@id":"https:\/\/metarh.com.br\/metarhnews\/autistas-no-trabalho\/#primaryimage"},"image":{"@id":"https:\/\/metarh.com.br\/metarhnews\/autistas-no-trabalho\/#primaryimage"},"thumbnailUrl":"https:\/\/metarh.com.br\/metarhnews\/wp-content\/uploads\/2025\/04\/Inclusao-Autistas.jpg","datePublished":"2025-04-01T18:36:11+00:00","dateModified":"2026-01-21T18:42:07+00:00","description":"Entenda os desafios e estrat\u00e9gias para a inclus\u00e3o de pessoas autistas no mercado de trabalho e como criar um ambiente mais acess\u00edvel.","breadcrumb":{"@id":"https:\/\/metarh.com.br\/metarhnews\/autistas-no-trabalho\/#breadcrumb"},"inLanguage":"pt-BR","potentialAction":[{"@type":"ReadAction","target":["https:\/\/metarh.com.br\/metarhnews\/autistas-no-trabalho\/"]}]},{"@type":"ImageObject","inLanguage":"pt-BR","@id":"https:\/\/metarh.com.br\/metarhnews\/autistas-no-trabalho\/#primaryimage","url":"https:\/\/metarh.com.br\/metarhnews\/wp-content\/uploads\/2025\/04\/Inclusao-Autistas.jpg","contentUrl":"https:\/\/metarh.com.br\/metarhnews\/wp-content\/uploads\/2025\/04\/Inclusao-Autistas.jpg","width":1060,"height":700,"caption":"Inclus\u00e3o de autistas no trabalho: desafios e boas pr\u00e1ticas"},{"@type":"BreadcrumbList","@id":"https:\/\/metarh.com.br\/metarhnews\/autistas-no-trabalho\/#breadcrumb","itemListElement":[{"@type":"ListItem","position":1,"name":"In\u00edcio","item":"https:\/\/metarh.com.br\/metarhnews\/"},{"@type":"ListItem","position":2,"name":"Inclus\u00e3o de autistas no trabalho: desafios e boas pr\u00e1ticas"}]},{"@type":"WebSite","@id":"https:\/\/metarh.com.br\/metarhnews\/#website","url":"https:\/\/metarh.com.br\/metarhnews\/","name":"METARH +News","description":"Conte\u00fado focado em Gest\u00e3o de Pessoas","publisher":{"@id":"https:\/\/metarh.com.br\/metarhnews\/#organization"},"potentialAction":[{"@type":"SearchAction","target":{"@type":"EntryPoint","urlTemplate":"https:\/\/metarh.com.br\/metarhnews\/?s={search_term_string}"},"query-input":{"@type":"PropertyValueSpecification","valueRequired":true,"valueName":"search_term_string"}}],"inLanguage":"pt-BR"},{"@type":"Organization","@id":"https:\/\/metarh.com.br\/metarhnews\/#organization","name":"METARH +Humana","url":"https:\/\/metarh.com.br\/metarhnews\/","logo":{"@type":"ImageObject","inLanguage":"pt-BR","@id":"https:\/\/metarh.com.br\/metarhnews\/#\/schema\/logo\/image\/","url":"https:\/\/metarh.com.br\/metarhnews\/wp-content\/uploads\/2025\/02\/METARH-Azul-Horizontal.png","contentUrl":"https:\/\/metarh.com.br\/metarhnews\/wp-content\/uploads\/2025\/02\/METARH-Azul-Horizontal.png","width":1002,"height":303,"caption":"METARH +Humana"},"image":{"@id":"https:\/\/metarh.com.br\/metarhnews\/#\/schema\/logo\/image\/"},"sameAs":["https:\/\/www.facebook.com\/metarhumana","https:\/\/x.com\/metarhumana","https:\/\/www.instagram.com\/metarhumana\/","https:\/\/www.youtube.com\/@metarhumana"]},{"@type":"Person","@id":"https:\/\/metarh.com.br\/metarhnews\/#\/schema\/person\/930900bc40677695dc9df602ec0366d0","name":"METARH","image":{"@type":"ImageObject","inLanguage":"pt-BR","@id":"https:\/\/secure.gravatar.com\/avatar\/e03963382c9576f1c9989940c2d59ebc780df154afc76a079627bbbdb3dcefa1?s=96&d=mm&r=g","url":"https:\/\/secure.gravatar.com\/avatar\/e03963382c9576f1c9989940c2d59ebc780df154afc76a079627bbbdb3dcefa1?s=96&d=mm&r=g","contentUrl":"https:\/\/secure.gravatar.com\/avatar\/e03963382c9576f1c9989940c2d59ebc780df154afc76a079627bbbdb3dcefa1?s=96&d=mm&r=g","caption":"METARH"},"description":"Somos uma consultoria de recursos humanos com mais de 40 anos de mercado, ajudando empresas como a sua a encontrarem o talento certo. Nossos processos s\u00e3o focados no sucesso dos clientes sem deixar de lado a experi\u00eancia positiva das pessoas candidatas.","sameAs":["http:\/\/www.metarh.com.br","https:\/\/www.facebook.com\/metarhconsultoria","https:\/\/www.instagram.com\/metarhconsultoria\/","https:\/\/www.linkedin.com\/company\/metarhconsultoria","http:\/\/youtube.com\/@metarhconsultoria"],"url":"https:\/\/metarh.com.br\/metarhnews\/author\/editorial-metarh\/"}]}},"_links":{"self":[{"href":"https:\/\/metarh.com.br\/metarhnews\/wp-json\/wp\/v2\/posts\/16499","targetHints":{"allow":["GET"]}}],"collection":[{"href":"https:\/\/metarh.com.br\/metarhnews\/wp-json\/wp\/v2\/posts"}],"about":[{"href":"https:\/\/metarh.com.br\/metarhnews\/wp-json\/wp\/v2\/types\/post"}],"author":[{"embeddable":true,"href":"https:\/\/metarh.com.br\/metarhnews\/wp-json\/wp\/v2\/users\/4"}],"replies":[{"embeddable":true,"href":"https:\/\/metarh.com.br\/metarhnews\/wp-json\/wp\/v2\/comments?post=16499"}],"version-history":[{"count":2,"href":"https:\/\/metarh.com.br\/metarhnews\/wp-json\/wp\/v2\/posts\/16499\/revisions"}],"predecessor-version":[{"id":16993,"href":"https:\/\/metarh.com.br\/metarhnews\/wp-json\/wp\/v2\/posts\/16499\/revisions\/16993"}],"wp:featuredmedia":[{"embeddable":true,"href":"https:\/\/metarh.com.br\/metarhnews\/wp-json\/wp\/v2\/media\/16500"}],"wp:attachment":[{"href":"https:\/\/metarh.com.br\/metarhnews\/wp-json\/wp\/v2\/media?parent=16499"}],"wp:term":[{"taxonomy":"category","embeddable":true,"href":"https:\/\/metarh.com.br\/metarhnews\/wp-json\/wp\/v2\/categories?post=16499"},{"taxonomy":"post_tag","embeddable":true,"href":"https:\/\/metarh.com.br\/metarhnews\/wp-json\/wp\/v2\/tags?post=16499"}],"curies":[{"name":"wp","href":"https:\/\/api.w.org\/{rel}","templated":true}]}}