{"id":16514,"date":"2025-04-28T15:38:15","date_gmt":"2025-04-28T18:38:15","guid":{"rendered":"https:\/\/metarh.com.br\/metarhnews\/?p=16514"},"modified":"2026-01-08T16:26:01","modified_gmt":"2026-01-08T19:26:01","slug":"contratacao-executivos","status":"publish","type":"post","link":"https:\/\/metarh.com.br\/metarhnews\/contratacao-executivos\/","title":{"rendered":"Contrata\u00e7\u00e3o de executivos: como atrair os l\u00edderes certos?"},"content":{"rendered":"\n<p>A complexidade envolvida na <strong>contrata\u00e7\u00e3o de executivos <\/strong>\u00e9 um reflexo direto do peso estrat\u00e9gico que os cargos de m\u00e9dia e alta gest\u00e3o t\u00eam dentro das organiza\u00e7\u00f5es.&nbsp;<\/p>\n\n\n\n<p>Por se tratar de profissionais que influenciam fortemente a cultura organizacional, o desempenho das equipes e os rumos do neg\u00f3cio, a busca por esses l\u00edderes precisa equilibrar <strong>agilidade, precis\u00e3o e confidencialidade<\/strong>.<\/p>\n\n\n\n<p>Se a sua empresa tem encontrado dificuldades nesse processo, chegou o momento de descobrir as melhores estrat\u00e9gias para atrair e selecionar os executivos certos para o seu time!<\/p>\n\n\n\n<h2 class=\"wp-block-heading\" id=\"h-os-desafios-por-tras-da-contratacao-de-executivos\"><strong>Os desafios por tr\u00e1s da contrata\u00e7\u00e3o de executivos<\/strong><\/h2>\n\n\n\n<p>Recentemente, 72% dos <a href=\"https:\/\/vocerh.abril.com.br\/mercado-vagas\/72-dos-profissionais-de-rh-afirmam-que-encontrar-talentos-esta-mais-desafiador\/\" target=\"_blank\" rel=\"noreferrer noopener\">profissionais de RH<\/a> afirmaram que contratar talentos se tornou mais desafiador em 2024, sendo a <strong>escassez de pessoas com habilidades t\u00e9cnicas e comportamentais<\/strong> necess\u00e1rias uma das principais raz\u00f5es.<\/p>\n\n\n\n<p>Embora esse dado reflita uma realidade mais ampla, ele tamb\u00e9m se aplica ao processo de contrata\u00e7\u00e3o de executivos.&nbsp;<\/p>\n\n\n\n<p>Afinal, esses profissionais n\u00e3o apenas precisam atender a exig\u00eancias t\u00e9cnicas muito espec\u00edficas, mas tamb\u00e9m serem capazes de <strong>liderar com vis\u00e3o estrat\u00e9gica<\/strong>, <strong>adaptar-se \u00e0 cultura da empresa e engajar equipes de forma eficaz<\/strong>.<\/p>\n\n\n\n<p>Encontrar pessoas com essa combina\u00e7\u00e3o \u00fanica de skills \u00e9, de fato, uma das grandes dificuldades que as empresas enfrentam na hora de preencher posi\u00e7\u00f5es de m\u00e9dia e alta gest\u00e3o. Mas, infelizmente, ela n\u00e3o \u00e9 a \u00fanica.<\/p>\n\n\n\n<p>Para alcan\u00e7ar o <em>match<\/em> perfeito, as organiza\u00e7\u00f5es tamb\u00e9m precisam lidar com a <strong>intensa concorr\u00eancia do mercado por esses talentos<\/strong> e <strong>garantir que todo o processo de sele\u00e7\u00e3o seja conduzido de maneira confidencial<\/strong>.<\/p>\n\n\n\n<p>Isso porque qualquer vazamento de informa\u00e7\u00f5es pode gerar especula\u00e7\u00f5es dentro da empresa e at\u00e9 prejudicar as pessoas candidatas envolvidas, tendo em vista que, na maioria das vezes, elas j\u00e1 est\u00e3o empregadas.<\/p>\n\n\n\n<h2 class=\"wp-block-heading\" id=\"h-a-importancia-de-superar-as-adversidades\"><strong>A import\u00e2ncia de superar as adversidades<\/strong><\/h2>\n\n\n\n<p>A contrata\u00e7\u00e3o equivocada de um executivo ou a demora para preencher uma posi\u00e7\u00e3o de gest\u00e3o pode resultar em uma s\u00e9rie de impactos negativos para as organiza\u00e7\u00f5es, como:<\/p>\n\n\n\n<ul class=\"wp-block-list\">\n<li>Desalinhamento estrat\u00e9gico;<\/li>\n\n\n\n<li>Pausa em projetos importantes;<\/li>\n\n\n\n<li>Queda no engajamento da equipe;<\/li>\n\n\n\n<li>Enfraquecimento da cultura e do clima;<\/li>\n\n\n\n<li>Perda de produtividade;<\/li>\n\n\n\n<li>Custos financeiros elevados.<\/li>\n<\/ul>\n\n\n\n<p>\u00c9 por essas e outras raz\u00f5es que superar os desafios do processo de contrata\u00e7\u00e3o de l\u00edderes \u00e9 t\u00e3o importante.&nbsp;Garantir um recrutamento \u00e1gil, eficaz e bem estruturado n\u00e3o s\u00f3 minimiza os riscos acima, como tamb\u00e9m <strong>coloca a empresa em uma posi\u00e7\u00e3o de vantagem<\/strong> para lidar com as mudan\u00e7as e as novas demandas do mercado.<\/p>\n\n\n\n<h2 class=\"wp-block-heading\" id=\"h-melhores-estrategias-para-acertar-na-contratacao\"><strong>Melhores estrat\u00e9gias para acertar na contrata\u00e7\u00e3o<\/strong><\/h2>\n\n\n\n<p>Se as informa\u00e7\u00f5es apresentadas at\u00e9 aqui aumentaram a sua apreens\u00e3o, agora \u00e9 a hora de respirar fundo e entender que, com as estrat\u00e9gias certas, voc\u00ea pode ganhar agilidade e precis\u00e3o na hora de contratar profissionais executivos.<\/p>\n\n\n\n<p>Confira, a seguir, as pr\u00e1ticas que podem aumentar suas chances de sucesso nessa miss\u00e3o:<\/p>\n\n\n\n<p><strong>Defina o perfil ideal<\/strong><\/p>\n\n\n\n<p>O primeiro passo para uma contrata\u00e7\u00e3o bem-sucedida \u00e9 ter clareza sobre o perfil de executivo que a empresa precisa, levando em conta as particularidades da fun\u00e7\u00e3o, o contexto da organiza\u00e7\u00e3o e seus objetivos estrat\u00e9gicos.<\/p>\n\n\n\n<p>Esse mapeamento deve considerar, por exemplo:<\/p>\n\n\n\n<ul class=\"wp-block-list\">\n<li>Experi\u00eancia pr\u00e9via desejada;<\/li>\n\n\n\n<li>Compet\u00eancias t\u00e9cnicas e comportamentais indispens\u00e1veis;<\/li>\n\n\n\n<li>Estilo de lideran\u00e7a mais alinhado ao perfil da equipe e \u00e0 cultura organizacional;<\/li>\n\n\n\n<li>Principais responsabilidades e entregas esperadas no cargo.<\/li>\n<\/ul>\n\n\n\n<p>Quanto mais detalhado for o perfil, mais f\u00e1cil ser\u00e1 identificar profissionais que realmente se encaixam na realidade do seu neg\u00f3cio.<\/p>\n\n\n\n<p><strong>Tenha um processo seletivo bem estruturado<\/strong><\/p>\n\n\n\n<p>Contar com um processo seletivo bem estruturado \u00e9 fundamental para garantir escolhas mais estrat\u00e9gicas e seguras.&nbsp;<\/p>\n\n\n\n<p>Afinal, quando cada etapa \u00e9 planejada com crit\u00e9rio, as chances de decis\u00f5es baseadas apenas em impress\u00f5es superficiais diminuem bastante.<\/p>\n\n\n\n<p>Preferencialmente, a sele\u00e7\u00e3o de executivos deve envolver m\u00faltiplas fases, como:<\/p>\n\n\n\n<ul class=\"wp-block-list\">\n<li>Triagem inicial criteriosa;<\/li>\n\n\n\n<li>Avalia\u00e7\u00e3o das compet\u00eancias t\u00e9cnicas e comportamentais;<\/li>\n\n\n\n<li>Entrevistas aprofundadas, que tamb\u00e9m validem o fit cultural;&nbsp;<\/li>\n\n\n\n<li>Simula\u00e7\u00f5es pr\u00e1ticas de situa\u00e7\u00f5es reais do cotidiano da fun\u00e7\u00e3o.<\/li>\n<\/ul>\n\n\n\n<p><strong>Ofere\u00e7a sal\u00e1rios e benef\u00edcios atrativos<\/strong><\/p>\n\n\n\n<p>Como vimos, o mercado est\u00e1 cada vez mais competitivo quando se trata de atrair profissionais qualificados para cargos de lideran\u00e7a. Por isso, oferecer uma proposta de valor atrativa \u00e9 essencial.<\/p>\n\n\n\n<p>Mais do que um bom sal\u00e1rio, \u00e9 importante apresentar um pacote completo de benef\u00edcios que converse com as expectativas desses executivos.<\/p>\n\n\n\n<p>Ele pode incluir, por exemplo, b\u00f4nus por performance, flexibilidade, plano de carreira, participa\u00e7\u00e3o nos lucros, entre outros diferenciais.<\/p>\n\n\n\n<p>Vale lembrar que essa \u00e9 uma forma n\u00e3o apenas de atrair, mas tamb\u00e9m de reter os talentos certos no m\u00e9dio e longo prazo.<\/p>\n\n\n\n<p><strong>Garanta a confidencialidade<\/strong><\/p>\n\n\n\n<p>A contrata\u00e7\u00e3o de executivos geralmente envolve pessoas que est\u00e3o em posi\u00e7\u00e3o de destaque e, muitas vezes, empregadas em outras empresas.&nbsp;<\/p>\n\n\n\n<p>Sendo assim, \u00e9 muito importante manter a confidencialidade do processo, a fim de evitar desconfortos, proteger as informa\u00e7\u00f5es da organiza\u00e7\u00e3o e impedir ru\u00eddos internos antes da hora certa.&nbsp;<\/p>\n\n\n\n<p><strong>Invista em t\u00e9cnicas de Hunting<\/strong><\/p>\n\n\n\n<p>O profissional que a sua empresa precisa pode n\u00e3o estar buscando ativamente uma nova posi\u00e7\u00e3o.&nbsp;<\/p>\n\n\n\n<p>Ali\u00e1s, isso \u00e9 muito comum quando falamos de executivos: muitos deles est\u00e3o bem posicionados no mercado e s\u00f3 considerariam uma mudan\u00e7a mediante uma proposta realmente alinhada aos seus objetivos.<\/p>\n\n\n\n<p>\u00c9 por isso que o servi\u00e7o de hunting \u2014 ou busca ativa \u2014 se torna t\u00e3o estrat\u00e9gico neste n\u00edvel de contrata\u00e7\u00e3o.&nbsp;<\/p>\n\n\n\n<p>Nessa abordagem, um consultor especializado (o headhunter) atua mapeando o mercado, identificando profissionais com o perfil desejado e abordando-os de forma discreta e personalizada para apresentar a oportunidade.<\/p>\n\n\n\n<p>Esse processo exige sensibilidade, conhecimento do setor e habilidades de negocia\u00e7\u00e3o, j\u00e1 que envolve despertar o interesse de pessoas que, muitas vezes, est\u00e3o satisfeitas em suas posi\u00e7\u00f5es atuais.<\/p>\n\n\n\n<p>Al\u00e9m das compet\u00eancias t\u00e9cnicas e da experi\u00eancia no setor, as empresas buscam cada vez mais executivos que atuem com <strong><a href=\"https:\/\/metarh.com.br\/metarhnews\/lideranca-inclusiva\/\">lideran\u00e7a inclusiva<\/a><\/strong>, capazes de inspirar equipes diversas, promover ambientes de colabora\u00e7\u00e3o e contribuir para uma cultura organizacional mais forte e engajada.<\/p>\n\n\n\n<figure class=\"wp-block-image size-large\"><a href=\"https:\/\/metarh.com.br\/business\/\" target=\"_blank\" rel=\"noreferrer noopener\"><img fetchpriority=\"high\" decoding=\"async\" width=\"1024\" height=\"427\" src=\"https:\/\/metarh.com.br\/metarhnews\/wp-content\/uploads\/2025\/04\/Rodameio-Business-1024x427.png\" alt=\"Contrata\u00e7\u00e3o de executivos\" class=\"wp-image-16515\" srcset=\"https:\/\/metarh.com.br\/metarhnews\/wp-content\/uploads\/2025\/04\/Rodameio-Business-1024x427.png 1024w, https:\/\/metarh.com.br\/metarhnews\/wp-content\/uploads\/2025\/04\/Rodameio-Business-300x125.png 300w, https:\/\/metarh.com.br\/metarhnews\/wp-content\/uploads\/2025\/04\/Rodameio-Business-768x320.png 768w, https:\/\/metarh.com.br\/metarhnews\/wp-content\/uploads\/2025\/04\/Rodameio-Business.png 1200w\" sizes=\"(max-width: 1024px) 100vw, 1024px\" \/><\/a><\/figure>\n\n\n\n<p>A contrata\u00e7\u00e3o de executivos \u00e9 uma das decis\u00f5es mais estrat\u00e9gicas que uma empresa pode tomar. Por isso, \u00e9 fundamental que esse processo seja conduzido com crit\u00e9rio, sigilo e profundo conhecimento de mercado.<\/p>\n\n\n\n<p>Contar com uma equipe especializada pode fazer toda a diferen\u00e7a para garantir agilidade, precis\u00e3o e seguran\u00e7a em cada etapa da sele\u00e7\u00e3o. E \u00e9 exatamente isso que a <a href=\"https:\/\/metarh.com.br\/business\/\">Solu\u00e7\u00e3o Business<\/a> da METARH oferece.<\/p>\n\n\n\n<p>Mais do que preencher vagas de m\u00e9dia e alta gest\u00e3o, nos dedicamos a entender a cultura e os desafios de cada empresa, garantindo o melhor fit entre talento e organiza\u00e7\u00e3o \u2014 sempre com total confidencialidade e foco em resultados duradouros.<\/p>\n\n\n\n<p>Al\u00e9m disso, utilizamos uma metodologia que une <strong>pesquisa de mercado, hunting, an\u00e1lise de compet\u00eancias, entrevistas especializadas<\/strong> e outras ferramentas que apoiam decis\u00f5es mais eficazes.<\/p>\n\n\n\n<p>Quer saber mais? Ent\u00e3o, <a href=\"https:\/\/metarh.com.br\/contato-empresas\/\" target=\"_blank\" rel=\"noreferrer noopener\">solicite uma proposta<\/a> e veja como podemos te ajudar a conduzir a contrata\u00e7\u00e3o de executivos com excel\u00eancia!<\/p>\n<div style=\"margin-top: 0px; margin-bottom: 0px;\" class=\"sharethis-inline-share-buttons\" ><\/div>","protected":false},"excerpt":{"rendered":"<p>A complexidade envolvida na contrata\u00e7\u00e3o de executivos \u00e9 um reflexo direto do peso estrat\u00e9gico que os cargos de m\u00e9dia e alta gest\u00e3o t\u00eam dentro das organiza\u00e7\u00f5es.&nbsp; Por se tratar de profissionais que influenciam fortemente a cultura organizacional, o desempenho das equipes e os rumos do neg\u00f3cio, a busca por esses l\u00edderes precisa equilibrar agilidade, precis\u00e3o&#8230;<\/p>\n","protected":false},"author":4,"featured_media":16516,"comment_status":"open","ping_status":"open","sticky":false,"template":"","format":"standard","meta":{"_kadence_starter_templates_imported_post":false,"_kad_post_transparent":"","_kad_post_title":"","_kad_post_layout":"","_kad_post_sidebar_id":"","_kad_post_content_style":"","_kad_post_vertical_padding":"","_kad_post_feature":"","_kad_post_feature_position":"","_kad_post_header":false,"_kad_post_footer":false,"_kad_post_classname":"","footnotes":""},"categories":[128,163,3,2],"tags":[],"class_list":["post-16514","post","type-post","status-publish","format-standard","has-post-thumbnail","hentry","category-business","category-descoberta-de-conteudos-de-rh","category-dicas","category-materias"],"yoast_head":"<!-- This site is optimized with the Yoast SEO Premium plugin v26.6 (Yoast SEO v27.5) - https:\/\/yoast.com\/product\/yoast-seo-premium-wordpress\/ -->\n<title>Contrata\u00e7\u00e3o de executivos: como atrair os l\u00edderes certos?<\/title>\n<meta name=\"description\" content=\"Saiba como otimizar a contrata\u00e7\u00e3o de executivos e atrair l\u00edderes ideais para fortalecer a gest\u00e3o e impulsionar os resultados da sua empresa.\" \/>\n<meta name=\"robots\" content=\"index, follow, max-snippet:-1, max-image-preview:large, max-video-preview:-1\" \/>\n<link rel=\"canonical\" href=\"https:\/\/metarh.com.br\/metarhnews\/contratacao-executivos\/\" \/>\n<meta property=\"og:locale\" content=\"pt_BR\" \/>\n<meta property=\"og:type\" content=\"article\" \/>\n<meta property=\"og:title\" content=\"Contrata\u00e7\u00e3o de executivos: como atrair os l\u00edderes certos?\" \/>\n<meta property=\"og:description\" content=\"Saiba como otimizar a contrata\u00e7\u00e3o de executivos e atrair l\u00edderes ideais para fortalecer a gest\u00e3o e impulsionar os resultados da sua empresa.\" \/>\n<meta property=\"og:url\" content=\"https:\/\/metarh.com.br\/metarhnews\/contratacao-executivos\/\" \/>\n<meta property=\"og:site_name\" content=\"METARH +News\" \/>\n<meta property=\"article:publisher\" content=\"https:\/\/www.facebook.com\/metarhumana\" \/>\n<meta property=\"article:author\" content=\"https:\/\/www.facebook.com\/metarhconsultoria\" \/>\n<meta property=\"article:published_time\" content=\"2025-04-28T18:38:15+00:00\" \/>\n<meta property=\"article:modified_time\" content=\"2026-01-08T19:26:01+00:00\" \/>\n<meta property=\"og:image\" content=\"https:\/\/metarh.com.br\/metarhnews\/wp-content\/uploads\/2025\/04\/Vitrine-Artigo-Business-Vertical.png\" \/>\n\t<meta property=\"og:image:width\" content=\"1060\" \/>\n\t<meta property=\"og:image:height\" content=\"700\" \/>\n\t<meta property=\"og:image:type\" content=\"image\/png\" \/>\n<meta name=\"author\" content=\"METARH\" \/>\n<meta name=\"twitter:card\" content=\"summary_large_image\" \/>\n<meta name=\"twitter:creator\" content=\"@metarhumana\" \/>\n<meta name=\"twitter:site\" content=\"@metarhumana\" \/>\n<meta name=\"twitter:label1\" content=\"Escrito por\" \/>\n\t<meta name=\"twitter:data1\" content=\"METARH\" \/>\n\t<meta name=\"twitter:label2\" content=\"Est. tempo de leitura\" \/>\n\t<meta name=\"twitter:data2\" content=\"7 minutos\" \/>\n<script type=\"application\/ld+json\" class=\"yoast-schema-graph\">{\"@context\":\"https:\\\/\\\/schema.org\",\"@graph\":[{\"@type\":\"Article\",\"@id\":\"https:\\\/\\\/metarh.com.br\\\/metarhnews\\\/contratacao-executivos\\\/#article\",\"isPartOf\":{\"@id\":\"https:\\\/\\\/metarh.com.br\\\/metarhnews\\\/contratacao-executivos\\\/\"},\"author\":{\"name\":\"METARH\",\"@id\":\"https:\\\/\\\/metarh.com.br\\\/metarhnews\\\/#\\\/schema\\\/person\\\/930900bc40677695dc9df602ec0366d0\"},\"headline\":\"Contrata\u00e7\u00e3o de executivos: como atrair os l\u00edderes certos?\",\"datePublished\":\"2025-04-28T18:38:15+00:00\",\"dateModified\":\"2026-01-08T19:26:01+00:00\",\"mainEntityOfPage\":{\"@id\":\"https:\\\/\\\/metarh.com.br\\\/metarhnews\\\/contratacao-executivos\\\/\"},\"wordCount\":1207,\"commentCount\":0,\"publisher\":{\"@id\":\"https:\\\/\\\/metarh.com.br\\\/metarhnews\\\/#organization\"},\"image\":{\"@id\":\"https:\\\/\\\/metarh.com.br\\\/metarhnews\\\/contratacao-executivos\\\/#primaryimage\"},\"thumbnailUrl\":\"https:\\\/\\\/metarh.com.br\\\/metarhnews\\\/wp-content\\\/uploads\\\/2025\\\/04\\\/Vitrine-Artigo-Business-Vertical.png\",\"articleSection\":[\"1 \u2022 Business\",\"Descoberta\",\"Dicas\",\"Mat\u00e9rias\"],\"inLanguage\":\"pt-BR\",\"potentialAction\":[{\"@type\":\"CommentAction\",\"name\":\"Comment\",\"target\":[\"https:\\\/\\\/metarh.com.br\\\/metarhnews\\\/contratacao-executivos\\\/#respond\"]}],\"copyrightYear\":\"2025\",\"copyrightHolder\":{\"@id\":\"https:\\\/\\\/metarh.com.br\\\/metarhnews\\\/#organization\"}},{\"@type\":\"WebPage\",\"@id\":\"https:\\\/\\\/metarh.com.br\\\/metarhnews\\\/contratacao-executivos\\\/\",\"url\":\"https:\\\/\\\/metarh.com.br\\\/metarhnews\\\/contratacao-executivos\\\/\",\"name\":\"Contrata\u00e7\u00e3o de executivos: como atrair os l\u00edderes certos?\",\"isPartOf\":{\"@id\":\"https:\\\/\\\/metarh.com.br\\\/metarhnews\\\/#website\"},\"primaryImageOfPage\":{\"@id\":\"https:\\\/\\\/metarh.com.br\\\/metarhnews\\\/contratacao-executivos\\\/#primaryimage\"},\"image\":{\"@id\":\"https:\\\/\\\/metarh.com.br\\\/metarhnews\\\/contratacao-executivos\\\/#primaryimage\"},\"thumbnailUrl\":\"https:\\\/\\\/metarh.com.br\\\/metarhnews\\\/wp-content\\\/uploads\\\/2025\\\/04\\\/Vitrine-Artigo-Business-Vertical.png\",\"datePublished\":\"2025-04-28T18:38:15+00:00\",\"dateModified\":\"2026-01-08T19:26:01+00:00\",\"description\":\"Saiba como otimizar a contrata\u00e7\u00e3o de executivos e atrair l\u00edderes ideais para fortalecer a gest\u00e3o e impulsionar os resultados da sua empresa.\",\"breadcrumb\":{\"@id\":\"https:\\\/\\\/metarh.com.br\\\/metarhnews\\\/contratacao-executivos\\\/#breadcrumb\"},\"inLanguage\":\"pt-BR\",\"potentialAction\":[{\"@type\":\"ReadAction\",\"target\":[\"https:\\\/\\\/metarh.com.br\\\/metarhnews\\\/contratacao-executivos\\\/\"]}]},{\"@type\":\"ImageObject\",\"inLanguage\":\"pt-BR\",\"@id\":\"https:\\\/\\\/metarh.com.br\\\/metarhnews\\\/contratacao-executivos\\\/#primaryimage\",\"url\":\"https:\\\/\\\/metarh.com.br\\\/metarhnews\\\/wp-content\\\/uploads\\\/2025\\\/04\\\/Vitrine-Artigo-Business-Vertical.png\",\"contentUrl\":\"https:\\\/\\\/metarh.com.br\\\/metarhnews\\\/wp-content\\\/uploads\\\/2025\\\/04\\\/Vitrine-Artigo-Business-Vertical.png\",\"width\":1060,\"height\":700,\"caption\":\"Contrata\u00e7\u00e3o de executivos: como atrair os l\u00edderes certos?\"},{\"@type\":\"BreadcrumbList\",\"@id\":\"https:\\\/\\\/metarh.com.br\\\/metarhnews\\\/contratacao-executivos\\\/#breadcrumb\",\"itemListElement\":[{\"@type\":\"ListItem\",\"position\":1,\"name\":\"In\u00edcio\",\"item\":\"https:\\\/\\\/metarh.com.br\\\/metarhnews\\\/\"},{\"@type\":\"ListItem\",\"position\":2,\"name\":\"Contrata\u00e7\u00e3o de executivos: como atrair os l\u00edderes certos?\"}]},{\"@type\":\"WebSite\",\"@id\":\"https:\\\/\\\/metarh.com.br\\\/metarhnews\\\/#website\",\"url\":\"https:\\\/\\\/metarh.com.br\\\/metarhnews\\\/\",\"name\":\"METARH +News\",\"description\":\"Conte\u00fado focado em Gest\u00e3o de Pessoas\",\"publisher\":{\"@id\":\"https:\\\/\\\/metarh.com.br\\\/metarhnews\\\/#organization\"},\"potentialAction\":[{\"@type\":\"SearchAction\",\"target\":{\"@type\":\"EntryPoint\",\"urlTemplate\":\"https:\\\/\\\/metarh.com.br\\\/metarhnews\\\/?s={search_term_string}\"},\"query-input\":{\"@type\":\"PropertyValueSpecification\",\"valueRequired\":true,\"valueName\":\"search_term_string\"}}],\"inLanguage\":\"pt-BR\"},{\"@type\":\"Organization\",\"@id\":\"https:\\\/\\\/metarh.com.br\\\/metarhnews\\\/#organization\",\"name\":\"METARH +Humana\",\"url\":\"https:\\\/\\\/metarh.com.br\\\/metarhnews\\\/\",\"logo\":{\"@type\":\"ImageObject\",\"inLanguage\":\"pt-BR\",\"@id\":\"https:\\\/\\\/metarh.com.br\\\/metarhnews\\\/#\\\/schema\\\/logo\\\/image\\\/\",\"url\":\"https:\\\/\\\/metarh.com.br\\\/metarhnews\\\/wp-content\\\/uploads\\\/2025\\\/02\\\/METARH-Azul-Horizontal.png\",\"contentUrl\":\"https:\\\/\\\/metarh.com.br\\\/metarhnews\\\/wp-content\\\/uploads\\\/2025\\\/02\\\/METARH-Azul-Horizontal.png\",\"width\":1002,\"height\":303,\"caption\":\"METARH +Humana\"},\"image\":{\"@id\":\"https:\\\/\\\/metarh.com.br\\\/metarhnews\\\/#\\\/schema\\\/logo\\\/image\\\/\"},\"sameAs\":[\"https:\\\/\\\/www.facebook.com\\\/metarhumana\",\"https:\\\/\\\/x.com\\\/metarhumana\",\"https:\\\/\\\/www.instagram.com\\\/metarhumana\\\/\",\"https:\\\/\\\/www.youtube.com\\\/@metarhumana\"]},{\"@type\":\"Person\",\"@id\":\"https:\\\/\\\/metarh.com.br\\\/metarhnews\\\/#\\\/schema\\\/person\\\/930900bc40677695dc9df602ec0366d0\",\"name\":\"METARH\",\"image\":{\"@type\":\"ImageObject\",\"inLanguage\":\"pt-BR\",\"@id\":\"https:\\\/\\\/secure.gravatar.com\\\/avatar\\\/e03963382c9576f1c9989940c2d59ebc780df154afc76a079627bbbdb3dcefa1?s=96&d=mm&r=g\",\"url\":\"https:\\\/\\\/secure.gravatar.com\\\/avatar\\\/e03963382c9576f1c9989940c2d59ebc780df154afc76a079627bbbdb3dcefa1?s=96&d=mm&r=g\",\"contentUrl\":\"https:\\\/\\\/secure.gravatar.com\\\/avatar\\\/e03963382c9576f1c9989940c2d59ebc780df154afc76a079627bbbdb3dcefa1?s=96&d=mm&r=g\",\"caption\":\"METARH\"},\"description\":\"Somos uma consultoria de recursos humanos com mais de 40 anos de mercado, ajudando empresas como a sua a encontrarem o talento certo. Nossos processos s\u00e3o focados no sucesso dos clientes sem deixar de lado a experi\u00eancia positiva das pessoas candidatas.\",\"sameAs\":[\"http:\\\/\\\/www.metarh.com.br\",\"https:\\\/\\\/www.facebook.com\\\/metarhconsultoria\",\"https:\\\/\\\/www.instagram.com\\\/metarhconsultoria\\\/\",\"https:\\\/\\\/www.linkedin.com\\\/company\\\/metarhconsultoria\",\"http:\\\/\\\/youtube.com\\\/@metarhconsultoria\"],\"url\":\"https:\\\/\\\/metarh.com.br\\\/metarhnews\\\/author\\\/editorial-metarh\\\/\"}]}<\/script>\n<!-- \/ Yoast SEO Premium plugin. -->","yoast_head_json":{"title":"Contrata\u00e7\u00e3o de executivos: como atrair os l\u00edderes certos?","description":"Saiba como otimizar a contrata\u00e7\u00e3o de executivos e atrair l\u00edderes ideais para fortalecer a gest\u00e3o e impulsionar os resultados da sua empresa.","robots":{"index":"index","follow":"follow","max-snippet":"max-snippet:-1","max-image-preview":"max-image-preview:large","max-video-preview":"max-video-preview:-1"},"canonical":"https:\/\/metarh.com.br\/metarhnews\/contratacao-executivos\/","og_locale":"pt_BR","og_type":"article","og_title":"Contrata\u00e7\u00e3o de executivos: como atrair os l\u00edderes certos?","og_description":"Saiba como otimizar a contrata\u00e7\u00e3o de executivos e atrair l\u00edderes ideais para fortalecer a gest\u00e3o e impulsionar os resultados da sua empresa.","og_url":"https:\/\/metarh.com.br\/metarhnews\/contratacao-executivos\/","og_site_name":"METARH +News","article_publisher":"https:\/\/www.facebook.com\/metarhumana","article_author":"https:\/\/www.facebook.com\/metarhconsultoria","article_published_time":"2025-04-28T18:38:15+00:00","article_modified_time":"2026-01-08T19:26:01+00:00","og_image":[{"width":1060,"height":700,"url":"https:\/\/metarh.com.br\/metarhnews\/wp-content\/uploads\/2025\/04\/Vitrine-Artigo-Business-Vertical.png","type":"image\/png"}],"author":"METARH","twitter_card":"summary_large_image","twitter_creator":"@metarhumana","twitter_site":"@metarhumana","twitter_misc":{"Escrito por":"METARH","Est. tempo de leitura":"7 minutos"},"schema":{"@context":"https:\/\/schema.org","@graph":[{"@type":"Article","@id":"https:\/\/metarh.com.br\/metarhnews\/contratacao-executivos\/#article","isPartOf":{"@id":"https:\/\/metarh.com.br\/metarhnews\/contratacao-executivos\/"},"author":{"name":"METARH","@id":"https:\/\/metarh.com.br\/metarhnews\/#\/schema\/person\/930900bc40677695dc9df602ec0366d0"},"headline":"Contrata\u00e7\u00e3o de executivos: como atrair os l\u00edderes certos?","datePublished":"2025-04-28T18:38:15+00:00","dateModified":"2026-01-08T19:26:01+00:00","mainEntityOfPage":{"@id":"https:\/\/metarh.com.br\/metarhnews\/contratacao-executivos\/"},"wordCount":1207,"commentCount":0,"publisher":{"@id":"https:\/\/metarh.com.br\/metarhnews\/#organization"},"image":{"@id":"https:\/\/metarh.com.br\/metarhnews\/contratacao-executivos\/#primaryimage"},"thumbnailUrl":"https:\/\/metarh.com.br\/metarhnews\/wp-content\/uploads\/2025\/04\/Vitrine-Artigo-Business-Vertical.png","articleSection":["1 \u2022 Business","Descoberta","Dicas","Mat\u00e9rias"],"inLanguage":"pt-BR","potentialAction":[{"@type":"CommentAction","name":"Comment","target":["https:\/\/metarh.com.br\/metarhnews\/contratacao-executivos\/#respond"]}],"copyrightYear":"2025","copyrightHolder":{"@id":"https:\/\/metarh.com.br\/metarhnews\/#organization"}},{"@type":"WebPage","@id":"https:\/\/metarh.com.br\/metarhnews\/contratacao-executivos\/","url":"https:\/\/metarh.com.br\/metarhnews\/contratacao-executivos\/","name":"Contrata\u00e7\u00e3o de executivos: como atrair os l\u00edderes certos?","isPartOf":{"@id":"https:\/\/metarh.com.br\/metarhnews\/#website"},"primaryImageOfPage":{"@id":"https:\/\/metarh.com.br\/metarhnews\/contratacao-executivos\/#primaryimage"},"image":{"@id":"https:\/\/metarh.com.br\/metarhnews\/contratacao-executivos\/#primaryimage"},"thumbnailUrl":"https:\/\/metarh.com.br\/metarhnews\/wp-content\/uploads\/2025\/04\/Vitrine-Artigo-Business-Vertical.png","datePublished":"2025-04-28T18:38:15+00:00","dateModified":"2026-01-08T19:26:01+00:00","description":"Saiba como otimizar a contrata\u00e7\u00e3o de executivos e atrair l\u00edderes ideais para fortalecer a gest\u00e3o e impulsionar os resultados da sua empresa.","breadcrumb":{"@id":"https:\/\/metarh.com.br\/metarhnews\/contratacao-executivos\/#breadcrumb"},"inLanguage":"pt-BR","potentialAction":[{"@type":"ReadAction","target":["https:\/\/metarh.com.br\/metarhnews\/contratacao-executivos\/"]}]},{"@type":"ImageObject","inLanguage":"pt-BR","@id":"https:\/\/metarh.com.br\/metarhnews\/contratacao-executivos\/#primaryimage","url":"https:\/\/metarh.com.br\/metarhnews\/wp-content\/uploads\/2025\/04\/Vitrine-Artigo-Business-Vertical.png","contentUrl":"https:\/\/metarh.com.br\/metarhnews\/wp-content\/uploads\/2025\/04\/Vitrine-Artigo-Business-Vertical.png","width":1060,"height":700,"caption":"Contrata\u00e7\u00e3o de executivos: como atrair os l\u00edderes certos?"},{"@type":"BreadcrumbList","@id":"https:\/\/metarh.com.br\/metarhnews\/contratacao-executivos\/#breadcrumb","itemListElement":[{"@type":"ListItem","position":1,"name":"In\u00edcio","item":"https:\/\/metarh.com.br\/metarhnews\/"},{"@type":"ListItem","position":2,"name":"Contrata\u00e7\u00e3o de executivos: como atrair os l\u00edderes certos?"}]},{"@type":"WebSite","@id":"https:\/\/metarh.com.br\/metarhnews\/#website","url":"https:\/\/metarh.com.br\/metarhnews\/","name":"METARH +News","description":"Conte\u00fado focado em Gest\u00e3o de Pessoas","publisher":{"@id":"https:\/\/metarh.com.br\/metarhnews\/#organization"},"potentialAction":[{"@type":"SearchAction","target":{"@type":"EntryPoint","urlTemplate":"https:\/\/metarh.com.br\/metarhnews\/?s={search_term_string}"},"query-input":{"@type":"PropertyValueSpecification","valueRequired":true,"valueName":"search_term_string"}}],"inLanguage":"pt-BR"},{"@type":"Organization","@id":"https:\/\/metarh.com.br\/metarhnews\/#organization","name":"METARH +Humana","url":"https:\/\/metarh.com.br\/metarhnews\/","logo":{"@type":"ImageObject","inLanguage":"pt-BR","@id":"https:\/\/metarh.com.br\/metarhnews\/#\/schema\/logo\/image\/","url":"https:\/\/metarh.com.br\/metarhnews\/wp-content\/uploads\/2025\/02\/METARH-Azul-Horizontal.png","contentUrl":"https:\/\/metarh.com.br\/metarhnews\/wp-content\/uploads\/2025\/02\/METARH-Azul-Horizontal.png","width":1002,"height":303,"caption":"METARH +Humana"},"image":{"@id":"https:\/\/metarh.com.br\/metarhnews\/#\/schema\/logo\/image\/"},"sameAs":["https:\/\/www.facebook.com\/metarhumana","https:\/\/x.com\/metarhumana","https:\/\/www.instagram.com\/metarhumana\/","https:\/\/www.youtube.com\/@metarhumana"]},{"@type":"Person","@id":"https:\/\/metarh.com.br\/metarhnews\/#\/schema\/person\/930900bc40677695dc9df602ec0366d0","name":"METARH","image":{"@type":"ImageObject","inLanguage":"pt-BR","@id":"https:\/\/secure.gravatar.com\/avatar\/e03963382c9576f1c9989940c2d59ebc780df154afc76a079627bbbdb3dcefa1?s=96&d=mm&r=g","url":"https:\/\/secure.gravatar.com\/avatar\/e03963382c9576f1c9989940c2d59ebc780df154afc76a079627bbbdb3dcefa1?s=96&d=mm&r=g","contentUrl":"https:\/\/secure.gravatar.com\/avatar\/e03963382c9576f1c9989940c2d59ebc780df154afc76a079627bbbdb3dcefa1?s=96&d=mm&r=g","caption":"METARH"},"description":"Somos uma consultoria de recursos humanos com mais de 40 anos de mercado, ajudando empresas como a sua a encontrarem o talento certo. Nossos processos s\u00e3o focados no sucesso dos clientes sem deixar de lado a experi\u00eancia positiva das pessoas candidatas.","sameAs":["http:\/\/www.metarh.com.br","https:\/\/www.facebook.com\/metarhconsultoria","https:\/\/www.instagram.com\/metarhconsultoria\/","https:\/\/www.linkedin.com\/company\/metarhconsultoria","http:\/\/youtube.com\/@metarhconsultoria"],"url":"https:\/\/metarh.com.br\/metarhnews\/author\/editorial-metarh\/"}]}},"_links":{"self":[{"href":"https:\/\/metarh.com.br\/metarhnews\/wp-json\/wp\/v2\/posts\/16514","targetHints":{"allow":["GET"]}}],"collection":[{"href":"https:\/\/metarh.com.br\/metarhnews\/wp-json\/wp\/v2\/posts"}],"about":[{"href":"https:\/\/metarh.com.br\/metarhnews\/wp-json\/wp\/v2\/types\/post"}],"author":[{"embeddable":true,"href":"https:\/\/metarh.com.br\/metarhnews\/wp-json\/wp\/v2\/users\/4"}],"replies":[{"embeddable":true,"href":"https:\/\/metarh.com.br\/metarhnews\/wp-json\/wp\/v2\/comments?post=16514"}],"version-history":[{"count":2,"href":"https:\/\/metarh.com.br\/metarhnews\/wp-json\/wp\/v2\/posts\/16514\/revisions"}],"predecessor-version":[{"id":17022,"href":"https:\/\/metarh.com.br\/metarhnews\/wp-json\/wp\/v2\/posts\/16514\/revisions\/17022"}],"wp:featuredmedia":[{"embeddable":true,"href":"https:\/\/metarh.com.br\/metarhnews\/wp-json\/wp\/v2\/media\/16516"}],"wp:attachment":[{"href":"https:\/\/metarh.com.br\/metarhnews\/wp-json\/wp\/v2\/media?parent=16514"}],"wp:term":[{"taxonomy":"category","embeddable":true,"href":"https:\/\/metarh.com.br\/metarhnews\/wp-json\/wp\/v2\/categories?post=16514"},{"taxonomy":"post_tag","embeddable":true,"href":"https:\/\/metarh.com.br\/metarhnews\/wp-json\/wp\/v2\/tags?post=16514"}],"curies":[{"name":"wp","href":"https:\/\/api.w.org\/{rel}","templated":true}]}}