{"id":16521,"date":"2025-05-07T14:22:07","date_gmt":"2025-05-07T17:22:07","guid":{"rendered":"https:\/\/metarh.com.br\/metarhnews\/?p=16521"},"modified":"2026-01-21T15:41:59","modified_gmt":"2026-01-21T18:41:59","slug":"cultura-inclusiva","status":"publish","type":"post","link":"https:\/\/metarh.com.br\/metarhnews\/cultura-inclusiva\/","title":{"rendered":"Cultura inclusiva para m\u00e3es: impactos positivos e como incentivar"},"content":{"rendered":"\n<p>Voc\u00ea n\u00e3o precisa ir muito longe para perceber que o mercado de trabalho ainda tem muito a melhorar quando o assunto \u00e9 criar uma <strong>cultura inclusiva para m\u00e3es<\/strong>.<\/p>\n\n\n\n<p>Um <a href=\"https:\/\/exame.com\/carreira\/56-das-mulheres-foram-demitidas-ou-conhecem-quem-foi-desligada-apos-licenca-maternidade\/\" target=\"_blank\" rel=\"noreferrer noopener\">estudo<\/a> de 2023, por exemplo, revelou que mais da metade das mulheres (56,4%) j\u00e1 foi demitida ou conhece outra mulher que foi desligada ap\u00f3s voltar da licen\u00e7a-maternidade. Em contraste, apenas 5,5% foram promovidas.<\/p>\n\n\n\n<p>Com a chegada do Dia das M\u00e3es, queremos fazer um convite especial para o RH: que tal aproveitar a data para refletir sobre essa realidade e agir de forma concreta para transform\u00e1-la?<\/p>\n\n\n\n<p>Neste post, vamos te mostrar por que essa mudan\u00e7a \u00e9 t\u00e3o necess\u00e1ria \u2013 e, o mais importante, como colocar em pr\u00e1tica estrat\u00e9gias que realmente apoiem as m\u00e3es no trabalho!<\/p>\n\n\n\n<h2 class=\"wp-block-heading\"><strong>Maternidade e carreira: principais desafios<\/strong><\/h2>\n\n\n\n<p>Ser <a href=\"https:\/\/metarh.com.br\/metarhnews\/mulheres-no-mercado-metarh-cast-14\/\" target=\"_blank\" rel=\"noreferrer noopener\">mulher no mercado de trabalho<\/a> j\u00e1 \u00e9, por si s\u00f3, um grande desafio. Mas, como vimos, as barreiras tendem a ficar ainda maiores com a chegada dos filhos.<\/p>\n\n\n\n<p>A realidade \u00e9 que muitas m\u00e3es ainda lidam com <strong>preconceitos velados, falta de apoio e jornadas duplas (ou at\u00e9 triplas)<\/strong>, que comprometem o desenvolvimento e a perman\u00eancia delas nas empresas.<\/p>\n\n\n\n<p>E, acredite, as dificuldades podem surgir antes mesmo da contrata\u00e7\u00e3o: segundo a pesquisa que mencionamos, <strong>quatro em cada dez mulheres relatam j\u00e1 ter sofrido discrimina\u00e7\u00e3o em processos seletivos apenas por falarem sobre a maternidade.<\/strong><\/p>\n\n\n\n<p>Situa\u00e7\u00f5es como essa evidenciam que a aus\u00eancia de pol\u00edticas consistentes, que promovam a inclus\u00e3o dessas profissionais, ainda \u00e9 a realidade em muitas organiza\u00e7\u00f5es. Por\u00e9m, como veremos a seguir, h\u00e1 boas raz\u00f5es para mudar esse cen\u00e1rio.<\/p>\n\n\n\n<h2 class=\"wp-block-heading\"><strong>Os impactos positivos de oferecer uma cultura inclusiva para m\u00e3es<\/strong><\/h2>\n\n\n\n<p>Essa n\u00e3o \u00e9 a primeira vez que falamos sobre o poder da Diversidade, Equidade, Inclus\u00e3o e Pertencimento (DEIP) por aqui.<\/p>\n\n\n\n<p>Inclusive, temos uma <a href=\"https:\/\/conteudo.metarh.com.br\/deip\" target=\"_blank\" rel=\"noreferrer noopener\">Cartilha<\/a> exclusiva sobre o tema, na qual mostramos como a promo\u00e7\u00e3o desses pilares pode transformar desde o clima organizacional at\u00e9 aumentar a produtividade, a inova\u00e7\u00e3o e o desempenho financeiro das empresas.<\/p>\n\n\n\n<p>Um dos grandes motivos para esses resultados \u00e9 a pluralidade de conhecimentos, viv\u00eancias e perspectivas que pessoas de diferentes trajet\u00f3rias trazem para a organiza\u00e7\u00e3o. E isso tamb\u00e9m vale, \u00e9 claro, para mulheres que t\u00eam filhos.<\/p>\n\n\n\n<p>Alguns estudos sugerem que, ap\u00f3s se tornarem m\u00e3es, essas profissionais desenvolvem habilidades que impactam positivamente o ambiente de trabalho, como o aumento da capacidade de:<\/p>\n\n\n\n<ul class=\"wp-block-list\">\n<li>Lidar com m\u00faltiplas tarefas de forma eficiente, sabendo priorizar e manter o foco no que \u00e9 mais importante em cada momento;<\/li>\n\n\n\n<li>Gerenciar as pr\u00f3prias emo\u00e7\u00f5es e agir com mais empatia, habilidades fundamentais para a constru\u00e7\u00e3o de times colaborativos e saud\u00e1veis;<\/li>\n\n\n\n<li>Ser mais paciente, tolerante e perseverante na hora de enfrentar desafios e buscar solu\u00e7\u00f5es criativas para eles.<\/li>\n<\/ul>\n\n\n\n<p>Ou seja, ao criar uma cultura inclusiva para m\u00e3es, as organiza\u00e7\u00f5es <strong>aumentam as chances de atrair e reter profissionais com caracter\u00edsticas que s\u00e3o altamente valorizadas<\/strong>, pois melhoram a din\u00e2mica das equipes.<\/p>\n\n\n\n<p>Al\u00e9m disso, empresas que se destacam por seu compromisso com a inclus\u00e3o ganham mais do que uma for\u00e7a de trabalho engajada.<\/p>\n\n\n\n<p>Elas tamb\u00e9m melhoram sua reputa\u00e7\u00e3o diante de diversos p\u00fablicos, incluindo pessoas colaboradoras e candidatas, clientes, fornecedores, investidores e sociedade em geral.<\/p>\n\n\n\n<figure class=\"wp-block-image size-large\"><a href=\"https:\/\/conteudo.metarh.com.br\/maternidade-trabalho\" target=\"_blank\" rel=\"noreferrer noopener\"><img fetchpriority=\"high\" decoding=\"async\" width=\"1024\" height=\"414\" src=\"https:\/\/metarh.com.br\/metarhnews\/wp-content\/uploads\/2025\/04\/DIVULGACAO-MATERNIDADE-E-MERC-TRAB-1024x414.png\" alt=\"\" class=\"wp-image-16522\" srcset=\"https:\/\/metarh.com.br\/metarhnews\/wp-content\/uploads\/2025\/04\/DIVULGACAO-MATERNIDADE-E-MERC-TRAB-1024x414.png 1024w, https:\/\/metarh.com.br\/metarhnews\/wp-content\/uploads\/2025\/04\/DIVULGACAO-MATERNIDADE-E-MERC-TRAB-300x121.png 300w, https:\/\/metarh.com.br\/metarhnews\/wp-content\/uploads\/2025\/04\/DIVULGACAO-MATERNIDADE-E-MERC-TRAB-768x311.png 768w, https:\/\/metarh.com.br\/metarhnews\/wp-content\/uploads\/2025\/04\/DIVULGACAO-MATERNIDADE-E-MERC-TRAB-1536x621.png 1536w, https:\/\/metarh.com.br\/metarhnews\/wp-content\/uploads\/2025\/04\/DIVULGACAO-MATERNIDADE-E-MERC-TRAB.png 1600w\" sizes=\"(max-width: 1024px) 100vw, 1024px\" \/><\/a><\/figure>\n\n\n\n<h2 class=\"wp-block-heading\"><strong>O que uma cultura inclusiva para m\u00e3es deve ter?<\/strong><\/h2>\n\n\n\n<p>Agora que voc\u00ea j\u00e1 conhece os diferenciais competitivos que as m\u00e3es podem trazer para o ambiente de trabalho, que tal conferir algumas ideias de como incentivar esse potencial na sua empresa?<\/p>\n\n\n\n<p>A seguir, vamos apresentar os principais elementos que comp\u00f5em uma cultura inclusiva para mulheres que t\u00eam filhos:<\/p>\n\n\n\n<p><strong>Licen\u00e7a parental estendida<\/strong><\/p>\n\n\n\n<p>A desigualdade de g\u00eanero muitas vezes come\u00e7a quando, ap\u00f3s o nascimento dos filhos, as mulheres t\u00eam entre quatro e seis meses de licen\u00e7a-maternidade, enquanto os pais, em geral, recebem uma licen\u00e7a muito mais curta.<\/p>\n\n\n\n<p>Essa disparidade refor\u00e7a a ideia equivocada de que as responsabilidades de cuidado s\u00e3o exclusivamente femininas, o que acaba sobrecarregando as mulheres por um per\u00edodo muito mais longo.<\/p>\n\n\n\n<p>Ao ampliar a licen\u00e7a parental para ambos os pais, as empresas incentivam uma <a href=\"https:\/\/metarh.com.br\/metarhnews\/paternidade\/\" target=\"_blank\" rel=\"noreferrer noopener\">paternidade ativa<\/a> e oferecem o tempo adequado para que todos se ajustem a essa nova fase de vida antes de voltarem ao trabalho.<\/p>\n\n\n\n<p><strong>Flexibilidade de hor\u00e1rio e formato<\/strong><\/p>\n\n\n\n<p>A chegada de um filho traz ajustes inevit\u00e1veis na rotina da fam\u00edlia. De repente, novas tarefas surgem, como a necessidade de levar e buscar a crian\u00e7a na escola ou acompanh\u00e1-la ao m\u00e9dico.<\/p>\n\n\n\n<p>Especialmente no come\u00e7o, oferecer flexibilidade de hor\u00e1rio e op\u00e7\u00f5es de trabalho remoto pode ser fundamental para ajudar as m\u00e3es a equilibrar suas responsabilidades pessoais e profissionais de maneira mais tranquila.<\/p>\n\n\n\n<p>Esse apoio se torna ainda mais crucial para as m\u00e3es solo, que carregam sozinhas a responsabilidade pelo cuidado e bem-estar dos filhos.<\/p>\n\n\n\n<p><strong>Ambientes de trabalho acolhedores<\/strong><\/p>\n\n\n\n<p>De nada adianta implementar pol\u00edticas de apoio \u00e0 maternidade se, no dia a dia, as m\u00e3es se sentirem de alguma forma penalizadas por utiliz\u00e1-las.<\/p>\n\n\n\n<p>T\u00e3o importante quanto ter a\u00e7\u00f5es formais \u00e9 garantir que essas profissionais sintam que podem contar com a compreens\u00e3o de colegas e gestores.<\/p>\n\n\n\n<p>Uma forma de trabalhar essa sensibiliza\u00e7\u00e3o \u00e9 realizando treinamentos regulares sobre desafios de g\u00eanero e o poder da diversidade no ambiente de trabalho, refor\u00e7ando a import\u00e2ncia de uma cultura inclusiva junto a todas as pessoas colaboradoras.<\/p>\n\n\n\n<p><strong>Desenvolvimento de carreira igualit\u00e1rio<\/strong><\/p>\n\n\n\n<p>As oportunidades de ascens\u00e3o devem ser as mesmas para todos os membros da equipe, independentemente de suas caracter\u00edsticas individuais.<\/p>\n\n\n\n<p>Na pr\u00e1tica, isso significa garantir que as profissionais m\u00e3es tenham acesso aos mesmos desafios, treinamentos, programas de mentoria e oportunidades de promo\u00e7\u00e3o que seus colegas.<\/p>\n\n\n\n<p>Lembre-se: em uma empresa inclusiva, as decis\u00f5es sobre crescimento e desenvolvimento n\u00e3o podem ser influenciadas por preconceitos relacionados \u00e0 maternidade ou pela ideia de que as responsabilidades familiares impactam negativamente o desempenho profissional.<\/p>\n\n\n\n<p><strong>Benef\u00edcios exclusivos<\/strong><\/p>\n\n\n\n<p>Oferecer benef\u00edcios que atendam \u00e0s necessidades espec\u00edficas das m\u00e3es \u00e9 outra forma poderosa de mostrar apoio e cuidado a elas.<\/p>\n\n\n\n<p>Entre eles, destacam-se planos de sa\u00fade que ofere\u00e7am cobertura especial para gestantes e cuidados infantis, al\u00e9m de programas de apoio \u00e0 sa\u00fade mental.<\/p>\n\n\n\n<p>Da mesma forma, benef\u00edcios corporativos como creches subsidiadas ou assist\u00eancia para cuidados infantis podem aliviar significativamente as preocupa\u00e7\u00f5es dessas mulheres, permitindo que elas se sintam mais seguras e focadas no trabalho.<\/p>\n\n\n\n<figure class=\"wp-block-image size-large\"><a href=\"https:\/\/conteudo.metarh.com.br\/trilhando\" target=\"_blank\" rel=\"noreferrer noopener\"><img decoding=\"async\" width=\"1024\" height=\"371\" src=\"https:\/\/metarh.com.br\/metarhnews\/wp-content\/uploads\/2025\/04\/Roda-meio-trilhando-pipe-1024x371.png\" alt=\"\" class=\"wp-image-16523\" srcset=\"https:\/\/metarh.com.br\/metarhnews\/wp-content\/uploads\/2025\/04\/Roda-meio-trilhando-pipe-1024x371.png 1024w, https:\/\/metarh.com.br\/metarhnews\/wp-content\/uploads\/2025\/04\/Roda-meio-trilhando-pipe-300x109.png 300w, https:\/\/metarh.com.br\/metarhnews\/wp-content\/uploads\/2025\/04\/Roda-meio-trilhando-pipe-768x278.png 768w, https:\/\/metarh.com.br\/metarhnews\/wp-content\/uploads\/2025\/04\/Roda-meio-trilhando-pipe-1536x556.png 1536w, https:\/\/metarh.com.br\/metarhnews\/wp-content\/uploads\/2025\/04\/Roda-meio-trilhando-pipe-2048x741.png 2048w\" sizes=\"(max-width: 1024px) 100vw, 1024px\" \/><\/a><\/figure>\n\n\n\n<p>Como vimos at\u00e9 aqui, profissionais que s\u00e3o m\u00e3es trazem uma gama \u00fanica de habilidades, como a capacidade de lidar com m\u00faltiplas responsabilidades, gerenciar emo\u00e7\u00f5es com empatia e perseverar diante de desafios.<\/p>\n\n\n\n<p>Nesse sentido, implementar uma cultura inclusiva para elas n\u00e3o \u00e9 apenas uma quest\u00e3o de justi\u00e7a social, mas tamb\u00e9m uma estrat\u00e9gia poderosa para as empresas que buscam reter talentos valiosos.<\/p>\n\n\n\n<p>Se voc\u00ea quer aprender mais sobre como implementar essas boas pr\u00e1ticas e fazer a diferen\u00e7a na vida de suas colaboradoras, convidamos voc\u00ea a baixar o nosso e-book sobre <a href=\"https:\/\/conteudo.metarh.com.br\/maternidade-trabalho\" target=\"_blank\" rel=\"noreferrer noopener\">Maternidade e Mercado de Trabalho<\/a>.<\/p>\n\n\n\n<p>Nele, voc\u00ea encontrar\u00e1 ainda mais insights sobre como apoiar as m\u00e3es em sua jornada profissional. At\u00e9 mais!<\/p>\n<div style=\"margin-top: 0px; margin-bottom: 0px;\" class=\"sharethis-inline-share-buttons\" ><\/div>","protected":false},"excerpt":{"rendered":"<p>Voc\u00ea n\u00e3o precisa ir muito longe para perceber que o mercado de trabalho ainda tem muito a melhorar quando o assunto \u00e9 criar uma cultura inclusiva para m\u00e3es. Um estudo de 2023, por exemplo, revelou que mais da metade das mulheres (56,4%) j\u00e1 foi demitida ou conhece outra mulher que foi desligada ap\u00f3s voltar da&#8230;<\/p>\n","protected":false},"author":4,"featured_media":16525,"comment_status":"open","ping_status":"open","sticky":false,"template":"","format":"standard","meta":{"_kadence_starter_templates_imported_post":false,"_kad_post_transparent":"","_kad_post_title":"","_kad_post_layout":"","_kad_post_sidebar_id":"","_kad_post_content_style":"","_kad_post_vertical_padding":"","_kad_post_feature":"","_kad_post_feature_position":"","_kad_post_header":false,"_kad_post_footer":false,"_kad_post_classname":"","footnotes":""},"categories":[162,163,3,2],"tags":[],"class_list":["post-16521","post","type-post","status-publish","format-standard","has-post-thumbnail","hentry","category-trilhando-mais","category-descoberta-de-conteudos-de-rh","category-dicas","category-materias"],"yoast_head":"<!-- This site is optimized with the Yoast SEO Premium plugin v26.6 (Yoast SEO v27.5) - https:\/\/yoast.com\/product\/yoast-seo-premium-wordpress\/ -->\n<title>Cultura inclusiva para m\u00e3es: impactos positivos e como incentivar<\/title>\n<meta name=\"description\" content=\"Saiba como incentivar uma cultura inclusiva para m\u00e3es e os impactos positivos que isso gera no ambiente de trabalho.\" \/>\n<meta name=\"robots\" content=\"index, follow, max-snippet:-1, max-image-preview:large, max-video-preview:-1\" \/>\n<link rel=\"canonical\" href=\"https:\/\/metarh.com.br\/metarhnews\/cultura-inclusiva\/\" \/>\n<meta property=\"og:locale\" content=\"pt_BR\" \/>\n<meta property=\"og:type\" content=\"article\" \/>\n<meta property=\"og:title\" content=\"Cultura inclusiva para m\u00e3es: impactos positivos e como incentivar\" \/>\n<meta property=\"og:description\" content=\"Saiba como incentivar uma cultura inclusiva para m\u00e3es e os impactos positivos que isso gera no ambiente de trabalho.\" \/>\n<meta property=\"og:url\" content=\"https:\/\/metarh.com.br\/metarhnews\/cultura-inclusiva\/\" \/>\n<meta property=\"og:site_name\" content=\"METARH +News\" \/>\n<meta property=\"article:publisher\" content=\"https:\/\/www.facebook.com\/metarhumana\" \/>\n<meta property=\"article:author\" content=\"https:\/\/www.facebook.com\/metarhconsultoria\" \/>\n<meta property=\"article:published_time\" content=\"2025-05-07T17:22:07+00:00\" \/>\n<meta property=\"article:modified_time\" content=\"2026-01-21T18:41:59+00:00\" \/>\n<meta property=\"og:image\" content=\"https:\/\/metarh.com.br\/metarhnews\/wp-content\/uploads\/2025\/04\/Cultura-Inclusiva-Maes.jpg\" \/>\n\t<meta property=\"og:image:width\" content=\"1060\" \/>\n\t<meta property=\"og:image:height\" content=\"700\" \/>\n\t<meta property=\"og:image:type\" content=\"image\/jpeg\" \/>\n<meta name=\"author\" content=\"METARH\" \/>\n<meta name=\"twitter:card\" content=\"summary_large_image\" \/>\n<meta name=\"twitter:creator\" content=\"@metarhumana\" \/>\n<meta name=\"twitter:site\" content=\"@metarhumana\" \/>\n<meta name=\"twitter:label1\" content=\"Escrito por\" \/>\n\t<meta name=\"twitter:data1\" content=\"METARH\" \/>\n\t<meta name=\"twitter:label2\" content=\"Est. tempo de leitura\" \/>\n\t<meta name=\"twitter:data2\" content=\"7 minutos\" \/>\n<script type=\"application\/ld+json\" class=\"yoast-schema-graph\">{\"@context\":\"https:\\\/\\\/schema.org\",\"@graph\":[{\"@type\":\"Article\",\"@id\":\"https:\\\/\\\/metarh.com.br\\\/metarhnews\\\/cultura-inclusiva\\\/#article\",\"isPartOf\":{\"@id\":\"https:\\\/\\\/metarh.com.br\\\/metarhnews\\\/cultura-inclusiva\\\/\"},\"author\":{\"name\":\"METARH\",\"@id\":\"https:\\\/\\\/metarh.com.br\\\/metarhnews\\\/#\\\/schema\\\/person\\\/930900bc40677695dc9df602ec0366d0\"},\"headline\":\"Cultura inclusiva para m\u00e3es: impactos positivos e como incentivar\",\"datePublished\":\"2025-05-07T17:22:07+00:00\",\"dateModified\":\"2026-01-21T18:41:59+00:00\",\"mainEntityOfPage\":{\"@id\":\"https:\\\/\\\/metarh.com.br\\\/metarhnews\\\/cultura-inclusiva\\\/\"},\"wordCount\":1219,\"commentCount\":0,\"publisher\":{\"@id\":\"https:\\\/\\\/metarh.com.br\\\/metarhnews\\\/#organization\"},\"image\":{\"@id\":\"https:\\\/\\\/metarh.com.br\\\/metarhnews\\\/cultura-inclusiva\\\/#primaryimage\"},\"thumbnailUrl\":\"https:\\\/\\\/metarh.com.br\\\/metarhnews\\\/wp-content\\\/uploads\\\/2025\\\/04\\\/Cultura-Inclusiva-Maes.jpg\",\"articleSection\":[\"6 \u2022 Trilhando +\",\"Descoberta\",\"Dicas\",\"Mat\u00e9rias\"],\"inLanguage\":\"pt-BR\",\"potentialAction\":[{\"@type\":\"CommentAction\",\"name\":\"Comment\",\"target\":[\"https:\\\/\\\/metarh.com.br\\\/metarhnews\\\/cultura-inclusiva\\\/#respond\"]}],\"copyrightYear\":\"2025\",\"copyrightHolder\":{\"@id\":\"https:\\\/\\\/metarh.com.br\\\/metarhnews\\\/#organization\"}},{\"@type\":\"WebPage\",\"@id\":\"https:\\\/\\\/metarh.com.br\\\/metarhnews\\\/cultura-inclusiva\\\/\",\"url\":\"https:\\\/\\\/metarh.com.br\\\/metarhnews\\\/cultura-inclusiva\\\/\",\"name\":\"Cultura inclusiva para m\u00e3es: impactos positivos e como incentivar\",\"isPartOf\":{\"@id\":\"https:\\\/\\\/metarh.com.br\\\/metarhnews\\\/#website\"},\"primaryImageOfPage\":{\"@id\":\"https:\\\/\\\/metarh.com.br\\\/metarhnews\\\/cultura-inclusiva\\\/#primaryimage\"},\"image\":{\"@id\":\"https:\\\/\\\/metarh.com.br\\\/metarhnews\\\/cultura-inclusiva\\\/#primaryimage\"},\"thumbnailUrl\":\"https:\\\/\\\/metarh.com.br\\\/metarhnews\\\/wp-content\\\/uploads\\\/2025\\\/04\\\/Cultura-Inclusiva-Maes.jpg\",\"datePublished\":\"2025-05-07T17:22:07+00:00\",\"dateModified\":\"2026-01-21T18:41:59+00:00\",\"description\":\"Saiba como incentivar uma cultura inclusiva para m\u00e3es e os impactos positivos que isso gera no ambiente de trabalho.\",\"breadcrumb\":{\"@id\":\"https:\\\/\\\/metarh.com.br\\\/metarhnews\\\/cultura-inclusiva\\\/#breadcrumb\"},\"inLanguage\":\"pt-BR\",\"potentialAction\":[{\"@type\":\"ReadAction\",\"target\":[\"https:\\\/\\\/metarh.com.br\\\/metarhnews\\\/cultura-inclusiva\\\/\"]}]},{\"@type\":\"ImageObject\",\"inLanguage\":\"pt-BR\",\"@id\":\"https:\\\/\\\/metarh.com.br\\\/metarhnews\\\/cultura-inclusiva\\\/#primaryimage\",\"url\":\"https:\\\/\\\/metarh.com.br\\\/metarhnews\\\/wp-content\\\/uploads\\\/2025\\\/04\\\/Cultura-Inclusiva-Maes.jpg\",\"contentUrl\":\"https:\\\/\\\/metarh.com.br\\\/metarhnews\\\/wp-content\\\/uploads\\\/2025\\\/04\\\/Cultura-Inclusiva-Maes.jpg\",\"width\":1060,\"height\":700,\"caption\":\"Cultura inclusiva para m\u00e3es: impactos positivos e como incentivar\"},{\"@type\":\"BreadcrumbList\",\"@id\":\"https:\\\/\\\/metarh.com.br\\\/metarhnews\\\/cultura-inclusiva\\\/#breadcrumb\",\"itemListElement\":[{\"@type\":\"ListItem\",\"position\":1,\"name\":\"In\u00edcio\",\"item\":\"https:\\\/\\\/metarh.com.br\\\/metarhnews\\\/\"},{\"@type\":\"ListItem\",\"position\":2,\"name\":\"Cultura inclusiva para m\u00e3es: impactos positivos e como incentivar\"}]},{\"@type\":\"WebSite\",\"@id\":\"https:\\\/\\\/metarh.com.br\\\/metarhnews\\\/#website\",\"url\":\"https:\\\/\\\/metarh.com.br\\\/metarhnews\\\/\",\"name\":\"METARH +News\",\"description\":\"Conte\u00fado focado em Gest\u00e3o de Pessoas\",\"publisher\":{\"@id\":\"https:\\\/\\\/metarh.com.br\\\/metarhnews\\\/#organization\"},\"potentialAction\":[{\"@type\":\"SearchAction\",\"target\":{\"@type\":\"EntryPoint\",\"urlTemplate\":\"https:\\\/\\\/metarh.com.br\\\/metarhnews\\\/?s={search_term_string}\"},\"query-input\":{\"@type\":\"PropertyValueSpecification\",\"valueRequired\":true,\"valueName\":\"search_term_string\"}}],\"inLanguage\":\"pt-BR\"},{\"@type\":\"Organization\",\"@id\":\"https:\\\/\\\/metarh.com.br\\\/metarhnews\\\/#organization\",\"name\":\"METARH +Humana\",\"url\":\"https:\\\/\\\/metarh.com.br\\\/metarhnews\\\/\",\"logo\":{\"@type\":\"ImageObject\",\"inLanguage\":\"pt-BR\",\"@id\":\"https:\\\/\\\/metarh.com.br\\\/metarhnews\\\/#\\\/schema\\\/logo\\\/image\\\/\",\"url\":\"https:\\\/\\\/metarh.com.br\\\/metarhnews\\\/wp-content\\\/uploads\\\/2025\\\/02\\\/METARH-Azul-Horizontal.png\",\"contentUrl\":\"https:\\\/\\\/metarh.com.br\\\/metarhnews\\\/wp-content\\\/uploads\\\/2025\\\/02\\\/METARH-Azul-Horizontal.png\",\"width\":1002,\"height\":303,\"caption\":\"METARH +Humana\"},\"image\":{\"@id\":\"https:\\\/\\\/metarh.com.br\\\/metarhnews\\\/#\\\/schema\\\/logo\\\/image\\\/\"},\"sameAs\":[\"https:\\\/\\\/www.facebook.com\\\/metarhumana\",\"https:\\\/\\\/x.com\\\/metarhumana\",\"https:\\\/\\\/www.instagram.com\\\/metarhumana\\\/\",\"https:\\\/\\\/www.youtube.com\\\/@metarhumana\"]},{\"@type\":\"Person\",\"@id\":\"https:\\\/\\\/metarh.com.br\\\/metarhnews\\\/#\\\/schema\\\/person\\\/930900bc40677695dc9df602ec0366d0\",\"name\":\"METARH\",\"image\":{\"@type\":\"ImageObject\",\"inLanguage\":\"pt-BR\",\"@id\":\"https:\\\/\\\/secure.gravatar.com\\\/avatar\\\/e03963382c9576f1c9989940c2d59ebc780df154afc76a079627bbbdb3dcefa1?s=96&d=mm&r=g\",\"url\":\"https:\\\/\\\/secure.gravatar.com\\\/avatar\\\/e03963382c9576f1c9989940c2d59ebc780df154afc76a079627bbbdb3dcefa1?s=96&d=mm&r=g\",\"contentUrl\":\"https:\\\/\\\/secure.gravatar.com\\\/avatar\\\/e03963382c9576f1c9989940c2d59ebc780df154afc76a079627bbbdb3dcefa1?s=96&d=mm&r=g\",\"caption\":\"METARH\"},\"description\":\"Somos uma consultoria de recursos humanos com mais de 40 anos de mercado, ajudando empresas como a sua a encontrarem o talento certo. Nossos processos s\u00e3o focados no sucesso dos clientes sem deixar de lado a experi\u00eancia positiva das pessoas candidatas.\",\"sameAs\":[\"http:\\\/\\\/www.metarh.com.br\",\"https:\\\/\\\/www.facebook.com\\\/metarhconsultoria\",\"https:\\\/\\\/www.instagram.com\\\/metarhconsultoria\\\/\",\"https:\\\/\\\/www.linkedin.com\\\/company\\\/metarhconsultoria\",\"http:\\\/\\\/youtube.com\\\/@metarhconsultoria\"],\"url\":\"https:\\\/\\\/metarh.com.br\\\/metarhnews\\\/author\\\/editorial-metarh\\\/\"}]}<\/script>\n<!-- \/ Yoast SEO Premium plugin. -->","yoast_head_json":{"title":"Cultura inclusiva para m\u00e3es: impactos positivos e como incentivar","description":"Saiba como incentivar uma cultura inclusiva para m\u00e3es e os impactos positivos que isso gera no ambiente de trabalho.","robots":{"index":"index","follow":"follow","max-snippet":"max-snippet:-1","max-image-preview":"max-image-preview:large","max-video-preview":"max-video-preview:-1"},"canonical":"https:\/\/metarh.com.br\/metarhnews\/cultura-inclusiva\/","og_locale":"pt_BR","og_type":"article","og_title":"Cultura inclusiva para m\u00e3es: impactos positivos e como incentivar","og_description":"Saiba como incentivar uma cultura inclusiva para m\u00e3es e os impactos positivos que isso gera no ambiente de trabalho.","og_url":"https:\/\/metarh.com.br\/metarhnews\/cultura-inclusiva\/","og_site_name":"METARH +News","article_publisher":"https:\/\/www.facebook.com\/metarhumana","article_author":"https:\/\/www.facebook.com\/metarhconsultoria","article_published_time":"2025-05-07T17:22:07+00:00","article_modified_time":"2026-01-21T18:41:59+00:00","og_image":[{"width":1060,"height":700,"url":"https:\/\/metarh.com.br\/metarhnews\/wp-content\/uploads\/2025\/04\/Cultura-Inclusiva-Maes.jpg","type":"image\/jpeg"}],"author":"METARH","twitter_card":"summary_large_image","twitter_creator":"@metarhumana","twitter_site":"@metarhumana","twitter_misc":{"Escrito por":"METARH","Est. tempo de leitura":"7 minutos"},"schema":{"@context":"https:\/\/schema.org","@graph":[{"@type":"Article","@id":"https:\/\/metarh.com.br\/metarhnews\/cultura-inclusiva\/#article","isPartOf":{"@id":"https:\/\/metarh.com.br\/metarhnews\/cultura-inclusiva\/"},"author":{"name":"METARH","@id":"https:\/\/metarh.com.br\/metarhnews\/#\/schema\/person\/930900bc40677695dc9df602ec0366d0"},"headline":"Cultura inclusiva para m\u00e3es: impactos positivos e como incentivar","datePublished":"2025-05-07T17:22:07+00:00","dateModified":"2026-01-21T18:41:59+00:00","mainEntityOfPage":{"@id":"https:\/\/metarh.com.br\/metarhnews\/cultura-inclusiva\/"},"wordCount":1219,"commentCount":0,"publisher":{"@id":"https:\/\/metarh.com.br\/metarhnews\/#organization"},"image":{"@id":"https:\/\/metarh.com.br\/metarhnews\/cultura-inclusiva\/#primaryimage"},"thumbnailUrl":"https:\/\/metarh.com.br\/metarhnews\/wp-content\/uploads\/2025\/04\/Cultura-Inclusiva-Maes.jpg","articleSection":["6 \u2022 Trilhando +","Descoberta","Dicas","Mat\u00e9rias"],"inLanguage":"pt-BR","potentialAction":[{"@type":"CommentAction","name":"Comment","target":["https:\/\/metarh.com.br\/metarhnews\/cultura-inclusiva\/#respond"]}],"copyrightYear":"2025","copyrightHolder":{"@id":"https:\/\/metarh.com.br\/metarhnews\/#organization"}},{"@type":"WebPage","@id":"https:\/\/metarh.com.br\/metarhnews\/cultura-inclusiva\/","url":"https:\/\/metarh.com.br\/metarhnews\/cultura-inclusiva\/","name":"Cultura inclusiva para m\u00e3es: impactos positivos e como incentivar","isPartOf":{"@id":"https:\/\/metarh.com.br\/metarhnews\/#website"},"primaryImageOfPage":{"@id":"https:\/\/metarh.com.br\/metarhnews\/cultura-inclusiva\/#primaryimage"},"image":{"@id":"https:\/\/metarh.com.br\/metarhnews\/cultura-inclusiva\/#primaryimage"},"thumbnailUrl":"https:\/\/metarh.com.br\/metarhnews\/wp-content\/uploads\/2025\/04\/Cultura-Inclusiva-Maes.jpg","datePublished":"2025-05-07T17:22:07+00:00","dateModified":"2026-01-21T18:41:59+00:00","description":"Saiba como incentivar uma cultura inclusiva para m\u00e3es e os impactos positivos que isso gera no ambiente de trabalho.","breadcrumb":{"@id":"https:\/\/metarh.com.br\/metarhnews\/cultura-inclusiva\/#breadcrumb"},"inLanguage":"pt-BR","potentialAction":[{"@type":"ReadAction","target":["https:\/\/metarh.com.br\/metarhnews\/cultura-inclusiva\/"]}]},{"@type":"ImageObject","inLanguage":"pt-BR","@id":"https:\/\/metarh.com.br\/metarhnews\/cultura-inclusiva\/#primaryimage","url":"https:\/\/metarh.com.br\/metarhnews\/wp-content\/uploads\/2025\/04\/Cultura-Inclusiva-Maes.jpg","contentUrl":"https:\/\/metarh.com.br\/metarhnews\/wp-content\/uploads\/2025\/04\/Cultura-Inclusiva-Maes.jpg","width":1060,"height":700,"caption":"Cultura inclusiva para m\u00e3es: impactos positivos e como incentivar"},{"@type":"BreadcrumbList","@id":"https:\/\/metarh.com.br\/metarhnews\/cultura-inclusiva\/#breadcrumb","itemListElement":[{"@type":"ListItem","position":1,"name":"In\u00edcio","item":"https:\/\/metarh.com.br\/metarhnews\/"},{"@type":"ListItem","position":2,"name":"Cultura inclusiva para m\u00e3es: impactos positivos e como incentivar"}]},{"@type":"WebSite","@id":"https:\/\/metarh.com.br\/metarhnews\/#website","url":"https:\/\/metarh.com.br\/metarhnews\/","name":"METARH +News","description":"Conte\u00fado focado em Gest\u00e3o de Pessoas","publisher":{"@id":"https:\/\/metarh.com.br\/metarhnews\/#organization"},"potentialAction":[{"@type":"SearchAction","target":{"@type":"EntryPoint","urlTemplate":"https:\/\/metarh.com.br\/metarhnews\/?s={search_term_string}"},"query-input":{"@type":"PropertyValueSpecification","valueRequired":true,"valueName":"search_term_string"}}],"inLanguage":"pt-BR"},{"@type":"Organization","@id":"https:\/\/metarh.com.br\/metarhnews\/#organization","name":"METARH +Humana","url":"https:\/\/metarh.com.br\/metarhnews\/","logo":{"@type":"ImageObject","inLanguage":"pt-BR","@id":"https:\/\/metarh.com.br\/metarhnews\/#\/schema\/logo\/image\/","url":"https:\/\/metarh.com.br\/metarhnews\/wp-content\/uploads\/2025\/02\/METARH-Azul-Horizontal.png","contentUrl":"https:\/\/metarh.com.br\/metarhnews\/wp-content\/uploads\/2025\/02\/METARH-Azul-Horizontal.png","width":1002,"height":303,"caption":"METARH +Humana"},"image":{"@id":"https:\/\/metarh.com.br\/metarhnews\/#\/schema\/logo\/image\/"},"sameAs":["https:\/\/www.facebook.com\/metarhumana","https:\/\/x.com\/metarhumana","https:\/\/www.instagram.com\/metarhumana\/","https:\/\/www.youtube.com\/@metarhumana"]},{"@type":"Person","@id":"https:\/\/metarh.com.br\/metarhnews\/#\/schema\/person\/930900bc40677695dc9df602ec0366d0","name":"METARH","image":{"@type":"ImageObject","inLanguage":"pt-BR","@id":"https:\/\/secure.gravatar.com\/avatar\/e03963382c9576f1c9989940c2d59ebc780df154afc76a079627bbbdb3dcefa1?s=96&d=mm&r=g","url":"https:\/\/secure.gravatar.com\/avatar\/e03963382c9576f1c9989940c2d59ebc780df154afc76a079627bbbdb3dcefa1?s=96&d=mm&r=g","contentUrl":"https:\/\/secure.gravatar.com\/avatar\/e03963382c9576f1c9989940c2d59ebc780df154afc76a079627bbbdb3dcefa1?s=96&d=mm&r=g","caption":"METARH"},"description":"Somos uma consultoria de recursos humanos com mais de 40 anos de mercado, ajudando empresas como a sua a encontrarem o talento certo. Nossos processos s\u00e3o focados no sucesso dos clientes sem deixar de lado a experi\u00eancia positiva das pessoas candidatas.","sameAs":["http:\/\/www.metarh.com.br","https:\/\/www.facebook.com\/metarhconsultoria","https:\/\/www.instagram.com\/metarhconsultoria\/","https:\/\/www.linkedin.com\/company\/metarhconsultoria","http:\/\/youtube.com\/@metarhconsultoria"],"url":"https:\/\/metarh.com.br\/metarhnews\/author\/editorial-metarh\/"}]}},"_links":{"self":[{"href":"https:\/\/metarh.com.br\/metarhnews\/wp-json\/wp\/v2\/posts\/16521","targetHints":{"allow":["GET"]}}],"collection":[{"href":"https:\/\/metarh.com.br\/metarhnews\/wp-json\/wp\/v2\/posts"}],"about":[{"href":"https:\/\/metarh.com.br\/metarhnews\/wp-json\/wp\/v2\/types\/post"}],"author":[{"embeddable":true,"href":"https:\/\/metarh.com.br\/metarhnews\/wp-json\/wp\/v2\/users\/4"}],"replies":[{"embeddable":true,"href":"https:\/\/metarh.com.br\/metarhnews\/wp-json\/wp\/v2\/comments?post=16521"}],"version-history":[{"count":1,"href":"https:\/\/metarh.com.br\/metarhnews\/wp-json\/wp\/v2\/posts\/16521\/revisions"}],"predecessor-version":[{"id":16524,"href":"https:\/\/metarh.com.br\/metarhnews\/wp-json\/wp\/v2\/posts\/16521\/revisions\/16524"}],"wp:featuredmedia":[{"embeddable":true,"href":"https:\/\/metarh.com.br\/metarhnews\/wp-json\/wp\/v2\/media\/16525"}],"wp:attachment":[{"href":"https:\/\/metarh.com.br\/metarhnews\/wp-json\/wp\/v2\/media?parent=16521"}],"wp:term":[{"taxonomy":"category","embeddable":true,"href":"https:\/\/metarh.com.br\/metarhnews\/wp-json\/wp\/v2\/categories?post=16521"},{"taxonomy":"post_tag","embeddable":true,"href":"https:\/\/metarh.com.br\/metarhnews\/wp-json\/wp\/v2\/tags?post=16521"}],"curies":[{"name":"wp","href":"https:\/\/api.w.org\/{rel}","templated":true}]}}