{"id":16530,"date":"2025-05-13T11:43:12","date_gmt":"2025-05-13T14:43:12","guid":{"rendered":"https:\/\/metarh.com.br\/metarhnews\/?p=16530"},"modified":"2025-12-26T15:28:23","modified_gmt":"2025-12-26T18:28:23","slug":"o-papel-do-dho-na-construcao-da-cultura-organizacional-inclusiva","status":"publish","type":"post","link":"https:\/\/metarh.com.br\/metarhnews\/o-papel-do-dho-na-construcao-da-cultura-organizacional-inclusiva\/","title":{"rendered":"O papel do DHO na constru\u00e7\u00e3o da cultura organizacional inclusiva"},"content":{"rendered":"\n<p>O Dia Internacional da Luta contra a LGBT+fobia, celebrado em 17 de maio, \u00e9 uma data importante para as organiza\u00e7\u00f5es comprometidas em cultivar uma <strong>cultura organizacional inclusiva<\/strong>.<\/p>\n\n\n\n<p>Isso porque, mais do que um marco simb\u00f3lico, ela refor\u00e7a a urg\u00eancia em promover ambientes de trabalho seguros e acolhedores para todas as pessoas, independentemente de sua orienta\u00e7\u00e3o sexual ou identidade de g\u00eanero.<\/p>\n\n\n\n<p>Para apoiar as empresas nessa jornada, hoje vamos falar sobre como a \u00e1rea de <a href=\"https:\/\/metarh.com.br\/metarhnews\/dho\/\">Desenvolvimento Humano e Organizacional (DHO)<\/a> pode e deve assumir um papel estrat\u00e9gico nessa constru\u00e7\u00e3o.<br><strong>Vamos l\u00e1?<\/strong><\/p>\n\n\n\n<h2 class=\"wp-block-heading\" id=\"h-lgbt-fobia-e-mercado-de-trabalho-cenario-atual\"><strong><strong>LGBT+fobia e mercado de trabalho: cen\u00e1rio atual<\/strong><\/strong><\/h2>\n\n\n\n<p>Nos \u00faltimos anos, o Brasil testemunhou um avan\u00e7o significativo das pautas da comunidade LGBTQIAPN+ \u2014 sigla para pessoas l\u00e9sbicas, gays, bissexuais, trans, queer, intersexo, assexuais, pansexuais, n\u00e3o-bin\u00e1rias e outras identidades.<\/p>\n\n\n\n<p>Em 2011, por exemplo, o Supremo Tribunal Federal (STF) reconheceu a uni\u00e3o homoafetiva como uma entidade familiar. &nbsp;J\u00e1 em 2015, o mesmo \u00f3rg\u00e3o autorizou a ado\u00e7\u00e3o de crian\u00e7as por casais do mesmo sexo, garantindo mais um passo rumo \u00e0 igualdade de direitos.<\/p>\n\n\n\n<p>Apesar dessas conquistas no campo jur\u00eddico e social, o mercado de trabalho ainda representa um terreno repleto de desafios para a popula\u00e7\u00e3o LGBTQIAPN+.<\/p>\n\n\n\n<p>Dados de pesquisas recentes mostram que, embora 15,5 milh\u00f5es de brasileiros perten\u00e7am \u00e0 comunidade, eles ocupam apenas <a href=\"https:\/\/g1.globo.com\/globonews\/jornal-das-dez\/noticia\/2024\/05\/15\/estudo-revela-que-038percent-dos-postos-de-trabalho-no-pais-sao-ocupados-por-pessoas-trans.ghtml\">4,5% dos postos de trabalho<\/a>. E, quando olhamos para as pessoas trans, essa porcentagem n\u00e3o chega a 0,5%.<\/p>\n\n\n\n<p>Vale dizer que as dificuldades n\u00e3o se limitam \u00e0 busca por oportunidades. Uma vez contratados, muitos desses profissionais ainda enfrentam ambientes hostis, com <strong>epis\u00f3dios de preconceito, piadas discriminat\u00f3rias, exclus\u00e3o social e at\u00e9 ass\u00e9dio<\/strong>.<\/p>\n\n\n\n<p>Tanto \u00e9 que, segundo um levantamento feito pela <a href=\"https:\/\/www.cnnbrasil.com.br\/nacional\/53-de-profissionais-lgbt-que-atuam-no-mercado-conhecem-alguem-que-sofreu-preconceito-no-ambiente-de-trabalho-diz-pesquisa\/#:~:text=pesquisa%20%7C%20CNN%20Brasil-,53%25%20de%20profissionais%20LGBT%2B%20que%20atuam%20no%\">consultoria Travessia<\/a>, 53% das pessoas que fazem parte da comunidade LGBT+ e que est\u00e3o no mercado de trabalho conhecem algu\u00e9m que tenha sofrido preconceito no ambiente corporativo.&nbsp;<\/p>\n\n\n\n<p>Em paralelo, metade dos entrevistados afirmou que as lideran\u00e7as das empresas n\u00e3o demonstram um comprometimento genu\u00edno com a cria\u00e7\u00e3o e manuten\u00e7\u00e3o de uma cultura organizacional inclusiva para essa popula\u00e7\u00e3o.<\/p>\n\n\n\n<h2 class=\"wp-block-heading\" id=\"h-a-importancia-de-combater-a-lgbt-fobia-nas-empresas\"><strong><strong>A import\u00e2ncia de combater a LGBT+fobia nas empresas<\/strong><\/strong><\/h2>\n\n\n\n<p>Antes de qualquer coisa, \u00e9 importante lembrar que a <a href=\"https:\/\/metarh.com.br\/metarhnews\/homofobia\/\">homofobia, bifobia e transfobia<\/a> s\u00e3o considerados crimes no Brasil desde 2019.<\/p>\n\n\n\n<p>Isso significa que as empresas podem ser responsabilizadas legalmente quando esses atos s\u00e3o cometidos dentro de suas depend\u00eancias. Mas essa n\u00e3o \u00e9 a \u00fanica motiva\u00e7\u00e3o para combater a LGBT+fobia no mundo corporativo.<\/p>\n\n\n\n<p>Al\u00e9m das implica\u00e7\u00f5es legais, promover o respeito \u00e0 diversidade e construir ambientes de trabalho inclusivos \u00e9 uma maneira eficaz de <strong>fortalecer a cultura organizacional, aumentar o engajamento das equipes e impulsionar a produtividade<\/strong>.<\/p>\n\n\n\n<p>Afinal, quando as pessoas se sentem seguras para ser quem realmente s\u00e3o, elas se conectam mais com o trabalho e se tornam mais dispostas a contribuir com seu potencial m\u00e1ximo para o neg\u00f3cio.<\/p>\n\n\n\n<p>De quebra, as empresas que se comprometem com a causa tamb\u00e9m <strong>fortalecem a reputa\u00e7\u00e3o da marca em um mercado cada vez mais atento \u00e0s pr\u00e1ticas de responsabilidade social<\/strong> e \u00e0 coer\u00eancia entre discurso e a\u00e7\u00e3o.<\/p>\n\n\n\n<figure class=\"wp-block-image size-large\"><a href=\"https:\/\/conteudo.metarh.com.br\/trilhando\"><img fetchpriority=\"high\" decoding=\"async\" width=\"1024\" height=\"371\" src=\"https:\/\/metarh.com.br\/metarhnews\/wp-content\/uploads\/2025\/04\/Roda-meio-trilhando-pipe-1024x371.png\" alt=\"\" class=\"wp-image-16523\" srcset=\"https:\/\/metarh.com.br\/metarhnews\/wp-content\/uploads\/2025\/04\/Roda-meio-trilhando-pipe-1024x371.png 1024w, https:\/\/metarh.com.br\/metarhnews\/wp-content\/uploads\/2025\/04\/Roda-meio-trilhando-pipe-300x109.png 300w, https:\/\/metarh.com.br\/metarhnews\/wp-content\/uploads\/2025\/04\/Roda-meio-trilhando-pipe-768x278.png 768w, https:\/\/metarh.com.br\/metarhnews\/wp-content\/uploads\/2025\/04\/Roda-meio-trilhando-pipe-1536x556.png 1536w, https:\/\/metarh.com.br\/metarhnews\/wp-content\/uploads\/2025\/04\/Roda-meio-trilhando-pipe-2048x741.png 2048w\" sizes=\"(max-width: 1024px) 100vw, 1024px\" \/><\/a><\/figure>\n\n\n\n<h2 class=\"wp-block-heading\" id=\"h-dho-como-aliado-da-causa-lgbtqiapn-por-onde-comecar\"><strong><strong>DHO como aliado da causa LGBTQIAPN+: por onde come\u00e7ar?<\/strong><\/strong><\/h2>\n\n\n\n<p>Por falar em coer\u00eancia entre discurso e pr\u00e1tica, vamos ao que realmente importa: para construir uma cultura organizacional inclusiva para a comunidade LGBTQIAPN+, as empresas precisam agir de maneira consistente.<\/p>\n\n\n\n<p>Entre as \u00e1reas que podem liderar esse movimento, est\u00e1 a de Desenvolvimento Humano e Organizacional (DHO), um subsistema do RH exclusivamente dedicado ao&nbsp;crescimento das pessoas colaboradoras e \u00e0 manuten\u00e7\u00e3o da cultura.<\/p>\n\n\n\n<p>Uma das principais responsabilidades dessa \u00e1rea \u00e9 <strong>promover a\u00e7\u00f5es cont\u00ednuas de Treinamento &amp; Desenvolvimento (T&amp;D)<\/strong>. E \u00e9 justamente a\u00ed que entra em cena uma grande oportunidade de transforma\u00e7\u00e3o.<\/p>\n\n\n\n<p>Ao estruturar iniciativas de T&amp;D voltadas para a <a href=\"https:\/\/conteudo.metarh.com.br\/deip\">Diversidade e Inclus\u00e3o (D&amp;I)<\/a>, o DHO tem o poder de educar as lideran\u00e7as e as equipes sobre os desafios enfrentados pela comunidade LGBTQIAPN+, desconstruir estigmas e promover uma mudan\u00e7a de comportamento.<\/p>\n\n\n\n<p><strong>Entre alguns dos temas a serem abordados nesses treinamentos, est\u00e3o:<\/strong><\/p>\n\n\n\n<ul class=\"wp-block-list\">\n<li>Conceitos b\u00e1sicos sobre identidade de g\u00eanero e orienta\u00e7\u00e3o sexual;<\/li>\n\n\n\n<li>Boas pr\u00e1ticas para a constru\u00e7\u00e3o de ambientes inclusivos;<\/li>\n\n\n\n<li>Preven\u00e7\u00e3o \u00e0 discrimina\u00e7\u00e3o e ao ass\u00e9dio;<\/li>\n\n\n\n<li>Vieses inconscientes;<\/li>\n\n\n\n<li>Comunica\u00e7\u00e3o respeitosa e uso de pronomes corretos;<\/li>\n\n\n\n<li>O papel das lideran\u00e7as na promo\u00e7\u00e3o da equidade.<\/li>\n<\/ul>\n\n\n\n<p><strong>Outras iniciativas que fazem a diferen\u00e7a<\/strong><\/p>\n\n\n\n<p>Al\u00e9m de atuar em T&amp;D, o DHO tamb\u00e9m pode ser protagonista em outras frentes que sustentem uma cultura organizacional inclusiva.<\/p>\n\n\n\n<p>Isso inclui apoiar a cria\u00e7\u00e3o de rituais que reforcem os valores da organiza\u00e7\u00e3o, al\u00e9m de <strong>colaborar na formula\u00e7\u00e3o de pol\u00edticas e pr\u00e1ticas que tornem o ambiente de trabalho mais acolhedor <\/strong>para toda a equipe.<\/p>\n\n\n\n<p><strong>Alguns exemplos incluem:<\/strong><\/p>\n\n\n\n<ul class=\"wp-block-list\">\n<li>Rodas de conversa sobre diversidade, que promovam a escuta ativa e a troca de experi\u00eancias;<\/li>\n\n\n\n<li>Campanhas de comunica\u00e7\u00e3o interna com depoimentos de pessoas colaboradoras LGBTQIAPN+;<\/li>\n\n\n\n<li>Revis\u00e3o de processos seletivos para garantir crit\u00e9rios mais inclusivos;<\/li>\n\n\n\n<li>Cria\u00e7\u00e3o de canais seguros para den\u00fancias de LGBT+fobia e outras formas de discrimina\u00e7\u00e3o;<\/li>\n\n\n\n<li>Cria\u00e7\u00e3o de <a href=\"https:\/\/metarh.com.br\/metarhnews\/grupos-de-afinidade\/\">grupos de afinidade<\/a> que d\u00eaem voz a essas pessoas dentro da empresa.<\/li>\n<\/ul>\n\n\n\n<p><strong>Um compromisso que deve ser cont\u00ednuo<\/strong><\/p>\n\n\n\n<p>\u00c9 importante lembrar que essas iniciativas n\u00e3o devem se restringir a a\u00e7\u00f5es pontuais, como aquelas realizadas em datas simb\u00f3licas \u2014 a exemplo do j\u00e1 citado Dia Internacional da Luta contra a LGBT+fobia.<\/p>\n\n\n\n<p>Embora essas datas desempenhem um papel importante na conscientiza\u00e7\u00e3o, a verdadeira transforma\u00e7\u00e3o ocorre quando o enfrentamento da discrimina\u00e7\u00e3o e do preconceito se torna parte do DNA da organiza\u00e7\u00e3o.<\/p>\n\n\n\n<p>Ou seja, <strong>quando a promo\u00e7\u00e3o da inclus\u00e3o se reflete de maneira constante no cotidiano da empresa<\/strong>, seja nas pr\u00e1ticas di\u00e1rias, no comportamento das lideran\u00e7as ou na forma como as pessoas colaboradoras interagem entre si.<\/p>\n\n\n\n<p>Lembrando, \u00e9 claro, que a manuten\u00e7\u00e3o de uma cultura organizacional inclusiva exige constante reflex\u00e3o, aprendizado e evolu\u00e7\u00e3o.<\/p>\n\n\n\n<p>\u00c9 essa consist\u00eancia que ir\u00e1 gerar resultados duradouros e, o mais importante, um ambiente onde todas as pessoas possam se sentir seguras e pertencentes.<\/p>\n\n\n\n<p>Al\u00e9m disso, ao atuar na constru\u00e7\u00e3o de uma cultura organizacional inclusiva, o DHO precisa considerar a <a href=\"https:\/\/metarh.com.br\/metarhnews\/diversidade-cultural\/\"><strong>diversidade cultural<\/strong> <\/a>como um elemento central, garantindo que diferentes origens, perspectivas e formas de pensar sejam respeitadas e valorizadas no ambiente corporativo.<\/p>\n\n\n\n<h2 class=\"wp-block-heading\" id=\"h-fortaleca-suas-iniciativas-de-dho-com-o-trilhando\"><strong><strong><strong>Fortale\u00e7a suas iniciativas de DHO com o Trilhando+<\/strong><\/strong><\/strong><\/h2>\n\n\n\n<p>Agora que voc\u00ea j\u00e1 conhece o papel do DHO na constru\u00e7\u00e3o da cultura organizacional inclusiva, queremos te apresentar tamb\u00e9m o <strong>Trilhando+<\/strong>, uma jornada completa para empresas que reconhecem a import\u00e2ncia do desenvolvimento cont\u00ednuo.<\/p>\n\n\n\n<p><strong>Nossos servi\u00e7os incluem:<\/strong><\/p>\n\n\n\n<ul class=\"wp-block-list\">\n<li>Levantamento das necessidades de treinamento;<\/li>\n\n\n\n<li>Mapeamento da cultura de inclus\u00e3o;<\/li>\n\n\n\n<li>Implementa\u00e7\u00e3o de Programas de D&amp;I;<\/li>\n\n\n\n<li>Condu\u00e7\u00e3o de treinamentos focados em letramento e sensibiliza\u00e7\u00e3o dentro dos pilares de Diversidade, Equidade e Inclus\u00e3o.<\/li>\n<\/ul>\n\n\n\n<p>Vale dizer que nossas capacita\u00e7\u00f5es s\u00e3o desenvolvidas pela equipe de consultoria da MetaRH e adaptadas \u00e0s necessidades de cada time e n\u00edvel hier\u00e1rquico, desde lideran\u00e7as a pessoas colaboradoras de linha de frente.<br><br>Ent\u00e3o, j\u00e1 sabe: se voc\u00ea est\u00e1 comprometido em transformar sua empresa em um&nbsp;ambiente verdadeiramente inclusivo e diversificado, o Trilhando+ \u00e9 o parceiro ideal para essa jornada.<br><a href=\"https:\/\/conteudo.metarh.com.br\/trilhando\">Acesse o site e saiba mais<\/a>!<\/p>\n\n\n\n<figure class=\"wp-block-image size-large\"><a href=\"https:\/\/conteudo.metarh.com.br\/trilhando\"><img decoding=\"async\" width=\"1024\" height=\"476\" src=\"https:\/\/metarh.com.br\/metarhnews\/wp-content\/uploads\/2025\/05\/Header-LP-1024x476.png\" alt=\"\" class=\"wp-image-16531\" srcset=\"https:\/\/metarh.com.br\/metarhnews\/wp-content\/uploads\/2025\/05\/Header-LP-1024x476.png 1024w, https:\/\/metarh.com.br\/metarhnews\/wp-content\/uploads\/2025\/05\/Header-LP-300x140.png 300w, https:\/\/metarh.com.br\/metarhnews\/wp-content\/uploads\/2025\/05\/Header-LP-768x357.png 768w, https:\/\/metarh.com.br\/metarhnews\/wp-content\/uploads\/2025\/05\/Header-LP-1536x714.png 1536w, https:\/\/metarh.com.br\/metarhnews\/wp-content\/uploads\/2025\/05\/Header-LP.png 1920w\" sizes=\"(max-width: 1024px) 100vw, 1024px\" \/><\/a><\/figure>\n\n\n\n<figure class=\"wp-block-embed is-type-wp-embed is-provider-metarh-news wp-block-embed-metarh-news\"><div class=\"wp-block-embed__wrapper\">\n<blockquote class=\"wp-embedded-content\" data-secret=\"GHEjkLpRKo\"><a href=\"https:\/\/metarh.com.br\/metarhnews\/carreira-y\/\">Carreira em Y: o que \u00e9 e por que ela pode ser ideal para voc\u00ea<\/a><\/blockquote><iframe class=\"wp-embedded-content\" sandbox=\"allow-scripts\" security=\"restricted\" style=\"position: absolute; visibility: hidden;\" title=\"&#8220;Carreira em Y: o que \u00e9 e por que ela pode ser ideal para voc\u00ea&#8221; &#8212; METARH +News\" src=\"https:\/\/metarh.com.br\/metarhnews\/carreira-y\/embed\/#?secret=LHUHpppwnL#?secret=GHEjkLpRKo\" data-secret=\"GHEjkLpRKo\" width=\"600\" height=\"338\" frameborder=\"0\" marginwidth=\"0\" marginheight=\"0\" scrolling=\"no\"><\/iframe>\n<\/div><\/figure>\n<div style=\"margin-top: 0px; margin-bottom: 0px;\" class=\"sharethis-inline-share-buttons\" ><\/div>","protected":false},"excerpt":{"rendered":"<p>O Dia Internacional da Luta contra a LGBT+fobia, celebrado em 17 de maio, \u00e9 uma data importante para as organiza\u00e7\u00f5es comprometidas em cultivar uma cultura organizacional inclusiva. Isso porque, mais do que um marco simb\u00f3lico, ela refor\u00e7a a urg\u00eancia em promover ambientes de trabalho seguros e acolhedores para todas as pessoas, independentemente de sua orienta\u00e7\u00e3o&#8230;<\/p>\n","protected":false},"author":4,"featured_media":16533,"comment_status":"open","ping_status":"open","sticky":false,"template":"","format":"standard","meta":{"_kadence_starter_templates_imported_post":false,"_kad_post_transparent":"","_kad_post_title":"","_kad_post_layout":"","_kad_post_sidebar_id":"","_kad_post_content_style":"","_kad_post_vertical_padding":"","_kad_post_feature":"","_kad_post_feature_position":"","_kad_post_header":false,"_kad_post_footer":false,"_kad_post_classname":"","footnotes":""},"categories":[162,164,150,2],"tags":[],"class_list":["post-16530","post","type-post","status-publish","format-standard","has-post-thumbnail","hentry","category-trilhando-mais","category-aprendizado-em-rh","category-dho","category-materias"],"yoast_head":"<!-- This site is optimized with the Yoast SEO Premium plugin v26.6 (Yoast SEO v27.5) - https:\/\/yoast.com\/product\/yoast-seo-premium-wordpress\/ -->\n<title>O papel do DHO na constru\u00e7\u00e3o da cultura organizacional inclusiva - METARH +News<\/title>\n<meta name=\"robots\" content=\"index, follow, max-snippet:-1, max-image-preview:large, max-video-preview:-1\" \/>\n<link rel=\"canonical\" href=\"https:\/\/metarh.com.br\/metarhnews\/o-papel-do-dho-na-construcao-da-cultura-organizacional-inclusiva\/\" \/>\n<meta property=\"og:locale\" content=\"pt_BR\" \/>\n<meta property=\"og:type\" content=\"article\" \/>\n<meta property=\"og:title\" content=\"O papel do DHO na constru\u00e7\u00e3o da cultura organizacional inclusiva\" \/>\n<meta property=\"og:description\" content=\"O Dia Internacional da Luta contra a LGBT+fobia, celebrado em 17 de maio, \u00e9 uma data importante para as organiza\u00e7\u00f5es comprometidas em cultivar uma cultura organizacional inclusiva. Isso porque, mais do que um marco simb\u00f3lico, ela refor\u00e7a a urg\u00eancia em promover ambientes de trabalho seguros e acolhedores para todas as pessoas, independentemente de sua orienta\u00e7\u00e3o...\" \/>\n<meta property=\"og:url\" content=\"https:\/\/metarh.com.br\/metarhnews\/o-papel-do-dho-na-construcao-da-cultura-organizacional-inclusiva\/\" \/>\n<meta property=\"og:site_name\" content=\"METARH +News\" \/>\n<meta property=\"article:publisher\" content=\"https:\/\/www.facebook.com\/metarhumana\" \/>\n<meta property=\"article:author\" content=\"https:\/\/www.facebook.com\/metarhconsultoria\" \/>\n<meta property=\"article:published_time\" content=\"2025-05-13T14:43:12+00:00\" \/>\n<meta property=\"article:modified_time\" content=\"2025-12-26T18:28:23+00:00\" \/>\n<meta property=\"og:image\" content=\"https:\/\/metarh.com.br\/metarhnews\/wp-content\/uploads\/2025\/05\/O-Papel-do-DHO.jpg\" \/>\n\t<meta property=\"og:image:width\" content=\"1060\" \/>\n\t<meta property=\"og:image:height\" content=\"700\" \/>\n\t<meta property=\"og:image:type\" content=\"image\/jpeg\" \/>\n<meta name=\"author\" content=\"METARH\" \/>\n<meta name=\"twitter:card\" content=\"summary_large_image\" \/>\n<meta name=\"twitter:creator\" content=\"@metarhumana\" \/>\n<meta name=\"twitter:site\" content=\"@metarhumana\" \/>\n<meta name=\"twitter:label1\" content=\"Escrito por\" \/>\n\t<meta name=\"twitter:data1\" content=\"METARH\" \/>\n\t<meta name=\"twitter:label2\" content=\"Est. tempo de leitura\" \/>\n\t<meta name=\"twitter:data2\" content=\"7 minutos\" \/>\n<script type=\"application\/ld+json\" class=\"yoast-schema-graph\">{\"@context\":\"https:\\\/\\\/schema.org\",\"@graph\":[{\"@type\":\"Article\",\"@id\":\"https:\\\/\\\/metarh.com.br\\\/metarhnews\\\/o-papel-do-dho-na-construcao-da-cultura-organizacional-inclusiva\\\/#article\",\"isPartOf\":{\"@id\":\"https:\\\/\\\/metarh.com.br\\\/metarhnews\\\/o-papel-do-dho-na-construcao-da-cultura-organizacional-inclusiva\\\/\"},\"author\":{\"name\":\"METARH\",\"@id\":\"https:\\\/\\\/metarh.com.br\\\/metarhnews\\\/#\\\/schema\\\/person\\\/930900bc40677695dc9df602ec0366d0\"},\"headline\":\"O papel do DHO na constru\u00e7\u00e3o da cultura organizacional inclusiva\",\"datePublished\":\"2025-05-13T14:43:12+00:00\",\"dateModified\":\"2025-12-26T18:28:23+00:00\",\"mainEntityOfPage\":{\"@id\":\"https:\\\/\\\/metarh.com.br\\\/metarhnews\\\/o-papel-do-dho-na-construcao-da-cultura-organizacional-inclusiva\\\/\"},\"wordCount\":1252,\"commentCount\":2,\"publisher\":{\"@id\":\"https:\\\/\\\/metarh.com.br\\\/metarhnews\\\/#organization\"},\"image\":{\"@id\":\"https:\\\/\\\/metarh.com.br\\\/metarhnews\\\/o-papel-do-dho-na-construcao-da-cultura-organizacional-inclusiva\\\/#primaryimage\"},\"thumbnailUrl\":\"https:\\\/\\\/metarh.com.br\\\/metarhnews\\\/wp-content\\\/uploads\\\/2025\\\/05\\\/O-Papel-do-DHO.jpg\",\"articleSection\":[\"6 \u2022 Trilhando +\",\"Aprendizado\",\"DHO\",\"Mat\u00e9rias\"],\"inLanguage\":\"pt-BR\",\"potentialAction\":[{\"@type\":\"CommentAction\",\"name\":\"Comment\",\"target\":[\"https:\\\/\\\/metarh.com.br\\\/metarhnews\\\/o-papel-do-dho-na-construcao-da-cultura-organizacional-inclusiva\\\/#respond\"]}],\"copyrightYear\":\"2025\",\"copyrightHolder\":{\"@id\":\"https:\\\/\\\/metarh.com.br\\\/metarhnews\\\/#organization\"}},{\"@type\":\"WebPage\",\"@id\":\"https:\\\/\\\/metarh.com.br\\\/metarhnews\\\/o-papel-do-dho-na-construcao-da-cultura-organizacional-inclusiva\\\/\",\"url\":\"https:\\\/\\\/metarh.com.br\\\/metarhnews\\\/o-papel-do-dho-na-construcao-da-cultura-organizacional-inclusiva\\\/\",\"name\":\"O papel do DHO na constru\u00e7\u00e3o da cultura organizacional inclusiva - METARH +News\",\"isPartOf\":{\"@id\":\"https:\\\/\\\/metarh.com.br\\\/metarhnews\\\/#website\"},\"primaryImageOfPage\":{\"@id\":\"https:\\\/\\\/metarh.com.br\\\/metarhnews\\\/o-papel-do-dho-na-construcao-da-cultura-organizacional-inclusiva\\\/#primaryimage\"},\"image\":{\"@id\":\"https:\\\/\\\/metarh.com.br\\\/metarhnews\\\/o-papel-do-dho-na-construcao-da-cultura-organizacional-inclusiva\\\/#primaryimage\"},\"thumbnailUrl\":\"https:\\\/\\\/metarh.com.br\\\/metarhnews\\\/wp-content\\\/uploads\\\/2025\\\/05\\\/O-Papel-do-DHO.jpg\",\"datePublished\":\"2025-05-13T14:43:12+00:00\",\"dateModified\":\"2025-12-26T18:28:23+00:00\",\"breadcrumb\":{\"@id\":\"https:\\\/\\\/metarh.com.br\\\/metarhnews\\\/o-papel-do-dho-na-construcao-da-cultura-organizacional-inclusiva\\\/#breadcrumb\"},\"inLanguage\":\"pt-BR\",\"potentialAction\":[{\"@type\":\"ReadAction\",\"target\":[\"https:\\\/\\\/metarh.com.br\\\/metarhnews\\\/o-papel-do-dho-na-construcao-da-cultura-organizacional-inclusiva\\\/\"]}]},{\"@type\":\"ImageObject\",\"inLanguage\":\"pt-BR\",\"@id\":\"https:\\\/\\\/metarh.com.br\\\/metarhnews\\\/o-papel-do-dho-na-construcao-da-cultura-organizacional-inclusiva\\\/#primaryimage\",\"url\":\"https:\\\/\\\/metarh.com.br\\\/metarhnews\\\/wp-content\\\/uploads\\\/2025\\\/05\\\/O-Papel-do-DHO.jpg\",\"contentUrl\":\"https:\\\/\\\/metarh.com.br\\\/metarhnews\\\/wp-content\\\/uploads\\\/2025\\\/05\\\/O-Papel-do-DHO.jpg\",\"width\":1060,\"height\":700},{\"@type\":\"BreadcrumbList\",\"@id\":\"https:\\\/\\\/metarh.com.br\\\/metarhnews\\\/o-papel-do-dho-na-construcao-da-cultura-organizacional-inclusiva\\\/#breadcrumb\",\"itemListElement\":[{\"@type\":\"ListItem\",\"position\":1,\"name\":\"In\u00edcio\",\"item\":\"https:\\\/\\\/metarh.com.br\\\/metarhnews\\\/\"},{\"@type\":\"ListItem\",\"position\":2,\"name\":\"O papel do DHO na constru\u00e7\u00e3o da cultura organizacional inclusiva\"}]},{\"@type\":\"WebSite\",\"@id\":\"https:\\\/\\\/metarh.com.br\\\/metarhnews\\\/#website\",\"url\":\"https:\\\/\\\/metarh.com.br\\\/metarhnews\\\/\",\"name\":\"METARH +News\",\"description\":\"Conte\u00fado focado em Gest\u00e3o de Pessoas\",\"publisher\":{\"@id\":\"https:\\\/\\\/metarh.com.br\\\/metarhnews\\\/#organization\"},\"potentialAction\":[{\"@type\":\"SearchAction\",\"target\":{\"@type\":\"EntryPoint\",\"urlTemplate\":\"https:\\\/\\\/metarh.com.br\\\/metarhnews\\\/?s={search_term_string}\"},\"query-input\":{\"@type\":\"PropertyValueSpecification\",\"valueRequired\":true,\"valueName\":\"search_term_string\"}}],\"inLanguage\":\"pt-BR\"},{\"@type\":\"Organization\",\"@id\":\"https:\\\/\\\/metarh.com.br\\\/metarhnews\\\/#organization\",\"name\":\"METARH +Humana\",\"url\":\"https:\\\/\\\/metarh.com.br\\\/metarhnews\\\/\",\"logo\":{\"@type\":\"ImageObject\",\"inLanguage\":\"pt-BR\",\"@id\":\"https:\\\/\\\/metarh.com.br\\\/metarhnews\\\/#\\\/schema\\\/logo\\\/image\\\/\",\"url\":\"https:\\\/\\\/metarh.com.br\\\/metarhnews\\\/wp-content\\\/uploads\\\/2025\\\/02\\\/METARH-Azul-Horizontal.png\",\"contentUrl\":\"https:\\\/\\\/metarh.com.br\\\/metarhnews\\\/wp-content\\\/uploads\\\/2025\\\/02\\\/METARH-Azul-Horizontal.png\",\"width\":1002,\"height\":303,\"caption\":\"METARH +Humana\"},\"image\":{\"@id\":\"https:\\\/\\\/metarh.com.br\\\/metarhnews\\\/#\\\/schema\\\/logo\\\/image\\\/\"},\"sameAs\":[\"https:\\\/\\\/www.facebook.com\\\/metarhumana\",\"https:\\\/\\\/x.com\\\/metarhumana\",\"https:\\\/\\\/www.instagram.com\\\/metarhumana\\\/\",\"https:\\\/\\\/www.youtube.com\\\/@metarhumana\"]},{\"@type\":\"Person\",\"@id\":\"https:\\\/\\\/metarh.com.br\\\/metarhnews\\\/#\\\/schema\\\/person\\\/930900bc40677695dc9df602ec0366d0\",\"name\":\"METARH\",\"image\":{\"@type\":\"ImageObject\",\"inLanguage\":\"pt-BR\",\"@id\":\"https:\\\/\\\/secure.gravatar.com\\\/avatar\\\/e03963382c9576f1c9989940c2d59ebc780df154afc76a079627bbbdb3dcefa1?s=96&d=mm&r=g\",\"url\":\"https:\\\/\\\/secure.gravatar.com\\\/avatar\\\/e03963382c9576f1c9989940c2d59ebc780df154afc76a079627bbbdb3dcefa1?s=96&d=mm&r=g\",\"contentUrl\":\"https:\\\/\\\/secure.gravatar.com\\\/avatar\\\/e03963382c9576f1c9989940c2d59ebc780df154afc76a079627bbbdb3dcefa1?s=96&d=mm&r=g\",\"caption\":\"METARH\"},\"description\":\"Somos uma consultoria de recursos humanos com mais de 40 anos de mercado, ajudando empresas como a sua a encontrarem o talento certo. Nossos processos s\u00e3o focados no sucesso dos clientes sem deixar de lado a experi\u00eancia positiva das pessoas candidatas.\",\"sameAs\":[\"http:\\\/\\\/www.metarh.com.br\",\"https:\\\/\\\/www.facebook.com\\\/metarhconsultoria\",\"https:\\\/\\\/www.instagram.com\\\/metarhconsultoria\\\/\",\"https:\\\/\\\/www.linkedin.com\\\/company\\\/metarhconsultoria\",\"http:\\\/\\\/youtube.com\\\/@metarhconsultoria\"],\"url\":\"https:\\\/\\\/metarh.com.br\\\/metarhnews\\\/author\\\/editorial-metarh\\\/\"}]}<\/script>\n<!-- \/ Yoast SEO Premium plugin. -->","yoast_head_json":{"title":"O papel do DHO na constru\u00e7\u00e3o da cultura organizacional inclusiva - METARH +News","robots":{"index":"index","follow":"follow","max-snippet":"max-snippet:-1","max-image-preview":"max-image-preview:large","max-video-preview":"max-video-preview:-1"},"canonical":"https:\/\/metarh.com.br\/metarhnews\/o-papel-do-dho-na-construcao-da-cultura-organizacional-inclusiva\/","og_locale":"pt_BR","og_type":"article","og_title":"O papel do DHO na constru\u00e7\u00e3o da cultura organizacional inclusiva","og_description":"O Dia Internacional da Luta contra a LGBT+fobia, celebrado em 17 de maio, \u00e9 uma data importante para as organiza\u00e7\u00f5es comprometidas em cultivar uma cultura organizacional inclusiva. Isso porque, mais do que um marco simb\u00f3lico, ela refor\u00e7a a urg\u00eancia em promover ambientes de trabalho seguros e acolhedores para todas as pessoas, independentemente de sua orienta\u00e7\u00e3o...","og_url":"https:\/\/metarh.com.br\/metarhnews\/o-papel-do-dho-na-construcao-da-cultura-organizacional-inclusiva\/","og_site_name":"METARH +News","article_publisher":"https:\/\/www.facebook.com\/metarhumana","article_author":"https:\/\/www.facebook.com\/metarhconsultoria","article_published_time":"2025-05-13T14:43:12+00:00","article_modified_time":"2025-12-26T18:28:23+00:00","og_image":[{"width":1060,"height":700,"url":"https:\/\/metarh.com.br\/metarhnews\/wp-content\/uploads\/2025\/05\/O-Papel-do-DHO.jpg","type":"image\/jpeg"}],"author":"METARH","twitter_card":"summary_large_image","twitter_creator":"@metarhumana","twitter_site":"@metarhumana","twitter_misc":{"Escrito por":"METARH","Est. tempo de leitura":"7 minutos"},"schema":{"@context":"https:\/\/schema.org","@graph":[{"@type":"Article","@id":"https:\/\/metarh.com.br\/metarhnews\/o-papel-do-dho-na-construcao-da-cultura-organizacional-inclusiva\/#article","isPartOf":{"@id":"https:\/\/metarh.com.br\/metarhnews\/o-papel-do-dho-na-construcao-da-cultura-organizacional-inclusiva\/"},"author":{"name":"METARH","@id":"https:\/\/metarh.com.br\/metarhnews\/#\/schema\/person\/930900bc40677695dc9df602ec0366d0"},"headline":"O papel do DHO na constru\u00e7\u00e3o da cultura organizacional inclusiva","datePublished":"2025-05-13T14:43:12+00:00","dateModified":"2025-12-26T18:28:23+00:00","mainEntityOfPage":{"@id":"https:\/\/metarh.com.br\/metarhnews\/o-papel-do-dho-na-construcao-da-cultura-organizacional-inclusiva\/"},"wordCount":1252,"commentCount":2,"publisher":{"@id":"https:\/\/metarh.com.br\/metarhnews\/#organization"},"image":{"@id":"https:\/\/metarh.com.br\/metarhnews\/o-papel-do-dho-na-construcao-da-cultura-organizacional-inclusiva\/#primaryimage"},"thumbnailUrl":"https:\/\/metarh.com.br\/metarhnews\/wp-content\/uploads\/2025\/05\/O-Papel-do-DHO.jpg","articleSection":["6 \u2022 Trilhando +","Aprendizado","DHO","Mat\u00e9rias"],"inLanguage":"pt-BR","potentialAction":[{"@type":"CommentAction","name":"Comment","target":["https:\/\/metarh.com.br\/metarhnews\/o-papel-do-dho-na-construcao-da-cultura-organizacional-inclusiva\/#respond"]}],"copyrightYear":"2025","copyrightHolder":{"@id":"https:\/\/metarh.com.br\/metarhnews\/#organization"}},{"@type":"WebPage","@id":"https:\/\/metarh.com.br\/metarhnews\/o-papel-do-dho-na-construcao-da-cultura-organizacional-inclusiva\/","url":"https:\/\/metarh.com.br\/metarhnews\/o-papel-do-dho-na-construcao-da-cultura-organizacional-inclusiva\/","name":"O papel do DHO na constru\u00e7\u00e3o da cultura organizacional inclusiva - METARH +News","isPartOf":{"@id":"https:\/\/metarh.com.br\/metarhnews\/#website"},"primaryImageOfPage":{"@id":"https:\/\/metarh.com.br\/metarhnews\/o-papel-do-dho-na-construcao-da-cultura-organizacional-inclusiva\/#primaryimage"},"image":{"@id":"https:\/\/metarh.com.br\/metarhnews\/o-papel-do-dho-na-construcao-da-cultura-organizacional-inclusiva\/#primaryimage"},"thumbnailUrl":"https:\/\/metarh.com.br\/metarhnews\/wp-content\/uploads\/2025\/05\/O-Papel-do-DHO.jpg","datePublished":"2025-05-13T14:43:12+00:00","dateModified":"2025-12-26T18:28:23+00:00","breadcrumb":{"@id":"https:\/\/metarh.com.br\/metarhnews\/o-papel-do-dho-na-construcao-da-cultura-organizacional-inclusiva\/#breadcrumb"},"inLanguage":"pt-BR","potentialAction":[{"@type":"ReadAction","target":["https:\/\/metarh.com.br\/metarhnews\/o-papel-do-dho-na-construcao-da-cultura-organizacional-inclusiva\/"]}]},{"@type":"ImageObject","inLanguage":"pt-BR","@id":"https:\/\/metarh.com.br\/metarhnews\/o-papel-do-dho-na-construcao-da-cultura-organizacional-inclusiva\/#primaryimage","url":"https:\/\/metarh.com.br\/metarhnews\/wp-content\/uploads\/2025\/05\/O-Papel-do-DHO.jpg","contentUrl":"https:\/\/metarh.com.br\/metarhnews\/wp-content\/uploads\/2025\/05\/O-Papel-do-DHO.jpg","width":1060,"height":700},{"@type":"BreadcrumbList","@id":"https:\/\/metarh.com.br\/metarhnews\/o-papel-do-dho-na-construcao-da-cultura-organizacional-inclusiva\/#breadcrumb","itemListElement":[{"@type":"ListItem","position":1,"name":"In\u00edcio","item":"https:\/\/metarh.com.br\/metarhnews\/"},{"@type":"ListItem","position":2,"name":"O papel do DHO na constru\u00e7\u00e3o da cultura organizacional inclusiva"}]},{"@type":"WebSite","@id":"https:\/\/metarh.com.br\/metarhnews\/#website","url":"https:\/\/metarh.com.br\/metarhnews\/","name":"METARH +News","description":"Conte\u00fado focado em Gest\u00e3o de Pessoas","publisher":{"@id":"https:\/\/metarh.com.br\/metarhnews\/#organization"},"potentialAction":[{"@type":"SearchAction","target":{"@type":"EntryPoint","urlTemplate":"https:\/\/metarh.com.br\/metarhnews\/?s={search_term_string}"},"query-input":{"@type":"PropertyValueSpecification","valueRequired":true,"valueName":"search_term_string"}}],"inLanguage":"pt-BR"},{"@type":"Organization","@id":"https:\/\/metarh.com.br\/metarhnews\/#organization","name":"METARH +Humana","url":"https:\/\/metarh.com.br\/metarhnews\/","logo":{"@type":"ImageObject","inLanguage":"pt-BR","@id":"https:\/\/metarh.com.br\/metarhnews\/#\/schema\/logo\/image\/","url":"https:\/\/metarh.com.br\/metarhnews\/wp-content\/uploads\/2025\/02\/METARH-Azul-Horizontal.png","contentUrl":"https:\/\/metarh.com.br\/metarhnews\/wp-content\/uploads\/2025\/02\/METARH-Azul-Horizontal.png","width":1002,"height":303,"caption":"METARH +Humana"},"image":{"@id":"https:\/\/metarh.com.br\/metarhnews\/#\/schema\/logo\/image\/"},"sameAs":["https:\/\/www.facebook.com\/metarhumana","https:\/\/x.com\/metarhumana","https:\/\/www.instagram.com\/metarhumana\/","https:\/\/www.youtube.com\/@metarhumana"]},{"@type":"Person","@id":"https:\/\/metarh.com.br\/metarhnews\/#\/schema\/person\/930900bc40677695dc9df602ec0366d0","name":"METARH","image":{"@type":"ImageObject","inLanguage":"pt-BR","@id":"https:\/\/secure.gravatar.com\/avatar\/e03963382c9576f1c9989940c2d59ebc780df154afc76a079627bbbdb3dcefa1?s=96&d=mm&r=g","url":"https:\/\/secure.gravatar.com\/avatar\/e03963382c9576f1c9989940c2d59ebc780df154afc76a079627bbbdb3dcefa1?s=96&d=mm&r=g","contentUrl":"https:\/\/secure.gravatar.com\/avatar\/e03963382c9576f1c9989940c2d59ebc780df154afc76a079627bbbdb3dcefa1?s=96&d=mm&r=g","caption":"METARH"},"description":"Somos uma consultoria de recursos humanos com mais de 40 anos de mercado, ajudando empresas como a sua a encontrarem o talento certo. Nossos processos s\u00e3o focados no sucesso dos clientes sem deixar de lado a experi\u00eancia positiva das pessoas candidatas.","sameAs":["http:\/\/www.metarh.com.br","https:\/\/www.facebook.com\/metarhconsultoria","https:\/\/www.instagram.com\/metarhconsultoria\/","https:\/\/www.linkedin.com\/company\/metarhconsultoria","http:\/\/youtube.com\/@metarhconsultoria"],"url":"https:\/\/metarh.com.br\/metarhnews\/author\/editorial-metarh\/"}]}},"_links":{"self":[{"href":"https:\/\/metarh.com.br\/metarhnews\/wp-json\/wp\/v2\/posts\/16530","targetHints":{"allow":["GET"]}}],"collection":[{"href":"https:\/\/metarh.com.br\/metarhnews\/wp-json\/wp\/v2\/posts"}],"about":[{"href":"https:\/\/metarh.com.br\/metarhnews\/wp-json\/wp\/v2\/types\/post"}],"author":[{"embeddable":true,"href":"https:\/\/metarh.com.br\/metarhnews\/wp-json\/wp\/v2\/users\/4"}],"replies":[{"embeddable":true,"href":"https:\/\/metarh.com.br\/metarhnews\/wp-json\/wp\/v2\/comments?post=16530"}],"version-history":[{"count":4,"href":"https:\/\/metarh.com.br\/metarhnews\/wp-json\/wp\/v2\/posts\/16530\/revisions"}],"predecessor-version":[{"id":16987,"href":"https:\/\/metarh.com.br\/metarhnews\/wp-json\/wp\/v2\/posts\/16530\/revisions\/16987"}],"wp:featuredmedia":[{"embeddable":true,"href":"https:\/\/metarh.com.br\/metarhnews\/wp-json\/wp\/v2\/media\/16533"}],"wp:attachment":[{"href":"https:\/\/metarh.com.br\/metarhnews\/wp-json\/wp\/v2\/media?parent=16530"}],"wp:term":[{"taxonomy":"category","embeddable":true,"href":"https:\/\/metarh.com.br\/metarhnews\/wp-json\/wp\/v2\/categories?post=16530"},{"taxonomy":"post_tag","embeddable":true,"href":"https:\/\/metarh.com.br\/metarhnews\/wp-json\/wp\/v2\/tags?post=16530"}],"curies":[{"name":"wp","href":"https:\/\/api.w.org\/{rel}","templated":true}]}}