{"id":16646,"date":"2025-09-01T09:12:30","date_gmt":"2025-09-01T12:12:30","guid":{"rendered":"https:\/\/metarh.com.br\/metarhnews\/?p=16646"},"modified":"2025-12-16T15:43:29","modified_gmt":"2025-12-16T18:43:29","slug":"carreira-y","status":"publish","type":"post","link":"https:\/\/metarh.com.br\/metarhnews\/carreira-y\/","title":{"rendered":"Carreira em Y: o que \u00e9 e por que ela pode ser ideal para voc\u00ea"},"content":{"rendered":"\n<p>Nem todo crescimento profissional precisa, necessariamente, levar a um cargo de lideran\u00e7a. Nesse contexto, o modelo de carreira em Y surge como uma alternativa estrat\u00e9gica para quem deseja evoluir sem abrir m\u00e3o da especializa\u00e7\u00e3o t\u00e9cnica.<\/p>\n\n\n\n<p>Ao longo deste artigo, voc\u00ea vai entender como funciona a carreira em Y, quais caminhos ela oferece e por que esse modelo pode ser uma escolha vantajosa para o seu desenvolvimento profissional.<\/p>\n\n\n\n<h3 class=\"wp-block-heading\">O que voc\u00ea vai ver neste artigo:<\/h3>\n\n\n\n<ul class=\"wp-block-list\">\n<li>O que \u00e9 a carreira em Y e como ela funciona;<\/li>\n\n\n\n<li>As diferen\u00e7as entre o caminho t\u00e9cnico e o caminho de lideran\u00e7a;<\/li>\n\n\n\n<li>Por que esse modelo pode ampliar oportunidades de crescimento e reconhecimento profissional.<\/li>\n<\/ul>\n\n\n\n<h2 class=\"wp-block-heading\" id=\"h-o-que-e-carreira-em-y\"><strong><font dir=\"auto\" style=\"vertical-align: inherit;\"><font dir=\"auto\" style=\"vertical-align: inherit;\">O que \u00e9 carreira em Y?<\/font><\/font><\/strong><\/h2>\n\n\n\n<p>Para entender o que \u00e9 a carreira em Y, \u00e9 preciso dar um passo para tr\u00e1s e relembrar o modelo tradicional de gest\u00e3o de carreira.<\/p>\n\n\n\n<h6 class=\"wp-block-heading\" id=\"h-o-modelo-tradicional-de-crescimento-profissional\">O modelo tradicional de crescimento profissional<\/h6>\n\n\n\n<p>Durante muito tempo, o crescimento profissional esteve atrelado, quase exclusivamente, \u00e0 ascens\u00e3o hier\u00e1rquica. Ou seja: para progredir em uma empresa, era preciso mirar cargos de <a href=\"https:\/\/metarh.com.br\/metarhnews\/lideranca-geracaoz\/\" target=\"_blank\" rel=\"noreferrer noopener\">lideran\u00e7a<\/a>, mesmo que a pessoa n\u00e3o tivesse interesse ou perfil para a gest\u00e3o de pessoas.<\/p>\n\n\n\n<h6 class=\"wp-block-heading\" id=\"h-por-que-o-modelo-unico-deixou-de-funcionar\">Por que o modelo \u00fanico deixou de funcionar <\/h6>\n\n\n\n<p>Aos poucos, por\u00e9m, ficou evidente que esse caminho \u00fanico n\u00e3o contemplava a diversidade de talentos e interesses presentes no mercado de trabalho. Essa percep\u00e7\u00e3o ganhou ainda mais for\u00e7a nos \u00faltimos dois anos, com muitos jovens da Gera\u00e7\u00e3o Z deixando claro que <a href=\"https:\/\/oglobo.globo.com\/economia\/noticia\/2024\/10\/01\/muito-estresse-pouca-recompensa-maioria-dos-jovens-da-geracao-z-nao-quer-ser-chefe-mostra-estudo.ghtml\" target=\"_blank\" rel=\"noreferrer noopener\">n\u00e3o desejam ocupar posi\u00e7\u00f5es de chefia<\/a>.<\/p>\n\n\n\n<h6 class=\"wp-block-heading\" id=\"h-a-origem-e-a-proposta-da-carreira-em-y\"><strong>A origem e a proposta da carreira em Y<\/strong><\/h6>\n\n\n\n<p>Foi para oferecer uma alternativa a esse modelo que surgiu a carreira em Y. Como o pr\u00f3prio formato da letra indica, ela representa uma bifurca\u00e7\u00e3o, onde \u00e9 poss\u00edvel seguir um dos dois caminhos a partir de determinado ponto da trajet\u00f3ria:<\/p>\n\n\n\n<ul class=\"wp-block-list\">\n<li>Um deles \u00e9 focado na lideran\u00e7a de pessoas, gest\u00e3o de projetos e tomadas de decis\u00f5es estrat\u00e9gicas;<\/li>\n\n\n\n<li>Enquanto o outro segue pela especializa\u00e7\u00e3o t\u00e9cnica, permitindo aprofundar conhecimentos e tornar-se refer\u00eancia em uma \u00e1rea espec\u00edfica.<\/li>\n<\/ul>\n\n\n\n<p>Dessa forma, a carreira em Y garante que diferentes perfis de talentos encontrem espa\u00e7o para crescer de forma coerente com seus interesses, habilidades e <a href=\"https:\/\/metarh.com.br\/metarhnews\/objetivos-profissionais\/\" target=\"_blank\" rel=\"noreferrer noopener\">objetivos profissionais<\/a>.<\/p>\n\n\n\n<figure class=\"wp-block-image size-large\"><a href=\"https:\/\/metarh.com.br\/\" target=\"_blank\" rel=\"noreferrer noopener\"><img fetchpriority=\"high\" decoding=\"async\" width=\"1024\" height=\"299\" src=\"https:\/\/metarh.com.br\/metarhnews\/wp-content\/uploads\/2025\/09\/Banner-02-Selecty-1024x299.jpg\" alt=\"\" class=\"wp-image-16647\" srcset=\"https:\/\/metarh.com.br\/metarhnews\/wp-content\/uploads\/2025\/09\/Banner-02-Selecty-1024x299.jpg 1024w, https:\/\/metarh.com.br\/metarhnews\/wp-content\/uploads\/2025\/09\/Banner-02-Selecty-300x88.jpg 300w, https:\/\/metarh.com.br\/metarhnews\/wp-content\/uploads\/2025\/09\/Banner-02-Selecty-768x224.jpg 768w, https:\/\/metarh.com.br\/metarhnews\/wp-content\/uploads\/2025\/09\/Banner-02-Selecty-1536x448.jpg 1536w, https:\/\/metarh.com.br\/metarhnews\/wp-content\/uploads\/2025\/09\/Banner-02-Selecty-2048x598.jpg 2048w\" sizes=\"(max-width: 1024px) 100vw, 1024px\" \/><\/a><\/figure>\n\n\n\n<h2 class=\"wp-block-heading\" id=\"h-como-a-carreira-em-y-funciona-na-pratica\"><strong>Como a carreira em Y funciona na pr\u00e1tica?<\/strong><\/h2>\n\n\n\n<p>Agora que voc\u00ea j\u00e1 conhece o conceito geral, imagine que entrou em uma empresa que oferece um plano de carreira em Y.<\/p>\n\n\n\n<p>Ao come\u00e7ar l\u00e1, seu desenvolvimento ser\u00e1 focado em adquirir uma base s\u00f3lida de conhecimentos e habilidades, independentemente da trilha que voc\u00ea escolher\u00e1 no futuro.\u00a0Por\u00e9m, conforme voc\u00ea for crescendo profissionalmente, chegar\u00e1 um ponto em que precisar\u00e1 decidir qual caminho seguir: a trilha da lideran\u00e7a ou a trilha t\u00e9cnica.<\/p>\n\n\n\n<p>Essa escolha \u00e9 importante porque determinar\u00e1 o tipo de desafios, responsabilidades e compet\u00eancias que voc\u00ea desenvolver\u00e1 a partir dali.&nbsp;<\/p>\n\n\n\n<p>Mas adiantamos desde j\u00e1: ambos os caminhos oferecem oportunidades reais de crescimento, reconhecimento e valoriza\u00e7\u00e3o, alinhados ao seu perfil e aspira\u00e7\u00f5es.<\/p>\n\n\n\n<p>Para te ajudar a entender melhor como funciona cada uma dessas trilhas, vamos detalh\u00e1-las a seguir:<\/p>\n\n\n\n<h6 class=\"wp-block-heading\" id=\"h-trilha-de-lideranca\"><strong>Trilha de lideran\u00e7a<\/strong><\/h6>\n\n\n\n<p>Se, ao longo da sua trajet\u00f3ria, for identificado interesse e facilidade para coordenar pessoas, tomar decis\u00f5es estrat\u00e9gicas e inspirar equipes, a trilha de lideran\u00e7a pode ser a escolha ideal para voc\u00ea.<\/p>\n\n\n\n<p>Ao optar por ela, seu plano de desenvolvimento individual (PDI) ser\u00e1 focado na aquisi\u00e7\u00e3o ou aprimoramento de habilidades como:<\/p>\n\n\n\n<ul class=\"wp-block-list\">\n<li>Comunica\u00e7\u00e3o eficaz;<\/li>\n\n\n\n<li>Intelig\u00eancia emocional;<\/li>\n\n\n\n<li>Tomada de decis\u00e3o estrat\u00e9gica;<\/li>\n\n\n\n<li>Gest\u00e3o de conflitos;<\/li>\n\n\n\n<li>Motiva\u00e7\u00e3o e desenvolvimento de pessoas;<\/li>\n\n\n\n<li>Vis\u00e3o sist\u00eamica;<\/li>\n\n\n\n<li>Gest\u00e3o de projetos.<\/li>\n<\/ul>\n\n\n\n<p>Conforme voc\u00ea avan\u00e7a, poder\u00e1 assumir cargos como <strong>coordenador, gerente, diretor e outras posi\u00e7\u00f5es de lideran\u00e7a<\/strong>, ampliando sua influ\u00eancia e o impacto que tem dentro da organiza\u00e7\u00e3o.<\/p>\n\n\n\n<h6 class=\"wp-block-heading\" id=\"h-trilha-de-tecnica\"><strong>Trilha de t\u00e9cnica<\/strong><\/h6>\n\n\n\n<p>A trilha t\u00e9cnica, por sua vez, \u00e9 feita para quem prefere se aprofundar em conhecimentos especializados e atuar como refer\u00eancia dentro da sua \u00e1rea de atua\u00e7\u00e3o.&nbsp;<\/p>\n\n\n\n<p>Ao seguir por ela, o plano de desenvolvimento individual (PDI) ser\u00e1 direcionado para aprimorar compet\u00eancias como:<\/p>\n\n\n\n<ul class=\"wp-block-list\">\n<li>Conhecimento t\u00e9cnico avan\u00e7ado na respectiva \u00e1rea;<\/li>\n\n\n\n<li>Atualiza\u00e7\u00e3o constante sobre tecnologias e metodologias;<\/li>\n\n\n\n<li>Capacidade anal\u00edtica e resolu\u00e7\u00e3o de problemas complexos;<\/li>\n\n\n\n<li>Inova\u00e7\u00e3o e pensamento criativo;<\/li>\n\n\n\n<li>Comunica\u00e7\u00e3o clara e objetiva em temas t\u00e9cnicos;<\/li>\n\n\n\n<li>Trabalho colaborativo em equipes multidisciplinares.<\/li>\n<\/ul>\n\n\n\n<p>Em resumo, profissionais que seguem essa rota podem se <strong>tornar especialistas, consultores, analistas seniores ou at\u00e9 l\u00edderes t\u00e9cnicos<\/strong>, que orientam e apoiam equipes, mas sem a responsabilidade direta pela gest\u00e3o de pessoas.<\/p>\n\n\n\n<h2 class=\"wp-block-heading\" id=\"h-quais-as-vantagens-que-a-carreira-em-y-proporciona\"><strong>Quais as vantagens que a carreira em Y proporciona?<\/strong><\/h2>\n\n\n\n<p>Talvez voc\u00ea j\u00e1 tenha conseguido captar alguns dos benef\u00edcios que a carreira em Y oferece. Mas vale destacar com mais clareza por que esse modelo pode ser t\u00e3o vantajoso para profissionais e organiza\u00e7\u00f5es.<\/p>\n\n\n\n<h6 class=\"wp-block-heading\" id=\"h-beneficios-da-carreira-em-y-para-as-empresas\">Benef\u00edcios da carreira em Y para as empresas<\/h6>\n\n\n\n<p>Para as empresas, oferecer um plano de carreira em Y pode resultar em:<\/p>\n\n\n\n<ul class=\"wp-block-list\">\n<li><strong>Aumento do engajamento e da produtividade<\/strong>, uma vez que pessoas<strong> <\/strong>colaboradoras que seguem caminhos alinhados ao seu perfil tendem a entregar mais valor;<\/li>\n\n\n\n<li><strong>Maior reten\u00e7\u00e3o de talentos<\/strong>, pois diferentes perfis s\u00e3o valorizados e conseguem enxergar oportunidades reais de crescimento na organiza\u00e7\u00e3o;<\/li>\n\n\n\n<li><strong>Aproveitamento mais estrat\u00e9gico das compet\u00eancias<\/strong>, afinal, tanto l\u00edderes quanto especialistas contribuem de forma complementar para os objetivos do neg\u00f3cio;<\/li>\n\n\n\n<li><strong>Redu\u00e7\u00e3o de erros em <\/strong><a href=\"https:\/\/metarh.com.br\/metarhnews\/promocao-trabalho\/\" target=\"_blank\" rel=\"noreferrer noopener\"><strong>promo\u00e7\u00f5es<\/strong><\/a>, j\u00e1 que evita que pessoas sejam colocadas em cargos de gest\u00e3o mesmo sem preparo ou interesse.<\/li>\n<\/ul>\n\n\n\n<h6 class=\"wp-block-heading\" id=\"h-beneficios-da-carreira-em-y-para-os-profissionais\"><strong>Benef\u00edcios da carreira em Y para os profissionais<\/strong><\/h6>\n\n\n\n<p>J\u00e1 para voc\u00ea, talento, ter acesso a esse modelo proporciona:<\/p>\n\n\n\n<ul class=\"wp-block-list\">\n<li><strong>Mais autonomia sobre a pr\u00f3pria jornada<\/strong>, j\u00e1 que \u00e9 poss\u00edvel crescer sem abrir m\u00e3o daquilo que realmente faz sentido para seus interesses e habilidades;<\/li>\n\n\n\n<li><strong>Clareza nos pr\u00f3ximos passos da carreira<\/strong>, uma vez que o modelo em Y oferece caminhos bem definidos e estruturados para o desenvolvimento cont\u00ednuo;<\/li>\n\n\n\n<li><strong>Reconhecimento sem a press\u00e3o para virar l\u00edder<\/strong>, afinal,<strong> <\/strong>a valoriza\u00e7\u00e3o do especialista tamb\u00e9m ganha espa\u00e7o e visibilidade;<\/li>\n\n\n\n<li><strong>Mais satisfa\u00e7\u00e3o e prop\u00f3sito no trabalho<\/strong>,<strong> <\/strong>pois, ao atuar de forma coerente com o pr\u00f3prio perfil, a tend\u00eancia \u00e9 se sentir mais motivado e realizado.<\/li>\n<\/ul>\n\n\n\n<h6 class=\"wp-block-heading\" id=\"h-por-que-a-carreira-em-y-e-um-modelo-de-ganho-mutuo\"><strong>Por que a carreira em Y \u00e9 um modelo de ganho m\u00fatuo<\/strong><\/h6>\n\n\n\n<p>Viu s\u00f3 como a carreira em Y cria uma rela\u00e7\u00e3o de ganho m\u00fatuo entre organiza\u00e7\u00f5es e profissionais?<\/p>\n\n\n\n<p>Enquanto as empresas conquistam equipes mais engajadas, produtivas e alinhadas \u00e0s suas estrat\u00e9gias, seus talentos encontram caminhos que respeitam suas particularidades e potencializam sua evolu\u00e7\u00e3o.<\/p>\n\n\n\n<figure class=\"wp-block-image size-large\"><a href=\"http:\/\/metarh.selecty.com.br\/\" target=\"_blank\" rel=\"noreferrer noopener\"><img decoding=\"async\" width=\"1024\" height=\"299\" src=\"https:\/\/metarh.com.br\/metarhnews\/wp-content\/uploads\/2025\/08\/Banner-Principal-Selecty-1024x299.jpg\" alt=\"\" class=\"wp-image-16610\" srcset=\"https:\/\/metarh.com.br\/metarhnews\/wp-content\/uploads\/2025\/08\/Banner-Principal-Selecty-1024x299.jpg 1024w, https:\/\/metarh.com.br\/metarhnews\/wp-content\/uploads\/2025\/08\/Banner-Principal-Selecty-300x88.jpg 300w, https:\/\/metarh.com.br\/metarhnews\/wp-content\/uploads\/2025\/08\/Banner-Principal-Selecty-768x224.jpg 768w, https:\/\/metarh.com.br\/metarhnews\/wp-content\/uploads\/2025\/08\/Banner-Principal-Selecty-1536x448.jpg 1536w, https:\/\/metarh.com.br\/metarhnews\/wp-content\/uploads\/2025\/08\/Banner-Principal-Selecty.jpg 1920w\" sizes=\"(max-width: 1024px) 100vw, 1024px\" \/><\/a><\/figure>\n\n\n\n<h5 class=\"wp-block-heading\" id=\"h-carreira-em-y-consideracoes-finais\"><strong>Carreira em Y: considera\u00e7\u00f5es finais<\/strong><\/h5>\n\n\n\n<p>Resumindo o que vimos at\u00e9 aqui, a carreira em Y surge como uma resposta moderna e inteligente \u00e0 diversidade de perfis e interesses que existem no mercado de trabalho.<\/p>\n\n\n\n<p>Ela rompe com a ideia de que s\u00f3 \u00e9 poss\u00edvel crescer assumindo cargos de lideran\u00e7a e oferece dois caminhos igualmente importantes para o sucesso das empresas: a trilha voltada \u00e0 gest\u00e3o de pessoas e projetos, e a trilha focada no aprofundamento t\u00e9cnico.<\/p>\n\n\n\n<p>Ao adotar esse modelo, as organiza\u00e7\u00f5es fortalecem sua cultura e ampliam o potencial de suas equipes. J\u00e1 para os profissionais, trata-se de uma oportunidade real de crescimento com mais liberdade, clareza e prop\u00f3sito.<\/p>\n\n\n\n<p>Se voc\u00ea est\u00e1 em busca de uma jornada mais alinhada com quem voc\u00ea \u00e9, com mais possibilidades de desenvolvimento e reconhecimento, a carreira em Y pode ser o que faltava para transformar seu futuro profissional.<\/p>\n\n\n\n<p>Que tal, ent\u00e3o, encontrar uma empresa que valorize esse caminho? Confira <a href=\"https:\/\/metarh.selecty.com.br\/\" target=\"_blank\" rel=\"noreferrer noopener\">nossas vagas<\/a> e descubra novas oportunidades para crescer rumo aos seus objetivos, seja como l\u00edder ou como especialista!<\/p>\n<div style=\"margin-top: 0px; margin-bottom: 0px;\" class=\"sharethis-inline-share-buttons\" ><\/div>","protected":false},"excerpt":{"rendered":"<p>Nem todo crescimento profissional precisa, necessariamente, levar a um cargo de lideran\u00e7a. Nesse contexto, o modelo de carreira em Y surge como uma alternativa estrat\u00e9gica para quem deseja evoluir sem abrir m\u00e3o da especializa\u00e7\u00e3o t\u00e9cnica. Ao longo deste artigo, voc\u00ea vai entender como funciona a carreira em Y, quais caminhos ela oferece e por que&#8230;<\/p>\n","protected":false},"author":4,"featured_media":16648,"comment_status":"open","ping_status":"open","sticky":false,"template":"","format":"standard","meta":{"_kadence_starter_templates_imported_post":false,"_kad_post_transparent":"","_kad_post_title":"","_kad_post_layout":"","_kad_post_sidebar_id":"","_kad_post_content_style":"","_kad_post_vertical_padding":"","_kad_post_feature":"","_kad_post_feature_position":"","_kad_post_header":false,"_kad_post_footer":false,"_kad_post_classname":"","footnotes":""},"categories":[145,166,163,150,2],"tags":[136],"class_list":["post-16646","post","type-post","status-publish","format-standard","has-post-thumbnail","hentry","category-carreira","category-consultoria","category-descoberta-de-conteudos-de-rh","category-dho","category-materias","tag-carreira"],"yoast_head":"<!-- This site is optimized with the Yoast SEO Premium plugin v26.6 (Yoast SEO v27.5) - https:\/\/yoast.com\/product\/yoast-seo-premium-wordpress\/ -->\n<title>Carreira em Y: o que \u00e9 e por que ela pode ser ideal para voc\u00ea<\/title>\n<meta name=\"description\" content=\"Descubra o que \u00e9 a carreira em Y, como ela funciona e por que pode ser a escolha ideal para o seu desenvolvimento profissional.\" \/>\n<meta name=\"robots\" content=\"index, follow, max-snippet:-1, max-image-preview:large, max-video-preview:-1\" \/>\n<link rel=\"canonical\" href=\"https:\/\/metarh.com.br\/metarhnews\/carreira-y\/\" \/>\n<meta property=\"og:locale\" content=\"pt_BR\" \/>\n<meta property=\"og:type\" content=\"article\" \/>\n<meta property=\"og:title\" content=\"Carreira em Y: o que \u00e9 e por que ela pode ser ideal para voc\u00ea\" \/>\n<meta property=\"og:description\" content=\"Descubra o que \u00e9 a carreira em Y, como ela funciona e por que pode ser a escolha ideal para o seu desenvolvimento profissional.\" \/>\n<meta property=\"og:url\" content=\"https:\/\/metarh.com.br\/metarhnews\/carreira-y\/\" \/>\n<meta property=\"og:site_name\" content=\"METARH +News\" \/>\n<meta property=\"article:publisher\" content=\"https:\/\/www.facebook.com\/metarhumana\" \/>\n<meta property=\"article:author\" content=\"https:\/\/www.facebook.com\/metarhconsultoria\" \/>\n<meta property=\"article:published_time\" content=\"2025-09-01T12:12:30+00:00\" \/>\n<meta property=\"article:modified_time\" content=\"2025-12-16T18:43:29+00:00\" \/>\n<meta property=\"og:image\" content=\"https:\/\/metarh.com.br\/metarhnews\/wp-content\/uploads\/2025\/09\/Carreira-em-Y.jpg\" \/>\n\t<meta property=\"og:image:width\" content=\"1060\" \/>\n\t<meta property=\"og:image:height\" content=\"700\" \/>\n\t<meta property=\"og:image:type\" content=\"image\/jpeg\" \/>\n<meta name=\"author\" content=\"METARH\" \/>\n<meta name=\"twitter:card\" content=\"summary_large_image\" \/>\n<meta name=\"twitter:creator\" content=\"@metarhumana\" \/>\n<meta name=\"twitter:site\" content=\"@metarhumana\" \/>\n<meta name=\"twitter:label1\" content=\"Escrito por\" \/>\n\t<meta name=\"twitter:data1\" content=\"METARH\" \/>\n\t<meta name=\"twitter:label2\" content=\"Est. tempo de leitura\" \/>\n\t<meta name=\"twitter:data2\" content=\"8 minutos\" \/>\n<script type=\"application\/ld+json\" class=\"yoast-schema-graph\">{\"@context\":\"https:\\\/\\\/schema.org\",\"@graph\":[{\"@type\":\"Article\",\"@id\":\"https:\\\/\\\/metarh.com.br\\\/metarhnews\\\/carreira-y\\\/#article\",\"isPartOf\":{\"@id\":\"https:\\\/\\\/metarh.com.br\\\/metarhnews\\\/carreira-y\\\/\"},\"author\":{\"name\":\"METARH\",\"@id\":\"https:\\\/\\\/metarh.com.br\\\/metarhnews\\\/#\\\/schema\\\/person\\\/930900bc40677695dc9df602ec0366d0\"},\"headline\":\"Carreira em Y: o que \u00e9 e por que ela pode ser ideal para voc\u00ea\",\"datePublished\":\"2025-09-01T12:12:30+00:00\",\"dateModified\":\"2025-12-16T18:43:29+00:00\",\"mainEntityOfPage\":{\"@id\":\"https:\\\/\\\/metarh.com.br\\\/metarhnews\\\/carreira-y\\\/\"},\"wordCount\":1297,\"commentCount\":0,\"publisher\":{\"@id\":\"https:\\\/\\\/metarh.com.br\\\/metarhnews\\\/#organization\"},\"image\":{\"@id\":\"https:\\\/\\\/metarh.com.br\\\/metarhnews\\\/carreira-y\\\/#primaryimage\"},\"thumbnailUrl\":\"https:\\\/\\\/metarh.com.br\\\/metarhnews\\\/wp-content\\\/uploads\\\/2025\\\/09\\\/Carreira-em-Y.jpg\",\"keywords\":[\"Carreira\"],\"articleSection\":[\"Carreira\",\"Consultoria\",\"Descoberta\",\"DHO\",\"Mat\u00e9rias\"],\"inLanguage\":\"pt-BR\",\"potentialAction\":[{\"@type\":\"CommentAction\",\"name\":\"Comment\",\"target\":[\"https:\\\/\\\/metarh.com.br\\\/metarhnews\\\/carreira-y\\\/#respond\"]}],\"copyrightYear\":\"2025\",\"copyrightHolder\":{\"@id\":\"https:\\\/\\\/metarh.com.br\\\/metarhnews\\\/#organization\"}},{\"@type\":\"WebPage\",\"@id\":\"https:\\\/\\\/metarh.com.br\\\/metarhnews\\\/carreira-y\\\/\",\"url\":\"https:\\\/\\\/metarh.com.br\\\/metarhnews\\\/carreira-y\\\/\",\"name\":\"Carreira em Y: o que \u00e9 e por que ela pode ser ideal para voc\u00ea\",\"isPartOf\":{\"@id\":\"https:\\\/\\\/metarh.com.br\\\/metarhnews\\\/#website\"},\"primaryImageOfPage\":{\"@id\":\"https:\\\/\\\/metarh.com.br\\\/metarhnews\\\/carreira-y\\\/#primaryimage\"},\"image\":{\"@id\":\"https:\\\/\\\/metarh.com.br\\\/metarhnews\\\/carreira-y\\\/#primaryimage\"},\"thumbnailUrl\":\"https:\\\/\\\/metarh.com.br\\\/metarhnews\\\/wp-content\\\/uploads\\\/2025\\\/09\\\/Carreira-em-Y.jpg\",\"datePublished\":\"2025-09-01T12:12:30+00:00\",\"dateModified\":\"2025-12-16T18:43:29+00:00\",\"description\":\"Descubra o que \u00e9 a carreira em Y, como ela funciona e por que pode ser a escolha ideal para o seu desenvolvimento profissional.\",\"breadcrumb\":{\"@id\":\"https:\\\/\\\/metarh.com.br\\\/metarhnews\\\/carreira-y\\\/#breadcrumb\"},\"inLanguage\":\"pt-BR\",\"potentialAction\":[{\"@type\":\"ReadAction\",\"target\":[\"https:\\\/\\\/metarh.com.br\\\/metarhnews\\\/carreira-y\\\/\"]}]},{\"@type\":\"ImageObject\",\"inLanguage\":\"pt-BR\",\"@id\":\"https:\\\/\\\/metarh.com.br\\\/metarhnews\\\/carreira-y\\\/#primaryimage\",\"url\":\"https:\\\/\\\/metarh.com.br\\\/metarhnews\\\/wp-content\\\/uploads\\\/2025\\\/09\\\/Carreira-em-Y.jpg\",\"contentUrl\":\"https:\\\/\\\/metarh.com.br\\\/metarhnews\\\/wp-content\\\/uploads\\\/2025\\\/09\\\/Carreira-em-Y.jpg\",\"width\":1060,\"height\":700,\"caption\":\"Carreira em Y: o que \u00e9 e por que ela pode ser ideal para voc\u00ea\"},{\"@type\":\"BreadcrumbList\",\"@id\":\"https:\\\/\\\/metarh.com.br\\\/metarhnews\\\/carreira-y\\\/#breadcrumb\",\"itemListElement\":[{\"@type\":\"ListItem\",\"position\":1,\"name\":\"In\u00edcio\",\"item\":\"https:\\\/\\\/metarh.com.br\\\/metarhnews\\\/\"},{\"@type\":\"ListItem\",\"position\":2,\"name\":\"Carreira em Y: o que \u00e9 e por que ela pode ser ideal para voc\u00ea\"}]},{\"@type\":\"WebSite\",\"@id\":\"https:\\\/\\\/metarh.com.br\\\/metarhnews\\\/#website\",\"url\":\"https:\\\/\\\/metarh.com.br\\\/metarhnews\\\/\",\"name\":\"METARH +News\",\"description\":\"Conte\u00fado focado em Gest\u00e3o de Pessoas\",\"publisher\":{\"@id\":\"https:\\\/\\\/metarh.com.br\\\/metarhnews\\\/#organization\"},\"potentialAction\":[{\"@type\":\"SearchAction\",\"target\":{\"@type\":\"EntryPoint\",\"urlTemplate\":\"https:\\\/\\\/metarh.com.br\\\/metarhnews\\\/?s={search_term_string}\"},\"query-input\":{\"@type\":\"PropertyValueSpecification\",\"valueRequired\":true,\"valueName\":\"search_term_string\"}}],\"inLanguage\":\"pt-BR\"},{\"@type\":\"Organization\",\"@id\":\"https:\\\/\\\/metarh.com.br\\\/metarhnews\\\/#organization\",\"name\":\"METARH +Humana\",\"url\":\"https:\\\/\\\/metarh.com.br\\\/metarhnews\\\/\",\"logo\":{\"@type\":\"ImageObject\",\"inLanguage\":\"pt-BR\",\"@id\":\"https:\\\/\\\/metarh.com.br\\\/metarhnews\\\/#\\\/schema\\\/logo\\\/image\\\/\",\"url\":\"https:\\\/\\\/metarh.com.br\\\/metarhnews\\\/wp-content\\\/uploads\\\/2025\\\/02\\\/METARH-Azul-Horizontal.png\",\"contentUrl\":\"https:\\\/\\\/metarh.com.br\\\/metarhnews\\\/wp-content\\\/uploads\\\/2025\\\/02\\\/METARH-Azul-Horizontal.png\",\"width\":1002,\"height\":303,\"caption\":\"METARH +Humana\"},\"image\":{\"@id\":\"https:\\\/\\\/metarh.com.br\\\/metarhnews\\\/#\\\/schema\\\/logo\\\/image\\\/\"},\"sameAs\":[\"https:\\\/\\\/www.facebook.com\\\/metarhumana\",\"https:\\\/\\\/x.com\\\/metarhumana\",\"https:\\\/\\\/www.instagram.com\\\/metarhumana\\\/\",\"https:\\\/\\\/www.youtube.com\\\/@metarhumana\"]},{\"@type\":\"Person\",\"@id\":\"https:\\\/\\\/metarh.com.br\\\/metarhnews\\\/#\\\/schema\\\/person\\\/930900bc40677695dc9df602ec0366d0\",\"name\":\"METARH\",\"image\":{\"@type\":\"ImageObject\",\"inLanguage\":\"pt-BR\",\"@id\":\"https:\\\/\\\/secure.gravatar.com\\\/avatar\\\/e03963382c9576f1c9989940c2d59ebc780df154afc76a079627bbbdb3dcefa1?s=96&d=mm&r=g\",\"url\":\"https:\\\/\\\/secure.gravatar.com\\\/avatar\\\/e03963382c9576f1c9989940c2d59ebc780df154afc76a079627bbbdb3dcefa1?s=96&d=mm&r=g\",\"contentUrl\":\"https:\\\/\\\/secure.gravatar.com\\\/avatar\\\/e03963382c9576f1c9989940c2d59ebc780df154afc76a079627bbbdb3dcefa1?s=96&d=mm&r=g\",\"caption\":\"METARH\"},\"description\":\"Somos uma consultoria de recursos humanos com mais de 40 anos de mercado, ajudando empresas como a sua a encontrarem o talento certo. Nossos processos s\u00e3o focados no sucesso dos clientes sem deixar de lado a experi\u00eancia positiva das pessoas candidatas.\",\"sameAs\":[\"http:\\\/\\\/www.metarh.com.br\",\"https:\\\/\\\/www.facebook.com\\\/metarhconsultoria\",\"https:\\\/\\\/www.instagram.com\\\/metarhconsultoria\\\/\",\"https:\\\/\\\/www.linkedin.com\\\/company\\\/metarhconsultoria\",\"http:\\\/\\\/youtube.com\\\/@metarhconsultoria\"],\"url\":\"https:\\\/\\\/metarh.com.br\\\/metarhnews\\\/author\\\/editorial-metarh\\\/\"}]}<\/script>\n<!-- \/ Yoast SEO Premium plugin. -->","yoast_head_json":{"title":"Carreira em Y: o que \u00e9 e por que ela pode ser ideal para voc\u00ea","description":"Descubra o que \u00e9 a carreira em Y, como ela funciona e por que pode ser a escolha ideal para o seu desenvolvimento profissional.","robots":{"index":"index","follow":"follow","max-snippet":"max-snippet:-1","max-image-preview":"max-image-preview:large","max-video-preview":"max-video-preview:-1"},"canonical":"https:\/\/metarh.com.br\/metarhnews\/carreira-y\/","og_locale":"pt_BR","og_type":"article","og_title":"Carreira em Y: o que \u00e9 e por que ela pode ser ideal para voc\u00ea","og_description":"Descubra o que \u00e9 a carreira em Y, como ela funciona e por que pode ser a escolha ideal para o seu desenvolvimento profissional.","og_url":"https:\/\/metarh.com.br\/metarhnews\/carreira-y\/","og_site_name":"METARH +News","article_publisher":"https:\/\/www.facebook.com\/metarhumana","article_author":"https:\/\/www.facebook.com\/metarhconsultoria","article_published_time":"2025-09-01T12:12:30+00:00","article_modified_time":"2025-12-16T18:43:29+00:00","og_image":[{"width":1060,"height":700,"url":"https:\/\/metarh.com.br\/metarhnews\/wp-content\/uploads\/2025\/09\/Carreira-em-Y.jpg","type":"image\/jpeg"}],"author":"METARH","twitter_card":"summary_large_image","twitter_creator":"@metarhumana","twitter_site":"@metarhumana","twitter_misc":{"Escrito por":"METARH","Est. tempo de leitura":"8 minutos"},"schema":{"@context":"https:\/\/schema.org","@graph":[{"@type":"Article","@id":"https:\/\/metarh.com.br\/metarhnews\/carreira-y\/#article","isPartOf":{"@id":"https:\/\/metarh.com.br\/metarhnews\/carreira-y\/"},"author":{"name":"METARH","@id":"https:\/\/metarh.com.br\/metarhnews\/#\/schema\/person\/930900bc40677695dc9df602ec0366d0"},"headline":"Carreira em Y: o que \u00e9 e por que ela pode ser ideal para voc\u00ea","datePublished":"2025-09-01T12:12:30+00:00","dateModified":"2025-12-16T18:43:29+00:00","mainEntityOfPage":{"@id":"https:\/\/metarh.com.br\/metarhnews\/carreira-y\/"},"wordCount":1297,"commentCount":0,"publisher":{"@id":"https:\/\/metarh.com.br\/metarhnews\/#organization"},"image":{"@id":"https:\/\/metarh.com.br\/metarhnews\/carreira-y\/#primaryimage"},"thumbnailUrl":"https:\/\/metarh.com.br\/metarhnews\/wp-content\/uploads\/2025\/09\/Carreira-em-Y.jpg","keywords":["Carreira"],"articleSection":["Carreira","Consultoria","Descoberta","DHO","Mat\u00e9rias"],"inLanguage":"pt-BR","potentialAction":[{"@type":"CommentAction","name":"Comment","target":["https:\/\/metarh.com.br\/metarhnews\/carreira-y\/#respond"]}],"copyrightYear":"2025","copyrightHolder":{"@id":"https:\/\/metarh.com.br\/metarhnews\/#organization"}},{"@type":"WebPage","@id":"https:\/\/metarh.com.br\/metarhnews\/carreira-y\/","url":"https:\/\/metarh.com.br\/metarhnews\/carreira-y\/","name":"Carreira em Y: o que \u00e9 e por que ela pode ser ideal para voc\u00ea","isPartOf":{"@id":"https:\/\/metarh.com.br\/metarhnews\/#website"},"primaryImageOfPage":{"@id":"https:\/\/metarh.com.br\/metarhnews\/carreira-y\/#primaryimage"},"image":{"@id":"https:\/\/metarh.com.br\/metarhnews\/carreira-y\/#primaryimage"},"thumbnailUrl":"https:\/\/metarh.com.br\/metarhnews\/wp-content\/uploads\/2025\/09\/Carreira-em-Y.jpg","datePublished":"2025-09-01T12:12:30+00:00","dateModified":"2025-12-16T18:43:29+00:00","description":"Descubra o que \u00e9 a carreira em Y, como ela funciona e por que pode ser a escolha ideal para o seu desenvolvimento profissional.","breadcrumb":{"@id":"https:\/\/metarh.com.br\/metarhnews\/carreira-y\/#breadcrumb"},"inLanguage":"pt-BR","potentialAction":[{"@type":"ReadAction","target":["https:\/\/metarh.com.br\/metarhnews\/carreira-y\/"]}]},{"@type":"ImageObject","inLanguage":"pt-BR","@id":"https:\/\/metarh.com.br\/metarhnews\/carreira-y\/#primaryimage","url":"https:\/\/metarh.com.br\/metarhnews\/wp-content\/uploads\/2025\/09\/Carreira-em-Y.jpg","contentUrl":"https:\/\/metarh.com.br\/metarhnews\/wp-content\/uploads\/2025\/09\/Carreira-em-Y.jpg","width":1060,"height":700,"caption":"Carreira em Y: o que \u00e9 e por que ela pode ser ideal para voc\u00ea"},{"@type":"BreadcrumbList","@id":"https:\/\/metarh.com.br\/metarhnews\/carreira-y\/#breadcrumb","itemListElement":[{"@type":"ListItem","position":1,"name":"In\u00edcio","item":"https:\/\/metarh.com.br\/metarhnews\/"},{"@type":"ListItem","position":2,"name":"Carreira em Y: o que \u00e9 e por que ela pode ser ideal para voc\u00ea"}]},{"@type":"WebSite","@id":"https:\/\/metarh.com.br\/metarhnews\/#website","url":"https:\/\/metarh.com.br\/metarhnews\/","name":"METARH +News","description":"Conte\u00fado focado em Gest\u00e3o de Pessoas","publisher":{"@id":"https:\/\/metarh.com.br\/metarhnews\/#organization"},"potentialAction":[{"@type":"SearchAction","target":{"@type":"EntryPoint","urlTemplate":"https:\/\/metarh.com.br\/metarhnews\/?s={search_term_string}"},"query-input":{"@type":"PropertyValueSpecification","valueRequired":true,"valueName":"search_term_string"}}],"inLanguage":"pt-BR"},{"@type":"Organization","@id":"https:\/\/metarh.com.br\/metarhnews\/#organization","name":"METARH +Humana","url":"https:\/\/metarh.com.br\/metarhnews\/","logo":{"@type":"ImageObject","inLanguage":"pt-BR","@id":"https:\/\/metarh.com.br\/metarhnews\/#\/schema\/logo\/image\/","url":"https:\/\/metarh.com.br\/metarhnews\/wp-content\/uploads\/2025\/02\/METARH-Azul-Horizontal.png","contentUrl":"https:\/\/metarh.com.br\/metarhnews\/wp-content\/uploads\/2025\/02\/METARH-Azul-Horizontal.png","width":1002,"height":303,"caption":"METARH +Humana"},"image":{"@id":"https:\/\/metarh.com.br\/metarhnews\/#\/schema\/logo\/image\/"},"sameAs":["https:\/\/www.facebook.com\/metarhumana","https:\/\/x.com\/metarhumana","https:\/\/www.instagram.com\/metarhumana\/","https:\/\/www.youtube.com\/@metarhumana"]},{"@type":"Person","@id":"https:\/\/metarh.com.br\/metarhnews\/#\/schema\/person\/930900bc40677695dc9df602ec0366d0","name":"METARH","image":{"@type":"ImageObject","inLanguage":"pt-BR","@id":"https:\/\/secure.gravatar.com\/avatar\/e03963382c9576f1c9989940c2d59ebc780df154afc76a079627bbbdb3dcefa1?s=96&d=mm&r=g","url":"https:\/\/secure.gravatar.com\/avatar\/e03963382c9576f1c9989940c2d59ebc780df154afc76a079627bbbdb3dcefa1?s=96&d=mm&r=g","contentUrl":"https:\/\/secure.gravatar.com\/avatar\/e03963382c9576f1c9989940c2d59ebc780df154afc76a079627bbbdb3dcefa1?s=96&d=mm&r=g","caption":"METARH"},"description":"Somos uma consultoria de recursos humanos com mais de 40 anos de mercado, ajudando empresas como a sua a encontrarem o talento certo. Nossos processos s\u00e3o focados no sucesso dos clientes sem deixar de lado a experi\u00eancia positiva das pessoas candidatas.","sameAs":["http:\/\/www.metarh.com.br","https:\/\/www.facebook.com\/metarhconsultoria","https:\/\/www.instagram.com\/metarhconsultoria\/","https:\/\/www.linkedin.com\/company\/metarhconsultoria","http:\/\/youtube.com\/@metarhconsultoria"],"url":"https:\/\/metarh.com.br\/metarhnews\/author\/editorial-metarh\/"}]}},"_links":{"self":[{"href":"https:\/\/metarh.com.br\/metarhnews\/wp-json\/wp\/v2\/posts\/16646","targetHints":{"allow":["GET"]}}],"collection":[{"href":"https:\/\/metarh.com.br\/metarhnews\/wp-json\/wp\/v2\/posts"}],"about":[{"href":"https:\/\/metarh.com.br\/metarhnews\/wp-json\/wp\/v2\/types\/post"}],"author":[{"embeddable":true,"href":"https:\/\/metarh.com.br\/metarhnews\/wp-json\/wp\/v2\/users\/4"}],"replies":[{"embeddable":true,"href":"https:\/\/metarh.com.br\/metarhnews\/wp-json\/wp\/v2\/comments?post=16646"}],"version-history":[{"count":2,"href":"https:\/\/metarh.com.br\/metarhnews\/wp-json\/wp\/v2\/posts\/16646\/revisions"}],"predecessor-version":[{"id":16947,"href":"https:\/\/metarh.com.br\/metarhnews\/wp-json\/wp\/v2\/posts\/16646\/revisions\/16947"}],"wp:featuredmedia":[{"embeddable":true,"href":"https:\/\/metarh.com.br\/metarhnews\/wp-json\/wp\/v2\/media\/16648"}],"wp:attachment":[{"href":"https:\/\/metarh.com.br\/metarhnews\/wp-json\/wp\/v2\/media?parent=16646"}],"wp:term":[{"taxonomy":"category","embeddable":true,"href":"https:\/\/metarh.com.br\/metarhnews\/wp-json\/wp\/v2\/categories?post=16646"},{"taxonomy":"post_tag","embeddable":true,"href":"https:\/\/metarh.com.br\/metarhnews\/wp-json\/wp\/v2\/tags?post=16646"}],"curies":[{"name":"wp","href":"https:\/\/api.w.org\/{rel}","templated":true}]}}