{"id":16652,"date":"2025-09-09T09:13:46","date_gmt":"2025-09-09T12:13:46","guid":{"rendered":"https:\/\/metarh.com.br\/metarhnews\/?p=16652"},"modified":"2025-12-16T16:22:05","modified_gmt":"2025-12-16T19:22:05","slug":"burnon","status":"publish","type":"post","link":"https:\/\/metarh.com.br\/metarhnews\/burnon\/","title":{"rendered":"Burnon: o que \u00e9 e por que ele preocupa tanto quanto o Burnout?"},"content":{"rendered":"\n<p>A sa\u00fade mental no ambiente de trabalho se tornou um dos temas mais discutidos nos \u00faltimos anos. E, nesse cen\u00e1rio, um novo fen\u00f4meno tem ganhado aten\u00e7\u00e3o de l\u00edderes e profissionais de RH: o <em>Burnon<\/em>.<br>Apesar de ter rela\u00e7\u00e3o com o Burnout, o Burnon apresenta caracter\u00edsticas pr\u00f3prias, \u00e9 mais dif\u00edcil de identificar e costuma afetar profissionais que continuam performando , mesmo enquanto enfrentam um desgaste profundo.<\/p>\n\n\n\n<h2 class=\"wp-block-heading\"><strong>O que voc\u00ea vai ver neste artigo<\/strong><\/h2>\n\n\n\n<ul class=\"wp-block-list\">\n<li>O que \u00e9 Burnout e como ele se manifesta;<\/li>\n\n\n\n<li>Defini\u00e7\u00e3o do que \u00e9 o Burnon e por que ele \u00e9 mais silencioso;<\/li>\n\n\n\n<li>As principais diferen\u00e7as entre Burnout e Burnon;<\/li>\n\n\n\n<li>Os impactos emocionais e organizacionais dessas condi\u00e7\u00f5es;<\/li>\n\n\n\n<li>A\u00e7\u00f5es pr\u00e1ticas que o RH pode liderar para preven\u00e7\u00e3o;<\/li>\n\n\n\n<li>Como criar um ambiente que promova sa\u00fade mental;<\/li>\n\n\n\n<li>Como o Trilhando+ apoia empresas nessa jornada.<\/li>\n<\/ul>\n\n\n\n<h2 class=\"wp-block-heading\" id=\"h-burnout-burnon-e-seus-desafios\"><strong>Burnout, Burnon e seus desafios<\/strong><\/h2>\n\n\n\n<p>Embora distintos, o Burnout e o Burnon fazem parte de um mesmo enredo: o impacto profundo que a press\u00e3o constante, a alta demanda e a dificuldade de estabelecer limites t\u00eam sobre a sa\u00fade mental dos profissionais.<\/p>\n\n\n\n<p>Para facilitar a compreens\u00e3o, vamos come\u00e7ar explicando cada um desses fen\u00f4menos separadamente:<\/p>\n\n\n\n<h2 class=\"wp-block-heading\" id=\"h-o-que-e-o-burnout\">O que \u00e9 o Burnout?<\/h2>\n\n\n\n<p>A <a href=\"https:\/\/metarh.com.br\/metarhnews\/rh-burnout\/\" target=\"_blank\" rel=\"noreferrer noopener\">S\u00edndrome de Burnout<\/a> j\u00e1 \u00e9 bastante conhecida no mercado de trabalho. Afinal, em 2022, a Organiza\u00e7\u00e3o Mundial da Sa\u00fade (OMS) oficializou sua classifica\u00e7\u00e3o como uma doen\u00e7a ocupacional.<\/p>\n\n\n\n<p>Desde ent\u00e3o, o Burnout passou a ser definido como uma s\u00edndrome causada por um ambiente de trabalho mal gerenciado, que gera um alto n\u00edvel de estresse. Ela se manifesta em tr\u00eas dimens\u00f5es principais:<\/p>\n\n\n\n<ul class=\"wp-block-list\">\n<li>Sentimentos de exaust\u00e3o ou esgotamento de energia;<\/li>\n\n\n\n<li>Aumento do distanciamento mental do pr\u00f3prio trabalho, ou sentimentos de negativismo ou cinismo relacionados ao pr\u00f3prio trabalho;&nbsp;<\/li>\n\n\n\n<li>E redu\u00e7\u00e3o da efic\u00e1cia profissional.<\/li>\n<\/ul>\n\n\n\n<p>Em geral, as situa\u00e7\u00f5es que contribuem para o desenvolvimento desse quadro incluem: sobrecarga de trabalho, cultura organizacional t\u00f3xica, falta de reconhecimento, pouca autonomia e suporte insuficiente da lideran\u00e7a.<\/p>\n\n\n\n<h5 class=\"wp-block-heading\" id=\"h-a-definicao-do-burnon\">A Defini\u00e7\u00e3o do Burnon<\/h5>\n\n\n\n<p>Por ser um fen\u00f4meno mais recente, o Burnon ainda n\u00e3o \u00e9 oficialmente reconhecido como uma condi\u00e7\u00e3o m\u00e9dica.<\/p>\n\n\n\n<p>Ainda assim, ele vem ganhando destaque por descrever um estado de esgotamento emocional e mental que, diferentemente do Burnout, n\u00e3o paralisa a pessoa, mas a mant\u00e9m em funcionamento constante.<\/p>\n\n\n\n<p>O termo foi criado por especialistas em sa\u00fade mental na Alemanha para definir um <strong>quadro de fadiga e sofrimento extremos, que n\u00e3o necessariamente evolui para um colapso total<\/strong>, mas que consome lentamente a sa\u00fade e o bem-estar do indiv\u00edduo.<\/p>\n\n\n\n<figure class=\"wp-block-image size-large\"><img fetchpriority=\"high\" decoding=\"async\" width=\"1024\" height=\"299\" src=\"https:\/\/metarh.com.br\/metarhnews\/wp-content\/uploads\/2025\/09\/Banner-02-Selecty-site-1024x299.png\" alt=\"\" class=\"wp-image-16658\" srcset=\"https:\/\/metarh.com.br\/metarhnews\/wp-content\/uploads\/2025\/09\/Banner-02-Selecty-site-1024x299.png 1024w, https:\/\/metarh.com.br\/metarhnews\/wp-content\/uploads\/2025\/09\/Banner-02-Selecty-site-300x88.png 300w, https:\/\/metarh.com.br\/metarhnews\/wp-content\/uploads\/2025\/09\/Banner-02-Selecty-site-768x224.png 768w, https:\/\/metarh.com.br\/metarhnews\/wp-content\/uploads\/2025\/09\/Banner-02-Selecty-site-1536x448.png 1536w, https:\/\/metarh.com.br\/metarhnews\/wp-content\/uploads\/2025\/09\/Banner-02-Selecty-site-2048x598.png 2048w\" sizes=\"(max-width: 1024px) 100vw, 1024px\" \/><\/figure>\n\n\n\n<h2 class=\"wp-block-heading\" id=\"h-entao-o-que-realmente-diferencia-o-burnout-do-burnon\"><strong>Ent\u00e3o, o que realmente diferencia o Burnout do Burnon?<\/strong><\/h2>\n\n\n\n<h5 class=\"wp-block-heading\" id=\"h-burnout-quando-o-corpo-e-a-mente-entram-em-colapso\">Burnout: quando o corpo e a mente entram em colapso<\/h5>\n\n\n\n<p>Se fosse para resumir em uma met\u00e1fora, o Burnout seria como uma explos\u00e3o: chega um momento em que o corpo e a mente n\u00e3o aguentam mais e tudo entra em colapso. Nesse est\u00e1gio, a pessoa costuma apresentar sinais claros de esgotamento, queda de desempenho e dificuldade de continuar executando suas atividades.<\/p>\n\n\n\n<h5 class=\"wp-block-heading\" id=\"h-burnon-a-hiperprodutividade-silenciosa\">Burnon: a hiperprodutividade silenciosa<\/h5>\n\n\n\n<p>J\u00e1 o Burnon pode ser comparado a uma chama constante. A pessoa continua \u201cqueimando por dentro\u201d dia ap\u00f3s dia, sem pausas, mantendo a produtividade mesmo diante de um desgaste profundo. Diferentemente do Burnout, aqui n\u00e3o h\u00e1 paralisa\u00e7\u00e3o imediata, o funcionamento segue, ainda que \u00e0 custa da sa\u00fade mental e emocional.<\/p>\n\n\n\n<h5 class=\"wp-block-heading\" id=\"h-a-romantizacao-do-excesso-de-trabalho\">A romantiza\u00e7\u00e3o do excesso de trabalho<\/h5>\n\n\n\n<p>No Burnon, \u00e9 comum haver nega\u00e7\u00e3o do problema e at\u00e9 uma vis\u00e3o romantizada da hiperprodutividade. Muitas pessoas se orgulham de estar sempre ocupadas, respondem mensagens fora do expediente e sentem culpa ao descansar, como se desacelerar fosse sinal de fraqueza ou falta de comprometimento.<\/p>\n\n\n\n<h5 class=\"wp-block-heading\" id=\"h-os-riscos-do-desgaste-continuo\">Os riscos do desgaste cont\u00ednuo<\/h5>\n\n\n\n<p>Embora, \u00e0 primeira vista, esse comportamento possa parecer positivo para algumas empresas, o desgaste cont\u00ednuo cobra um pre\u00e7o alto. Com o tempo, o Burnon pode desencadear consequ\u00eancias s\u00e9rias para a sa\u00fade f\u00edsica e mental, como ansiedade cr\u00f4nica, ins\u00f4nia e, em muitos casos, evoluir para um quadro de Burnout.<\/p>\n\n\n\n<h5 class=\"wp-block-heading\" id=\"h-por-que-esse-cenario-exige-atencao-do-rh\">Por que esse cen\u00e1rio exige aten\u00e7\u00e3o do RH<\/h5>\n\n\n\n<p>Enquanto o Burnout tende a ser mais vis\u00edvel, o Burnon \u00e9 silencioso e, por isso, mais dif\u00edcil de identificar. Justamente por manter a pessoa em movimento, ele pode passar despercebido at\u00e9 que os impactos se tornem mais graves, o que refor\u00e7a a import\u00e2ncia de a\u00e7\u00f5es preventivas e de um olhar atento por parte do RH.<\/p>\n\n\n\n<h2 class=\"wp-block-heading\" id=\"h-o-rh-pode-prevenir\"><strong>O RH pode prevenir?<\/strong><\/h2>\n\n\n\n<p>Ainda que se manifestem de maneiras diferentes, a preven\u00e7\u00e3o do Burnout e do Burnon passa por estrat\u00e9gias em comum.<\/p>\n\n\n\n<p>O RH, \u00e9 claro, tem um papel fundamental nesse processo, j\u00e1 que \u00e9 um dos principais agentes na promo\u00e7\u00e3o do bem-estar e da sa\u00fade mental das pessoas colaboradoras.<\/p>\n\n\n\n<p>Dito isso, aqui est\u00e3o seis a\u00e7\u00f5es que o setor pode liderar:<\/p>\n\n\n\n<h6 class=\"wp-block-heading\" id=\"h-1-avaliacao-das-cargas-de-trabalho\">1. <strong>Avalia\u00e7\u00e3o das cargas de trabalho<\/strong><\/h6>\n\n\n\n<p>Avaliar regularmente a distribui\u00e7\u00e3o das tarefas e metas \u00e9 um dos primeiros passos para evitar a sobrecarga e, consequentemente, o esgotamento profissional.<\/p>\n\n\n\n<p>Nesse sentido, o RH deve atuar em parceria com as lideran\u00e7as para garantir que o volume de trabalho esteja compat\u00edvel com a capacidade da equipe e que os prazos sejam realistas.<\/p>\n\n\n\n<h6 class=\"wp-block-heading\" id=\"h-2-desenvolvimento-de-liderancas-empaticas\">2. <strong>Desenvolvimento de lideran\u00e7as emp\u00e1ticas<\/strong><\/h6>\n\n\n\n<p>Segundo o relat\u00f3rio \u201c<a href=\"https:\/\/www.ukg.com\/resources\/white-paper\/mental-health-work-managers-and-money\" target=\"_blank\" rel=\"noreferrer noopener\">Mental Health at Work: Managers and Money<\/a>\u201d, da UKG, os gestores e l\u00edderes t\u00eam mais influ\u00eancia sobre a sa\u00fade mental das pessoas colaboradoras&nbsp;do que c\u00f4njuges, m\u00e9dicos e terapeutas.<\/p>\n\n\n\n<p>Ou seja, para prevenir o Burnout e o Burnon, o RH n\u00e3o pode atuar sozinho: \u00e9 preciso capacitar a lideran\u00e7a para identificar sinais de esgotamento, reconhecer o esfor\u00e7o da equipe, conduzir conversas transparentes e adotar uma postura acolhedora.<\/p>\n\n\n\n<h6 class=\"wp-block-heading\" id=\"h-3-valorizacao-das-pausas-e-do-tempo-livre\">3. <strong>Valoriza\u00e7\u00e3o das pausas e do tempo livre<\/strong><\/h6>\n\n\n\n<p>Cultuar a produtividade excessiva \u00e9 o caminho mais r\u00e1pido para levar as pessoas colaboradoras ao esgotamento f\u00edsico e emocional.&nbsp;<\/p>\n\n\n\n<p>Para evitar esse cen\u00e1rio, \u00e9 preciso promover uma cultura que valorize o equil\u00edbrio entre desempenho e bem-estar, por meio de a\u00e7\u00f5es como:<\/p>\n\n\n\n<ul class=\"wp-block-list\">\n<li>Incentivo a pequenas pausas ao longo do dia;<\/li>\n\n\n\n<li>Respeito ao hor\u00e1rio de almo\u00e7o;<\/li>\n\n\n\n<li>Refor\u00e7o ao direito \u00e0 desconex\u00e3o fora do expediente;<\/li>\n\n\n\n<li>Est\u00edmulo ao uso completo das f\u00e9rias e folgas.<\/li>\n<\/ul>\n\n\n\n<h6 class=\"wp-block-heading\" id=\"h-4-acompanhamento-continuo-do-bem-estar\">4. <strong>Acompanhamento cont\u00ednuo do bem-estar<\/strong><\/h6>\n\n\n\n<p>N\u00e3o basta agir apenas quando \u201ca bomba j\u00e1 estourou\u201d.&nbsp;<\/p>\n\n\n\n<p>Monitorar o clima organizacional e a sa\u00fade mental da equipe de forma cont\u00ednua, por meio de pesquisas internas, conversas individuais e an\u00e1lise de indicadores, pode ajudar o RH a identificar padr\u00f5es de sobrecarga e agir rapidamente.<\/p>\n\n\n\n<h6 class=\"wp-block-heading\" id=\"h-5-acesso-facilitado-a-apoio-psicologico\">5. <strong>Acesso facilitado a apoio psicol\u00f3gico<\/strong><\/h6>\n\n\n\n<p>Lidar com quest\u00f5es de sa\u00fade mental por conta pr\u00f3pria n\u00e3o \u00e9 f\u00e1cil \u2013 al\u00e9m de, em muitos casos, tamb\u00e9m n\u00e3o ser suficiente para resolver o problema.<\/p>\n\n\n\n<p>Ao oferecer suporte emocional, a empresa contribui para que as pessoas colaboradoras desenvolvam ferramentas para lidar com suas emo\u00e7\u00f5es, desafios e limita\u00e7\u00f5es de forma mais saud\u00e1vel.<\/p>\n\n\n\n<p>Isso pode ser feito, por exemplo, por meio de programas de assist\u00eancia e conv\u00eanios com psic\u00f3logos.<\/p>\n\n\n\n<h6 class=\"wp-block-heading\" id=\"h-6-criacao-de-um-ambiente-de-escuta-e-confianca\">6. <strong>Cria\u00e7\u00e3o de um ambiente de escuta e confian\u00e7a<\/strong><\/h6>\n\n\n\n<p>Permitir que pessoas expressem dificuldades sem medo de julgamentos ou retalia\u00e7\u00f5es \u00e9 essencial para combater o sil\u00eancio que acompanha o Burnon e antecede o Burnout.<\/p>\n\n\n\n<p>O RH pode ser um agente ativo nessa constru\u00e7\u00e3o, incentivando pr\u00e1ticas como:<\/p>\n\n\n\n<ul class=\"wp-block-list\">\n<li>Feedbacks 360\u00b0 e reuni\u00f5es one-on-one;<\/li>\n\n\n\n<li>Rodas de conversa sobre sa\u00fade mental;<\/li>\n\n\n\n<li>Cria\u00e7\u00e3o de canais an\u00f4nimos de escuta.<\/li>\n<\/ul>\n\n\n\n<figure class=\"wp-block-image size-large\"><a href=\"https:\/\/conteudo.metarh.com.br\/trilhando\" target=\"_blank\" rel=\"noreferrer noopener\"><img decoding=\"async\" width=\"1024\" height=\"416\" src=\"https:\/\/metarh.com.br\/metarhnews\/wp-content\/uploads\/2024\/06\/Roda-meio-trilhando-pipe-2-1024x416.png\" alt=\"\" class=\"wp-image-16212\" srcset=\"https:\/\/metarh.com.br\/metarhnews\/wp-content\/uploads\/2024\/06\/Roda-meio-trilhando-pipe-2-1024x416.png 1024w, https:\/\/metarh.com.br\/metarhnews\/wp-content\/uploads\/2024\/06\/Roda-meio-trilhando-pipe-2-300x122.png 300w, https:\/\/metarh.com.br\/metarhnews\/wp-content\/uploads\/2024\/06\/Roda-meio-trilhando-pipe-2-768x312.png 768w, https:\/\/metarh.com.br\/metarhnews\/wp-content\/uploads\/2024\/06\/Roda-meio-trilhando-pipe-2-1536x624.png 1536w, https:\/\/metarh.com.br\/metarhnews\/wp-content\/uploads\/2024\/06\/Roda-meio-trilhando-pipe-2.png 1600w\" sizes=\"(max-width: 1024px) 100vw, 1024px\" \/><\/a><\/figure>\n\n\n\n<h2 class=\"wp-block-heading\" id=\"h-o-caminho-para-um-ambiente-de-trabalho-saudavel\">O Caminho para um Ambiente de Trabalho Saud\u00e1vel<\/h2>\n\n\n\n<p>Consolidar as a\u00e7\u00f5es acima pode levar tempo. Mas, para iniciar uma transforma\u00e7\u00e3o real e sustent\u00e1vel na cultura organizacional, \u00e9 preciso dar o primeiro passo.<\/p>\n\n\n\n<p>Ao criar ambientes mais equilibrados, as empresas n\u00e3o s\u00f3 previnem o Burnout e o Burnon, como tamb\u00e9m constroem equipes mais resilientes, criativas e engajadas.<\/p>\n\n\n\n<p>O Trilhando+, da METARH, est\u00e1 ao seu lado para tornar essa miss\u00e3o mais f\u00e1cil. Oferecemos suporte na revis\u00e3o e cria\u00e7\u00e3o de pol\u00edticas internas, no desenvolvimento de talentos e na implementa\u00e7\u00e3o de pr\u00e1ticas mais inclusivas.&nbsp;<\/p>\n\n\n\n<p>Quer saber como podemos ajudar sua empresa a cuidar melhor das pessoas? <a href=\"https:\/\/conteudo.metarh.com.br\/trilhando\" target=\"_blank\" rel=\"noreferrer noopener\">Conhe\u00e7a nossos servi\u00e7os<\/a>!<\/p>\n<div style=\"margin-top: 0px; margin-bottom: 0px;\" class=\"sharethis-inline-share-buttons\" ><\/div>","protected":false},"excerpt":{"rendered":"<p>A sa\u00fade mental no ambiente de trabalho se tornou um dos temas mais discutidos nos \u00faltimos anos. E, nesse cen\u00e1rio, um novo fen\u00f4meno tem ganhado aten\u00e7\u00e3o de l\u00edderes e profissionais de RH: o Burnon.Apesar de ter rela\u00e7\u00e3o com o Burnout, o Burnon apresenta caracter\u00edsticas pr\u00f3prias, \u00e9 mais dif\u00edcil de identificar e costuma afetar profissionais que&#8230;<\/p>\n","protected":false},"author":4,"featured_media":16655,"comment_status":"open","ping_status":"open","sticky":false,"template":"","format":"standard","meta":{"_kadence_starter_templates_imported_post":false,"_kad_post_transparent":"","_kad_post_title":"","_kad_post_layout":"","_kad_post_sidebar_id":"","_kad_post_content_style":"","_kad_post_vertical_padding":"","_kad_post_feature":"","_kad_post_feature_position":"","_kad_post_header":false,"_kad_post_footer":false,"_kad_post_classname":"","footnotes":""},"categories":[145,166,163,2,132],"tags":[135],"class_list":["post-16652","post","type-post","status-publish","format-standard","has-post-thumbnail","hentry","category-carreira","category-consultoria","category-descoberta-de-conteudos-de-rh","category-materias","category-tendencias","tag-saude-mental"],"yoast_head":"<!-- This site is optimized with the Yoast SEO Premium plugin v26.6 (Yoast SEO v27.5) - https:\/\/yoast.com\/product\/yoast-seo-premium-wordpress\/ -->\n<title>Burnon: o que \u00e9 e por que ele preocupa tanto quanto o Burnout?<\/title>\n<meta name=\"description\" content=\"Entenda o que \u00e9 Burnon, como ele se diferencia do Burnout e por que merece tanta aten\u00e7\u00e3o no ambiente de trabalho.\" \/>\n<meta name=\"robots\" content=\"index, follow, max-snippet:-1, max-image-preview:large, max-video-preview:-1\" \/>\n<link rel=\"canonical\" href=\"https:\/\/metarh.com.br\/metarhnews\/burnon\/\" \/>\n<meta property=\"og:locale\" content=\"pt_BR\" \/>\n<meta property=\"og:type\" content=\"article\" \/>\n<meta property=\"og:title\" content=\"Burnon: Entenda os impactos na sa\u00fade mental\" \/>\n<meta property=\"og:description\" content=\"Entenda o Burnon e seu impacto na sa\u00fade mental. Descubra como essa condi\u00e7\u00e3o pode afetar o desempenho profissional.\" \/>\n<meta property=\"og:url\" content=\"https:\/\/metarh.com.br\/metarhnews\/burnon\/\" \/>\n<meta property=\"og:site_name\" content=\"METARH +News\" \/>\n<meta property=\"article:publisher\" content=\"https:\/\/www.facebook.com\/metarhumana\" \/>\n<meta property=\"article:author\" content=\"https:\/\/www.facebook.com\/metarhconsultoria\" \/>\n<meta property=\"article:published_time\" content=\"2025-09-09T12:13:46+00:00\" \/>\n<meta property=\"article:modified_time\" content=\"2025-12-16T19:22:05+00:00\" \/>\n<meta property=\"og:image\" content=\"https:\/\/metarh.com.br\/metarhnews\/wp-content\/uploads\/2025\/09\/Bunon-Burnout.jpg\" \/>\n\t<meta property=\"og:image:width\" content=\"1060\" \/>\n\t<meta property=\"og:image:height\" content=\"700\" \/>\n\t<meta property=\"og:image:type\" content=\"image\/jpeg\" \/>\n<meta name=\"author\" content=\"METARH\" \/>\n<meta name=\"twitter:card\" content=\"summary_large_image\" \/>\n<meta name=\"twitter:title\" content=\"Burnon: o que \u00e9 e por que ele preocupa tanto quanto o Burnout?\" \/>\n<meta name=\"twitter:creator\" content=\"@metarhumana\" \/>\n<meta name=\"twitter:site\" content=\"@metarhumana\" \/>\n<meta name=\"twitter:label1\" content=\"Escrito por\" \/>\n\t<meta name=\"twitter:data1\" content=\"METARH\" \/>\n\t<meta name=\"twitter:label2\" content=\"Est. tempo de leitura\" \/>\n\t<meta name=\"twitter:data2\" content=\"8 minutos\" \/>\n<script type=\"application\/ld+json\" class=\"yoast-schema-graph\">{\"@context\":\"https:\\\/\\\/schema.org\",\"@graph\":[{\"@type\":\"Article\",\"@id\":\"https:\\\/\\\/metarh.com.br\\\/metarhnews\\\/burnon\\\/#article\",\"isPartOf\":{\"@id\":\"https:\\\/\\\/metarh.com.br\\\/metarhnews\\\/burnon\\\/\"},\"author\":{\"name\":\"METARH\",\"@id\":\"https:\\\/\\\/metarh.com.br\\\/metarhnews\\\/#\\\/schema\\\/person\\\/930900bc40677695dc9df602ec0366d0\"},\"headline\":\"Burnon: o que \u00e9 e por que ele preocupa tanto quanto o Burnout?\",\"datePublished\":\"2025-09-09T12:13:46+00:00\",\"dateModified\":\"2025-12-16T19:22:05+00:00\",\"mainEntityOfPage\":{\"@id\":\"https:\\\/\\\/metarh.com.br\\\/metarhnews\\\/burnon\\\/\"},\"wordCount\":1398,\"commentCount\":0,\"publisher\":{\"@id\":\"https:\\\/\\\/metarh.com.br\\\/metarhnews\\\/#organization\"},\"image\":{\"@id\":\"https:\\\/\\\/metarh.com.br\\\/metarhnews\\\/burnon\\\/#primaryimage\"},\"thumbnailUrl\":\"https:\\\/\\\/metarh.com.br\\\/metarhnews\\\/wp-content\\\/uploads\\\/2025\\\/09\\\/Bunon-Burnout.jpg\",\"keywords\":[\"Sa\u00fade Mental\"],\"articleSection\":[\"Carreira\",\"Consultoria\",\"Descoberta\",\"Mat\u00e9rias\",\"Tend\u00eancias\"],\"inLanguage\":\"pt-BR\",\"potentialAction\":[{\"@type\":\"CommentAction\",\"name\":\"Comment\",\"target\":[\"https:\\\/\\\/metarh.com.br\\\/metarhnews\\\/burnon\\\/#respond\"]}],\"copyrightYear\":\"2025\",\"copyrightHolder\":{\"@id\":\"https:\\\/\\\/metarh.com.br\\\/metarhnews\\\/#organization\"}},{\"@type\":\"WebPage\",\"@id\":\"https:\\\/\\\/metarh.com.br\\\/metarhnews\\\/burnon\\\/\",\"url\":\"https:\\\/\\\/metarh.com.br\\\/metarhnews\\\/burnon\\\/\",\"name\":\"Burnon: o que \u00e9 e por que ele preocupa tanto quanto o Burnout?\",\"isPartOf\":{\"@id\":\"https:\\\/\\\/metarh.com.br\\\/metarhnews\\\/#website\"},\"primaryImageOfPage\":{\"@id\":\"https:\\\/\\\/metarh.com.br\\\/metarhnews\\\/burnon\\\/#primaryimage\"},\"image\":{\"@id\":\"https:\\\/\\\/metarh.com.br\\\/metarhnews\\\/burnon\\\/#primaryimage\"},\"thumbnailUrl\":\"https:\\\/\\\/metarh.com.br\\\/metarhnews\\\/wp-content\\\/uploads\\\/2025\\\/09\\\/Bunon-Burnout.jpg\",\"datePublished\":\"2025-09-09T12:13:46+00:00\",\"dateModified\":\"2025-12-16T19:22:05+00:00\",\"description\":\"Entenda o que \u00e9 Burnon, como ele se diferencia do Burnout e por que merece tanta aten\u00e7\u00e3o no ambiente de trabalho.\",\"breadcrumb\":{\"@id\":\"https:\\\/\\\/metarh.com.br\\\/metarhnews\\\/burnon\\\/#breadcrumb\"},\"inLanguage\":\"pt-BR\",\"potentialAction\":[{\"@type\":\"ReadAction\",\"target\":[\"https:\\\/\\\/metarh.com.br\\\/metarhnews\\\/burnon\\\/\"]}]},{\"@type\":\"ImageObject\",\"inLanguage\":\"pt-BR\",\"@id\":\"https:\\\/\\\/metarh.com.br\\\/metarhnews\\\/burnon\\\/#primaryimage\",\"url\":\"https:\\\/\\\/metarh.com.br\\\/metarhnews\\\/wp-content\\\/uploads\\\/2025\\\/09\\\/Bunon-Burnout.jpg\",\"contentUrl\":\"https:\\\/\\\/metarh.com.br\\\/metarhnews\\\/wp-content\\\/uploads\\\/2025\\\/09\\\/Bunon-Burnout.jpg\",\"width\":1060,\"height\":700,\"caption\":\"Burnon: o que \u00e9 e por que ele preocupa tanto quanto o Burnout?\"},{\"@type\":\"BreadcrumbList\",\"@id\":\"https:\\\/\\\/metarh.com.br\\\/metarhnews\\\/burnon\\\/#breadcrumb\",\"itemListElement\":[{\"@type\":\"ListItem\",\"position\":1,\"name\":\"In\u00edcio\",\"item\":\"https:\\\/\\\/metarh.com.br\\\/metarhnews\\\/\"},{\"@type\":\"ListItem\",\"position\":2,\"name\":\"Burnon: o que \u00e9 e por que ele preocupa tanto quanto o Burnout?\"}]},{\"@type\":\"WebSite\",\"@id\":\"https:\\\/\\\/metarh.com.br\\\/metarhnews\\\/#website\",\"url\":\"https:\\\/\\\/metarh.com.br\\\/metarhnews\\\/\",\"name\":\"METARH +News\",\"description\":\"Conte\u00fado focado em Gest\u00e3o de Pessoas\",\"publisher\":{\"@id\":\"https:\\\/\\\/metarh.com.br\\\/metarhnews\\\/#organization\"},\"potentialAction\":[{\"@type\":\"SearchAction\",\"target\":{\"@type\":\"EntryPoint\",\"urlTemplate\":\"https:\\\/\\\/metarh.com.br\\\/metarhnews\\\/?s={search_term_string}\"},\"query-input\":{\"@type\":\"PropertyValueSpecification\",\"valueRequired\":true,\"valueName\":\"search_term_string\"}}],\"inLanguage\":\"pt-BR\"},{\"@type\":\"Organization\",\"@id\":\"https:\\\/\\\/metarh.com.br\\\/metarhnews\\\/#organization\",\"name\":\"METARH +Humana\",\"url\":\"https:\\\/\\\/metarh.com.br\\\/metarhnews\\\/\",\"logo\":{\"@type\":\"ImageObject\",\"inLanguage\":\"pt-BR\",\"@id\":\"https:\\\/\\\/metarh.com.br\\\/metarhnews\\\/#\\\/schema\\\/logo\\\/image\\\/\",\"url\":\"https:\\\/\\\/metarh.com.br\\\/metarhnews\\\/wp-content\\\/uploads\\\/2025\\\/02\\\/METARH-Azul-Horizontal.png\",\"contentUrl\":\"https:\\\/\\\/metarh.com.br\\\/metarhnews\\\/wp-content\\\/uploads\\\/2025\\\/02\\\/METARH-Azul-Horizontal.png\",\"width\":1002,\"height\":303,\"caption\":\"METARH +Humana\"},\"image\":{\"@id\":\"https:\\\/\\\/metarh.com.br\\\/metarhnews\\\/#\\\/schema\\\/logo\\\/image\\\/\"},\"sameAs\":[\"https:\\\/\\\/www.facebook.com\\\/metarhumana\",\"https:\\\/\\\/x.com\\\/metarhumana\",\"https:\\\/\\\/www.instagram.com\\\/metarhumana\\\/\",\"https:\\\/\\\/www.youtube.com\\\/@metarhumana\"]},{\"@type\":\"Person\",\"@id\":\"https:\\\/\\\/metarh.com.br\\\/metarhnews\\\/#\\\/schema\\\/person\\\/930900bc40677695dc9df602ec0366d0\",\"name\":\"METARH\",\"image\":{\"@type\":\"ImageObject\",\"inLanguage\":\"pt-BR\",\"@id\":\"https:\\\/\\\/secure.gravatar.com\\\/avatar\\\/e03963382c9576f1c9989940c2d59ebc780df154afc76a079627bbbdb3dcefa1?s=96&d=mm&r=g\",\"url\":\"https:\\\/\\\/secure.gravatar.com\\\/avatar\\\/e03963382c9576f1c9989940c2d59ebc780df154afc76a079627bbbdb3dcefa1?s=96&d=mm&r=g\",\"contentUrl\":\"https:\\\/\\\/secure.gravatar.com\\\/avatar\\\/e03963382c9576f1c9989940c2d59ebc780df154afc76a079627bbbdb3dcefa1?s=96&d=mm&r=g\",\"caption\":\"METARH\"},\"description\":\"Somos uma consultoria de recursos humanos com mais de 40 anos de mercado, ajudando empresas como a sua a encontrarem o talento certo. Nossos processos s\u00e3o focados no sucesso dos clientes sem deixar de lado a experi\u00eancia positiva das pessoas candidatas.\",\"sameAs\":[\"http:\\\/\\\/www.metarh.com.br\",\"https:\\\/\\\/www.facebook.com\\\/metarhconsultoria\",\"https:\\\/\\\/www.instagram.com\\\/metarhconsultoria\\\/\",\"https:\\\/\\\/www.linkedin.com\\\/company\\\/metarhconsultoria\",\"http:\\\/\\\/youtube.com\\\/@metarhconsultoria\"],\"url\":\"https:\\\/\\\/metarh.com.br\\\/metarhnews\\\/author\\\/editorial-metarh\\\/\"}]}<\/script>\n<!-- \/ Yoast SEO Premium plugin. -->","yoast_head_json":{"title":"Burnon: o que \u00e9 e por que ele preocupa tanto quanto o Burnout?","description":"Entenda o que \u00e9 Burnon, como ele se diferencia do Burnout e por que merece tanta aten\u00e7\u00e3o no ambiente de trabalho.","robots":{"index":"index","follow":"follow","max-snippet":"max-snippet:-1","max-image-preview":"max-image-preview:large","max-video-preview":"max-video-preview:-1"},"canonical":"https:\/\/metarh.com.br\/metarhnews\/burnon\/","og_locale":"pt_BR","og_type":"article","og_title":"Burnon: Entenda os impactos na sa\u00fade mental","og_description":"Entenda o Burnon e seu impacto na sa\u00fade mental. Descubra como essa condi\u00e7\u00e3o pode afetar o desempenho profissional.","og_url":"https:\/\/metarh.com.br\/metarhnews\/burnon\/","og_site_name":"METARH +News","article_publisher":"https:\/\/www.facebook.com\/metarhumana","article_author":"https:\/\/www.facebook.com\/metarhconsultoria","article_published_time":"2025-09-09T12:13:46+00:00","article_modified_time":"2025-12-16T19:22:05+00:00","og_image":[{"width":1060,"height":700,"url":"https:\/\/metarh.com.br\/metarhnews\/wp-content\/uploads\/2025\/09\/Bunon-Burnout.jpg","type":"image\/jpeg"}],"author":"METARH","twitter_card":"summary_large_image","twitter_title":"Burnon: o que \u00e9 e por que ele preocupa tanto quanto o Burnout?","twitter_creator":"@metarhumana","twitter_site":"@metarhumana","twitter_misc":{"Escrito por":"METARH","Est. tempo de leitura":"8 minutos"},"schema":{"@context":"https:\/\/schema.org","@graph":[{"@type":"Article","@id":"https:\/\/metarh.com.br\/metarhnews\/burnon\/#article","isPartOf":{"@id":"https:\/\/metarh.com.br\/metarhnews\/burnon\/"},"author":{"name":"METARH","@id":"https:\/\/metarh.com.br\/metarhnews\/#\/schema\/person\/930900bc40677695dc9df602ec0366d0"},"headline":"Burnon: o que \u00e9 e por que ele preocupa tanto quanto o Burnout?","datePublished":"2025-09-09T12:13:46+00:00","dateModified":"2025-12-16T19:22:05+00:00","mainEntityOfPage":{"@id":"https:\/\/metarh.com.br\/metarhnews\/burnon\/"},"wordCount":1398,"commentCount":0,"publisher":{"@id":"https:\/\/metarh.com.br\/metarhnews\/#organization"},"image":{"@id":"https:\/\/metarh.com.br\/metarhnews\/burnon\/#primaryimage"},"thumbnailUrl":"https:\/\/metarh.com.br\/metarhnews\/wp-content\/uploads\/2025\/09\/Bunon-Burnout.jpg","keywords":["Sa\u00fade Mental"],"articleSection":["Carreira","Consultoria","Descoberta","Mat\u00e9rias","Tend\u00eancias"],"inLanguage":"pt-BR","potentialAction":[{"@type":"CommentAction","name":"Comment","target":["https:\/\/metarh.com.br\/metarhnews\/burnon\/#respond"]}],"copyrightYear":"2025","copyrightHolder":{"@id":"https:\/\/metarh.com.br\/metarhnews\/#organization"}},{"@type":"WebPage","@id":"https:\/\/metarh.com.br\/metarhnews\/burnon\/","url":"https:\/\/metarh.com.br\/metarhnews\/burnon\/","name":"Burnon: o que \u00e9 e por que ele preocupa tanto quanto o Burnout?","isPartOf":{"@id":"https:\/\/metarh.com.br\/metarhnews\/#website"},"primaryImageOfPage":{"@id":"https:\/\/metarh.com.br\/metarhnews\/burnon\/#primaryimage"},"image":{"@id":"https:\/\/metarh.com.br\/metarhnews\/burnon\/#primaryimage"},"thumbnailUrl":"https:\/\/metarh.com.br\/metarhnews\/wp-content\/uploads\/2025\/09\/Bunon-Burnout.jpg","datePublished":"2025-09-09T12:13:46+00:00","dateModified":"2025-12-16T19:22:05+00:00","description":"Entenda o que \u00e9 Burnon, como ele se diferencia do Burnout e por que merece tanta aten\u00e7\u00e3o no ambiente de trabalho.","breadcrumb":{"@id":"https:\/\/metarh.com.br\/metarhnews\/burnon\/#breadcrumb"},"inLanguage":"pt-BR","potentialAction":[{"@type":"ReadAction","target":["https:\/\/metarh.com.br\/metarhnews\/burnon\/"]}]},{"@type":"ImageObject","inLanguage":"pt-BR","@id":"https:\/\/metarh.com.br\/metarhnews\/burnon\/#primaryimage","url":"https:\/\/metarh.com.br\/metarhnews\/wp-content\/uploads\/2025\/09\/Bunon-Burnout.jpg","contentUrl":"https:\/\/metarh.com.br\/metarhnews\/wp-content\/uploads\/2025\/09\/Bunon-Burnout.jpg","width":1060,"height":700,"caption":"Burnon: o que \u00e9 e por que ele preocupa tanto quanto o Burnout?"},{"@type":"BreadcrumbList","@id":"https:\/\/metarh.com.br\/metarhnews\/burnon\/#breadcrumb","itemListElement":[{"@type":"ListItem","position":1,"name":"In\u00edcio","item":"https:\/\/metarh.com.br\/metarhnews\/"},{"@type":"ListItem","position":2,"name":"Burnon: o que \u00e9 e por que ele preocupa tanto quanto o Burnout?"}]},{"@type":"WebSite","@id":"https:\/\/metarh.com.br\/metarhnews\/#website","url":"https:\/\/metarh.com.br\/metarhnews\/","name":"METARH +News","description":"Conte\u00fado focado em Gest\u00e3o de Pessoas","publisher":{"@id":"https:\/\/metarh.com.br\/metarhnews\/#organization"},"potentialAction":[{"@type":"SearchAction","target":{"@type":"EntryPoint","urlTemplate":"https:\/\/metarh.com.br\/metarhnews\/?s={search_term_string}"},"query-input":{"@type":"PropertyValueSpecification","valueRequired":true,"valueName":"search_term_string"}}],"inLanguage":"pt-BR"},{"@type":"Organization","@id":"https:\/\/metarh.com.br\/metarhnews\/#organization","name":"METARH +Humana","url":"https:\/\/metarh.com.br\/metarhnews\/","logo":{"@type":"ImageObject","inLanguage":"pt-BR","@id":"https:\/\/metarh.com.br\/metarhnews\/#\/schema\/logo\/image\/","url":"https:\/\/metarh.com.br\/metarhnews\/wp-content\/uploads\/2025\/02\/METARH-Azul-Horizontal.png","contentUrl":"https:\/\/metarh.com.br\/metarhnews\/wp-content\/uploads\/2025\/02\/METARH-Azul-Horizontal.png","width":1002,"height":303,"caption":"METARH +Humana"},"image":{"@id":"https:\/\/metarh.com.br\/metarhnews\/#\/schema\/logo\/image\/"},"sameAs":["https:\/\/www.facebook.com\/metarhumana","https:\/\/x.com\/metarhumana","https:\/\/www.instagram.com\/metarhumana\/","https:\/\/www.youtube.com\/@metarhumana"]},{"@type":"Person","@id":"https:\/\/metarh.com.br\/metarhnews\/#\/schema\/person\/930900bc40677695dc9df602ec0366d0","name":"METARH","image":{"@type":"ImageObject","inLanguage":"pt-BR","@id":"https:\/\/secure.gravatar.com\/avatar\/e03963382c9576f1c9989940c2d59ebc780df154afc76a079627bbbdb3dcefa1?s=96&d=mm&r=g","url":"https:\/\/secure.gravatar.com\/avatar\/e03963382c9576f1c9989940c2d59ebc780df154afc76a079627bbbdb3dcefa1?s=96&d=mm&r=g","contentUrl":"https:\/\/secure.gravatar.com\/avatar\/e03963382c9576f1c9989940c2d59ebc780df154afc76a079627bbbdb3dcefa1?s=96&d=mm&r=g","caption":"METARH"},"description":"Somos uma consultoria de recursos humanos com mais de 40 anos de mercado, ajudando empresas como a sua a encontrarem o talento certo. Nossos processos s\u00e3o focados no sucesso dos clientes sem deixar de lado a experi\u00eancia positiva das pessoas candidatas.","sameAs":["http:\/\/www.metarh.com.br","https:\/\/www.facebook.com\/metarhconsultoria","https:\/\/www.instagram.com\/metarhconsultoria\/","https:\/\/www.linkedin.com\/company\/metarhconsultoria","http:\/\/youtube.com\/@metarhconsultoria"],"url":"https:\/\/metarh.com.br\/metarhnews\/author\/editorial-metarh\/"}]}},"_links":{"self":[{"href":"https:\/\/metarh.com.br\/metarhnews\/wp-json\/wp\/v2\/posts\/16652","targetHints":{"allow":["GET"]}}],"collection":[{"href":"https:\/\/metarh.com.br\/metarhnews\/wp-json\/wp\/v2\/posts"}],"about":[{"href":"https:\/\/metarh.com.br\/metarhnews\/wp-json\/wp\/v2\/types\/post"}],"author":[{"embeddable":true,"href":"https:\/\/metarh.com.br\/metarhnews\/wp-json\/wp\/v2\/users\/4"}],"replies":[{"embeddable":true,"href":"https:\/\/metarh.com.br\/metarhnews\/wp-json\/wp\/v2\/comments?post=16652"}],"version-history":[{"count":6,"href":"https:\/\/metarh.com.br\/metarhnews\/wp-json\/wp\/v2\/posts\/16652\/revisions"}],"predecessor-version":[{"id":16950,"href":"https:\/\/metarh.com.br\/metarhnews\/wp-json\/wp\/v2\/posts\/16652\/revisions\/16950"}],"wp:featuredmedia":[{"embeddable":true,"href":"https:\/\/metarh.com.br\/metarhnews\/wp-json\/wp\/v2\/media\/16655"}],"wp:attachment":[{"href":"https:\/\/metarh.com.br\/metarhnews\/wp-json\/wp\/v2\/media?parent=16652"}],"wp:term":[{"taxonomy":"category","embeddable":true,"href":"https:\/\/metarh.com.br\/metarhnews\/wp-json\/wp\/v2\/categories?post=16652"},{"taxonomy":"post_tag","embeddable":true,"href":"https:\/\/metarh.com.br\/metarhnews\/wp-json\/wp\/v2\/tags?post=16652"}],"curies":[{"name":"wp","href":"https:\/\/api.w.org\/{rel}","templated":true}]}}