{"id":16708,"date":"2025-10-13T08:59:34","date_gmt":"2025-10-13T11:59:34","guid":{"rendered":"https:\/\/metarh.com.br\/metarhnews\/?p=16708"},"modified":"2025-12-26T15:17:21","modified_gmt":"2025-12-26T18:17:21","slug":"dia-das-criancas","status":"publish","type":"post","link":"https:\/\/metarh.com.br\/metarhnews\/dia-das-criancas\/","title":{"rendered":"Dia das Crian\u00e7as: Futuro Incr\u00edvel &#8211; METARH +Cast #17"},"content":{"rendered":"\n<figure class=\"wp-block-embed is-type-video is-provider-youtube wp-block-embed-youtube wp-embed-aspect-16-9 wp-has-aspect-ratio\"><div class=\"wp-block-embed__wrapper\">\n<iframe title=\"METARH +Cast #17: Dia das Crian\u00e7as: Futuro Incr\u00edvel\" width=\"720\" height=\"405\" src=\"https:\/\/www.youtube.com\/embed\/Lw2nAheHae8?feature=oembed\" frameborder=\"0\" allow=\"accelerometer; autoplay; clipboard-write; encrypted-media; gyroscope; picture-in-picture; web-share\" referrerpolicy=\"strict-origin-when-cross-origin\" allowfullscreen><\/iframe>\n<\/div><\/figure>\n\n\n\n<p>Neste epis\u00f3dio especial do \ud83c\udf99\ufe0fMETARH +Cast, em comemora\u00e7\u00e3o ao Dia das Crian\u00e7as, vamos mergulhar no olhar \u00fanico e criativo das crian\u00e7as sobre o mundo do trabalho. Al\u00e9m disso, entre imagina\u00e7\u00e3o, curiosidade e mensagens cheias de carinho, esse epis\u00f3dio mostra claramente como o futuro come\u00e7a nos sonhos da inf\u00e2ncia.<\/p>\n\n\n\n<p>Quando pensamos em carreira e profiss\u00e3o, normalmente associamos a escolhas racionais e planejadas. No entanto, antes disso, tudo nasce da curiosidade e da imagina\u00e7\u00e3o. Por isso, \u00e9 nessa fase que surgem as primeiras ideias sobre o que os pais fazem no dia a dia e sobre o que cada um gostaria de ser quando crescer.<\/p>\n\n\n\n<p>Assim, foi com esse esp\u00edrito que convidamos filhos e filhas dos profissionais da METARH para um bate-papo leve, divertido e cheio de surpresas. Durante a conversa, eles compartilharam como enxergam o trabalho dos pais, falaram sobre profiss\u00f5es dos sonhos e at\u00e9 inventaram novas possibilidades, mostrando, portanto, que o futuro \u00e9 ilimitado quando se \u00e9 crian\u00e7a.<\/p>\n\n\n\n<h3 class=\"wp-block-heading\" id=\"h-nossos-convidados\">Nossos Convidados<\/h3>\n\n\n\n<p>O epis\u00f3dio foi conduzido pela <a href=\"https:\/\/www.linkedin.com\/in\/kellycsarnold\/\">Kelly Arnold<\/a> e contou com a participa\u00e7\u00e3o de tr\u00eas convidados muito especiais: Ana Clara, de 11 anos, filha da Richielle (R&amp;S); Lucas, de 9 anos, filho da Nathalia (Folha); e Bernardo, tamb\u00e9m de 9 anos, filho do Paulo (Administrativo).<\/p>\n\n\n\n<p>Ao longo da conversa, as crian\u00e7as foram guiadas por perguntas simples, mas muito significativas. Primeiramente, elas foram convidadas a deixar uma mensagem especial para os pais. Em seguida, compartilharam o que imaginavam que o pai ou a m\u00e3e faziam no trabalho. Logo depois, falaram sobre o futuro, contando o que desejam ser quando crescer. Al\u00e9m disso, tiveram espa\u00e7o para inventar profiss\u00f5es novas e criativas, mostrando toda a espontaneidade da inf\u00e2ncia. Por fim, refletiram se trabalhar pode ser parecido com brincar e, em caso afirmativo, de que maneira isso acontece.<\/p>\n\n\n\n<h3 class=\"wp-block-heading\" id=\"h-o-que-aprendemos-com-esse-episodio\">O que Aprendemos com Esse Epis\u00f3dio<\/h3>\n\n\n\n<p>Ao longo da conversa, percebemos que a forma como as crian\u00e7as entendem o trabalho revela muito sobre como n\u00f3s, adultos, transmitimos nossos valores e exemplos no dia a dia. Esse epis\u00f3dio nos lembra de algo essencial: <strong>antes de toda trajet\u00f3ria profissional, existe uma crian\u00e7a cheia de sonhos que come\u00e7ou a imaginar o futuro l\u00e1 atr\u00e1s.<\/strong><\/p>\n\n\n\n<p>O <a href=\"https:\/\/metarh.com.br\/metarhnews\/criancas\/\"><strong>Dia das Crian\u00e7as<\/strong> <\/a>vai al\u00e9m de uma data comemorativa. Ele refor\u00e7a a import\u00e2ncia do cuidado, da prote\u00e7\u00e3o e do desenvolvimento infantil, temas que tamb\u00e9m est\u00e3o no centro de iniciativas sociais e corporativas voltadas \u00e0s crian\u00e7as.<\/p>\n\n\n\n<figure class=\"wp-block-image size-large\"><img fetchpriority=\"high\" decoding=\"async\" width=\"1024\" height=\"427\" src=\"https:\/\/metarh.com.br\/metarhnews\/wp-content\/uploads\/2025\/09\/Header-Staffing-1024x427.jpg\" alt=\"\" class=\"wp-image-16663\" srcset=\"https:\/\/metarh.com.br\/metarhnews\/wp-content\/uploads\/2025\/09\/Header-Staffing-1024x427.jpg 1024w, https:\/\/metarh.com.br\/metarhnews\/wp-content\/uploads\/2025\/09\/Header-Staffing-300x125.jpg 300w, https:\/\/metarh.com.br\/metarhnews\/wp-content\/uploads\/2025\/09\/Header-Staffing-768x320.jpg 768w, https:\/\/metarh.com.br\/metarhnews\/wp-content\/uploads\/2025\/09\/Header-Staffing.jpg 1200w\" sizes=\"(max-width: 1024px) 100vw, 1024px\" \/><\/figure>\n\n\n\n<h3 class=\"wp-block-heading\" id=\"h-insights-praticos-para-sua-empresa\">Insights Pr\u00e1ticos para sua Empresa<\/h3>\n\n\n\n<p>Esse epis\u00f3dio tamb\u00e9m \u00e9 um convite para refletirmos sobre a import\u00e2ncia da criatividade e da imagina\u00e7\u00e3o na gest\u00e3o de pessoas. Incentivar colaboradores a sonharem, experimentarem e inovarem pode ser a chave para um futuro profissional mais humano, criativo e inspirador.<\/p>\n\n\n\n<p>\u2702 <strong>CORTES DO METARH +Cast: <\/strong><br><a href=\"https:\/\/www.youtube.com\/playlist?list=PLCG_DQH30HwwfNQ9A76o6EI7UjNc9hGxh \">https:\/\/www.youtube.com\/playlist?list=PLCG_DQH30HwwfNQ9A76o6EI7UjNc9hGxh <\/a><\/p>\n\n\n\n<p>\u260e \ud83d\udce7 Contato: marketing@metarh.com.br <\/p>\n\n\n\n<p><strong>REALIZA\u00c7\u00c3O: <\/strong><br>METARH<br><a href=\"https:\/\/www.metarh.com.br\">https:\/\/www.metarh.com.br<\/a><\/p>\n\n\n\n<p>Quer se candidatar para nossas vagas? <br><a href=\"https:\/\/www.metarh.selecty.com.br\">https:\/\/www.metarh.selecty.com.br<\/a><\/p>\n<div style=\"margin-top: 0px; margin-bottom: 0px;\" class=\"sharethis-inline-share-buttons\" ><\/div>","protected":false},"excerpt":{"rendered":"<p>Neste epis\u00f3dio do \ud83c\udf99\ufe0fMETARH +Cast, desvendamos o universo da m\u00e3o de obra terceirizada e tempor\u00e1ria, abordando desafios e solu\u00e7\u00f5es estrat\u00e9gicas para empresas que buscam efici\u00eancia e seguran\u00e7a na gest\u00e3o de pessoas. Com a participa\u00e7\u00e3o de especialistas jur\u00eddicos, discutimos as principais diferen\u00e7as entre terceirizados, tempor\u00e1rios e CLT, al\u00e9m de como estruturar contrata\u00e7\u00f5es que realmente agreguem valor ao neg\u00f3cio. Se sua empresa precisa otimizar processos de contrata\u00e7\u00e3o sem comprometer a conformidade legal, este epis\u00f3dio \u00e9 imperd\u00edvel! Aperte o play e descubra insights pr\u00e1ticos para transformar sua gest\u00e3o de m\u00e3o de obra!<\/p>\n","protected":false},"author":4,"featured_media":16710,"comment_status":"open","ping_status":"open","sticky":false,"template":"","format":"standard","meta":{"_kadence_starter_templates_imported_post":false,"_kad_post_transparent":"","_kad_post_title":"","_kad_post_layout":"","_kad_post_sidebar_id":"","_kad_post_content_style":"","_kad_post_vertical_padding":"","_kad_post_feature":"","_kad_post_feature_position":"","_kad_post_header":false,"_kad_post_footer":false,"_kad_post_classname":"","footnotes":""},"categories":[145,163,7,9],"tags":[161,159,138,160,8,126,13],"class_list":["post-16708","post","type-post","status-publish","format-standard","has-post-thumbnail","hentry","category-carreira","category-descoberta-de-conteudos-de-rh","category-podcast","category-videos","tag-dia-das-criancas","tag-mao-de-obra","tag-mao-de-obra-terceira","tag-outsourcing","tag-podcast","tag-recrutamento-e-selecao","tag-recursos-humanos"],"yoast_head":"<!-- This site is optimized with the Yoast SEO Premium plugin v26.6 (Yoast SEO v27.5) - https:\/\/yoast.com\/product\/yoast-seo-premium-wordpress\/ -->\n<title>Dia das Crian\u00e7as: Futuro Incr\u00edvel - METARH +Cast #17<\/title>\n<meta name=\"description\" content=\"Celebre o Dia das Crian\u00e7as ao explorar o olhar criativo das crian\u00e7as sobre o mundo do trabalho e suas futuras profiss\u00f5es. %\" \/>\n<meta name=\"robots\" content=\"index, follow, max-snippet:-1, max-image-preview:large, max-video-preview:-1\" \/>\n<link rel=\"canonical\" href=\"https:\/\/metarh.com.br\/metarhnews\/dia-das-criancas\/\" \/>\n<meta property=\"og:locale\" content=\"pt_BR\" \/>\n<meta property=\"og:type\" content=\"article\" \/>\n<meta property=\"og:title\" content=\"Dia das Crian\u00e7as: Olhar Criativo sobre o Trabalho\" \/>\n<meta property=\"og:description\" content=\"Celebre o Dia das Crian\u00e7as com um epis\u00f3dio especial sobre a vis\u00e3o curiosa das crian\u00e7as sobre o mundo do trabalho.\" \/>\n<meta property=\"og:url\" content=\"https:\/\/metarh.com.br\/metarhnews\/dia-das-criancas\/\" \/>\n<meta property=\"og:site_name\" content=\"METARH +News\" \/>\n<meta property=\"article:publisher\" content=\"https:\/\/www.facebook.com\/metarhumana\" \/>\n<meta property=\"article:author\" content=\"https:\/\/www.facebook.com\/metarhconsultoria\" \/>\n<meta property=\"article:published_time\" content=\"2025-10-13T11:59:34+00:00\" \/>\n<meta property=\"article:modified_time\" content=\"2025-12-26T18:17:21+00:00\" \/>\n<meta property=\"og:image\" content=\"https:\/\/metarh.com.br\/metarhnews\/wp-content\/uploads\/2025\/10\/Blog_17.jpg\" \/>\n\t<meta property=\"og:image:width\" content=\"1060\" \/>\n\t<meta property=\"og:image:height\" content=\"700\" \/>\n\t<meta property=\"og:image:type\" content=\"image\/jpeg\" \/>\n<meta name=\"author\" content=\"METARH\" \/>\n<meta name=\"twitter:card\" content=\"summary_large_image\" \/>\n<meta name=\"twitter:title\" content=\"Dia das Crian\u00e7as: Futuro Incr\u00edvel - METARH +Cast #17\" \/>\n<meta name=\"twitter:creator\" content=\"@metarhumana\" \/>\n<meta name=\"twitter:site\" content=\"@metarhumana\" \/>\n<meta name=\"twitter:label1\" content=\"Escrito por\" \/>\n\t<meta name=\"twitter:data1\" content=\"METARH\" \/>\n\t<meta name=\"twitter:label2\" content=\"Est. tempo de leitura\" \/>\n\t<meta name=\"twitter:data2\" content=\"3 minutos\" \/>\n<script type=\"application\/ld+json\" class=\"yoast-schema-graph\">{\"@context\":\"https:\\\/\\\/schema.org\",\"@graph\":[{\"@type\":\"Article\",\"@id\":\"https:\\\/\\\/metarh.com.br\\\/metarhnews\\\/dia-das-criancas\\\/#article\",\"isPartOf\":{\"@id\":\"https:\\\/\\\/metarh.com.br\\\/metarhnews\\\/dia-das-criancas\\\/\"},\"author\":{\"name\":\"METARH\",\"@id\":\"https:\\\/\\\/metarh.com.br\\\/metarhnews\\\/#\\\/schema\\\/person\\\/930900bc40677695dc9df602ec0366d0\"},\"headline\":\"Dia das Crian\u00e7as: Futuro Incr\u00edvel &#8211; METARH +Cast #17\",\"datePublished\":\"2025-10-13T11:59:34+00:00\",\"dateModified\":\"2025-12-26T18:17:21+00:00\",\"mainEntityOfPage\":{\"@id\":\"https:\\\/\\\/metarh.com.br\\\/metarhnews\\\/dia-das-criancas\\\/\"},\"wordCount\":534,\"commentCount\":0,\"publisher\":{\"@id\":\"https:\\\/\\\/metarh.com.br\\\/metarhnews\\\/#organization\"},\"image\":{\"@id\":\"https:\\\/\\\/metarh.com.br\\\/metarhnews\\\/dia-das-criancas\\\/#primaryimage\"},\"thumbnailUrl\":\"https:\\\/\\\/metarh.com.br\\\/metarhnews\\\/wp-content\\\/uploads\\\/2025\\\/10\\\/Blog_17.jpg\",\"keywords\":[\"Dia das Crian\u00e7as\",\"m\u00e3o de obra\",\"M\u00e3o de Obra Terceira\",\"Outsourcing\",\"Podcast\",\"Recrutamento e Sele\u00e7\u00e3o\",\"Recursos Humanos\"],\"articleSection\":[\"Carreira\",\"Descoberta\",\"Podcast\",\"V\u00eddeos\"],\"inLanguage\":\"pt-BR\",\"potentialAction\":[{\"@type\":\"CommentAction\",\"name\":\"Comment\",\"target\":[\"https:\\\/\\\/metarh.com.br\\\/metarhnews\\\/dia-das-criancas\\\/#respond\"]}],\"copyrightYear\":\"2025\",\"copyrightHolder\":{\"@id\":\"https:\\\/\\\/metarh.com.br\\\/metarhnews\\\/#organization\"}},{\"@type\":\"WebPage\",\"@id\":\"https:\\\/\\\/metarh.com.br\\\/metarhnews\\\/dia-das-criancas\\\/\",\"url\":\"https:\\\/\\\/metarh.com.br\\\/metarhnews\\\/dia-das-criancas\\\/\",\"name\":\"Dia das Crian\u00e7as: Futuro Incr\u00edvel - METARH +Cast #17\",\"isPartOf\":{\"@id\":\"https:\\\/\\\/metarh.com.br\\\/metarhnews\\\/#website\"},\"primaryImageOfPage\":{\"@id\":\"https:\\\/\\\/metarh.com.br\\\/metarhnews\\\/dia-das-criancas\\\/#primaryimage\"},\"image\":{\"@id\":\"https:\\\/\\\/metarh.com.br\\\/metarhnews\\\/dia-das-criancas\\\/#primaryimage\"},\"thumbnailUrl\":\"https:\\\/\\\/metarh.com.br\\\/metarhnews\\\/wp-content\\\/uploads\\\/2025\\\/10\\\/Blog_17.jpg\",\"datePublished\":\"2025-10-13T11:59:34+00:00\",\"dateModified\":\"2025-12-26T18:17:21+00:00\",\"description\":\"Celebre o Dia das Crian\u00e7as ao explorar o olhar criativo das crian\u00e7as sobre o mundo do trabalho e suas futuras profiss\u00f5es. %\",\"breadcrumb\":{\"@id\":\"https:\\\/\\\/metarh.com.br\\\/metarhnews\\\/dia-das-criancas\\\/#breadcrumb\"},\"inLanguage\":\"pt-BR\",\"potentialAction\":[{\"@type\":\"ReadAction\",\"target\":[\"https:\\\/\\\/metarh.com.br\\\/metarhnews\\\/dia-das-criancas\\\/\"]}]},{\"@type\":\"ImageObject\",\"inLanguage\":\"pt-BR\",\"@id\":\"https:\\\/\\\/metarh.com.br\\\/metarhnews\\\/dia-das-criancas\\\/#primaryimage\",\"url\":\"https:\\\/\\\/metarh.com.br\\\/metarhnews\\\/wp-content\\\/uploads\\\/2025\\\/10\\\/Blog_17.jpg\",\"contentUrl\":\"https:\\\/\\\/metarh.com.br\\\/metarhnews\\\/wp-content\\\/uploads\\\/2025\\\/10\\\/Blog_17.jpg\",\"width\":1060,\"height\":700},{\"@type\":\"BreadcrumbList\",\"@id\":\"https:\\\/\\\/metarh.com.br\\\/metarhnews\\\/dia-das-criancas\\\/#breadcrumb\",\"itemListElement\":[{\"@type\":\"ListItem\",\"position\":1,\"name\":\"In\u00edcio\",\"item\":\"https:\\\/\\\/metarh.com.br\\\/metarhnews\\\/\"},{\"@type\":\"ListItem\",\"position\":2,\"name\":\"Dia das Crian\u00e7as: Futuro Incr\u00edvel &#8211; METARH +Cast #17\"}]},{\"@type\":\"WebSite\",\"@id\":\"https:\\\/\\\/metarh.com.br\\\/metarhnews\\\/#website\",\"url\":\"https:\\\/\\\/metarh.com.br\\\/metarhnews\\\/\",\"name\":\"METARH +News\",\"description\":\"Conte\u00fado focado em Gest\u00e3o de Pessoas\",\"publisher\":{\"@id\":\"https:\\\/\\\/metarh.com.br\\\/metarhnews\\\/#organization\"},\"potentialAction\":[{\"@type\":\"SearchAction\",\"target\":{\"@type\":\"EntryPoint\",\"urlTemplate\":\"https:\\\/\\\/metarh.com.br\\\/metarhnews\\\/?s={search_term_string}\"},\"query-input\":{\"@type\":\"PropertyValueSpecification\",\"valueRequired\":true,\"valueName\":\"search_term_string\"}}],\"inLanguage\":\"pt-BR\"},{\"@type\":\"Organization\",\"@id\":\"https:\\\/\\\/metarh.com.br\\\/metarhnews\\\/#organization\",\"name\":\"METARH +Humana\",\"url\":\"https:\\\/\\\/metarh.com.br\\\/metarhnews\\\/\",\"logo\":{\"@type\":\"ImageObject\",\"inLanguage\":\"pt-BR\",\"@id\":\"https:\\\/\\\/metarh.com.br\\\/metarhnews\\\/#\\\/schema\\\/logo\\\/image\\\/\",\"url\":\"https:\\\/\\\/metarh.com.br\\\/metarhnews\\\/wp-content\\\/uploads\\\/2025\\\/02\\\/METARH-Azul-Horizontal.png\",\"contentUrl\":\"https:\\\/\\\/metarh.com.br\\\/metarhnews\\\/wp-content\\\/uploads\\\/2025\\\/02\\\/METARH-Azul-Horizontal.png\",\"width\":1002,\"height\":303,\"caption\":\"METARH +Humana\"},\"image\":{\"@id\":\"https:\\\/\\\/metarh.com.br\\\/metarhnews\\\/#\\\/schema\\\/logo\\\/image\\\/\"},\"sameAs\":[\"https:\\\/\\\/www.facebook.com\\\/metarhumana\",\"https:\\\/\\\/x.com\\\/metarhumana\",\"https:\\\/\\\/www.instagram.com\\\/metarhumana\\\/\",\"https:\\\/\\\/www.youtube.com\\\/@metarhumana\"]},{\"@type\":\"Person\",\"@id\":\"https:\\\/\\\/metarh.com.br\\\/metarhnews\\\/#\\\/schema\\\/person\\\/930900bc40677695dc9df602ec0366d0\",\"name\":\"METARH\",\"image\":{\"@type\":\"ImageObject\",\"inLanguage\":\"pt-BR\",\"@id\":\"https:\\\/\\\/secure.gravatar.com\\\/avatar\\\/e03963382c9576f1c9989940c2d59ebc780df154afc76a079627bbbdb3dcefa1?s=96&d=mm&r=g\",\"url\":\"https:\\\/\\\/secure.gravatar.com\\\/avatar\\\/e03963382c9576f1c9989940c2d59ebc780df154afc76a079627bbbdb3dcefa1?s=96&d=mm&r=g\",\"contentUrl\":\"https:\\\/\\\/secure.gravatar.com\\\/avatar\\\/e03963382c9576f1c9989940c2d59ebc780df154afc76a079627bbbdb3dcefa1?s=96&d=mm&r=g\",\"caption\":\"METARH\"},\"description\":\"Somos uma consultoria de recursos humanos com mais de 40 anos de mercado, ajudando empresas como a sua a encontrarem o talento certo. Nossos processos s\u00e3o focados no sucesso dos clientes sem deixar de lado a experi\u00eancia positiva das pessoas candidatas.\",\"sameAs\":[\"http:\\\/\\\/www.metarh.com.br\",\"https:\\\/\\\/www.facebook.com\\\/metarhconsultoria\",\"https:\\\/\\\/www.instagram.com\\\/metarhconsultoria\\\/\",\"https:\\\/\\\/www.linkedin.com\\\/company\\\/metarhconsultoria\",\"http:\\\/\\\/youtube.com\\\/@metarhconsultoria\"],\"url\":\"https:\\\/\\\/metarh.com.br\\\/metarhnews\\\/author\\\/editorial-metarh\\\/\"}]}<\/script>\n<meta property=\"og:video\" content=\"https:\/\/www.youtube.com\/embed\/Lw2nAheHae8\" \/>\n<meta property=\"og:video:type\" content=\"text\/html\" \/>\n<meta property=\"og:video:duration\" content=\"2961\" \/>\n<meta property=\"og:video:width\" content=\"480\" \/>\n<meta property=\"og:video:height\" content=\"270\" \/>\n<meta property=\"ya:ovs:adult\" content=\"false\" \/>\n<meta property=\"ya:ovs:upload_date\" content=\"2025-10-13T11:59:34+00:00\" \/>\n<meta property=\"ya:ovs:allow_embed\" content=\"true\" \/>\n<!-- \/ Yoast SEO Premium plugin. -->","yoast_head_json":{"title":"Dia das Crian\u00e7as: Futuro Incr\u00edvel - METARH +Cast #17","description":"Celebre o Dia das Crian\u00e7as ao explorar o olhar criativo das crian\u00e7as sobre o mundo do trabalho e suas futuras profiss\u00f5es. %","robots":{"index":"index","follow":"follow","max-snippet":"max-snippet:-1","max-image-preview":"max-image-preview:large","max-video-preview":"max-video-preview:-1"},"canonical":"https:\/\/metarh.com.br\/metarhnews\/dia-das-criancas\/","og_locale":"pt_BR","og_type":"article","og_title":"Dia das Crian\u00e7as: Olhar Criativo sobre o Trabalho","og_description":"Celebre o Dia das Crian\u00e7as com um epis\u00f3dio especial sobre a vis\u00e3o curiosa das crian\u00e7as sobre o mundo do trabalho.","og_url":"https:\/\/metarh.com.br\/metarhnews\/dia-das-criancas\/","og_site_name":"METARH +News","article_publisher":"https:\/\/www.facebook.com\/metarhumana","article_author":"https:\/\/www.facebook.com\/metarhconsultoria","article_published_time":"2025-10-13T11:59:34+00:00","article_modified_time":"2025-12-26T18:17:21+00:00","og_image":[{"width":1060,"height":700,"url":"https:\/\/metarh.com.br\/metarhnews\/wp-content\/uploads\/2025\/10\/Blog_17.jpg","type":"image\/jpeg"}],"author":"METARH","twitter_card":"summary_large_image","twitter_title":"Dia das Crian\u00e7as: Futuro Incr\u00edvel - METARH +Cast #17","twitter_creator":"@metarhumana","twitter_site":"@metarhumana","twitter_misc":{"Escrito por":"METARH","Est. tempo de leitura":"3 minutos"},"schema":{"@context":"https:\/\/schema.org","@graph":[{"@type":"Article","@id":"https:\/\/metarh.com.br\/metarhnews\/dia-das-criancas\/#article","isPartOf":{"@id":"https:\/\/metarh.com.br\/metarhnews\/dia-das-criancas\/"},"author":{"name":"METARH","@id":"https:\/\/metarh.com.br\/metarhnews\/#\/schema\/person\/930900bc40677695dc9df602ec0366d0"},"headline":"Dia das Crian\u00e7as: Futuro Incr\u00edvel &#8211; METARH +Cast #17","datePublished":"2025-10-13T11:59:34+00:00","dateModified":"2025-12-26T18:17:21+00:00","mainEntityOfPage":{"@id":"https:\/\/metarh.com.br\/metarhnews\/dia-das-criancas\/"},"wordCount":534,"commentCount":0,"publisher":{"@id":"https:\/\/metarh.com.br\/metarhnews\/#organization"},"image":{"@id":"https:\/\/metarh.com.br\/metarhnews\/dia-das-criancas\/#primaryimage"},"thumbnailUrl":"https:\/\/metarh.com.br\/metarhnews\/wp-content\/uploads\/2025\/10\/Blog_17.jpg","keywords":["Dia das Crian\u00e7as","m\u00e3o de obra","M\u00e3o de Obra Terceira","Outsourcing","Podcast","Recrutamento e Sele\u00e7\u00e3o","Recursos Humanos"],"articleSection":["Carreira","Descoberta","Podcast","V\u00eddeos"],"inLanguage":"pt-BR","potentialAction":[{"@type":"CommentAction","name":"Comment","target":["https:\/\/metarh.com.br\/metarhnews\/dia-das-criancas\/#respond"]}],"copyrightYear":"2025","copyrightHolder":{"@id":"https:\/\/metarh.com.br\/metarhnews\/#organization"}},{"@type":"WebPage","@id":"https:\/\/metarh.com.br\/metarhnews\/dia-das-criancas\/","url":"https:\/\/metarh.com.br\/metarhnews\/dia-das-criancas\/","name":"Dia das Crian\u00e7as: Futuro Incr\u00edvel - METARH +Cast #17","isPartOf":{"@id":"https:\/\/metarh.com.br\/metarhnews\/#website"},"primaryImageOfPage":{"@id":"https:\/\/metarh.com.br\/metarhnews\/dia-das-criancas\/#primaryimage"},"image":{"@id":"https:\/\/metarh.com.br\/metarhnews\/dia-das-criancas\/#primaryimage"},"thumbnailUrl":"https:\/\/metarh.com.br\/metarhnews\/wp-content\/uploads\/2025\/10\/Blog_17.jpg","datePublished":"2025-10-13T11:59:34+00:00","dateModified":"2025-12-26T18:17:21+00:00","description":"Celebre o Dia das Crian\u00e7as ao explorar o olhar criativo das crian\u00e7as sobre o mundo do trabalho e suas futuras profiss\u00f5es. %","breadcrumb":{"@id":"https:\/\/metarh.com.br\/metarhnews\/dia-das-criancas\/#breadcrumb"},"inLanguage":"pt-BR","potentialAction":[{"@type":"ReadAction","target":["https:\/\/metarh.com.br\/metarhnews\/dia-das-criancas\/"]}]},{"@type":"ImageObject","inLanguage":"pt-BR","@id":"https:\/\/metarh.com.br\/metarhnews\/dia-das-criancas\/#primaryimage","url":"https:\/\/metarh.com.br\/metarhnews\/wp-content\/uploads\/2025\/10\/Blog_17.jpg","contentUrl":"https:\/\/metarh.com.br\/metarhnews\/wp-content\/uploads\/2025\/10\/Blog_17.jpg","width":1060,"height":700},{"@type":"BreadcrumbList","@id":"https:\/\/metarh.com.br\/metarhnews\/dia-das-criancas\/#breadcrumb","itemListElement":[{"@type":"ListItem","position":1,"name":"In\u00edcio","item":"https:\/\/metarh.com.br\/metarhnews\/"},{"@type":"ListItem","position":2,"name":"Dia das Crian\u00e7as: Futuro Incr\u00edvel &#8211; METARH +Cast #17"}]},{"@type":"WebSite","@id":"https:\/\/metarh.com.br\/metarhnews\/#website","url":"https:\/\/metarh.com.br\/metarhnews\/","name":"METARH +News","description":"Conte\u00fado focado em Gest\u00e3o de Pessoas","publisher":{"@id":"https:\/\/metarh.com.br\/metarhnews\/#organization"},"potentialAction":[{"@type":"SearchAction","target":{"@type":"EntryPoint","urlTemplate":"https:\/\/metarh.com.br\/metarhnews\/?s={search_term_string}"},"query-input":{"@type":"PropertyValueSpecification","valueRequired":true,"valueName":"search_term_string"}}],"inLanguage":"pt-BR"},{"@type":"Organization","@id":"https:\/\/metarh.com.br\/metarhnews\/#organization","name":"METARH +Humana","url":"https:\/\/metarh.com.br\/metarhnews\/","logo":{"@type":"ImageObject","inLanguage":"pt-BR","@id":"https:\/\/metarh.com.br\/metarhnews\/#\/schema\/logo\/image\/","url":"https:\/\/metarh.com.br\/metarhnews\/wp-content\/uploads\/2025\/02\/METARH-Azul-Horizontal.png","contentUrl":"https:\/\/metarh.com.br\/metarhnews\/wp-content\/uploads\/2025\/02\/METARH-Azul-Horizontal.png","width":1002,"height":303,"caption":"METARH +Humana"},"image":{"@id":"https:\/\/metarh.com.br\/metarhnews\/#\/schema\/logo\/image\/"},"sameAs":["https:\/\/www.facebook.com\/metarhumana","https:\/\/x.com\/metarhumana","https:\/\/www.instagram.com\/metarhumana\/","https:\/\/www.youtube.com\/@metarhumana"]},{"@type":"Person","@id":"https:\/\/metarh.com.br\/metarhnews\/#\/schema\/person\/930900bc40677695dc9df602ec0366d0","name":"METARH","image":{"@type":"ImageObject","inLanguage":"pt-BR","@id":"https:\/\/secure.gravatar.com\/avatar\/e03963382c9576f1c9989940c2d59ebc780df154afc76a079627bbbdb3dcefa1?s=96&d=mm&r=g","url":"https:\/\/secure.gravatar.com\/avatar\/e03963382c9576f1c9989940c2d59ebc780df154afc76a079627bbbdb3dcefa1?s=96&d=mm&r=g","contentUrl":"https:\/\/secure.gravatar.com\/avatar\/e03963382c9576f1c9989940c2d59ebc780df154afc76a079627bbbdb3dcefa1?s=96&d=mm&r=g","caption":"METARH"},"description":"Somos uma consultoria de recursos humanos com mais de 40 anos de mercado, ajudando empresas como a sua a encontrarem o talento certo. Nossos processos s\u00e3o focados no sucesso dos clientes sem deixar de lado a experi\u00eancia positiva das pessoas candidatas.","sameAs":["http:\/\/www.metarh.com.br","https:\/\/www.facebook.com\/metarhconsultoria","https:\/\/www.instagram.com\/metarhconsultoria\/","https:\/\/www.linkedin.com\/company\/metarhconsultoria","http:\/\/youtube.com\/@metarhconsultoria"],"url":"https:\/\/metarh.com.br\/metarhnews\/author\/editorial-metarh\/"}]},"og_video":"https:\/\/www.youtube.com\/embed\/Lw2nAheHae8","og_video_type":"text\/html","og_video_duration":"2961","og_video_width":"480","og_video_height":"270","ya_ovs_adult":"false","ya_ovs_upload_date":"2025-10-13T11:59:34+00:00","ya_ovs_allow_embed":"true"},"_links":{"self":[{"href":"https:\/\/metarh.com.br\/metarhnews\/wp-json\/wp\/v2\/posts\/16708","targetHints":{"allow":["GET"]}}],"collection":[{"href":"https:\/\/metarh.com.br\/metarhnews\/wp-json\/wp\/v2\/posts"}],"about":[{"href":"https:\/\/metarh.com.br\/metarhnews\/wp-json\/wp\/v2\/types\/post"}],"author":[{"embeddable":true,"href":"https:\/\/metarh.com.br\/metarhnews\/wp-json\/wp\/v2\/users\/4"}],"replies":[{"embeddable":true,"href":"https:\/\/metarh.com.br\/metarhnews\/wp-json\/wp\/v2\/comments?post=16708"}],"version-history":[{"count":2,"href":"https:\/\/metarh.com.br\/metarhnews\/wp-json\/wp\/v2\/posts\/16708\/revisions"}],"predecessor-version":[{"id":16983,"href":"https:\/\/metarh.com.br\/metarhnews\/wp-json\/wp\/v2\/posts\/16708\/revisions\/16983"}],"wp:featuredmedia":[{"embeddable":true,"href":"https:\/\/metarh.com.br\/metarhnews\/wp-json\/wp\/v2\/media\/16710"}],"wp:attachment":[{"href":"https:\/\/metarh.com.br\/metarhnews\/wp-json\/wp\/v2\/media?parent=16708"}],"wp:term":[{"taxonomy":"category","embeddable":true,"href":"https:\/\/metarh.com.br\/metarhnews\/wp-json\/wp\/v2\/categories?post=16708"},{"taxonomy":"post_tag","embeddable":true,"href":"https:\/\/metarh.com.br\/metarhnews\/wp-json\/wp\/v2\/tags?post=16708"}],"curies":[{"name":"wp","href":"https:\/\/api.w.org\/{rel}","templated":true}]}}