{"id":16911,"date":"2025-12-02T10:07:48","date_gmt":"2025-12-02T13:07:48","guid":{"rendered":"https:\/\/metarh.com.br\/metarhnews\/?p=16911"},"modified":"2026-01-21T17:00:34","modified_gmt":"2026-01-21T20:00:34","slug":"futuro-lideranca-2026","status":"publish","type":"post","link":"https:\/\/metarh.com.br\/metarhnews\/futuro-lideranca-2026\/","title":{"rendered":"Tend\u00eancias de lideran\u00e7a para 2026: o que os dados revelam sobre alta e m\u00e9dia gest\u00e3o"},"content":{"rendered":"\n<p>As tend\u00eancias de lideran\u00e7a para 2026 j\u00e1 est\u00e3o remodelando a alta e a m\u00e9dia gest\u00e3o das empresas brasileiras. Que a estrutura da lideran\u00e7a no pa\u00eds tem passado por mudan\u00e7as significativas, voc\u00ea provavelmente j\u00e1 percebeu. No entanto, quais transforma\u00e7\u00f5es est\u00e3o acontecendo e como, consequentemente, elas impactar\u00e3o os neg\u00f3cios no pr\u00f3ximo ano?<\/p>\n\n\n\n<p>Para responder essas perguntas, a METARH realizou um estudo amplo, utilizando dados do <em>Leads Insights<\/em> do LinkedIn, sobre o comportamento das empresas na constru\u00e7\u00e3o de um pipeline de <a href=\"https:\/\/metarh.com.br\/metarhnews\/autogestao-lideranca-estrategica-c-level\/\">lideran\u00e7a<\/a>. Ao longo deste artigo, voc\u00ea confere os principais resultados e entende como interpret\u00e1-los de forma estrat\u00e9gica.<\/p>\n\n\n\n<p><strong>O que voc\u00ea vai ver neste artigo:<\/strong><\/p>\n\n\n\n<ul class=\"wp-block-list\">\n<li>Insights sobre como a lideran\u00e7a est\u00e1 se movimentando no Brasil;<\/li>\n\n\n\n<li>Tend\u00eancias da alta e m\u00e9dia gest\u00e3o para 2026;<\/li>\n\n\n\n<li>Como as empresas podem agir diante desse cen\u00e1rio.<\/li>\n<\/ul>\n\n\n\n<h2 class=\"wp-block-heading\" id=\"h-4-insights-chave-do-estudo-sobre-alta-e-media-gestao\"><strong>4 insights-chave do estudo sobre alta e m\u00e9dia gest\u00e3o<\/strong><\/h2>\n\n\n\n<p>A partir da an\u00e1lise de milhares de perfis profissionais, nosso levantamento revelou din\u00e2micas bem distintas entre a alta e a m\u00e9dia gest\u00e3o brasileira.&nbsp;Dessa forma, ficou evidente que os desafios da lideran\u00e7a n\u00e3o est\u00e3o distribu\u00eddos de forma homog\u00eanea entre os n\u00edveis hier\u00e1rquicos.<\/p>\n\n\n\n<p>D\u00ea s\u00f3 uma olhada nos achados principais:<\/p>\n\n\n\n<h5 class=\"wp-block-heading\" id=\"h-1-a-alta-gestao-esta-encolhendo-e-ficando-mais-competitiva\">1. <strong>A alta gest\u00e3o est\u00e1 encolhendo (e ficando mais competitiva)<\/strong><\/h5>\n\n\n\n<p>Nos \u00faltimos 12 meses, a maioria dos setores analisados registrou <strong>uma redu\u00e7\u00e3o no n\u00famero de profissionais em cargos de alta gest\u00e3o<\/strong>, refor\u00e7ando uma das <em>tend\u00eancias de lideran\u00e7a para 2026<\/em>: hierarquias mais enxutas e mais estrat\u00e9gicas.<\/p>\n\n\n\n<p>Entre os fatores que explicam esse movimento:<\/p>\n\n\n\n<ul class=\"wp-block-list\">\n<li>Estruturas organizacionais mais leves<\/li>\n\n\n\n<li>Avan\u00e7o da digitaliza\u00e7\u00e3o e automa\u00e7\u00e3o<\/li>\n\n\n\n<li>Busca por maior efici\u00eancia<\/li>\n\n\n\n<li>Redefini\u00e7\u00e3o das \u00e1reas mais estrat\u00e9gicas<\/li>\n<\/ul>\n\n\n\n<p>Como consequ\u00eancia, <strong>os an\u00fancios de vagas executivas tamb\u00e9m diminu\u00edram.<\/strong> Contudo, quando essas posi\u00e7\u00f5es s\u00e3o abertas, as empresas t\u00eam buscado perfis muito mais espec\u00edficos: lideran\u00e7as com maturidade estrat\u00e9gica e vis\u00e3o ampla de neg\u00f3cios.<\/p>\n\n\n\n<p>Essa combina\u00e7\u00e3o tem tornado a alta gest\u00e3o mais seletiva, e o processo para chegar at\u00e9 l\u00e1, portanto, mais competitivo do que nunca.<\/p>\n\n\n\n<h5 class=\"wp-block-heading\" id=\"h-2-a-media-gestao-esta-no-centro-da-crise-de-talentos\">2. <strong>A m\u00e9dia gest\u00e3o est\u00e1 no centro da crise de talentos<\/strong><\/h5>\n\n\n\n<p>Na m\u00e9dia gest\u00e3o, o movimento \u00e9 justamente o oposto: a demanda por contrata\u00e7\u00f5es continua alta, enquanto a oferta de profissionais qualificados vem diminuindo.<\/p>\n\n\n\n<p>Essa combina\u00e7\u00e3o cria um desequil\u00edbrio que j\u00e1 se reflete diretamente no mercado, sendo o aumento da <a href=\"https:\/\/metarh.com.br\/metarhnews\/engajamento-rotatividade-de-pessoal\/\">rotatividade<\/a> um dos primeiros sinais.<\/p>\n\n\n\n<p>Mais precisamente, os dados levantados pela METARH apontam que muitos setores t\u00eam:<\/p>\n\n\n\n<ul class=\"wp-block-list\">\n<li>Menos profissionais do que h\u00e1 12 meses;<\/li>\n\n\n\n<li>Mais volume de vagas abertas;<\/li>\n\n\n\n<li>Maior press\u00e3o por compet\u00eancias t\u00e9cnicas e de lideran\u00e7a de times;<\/li>\n\n\n\n<li>Menor disponibilidade de talentos prontos.<br><\/li>\n<\/ul>\n\n\n\n<p>Ou seja, <strong>o problema da lideran\u00e7a atual n\u00e3o come\u00e7a no topo, mas sim na base intermedi\u00e1ria.&nbsp;<\/strong><\/p>\n\n\n\n<p>Esse desequil\u00edbrio tem impacto direto n\u00e3o somente na continuidade da gest\u00e3o, mas tamb\u00e9m na produtividade dos colaboradores, no clima organizacional e no desempenho da empresa como um todo.<\/p>\n\n\n\n<h5 class=\"wp-block-heading\" id=\"h-3-a-diversidade-afunila-drasticamente-na-alta-gestao\">3. <strong>A diversidade afunila drasticamente na alta gest\u00e3o<\/strong><\/h5>\n\n\n\n<p>Entre as tend\u00eancias de lideran\u00e7a para 2026, o funil de diversidade merece aten\u00e7\u00e3o urgente.<\/p>\n\n\n\n<p>A m\u00e9dia gest\u00e3o apresenta uma distribui\u00e7\u00e3o mais equilibrada entre homens e mulheres. Mas, \u00e0 medida que a carreira avan\u00e7a para a alta gest\u00e3o, a desigualdade aumenta, chegando a ultrapassar 20 pontos percentuais em alguns setores.<\/p>\n\n\n\n<p>Embora <a href=\"https:\/\/metarh.com.br\/metarhnews\/lideranca-feminina\/\">mais mulheres estejam avan\u00e7ando<\/a>, esse progresso ainda n\u00e3o se reflete com a mesma for\u00e7a nos cargos de dire\u00e7\u00e3o.<\/p>\n\n\n\n<p>A solu\u00e7\u00e3o passa por:<\/p>\n\n\n\n<ul class=\"wp-block-list\">\n<li>Programas estruturados de desenvolvimento<\/li>\n\n\n\n<li>Sucess\u00e3o planejada e cont\u00ednua<\/li>\n\n\n\n<li>Pol\u00edticas ativas para redu\u00e7\u00e3o do funil de diversidade<\/li>\n<\/ul>\n\n\n\n<h5 class=\"wp-block-heading\" id=\"h-4-desalinhamento-entre-oferta-e-demanda-cria-riscos-para-2026\">4. <strong>Desalinhamento entre oferta e demanda cria riscos para 2026<\/strong><\/h5>\n\n\n\n<p>O cruzamento dos dados do Leads Insights tamb\u00e9m evidencia um desafio que, apesar de n\u00e3o ser novo, vem se intensificando: <strong>a escassez de talentos qualificados.<\/strong><\/p>\n\n\n\n<p>Diante da demanda crescente por profissionais preparados para fun\u00e7\u00f5es estrat\u00e9gicas, esse descompasso se torna ainda mais cr\u00edtico e j\u00e1 acende um alerta para 2026.<\/p>\n\n\n\n<p>O que temos visto s\u00e3o empresas que contratam por necessidade urgente, <strong>n\u00e3o porque<\/strong> encontram profissionais prontos.<\/p>\n\n\n\n<h2 class=\"wp-block-heading\" id=\"h-como-enfrentar-esse-cenario-de-maneira-estrategica\"><strong>Como enfrentar esse cen\u00e1rio de maneira estrat\u00e9gica?<\/strong><\/h2>\n\n\n\n<p>Como vimos acima, o futuro da lideran\u00e7a ser\u00e1 marcado por in\u00fameros desafios. Portanto, as empresas que desejam se manter competitivas precisam adotar uma abordagem mais proativa em rela\u00e7\u00e3o \u00e0 forma\u00e7\u00e3o desses talentos.<\/p>\n\n\n\n<p>Tr\u00eas movimentos ganham destaque nesse contexto:<\/p>\n\n\n\n<ol class=\"wp-block-list\">\n<li><strong>Colocar a m\u00e9dia gest\u00e3o no centro das estrat\u00e9gias de RH<\/strong><\/li>\n<\/ol>\n\n\n\n<p>A m\u00e9dia gest\u00e3o \u00e9, hoje, o elo mais sens\u00edvel da cadeia de lideran\u00e7a. \u00c9 ali que est\u00e3o os maiores gaps de compet\u00eancia, os \u00edndices mais altos de rotatividade e o maior impacto na cultura, clima e entrega de resultados.<\/p>\n\n\n\n<p>Por isso, fortalecer esse n\u00edvel hier\u00e1rquico precisa deixar de ser uma a\u00e7\u00e3o pontual para se tornar uma prioridade, com programas estruturados de capacita\u00e7\u00e3o e maior clareza sobre expectativas e pap\u00e9is.<\/p>\n\n\n\n<ol start=\"2\" class=\"wp-block-list\">\n<li><strong>&nbsp;Transformar sucess\u00e3o em um sistema cont\u00ednuo<\/strong><\/li>\n<\/ol>\n\n\n\n<p>Com a retra\u00e7\u00e3o da alta gest\u00e3o e a menor disponibilidade de pessoas executivas prontas no mercado, depender exclusivamente do recrutamento externo se torna uma estrat\u00e9gia arriscada e pouco sustent\u00e1vel.<\/p>\n\n\n\n<p>A sucess\u00e3o precisa funcionar como um processo permanente, integrado ao planejamento organizacional. Isso significa, por exemplo:<\/p>\n\n\n\n<ul class=\"wp-block-list\">\n<li>Mapear talentos internos com anteced\u00eancia;<\/li>\n\n\n\n<li>Criar trilhas claras de crescimento;<\/li>\n\n\n\n<li>Oferecer experi\u00eancias desafiadoras que acelerem a maturidade;<\/li>\n\n\n\n<li>Monitorar performance, potencial e prontid\u00e3o.<\/li>\n<\/ul>\n\n\n\n<ol start=\"3\" class=\"wp-block-list\">\n<li><strong>&nbsp;Desenvolver lideran\u00e7a para dominar novas compet\u00eancias cr\u00edticas<\/strong><\/li>\n<\/ol>\n\n\n\n<p>Assim, em 2026, n\u00e3o ser\u00e1 suficiente apenas gerir pessoas ou garantir o andamento das opera\u00e7\u00f5es.<\/p>\n\n\n\n<p>As lideran\u00e7as tamb\u00e9m precisar\u00e3o dominar compet\u00eancias decisivas, como:<\/p>\n\n\n\n<ul class=\"wp-block-list\">\n<li>Leitura de neg\u00f3cio<strong>;<\/strong><\/li>\n\n\n\n<li>Gest\u00e3o digital e an\u00e1lise de dados;<\/li>\n\n\n\n<li>Inova\u00e7\u00e3o e resolu\u00e7\u00e3o de problemas complexos;<\/li>\n\n\n\n<li>Comunica\u00e7\u00e3o e influ\u00eancia;<\/li>\n\n\n\n<li>Gest\u00e3o de equipes h\u00edbridas.<\/li>\n<\/ul>\n\n\n\n<p>Ao desenvolver essas habilidades internamente, as empresas garantem um pipeline de lideran\u00e7a mais robusto, preparado para navegar pelas incertezas e liderar transforma\u00e7\u00f5es.<\/p>\n\n\n\n<h2 class=\"wp-block-heading\" id=\"h-como-a-nossa-solucao-de-business-pode-apoiar-sua-empresa-nessa-jornada\"><strong>Como a nossa solu\u00e7\u00e3o de Business pode apoiar sua empresa nessa jornada?<\/strong><\/h2>\n\n\n\n<p>A solu\u00e7\u00e3o de Business da METARH surge como um apoio estrat\u00e9gico para empresas que querem <strong>construir l\u00edderes preparados para os desafios atuais e futuros<\/strong>.<\/p>\n\n\n\n<p>Com ela, \u00e9 poss\u00edvel:<\/p>\n\n\n\n<ul class=\"wp-block-list\">\n<li>Mapear compet\u00eancias e identificar gaps reais com precis\u00e3o, por meio de assessments profundos e an\u00e1lises de potencial;<\/li>\n\n\n\n<li>Desenvolver l\u00edderes de m\u00e9dia e alta gest\u00e3o com programas sob medida, focados em habilidades cr\u00edticas para o futuro;<\/li>\n\n\n\n<li>Construir trilhas estruturadas de sucess\u00e3o, criando um pipeline interno e reduzindo a depend\u00eancia de contrata\u00e7\u00f5es externas;<\/li>\n\n\n\n<li>Fortalecer diversidade na lideran\u00e7a, atacando o funil onde ele realmente afunila: da m\u00e9dia para a alta gest\u00e3o;<\/li>\n\n\n\n<li>Tomar decis\u00f5es com intelig\u00eancia de dados, conectando a estrat\u00e9gia de pessoas \u00e0 estrat\u00e9gia de neg\u00f3cio.<\/li>\n<\/ul>\n\n\n\n<p>No desenvolvimento de l\u00edderes eficazes para 2026, habilidades de comunica\u00e7\u00e3o, autoconhecimento e capacidade de leitura de comportamento s\u00e3o diferenciais cada vez mais valorizados. T\u00e9cnicas como as abordadas pela <strong>Programa\u00e7\u00e3o Neurolingu\u00edstica (PNL)<\/strong> podem contribuir para uma lideran\u00e7a mais assertiva, emp\u00e1tica e eficaz no engajamento de equipes, especialmente em momentos de mudan\u00e7a e adapta\u00e7\u00e3o. Confira mais sobre como a <strong><a href=\"https:\/\/metarh.com.br\/metarhnews\/pnl-meta-news-07\/\">PNL pode apoiar o desenvolvimento de compet\u00eancias de lideran\u00e7a<\/a><\/strong> neste conte\u00fado.<\/p>\n\n\n\n<p>Por fim, se a sua empresa est\u00e1 pronta para se conectar a talentos estrat\u00e9gicos? Ent\u00e3o, <a href=\"https:\/\/metarh.com.br\/business\/\">conhe\u00e7a a nossa solu\u00e7\u00e3o de Business<\/a> e veja como fortalecer seu pipeline de lideran\u00e7a para 2026!<\/p>\n<div style=\"margin-top: 0px; margin-bottom: 0px;\" class=\"sharethis-inline-share-buttons\" ><\/div>","protected":false},"excerpt":{"rendered":"<p>As tend\u00eancias de lideran\u00e7a para 2026 j\u00e1 est\u00e3o remodelando a alta e a m\u00e9dia gest\u00e3o das empresas brasileiras. Que a estrutura da lideran\u00e7a no pa\u00eds tem passado por mudan\u00e7as significativas, voc\u00ea provavelmente j\u00e1 percebeu. No entanto, quais transforma\u00e7\u00f5es est\u00e3o acontecendo e como, consequentemente, elas impactar\u00e3o os neg\u00f3cios no pr\u00f3ximo ano? Para responder essas perguntas, a&#8230;<\/p>\n","protected":false},"author":4,"featured_media":16914,"comment_status":"open","ping_status":"open","sticky":false,"template":"","format":"standard","meta":{"_kadence_starter_templates_imported_post":false,"_kad_post_transparent":"","_kad_post_title":"","_kad_post_layout":"","_kad_post_sidebar_id":"","_kad_post_content_style":"","_kad_post_vertical_padding":"","_kad_post_feature":"","_kad_post_feature_position":"","_kad_post_header":false,"_kad_post_footer":false,"_kad_post_classname":"","footnotes":""},"categories":[128,163,2,6,132],"tags":[],"class_list":["post-16911","post","type-post","status-publish","format-standard","has-post-thumbnail","hentry","category-business","category-descoberta-de-conteudos-de-rh","category-materias","category-pesquisas","category-tendencias"],"yoast_head":"<!-- This site is optimized with the Yoast SEO Premium plugin v26.6 (Yoast SEO v27.4) - https:\/\/yoast.com\/product\/yoast-seo-premium-wordpress\/ -->\n<title>O futuro da lideran\u00e7a em 2026: insights da alta e m\u00e9dia gest\u00e3o<\/title>\n<meta name=\"description\" content=\"Descubra o que os dados revelam sobre o futuro da lideran\u00e7a em 2026 e como alta e m\u00e9dia gest\u00e3o est\u00e3o se transformando.\" \/>\n<meta name=\"robots\" content=\"index, follow, max-snippet:-1, max-image-preview:large, max-video-preview:-1\" \/>\n<link rel=\"canonical\" href=\"https:\/\/metarh.com.br\/metarhnews\/futuro-lideranca-2026\/\" \/>\n<meta property=\"og:locale\" content=\"pt_BR\" \/>\n<meta property=\"og:type\" content=\"article\" \/>\n<meta property=\"og:title\" content=\"Tend\u00eancias de lideran\u00e7a para 2026: o que os dados revelam sobre alta e m\u00e9dia gest\u00e3o\" \/>\n<meta property=\"og:description\" content=\"Descubra o que os dados revelam sobre o futuro da lideran\u00e7a em 2026 e como alta e m\u00e9dia gest\u00e3o est\u00e3o se transformando.\" \/>\n<meta property=\"og:url\" content=\"https:\/\/metarh.com.br\/metarhnews\/futuro-lideranca-2026\/\" \/>\n<meta property=\"og:site_name\" content=\"METARH +News\" \/>\n<meta property=\"article:publisher\" content=\"https:\/\/www.facebook.com\/metarhumana\" \/>\n<meta property=\"article:author\" content=\"https:\/\/www.facebook.com\/metarhconsultoria\" \/>\n<meta property=\"article:published_time\" content=\"2025-12-02T13:07:48+00:00\" \/>\n<meta property=\"article:modified_time\" content=\"2026-01-21T20:00:34+00:00\" \/>\n<meta property=\"og:image\" content=\"https:\/\/metarh.com.br\/metarhnews\/wp-content\/uploads\/2025\/12\/Alta-e-media-gestao-o-que-os-dados-revelam.jpg\" \/>\n\t<meta property=\"og:image:width\" content=\"1060\" \/>\n\t<meta property=\"og:image:height\" content=\"700\" \/>\n\t<meta property=\"og:image:type\" content=\"image\/jpeg\" \/>\n<meta name=\"author\" content=\"METARH\" \/>\n<meta name=\"twitter:card\" content=\"summary_large_image\" \/>\n<meta name=\"twitter:creator\" content=\"@metarhumana\" \/>\n<meta name=\"twitter:site\" content=\"@metarhumana\" \/>\n<meta name=\"twitter:label1\" content=\"Escrito por\" \/>\n\t<meta name=\"twitter:data1\" content=\"METARH\" \/>\n\t<meta name=\"twitter:label2\" content=\"Est. tempo de leitura\" \/>\n\t<meta name=\"twitter:data2\" content=\"7 minutos\" \/>\n<script type=\"application\/ld+json\" class=\"yoast-schema-graph\">{\"@context\":\"https:\\\/\\\/schema.org\",\"@graph\":[{\"@type\":\"Article\",\"@id\":\"https:\\\/\\\/metarh.com.br\\\/metarhnews\\\/futuro-lideranca-2026\\\/#article\",\"isPartOf\":{\"@id\":\"https:\\\/\\\/metarh.com.br\\\/metarhnews\\\/futuro-lideranca-2026\\\/\"},\"author\":{\"name\":\"METARH\",\"@id\":\"https:\\\/\\\/metarh.com.br\\\/metarhnews\\\/#\\\/schema\\\/person\\\/930900bc40677695dc9df602ec0366d0\"},\"headline\":\"Tend\u00eancias de lideran\u00e7a para 2026: o que os dados revelam sobre alta e m\u00e9dia gest\u00e3o\",\"datePublished\":\"2025-12-02T13:07:48+00:00\",\"dateModified\":\"2026-01-21T20:00:34+00:00\",\"mainEntityOfPage\":{\"@id\":\"https:\\\/\\\/metarh.com.br\\\/metarhnews\\\/futuro-lideranca-2026\\\/\"},\"wordCount\":1310,\"commentCount\":0,\"publisher\":{\"@id\":\"https:\\\/\\\/metarh.com.br\\\/metarhnews\\\/#organization\"},\"image\":{\"@id\":\"https:\\\/\\\/metarh.com.br\\\/metarhnews\\\/futuro-lideranca-2026\\\/#primaryimage\"},\"thumbnailUrl\":\"https:\\\/\\\/metarh.com.br\\\/metarhnews\\\/wp-content\\\/uploads\\\/2025\\\/12\\\/Alta-e-media-gestao-o-que-os-dados-revelam.jpg\",\"articleSection\":[\"1 \u2022 Business\",\"Descoberta\",\"Mat\u00e9rias\",\"Pesquisas\",\"Tend\u00eancias\"],\"inLanguage\":\"pt-BR\",\"potentialAction\":[{\"@type\":\"CommentAction\",\"name\":\"Comment\",\"target\":[\"https:\\\/\\\/metarh.com.br\\\/metarhnews\\\/futuro-lideranca-2026\\\/#respond\"]}],\"copyrightYear\":\"2025\",\"copyrightHolder\":{\"@id\":\"https:\\\/\\\/metarh.com.br\\\/metarhnews\\\/#organization\"}},{\"@type\":\"WebPage\",\"@id\":\"https:\\\/\\\/metarh.com.br\\\/metarhnews\\\/futuro-lideranca-2026\\\/\",\"url\":\"https:\\\/\\\/metarh.com.br\\\/metarhnews\\\/futuro-lideranca-2026\\\/\",\"name\":\"O futuro da lideran\u00e7a em 2026: insights da alta e m\u00e9dia gest\u00e3o\",\"isPartOf\":{\"@id\":\"https:\\\/\\\/metarh.com.br\\\/metarhnews\\\/#website\"},\"primaryImageOfPage\":{\"@id\":\"https:\\\/\\\/metarh.com.br\\\/metarhnews\\\/futuro-lideranca-2026\\\/#primaryimage\"},\"image\":{\"@id\":\"https:\\\/\\\/metarh.com.br\\\/metarhnews\\\/futuro-lideranca-2026\\\/#primaryimage\"},\"thumbnailUrl\":\"https:\\\/\\\/metarh.com.br\\\/metarhnews\\\/wp-content\\\/uploads\\\/2025\\\/12\\\/Alta-e-media-gestao-o-que-os-dados-revelam.jpg\",\"datePublished\":\"2025-12-02T13:07:48+00:00\",\"dateModified\":\"2026-01-21T20:00:34+00:00\",\"description\":\"Descubra o que os dados revelam sobre o futuro da lideran\u00e7a em 2026 e como alta e m\u00e9dia gest\u00e3o est\u00e3o se transformando.\",\"breadcrumb\":{\"@id\":\"https:\\\/\\\/metarh.com.br\\\/metarhnews\\\/futuro-lideranca-2026\\\/#breadcrumb\"},\"inLanguage\":\"pt-BR\",\"potentialAction\":[{\"@type\":\"ReadAction\",\"target\":[\"https:\\\/\\\/metarh.com.br\\\/metarhnews\\\/futuro-lideranca-2026\\\/\"]}]},{\"@type\":\"ImageObject\",\"inLanguage\":\"pt-BR\",\"@id\":\"https:\\\/\\\/metarh.com.br\\\/metarhnews\\\/futuro-lideranca-2026\\\/#primaryimage\",\"url\":\"https:\\\/\\\/metarh.com.br\\\/metarhnews\\\/wp-content\\\/uploads\\\/2025\\\/12\\\/Alta-e-media-gestao-o-que-os-dados-revelam.jpg\",\"contentUrl\":\"https:\\\/\\\/metarh.com.br\\\/metarhnews\\\/wp-content\\\/uploads\\\/2025\\\/12\\\/Alta-e-media-gestao-o-que-os-dados-revelam.jpg\",\"width\":1060,\"height\":700,\"caption\":\"tend\u00eancias de lideran\u00e7a para 2026 no mercado brasileiro\"},{\"@type\":\"BreadcrumbList\",\"@id\":\"https:\\\/\\\/metarh.com.br\\\/metarhnews\\\/futuro-lideranca-2026\\\/#breadcrumb\",\"itemListElement\":[{\"@type\":\"ListItem\",\"position\":1,\"name\":\"In\u00edcio\",\"item\":\"https:\\\/\\\/metarh.com.br\\\/metarhnews\\\/\"},{\"@type\":\"ListItem\",\"position\":2,\"name\":\"Tend\u00eancias de lideran\u00e7a para 2026: o que os dados revelam sobre alta e m\u00e9dia gest\u00e3o\"}]},{\"@type\":\"WebSite\",\"@id\":\"https:\\\/\\\/metarh.com.br\\\/metarhnews\\\/#website\",\"url\":\"https:\\\/\\\/metarh.com.br\\\/metarhnews\\\/\",\"name\":\"METARH +News\",\"description\":\"Conte\u00fado focado em Gest\u00e3o de Pessoas\",\"publisher\":{\"@id\":\"https:\\\/\\\/metarh.com.br\\\/metarhnews\\\/#organization\"},\"potentialAction\":[{\"@type\":\"SearchAction\",\"target\":{\"@type\":\"EntryPoint\",\"urlTemplate\":\"https:\\\/\\\/metarh.com.br\\\/metarhnews\\\/?s={search_term_string}\"},\"query-input\":{\"@type\":\"PropertyValueSpecification\",\"valueRequired\":true,\"valueName\":\"search_term_string\"}}],\"inLanguage\":\"pt-BR\"},{\"@type\":\"Organization\",\"@id\":\"https:\\\/\\\/metarh.com.br\\\/metarhnews\\\/#organization\",\"name\":\"METARH +Humana\",\"url\":\"https:\\\/\\\/metarh.com.br\\\/metarhnews\\\/\",\"logo\":{\"@type\":\"ImageObject\",\"inLanguage\":\"pt-BR\",\"@id\":\"https:\\\/\\\/metarh.com.br\\\/metarhnews\\\/#\\\/schema\\\/logo\\\/image\\\/\",\"url\":\"https:\\\/\\\/metarh.com.br\\\/metarhnews\\\/wp-content\\\/uploads\\\/2025\\\/02\\\/METARH-Azul-Horizontal.png\",\"contentUrl\":\"https:\\\/\\\/metarh.com.br\\\/metarhnews\\\/wp-content\\\/uploads\\\/2025\\\/02\\\/METARH-Azul-Horizontal.png\",\"width\":1002,\"height\":303,\"caption\":\"METARH +Humana\"},\"image\":{\"@id\":\"https:\\\/\\\/metarh.com.br\\\/metarhnews\\\/#\\\/schema\\\/logo\\\/image\\\/\"},\"sameAs\":[\"https:\\\/\\\/www.facebook.com\\\/metarhumana\",\"https:\\\/\\\/x.com\\\/metarhumana\",\"https:\\\/\\\/www.instagram.com\\\/metarhumana\\\/\",\"https:\\\/\\\/www.youtube.com\\\/@metarhumana\"]},{\"@type\":\"Person\",\"@id\":\"https:\\\/\\\/metarh.com.br\\\/metarhnews\\\/#\\\/schema\\\/person\\\/930900bc40677695dc9df602ec0366d0\",\"name\":\"METARH\",\"image\":{\"@type\":\"ImageObject\",\"inLanguage\":\"pt-BR\",\"@id\":\"https:\\\/\\\/secure.gravatar.com\\\/avatar\\\/e03963382c9576f1c9989940c2d59ebc780df154afc76a079627bbbdb3dcefa1?s=96&d=mm&r=g\",\"url\":\"https:\\\/\\\/secure.gravatar.com\\\/avatar\\\/e03963382c9576f1c9989940c2d59ebc780df154afc76a079627bbbdb3dcefa1?s=96&d=mm&r=g\",\"contentUrl\":\"https:\\\/\\\/secure.gravatar.com\\\/avatar\\\/e03963382c9576f1c9989940c2d59ebc780df154afc76a079627bbbdb3dcefa1?s=96&d=mm&r=g\",\"caption\":\"METARH\"},\"description\":\"Somos uma consultoria de recursos humanos com mais de 40 anos de mercado, ajudando empresas como a sua a encontrarem o talento certo. Nossos processos s\u00e3o focados no sucesso dos clientes sem deixar de lado a experi\u00eancia positiva das pessoas candidatas.\",\"sameAs\":[\"http:\\\/\\\/www.metarh.com.br\",\"https:\\\/\\\/www.facebook.com\\\/metarhconsultoria\",\"https:\\\/\\\/www.instagram.com\\\/metarhconsultoria\\\/\",\"https:\\\/\\\/www.linkedin.com\\\/company\\\/metarhconsultoria\",\"http:\\\/\\\/youtube.com\\\/@metarhconsultoria\"],\"url\":\"https:\\\/\\\/metarh.com.br\\\/metarhnews\\\/author\\\/editorial-metarh\\\/\"}]}<\/script>\n<!-- \/ Yoast SEO Premium plugin. -->","yoast_head_json":{"title":"O futuro da lideran\u00e7a em 2026: insights da alta e m\u00e9dia gest\u00e3o","description":"Descubra o que os dados revelam sobre o futuro da lideran\u00e7a em 2026 e como alta e m\u00e9dia gest\u00e3o est\u00e3o se transformando.","robots":{"index":"index","follow":"follow","max-snippet":"max-snippet:-1","max-image-preview":"max-image-preview:large","max-video-preview":"max-video-preview:-1"},"canonical":"https:\/\/metarh.com.br\/metarhnews\/futuro-lideranca-2026\/","og_locale":"pt_BR","og_type":"article","og_title":"Tend\u00eancias de lideran\u00e7a para 2026: o que os dados revelam sobre alta e m\u00e9dia gest\u00e3o","og_description":"Descubra o que os dados revelam sobre o futuro da lideran\u00e7a em 2026 e como alta e m\u00e9dia gest\u00e3o est\u00e3o se transformando.","og_url":"https:\/\/metarh.com.br\/metarhnews\/futuro-lideranca-2026\/","og_site_name":"METARH +News","article_publisher":"https:\/\/www.facebook.com\/metarhumana","article_author":"https:\/\/www.facebook.com\/metarhconsultoria","article_published_time":"2025-12-02T13:07:48+00:00","article_modified_time":"2026-01-21T20:00:34+00:00","og_image":[{"width":1060,"height":700,"url":"https:\/\/metarh.com.br\/metarhnews\/wp-content\/uploads\/2025\/12\/Alta-e-media-gestao-o-que-os-dados-revelam.jpg","type":"image\/jpeg"}],"author":"METARH","twitter_card":"summary_large_image","twitter_creator":"@metarhumana","twitter_site":"@metarhumana","twitter_misc":{"Escrito por":"METARH","Est. tempo de leitura":"7 minutos"},"schema":{"@context":"https:\/\/schema.org","@graph":[{"@type":"Article","@id":"https:\/\/metarh.com.br\/metarhnews\/futuro-lideranca-2026\/#article","isPartOf":{"@id":"https:\/\/metarh.com.br\/metarhnews\/futuro-lideranca-2026\/"},"author":{"name":"METARH","@id":"https:\/\/metarh.com.br\/metarhnews\/#\/schema\/person\/930900bc40677695dc9df602ec0366d0"},"headline":"Tend\u00eancias de lideran\u00e7a para 2026: o que os dados revelam sobre alta e m\u00e9dia gest\u00e3o","datePublished":"2025-12-02T13:07:48+00:00","dateModified":"2026-01-21T20:00:34+00:00","mainEntityOfPage":{"@id":"https:\/\/metarh.com.br\/metarhnews\/futuro-lideranca-2026\/"},"wordCount":1310,"commentCount":0,"publisher":{"@id":"https:\/\/metarh.com.br\/metarhnews\/#organization"},"image":{"@id":"https:\/\/metarh.com.br\/metarhnews\/futuro-lideranca-2026\/#primaryimage"},"thumbnailUrl":"https:\/\/metarh.com.br\/metarhnews\/wp-content\/uploads\/2025\/12\/Alta-e-media-gestao-o-que-os-dados-revelam.jpg","articleSection":["1 \u2022 Business","Descoberta","Mat\u00e9rias","Pesquisas","Tend\u00eancias"],"inLanguage":"pt-BR","potentialAction":[{"@type":"CommentAction","name":"Comment","target":["https:\/\/metarh.com.br\/metarhnews\/futuro-lideranca-2026\/#respond"]}],"copyrightYear":"2025","copyrightHolder":{"@id":"https:\/\/metarh.com.br\/metarhnews\/#organization"}},{"@type":"WebPage","@id":"https:\/\/metarh.com.br\/metarhnews\/futuro-lideranca-2026\/","url":"https:\/\/metarh.com.br\/metarhnews\/futuro-lideranca-2026\/","name":"O futuro da lideran\u00e7a em 2026: insights da alta e m\u00e9dia gest\u00e3o","isPartOf":{"@id":"https:\/\/metarh.com.br\/metarhnews\/#website"},"primaryImageOfPage":{"@id":"https:\/\/metarh.com.br\/metarhnews\/futuro-lideranca-2026\/#primaryimage"},"image":{"@id":"https:\/\/metarh.com.br\/metarhnews\/futuro-lideranca-2026\/#primaryimage"},"thumbnailUrl":"https:\/\/metarh.com.br\/metarhnews\/wp-content\/uploads\/2025\/12\/Alta-e-media-gestao-o-que-os-dados-revelam.jpg","datePublished":"2025-12-02T13:07:48+00:00","dateModified":"2026-01-21T20:00:34+00:00","description":"Descubra o que os dados revelam sobre o futuro da lideran\u00e7a em 2026 e como alta e m\u00e9dia gest\u00e3o est\u00e3o se transformando.","breadcrumb":{"@id":"https:\/\/metarh.com.br\/metarhnews\/futuro-lideranca-2026\/#breadcrumb"},"inLanguage":"pt-BR","potentialAction":[{"@type":"ReadAction","target":["https:\/\/metarh.com.br\/metarhnews\/futuro-lideranca-2026\/"]}]},{"@type":"ImageObject","inLanguage":"pt-BR","@id":"https:\/\/metarh.com.br\/metarhnews\/futuro-lideranca-2026\/#primaryimage","url":"https:\/\/metarh.com.br\/metarhnews\/wp-content\/uploads\/2025\/12\/Alta-e-media-gestao-o-que-os-dados-revelam.jpg","contentUrl":"https:\/\/metarh.com.br\/metarhnews\/wp-content\/uploads\/2025\/12\/Alta-e-media-gestao-o-que-os-dados-revelam.jpg","width":1060,"height":700,"caption":"tend\u00eancias de lideran\u00e7a para 2026 no mercado brasileiro"},{"@type":"BreadcrumbList","@id":"https:\/\/metarh.com.br\/metarhnews\/futuro-lideranca-2026\/#breadcrumb","itemListElement":[{"@type":"ListItem","position":1,"name":"In\u00edcio","item":"https:\/\/metarh.com.br\/metarhnews\/"},{"@type":"ListItem","position":2,"name":"Tend\u00eancias de lideran\u00e7a para 2026: o que os dados revelam sobre alta e m\u00e9dia gest\u00e3o"}]},{"@type":"WebSite","@id":"https:\/\/metarh.com.br\/metarhnews\/#website","url":"https:\/\/metarh.com.br\/metarhnews\/","name":"METARH +News","description":"Conte\u00fado focado em Gest\u00e3o de Pessoas","publisher":{"@id":"https:\/\/metarh.com.br\/metarhnews\/#organization"},"potentialAction":[{"@type":"SearchAction","target":{"@type":"EntryPoint","urlTemplate":"https:\/\/metarh.com.br\/metarhnews\/?s={search_term_string}"},"query-input":{"@type":"PropertyValueSpecification","valueRequired":true,"valueName":"search_term_string"}}],"inLanguage":"pt-BR"},{"@type":"Organization","@id":"https:\/\/metarh.com.br\/metarhnews\/#organization","name":"METARH +Humana","url":"https:\/\/metarh.com.br\/metarhnews\/","logo":{"@type":"ImageObject","inLanguage":"pt-BR","@id":"https:\/\/metarh.com.br\/metarhnews\/#\/schema\/logo\/image\/","url":"https:\/\/metarh.com.br\/metarhnews\/wp-content\/uploads\/2025\/02\/METARH-Azul-Horizontal.png","contentUrl":"https:\/\/metarh.com.br\/metarhnews\/wp-content\/uploads\/2025\/02\/METARH-Azul-Horizontal.png","width":1002,"height":303,"caption":"METARH +Humana"},"image":{"@id":"https:\/\/metarh.com.br\/metarhnews\/#\/schema\/logo\/image\/"},"sameAs":["https:\/\/www.facebook.com\/metarhumana","https:\/\/x.com\/metarhumana","https:\/\/www.instagram.com\/metarhumana\/","https:\/\/www.youtube.com\/@metarhumana"]},{"@type":"Person","@id":"https:\/\/metarh.com.br\/metarhnews\/#\/schema\/person\/930900bc40677695dc9df602ec0366d0","name":"METARH","image":{"@type":"ImageObject","inLanguage":"pt-BR","@id":"https:\/\/secure.gravatar.com\/avatar\/e03963382c9576f1c9989940c2d59ebc780df154afc76a079627bbbdb3dcefa1?s=96&d=mm&r=g","url":"https:\/\/secure.gravatar.com\/avatar\/e03963382c9576f1c9989940c2d59ebc780df154afc76a079627bbbdb3dcefa1?s=96&d=mm&r=g","contentUrl":"https:\/\/secure.gravatar.com\/avatar\/e03963382c9576f1c9989940c2d59ebc780df154afc76a079627bbbdb3dcefa1?s=96&d=mm&r=g","caption":"METARH"},"description":"Somos uma consultoria de recursos humanos com mais de 40 anos de mercado, ajudando empresas como a sua a encontrarem o talento certo. Nossos processos s\u00e3o focados no sucesso dos clientes sem deixar de lado a experi\u00eancia positiva das pessoas candidatas.","sameAs":["http:\/\/www.metarh.com.br","https:\/\/www.facebook.com\/metarhconsultoria","https:\/\/www.instagram.com\/metarhconsultoria\/","https:\/\/www.linkedin.com\/company\/metarhconsultoria","http:\/\/youtube.com\/@metarhconsultoria"],"url":"https:\/\/metarh.com.br\/metarhnews\/author\/editorial-metarh\/"}]}},"_links":{"self":[{"href":"https:\/\/metarh.com.br\/metarhnews\/wp-json\/wp\/v2\/posts\/16911","targetHints":{"allow":["GET"]}}],"collection":[{"href":"https:\/\/metarh.com.br\/metarhnews\/wp-json\/wp\/v2\/posts"}],"about":[{"href":"https:\/\/metarh.com.br\/metarhnews\/wp-json\/wp\/v2\/types\/post"}],"author":[{"embeddable":true,"href":"https:\/\/metarh.com.br\/metarhnews\/wp-json\/wp\/v2\/users\/4"}],"replies":[{"embeddable":true,"href":"https:\/\/metarh.com.br\/metarhnews\/wp-json\/wp\/v2\/comments?post=16911"}],"version-history":[{"count":3,"href":"https:\/\/metarh.com.br\/metarhnews\/wp-json\/wp\/v2\/posts\/16911\/revisions"}],"predecessor-version":[{"id":17074,"href":"https:\/\/metarh.com.br\/metarhnews\/wp-json\/wp\/v2\/posts\/16911\/revisions\/17074"}],"wp:featuredmedia":[{"embeddable":true,"href":"https:\/\/metarh.com.br\/metarhnews\/wp-json\/wp\/v2\/media\/16914"}],"wp:attachment":[{"href":"https:\/\/metarh.com.br\/metarhnews\/wp-json\/wp\/v2\/media?parent=16911"}],"wp:term":[{"taxonomy":"category","embeddable":true,"href":"https:\/\/metarh.com.br\/metarhnews\/wp-json\/wp\/v2\/categories?post=16911"},{"taxonomy":"post_tag","embeddable":true,"href":"https:\/\/metarh.com.br\/metarhnews\/wp-json\/wp\/v2\/tags?post=16911"}],"curies":[{"name":"wp","href":"https:\/\/api.w.org\/{rel}","templated":true}]}}