{"id":17082,"date":"2026-01-27T10:40:58","date_gmt":"2026-01-27T13:40:58","guid":{"rendered":"https:\/\/metarh.com.br\/metarhnews\/?p=17082"},"modified":"2026-01-27T10:41:00","modified_gmt":"2026-01-27T13:41:00","slug":"reforma-tributaria-2026-preparacao-empresas","status":"publish","type":"post","link":"https:\/\/metarh.com.br\/metarhnews\/reforma-tributaria-2026-preparacao-empresas\/","title":{"rendered":"Reforma Tribut\u00e1ria 2026: como as empresas podem se preparar?"},"content":{"rendered":"\n<p>Ap\u00f3s quase sete anos desde a apresenta\u00e7\u00e3o da proposta inicial, a <strong>Reforma Tribut\u00e1ria 2026<\/strong> deixou o campo te\u00f3rico. Agora, ela passa a fazer parte da realidade das empresas brasileiras.<\/p>\n\n\n\n<p>A transi\u00e7\u00e3o para o novo modelo come\u00e7ou em 1\u00ba de janeiro de 2026 e deve ser conclu\u00edda at\u00e9 2033. No entanto, as organiza\u00e7\u00f5es que se preparam desde j\u00e1 tendem a sair na frente. Afinal, antecipa\u00e7\u00e3o gera vantagem competitiva.<\/p>\n\n\n\n<h3 class=\"wp-block-heading\" id=\"h-o-que-voce-vai-ver-neste-artigo\"><strong>O que voc\u00ea vai ver neste artigo:<\/strong><\/h3>\n\n\n\n<ul class=\"wp-block-list\">\n<li>O que \u00e9 a Reforma Tribut\u00e1ria<\/li>\n\n\n\n<li>O que muda na pr\u00e1tica para as empresas<\/li>\n\n\n\n<li>Como se preparar com anteced\u00eancia<\/li>\n<\/ul>\n\n\n\n<h4 class=\"wp-block-heading\" id=\"h-o-que-e-a-reforma-tributaria-e-por-que-ela-e-tao-relevante\"><strong>O que \u00e9 a Reforma Tribut\u00e1ria e por que ela \u00e9 t\u00e3o relevante?<\/strong><\/h4>\n\n\n\n<p>De forma simples, a <strong>Reforma Tribut\u00e1ria<\/strong> re\u00fane mudan\u00e7as estruturais no sistema de arrecada\u00e7\u00e3o de impostos no Brasil. Seu objetivo \u00e9 simplificar, modernizar e tornar a tributa\u00e7\u00e3o mais justa.<\/p>\n\n\n\n<p>O principal destaque do novo modelo \u00e9 a ado\u00e7\u00e3o do <strong>Imposto sobre Valor Adicionado (IVA)<\/strong>. Esse imposto unifica tributos que hoje incidem sobre o consumo, como PIS, Cofins, IPI, ICMS e ISS.<\/p>\n\n\n\n<p>No Brasil, o IVA ser\u00e1 estruturado em dois tributos:<\/p>\n\n\n\n<ul class=\"wp-block-list\">\n<li>A Contribui\u00e7\u00e3o Social sobre Bens e Servi\u00e7os (CBS), administrada pela Uni\u00e3o;&nbsp;<\/li>\n\n\n\n<li>E o Imposto sobre Bens e Servi\u00e7os (IBS), administrado pelos estados e munic\u00edpios.<\/li>\n<\/ul>\n\n\n\n<p>Em resumo, a <strong>Reforma Tribut\u00e1ria 2026<\/strong> representa uma mudan\u00e7a profunda de l\u00f3gica para as empresas. Com a ado\u00e7\u00e3o do IVA, a apura\u00e7\u00e3o dos impostos passa a seguir um sistema n\u00e3o cumulativo mais rigoroso. Nesse contexto, processos, controles e governan\u00e7a ganham papel central.<\/p>\n\n\n\n<h5 class=\"wp-block-heading\" id=\"h-o-que-muda-na-pratica-para-as-empresas\"><strong>O que muda na pr\u00e1tica para as empresas?<\/strong><\/h5>\n\n\n\n<p>A implementa\u00e7\u00e3o da <strong>Reforma Tribut\u00e1ria 2026<\/strong> acontece de forma gradual. Nesse primeiro momento, os tributos atuais convivem com a CBS e o IBS.<\/p>\n\n\n\n<p>As al\u00edquotas, por\u00e9m, ter\u00e3o car\u00e1ter apenas informativo. Ou seja, o tributo ser\u00e1 informado, mas n\u00e3o somado ao valor final da opera\u00e7\u00e3o.<\/p>\n\n\n\n<p>Esse per\u00edodo de conviv\u00eancia inaugura transforma\u00e7\u00f5es relevantes na rotina operacional das empresas. Essas mudan\u00e7as v\u00e3o al\u00e9m do c\u00e1lculo do imposto e exigem aten\u00e7\u00e3o estrat\u00e9gica.<\/p>\n\n\n\n<p>Entre os principais impactos, destacam-se:<\/p>\n\n\n\n<ul class=\"wp-block-list\">\n<li><strong>Revis\u00e3o de processos fiscais e financeiros:<\/strong> com a introdu\u00e7\u00e3o do IVA, ser\u00e1 necess\u00e1rio revisar rotinas de apura\u00e7\u00e3o, escritura\u00e7\u00e3o e concilia\u00e7\u00e3o fiscal e financeira;<\/li>\n\n\n\n<li><strong>Compliance, planejamento tribut\u00e1rio e controles internos: <\/strong>o planejamento tribut\u00e1rio precisar\u00e1 ser repensado \u00e0 luz das novas regras, enquanto os controles internos ter\u00e3o de ser fortalecidos para evitar inconsist\u00eancias;<\/li>\n\n\n\n<li><strong>Mudan\u00e7as em sistemas, rotinas e governan\u00e7a: <\/strong>sistemas de gest\u00e3o e solu\u00e7\u00f5es fiscais precisar\u00e3o ser adaptados para suportar a coexist\u00eancia de tributos, novas al\u00edquotas, campos informativos e regras de cr\u00e9dito. Tamb\u00e9m ser\u00e1 fundamental estabelecer a defini\u00e7\u00e3o clara de responsabilidades, acompanhamento cont\u00ednuo das mudan\u00e7as regulat\u00f3rias e gest\u00e3o de riscos.<\/li>\n\n\n\n<li><strong>Integra\u00e7\u00e3o entre \u00e1reas: <\/strong>a Reforma Tribut\u00e1ria 2026 refor\u00e7a a necessidade de atua\u00e7\u00e3o integrada entre financeiro, fiscal, jur\u00eddico e TI<strong>.<\/strong><\/li>\n<\/ul>\n\n\n\n<h5 class=\"wp-block-heading\" id=\"h-reforma-tributaria-como-oportunidade-estrategica\"><strong>Reforma Tribut\u00e1ria como oportunidade estrat\u00e9gica<\/strong><\/h5>\n\n\n\n<p>Embora a Reforma Tribut\u00e1ria s\u00f3 entre em vigor de forma integral em 2033, encarar o per\u00edodo de transi\u00e7\u00e3o apenas como uma etapa informativa pode significar a <strong>perda de um tempo valioso de adapta\u00e7\u00e3o e aprendizado<\/strong>.<\/p>\n\n\n\n<p>Por outro lado, as organiza\u00e7\u00f5es que utilizarem esse intervalo para revisar e melhorar seus processos internos tendem a reduzir riscos, evitar retrabalho e minimizar impactos operacionais no futuro.&nbsp;<\/p>\n\n\n\n<p>N\u00e3o por acaso, a antecipa\u00e7\u00e3o permite identificar falhas desde agora, testar fluxos e corrigir inconsist\u00eancias antes que as novas regras passem a gerar efeitos financeiros.<\/p>\n\n\n\n<p>Al\u00e9m disso, empresas que se estruturam desde j\u00e1 conseguir\u00e3o <strong>tomar decis\u00f5es mais embasadas sobre precifica\u00e7\u00e3o, contratos, investimentos e planejamento tribut\u00e1rio<\/strong>, transformando a adapta\u00e7\u00e3o em vantagem competitiva.<\/p>\n\n\n\n<p>No fim das contas, a Reforma Tribut\u00e1ria pode e deve ser encarada como uma alavanca de efici\u00eancia e reorganiza\u00e7\u00e3o interna. Ao:<\/p>\n\n\n\n<ul class=\"wp-block-list\">\n<li>Integrar \u00e1reas;<\/li>\n\n\n\n<li>Padronizar rotinas;<\/li>\n\n\n\n<li>E aprimorar o uso de dados&#8230;<\/li>\n<\/ul>\n\n\n\n<p>As empresas n\u00e3o apenas se preparam para o novo modelo tribut\u00e1rio, como tamb\u00e9m fortalecem sua gest\u00e3o e sua capacidade de competir em um ambiente de neg\u00f3cios cada vez mais din\u00e2mico.<\/p>\n\n\n\n<h5 class=\"wp-block-heading\" id=\"h-qual-o-impacto-dessa-transicao-nas-pessoas-e-no-time\"><strong>Qual o impacto dessa transi\u00e7\u00e3o nas pessoas e no time?<\/strong><\/h5>\n\n\n\n<p>Toda mudan\u00e7a profunda nos processos organizacionais gera, inevitavelmente, impactos nas pessoas, e com a Reforma Tribut\u00e1ria n\u00e3o ser\u00e1 diferente.<\/p>\n\n\n\n<p>Em primeiro lugar, a transi\u00e7\u00e3o para o novo modelo tende a <strong>aumentar significativamente a demanda por profissionais das \u00e1reas cont\u00e1bil, fiscal e de compliance<\/strong>, especialmente aqueles capazes de lidar com maior complexidade t\u00e9cnica e regulat\u00f3ria.<\/p>\n\n\n\n<p>Com isso, a tend\u00eancia \u00e9 que haja uma clara valoriza\u00e7\u00e3o de perfis mais estrat\u00e9gicos, anal\u00edticos e atualizados, que consigam ir al\u00e9m da execu\u00e7\u00e3o operacional e saibam lidar com os efeitos pr\u00e1ticos das decis\u00f5es tribut\u00e1rias sobre o neg\u00f3cio.<\/p>\n\n\n\n<p>Al\u00e9m disso, a conviv\u00eancia entre os dois modelos durante um per\u00edodo amplia a necessidade de talentos capazes de <strong>interpretar regras, antecipar riscos e apoiar a tomada de decis\u00e3o<\/strong>, atuando de forma integrada com outras \u00e1reas da empresa.<\/p>\n\n\n\n<p>\u00c9 por essas e outras raz\u00f5es que, mais do que nunca, as empresas precisar\u00e3o ter as pessoas certas ao lado.<strong> <\/strong>Afinal, a falta de profissionais capacitados em um momento t\u00e3o cr\u00edtico oferece riscos, como:<\/p>\n\n\n\n<ul class=\"wp-block-list\">\n<li>Decis\u00f5es tomadas sob press\u00e3o;<\/li>\n\n\n\n<li>Desalinhamento entre estrat\u00e9gia e execu\u00e7\u00e3o;<\/li>\n\n\n\n<li>Impactos financeiros e operacionais evit\u00e1veis.<\/li>\n<\/ul>\n\n\n\n<h5 class=\"wp-block-heading\" id=\"h-como-a-metarh-pode-apoiar-sua-empresa-nesse-cenario\"><strong>Como a METARH pode apoiar sua empresa nesse cen\u00e1rio?<\/strong><\/h5>\n\n\n\n<p>Como vimos, o sucesso da adapta\u00e7\u00e3o \u00e0s novas regras tribut\u00e1rias demandar\u00e1 profissionais especializados. E \u00e9 justamente nesse ponto que a METARH atua: <strong>encurtando a dist\u00e2ncia entre as empresas e os talentos certos para esse novo momento.<\/strong><\/p>\n\n\n\n<p>Mais do que preencher vagas, nosso time est\u00e1 focado em entender quais perfis realmente fazem sentido para cada fase da sua organiza\u00e7\u00e3o, considerando n\u00e3o apenas a legisla\u00e7\u00e3o, mas tamb\u00e9m o seu contexto, desafios atuais e planos de crescimento.<\/p>\n\n\n\n<p>Essa abordagem permite uma conex\u00e3o muito mais precisa entre talentos e as necessidades reais do neg\u00f3cio, <strong>evitando contrata\u00e7\u00f5es desalinhadas, reduzindo riscos e aumentando a efetividade das decis\u00f5es.<\/strong><\/p>\n\n\n\n<p>Tudo isso com um olhar de parceria e vis\u00e3o de longo prazo, porque acreditamos que pessoas certas, nos lugares certos, s\u00e3o um dos principais fatores para transformar per\u00edodos de mudan\u00e7a em oportunidades de crescimento!<\/p>\n\n\n\n<h5 class=\"wp-block-heading\" id=\"h-consideracoes-finais\"><strong>Considera\u00e7\u00f5es finais<\/strong><\/h5>\n\n\n\n<p>A Reforma Tribut\u00e1ria marca mais um importante movimento de adapta\u00e7\u00e3o e evolu\u00e7\u00e3o dentro das empresas, exigindo preparo, vis\u00e3o estrat\u00e9gica e decis\u00f5es bem estruturadas ao longo de todo o processo de transi\u00e7\u00e3o.<\/p>\n\n\n\n<p>Em resumo, empresas que come\u00e7am a se preparar desde agora ganham mais previsibilidade, reduzem riscos e constroem bases mais s\u00f3lidas para enfrentar as mudan\u00e7as que ainda vir\u00e3o. <strong>E essa prepara\u00e7\u00e3o come\u00e7a, antes de tudo, pelo investimento em pessoas.<\/strong><\/p>\n\n\n\n<p>Profissionais qualificados, com vis\u00e3o anal\u00edtica e entendimento do impacto da tributa\u00e7\u00e3o no neg\u00f3cio, ser\u00e3o fundamentais para transformar a complexidade do novo modelo em decis\u00f5es assertivas.<\/p>\n\n\n\n<p>Quer dar o primeiro passo nessa dire\u00e7\u00e3o? Converse com a METARH e entenda como estruturar times preparados para conduzir a Reforma Tribut\u00e1ria com vis\u00e3o estrat\u00e9gica e seguran\u00e7a!<\/p>\n\n\n\n<figure class=\"wp-block-image size-large\"><a href=\"https:\/\/metarh.com.br\/#solucoes\"><img fetchpriority=\"high\" decoding=\"async\" width=\"1024\" height=\"427\" src=\"https:\/\/metarh.com.br\/metarhnews\/wp-content\/uploads\/2026\/01\/RODA-MEIO-solucoes-estrategicas-RH-1-1024x427.jpg\" alt=\"\" class=\"wp-image-17041\" srcset=\"https:\/\/metarh.com.br\/metarhnews\/wp-content\/uploads\/2026\/01\/RODA-MEIO-solucoes-estrategicas-RH-1-1024x427.jpg 1024w, https:\/\/metarh.com.br\/metarhnews\/wp-content\/uploads\/2026\/01\/RODA-MEIO-solucoes-estrategicas-RH-1-300x125.jpg 300w, https:\/\/metarh.com.br\/metarhnews\/wp-content\/uploads\/2026\/01\/RODA-MEIO-solucoes-estrategicas-RH-1-768x320.jpg 768w, https:\/\/metarh.com.br\/metarhnews\/wp-content\/uploads\/2026\/01\/RODA-MEIO-solucoes-estrategicas-RH-1.jpg 1200w\" sizes=\"(max-width: 1024px) 100vw, 1024px\" \/><\/a><\/figure>\n<div style=\"margin-top: 0px; margin-bottom: 0px;\" class=\"sharethis-inline-share-buttons\" ><\/div>","protected":false},"excerpt":{"rendered":"<p>Ap\u00f3s quase sete anos desde a apresenta\u00e7\u00e3o da proposta inicial, a Reforma Tribut\u00e1ria 2026 deixou o campo te\u00f3rico. Agora, ela passa a fazer parte da realidade das empresas brasileiras. A transi\u00e7\u00e3o para o novo modelo come\u00e7ou em 1\u00ba de janeiro de 2026 e deve ser conclu\u00edda at\u00e9 2033. No entanto, as organiza\u00e7\u00f5es que se preparam&#8230;<\/p>\n","protected":false},"author":4,"featured_media":17084,"comment_status":"open","ping_status":"open","sticky":false,"template":"","format":"standard","meta":{"_kadence_starter_templates_imported_post":false,"_kad_post_transparent":"","_kad_post_title":"","_kad_post_layout":"","_kad_post_sidebar_id":"","_kad_post_content_style":"","_kad_post_vertical_padding":"","_kad_post_feature":"","_kad_post_feature_position":"","_kad_post_header":false,"_kad_post_footer":false,"_kad_post_classname":"","footnotes":""},"categories":[128,164,132],"tags":[],"class_list":["post-17082","post","type-post","status-publish","format-standard","has-post-thumbnail","hentry","category-business","category-aprendizado-em-rh","category-tendencias"],"yoast_head":"<!-- This site is optimized with the Yoast SEO Premium plugin v26.6 (Yoast SEO v27.5) - https:\/\/yoast.com\/product\/yoast-seo-premium-wordpress\/ -->\n<title>Reforma Tribut\u00e1ria 2026: como as empresas se preparam<\/title>\n<meta name=\"description\" content=\"Entenda o que muda com a Reforma Tribut\u00e1ria 2026, seus impactos pr\u00e1ticos nas empresas e como se preparar desde j\u00e1 para a transi\u00e7\u00e3o at\u00e9 2033.\" \/>\n<meta name=\"robots\" content=\"index, follow, max-snippet:-1, max-image-preview:large, max-video-preview:-1\" \/>\n<link rel=\"canonical\" href=\"https:\/\/metarh.com.br\/metarhnews\/reforma-tributaria-2026-preparacao-empresas\/\" \/>\n<meta property=\"og:locale\" content=\"pt_BR\" \/>\n<meta property=\"og:type\" content=\"article\" \/>\n<meta property=\"og:title\" content=\"Reforma Tribut\u00e1ria 2026: como as empresas podem se preparar?\" \/>\n<meta property=\"og:description\" content=\"Entenda o que muda com a Reforma Tribut\u00e1ria 2026, seus impactos pr\u00e1ticos nas empresas e como se preparar desde j\u00e1 para a transi\u00e7\u00e3o at\u00e9 2033.\" \/>\n<meta property=\"og:url\" content=\"https:\/\/metarh.com.br\/metarhnews\/reforma-tributaria-2026-preparacao-empresas\/\" \/>\n<meta property=\"og:site_name\" content=\"METARH +News\" \/>\n<meta property=\"article:publisher\" content=\"https:\/\/www.facebook.com\/metarhumana\" \/>\n<meta property=\"article:author\" content=\"https:\/\/www.facebook.com\/metarhconsultoria\" \/>\n<meta property=\"article:published_time\" content=\"2026-01-27T13:40:58+00:00\" \/>\n<meta property=\"article:modified_time\" content=\"2026-01-27T13:41:00+00:00\" \/>\n<meta property=\"og:image\" content=\"https:\/\/metarh.com.br\/metarhnews\/wp-content\/uploads\/2026\/01\/Reforma-tributaria-2026-Linkedin-e-Blog.png\" \/>\n\t<meta property=\"og:image:width\" content=\"1060\" \/>\n\t<meta property=\"og:image:height\" content=\"700\" \/>\n\t<meta property=\"og:image:type\" content=\"image\/png\" \/>\n<meta name=\"author\" content=\"METARH\" \/>\n<meta name=\"twitter:card\" content=\"summary_large_image\" \/>\n<meta name=\"twitter:creator\" content=\"@metarhumana\" \/>\n<meta name=\"twitter:site\" content=\"@metarhumana\" \/>\n<meta name=\"twitter:label1\" content=\"Escrito por\" \/>\n\t<meta name=\"twitter:data1\" content=\"METARH\" \/>\n\t<meta name=\"twitter:label2\" content=\"Est. tempo de leitura\" \/>\n\t<meta name=\"twitter:data2\" content=\"7 minutos\" \/>\n<script type=\"application\/ld+json\" class=\"yoast-schema-graph\">{\"@context\":\"https:\\\/\\\/schema.org\",\"@graph\":[{\"@type\":\"Article\",\"@id\":\"https:\\\/\\\/metarh.com.br\\\/metarhnews\\\/reforma-tributaria-2026-preparacao-empresas\\\/#article\",\"isPartOf\":{\"@id\":\"https:\\\/\\\/metarh.com.br\\\/metarhnews\\\/reforma-tributaria-2026-preparacao-empresas\\\/\"},\"author\":{\"name\":\"METARH\",\"@id\":\"https:\\\/\\\/metarh.com.br\\\/metarhnews\\\/#\\\/schema\\\/person\\\/930900bc40677695dc9df602ec0366d0\"},\"headline\":\"Reforma Tribut\u00e1ria 2026: como as empresas podem se preparar?\",\"datePublished\":\"2026-01-27T13:40:58+00:00\",\"dateModified\":\"2026-01-27T13:41:00+00:00\",\"mainEntityOfPage\":{\"@id\":\"https:\\\/\\\/metarh.com.br\\\/metarhnews\\\/reforma-tributaria-2026-preparacao-empresas\\\/\"},\"wordCount\":1242,\"commentCount\":0,\"publisher\":{\"@id\":\"https:\\\/\\\/metarh.com.br\\\/metarhnews\\\/#organization\"},\"image\":{\"@id\":\"https:\\\/\\\/metarh.com.br\\\/metarhnews\\\/reforma-tributaria-2026-preparacao-empresas\\\/#primaryimage\"},\"thumbnailUrl\":\"https:\\\/\\\/metarh.com.br\\\/metarhnews\\\/wp-content\\\/uploads\\\/2026\\\/01\\\/Reforma-tributaria-2026-Linkedin-e-Blog.png\",\"articleSection\":[\"1 \u2022 Business\",\"Aprendizado\",\"Tend\u00eancias\"],\"inLanguage\":\"pt-BR\",\"potentialAction\":[{\"@type\":\"CommentAction\",\"name\":\"Comment\",\"target\":[\"https:\\\/\\\/metarh.com.br\\\/metarhnews\\\/reforma-tributaria-2026-preparacao-empresas\\\/#respond\"]}],\"copyrightYear\":\"2026\",\"copyrightHolder\":{\"@id\":\"https:\\\/\\\/metarh.com.br\\\/metarhnews\\\/#organization\"}},{\"@type\":\"WebPage\",\"@id\":\"https:\\\/\\\/metarh.com.br\\\/metarhnews\\\/reforma-tributaria-2026-preparacao-empresas\\\/\",\"url\":\"https:\\\/\\\/metarh.com.br\\\/metarhnews\\\/reforma-tributaria-2026-preparacao-empresas\\\/\",\"name\":\"Reforma Tribut\u00e1ria 2026: como as empresas se preparam\",\"isPartOf\":{\"@id\":\"https:\\\/\\\/metarh.com.br\\\/metarhnews\\\/#website\"},\"primaryImageOfPage\":{\"@id\":\"https:\\\/\\\/metarh.com.br\\\/metarhnews\\\/reforma-tributaria-2026-preparacao-empresas\\\/#primaryimage\"},\"image\":{\"@id\":\"https:\\\/\\\/metarh.com.br\\\/metarhnews\\\/reforma-tributaria-2026-preparacao-empresas\\\/#primaryimage\"},\"thumbnailUrl\":\"https:\\\/\\\/metarh.com.br\\\/metarhnews\\\/wp-content\\\/uploads\\\/2026\\\/01\\\/Reforma-tributaria-2026-Linkedin-e-Blog.png\",\"datePublished\":\"2026-01-27T13:40:58+00:00\",\"dateModified\":\"2026-01-27T13:41:00+00:00\",\"description\":\"Entenda o que muda com a Reforma Tribut\u00e1ria 2026, seus impactos pr\u00e1ticos nas empresas e como se preparar desde j\u00e1 para a transi\u00e7\u00e3o at\u00e9 2033.\",\"breadcrumb\":{\"@id\":\"https:\\\/\\\/metarh.com.br\\\/metarhnews\\\/reforma-tributaria-2026-preparacao-empresas\\\/#breadcrumb\"},\"inLanguage\":\"pt-BR\",\"potentialAction\":[{\"@type\":\"ReadAction\",\"target\":[\"https:\\\/\\\/metarh.com.br\\\/metarhnews\\\/reforma-tributaria-2026-preparacao-empresas\\\/\"]}]},{\"@type\":\"ImageObject\",\"inLanguage\":\"pt-BR\",\"@id\":\"https:\\\/\\\/metarh.com.br\\\/metarhnews\\\/reforma-tributaria-2026-preparacao-empresas\\\/#primaryimage\",\"url\":\"https:\\\/\\\/metarh.com.br\\\/metarhnews\\\/wp-content\\\/uploads\\\/2026\\\/01\\\/Reforma-tributaria-2026-Linkedin-e-Blog.png\",\"contentUrl\":\"https:\\\/\\\/metarh.com.br\\\/metarhnews\\\/wp-content\\\/uploads\\\/2026\\\/01\\\/Reforma-tributaria-2026-Linkedin-e-Blog.png\",\"width\":1060,\"height\":700,\"caption\":\"reforma tribut\u00e1ria 2026\"},{\"@type\":\"BreadcrumbList\",\"@id\":\"https:\\\/\\\/metarh.com.br\\\/metarhnews\\\/reforma-tributaria-2026-preparacao-empresas\\\/#breadcrumb\",\"itemListElement\":[{\"@type\":\"ListItem\",\"position\":1,\"name\":\"In\u00edcio\",\"item\":\"https:\\\/\\\/metarh.com.br\\\/metarhnews\\\/\"},{\"@type\":\"ListItem\",\"position\":2,\"name\":\"Reforma Tribut\u00e1ria 2026: como as empresas podem se preparar?\"}]},{\"@type\":\"WebSite\",\"@id\":\"https:\\\/\\\/metarh.com.br\\\/metarhnews\\\/#website\",\"url\":\"https:\\\/\\\/metarh.com.br\\\/metarhnews\\\/\",\"name\":\"METARH +News\",\"description\":\"Conte\u00fado focado em Gest\u00e3o de Pessoas\",\"publisher\":{\"@id\":\"https:\\\/\\\/metarh.com.br\\\/metarhnews\\\/#organization\"},\"potentialAction\":[{\"@type\":\"SearchAction\",\"target\":{\"@type\":\"EntryPoint\",\"urlTemplate\":\"https:\\\/\\\/metarh.com.br\\\/metarhnews\\\/?s={search_term_string}\"},\"query-input\":{\"@type\":\"PropertyValueSpecification\",\"valueRequired\":true,\"valueName\":\"search_term_string\"}}],\"inLanguage\":\"pt-BR\"},{\"@type\":\"Organization\",\"@id\":\"https:\\\/\\\/metarh.com.br\\\/metarhnews\\\/#organization\",\"name\":\"METARH +Humana\",\"url\":\"https:\\\/\\\/metarh.com.br\\\/metarhnews\\\/\",\"logo\":{\"@type\":\"ImageObject\",\"inLanguage\":\"pt-BR\",\"@id\":\"https:\\\/\\\/metarh.com.br\\\/metarhnews\\\/#\\\/schema\\\/logo\\\/image\\\/\",\"url\":\"https:\\\/\\\/metarh.com.br\\\/metarhnews\\\/wp-content\\\/uploads\\\/2025\\\/02\\\/METARH-Azul-Horizontal.png\",\"contentUrl\":\"https:\\\/\\\/metarh.com.br\\\/metarhnews\\\/wp-content\\\/uploads\\\/2025\\\/02\\\/METARH-Azul-Horizontal.png\",\"width\":1002,\"height\":303,\"caption\":\"METARH +Humana\"},\"image\":{\"@id\":\"https:\\\/\\\/metarh.com.br\\\/metarhnews\\\/#\\\/schema\\\/logo\\\/image\\\/\"},\"sameAs\":[\"https:\\\/\\\/www.facebook.com\\\/metarhumana\",\"https:\\\/\\\/x.com\\\/metarhumana\",\"https:\\\/\\\/www.instagram.com\\\/metarhumana\\\/\",\"https:\\\/\\\/www.youtube.com\\\/@metarhumana\"]},{\"@type\":\"Person\",\"@id\":\"https:\\\/\\\/metarh.com.br\\\/metarhnews\\\/#\\\/schema\\\/person\\\/930900bc40677695dc9df602ec0366d0\",\"name\":\"METARH\",\"image\":{\"@type\":\"ImageObject\",\"inLanguage\":\"pt-BR\",\"@id\":\"https:\\\/\\\/secure.gravatar.com\\\/avatar\\\/e03963382c9576f1c9989940c2d59ebc780df154afc76a079627bbbdb3dcefa1?s=96&d=mm&r=g\",\"url\":\"https:\\\/\\\/secure.gravatar.com\\\/avatar\\\/e03963382c9576f1c9989940c2d59ebc780df154afc76a079627bbbdb3dcefa1?s=96&d=mm&r=g\",\"contentUrl\":\"https:\\\/\\\/secure.gravatar.com\\\/avatar\\\/e03963382c9576f1c9989940c2d59ebc780df154afc76a079627bbbdb3dcefa1?s=96&d=mm&r=g\",\"caption\":\"METARH\"},\"description\":\"Somos uma consultoria de recursos humanos com mais de 40 anos de mercado, ajudando empresas como a sua a encontrarem o talento certo. Nossos processos s\u00e3o focados no sucesso dos clientes sem deixar de lado a experi\u00eancia positiva das pessoas candidatas.\",\"sameAs\":[\"http:\\\/\\\/www.metarh.com.br\",\"https:\\\/\\\/www.facebook.com\\\/metarhconsultoria\",\"https:\\\/\\\/www.instagram.com\\\/metarhconsultoria\\\/\",\"https:\\\/\\\/www.linkedin.com\\\/company\\\/metarhconsultoria\",\"http:\\\/\\\/youtube.com\\\/@metarhconsultoria\"],\"url\":\"https:\\\/\\\/metarh.com.br\\\/metarhnews\\\/author\\\/editorial-metarh\\\/\"}]}<\/script>\n<!-- \/ Yoast SEO Premium plugin. -->","yoast_head_json":{"title":"Reforma Tribut\u00e1ria 2026: como as empresas se preparam","description":"Entenda o que muda com a Reforma Tribut\u00e1ria 2026, seus impactos pr\u00e1ticos nas empresas e como se preparar desde j\u00e1 para a transi\u00e7\u00e3o at\u00e9 2033.","robots":{"index":"index","follow":"follow","max-snippet":"max-snippet:-1","max-image-preview":"max-image-preview:large","max-video-preview":"max-video-preview:-1"},"canonical":"https:\/\/metarh.com.br\/metarhnews\/reforma-tributaria-2026-preparacao-empresas\/","og_locale":"pt_BR","og_type":"article","og_title":"Reforma Tribut\u00e1ria 2026: como as empresas podem se preparar?","og_description":"Entenda o que muda com a Reforma Tribut\u00e1ria 2026, seus impactos pr\u00e1ticos nas empresas e como se preparar desde j\u00e1 para a transi\u00e7\u00e3o at\u00e9 2033.","og_url":"https:\/\/metarh.com.br\/metarhnews\/reforma-tributaria-2026-preparacao-empresas\/","og_site_name":"METARH +News","article_publisher":"https:\/\/www.facebook.com\/metarhumana","article_author":"https:\/\/www.facebook.com\/metarhconsultoria","article_published_time":"2026-01-27T13:40:58+00:00","article_modified_time":"2026-01-27T13:41:00+00:00","og_image":[{"width":1060,"height":700,"url":"https:\/\/metarh.com.br\/metarhnews\/wp-content\/uploads\/2026\/01\/Reforma-tributaria-2026-Linkedin-e-Blog.png","type":"image\/png"}],"author":"METARH","twitter_card":"summary_large_image","twitter_creator":"@metarhumana","twitter_site":"@metarhumana","twitter_misc":{"Escrito por":"METARH","Est. tempo de leitura":"7 minutos"},"schema":{"@context":"https:\/\/schema.org","@graph":[{"@type":"Article","@id":"https:\/\/metarh.com.br\/metarhnews\/reforma-tributaria-2026-preparacao-empresas\/#article","isPartOf":{"@id":"https:\/\/metarh.com.br\/metarhnews\/reforma-tributaria-2026-preparacao-empresas\/"},"author":{"name":"METARH","@id":"https:\/\/metarh.com.br\/metarhnews\/#\/schema\/person\/930900bc40677695dc9df602ec0366d0"},"headline":"Reforma Tribut\u00e1ria 2026: como as empresas podem se preparar?","datePublished":"2026-01-27T13:40:58+00:00","dateModified":"2026-01-27T13:41:00+00:00","mainEntityOfPage":{"@id":"https:\/\/metarh.com.br\/metarhnews\/reforma-tributaria-2026-preparacao-empresas\/"},"wordCount":1242,"commentCount":0,"publisher":{"@id":"https:\/\/metarh.com.br\/metarhnews\/#organization"},"image":{"@id":"https:\/\/metarh.com.br\/metarhnews\/reforma-tributaria-2026-preparacao-empresas\/#primaryimage"},"thumbnailUrl":"https:\/\/metarh.com.br\/metarhnews\/wp-content\/uploads\/2026\/01\/Reforma-tributaria-2026-Linkedin-e-Blog.png","articleSection":["1 \u2022 Business","Aprendizado","Tend\u00eancias"],"inLanguage":"pt-BR","potentialAction":[{"@type":"CommentAction","name":"Comment","target":["https:\/\/metarh.com.br\/metarhnews\/reforma-tributaria-2026-preparacao-empresas\/#respond"]}],"copyrightYear":"2026","copyrightHolder":{"@id":"https:\/\/metarh.com.br\/metarhnews\/#organization"}},{"@type":"WebPage","@id":"https:\/\/metarh.com.br\/metarhnews\/reforma-tributaria-2026-preparacao-empresas\/","url":"https:\/\/metarh.com.br\/metarhnews\/reforma-tributaria-2026-preparacao-empresas\/","name":"Reforma Tribut\u00e1ria 2026: como as empresas se preparam","isPartOf":{"@id":"https:\/\/metarh.com.br\/metarhnews\/#website"},"primaryImageOfPage":{"@id":"https:\/\/metarh.com.br\/metarhnews\/reforma-tributaria-2026-preparacao-empresas\/#primaryimage"},"image":{"@id":"https:\/\/metarh.com.br\/metarhnews\/reforma-tributaria-2026-preparacao-empresas\/#primaryimage"},"thumbnailUrl":"https:\/\/metarh.com.br\/metarhnews\/wp-content\/uploads\/2026\/01\/Reforma-tributaria-2026-Linkedin-e-Blog.png","datePublished":"2026-01-27T13:40:58+00:00","dateModified":"2026-01-27T13:41:00+00:00","description":"Entenda o que muda com a Reforma Tribut\u00e1ria 2026, seus impactos pr\u00e1ticos nas empresas e como se preparar desde j\u00e1 para a transi\u00e7\u00e3o at\u00e9 2033.","breadcrumb":{"@id":"https:\/\/metarh.com.br\/metarhnews\/reforma-tributaria-2026-preparacao-empresas\/#breadcrumb"},"inLanguage":"pt-BR","potentialAction":[{"@type":"ReadAction","target":["https:\/\/metarh.com.br\/metarhnews\/reforma-tributaria-2026-preparacao-empresas\/"]}]},{"@type":"ImageObject","inLanguage":"pt-BR","@id":"https:\/\/metarh.com.br\/metarhnews\/reforma-tributaria-2026-preparacao-empresas\/#primaryimage","url":"https:\/\/metarh.com.br\/metarhnews\/wp-content\/uploads\/2026\/01\/Reforma-tributaria-2026-Linkedin-e-Blog.png","contentUrl":"https:\/\/metarh.com.br\/metarhnews\/wp-content\/uploads\/2026\/01\/Reforma-tributaria-2026-Linkedin-e-Blog.png","width":1060,"height":700,"caption":"reforma tribut\u00e1ria 2026"},{"@type":"BreadcrumbList","@id":"https:\/\/metarh.com.br\/metarhnews\/reforma-tributaria-2026-preparacao-empresas\/#breadcrumb","itemListElement":[{"@type":"ListItem","position":1,"name":"In\u00edcio","item":"https:\/\/metarh.com.br\/metarhnews\/"},{"@type":"ListItem","position":2,"name":"Reforma Tribut\u00e1ria 2026: como as empresas podem se preparar?"}]},{"@type":"WebSite","@id":"https:\/\/metarh.com.br\/metarhnews\/#website","url":"https:\/\/metarh.com.br\/metarhnews\/","name":"METARH +News","description":"Conte\u00fado focado em Gest\u00e3o de Pessoas","publisher":{"@id":"https:\/\/metarh.com.br\/metarhnews\/#organization"},"potentialAction":[{"@type":"SearchAction","target":{"@type":"EntryPoint","urlTemplate":"https:\/\/metarh.com.br\/metarhnews\/?s={search_term_string}"},"query-input":{"@type":"PropertyValueSpecification","valueRequired":true,"valueName":"search_term_string"}}],"inLanguage":"pt-BR"},{"@type":"Organization","@id":"https:\/\/metarh.com.br\/metarhnews\/#organization","name":"METARH +Humana","url":"https:\/\/metarh.com.br\/metarhnews\/","logo":{"@type":"ImageObject","inLanguage":"pt-BR","@id":"https:\/\/metarh.com.br\/metarhnews\/#\/schema\/logo\/image\/","url":"https:\/\/metarh.com.br\/metarhnews\/wp-content\/uploads\/2025\/02\/METARH-Azul-Horizontal.png","contentUrl":"https:\/\/metarh.com.br\/metarhnews\/wp-content\/uploads\/2025\/02\/METARH-Azul-Horizontal.png","width":1002,"height":303,"caption":"METARH +Humana"},"image":{"@id":"https:\/\/metarh.com.br\/metarhnews\/#\/schema\/logo\/image\/"},"sameAs":["https:\/\/www.facebook.com\/metarhumana","https:\/\/x.com\/metarhumana","https:\/\/www.instagram.com\/metarhumana\/","https:\/\/www.youtube.com\/@metarhumana"]},{"@type":"Person","@id":"https:\/\/metarh.com.br\/metarhnews\/#\/schema\/person\/930900bc40677695dc9df602ec0366d0","name":"METARH","image":{"@type":"ImageObject","inLanguage":"pt-BR","@id":"https:\/\/secure.gravatar.com\/avatar\/e03963382c9576f1c9989940c2d59ebc780df154afc76a079627bbbdb3dcefa1?s=96&d=mm&r=g","url":"https:\/\/secure.gravatar.com\/avatar\/e03963382c9576f1c9989940c2d59ebc780df154afc76a079627bbbdb3dcefa1?s=96&d=mm&r=g","contentUrl":"https:\/\/secure.gravatar.com\/avatar\/e03963382c9576f1c9989940c2d59ebc780df154afc76a079627bbbdb3dcefa1?s=96&d=mm&r=g","caption":"METARH"},"description":"Somos uma consultoria de recursos humanos com mais de 40 anos de mercado, ajudando empresas como a sua a encontrarem o talento certo. Nossos processos s\u00e3o focados no sucesso dos clientes sem deixar de lado a experi\u00eancia positiva das pessoas candidatas.","sameAs":["http:\/\/www.metarh.com.br","https:\/\/www.facebook.com\/metarhconsultoria","https:\/\/www.instagram.com\/metarhconsultoria\/","https:\/\/www.linkedin.com\/company\/metarhconsultoria","http:\/\/youtube.com\/@metarhconsultoria"],"url":"https:\/\/metarh.com.br\/metarhnews\/author\/editorial-metarh\/"}]}},"_links":{"self":[{"href":"https:\/\/metarh.com.br\/metarhnews\/wp-json\/wp\/v2\/posts\/17082","targetHints":{"allow":["GET"]}}],"collection":[{"href":"https:\/\/metarh.com.br\/metarhnews\/wp-json\/wp\/v2\/posts"}],"about":[{"href":"https:\/\/metarh.com.br\/metarhnews\/wp-json\/wp\/v2\/types\/post"}],"author":[{"embeddable":true,"href":"https:\/\/metarh.com.br\/metarhnews\/wp-json\/wp\/v2\/users\/4"}],"replies":[{"embeddable":true,"href":"https:\/\/metarh.com.br\/metarhnews\/wp-json\/wp\/v2\/comments?post=17082"}],"version-history":[{"count":3,"href":"https:\/\/metarh.com.br\/metarhnews\/wp-json\/wp\/v2\/posts\/17082\/revisions"}],"predecessor-version":[{"id":17087,"href":"https:\/\/metarh.com.br\/metarhnews\/wp-json\/wp\/v2\/posts\/17082\/revisions\/17087"}],"wp:featuredmedia":[{"embeddable":true,"href":"https:\/\/metarh.com.br\/metarhnews\/wp-json\/wp\/v2\/media\/17084"}],"wp:attachment":[{"href":"https:\/\/metarh.com.br\/metarhnews\/wp-json\/wp\/v2\/media?parent=17082"}],"wp:term":[{"taxonomy":"category","embeddable":true,"href":"https:\/\/metarh.com.br\/metarhnews\/wp-json\/wp\/v2\/categories?post=17082"},{"taxonomy":"post_tag","embeddable":true,"href":"https:\/\/metarh.com.br\/metarhnews\/wp-json\/wp\/v2\/tags?post=17082"}],"curies":[{"name":"wp","href":"https:\/\/api.w.org\/{rel}","templated":true}]}}