{"id":17184,"date":"2026-04-28T10:09:18","date_gmt":"2026-04-28T13:09:18","guid":{"rendered":"https:\/\/metarh.com.br\/metarhnews\/?p=17184"},"modified":"2026-04-28T10:09:20","modified_gmt":"2026-04-28T13:09:20","slug":"escassez-talentos-farmaceuticos","status":"publish","type":"post","link":"https:\/\/metarh.com.br\/metarhnews\/escassez-talentos-farmaceuticos\/","title":{"rendered":"Escassez de talentos farmac\u00eauticos: como estruturar um recrutamento assertivo?"},"content":{"rendered":"\n<p>Se a <strong>escassez de talentos farmac\u00eauticos<\/strong> tem afetado a sua opera\u00e7\u00e3o, saiba que essa n\u00e3o \u00e9 uma experi\u00eancia isolada: segundo dados da <a href=\"https:\/\/www.weareams.com\/stories\/solving-the-pharma-and-life-sciences-talent-deficit\/\">AMS<\/a>, o tempo m\u00e9dio de contrata\u00e7\u00e3o no setor saltou de um dia inteiro, em 2023, para 44 dias.<\/p>\n\n\n\n<p>Como vamos mostrar a seguir, a falta de um <a href=\"https:\/\/metarh.com.br\/metarhnews\/digitalizacao-recrutamento-farmaceutico\/\">recrutamento<\/a> estruturado amplia ainda mais esse desafio, trazendo impactos na produtividade, na sobrecarga da equipe e at\u00e9 mesmo no cumprimento de exig\u00eancias regulat\u00f3rias.<\/p>\n\n\n\n<h4 class=\"wp-block-heading\" id=\"h-neste-artigo-voce-vai-conferir\"><strong>Neste artigo, voc\u00ea vai conferir:<\/strong><\/h4>\n\n\n\n<ul class=\"wp-block-list\">\n<li>Panorama da escassez de talentos na ind\u00fastria farmac\u00eautica;<\/li>\n\n\n\n<li>Impactos desse gap na continuidade operacional;<\/li>\n\n\n\n<li>Import\u00e2ncia do recrutamento especializado diante desse contexto.<\/li>\n<\/ul>\n\n\n\n<p>Boa leitura!<\/p>\n\n\n\n<h5 class=\"wp-block-heading\" id=\"h-o-cenario-atual-da-escassez-de-talentos-farmaceuticos\"><strong>O cen\u00e1rio atual da escassez de talentos farmac\u00eauticos<\/strong><\/h5>\n\n\n\n<p>A falta de profissionais qualificados tem se consolidado como um desafio que impacta empresas de todos os portes e segmentos, com <a href=\"https:\/\/valor.globo.com\/patrocinado\/dino\/noticia\/2025\/03\/17\/escassez-de-talentos-segue-em-alta-no-brasil.ghtml\">74% dos empregadores globais relatando dificuldades para contratar em 2025<\/a>.<\/p>\n\n\n\n<p>No setor farmac\u00eautico, por\u00e9m, esse problema ganha contornos ainda mais cr\u00edticos. Afinal, estamos falando de uma \u00e1rea altamente regulada, que exige forma\u00e7\u00e3o t\u00e9cnica e atualiza\u00e7\u00e3o constante.<\/p>\n\n\n\n<p>Segundo uma pesquisa da <a href=\"https:\/\/www.globaldata.com\/media\/pharma\/lack-skills-talent-still-top-hinderance-digital-transformation-pharma-says-globaldata\/\">GlobalData<\/a>, por exemplo, a&nbsp; escassez de talentos espec\u00edficos, que detenham as habilidades certas, foi apontada como o principal obst\u00e1culo para a transforma\u00e7\u00e3o digital nessa ind\u00fastria.&nbsp;<\/p>\n\n\n\n<p>Na mesma linha, a pesquisa de 2023 da <a href=\"https:\/\/www.abpi.org.uk\/publications\/how-skill-requirements-are-changing\/\">Associa\u00e7\u00e3o Brit\u00e2nica da Ind\u00fastria Farmac\u00eautica (ABPI)<\/a> revelou que, entre as 13 compet\u00eancias consideradas priorit\u00e1rias para o setor, 8 envolviam conhecimentos ligados a dados e tecnologia.<\/p>\n\n\n\n<p>Os reflexos disso j\u00e1 s\u00e3o sentidos na pr\u00e1tica:&nbsp;<\/p>\n\n\n\n<ul class=\"wp-block-list\">\n<li>Cerca de <a href=\"https:\/\/www.weareams.com\/stories\/solving-the-pharma-and-life-sciences-talent-deficit\/\">80% das plantas de produ\u00e7\u00e3o farmac\u00eautica<\/a> relatam dificuldades relacionadas \u00e0 falta de compet\u00eancias adequadas;<\/li>\n\n\n\n<li>50% dos executivos afirmam que recrutar profissionais experientes \u00e9 um desafio constante;<\/li>\n\n\n\n<li>36% dos desenvolvedores de medicamentos reconhecem que a escassez de talentos tem limitado o avan\u00e7o de projetos, impactando diretamente o ritmo da inova\u00e7\u00e3o no setor.<\/li>\n<\/ul>\n\n\n\n<h5 class=\"wp-block-heading\" id=\"h-por-que-esta-cada-vez-mais-dificil-contratar-no-setor\"><strong>Por que est\u00e1 cada vez mais dif\u00edcil contratar no setor?<\/strong><\/h5>\n\n\n\n<p>Os dados apresentados acima j\u00e1 d\u00e3o uma ideia do que est\u00e1 por tr\u00e1s da dificuldade de atrair e contratar talentos farmac\u00eauticos.&nbsp;<\/p>\n\n\n\n<p>Mas, para amarrar todos os pontos, aqui vai uma lista dos principais fatores que tornam esse processo cada vez mais desafiador:<\/p>\n\n\n\n<ul class=\"wp-block-list\">\n<li>Exig\u00eancias t\u00e9cnicas e regulat\u00f3rias cada vez mais espec\u00edficas;<\/li>\n\n\n\n<li>D\u00e9ficit em compet\u00eancias digitais e anal\u00edticas, que evoluem em ritmo acelerado;<\/li>\n\n\n\n<li>Escassez de experi\u00eancia pr\u00e1tica em ambientes altamente regulados;<\/li>\n\n\n\n<li>Envelhecimento da for\u00e7a de trabalho e reposi\u00e7\u00e3o insuficiente de talentos;<\/li>\n\n\n\n<li>Concorr\u00eancia acirrada por profissionais altamente especializados.<\/li>\n<\/ul>\n\n\n\n<p>Diante desse cen\u00e1rio, a dificuldade de contrata\u00e7\u00e3o deixa de ser apenas uma quest\u00e3o de volume de pessoas candidatas e passa a envolver estrat\u00e9gia, posicionamento e capacidade de identificar compet\u00eancias cr\u00edticas.<\/p>\n\n\n\n<h5 class=\"wp-block-heading\" id=\"h-os-impactos-dessa-escassez-no-dia-a-dia-da-industria-farmaceutica\"><strong>Os impactos dessa escassez no dia a dia da ind\u00fastria farmac\u00eautica<\/strong><\/h5>\n\n\n\n<p>A escassez de talentos no setor farmac\u00eautico n\u00e3o \u00e9 apenas um desafio para o RH.<\/p>\n\n\n\n<p>Quando posi\u00e7\u00f5es cr\u00edticas permanecem em aberto por longos per\u00edodos, o primeiro reflexo \u00e9 a sobrecarga das equipes.&nbsp;<\/p>\n\n\n\n<p>J\u00e1 do ponto de vista operacional, esse gap tamb\u00e9m pode resultar em:<\/p>\n\n\n\n<ul class=\"wp-block-list\">\n<li>Atrasos em valida\u00e7\u00f5es, registros e libera\u00e7\u00f5es de produtos;<\/li>\n\n\n\n<li>Gargalos na produ\u00e7\u00e3o e na cadeia de suprimentos;<\/li>\n\n\n\n<li>Dificuldades na implementa\u00e7\u00e3o de novas tecnologias e processos;<\/li>\n\n\n\n<li>Lentid\u00e3o no avan\u00e7o de projetos de P&amp;D e ensaios cl\u00ednicos.<\/li>\n<\/ul>\n\n\n\n<p>Na dimens\u00e3o da qualidade, o impacto \u00e9 ainda mais sens\u00edvel. Afinal, a aus\u00eancia de especialistas experientes em controle de qualidade e compliance pode comprometer a conformidade com as normas vigentes.<\/p>\n\n\n\n<p>Em um setor fiscalizado por \u00f3rg\u00e3os reguladores e sujeito a inspe\u00e7\u00f5es rigorosas, qualquer fragilidade na equipe t\u00e9cnica pode se traduzir em advert\u00eancias, multas ou at\u00e9 suspens\u00e3o de atividades.<\/p>\n\n\n\n<h5 class=\"wp-block-heading\" id=\"h-onde-o-recrutamento-tradicional-falha-nesse-contexto\"><strong>Onde o recrutamento tradicional falha nesse contexto?<\/strong><\/h5>\n\n\n\n<p>O recrutamento tradicional, muitas vezes gen\u00e9rico e reativo, tende a n\u00e3o acompanhar a complexidade das demandas do setor farmac\u00eautico. E um dos principais erros est\u00e1 na <strong>condu\u00e7\u00e3o improvisada das contrata\u00e7\u00f5es<\/strong>.&nbsp;<\/p>\n\n\n\n<p>Quando a urg\u00eancia fala mais alto, as empresas tendem a acelerar etapas, flexibilizar crit\u00e9rios ou priorizar apenas a experi\u00eancia aparente no curr\u00edculo, sem uma an\u00e1lise aprofundada de compet\u00eancias cr\u00edticas.<\/p>\n\n\n\n<p>O problema \u00e9 que, na ind\u00fastria farmac\u00eautica, uma contrata\u00e7\u00e3o inadequada n\u00e3o impacta apenas o clima ou a produtividade. Ela tamb\u00e9m pode comprometer a conformidade regulat\u00f3ria e expor a empresa a riscos.<\/p>\n\n\n\n<p>Improvisar pode at\u00e9 parecer uma solu\u00e7\u00e3o de curto prazo, mas, nesse setor, o custo de um erro costuma ser alto.&nbsp;<\/p>\n\n\n\n<p>Por isso, mais do que preencher vagas rapidamente, \u00e9 fundamental estruturar processos seletivos criteriosos e alinhados \u00e0s exig\u00eancias do neg\u00f3cio.<\/p>\n\n\n\n<h5 class=\"wp-block-heading\" id=\"h-como-estruturar-um-recrutamento-mais-assertivo\"><strong>Como estruturar um recrutamento mais assertivo?<\/strong><\/h5>\n\n\n\n<p>Diante da escassez de talentos e do alto n\u00edvel de exig\u00eancia do setor farmac\u00eautico, estruturar um recrutamento mais assertivo significa adotar uma abordagem estrat\u00e9gica.<\/p>\n\n\n\n<p>Eis os pilares fundamentais para alcan\u00e7ar esse n\u00edvel de maturidade:<\/p>\n\n\n\n<h6 class=\"wp-block-heading\" id=\"h-1-diagnostico-estrategico-da-vaga\">1. <strong>Diagn\u00f3stico estrat\u00e9gico da vaga<\/strong><\/h6>\n\n\n\n<p>Um recrutamento assertivo exige clareza sobre o que realmente \u00e9 cr\u00edtico para a posi\u00e7\u00e3o. Isso envolve mapear aspectos como:<\/p>\n\n\n\n<ul class=\"wp-block-list\">\n<li>Impacto da fun\u00e7\u00e3o na opera\u00e7\u00e3o e na conformidade regulat\u00f3ria;<\/li>\n\n\n\n<li>Requisitos mandat\u00f3rios x qualifica\u00e7\u00f5es desej\u00e1veis;<\/li>\n\n\n\n<li>Riscos envolvidos caso a vaga seja preenchida inadequadamente.<\/li>\n<\/ul>\n\n\n\n<p>Sem esse diagn\u00f3stico, a tend\u00eancia \u00e9 criar descri\u00e7\u00f5es gen\u00e9ricas, que atraem um bom n\u00famero de pessoas candidatos, mas poucas realmente aderentes.<\/p>\n\n\n\n<h6 class=\"wp-block-heading\" id=\"h-2-mapeamento-de-competencias-tecnicas-e-comportamentais\">2. <strong>Mapeamento de compet\u00eancias t\u00e9cnicas e comportamentais<\/strong><\/h6>\n\n\n\n<p>Para uma contrata\u00e7\u00e3o bem-sucedida no setor farmac\u00eautico, \u00e9 preciso sempre considerar:<\/p>\n\n\n\n<ul class=\"wp-block-list\">\n<li>Dom\u00ednio de normas e boas pr\u00e1ticas aplic\u00e1veis \u00e0 fun\u00e7\u00e3o;<\/li>\n\n\n\n<li>Experi\u00eancia pr\u00e1tica em ambientes audit\u00e1veis e regulados;<\/li>\n\n\n\n<li>Capacidade de seguir processos com rigor e aten\u00e7\u00e3o a detalhes;<\/li>\n\n\n\n<li>Postura \u00e9tica, senso de responsabilidade e foco em qualidade.<\/li>\n<\/ul>\n\n\n\n<p>Ferramentas como entrevistas por compet\u00eancias, testes t\u00e9cnicos e participa\u00e7\u00e3o de especialistas da \u00e1rea na avalia\u00e7\u00e3o ajudam a reduzir o risco de decis\u00f5es baseadas apenas em impress\u00e3o subjetiva.<\/p>\n\n\n\n<h6 class=\"wp-block-heading\" id=\"h-3-estruturacao-de-um-processo-seletivo-agil-mas-criterioso\">3. <strong>Estrutura\u00e7\u00e3o de um processo seletivo \u00e1gil, mas criterioso<\/strong><\/h6>\n\n\n\n<p>Em um mercado competitivo, processos longos e desorganizados costumam afastar bons profissionais. Por outro lado, acelerar demais pode comprometer a qualidade da decis\u00e3o.<\/p>\n\n\n\n<p>O equil\u00edbrio est\u00e1 em:<\/p>\n\n\n\n<ul class=\"wp-block-list\">\n<li>Definir etapas claras e objetivas;<\/li>\n\n\n\n<li>Estabelecer prazos internos para cada fase;<\/li>\n\n\n\n<li>Padronizar crit\u00e9rios de avalia\u00e7\u00e3o;<\/li>\n\n\n\n<li>Garantir comunica\u00e7\u00e3o transparente com o p\u00fablico-alvo.<\/li>\n<\/ul>\n\n\n\n<h6 class=\"wp-block-heading\" id=\"h-4-uso-de-dados-para-embasar-decisoes\">4. <strong>Uso de dados para embasar decis\u00f5es<\/strong><\/h6>\n\n\n\n<p>Por fim, o recrutamento estrat\u00e9gico usa indicadores para apoiar as decis\u00f5es, identificar gargalos e oportunidades de melhoria.&nbsp;<\/p>\n\n\n\n<p>Al\u00e9m de analisar o mercado \u2013 como disponibilidade de talentos, m\u00e9dia salarial e tempo de contrata\u00e7\u00e3o no setor \u2013 \u00e9 fundamental olhar para dentro da pr\u00f3pria organiza\u00e7\u00e3o.<\/p>\n\n\n\n<p>Algumas m\u00e9tricas que merecem aten\u00e7\u00e3o s\u00e3o:<\/p>\n\n\n\n<ul class=\"wp-block-list\">\n<li>Tempo m\u00e9dio de contrata\u00e7\u00e3o (time to hire);<\/li>\n\n\n\n<li>Taxa de reten\u00e7\u00e3o em posi\u00e7\u00f5es cr\u00edticas;<\/li>\n\n\n\n<li>\u00cdndice de turnover nos primeiros meses;<\/li>\n\n\n\n<li>Motivos recorrentes de reprova\u00e7\u00e3o ou desligamento;<\/li>\n<\/ul>\n\n\n\n<p>Esses dados permitem responder perguntas estrat\u00e9gicas, como: <em>estamos buscando o perfil correto? O processo est\u00e1 excessivamente longo? H\u00e1 desalinhamento entre a expectativa da lideran\u00e7a e a realidade da fun\u00e7\u00e3o?<\/em><\/p>\n\n\n\n<p>Mais do que mensurar resultados, o uso de dados torna o recrutamento mais previs\u00edvel.<\/p>\n\n\n\n<h5 class=\"wp-block-heading\" id=\"h-quando-o-apoio-especializado-e-a-melhor-solucao\"><strong>Quando o apoio especializado \u00e9 a melhor solu\u00e7\u00e3o?<\/strong><\/h5>\n\n\n\n<p>Contratar bem no setor farmac\u00eautico n\u00e3o significa apenas preencher uma vaga, mas, sim, <strong>proteger a opera\u00e7\u00e3o e sustentar o crescimento do neg\u00f3cio<\/strong>.<\/p>\n\n\n\n<p>Nesse contexto, contar com parceiros que dominem as exig\u00eancias regulat\u00f3rias e tenham acesso a uma rede qualificada de talentos pode ser um diferencial competitivo importante.<\/p>\n\n\n\n<p>A METARH \u00e9 refer\u00eancia no tema, atuando com foco no setor de sa\u00fade desde a sua funda\u00e7\u00e3o. Por meio da solu\u00e7\u00e3o <strong>Pharma Recruiter<\/strong>, reduzimos em at\u00e9 30% o tempo de contrata\u00e7\u00e3o, mantendo os custos sob controle e minimizando riscos regulat\u00f3rios.<\/p>\n\n\n\n<p>Quer entender como nossa equipe pode ajudar sua empresa a superar a escassez de talentos farmac\u00eauticos? <a href=\"https:\/\/metarh.com.br\/pharma-recruiter\/\">Fale com nossos especialistas e saiba mais!<\/a><\/p>\n<div style=\"margin-top: 0px; margin-bottom: 0px;\" class=\"sharethis-inline-share-buttons\" ><\/div>","protected":false},"excerpt":{"rendered":"<p>Se a escassez de talentos farmac\u00eauticos tem afetado a sua opera\u00e7\u00e3o, saiba que essa n\u00e3o \u00e9 uma experi\u00eancia isolada: segundo dados da AMS, o tempo m\u00e9dio de contrata\u00e7\u00e3o no setor saltou de um dia inteiro, em 2023, para 44 dias. Como vamos mostrar a seguir, a falta de um recrutamento estruturado amplia ainda mais esse&#8230;<\/p>\n","protected":false},"author":4,"featured_media":17185,"comment_status":"open","ping_status":"open","sticky":false,"template":"","format":"standard","meta":{"_kadence_starter_templates_imported_post":false,"_kad_post_transparent":"","_kad_post_title":"","_kad_post_layout":"","_kad_post_sidebar_id":"","_kad_post_content_style":"","_kad_post_vertical_padding":"","_kad_post_feature":"","_kad_post_feature_position":"","_kad_post_header":false,"_kad_post_footer":false,"_kad_post_classname":"","footnotes":""},"categories":[155,164,3,2],"tags":[],"class_list":["post-17184","post","type-post","status-publish","format-standard","has-post-thumbnail","hentry","category-pharma-recruiter","category-aprendizado-em-rh","category-dicas","category-materias"],"yoast_head":"<!-- This site is optimized with the Yoast SEO Premium plugin v26.6 (Yoast SEO v27.5) - https:\/\/yoast.com\/product\/yoast-seo-premium-wordpress\/ -->\n<title>Escassez de talentos farmac\u00eauticos: como contratar melhor<\/title>\n<meta name=\"description\" content=\"Entenda os impactos da escassez de talentos farmac\u00eauticos e como estruturar um recrutamento mais assertivo e estrat\u00e9gico.\" \/>\n<meta name=\"robots\" content=\"index, follow, max-snippet:-1, max-image-preview:large, max-video-preview:-1\" \/>\n<link rel=\"canonical\" href=\"https:\/\/metarh.com.br\/metarhnews\/escassez-talentos-farmaceuticos\/\" \/>\n<meta property=\"og:locale\" content=\"pt_BR\" \/>\n<meta property=\"og:type\" content=\"article\" \/>\n<meta property=\"og:title\" content=\"Escassez de talentos farmac\u00eauticos: como estruturar um recrutamento assertivo?\" \/>\n<meta property=\"og:description\" content=\"Entenda os impactos da escassez de talentos farmac\u00eauticos e como estruturar um recrutamento mais assertivo e estrat\u00e9gico.\" \/>\n<meta property=\"og:url\" content=\"https:\/\/metarh.com.br\/metarhnews\/escassez-talentos-farmaceuticos\/\" \/>\n<meta property=\"og:site_name\" content=\"METARH +News\" \/>\n<meta property=\"article:publisher\" content=\"https:\/\/www.facebook.com\/metarhumana\" \/>\n<meta property=\"article:author\" content=\"https:\/\/www.facebook.com\/metarhconsultoria\" \/>\n<meta property=\"article:published_time\" content=\"2026-04-28T13:09:18+00:00\" \/>\n<meta property=\"article:modified_time\" content=\"2026-04-28T13:09:20+00:00\" \/>\n<meta property=\"og:image\" content=\"https:\/\/metarh.com.br\/metarhnews\/wp-content\/uploads\/2026\/04\/Escassez-de-talentos-farmaceuticos.png\" \/>\n\t<meta property=\"og:image:width\" content=\"1060\" \/>\n\t<meta property=\"og:image:height\" content=\"700\" \/>\n\t<meta property=\"og:image:type\" content=\"image\/png\" \/>\n<meta name=\"author\" content=\"METARH\" \/>\n<meta name=\"twitter:card\" content=\"summary_large_image\" \/>\n<meta name=\"twitter:creator\" content=\"@metarhumana\" \/>\n<meta name=\"twitter:site\" content=\"@metarhumana\" \/>\n<meta name=\"twitter:label1\" content=\"Escrito por\" \/>\n\t<meta name=\"twitter:data1\" content=\"METARH\" \/>\n\t<meta name=\"twitter:label2\" content=\"Est. tempo de leitura\" \/>\n\t<meta name=\"twitter:data2\" content=\"7 minutos\" \/>\n<script type=\"application\/ld+json\" class=\"yoast-schema-graph\">{\"@context\":\"https:\\\/\\\/schema.org\",\"@graph\":[{\"@type\":\"Article\",\"@id\":\"https:\\\/\\\/metarh.com.br\\\/metarhnews\\\/escassez-talentos-farmaceuticos\\\/#article\",\"isPartOf\":{\"@id\":\"https:\\\/\\\/metarh.com.br\\\/metarhnews\\\/escassez-talentos-farmaceuticos\\\/\"},\"author\":{\"name\":\"METARH\",\"@id\":\"https:\\\/\\\/metarh.com.br\\\/metarhnews\\\/#\\\/schema\\\/person\\\/930900bc40677695dc9df602ec0366d0\"},\"headline\":\"Escassez de talentos farmac\u00eauticos: como estruturar um recrutamento assertivo?\",\"datePublished\":\"2026-04-28T13:09:18+00:00\",\"dateModified\":\"2026-04-28T13:09:20+00:00\",\"mainEntityOfPage\":{\"@id\":\"https:\\\/\\\/metarh.com.br\\\/metarhnews\\\/escassez-talentos-farmaceuticos\\\/\"},\"wordCount\":1355,\"commentCount\":0,\"publisher\":{\"@id\":\"https:\\\/\\\/metarh.com.br\\\/metarhnews\\\/#organization\"},\"image\":{\"@id\":\"https:\\\/\\\/metarh.com.br\\\/metarhnews\\\/escassez-talentos-farmaceuticos\\\/#primaryimage\"},\"thumbnailUrl\":\"https:\\\/\\\/metarh.com.br\\\/metarhnews\\\/wp-content\\\/uploads\\\/2026\\\/04\\\/Escassez-de-talentos-farmaceuticos.png\",\"articleSection\":[\"2 \u2022 Pharma Recruiter\",\"Aprendizado\",\"Dicas\",\"Mat\u00e9rias\"],\"inLanguage\":\"pt-BR\",\"potentialAction\":[{\"@type\":\"CommentAction\",\"name\":\"Comment\",\"target\":[\"https:\\\/\\\/metarh.com.br\\\/metarhnews\\\/escassez-talentos-farmaceuticos\\\/#respond\"]}],\"copyrightYear\":\"2026\",\"copyrightHolder\":{\"@id\":\"https:\\\/\\\/metarh.com.br\\\/metarhnews\\\/#organization\"}},{\"@type\":\"WebPage\",\"@id\":\"https:\\\/\\\/metarh.com.br\\\/metarhnews\\\/escassez-talentos-farmaceuticos\\\/\",\"url\":\"https:\\\/\\\/metarh.com.br\\\/metarhnews\\\/escassez-talentos-farmaceuticos\\\/\",\"name\":\"Escassez de talentos farmac\u00eauticos: como contratar melhor\",\"isPartOf\":{\"@id\":\"https:\\\/\\\/metarh.com.br\\\/metarhnews\\\/#website\"},\"primaryImageOfPage\":{\"@id\":\"https:\\\/\\\/metarh.com.br\\\/metarhnews\\\/escassez-talentos-farmaceuticos\\\/#primaryimage\"},\"image\":{\"@id\":\"https:\\\/\\\/metarh.com.br\\\/metarhnews\\\/escassez-talentos-farmaceuticos\\\/#primaryimage\"},\"thumbnailUrl\":\"https:\\\/\\\/metarh.com.br\\\/metarhnews\\\/wp-content\\\/uploads\\\/2026\\\/04\\\/Escassez-de-talentos-farmaceuticos.png\",\"datePublished\":\"2026-04-28T13:09:18+00:00\",\"dateModified\":\"2026-04-28T13:09:20+00:00\",\"description\":\"Entenda os impactos da escassez de talentos farmac\u00eauticos e como estruturar um recrutamento mais assertivo e estrat\u00e9gico.\",\"breadcrumb\":{\"@id\":\"https:\\\/\\\/metarh.com.br\\\/metarhnews\\\/escassez-talentos-farmaceuticos\\\/#breadcrumb\"},\"inLanguage\":\"pt-BR\",\"potentialAction\":[{\"@type\":\"ReadAction\",\"target\":[\"https:\\\/\\\/metarh.com.br\\\/metarhnews\\\/escassez-talentos-farmaceuticos\\\/\"]}]},{\"@type\":\"ImageObject\",\"inLanguage\":\"pt-BR\",\"@id\":\"https:\\\/\\\/metarh.com.br\\\/metarhnews\\\/escassez-talentos-farmaceuticos\\\/#primaryimage\",\"url\":\"https:\\\/\\\/metarh.com.br\\\/metarhnews\\\/wp-content\\\/uploads\\\/2026\\\/04\\\/Escassez-de-talentos-farmaceuticos.png\",\"contentUrl\":\"https:\\\/\\\/metarh.com.br\\\/metarhnews\\\/wp-content\\\/uploads\\\/2026\\\/04\\\/Escassez-de-talentos-farmaceuticos.png\",\"width\":1060,\"height\":700},{\"@type\":\"BreadcrumbList\",\"@id\":\"https:\\\/\\\/metarh.com.br\\\/metarhnews\\\/escassez-talentos-farmaceuticos\\\/#breadcrumb\",\"itemListElement\":[{\"@type\":\"ListItem\",\"position\":1,\"name\":\"In\u00edcio\",\"item\":\"https:\\\/\\\/metarh.com.br\\\/metarhnews\\\/\"},{\"@type\":\"ListItem\",\"position\":2,\"name\":\"Escassez de talentos farmac\u00eauticos: como estruturar um recrutamento assertivo?\"}]},{\"@type\":\"WebSite\",\"@id\":\"https:\\\/\\\/metarh.com.br\\\/metarhnews\\\/#website\",\"url\":\"https:\\\/\\\/metarh.com.br\\\/metarhnews\\\/\",\"name\":\"METARH +News\",\"description\":\"Conte\u00fado focado em Gest\u00e3o de Pessoas\",\"publisher\":{\"@id\":\"https:\\\/\\\/metarh.com.br\\\/metarhnews\\\/#organization\"},\"potentialAction\":[{\"@type\":\"SearchAction\",\"target\":{\"@type\":\"EntryPoint\",\"urlTemplate\":\"https:\\\/\\\/metarh.com.br\\\/metarhnews\\\/?s={search_term_string}\"},\"query-input\":{\"@type\":\"PropertyValueSpecification\",\"valueRequired\":true,\"valueName\":\"search_term_string\"}}],\"inLanguage\":\"pt-BR\"},{\"@type\":\"Organization\",\"@id\":\"https:\\\/\\\/metarh.com.br\\\/metarhnews\\\/#organization\",\"name\":\"METARH +Humana\",\"url\":\"https:\\\/\\\/metarh.com.br\\\/metarhnews\\\/\",\"logo\":{\"@type\":\"ImageObject\",\"inLanguage\":\"pt-BR\",\"@id\":\"https:\\\/\\\/metarh.com.br\\\/metarhnews\\\/#\\\/schema\\\/logo\\\/image\\\/\",\"url\":\"https:\\\/\\\/metarh.com.br\\\/metarhnews\\\/wp-content\\\/uploads\\\/2025\\\/02\\\/METARH-Azul-Horizontal.png\",\"contentUrl\":\"https:\\\/\\\/metarh.com.br\\\/metarhnews\\\/wp-content\\\/uploads\\\/2025\\\/02\\\/METARH-Azul-Horizontal.png\",\"width\":1002,\"height\":303,\"caption\":\"METARH +Humana\"},\"image\":{\"@id\":\"https:\\\/\\\/metarh.com.br\\\/metarhnews\\\/#\\\/schema\\\/logo\\\/image\\\/\"},\"sameAs\":[\"https:\\\/\\\/www.facebook.com\\\/metarhumana\",\"https:\\\/\\\/x.com\\\/metarhumana\",\"https:\\\/\\\/www.instagram.com\\\/metarhumana\\\/\",\"https:\\\/\\\/www.youtube.com\\\/@metarhumana\"]},{\"@type\":\"Person\",\"@id\":\"https:\\\/\\\/metarh.com.br\\\/metarhnews\\\/#\\\/schema\\\/person\\\/930900bc40677695dc9df602ec0366d0\",\"name\":\"METARH\",\"image\":{\"@type\":\"ImageObject\",\"inLanguage\":\"pt-BR\",\"@id\":\"https:\\\/\\\/secure.gravatar.com\\\/avatar\\\/e03963382c9576f1c9989940c2d59ebc780df154afc76a079627bbbdb3dcefa1?s=96&d=mm&r=g\",\"url\":\"https:\\\/\\\/secure.gravatar.com\\\/avatar\\\/e03963382c9576f1c9989940c2d59ebc780df154afc76a079627bbbdb3dcefa1?s=96&d=mm&r=g\",\"contentUrl\":\"https:\\\/\\\/secure.gravatar.com\\\/avatar\\\/e03963382c9576f1c9989940c2d59ebc780df154afc76a079627bbbdb3dcefa1?s=96&d=mm&r=g\",\"caption\":\"METARH\"},\"description\":\"Somos uma consultoria de recursos humanos com mais de 40 anos de mercado, ajudando empresas como a sua a encontrarem o talento certo. Nossos processos s\u00e3o focados no sucesso dos clientes sem deixar de lado a experi\u00eancia positiva das pessoas candidatas.\",\"sameAs\":[\"http:\\\/\\\/www.metarh.com.br\",\"https:\\\/\\\/www.facebook.com\\\/metarhconsultoria\",\"https:\\\/\\\/www.instagram.com\\\/metarhconsultoria\\\/\",\"https:\\\/\\\/www.linkedin.com\\\/company\\\/metarhconsultoria\",\"http:\\\/\\\/youtube.com\\\/@metarhconsultoria\"],\"url\":\"https:\\\/\\\/metarh.com.br\\\/metarhnews\\\/author\\\/editorial-metarh\\\/\"}]}<\/script>\n<!-- \/ Yoast SEO Premium plugin. -->","yoast_head_json":{"title":"Escassez de talentos farmac\u00eauticos: como contratar melhor","description":"Entenda os impactos da escassez de talentos farmac\u00eauticos e como estruturar um recrutamento mais assertivo e estrat\u00e9gico.","robots":{"index":"index","follow":"follow","max-snippet":"max-snippet:-1","max-image-preview":"max-image-preview:large","max-video-preview":"max-video-preview:-1"},"canonical":"https:\/\/metarh.com.br\/metarhnews\/escassez-talentos-farmaceuticos\/","og_locale":"pt_BR","og_type":"article","og_title":"Escassez de talentos farmac\u00eauticos: como estruturar um recrutamento assertivo?","og_description":"Entenda os impactos da escassez de talentos farmac\u00eauticos e como estruturar um recrutamento mais assertivo e estrat\u00e9gico.","og_url":"https:\/\/metarh.com.br\/metarhnews\/escassez-talentos-farmaceuticos\/","og_site_name":"METARH +News","article_publisher":"https:\/\/www.facebook.com\/metarhumana","article_author":"https:\/\/www.facebook.com\/metarhconsultoria","article_published_time":"2026-04-28T13:09:18+00:00","article_modified_time":"2026-04-28T13:09:20+00:00","og_image":[{"width":1060,"height":700,"url":"https:\/\/metarh.com.br\/metarhnews\/wp-content\/uploads\/2026\/04\/Escassez-de-talentos-farmaceuticos.png","type":"image\/png"}],"author":"METARH","twitter_card":"summary_large_image","twitter_creator":"@metarhumana","twitter_site":"@metarhumana","twitter_misc":{"Escrito por":"METARH","Est. tempo de leitura":"7 minutos"},"schema":{"@context":"https:\/\/schema.org","@graph":[{"@type":"Article","@id":"https:\/\/metarh.com.br\/metarhnews\/escassez-talentos-farmaceuticos\/#article","isPartOf":{"@id":"https:\/\/metarh.com.br\/metarhnews\/escassez-talentos-farmaceuticos\/"},"author":{"name":"METARH","@id":"https:\/\/metarh.com.br\/metarhnews\/#\/schema\/person\/930900bc40677695dc9df602ec0366d0"},"headline":"Escassez de talentos farmac\u00eauticos: como estruturar um recrutamento assertivo?","datePublished":"2026-04-28T13:09:18+00:00","dateModified":"2026-04-28T13:09:20+00:00","mainEntityOfPage":{"@id":"https:\/\/metarh.com.br\/metarhnews\/escassez-talentos-farmaceuticos\/"},"wordCount":1355,"commentCount":0,"publisher":{"@id":"https:\/\/metarh.com.br\/metarhnews\/#organization"},"image":{"@id":"https:\/\/metarh.com.br\/metarhnews\/escassez-talentos-farmaceuticos\/#primaryimage"},"thumbnailUrl":"https:\/\/metarh.com.br\/metarhnews\/wp-content\/uploads\/2026\/04\/Escassez-de-talentos-farmaceuticos.png","articleSection":["2 \u2022 Pharma Recruiter","Aprendizado","Dicas","Mat\u00e9rias"],"inLanguage":"pt-BR","potentialAction":[{"@type":"CommentAction","name":"Comment","target":["https:\/\/metarh.com.br\/metarhnews\/escassez-talentos-farmaceuticos\/#respond"]}],"copyrightYear":"2026","copyrightHolder":{"@id":"https:\/\/metarh.com.br\/metarhnews\/#organization"}},{"@type":"WebPage","@id":"https:\/\/metarh.com.br\/metarhnews\/escassez-talentos-farmaceuticos\/","url":"https:\/\/metarh.com.br\/metarhnews\/escassez-talentos-farmaceuticos\/","name":"Escassez de talentos farmac\u00eauticos: como contratar melhor","isPartOf":{"@id":"https:\/\/metarh.com.br\/metarhnews\/#website"},"primaryImageOfPage":{"@id":"https:\/\/metarh.com.br\/metarhnews\/escassez-talentos-farmaceuticos\/#primaryimage"},"image":{"@id":"https:\/\/metarh.com.br\/metarhnews\/escassez-talentos-farmaceuticos\/#primaryimage"},"thumbnailUrl":"https:\/\/metarh.com.br\/metarhnews\/wp-content\/uploads\/2026\/04\/Escassez-de-talentos-farmaceuticos.png","datePublished":"2026-04-28T13:09:18+00:00","dateModified":"2026-04-28T13:09:20+00:00","description":"Entenda os impactos da escassez de talentos farmac\u00eauticos e como estruturar um recrutamento mais assertivo e estrat\u00e9gico.","breadcrumb":{"@id":"https:\/\/metarh.com.br\/metarhnews\/escassez-talentos-farmaceuticos\/#breadcrumb"},"inLanguage":"pt-BR","potentialAction":[{"@type":"ReadAction","target":["https:\/\/metarh.com.br\/metarhnews\/escassez-talentos-farmaceuticos\/"]}]},{"@type":"ImageObject","inLanguage":"pt-BR","@id":"https:\/\/metarh.com.br\/metarhnews\/escassez-talentos-farmaceuticos\/#primaryimage","url":"https:\/\/metarh.com.br\/metarhnews\/wp-content\/uploads\/2026\/04\/Escassez-de-talentos-farmaceuticos.png","contentUrl":"https:\/\/metarh.com.br\/metarhnews\/wp-content\/uploads\/2026\/04\/Escassez-de-talentos-farmaceuticos.png","width":1060,"height":700},{"@type":"BreadcrumbList","@id":"https:\/\/metarh.com.br\/metarhnews\/escassez-talentos-farmaceuticos\/#breadcrumb","itemListElement":[{"@type":"ListItem","position":1,"name":"In\u00edcio","item":"https:\/\/metarh.com.br\/metarhnews\/"},{"@type":"ListItem","position":2,"name":"Escassez de talentos farmac\u00eauticos: como estruturar um recrutamento assertivo?"}]},{"@type":"WebSite","@id":"https:\/\/metarh.com.br\/metarhnews\/#website","url":"https:\/\/metarh.com.br\/metarhnews\/","name":"METARH +News","description":"Conte\u00fado focado em Gest\u00e3o de Pessoas","publisher":{"@id":"https:\/\/metarh.com.br\/metarhnews\/#organization"},"potentialAction":[{"@type":"SearchAction","target":{"@type":"EntryPoint","urlTemplate":"https:\/\/metarh.com.br\/metarhnews\/?s={search_term_string}"},"query-input":{"@type":"PropertyValueSpecification","valueRequired":true,"valueName":"search_term_string"}}],"inLanguage":"pt-BR"},{"@type":"Organization","@id":"https:\/\/metarh.com.br\/metarhnews\/#organization","name":"METARH +Humana","url":"https:\/\/metarh.com.br\/metarhnews\/","logo":{"@type":"ImageObject","inLanguage":"pt-BR","@id":"https:\/\/metarh.com.br\/metarhnews\/#\/schema\/logo\/image\/","url":"https:\/\/metarh.com.br\/metarhnews\/wp-content\/uploads\/2025\/02\/METARH-Azul-Horizontal.png","contentUrl":"https:\/\/metarh.com.br\/metarhnews\/wp-content\/uploads\/2025\/02\/METARH-Azul-Horizontal.png","width":1002,"height":303,"caption":"METARH +Humana"},"image":{"@id":"https:\/\/metarh.com.br\/metarhnews\/#\/schema\/logo\/image\/"},"sameAs":["https:\/\/www.facebook.com\/metarhumana","https:\/\/x.com\/metarhumana","https:\/\/www.instagram.com\/metarhumana\/","https:\/\/www.youtube.com\/@metarhumana"]},{"@type":"Person","@id":"https:\/\/metarh.com.br\/metarhnews\/#\/schema\/person\/930900bc40677695dc9df602ec0366d0","name":"METARH","image":{"@type":"ImageObject","inLanguage":"pt-BR","@id":"https:\/\/secure.gravatar.com\/avatar\/e03963382c9576f1c9989940c2d59ebc780df154afc76a079627bbbdb3dcefa1?s=96&d=mm&r=g","url":"https:\/\/secure.gravatar.com\/avatar\/e03963382c9576f1c9989940c2d59ebc780df154afc76a079627bbbdb3dcefa1?s=96&d=mm&r=g","contentUrl":"https:\/\/secure.gravatar.com\/avatar\/e03963382c9576f1c9989940c2d59ebc780df154afc76a079627bbbdb3dcefa1?s=96&d=mm&r=g","caption":"METARH"},"description":"Somos uma consultoria de recursos humanos com mais de 40 anos de mercado, ajudando empresas como a sua a encontrarem o talento certo. Nossos processos s\u00e3o focados no sucesso dos clientes sem deixar de lado a experi\u00eancia positiva das pessoas candidatas.","sameAs":["http:\/\/www.metarh.com.br","https:\/\/www.facebook.com\/metarhconsultoria","https:\/\/www.instagram.com\/metarhconsultoria\/","https:\/\/www.linkedin.com\/company\/metarhconsultoria","http:\/\/youtube.com\/@metarhconsultoria"],"url":"https:\/\/metarh.com.br\/metarhnews\/author\/editorial-metarh\/"}]}},"_links":{"self":[{"href":"https:\/\/metarh.com.br\/metarhnews\/wp-json\/wp\/v2\/posts\/17184","targetHints":{"allow":["GET"]}}],"collection":[{"href":"https:\/\/metarh.com.br\/metarhnews\/wp-json\/wp\/v2\/posts"}],"about":[{"href":"https:\/\/metarh.com.br\/metarhnews\/wp-json\/wp\/v2\/types\/post"}],"author":[{"embeddable":true,"href":"https:\/\/metarh.com.br\/metarhnews\/wp-json\/wp\/v2\/users\/4"}],"replies":[{"embeddable":true,"href":"https:\/\/metarh.com.br\/metarhnews\/wp-json\/wp\/v2\/comments?post=17184"}],"version-history":[{"count":1,"href":"https:\/\/metarh.com.br\/metarhnews\/wp-json\/wp\/v2\/posts\/17184\/revisions"}],"predecessor-version":[{"id":17186,"href":"https:\/\/metarh.com.br\/metarhnews\/wp-json\/wp\/v2\/posts\/17184\/revisions\/17186"}],"wp:featuredmedia":[{"embeddable":true,"href":"https:\/\/metarh.com.br\/metarhnews\/wp-json\/wp\/v2\/media\/17185"}],"wp:attachment":[{"href":"https:\/\/metarh.com.br\/metarhnews\/wp-json\/wp\/v2\/media?parent=17184"}],"wp:term":[{"taxonomy":"category","embeddable":true,"href":"https:\/\/metarh.com.br\/metarhnews\/wp-json\/wp\/v2\/categories?post=17184"},{"taxonomy":"post_tag","embeddable":true,"href":"https:\/\/metarh.com.br\/metarhnews\/wp-json\/wp\/v2\/tags?post=17184"}],"curies":[{"name":"wp","href":"https:\/\/api.w.org\/{rel}","templated":true}]}}