{"id":1880,"date":"2020-02-12T11:57:37","date_gmt":"2020-02-12T14:57:37","guid":{"rendered":"https:\/\/metarh.com.br\/?p=1880"},"modified":"2025-11-19T09:19:59","modified_gmt":"2025-11-19T12:19:59","slug":"transicao-de-carreira-na-era-digital-o-que-voce-precisa-saber","status":"publish","type":"post","link":"https:\/\/metarh.com.br\/metarhnews\/transicao-de-carreira-na-era-digital-o-que-voce-precisa-saber\/","title":{"rendered":"Transi\u00e7\u00e3o de carreira na era digital: o que voc\u00ea precisa saber!"},"content":{"rendered":"<p>O mundo est\u00e1 em constante transforma\u00e7\u00e3o. Por\u00e9m, nunca havia mudado em uma velocidade t\u00e3o r\u00e1pida quanto nos dias de hoje! Alteramos n\u00e3o s\u00f3 a forma como nos relacionamos com as pessoas, como tamb\u00e9m o jeito de levar a vida profissional: seja na hora das empresas recrutarem pessoas ou at\u00e9 mesmo a forma como os candidatos passam por processos seletivos. Tudo mudou. Com isso, surgiram novas carreiras, novos caminhos e profiss\u00f5es que antes n\u00e3o existiam.<\/p>\n<p>\u00c9 natural que, ao longo de tanta transforma\u00e7\u00e3o, as pessoas se questionem mais e busquem derrubar muros entre a vida pessoal e vida profissional para focar em gest\u00e3o de vida e carreira como algo unificado e interligado. Surgem, ent\u00e3o, d\u00favidas como Qual \u00e9 o meu real prop\u00f3sito profissional? Por que meu sal\u00e1rio \u00e9 t\u00e3o injusto? O que me prende neste trabalho? Tenho medo de perder o emprego? Gosto do que fa\u00e7o? \u00c9 a\u00ed que a ideia de mudar de \u00e1rea e come\u00e7ar a trilhar um novo caminho come\u00e7a a aparecer. Mas como fazer essa transi\u00e7\u00e3o de carreira?<\/p>\n<p>Primeiro, \u00e9 importante entender os motivos pelos quais voc\u00ea deseja fazer essa mudan\u00e7a e olhar primeiro para dentro de si. Segundo, \u00e9 necess\u00e1rio analisar o mercado e perceber quais s\u00e3o as oportunidades que conversam melhor com o que voc\u00ea j\u00e1 desenvolveu. Para finalizar, \u00e9 importante ter apoio profissional de qualidade, com institui\u00e7\u00f5es que estejam conectadas com as necessidades desse novo mundo para saber como desenvolver esse plano ou at\u00e9 mesmo para aprender a construir um.<\/p>\n<p>Existem 6 passos simples que voc\u00ea pode come\u00e7ar a fazer em casa para montar seu plano de transi\u00e7\u00e3o de carreira. Aten\u00e7\u00e3o: o 6\u00ba \u00e9 a dica de ouro!<\/p>\n<p><strong>Passo 1.\u00a0<\/strong>Entender exatamente os motivos pelos quais deseja realizar essa mudan\u00e7a;<\/p>\n<p><strong>Passo 2.<\/strong>\u00a0Entender e aceitar que para transitar nesse novo mercado, dever\u00e1 atualizar a sua forma de ver a si mesmo e ao mundo ao seu redor. Novo mindset de crescimento;<\/p>\n<p><strong>Passo 3.\u00a0<\/strong>Compreender o que est\u00e1 acontecendo com o mercado e quais s\u00e3o as novas necessidades de comportamento e conhecimentos t\u00e9cnicos que tenham mais a ver com as habilidades que j\u00e1 possui. Desta forma, fica mais f\u00e1cil sincronizar compet\u00eancias e criar um novo produto pessoal\/profissional;<\/p>\n<h4><a href=\"https:\/\/metarh.com.br\/quais-sao-as-8-habilidades-que-todo-profissional-vai-precisar-em-2020\/\" target=\"_blank\" rel=\"noopener\">Quais s\u00e3o as 8 habilidades que todo profissional vai precisar em 2020?<\/a><\/h4>\n<p><strong>Passo 4.\u00a0<\/strong>Desenvolver habilidade de aprender a aprender. Em um mundo complexo e vol\u00e1til, a \u00fanica certeza que temos \u00e9 a incerteza. Isso significa que, para mudar de carreira, \u00e9 preciso entender qual \u00e9 o seu estado atual e qual estado desejado. Assim, fica mais f\u00e1cil come\u00e7ar a entender o que significa essa habilidade essencial no mercado atual;<\/p>\n<p><strong>Passo 5.<\/strong>\u00a0Cuidar do seu gerenciamento de carreira. Uma habilidade extremamente fundamental para que voc\u00ea crie novos planos com clareza e que essas escolhas sejam sustent\u00e1veis, tornando voc\u00ea um profissional de alta empregabilidade, independentemente da sua senioridade. Quando voc\u00ea gerencia a sua carreira, voc\u00ea cria com clareza o seu estado desejado e quais caminhos precisa criar com clareza, foco, disciplina e prazos a fim de atingi-lo com m\u00e1xima qualidade e de forma sustent\u00e1vel;<\/p>\n<p><strong>Passo 6.<\/strong>\u00a0Estude muito! Escolha uma boa institui\u00e7\u00e3o para adquirir a nova compet\u00eancia t\u00e9cnica que escolheu. Em tempos de grande mudan\u00e7as e novos processos, uma boa escola \u00e9 aquela que al\u00e9m de oferecer um excelente n\u00edvel de ensino t\u00e9cnico, proporciona desenvolvimento de compet\u00eancia comportamentais desejadas pelo mercado atual, bem como a\u00e7\u00f5es diversas de constru\u00e7\u00e3o de networking e te ensina como utilizar a sua rede de contatos a favor dos seus projetos (intelig\u00eancia relacional). Locais que incentivam a troca, o aprender a aprender, contato com poss\u00edveis empregadores, a\u00e7\u00f5es de desenvolvimento inter e intra pessoal, bem como a criatividade, certamente lhe ajudar\u00e3o a criar um plano forte e focado em sucesso.<\/p>\n<p>Mas afinal, existe momento certo para mudar de carreira? A resposta \u00e9 sim! O momento ideal \u00e9 quando voc\u00ea sentir que os caminhos pelos quais est\u00e1 seguindo hoje (carreira = caminho) n\u00e3o fazem mais sentido com a express\u00e3o da sua verdade e do seu prop\u00f3sito. Isso vale para um rec\u00e9m-formado ou mesmo para um engenheiro na faixa de 50 anos que quer buscar novas oportunidades no mercado.<\/p>\n<h4><a href=\"https:\/\/metarh.com.br\/15-profissoes-em-alta-no-brasil-em-2020-segundo-o-linkedin\/\" target=\"_blank\" rel=\"noopener\">15 profiss\u00f5es em alta no Brasil em 2020, segundo o LinkedIn<\/a><\/h4>\n<p>\u00c9 importante aproveitar as oportunidades que o mercado oferece. Por estarmos vivendo em um mundo digital e todo conectado, o mercado de tecnologia est\u00e1 muito aquecido e promete ser promissor para 2020. Sem d\u00favida, quem entender verdadeiramente o processo de transforma\u00e7\u00e3o em que vivemos ver\u00e1 na tecnologia a grande necessidade de sobreviv\u00eancia no mercado.<\/p>\n<p>Por fim, para evitar uma poss\u00edvel frustra\u00e7\u00e3o durante ou depois da transi\u00e7\u00e3o a palavra de ordem \u00e9 planejamento. Sem entender as raz\u00f5es e sem planejar seus passos com disciplina, foco e administra\u00e7\u00e3o, a chance de frustra\u00e7\u00e3o pode ser grande.<\/p>\n<p>Administrar a sua carreira ap\u00f3s a transi\u00e7\u00e3o continua sendo fundamental para que mantenha o seu n\u00edvel de empregabilidade em alta. Voc\u00ea acompanha o que vem acontecendo com voc\u00ea e com o mercado, para que alinhe expectativas e desenvolvimento cont\u00ednuo.<\/p>\n<p>Por\u00a0<strong>Andrea Tedesco<\/strong>\u00a0\u2013 Mentora de Carreiras da Digital House, hub de educa\u00e7\u00e3o para a forma\u00e7\u00e3o de profissionais de alta performance para o mercado digital.<\/p>\n<p>Fonte: <a href=\"https:\/\/www.mundorh.com.br\/transicao-de-carreira-na-era-digital-o-que-voce-precisa-saber\/\" target=\"_blank\" rel=\"noopener\">Mundo RH<\/a><\/p>\n<div style=\"margin-top: 0px; margin-bottom: 0px;\" class=\"sharethis-inline-share-buttons\" ><\/div>","protected":false},"excerpt":{"rendered":"<p>O mundo est\u00e1 em constante transforma\u00e7\u00e3o. Por\u00e9m, nunca havia mudado em uma velocidade t\u00e3o r\u00e1pida quanto nos dias de hoje! Alteramos n\u00e3o s\u00f3 a forma como nos relacionamos com as pessoas, como tamb\u00e9m o jeito de levar a vida profissional: seja na hora das empresas recrutarem pessoas ou at\u00e9 mesmo a forma como os candidatos&#8230;<\/p>\n","protected":false},"author":1,"featured_media":1881,"comment_status":"open","ping_status":"open","sticky":false,"template":"","format":"standard","meta":{"_kadence_starter_templates_imported_post":false,"_kad_post_transparent":"","_kad_post_title":"","_kad_post_layout":"","_kad_post_sidebar_id":"","_kad_post_content_style":"","_kad_post_vertical_padding":"","_kad_post_feature":"","_kad_post_feature_position":"","_kad_post_header":false,"_kad_post_footer":false,"_kad_post_classname":"","footnotes":""},"categories":[129,145,152,163,2,132],"tags":[],"class_list":["post-1880","post","type-post","status-publish","format-standard","has-post-thumbnail","hentry","category-talent","category-carreira","category-cultura-de-dados","category-descoberta-de-conteudos-de-rh","category-materias","category-tendencias"],"yoast_head":"<!-- This site is optimized with the Yoast SEO Premium plugin v26.6 (Yoast SEO v27.5) - https:\/\/yoast.com\/product\/yoast-seo-premium-wordpress\/ -->\n<title>Transi\u00e7\u00e3o de carreira na era digital: o que voc\u00ea precisa saber! - METARH +News<\/title>\n<meta name=\"description\" content=\"O mundo est\u00e1 em constante transforma\u00e7\u00e3o. Existem 6 passos simples que voc\u00ea pode come\u00e7ar a fazer em casa para montar seu plano de transi\u00e7\u00e3o de carreira.\" \/>\n<meta name=\"robots\" content=\"index, follow, max-snippet:-1, max-image-preview:large, max-video-preview:-1\" \/>\n<link rel=\"canonical\" href=\"https:\/\/metarh.com.br\/metarhnews\/transicao-de-carreira-na-era-digital-o-que-voce-precisa-saber\/\" \/>\n<meta property=\"og:locale\" content=\"pt_BR\" \/>\n<meta property=\"og:type\" content=\"article\" \/>\n<meta property=\"og:title\" content=\"Transi\u00e7\u00e3o de carreira na era digital: o que voc\u00ea precisa saber!\" \/>\n<meta property=\"og:description\" content=\"O mundo est\u00e1 em constante transforma\u00e7\u00e3o. Existem 6 passos simples que voc\u00ea pode come\u00e7ar a fazer em casa para montar seu plano de transi\u00e7\u00e3o de carreira.\" \/>\n<meta property=\"og:url\" content=\"https:\/\/metarh.com.br\/metarhnews\/transicao-de-carreira-na-era-digital-o-que-voce-precisa-saber\/\" \/>\n<meta property=\"og:site_name\" content=\"METARH +News\" \/>\n<meta property=\"article:publisher\" content=\"https:\/\/www.facebook.com\/metarhumana\" \/>\n<meta property=\"article:published_time\" content=\"2020-02-12T14:57:37+00:00\" \/>\n<meta property=\"article:modified_time\" content=\"2025-11-19T12:19:59+00:00\" \/>\n<meta name=\"author\" content=\"Admin@MetaNews\" \/>\n<meta name=\"twitter:card\" content=\"summary_large_image\" \/>\n<meta name=\"twitter:creator\" content=\"@metarhumana\" \/>\n<meta name=\"twitter:site\" content=\"@metarhumana\" \/>\n<meta name=\"twitter:label1\" content=\"Escrito por\" \/>\n\t<meta name=\"twitter:data1\" content=\"Admin@MetaNews\" \/>\n\t<meta name=\"twitter:label2\" content=\"Est. tempo de leitura\" \/>\n\t<meta name=\"twitter:data2\" content=\"5 minutos\" \/>\n<script type=\"application\/ld+json\" class=\"yoast-schema-graph\">{\"@context\":\"https:\\\/\\\/schema.org\",\"@graph\":[{\"@type\":\"Article\",\"@id\":\"https:\\\/\\\/metarh.com.br\\\/metarhnews\\\/transicao-de-carreira-na-era-digital-o-que-voce-precisa-saber\\\/#article\",\"isPartOf\":{\"@id\":\"https:\\\/\\\/metarh.com.br\\\/metarhnews\\\/transicao-de-carreira-na-era-digital-o-que-voce-precisa-saber\\\/\"},\"author\":{\"name\":\"Admin@MetaNews\",\"@id\":\"https:\\\/\\\/metarh.com.br\\\/metarhnews\\\/#\\\/schema\\\/person\\\/18a57200eba12baa93ec88d7fdac1d9b\"},\"headline\":\"Transi\u00e7\u00e3o de carreira na era digital: o que voc\u00ea precisa saber!\",\"datePublished\":\"2020-02-12T14:57:37+00:00\",\"dateModified\":\"2025-11-19T12:19:59+00:00\",\"mainEntityOfPage\":{\"@id\":\"https:\\\/\\\/metarh.com.br\\\/metarhnews\\\/transicao-de-carreira-na-era-digital-o-que-voce-precisa-saber\\\/\"},\"wordCount\":905,\"commentCount\":0,\"publisher\":{\"@id\":\"https:\\\/\\\/metarh.com.br\\\/metarhnews\\\/#organization\"},\"image\":{\"@id\":\"https:\\\/\\\/metarh.com.br\\\/metarhnews\\\/transicao-de-carreira-na-era-digital-o-que-voce-precisa-saber\\\/#primaryimage\"},\"thumbnailUrl\":\"\",\"articleSection\":[\"4 \u2022 Talent\",\"Carreira\",\"Cultura de Dados\",\"Descoberta\",\"Mat\u00e9rias\",\"Tend\u00eancias\"],\"inLanguage\":\"pt-BR\",\"potentialAction\":[{\"@type\":\"CommentAction\",\"name\":\"Comment\",\"target\":[\"https:\\\/\\\/metarh.com.br\\\/metarhnews\\\/transicao-de-carreira-na-era-digital-o-que-voce-precisa-saber\\\/#respond\"]}],\"copyrightYear\":\"2020\",\"copyrightHolder\":{\"@id\":\"https:\\\/\\\/metarh.com.br\\\/metarhnews\\\/#organization\"}},{\"@type\":\"WebPage\",\"@id\":\"https:\\\/\\\/metarh.com.br\\\/metarhnews\\\/transicao-de-carreira-na-era-digital-o-que-voce-precisa-saber\\\/\",\"url\":\"https:\\\/\\\/metarh.com.br\\\/metarhnews\\\/transicao-de-carreira-na-era-digital-o-que-voce-precisa-saber\\\/\",\"name\":\"Transi\u00e7\u00e3o de carreira na era digital: o que voc\u00ea precisa saber! - METARH +News\",\"isPartOf\":{\"@id\":\"https:\\\/\\\/metarh.com.br\\\/metarhnews\\\/#website\"},\"primaryImageOfPage\":{\"@id\":\"https:\\\/\\\/metarh.com.br\\\/metarhnews\\\/transicao-de-carreira-na-era-digital-o-que-voce-precisa-saber\\\/#primaryimage\"},\"image\":{\"@id\":\"https:\\\/\\\/metarh.com.br\\\/metarhnews\\\/transicao-de-carreira-na-era-digital-o-que-voce-precisa-saber\\\/#primaryimage\"},\"thumbnailUrl\":\"\",\"datePublished\":\"2020-02-12T14:57:37+00:00\",\"dateModified\":\"2025-11-19T12:19:59+00:00\",\"description\":\"O mundo est\u00e1 em constante transforma\u00e7\u00e3o. Existem 6 passos simples que voc\u00ea pode come\u00e7ar a fazer em casa para montar seu plano de transi\u00e7\u00e3o de carreira.\",\"breadcrumb\":{\"@id\":\"https:\\\/\\\/metarh.com.br\\\/metarhnews\\\/transicao-de-carreira-na-era-digital-o-que-voce-precisa-saber\\\/#breadcrumb\"},\"inLanguage\":\"pt-BR\",\"potentialAction\":[{\"@type\":\"ReadAction\",\"target\":[\"https:\\\/\\\/metarh.com.br\\\/metarhnews\\\/transicao-de-carreira-na-era-digital-o-que-voce-precisa-saber\\\/\"]}]},{\"@type\":\"ImageObject\",\"inLanguage\":\"pt-BR\",\"@id\":\"https:\\\/\\\/metarh.com.br\\\/metarhnews\\\/transicao-de-carreira-na-era-digital-o-que-voce-precisa-saber\\\/#primaryimage\",\"url\":\"\",\"contentUrl\":\"\"},{\"@type\":\"BreadcrumbList\",\"@id\":\"https:\\\/\\\/metarh.com.br\\\/metarhnews\\\/transicao-de-carreira-na-era-digital-o-que-voce-precisa-saber\\\/#breadcrumb\",\"itemListElement\":[{\"@type\":\"ListItem\",\"position\":1,\"name\":\"In\u00edcio\",\"item\":\"https:\\\/\\\/metarh.com.br\\\/metarhnews\\\/\"},{\"@type\":\"ListItem\",\"position\":2,\"name\":\"Transi\u00e7\u00e3o de carreira na era digital: o que voc\u00ea precisa saber!\"}]},{\"@type\":\"WebSite\",\"@id\":\"https:\\\/\\\/metarh.com.br\\\/metarhnews\\\/#website\",\"url\":\"https:\\\/\\\/metarh.com.br\\\/metarhnews\\\/\",\"name\":\"METARH +News\",\"description\":\"Conte\u00fado focado em Gest\u00e3o de Pessoas\",\"publisher\":{\"@id\":\"https:\\\/\\\/metarh.com.br\\\/metarhnews\\\/#organization\"},\"potentialAction\":[{\"@type\":\"SearchAction\",\"target\":{\"@type\":\"EntryPoint\",\"urlTemplate\":\"https:\\\/\\\/metarh.com.br\\\/metarhnews\\\/?s={search_term_string}\"},\"query-input\":{\"@type\":\"PropertyValueSpecification\",\"valueRequired\":true,\"valueName\":\"search_term_string\"}}],\"inLanguage\":\"pt-BR\"},{\"@type\":\"Organization\",\"@id\":\"https:\\\/\\\/metarh.com.br\\\/metarhnews\\\/#organization\",\"name\":\"METARH +Humana\",\"url\":\"https:\\\/\\\/metarh.com.br\\\/metarhnews\\\/\",\"logo\":{\"@type\":\"ImageObject\",\"inLanguage\":\"pt-BR\",\"@id\":\"https:\\\/\\\/metarh.com.br\\\/metarhnews\\\/#\\\/schema\\\/logo\\\/image\\\/\",\"url\":\"https:\\\/\\\/metarh.com.br\\\/metarhnews\\\/wp-content\\\/uploads\\\/2025\\\/02\\\/METARH-Azul-Horizontal.png\",\"contentUrl\":\"https:\\\/\\\/metarh.com.br\\\/metarhnews\\\/wp-content\\\/uploads\\\/2025\\\/02\\\/METARH-Azul-Horizontal.png\",\"width\":1002,\"height\":303,\"caption\":\"METARH +Humana\"},\"image\":{\"@id\":\"https:\\\/\\\/metarh.com.br\\\/metarhnews\\\/#\\\/schema\\\/logo\\\/image\\\/\"},\"sameAs\":[\"https:\\\/\\\/www.facebook.com\\\/metarhumana\",\"https:\\\/\\\/x.com\\\/metarhumana\",\"https:\\\/\\\/www.instagram.com\\\/metarhumana\\\/\",\"https:\\\/\\\/www.youtube.com\\\/@metarhumana\"]},{\"@type\":\"Person\",\"@id\":\"https:\\\/\\\/metarh.com.br\\\/metarhnews\\\/#\\\/schema\\\/person\\\/18a57200eba12baa93ec88d7fdac1d9b\",\"name\":\"Admin@MetaNews\",\"image\":{\"@type\":\"ImageObject\",\"inLanguage\":\"pt-BR\",\"@id\":\"https:\\\/\\\/secure.gravatar.com\\\/avatar\\\/f6d25765469a37388aa705f1e537f1fe91e7c606c074552c00142b32890766d8?s=96&d=mm&r=g\",\"url\":\"https:\\\/\\\/secure.gravatar.com\\\/avatar\\\/f6d25765469a37388aa705f1e537f1fe91e7c606c074552c00142b32890766d8?s=96&d=mm&r=g\",\"contentUrl\":\"https:\\\/\\\/secure.gravatar.com\\\/avatar\\\/f6d25765469a37388aa705f1e537f1fe91e7c606c074552c00142b32890766d8?s=96&d=mm&r=g\",\"caption\":\"Admin@MetaNews\"},\"sameAs\":[\"https:\\\/\\\/metarh.com.br\\\/metarhnews\"],\"url\":\"https:\\\/\\\/metarh.com.br\\\/metarhnews\\\/author\\\/adminmetanews\\\/\"}]}<\/script>\n<!-- \/ Yoast SEO Premium plugin. -->","yoast_head_json":{"title":"Transi\u00e7\u00e3o de carreira na era digital: o que voc\u00ea precisa saber! - METARH +News","description":"O mundo est\u00e1 em constante transforma\u00e7\u00e3o. Existem 6 passos simples que voc\u00ea pode come\u00e7ar a fazer em casa para montar seu plano de transi\u00e7\u00e3o de carreira.","robots":{"index":"index","follow":"follow","max-snippet":"max-snippet:-1","max-image-preview":"max-image-preview:large","max-video-preview":"max-video-preview:-1"},"canonical":"https:\/\/metarh.com.br\/metarhnews\/transicao-de-carreira-na-era-digital-o-que-voce-precisa-saber\/","og_locale":"pt_BR","og_type":"article","og_title":"Transi\u00e7\u00e3o de carreira na era digital: o que voc\u00ea precisa saber!","og_description":"O mundo est\u00e1 em constante transforma\u00e7\u00e3o. Existem 6 passos simples que voc\u00ea pode come\u00e7ar a fazer em casa para montar seu plano de transi\u00e7\u00e3o de carreira.","og_url":"https:\/\/metarh.com.br\/metarhnews\/transicao-de-carreira-na-era-digital-o-que-voce-precisa-saber\/","og_site_name":"METARH +News","article_publisher":"https:\/\/www.facebook.com\/metarhumana","article_published_time":"2020-02-12T14:57:37+00:00","article_modified_time":"2025-11-19T12:19:59+00:00","author":"Admin@MetaNews","twitter_card":"summary_large_image","twitter_creator":"@metarhumana","twitter_site":"@metarhumana","twitter_misc":{"Escrito por":"Admin@MetaNews","Est. tempo de leitura":"5 minutos"},"schema":{"@context":"https:\/\/schema.org","@graph":[{"@type":"Article","@id":"https:\/\/metarh.com.br\/metarhnews\/transicao-de-carreira-na-era-digital-o-que-voce-precisa-saber\/#article","isPartOf":{"@id":"https:\/\/metarh.com.br\/metarhnews\/transicao-de-carreira-na-era-digital-o-que-voce-precisa-saber\/"},"author":{"name":"Admin@MetaNews","@id":"https:\/\/metarh.com.br\/metarhnews\/#\/schema\/person\/18a57200eba12baa93ec88d7fdac1d9b"},"headline":"Transi\u00e7\u00e3o de carreira na era digital: o que voc\u00ea precisa saber!","datePublished":"2020-02-12T14:57:37+00:00","dateModified":"2025-11-19T12:19:59+00:00","mainEntityOfPage":{"@id":"https:\/\/metarh.com.br\/metarhnews\/transicao-de-carreira-na-era-digital-o-que-voce-precisa-saber\/"},"wordCount":905,"commentCount":0,"publisher":{"@id":"https:\/\/metarh.com.br\/metarhnews\/#organization"},"image":{"@id":"https:\/\/metarh.com.br\/metarhnews\/transicao-de-carreira-na-era-digital-o-que-voce-precisa-saber\/#primaryimage"},"thumbnailUrl":"","articleSection":["4 \u2022 Talent","Carreira","Cultura de Dados","Descoberta","Mat\u00e9rias","Tend\u00eancias"],"inLanguage":"pt-BR","potentialAction":[{"@type":"CommentAction","name":"Comment","target":["https:\/\/metarh.com.br\/metarhnews\/transicao-de-carreira-na-era-digital-o-que-voce-precisa-saber\/#respond"]}],"copyrightYear":"2020","copyrightHolder":{"@id":"https:\/\/metarh.com.br\/metarhnews\/#organization"}},{"@type":"WebPage","@id":"https:\/\/metarh.com.br\/metarhnews\/transicao-de-carreira-na-era-digital-o-que-voce-precisa-saber\/","url":"https:\/\/metarh.com.br\/metarhnews\/transicao-de-carreira-na-era-digital-o-que-voce-precisa-saber\/","name":"Transi\u00e7\u00e3o de carreira na era digital: o que voc\u00ea precisa saber! - METARH +News","isPartOf":{"@id":"https:\/\/metarh.com.br\/metarhnews\/#website"},"primaryImageOfPage":{"@id":"https:\/\/metarh.com.br\/metarhnews\/transicao-de-carreira-na-era-digital-o-que-voce-precisa-saber\/#primaryimage"},"image":{"@id":"https:\/\/metarh.com.br\/metarhnews\/transicao-de-carreira-na-era-digital-o-que-voce-precisa-saber\/#primaryimage"},"thumbnailUrl":"","datePublished":"2020-02-12T14:57:37+00:00","dateModified":"2025-11-19T12:19:59+00:00","description":"O mundo est\u00e1 em constante transforma\u00e7\u00e3o. Existem 6 passos simples que voc\u00ea pode come\u00e7ar a fazer em casa para montar seu plano de transi\u00e7\u00e3o de carreira.","breadcrumb":{"@id":"https:\/\/metarh.com.br\/metarhnews\/transicao-de-carreira-na-era-digital-o-que-voce-precisa-saber\/#breadcrumb"},"inLanguage":"pt-BR","potentialAction":[{"@type":"ReadAction","target":["https:\/\/metarh.com.br\/metarhnews\/transicao-de-carreira-na-era-digital-o-que-voce-precisa-saber\/"]}]},{"@type":"ImageObject","inLanguage":"pt-BR","@id":"https:\/\/metarh.com.br\/metarhnews\/transicao-de-carreira-na-era-digital-o-que-voce-precisa-saber\/#primaryimage","url":"","contentUrl":""},{"@type":"BreadcrumbList","@id":"https:\/\/metarh.com.br\/metarhnews\/transicao-de-carreira-na-era-digital-o-que-voce-precisa-saber\/#breadcrumb","itemListElement":[{"@type":"ListItem","position":1,"name":"In\u00edcio","item":"https:\/\/metarh.com.br\/metarhnews\/"},{"@type":"ListItem","position":2,"name":"Transi\u00e7\u00e3o de carreira na era digital: o que voc\u00ea precisa saber!"}]},{"@type":"WebSite","@id":"https:\/\/metarh.com.br\/metarhnews\/#website","url":"https:\/\/metarh.com.br\/metarhnews\/","name":"METARH +News","description":"Conte\u00fado focado em Gest\u00e3o de Pessoas","publisher":{"@id":"https:\/\/metarh.com.br\/metarhnews\/#organization"},"potentialAction":[{"@type":"SearchAction","target":{"@type":"EntryPoint","urlTemplate":"https:\/\/metarh.com.br\/metarhnews\/?s={search_term_string}"},"query-input":{"@type":"PropertyValueSpecification","valueRequired":true,"valueName":"search_term_string"}}],"inLanguage":"pt-BR"},{"@type":"Organization","@id":"https:\/\/metarh.com.br\/metarhnews\/#organization","name":"METARH +Humana","url":"https:\/\/metarh.com.br\/metarhnews\/","logo":{"@type":"ImageObject","inLanguage":"pt-BR","@id":"https:\/\/metarh.com.br\/metarhnews\/#\/schema\/logo\/image\/","url":"https:\/\/metarh.com.br\/metarhnews\/wp-content\/uploads\/2025\/02\/METARH-Azul-Horizontal.png","contentUrl":"https:\/\/metarh.com.br\/metarhnews\/wp-content\/uploads\/2025\/02\/METARH-Azul-Horizontal.png","width":1002,"height":303,"caption":"METARH +Humana"},"image":{"@id":"https:\/\/metarh.com.br\/metarhnews\/#\/schema\/logo\/image\/"},"sameAs":["https:\/\/www.facebook.com\/metarhumana","https:\/\/x.com\/metarhumana","https:\/\/www.instagram.com\/metarhumana\/","https:\/\/www.youtube.com\/@metarhumana"]},{"@type":"Person","@id":"https:\/\/metarh.com.br\/metarhnews\/#\/schema\/person\/18a57200eba12baa93ec88d7fdac1d9b","name":"Admin@MetaNews","image":{"@type":"ImageObject","inLanguage":"pt-BR","@id":"https:\/\/secure.gravatar.com\/avatar\/f6d25765469a37388aa705f1e537f1fe91e7c606c074552c00142b32890766d8?s=96&d=mm&r=g","url":"https:\/\/secure.gravatar.com\/avatar\/f6d25765469a37388aa705f1e537f1fe91e7c606c074552c00142b32890766d8?s=96&d=mm&r=g","contentUrl":"https:\/\/secure.gravatar.com\/avatar\/f6d25765469a37388aa705f1e537f1fe91e7c606c074552c00142b32890766d8?s=96&d=mm&r=g","caption":"Admin@MetaNews"},"sameAs":["https:\/\/metarh.com.br\/metarhnews"],"url":"https:\/\/metarh.com.br\/metarhnews\/author\/adminmetanews\/"}]}},"_links":{"self":[{"href":"https:\/\/metarh.com.br\/metarhnews\/wp-json\/wp\/v2\/posts\/1880","targetHints":{"allow":["GET"]}}],"collection":[{"href":"https:\/\/metarh.com.br\/metarhnews\/wp-json\/wp\/v2\/posts"}],"about":[{"href":"https:\/\/metarh.com.br\/metarhnews\/wp-json\/wp\/v2\/types\/post"}],"author":[{"embeddable":true,"href":"https:\/\/metarh.com.br\/metarhnews\/wp-json\/wp\/v2\/users\/1"}],"replies":[{"embeddable":true,"href":"https:\/\/metarh.com.br\/metarhnews\/wp-json\/wp\/v2\/comments?post=1880"}],"version-history":[{"count":1,"href":"https:\/\/metarh.com.br\/metarhnews\/wp-json\/wp\/v2\/posts\/1880\/revisions"}],"predecessor-version":[{"id":16763,"href":"https:\/\/metarh.com.br\/metarhnews\/wp-json\/wp\/v2\/posts\/1880\/revisions\/16763"}],"wp:featuredmedia":[{"embeddable":true,"href":"https:\/\/metarh.com.br\/metarhnews\/wp-json\/"}],"wp:attachment":[{"href":"https:\/\/metarh.com.br\/metarhnews\/wp-json\/wp\/v2\/media?parent=1880"}],"wp:term":[{"taxonomy":"category","embeddable":true,"href":"https:\/\/metarh.com.br\/metarhnews\/wp-json\/wp\/v2\/categories?post=1880"},{"taxonomy":"post_tag","embeddable":true,"href":"https:\/\/metarh.com.br\/metarhnews\/wp-json\/wp\/v2\/tags?post=1880"}],"curies":[{"name":"wp","href":"https:\/\/api.w.org\/{rel}","templated":true}]}}