{"id":1889,"date":"2020-02-19T16:52:22","date_gmt":"2020-02-19T19:52:22","guid":{"rendered":"https:\/\/metarh.com.br\/?p=1889"},"modified":"2025-11-19T09:16:36","modified_gmt":"2025-11-19T12:16:36","slug":"gestao-agil-nas-empresas-gustavo-macaneras-meta-news-02","status":"publish","type":"post","link":"https:\/\/metarh.com.br\/metarhnews\/gestao-agil-nas-empresas-gustavo-macaneras-meta-news-02\/","title":{"rendered":"Gest\u00e3o \u00c1gil nas empresas | Gustavo Ma\u00e7aneras | Meta News #02"},"content":{"rendered":"<p><span class=\"style-scope yt-formatted-string\" dir=\"auto\">O que voc\u00ea sabe sobre Gest\u00e3o \u00c1gil? Como esse modelo, que inicialmente foi abra\u00e7ado pelas <a href=\"https:\/\/metarh.com.br\/meta-technology\/\" target=\"_blank\" rel=\"noopener\">empresas de tecnologia<\/a>, vem se tornando t\u00e3o comum no meio corporativo. <\/span><\/p>\n<p><span class=\"style-scope yt-formatted-string\" dir=\"auto\">No epis\u00f3dio de hoje o diretor de RH e Comunica\u00e7\u00e3o da Capitalys, Gustavo Ma\u00e7aneras Leme, conversa conosco sobre o modelo de gest\u00e3o \u00e1gil e os seus benef\u00edcios ao implant\u00e1-lo em sua empresa.\u00a0<\/span><\/p>\n<p style=\"text-align: center;\"><iframe src=\"https:\/\/www.youtube.com\/embed\/MeO4zJ5UMzI\" width=\"600\" height=\"400\" frameborder=\"0\" allowfullscreen=\"allowfullscreen\"><span data-mce-type=\"bookmark\" style=\"display: inline-block; width: 0px; overflow: hidden; line-height: 0;\" class=\"mce_SELRES_start\">\ufeff<\/span><span data-mce-type=\"bookmark\" style=\"display: inline-block; width: 0px; overflow: hidden; line-height: 0;\" class=\"mce_SELRES_start\">\ufeff<\/span><\/iframe><\/p>\n<p>Se voc\u00ea gostou desse epis\u00f3dio, assine o nosso canal do youtube, procure o podcast do Meta News em seu agregador de feed ou:<\/p>\n<p><iframe src=\"https:\/\/www.megafono.host\/podcast\/meta-news\/e\/gestao-agil-nas-empresas-gustavo-macaneras-meta-news-02\" width=\"100%\" height=\"250\" frameborder=\"0\"><span data-mce-type=\"bookmark\" style=\"display: inline-block; width: 0px; overflow: hidden; line-height: 0;\" class=\"mce_SELRES_start\">\ufeff<\/span><\/iframe><br \/>\n<a href=\"1nhZ3FlVLiYB8EExHozj0W\" target=\"_blank\" rel=\"noopener\">Spotify<\/a><br \/>\n<a href=\"https:\/\/www.deezer.com\/show\/822732?utm_source=deezer&amp;utm_content=show-822732&amp;utm_term=3475273924_1582139893&amp;utm_medium=web\" target=\"_blank\" rel=\"noopener\">Deezer<\/a><br \/>\n<a href=\"https:\/\/podcasts.google.com\/?feed=aHR0cHM6Ly9mZWVkLm1lZ2Fmb25vLmhvc3QvbWV0YS1uZXdz&amp;ved=0CAQQrrcFahcKEwiY-5_Kqt7nAhUAAAAAHQAAAAAQBQ\" target=\"_blank\" rel=\"noopener\">Google Podcast\u00a0<\/a><br \/>\n<a href=\"https:\/\/podcasts.apple.com\/br\/podcast\/meta-news\/id1496039747\" target=\"_blank\" rel=\"noopener\">Apple Podcast<\/a><\/p>\n<p><a href=\"http:\/\/bit.ly\/37GoQf5\" target=\"_blank\" rel=\"noopener\">Contato Gustavo\u00a0<span class=\"style-scope yt-formatted-string\" dir=\"auto\">Ma\u00e7aneras<\/span><\/a><\/p>\n<div style=\"margin-top: 0px; margin-bottom: 0px;\" class=\"sharethis-inline-share-buttons\" ><\/div>","protected":false},"excerpt":{"rendered":"<p>O que voc\u00ea sabe sobre Gest\u00e3o \u00c1gil? Como esse modelo, que inicialmente foi abra\u00e7ado pelas empresas de tecnologia, vem se tornando t\u00e3o comum no meio corporativo. No epis\u00f3dio de hoje o diretor de RH e Comunica\u00e7\u00e3o da Capitalys, Gustavo Ma\u00e7aneras Leme, conversa conosco sobre o modelo de gest\u00e3o \u00e1gil e os seus benef\u00edcios ao implant\u00e1-lo&#8230;<\/p>\n","protected":false},"author":1,"featured_media":1890,"comment_status":"open","ping_status":"open","sticky":false,"template":"","format":"standard","meta":{"_kadence_starter_templates_imported_post":false,"_kad_post_transparent":"","_kad_post_title":"","_kad_post_layout":"","_kad_post_sidebar_id":"","_kad_post_content_style":"","_kad_post_vertical_padding":"","_kad_post_feature":"","_kad_post_feature_position":"","_kad_post_header":false,"_kad_post_footer":false,"_kad_post_classname":"","footnotes":""},"categories":[128,164,150,2,7,9],"tags":[11,8,13],"class_list":["post-1889","post","type-post","status-publish","format-standard","has-post-thumbnail","hentry","category-business","category-aprendizado-em-rh","category-dho","category-materias","category-podcast","category-videos","tag-gestao-agil","tag-podcast","tag-recursos-humanos"],"yoast_head":"<!-- This site is optimized with the Yoast SEO Premium plugin v26.6 (Yoast SEO v27.5) - https:\/\/yoast.com\/product\/yoast-seo-premium-wordpress\/ -->\n<title>Gest\u00e3o \u00c1gil nas empresas | Gustavo Ma\u00e7aneras | Meta News #02 - METARH +News<\/title>\n<meta name=\"robots\" content=\"index, follow, max-snippet:-1, max-image-preview:large, max-video-preview:-1\" \/>\n<link rel=\"canonical\" href=\"https:\/\/metarh.com.br\/metarhnews\/gestao-agil-nas-empresas-gustavo-macaneras-meta-news-02\/\" \/>\n<meta property=\"og:locale\" content=\"pt_BR\" \/>\n<meta property=\"og:type\" content=\"article\" \/>\n<meta property=\"og:title\" content=\"Gest\u00e3o \u00c1gil nas empresas | Gustavo Ma\u00e7aneras | Meta News #02\" \/>\n<meta property=\"og:description\" content=\"O que voc\u00ea sabe sobre Gest\u00e3o \u00c1gil? Como esse modelo, que inicialmente foi abra\u00e7ado pelas empresas de tecnologia, vem se tornando t\u00e3o comum no meio corporativo. No epis\u00f3dio de hoje o diretor de RH e Comunica\u00e7\u00e3o da Capitalys, Gustavo Ma\u00e7aneras Leme, conversa conosco sobre o modelo de gest\u00e3o \u00e1gil e os seus benef\u00edcios ao implant\u00e1-lo...\" \/>\n<meta property=\"og:url\" content=\"https:\/\/metarh.com.br\/metarhnews\/gestao-agil-nas-empresas-gustavo-macaneras-meta-news-02\/\" \/>\n<meta property=\"og:site_name\" content=\"METARH +News\" \/>\n<meta property=\"article:publisher\" content=\"https:\/\/www.facebook.com\/metarhumana\" \/>\n<meta property=\"article:published_time\" content=\"2020-02-19T19:52:22+00:00\" \/>\n<meta property=\"article:modified_time\" content=\"2025-11-19T12:16:36+00:00\" \/>\n<meta name=\"author\" content=\"Admin@MetaNews\" \/>\n<meta name=\"twitter:card\" content=\"summary_large_image\" \/>\n<meta name=\"twitter:creator\" content=\"@metarhumana\" \/>\n<meta name=\"twitter:site\" content=\"@metarhumana\" \/>\n<meta name=\"twitter:label1\" content=\"Escrito por\" \/>\n\t<meta name=\"twitter:data1\" content=\"Admin@MetaNews\" \/>\n\t<meta name=\"twitter:label2\" content=\"Est. tempo de leitura\" \/>\n\t<meta name=\"twitter:data2\" content=\"1 minuto\" \/>\n<script type=\"application\/ld+json\" class=\"yoast-schema-graph\">{\"@context\":\"https:\\\/\\\/schema.org\",\"@graph\":[{\"@type\":\"Article\",\"@id\":\"https:\\\/\\\/metarh.com.br\\\/metarhnews\\\/gestao-agil-nas-empresas-gustavo-macaneras-meta-news-02\\\/#article\",\"isPartOf\":{\"@id\":\"https:\\\/\\\/metarh.com.br\\\/metarhnews\\\/gestao-agil-nas-empresas-gustavo-macaneras-meta-news-02\\\/\"},\"author\":{\"name\":\"Admin@MetaNews\",\"@id\":\"https:\\\/\\\/metarh.com.br\\\/metarhnews\\\/#\\\/schema\\\/person\\\/18a57200eba12baa93ec88d7fdac1d9b\"},\"headline\":\"Gest\u00e3o \u00c1gil nas empresas | Gustavo Ma\u00e7aneras | Meta News #02\",\"datePublished\":\"2020-02-19T19:52:22+00:00\",\"dateModified\":\"2025-11-19T12:16:36+00:00\",\"mainEntityOfPage\":{\"@id\":\"https:\\\/\\\/metarh.com.br\\\/metarhnews\\\/gestao-agil-nas-empresas-gustavo-macaneras-meta-news-02\\\/\"},\"wordCount\":111,\"commentCount\":0,\"publisher\":{\"@id\":\"https:\\\/\\\/metarh.com.br\\\/metarhnews\\\/#organization\"},\"image\":{\"@id\":\"https:\\\/\\\/metarh.com.br\\\/metarhnews\\\/gestao-agil-nas-empresas-gustavo-macaneras-meta-news-02\\\/#primaryimage\"},\"thumbnailUrl\":\"\",\"keywords\":[\"Gest\u00e3o \u00c1gil\",\"Podcast\",\"Recursos Humanos\"],\"articleSection\":[\"1 \u2022 Business\",\"Aprendizado\",\"DHO\",\"Mat\u00e9rias\",\"Podcast\",\"V\u00eddeos\"],\"inLanguage\":\"pt-BR\",\"potentialAction\":[{\"@type\":\"CommentAction\",\"name\":\"Comment\",\"target\":[\"https:\\\/\\\/metarh.com.br\\\/metarhnews\\\/gestao-agil-nas-empresas-gustavo-macaneras-meta-news-02\\\/#respond\"]}],\"copyrightYear\":\"2020\",\"copyrightHolder\":{\"@id\":\"https:\\\/\\\/metarh.com.br\\\/metarhnews\\\/#organization\"}},{\"@type\":\"WebPage\",\"@id\":\"https:\\\/\\\/metarh.com.br\\\/metarhnews\\\/gestao-agil-nas-empresas-gustavo-macaneras-meta-news-02\\\/\",\"url\":\"https:\\\/\\\/metarh.com.br\\\/metarhnews\\\/gestao-agil-nas-empresas-gustavo-macaneras-meta-news-02\\\/\",\"name\":\"Gest\u00e3o \u00c1gil nas empresas | Gustavo Ma\u00e7aneras | Meta News #02 - METARH +News\",\"isPartOf\":{\"@id\":\"https:\\\/\\\/metarh.com.br\\\/metarhnews\\\/#website\"},\"primaryImageOfPage\":{\"@id\":\"https:\\\/\\\/metarh.com.br\\\/metarhnews\\\/gestao-agil-nas-empresas-gustavo-macaneras-meta-news-02\\\/#primaryimage\"},\"image\":{\"@id\":\"https:\\\/\\\/metarh.com.br\\\/metarhnews\\\/gestao-agil-nas-empresas-gustavo-macaneras-meta-news-02\\\/#primaryimage\"},\"thumbnailUrl\":\"\",\"datePublished\":\"2020-02-19T19:52:22+00:00\",\"dateModified\":\"2025-11-19T12:16:36+00:00\",\"breadcrumb\":{\"@id\":\"https:\\\/\\\/metarh.com.br\\\/metarhnews\\\/gestao-agil-nas-empresas-gustavo-macaneras-meta-news-02\\\/#breadcrumb\"},\"inLanguage\":\"pt-BR\",\"potentialAction\":[{\"@type\":\"ReadAction\",\"target\":[\"https:\\\/\\\/metarh.com.br\\\/metarhnews\\\/gestao-agil-nas-empresas-gustavo-macaneras-meta-news-02\\\/\"]}]},{\"@type\":\"ImageObject\",\"inLanguage\":\"pt-BR\",\"@id\":\"https:\\\/\\\/metarh.com.br\\\/metarhnews\\\/gestao-agil-nas-empresas-gustavo-macaneras-meta-news-02\\\/#primaryimage\",\"url\":\"\",\"contentUrl\":\"\"},{\"@type\":\"BreadcrumbList\",\"@id\":\"https:\\\/\\\/metarh.com.br\\\/metarhnews\\\/gestao-agil-nas-empresas-gustavo-macaneras-meta-news-02\\\/#breadcrumb\",\"itemListElement\":[{\"@type\":\"ListItem\",\"position\":1,\"name\":\"In\u00edcio\",\"item\":\"https:\\\/\\\/metarh.com.br\\\/metarhnews\\\/\"},{\"@type\":\"ListItem\",\"position\":2,\"name\":\"Gest\u00e3o \u00c1gil nas empresas | Gustavo Ma\u00e7aneras | Meta News #02\"}]},{\"@type\":\"WebSite\",\"@id\":\"https:\\\/\\\/metarh.com.br\\\/metarhnews\\\/#website\",\"url\":\"https:\\\/\\\/metarh.com.br\\\/metarhnews\\\/\",\"name\":\"METARH +News\",\"description\":\"Conte\u00fado focado em Gest\u00e3o de Pessoas\",\"publisher\":{\"@id\":\"https:\\\/\\\/metarh.com.br\\\/metarhnews\\\/#organization\"},\"potentialAction\":[{\"@type\":\"SearchAction\",\"target\":{\"@type\":\"EntryPoint\",\"urlTemplate\":\"https:\\\/\\\/metarh.com.br\\\/metarhnews\\\/?s={search_term_string}\"},\"query-input\":{\"@type\":\"PropertyValueSpecification\",\"valueRequired\":true,\"valueName\":\"search_term_string\"}}],\"inLanguage\":\"pt-BR\"},{\"@type\":\"Organization\",\"@id\":\"https:\\\/\\\/metarh.com.br\\\/metarhnews\\\/#organization\",\"name\":\"METARH +Humana\",\"url\":\"https:\\\/\\\/metarh.com.br\\\/metarhnews\\\/\",\"logo\":{\"@type\":\"ImageObject\",\"inLanguage\":\"pt-BR\",\"@id\":\"https:\\\/\\\/metarh.com.br\\\/metarhnews\\\/#\\\/schema\\\/logo\\\/image\\\/\",\"url\":\"https:\\\/\\\/metarh.com.br\\\/metarhnews\\\/wp-content\\\/uploads\\\/2025\\\/02\\\/METARH-Azul-Horizontal.png\",\"contentUrl\":\"https:\\\/\\\/metarh.com.br\\\/metarhnews\\\/wp-content\\\/uploads\\\/2025\\\/02\\\/METARH-Azul-Horizontal.png\",\"width\":1002,\"height\":303,\"caption\":\"METARH +Humana\"},\"image\":{\"@id\":\"https:\\\/\\\/metarh.com.br\\\/metarhnews\\\/#\\\/schema\\\/logo\\\/image\\\/\"},\"sameAs\":[\"https:\\\/\\\/www.facebook.com\\\/metarhumana\",\"https:\\\/\\\/x.com\\\/metarhumana\",\"https:\\\/\\\/www.instagram.com\\\/metarhumana\\\/\",\"https:\\\/\\\/www.youtube.com\\\/@metarhumana\"]},{\"@type\":\"Person\",\"@id\":\"https:\\\/\\\/metarh.com.br\\\/metarhnews\\\/#\\\/schema\\\/person\\\/18a57200eba12baa93ec88d7fdac1d9b\",\"name\":\"Admin@MetaNews\",\"image\":{\"@type\":\"ImageObject\",\"inLanguage\":\"pt-BR\",\"@id\":\"https:\\\/\\\/secure.gravatar.com\\\/avatar\\\/f6d25765469a37388aa705f1e537f1fe91e7c606c074552c00142b32890766d8?s=96&d=mm&r=g\",\"url\":\"https:\\\/\\\/secure.gravatar.com\\\/avatar\\\/f6d25765469a37388aa705f1e537f1fe91e7c606c074552c00142b32890766d8?s=96&d=mm&r=g\",\"contentUrl\":\"https:\\\/\\\/secure.gravatar.com\\\/avatar\\\/f6d25765469a37388aa705f1e537f1fe91e7c606c074552c00142b32890766d8?s=96&d=mm&r=g\",\"caption\":\"Admin@MetaNews\"},\"sameAs\":[\"https:\\\/\\\/metarh.com.br\\\/metarhnews\"],\"url\":\"https:\\\/\\\/metarh.com.br\\\/metarhnews\\\/author\\\/adminmetanews\\\/\"}]}<\/script>\n<meta property=\"og:video\" content=\"https:\/\/www.youtube.com\/embed\/MeO4zJ5UMzI\" \/>\n<meta property=\"og:video:type\" content=\"text\/html\" \/>\n<meta property=\"og:video:duration\" content=\"1997\" \/>\n<meta property=\"og:video:width\" content=\"480\" \/>\n<meta property=\"og:video:height\" content=\"270\" \/>\n<meta property=\"ya:ovs:adult\" content=\"false\" \/>\n<meta property=\"ya:ovs:upload_date\" content=\"2020-02-19T19:52:22+00:00\" \/>\n<meta property=\"ya:ovs:allow_embed\" content=\"true\" \/>\n<!-- \/ Yoast SEO Premium plugin. -->","yoast_head_json":{"title":"Gest\u00e3o \u00c1gil nas empresas | Gustavo Ma\u00e7aneras | Meta News #02 - METARH +News","robots":{"index":"index","follow":"follow","max-snippet":"max-snippet:-1","max-image-preview":"max-image-preview:large","max-video-preview":"max-video-preview:-1"},"canonical":"https:\/\/metarh.com.br\/metarhnews\/gestao-agil-nas-empresas-gustavo-macaneras-meta-news-02\/","og_locale":"pt_BR","og_type":"article","og_title":"Gest\u00e3o \u00c1gil nas empresas | Gustavo Ma\u00e7aneras | Meta News #02","og_description":"O que voc\u00ea sabe sobre Gest\u00e3o \u00c1gil? Como esse modelo, que inicialmente foi abra\u00e7ado pelas empresas de tecnologia, vem se tornando t\u00e3o comum no meio corporativo. No epis\u00f3dio de hoje o diretor de RH e Comunica\u00e7\u00e3o da Capitalys, Gustavo Ma\u00e7aneras Leme, conversa conosco sobre o modelo de gest\u00e3o \u00e1gil e os seus benef\u00edcios ao implant\u00e1-lo...","og_url":"https:\/\/metarh.com.br\/metarhnews\/gestao-agil-nas-empresas-gustavo-macaneras-meta-news-02\/","og_site_name":"METARH +News","article_publisher":"https:\/\/www.facebook.com\/metarhumana","article_published_time":"2020-02-19T19:52:22+00:00","article_modified_time":"2025-11-19T12:16:36+00:00","author":"Admin@MetaNews","twitter_card":"summary_large_image","twitter_creator":"@metarhumana","twitter_site":"@metarhumana","twitter_misc":{"Escrito por":"Admin@MetaNews","Est. tempo de leitura":"1 minuto"},"schema":{"@context":"https:\/\/schema.org","@graph":[{"@type":"Article","@id":"https:\/\/metarh.com.br\/metarhnews\/gestao-agil-nas-empresas-gustavo-macaneras-meta-news-02\/#article","isPartOf":{"@id":"https:\/\/metarh.com.br\/metarhnews\/gestao-agil-nas-empresas-gustavo-macaneras-meta-news-02\/"},"author":{"name":"Admin@MetaNews","@id":"https:\/\/metarh.com.br\/metarhnews\/#\/schema\/person\/18a57200eba12baa93ec88d7fdac1d9b"},"headline":"Gest\u00e3o \u00c1gil nas empresas | Gustavo Ma\u00e7aneras | Meta News #02","datePublished":"2020-02-19T19:52:22+00:00","dateModified":"2025-11-19T12:16:36+00:00","mainEntityOfPage":{"@id":"https:\/\/metarh.com.br\/metarhnews\/gestao-agil-nas-empresas-gustavo-macaneras-meta-news-02\/"},"wordCount":111,"commentCount":0,"publisher":{"@id":"https:\/\/metarh.com.br\/metarhnews\/#organization"},"image":{"@id":"https:\/\/metarh.com.br\/metarhnews\/gestao-agil-nas-empresas-gustavo-macaneras-meta-news-02\/#primaryimage"},"thumbnailUrl":"","keywords":["Gest\u00e3o \u00c1gil","Podcast","Recursos Humanos"],"articleSection":["1 \u2022 Business","Aprendizado","DHO","Mat\u00e9rias","Podcast","V\u00eddeos"],"inLanguage":"pt-BR","potentialAction":[{"@type":"CommentAction","name":"Comment","target":["https:\/\/metarh.com.br\/metarhnews\/gestao-agil-nas-empresas-gustavo-macaneras-meta-news-02\/#respond"]}],"copyrightYear":"2020","copyrightHolder":{"@id":"https:\/\/metarh.com.br\/metarhnews\/#organization"}},{"@type":"WebPage","@id":"https:\/\/metarh.com.br\/metarhnews\/gestao-agil-nas-empresas-gustavo-macaneras-meta-news-02\/","url":"https:\/\/metarh.com.br\/metarhnews\/gestao-agil-nas-empresas-gustavo-macaneras-meta-news-02\/","name":"Gest\u00e3o \u00c1gil nas empresas | Gustavo Ma\u00e7aneras | Meta News #02 - METARH +News","isPartOf":{"@id":"https:\/\/metarh.com.br\/metarhnews\/#website"},"primaryImageOfPage":{"@id":"https:\/\/metarh.com.br\/metarhnews\/gestao-agil-nas-empresas-gustavo-macaneras-meta-news-02\/#primaryimage"},"image":{"@id":"https:\/\/metarh.com.br\/metarhnews\/gestao-agil-nas-empresas-gustavo-macaneras-meta-news-02\/#primaryimage"},"thumbnailUrl":"","datePublished":"2020-02-19T19:52:22+00:00","dateModified":"2025-11-19T12:16:36+00:00","breadcrumb":{"@id":"https:\/\/metarh.com.br\/metarhnews\/gestao-agil-nas-empresas-gustavo-macaneras-meta-news-02\/#breadcrumb"},"inLanguage":"pt-BR","potentialAction":[{"@type":"ReadAction","target":["https:\/\/metarh.com.br\/metarhnews\/gestao-agil-nas-empresas-gustavo-macaneras-meta-news-02\/"]}]},{"@type":"ImageObject","inLanguage":"pt-BR","@id":"https:\/\/metarh.com.br\/metarhnews\/gestao-agil-nas-empresas-gustavo-macaneras-meta-news-02\/#primaryimage","url":"","contentUrl":""},{"@type":"BreadcrumbList","@id":"https:\/\/metarh.com.br\/metarhnews\/gestao-agil-nas-empresas-gustavo-macaneras-meta-news-02\/#breadcrumb","itemListElement":[{"@type":"ListItem","position":1,"name":"In\u00edcio","item":"https:\/\/metarh.com.br\/metarhnews\/"},{"@type":"ListItem","position":2,"name":"Gest\u00e3o \u00c1gil nas empresas | Gustavo Ma\u00e7aneras | Meta News #02"}]},{"@type":"WebSite","@id":"https:\/\/metarh.com.br\/metarhnews\/#website","url":"https:\/\/metarh.com.br\/metarhnews\/","name":"METARH +News","description":"Conte\u00fado focado em Gest\u00e3o de Pessoas","publisher":{"@id":"https:\/\/metarh.com.br\/metarhnews\/#organization"},"potentialAction":[{"@type":"SearchAction","target":{"@type":"EntryPoint","urlTemplate":"https:\/\/metarh.com.br\/metarhnews\/?s={search_term_string}"},"query-input":{"@type":"PropertyValueSpecification","valueRequired":true,"valueName":"search_term_string"}}],"inLanguage":"pt-BR"},{"@type":"Organization","@id":"https:\/\/metarh.com.br\/metarhnews\/#organization","name":"METARH +Humana","url":"https:\/\/metarh.com.br\/metarhnews\/","logo":{"@type":"ImageObject","inLanguage":"pt-BR","@id":"https:\/\/metarh.com.br\/metarhnews\/#\/schema\/logo\/image\/","url":"https:\/\/metarh.com.br\/metarhnews\/wp-content\/uploads\/2025\/02\/METARH-Azul-Horizontal.png","contentUrl":"https:\/\/metarh.com.br\/metarhnews\/wp-content\/uploads\/2025\/02\/METARH-Azul-Horizontal.png","width":1002,"height":303,"caption":"METARH +Humana"},"image":{"@id":"https:\/\/metarh.com.br\/metarhnews\/#\/schema\/logo\/image\/"},"sameAs":["https:\/\/www.facebook.com\/metarhumana","https:\/\/x.com\/metarhumana","https:\/\/www.instagram.com\/metarhumana\/","https:\/\/www.youtube.com\/@metarhumana"]},{"@type":"Person","@id":"https:\/\/metarh.com.br\/metarhnews\/#\/schema\/person\/18a57200eba12baa93ec88d7fdac1d9b","name":"Admin@MetaNews","image":{"@type":"ImageObject","inLanguage":"pt-BR","@id":"https:\/\/secure.gravatar.com\/avatar\/f6d25765469a37388aa705f1e537f1fe91e7c606c074552c00142b32890766d8?s=96&d=mm&r=g","url":"https:\/\/secure.gravatar.com\/avatar\/f6d25765469a37388aa705f1e537f1fe91e7c606c074552c00142b32890766d8?s=96&d=mm&r=g","contentUrl":"https:\/\/secure.gravatar.com\/avatar\/f6d25765469a37388aa705f1e537f1fe91e7c606c074552c00142b32890766d8?s=96&d=mm&r=g","caption":"Admin@MetaNews"},"sameAs":["https:\/\/metarh.com.br\/metarhnews"],"url":"https:\/\/metarh.com.br\/metarhnews\/author\/adminmetanews\/"}]},"og_video":"https:\/\/www.youtube.com\/embed\/MeO4zJ5UMzI","og_video_type":"text\/html","og_video_duration":"1997","og_video_width":"480","og_video_height":"270","ya_ovs_adult":"false","ya_ovs_upload_date":"2020-02-19T19:52:22+00:00","ya_ovs_allow_embed":"true"},"_links":{"self":[{"href":"https:\/\/metarh.com.br\/metarhnews\/wp-json\/wp\/v2\/posts\/1889","targetHints":{"allow":["GET"]}}],"collection":[{"href":"https:\/\/metarh.com.br\/metarhnews\/wp-json\/wp\/v2\/posts"}],"about":[{"href":"https:\/\/metarh.com.br\/metarhnews\/wp-json\/wp\/v2\/types\/post"}],"author":[{"embeddable":true,"href":"https:\/\/metarh.com.br\/metarhnews\/wp-json\/wp\/v2\/users\/1"}],"replies":[{"embeddable":true,"href":"https:\/\/metarh.com.br\/metarhnews\/wp-json\/wp\/v2\/comments?post=1889"}],"version-history":[{"count":1,"href":"https:\/\/metarh.com.br\/metarhnews\/wp-json\/wp\/v2\/posts\/1889\/revisions"}],"predecessor-version":[{"id":16878,"href":"https:\/\/metarh.com.br\/metarhnews\/wp-json\/wp\/v2\/posts\/1889\/revisions\/16878"}],"wp:featuredmedia":[{"embeddable":true,"href":"https:\/\/metarh.com.br\/metarhnews\/wp-json\/"}],"wp:attachment":[{"href":"https:\/\/metarh.com.br\/metarhnews\/wp-json\/wp\/v2\/media?parent=1889"}],"wp:term":[{"taxonomy":"category","embeddable":true,"href":"https:\/\/metarh.com.br\/metarhnews\/wp-json\/wp\/v2\/categories?post=1889"},{"taxonomy":"post_tag","embeddable":true,"href":"https:\/\/metarh.com.br\/metarhnews\/wp-json\/wp\/v2\/tags?post=1889"}],"curies":[{"name":"wp","href":"https:\/\/api.w.org\/{rel}","templated":true}]}}