{"id":2067,"date":"2020-05-05T16:54:05","date_gmt":"2020-05-05T19:54:05","guid":{"rendered":"https:\/\/metarh.com.br\/?p=2067"},"modified":"2026-01-23T11:00:23","modified_gmt":"2026-01-23T14:00:23","slug":"gestao-de-talentos-e-transformacao-digital-joao-altman-meta-news-06","status":"publish","type":"post","link":"https:\/\/metarh.com.br\/metarhnews\/gestao-de-talentos-e-transformacao-digital-joao-altman-meta-news-06\/","title":{"rendered":"Gest\u00e3o de Talentos e Transforma\u00e7\u00e3o Digital | Jo\u00e3o Altman | Meta News #06"},"content":{"rendered":"<p>Com a chegada das novas gera\u00e7\u00f5es ao mercado de trabalho as empresas foram colocadas diante de novos profissionais, que valorizavam a qualidade de vida dentro do ambiente profissional e que buscavam algo al\u00e9m do sal\u00e1rio, um prop\u00f3sito. Esse cen\u00e1rio trouxe novos desafios para a Gest\u00e3o de Talentos.<\/p>\n<p>A transforma\u00e7\u00e3o digital envolve muito mais do que adotar novas ferramentas \u2014 ela tamb\u00e9m precisa considerar quem usa essas tecnologias. Por isso, entender a <a href=\"https:\/\/metarh.com.br\/metarhnews\/acessibilidade-digital-importante-e-benefica-para-os-negocios\/\"><strong data-start=\"1432\" data-end=\"1486\">import\u00e2ncia da acessibilidade digital nos neg\u00f3cios<\/strong><\/a> \u00e9 essencial para garantir que solu\u00e7\u00f5es e experi\u00eancias digitais sejam eficazes para todos, inclusive na atra\u00e7\u00e3o e gest\u00e3o de talentos.<\/p>\n<p>Nesse novo epis\u00f3dio do Meta News recebemos Jo\u00e3o Altman, Head Of HR da <a href=\"https:\/\/www.vr.com.br\/portal\/portal-vr\/index.html\">VR benef\u00edcios<\/a>,\u00a0 para uma conversa sobre Gest\u00e3o de Talentos, Inova\u00e7\u00e3o e Transforma\u00e7\u00e3o Digital.<\/p>\n<p><a href=\"https:\/\/metarh.com.br\/recursos-humanos-meta-news-03\/\"><span style=\"color: #339966;\"><em>Veja tamb\u00e9m:\u00a0Gest\u00e3o de Pessoas e Recursos Humanos | Elizabeth Rodrigues | Meta News #03<\/em><\/span><\/a><\/p>\n<p>Entenderemos a import\u00e2ncia da constru\u00e7\u00e3o de um proposito para a atra\u00e7\u00e3o e reten\u00e7\u00e3o de talentos; quais os requisitos que transformam uma empresa em um local desejado pelos novos e atualizados profissionais do mercado; e como a transforma\u00e7\u00e3o digital pode ser utilizada como aliada no processo.<\/p>\n<p><iframe src=\"https:\/\/www.youtube.com\/embed\/lU889dYsCII\" width=\"600\" height=\"400\" frameborder=\"0\" allowfullscreen=\"allowfullscreen\"><span data-mce-type=\"bookmark\" style=\"display: inline-block; width: 0px; overflow: hidden; line-height: 0;\" class=\"mce_SELRES_start\">\ufeff<\/span><\/iframe><\/p>\n<p>Se voc\u00ea gostou desse epis\u00f3dio, n\u00e3o deixe de se inscrever em nosso canal e procure o podcast Meta News em seu agregador de feed ou acesse:<\/p>\n<p><iframe src=\"https:\/\/www.megafono.host\/podcast\/meta-news\/e\/gestao-de-talentos-e-transformacao-digital-joao-altman-meta-news-06\" width=\"100%\" height=\"250\" frameborder=\"0\"><span data-mce-type=\"bookmark\" style=\"display: inline-block; width: 0px; overflow: hidden; line-height: 0;\" class=\"mce_SELRES_start\">\ufeff<\/span><span data-mce-type=\"bookmark\" style=\"display: inline-block; width: 0px; overflow: hidden; line-height: 0;\" class=\"mce_SELRES_start\">\ufeff<\/span><span data-mce-type=\"bookmark\" style=\"display: inline-block; width: 0px; overflow: hidden; line-height: 0;\" class=\"mce_SELRES_start\">\ufeff<\/span><span data-mce-type=\"bookmark\" style=\"display: inline-block; width: 0px; overflow: hidden; line-height: 0;\" class=\"mce_SELRES_start\">\ufeff<\/span><\/iframe><\/p>\n<p><a href=\"1nhZ3FlVLiYB8EExHozj0W\" target=\"_blank\" rel=\"noopener\">Spotify<\/a><br \/>\n<a href=\"https:\/\/www.deezer.com\/show\/822732?utm_source=deezer&amp;utm_content=show-822732&amp;utm_term=3475273924_1582139893&amp;utm_medium=web\" target=\"_blank\" rel=\"noopener\">Deezer<\/a><br \/>\n<a href=\"https:\/\/podcasts.google.com\/?feed=aHR0cHM6Ly9mZWVkLm1lZ2Fmb25vLmhvc3QvbWV0YS1uZXdz&amp;ved=0CAQQrrcFahcKEwiY-5_Kqt7nAhUAAAAAHQAAAAAQBQ\" target=\"_blank\" rel=\"noopener\">Google Podcast\u00a0<\/a><br \/>\n<a href=\"https:\/\/podcasts.apple.com\/br\/podcast\/meta-news\/id1496039747\" target=\"_blank\" rel=\"noopener\">Apple Podcast<\/a><\/p>\n<div style=\"margin-top: 0px; margin-bottom: 0px;\" class=\"sharethis-inline-share-buttons\" ><\/div>","protected":false},"excerpt":{"rendered":"<p>Com a chegada das novas gera\u00e7\u00f5es ao mercado de trabalho as empresas foram colocadas diante de novos profissionais, que valorizavam a qualidade de vida dentro do ambiente profissional e que buscavam algo al\u00e9m do sal\u00e1rio, um prop\u00f3sito. Esse cen\u00e1rio trouxe novos desafios para a Gest\u00e3o de Talentos. A transforma\u00e7\u00e3o digital envolve muito mais do que&#8230;<\/p>\n","protected":false},"author":1,"featured_media":14957,"comment_status":"open","ping_status":"open","sticky":false,"template":"","format":"standard","meta":{"_kadence_starter_templates_imported_post":false,"_kad_post_transparent":"","_kad_post_title":"","_kad_post_layout":"","_kad_post_sidebar_id":"","_kad_post_content_style":"","_kad_post_vertical_padding":"","_kad_post_feature":"","_kad_post_feature_position":"","_kad_post_header":false,"_kad_post_footer":false,"_kad_post_classname":"","footnotes":""},"categories":[129,164,150,2,7,132,9],"tags":[23,16,8,24,25,26],"class_list":["post-2067","post","type-post","status-publish","format-standard","has-post-thumbnail","hentry","category-talent","category-aprendizado-em-rh","category-dho","category-materias","category-podcast","category-tendencias","category-videos","tag-gestao","tag-grupo-meta-rh","tag-podcast","tag-talentos","tag-tecnologia","tag-vr"],"yoast_head":"<!-- This site is optimized with the Yoast SEO Premium plugin v26.6 (Yoast SEO v27.5) - https:\/\/yoast.com\/product\/yoast-seo-premium-wordpress\/ -->\n<title>Gest\u00e3o de Talentos e Transforma\u00e7\u00e3o Digital | Jo\u00e3o Altman | Meta News #06 - METARH +News<\/title>\n<meta name=\"description\" content=\"Recebemos Jo\u00e3o Altman, Head Of HR da VR benef\u00edcios,\u00a0para uma conversa sobre Gest\u00e3o de Talentos, Inova\u00e7\u00e3o e Transforma\u00e7\u00e3o Digital.\" \/>\n<meta name=\"robots\" content=\"index, follow, max-snippet:-1, max-image-preview:large, max-video-preview:-1\" \/>\n<link rel=\"canonical\" href=\"https:\/\/metarh.com.br\/metarhnews\/gestao-de-talentos-e-transformacao-digital-joao-altman-meta-news-06\/\" \/>\n<meta property=\"og:locale\" content=\"pt_BR\" \/>\n<meta property=\"og:type\" content=\"article\" \/>\n<meta property=\"og:title\" content=\"Gest\u00e3o de Talentos e Transforma\u00e7\u00e3o Digital | Jo\u00e3o Altman | Meta News #06\" \/>\n<meta property=\"og:description\" content=\"Recebemos Jo\u00e3o Altman, Head Of HR da VR benef\u00edcios,\u00a0para uma conversa sobre Gest\u00e3o de Talentos, Inova\u00e7\u00e3o e Transforma\u00e7\u00e3o Digital.\" \/>\n<meta property=\"og:url\" content=\"https:\/\/metarh.com.br\/metarhnews\/gestao-de-talentos-e-transformacao-digital-joao-altman-meta-news-06\/\" \/>\n<meta property=\"og:site_name\" content=\"METARH +News\" \/>\n<meta property=\"article:publisher\" content=\"https:\/\/www.facebook.com\/metarhumana\" \/>\n<meta property=\"article:published_time\" content=\"2020-05-05T19:54:05+00:00\" \/>\n<meta property=\"article:modified_time\" content=\"2026-01-23T14:00:23+00:00\" \/>\n<meta property=\"og:image\" content=\"https:\/\/metarh.com.br\/metarhnews\/wp-content\/uploads\/2020\/05\/Gestao-de-Talentos.jpg\" \/>\n\t<meta property=\"og:image:width\" content=\"1060\" \/>\n\t<meta property=\"og:image:height\" content=\"700\" \/>\n\t<meta property=\"og:image:type\" content=\"image\/jpeg\" \/>\n<meta name=\"author\" content=\"Admin@MetaNews\" \/>\n<meta name=\"twitter:card\" content=\"summary_large_image\" \/>\n<meta name=\"twitter:creator\" content=\"@metarhumana\" \/>\n<meta name=\"twitter:site\" content=\"@metarhumana\" \/>\n<meta name=\"twitter:label1\" content=\"Escrito por\" \/>\n\t<meta name=\"twitter:data1\" content=\"Admin@MetaNews\" \/>\n\t<meta name=\"twitter:label2\" content=\"Est. tempo de leitura\" \/>\n\t<meta name=\"twitter:data2\" content=\"2 minutos\" \/>\n<script type=\"application\/ld+json\" class=\"yoast-schema-graph\">{\"@context\":\"https:\\\/\\\/schema.org\",\"@graph\":[{\"@type\":\"Article\",\"@id\":\"https:\\\/\\\/metarh.com.br\\\/metarhnews\\\/gestao-de-talentos-e-transformacao-digital-joao-altman-meta-news-06\\\/#article\",\"isPartOf\":{\"@id\":\"https:\\\/\\\/metarh.com.br\\\/metarhnews\\\/gestao-de-talentos-e-transformacao-digital-joao-altman-meta-news-06\\\/\"},\"author\":{\"name\":\"Admin@MetaNews\",\"@id\":\"https:\\\/\\\/metarh.com.br\\\/metarhnews\\\/#\\\/schema\\\/person\\\/18a57200eba12baa93ec88d7fdac1d9b\"},\"headline\":\"Gest\u00e3o de Talentos e Transforma\u00e7\u00e3o Digital | Jo\u00e3o Altman | Meta News #06\",\"datePublished\":\"2020-05-05T19:54:05+00:00\",\"dateModified\":\"2026-01-23T14:00:23+00:00\",\"mainEntityOfPage\":{\"@id\":\"https:\\\/\\\/metarh.com.br\\\/metarhnews\\\/gestao-de-talentos-e-transformacao-digital-joao-altman-meta-news-06\\\/\"},\"wordCount\":252,\"commentCount\":0,\"publisher\":{\"@id\":\"https:\\\/\\\/metarh.com.br\\\/metarhnews\\\/#organization\"},\"image\":{\"@id\":\"https:\\\/\\\/metarh.com.br\\\/metarhnews\\\/gestao-de-talentos-e-transformacao-digital-joao-altman-meta-news-06\\\/#primaryimage\"},\"thumbnailUrl\":\"https:\\\/\\\/metarh.com.br\\\/metarhnews\\\/wp-content\\\/uploads\\\/2020\\\/05\\\/Gestao-de-Talentos.jpg\",\"keywords\":[\"gest\u00e3o\",\"Grupo Meta RH\",\"Podcast\",\"talentos\",\"tecnologia\",\"VR\"],\"articleSection\":[\"4 \u2022 Talent\",\"Aprendizado\",\"DHO\",\"Mat\u00e9rias\",\"Podcast\",\"Tend\u00eancias\",\"V\u00eddeos\"],\"inLanguage\":\"pt-BR\",\"potentialAction\":[{\"@type\":\"CommentAction\",\"name\":\"Comment\",\"target\":[\"https:\\\/\\\/metarh.com.br\\\/metarhnews\\\/gestao-de-talentos-e-transformacao-digital-joao-altman-meta-news-06\\\/#respond\"]}],\"copyrightYear\":\"2020\",\"copyrightHolder\":{\"@id\":\"https:\\\/\\\/metarh.com.br\\\/metarhnews\\\/#organization\"}},{\"@type\":\"WebPage\",\"@id\":\"https:\\\/\\\/metarh.com.br\\\/metarhnews\\\/gestao-de-talentos-e-transformacao-digital-joao-altman-meta-news-06\\\/\",\"url\":\"https:\\\/\\\/metarh.com.br\\\/metarhnews\\\/gestao-de-talentos-e-transformacao-digital-joao-altman-meta-news-06\\\/\",\"name\":\"Gest\u00e3o de Talentos e Transforma\u00e7\u00e3o Digital | Jo\u00e3o Altman | Meta News #06 - METARH +News\",\"isPartOf\":{\"@id\":\"https:\\\/\\\/metarh.com.br\\\/metarhnews\\\/#website\"},\"primaryImageOfPage\":{\"@id\":\"https:\\\/\\\/metarh.com.br\\\/metarhnews\\\/gestao-de-talentos-e-transformacao-digital-joao-altman-meta-news-06\\\/#primaryimage\"},\"image\":{\"@id\":\"https:\\\/\\\/metarh.com.br\\\/metarhnews\\\/gestao-de-talentos-e-transformacao-digital-joao-altman-meta-news-06\\\/#primaryimage\"},\"thumbnailUrl\":\"https:\\\/\\\/metarh.com.br\\\/metarhnews\\\/wp-content\\\/uploads\\\/2020\\\/05\\\/Gestao-de-Talentos.jpg\",\"datePublished\":\"2020-05-05T19:54:05+00:00\",\"dateModified\":\"2026-01-23T14:00:23+00:00\",\"description\":\"Recebemos Jo\u00e3o Altman, Head Of HR da VR benef\u00edcios,\u00a0para uma conversa sobre Gest\u00e3o de Talentos, Inova\u00e7\u00e3o e Transforma\u00e7\u00e3o Digital.\",\"breadcrumb\":{\"@id\":\"https:\\\/\\\/metarh.com.br\\\/metarhnews\\\/gestao-de-talentos-e-transformacao-digital-joao-altman-meta-news-06\\\/#breadcrumb\"},\"inLanguage\":\"pt-BR\",\"potentialAction\":[{\"@type\":\"ReadAction\",\"target\":[\"https:\\\/\\\/metarh.com.br\\\/metarhnews\\\/gestao-de-talentos-e-transformacao-digital-joao-altman-meta-news-06\\\/\"]}]},{\"@type\":\"ImageObject\",\"inLanguage\":\"pt-BR\",\"@id\":\"https:\\\/\\\/metarh.com.br\\\/metarhnews\\\/gestao-de-talentos-e-transformacao-digital-joao-altman-meta-news-06\\\/#primaryimage\",\"url\":\"https:\\\/\\\/metarh.com.br\\\/metarhnews\\\/wp-content\\\/uploads\\\/2020\\\/05\\\/Gestao-de-Talentos.jpg\",\"contentUrl\":\"https:\\\/\\\/metarh.com.br\\\/metarhnews\\\/wp-content\\\/uploads\\\/2020\\\/05\\\/Gestao-de-Talentos.jpg\",\"width\":1060,\"height\":700},{\"@type\":\"BreadcrumbList\",\"@id\":\"https:\\\/\\\/metarh.com.br\\\/metarhnews\\\/gestao-de-talentos-e-transformacao-digital-joao-altman-meta-news-06\\\/#breadcrumb\",\"itemListElement\":[{\"@type\":\"ListItem\",\"position\":1,\"name\":\"In\u00edcio\",\"item\":\"https:\\\/\\\/metarh.com.br\\\/metarhnews\\\/\"},{\"@type\":\"ListItem\",\"position\":2,\"name\":\"Gest\u00e3o de Talentos e Transforma\u00e7\u00e3o Digital | Jo\u00e3o Altman | Meta News #06\"}]},{\"@type\":\"WebSite\",\"@id\":\"https:\\\/\\\/metarh.com.br\\\/metarhnews\\\/#website\",\"url\":\"https:\\\/\\\/metarh.com.br\\\/metarhnews\\\/\",\"name\":\"METARH +News\",\"description\":\"Conte\u00fado focado em Gest\u00e3o de Pessoas\",\"publisher\":{\"@id\":\"https:\\\/\\\/metarh.com.br\\\/metarhnews\\\/#organization\"},\"potentialAction\":[{\"@type\":\"SearchAction\",\"target\":{\"@type\":\"EntryPoint\",\"urlTemplate\":\"https:\\\/\\\/metarh.com.br\\\/metarhnews\\\/?s={search_term_string}\"},\"query-input\":{\"@type\":\"PropertyValueSpecification\",\"valueRequired\":true,\"valueName\":\"search_term_string\"}}],\"inLanguage\":\"pt-BR\"},{\"@type\":\"Organization\",\"@id\":\"https:\\\/\\\/metarh.com.br\\\/metarhnews\\\/#organization\",\"name\":\"METARH +Humana\",\"url\":\"https:\\\/\\\/metarh.com.br\\\/metarhnews\\\/\",\"logo\":{\"@type\":\"ImageObject\",\"inLanguage\":\"pt-BR\",\"@id\":\"https:\\\/\\\/metarh.com.br\\\/metarhnews\\\/#\\\/schema\\\/logo\\\/image\\\/\",\"url\":\"https:\\\/\\\/metarh.com.br\\\/metarhnews\\\/wp-content\\\/uploads\\\/2025\\\/02\\\/METARH-Azul-Horizontal.png\",\"contentUrl\":\"https:\\\/\\\/metarh.com.br\\\/metarhnews\\\/wp-content\\\/uploads\\\/2025\\\/02\\\/METARH-Azul-Horizontal.png\",\"width\":1002,\"height\":303,\"caption\":\"METARH +Humana\"},\"image\":{\"@id\":\"https:\\\/\\\/metarh.com.br\\\/metarhnews\\\/#\\\/schema\\\/logo\\\/image\\\/\"},\"sameAs\":[\"https:\\\/\\\/www.facebook.com\\\/metarhumana\",\"https:\\\/\\\/x.com\\\/metarhumana\",\"https:\\\/\\\/www.instagram.com\\\/metarhumana\\\/\",\"https:\\\/\\\/www.youtube.com\\\/@metarhumana\"]},{\"@type\":\"Person\",\"@id\":\"https:\\\/\\\/metarh.com.br\\\/metarhnews\\\/#\\\/schema\\\/person\\\/18a57200eba12baa93ec88d7fdac1d9b\",\"name\":\"Admin@MetaNews\",\"image\":{\"@type\":\"ImageObject\",\"inLanguage\":\"pt-BR\",\"@id\":\"https:\\\/\\\/secure.gravatar.com\\\/avatar\\\/f6d25765469a37388aa705f1e537f1fe91e7c606c074552c00142b32890766d8?s=96&d=mm&r=g\",\"url\":\"https:\\\/\\\/secure.gravatar.com\\\/avatar\\\/f6d25765469a37388aa705f1e537f1fe91e7c606c074552c00142b32890766d8?s=96&d=mm&r=g\",\"contentUrl\":\"https:\\\/\\\/secure.gravatar.com\\\/avatar\\\/f6d25765469a37388aa705f1e537f1fe91e7c606c074552c00142b32890766d8?s=96&d=mm&r=g\",\"caption\":\"Admin@MetaNews\"},\"sameAs\":[\"https:\\\/\\\/metarh.com.br\\\/metarhnews\"],\"url\":\"https:\\\/\\\/metarh.com.br\\\/metarhnews\\\/author\\\/adminmetanews\\\/\"}]}<\/script>\n<meta property=\"og:video\" content=\"https:\/\/www.youtube.com\/embed\/lU889dYsCII\" \/>\n<meta property=\"og:video:type\" content=\"text\/html\" \/>\n<meta property=\"og:video:duration\" content=\"1103\" \/>\n<meta property=\"og:video:width\" content=\"480\" \/>\n<meta property=\"og:video:height\" content=\"270\" \/>\n<meta property=\"ya:ovs:adult\" content=\"false\" \/>\n<meta property=\"ya:ovs:upload_date\" content=\"2020-05-05T19:54:05+00:00\" \/>\n<meta property=\"ya:ovs:allow_embed\" content=\"true\" \/>\n<!-- \/ Yoast SEO Premium plugin. -->","yoast_head_json":{"title":"Gest\u00e3o de Talentos e Transforma\u00e7\u00e3o Digital | Jo\u00e3o Altman | Meta News #06 - METARH +News","description":"Recebemos Jo\u00e3o Altman, Head Of HR da VR benef\u00edcios,\u00a0para uma conversa sobre Gest\u00e3o de Talentos, Inova\u00e7\u00e3o e Transforma\u00e7\u00e3o Digital.","robots":{"index":"index","follow":"follow","max-snippet":"max-snippet:-1","max-image-preview":"max-image-preview:large","max-video-preview":"max-video-preview:-1"},"canonical":"https:\/\/metarh.com.br\/metarhnews\/gestao-de-talentos-e-transformacao-digital-joao-altman-meta-news-06\/","og_locale":"pt_BR","og_type":"article","og_title":"Gest\u00e3o de Talentos e Transforma\u00e7\u00e3o Digital | Jo\u00e3o Altman | Meta News #06","og_description":"Recebemos Jo\u00e3o Altman, Head Of HR da VR benef\u00edcios,\u00a0para uma conversa sobre Gest\u00e3o de Talentos, Inova\u00e7\u00e3o e Transforma\u00e7\u00e3o Digital.","og_url":"https:\/\/metarh.com.br\/metarhnews\/gestao-de-talentos-e-transformacao-digital-joao-altman-meta-news-06\/","og_site_name":"METARH +News","article_publisher":"https:\/\/www.facebook.com\/metarhumana","article_published_time":"2020-05-05T19:54:05+00:00","article_modified_time":"2026-01-23T14:00:23+00:00","og_image":[{"width":1060,"height":700,"url":"https:\/\/metarh.com.br\/metarhnews\/wp-content\/uploads\/2020\/05\/Gestao-de-Talentos.jpg","type":"image\/jpeg"}],"author":"Admin@MetaNews","twitter_card":"summary_large_image","twitter_creator":"@metarhumana","twitter_site":"@metarhumana","twitter_misc":{"Escrito por":"Admin@MetaNews","Est. tempo de leitura":"2 minutos"},"schema":{"@context":"https:\/\/schema.org","@graph":[{"@type":"Article","@id":"https:\/\/metarh.com.br\/metarhnews\/gestao-de-talentos-e-transformacao-digital-joao-altman-meta-news-06\/#article","isPartOf":{"@id":"https:\/\/metarh.com.br\/metarhnews\/gestao-de-talentos-e-transformacao-digital-joao-altman-meta-news-06\/"},"author":{"name":"Admin@MetaNews","@id":"https:\/\/metarh.com.br\/metarhnews\/#\/schema\/person\/18a57200eba12baa93ec88d7fdac1d9b"},"headline":"Gest\u00e3o de Talentos e Transforma\u00e7\u00e3o Digital | Jo\u00e3o Altman | Meta News #06","datePublished":"2020-05-05T19:54:05+00:00","dateModified":"2026-01-23T14:00:23+00:00","mainEntityOfPage":{"@id":"https:\/\/metarh.com.br\/metarhnews\/gestao-de-talentos-e-transformacao-digital-joao-altman-meta-news-06\/"},"wordCount":252,"commentCount":0,"publisher":{"@id":"https:\/\/metarh.com.br\/metarhnews\/#organization"},"image":{"@id":"https:\/\/metarh.com.br\/metarhnews\/gestao-de-talentos-e-transformacao-digital-joao-altman-meta-news-06\/#primaryimage"},"thumbnailUrl":"https:\/\/metarh.com.br\/metarhnews\/wp-content\/uploads\/2020\/05\/Gestao-de-Talentos.jpg","keywords":["gest\u00e3o","Grupo Meta RH","Podcast","talentos","tecnologia","VR"],"articleSection":["4 \u2022 Talent","Aprendizado","DHO","Mat\u00e9rias","Podcast","Tend\u00eancias","V\u00eddeos"],"inLanguage":"pt-BR","potentialAction":[{"@type":"CommentAction","name":"Comment","target":["https:\/\/metarh.com.br\/metarhnews\/gestao-de-talentos-e-transformacao-digital-joao-altman-meta-news-06\/#respond"]}],"copyrightYear":"2020","copyrightHolder":{"@id":"https:\/\/metarh.com.br\/metarhnews\/#organization"}},{"@type":"WebPage","@id":"https:\/\/metarh.com.br\/metarhnews\/gestao-de-talentos-e-transformacao-digital-joao-altman-meta-news-06\/","url":"https:\/\/metarh.com.br\/metarhnews\/gestao-de-talentos-e-transformacao-digital-joao-altman-meta-news-06\/","name":"Gest\u00e3o de Talentos e Transforma\u00e7\u00e3o Digital | Jo\u00e3o Altman | Meta News #06 - METARH +News","isPartOf":{"@id":"https:\/\/metarh.com.br\/metarhnews\/#website"},"primaryImageOfPage":{"@id":"https:\/\/metarh.com.br\/metarhnews\/gestao-de-talentos-e-transformacao-digital-joao-altman-meta-news-06\/#primaryimage"},"image":{"@id":"https:\/\/metarh.com.br\/metarhnews\/gestao-de-talentos-e-transformacao-digital-joao-altman-meta-news-06\/#primaryimage"},"thumbnailUrl":"https:\/\/metarh.com.br\/metarhnews\/wp-content\/uploads\/2020\/05\/Gestao-de-Talentos.jpg","datePublished":"2020-05-05T19:54:05+00:00","dateModified":"2026-01-23T14:00:23+00:00","description":"Recebemos Jo\u00e3o Altman, Head Of HR da VR benef\u00edcios,\u00a0para uma conversa sobre Gest\u00e3o de Talentos, Inova\u00e7\u00e3o e Transforma\u00e7\u00e3o Digital.","breadcrumb":{"@id":"https:\/\/metarh.com.br\/metarhnews\/gestao-de-talentos-e-transformacao-digital-joao-altman-meta-news-06\/#breadcrumb"},"inLanguage":"pt-BR","potentialAction":[{"@type":"ReadAction","target":["https:\/\/metarh.com.br\/metarhnews\/gestao-de-talentos-e-transformacao-digital-joao-altman-meta-news-06\/"]}]},{"@type":"ImageObject","inLanguage":"pt-BR","@id":"https:\/\/metarh.com.br\/metarhnews\/gestao-de-talentos-e-transformacao-digital-joao-altman-meta-news-06\/#primaryimage","url":"https:\/\/metarh.com.br\/metarhnews\/wp-content\/uploads\/2020\/05\/Gestao-de-Talentos.jpg","contentUrl":"https:\/\/metarh.com.br\/metarhnews\/wp-content\/uploads\/2020\/05\/Gestao-de-Talentos.jpg","width":1060,"height":700},{"@type":"BreadcrumbList","@id":"https:\/\/metarh.com.br\/metarhnews\/gestao-de-talentos-e-transformacao-digital-joao-altman-meta-news-06\/#breadcrumb","itemListElement":[{"@type":"ListItem","position":1,"name":"In\u00edcio","item":"https:\/\/metarh.com.br\/metarhnews\/"},{"@type":"ListItem","position":2,"name":"Gest\u00e3o de Talentos e Transforma\u00e7\u00e3o Digital | Jo\u00e3o Altman | Meta News #06"}]},{"@type":"WebSite","@id":"https:\/\/metarh.com.br\/metarhnews\/#website","url":"https:\/\/metarh.com.br\/metarhnews\/","name":"METARH +News","description":"Conte\u00fado focado em Gest\u00e3o de Pessoas","publisher":{"@id":"https:\/\/metarh.com.br\/metarhnews\/#organization"},"potentialAction":[{"@type":"SearchAction","target":{"@type":"EntryPoint","urlTemplate":"https:\/\/metarh.com.br\/metarhnews\/?s={search_term_string}"},"query-input":{"@type":"PropertyValueSpecification","valueRequired":true,"valueName":"search_term_string"}}],"inLanguage":"pt-BR"},{"@type":"Organization","@id":"https:\/\/metarh.com.br\/metarhnews\/#organization","name":"METARH +Humana","url":"https:\/\/metarh.com.br\/metarhnews\/","logo":{"@type":"ImageObject","inLanguage":"pt-BR","@id":"https:\/\/metarh.com.br\/metarhnews\/#\/schema\/logo\/image\/","url":"https:\/\/metarh.com.br\/metarhnews\/wp-content\/uploads\/2025\/02\/METARH-Azul-Horizontal.png","contentUrl":"https:\/\/metarh.com.br\/metarhnews\/wp-content\/uploads\/2025\/02\/METARH-Azul-Horizontal.png","width":1002,"height":303,"caption":"METARH +Humana"},"image":{"@id":"https:\/\/metarh.com.br\/metarhnews\/#\/schema\/logo\/image\/"},"sameAs":["https:\/\/www.facebook.com\/metarhumana","https:\/\/x.com\/metarhumana","https:\/\/www.instagram.com\/metarhumana\/","https:\/\/www.youtube.com\/@metarhumana"]},{"@type":"Person","@id":"https:\/\/metarh.com.br\/metarhnews\/#\/schema\/person\/18a57200eba12baa93ec88d7fdac1d9b","name":"Admin@MetaNews","image":{"@type":"ImageObject","inLanguage":"pt-BR","@id":"https:\/\/secure.gravatar.com\/avatar\/f6d25765469a37388aa705f1e537f1fe91e7c606c074552c00142b32890766d8?s=96&d=mm&r=g","url":"https:\/\/secure.gravatar.com\/avatar\/f6d25765469a37388aa705f1e537f1fe91e7c606c074552c00142b32890766d8?s=96&d=mm&r=g","contentUrl":"https:\/\/secure.gravatar.com\/avatar\/f6d25765469a37388aa705f1e537f1fe91e7c606c074552c00142b32890766d8?s=96&d=mm&r=g","caption":"Admin@MetaNews"},"sameAs":["https:\/\/metarh.com.br\/metarhnews"],"url":"https:\/\/metarh.com.br\/metarhnews\/author\/adminmetanews\/"}]},"og_video":"https:\/\/www.youtube.com\/embed\/lU889dYsCII","og_video_type":"text\/html","og_video_duration":"1103","og_video_width":"480","og_video_height":"270","ya_ovs_adult":"false","ya_ovs_upload_date":"2020-05-05T19:54:05+00:00","ya_ovs_allow_embed":"true"},"_links":{"self":[{"href":"https:\/\/metarh.com.br\/metarhnews\/wp-json\/wp\/v2\/posts\/2067","targetHints":{"allow":["GET"]}}],"collection":[{"href":"https:\/\/metarh.com.br\/metarhnews\/wp-json\/wp\/v2\/posts"}],"about":[{"href":"https:\/\/metarh.com.br\/metarhnews\/wp-json\/wp\/v2\/types\/post"}],"author":[{"embeddable":true,"href":"https:\/\/metarh.com.br\/metarhnews\/wp-json\/wp\/v2\/users\/1"}],"replies":[{"embeddable":true,"href":"https:\/\/metarh.com.br\/metarhnews\/wp-json\/wp\/v2\/comments?post=2067"}],"version-history":[{"count":2,"href":"https:\/\/metarh.com.br\/metarhnews\/wp-json\/wp\/v2\/posts\/2067\/revisions"}],"predecessor-version":[{"id":17076,"href":"https:\/\/metarh.com.br\/metarhnews\/wp-json\/wp\/v2\/posts\/2067\/revisions\/17076"}],"wp:featuredmedia":[{"embeddable":true,"href":"https:\/\/metarh.com.br\/metarhnews\/wp-json\/wp\/v2\/media\/14957"}],"wp:attachment":[{"href":"https:\/\/metarh.com.br\/metarhnews\/wp-json\/wp\/v2\/media?parent=2067"}],"wp:term":[{"taxonomy":"category","embeddable":true,"href":"https:\/\/metarh.com.br\/metarhnews\/wp-json\/wp\/v2\/categories?post=2067"},{"taxonomy":"post_tag","embeddable":true,"href":"https:\/\/metarh.com.br\/metarhnews\/wp-json\/wp\/v2\/tags?post=2067"}],"curies":[{"name":"wp","href":"https:\/\/api.w.org\/{rel}","templated":true}]}}