{"id":2547,"date":"2020-09-16T09:01:23","date_gmt":"2020-09-16T12:01:23","guid":{"rendered":"https:\/\/metarh.com.br\/?p=2547"},"modified":"2026-01-21T15:57:53","modified_gmt":"2026-01-21T18:57:53","slug":"pcd-processos-seletivos-meta-news-11","status":"publish","type":"post","link":"https:\/\/metarh.com.br\/metarhnews\/pcd-processos-seletivos-meta-news-11\/","title":{"rendered":"Pessoas com Defici\u00eancia Visual e Processos Seletivos | Meta News #11"},"content":{"rendered":"<p>Como profissionais de RH, devemos ter um cuidado redobrado ao conduzirmos processos seletivos com pessoas com defici\u00eancia, mas ao contr\u00e1rio do que muita gente pensa, n\u00e3o para dar a eles um tratamento &#8220;especial&#8221;, mas sim, oferecer um processo digno, respeitoso e justo.<\/p>\n<p>Por isso, n\u00f3s iremos come\u00e7ar uma s\u00e9rie de programas com o Tema: PcD\u00b4s e processos seletivos, come\u00e7ando pelas pessoas com defici\u00eancia visual. E para falar sobre esse assunto, trouxemos um time mais que gabaritado para darem as suas impress\u00f5es a respeito da tratativa das empresas ao trabalharem com esse tipo de vagas:<\/p>\n<p><a href=\"https:\/\/www.youtube.com\/channel\/UCut2aasY-QAv_JqqNZG19ww\">La\u00edsa Cardoso do canal Passe Adiante<\/a><br \/>\n<a href=\"https:\/\/open.spotify.com\/episode\/4ijnwxLDpreVhjDHrsGV82?si=SHuQmtr_RKaX2eLo8azTXg\">Renata Fonseca do podcast Papo Acess\u00edvel&nbsp;<\/a><br \/>\n<a href=\"https:\/\/www.youtube.com\/channel\/UCQOmZ6MsiTNOlZER3p1yBuA\">Vanessa Bruna do canal Cego em A\u00e7\u00e3o&nbsp;<\/a><\/p>\n<p><iframe src=\"https:\/\/www.youtube.com\/embed\/5JmPERk--zw\" width=\"600\" height=\"400\" frameborder=\"0\" allowfullscreen=\"allowfullscreen\"><span data-mce-type=\"bookmark\" style=\"display: inline-block; width: 0px; overflow: hidden; line-height: 0;\" class=\"mce_SELRES_start\">\ufeff<\/span><span data-mce-type=\"bookmark\" style=\"display: inline-block; width: 0px; overflow: hidden; line-height: 0;\" class=\"mce_SELRES_start\">\ufeff<\/span><span data-mce-type=\"bookmark\" style=\"display: inline-block; width: 0px; overflow: hidden; line-height: 0;\" class=\"mce_SELRES_start\">\ufeff<\/span><span data-mce-type=\"bookmark\" style=\"display: inline-block; width: 0px; overflow: hidden; line-height: 0;\" class=\"mce_SELRES_start\">\ufeff<\/span><span data-mce-type=\"bookmark\" style=\"display: inline-block; width: 0px; overflow: hidden; line-height: 0;\" class=\"mce_SELRES_start\">\ufeff<\/span><span data-mce-type=\"bookmark\" style=\"display: inline-block; width: 0px; overflow: hidden; line-height: 0;\" class=\"mce_SELRES_start\">\ufeff<\/span><\/iframe><\/p>\n<p>Se voc\u00ea gostou desse epis\u00f3dio, n\u00e3o deixe de se inscrever em nosso canal e procure o podcast Meta News em seu agregador de feed ou acesse:<\/p>\n<p><iframe src=\"https:\/\/www.megafono.host\/podcast\/meta-news\/e\/pessoas-com-deficiencia-visual-e-processos-seletivos-meta-news-11-meta-news\" width=\"100%\" height=\"250\" frameborder=\"0\"><span data-mce-type=\"bookmark\" style=\"display: inline-block; width: 0px; overflow: hidden; line-height: 0;\" class=\"mce_SELRES_start\">\ufeff<\/span><span data-mce-type=\"bookmark\" style=\"display: inline-block; width: 0px; overflow: hidden; line-height: 0;\" class=\"mce_SELRES_start\">\ufeff<\/span><span data-mce-type=\"bookmark\" style=\"display: inline-block; width: 0px; overflow: hidden; line-height: 0;\" class=\"mce_SELRES_start\"><span data-mce-type=\"bookmark\" style=\"display: inline-block; width: 0px; overflow: hidden; line-height: 0;\" class=\"mce_SELRES_start\">\ufeff<\/span>\ufeff<\/span><span data-mce-type=\"bookmark\" style=\"display: inline-block; width: 0px; overflow: hidden; line-height: 0;\" class=\"mce_SELRES_start\">\ufeff<\/span><span data-mce-type=\"bookmark\" style=\"display: inline-block; width: 0px; overflow: hidden; line-height: 0;\" class=\"mce_SELRES_start\">\ufeff<\/span><span data-mce-type=\"bookmark\" style=\"display: inline-block; width: 0px; overflow: hidden; line-height: 0;\" class=\"mce_SELRES_start\">\ufeff<\/span><span data-mce-type=\"bookmark\" style=\"display: inline-block; width: 0px; overflow: hidden; line-height: 0;\" class=\"mce_SELRES_start\">\ufeff<\/span><span data-mce-type=\"bookmark\" style=\"display: inline-block; width: 0px; overflow: hidden; line-height: 0;\" class=\"mce_SELRES_start\">\ufeff<\/span><\/iframe><\/p>\n<p><a href=\"1nhZ3FlVLiYB8EExHozj0W\" target=\"_blank\" rel=\"noopener\">Spotify<\/a><br \/>\n<a href=\"https:\/\/www.deezer.com\/show\/822732?utm_source=deezer&amp;utm_content=show-822732&amp;utm_term=3475273924_1582139893&amp;utm_medium=web\" target=\"_blank\" rel=\"noopener\">Deezer<\/a><br \/>\n<a href=\"https:\/\/podcasts.google.com\/?feed=aHR0cHM6Ly9mZWVkLm1lZ2Fmb25vLmhvc3QvbWV0YS1uZXdz&amp;ved=0CAQQrrcFahcKEwiY-5_Kqt7nAhUAAAAAHQAAAAAQBQ\" target=\"_blank\" rel=\"noopener\">Google Podcast&nbsp;<\/a><br \/>\n<a href=\"https:\/\/podcasts.apple.com\/br\/podcast\/meta-news\/id1496039747\" target=\"_blank\" rel=\"noopener\">Apple Podcast<\/a><\/p>\n<div style=\"margin-top: 0px; margin-bottom: 0px;\" class=\"sharethis-inline-share-buttons\" ><\/div>","protected":false},"excerpt":{"rendered":"<p>Como profissionais de RH, devemos ter um cuidado redobrado ao conduzirmos processos seletivos com pessoas com defici\u00eancia, mas ao contr\u00e1rio do que muita gente pensa, n\u00e3o para dar a eles um tratamento &#8220;especial&#8221;, mas sim, oferecer um processo digno, respeitoso e justo. Por isso, n\u00f3s iremos come\u00e7ar uma s\u00e9rie de programas com o Tema: PcD\u00b4s&#8230;<\/p>\n","protected":false},"author":1,"featured_media":14945,"comment_status":"open","ping_status":"open","sticky":false,"template":"","format":"standard","meta":{"_kadence_starter_templates_imported_post":false,"_kad_post_transparent":"","_kad_post_title":"","_kad_post_layout":"","_kad_post_sidebar_id":"","_kad_post_content_style":"","_kad_post_vertical_padding":"","_kad_post_feature":"","_kad_post_feature_position":"","_kad_post_header":false,"_kad_post_footer":false,"_kad_post_classname":"","footnotes":""},"categories":[162,164,2,7,9],"tags":[35,16,36,37,38,13],"class_list":["post-2547","post","type-post","status-publish","format-standard","has-post-thumbnail","hentry","category-trilhando-mais","category-aprendizado-em-rh","category-materias","category-podcast","category-videos","tag-cegos","tag-grupo-meta-rh","tag-pcd","tag-pessoas-com-deficiencia","tag-processos-seletivos","tag-recursos-humanos"],"yoast_head":"<!-- This site is optimized with the Yoast SEO Premium plugin v26.6 (Yoast SEO v27.5) - https:\/\/yoast.com\/product\/yoast-seo-premium-wordpress\/ -->\n<title>Pessoas com Defici\u00eancia Visual e Processos Seletivos | Meta News #11 - METARH +News<\/title>\n<meta name=\"description\" content=\"Entenda nesse epis\u00f3dio como n\u00f3s, profissionais de RH, podemos ser mais efic\u00e1zes nos processos seletivos para PcD visuais.\" \/>\n<meta name=\"robots\" content=\"index, follow, max-snippet:-1, max-image-preview:large, max-video-preview:-1\" \/>\n<link rel=\"canonical\" href=\"https:\/\/metarh.com.br\/metarhnews\/pcd-processos-seletivos-meta-news-11\/\" \/>\n<meta property=\"og:locale\" content=\"pt_BR\" \/>\n<meta property=\"og:type\" content=\"article\" \/>\n<meta property=\"og:title\" content=\"Pessoas com Defici\u00eancia Visual e Processos Seletivos | Meta News #11\" \/>\n<meta property=\"og:description\" content=\"Entenda nesse epis\u00f3dio como n\u00f3s, profissionais de RH, podemos ser mais efic\u00e1zes nos processos seletivos para PcD visuais.\" \/>\n<meta property=\"og:url\" content=\"https:\/\/metarh.com.br\/metarhnews\/pcd-processos-seletivos-meta-news-11\/\" \/>\n<meta property=\"og:site_name\" content=\"METARH +News\" \/>\n<meta property=\"article:publisher\" content=\"https:\/\/www.facebook.com\/metarhumana\" \/>\n<meta property=\"article:published_time\" content=\"2020-09-16T12:01:23+00:00\" \/>\n<meta property=\"article:modified_time\" content=\"2026-01-21T18:57:53+00:00\" \/>\n<meta property=\"og:image\" content=\"https:\/\/metarh.com.br\/metarhnews\/wp-content\/uploads\/2020\/09\/Deficiencia-Visual-Processo-Seletivo.jpg\" \/>\n\t<meta property=\"og:image:width\" content=\"1060\" \/>\n\t<meta property=\"og:image:height\" content=\"700\" \/>\n\t<meta property=\"og:image:type\" content=\"image\/jpeg\" \/>\n<meta name=\"author\" content=\"Admin@MetaNews\" \/>\n<meta name=\"twitter:card\" content=\"summary_large_image\" \/>\n<meta name=\"twitter:creator\" content=\"@metarhumana\" \/>\n<meta name=\"twitter:site\" content=\"@metarhumana\" \/>\n<meta name=\"twitter:label1\" content=\"Escrito por\" \/>\n\t<meta name=\"twitter:data1\" content=\"Admin@MetaNews\" \/>\n\t<meta name=\"twitter:label2\" content=\"Est. tempo de leitura\" \/>\n\t<meta name=\"twitter:data2\" content=\"1 minuto\" \/>\n<script type=\"application\/ld+json\" class=\"yoast-schema-graph\">{\"@context\":\"https:\\\/\\\/schema.org\",\"@graph\":[{\"@type\":\"Article\",\"@id\":\"https:\\\/\\\/metarh.com.br\\\/metarhnews\\\/pcd-processos-seletivos-meta-news-11\\\/#article\",\"isPartOf\":{\"@id\":\"https:\\\/\\\/metarh.com.br\\\/metarhnews\\\/pcd-processos-seletivos-meta-news-11\\\/\"},\"author\":{\"name\":\"Admin@MetaNews\",\"@id\":\"https:\\\/\\\/metarh.com.br\\\/metarhnews\\\/#\\\/schema\\\/person\\\/18a57200eba12baa93ec88d7fdac1d9b\"},\"headline\":\"Pessoas com Defici\u00eancia Visual e Processos Seletivos | Meta News #11\",\"datePublished\":\"2020-09-16T12:01:23+00:00\",\"dateModified\":\"2026-01-21T18:57:53+00:00\",\"mainEntityOfPage\":{\"@id\":\"https:\\\/\\\/metarh.com.br\\\/metarhnews\\\/pcd-processos-seletivos-meta-news-11\\\/\"},\"wordCount\":173,\"commentCount\":0,\"publisher\":{\"@id\":\"https:\\\/\\\/metarh.com.br\\\/metarhnews\\\/#organization\"},\"image\":{\"@id\":\"https:\\\/\\\/metarh.com.br\\\/metarhnews\\\/pcd-processos-seletivos-meta-news-11\\\/#primaryimage\"},\"thumbnailUrl\":\"https:\\\/\\\/metarh.com.br\\\/metarhnews\\\/wp-content\\\/uploads\\\/2020\\\/09\\\/Deficiencia-Visual-Processo-Seletivo.jpg\",\"keywords\":[\"cegos\",\"Grupo Meta RH\",\"PcD\",\"Pessoas com defici\u00eancia\",\"processos seletivos\",\"Recursos Humanos\"],\"articleSection\":[\"6 \u2022 Trilhando +\",\"Aprendizado\",\"Mat\u00e9rias\",\"Podcast\",\"V\u00eddeos\"],\"inLanguage\":\"pt-BR\",\"potentialAction\":[{\"@type\":\"CommentAction\",\"name\":\"Comment\",\"target\":[\"https:\\\/\\\/metarh.com.br\\\/metarhnews\\\/pcd-processos-seletivos-meta-news-11\\\/#respond\"]}],\"copyrightYear\":\"2020\",\"copyrightHolder\":{\"@id\":\"https:\\\/\\\/metarh.com.br\\\/metarhnews\\\/#organization\"}},{\"@type\":\"WebPage\",\"@id\":\"https:\\\/\\\/metarh.com.br\\\/metarhnews\\\/pcd-processos-seletivos-meta-news-11\\\/\",\"url\":\"https:\\\/\\\/metarh.com.br\\\/metarhnews\\\/pcd-processos-seletivos-meta-news-11\\\/\",\"name\":\"Pessoas com Defici\u00eancia Visual e Processos Seletivos | Meta News #11 - METARH +News\",\"isPartOf\":{\"@id\":\"https:\\\/\\\/metarh.com.br\\\/metarhnews\\\/#website\"},\"primaryImageOfPage\":{\"@id\":\"https:\\\/\\\/metarh.com.br\\\/metarhnews\\\/pcd-processos-seletivos-meta-news-11\\\/#primaryimage\"},\"image\":{\"@id\":\"https:\\\/\\\/metarh.com.br\\\/metarhnews\\\/pcd-processos-seletivos-meta-news-11\\\/#primaryimage\"},\"thumbnailUrl\":\"https:\\\/\\\/metarh.com.br\\\/metarhnews\\\/wp-content\\\/uploads\\\/2020\\\/09\\\/Deficiencia-Visual-Processo-Seletivo.jpg\",\"datePublished\":\"2020-09-16T12:01:23+00:00\",\"dateModified\":\"2026-01-21T18:57:53+00:00\",\"description\":\"Entenda nesse epis\u00f3dio como n\u00f3s, profissionais de RH, podemos ser mais efic\u00e1zes nos processos seletivos para PcD visuais.\",\"breadcrumb\":{\"@id\":\"https:\\\/\\\/metarh.com.br\\\/metarhnews\\\/pcd-processos-seletivos-meta-news-11\\\/#breadcrumb\"},\"inLanguage\":\"pt-BR\",\"potentialAction\":[{\"@type\":\"ReadAction\",\"target\":[\"https:\\\/\\\/metarh.com.br\\\/metarhnews\\\/pcd-processos-seletivos-meta-news-11\\\/\"]}]},{\"@type\":\"ImageObject\",\"inLanguage\":\"pt-BR\",\"@id\":\"https:\\\/\\\/metarh.com.br\\\/metarhnews\\\/pcd-processos-seletivos-meta-news-11\\\/#primaryimage\",\"url\":\"https:\\\/\\\/metarh.com.br\\\/metarhnews\\\/wp-content\\\/uploads\\\/2020\\\/09\\\/Deficiencia-Visual-Processo-Seletivo.jpg\",\"contentUrl\":\"https:\\\/\\\/metarh.com.br\\\/metarhnews\\\/wp-content\\\/uploads\\\/2020\\\/09\\\/Deficiencia-Visual-Processo-Seletivo.jpg\",\"width\":1060,\"height\":700},{\"@type\":\"BreadcrumbList\",\"@id\":\"https:\\\/\\\/metarh.com.br\\\/metarhnews\\\/pcd-processos-seletivos-meta-news-11\\\/#breadcrumb\",\"itemListElement\":[{\"@type\":\"ListItem\",\"position\":1,\"name\":\"In\u00edcio\",\"item\":\"https:\\\/\\\/metarh.com.br\\\/metarhnews\\\/\"},{\"@type\":\"ListItem\",\"position\":2,\"name\":\"Pessoas com Defici\u00eancia Visual e Processos Seletivos | Meta News #11\"}]},{\"@type\":\"WebSite\",\"@id\":\"https:\\\/\\\/metarh.com.br\\\/metarhnews\\\/#website\",\"url\":\"https:\\\/\\\/metarh.com.br\\\/metarhnews\\\/\",\"name\":\"METARH +News\",\"description\":\"Conte\u00fado focado em Gest\u00e3o de Pessoas\",\"publisher\":{\"@id\":\"https:\\\/\\\/metarh.com.br\\\/metarhnews\\\/#organization\"},\"potentialAction\":[{\"@type\":\"SearchAction\",\"target\":{\"@type\":\"EntryPoint\",\"urlTemplate\":\"https:\\\/\\\/metarh.com.br\\\/metarhnews\\\/?s={search_term_string}\"},\"query-input\":{\"@type\":\"PropertyValueSpecification\",\"valueRequired\":true,\"valueName\":\"search_term_string\"}}],\"inLanguage\":\"pt-BR\"},{\"@type\":\"Organization\",\"@id\":\"https:\\\/\\\/metarh.com.br\\\/metarhnews\\\/#organization\",\"name\":\"METARH +Humana\",\"url\":\"https:\\\/\\\/metarh.com.br\\\/metarhnews\\\/\",\"logo\":{\"@type\":\"ImageObject\",\"inLanguage\":\"pt-BR\",\"@id\":\"https:\\\/\\\/metarh.com.br\\\/metarhnews\\\/#\\\/schema\\\/logo\\\/image\\\/\",\"url\":\"https:\\\/\\\/metarh.com.br\\\/metarhnews\\\/wp-content\\\/uploads\\\/2025\\\/02\\\/METARH-Azul-Horizontal.png\",\"contentUrl\":\"https:\\\/\\\/metarh.com.br\\\/metarhnews\\\/wp-content\\\/uploads\\\/2025\\\/02\\\/METARH-Azul-Horizontal.png\",\"width\":1002,\"height\":303,\"caption\":\"METARH +Humana\"},\"image\":{\"@id\":\"https:\\\/\\\/metarh.com.br\\\/metarhnews\\\/#\\\/schema\\\/logo\\\/image\\\/\"},\"sameAs\":[\"https:\\\/\\\/www.facebook.com\\\/metarhumana\",\"https:\\\/\\\/x.com\\\/metarhumana\",\"https:\\\/\\\/www.instagram.com\\\/metarhumana\\\/\",\"https:\\\/\\\/www.youtube.com\\\/@metarhumana\"]},{\"@type\":\"Person\",\"@id\":\"https:\\\/\\\/metarh.com.br\\\/metarhnews\\\/#\\\/schema\\\/person\\\/18a57200eba12baa93ec88d7fdac1d9b\",\"name\":\"Admin@MetaNews\",\"image\":{\"@type\":\"ImageObject\",\"inLanguage\":\"pt-BR\",\"@id\":\"https:\\\/\\\/secure.gravatar.com\\\/avatar\\\/f6d25765469a37388aa705f1e537f1fe91e7c606c074552c00142b32890766d8?s=96&d=mm&r=g\",\"url\":\"https:\\\/\\\/secure.gravatar.com\\\/avatar\\\/f6d25765469a37388aa705f1e537f1fe91e7c606c074552c00142b32890766d8?s=96&d=mm&r=g\",\"contentUrl\":\"https:\\\/\\\/secure.gravatar.com\\\/avatar\\\/f6d25765469a37388aa705f1e537f1fe91e7c606c074552c00142b32890766d8?s=96&d=mm&r=g\",\"caption\":\"Admin@MetaNews\"},\"sameAs\":[\"https:\\\/\\\/metarh.com.br\\\/metarhnews\"],\"url\":\"https:\\\/\\\/metarh.com.br\\\/metarhnews\\\/author\\\/adminmetanews\\\/\"}]}<\/script>\n<meta property=\"og:video\" content=\"https:\/\/www.youtube.com\/embed\/5JmPERk--zw\" \/>\n<meta property=\"og:video:type\" content=\"text\/html\" \/>\n<meta property=\"og:video:duration\" content=\"2745\" \/>\n<meta property=\"og:video:width\" content=\"480\" \/>\n<meta property=\"og:video:height\" content=\"270\" \/>\n<meta property=\"ya:ovs:adult\" content=\"false\" \/>\n<meta property=\"ya:ovs:upload_date\" content=\"2020-09-16T12:01:23+00:00\" \/>\n<meta property=\"ya:ovs:allow_embed\" content=\"true\" \/>\n<!-- \/ Yoast SEO Premium plugin. -->","yoast_head_json":{"title":"Pessoas com Defici\u00eancia Visual e Processos Seletivos | Meta News #11 - METARH +News","description":"Entenda nesse epis\u00f3dio como n\u00f3s, profissionais de RH, podemos ser mais efic\u00e1zes nos processos seletivos para PcD visuais.","robots":{"index":"index","follow":"follow","max-snippet":"max-snippet:-1","max-image-preview":"max-image-preview:large","max-video-preview":"max-video-preview:-1"},"canonical":"https:\/\/metarh.com.br\/metarhnews\/pcd-processos-seletivos-meta-news-11\/","og_locale":"pt_BR","og_type":"article","og_title":"Pessoas com Defici\u00eancia Visual e Processos Seletivos | Meta News #11","og_description":"Entenda nesse epis\u00f3dio como n\u00f3s, profissionais de RH, podemos ser mais efic\u00e1zes nos processos seletivos para PcD visuais.","og_url":"https:\/\/metarh.com.br\/metarhnews\/pcd-processos-seletivos-meta-news-11\/","og_site_name":"METARH +News","article_publisher":"https:\/\/www.facebook.com\/metarhumana","article_published_time":"2020-09-16T12:01:23+00:00","article_modified_time":"2026-01-21T18:57:53+00:00","og_image":[{"width":1060,"height":700,"url":"https:\/\/metarh.com.br\/metarhnews\/wp-content\/uploads\/2020\/09\/Deficiencia-Visual-Processo-Seletivo.jpg","type":"image\/jpeg"}],"author":"Admin@MetaNews","twitter_card":"summary_large_image","twitter_creator":"@metarhumana","twitter_site":"@metarhumana","twitter_misc":{"Escrito por":"Admin@MetaNews","Est. tempo de leitura":"1 minuto"},"schema":{"@context":"https:\/\/schema.org","@graph":[{"@type":"Article","@id":"https:\/\/metarh.com.br\/metarhnews\/pcd-processos-seletivos-meta-news-11\/#article","isPartOf":{"@id":"https:\/\/metarh.com.br\/metarhnews\/pcd-processos-seletivos-meta-news-11\/"},"author":{"name":"Admin@MetaNews","@id":"https:\/\/metarh.com.br\/metarhnews\/#\/schema\/person\/18a57200eba12baa93ec88d7fdac1d9b"},"headline":"Pessoas com Defici\u00eancia Visual e Processos Seletivos | Meta News #11","datePublished":"2020-09-16T12:01:23+00:00","dateModified":"2026-01-21T18:57:53+00:00","mainEntityOfPage":{"@id":"https:\/\/metarh.com.br\/metarhnews\/pcd-processos-seletivos-meta-news-11\/"},"wordCount":173,"commentCount":0,"publisher":{"@id":"https:\/\/metarh.com.br\/metarhnews\/#organization"},"image":{"@id":"https:\/\/metarh.com.br\/metarhnews\/pcd-processos-seletivos-meta-news-11\/#primaryimage"},"thumbnailUrl":"https:\/\/metarh.com.br\/metarhnews\/wp-content\/uploads\/2020\/09\/Deficiencia-Visual-Processo-Seletivo.jpg","keywords":["cegos","Grupo Meta RH","PcD","Pessoas com defici\u00eancia","processos seletivos","Recursos Humanos"],"articleSection":["6 \u2022 Trilhando +","Aprendizado","Mat\u00e9rias","Podcast","V\u00eddeos"],"inLanguage":"pt-BR","potentialAction":[{"@type":"CommentAction","name":"Comment","target":["https:\/\/metarh.com.br\/metarhnews\/pcd-processos-seletivos-meta-news-11\/#respond"]}],"copyrightYear":"2020","copyrightHolder":{"@id":"https:\/\/metarh.com.br\/metarhnews\/#organization"}},{"@type":"WebPage","@id":"https:\/\/metarh.com.br\/metarhnews\/pcd-processos-seletivos-meta-news-11\/","url":"https:\/\/metarh.com.br\/metarhnews\/pcd-processos-seletivos-meta-news-11\/","name":"Pessoas com Defici\u00eancia Visual e Processos Seletivos | Meta News #11 - METARH +News","isPartOf":{"@id":"https:\/\/metarh.com.br\/metarhnews\/#website"},"primaryImageOfPage":{"@id":"https:\/\/metarh.com.br\/metarhnews\/pcd-processos-seletivos-meta-news-11\/#primaryimage"},"image":{"@id":"https:\/\/metarh.com.br\/metarhnews\/pcd-processos-seletivos-meta-news-11\/#primaryimage"},"thumbnailUrl":"https:\/\/metarh.com.br\/metarhnews\/wp-content\/uploads\/2020\/09\/Deficiencia-Visual-Processo-Seletivo.jpg","datePublished":"2020-09-16T12:01:23+00:00","dateModified":"2026-01-21T18:57:53+00:00","description":"Entenda nesse epis\u00f3dio como n\u00f3s, profissionais de RH, podemos ser mais efic\u00e1zes nos processos seletivos para PcD visuais.","breadcrumb":{"@id":"https:\/\/metarh.com.br\/metarhnews\/pcd-processos-seletivos-meta-news-11\/#breadcrumb"},"inLanguage":"pt-BR","potentialAction":[{"@type":"ReadAction","target":["https:\/\/metarh.com.br\/metarhnews\/pcd-processos-seletivos-meta-news-11\/"]}]},{"@type":"ImageObject","inLanguage":"pt-BR","@id":"https:\/\/metarh.com.br\/metarhnews\/pcd-processos-seletivos-meta-news-11\/#primaryimage","url":"https:\/\/metarh.com.br\/metarhnews\/wp-content\/uploads\/2020\/09\/Deficiencia-Visual-Processo-Seletivo.jpg","contentUrl":"https:\/\/metarh.com.br\/metarhnews\/wp-content\/uploads\/2020\/09\/Deficiencia-Visual-Processo-Seletivo.jpg","width":1060,"height":700},{"@type":"BreadcrumbList","@id":"https:\/\/metarh.com.br\/metarhnews\/pcd-processos-seletivos-meta-news-11\/#breadcrumb","itemListElement":[{"@type":"ListItem","position":1,"name":"In\u00edcio","item":"https:\/\/metarh.com.br\/metarhnews\/"},{"@type":"ListItem","position":2,"name":"Pessoas com Defici\u00eancia Visual e Processos Seletivos | Meta News #11"}]},{"@type":"WebSite","@id":"https:\/\/metarh.com.br\/metarhnews\/#website","url":"https:\/\/metarh.com.br\/metarhnews\/","name":"METARH +News","description":"Conte\u00fado focado em Gest\u00e3o de Pessoas","publisher":{"@id":"https:\/\/metarh.com.br\/metarhnews\/#organization"},"potentialAction":[{"@type":"SearchAction","target":{"@type":"EntryPoint","urlTemplate":"https:\/\/metarh.com.br\/metarhnews\/?s={search_term_string}"},"query-input":{"@type":"PropertyValueSpecification","valueRequired":true,"valueName":"search_term_string"}}],"inLanguage":"pt-BR"},{"@type":"Organization","@id":"https:\/\/metarh.com.br\/metarhnews\/#organization","name":"METARH +Humana","url":"https:\/\/metarh.com.br\/metarhnews\/","logo":{"@type":"ImageObject","inLanguage":"pt-BR","@id":"https:\/\/metarh.com.br\/metarhnews\/#\/schema\/logo\/image\/","url":"https:\/\/metarh.com.br\/metarhnews\/wp-content\/uploads\/2025\/02\/METARH-Azul-Horizontal.png","contentUrl":"https:\/\/metarh.com.br\/metarhnews\/wp-content\/uploads\/2025\/02\/METARH-Azul-Horizontal.png","width":1002,"height":303,"caption":"METARH +Humana"},"image":{"@id":"https:\/\/metarh.com.br\/metarhnews\/#\/schema\/logo\/image\/"},"sameAs":["https:\/\/www.facebook.com\/metarhumana","https:\/\/x.com\/metarhumana","https:\/\/www.instagram.com\/metarhumana\/","https:\/\/www.youtube.com\/@metarhumana"]},{"@type":"Person","@id":"https:\/\/metarh.com.br\/metarhnews\/#\/schema\/person\/18a57200eba12baa93ec88d7fdac1d9b","name":"Admin@MetaNews","image":{"@type":"ImageObject","inLanguage":"pt-BR","@id":"https:\/\/secure.gravatar.com\/avatar\/f6d25765469a37388aa705f1e537f1fe91e7c606c074552c00142b32890766d8?s=96&d=mm&r=g","url":"https:\/\/secure.gravatar.com\/avatar\/f6d25765469a37388aa705f1e537f1fe91e7c606c074552c00142b32890766d8?s=96&d=mm&r=g","contentUrl":"https:\/\/secure.gravatar.com\/avatar\/f6d25765469a37388aa705f1e537f1fe91e7c606c074552c00142b32890766d8?s=96&d=mm&r=g","caption":"Admin@MetaNews"},"sameAs":["https:\/\/metarh.com.br\/metarhnews"],"url":"https:\/\/metarh.com.br\/metarhnews\/author\/adminmetanews\/"}]},"og_video":"https:\/\/www.youtube.com\/embed\/5JmPERk--zw","og_video_type":"text\/html","og_video_duration":"2745","og_video_width":"480","og_video_height":"270","ya_ovs_adult":"false","ya_ovs_upload_date":"2020-09-16T12:01:23+00:00","ya_ovs_allow_embed":"true"},"_links":{"self":[{"href":"https:\/\/metarh.com.br\/metarhnews\/wp-json\/wp\/v2\/posts\/2547","targetHints":{"allow":["GET"]}}],"collection":[{"href":"https:\/\/metarh.com.br\/metarhnews\/wp-json\/wp\/v2\/posts"}],"about":[{"href":"https:\/\/metarh.com.br\/metarhnews\/wp-json\/wp\/v2\/types\/post"}],"author":[{"embeddable":true,"href":"https:\/\/metarh.com.br\/metarhnews\/wp-json\/wp\/v2\/users\/1"}],"replies":[{"embeddable":true,"href":"https:\/\/metarh.com.br\/metarhnews\/wp-json\/wp\/v2\/comments?post=2547"}],"version-history":[{"count":1,"href":"https:\/\/metarh.com.br\/metarhnews\/wp-json\/wp\/v2\/posts\/2547\/revisions"}],"predecessor-version":[{"id":14732,"href":"https:\/\/metarh.com.br\/metarhnews\/wp-json\/wp\/v2\/posts\/2547\/revisions\/14732"}],"wp:featuredmedia":[{"embeddable":true,"href":"https:\/\/metarh.com.br\/metarhnews\/wp-json\/wp\/v2\/media\/14945"}],"wp:attachment":[{"href":"https:\/\/metarh.com.br\/metarhnews\/wp-json\/wp\/v2\/media?parent=2547"}],"wp:term":[{"taxonomy":"category","embeddable":true,"href":"https:\/\/metarh.com.br\/metarhnews\/wp-json\/wp\/v2\/categories?post=2547"},{"taxonomy":"post_tag","embeddable":true,"href":"https:\/\/metarh.com.br\/metarhnews\/wp-json\/wp\/v2\/tags?post=2547"}],"curies":[{"name":"wp","href":"https:\/\/api.w.org\/{rel}","templated":true}]}}