{"id":2563,"date":"2020-09-30T13:06:15","date_gmt":"2020-09-30T16:06:15","guid":{"rendered":"https:\/\/metarh.com.br\/?p=2563"},"modified":"2026-01-21T15:57:45","modified_gmt":"2026-01-21T18:57:45","slug":"acessibilidade-digital-importante-e-benefica-para-os-negocios","status":"publish","type":"post","link":"https:\/\/metarh.com.br\/metarhnews\/acessibilidade-digital-importante-e-benefica-para-os-negocios\/","title":{"rendered":"Acessibilidade Digital: Importante e ben\u00e9fica para os neg\u00f3cios"},"content":{"rendered":"<p>Com a chegada da chamada \u201cEra Digital\u201d a tecnologia passou a ser parte do nosso cotidiano. Aos poucos sua presen\u00e7a deixou de ser apenas profissional e acad\u00eamica, ganhando espa\u00e7o tamb\u00e9m no entretenimento, e se integrando em \u00e1reas importantes do relacionamento humano.<\/p>\n<p>Quando comparamos o pr\u00e9 e p\u00f3s internet, por exemplo, \u00e9 comum afirmarmos que a tecnologia facilitou os processos e que, apesar de hoje se apresentar mais segmentada, promoveu em um primeiro momento a integra\u00e7\u00e3o social entre grupos, que antes eram separados por barreiras f\u00edsicas\/culturais que n\u00e3o existem no meio digital.<\/p>\n<p>Mas ser\u00e1 que podemos dizer que todos estamos usufruindo desses benef\u00edcios da mesma maneira? A Tecnologia de hoje \u00e9 acess\u00edvel para todos aqueles com acesso a ela?<\/p>\n<p>No M\u00eas da Inclus\u00e3o, e do Dia da Luta das Pessoas com Defici\u00eancia, campanhas do \u201cSetembro Verde\u201d incentivam a discuss\u00e3o sobre a inclus\u00e3o e os direitos da pessoa com defici\u00eancia na sociedade; entre eles, o direito ao acesso \u00e0s informa\u00e7\u00f5es fornecidas em meios digitais.<\/p>\n<p>Neste artigo voc\u00ea encontrar\u00e1 informa\u00e7\u00f5es relevantes sobre acessibilidade digital, e seus benef\u00edcios para o universo PcD e para as empresas.<\/p>\n<h3>O QUE \u00c9 ACESSIBILIDADE?<\/h3>\n<p>Antes de falarmos sobre a acessibilidade na tecnologia, \u00e9 importante refor\u00e7armos o significado do termo e sua import\u00e2ncia.<\/p>\n<p>Segundo o \u00faltimo censo do IBGE, realizado em 2010, \u00e9 estimado que&nbsp;no Brasil mais de 45 milh\u00f5es de pessoas&nbsp;possuem algum tipo de defici\u00eancia, ou grau de dificuldade, nas condi\u00e7\u00f5es pesquisadas; desse total, mais de 38 milh\u00f5es vivem em \u00e1reas urbanas.<\/p>\n<p>Esse n\u00famero corresponde a 23,9% da popula\u00e7\u00e3o brasileira. Ou seja, mais de 45 milh\u00f5es de brasileiros podem encontrar dificuldades para realizarem processos presentes em nosso cotidiano; e \u00e9 aqui que entra a import\u00e2ncia da acessibilidade.<\/p>\n<p>Quando falamos de acessibilidade estamos falando tamb\u00e9m de equidade. A equidade se trata da promo\u00e7\u00e3o de condi\u00e7\u00f5es e direitos que atendam, de forma espec\u00edfica, as necessidades de cada indiv\u00edduo em um mesmo processo, possibilitando uma participa\u00e7\u00e3o igualit\u00e1ria e justa.<\/p>\n<p>A acessibilidade garante o acesso de pessoas, com ou sem defici\u00eancias, que possam apresentar dificuldades para ocupar\/participar do ambiente social.<\/p>\n<p>Al\u00e9m disso, \u00e9 importante ressaltar que acessibilidade \u00e9 Lei no Brasil. A <span style=\"color: #339966;\"><a style=\"color: #339966;\" href=\"http:\/\/www.planalto.gov.br\/ccivil_03\/LEIS\/L10098.htm\">Lei N\u00ba 10.098<\/a><\/span> garante direitos ao PcD sobre acessibilidade urbana e arquitet\u00f4nica, ao transporte, e a comunica\u00e7\u00e3o; tendo como refor\u00e7o o<strong> &nbsp;<\/strong><span style=\"color: #339966;\"><a style=\"color: #339966;\" href=\"http:\/\/www.planalto.gov.br\/ccivil_03\/_Ato2004-2006\/2004\/Decreto\/D5296.htm\">Decreto N\u00ba 5296<\/a>.<\/span><\/p>\n<h3>TECNOLOGIA ACESS\u00cdVEL<\/h3>\n<p>Ainda de acordo com os dados do IBGE, a porcentagem de pessoas com alguma defici\u00eancia empregadas no mercado de trabalho \u00e9 menor quando comparada a taxa de pessoas sem defici\u00eancias. 40,2% das pessoas com pelo menos uma das defici\u00eancias investigadas est\u00e3o empregadas com carteira assinada, contra 49,2% das pessoas sem defici\u00eancias.<\/p>\n<p>Podemos atribuir esse porcentual \u00e0s dificuldades e preconceitos que pessoas com defici\u00eancia encontram no mercado de trabalho. Essa dificuldade come\u00e7a ainda na busca pela oportunidade; mesmo com a Lei da Inclus\u00e3o, que torna obrigat\u00f3ria a acessibilidade em sites, no Brasil menos de 1% deles s\u00e3o totalmente acess\u00edveis, segundo dados obtidos pela BigDataCorp em parceria com Movimento Web para Todos.<\/p>\n<p><em>\u201c\u00c9 obrigat\u00f3ria a acessibilidade nos s\u00edtios da internet mantidos por empresas com sede ou representa\u00e7\u00e3o comercial no Pa\u00eds ou por \u00f3rg\u00e3os de governo, para uso da pessoa com defici\u00eancia, garantindo-lhe acesso \u00e0s informa\u00e7\u00f5es dispon\u00edveis, conforme as melhores pr\u00e1ticas e diretrizes de acessibilidade adotadas internacionalmente.\u201d<\/em><\/p>\n<p>Essa falta de acessibilidade cria barreiras que dificultam a participa\u00e7\u00e3o de pessoas com defici\u00eancia no mercado de trabalho; j\u00e1 que grande parte dos processos seletivos se iniciam no espa\u00e7o digital. Esse cen\u00e1rio tamb\u00e9m se intensificou com a pandemia do COVID-19, que obrigou empresas e funcion\u00e1rios a utilizarem a tecnologia como principal meio de comunica\u00e7\u00e3o e relacionamento; fortalecendo sua presen\u00e7a desde processos seletivos a negocia\u00e7\u00f5es comerciais.<\/p>\n<p><a href=\"https:\/\/metarh.com.br\/meta-tech\/\"><span style=\"color: #339966;\">Meta Tech: Recrutamento e Sele\u00e7\u00e3o de profissionais para a \u00e1rea de tecnologia<\/span><\/a><\/p>\n<h3>VANTAGENS PARA OS NEG\u00d3CIOS<\/h3>\n<p>A acessibilidade tamb\u00e9m garante benef\u00edcios para os neg\u00f3cios. Uma marca que trabalha a inclus\u00e3o est\u00e1 tamb\u00e9m promovendo a manuten\u00e7\u00e3o de uma reputa\u00e7\u00e3o positiva no mercado.<\/p>\n<p>Uma pesquisa realizada pela Samsung Brasil em parceria com a Bridge Research, mostrou que 85% dos entrevistados, homens e mulheres de 18 a 60 anos, apontam a diversidade como algo importante para a comunica\u00e7\u00e3o de uma empresa. O estudo tamb\u00e9m apontou a Inclus\u00e3o como o segundo tema mais lembrado pelos consumidores; cerca de 81% dos entrevistados.<\/p>\n<p>Al\u00e9m disso, a acessibilidade digital garante um aumento no tr\u00e1fego online; j\u00e1 que, um site inclusivo pode receber o acesso de milh\u00f5es de pessoas que possuem algum tipo de defici\u00eancia. Garantindo assim, um retorno positivo no rankeamento da marca dentro de sites de pesquisa.<\/p>\n<h3>POR ONDE COME\u00c7AR<\/h3>\n<p>O primeiro passo para se tornar uma empresa mais inclusiva, dentro e fora do meio digital, \u00e9 buscando apoio. Existem diversas empresas no mercado, especializadas em diferentes \u00e1reas, que fornecem os recursos necess\u00e1rios para a inclus\u00e3o.<\/p>\n<p>Um bom exemplo de empresa parceira \u00e9 a <a href=\"https:\/\/www.handtalk.me\/br\">HandTalk<\/a>. Fundada em 2012, a empresa fornece um int\u00e9rprete virtual de LIBRAS e um leitor de palavras para sites. Sua presen\u00e7a permite que as informa\u00e7\u00f5es disponibilizadas sejam traduzidas para LIBRAS, e tamb\u00e9m narradas por um sistema voz.<\/p>\n<p>Voc\u00ea pode conferir o Int\u00e9rprete de LIBRAS, Hugo, trabalhando aqui no nosso site.<\/p>\n<p><img fetchpriority=\"high\" decoding=\"async\" class=\"aligncenter wp-image-2564 size-full\" src=\"http:\/\/metarh.com.br\/wp-content\/uploads\/2020\/09\/hugo.artigo.png\" alt=\"\" width=\"1900\" height=\"700\"><\/p>\n<p>&nbsp;<\/p>\n<p>Outro passo importante para a acessibilidade digital \u00e9 o uso de texto alternativo dentro das redes sociais. O movimento, iniciado pela hashtag <em>#PraCegoVer, <\/em>busca apresentar uma descri\u00e7\u00e3o dos conte\u00fados postados nas redes sociais, para que pessoas com alguma defici\u00eancia visual possam interpretar o conte\u00fado seguindo a \u00e1udio descri\u00e7\u00e3o.<\/p>\n<p>Atualmente, a maioria das redes sociais como Instagram, LinkedIn, Facebook e Twitter, possuem um campo destinado para a inclus\u00e3o do texto alternativo em suas postagens.<\/p>\n<p>Outra forma simples, e eficaz, para as empresas que n\u00e3o sabem como come\u00e7ar a trabalhar a inclus\u00e3o, \u00e9 perguntando diretamente para um profissional PcD qual a melhor forma de tornar sua participa\u00e7\u00e3o na empresa mais acess\u00edvel. \u00c9 importante quebrar barreiras e tabus, e buscar o entendimento diretamente com aqueles que fazem parte do universo PcD. At\u00e9 porque, todas as pessoas, independente da sua defici\u00eancia, possuem necessidades espec\u00edficas, que podem n\u00e3o ser atendidas pela regra geral.<\/p>\n<p><a href=\"https:\/\/metarh.com.br\/pcd-processos-seletivos-meta-news-11\/\"><span style=\"color: #339966;\">Confira:&nbsp;Pessoas com Defici\u00eancia Visual e Processos Seletivos | Meta News #11<\/span><\/a><\/p>\n<p>N\u00e3o deixe a d\u00favida impedir o avan\u00e7o da inclus\u00e3o. A acessibilidade \u00e9 um direito e um dever. Busque apoio e incentive a inclus\u00e3o dentro e fora da sua empresa.<\/p>\n<p><span style=\"color: #339966;\">Autor:&nbsp;<\/span><a href=\"https:\/\/www.linkedin.com\/in\/lucascvicente\/\">Lucas Vicente<\/a><\/p>\n<div style=\"margin-top: 0px; margin-bottom: 0px;\" class=\"sharethis-inline-share-buttons\" ><\/div>","protected":false},"excerpt":{"rendered":"<p>Com a chegada da chamada \u201cEra Digital\u201d a tecnologia passou a ser parte do nosso cotidiano. Aos poucos sua presen\u00e7a deixou de ser apenas profissional e acad\u00eamica, ganhando espa\u00e7o tamb\u00e9m no entretenimento, e se integrando em \u00e1reas importantes do relacionamento humano. Quando comparamos o pr\u00e9 e p\u00f3s internet, por exemplo, \u00e9 comum afirmarmos que a&#8230;<\/p>\n","protected":false},"author":1,"featured_media":14944,"comment_status":"open","ping_status":"open","sticky":false,"template":"","format":"standard","meta":{"_kadence_starter_templates_imported_post":false,"_kad_post_transparent":"","_kad_post_title":"","_kad_post_layout":"","_kad_post_sidebar_id":"","_kad_post_content_style":"","_kad_post_vertical_padding":"","_kad_post_feature":"","_kad_post_feature_position":"","_kad_post_header":false,"_kad_post_footer":false,"_kad_post_classname":"","footnotes":""},"categories":[162,164,2],"tags":[39,25],"class_list":["post-2563","post","type-post","status-publish","format-standard","has-post-thumbnail","hentry","category-trilhando-mais","category-aprendizado-em-rh","category-materias","tag-acessibilidade","tag-tecnologia"],"yoast_head":"<!-- This site is optimized with the Yoast SEO Premium plugin v26.6 (Yoast SEO v27.5) - https:\/\/yoast.com\/product\/yoast-seo-premium-wordpress\/ -->\n<title>Acessibilidade Digital: Importante e ben\u00e9fica para os neg\u00f3cios - METARH +News<\/title>\n<meta name=\"description\" content=\"Informa\u00e7\u00f5es relevantes sobre a import\u00e2ncia da acessibilidade digital, e os benef\u00edcios que ela traz para o universo PcD e para as empresas.\" \/>\n<meta name=\"robots\" content=\"index, follow, max-snippet:-1, max-image-preview:large, max-video-preview:-1\" \/>\n<link rel=\"canonical\" href=\"https:\/\/metarh.com.br\/metarhnews\/acessibilidade-digital-importante-e-benefica-para-os-negocios\/\" \/>\n<meta property=\"og:locale\" content=\"pt_BR\" \/>\n<meta property=\"og:type\" content=\"article\" \/>\n<meta property=\"og:title\" content=\"Acessibilidade Digital: Importante e ben\u00e9fica para os neg\u00f3cios\" \/>\n<meta property=\"og:description\" content=\"Informa\u00e7\u00f5es relevantes sobre a import\u00e2ncia da acessibilidade digital, e os benef\u00edcios que ela traz para o universo PcD e para as empresas.\" \/>\n<meta property=\"og:url\" content=\"https:\/\/metarh.com.br\/metarhnews\/acessibilidade-digital-importante-e-benefica-para-os-negocios\/\" \/>\n<meta property=\"og:site_name\" content=\"METARH +News\" \/>\n<meta property=\"article:publisher\" content=\"https:\/\/www.facebook.com\/metarhumana\" \/>\n<meta property=\"article:published_time\" content=\"2020-09-30T16:06:15+00:00\" \/>\n<meta property=\"article:modified_time\" content=\"2026-01-21T18:57:45+00:00\" \/>\n<meta property=\"og:image\" content=\"https:\/\/metarh.com.br\/metarhnews\/wp-content\/uploads\/2020\/09\/Acessibilidade-Digital.jpg\" \/>\n\t<meta property=\"og:image:width\" content=\"1060\" \/>\n\t<meta property=\"og:image:height\" content=\"700\" \/>\n\t<meta property=\"og:image:type\" content=\"image\/jpeg\" \/>\n<meta name=\"author\" content=\"Admin@MetaNews\" \/>\n<meta name=\"twitter:card\" content=\"summary_large_image\" \/>\n<meta name=\"twitter:creator\" content=\"@metarhumana\" \/>\n<meta name=\"twitter:site\" content=\"@metarhumana\" \/>\n<meta name=\"twitter:label1\" content=\"Escrito por\" \/>\n\t<meta name=\"twitter:data1\" content=\"Admin@MetaNews\" \/>\n\t<meta name=\"twitter:label2\" content=\"Est. tempo de leitura\" \/>\n\t<meta name=\"twitter:data2\" content=\"6 minutos\" \/>\n<script type=\"application\/ld+json\" class=\"yoast-schema-graph\">{\"@context\":\"https:\\\/\\\/schema.org\",\"@graph\":[{\"@type\":\"Article\",\"@id\":\"https:\\\/\\\/metarh.com.br\\\/metarhnews\\\/acessibilidade-digital-importante-e-benefica-para-os-negocios\\\/#article\",\"isPartOf\":{\"@id\":\"https:\\\/\\\/metarh.com.br\\\/metarhnews\\\/acessibilidade-digital-importante-e-benefica-para-os-negocios\\\/\"},\"author\":{\"name\":\"Admin@MetaNews\",\"@id\":\"https:\\\/\\\/metarh.com.br\\\/metarhnews\\\/#\\\/schema\\\/person\\\/18a57200eba12baa93ec88d7fdac1d9b\"},\"headline\":\"Acessibilidade Digital: Importante e ben\u00e9fica para os neg\u00f3cios\",\"datePublished\":\"2020-09-30T16:06:15+00:00\",\"dateModified\":\"2026-01-21T18:57:45+00:00\",\"mainEntityOfPage\":{\"@id\":\"https:\\\/\\\/metarh.com.br\\\/metarhnews\\\/acessibilidade-digital-importante-e-benefica-para-os-negocios\\\/\"},\"wordCount\":1127,\"commentCount\":0,\"publisher\":{\"@id\":\"https:\\\/\\\/metarh.com.br\\\/metarhnews\\\/#organization\"},\"image\":{\"@id\":\"https:\\\/\\\/metarh.com.br\\\/metarhnews\\\/acessibilidade-digital-importante-e-benefica-para-os-negocios\\\/#primaryimage\"},\"thumbnailUrl\":\"https:\\\/\\\/metarh.com.br\\\/metarhnews\\\/wp-content\\\/uploads\\\/2020\\\/09\\\/Acessibilidade-Digital.jpg\",\"keywords\":[\"acessibilidade\",\"tecnologia\"],\"articleSection\":[\"6 \u2022 Trilhando +\",\"Aprendizado\",\"Mat\u00e9rias\"],\"inLanguage\":\"pt-BR\",\"potentialAction\":[{\"@type\":\"CommentAction\",\"name\":\"Comment\",\"target\":[\"https:\\\/\\\/metarh.com.br\\\/metarhnews\\\/acessibilidade-digital-importante-e-benefica-para-os-negocios\\\/#respond\"]}],\"copyrightYear\":\"2020\",\"copyrightHolder\":{\"@id\":\"https:\\\/\\\/metarh.com.br\\\/metarhnews\\\/#organization\"}},{\"@type\":\"WebPage\",\"@id\":\"https:\\\/\\\/metarh.com.br\\\/metarhnews\\\/acessibilidade-digital-importante-e-benefica-para-os-negocios\\\/\",\"url\":\"https:\\\/\\\/metarh.com.br\\\/metarhnews\\\/acessibilidade-digital-importante-e-benefica-para-os-negocios\\\/\",\"name\":\"Acessibilidade Digital: Importante e ben\u00e9fica para os neg\u00f3cios - METARH +News\",\"isPartOf\":{\"@id\":\"https:\\\/\\\/metarh.com.br\\\/metarhnews\\\/#website\"},\"primaryImageOfPage\":{\"@id\":\"https:\\\/\\\/metarh.com.br\\\/metarhnews\\\/acessibilidade-digital-importante-e-benefica-para-os-negocios\\\/#primaryimage\"},\"image\":{\"@id\":\"https:\\\/\\\/metarh.com.br\\\/metarhnews\\\/acessibilidade-digital-importante-e-benefica-para-os-negocios\\\/#primaryimage\"},\"thumbnailUrl\":\"https:\\\/\\\/metarh.com.br\\\/metarhnews\\\/wp-content\\\/uploads\\\/2020\\\/09\\\/Acessibilidade-Digital.jpg\",\"datePublished\":\"2020-09-30T16:06:15+00:00\",\"dateModified\":\"2026-01-21T18:57:45+00:00\",\"description\":\"Informa\u00e7\u00f5es relevantes sobre a import\u00e2ncia da acessibilidade digital, e os benef\u00edcios que ela traz para o universo PcD e para as empresas.\",\"breadcrumb\":{\"@id\":\"https:\\\/\\\/metarh.com.br\\\/metarhnews\\\/acessibilidade-digital-importante-e-benefica-para-os-negocios\\\/#breadcrumb\"},\"inLanguage\":\"pt-BR\",\"potentialAction\":[{\"@type\":\"ReadAction\",\"target\":[\"https:\\\/\\\/metarh.com.br\\\/metarhnews\\\/acessibilidade-digital-importante-e-benefica-para-os-negocios\\\/\"]}]},{\"@type\":\"ImageObject\",\"inLanguage\":\"pt-BR\",\"@id\":\"https:\\\/\\\/metarh.com.br\\\/metarhnews\\\/acessibilidade-digital-importante-e-benefica-para-os-negocios\\\/#primaryimage\",\"url\":\"https:\\\/\\\/metarh.com.br\\\/metarhnews\\\/wp-content\\\/uploads\\\/2020\\\/09\\\/Acessibilidade-Digital.jpg\",\"contentUrl\":\"https:\\\/\\\/metarh.com.br\\\/metarhnews\\\/wp-content\\\/uploads\\\/2020\\\/09\\\/Acessibilidade-Digital.jpg\",\"width\":1060,\"height\":700},{\"@type\":\"BreadcrumbList\",\"@id\":\"https:\\\/\\\/metarh.com.br\\\/metarhnews\\\/acessibilidade-digital-importante-e-benefica-para-os-negocios\\\/#breadcrumb\",\"itemListElement\":[{\"@type\":\"ListItem\",\"position\":1,\"name\":\"In\u00edcio\",\"item\":\"https:\\\/\\\/metarh.com.br\\\/metarhnews\\\/\"},{\"@type\":\"ListItem\",\"position\":2,\"name\":\"Acessibilidade Digital: Importante e ben\u00e9fica para os neg\u00f3cios\"}]},{\"@type\":\"WebSite\",\"@id\":\"https:\\\/\\\/metarh.com.br\\\/metarhnews\\\/#website\",\"url\":\"https:\\\/\\\/metarh.com.br\\\/metarhnews\\\/\",\"name\":\"METARH +News\",\"description\":\"Conte\u00fado focado em Gest\u00e3o de Pessoas\",\"publisher\":{\"@id\":\"https:\\\/\\\/metarh.com.br\\\/metarhnews\\\/#organization\"},\"potentialAction\":[{\"@type\":\"SearchAction\",\"target\":{\"@type\":\"EntryPoint\",\"urlTemplate\":\"https:\\\/\\\/metarh.com.br\\\/metarhnews\\\/?s={search_term_string}\"},\"query-input\":{\"@type\":\"PropertyValueSpecification\",\"valueRequired\":true,\"valueName\":\"search_term_string\"}}],\"inLanguage\":\"pt-BR\"},{\"@type\":\"Organization\",\"@id\":\"https:\\\/\\\/metarh.com.br\\\/metarhnews\\\/#organization\",\"name\":\"METARH +Humana\",\"url\":\"https:\\\/\\\/metarh.com.br\\\/metarhnews\\\/\",\"logo\":{\"@type\":\"ImageObject\",\"inLanguage\":\"pt-BR\",\"@id\":\"https:\\\/\\\/metarh.com.br\\\/metarhnews\\\/#\\\/schema\\\/logo\\\/image\\\/\",\"url\":\"https:\\\/\\\/metarh.com.br\\\/metarhnews\\\/wp-content\\\/uploads\\\/2025\\\/02\\\/METARH-Azul-Horizontal.png\",\"contentUrl\":\"https:\\\/\\\/metarh.com.br\\\/metarhnews\\\/wp-content\\\/uploads\\\/2025\\\/02\\\/METARH-Azul-Horizontal.png\",\"width\":1002,\"height\":303,\"caption\":\"METARH +Humana\"},\"image\":{\"@id\":\"https:\\\/\\\/metarh.com.br\\\/metarhnews\\\/#\\\/schema\\\/logo\\\/image\\\/\"},\"sameAs\":[\"https:\\\/\\\/www.facebook.com\\\/metarhumana\",\"https:\\\/\\\/x.com\\\/metarhumana\",\"https:\\\/\\\/www.instagram.com\\\/metarhumana\\\/\",\"https:\\\/\\\/www.youtube.com\\\/@metarhumana\"]},{\"@type\":\"Person\",\"@id\":\"https:\\\/\\\/metarh.com.br\\\/metarhnews\\\/#\\\/schema\\\/person\\\/18a57200eba12baa93ec88d7fdac1d9b\",\"name\":\"Admin@MetaNews\",\"image\":{\"@type\":\"ImageObject\",\"inLanguage\":\"pt-BR\",\"@id\":\"https:\\\/\\\/secure.gravatar.com\\\/avatar\\\/f6d25765469a37388aa705f1e537f1fe91e7c606c074552c00142b32890766d8?s=96&d=mm&r=g\",\"url\":\"https:\\\/\\\/secure.gravatar.com\\\/avatar\\\/f6d25765469a37388aa705f1e537f1fe91e7c606c074552c00142b32890766d8?s=96&d=mm&r=g\",\"contentUrl\":\"https:\\\/\\\/secure.gravatar.com\\\/avatar\\\/f6d25765469a37388aa705f1e537f1fe91e7c606c074552c00142b32890766d8?s=96&d=mm&r=g\",\"caption\":\"Admin@MetaNews\"},\"sameAs\":[\"https:\\\/\\\/metarh.com.br\\\/metarhnews\"],\"url\":\"https:\\\/\\\/metarh.com.br\\\/metarhnews\\\/author\\\/adminmetanews\\\/\"}]}<\/script>\n<!-- \/ Yoast SEO Premium plugin. -->","yoast_head_json":{"title":"Acessibilidade Digital: Importante e ben\u00e9fica para os neg\u00f3cios - METARH +News","description":"Informa\u00e7\u00f5es relevantes sobre a import\u00e2ncia da acessibilidade digital, e os benef\u00edcios que ela traz para o universo PcD e para as empresas.","robots":{"index":"index","follow":"follow","max-snippet":"max-snippet:-1","max-image-preview":"max-image-preview:large","max-video-preview":"max-video-preview:-1"},"canonical":"https:\/\/metarh.com.br\/metarhnews\/acessibilidade-digital-importante-e-benefica-para-os-negocios\/","og_locale":"pt_BR","og_type":"article","og_title":"Acessibilidade Digital: Importante e ben\u00e9fica para os neg\u00f3cios","og_description":"Informa\u00e7\u00f5es relevantes sobre a import\u00e2ncia da acessibilidade digital, e os benef\u00edcios que ela traz para o universo PcD e para as empresas.","og_url":"https:\/\/metarh.com.br\/metarhnews\/acessibilidade-digital-importante-e-benefica-para-os-negocios\/","og_site_name":"METARH +News","article_publisher":"https:\/\/www.facebook.com\/metarhumana","article_published_time":"2020-09-30T16:06:15+00:00","article_modified_time":"2026-01-21T18:57:45+00:00","og_image":[{"width":1060,"height":700,"url":"https:\/\/metarh.com.br\/metarhnews\/wp-content\/uploads\/2020\/09\/Acessibilidade-Digital.jpg","type":"image\/jpeg"}],"author":"Admin@MetaNews","twitter_card":"summary_large_image","twitter_creator":"@metarhumana","twitter_site":"@metarhumana","twitter_misc":{"Escrito por":"Admin@MetaNews","Est. tempo de leitura":"6 minutos"},"schema":{"@context":"https:\/\/schema.org","@graph":[{"@type":"Article","@id":"https:\/\/metarh.com.br\/metarhnews\/acessibilidade-digital-importante-e-benefica-para-os-negocios\/#article","isPartOf":{"@id":"https:\/\/metarh.com.br\/metarhnews\/acessibilidade-digital-importante-e-benefica-para-os-negocios\/"},"author":{"name":"Admin@MetaNews","@id":"https:\/\/metarh.com.br\/metarhnews\/#\/schema\/person\/18a57200eba12baa93ec88d7fdac1d9b"},"headline":"Acessibilidade Digital: Importante e ben\u00e9fica para os neg\u00f3cios","datePublished":"2020-09-30T16:06:15+00:00","dateModified":"2026-01-21T18:57:45+00:00","mainEntityOfPage":{"@id":"https:\/\/metarh.com.br\/metarhnews\/acessibilidade-digital-importante-e-benefica-para-os-negocios\/"},"wordCount":1127,"commentCount":0,"publisher":{"@id":"https:\/\/metarh.com.br\/metarhnews\/#organization"},"image":{"@id":"https:\/\/metarh.com.br\/metarhnews\/acessibilidade-digital-importante-e-benefica-para-os-negocios\/#primaryimage"},"thumbnailUrl":"https:\/\/metarh.com.br\/metarhnews\/wp-content\/uploads\/2020\/09\/Acessibilidade-Digital.jpg","keywords":["acessibilidade","tecnologia"],"articleSection":["6 \u2022 Trilhando +","Aprendizado","Mat\u00e9rias"],"inLanguage":"pt-BR","potentialAction":[{"@type":"CommentAction","name":"Comment","target":["https:\/\/metarh.com.br\/metarhnews\/acessibilidade-digital-importante-e-benefica-para-os-negocios\/#respond"]}],"copyrightYear":"2020","copyrightHolder":{"@id":"https:\/\/metarh.com.br\/metarhnews\/#organization"}},{"@type":"WebPage","@id":"https:\/\/metarh.com.br\/metarhnews\/acessibilidade-digital-importante-e-benefica-para-os-negocios\/","url":"https:\/\/metarh.com.br\/metarhnews\/acessibilidade-digital-importante-e-benefica-para-os-negocios\/","name":"Acessibilidade Digital: Importante e ben\u00e9fica para os neg\u00f3cios - METARH +News","isPartOf":{"@id":"https:\/\/metarh.com.br\/metarhnews\/#website"},"primaryImageOfPage":{"@id":"https:\/\/metarh.com.br\/metarhnews\/acessibilidade-digital-importante-e-benefica-para-os-negocios\/#primaryimage"},"image":{"@id":"https:\/\/metarh.com.br\/metarhnews\/acessibilidade-digital-importante-e-benefica-para-os-negocios\/#primaryimage"},"thumbnailUrl":"https:\/\/metarh.com.br\/metarhnews\/wp-content\/uploads\/2020\/09\/Acessibilidade-Digital.jpg","datePublished":"2020-09-30T16:06:15+00:00","dateModified":"2026-01-21T18:57:45+00:00","description":"Informa\u00e7\u00f5es relevantes sobre a import\u00e2ncia da acessibilidade digital, e os benef\u00edcios que ela traz para o universo PcD e para as empresas.","breadcrumb":{"@id":"https:\/\/metarh.com.br\/metarhnews\/acessibilidade-digital-importante-e-benefica-para-os-negocios\/#breadcrumb"},"inLanguage":"pt-BR","potentialAction":[{"@type":"ReadAction","target":["https:\/\/metarh.com.br\/metarhnews\/acessibilidade-digital-importante-e-benefica-para-os-negocios\/"]}]},{"@type":"ImageObject","inLanguage":"pt-BR","@id":"https:\/\/metarh.com.br\/metarhnews\/acessibilidade-digital-importante-e-benefica-para-os-negocios\/#primaryimage","url":"https:\/\/metarh.com.br\/metarhnews\/wp-content\/uploads\/2020\/09\/Acessibilidade-Digital.jpg","contentUrl":"https:\/\/metarh.com.br\/metarhnews\/wp-content\/uploads\/2020\/09\/Acessibilidade-Digital.jpg","width":1060,"height":700},{"@type":"BreadcrumbList","@id":"https:\/\/metarh.com.br\/metarhnews\/acessibilidade-digital-importante-e-benefica-para-os-negocios\/#breadcrumb","itemListElement":[{"@type":"ListItem","position":1,"name":"In\u00edcio","item":"https:\/\/metarh.com.br\/metarhnews\/"},{"@type":"ListItem","position":2,"name":"Acessibilidade Digital: Importante e ben\u00e9fica para os neg\u00f3cios"}]},{"@type":"WebSite","@id":"https:\/\/metarh.com.br\/metarhnews\/#website","url":"https:\/\/metarh.com.br\/metarhnews\/","name":"METARH +News","description":"Conte\u00fado focado em Gest\u00e3o de Pessoas","publisher":{"@id":"https:\/\/metarh.com.br\/metarhnews\/#organization"},"potentialAction":[{"@type":"SearchAction","target":{"@type":"EntryPoint","urlTemplate":"https:\/\/metarh.com.br\/metarhnews\/?s={search_term_string}"},"query-input":{"@type":"PropertyValueSpecification","valueRequired":true,"valueName":"search_term_string"}}],"inLanguage":"pt-BR"},{"@type":"Organization","@id":"https:\/\/metarh.com.br\/metarhnews\/#organization","name":"METARH +Humana","url":"https:\/\/metarh.com.br\/metarhnews\/","logo":{"@type":"ImageObject","inLanguage":"pt-BR","@id":"https:\/\/metarh.com.br\/metarhnews\/#\/schema\/logo\/image\/","url":"https:\/\/metarh.com.br\/metarhnews\/wp-content\/uploads\/2025\/02\/METARH-Azul-Horizontal.png","contentUrl":"https:\/\/metarh.com.br\/metarhnews\/wp-content\/uploads\/2025\/02\/METARH-Azul-Horizontal.png","width":1002,"height":303,"caption":"METARH +Humana"},"image":{"@id":"https:\/\/metarh.com.br\/metarhnews\/#\/schema\/logo\/image\/"},"sameAs":["https:\/\/www.facebook.com\/metarhumana","https:\/\/x.com\/metarhumana","https:\/\/www.instagram.com\/metarhumana\/","https:\/\/www.youtube.com\/@metarhumana"]},{"@type":"Person","@id":"https:\/\/metarh.com.br\/metarhnews\/#\/schema\/person\/18a57200eba12baa93ec88d7fdac1d9b","name":"Admin@MetaNews","image":{"@type":"ImageObject","inLanguage":"pt-BR","@id":"https:\/\/secure.gravatar.com\/avatar\/f6d25765469a37388aa705f1e537f1fe91e7c606c074552c00142b32890766d8?s=96&d=mm&r=g","url":"https:\/\/secure.gravatar.com\/avatar\/f6d25765469a37388aa705f1e537f1fe91e7c606c074552c00142b32890766d8?s=96&d=mm&r=g","contentUrl":"https:\/\/secure.gravatar.com\/avatar\/f6d25765469a37388aa705f1e537f1fe91e7c606c074552c00142b32890766d8?s=96&d=mm&r=g","caption":"Admin@MetaNews"},"sameAs":["https:\/\/metarh.com.br\/metarhnews"],"url":"https:\/\/metarh.com.br\/metarhnews\/author\/adminmetanews\/"}]}},"_links":{"self":[{"href":"https:\/\/metarh.com.br\/metarhnews\/wp-json\/wp\/v2\/posts\/2563","targetHints":{"allow":["GET"]}}],"collection":[{"href":"https:\/\/metarh.com.br\/metarhnews\/wp-json\/wp\/v2\/posts"}],"about":[{"href":"https:\/\/metarh.com.br\/metarhnews\/wp-json\/wp\/v2\/types\/post"}],"author":[{"embeddable":true,"href":"https:\/\/metarh.com.br\/metarhnews\/wp-json\/wp\/v2\/users\/1"}],"replies":[{"embeddable":true,"href":"https:\/\/metarh.com.br\/metarhnews\/wp-json\/wp\/v2\/comments?post=2563"}],"version-history":[{"count":1,"href":"https:\/\/metarh.com.br\/metarhnews\/wp-json\/wp\/v2\/posts\/2563\/revisions"}],"predecessor-version":[{"id":14730,"href":"https:\/\/metarh.com.br\/metarhnews\/wp-json\/wp\/v2\/posts\/2563\/revisions\/14730"}],"wp:featuredmedia":[{"embeddable":true,"href":"https:\/\/metarh.com.br\/metarhnews\/wp-json\/wp\/v2\/media\/14944"}],"wp:attachment":[{"href":"https:\/\/metarh.com.br\/metarhnews\/wp-json\/wp\/v2\/media?parent=2563"}],"wp:term":[{"taxonomy":"category","embeddable":true,"href":"https:\/\/metarh.com.br\/metarhnews\/wp-json\/wp\/v2\/categories?post=2563"},{"taxonomy":"post_tag","embeddable":true,"href":"https:\/\/metarh.com.br\/metarhnews\/wp-json\/wp\/v2\/tags?post=2563"}],"curies":[{"name":"wp","href":"https:\/\/api.w.org\/{rel}","templated":true}]}}