{"id":5079,"date":"2021-10-01T09:22:53","date_gmt":"2021-10-01T12:22:53","guid":{"rendered":"https:\/\/metarh.com.br\/?p=5079"},"modified":"2026-01-21T15:57:18","modified_gmt":"2026-01-21T18:57:18","slug":"diversidade-geracional","status":"publish","type":"post","link":"https:\/\/metarh.com.br\/metarhnews\/diversidade-geracional\/","title":{"rendered":"Terceira Idade no Mercado de Trabalho: Vantagens da Diversidade Geracional"},"content":{"rendered":"<p><span style=\"font-weight: 400;\">\u00c9 muito comum nos dias atuais ouvirmos discuss\u00f5es sobre a <\/span><strong><span style=\"color: #008000;\"><a style=\"color: #008000;\" href=\"https:\/\/metarh.com.br\/meta-talentos\/\">atra\u00e7\u00e3o e reten\u00e7\u00e3o de talentos jovens<\/a><\/span><\/strong><span style=\"font-weight: 400;\"> para o mercado de trabalho. A busca por profissionais antenados, que respiram inova\u00e7\u00e3o, \u00e9 uma corrida disputada pelas \u00e1reas de <\/span><strong><span style=\"color: #008000;\"><a style=\"color: #008000;\" href=\"https:\/\/metarh.com.br\/\">recrutamento e sele\u00e7\u00e3o<\/a><\/span><\/strong><span style=\"font-weight: 400;\"> da grande maioria das empresas. Por\u00e9m, nos \u00faltimos anos tamb\u00e9m se fez muito evidente que a diversidade no meio corporativo \u00e9 um elemento extremamente necess\u00e1rio para a constru\u00e7\u00e3o de ideias e processos inovadores. <\/span><span style=\"font-weight: 400;\">Nesse artigo, discutiremos sobre a import\u00e2ncia da Diversidade Geracional no ambiente de trabalho e as vantagens oferecidas por profissionais na terceira idade.<\/span><\/p>\n<h3>TERCEIRA IDADE NO MERCADO DE TRABALHO<\/h3>\n<p><span style=\"font-weight: 400;\">Segundo dados do <\/span><span style=\"color: #008000;\"><a style=\"color: #008000;\" href=\"https:\/\/agenciadenoticias.ibge.gov.br\/agencia-noticias\/2012-agencia-de-noticias\/noticias\/20980-numero-de-idosos-cresce-18-em-5-anos-e-ultrapassa-30-milhoes-em-2017\"><span style=\"font-weight: 400;\"><strong>IBGE<\/strong><\/span><\/a><\/span><span style=\"font-weight: 400;\">, em 2017 a popula\u00e7\u00e3o idosa do Brasil, pessoas com 60 anos ou mais, ultrapassou a marca de 30,2 milh\u00f5es, um crescimento de 18% em compara\u00e7\u00e3o a 2012.<\/span><\/p>\n<p><span style=\"font-weight: 400;\">Ainda segundo proje\u00e7\u00f5es, em 2060, <\/span><strong><span style=\"color: #008000;\"><a style=\"color: #008000;\" href=\"https:\/\/agenciadenoticias.ibge.gov.br\/agencia-sala-de-imprensa\/2013-agencia-de-noticias\/releases\/21837-projecao-da-populacao-2018-numero-de-habitantes-do-pais-deve-parar-de-crescer-em-2047\">25,5% da popula\u00e7\u00e3o dever\u00e1 ter mais de 65 anos.<\/a><\/span><\/strong><\/p>\n<p><span style=\"font-weight: 400;\">Esses dados tamb\u00e9m se refletem no mercado de trabalho. Com uma expectativa de vida maior, a presen\u00e7a de profissionais da terceira idade ainda em atividade aumentou. Segundo dados da Rela\u00e7\u00e3o Anual de Informa\u00e7\u00f5es Sociais (RAIS), entre 2013 e 2017, o n\u00famero de pessoas com 65 anos ou mais com carteira assinada aumentou 43%, saindo de 484 mil para 649,4 mil.<\/span><\/p>\n<h3><b>DIVERSIDADE GERACIONAL NO AMBIENTE CORPORATIVO<\/b><\/h3>\n<p><span style=\"font-weight: 400;\">A diversidade geracional, dentro do ambiente corporativo, nada mais \u00e9 do que a presen\u00e7a de profissionais com diferentes faixas et\u00e1rias, que integram o mesmo grupo de trabalho.<\/span><\/p>\n<p><span style=\"font-weight: 400;\">Assim como j\u00e1 entendemos a import\u00e2ncia da diversidade de g\u00eanero, ra\u00e7as, culturas e orienta\u00e7\u00f5es dentro das organiza\u00e7\u00f5es, tamb\u00e9m devemos encarar a diversidade geracional como uma pluralidade necess\u00e1ria para a constru\u00e7\u00e3o de um cen\u00e1rio diverso e inclusivo. No qual todos os profissionais se sintam respeitados e valorizados, independente da sua idade.<\/span><\/p>\n<p><span style=\"font-weight: 400;\">A chamada troca intergeracional \u00e9 um dos principais benef\u00edcios dessa diversidade, tendo em vista que profissionais de diferentes gera\u00e7\u00f5es encaram a vida profissional e possuem skills diferentes que, em determinadas situa\u00e7\u00f5es, podem se complementar.<\/span><\/p>\n<p>A diversidade geracional tamb\u00e9m passa pela valoriza\u00e7\u00e3o de profissionais mais experientes. Em um cen\u00e1rio de aumento da longevidade e mudan\u00e7as no mercado de trabalho, discutir a inclus\u00e3o de <a href=\"https:\/\/metarh.com.br\/metarhnews\/idosos-mercado\/\"><strong data-start=\"940\" data-end=\"961\">idosos no mercado<\/strong><\/a> torna-se cada vez mais relevante para as organiza\u00e7\u00f5es.<\/p>\n<h3><b>VANTAGENS DA DIVERSIDADE GERACIONAL<\/b><\/h3>\n<p><span style=\"font-weight: 400;\">Para descobrirmos as vantagens de se ter profissionais da terceira idade no ambiente de trabalho, precisamos primeiro conhecer as principais caracter\u00edsticas de suas gera\u00e7\u00f5es e entender as diferen\u00e7as entre cada perfil.<\/span><\/p>\n<p><span style=\"font-weight: 400;\">O conceito de \u201cgera\u00e7\u00e3o\u201d, aplicado no campo social, \u00e9 utilizado para se referir a grupos de pessoas, nascidas em determinados per\u00edodos de anos, que compartilham caracter\u00edsticas, h\u00e1bitos e elementos culturais similares.<\/span><\/p>\n<p><span style=\"font-weight: 400;\">Para essa discuss\u00e3o, falaremos especificamente da gera\u00e7\u00e3o Baby Boomers e de parte da gera\u00e7\u00e3o X.<\/span><\/p>\n<p><span style=\"font-weight: 400;\">Baby Boomers \u00e9 o nome dado ao grupo de pessoas nascidas entre os anos de 1940 a 1960; no per\u00edodo de fim e p\u00f3s-guerra (Segunda Guerra Mundial).<\/span><\/p>\n<p><span style=\"font-weight: 400;\">Por conta das experi\u00eancias vivenciadas por seus pais, que enfrentaram as consequ\u00eancias de uma guerra mundial, esse grupo foi criado com muita disciplina e rigidez. Por conta disso, no campo profissional, apresentam grande dedica\u00e7\u00e3o ao trabalho, comprometimento com a empresa e valorizam o crescimento profissional. J\u00e1 a gera\u00e7\u00e3o X, representa os nascidos entre 1965 e 1980 que acompanharam eventos importantes, como o avan\u00e7o da tecnologia e meios de comunica\u00e7\u00e3o. Essa gera\u00e7\u00e3o \u00e9 considerada mais competitiva e aberta \u00e0s diferen\u00e7as, por\u00e9m compartilha algumas caracter\u00edsticas similares a sua antecessora, como a busca por estabilidade profissional e financeira. Sua caracter\u00edsticas principais s\u00e3o lealdade e lideran\u00e7a.<\/span><\/p>\n<p><span style=\"font-weight: 400;\">Apesar de enfrentarem alguns desafios, como a resist\u00eancia a mudan\u00e7as e a valoriza\u00e7\u00e3o de uma estrutura vertical;\u00a0 ambas gera\u00e7\u00f5es fornecem profissionais experientes e comprometidos com os objetivos da empresa. A express\u00e3o \u201cvestir a camisa\u201d, para eles, \u00e9 pra valer.<\/span><\/p>\n<h3><strong>A DIVERSIDADE NUNCA SER\u00c1 UMA ESCOLHA ERRADA<\/strong><\/h3>\n<p><span style=\"font-weight: 400;\">Uma empresa formada por equipes diversificadas pode enfrentar desafios, afinal de contas, como o pr\u00f3prio nome evidencia, estamos falando sobre diferen\u00e7as. Entretanto, \u00e9 exatamente a diferen\u00e7a entre as pessoas que torna a diversidade uma fonte valiosa e repleta de benef\u00edcios para qualquer companhia. A diversidade e inclus\u00e3o de profissionais no ambiente profissional nunca ser\u00e1 uma escolha errada; entender isso \u00e9 o primeiro passo para um processo de transforma\u00e7\u00e3o.\u00a0<\/span><\/p>\n<h4><span style=\"color: #008000;\"><a style=\"color: #008000;\" href=\"https:\/\/metarh.com.br\/pcd-processos-seletivos-meta-news-11\/\">Confira:\u00a0Pessoas com Defici\u00eancia Visual e Processos Seletivos | Meta News #11<\/a><\/span><\/h4>\n<p><span style=\"font-weight: 400;\">O processo n\u00e3o \u00e9 simples, mas a busca por informa\u00e7\u00e3o pode ser impulsionada de dentro para fora. Workshops, treinamentos e grupos internos multiplicadores de conhecimento s\u00e3o excelentes ferramentas para o processo de desconstru\u00e7\u00e3o.<\/span><\/p>\n<p><span style=\"font-weight: 400;\">Al\u00e9m disso, existem diversas <strong><span style=\"color: #008000;\"><a style=\"color: #008000;\" href=\"https:\/\/metarh.com.br\/\">consultorias especializadas<\/a><\/span> <\/strong>em D&amp;I que podem ajudar empresas e gestores a darem o primeiro passo.<\/span><\/p>\n<p><em>Na sua empresa existem equipes com diversidade geracional? Compartilhe com a gente nos coment\u00e1rios.<\/em><\/p>\n<h5><span style=\"color: #008000;\">Autor:<\/span>\u00a0<span style=\"color: #000000;\"><a style=\"color: #000000;\" href=\"https:\/\/www.linkedin.com\/in\/lucascvicente\/\">Lucas Vicente<\/a><\/span><\/h5>\n<div style=\"margin-top: 0px; margin-bottom: 0px;\" class=\"sharethis-inline-share-buttons\" ><\/div>","protected":false},"excerpt":{"rendered":"<p>\u00c9 muito comum nos dias atuais ouvirmos discuss\u00f5es sobre a atra\u00e7\u00e3o e reten\u00e7\u00e3o de talentos jovens para o mercado de trabalho. A busca por profissionais antenados, que respiram inova\u00e7\u00e3o, \u00e9 uma corrida disputada pelas \u00e1reas de recrutamento e sele\u00e7\u00e3o da grande maioria das empresas. Por\u00e9m, nos \u00faltimos anos tamb\u00e9m se fez muito evidente que a&#8230;<\/p>\n","protected":false},"author":4,"featured_media":14940,"comment_status":"open","ping_status":"open","sticky":false,"template":"","format":"standard","meta":{"_kadence_starter_templates_imported_post":false,"_kad_post_transparent":"","_kad_post_title":"","_kad_post_layout":"","_kad_post_sidebar_id":"","_kad_post_content_style":"","_kad_post_vertical_padding":"","_kad_post_feature":"","_kad_post_feature_position":"","_kad_post_header":false,"_kad_post_footer":false,"_kad_post_classname":"","footnotes":""},"categories":[162,164,150,2],"tags":[],"class_list":["post-5079","post","type-post","status-publish","format-standard","has-post-thumbnail","hentry","category-trilhando-mais","category-aprendizado-em-rh","category-dho","category-materias"],"yoast_head":"<!-- This site is optimized with the Yoast SEO Premium plugin v26.6 (Yoast SEO v27.5) - https:\/\/yoast.com\/product\/yoast-seo-premium-wordpress\/ -->\n<title>Terceira Idade no Mercado de Trabalho: Vantagens da Diversidade Geracional - METARH +News<\/title>\n<meta name=\"description\" content=\"A import\u00e2ncia da Diversidade Geracional no ambiente de trabalho e as vantagens oferecidas por profissionais na terceira idade.\" \/>\n<meta name=\"robots\" content=\"index, follow, max-snippet:-1, max-image-preview:large, max-video-preview:-1\" \/>\n<link rel=\"canonical\" href=\"https:\/\/metarh.com.br\/metarhnews\/diversidade-geracional\/\" \/>\n<meta property=\"og:locale\" content=\"pt_BR\" \/>\n<meta property=\"og:type\" content=\"article\" \/>\n<meta property=\"og:title\" content=\"Terceira Idade no Mercado de Trabalho: Vantagens da Diversidade Geracional\" \/>\n<meta property=\"og:description\" content=\"A import\u00e2ncia da Diversidade Geracional no ambiente de trabalho e as vantagens oferecidas por profissionais na terceira idade.\" \/>\n<meta property=\"og:url\" content=\"https:\/\/metarh.com.br\/metarhnews\/diversidade-geracional\/\" \/>\n<meta property=\"og:site_name\" content=\"METARH +News\" \/>\n<meta property=\"article:publisher\" content=\"https:\/\/www.facebook.com\/metarhumana\" \/>\n<meta property=\"article:author\" content=\"https:\/\/www.facebook.com\/metarhconsultoria\" \/>\n<meta property=\"article:published_time\" content=\"2021-10-01T12:22:53+00:00\" \/>\n<meta property=\"article:modified_time\" content=\"2026-01-21T18:57:18+00:00\" \/>\n<meta property=\"og:image\" content=\"https:\/\/metarh.com.br\/metarhnews\/wp-content\/uploads\/2021\/10\/3-idade.jpg\" \/>\n\t<meta property=\"og:image:width\" content=\"1060\" \/>\n\t<meta property=\"og:image:height\" content=\"700\" \/>\n\t<meta property=\"og:image:type\" content=\"image\/jpeg\" \/>\n<meta name=\"author\" content=\"METARH\" \/>\n<meta name=\"twitter:card\" content=\"summary_large_image\" \/>\n<meta name=\"twitter:creator\" content=\"@metarhumana\" \/>\n<meta name=\"twitter:site\" content=\"@metarhumana\" \/>\n<meta name=\"twitter:label1\" content=\"Escrito por\" \/>\n\t<meta name=\"twitter:data1\" content=\"METARH\" \/>\n\t<meta name=\"twitter:label2\" content=\"Est. tempo de leitura\" \/>\n\t<meta name=\"twitter:data2\" content=\"5 minutos\" \/>\n<script type=\"application\/ld+json\" class=\"yoast-schema-graph\">{\"@context\":\"https:\\\/\\\/schema.org\",\"@graph\":[{\"@type\":\"Article\",\"@id\":\"https:\\\/\\\/metarh.com.br\\\/metarhnews\\\/diversidade-geracional\\\/#article\",\"isPartOf\":{\"@id\":\"https:\\\/\\\/metarh.com.br\\\/metarhnews\\\/diversidade-geracional\\\/\"},\"author\":{\"name\":\"METARH\",\"@id\":\"https:\\\/\\\/metarh.com.br\\\/metarhnews\\\/#\\\/schema\\\/person\\\/930900bc40677695dc9df602ec0366d0\"},\"headline\":\"Terceira Idade no Mercado de Trabalho: Vantagens da Diversidade Geracional\",\"datePublished\":\"2021-10-01T12:22:53+00:00\",\"dateModified\":\"2026-01-21T18:57:18+00:00\",\"mainEntityOfPage\":{\"@id\":\"https:\\\/\\\/metarh.com.br\\\/metarhnews\\\/diversidade-geracional\\\/\"},\"wordCount\":828,\"commentCount\":0,\"publisher\":{\"@id\":\"https:\\\/\\\/metarh.com.br\\\/metarhnews\\\/#organization\"},\"image\":{\"@id\":\"https:\\\/\\\/metarh.com.br\\\/metarhnews\\\/diversidade-geracional\\\/#primaryimage\"},\"thumbnailUrl\":\"https:\\\/\\\/metarh.com.br\\\/metarhnews\\\/wp-content\\\/uploads\\\/2021\\\/10\\\/3-idade.jpg\",\"articleSection\":[\"6 \u2022 Trilhando +\",\"Aprendizado\",\"DHO\",\"Mat\u00e9rias\"],\"inLanguage\":\"pt-BR\",\"potentialAction\":[{\"@type\":\"CommentAction\",\"name\":\"Comment\",\"target\":[\"https:\\\/\\\/metarh.com.br\\\/metarhnews\\\/diversidade-geracional\\\/#respond\"]}],\"copyrightYear\":\"2021\",\"copyrightHolder\":{\"@id\":\"https:\\\/\\\/metarh.com.br\\\/metarhnews\\\/#organization\"}},{\"@type\":\"WebPage\",\"@id\":\"https:\\\/\\\/metarh.com.br\\\/metarhnews\\\/diversidade-geracional\\\/\",\"url\":\"https:\\\/\\\/metarh.com.br\\\/metarhnews\\\/diversidade-geracional\\\/\",\"name\":\"Terceira Idade no Mercado de Trabalho: Vantagens da Diversidade Geracional - METARH +News\",\"isPartOf\":{\"@id\":\"https:\\\/\\\/metarh.com.br\\\/metarhnews\\\/#website\"},\"primaryImageOfPage\":{\"@id\":\"https:\\\/\\\/metarh.com.br\\\/metarhnews\\\/diversidade-geracional\\\/#primaryimage\"},\"image\":{\"@id\":\"https:\\\/\\\/metarh.com.br\\\/metarhnews\\\/diversidade-geracional\\\/#primaryimage\"},\"thumbnailUrl\":\"https:\\\/\\\/metarh.com.br\\\/metarhnews\\\/wp-content\\\/uploads\\\/2021\\\/10\\\/3-idade.jpg\",\"datePublished\":\"2021-10-01T12:22:53+00:00\",\"dateModified\":\"2026-01-21T18:57:18+00:00\",\"description\":\"A import\u00e2ncia da Diversidade Geracional no ambiente de trabalho e as vantagens oferecidas por profissionais na terceira idade.\",\"breadcrumb\":{\"@id\":\"https:\\\/\\\/metarh.com.br\\\/metarhnews\\\/diversidade-geracional\\\/#breadcrumb\"},\"inLanguage\":\"pt-BR\",\"potentialAction\":[{\"@type\":\"ReadAction\",\"target\":[\"https:\\\/\\\/metarh.com.br\\\/metarhnews\\\/diversidade-geracional\\\/\"]}]},{\"@type\":\"ImageObject\",\"inLanguage\":\"pt-BR\",\"@id\":\"https:\\\/\\\/metarh.com.br\\\/metarhnews\\\/diversidade-geracional\\\/#primaryimage\",\"url\":\"https:\\\/\\\/metarh.com.br\\\/metarhnews\\\/wp-content\\\/uploads\\\/2021\\\/10\\\/3-idade.jpg\",\"contentUrl\":\"https:\\\/\\\/metarh.com.br\\\/metarhnews\\\/wp-content\\\/uploads\\\/2021\\\/10\\\/3-idade.jpg\",\"width\":1060,\"height\":700,\"caption\":\"Terceira Idade no Mercado de Trabalho: Vantagens da Diversidade Geracional\"},{\"@type\":\"BreadcrumbList\",\"@id\":\"https:\\\/\\\/metarh.com.br\\\/metarhnews\\\/diversidade-geracional\\\/#breadcrumb\",\"itemListElement\":[{\"@type\":\"ListItem\",\"position\":1,\"name\":\"In\u00edcio\",\"item\":\"https:\\\/\\\/metarh.com.br\\\/metarhnews\\\/\"},{\"@type\":\"ListItem\",\"position\":2,\"name\":\"Terceira Idade no Mercado de Trabalho: Vantagens da Diversidade Geracional\"}]},{\"@type\":\"WebSite\",\"@id\":\"https:\\\/\\\/metarh.com.br\\\/metarhnews\\\/#website\",\"url\":\"https:\\\/\\\/metarh.com.br\\\/metarhnews\\\/\",\"name\":\"METARH +News\",\"description\":\"Conte\u00fado focado em Gest\u00e3o de Pessoas\",\"publisher\":{\"@id\":\"https:\\\/\\\/metarh.com.br\\\/metarhnews\\\/#organization\"},\"potentialAction\":[{\"@type\":\"SearchAction\",\"target\":{\"@type\":\"EntryPoint\",\"urlTemplate\":\"https:\\\/\\\/metarh.com.br\\\/metarhnews\\\/?s={search_term_string}\"},\"query-input\":{\"@type\":\"PropertyValueSpecification\",\"valueRequired\":true,\"valueName\":\"search_term_string\"}}],\"inLanguage\":\"pt-BR\"},{\"@type\":\"Organization\",\"@id\":\"https:\\\/\\\/metarh.com.br\\\/metarhnews\\\/#organization\",\"name\":\"METARH +Humana\",\"url\":\"https:\\\/\\\/metarh.com.br\\\/metarhnews\\\/\",\"logo\":{\"@type\":\"ImageObject\",\"inLanguage\":\"pt-BR\",\"@id\":\"https:\\\/\\\/metarh.com.br\\\/metarhnews\\\/#\\\/schema\\\/logo\\\/image\\\/\",\"url\":\"https:\\\/\\\/metarh.com.br\\\/metarhnews\\\/wp-content\\\/uploads\\\/2025\\\/02\\\/METARH-Azul-Horizontal.png\",\"contentUrl\":\"https:\\\/\\\/metarh.com.br\\\/metarhnews\\\/wp-content\\\/uploads\\\/2025\\\/02\\\/METARH-Azul-Horizontal.png\",\"width\":1002,\"height\":303,\"caption\":\"METARH +Humana\"},\"image\":{\"@id\":\"https:\\\/\\\/metarh.com.br\\\/metarhnews\\\/#\\\/schema\\\/logo\\\/image\\\/\"},\"sameAs\":[\"https:\\\/\\\/www.facebook.com\\\/metarhumana\",\"https:\\\/\\\/x.com\\\/metarhumana\",\"https:\\\/\\\/www.instagram.com\\\/metarhumana\\\/\",\"https:\\\/\\\/www.youtube.com\\\/@metarhumana\"]},{\"@type\":\"Person\",\"@id\":\"https:\\\/\\\/metarh.com.br\\\/metarhnews\\\/#\\\/schema\\\/person\\\/930900bc40677695dc9df602ec0366d0\",\"name\":\"METARH\",\"image\":{\"@type\":\"ImageObject\",\"inLanguage\":\"pt-BR\",\"@id\":\"https:\\\/\\\/secure.gravatar.com\\\/avatar\\\/e03963382c9576f1c9989940c2d59ebc780df154afc76a079627bbbdb3dcefa1?s=96&d=mm&r=g\",\"url\":\"https:\\\/\\\/secure.gravatar.com\\\/avatar\\\/e03963382c9576f1c9989940c2d59ebc780df154afc76a079627bbbdb3dcefa1?s=96&d=mm&r=g\",\"contentUrl\":\"https:\\\/\\\/secure.gravatar.com\\\/avatar\\\/e03963382c9576f1c9989940c2d59ebc780df154afc76a079627bbbdb3dcefa1?s=96&d=mm&r=g\",\"caption\":\"METARH\"},\"description\":\"Somos uma consultoria de recursos humanos com mais de 40 anos de mercado, ajudando empresas como a sua a encontrarem o talento certo. Nossos processos s\u00e3o focados no sucesso dos clientes sem deixar de lado a experi\u00eancia positiva das pessoas candidatas.\",\"sameAs\":[\"http:\\\/\\\/www.metarh.com.br\",\"https:\\\/\\\/www.facebook.com\\\/metarhconsultoria\",\"https:\\\/\\\/www.instagram.com\\\/metarhconsultoria\\\/\",\"https:\\\/\\\/www.linkedin.com\\\/company\\\/metarhconsultoria\",\"http:\\\/\\\/youtube.com\\\/@metarhconsultoria\"],\"url\":\"https:\\\/\\\/metarh.com.br\\\/metarhnews\\\/author\\\/editorial-metarh\\\/\"}]}<\/script>\n<!-- \/ Yoast SEO Premium plugin. -->","yoast_head_json":{"title":"Terceira Idade no Mercado de Trabalho: Vantagens da Diversidade Geracional - METARH +News","description":"A import\u00e2ncia da Diversidade Geracional no ambiente de trabalho e as vantagens oferecidas por profissionais na terceira idade.","robots":{"index":"index","follow":"follow","max-snippet":"max-snippet:-1","max-image-preview":"max-image-preview:large","max-video-preview":"max-video-preview:-1"},"canonical":"https:\/\/metarh.com.br\/metarhnews\/diversidade-geracional\/","og_locale":"pt_BR","og_type":"article","og_title":"Terceira Idade no Mercado de Trabalho: Vantagens da Diversidade Geracional","og_description":"A import\u00e2ncia da Diversidade Geracional no ambiente de trabalho e as vantagens oferecidas por profissionais na terceira idade.","og_url":"https:\/\/metarh.com.br\/metarhnews\/diversidade-geracional\/","og_site_name":"METARH +News","article_publisher":"https:\/\/www.facebook.com\/metarhumana","article_author":"https:\/\/www.facebook.com\/metarhconsultoria","article_published_time":"2021-10-01T12:22:53+00:00","article_modified_time":"2026-01-21T18:57:18+00:00","og_image":[{"width":1060,"height":700,"url":"https:\/\/metarh.com.br\/metarhnews\/wp-content\/uploads\/2021\/10\/3-idade.jpg","type":"image\/jpeg"}],"author":"METARH","twitter_card":"summary_large_image","twitter_creator":"@metarhumana","twitter_site":"@metarhumana","twitter_misc":{"Escrito por":"METARH","Est. tempo de leitura":"5 minutos"},"schema":{"@context":"https:\/\/schema.org","@graph":[{"@type":"Article","@id":"https:\/\/metarh.com.br\/metarhnews\/diversidade-geracional\/#article","isPartOf":{"@id":"https:\/\/metarh.com.br\/metarhnews\/diversidade-geracional\/"},"author":{"name":"METARH","@id":"https:\/\/metarh.com.br\/metarhnews\/#\/schema\/person\/930900bc40677695dc9df602ec0366d0"},"headline":"Terceira Idade no Mercado de Trabalho: Vantagens da Diversidade Geracional","datePublished":"2021-10-01T12:22:53+00:00","dateModified":"2026-01-21T18:57:18+00:00","mainEntityOfPage":{"@id":"https:\/\/metarh.com.br\/metarhnews\/diversidade-geracional\/"},"wordCount":828,"commentCount":0,"publisher":{"@id":"https:\/\/metarh.com.br\/metarhnews\/#organization"},"image":{"@id":"https:\/\/metarh.com.br\/metarhnews\/diversidade-geracional\/#primaryimage"},"thumbnailUrl":"https:\/\/metarh.com.br\/metarhnews\/wp-content\/uploads\/2021\/10\/3-idade.jpg","articleSection":["6 \u2022 Trilhando +","Aprendizado","DHO","Mat\u00e9rias"],"inLanguage":"pt-BR","potentialAction":[{"@type":"CommentAction","name":"Comment","target":["https:\/\/metarh.com.br\/metarhnews\/diversidade-geracional\/#respond"]}],"copyrightYear":"2021","copyrightHolder":{"@id":"https:\/\/metarh.com.br\/metarhnews\/#organization"}},{"@type":"WebPage","@id":"https:\/\/metarh.com.br\/metarhnews\/diversidade-geracional\/","url":"https:\/\/metarh.com.br\/metarhnews\/diversidade-geracional\/","name":"Terceira Idade no Mercado de Trabalho: Vantagens da Diversidade Geracional - METARH +News","isPartOf":{"@id":"https:\/\/metarh.com.br\/metarhnews\/#website"},"primaryImageOfPage":{"@id":"https:\/\/metarh.com.br\/metarhnews\/diversidade-geracional\/#primaryimage"},"image":{"@id":"https:\/\/metarh.com.br\/metarhnews\/diversidade-geracional\/#primaryimage"},"thumbnailUrl":"https:\/\/metarh.com.br\/metarhnews\/wp-content\/uploads\/2021\/10\/3-idade.jpg","datePublished":"2021-10-01T12:22:53+00:00","dateModified":"2026-01-21T18:57:18+00:00","description":"A import\u00e2ncia da Diversidade Geracional no ambiente de trabalho e as vantagens oferecidas por profissionais na terceira idade.","breadcrumb":{"@id":"https:\/\/metarh.com.br\/metarhnews\/diversidade-geracional\/#breadcrumb"},"inLanguage":"pt-BR","potentialAction":[{"@type":"ReadAction","target":["https:\/\/metarh.com.br\/metarhnews\/diversidade-geracional\/"]}]},{"@type":"ImageObject","inLanguage":"pt-BR","@id":"https:\/\/metarh.com.br\/metarhnews\/diversidade-geracional\/#primaryimage","url":"https:\/\/metarh.com.br\/metarhnews\/wp-content\/uploads\/2021\/10\/3-idade.jpg","contentUrl":"https:\/\/metarh.com.br\/metarhnews\/wp-content\/uploads\/2021\/10\/3-idade.jpg","width":1060,"height":700,"caption":"Terceira Idade no Mercado de Trabalho: Vantagens da Diversidade Geracional"},{"@type":"BreadcrumbList","@id":"https:\/\/metarh.com.br\/metarhnews\/diversidade-geracional\/#breadcrumb","itemListElement":[{"@type":"ListItem","position":1,"name":"In\u00edcio","item":"https:\/\/metarh.com.br\/metarhnews\/"},{"@type":"ListItem","position":2,"name":"Terceira Idade no Mercado de Trabalho: Vantagens da Diversidade Geracional"}]},{"@type":"WebSite","@id":"https:\/\/metarh.com.br\/metarhnews\/#website","url":"https:\/\/metarh.com.br\/metarhnews\/","name":"METARH +News","description":"Conte\u00fado focado em Gest\u00e3o de Pessoas","publisher":{"@id":"https:\/\/metarh.com.br\/metarhnews\/#organization"},"potentialAction":[{"@type":"SearchAction","target":{"@type":"EntryPoint","urlTemplate":"https:\/\/metarh.com.br\/metarhnews\/?s={search_term_string}"},"query-input":{"@type":"PropertyValueSpecification","valueRequired":true,"valueName":"search_term_string"}}],"inLanguage":"pt-BR"},{"@type":"Organization","@id":"https:\/\/metarh.com.br\/metarhnews\/#organization","name":"METARH +Humana","url":"https:\/\/metarh.com.br\/metarhnews\/","logo":{"@type":"ImageObject","inLanguage":"pt-BR","@id":"https:\/\/metarh.com.br\/metarhnews\/#\/schema\/logo\/image\/","url":"https:\/\/metarh.com.br\/metarhnews\/wp-content\/uploads\/2025\/02\/METARH-Azul-Horizontal.png","contentUrl":"https:\/\/metarh.com.br\/metarhnews\/wp-content\/uploads\/2025\/02\/METARH-Azul-Horizontal.png","width":1002,"height":303,"caption":"METARH +Humana"},"image":{"@id":"https:\/\/metarh.com.br\/metarhnews\/#\/schema\/logo\/image\/"},"sameAs":["https:\/\/www.facebook.com\/metarhumana","https:\/\/x.com\/metarhumana","https:\/\/www.instagram.com\/metarhumana\/","https:\/\/www.youtube.com\/@metarhumana"]},{"@type":"Person","@id":"https:\/\/metarh.com.br\/metarhnews\/#\/schema\/person\/930900bc40677695dc9df602ec0366d0","name":"METARH","image":{"@type":"ImageObject","inLanguage":"pt-BR","@id":"https:\/\/secure.gravatar.com\/avatar\/e03963382c9576f1c9989940c2d59ebc780df154afc76a079627bbbdb3dcefa1?s=96&d=mm&r=g","url":"https:\/\/secure.gravatar.com\/avatar\/e03963382c9576f1c9989940c2d59ebc780df154afc76a079627bbbdb3dcefa1?s=96&d=mm&r=g","contentUrl":"https:\/\/secure.gravatar.com\/avatar\/e03963382c9576f1c9989940c2d59ebc780df154afc76a079627bbbdb3dcefa1?s=96&d=mm&r=g","caption":"METARH"},"description":"Somos uma consultoria de recursos humanos com mais de 40 anos de mercado, ajudando empresas como a sua a encontrarem o talento certo. Nossos processos s\u00e3o focados no sucesso dos clientes sem deixar de lado a experi\u00eancia positiva das pessoas candidatas.","sameAs":["http:\/\/www.metarh.com.br","https:\/\/www.facebook.com\/metarhconsultoria","https:\/\/www.instagram.com\/metarhconsultoria\/","https:\/\/www.linkedin.com\/company\/metarhconsultoria","http:\/\/youtube.com\/@metarhconsultoria"],"url":"https:\/\/metarh.com.br\/metarhnews\/author\/editorial-metarh\/"}]}},"_links":{"self":[{"href":"https:\/\/metarh.com.br\/metarhnews\/wp-json\/wp\/v2\/posts\/5079","targetHints":{"allow":["GET"]}}],"collection":[{"href":"https:\/\/metarh.com.br\/metarhnews\/wp-json\/wp\/v2\/posts"}],"about":[{"href":"https:\/\/metarh.com.br\/metarhnews\/wp-json\/wp\/v2\/types\/post"}],"author":[{"embeddable":true,"href":"https:\/\/metarh.com.br\/metarhnews\/wp-json\/wp\/v2\/users\/4"}],"replies":[{"embeddable":true,"href":"https:\/\/metarh.com.br\/metarhnews\/wp-json\/wp\/v2\/comments?post=5079"}],"version-history":[{"count":2,"href":"https:\/\/metarh.com.br\/metarhnews\/wp-json\/wp\/v2\/posts\/5079\/revisions"}],"predecessor-version":[{"id":16984,"href":"https:\/\/metarh.com.br\/metarhnews\/wp-json\/wp\/v2\/posts\/5079\/revisions\/16984"}],"wp:featuredmedia":[{"embeddable":true,"href":"https:\/\/metarh.com.br\/metarhnews\/wp-json\/wp\/v2\/media\/14940"}],"wp:attachment":[{"href":"https:\/\/metarh.com.br\/metarhnews\/wp-json\/wp\/v2\/media?parent=5079"}],"wp:term":[{"taxonomy":"category","embeddable":true,"href":"https:\/\/metarh.com.br\/metarhnews\/wp-json\/wp\/v2\/categories?post=5079"},{"taxonomy":"post_tag","embeddable":true,"href":"https:\/\/metarh.com.br\/metarhnews\/wp-json\/wp\/v2\/tags?post=5079"}],"curies":[{"name":"wp","href":"https:\/\/api.w.org\/{rel}","templated":true}]}}